{"id":249635,"date":"2024-08-05T09:33:16","date_gmt":"2024-08-05T12:33:16","guid":{"rendered":"https:\/\/franciscanos.org.br\/noticias\/?p=249635"},"modified":"2024-08-05T16:07:09","modified_gmt":"2024-08-05T19:07:09","slug":"perdao-de-assis-em-vila-velha-reconciliados-somos-enviados-a-gerar-reconciliacao-e-paz","status":"publish","type":"post","link":"https:\/\/franciscanos.org.br\/noticias\/perdao-de-assis-em-vila-velha-reconciliados-somos-enviados-a-gerar-reconciliacao-e-paz.html","title":{"rendered":"Perd\u00e3o de Assis em Vila Velha: \u201creconciliados, somos enviados a gerar reconcilia\u00e7\u00e3o e paz\u201d"},"content":{"rendered":"<p><img loading=\"lazy\" class=\"aligncenter wp-image-249636 size-full\" src=\"https:\/\/franciscanos.org.br\/noticias\/wp-content\/uploads\/2024\/08\/materia.jpg\" alt=\"\" width=\"1280\" height=\"720\" srcset=\"https:\/\/franciscanos.org.br\/noticias\/wp-content\/uploads\/2024\/08\/materia.jpg 1280w, https:\/\/franciscanos.org.br\/noticias\/wp-content\/uploads\/2024\/08\/materia-450x253.jpg 450w, https:\/\/franciscanos.org.br\/noticias\/wp-content\/uploads\/2024\/08\/materia-1024x576.jpg 1024w, https:\/\/franciscanos.org.br\/noticias\/wp-content\/uploads\/2024\/08\/materia-768x432.jpg 768w, https:\/\/franciscanos.org.br\/noticias\/wp-content\/uploads\/2024\/08\/materia-150x84.jpg 150w\" sizes=\"(max-width: 1280px) 100vw, 1280px\" \/><\/p>\n<p>A Igrejinha de Nossa Senhora do Ros\u00e1rio, na Prainha em Vila Velha (ES), se transformou na Porci\u00fancula e acolheu centenas de fi\u00e9is para a grande festa franciscana de Santa Maria dos Anjos. A celebra\u00e7\u00e3o do Perd\u00e3o de Assis foi realizada nesta sexta-feira (2), data que recorda as origens do movimento franciscano no mundo. \u201cPara n\u00f3s franciscanos de hoje, do Estado do Esp\u00edrito Santo, assim como para os franciscanos do mundo inteiro, a Festa da Porci\u00fancula nos remete ao ber\u00e7o da Ordem, pois foi a partir da pequena igreja em Assis que S\u00e3o Francisco e seus primeiros frades se dispuseram a vencer os desafios de sair pelo mundo a anunciar o perd\u00e3o, a paz e o bem! Depois tamb\u00e9m veio Santa Clara de Assis. Que a motiva\u00e7\u00e3o que te fez vir a esta celebra\u00e7\u00e3o seja revigorada, a partir dos valores evang\u00e9licos e franciscanos\u201d, animou Frei Vanderlei da Silva Neves, p\u00e1roco da Par\u00f3quia do Ros\u00e1rio.<\/p>\n<p>Na programa\u00e7\u00e3o estava prevista uma prociss\u00e3o luminosa da Igreja do Ros\u00e1rio at\u00e9 o Campinho do Convento, onde continuaria a celebra\u00e7\u00e3o e a concess\u00e3o da Indulg\u00eancia Plen\u00e1ria, no entanto, a Irm\u00e3 Chuva (\u00e1gua) \u201cQue \u00e9 mui \u00fatil e humilde. E preciosa e casta\u201d \u2013 como recorda o C\u00e2ntico do Irm\u00e3o Sol \u2013, impossibilitou a caminhada, mas nem o frio desanimou os penitentes.<\/p>\n\n\t\t<style type=\"text\/css\">\n\t\t\t#gallery-1 {\n\t\t\t\tmargin: auto;\n\t\t\t}\n\t\t\t#gallery-1 .gallery-item {\n\t\t\t\tfloat: left;\n\t\t\t\tmargin-top: 10px;\n\t\t\t\ttext-align: center;\n\t\t\t\twidth: 33%;\n\t\t\t}\n\t\t\t#gallery-1 img {\n\t\t\t\tborder: 2px solid #cfcfcf;\n\t\t\t}\n\t\t\t#gallery-1 .gallery-caption {\n\t\t\t\tmargin-left: 0;\n\t\t\t}\n\t\t\t\/* see gallery_shortcode() in wp-includes\/media.php *\/\n\t\t<\/style>\n\t\t<div id='gallery-1' class='gallery galleryid-249635 gallery-columns-3 gallery-size-thumbnail'><dl class='gallery-item'>\n\t\t\t<dt class='gallery-icon landscape'>\n\t\t\t\t<a href='https:\/\/franciscanos.org.br\/noticias\/wp-content\/uploads\/2024\/08\/Perdao-de-Assis-2024-Rosario-35-1536x1024-1.jpg'><img width=\"300\" height=\"300\" src=\"https:\/\/franciscanos.org.br\/noticias\/wp-content\/uploads\/2024\/08\/Perdao-de-Assis-2024-Rosario-35-1536x1024-1-300x300.jpg\" class=\"attachment-thumbnail size-thumbnail\" alt=\"\" loading=\"lazy\" srcset=\"https:\/\/franciscanos.org.br\/noticias\/wp-content\/uploads\/2024\/08\/Perdao-de-Assis-2024-Rosario-35-1536x1024-1-300x300.jpg 300w, https:\/\/franciscanos.org.br\/noticias\/wp-content\/uploads\/2024\/08\/Perdao-de-Assis-2024-Rosario-35-1536x1024-1-100x100.jpg 100w\" sizes=\"(max-width: 300px) 100vw, 300px\" \/><\/a>\n\t\t\t<\/dt><\/dl><dl class='gallery-item'>\n\t\t\t<dt class='gallery-icon landscape'>\n\t\t\t\t<a href='https:\/\/franciscanos.org.br\/noticias\/wp-content\/uploads\/2024\/08\/Perdao-de-Assis-2024-Rosario-37-1536x1024-1.jpg'><img width=\"300\" height=\"300\" src=\"https:\/\/franciscanos.org.br\/noticias\/wp-content\/uploads\/2024\/08\/Perdao-de-Assis-2024-Rosario-37-1536x1024-1-300x300.jpg\" class=\"attachment-thumbnail size-thumbnail\" alt=\"\" loading=\"lazy\" srcset=\"https:\/\/franciscanos.org.br\/noticias\/wp-content\/uploads\/2024\/08\/Perdao-de-Assis-2024-Rosario-37-1536x1024-1-300x300.jpg 300w, https:\/\/franciscanos.org.br\/noticias\/wp-content\/uploads\/2024\/08\/Perdao-de-Assis-2024-Rosario-37-1536x1024-1-100x100.jpg 100w\" sizes=\"(max-width: 300px) 100vw, 300px\" \/><\/a>\n\t\t\t<\/dt><\/dl><dl class='gallery-item'>\n\t\t\t<dt class='gallery-icon landscape'>\n\t\t\t\t<a href='https:\/\/franciscanos.org.br\/noticias\/wp-content\/uploads\/2024\/08\/Perdao-de-Assis-2024-Rosario-47-1536x1024-1.jpg'><img width=\"300\" height=\"300\" src=\"https:\/\/franciscanos.org.br\/noticias\/wp-content\/uploads\/2024\/08\/Perdao-de-Assis-2024-Rosario-47-1536x1024-1-300x300.jpg\" class=\"attachment-thumbnail size-thumbnail\" alt=\"\" loading=\"lazy\" srcset=\"https:\/\/franciscanos.org.br\/noticias\/wp-content\/uploads\/2024\/08\/Perdao-de-Assis-2024-Rosario-47-1536x1024-1-300x300.jpg 300w, https:\/\/franciscanos.org.br\/noticias\/wp-content\/uploads\/2024\/08\/Perdao-de-Assis-2024-Rosario-47-1536x1024-1-100x100.jpg 100w\" sizes=\"(max-width: 300px) 100vw, 300px\" \/><\/a>\n\t\t\t<\/dt><\/dl><br style=\"clear: both\" \/>\n\t\t<\/div>\n\n<p>O evento teve in\u00edcio com c\u00e2nticos franciscanos entoados pelas crian\u00e7as e adolescentes da par\u00f3quia e pelo Frei Paulo Cesar Ferreira da Silva, vig\u00e1rio do Convento da Penha. Logo ap\u00f3s o acendimento do C\u00edrio Pascal e das velas, os fi\u00e9is foram levados a meditar a ora\u00e7\u00e3o pela paz, atribu\u00edda a S\u00e3o Francisco e firmaram um compromisso: ser no mundo um instrumento da paz de Deus. \u201cFazei-me, Senhor, instrumento da paz, da Vossa paz! A paz \u00e9 cordialidade. Quando n\u00f3s e a sociedade conseguimos transformar as rela\u00e7\u00f5es existentes de discrimina\u00e7\u00e3o e de domina\u00e7\u00e3o, em rela\u00e7\u00f5es de inclus\u00e3o e de participa\u00e7\u00e3o equitativa, em uma rede de rela\u00e7\u00f5es entre cidad\u00e3os livres que se cuidam reciprocamente e se tratam com cordialidade e de forma igualit\u00e1ria e fraterna, sonhamos juntos para alcan\u00e7armos o poss\u00edvel: a paz cotidiana, que propicia uma intensa alegria de viver. Podemos, juntos, criar condi\u00e7\u00f5es adequadas que permitam emergir e garantir a paz, a paz de Deus, a paz de Cristo Ressuscitado\u201d, enfatizou Frei Paulo durante a medita\u00e7\u00e3o da ora\u00e7\u00e3o da paz.<\/p>\n<p><img loading=\"lazy\" class=\" wp-image-249649 alignleft\" src=\"https:\/\/franciscanos.org.br\/noticias\/wp-content\/uploads\/2024\/08\/Perdao-de-Assis-2024-Rosario-63-1536x1024-1-450x300.jpg\" alt=\"\" width=\"545\" height=\"363\" srcset=\"https:\/\/franciscanos.org.br\/noticias\/wp-content\/uploads\/2024\/08\/Perdao-de-Assis-2024-Rosario-63-1536x1024-1-450x300.jpg 450w, https:\/\/franciscanos.org.br\/noticias\/wp-content\/uploads\/2024\/08\/Perdao-de-Assis-2024-Rosario-63-1536x1024-1-1024x683.jpg 1024w, https:\/\/franciscanos.org.br\/noticias\/wp-content\/uploads\/2024\/08\/Perdao-de-Assis-2024-Rosario-63-1536x1024-1-768x512.jpg 768w, https:\/\/franciscanos.org.br\/noticias\/wp-content\/uploads\/2024\/08\/Perdao-de-Assis-2024-Rosario-63-1536x1024-1-150x100.jpg 150w, https:\/\/franciscanos.org.br\/noticias\/wp-content\/uploads\/2024\/08\/Perdao-de-Assis-2024-Rosario-63-1536x1024-1.jpg 1536w\" sizes=\"(max-width: 545px) 100vw, 545px\" \/>No segundo momento, houve uma encena\u00e7\u00e3o da Impress\u00e3o das Chagas de S\u00e3o Francisco, com v\u00e1rios \u201cFranciscos e Claras\u201d crian\u00e7as. O ato marcou a celebra\u00e7\u00e3o dos 800 anos em que o Santo de Assis teve impressas em seu corpo as chagas do Serafim Alado. \u201cQuando, em 1224, S\u00e3o Francisco se abismava em profunda contempla\u00e7\u00e3o no Monte Alverne, por um admir\u00e1vel e estupendo prod\u00edgio, o Senhor Jesus imprimiu-lhe no corpo as chagas de sua paix\u00e3o\u201d. O teatro foi realizado pelo Grupo Teatral Santa Clara, com participa\u00e7\u00e3o das crian\u00e7as da catequese e perseveran\u00e7a do Santu\u00e1rio Divino Esp\u00edrito Santo.<\/p>\n<p>Na sequ\u00eancia, foi proclamado o Evangelho (Lucas 1,46-55) e a reflex\u00e3o feita pelo Frei Robson de Castro Guimar\u00e3es, que destacou: \u201cFoi nesta igrejinha que S\u00e3o Francisco, pensando com amargura nos anos e pecados do passado, sentiu a alegria do Esp\u00edrito Santo e a certeza de que estava totalmente perdoado. Por isso, pediu ao senhor Papa que todos os que entrassem nesta igrejinha, como devotos peregrinos e penitentes, participassem desta gra\u00e7a do perd\u00e3o. Quando sentires o peso do pecado e do conflito interior, acredita que a miseric\u00f3rdia do Pai, o abra\u00e7o de Cristo e a ternura do Esp\u00edrito s\u00e3o mais fortes e mais belos que todos os pecados do mundo\u201d.<\/p>\n<p>O frade contextualizou os fi\u00e9is sobre o sentido da celebra\u00e7\u00e3o do Perd\u00e3o de Assis: \u201cSegundo o testemunho de Bartolomeu de Pisa, a origem da Indulg\u00eancia da Porci\u00fancula se deu assim: Uma noite, do ano do Senhor de 1216, S\u00e3o Francisco estava compenetrado na ora\u00e7\u00e3o e na contempla\u00e7\u00e3o na igrejinha da Porci\u00fancula, perto de Assis, quando, repentinamente, a igrejinha ficou repleta de uma viv\u00edssima luz e S\u00e3o Francisco viu sobre o altar o Cristo e \u00e0 sua direita sua M\u00e3e Sant\u00edssima, circundados de uma multid\u00e3o de anjos. S\u00e3o Francisco, em sil\u00eancio e com a face por terra, adorou a seu Senhor. Perguntaram-lhe, ent\u00e3o, o que ele desejava para a salva\u00e7\u00e3o das almas. A resposta de S\u00e3o Francisco foi imediata: \u2018Sant\u00edssimo Pai, mesmo que eu seja um m\u00edsero pecador, te pe\u00e7o, que, a todos quantos arrependidos e confessados, vierem a visitar esta igreja, lhes conceda amplo e generoso perd\u00e3o, com uma completa remiss\u00e3o de todas as culpas\u2019. O Senhor lhe disse: \u2018\u00d3 Irm\u00e3o Francisco, aquilo que pedes \u00e9 grande, de coisas maiores \u00e9s digno e coisas maiores tereis: acolho, portanto, o teu pedido, mas com a condi\u00e7\u00e3o de que tu pe\u00e7as esta indulg\u00eancia, da parte minha, ao meu Vig\u00e1rio na terra (Papa)&#8217;\u201d, recordou o frade.<\/p>\n<p>Em seguida, continuou: \u201cE imediatamente, S\u00e3o Francisco se apresentou ao Pont\u00edfice Hon\u00f3rio III que, naqueles dias encontrava-se em Perusa e com candura lhe narrou a vis\u00e3o que teve. O Papa o escutou com aten\u00e7\u00e3o e, depois de alguns esclarecimentos, deu a sua aprova\u00e7\u00e3o e disse: \u2018Por quanto anos queres esta indulg\u00eancia?\u2019. S\u00e3o Francisco, destacadamente respondeu-lhe: \u2018Pai santo, n\u00e3o pe\u00e7o por anos, mas por almas\u2019. E poucos dias mais tarde, junto aos Bispos da \u00dambria, ao povo reunido na Porci\u00fancula, S\u00e3o Francisco anunciou a indulg\u00eancia plen\u00e1ria e disse entre l\u00e1grimas: \u2018Irm\u00e3os meus, quero mandar-vos todos ao para\u00edso!&#8217;\u201d, logo depois Frei Robson completou: \u201cCom este santo desejo de S\u00e3o Francisco, manifestado nestas santas palavras, pe\u00e7amos ao Senhor nosso Deus que permita-nos a cada irm\u00e3o e irm\u00e3 que sobe a Montanha Sagrada, que se torna nesta noite para n\u00f3s a Porci\u00fancula, a gra\u00e7a de rezar, meditar e buscar a indulg\u00eancia plen\u00e1ria junto a esta fraternidade franciscana e encontrar para si ou para os seus parentes e amigos defuntos o perd\u00e3o de Deus\u201d, afirmou Frei Robson.<\/p>\n<p>Ainda na partilha da Palavra, o frade elencou os desejos de S\u00e3o Francisco ao pedir a salva\u00e7\u00e3o das almas. \u201cEntrar na Porci\u00fancula, com S\u00e3o Francisco de Assis, nesta noite, \u00e9 nascer de novo, pelo Esp\u00edrito do Senhor, porque foi nesta igrejinha, que o jovem S\u00e3o Francisco, procurando descobrir a vontade do Senhor a seu respeito, escutou o Evangelho, pediu ao sacerdote que lhe explicasse e, exultando de alegria, exclamou: \u2018Isto mesmo eu quero, isto pe\u00e7o, isto anseio poder realizar com todo o cora\u00e7\u00e3o\u2019. E, passando da vida erem\u00edtica, dedicou-se ao an\u00fancio itinerante da Palavra de Deus entre o povo. Foi nesta igrejinha que S\u00e3o Francisco, embora sabendo que o Reino de Deus se encontra por todos os lugares da terra, e que a gra\u00e7a do Senhor pode ser dada em todos os lugares, foi saboreando aqui uma especial presen\u00e7a e gra\u00e7a do Deus da sua aventura evang\u00e9lica e mission\u00e1ria. Por isso, repetia: \u2018Meus filhos, tende cuidado em nunca abandonar este lugar. Se dele vos expulsarem por uma porta, entrai logo por outra, porque este lugar \u00e9 verdadeiramente santo; \u00e9 a casa de Cristo e da Virgem sua M\u00e3e&#8217;\u201d, disse.<\/p>\n\n\t\t<style type=\"text\/css\">\n\t\t\t#gallery-2 {\n\t\t\t\tmargin: auto;\n\t\t\t}\n\t\t\t#gallery-2 .gallery-item {\n\t\t\t\tfloat: left;\n\t\t\t\tmargin-top: 10px;\n\t\t\t\ttext-align: center;\n\t\t\t\twidth: 33%;\n\t\t\t}\n\t\t\t#gallery-2 img {\n\t\t\t\tborder: 2px solid #cfcfcf;\n\t\t\t}\n\t\t\t#gallery-2 .gallery-caption {\n\t\t\t\tmargin-left: 0;\n\t\t\t}\n\t\t\t\/* see gallery_shortcode() in wp-includes\/media.php *\/\n\t\t<\/style>\n\t\t<div id='gallery-2' class='gallery galleryid-249635 gallery-columns-3 gallery-size-medium'><dl class='gallery-item'>\n\t\t\t<dt class='gallery-icon landscape'>\n\t\t\t\t<a href='https:\/\/franciscanos.org.br\/noticias\/wp-content\/uploads\/2024\/08\/Perdao-de-Assis-2024-Rosario-126-1536x1024-1.jpg'><img width=\"450\" height=\"300\" src=\"https:\/\/franciscanos.org.br\/noticias\/wp-content\/uploads\/2024\/08\/Perdao-de-Assis-2024-Rosario-126-1536x1024-1-450x300.jpg\" class=\"attachment-medium size-medium\" alt=\"\" loading=\"lazy\" srcset=\"https:\/\/franciscanos.org.br\/noticias\/wp-content\/uploads\/2024\/08\/Perdao-de-Assis-2024-Rosario-126-1536x1024-1-450x300.jpg 450w, https:\/\/franciscanos.org.br\/noticias\/wp-content\/uploads\/2024\/08\/Perdao-de-Assis-2024-Rosario-126-1536x1024-1-1024x683.jpg 1024w, https:\/\/franciscanos.org.br\/noticias\/wp-content\/uploads\/2024\/08\/Perdao-de-Assis-2024-Rosario-126-1536x1024-1-768x512.jpg 768w, https:\/\/franciscanos.org.br\/noticias\/wp-content\/uploads\/2024\/08\/Perdao-de-Assis-2024-Rosario-126-1536x1024-1-150x100.jpg 150w, https:\/\/franciscanos.org.br\/noticias\/wp-content\/uploads\/2024\/08\/Perdao-de-Assis-2024-Rosario-126-1536x1024-1.jpg 1536w\" sizes=\"(max-width: 450px) 100vw, 450px\" \/><\/a>\n\t\t\t<\/dt><\/dl><dl class='gallery-item'>\n\t\t\t<dt class='gallery-icon landscape'>\n\t\t\t\t<a href='https:\/\/franciscanos.org.br\/noticias\/wp-content\/uploads\/2024\/08\/Perdao-de-Assis-2024-Rosario-128-1536x1024-1.jpg'><img width=\"450\" height=\"300\" src=\"https:\/\/franciscanos.org.br\/noticias\/wp-content\/uploads\/2024\/08\/Perdao-de-Assis-2024-Rosario-128-1536x1024-1-450x300.jpg\" class=\"attachment-medium size-medium\" alt=\"\" loading=\"lazy\" srcset=\"https:\/\/franciscanos.org.br\/noticias\/wp-content\/uploads\/2024\/08\/Perdao-de-Assis-2024-Rosario-128-1536x1024-1-450x300.jpg 450w, https:\/\/franciscanos.org.br\/noticias\/wp-content\/uploads\/2024\/08\/Perdao-de-Assis-2024-Rosario-128-1536x1024-1-1024x683.jpg 1024w, https:\/\/franciscanos.org.br\/noticias\/wp-content\/uploads\/2024\/08\/Perdao-de-Assis-2024-Rosario-128-1536x1024-1-768x512.jpg 768w, https:\/\/franciscanos.org.br\/noticias\/wp-content\/uploads\/2024\/08\/Perdao-de-Assis-2024-Rosario-128-1536x1024-1-150x100.jpg 150w, https:\/\/franciscanos.org.br\/noticias\/wp-content\/uploads\/2024\/08\/Perdao-de-Assis-2024-Rosario-128-1536x1024-1.jpg 1536w\" sizes=\"(max-width: 450px) 100vw, 450px\" \/><\/a>\n\t\t\t<\/dt><\/dl><dl class='gallery-item'>\n\t\t\t<dt class='gallery-icon landscape'>\n\t\t\t\t<a href='https:\/\/franciscanos.org.br\/noticias\/wp-content\/uploads\/2024\/08\/Perdao-de-Assis-2024-Rosario-42-1536x1024-1.jpg'><img width=\"450\" height=\"300\" src=\"https:\/\/franciscanos.org.br\/noticias\/wp-content\/uploads\/2024\/08\/Perdao-de-Assis-2024-Rosario-42-1536x1024-1-450x300.jpg\" class=\"attachment-medium size-medium\" alt=\"\" loading=\"lazy\" srcset=\"https:\/\/franciscanos.org.br\/noticias\/wp-content\/uploads\/2024\/08\/Perdao-de-Assis-2024-Rosario-42-1536x1024-1-450x300.jpg 450w, https:\/\/franciscanos.org.br\/noticias\/wp-content\/uploads\/2024\/08\/Perdao-de-Assis-2024-Rosario-42-1536x1024-1-1024x683.jpg 1024w, https:\/\/franciscanos.org.br\/noticias\/wp-content\/uploads\/2024\/08\/Perdao-de-Assis-2024-Rosario-42-1536x1024-1-768x512.jpg 768w, https:\/\/franciscanos.org.br\/noticias\/wp-content\/uploads\/2024\/08\/Perdao-de-Assis-2024-Rosario-42-1536x1024-1-150x100.jpg 150w, https:\/\/franciscanos.org.br\/noticias\/wp-content\/uploads\/2024\/08\/Perdao-de-Assis-2024-Rosario-42-1536x1024-1.jpg 1536w\" sizes=\"(max-width: 450px) 100vw, 450px\" \/><\/a>\n\t\t\t<\/dt><\/dl><br style=\"clear: both\" \/>\n\t\t<\/div>\n\n<p>Por fim, o frade do Convento da Penha pediu a todos um compromisso de abrir os bra\u00e7os e acolher cada pessoa como irm\u00e3o e irm\u00e3, porque naquela igrejinha, \u201cS\u00e3o Francisco, zeloso pelo seu privil\u00e9gio de ser pobre, responde a um irm\u00e3o: \u2018Se n\u00e3o v\u00eas outra maneira de prover \u00e0s necessidades dos irm\u00e3os, vai ao altar da Virgem e despoja-o dos seus ornamentos. Acredita, a Senhora h\u00e1-de comprazer-se mais em ver despojado o seu altar para podermos observar o Evangelho do seu Filho, do que ver adornado o altar e desprezado a Ele&#8217;\u201d, concluiu.<\/p>\n<p>Antes da b\u00ean\u00e7\u00e3o, Frei Alessandro Dias do Nascimento conduziu a renova\u00e7\u00e3o das promessas batismais e a confirma\u00e7\u00e3o da f\u00e9. O frade tamb\u00e9m absolveu os fi\u00e9is de seus pecados, no entanto, orientou que, para receber a Indulg\u00eancia Plen\u00e1ria, os fi\u00e9is precisavam tamb\u00e9m procurar a confiss\u00e3o sacramental individual. Ao final, os devotos foram aspergidos com \u00e1gua benta, enquanto cantavam:<\/p>\n<p><em>Amar como Jesus amou. Sonhar como Jesus sonhou.<\/em><\/p>\n<p><em>Pensar como Jesus pensou. Viver como Jesus viveu.<\/em><\/p>\n<p><em>Sentir o que Jesus sentia. Sorrir como Jesus sorria.<\/em><\/p>\n<p><em>E ao chegar ao fim do dia eu sei que eu dormiria muito mais feliz!<\/em><\/p>\n<p><em>Sentir o que Jesus sentia. Sorrir como Jesus sorria.<\/em><\/p>\n<p><em>E ao chegar ao fim do dia eu sei que eu dormiria muito mais feliz!<\/em><\/p>\n<p>O povo foi convidado a espalhar a alegria desta not\u00edcia: \u201cReconciliados, somos enviados a gerar reconcilia\u00e7\u00e3o!\u201d<\/p>\n<hr \/>\n<p>Cristian Oliveira<\/p>\n\n\t\t<style type=\"text\/css\">\n\t\t\t#gallery-3 {\n\t\t\t\tmargin: auto;\n\t\t\t}\n\t\t\t#gallery-3 .gallery-item {\n\t\t\t\tfloat: left;\n\t\t\t\tmargin-top: 10px;\n\t\t\t\ttext-align: center;\n\t\t\t\twidth: 25%;\n\t\t\t}\n\t\t\t#gallery-3 img {\n\t\t\t\tborder: 2px solid #cfcfcf;\n\t\t\t}\n\t\t\t#gallery-3 .gallery-caption {\n\t\t\t\tmargin-left: 0;\n\t\t\t}\n\t\t\t\/* see gallery_shortcode() in wp-includes\/media.php *\/\n\t\t<\/style>\n\t\t<div id='gallery-3' class='gallery galleryid-249635 gallery-columns-4 gallery-size-thumbnail'><dl class='gallery-item'>\n\t\t\t<dt class='gallery-icon landscape'>\n\t\t\t\t<a href='https:\/\/franciscanos.org.br\/noticias\/perdao-de-assis-em-vila-velha-reconciliados-somos-enviados-a-gerar-reconciliacao-e-paz.html\/perdao-de-assis-2024-rosario-128-1536x1024'><img width=\"300\" height=\"300\" src=\"https:\/\/franciscanos.org.br\/noticias\/wp-content\/uploads\/2024\/08\/Perdao-de-Assis-2024-Rosario-128-1536x1024-1-300x300.jpg\" class=\"attachment-thumbnail size-thumbnail\" alt=\"\" loading=\"lazy\" srcset=\"https:\/\/franciscanos.org.br\/noticias\/wp-content\/uploads\/2024\/08\/Perdao-de-Assis-2024-Rosario-128-1536x1024-1-300x300.jpg 300w, https:\/\/franciscanos.org.br\/noticias\/wp-content\/uploads\/2024\/08\/Perdao-de-Assis-2024-Rosario-128-1536x1024-1-100x100.jpg 100w\" sizes=\"(max-width: 300px) 100vw, 300px\" \/><\/a>\n\t\t\t<\/dt><\/dl><dl class='gallery-item'>\n\t\t\t<dt class='gallery-icon landscape'>\n\t\t\t\t<a href='https:\/\/franciscanos.org.br\/noticias\/perdao-de-assis-em-vila-velha-reconciliados-somos-enviados-a-gerar-reconciliacao-e-paz.html\/perdao-de-assis-2024-rosario-126-1536x1024'><img width=\"300\" height=\"300\" src=\"https:\/\/franciscanos.org.br\/noticias\/wp-content\/uploads\/2024\/08\/Perdao-de-Assis-2024-Rosario-126-1536x1024-1-300x300.jpg\" class=\"attachment-thumbnail size-thumbnail\" alt=\"\" loading=\"lazy\" srcset=\"https:\/\/franciscanos.org.br\/noticias\/wp-content\/uploads\/2024\/08\/Perdao-de-Assis-2024-Rosario-126-1536x1024-1-300x300.jpg 300w, https:\/\/franciscanos.org.br\/noticias\/wp-content\/uploads\/2024\/08\/Perdao-de-Assis-2024-Rosario-126-1536x1024-1-100x100.jpg 100w\" sizes=\"(max-width: 300px) 100vw, 300px\" \/><\/a>\n\t\t\t<\/dt><\/dl><dl class='gallery-item'>\n\t\t\t<dt class='gallery-icon landscape'>\n\t\t\t\t<a href='https:\/\/franciscanos.org.br\/noticias\/perdao-de-assis-em-vila-velha-reconciliados-somos-enviados-a-gerar-reconciliacao-e-paz.html\/perdao-de-assis-2024-rosario-39-1536x1024'><img width=\"300\" height=\"300\" src=\"https:\/\/franciscanos.org.br\/noticias\/wp-content\/uploads\/2024\/08\/Perdao-de-Assis-2024-Rosario-39-1536x1024-1-300x300.jpg\" class=\"attachment-thumbnail size-thumbnail\" alt=\"\" loading=\"lazy\" srcset=\"https:\/\/franciscanos.org.br\/noticias\/wp-content\/uploads\/2024\/08\/Perdao-de-Assis-2024-Rosario-39-1536x1024-1-300x300.jpg 300w, https:\/\/franciscanos.org.br\/noticias\/wp-content\/uploads\/2024\/08\/Perdao-de-Assis-2024-Rosario-39-1536x1024-1-100x100.jpg 100w\" sizes=\"(max-width: 300px) 100vw, 300px\" \/><\/a>\n\t\t\t<\/dt><\/dl><dl class='gallery-item'>\n\t\t\t<dt class='gallery-icon landscape'>\n\t\t\t\t<a href='https:\/\/franciscanos.org.br\/noticias\/perdao-de-assis-em-vila-velha-reconciliados-somos-enviados-a-gerar-reconciliacao-e-paz.html\/perdao-de-assis-2024-rosario-37-1536x1024'><img width=\"300\" height=\"300\" src=\"https:\/\/franciscanos.org.br\/noticias\/wp-content\/uploads\/2024\/08\/Perdao-de-Assis-2024-Rosario-37-1536x1024-1-300x300.jpg\" class=\"attachment-thumbnail size-thumbnail\" alt=\"\" loading=\"lazy\" srcset=\"https:\/\/franciscanos.org.br\/noticias\/wp-content\/uploads\/2024\/08\/Perdao-de-Assis-2024-Rosario-37-1536x1024-1-300x300.jpg 300w, https:\/\/franciscanos.org.br\/noticias\/wp-content\/uploads\/2024\/08\/Perdao-de-Assis-2024-Rosario-37-1536x1024-1-100x100.jpg 100w\" sizes=\"(max-width: 300px) 100vw, 300px\" \/><\/a>\n\t\t\t<\/dt><\/dl><br style=\"clear: both\" \/><dl class='gallery-item'>\n\t\t\t<dt class='gallery-icon landscape'>\n\t\t\t\t<a href='https:\/\/franciscanos.org.br\/noticias\/perdao-de-assis-em-vila-velha-reconciliados-somos-enviados-a-gerar-reconciliacao-e-paz.html\/perdao-de-assis-2024-rosario-35-1536x1024'><img width=\"300\" height=\"300\" src=\"https:\/\/franciscanos.org.br\/noticias\/wp-content\/uploads\/2024\/08\/Perdao-de-Assis-2024-Rosario-35-1536x1024-1-300x300.jpg\" class=\"attachment-thumbnail size-thumbnail\" alt=\"\" loading=\"lazy\" srcset=\"https:\/\/franciscanos.org.br\/noticias\/wp-content\/uploads\/2024\/08\/Perdao-de-Assis-2024-Rosario-35-1536x1024-1-300x300.jpg 300w, https:\/\/franciscanos.org.br\/noticias\/wp-content\/uploads\/2024\/08\/Perdao-de-Assis-2024-Rosario-35-1536x1024-1-100x100.jpg 100w\" sizes=\"(max-width: 300px) 100vw, 300px\" \/><\/a>\n\t\t\t<\/dt><\/dl><dl class='gallery-item'>\n\t\t\t<dt class='gallery-icon landscape'>\n\t\t\t\t<a href='https:\/\/franciscanos.org.br\/noticias\/perdao-de-assis-em-vila-velha-reconciliados-somos-enviados-a-gerar-reconciliacao-e-paz.html\/perdao-de-assis-2024-rosario-33-1536x1024'><img width=\"300\" height=\"300\" src=\"https:\/\/franciscanos.org.br\/noticias\/wp-content\/uploads\/2024\/08\/Perdao-de-Assis-2024-Rosario-33-1536x1024-1-300x300.jpg\" class=\"attachment-thumbnail size-thumbnail\" alt=\"\" loading=\"lazy\" srcset=\"https:\/\/franciscanos.org.br\/noticias\/wp-content\/uploads\/2024\/08\/Perdao-de-Assis-2024-Rosario-33-1536x1024-1-300x300.jpg 300w, https:\/\/franciscanos.org.br\/noticias\/wp-content\/uploads\/2024\/08\/Perdao-de-Assis-2024-Rosario-33-1536x1024-1-100x100.jpg 100w\" sizes=\"(max-width: 300px) 100vw, 300px\" \/><\/a>\n\t\t\t<\/dt><\/dl><dl class='gallery-item'>\n\t\t\t<dt class='gallery-icon landscape'>\n\t\t\t\t<a href='https:\/\/franciscanos.org.br\/noticias\/perdao-de-assis-em-vila-velha-reconciliados-somos-enviados-a-gerar-reconciliacao-e-paz.html\/perdao-de-assis-2024-rosario-26-1536x1024'><img width=\"300\" height=\"300\" src=\"https:\/\/franciscanos.org.br\/noticias\/wp-content\/uploads\/2024\/08\/Perdao-de-Assis-2024-Rosario-26-1536x1024-1-300x300.jpg\" class=\"attachment-thumbnail size-thumbnail\" alt=\"\" loading=\"lazy\" srcset=\"https:\/\/franciscanos.org.br\/noticias\/wp-content\/uploads\/2024\/08\/Perdao-de-Assis-2024-Rosario-26-1536x1024-1-300x300.jpg 300w, https:\/\/franciscanos.org.br\/noticias\/wp-content\/uploads\/2024\/08\/Perdao-de-Assis-2024-Rosario-26-1536x1024-1-100x100.jpg 100w\" sizes=\"(max-width: 300px) 100vw, 300px\" \/><\/a>\n\t\t\t<\/dt><\/dl><dl class='gallery-item'>\n\t\t\t<dt class='gallery-icon landscape'>\n\t\t\t\t<a href='https:\/\/franciscanos.org.br\/noticias\/perdao-de-assis-em-vila-velha-reconciliados-somos-enviados-a-gerar-reconciliacao-e-paz.html\/perdao-de-assis-2024-rosario-23-1536x1024'><img width=\"300\" height=\"300\" src=\"https:\/\/franciscanos.org.br\/noticias\/wp-content\/uploads\/2024\/08\/Perdao-de-Assis-2024-Rosario-23-1536x1024-1-300x300.jpg\" class=\"attachment-thumbnail size-thumbnail\" alt=\"\" loading=\"lazy\" srcset=\"https:\/\/franciscanos.org.br\/noticias\/wp-content\/uploads\/2024\/08\/Perdao-de-Assis-2024-Rosario-23-1536x1024-1-300x300.jpg 300w, https:\/\/franciscanos.org.br\/noticias\/wp-content\/uploads\/2024\/08\/Perdao-de-Assis-2024-Rosario-23-1536x1024-1-100x100.jpg 100w\" sizes=\"(max-width: 300px) 100vw, 300px\" \/><\/a>\n\t\t\t<\/dt><\/dl><br style=\"clear: both\" \/><dl class='gallery-item'>\n\t\t\t<dt class='gallery-icon landscape'>\n\t\t\t\t<a href='https:\/\/franciscanos.org.br\/noticias\/perdao-de-assis-em-vila-velha-reconciliados-somos-enviados-a-gerar-reconciliacao-e-paz.html\/perdao-de-assis-2024-rosario-21-1536x1024'><img width=\"300\" height=\"300\" src=\"https:\/\/franciscanos.org.br\/noticias\/wp-content\/uploads\/2024\/08\/Perdao-de-Assis-2024-Rosario-21-1536x1024-1-300x300.jpg\" class=\"attachment-thumbnail size-thumbnail\" alt=\"\" loading=\"lazy\" srcset=\"https:\/\/franciscanos.org.br\/noticias\/wp-content\/uploads\/2024\/08\/Perdao-de-Assis-2024-Rosario-21-1536x1024-1-300x300.jpg 300w, https:\/\/franciscanos.org.br\/noticias\/wp-content\/uploads\/2024\/08\/Perdao-de-Assis-2024-Rosario-21-1536x1024-1-100x100.jpg 100w\" sizes=\"(max-width: 300px) 100vw, 300px\" \/><\/a>\n\t\t\t<\/dt><\/dl><dl class='gallery-item'>\n\t\t\t<dt class='gallery-icon '>\n\t\t\t\t<a href='https:\/\/franciscanos.org.br\/noticias\/perdao-de-assis-em-vila-velha-reconciliados-somos-enviados-a-gerar-reconciliacao-e-paz.html\/essa'><img width=\"1\" height=\"1\" src=\"https:\/\/franciscanos.org.br\/noticias\/wp-content\/uploads\/2024\/08\/ESSA.jpg\" class=\"attachment-thumbnail size-thumbnail\" alt=\"\" loading=\"lazy\" \/><\/a>\n\t\t\t<\/dt><\/dl><dl class='gallery-item'>\n\t\t\t<dt class='gallery-icon landscape'>\n\t\t\t\t<a href='https:\/\/franciscanos.org.br\/noticias\/perdao-de-assis-em-vila-velha-reconciliados-somos-enviados-a-gerar-reconciliacao-e-paz.html\/materia-2'><img width=\"300\" height=\"300\" src=\"https:\/\/franciscanos.org.br\/noticias\/wp-content\/uploads\/2024\/08\/materia-300x300.jpg\" class=\"attachment-thumbnail size-thumbnail\" alt=\"\" loading=\"lazy\" srcset=\"https:\/\/franciscanos.org.br\/noticias\/wp-content\/uploads\/2024\/08\/materia-300x300.jpg 300w, https:\/\/franciscanos.org.br\/noticias\/wp-content\/uploads\/2024\/08\/materia-100x100.jpg 100w\" sizes=\"(max-width: 300px) 100vw, 300px\" \/><\/a>\n\t\t\t<\/dt><\/dl>\n\t\t\t<br style='clear: both' \/>\n\t\t<\/div>\n\n","protected":false},"excerpt":{"rendered":"<p>Crian\u00e7as e adolescentes participaram ativamente da celebra\u00e7\u00e3o<\/p>\n","protected":false},"author":11,"featured_media":249642,"comment_status":"open","ping_status":"open","sticky":false,"template":"","format":"standard","meta":[],"categories":[1],"tags":[248,1415,231],"acf":[],"yoast_head":"<!-- This site is optimized with the Yoast SEO plugin v19.2 - https:\/\/yoast.com\/wordpress\/plugins\/seo\/ -->\n<title>Perd\u00e3o de Assis em Vila Velha: \u201creconciliados, somos enviados a gerar reconcilia\u00e7\u00e3o e paz\u201d - Not\u00edcias - Franciscanos<\/title>\n<meta name=\"robots\" content=\"index, follow, max-snippet:-1, max-image-preview:large, max-video-preview:-1\" \/>\n<link rel=\"canonical\" href=\"https:\/\/franciscanos.org.br\/noticias\/perdao-de-assis-em-vila-velha-reconciliados-somos-enviados-a-gerar-reconciliacao-e-paz.html\" \/>\n<meta property=\"og:locale\" content=\"pt_BR\" \/>\n<meta property=\"og:type\" content=\"article\" \/>\n<meta property=\"og:title\" content=\"Perd\u00e3o de Assis em Vila Velha: \u201creconciliados, somos enviados a gerar reconcilia\u00e7\u00e3o e paz\u201d - Not\u00edcias - Franciscanos\" \/>\n<meta property=\"og:description\" content=\"Crian\u00e7as e adolescentes participaram ativamente da celebra\u00e7\u00e3o\" \/>\n<meta property=\"og:url\" content=\"https:\/\/franciscanos.org.br\/noticias\/perdao-de-assis-em-vila-velha-reconciliados-somos-enviados-a-gerar-reconciliacao-e-paz.html\" \/>\n<meta property=\"og:site_name\" content=\"Not\u00edcias - Franciscanos\" \/>\n<meta property=\"article:published_time\" content=\"2024-08-05T12:33:16+00:00\" \/>\n<meta property=\"article:modified_time\" content=\"2024-08-05T19:07:09+00:00\" \/>\n<meta property=\"og:image\" content=\"https:\/\/franciscanos.org.br\/noticias\/wp-content\/uploads\/2024\/08\/Perdao-de-Assis-2024-Rosario-35-1536x1024-1.jpg\" \/>\n\t<meta property=\"og:image:width\" content=\"1536\" \/>\n\t<meta property=\"og:image:height\" content=\"1024\" \/>\n\t<meta property=\"og:image:type\" content=\"image\/jpeg\" \/>\n<meta name=\"author\" content=\"Adriana Rabelo\" \/>\n<meta name=\"twitter:card\" content=\"summary_large_image\" \/>\n<meta name=\"twitter:label1\" content=\"Escrito por\" \/>\n\t<meta name=\"twitter:data1\" content=\"Adriana Rabelo\" \/>\n\t<meta name=\"twitter:label2\" content=\"Est. tempo de leitura\" \/>\n\t<meta name=\"twitter:data2\" content=\"8 minutos\" \/>\n<script type=\"application\/ld+json\" class=\"yoast-schema-graph\">{\"@context\":\"https:\/\/schema.org\",\"@graph\":[{\"@type\":\"WebSite\",\"@id\":\"https:\/\/franciscanos.org.br\/noticias\/#website\",\"url\":\"https:\/\/franciscanos.org.br\/noticias\/\",\"name\":\"Not\u00edcias - Franciscanos\",\"description\":\"Prov\u00edncia Franciscana da Imaculada Concei\u00e7\u00e3o do Brasil - Ordem dos Frades Menores - OFM\",\"potentialAction\":[{\"@type\":\"SearchAction\",\"target\":{\"@type\":\"EntryPoint\",\"urlTemplate\":\"https:\/\/franciscanos.org.br\/noticias\/?s={search_term_string}\"},\"query-input\":\"required name=search_term_string\"}],\"inLanguage\":\"pt-BR\"},{\"@type\":\"ImageObject\",\"inLanguage\":\"pt-BR\",\"@id\":\"https:\/\/franciscanos.org.br\/noticias\/perdao-de-assis-em-vila-velha-reconciliados-somos-enviados-a-gerar-reconciliacao-e-paz.html#primaryimage\",\"url\":\"https:\/\/franciscanos.org.br\/noticias\/wp-content\/uploads\/2024\/08\/Perdao-de-Assis-2024-Rosario-35-1536x1024-1.jpg\",\"contentUrl\":\"https:\/\/franciscanos.org.br\/noticias\/wp-content\/uploads\/2024\/08\/Perdao-de-Assis-2024-Rosario-35-1536x1024-1.jpg\",\"width\":1536,\"height\":1024},{\"@type\":\"WebPage\",\"@id\":\"https:\/\/franciscanos.org.br\/noticias\/perdao-de-assis-em-vila-velha-reconciliados-somos-enviados-a-gerar-reconciliacao-e-paz.html#webpage\",\"url\":\"https:\/\/franciscanos.org.br\/noticias\/perdao-de-assis-em-vila-velha-reconciliados-somos-enviados-a-gerar-reconciliacao-e-paz.html\",\"name\":\"Perd\u00e3o de Assis em Vila Velha: \u201creconciliados, somos enviados a gerar reconcilia\u00e7\u00e3o e paz\u201d - Not\u00edcias - Franciscanos\",\"isPartOf\":{\"@id\":\"https:\/\/franciscanos.org.br\/noticias\/#website\"},\"primaryImageOfPage\":{\"@id\":\"https:\/\/franciscanos.org.br\/noticias\/perdao-de-assis-em-vila-velha-reconciliados-somos-enviados-a-gerar-reconciliacao-e-paz.html#primaryimage\"},\"datePublished\":\"2024-08-05T12:33:16+00:00\",\"dateModified\":\"2024-08-05T19:07:09+00:00\",\"author\":{\"@id\":\"https:\/\/franciscanos.org.br\/noticias\/#\/schema\/person\/d9422e83121c3ad3b0f423d195f5bb25\"},\"breadcrumb\":{\"@id\":\"https:\/\/franciscanos.org.br\/noticias\/perdao-de-assis-em-vila-velha-reconciliados-somos-enviados-a-gerar-reconciliacao-e-paz.html#breadcrumb\"},\"inLanguage\":\"pt-BR\",\"potentialAction\":[{\"@type\":\"ReadAction\",\"target\":[\"https:\/\/franciscanos.org.br\/noticias\/perdao-de-assis-em-vila-velha-reconciliados-somos-enviados-a-gerar-reconciliacao-e-paz.html\"]}]},{\"@type\":\"BreadcrumbList\",\"@id\":\"https:\/\/franciscanos.org.br\/noticias\/perdao-de-assis-em-vila-velha-reconciliados-somos-enviados-a-gerar-reconciliacao-e-paz.html#breadcrumb\",\"itemListElement\":[{\"@type\":\"ListItem\",\"position\":1,\"name\":\"Home\",\"item\":\"https:\/\/franciscanos.org.br\/noticias\"},{\"@type\":\"ListItem\",\"position\":2,\"name\":\"Perd\u00e3o de Assis em Vila Velha: \u201creconciliados, somos enviados a gerar reconcilia\u00e7\u00e3o e paz\u201d\"}]},{\"@type\":\"Person\",\"@id\":\"https:\/\/franciscanos.org.br\/noticias\/#\/schema\/person\/d9422e83121c3ad3b0f423d195f5bb25\",\"name\":\"Adriana Rabelo\",\"image\":{\"@type\":\"ImageObject\",\"inLanguage\":\"pt-BR\",\"@id\":\"https:\/\/franciscanos.org.br\/noticias\/#\/schema\/person\/image\/\",\"url\":\"https:\/\/secure.gravatar.com\/avatar\/0a937b7500cd7df77540cfb8bede877d?s=96&d=mm&r=g\",\"contentUrl\":\"https:\/\/secure.gravatar.com\/avatar\/0a937b7500cd7df77540cfb8bede877d?s=96&d=mm&r=g\",\"caption\":\"Adriana Rabelo\"},\"url\":\"https:\/\/franciscanos.org.br\/noticias\/author\/adrianarabelo\"}]}<\/script>\n<!-- \/ Yoast SEO plugin. -->","yoast_head_json":{"title":"Perd\u00e3o de Assis em Vila Velha: \u201creconciliados, somos enviados a gerar reconcilia\u00e7\u00e3o e paz\u201d - Not\u00edcias - Franciscanos","robots":{"index":"index","follow":"follow","max-snippet":"max-snippet:-1","max-image-preview":"max-image-preview:large","max-video-preview":"max-video-preview:-1"},"canonical":"https:\/\/franciscanos.org.br\/noticias\/perdao-de-assis-em-vila-velha-reconciliados-somos-enviados-a-gerar-reconciliacao-e-paz.html","og_locale":"pt_BR","og_type":"article","og_title":"Perd\u00e3o de Assis em Vila Velha: \u201creconciliados, somos enviados a gerar reconcilia\u00e7\u00e3o e paz\u201d - Not\u00edcias - Franciscanos","og_description":"Crian\u00e7as e adolescentes participaram ativamente da celebra\u00e7\u00e3o","og_url":"https:\/\/franciscanos.org.br\/noticias\/perdao-de-assis-em-vila-velha-reconciliados-somos-enviados-a-gerar-reconciliacao-e-paz.html","og_site_name":"Not\u00edcias - Franciscanos","article_published_time":"2024-08-05T12:33:16+00:00","article_modified_time":"2024-08-05T19:07:09+00:00","og_image":[{"width":1536,"height":1024,"url":"https:\/\/franciscanos.org.br\/noticias\/wp-content\/uploads\/2024\/08\/Perdao-de-Assis-2024-Rosario-35-1536x1024-1.jpg","type":"image\/jpeg"}],"author":"Adriana Rabelo","twitter_card":"summary_large_image","twitter_misc":{"Escrito por":"Adriana Rabelo","Est. tempo de leitura":"8 minutos"},"schema":{"@context":"https:\/\/schema.org","@graph":[{"@type":"WebSite","@id":"https:\/\/franciscanos.org.br\/noticias\/#website","url":"https:\/\/franciscanos.org.br\/noticias\/","name":"Not\u00edcias - Franciscanos","description":"Prov\u00edncia Franciscana da Imaculada Concei\u00e7\u00e3o do Brasil - Ordem dos Frades Menores - OFM","potentialAction":[{"@type":"SearchAction","target":{"@type":"EntryPoint","urlTemplate":"https:\/\/franciscanos.org.br\/noticias\/?s={search_term_string}"},"query-input":"required name=search_term_string"}],"inLanguage":"pt-BR"},{"@type":"ImageObject","inLanguage":"pt-BR","@id":"https:\/\/franciscanos.org.br\/noticias\/perdao-de-assis-em-vila-velha-reconciliados-somos-enviados-a-gerar-reconciliacao-e-paz.html#primaryimage","url":"https:\/\/franciscanos.org.br\/noticias\/wp-content\/uploads\/2024\/08\/Perdao-de-Assis-2024-Rosario-35-1536x1024-1.jpg","contentUrl":"https:\/\/franciscanos.org.br\/noticias\/wp-content\/uploads\/2024\/08\/Perdao-de-Assis-2024-Rosario-35-1536x1024-1.jpg","width":1536,"height":1024},{"@type":"WebPage","@id":"https:\/\/franciscanos.org.br\/noticias\/perdao-de-assis-em-vila-velha-reconciliados-somos-enviados-a-gerar-reconciliacao-e-paz.html#webpage","url":"https:\/\/franciscanos.org.br\/noticias\/perdao-de-assis-em-vila-velha-reconciliados-somos-enviados-a-gerar-reconciliacao-e-paz.html","name":"Perd\u00e3o de Assis em Vila Velha: \u201creconciliados, somos enviados a gerar reconcilia\u00e7\u00e3o e paz\u201d - Not\u00edcias - Franciscanos","isPartOf":{"@id":"https:\/\/franciscanos.org.br\/noticias\/#website"},"primaryImageOfPage":{"@id":"https:\/\/franciscanos.org.br\/noticias\/perdao-de-assis-em-vila-velha-reconciliados-somos-enviados-a-gerar-reconciliacao-e-paz.html#primaryimage"},"datePublished":"2024-08-05T12:33:16+00:00","dateModified":"2024-08-05T19:07:09+00:00","author":{"@id":"https:\/\/franciscanos.org.br\/noticias\/#\/schema\/person\/d9422e83121c3ad3b0f423d195f5bb25"},"breadcrumb":{"@id":"https:\/\/franciscanos.org.br\/noticias\/perdao-de-assis-em-vila-velha-reconciliados-somos-enviados-a-gerar-reconciliacao-e-paz.html#breadcrumb"},"inLanguage":"pt-BR","potentialAction":[{"@type":"ReadAction","target":["https:\/\/franciscanos.org.br\/noticias\/perdao-de-assis-em-vila-velha-reconciliados-somos-enviados-a-gerar-reconciliacao-e-paz.html"]}]},{"@type":"BreadcrumbList","@id":"https:\/\/franciscanos.org.br\/noticias\/perdao-de-assis-em-vila-velha-reconciliados-somos-enviados-a-gerar-reconciliacao-e-paz.html#breadcrumb","itemListElement":[{"@type":"ListItem","position":1,"name":"Home","item":"https:\/\/franciscanos.org.br\/noticias"},{"@type":"ListItem","position":2,"name":"Perd\u00e3o de Assis em Vila Velha: \u201creconciliados, somos enviados a gerar reconcilia\u00e7\u00e3o e paz\u201d"}]},{"@type":"Person","@id":"https:\/\/franciscanos.org.br\/noticias\/#\/schema\/person\/d9422e83121c3ad3b0f423d195f5bb25","name":"Adriana Rabelo","image":{"@type":"ImageObject","inLanguage":"pt-BR","@id":"https:\/\/franciscanos.org.br\/noticias\/#\/schema\/person\/image\/","url":"https:\/\/secure.gravatar.com\/avatar\/0a937b7500cd7df77540cfb8bede877d?s=96&d=mm&r=g","contentUrl":"https:\/\/secure.gravatar.com\/avatar\/0a937b7500cd7df77540cfb8bede877d?s=96&d=mm&r=g","caption":"Adriana Rabelo"},"url":"https:\/\/franciscanos.org.br\/noticias\/author\/adrianarabelo"}]}},"_links":{"self":[{"href":"https:\/\/franciscanos.org.br\/noticias\/wp-json\/wp\/v2\/posts\/249635"}],"collection":[{"href":"https:\/\/franciscanos.org.br\/noticias\/wp-json\/wp\/v2\/posts"}],"about":[{"href":"https:\/\/franciscanos.org.br\/noticias\/wp-json\/wp\/v2\/types\/post"}],"author":[{"embeddable":true,"href":"https:\/\/franciscanos.org.br\/noticias\/wp-json\/wp\/v2\/users\/11"}],"replies":[{"embeddable":true,"href":"https:\/\/franciscanos.org.br\/noticias\/wp-json\/wp\/v2\/comments?post=249635"}],"version-history":[{"count":7,"href":"https:\/\/franciscanos.org.br\/noticias\/wp-json\/wp\/v2\/posts\/249635\/revisions"}],"predecessor-version":[{"id":249738,"href":"https:\/\/franciscanos.org.br\/noticias\/wp-json\/wp\/v2\/posts\/249635\/revisions\/249738"}],"wp:featuredmedia":[{"embeddable":true,"href":"https:\/\/franciscanos.org.br\/noticias\/wp-json\/wp\/v2\/media\/249642"}],"wp:attachment":[{"href":"https:\/\/franciscanos.org.br\/noticias\/wp-json\/wp\/v2\/media?parent=249635"}],"wp:term":[{"taxonomy":"category","embeddable":true,"href":"https:\/\/franciscanos.org.br\/noticias\/wp-json\/wp\/v2\/categories?post=249635"},{"taxonomy":"post_tag","embeddable":true,"href":"https:\/\/franciscanos.org.br\/noticias\/wp-json\/wp\/v2\/tags?post=249635"}],"curies":[{"name":"wp","href":"https:\/\/api.w.org\/{rel}","templated":true}]}}