{"id":249604,"date":"2024-08-01T11:11:23","date_gmt":"2024-08-01T14:11:23","guid":{"rendered":"https:\/\/franciscanos.org.br\/noticias\/?p=249604"},"modified":"2024-08-02T12:04:51","modified_gmt":"2024-08-02T15:04:51","slug":"perdao-de-assis-2024-celebracoes-inauguradas-por-ocasiao-da-solenidade-franciscana","status":"publish","type":"post","link":"https:\/\/franciscanos.org.br\/noticias\/perdao-de-assis-2024-celebracoes-inauguradas-por-ocasiao-da-solenidade-franciscana.html","title":{"rendered":"Perd\u00e3o de Assis 2024: Celebra\u00e7\u00f5es inauguradas por ocasi\u00e3o da solenidade franciscana"},"content":{"rendered":"<p><img loading=\"lazy\" class=\"aligncenter wp-image-249605 size-full\" src=\"https:\/\/franciscanos.org.br\/noticias\/wp-content\/uploads\/2024\/08\/Perdon_Assisi_2024-7-1.jpg\" alt=\"\" width=\"1920\" height=\"1440\" srcset=\"https:\/\/franciscanos.org.br\/noticias\/wp-content\/uploads\/2024\/08\/Perdon_Assisi_2024-7-1.jpg 1440w, https:\/\/franciscanos.org.br\/noticias\/wp-content\/uploads\/2024\/08\/Perdon_Assisi_2024-7-1-450x338.jpg 450w, https:\/\/franciscanos.org.br\/noticias\/wp-content\/uploads\/2024\/08\/Perdon_Assisi_2024-7-1-1024x768.jpg 1024w, https:\/\/franciscanos.org.br\/noticias\/wp-content\/uploads\/2024\/08\/Perdon_Assisi_2024-7-1-768x576.jpg 768w, https:\/\/franciscanos.org.br\/noticias\/wp-content\/uploads\/2024\/08\/Perdon_Assisi_2024-7-1-1536x1152.jpg 1536w, https:\/\/franciscanos.org.br\/noticias\/wp-content\/uploads\/2024\/08\/Perdon_Assisi_2024-7-1-150x113.jpg 150w, https:\/\/franciscanos.org.br\/noticias\/wp-content\/uploads\/2024\/08\/Perdon_Assisi_2024-7-1-600x450.jpg 600w\" sizes=\"(max-width: 1920px) 100vw, 1920px\" \/><\/p>\n<p>Com a celebra\u00e7\u00e3o da Eucaristia na Bas\u00edlica de Santa Maria degli Angeli, foi iniciado oficialmente no dia 1\u00ba de agosto o <strong>Perd\u00e3o de Assis<\/strong>\u00a0, que permitir\u00e1 a obten\u00e7\u00e3o da\u00a0<strong>indulg\u00eancia plen\u00e1ria<\/strong>\u00a0at\u00e9 a meia-noite do dia 2 de agosto em todas as igrejas paroquiais e franciscanas do mundo.<\/p>\n<p>Frei Massimo Fusarelli , Ministro geral da Ordem dos Frades Menores, na sua homilia centrou-se na liga\u00e7\u00e3o entre a Virgem Maria, o Cristo Crucificado e a miseric\u00f3rdia do Pai, recordando as palavras de S\u00e3o Boaventura, cujo anivers\u00e1rio este ano marca 750\u00b0. anivers\u00e1rio da morte. Foi precisamente a rela\u00e7\u00e3o com o Crucifixo que marcou a vida de Francisco: \u201cDesde o in\u00edcio, na pequena igreja de S\u00e3o Dami\u00e3o, at\u00e9 aos Estigmas, dos quais celebramos o oitavo centen\u00e1rio. Jesus crucificado chama-o a reconstruir a sua casa, a Igreja, que estava completamente em ru\u00ednas. Francisco far\u00e1 com o testemunho de uma vida radicalmente fiel a Ele e ao seu Evangelho. Alcan\u00e7ado pela palavra iluminadora e pelo amor transformador de Cristo Crucificado, ele come\u00e7a a perceber que ele \u00e9, antes de tudo, aquela casa a ser reparada na qual Jesus quer ser acolhido para ali viver permanentemente, como nos lembra Boaventura&#8221;, disse o Ministro , que prosseguiu recordando como o Perd\u00e3o de Assis nos chama \u00aba um novo passo na convers\u00e3o permanente e radical ao Senhor Jesus, para nos tornarmos a sua casa est\u00e1vel e para podermos reparar a casa de muitas vidas e comunidades, de muitas situa\u00e7\u00f5es e muitas pessoas que v\u00e3o para a ru\u00edna na Igreja e no mundo\u201d.<\/p>\n<p>Frei Massimo, citando a enc\u00edclica <i>Fratelli tutti<\/i>\u00a0do Papa Francisco , referiu-se \u00e0 experi\u00eancia de alegria que vem da reconcilia\u00e7\u00e3o, da repara\u00e7\u00e3o de uma rela\u00e7\u00e3o \u201cem ru\u00ednas\u201d, da reconstru\u00e7\u00e3o de um v\u00ednculo perdido.<\/p>\n<p>Imediatamente ap\u00f3s a celebra\u00e7\u00e3o, o Ministro Geral da OFM entrou na\u00a0Porci\u00fancula\u00a0, que acolher\u00e1 fi\u00e9is e peregrinos, incluindo os jovens e fam\u00edlias da\u00a0Marcha Franciscana\u00a0que chegar\u00e3o no dia 2 de agosto. Tamb\u00e9m amanh\u00e3, \u00e0 noite,\u00a0ter\u00e1 lugar na pra\u00e7a da Porci\u00fancula o espet\u00e1culo teatral &#8220;Fra'&#8221; do ator romano\u00a0Giovanni Scifoni\u00a0, que interpreta o Pobrezinho de Assis em tom pessoal e contempor\u00e2neo, alegre e reflexivo, que est\u00e1 fazendo grande sucesso nos teatros da It\u00e1lia.<\/p>\n<p><strong>Como S\u00e3o Francisco pediu e obteve a Indulg\u00eancia da Porci\u00fancula<\/strong><\/p>\n<p>Uma\u00a0noite do ano do Senhor de 1216, Francisco estava imerso em ora\u00e7\u00e3o e contempla\u00e7\u00e3o na igrejinha da Porci\u00fancula, quando de repente uma luz muito brilhante inundou a igrejinha e Francisco viu Cristo coberto de luz acima do altar e \u00e0 sua direita sua M\u00e3e Sant\u00edssima, rodeada por uma multid\u00e3o de Anjos. Francisco adorou o seu Senhor em sil\u00eancio com o rosto no ch\u00e3o! Perguntaram-lhe ent\u00e3o o que ele queria para a salva\u00e7\u00e3o das almas. A resposta de Francisco foi imediata: \u201cSanto Padre, embora eu seja um miser\u00e1vel e pecador, pe\u00e7o-lhe que conceda amplo e generoso perd\u00e3o a todos aqueles que se arrependem e confessam que v\u00eam visitar esta igreja, com a completa remiss\u00e3o de todos os pecados\u201d. .<\/p>\n<p>\u201cO que voc\u00ea pede, Irm\u00e3o Francisco, \u00e9 grande \u2013 disse-lhe o Senhor \u2013 mas voc\u00ea \u00e9 digno de coisas maiores e ter\u00e1 coisas maiores. Portanto, acolho a sua ora\u00e7\u00e3o, mas com a condi\u00e7\u00e3o de que voc\u00ea pe\u00e7a ao meu vig\u00e1rio na terra esta indulg\u00eancia em meu nome\u201d. E Francisco apresentou-se imediatamente ao Papa Hon\u00f3rio III, que naqueles dias estava em Perugia, e contou-lhe com franqueza a vis\u00e3o que teve. O Papa ouviu-o com aten\u00e7\u00e3o e depois de alguma dificuldade deu a sua aprova\u00e7\u00e3o. A\u00ed ele disse: \u201cPor quantos anos voc\u00ea quer essa indulg\u00eancia?\u201d.<\/p>\n<p>Francisco retrucou e respondeu: \u201cSanto Padre, n\u00e3o pe\u00e7o anos, mas almas\u201d. E felizmente caminhou em dire\u00e7\u00e3o \u00e0 porta, mas o Pont\u00edfice o chamou: \u201cO qu\u00ea, voc\u00ea n\u00e3o quer nenhum documento?\u201d. E Francisco: \u201cSanto Padre, a tua palavra me basta! Se esta indulg\u00eancia for obra de Deus, Ele pensar\u00e1 em manifestar a sua obra; N\u00e3o preciso de nenhum documento, este papel deve ser da Sant\u00edssima Virgem Maria, Cristo o not\u00e1rio e os Anjos as testemunhas\u201d. E poucos dias depois, juntamente com os Bispos da \u00dambria e o povo reunido na Porci\u00fancula, disse entre l\u00e1grimas: \u201cMeus irm\u00e3os, quero enviar-vos todos para o C\u00e9u!\u201d.<\/p>\n<p><i>(De \u201cO Diploma de Teobaldo\u201d)<\/i><\/p>\n<p><strong>O dom da Indulg\u00eancia<\/strong><br \/>\nA indulg\u00eancia \u00e9 a remiss\u00e3o diante de Deus da pena temporal dos pecados, j\u00e1 perdoados em termos de culpa, que o fiel, devidamente disposto e sob certas condi\u00e7\u00f5es, adquire atrav\u00e9s da interven\u00e7\u00e3o da Igreja, que, como ministra da reden\u00e7\u00e3o, dispensa e aplica com autoridade o tesouro das satisfa\u00e7\u00f5es de Cristo e dos Santos.<\/p>\n<p><strong>Condi\u00e7\u00f5es para receber a Indulg\u00eancia da Porci\u00fancula<\/strong><br \/>\n<i>(para si ou para o falecido)<\/i><\/p>\n<p><strong>Confiss\u00e3o<\/strong>\u00a0sacramental na gra\u00e7a de Deus (nos oito dias anteriores ou seguintes);<\/p>\n<p>Participa\u00e7\u00e3o na Missa e\u00a0<strong>Comunh\u00e3o<\/strong>\u00a0Eucar\u00edstica ;<\/p>\n<p><strong>Visita<\/strong>\u00a0\u00e0 igreja da Porci\u00fancula ou a uma igreja franciscana no mundo ou a uma igreja paroquial, onde se renova a profiss\u00e3o de f\u00e9, atrav\u00e9s da recita\u00e7\u00e3o do\u00a0<strong>Credo<\/strong>\u00a0, para reafirmar a identidade crist\u00e3;<\/p>\n<p>A recita\u00e7\u00e3o do\u00a0<strong>Pai Nosso<\/strong>\u00a0, para reafirmar a dignidade de filhos de Deus, recebidos no Batismo;<\/p>\n<p>Uma ora\u00e7\u00e3o segundo as inten\u00e7\u00f5es do\u00a0<strong>Papa<\/strong>\u00a0, para reafirmar a perten\u00e7a \u00e0 Igreja, cujo fundamento e centro vis\u00edvel de unidade \u00e9 o Romano Pont\u00edfice.<\/p>\n<p>Segue abaixo a homilia de Frei Massimo Fusarelli<\/p>\n<p><strong>Homilia do dia 1\u00b0 de agosto de 2024 pela abertura da porta da Porziuncola (Perd\u00e3o de Assis)<\/strong><\/p>\n<p>1-Francisco, habitando na Porziuncola, &#8220;suplicava insistentemente com gemidos cont\u00ednuos \u00e0quela que concebeu o Verbo cheio de gra\u00e7a e de verdade, para que se dignasse a ser sua <strong>advogada<\/strong>, e pelos m\u00e9ritos da <strong>M\u00e3e da miseric\u00f3rdia<\/strong>, ele mesmo concebeu e trouxe \u00e0 luz o esp\u00edrito da verdade evang\u00e9lica&#8221; (Legenda Maior III, 1 FF 1051). Assim nos diz S\u00e3o Boaventura de Bagnoregio, do qual lembramos os 750 anos de sua morte. Para isso, ele recorre \u00e0 met\u00e1fora do trono da gra\u00e7a e da miseric\u00f3rdia e nos apresenta a Virgem Maria (em refer\u00eancia \u00e0 gra\u00e7a) e \u00e0 cruz de Cristo (em refer\u00eancia \u00e0 miseric\u00f3rdia). Citando integralmente o texto de Hb 4,16, ele diz:<\/p>\n<p>&#8220;Aproximemo-nos com confian\u00e7a do trono de Sua gra\u00e7a, para receber miseric\u00f3rdia e encontrar gra\u00e7a em tempo oportuno. O trono da gra\u00e7a \u00e9 a Virgem Maria; o trono da miseric\u00f3rdia \u00e9 a cruz de Cristo. Como somos miser\u00e1veis, precisamos da miseric\u00f3rdia; como somos pecadores, precisamos da gra\u00e7a; portanto, aproximemo-nos&#8221; (Sermo 19. Feria sexta em Parasceve, 1: OSB XIII\/1, p. 317).<\/p>\n<p>Enquanto atravessamos a porta da Porziuncola, &#8220;Aproximemo-nos com confian\u00e7a do trono de Sua gra\u00e7a. Assim, portanto, nos aparece antes de tudo o Pai das miseric\u00f3rdias, a m\u00e3e das miseric\u00f3rdias, e o Filho, que \u00e9 a luz das miseric\u00f3rdias&#8221; (Collatio I, 5: OSB VI\/2, pp. 131.133).<\/p>\n<p>Deixemo-nos alcan\u00e7ar pela miseric\u00f3rdia do Pai que nos aguarda mais uma vez neste Perd\u00e3o de Assis, que encontra na Virgem Maria um passaporte muito importante.<\/p>\n<p>2-Esta miseric\u00f3rdia nos toca na<strong> rela\u00e7\u00e3o com o<\/strong> <strong>Cristo Crucificado<\/strong>, que marcou S\u00e3o Francisco desde o in\u00edcio na igrejinha de S\u00e3o Dami\u00e3o at\u00e9 os <strong>Estigmas<\/strong>, que celebramos no Oitavo Centen\u00e1rio. Jesus Crucificado o chama a reconstruir sua casa, a Igreja, que estava completamente em ru\u00ednas. Francisco o far\u00e1 com o testemunho de uma vida radicalmente fiel a Ele e ao seu Evangelho. Alcan\u00e7ado pela palavra iluminadora e pelo amor transformador de Cristo Crucificado, ele come\u00e7a a perceber que \u00e9 ele, em primeiro lugar, aquela casa a ser reparada na qual Jesus deseja ser acolhido para habitar permanentemente, como nos lembra Boaventura (Lm II,1 FF 1038).<\/p>\n<p>Com o Perd\u00e3o de Assis, somos chamados a um novo passo na convers\u00e3o permanente e radical ao Senhor Jesus, para nos tornarmos sua morada est\u00e1vel e poder reparar a casa de tantas vidas e comunidades, de tantas situa\u00e7\u00f5es e tantas pessoas que\u00a0 &#8220;est\u00e3o em ru\u00ednas&#8221; na Igreja e no mundo.<\/p>\n<p>Reconhecemos o quanto \u00e9 necess\u00e1rio deixar-se purificar, lavar, tocar, conquistar pelo amor de Jesus Crucificado. Sobre isso, Boaventura escreve, sempre na homilia mencionada acima:<\/p>\n<p>&#8220;E em outro trecho do Apocalipse: Ele nos amou e nos lavou em seu sangue de nossos pecados. Mas de que forma ele me lavou, visto que n\u00e3o me toca? Isso \u00e9 verdade fisicamente, por isso deve nos tocar espiritualmente, e ele nos toca se n\u00f3s nos aderimos a ele por f\u00e9, esperan\u00e7a, amor e compaix\u00e3o; caso contr\u00e1rio, n\u00e3o te lava&#8221; (Sermo 19. Feria sexta em Parasceve, 4: OSB XIII\/1, p. 319).<\/p>\n<p>3.Ultrapassar a porta do Perd\u00e3o nos oferece a experi\u00eancia da alegria que se sente quando se experimenta o perd\u00e3o do Senhor Jesus, que renova profundamente toda a pessoa, a &#8220;reconstr\u00f3i&#8221; e d\u00e1 a for\u00e7a para &#8220;reparar\/reconstruir\/renovar&#8221; relacionamentos de amor, amizade, fraternidade que foram interrompidos, tra\u00eddos, deturpados. Muito frequentemente, tudo isso parece imposs\u00edvel e a alegria aparece apenas como uma remota ilus\u00e3o. O Papa Francisco, na enc\u00edclica &#8220;Fratelli tutti&#8221;, diz que<\/p>\n<p>&#8220;Alguns preferem n\u00e3o falar de reconcilia\u00e7\u00e3o, porque acreditam que o conflito, a viol\u00eancia e as fraturas fazem parte do funcionamento normal de uma sociedade&#8230; Outros sustentam que admitir o perd\u00e3o equivale a ceder seu espa\u00e7o para que outros dominem a situa\u00e7\u00e3o&#8230; Outros acreditam que a reconcilia\u00e7\u00e3o \u00e9 uma coisa de fracos&#8230; incapazes de enfrentar os problemas, preferem uma paz aparente&#8221; (FT 236).<\/p>\n<p>Talvez algum sentimento desse tipo esteja tamb\u00e9m presente em n\u00f3s, que nos preparamos para ultrapassar a porta da Porziuncola. O dom da indulg\u00eancia nos recorda que o caminho em dire\u00e7\u00e3o ao Perd\u00e3o \u00e9 laborioso e requer muito tempo. O Senhor nos abre mais uma vez esta porta para nos permitir dar um passo a mais. Sempre o Papa Francisco nos lembra com muito tato e verdade prof\u00e9tica, em tempos de conflitos:<\/p>\n<p>&#8220;Quantos perdoam de verdade n\u00e3o esquecem, mas renunciam a serem dominados pela mesma for\u00e7a destrutiva que lhes causou mal[&#8230;] decidem n\u00e3o continuar a injetar na sociedade a energia da vingan\u00e7a[&#8230;]. A vingan\u00e7a n\u00e3o resolve nada&#8221; (FT 251).<\/p>\n<p>N\u00e3o s\u00f3. O simbolismo da porta aberta diz qu\u00e3o vital \u00e9 empenhar-se em abrir &#8220;portas&#8221; e &#8220;cora\u00e7\u00f5es&#8221; para a acolhida, solidariedade, di\u00e1logo, comunica\u00e7\u00e3o e comunh\u00e3o, reconcilia\u00e7\u00e3o, perd\u00e3o e paz, e para isso deixar cair barreiras, muros e fronteiras que apenas em apar\u00eancia nos defendem.<\/p>\n<p>Tamb\u00e9m diz qu\u00e3o vital \u00e9 &#8220;abrir-se&#8221; a um testemunho mais fresco e prof\u00e9tico do Evangelho, para que a Igreja peregrina na terra esteja &#8220;em sa\u00edda&#8221;, entre as pessoas de hoje, capaz de escutar e dialogar para caminhar juntas.<\/p>\n<p>Al\u00e9m disso, diz qu\u00e3o vital \u00e9 &#8220;abrir&#8221; com a coragem da esperan\u00e7a novos caminhos de testemunho e evangeliza\u00e7\u00e3o, olhando para a via aberta por Francisco de Assis.<\/p>\n<p>Tudo isso pode acontecer em nome de Jesus Cristo, Filho de Deus e nosso irm\u00e3o, que com o Pai e no Esp\u00edrito Santo \u00e9 bendito pelos s\u00e9culos dos s\u00e9culos. Am\u00e9m.<\/p>\n<p><a href=\"https:\/\/franciscanos.org.br\/banca\/wp-content\/uploads\/2024\/08\/Homilia-Frei-Massimo-Fusarelli-Ministro-geral-Perdao-de-Assis-.pdf\"><span style=\"color: #000080;\"><strong>Leia a homilia de Frei Massimo Fusarelli<\/strong><\/span><\/a><\/p>\n<p>&nbsp;<\/p>\n<hr \/>\n<p>Fonte: <a href=\"https:\/\/www.ofm.org\/perdono-di-assisi-2024.html\">https:\/\/www.ofm.org\/perdono-di-assisi-2024.html<\/a><\/p>\n\n\t\t<style type=\"text\/css\">\n\t\t\t#gallery-1 {\n\t\t\t\tmargin: auto;\n\t\t\t}\n\t\t\t#gallery-1 .gallery-item {\n\t\t\t\tfloat: left;\n\t\t\t\tmargin-top: 10px;\n\t\t\t\ttext-align: center;\n\t\t\t\twidth: 25%;\n\t\t\t}\n\t\t\t#gallery-1 img {\n\t\t\t\tborder: 2px solid #cfcfcf;\n\t\t\t}\n\t\t\t#gallery-1 .gallery-caption {\n\t\t\t\tmargin-left: 0;\n\t\t\t}\n\t\t\t\/* see gallery_shortcode() in wp-includes\/media.php *\/\n\t\t<\/style>\n\t\t<div id='gallery-1' class='gallery galleryid-249604 gallery-columns-4 gallery-size-thumbnail'><dl class='gallery-item'>\n\t\t\t<dt class='gallery-icon portrait'>\n\t\t\t\t<a href='https:\/\/franciscanos.org.br\/noticias\/wp-content\/uploads\/2024\/08\/Perdon_Assisi_2024-1.jpg'><img width=\"300\" height=\"300\" src=\"https:\/\/franciscanos.org.br\/noticias\/wp-content\/uploads\/2024\/08\/Perdon_Assisi_2024-1-300x300.jpg\" class=\"attachment-thumbnail size-thumbnail\" alt=\"\" loading=\"lazy\" srcset=\"https:\/\/franciscanos.org.br\/noticias\/wp-content\/uploads\/2024\/08\/Perdon_Assisi_2024-1-300x300.jpg 300w, https:\/\/franciscanos.org.br\/noticias\/wp-content\/uploads\/2024\/08\/Perdon_Assisi_2024-1-100x100.jpg 100w\" sizes=\"(max-width: 300px) 100vw, 300px\" \/><\/a>\n\t\t\t<\/dt><\/dl><dl class='gallery-item'>\n\t\t\t<dt class='gallery-icon portrait'>\n\t\t\t\t<a href='https:\/\/franciscanos.org.br\/noticias\/wp-content\/uploads\/2024\/08\/Perdon_Assisi_2024-2.jpg'><img width=\"300\" height=\"300\" src=\"https:\/\/franciscanos.org.br\/noticias\/wp-content\/uploads\/2024\/08\/Perdon_Assisi_2024-2-300x300.jpg\" class=\"attachment-thumbnail size-thumbnail\" alt=\"\" loading=\"lazy\" srcset=\"https:\/\/franciscanos.org.br\/noticias\/wp-content\/uploads\/2024\/08\/Perdon_Assisi_2024-2-300x300.jpg 300w, https:\/\/franciscanos.org.br\/noticias\/wp-content\/uploads\/2024\/08\/Perdon_Assisi_2024-2-100x100.jpg 100w\" sizes=\"(max-width: 300px) 100vw, 300px\" \/><\/a>\n\t\t\t<\/dt><\/dl><dl class='gallery-item'>\n\t\t\t<dt class='gallery-icon portrait'>\n\t\t\t\t<a href='https:\/\/franciscanos.org.br\/noticias\/wp-content\/uploads\/2024\/08\/Perdon_Assisi_2024-4.jpg'><img width=\"300\" height=\"300\" src=\"https:\/\/franciscanos.org.br\/noticias\/wp-content\/uploads\/2024\/08\/Perdon_Assisi_2024-4-300x300.jpg\" class=\"attachment-thumbnail size-thumbnail\" alt=\"\" loading=\"lazy\" srcset=\"https:\/\/franciscanos.org.br\/noticias\/wp-content\/uploads\/2024\/08\/Perdon_Assisi_2024-4-300x300.jpg 300w, https:\/\/franciscanos.org.br\/noticias\/wp-content\/uploads\/2024\/08\/Perdon_Assisi_2024-4-100x100.jpg 100w\" sizes=\"(max-width: 300px) 100vw, 300px\" \/><\/a>\n\t\t\t<\/dt><\/dl><dl class='gallery-item'>\n\t\t\t<dt class='gallery-icon portrait'>\n\t\t\t\t<a href='https:\/\/franciscanos.org.br\/noticias\/wp-content\/uploads\/2024\/08\/Perdon_Assisi_2024-6.jpg'><img width=\"300\" height=\"300\" src=\"https:\/\/franciscanos.org.br\/noticias\/wp-content\/uploads\/2024\/08\/Perdon_Assisi_2024-6-300x300.jpg\" class=\"attachment-thumbnail size-thumbnail\" alt=\"\" loading=\"lazy\" srcset=\"https:\/\/franciscanos.org.br\/noticias\/wp-content\/uploads\/2024\/08\/Perdon_Assisi_2024-6-300x300.jpg 300w, https:\/\/franciscanos.org.br\/noticias\/wp-content\/uploads\/2024\/08\/Perdon_Assisi_2024-6-100x100.jpg 100w\" sizes=\"(max-width: 300px) 100vw, 300px\" \/><\/a>\n\t\t\t<\/dt><\/dl><br style=\"clear: both\" \/><dl class='gallery-item'>\n\t\t\t<dt class='gallery-icon landscape'>\n\t\t\t\t<a href='https:\/\/franciscanos.org.br\/noticias\/wp-content\/uploads\/2024\/08\/Perdon_Assisi_2024-7-1-1.jpg'><img width=\"300\" height=\"300\" src=\"https:\/\/franciscanos.org.br\/noticias\/wp-content\/uploads\/2024\/08\/Perdon_Assisi_2024-7-1-1-300x300.jpg\" class=\"attachment-thumbnail size-thumbnail\" alt=\"\" loading=\"lazy\" srcset=\"https:\/\/franciscanos.org.br\/noticias\/wp-content\/uploads\/2024\/08\/Perdon_Assisi_2024-7-1-1-300x300.jpg 300w, https:\/\/franciscanos.org.br\/noticias\/wp-content\/uploads\/2024\/08\/Perdon_Assisi_2024-7-1-1-100x100.jpg 100w\" sizes=\"(max-width: 300px) 100vw, 300px\" \/><\/a>\n\t\t\t<\/dt><\/dl><dl class='gallery-item'>\n\t\t\t<dt class='gallery-icon portrait'>\n\t\t\t\t<a href='https:\/\/franciscanos.org.br\/noticias\/wp-content\/uploads\/2024\/08\/Perdon_Assisi_2024-8.jpg'><img width=\"300\" height=\"300\" src=\"https:\/\/franciscanos.org.br\/noticias\/wp-content\/uploads\/2024\/08\/Perdon_Assisi_2024-8-300x300.jpg\" class=\"attachment-thumbnail size-thumbnail\" alt=\"\" loading=\"lazy\" srcset=\"https:\/\/franciscanos.org.br\/noticias\/wp-content\/uploads\/2024\/08\/Perdon_Assisi_2024-8-300x300.jpg 300w, https:\/\/franciscanos.org.br\/noticias\/wp-content\/uploads\/2024\/08\/Perdon_Assisi_2024-8-100x100.jpg 100w\" sizes=\"(max-width: 300px) 100vw, 300px\" \/><\/a>\n\t\t\t<\/dt><\/dl><dl class='gallery-item'>\n\t\t\t<dt class='gallery-icon portrait'>\n\t\t\t\t<a href='https:\/\/franciscanos.org.br\/noticias\/wp-content\/uploads\/2024\/08\/Perdon_Assisi_2024-9.jpg'><img width=\"300\" height=\"300\" src=\"https:\/\/franciscanos.org.br\/noticias\/wp-content\/uploads\/2024\/08\/Perdon_Assisi_2024-9-300x300.jpg\" class=\"attachment-thumbnail size-thumbnail\" alt=\"\" loading=\"lazy\" srcset=\"https:\/\/franciscanos.org.br\/noticias\/wp-content\/uploads\/2024\/08\/Perdon_Assisi_2024-9-300x300.jpg 300w, https:\/\/franciscanos.org.br\/noticias\/wp-content\/uploads\/2024\/08\/Perdon_Assisi_2024-9-100x100.jpg 100w\" sizes=\"(max-width: 300px) 100vw, 300px\" \/><\/a>\n\t\t\t<\/dt><\/dl>\n\t\t\t<br style='clear: both' \/>\n\t\t<\/div>\n\n<p>&nbsp;<\/p>\n","protected":false},"excerpt":{"rendered":"<p>Perd\u00e3o de Assis permite a obten\u00e7\u00e3o da\u00a0indulg\u00eancia plen\u00e1ria<\/p>\n","protected":false},"author":11,"featured_media":249609,"comment_status":"open","ping_status":"open","sticky":false,"template":"","format":"standard","meta":[],"categories":[1],"tags":[397,1511],"acf":[],"yoast_head":"<!-- This site is optimized with the Yoast SEO plugin v19.2 - https:\/\/yoast.com\/wordpress\/plugins\/seo\/ -->\n<title>Perd\u00e3o de Assis 2024: Celebra\u00e7\u00f5es inauguradas por ocasi\u00e3o da solenidade franciscana - Not\u00edcias - Franciscanos<\/title>\n<meta name=\"robots\" content=\"index, follow, max-snippet:-1, max-image-preview:large, max-video-preview:-1\" \/>\n<link rel=\"canonical\" href=\"https:\/\/franciscanos.org.br\/noticias\/perdao-de-assis-2024-celebracoes-inauguradas-por-ocasiao-da-solenidade-franciscana.html\" \/>\n<meta property=\"og:locale\" content=\"pt_BR\" \/>\n<meta property=\"og:type\" content=\"article\" \/>\n<meta property=\"og:title\" content=\"Perd\u00e3o de Assis 2024: Celebra\u00e7\u00f5es inauguradas por ocasi\u00e3o da solenidade franciscana - Not\u00edcias - Franciscanos\" \/>\n<meta property=\"og:description\" content=\"Perd\u00e3o de Assis permite a obten\u00e7\u00e3o da\u00a0indulg\u00eancia plen\u00e1ria\" \/>\n<meta property=\"og:url\" content=\"https:\/\/franciscanos.org.br\/noticias\/perdao-de-assis-2024-celebracoes-inauguradas-por-ocasiao-da-solenidade-franciscana.html\" \/>\n<meta property=\"og:site_name\" content=\"Not\u00edcias - Franciscanos\" \/>\n<meta property=\"article:published_time\" content=\"2024-08-01T14:11:23+00:00\" \/>\n<meta property=\"article:modified_time\" content=\"2024-08-02T15:04:51+00:00\" \/>\n<meta property=\"og:image\" content=\"https:\/\/franciscanos.org.br\/noticias\/wp-content\/uploads\/2024\/08\/Perdon_Assisi_2024-6.jpg\" \/>\n\t<meta property=\"og:image:width\" content=\"810\" \/>\n\t<meta property=\"og:image:height\" content=\"1080\" \/>\n\t<meta property=\"og:image:type\" content=\"image\/jpeg\" \/>\n<meta name=\"author\" content=\"Adriana Rabelo\" \/>\n<meta name=\"twitter:card\" content=\"summary_large_image\" \/>\n<meta name=\"twitter:label1\" content=\"Escrito por\" \/>\n\t<meta name=\"twitter:data1\" content=\"Adriana Rabelo\" \/>\n\t<meta name=\"twitter:label2\" content=\"Est. tempo de leitura\" \/>\n\t<meta name=\"twitter:data2\" content=\"10 minutos\" \/>\n<script type=\"application\/ld+json\" class=\"yoast-schema-graph\">{\"@context\":\"https:\/\/schema.org\",\"@graph\":[{\"@type\":\"WebSite\",\"@id\":\"https:\/\/franciscanos.org.br\/noticias\/#website\",\"url\":\"https:\/\/franciscanos.org.br\/noticias\/\",\"name\":\"Not\u00edcias - Franciscanos\",\"description\":\"Prov\u00edncia Franciscana da Imaculada Concei\u00e7\u00e3o do Brasil - Ordem dos Frades Menores - OFM\",\"potentialAction\":[{\"@type\":\"SearchAction\",\"target\":{\"@type\":\"EntryPoint\",\"urlTemplate\":\"https:\/\/franciscanos.org.br\/noticias\/?s={search_term_string}\"},\"query-input\":\"required name=search_term_string\"}],\"inLanguage\":\"pt-BR\"},{\"@type\":\"ImageObject\",\"inLanguage\":\"pt-BR\",\"@id\":\"https:\/\/franciscanos.org.br\/noticias\/perdao-de-assis-2024-celebracoes-inauguradas-por-ocasiao-da-solenidade-franciscana.html#primaryimage\",\"url\":\"https:\/\/franciscanos.org.br\/noticias\/wp-content\/uploads\/2024\/08\/Perdon_Assisi_2024-6.jpg\",\"contentUrl\":\"https:\/\/franciscanos.org.br\/noticias\/wp-content\/uploads\/2024\/08\/Perdon_Assisi_2024-6.jpg\",\"width\":810,\"height\":1080},{\"@type\":\"WebPage\",\"@id\":\"https:\/\/franciscanos.org.br\/noticias\/perdao-de-assis-2024-celebracoes-inauguradas-por-ocasiao-da-solenidade-franciscana.html#webpage\",\"url\":\"https:\/\/franciscanos.org.br\/noticias\/perdao-de-assis-2024-celebracoes-inauguradas-por-ocasiao-da-solenidade-franciscana.html\",\"name\":\"Perd\u00e3o de Assis 2024: Celebra\u00e7\u00f5es inauguradas por ocasi\u00e3o da solenidade franciscana - Not\u00edcias - Franciscanos\",\"isPartOf\":{\"@id\":\"https:\/\/franciscanos.org.br\/noticias\/#website\"},\"primaryImageOfPage\":{\"@id\":\"https:\/\/franciscanos.org.br\/noticias\/perdao-de-assis-2024-celebracoes-inauguradas-por-ocasiao-da-solenidade-franciscana.html#primaryimage\"},\"datePublished\":\"2024-08-01T14:11:23+00:00\",\"dateModified\":\"2024-08-02T15:04:51+00:00\",\"author\":{\"@id\":\"https:\/\/franciscanos.org.br\/noticias\/#\/schema\/person\/d9422e83121c3ad3b0f423d195f5bb25\"},\"breadcrumb\":{\"@id\":\"https:\/\/franciscanos.org.br\/noticias\/perdao-de-assis-2024-celebracoes-inauguradas-por-ocasiao-da-solenidade-franciscana.html#breadcrumb\"},\"inLanguage\":\"pt-BR\",\"potentialAction\":[{\"@type\":\"ReadAction\",\"target\":[\"https:\/\/franciscanos.org.br\/noticias\/perdao-de-assis-2024-celebracoes-inauguradas-por-ocasiao-da-solenidade-franciscana.html\"]}]},{\"@type\":\"BreadcrumbList\",\"@id\":\"https:\/\/franciscanos.org.br\/noticias\/perdao-de-assis-2024-celebracoes-inauguradas-por-ocasiao-da-solenidade-franciscana.html#breadcrumb\",\"itemListElement\":[{\"@type\":\"ListItem\",\"position\":1,\"name\":\"Home\",\"item\":\"https:\/\/franciscanos.org.br\/noticias\"},{\"@type\":\"ListItem\",\"position\":2,\"name\":\"Perd\u00e3o de Assis 2024: Celebra\u00e7\u00f5es inauguradas por ocasi\u00e3o da solenidade franciscana\"}]},{\"@type\":\"Person\",\"@id\":\"https:\/\/franciscanos.org.br\/noticias\/#\/schema\/person\/d9422e83121c3ad3b0f423d195f5bb25\",\"name\":\"Adriana Rabelo\",\"image\":{\"@type\":\"ImageObject\",\"inLanguage\":\"pt-BR\",\"@id\":\"https:\/\/franciscanos.org.br\/noticias\/#\/schema\/person\/image\/\",\"url\":\"https:\/\/secure.gravatar.com\/avatar\/0a937b7500cd7df77540cfb8bede877d?s=96&d=mm&r=g\",\"contentUrl\":\"https:\/\/secure.gravatar.com\/avatar\/0a937b7500cd7df77540cfb8bede877d?s=96&d=mm&r=g\",\"caption\":\"Adriana Rabelo\"},\"url\":\"https:\/\/franciscanos.org.br\/noticias\/author\/adrianarabelo\"}]}<\/script>\n<!-- \/ Yoast SEO plugin. -->","yoast_head_json":{"title":"Perd\u00e3o de Assis 2024: Celebra\u00e7\u00f5es inauguradas por ocasi\u00e3o da solenidade franciscana - Not\u00edcias - Franciscanos","robots":{"index":"index","follow":"follow","max-snippet":"max-snippet:-1","max-image-preview":"max-image-preview:large","max-video-preview":"max-video-preview:-1"},"canonical":"https:\/\/franciscanos.org.br\/noticias\/perdao-de-assis-2024-celebracoes-inauguradas-por-ocasiao-da-solenidade-franciscana.html","og_locale":"pt_BR","og_type":"article","og_title":"Perd\u00e3o de Assis 2024: Celebra\u00e7\u00f5es inauguradas por ocasi\u00e3o da solenidade franciscana - Not\u00edcias - Franciscanos","og_description":"Perd\u00e3o de Assis permite a obten\u00e7\u00e3o da\u00a0indulg\u00eancia plen\u00e1ria","og_url":"https:\/\/franciscanos.org.br\/noticias\/perdao-de-assis-2024-celebracoes-inauguradas-por-ocasiao-da-solenidade-franciscana.html","og_site_name":"Not\u00edcias - Franciscanos","article_published_time":"2024-08-01T14:11:23+00:00","article_modified_time":"2024-08-02T15:04:51+00:00","og_image":[{"width":810,"height":1080,"url":"https:\/\/franciscanos.org.br\/noticias\/wp-content\/uploads\/2024\/08\/Perdon_Assisi_2024-6.jpg","type":"image\/jpeg"}],"author":"Adriana Rabelo","twitter_card":"summary_large_image","twitter_misc":{"Escrito por":"Adriana Rabelo","Est. tempo de leitura":"10 minutos"},"schema":{"@context":"https:\/\/schema.org","@graph":[{"@type":"WebSite","@id":"https:\/\/franciscanos.org.br\/noticias\/#website","url":"https:\/\/franciscanos.org.br\/noticias\/","name":"Not\u00edcias - Franciscanos","description":"Prov\u00edncia Franciscana da Imaculada Concei\u00e7\u00e3o do Brasil - Ordem dos Frades Menores - OFM","potentialAction":[{"@type":"SearchAction","target":{"@type":"EntryPoint","urlTemplate":"https:\/\/franciscanos.org.br\/noticias\/?s={search_term_string}"},"query-input":"required name=search_term_string"}],"inLanguage":"pt-BR"},{"@type":"ImageObject","inLanguage":"pt-BR","@id":"https:\/\/franciscanos.org.br\/noticias\/perdao-de-assis-2024-celebracoes-inauguradas-por-ocasiao-da-solenidade-franciscana.html#primaryimage","url":"https:\/\/franciscanos.org.br\/noticias\/wp-content\/uploads\/2024\/08\/Perdon_Assisi_2024-6.jpg","contentUrl":"https:\/\/franciscanos.org.br\/noticias\/wp-content\/uploads\/2024\/08\/Perdon_Assisi_2024-6.jpg","width":810,"height":1080},{"@type":"WebPage","@id":"https:\/\/franciscanos.org.br\/noticias\/perdao-de-assis-2024-celebracoes-inauguradas-por-ocasiao-da-solenidade-franciscana.html#webpage","url":"https:\/\/franciscanos.org.br\/noticias\/perdao-de-assis-2024-celebracoes-inauguradas-por-ocasiao-da-solenidade-franciscana.html","name":"Perd\u00e3o de Assis 2024: Celebra\u00e7\u00f5es inauguradas por ocasi\u00e3o da solenidade franciscana - Not\u00edcias - Franciscanos","isPartOf":{"@id":"https:\/\/franciscanos.org.br\/noticias\/#website"},"primaryImageOfPage":{"@id":"https:\/\/franciscanos.org.br\/noticias\/perdao-de-assis-2024-celebracoes-inauguradas-por-ocasiao-da-solenidade-franciscana.html#primaryimage"},"datePublished":"2024-08-01T14:11:23+00:00","dateModified":"2024-08-02T15:04:51+00:00","author":{"@id":"https:\/\/franciscanos.org.br\/noticias\/#\/schema\/person\/d9422e83121c3ad3b0f423d195f5bb25"},"breadcrumb":{"@id":"https:\/\/franciscanos.org.br\/noticias\/perdao-de-assis-2024-celebracoes-inauguradas-por-ocasiao-da-solenidade-franciscana.html#breadcrumb"},"inLanguage":"pt-BR","potentialAction":[{"@type":"ReadAction","target":["https:\/\/franciscanos.org.br\/noticias\/perdao-de-assis-2024-celebracoes-inauguradas-por-ocasiao-da-solenidade-franciscana.html"]}]},{"@type":"BreadcrumbList","@id":"https:\/\/franciscanos.org.br\/noticias\/perdao-de-assis-2024-celebracoes-inauguradas-por-ocasiao-da-solenidade-franciscana.html#breadcrumb","itemListElement":[{"@type":"ListItem","position":1,"name":"Home","item":"https:\/\/franciscanos.org.br\/noticias"},{"@type":"ListItem","position":2,"name":"Perd\u00e3o de Assis 2024: Celebra\u00e7\u00f5es inauguradas por ocasi\u00e3o da solenidade franciscana"}]},{"@type":"Person","@id":"https:\/\/franciscanos.org.br\/noticias\/#\/schema\/person\/d9422e83121c3ad3b0f423d195f5bb25","name":"Adriana Rabelo","image":{"@type":"ImageObject","inLanguage":"pt-BR","@id":"https:\/\/franciscanos.org.br\/noticias\/#\/schema\/person\/image\/","url":"https:\/\/secure.gravatar.com\/avatar\/0a937b7500cd7df77540cfb8bede877d?s=96&d=mm&r=g","contentUrl":"https:\/\/secure.gravatar.com\/avatar\/0a937b7500cd7df77540cfb8bede877d?s=96&d=mm&r=g","caption":"Adriana Rabelo"},"url":"https:\/\/franciscanos.org.br\/noticias\/author\/adrianarabelo"}]}},"_links":{"self":[{"href":"https:\/\/franciscanos.org.br\/noticias\/wp-json\/wp\/v2\/posts\/249604"}],"collection":[{"href":"https:\/\/franciscanos.org.br\/noticias\/wp-json\/wp\/v2\/posts"}],"about":[{"href":"https:\/\/franciscanos.org.br\/noticias\/wp-json\/wp\/v2\/types\/post"}],"author":[{"embeddable":true,"href":"https:\/\/franciscanos.org.br\/noticias\/wp-json\/wp\/v2\/users\/11"}],"replies":[{"embeddable":true,"href":"https:\/\/franciscanos.org.br\/noticias\/wp-json\/wp\/v2\/comments?post=249604"}],"version-history":[{"count":10,"href":"https:\/\/franciscanos.org.br\/noticias\/wp-json\/wp\/v2\/posts\/249604\/revisions"}],"predecessor-version":[{"id":249632,"href":"https:\/\/franciscanos.org.br\/noticias\/wp-json\/wp\/v2\/posts\/249604\/revisions\/249632"}],"wp:featuredmedia":[{"embeddable":true,"href":"https:\/\/franciscanos.org.br\/noticias\/wp-json\/wp\/v2\/media\/249609"}],"wp:attachment":[{"href":"https:\/\/franciscanos.org.br\/noticias\/wp-json\/wp\/v2\/media?parent=249604"}],"wp:term":[{"taxonomy":"category","embeddable":true,"href":"https:\/\/franciscanos.org.br\/noticias\/wp-json\/wp\/v2\/categories?post=249604"},{"taxonomy":"post_tag","embeddable":true,"href":"https:\/\/franciscanos.org.br\/noticias\/wp-json\/wp\/v2\/tags?post=249604"}],"curies":[{"name":"wp","href":"https:\/\/api.w.org\/{rel}","templated":true}]}}