{"id":249595,"date":"2024-08-01T18:06:43","date_gmt":"2024-08-01T21:06:43","guid":{"rendered":"https:\/\/franciscanos.org.br\/noticias\/?p=249595"},"modified":"2024-08-05T15:44:31","modified_gmt":"2024-08-05T18:44:31","slug":"mutirao-pela-democracia-importancia-da-politica-como-instrumento-de-renovacao-da-sociedade","status":"publish","type":"post","link":"https:\/\/franciscanos.org.br\/noticias\/mutirao-pela-democracia-importancia-da-politica-como-instrumento-de-renovacao-da-sociedade.html","title":{"rendered":"Mutir\u00e3o pela Democracia:  import\u00e2ncia da pol\u00edtica como instrumento de renova\u00e7\u00e3o da sociedade"},"content":{"rendered":"<p><img loading=\"lazy\" class=\"aligncenter wp-image-249596 size-full\" src=\"https:\/\/franciscanos.org.br\/noticias\/wp-content\/uploads\/2024\/08\/WhatsApp-Image-2024-08-01-at-17.49.33.jpeg\" alt=\"\" width=\"1280\" height=\"720\" srcset=\"https:\/\/franciscanos.org.br\/noticias\/wp-content\/uploads\/2024\/08\/WhatsApp-Image-2024-08-01-at-17.49.33.jpeg 1280w, https:\/\/franciscanos.org.br\/noticias\/wp-content\/uploads\/2024\/08\/WhatsApp-Image-2024-08-01-at-17.49.33-450x253.jpeg 450w, https:\/\/franciscanos.org.br\/noticias\/wp-content\/uploads\/2024\/08\/WhatsApp-Image-2024-08-01-at-17.49.33-1024x576.jpeg 1024w, https:\/\/franciscanos.org.br\/noticias\/wp-content\/uploads\/2024\/08\/WhatsApp-Image-2024-08-01-at-17.49.33-768x432.jpeg 768w, https:\/\/franciscanos.org.br\/noticias\/wp-content\/uploads\/2024\/08\/WhatsApp-Image-2024-08-01-at-17.49.33-150x84.jpeg 150w\" sizes=\"(max-width: 1280px) 100vw, 1280px\" \/><\/p>\n<p>A Revista Casa Comum e o Projeto &#8220;Encantar a Pol\u00edtica&#8221; criaram juntos o curso \u201cMutir\u00e3o pela Democracia &#8211; Elei\u00e7\u00f5es 2024\u201d. As atividades come\u00e7aram nesta quinta-feira (01\/08) com uma roda de conversa.<\/p>\n<p>Acompanhando esse movimento de conscientiza\u00e7\u00e3o, os frades da Prov\u00edncia Franciscana da Imaculada Concei\u00e7\u00e3o do Brasil, em parceria com o &#8220;Encantar a Pol\u00edtica&#8221;, da CNBB (Confer\u00eancia Nacional dos Bispos do Brasil) e outras entidades religiosas, est\u00e3o promovendo encontros com palestras sobre &#8220;F\u00e9 e Pol\u00edtica&#8221;.<\/p>\n<p>Totalmente <em>on-line<\/em>, a forma\u00e7\u00e3o tem como objetivo preparar organiza\u00e7\u00f5es, movimentos, escolas, lideran\u00e7as de pastorais e demais pessoas multiplicadoras interessadas em disseminar o conte\u00fado da 8\u00aa edi\u00e7\u00e3o da Revista Casa Comum e da \u201cTrilha de Saberes\u201d.<\/p>\n<p>As<strong> Rodas de Conversa do Mutir\u00e3o pela Democracia<\/strong> ser\u00e3o sempre \u00e0s quintas-feiras do m\u00eas de agosto com dura\u00e7\u00e3o de uma hora, das <strong>19h \u00e0s 20h<\/strong>. As pr\u00f3ximas atividades ser\u00e3o nos <strong>dias<\/strong> <strong>8, 15, 22 e 29<\/strong> deste m\u00eas.<\/p>\n<p>\u201cEssa proposta formativa junto com a Revista Casa Comum \u00e9 uma maneira de contribuir para o reencantamento da pol\u00edtica e fortalecer as a\u00e7\u00f5es de mobiliza\u00e7\u00e3o local e comunit\u00e1ria para um novo jeito de ser e fazer\u201d, comenta Daniel Seidel, um dos coordenadores do Projeto &#8220;Encantar a Pol\u00edtica&#8221;.<\/p>\n<p>Alex Bastos, da coordena\u00e7\u00e3o do curso, refor\u00e7a o potencial n\u00e3o s\u00f3 do conte\u00fado da revista, mas tamb\u00e9m da forma\u00e7\u00e3o. \u201cEssa edi\u00e7\u00e3o da revista traz uma oportunidade riqu\u00edssima de aprofundar a reflex\u00e3o sobre a import\u00e2ncia da pol\u00edtica como instrumento de renova\u00e7\u00e3o da sociedade. Conhecer, refletir e se reencantar com a pol\u00edtica \u00e9 um passo fundamental para a constru\u00e7\u00e3o de uma sociedade mais justa e fraterna.\u201d<\/p>\n<p><strong>Participe!<\/strong><\/p>\n<p>Fa\u00e7a sua inscri\u00e7\u00e3o no <strong>link abaixo<\/strong>. O prazo ser\u00e1 encerrado no\u00a0 <strong>dia 8 de agosto<\/strong>.<\/p>\n<p><span style=\"color: #333399;\"><a style=\"color: #333399;\" href=\"https:\/\/docs.google.com\/forms\/d\/1G7rQNuEs56LIlcRpZ-P3BNc8tM8j1HNEvIk86z6WWzM\/viewform?edit_requested=true\"><strong>https:\/\/docs.google.com\/forms\/d\/1G7rQNuEs56LIlcRpZ-P3BNc8tM8j1HNEvIk86z6WWzM\/viewform?edit_requested=true<\/strong><\/a><\/span><\/p>\n<p>O\u00a0 link da \u00a0<strong>1\u00aa<\/strong> <strong>Roda de Conversa do Mutir\u00e3o pela Democracia<\/strong>, realizada no dia 1 de agosto, j\u00e1 est\u00e1 dispon\u00edvel .<\/p>\n<p><strong>Acesse: <a href=\"https:\/\/www.youtube.com\/live\/mi_AdPfMUwI\"><span style=\"color: #333399;\">https:\/\/www.youtube.com\/live\/mi_AdPfMUwI<\/span><\/a><\/strong><\/p>\n<p><strong>Sobre o &#8220;Encantar Pol\u00edtica&#8221;: <\/strong><\/p>\n<p>O projeto \u201cEncantar a Pol\u00edtica\u201d \u00e9 uma colabora\u00e7\u00e3o entre diversas organiza\u00e7\u00f5es, inicialmente o Conselho Nacional do Laicato do Brasil (CNLB), a Comiss\u00e3o Brasileira Justi\u00e7a e Paz (CBJP), o Centro Nacional F\u00e9 e Pol\u00edtica Dom Helder Camara (CEFEP), o Movimento Nacional F\u00e9 e Pol\u00edtica (MNFP), a Comiss\u00e3o Episcopal para A\u00e7\u00e3o Sociotransformadora da Confer\u00eancia Nacional dos Bispos do Brasil (CEPAST\/CNBB) e o N\u00facleo Estudos Sociopol\u00edticos (NESP\/PUC Minas), em alian\u00e7a com v\u00e1rias outras organiza\u00e7\u00f5es com o prop\u00f3sito de promover uma compreens\u00e3o mais profunda e ativa da pol\u00edtica entre os membros da Igreja, em tr\u00eas eixos:<\/p>\n<ul>\n<li>Despertar consci\u00eancia cr\u00edtica do eleitorado \u00e0 luz da Doutrina Social da Igreja (DSI);<\/li>\n<li>Proporcionar capacita\u00e7\u00e3o para candidaturas de perfil popular e coletivo;<\/li>\n<li>Atuar no per\u00edodo eleitoral: combatendo a corrup\u00e7\u00e3o eleitoral; apoiando e se engajando em candidaturas coerentes com o DSI e realizando a mobiliza\u00e7\u00e3o social pela democracia.<\/li>\n<\/ul>\n<p>A grande inspira\u00e7\u00e3o para o projeto est\u00e1 nas enc\u00edclicas do Papa Francisco, como a <em>Laudato Si\u2019<\/em>, <em>Fratelli Tutti<\/em> e A Alegria do Evangelho. O projeto visa aplicar os ensinamentos do Papa \u00e0 realidade contempor\u00e2nea. O objetivo central do projeto \u00e9 capacita\u00e7\u00e3o para participa\u00e7\u00e3o da pol\u00edtica como express\u00e3o de caridade e amor social, fornecendo uma base s\u00f3lida para aqueles que desejam se aprofundar no assunto.<\/p>\n<p><strong>Forma\u00e7\u00f5es com o Encantar a Pol\u00edtica<\/strong><\/p>\n<p>Em 2024, o projeto construiu alian\u00e7a com a Revista Casa Comum n. 8, com o tema \u201cReencantar a pol\u00edtica: pela mobiliza\u00e7\u00e3o das urnas e das ruas\u201d, que \u00e9 o nosso \u201cCaderno de Forma\u00e7\u00e3o Pol\u00edtica para 2024\u201d. Ela busca oferecer informa\u00e7\u00f5es, hist\u00f3rias impactantes e contribui\u00e7\u00f5es significativas para compreender a democracia como um processo cont\u00ednuo de constru\u00e7\u00e3o baseado em justi\u00e7a e igualdade.<\/p>\n<p>Para isso, foram organizadas duas frentes de a\u00e7\u00f5es: o \u201cMutir\u00e3o pela Democracia\u201d (alian\u00e7a entre a Revista Casa Comum e o Projeto &#8220;Encantar a Pol\u00edtica&#8221;) e a forma\u00e7\u00e3o \u00e0 dist\u00e2ncia para multiplicadores(as) do conte\u00fado da revista, com o objetivo de alcan\u00e7ar um amplo p\u00fablico capacitado.<\/p>\n<hr \/>\n<p>Frei Marx Rodrigues dos Reis e Adriana Rabelo<\/p>\n<p>Fonte: <a href=\"https:\/\/cnlb.org.br\/encantar-a-politica-mutirao-pela-democracia-e-a-formacao\/\">https:\/\/cnlb.org.br\/encantar-a-politica-mutirao-pela-democracia-e-a-formacao\/<\/a><\/p>\n","protected":false},"excerpt":{"rendered":"<p>Rodas de conversa ser\u00e3o \u00e0s quintas-feiras do m\u00eas de agosto<\/p>\n","protected":false},"author":11,"featured_media":249596,"comment_status":"open","ping_status":"open","sticky":false,"template":"","format":"standard","meta":[],"categories":[1],"tags":[29,866],"acf":[],"yoast_head":"<!-- This site is optimized with the Yoast SEO plugin v19.2 - https:\/\/yoast.com\/wordpress\/plugins\/seo\/ -->\n<title>Mutir\u00e3o pela Democracia: import\u00e2ncia da pol\u00edtica como instrumento de renova\u00e7\u00e3o da sociedade - Not\u00edcias - Franciscanos<\/title>\n<meta name=\"robots\" content=\"index, follow, max-snippet:-1, max-image-preview:large, max-video-preview:-1\" \/>\n<link rel=\"canonical\" href=\"https:\/\/franciscanos.org.br\/noticias\/mutirao-pela-democracia-importancia-da-politica-como-instrumento-de-renovacao-da-sociedade.html\" \/>\n<meta property=\"og:locale\" content=\"pt_BR\" \/>\n<meta property=\"og:type\" content=\"article\" \/>\n<meta property=\"og:title\" content=\"Mutir\u00e3o pela Democracia: import\u00e2ncia da pol\u00edtica como instrumento de renova\u00e7\u00e3o da sociedade - Not\u00edcias - Franciscanos\" \/>\n<meta property=\"og:description\" content=\"Rodas de conversa ser\u00e3o \u00e0s quintas-feiras do m\u00eas de agosto\" \/>\n<meta property=\"og:url\" content=\"https:\/\/franciscanos.org.br\/noticias\/mutirao-pela-democracia-importancia-da-politica-como-instrumento-de-renovacao-da-sociedade.html\" \/>\n<meta property=\"og:site_name\" content=\"Not\u00edcias - Franciscanos\" \/>\n<meta property=\"article:published_time\" content=\"2024-08-01T21:06:43+00:00\" \/>\n<meta property=\"article:modified_time\" content=\"2024-08-05T18:44:31+00:00\" \/>\n<meta property=\"og:image\" content=\"https:\/\/franciscanos.org.br\/noticias\/wp-content\/uploads\/2024\/08\/WhatsApp-Image-2024-08-01-at-17.49.33.jpeg\" \/>\n\t<meta property=\"og:image:width\" content=\"1280\" \/>\n\t<meta property=\"og:image:height\" content=\"720\" \/>\n\t<meta property=\"og:image:type\" content=\"image\/jpeg\" \/>\n<meta name=\"author\" content=\"Adriana Rabelo\" \/>\n<meta name=\"twitter:card\" content=\"summary_large_image\" \/>\n<meta name=\"twitter:label1\" content=\"Escrito por\" \/>\n\t<meta name=\"twitter:data1\" content=\"Adriana Rabelo\" \/>\n\t<meta name=\"twitter:label2\" content=\"Est. tempo de leitura\" \/>\n\t<meta name=\"twitter:data2\" content=\"4 minutos\" \/>\n<script type=\"application\/ld+json\" class=\"yoast-schema-graph\">{\"@context\":\"https:\/\/schema.org\",\"@graph\":[{\"@type\":\"WebSite\",\"@id\":\"https:\/\/franciscanos.org.br\/noticias\/#website\",\"url\":\"https:\/\/franciscanos.org.br\/noticias\/\",\"name\":\"Not\u00edcias - Franciscanos\",\"description\":\"Prov\u00edncia Franciscana da Imaculada Concei\u00e7\u00e3o do Brasil - Ordem dos Frades Menores - OFM\",\"potentialAction\":[{\"@type\":\"SearchAction\",\"target\":{\"@type\":\"EntryPoint\",\"urlTemplate\":\"https:\/\/franciscanos.org.br\/noticias\/?s={search_term_string}\"},\"query-input\":\"required name=search_term_string\"}],\"inLanguage\":\"pt-BR\"},{\"@type\":\"ImageObject\",\"inLanguage\":\"pt-BR\",\"@id\":\"https:\/\/franciscanos.org.br\/noticias\/mutirao-pela-democracia-importancia-da-politica-como-instrumento-de-renovacao-da-sociedade.html#primaryimage\",\"url\":\"https:\/\/franciscanos.org.br\/noticias\/wp-content\/uploads\/2024\/08\/WhatsApp-Image-2024-08-01-at-17.49.33.jpeg\",\"contentUrl\":\"https:\/\/franciscanos.org.br\/noticias\/wp-content\/uploads\/2024\/08\/WhatsApp-Image-2024-08-01-at-17.49.33.jpeg\",\"width\":1280,\"height\":720},{\"@type\":\"WebPage\",\"@id\":\"https:\/\/franciscanos.org.br\/noticias\/mutirao-pela-democracia-importancia-da-politica-como-instrumento-de-renovacao-da-sociedade.html#webpage\",\"url\":\"https:\/\/franciscanos.org.br\/noticias\/mutirao-pela-democracia-importancia-da-politica-como-instrumento-de-renovacao-da-sociedade.html\",\"name\":\"Mutir\u00e3o pela Democracia: import\u00e2ncia da pol\u00edtica como instrumento de renova\u00e7\u00e3o da sociedade - Not\u00edcias - Franciscanos\",\"isPartOf\":{\"@id\":\"https:\/\/franciscanos.org.br\/noticias\/#website\"},\"primaryImageOfPage\":{\"@id\":\"https:\/\/franciscanos.org.br\/noticias\/mutirao-pela-democracia-importancia-da-politica-como-instrumento-de-renovacao-da-sociedade.html#primaryimage\"},\"datePublished\":\"2024-08-01T21:06:43+00:00\",\"dateModified\":\"2024-08-05T18:44:31+00:00\",\"author\":{\"@id\":\"https:\/\/franciscanos.org.br\/noticias\/#\/schema\/person\/d9422e83121c3ad3b0f423d195f5bb25\"},\"breadcrumb\":{\"@id\":\"https:\/\/franciscanos.org.br\/noticias\/mutirao-pela-democracia-importancia-da-politica-como-instrumento-de-renovacao-da-sociedade.html#breadcrumb\"},\"inLanguage\":\"pt-BR\",\"potentialAction\":[{\"@type\":\"ReadAction\",\"target\":[\"https:\/\/franciscanos.org.br\/noticias\/mutirao-pela-democracia-importancia-da-politica-como-instrumento-de-renovacao-da-sociedade.html\"]}]},{\"@type\":\"BreadcrumbList\",\"@id\":\"https:\/\/franciscanos.org.br\/noticias\/mutirao-pela-democracia-importancia-da-politica-como-instrumento-de-renovacao-da-sociedade.html#breadcrumb\",\"itemListElement\":[{\"@type\":\"ListItem\",\"position\":1,\"name\":\"Home\",\"item\":\"https:\/\/franciscanos.org.br\/noticias\"},{\"@type\":\"ListItem\",\"position\":2,\"name\":\"Mutir\u00e3o pela Democracia: import\u00e2ncia da pol\u00edtica como instrumento de renova\u00e7\u00e3o da sociedade\"}]},{\"@type\":\"Person\",\"@id\":\"https:\/\/franciscanos.org.br\/noticias\/#\/schema\/person\/d9422e83121c3ad3b0f423d195f5bb25\",\"name\":\"Adriana Rabelo\",\"image\":{\"@type\":\"ImageObject\",\"inLanguage\":\"pt-BR\",\"@id\":\"https:\/\/franciscanos.org.br\/noticias\/#\/schema\/person\/image\/\",\"url\":\"https:\/\/secure.gravatar.com\/avatar\/0a937b7500cd7df77540cfb8bede877d?s=96&d=mm&r=g\",\"contentUrl\":\"https:\/\/secure.gravatar.com\/avatar\/0a937b7500cd7df77540cfb8bede877d?s=96&d=mm&r=g\",\"caption\":\"Adriana Rabelo\"},\"url\":\"https:\/\/franciscanos.org.br\/noticias\/author\/adrianarabelo\"}]}<\/script>\n<!-- \/ Yoast SEO plugin. -->","yoast_head_json":{"title":"Mutir\u00e3o pela Democracia: import\u00e2ncia da pol\u00edtica como instrumento de renova\u00e7\u00e3o da sociedade - Not\u00edcias - Franciscanos","robots":{"index":"index","follow":"follow","max-snippet":"max-snippet:-1","max-image-preview":"max-image-preview:large","max-video-preview":"max-video-preview:-1"},"canonical":"https:\/\/franciscanos.org.br\/noticias\/mutirao-pela-democracia-importancia-da-politica-como-instrumento-de-renovacao-da-sociedade.html","og_locale":"pt_BR","og_type":"article","og_title":"Mutir\u00e3o pela Democracia: import\u00e2ncia da pol\u00edtica como instrumento de renova\u00e7\u00e3o da sociedade - Not\u00edcias - Franciscanos","og_description":"Rodas de conversa ser\u00e3o \u00e0s quintas-feiras do m\u00eas de agosto","og_url":"https:\/\/franciscanos.org.br\/noticias\/mutirao-pela-democracia-importancia-da-politica-como-instrumento-de-renovacao-da-sociedade.html","og_site_name":"Not\u00edcias - Franciscanos","article_published_time":"2024-08-01T21:06:43+00:00","article_modified_time":"2024-08-05T18:44:31+00:00","og_image":[{"width":1280,"height":720,"url":"https:\/\/franciscanos.org.br\/noticias\/wp-content\/uploads\/2024\/08\/WhatsApp-Image-2024-08-01-at-17.49.33.jpeg","type":"image\/jpeg"}],"author":"Adriana Rabelo","twitter_card":"summary_large_image","twitter_misc":{"Escrito por":"Adriana Rabelo","Est. tempo de leitura":"4 minutos"},"schema":{"@context":"https:\/\/schema.org","@graph":[{"@type":"WebSite","@id":"https:\/\/franciscanos.org.br\/noticias\/#website","url":"https:\/\/franciscanos.org.br\/noticias\/","name":"Not\u00edcias - Franciscanos","description":"Prov\u00edncia Franciscana da Imaculada Concei\u00e7\u00e3o do Brasil - Ordem dos Frades Menores - OFM","potentialAction":[{"@type":"SearchAction","target":{"@type":"EntryPoint","urlTemplate":"https:\/\/franciscanos.org.br\/noticias\/?s={search_term_string}"},"query-input":"required name=search_term_string"}],"inLanguage":"pt-BR"},{"@type":"ImageObject","inLanguage":"pt-BR","@id":"https:\/\/franciscanos.org.br\/noticias\/mutirao-pela-democracia-importancia-da-politica-como-instrumento-de-renovacao-da-sociedade.html#primaryimage","url":"https:\/\/franciscanos.org.br\/noticias\/wp-content\/uploads\/2024\/08\/WhatsApp-Image-2024-08-01-at-17.49.33.jpeg","contentUrl":"https:\/\/franciscanos.org.br\/noticias\/wp-content\/uploads\/2024\/08\/WhatsApp-Image-2024-08-01-at-17.49.33.jpeg","width":1280,"height":720},{"@type":"WebPage","@id":"https:\/\/franciscanos.org.br\/noticias\/mutirao-pela-democracia-importancia-da-politica-como-instrumento-de-renovacao-da-sociedade.html#webpage","url":"https:\/\/franciscanos.org.br\/noticias\/mutirao-pela-democracia-importancia-da-politica-como-instrumento-de-renovacao-da-sociedade.html","name":"Mutir\u00e3o pela Democracia: import\u00e2ncia da pol\u00edtica como instrumento de renova\u00e7\u00e3o da sociedade - Not\u00edcias - Franciscanos","isPartOf":{"@id":"https:\/\/franciscanos.org.br\/noticias\/#website"},"primaryImageOfPage":{"@id":"https:\/\/franciscanos.org.br\/noticias\/mutirao-pela-democracia-importancia-da-politica-como-instrumento-de-renovacao-da-sociedade.html#primaryimage"},"datePublished":"2024-08-01T21:06:43+00:00","dateModified":"2024-08-05T18:44:31+00:00","author":{"@id":"https:\/\/franciscanos.org.br\/noticias\/#\/schema\/person\/d9422e83121c3ad3b0f423d195f5bb25"},"breadcrumb":{"@id":"https:\/\/franciscanos.org.br\/noticias\/mutirao-pela-democracia-importancia-da-politica-como-instrumento-de-renovacao-da-sociedade.html#breadcrumb"},"inLanguage":"pt-BR","potentialAction":[{"@type":"ReadAction","target":["https:\/\/franciscanos.org.br\/noticias\/mutirao-pela-democracia-importancia-da-politica-como-instrumento-de-renovacao-da-sociedade.html"]}]},{"@type":"BreadcrumbList","@id":"https:\/\/franciscanos.org.br\/noticias\/mutirao-pela-democracia-importancia-da-politica-como-instrumento-de-renovacao-da-sociedade.html#breadcrumb","itemListElement":[{"@type":"ListItem","position":1,"name":"Home","item":"https:\/\/franciscanos.org.br\/noticias"},{"@type":"ListItem","position":2,"name":"Mutir\u00e3o pela Democracia: import\u00e2ncia da pol\u00edtica como instrumento de renova\u00e7\u00e3o da sociedade"}]},{"@type":"Person","@id":"https:\/\/franciscanos.org.br\/noticias\/#\/schema\/person\/d9422e83121c3ad3b0f423d195f5bb25","name":"Adriana Rabelo","image":{"@type":"ImageObject","inLanguage":"pt-BR","@id":"https:\/\/franciscanos.org.br\/noticias\/#\/schema\/person\/image\/","url":"https:\/\/secure.gravatar.com\/avatar\/0a937b7500cd7df77540cfb8bede877d?s=96&d=mm&r=g","contentUrl":"https:\/\/secure.gravatar.com\/avatar\/0a937b7500cd7df77540cfb8bede877d?s=96&d=mm&r=g","caption":"Adriana Rabelo"},"url":"https:\/\/franciscanos.org.br\/noticias\/author\/adrianarabelo"}]}},"_links":{"self":[{"href":"https:\/\/franciscanos.org.br\/noticias\/wp-json\/wp\/v2\/posts\/249595"}],"collection":[{"href":"https:\/\/franciscanos.org.br\/noticias\/wp-json\/wp\/v2\/posts"}],"about":[{"href":"https:\/\/franciscanos.org.br\/noticias\/wp-json\/wp\/v2\/types\/post"}],"author":[{"embeddable":true,"href":"https:\/\/franciscanos.org.br\/noticias\/wp-json\/wp\/v2\/users\/11"}],"replies":[{"embeddable":true,"href":"https:\/\/franciscanos.org.br\/noticias\/wp-json\/wp\/v2\/comments?post=249595"}],"version-history":[{"count":13,"href":"https:\/\/franciscanos.org.br\/noticias\/wp-json\/wp\/v2\/posts\/249595\/revisions"}],"predecessor-version":[{"id":249736,"href":"https:\/\/franciscanos.org.br\/noticias\/wp-json\/wp\/v2\/posts\/249595\/revisions\/249736"}],"wp:featuredmedia":[{"embeddable":true,"href":"https:\/\/franciscanos.org.br\/noticias\/wp-json\/wp\/v2\/media\/249596"}],"wp:attachment":[{"href":"https:\/\/franciscanos.org.br\/noticias\/wp-json\/wp\/v2\/media?parent=249595"}],"wp:term":[{"taxonomy":"category","embeddable":true,"href":"https:\/\/franciscanos.org.br\/noticias\/wp-json\/wp\/v2\/categories?post=249595"},{"taxonomy":"post_tag","embeddable":true,"href":"https:\/\/franciscanos.org.br\/noticias\/wp-json\/wp\/v2\/tags?post=249595"}],"curies":[{"name":"wp","href":"https:\/\/api.w.org\/{rel}","templated":true}]}}