{"id":249587,"date":"2024-08-01T11:52:23","date_gmt":"2024-08-01T14:52:23","guid":{"rendered":"https:\/\/franciscanos.org.br\/noticias\/?p=249587"},"modified":"2024-08-02T09:35:47","modified_gmt":"2024-08-02T12:35:47","slug":"convento-da-penha-e-paroquia-do-rosario-celebram-o-perdao-de-assis","status":"publish","type":"post","link":"https:\/\/franciscanos.org.br\/noticias\/convento-da-penha-e-paroquia-do-rosario-celebram-o-perdao-de-assis.html","title":{"rendered":"Convento da Penha e Par\u00f3quia do Ros\u00e1rio celebram o Perd\u00e3o de Assis"},"content":{"rendered":"<p><img loading=\"lazy\" class=\"aligncenter wp-image-249589 size-full\" src=\"https:\/\/franciscanos.org.br\/noticias\/wp-content\/uploads\/2024\/08\/penha-perdao.jpg\" alt=\"\" width=\"1280\" height=\"720\" srcset=\"https:\/\/franciscanos.org.br\/noticias\/wp-content\/uploads\/2024\/08\/penha-perdao.jpg 1280w, https:\/\/franciscanos.org.br\/noticias\/wp-content\/uploads\/2024\/08\/penha-perdao-450x253.jpg 450w, https:\/\/franciscanos.org.br\/noticias\/wp-content\/uploads\/2024\/08\/penha-perdao-1024x576.jpg 1024w, https:\/\/franciscanos.org.br\/noticias\/wp-content\/uploads\/2024\/08\/penha-perdao-768x432.jpg 768w, https:\/\/franciscanos.org.br\/noticias\/wp-content\/uploads\/2024\/08\/penha-perdao-150x84.jpg 150w\" sizes=\"(max-width: 1280px) 100vw, 1280px\" \/><\/p>\n<p>Nesta sexta-feira ,\u00a0 dia 2 de agosto, o Convento da Penha e a Par\u00f3quia Nossa Senhora do Ros\u00e1rio, em Vila Velha (ES), celebram o Perd\u00e3o de Assis.<\/p>\n<p>Para marcar esse momento e a import\u00e2ncia dessa data franciscana, est\u00e1 programada uma caminhada penitencial luminosa, \u00e0s 19h30. A concentra\u00e7\u00e3o ser\u00e1 \u00e0s 19h, no port\u00e3o principal do convento. De l\u00e1 seguir\u00e3o para Campinho onde receber\u00e3o a concess\u00e3o da Indulg\u00eancia Plen\u00e1ria.<\/p>\n<p>No local ser\u00e1 feita uma encena\u00e7\u00e3o e o rito lit\u00fargico, a exorta\u00e7\u00e3o do Evangelho, a explica\u00e7\u00e3o e contextualiza\u00e7\u00e3o do sentido franciscano dessa data.<\/p>\n<p>No calend\u00e1rio lit\u00fargico franciscano, o dia 02 de agosto \u00e9 dedicado \u00e0 celebra\u00e7\u00e3o da Festa de Nossa Senhora dos Anjos, popularmente conhecida como \u201cFesta da Porci\u00fancula\u201d. Na introdu\u00e7\u00e3o do texto lit\u00fargico do missal e da liturgia das horas, se diz:<\/p>\n<p>\u201cO Ser\u00e1fico Pai Francisco, por singular devo\u00e7\u00e3o \u00e0 Sant\u00edssima Virgem, consagrou especial afei\u00e7\u00e3o \u00e0 capela de Nossa Senhora dos Anjos ou da Porci\u00fancula. A\u00ed deu in\u00edcio \u00e0 Ordem dos Frades Menores e preparou a funda\u00e7\u00e3o das Clarissas; e a\u00ed completou felizmente o curso de seus dias sobre a terra. Foi a\u00ed tamb\u00e9m que o Santo Pai alcan\u00e7ou a c\u00e9lebre Indulg\u00eancia , que os Sumos Pont\u00edfices confirmaram e estenderam a outras muitas igrejas. Para celebrar tantos e t\u00e3o grandes favores ali recebidos de Deus, instituiu-se tamb\u00e9m esta Festa Lit\u00fargica, como anivers\u00e1rio da consagra\u00e7\u00e3o da pequenina ermida\u201d.<\/p>\n<p>O Papa Francisco se expressou recentemente nos seguintes termos: \u201cO caminho espiritual de S\u00e3o Francisco teve in\u00edcio em S\u00e3o Dami\u00e3o, mas o verdadeiro lugar amado, o cora\u00e7\u00e3o pulsante da Ordem, onde a fundou e onde, por fim, entregou sua vida a Deus, foi a Porci\u00fancula, a \u2018pequena por\u00e7\u00e3o\u2019, o cantinho junto \u00e0 M\u00e3e da Igreja; junto a Maria que, por sua f\u00e9 t\u00e3o firme e por seu viver t\u00e3o inteiramente do amor e no amor com o Senhor, todas as gera\u00e7\u00f5es a chamar\u00e3o bem-aventurada.\u201d<\/p>\n<p>No dia do Perd\u00e3o, tal gra\u00e7a \u00e9 vivida por milhares de peregrinos de todas as idades, desejosos de atravessar a \u201cporta da vida eterna\u201d e receber o dom da Indulg\u00eancia Plen\u00e1ria. \u201cEntrar e viver em plenitude este tempo de gra\u00e7a\u201d, \u00e9 o convite da celebra\u00e7\u00e3o do Perd\u00e3o da Porci\u00fancula.<\/p>\n<p>O Perd\u00e3o, constitui-se como uma manifesta\u00e7\u00e3o do amor misericordioso de Deus sobre \u00e0 Igreja e sobre os fi\u00e9is, sendo tamb\u00e9m um sinal da paz e do bem deixados como heran\u00e7a por S\u00e3o Francisco de Assis. Portanto, ao participar do Perd\u00e3o de Assis, os fi\u00e9is, a partir de reflex\u00f5es pessoas, medita\u00e7\u00f5es, ora\u00e7\u00f5es, experi\u00eancias de f\u00e9 e dos ritos sacramentais, recebem de Deus a miseric\u00f3rdia, a compaix\u00e3o e a Indulg\u00eancia Plen\u00e1ria. O momento propicia aos participantes, um profundo e sincero exame das atitudes e pensamentos.<\/p>\n<p><strong>As condi\u00e7\u00f5es para se receber a Indulg\u00eancia Plen\u00e1ria<\/strong><\/p>\n<p>No dia 2 de agosto de cada ano (das 12 horas do dia 1\u00ba de agosto at\u00e9 as 24 horas do dia 2), pode se adquirir a Indulg\u00eancia Plen\u00e1ria, com as seguintes condi\u00e7\u00f5es:<\/p>\n<p>Visitando uma igreja paroquial, onde se reza o Credo, para afirmar a pr\u00f3pria identidade crist\u00e3; e o Pai Nosso, para afirmar a pr\u00f3pria dignidade de filhos de Deus recebida no Batismo; Confiss\u00e3o sacramental para estar em gra\u00e7a de Deus (oito dias antes ou depois); Participar da Eucaristia; Uma ora\u00e7\u00e3o nas inten\u00e7\u00f5es do Papa. A indulg\u00eancia s\u00f3 pode ser lucrada uma vez.<\/p>\n<hr \/>\n<p><em><strong>Cristian Oliveira<\/strong><\/em><\/p>\n<p><iframe loading=\"lazy\" title=\"YouTube video player\" src=\"https:\/\/www.youtube.com\/embed\/EELRCm0pCiA?si=5gwARqrm8tDKJgm6\" width=\"100%\" height=\"480\" frameborder=\"0\" allowfullscreen=\"allowfullscreen\"><\/iframe><\/p>\n","protected":false},"excerpt":{"rendered":"<p>Fi\u00e9is far\u00e3o uma prociss\u00e3o luminosa<\/p>\n","protected":false},"author":10,"featured_media":249591,"comment_status":"open","ping_status":"open","sticky":false,"template":"","format":"standard","meta":[],"categories":[1],"tags":[248,1511],"acf":[],"yoast_head":"<!-- This site is optimized with the Yoast SEO plugin v19.2 - https:\/\/yoast.com\/wordpress\/plugins\/seo\/ -->\n<title>Convento da Penha e Par\u00f3quia do Ros\u00e1rio celebram o Perd\u00e3o de Assis - Not\u00edcias - Franciscanos<\/title>\n<meta name=\"robots\" content=\"index, follow, max-snippet:-1, max-image-preview:large, max-video-preview:-1\" \/>\n<link rel=\"canonical\" href=\"https:\/\/franciscanos.org.br\/noticias\/convento-da-penha-e-paroquia-do-rosario-celebram-o-perdao-de-assis.html\" \/>\n<meta property=\"og:locale\" content=\"pt_BR\" \/>\n<meta property=\"og:type\" content=\"article\" \/>\n<meta property=\"og:title\" content=\"Convento da Penha e Par\u00f3quia do Ros\u00e1rio celebram o Perd\u00e3o de Assis - Not\u00edcias - Franciscanos\" \/>\n<meta property=\"og:description\" content=\"Fi\u00e9is far\u00e3o uma prociss\u00e3o luminosa\" \/>\n<meta property=\"og:url\" content=\"https:\/\/franciscanos.org.br\/noticias\/convento-da-penha-e-paroquia-do-rosario-celebram-o-perdao-de-assis.html\" \/>\n<meta property=\"og:site_name\" content=\"Not\u00edcias - Franciscanos\" \/>\n<meta property=\"article:published_time\" content=\"2024-08-01T14:52:23+00:00\" \/>\n<meta property=\"article:modified_time\" content=\"2024-08-02T12:35:47+00:00\" \/>\n<meta property=\"og:image\" content=\"https:\/\/franciscanos.org.br\/noticias\/wp-content\/uploads\/2024\/08\/penha-perdao-1.jpg\" \/>\n\t<meta property=\"og:image:width\" content=\"1280\" \/>\n\t<meta property=\"og:image:height\" content=\"720\" \/>\n\t<meta property=\"og:image:type\" content=\"image\/jpeg\" \/>\n<meta name=\"author\" content=\"Jo\u00e3o Vitor\" \/>\n<meta name=\"twitter:card\" content=\"summary_large_image\" \/>\n<meta name=\"twitter:label1\" content=\"Escrito por\" \/>\n\t<meta name=\"twitter:data1\" content=\"Jo\u00e3o Vitor\" \/>\n\t<meta name=\"twitter:label2\" content=\"Est. tempo de leitura\" \/>\n\t<meta name=\"twitter:data2\" content=\"3 minutos\" \/>\n<script type=\"application\/ld+json\" class=\"yoast-schema-graph\">{\"@context\":\"https:\/\/schema.org\",\"@graph\":[{\"@type\":\"WebSite\",\"@id\":\"https:\/\/franciscanos.org.br\/noticias\/#website\",\"url\":\"https:\/\/franciscanos.org.br\/noticias\/\",\"name\":\"Not\u00edcias - Franciscanos\",\"description\":\"Prov\u00edncia Franciscana da Imaculada Concei\u00e7\u00e3o do Brasil - Ordem dos Frades Menores - OFM\",\"potentialAction\":[{\"@type\":\"SearchAction\",\"target\":{\"@type\":\"EntryPoint\",\"urlTemplate\":\"https:\/\/franciscanos.org.br\/noticias\/?s={search_term_string}\"},\"query-input\":\"required name=search_term_string\"}],\"inLanguage\":\"pt-BR\"},{\"@type\":\"ImageObject\",\"inLanguage\":\"pt-BR\",\"@id\":\"https:\/\/franciscanos.org.br\/noticias\/convento-da-penha-e-paroquia-do-rosario-celebram-o-perdao-de-assis.html#primaryimage\",\"url\":\"https:\/\/franciscanos.org.br\/noticias\/wp-content\/uploads\/2024\/08\/penha-perdao-1.jpg\",\"contentUrl\":\"https:\/\/franciscanos.org.br\/noticias\/wp-content\/uploads\/2024\/08\/penha-perdao-1.jpg\",\"width\":1280,\"height\":720},{\"@type\":\"WebPage\",\"@id\":\"https:\/\/franciscanos.org.br\/noticias\/convento-da-penha-e-paroquia-do-rosario-celebram-o-perdao-de-assis.html#webpage\",\"url\":\"https:\/\/franciscanos.org.br\/noticias\/convento-da-penha-e-paroquia-do-rosario-celebram-o-perdao-de-assis.html\",\"name\":\"Convento da Penha e Par\u00f3quia do Ros\u00e1rio celebram o Perd\u00e3o de Assis - Not\u00edcias - Franciscanos\",\"isPartOf\":{\"@id\":\"https:\/\/franciscanos.org.br\/noticias\/#website\"},\"primaryImageOfPage\":{\"@id\":\"https:\/\/franciscanos.org.br\/noticias\/convento-da-penha-e-paroquia-do-rosario-celebram-o-perdao-de-assis.html#primaryimage\"},\"datePublished\":\"2024-08-01T14:52:23+00:00\",\"dateModified\":\"2024-08-02T12:35:47+00:00\",\"author\":{\"@id\":\"https:\/\/franciscanos.org.br\/noticias\/#\/schema\/person\/8c11f06a466b856a11dd48d20600055f\"},\"breadcrumb\":{\"@id\":\"https:\/\/franciscanos.org.br\/noticias\/convento-da-penha-e-paroquia-do-rosario-celebram-o-perdao-de-assis.html#breadcrumb\"},\"inLanguage\":\"pt-BR\",\"potentialAction\":[{\"@type\":\"ReadAction\",\"target\":[\"https:\/\/franciscanos.org.br\/noticias\/convento-da-penha-e-paroquia-do-rosario-celebram-o-perdao-de-assis.html\"]}]},{\"@type\":\"BreadcrumbList\",\"@id\":\"https:\/\/franciscanos.org.br\/noticias\/convento-da-penha-e-paroquia-do-rosario-celebram-o-perdao-de-assis.html#breadcrumb\",\"itemListElement\":[{\"@type\":\"ListItem\",\"position\":1,\"name\":\"Home\",\"item\":\"https:\/\/franciscanos.org.br\/noticias\"},{\"@type\":\"ListItem\",\"position\":2,\"name\":\"Convento da Penha e Par\u00f3quia do Ros\u00e1rio celebram o Perd\u00e3o de Assis\"}]},{\"@type\":\"Person\",\"@id\":\"https:\/\/franciscanos.org.br\/noticias\/#\/schema\/person\/8c11f06a466b856a11dd48d20600055f\",\"name\":\"Jo\u00e3o Vitor\",\"image\":{\"@type\":\"ImageObject\",\"inLanguage\":\"pt-BR\",\"@id\":\"https:\/\/franciscanos.org.br\/noticias\/#\/schema\/person\/image\/\",\"url\":\"https:\/\/secure.gravatar.com\/avatar\/10ba5c9713e0c323617b4309a19e3a46?s=96&d=mm&r=g\",\"contentUrl\":\"https:\/\/secure.gravatar.com\/avatar\/10ba5c9713e0c323617b4309a19e3a46?s=96&d=mm&r=g\",\"caption\":\"Jo\u00e3o Vitor\"},\"url\":\"https:\/\/franciscanos.org.br\/noticias\/author\/joaovitor\"}]}<\/script>\n<!-- \/ Yoast SEO plugin. -->","yoast_head_json":{"title":"Convento da Penha e Par\u00f3quia do Ros\u00e1rio celebram o Perd\u00e3o de Assis - Not\u00edcias - Franciscanos","robots":{"index":"index","follow":"follow","max-snippet":"max-snippet:-1","max-image-preview":"max-image-preview:large","max-video-preview":"max-video-preview:-1"},"canonical":"https:\/\/franciscanos.org.br\/noticias\/convento-da-penha-e-paroquia-do-rosario-celebram-o-perdao-de-assis.html","og_locale":"pt_BR","og_type":"article","og_title":"Convento da Penha e Par\u00f3quia do Ros\u00e1rio celebram o Perd\u00e3o de Assis - Not\u00edcias - Franciscanos","og_description":"Fi\u00e9is far\u00e3o uma prociss\u00e3o luminosa","og_url":"https:\/\/franciscanos.org.br\/noticias\/convento-da-penha-e-paroquia-do-rosario-celebram-o-perdao-de-assis.html","og_site_name":"Not\u00edcias - Franciscanos","article_published_time":"2024-08-01T14:52:23+00:00","article_modified_time":"2024-08-02T12:35:47+00:00","og_image":[{"width":1280,"height":720,"url":"https:\/\/franciscanos.org.br\/noticias\/wp-content\/uploads\/2024\/08\/penha-perdao-1.jpg","type":"image\/jpeg"}],"author":"Jo\u00e3o Vitor","twitter_card":"summary_large_image","twitter_misc":{"Escrito por":"Jo\u00e3o Vitor","Est. tempo de leitura":"3 minutos"},"schema":{"@context":"https:\/\/schema.org","@graph":[{"@type":"WebSite","@id":"https:\/\/franciscanos.org.br\/noticias\/#website","url":"https:\/\/franciscanos.org.br\/noticias\/","name":"Not\u00edcias - Franciscanos","description":"Prov\u00edncia Franciscana da Imaculada Concei\u00e7\u00e3o do Brasil - Ordem dos Frades Menores - OFM","potentialAction":[{"@type":"SearchAction","target":{"@type":"EntryPoint","urlTemplate":"https:\/\/franciscanos.org.br\/noticias\/?s={search_term_string}"},"query-input":"required name=search_term_string"}],"inLanguage":"pt-BR"},{"@type":"ImageObject","inLanguage":"pt-BR","@id":"https:\/\/franciscanos.org.br\/noticias\/convento-da-penha-e-paroquia-do-rosario-celebram-o-perdao-de-assis.html#primaryimage","url":"https:\/\/franciscanos.org.br\/noticias\/wp-content\/uploads\/2024\/08\/penha-perdao-1.jpg","contentUrl":"https:\/\/franciscanos.org.br\/noticias\/wp-content\/uploads\/2024\/08\/penha-perdao-1.jpg","width":1280,"height":720},{"@type":"WebPage","@id":"https:\/\/franciscanos.org.br\/noticias\/convento-da-penha-e-paroquia-do-rosario-celebram-o-perdao-de-assis.html#webpage","url":"https:\/\/franciscanos.org.br\/noticias\/convento-da-penha-e-paroquia-do-rosario-celebram-o-perdao-de-assis.html","name":"Convento da Penha e Par\u00f3quia do Ros\u00e1rio celebram o Perd\u00e3o de Assis - Not\u00edcias - Franciscanos","isPartOf":{"@id":"https:\/\/franciscanos.org.br\/noticias\/#website"},"primaryImageOfPage":{"@id":"https:\/\/franciscanos.org.br\/noticias\/convento-da-penha-e-paroquia-do-rosario-celebram-o-perdao-de-assis.html#primaryimage"},"datePublished":"2024-08-01T14:52:23+00:00","dateModified":"2024-08-02T12:35:47+00:00","author":{"@id":"https:\/\/franciscanos.org.br\/noticias\/#\/schema\/person\/8c11f06a466b856a11dd48d20600055f"},"breadcrumb":{"@id":"https:\/\/franciscanos.org.br\/noticias\/convento-da-penha-e-paroquia-do-rosario-celebram-o-perdao-de-assis.html#breadcrumb"},"inLanguage":"pt-BR","potentialAction":[{"@type":"ReadAction","target":["https:\/\/franciscanos.org.br\/noticias\/convento-da-penha-e-paroquia-do-rosario-celebram-o-perdao-de-assis.html"]}]},{"@type":"BreadcrumbList","@id":"https:\/\/franciscanos.org.br\/noticias\/convento-da-penha-e-paroquia-do-rosario-celebram-o-perdao-de-assis.html#breadcrumb","itemListElement":[{"@type":"ListItem","position":1,"name":"Home","item":"https:\/\/franciscanos.org.br\/noticias"},{"@type":"ListItem","position":2,"name":"Convento da Penha e Par\u00f3quia do Ros\u00e1rio celebram o Perd\u00e3o de Assis"}]},{"@type":"Person","@id":"https:\/\/franciscanos.org.br\/noticias\/#\/schema\/person\/8c11f06a466b856a11dd48d20600055f","name":"Jo\u00e3o Vitor","image":{"@type":"ImageObject","inLanguage":"pt-BR","@id":"https:\/\/franciscanos.org.br\/noticias\/#\/schema\/person\/image\/","url":"https:\/\/secure.gravatar.com\/avatar\/10ba5c9713e0c323617b4309a19e3a46?s=96&d=mm&r=g","contentUrl":"https:\/\/secure.gravatar.com\/avatar\/10ba5c9713e0c323617b4309a19e3a46?s=96&d=mm&r=g","caption":"Jo\u00e3o Vitor"},"url":"https:\/\/franciscanos.org.br\/noticias\/author\/joaovitor"}]}},"_links":{"self":[{"href":"https:\/\/franciscanos.org.br\/noticias\/wp-json\/wp\/v2\/posts\/249587"}],"collection":[{"href":"https:\/\/franciscanos.org.br\/noticias\/wp-json\/wp\/v2\/posts"}],"about":[{"href":"https:\/\/franciscanos.org.br\/noticias\/wp-json\/wp\/v2\/types\/post"}],"author":[{"embeddable":true,"href":"https:\/\/franciscanos.org.br\/noticias\/wp-json\/wp\/v2\/users\/10"}],"replies":[{"embeddable":true,"href":"https:\/\/franciscanos.org.br\/noticias\/wp-json\/wp\/v2\/comments?post=249587"}],"version-history":[{"count":6,"href":"https:\/\/franciscanos.org.br\/noticias\/wp-json\/wp\/v2\/posts\/249587\/revisions"}],"predecessor-version":[{"id":249621,"href":"https:\/\/franciscanos.org.br\/noticias\/wp-json\/wp\/v2\/posts\/249587\/revisions\/249621"}],"wp:featuredmedia":[{"embeddable":true,"href":"https:\/\/franciscanos.org.br\/noticias\/wp-json\/wp\/v2\/media\/249591"}],"wp:attachment":[{"href":"https:\/\/franciscanos.org.br\/noticias\/wp-json\/wp\/v2\/media?parent=249587"}],"wp:term":[{"taxonomy":"category","embeddable":true,"href":"https:\/\/franciscanos.org.br\/noticias\/wp-json\/wp\/v2\/categories?post=249587"},{"taxonomy":"post_tag","embeddable":true,"href":"https:\/\/franciscanos.org.br\/noticias\/wp-json\/wp\/v2\/tags?post=249587"}],"curies":[{"name":"wp","href":"https:\/\/api.w.org\/{rel}","templated":true}]}}