{"id":249457,"date":"2024-07-30T17:26:08","date_gmt":"2024-07-30T20:26:08","guid":{"rendered":"https:\/\/franciscanos.org.br\/noticias\/?p=249457"},"modified":"2024-07-30T17:34:30","modified_gmt":"2024-07-30T20:34:30","slug":"sefras-casa-perfeita-alegria-peri-completa-10-anos","status":"publish","type":"post","link":"https:\/\/franciscanos.org.br\/noticias\/sefras-casa-perfeita-alegria-peri-completa-10-anos.html","title":{"rendered":"Sefras: Casa Perfeita Alegria Peri completa 10 anos"},"content":{"rendered":"<p><img loading=\"lazy\" class=\"aligncenter wp-image-249458 size-large\" src=\"https:\/\/franciscanos.org.br\/noticias\/wp-content\/uploads\/2024\/07\/foto-materia-2-1024x576.jpg\" alt=\"\" width=\"1024\" height=\"576\" srcset=\"https:\/\/franciscanos.org.br\/noticias\/wp-content\/uploads\/2024\/07\/foto-materia-2-1024x576.jpg 1024w, https:\/\/franciscanos.org.br\/noticias\/wp-content\/uploads\/2024\/07\/foto-materia-2-450x253.jpg 450w, https:\/\/franciscanos.org.br\/noticias\/wp-content\/uploads\/2024\/07\/foto-materia-2-768x432.jpg 768w, https:\/\/franciscanos.org.br\/noticias\/wp-content\/uploads\/2024\/07\/foto-materia-2-150x84.jpg 150w, https:\/\/franciscanos.org.br\/noticias\/wp-content\/uploads\/2024\/07\/foto-materia-2.jpg 1280w\" sizes=\"(max-width: 1024px) 100vw, 1024px\" \/><\/p>\n<p>Este m\u00eas marca uma d\u00e9cada de transforma\u00e7\u00f5es e conquistas da Casa Perfeita Alegria, Peri, iniciativa do Sefras &#8211; A\u00e7\u00e3o Social Franciscana voltada a crian\u00e7as e adolescentes de um dos bairros mais vulner\u00e1veis de S\u00e3o Paulo, o Jardim Pery Alto. Na manh\u00e3 do \u00faltimo s\u00e1bado, 27, o projeto celebrou este marco com uma grande festa na F\u00e1brica de Cultura da Brasil\u00e2ndia, reunindo fam\u00edlias, parceiros e a comunidade em uma celebra\u00e7\u00e3o repleta de alegria e esperan\u00e7a.<\/p>\n<p><img loading=\"lazy\" class=\" wp-image-249465 alignleft\" src=\"https:\/\/franciscanos.org.br\/noticias\/wp-content\/uploads\/2024\/07\/32575b_c78d998a6744484db7b8926d88dd2fccmv21-431x450.jpg\" alt=\"\" width=\"255\" height=\"266\" srcset=\"https:\/\/franciscanos.org.br\/noticias\/wp-content\/uploads\/2024\/07\/32575b_c78d998a6744484db7b8926d88dd2fccmv21-431x450.jpg 431w, https:\/\/franciscanos.org.br\/noticias\/wp-content\/uploads\/2024\/07\/32575b_c78d998a6744484db7b8926d88dd2fccmv21-768x802.jpg 768w, https:\/\/franciscanos.org.br\/noticias\/wp-content\/uploads\/2024\/07\/32575b_c78d998a6744484db7b8926d88dd2fccmv21-150x157.jpg 150w, https:\/\/franciscanos.org.br\/noticias\/wp-content\/uploads\/2024\/07\/32575b_c78d998a6744484db7b8926d88dd2fccmv21.jpg 796w\" sizes=\"(max-width: 255px) 100vw, 255px\" \/>Desde o in\u00edcio, o Perfeita Alegria, Peri se destacou pelo seu compromisso em acolher, cuidar e defender. O presidente do Sefras, Frei Jos\u00e9 Francisco de C\u00e1ssia dos Santos compartilhou com emo\u00e7\u00e3o: &#8220;Nossa presen\u00e7a no Peri teve in\u00edcio em nossa fraternidade, quando discutimos sobre nosso trabalho at\u00e9 ent\u00e3o e passamos a buscar regi\u00f5es mais desafiadores para atuar, sempre com a op\u00e7\u00e3o de estar junto com os mais empobrecidos\u201d. Com mais de 1200 crian\u00e7as impactadas ao longo dos anos, a Casa se estabeleceu como uma refer\u00eancia em apoio e desenvolvimento infantil em uma das regi\u00f5es mais vulner\u00e1veis de S\u00e3o Paulo. A festa de comemora\u00e7\u00e3o contou com apresenta\u00e7\u00f5es art\u00edsticas de crian\u00e7as e adolescentes que participam das oficinas culturais oferecidas pelo servi\u00e7o. Essas oficinas, que abrangem desde percuss\u00e3o, escaleta, violino, teatro, bal\u00e9, grafite, circo, canto coral, fotografia, dan\u00e7a popular at\u00e9 inicia\u00e7\u00e3o art\u00edstica, s\u00e3o o carro-chefe do Perfeita Alegria, Peri. As apresenta\u00e7\u00f5es foram emocionantes, refletindo o talento e a dedica\u00e7\u00e3o dos jovens artistas.<\/p>\n<p>Al\u00e9m das atividades culturais, o projeto promove rodas de conversa, passeios culturais e atividades participativas que abordam temas ligados \u00e0 pol\u00edtica, sociedade, cidadania, cultura e esporte. Essas a\u00e7\u00f5es s\u00e3o essenciais para o fortalecimento de v\u00ednculos familiares e comunit\u00e1rios, trazendo pais, familiares e respons\u00e1veis para perto dos espa\u00e7os de discuss\u00e3o e delibera\u00e7\u00e3o do servi\u00e7o. Esse engajamento \u00e9 fundamental para a constru\u00e7\u00e3o e constitui\u00e7\u00e3o do F\u00f3rum Regional de Defesa dos Direitos Humanos da Crian\u00e7a e do Adolescente.<\/p>\n<p>A festa tamb\u00e9m foi uma oportunidade para reconhecer e agradecer a todos os parceiros que tornaram esses 10 anos poss\u00edveis. A coordenadora\u00a0 \u00c2ngela destacou a import\u00e2ncia dessa rede de solidariedade: &#8220;Cada pessoa foi importante nessa hist\u00f3ria e estamos muito agradecidos para tudo o que conseguimos at\u00e9 aqui. Que venham mais 10, 20, ou 30 anos para o Periz\u00e3o&#8221;.<\/p>\n<p><strong>Sefras Crian\u00e7as \u2013 Peri<\/strong><\/p>\n<p>O Perfeita Alegria \u2013 Peri tamb\u00e9m \u00e9 conhecido por suas a\u00e7\u00f5es comunit\u00e1rias, como o Grito de Carnaval contra a Explora\u00e7\u00e3o Sexual de Crian\u00e7as e Adolescentes, o Ato de Combate ao Trabalho Infantil, a comemora\u00e7\u00e3o do anivers\u00e1rio do ECA, e a mobiliza\u00e7\u00e3o no Dia Nacional de Combate ao Abuso e Explora\u00e7\u00e3o Sexual de Crian\u00e7as e Adolescentes, em 18 de maio. Essas iniciativas n\u00e3o apenas sensibilizam a comunidade, mas tamb\u00e9m promovem a defesa dos direitos das crian\u00e7as e adolescentes.<\/p>\n<div data-hook=\"rcv-block13\">\n<p>Desde 2019, o projeto tamb\u00e9m tem se dedicado ao empoderamento feminino atrav\u00e9s do grupo Respeita as Minas, que visa articular meninas para acesso aos direitos e combater a viol\u00eancia de g\u00eanero.<\/p>\n<p><strong>Realidade do Distrito de Cachoeirinha<\/strong><br \/>\n<img loading=\"lazy\" class=\" wp-image-249461 alignright\" src=\"https:\/\/franciscanos.org.br\/noticias\/wp-content\/uploads\/2024\/07\/32575b_357ce4e5fe424fd49c59501a78859972mv2.jpg\" alt=\"\" width=\"364\" height=\"242\" srcset=\"https:\/\/franciscanos.org.br\/noticias\/wp-content\/uploads\/2024\/07\/32575b_357ce4e5fe424fd49c59501a78859972mv2.jpg 350w, https:\/\/franciscanos.org.br\/noticias\/wp-content\/uploads\/2024\/07\/32575b_357ce4e5fe424fd49c59501a78859972mv2-150x100.jpg 150w\" sizes=\"(max-width: 364px) 100vw, 364px\" \/>O Perfeita Alegria, Peri fica no Distrito da Cachoeirinha, na Subprefeitura da Casa Verde e Cachoeirinha, e atende 120 crian\u00e7as e adolescentes. De acordo com o \u00cdndice de Vulnerabilidade Social da Funda\u00e7\u00e3o Seade, 9,9% dos habitantes do distrito est\u00e3o em situa\u00e7\u00e3o de vulnerabilidade muito alta. Em 2010, a renda per capita m\u00e9dia da Cachoeirinha era de R$ 874,21, com 38% da popula\u00e7\u00e3o ganhando at\u00e9 dois sal\u00e1rios m\u00ednimos, conforme levantamento da Funda\u00e7\u00e3o Seade.<br \/>\nNo que diz respeito \u00e0 escolaridade, 48% da popula\u00e7\u00e3o da Cachoeirinha conclu\u00edram o Ensino Fundamental, 43% o Ensino M\u00e9dio, e apenas 9% possu\u00edam o Ensino Superior. Os chefes de domic\u00edlio tinham, em m\u00e9dia, 4,4 anos de estudo, sendo 82,4% alfabetizados e 19% com o Ensino Fundamental completo.<\/p>\n<p><strong>Atividades e Educa\u00e7\u00e3o Complementar<\/strong><br \/>\nFrente a essa realidade, o Sefras fornece, no contraturno escolar, atividades de forma\u00e7\u00e3o pol\u00edtica para as crian\u00e7as e adolescentes atendidos, como oficinas, rodas de conversa, passeios culturais e atividades participativas com temas ligados \u00e0 pol\u00edtica, sociedade, cidadania, cultura e esporte. Ainda, busca fortalecer v\u00ednculos familiares e comunit\u00e1rios, trazendo pais, familiares e respons\u00e1veis para os espa\u00e7os de discuss\u00e3o e delibera\u00e7\u00e3o, ajudando na constru\u00e7\u00e3o e constitui\u00e7\u00e3o do F\u00f3rum Regional de Defesa dos Direitos Humanos da Crian\u00e7a e do Adolescente.<\/p>\n<p><strong>Empoderamento Feminino e Desafios<\/strong><\/p>\n<p><img loading=\"lazy\" class=\" wp-image-249460 alignleft\" src=\"https:\/\/franciscanos.org.br\/noticias\/wp-content\/uploads\/2024\/07\/10-ANOS-PROJETO-PERFEITA-ALEGRIA-20-337x450.jpg\" alt=\"\" width=\"303\" height=\"405\" srcset=\"https:\/\/franciscanos.org.br\/noticias\/wp-content\/uploads\/2024\/07\/10-ANOS-PROJETO-PERFEITA-ALEGRIA-20-337x450.jpg 337w, https:\/\/franciscanos.org.br\/noticias\/wp-content\/uploads\/2024\/07\/10-ANOS-PROJETO-PERFEITA-ALEGRIA-20-150x200.jpg 150w, https:\/\/franciscanos.org.br\/noticias\/wp-content\/uploads\/2024\/07\/10-ANOS-PROJETO-PERFEITA-ALEGRIA-20.jpg 413w\" sizes=\"(max-width: 303px) 100vw, 303px\" \/>De acordo com o IBGE (2019), 52,11% da popula\u00e7\u00e3o da regi\u00e3o \u00e9 composta por mulheres. Observou-se no atendimento \u00e0s meninas do servi\u00e7o narrativas de experi\u00eancias de ass\u00e9dio, viol\u00eancia de g\u00eanero e conviv\u00eancia com pr\u00e1ticas machistas e mis\u00f3ginas. O Mapa da Desigualdade da Rede Nossa S\u00e3o Paulo apontou que, no Distrito de Cachoeirinha, o coeficiente de mulheres que sofreram viol\u00eancia em 2018 foi de 208,5 para cada 1000. O mesmo mapa indica que o coeficiente de adolescentes gr\u00e1vidas no distrito \u00e9 de 12,4%, acima da m\u00e9dia da cidade de S\u00e3o Paulo, que \u00e9 de 9,8%.<\/p>\n<p><strong>O Projeto \u201cRespeita as Minas\u201d<\/strong><br \/>\nO grupo \u201cRespeita as Minas\u201d surgiu como resposta a esse cen\u00e1rio, com o objetivo de escutar demandas, construir propostas de orienta\u00e7\u00e3o e fortalecimento das meninas, e articular de forma comunit\u00e1ria para que essas pautas sejam reconhecidas e enfrentadas.<br \/>\nAo longo dos anos, o Perfeita Alegria \u2013 Peri tem se mostrado uma verdadeira for\u00e7a transformadora, impactando vidas e criando oportunidades em um ambiente de acolhimento e prote\u00e7\u00e3o. Com a comemora\u00e7\u00e3o dos 10 anos, o Sefras reafirma seu compromisso em continuar essa jornada de inclus\u00e3o e desenvolvimento, sempre buscando acolher, cuidar e defender aqueles que mais precisam.<\/p>\n<hr \/>\n<\/div>\n<div data-breakout=\"normal\">\n<div data-hook=\"rcv-block20\">\n<div data-hook=\"rcv-block23\">\n<div class=\"nLG8d5\" data-hook=\"post-description\">\n<article class=\"blog-post-page-font\">\n<div class=\"post-content__body stSKMK\">\n<div class=\"moHCnT\">\n<div class=\"moHCnT\">\n<div class=\"fTEXDR\" data-rce-version=\"10.82.3\">\n<div class=\"ZfUG-\" dir=\"ltr\" data-id=\"content-viewer\">\n<div class=\"d5f0O\">\n<div data-hook=\"rcv-block-last\">Rodrigo Zavala &#8211; Sefras<\/div>\n<\/div>\n<\/div>\n<\/div>\n<\/div>\n<\/div>\n<\/div>\n<\/article>\n<\/div>\n<div class=\"BL3dva\">\n<div class=\"OSxNQL\">\n<div id=\"post-footer\" class=\"OFA52E jG7PL8\">\n<div class=\"ux83lW\" data-hook=\"post-main-actions-desktop\"><\/div>\n<\/div>\n<\/div>\n<\/div>\n<\/div>\n<\/div>\n<\/div>\n","protected":false},"excerpt":{"rendered":"<p>A\u00e7\u00e3o Social Franciscana \u00e9 voltada a crian\u00e7as e adolescentes de um dos bairros mais vulner\u00e1veis de S\u00e3o Paulo<\/p>\n","protected":false},"author":11,"featured_media":249461,"comment_status":"open","ping_status":"open","sticky":false,"template":"","format":"standard","meta":[],"categories":[1],"tags":[228],"acf":[],"yoast_head":"<!-- This site is optimized with the Yoast SEO plugin v19.2 - https:\/\/yoast.com\/wordpress\/plugins\/seo\/ -->\n<title>Sefras: Casa Perfeita Alegria Peri completa 10 anos - Not\u00edcias - Franciscanos<\/title>\n<meta name=\"robots\" content=\"index, follow, max-snippet:-1, max-image-preview:large, max-video-preview:-1\" \/>\n<link rel=\"canonical\" href=\"https:\/\/franciscanos.org.br\/noticias\/sefras-casa-perfeita-alegria-peri-completa-10-anos.html\" \/>\n<meta property=\"og:locale\" content=\"pt_BR\" \/>\n<meta property=\"og:type\" content=\"article\" \/>\n<meta property=\"og:title\" content=\"Sefras: Casa Perfeita Alegria Peri completa 10 anos - Not\u00edcias - Franciscanos\" \/>\n<meta property=\"og:description\" content=\"A\u00e7\u00e3o Social Franciscana \u00e9 voltada a crian\u00e7as e adolescentes de um dos bairros mais vulner\u00e1veis de S\u00e3o Paulo\" \/>\n<meta property=\"og:url\" content=\"https:\/\/franciscanos.org.br\/noticias\/sefras-casa-perfeita-alegria-peri-completa-10-anos.html\" \/>\n<meta property=\"og:site_name\" content=\"Not\u00edcias - Franciscanos\" \/>\n<meta property=\"article:published_time\" content=\"2024-07-30T20:26:08+00:00\" \/>\n<meta property=\"article:modified_time\" content=\"2024-07-30T20:34:30+00:00\" \/>\n<meta property=\"og:image\" content=\"https:\/\/franciscanos.org.br\/noticias\/wp-content\/uploads\/2024\/07\/32575b_357ce4e5fe424fd49c59501a78859972mv2.jpg\" \/>\n\t<meta property=\"og:image:width\" content=\"350\" \/>\n\t<meta property=\"og:image:height\" content=\"233\" \/>\n\t<meta property=\"og:image:type\" content=\"image\/jpeg\" \/>\n<meta name=\"author\" content=\"Adriana Rabelo\" \/>\n<meta name=\"twitter:card\" content=\"summary_large_image\" \/>\n<meta name=\"twitter:label1\" content=\"Escrito por\" \/>\n\t<meta name=\"twitter:data1\" content=\"Adriana Rabelo\" \/>\n\t<meta name=\"twitter:label2\" content=\"Est. tempo de leitura\" \/>\n\t<meta name=\"twitter:data2\" content=\"5 minutos\" \/>\n<script type=\"application\/ld+json\" class=\"yoast-schema-graph\">{\"@context\":\"https:\/\/schema.org\",\"@graph\":[{\"@type\":\"WebSite\",\"@id\":\"https:\/\/franciscanos.org.br\/noticias\/#website\",\"url\":\"https:\/\/franciscanos.org.br\/noticias\/\",\"name\":\"Not\u00edcias - Franciscanos\",\"description\":\"Prov\u00edncia Franciscana da Imaculada Concei\u00e7\u00e3o do Brasil - Ordem dos Frades Menores - OFM\",\"potentialAction\":[{\"@type\":\"SearchAction\",\"target\":{\"@type\":\"EntryPoint\",\"urlTemplate\":\"https:\/\/franciscanos.org.br\/noticias\/?s={search_term_string}\"},\"query-input\":\"required name=search_term_string\"}],\"inLanguage\":\"pt-BR\"},{\"@type\":\"ImageObject\",\"inLanguage\":\"pt-BR\",\"@id\":\"https:\/\/franciscanos.org.br\/noticias\/sefras-casa-perfeita-alegria-peri-completa-10-anos.html#primaryimage\",\"url\":\"https:\/\/franciscanos.org.br\/noticias\/wp-content\/uploads\/2024\/07\/32575b_357ce4e5fe424fd49c59501a78859972mv2.jpg\",\"contentUrl\":\"https:\/\/franciscanos.org.br\/noticias\/wp-content\/uploads\/2024\/07\/32575b_357ce4e5fe424fd49c59501a78859972mv2.jpg\",\"width\":350,\"height\":233},{\"@type\":\"WebPage\",\"@id\":\"https:\/\/franciscanos.org.br\/noticias\/sefras-casa-perfeita-alegria-peri-completa-10-anos.html#webpage\",\"url\":\"https:\/\/franciscanos.org.br\/noticias\/sefras-casa-perfeita-alegria-peri-completa-10-anos.html\",\"name\":\"Sefras: Casa Perfeita Alegria Peri completa 10 anos - Not\u00edcias - Franciscanos\",\"isPartOf\":{\"@id\":\"https:\/\/franciscanos.org.br\/noticias\/#website\"},\"primaryImageOfPage\":{\"@id\":\"https:\/\/franciscanos.org.br\/noticias\/sefras-casa-perfeita-alegria-peri-completa-10-anos.html#primaryimage\"},\"datePublished\":\"2024-07-30T20:26:08+00:00\",\"dateModified\":\"2024-07-30T20:34:30+00:00\",\"author\":{\"@id\":\"https:\/\/franciscanos.org.br\/noticias\/#\/schema\/person\/d9422e83121c3ad3b0f423d195f5bb25\"},\"breadcrumb\":{\"@id\":\"https:\/\/franciscanos.org.br\/noticias\/sefras-casa-perfeita-alegria-peri-completa-10-anos.html#breadcrumb\"},\"inLanguage\":\"pt-BR\",\"potentialAction\":[{\"@type\":\"ReadAction\",\"target\":[\"https:\/\/franciscanos.org.br\/noticias\/sefras-casa-perfeita-alegria-peri-completa-10-anos.html\"]}]},{\"@type\":\"BreadcrumbList\",\"@id\":\"https:\/\/franciscanos.org.br\/noticias\/sefras-casa-perfeita-alegria-peri-completa-10-anos.html#breadcrumb\",\"itemListElement\":[{\"@type\":\"ListItem\",\"position\":1,\"name\":\"Home\",\"item\":\"https:\/\/franciscanos.org.br\/noticias\"},{\"@type\":\"ListItem\",\"position\":2,\"name\":\"Sefras: Casa Perfeita Alegria Peri completa 10 anos\"}]},{\"@type\":\"Person\",\"@id\":\"https:\/\/franciscanos.org.br\/noticias\/#\/schema\/person\/d9422e83121c3ad3b0f423d195f5bb25\",\"name\":\"Adriana Rabelo\",\"image\":{\"@type\":\"ImageObject\",\"inLanguage\":\"pt-BR\",\"@id\":\"https:\/\/franciscanos.org.br\/noticias\/#\/schema\/person\/image\/\",\"url\":\"https:\/\/secure.gravatar.com\/avatar\/0a937b7500cd7df77540cfb8bede877d?s=96&d=mm&r=g\",\"contentUrl\":\"https:\/\/secure.gravatar.com\/avatar\/0a937b7500cd7df77540cfb8bede877d?s=96&d=mm&r=g\",\"caption\":\"Adriana Rabelo\"},\"url\":\"https:\/\/franciscanos.org.br\/noticias\/author\/adrianarabelo\"}]}<\/script>\n<!-- \/ Yoast SEO plugin. -->","yoast_head_json":{"title":"Sefras: Casa Perfeita Alegria Peri completa 10 anos - Not\u00edcias - Franciscanos","robots":{"index":"index","follow":"follow","max-snippet":"max-snippet:-1","max-image-preview":"max-image-preview:large","max-video-preview":"max-video-preview:-1"},"canonical":"https:\/\/franciscanos.org.br\/noticias\/sefras-casa-perfeita-alegria-peri-completa-10-anos.html","og_locale":"pt_BR","og_type":"article","og_title":"Sefras: Casa Perfeita Alegria Peri completa 10 anos - Not\u00edcias - Franciscanos","og_description":"A\u00e7\u00e3o Social Franciscana \u00e9 voltada a crian\u00e7as e adolescentes de um dos bairros mais vulner\u00e1veis de S\u00e3o Paulo","og_url":"https:\/\/franciscanos.org.br\/noticias\/sefras-casa-perfeita-alegria-peri-completa-10-anos.html","og_site_name":"Not\u00edcias - Franciscanos","article_published_time":"2024-07-30T20:26:08+00:00","article_modified_time":"2024-07-30T20:34:30+00:00","og_image":[{"width":350,"height":233,"url":"https:\/\/franciscanos.org.br\/noticias\/wp-content\/uploads\/2024\/07\/32575b_357ce4e5fe424fd49c59501a78859972mv2.jpg","type":"image\/jpeg"}],"author":"Adriana Rabelo","twitter_card":"summary_large_image","twitter_misc":{"Escrito por":"Adriana Rabelo","Est. tempo de leitura":"5 minutos"},"schema":{"@context":"https:\/\/schema.org","@graph":[{"@type":"WebSite","@id":"https:\/\/franciscanos.org.br\/noticias\/#website","url":"https:\/\/franciscanos.org.br\/noticias\/","name":"Not\u00edcias - Franciscanos","description":"Prov\u00edncia Franciscana da Imaculada Concei\u00e7\u00e3o do Brasil - Ordem dos Frades Menores - OFM","potentialAction":[{"@type":"SearchAction","target":{"@type":"EntryPoint","urlTemplate":"https:\/\/franciscanos.org.br\/noticias\/?s={search_term_string}"},"query-input":"required name=search_term_string"}],"inLanguage":"pt-BR"},{"@type":"ImageObject","inLanguage":"pt-BR","@id":"https:\/\/franciscanos.org.br\/noticias\/sefras-casa-perfeita-alegria-peri-completa-10-anos.html#primaryimage","url":"https:\/\/franciscanos.org.br\/noticias\/wp-content\/uploads\/2024\/07\/32575b_357ce4e5fe424fd49c59501a78859972mv2.jpg","contentUrl":"https:\/\/franciscanos.org.br\/noticias\/wp-content\/uploads\/2024\/07\/32575b_357ce4e5fe424fd49c59501a78859972mv2.jpg","width":350,"height":233},{"@type":"WebPage","@id":"https:\/\/franciscanos.org.br\/noticias\/sefras-casa-perfeita-alegria-peri-completa-10-anos.html#webpage","url":"https:\/\/franciscanos.org.br\/noticias\/sefras-casa-perfeita-alegria-peri-completa-10-anos.html","name":"Sefras: Casa Perfeita Alegria Peri completa 10 anos - Not\u00edcias - Franciscanos","isPartOf":{"@id":"https:\/\/franciscanos.org.br\/noticias\/#website"},"primaryImageOfPage":{"@id":"https:\/\/franciscanos.org.br\/noticias\/sefras-casa-perfeita-alegria-peri-completa-10-anos.html#primaryimage"},"datePublished":"2024-07-30T20:26:08+00:00","dateModified":"2024-07-30T20:34:30+00:00","author":{"@id":"https:\/\/franciscanos.org.br\/noticias\/#\/schema\/person\/d9422e83121c3ad3b0f423d195f5bb25"},"breadcrumb":{"@id":"https:\/\/franciscanos.org.br\/noticias\/sefras-casa-perfeita-alegria-peri-completa-10-anos.html#breadcrumb"},"inLanguage":"pt-BR","potentialAction":[{"@type":"ReadAction","target":["https:\/\/franciscanos.org.br\/noticias\/sefras-casa-perfeita-alegria-peri-completa-10-anos.html"]}]},{"@type":"BreadcrumbList","@id":"https:\/\/franciscanos.org.br\/noticias\/sefras-casa-perfeita-alegria-peri-completa-10-anos.html#breadcrumb","itemListElement":[{"@type":"ListItem","position":1,"name":"Home","item":"https:\/\/franciscanos.org.br\/noticias"},{"@type":"ListItem","position":2,"name":"Sefras: Casa Perfeita Alegria Peri completa 10 anos"}]},{"@type":"Person","@id":"https:\/\/franciscanos.org.br\/noticias\/#\/schema\/person\/d9422e83121c3ad3b0f423d195f5bb25","name":"Adriana Rabelo","image":{"@type":"ImageObject","inLanguage":"pt-BR","@id":"https:\/\/franciscanos.org.br\/noticias\/#\/schema\/person\/image\/","url":"https:\/\/secure.gravatar.com\/avatar\/0a937b7500cd7df77540cfb8bede877d?s=96&d=mm&r=g","contentUrl":"https:\/\/secure.gravatar.com\/avatar\/0a937b7500cd7df77540cfb8bede877d?s=96&d=mm&r=g","caption":"Adriana Rabelo"},"url":"https:\/\/franciscanos.org.br\/noticias\/author\/adrianarabelo"}]}},"_links":{"self":[{"href":"https:\/\/franciscanos.org.br\/noticias\/wp-json\/wp\/v2\/posts\/249457"}],"collection":[{"href":"https:\/\/franciscanos.org.br\/noticias\/wp-json\/wp\/v2\/posts"}],"about":[{"href":"https:\/\/franciscanos.org.br\/noticias\/wp-json\/wp\/v2\/types\/post"}],"author":[{"embeddable":true,"href":"https:\/\/franciscanos.org.br\/noticias\/wp-json\/wp\/v2\/users\/11"}],"replies":[{"embeddable":true,"href":"https:\/\/franciscanos.org.br\/noticias\/wp-json\/wp\/v2\/comments?post=249457"}],"version-history":[{"count":19,"href":"https:\/\/franciscanos.org.br\/noticias\/wp-json\/wp\/v2\/posts\/249457\/revisions"}],"predecessor-version":[{"id":249482,"href":"https:\/\/franciscanos.org.br\/noticias\/wp-json\/wp\/v2\/posts\/249457\/revisions\/249482"}],"wp:featuredmedia":[{"embeddable":true,"href":"https:\/\/franciscanos.org.br\/noticias\/wp-json\/wp\/v2\/media\/249461"}],"wp:attachment":[{"href":"https:\/\/franciscanos.org.br\/noticias\/wp-json\/wp\/v2\/media?parent=249457"}],"wp:term":[{"taxonomy":"category","embeddable":true,"href":"https:\/\/franciscanos.org.br\/noticias\/wp-json\/wp\/v2\/categories?post=249457"},{"taxonomy":"post_tag","embeddable":true,"href":"https:\/\/franciscanos.org.br\/noticias\/wp-json\/wp\/v2\/tags?post=249457"}],"curies":[{"name":"wp","href":"https:\/\/api.w.org\/{rel}","templated":true}]}}