{"id":249447,"date":"2024-07-29T17:17:14","date_gmt":"2024-07-29T20:17:14","guid":{"rendered":"https:\/\/franciscanos.org.br\/noticias\/?p=249447"},"modified":"2024-07-30T15:27:25","modified_gmt":"2024-07-30T18:27:25","slug":"participe-da-nossa-pesquisa-de-opiniao","status":"publish","type":"post","link":"https:\/\/franciscanos.org.br\/noticias\/participe-da-nossa-pesquisa-de-opiniao.html","title":{"rendered":"Participe da nossa Pesquisa de Opini\u00e3o!"},"content":{"rendered":"<p><img loading=\"lazy\" class=\"aligncenter wp-image-249448 size-full\" src=\"https:\/\/franciscanos.org.br\/noticias\/wp-content\/uploads\/2024\/07\/banner_1280_720.jpg\" alt=\"\" width=\"1280\" height=\"720\" srcset=\"https:\/\/franciscanos.org.br\/noticias\/wp-content\/uploads\/2024\/07\/banner_1280_720.jpg 1280w, https:\/\/franciscanos.org.br\/noticias\/wp-content\/uploads\/2024\/07\/banner_1280_720-450x253.jpg 450w, https:\/\/franciscanos.org.br\/noticias\/wp-content\/uploads\/2024\/07\/banner_1280_720-1024x576.jpg 1024w, https:\/\/franciscanos.org.br\/noticias\/wp-content\/uploads\/2024\/07\/banner_1280_720-768x432.jpg 768w, https:\/\/franciscanos.org.br\/noticias\/wp-content\/uploads\/2024\/07\/banner_1280_720-150x84.jpg 150w\" sizes=\"(max-width: 1280px) 100vw, 1280px\" \/><\/p>\n<p>A <strong>sede da Prov\u00edncia\u00a0 Franciscana da Imaculada Concei\u00e7\u00e3o do Brasil<\/strong> est\u00e1 trabalhando para melhorar seu relacionamento com todos aqueles que se identificam com o carisma e a espiritualidade franciscana.<br \/>\nS\u00e3o Francisco de Assis sempre foi claro, simples e terno na forma de se comunicar com todas as criaturas. Inspirado no Evangelho, propagou os ensinamentos deixados por Jesus Cristo de forma que sua mensagem chegasse a todos.<br \/>\nComo peregrinos da esperan\u00e7a e semeadores da Boa Nova, devemos buscar caminhos para que sempre possamos ser pontes ao inv\u00e9s de muros. Seguindo os passos de S\u00e3o Francisco queremos ser mais eficientes em nossa comunica\u00e7\u00e3o para alcan\u00e7ar mais e mais filhos e filhas de Deus.<br \/>\nPara isso, estamos realizando uma pesquisa com o objetivo de entender como a comunica\u00e7\u00e3o e a imagem da sede provincial s\u00e3o percebidas, em nossos diferentes canais de comunica\u00e7\u00e3o, pela comunidade de frades, vocacionados, Fam\u00edlia Franciscana e aqueles que se identificam com a nossa miss\u00e3o evangelizadora.<\/p>\n<p>A pesquisa \u00e9 online e ficar\u00e1 dispon\u00edvel <strong>at\u00e9 o dia 9 de agosto<\/strong>. A participa\u00e7\u00e3o \u00e9 <strong>an\u00f4nima<\/strong> e leva apenas alguns minutos.<\/p>\n<p>Clique na imagem abaixo para responder \u00e0 pesquisa. A sua opini\u00e3o \u00e9 essencial para nos ajudar a melhorar!<\/p>\n<p><a href=\"https:\/\/forms.gle\/z3oY2oStZPZJeSAS8\"><img loading=\"lazy\" class=\"aligncenter wp-image-249454 size-large\" src=\"https:\/\/franciscanos.org.br\/noticias\/wp-content\/uploads\/2024\/07\/Imagem-do-WhatsApp-de-2024-07-30-as-15.24.59_3b72a325-1024x256.jpg\" alt=\"\" width=\"1024\" height=\"256\" srcset=\"https:\/\/franciscanos.org.br\/noticias\/wp-content\/uploads\/2024\/07\/Imagem-do-WhatsApp-de-2024-07-30-as-15.24.59_3b72a325-1024x256.jpg 1024w, https:\/\/franciscanos.org.br\/noticias\/wp-content\/uploads\/2024\/07\/Imagem-do-WhatsApp-de-2024-07-30-as-15.24.59_3b72a325-450x113.jpg 450w, https:\/\/franciscanos.org.br\/noticias\/wp-content\/uploads\/2024\/07\/Imagem-do-WhatsApp-de-2024-07-30-as-15.24.59_3b72a325-768x192.jpg 768w, https:\/\/franciscanos.org.br\/noticias\/wp-content\/uploads\/2024\/07\/Imagem-do-WhatsApp-de-2024-07-30-as-15.24.59_3b72a325-1536x384.jpg 1536w, https:\/\/franciscanos.org.br\/noticias\/wp-content\/uploads\/2024\/07\/Imagem-do-WhatsApp-de-2024-07-30-as-15.24.59_3b72a325-150x38.jpg 150w, https:\/\/franciscanos.org.br\/noticias\/wp-content\/uploads\/2024\/07\/Imagem-do-WhatsApp-de-2024-07-30-as-15.24.59_3b72a325.jpg 1600w\" sizes=\"(max-width: 1024px) 100vw, 1024px\" \/><\/a><\/p>\n<p>Paz e bem!<\/p>\n","protected":false},"excerpt":{"rendered":"<p>O objetivo \u00e9 melhorar a comunica\u00e7\u00e3o da Prov\u00edncia da Imaculada Concei\u00e7\u00e3o do Brasil<\/p>\n","protected":false},"author":11,"featured_media":249449,"comment_status":"open","ping_status":"open","sticky":false,"template":"","format":"standard","meta":[],"categories":[1],"tags":[545],"acf":[],"yoast_head":"<!-- This site is optimized with the Yoast SEO plugin v19.2 - https:\/\/yoast.com\/wordpress\/plugins\/seo\/ -->\n<title>Participe da nossa Pesquisa de Opini\u00e3o! - Not\u00edcias - Franciscanos<\/title>\n<meta name=\"robots\" content=\"index, follow, max-snippet:-1, max-image-preview:large, max-video-preview:-1\" \/>\n<link rel=\"canonical\" href=\"https:\/\/franciscanos.org.br\/noticias\/participe-da-nossa-pesquisa-de-opiniao.html\" \/>\n<meta property=\"og:locale\" content=\"pt_BR\" \/>\n<meta property=\"og:type\" content=\"article\" \/>\n<meta property=\"og:title\" content=\"Participe da nossa Pesquisa de Opini\u00e3o! - Not\u00edcias - Franciscanos\" \/>\n<meta property=\"og:description\" content=\"O objetivo \u00e9 melhorar a comunica\u00e7\u00e3o da Prov\u00edncia da Imaculada Concei\u00e7\u00e3o do Brasil\" \/>\n<meta property=\"og:url\" content=\"https:\/\/franciscanos.org.br\/noticias\/participe-da-nossa-pesquisa-de-opiniao.html\" \/>\n<meta property=\"og:site_name\" content=\"Not\u00edcias - Franciscanos\" \/>\n<meta property=\"article:published_time\" content=\"2024-07-29T20:17:14+00:00\" \/>\n<meta property=\"article:modified_time\" content=\"2024-07-30T18:27:25+00:00\" \/>\n<meta property=\"og:image\" content=\"https:\/\/franciscanos.org.br\/noticias\/wp-content\/uploads\/2024\/07\/banner_800_550.jpg\" \/>\n\t<meta property=\"og:image:width\" content=\"800\" \/>\n\t<meta property=\"og:image:height\" content=\"550\" \/>\n\t<meta property=\"og:image:type\" content=\"image\/jpeg\" \/>\n<meta name=\"author\" content=\"Adriana Rabelo\" \/>\n<meta name=\"twitter:card\" content=\"summary_large_image\" \/>\n<meta name=\"twitter:label1\" content=\"Escrito por\" \/>\n\t<meta name=\"twitter:data1\" content=\"Adriana Rabelo\" \/>\n\t<meta name=\"twitter:label2\" content=\"Est. tempo de leitura\" \/>\n\t<meta name=\"twitter:data2\" content=\"2 minutos\" \/>\n<script type=\"application\/ld+json\" class=\"yoast-schema-graph\">{\"@context\":\"https:\/\/schema.org\",\"@graph\":[{\"@type\":\"WebSite\",\"@id\":\"https:\/\/franciscanos.org.br\/noticias\/#website\",\"url\":\"https:\/\/franciscanos.org.br\/noticias\/\",\"name\":\"Not\u00edcias - Franciscanos\",\"description\":\"Prov\u00edncia Franciscana da Imaculada Concei\u00e7\u00e3o do Brasil - Ordem dos Frades Menores - OFM\",\"potentialAction\":[{\"@type\":\"SearchAction\",\"target\":{\"@type\":\"EntryPoint\",\"urlTemplate\":\"https:\/\/franciscanos.org.br\/noticias\/?s={search_term_string}\"},\"query-input\":\"required name=search_term_string\"}],\"inLanguage\":\"pt-BR\"},{\"@type\":\"ImageObject\",\"inLanguage\":\"pt-BR\",\"@id\":\"https:\/\/franciscanos.org.br\/noticias\/participe-da-nossa-pesquisa-de-opiniao.html#primaryimage\",\"url\":\"https:\/\/franciscanos.org.br\/noticias\/wp-content\/uploads\/2024\/07\/banner_800_550.jpg\",\"contentUrl\":\"https:\/\/franciscanos.org.br\/noticias\/wp-content\/uploads\/2024\/07\/banner_800_550.jpg\",\"width\":800,\"height\":550},{\"@type\":\"WebPage\",\"@id\":\"https:\/\/franciscanos.org.br\/noticias\/participe-da-nossa-pesquisa-de-opiniao.html#webpage\",\"url\":\"https:\/\/franciscanos.org.br\/noticias\/participe-da-nossa-pesquisa-de-opiniao.html\",\"name\":\"Participe da nossa Pesquisa de Opini\u00e3o! - Not\u00edcias - Franciscanos\",\"isPartOf\":{\"@id\":\"https:\/\/franciscanos.org.br\/noticias\/#website\"},\"primaryImageOfPage\":{\"@id\":\"https:\/\/franciscanos.org.br\/noticias\/participe-da-nossa-pesquisa-de-opiniao.html#primaryimage\"},\"datePublished\":\"2024-07-29T20:17:14+00:00\",\"dateModified\":\"2024-07-30T18:27:25+00:00\",\"author\":{\"@id\":\"https:\/\/franciscanos.org.br\/noticias\/#\/schema\/person\/d9422e83121c3ad3b0f423d195f5bb25\"},\"breadcrumb\":{\"@id\":\"https:\/\/franciscanos.org.br\/noticias\/participe-da-nossa-pesquisa-de-opiniao.html#breadcrumb\"},\"inLanguage\":\"pt-BR\",\"potentialAction\":[{\"@type\":\"ReadAction\",\"target\":[\"https:\/\/franciscanos.org.br\/noticias\/participe-da-nossa-pesquisa-de-opiniao.html\"]}]},{\"@type\":\"BreadcrumbList\",\"@id\":\"https:\/\/franciscanos.org.br\/noticias\/participe-da-nossa-pesquisa-de-opiniao.html#breadcrumb\",\"itemListElement\":[{\"@type\":\"ListItem\",\"position\":1,\"name\":\"Home\",\"item\":\"https:\/\/franciscanos.org.br\/noticias\"},{\"@type\":\"ListItem\",\"position\":2,\"name\":\"Participe da nossa Pesquisa de Opini\u00e3o!\"}]},{\"@type\":\"Person\",\"@id\":\"https:\/\/franciscanos.org.br\/noticias\/#\/schema\/person\/d9422e83121c3ad3b0f423d195f5bb25\",\"name\":\"Adriana Rabelo\",\"image\":{\"@type\":\"ImageObject\",\"inLanguage\":\"pt-BR\",\"@id\":\"https:\/\/franciscanos.org.br\/noticias\/#\/schema\/person\/image\/\",\"url\":\"https:\/\/secure.gravatar.com\/avatar\/0a937b7500cd7df77540cfb8bede877d?s=96&d=mm&r=g\",\"contentUrl\":\"https:\/\/secure.gravatar.com\/avatar\/0a937b7500cd7df77540cfb8bede877d?s=96&d=mm&r=g\",\"caption\":\"Adriana Rabelo\"},\"url\":\"https:\/\/franciscanos.org.br\/noticias\/author\/adrianarabelo\"}]}<\/script>\n<!-- \/ Yoast SEO plugin. -->","yoast_head_json":{"title":"Participe da nossa Pesquisa de Opini\u00e3o! - Not\u00edcias - Franciscanos","robots":{"index":"index","follow":"follow","max-snippet":"max-snippet:-1","max-image-preview":"max-image-preview:large","max-video-preview":"max-video-preview:-1"},"canonical":"https:\/\/franciscanos.org.br\/noticias\/participe-da-nossa-pesquisa-de-opiniao.html","og_locale":"pt_BR","og_type":"article","og_title":"Participe da nossa Pesquisa de Opini\u00e3o! - Not\u00edcias - Franciscanos","og_description":"O objetivo \u00e9 melhorar a comunica\u00e7\u00e3o da Prov\u00edncia da Imaculada Concei\u00e7\u00e3o do Brasil","og_url":"https:\/\/franciscanos.org.br\/noticias\/participe-da-nossa-pesquisa-de-opiniao.html","og_site_name":"Not\u00edcias - Franciscanos","article_published_time":"2024-07-29T20:17:14+00:00","article_modified_time":"2024-07-30T18:27:25+00:00","og_image":[{"width":800,"height":550,"url":"https:\/\/franciscanos.org.br\/noticias\/wp-content\/uploads\/2024\/07\/banner_800_550.jpg","type":"image\/jpeg"}],"author":"Adriana Rabelo","twitter_card":"summary_large_image","twitter_misc":{"Escrito por":"Adriana Rabelo","Est. tempo de leitura":"2 minutos"},"schema":{"@context":"https:\/\/schema.org","@graph":[{"@type":"WebSite","@id":"https:\/\/franciscanos.org.br\/noticias\/#website","url":"https:\/\/franciscanos.org.br\/noticias\/","name":"Not\u00edcias - Franciscanos","description":"Prov\u00edncia Franciscana da Imaculada Concei\u00e7\u00e3o do Brasil - Ordem dos Frades Menores - OFM","potentialAction":[{"@type":"SearchAction","target":{"@type":"EntryPoint","urlTemplate":"https:\/\/franciscanos.org.br\/noticias\/?s={search_term_string}"},"query-input":"required name=search_term_string"}],"inLanguage":"pt-BR"},{"@type":"ImageObject","inLanguage":"pt-BR","@id":"https:\/\/franciscanos.org.br\/noticias\/participe-da-nossa-pesquisa-de-opiniao.html#primaryimage","url":"https:\/\/franciscanos.org.br\/noticias\/wp-content\/uploads\/2024\/07\/banner_800_550.jpg","contentUrl":"https:\/\/franciscanos.org.br\/noticias\/wp-content\/uploads\/2024\/07\/banner_800_550.jpg","width":800,"height":550},{"@type":"WebPage","@id":"https:\/\/franciscanos.org.br\/noticias\/participe-da-nossa-pesquisa-de-opiniao.html#webpage","url":"https:\/\/franciscanos.org.br\/noticias\/participe-da-nossa-pesquisa-de-opiniao.html","name":"Participe da nossa Pesquisa de Opini\u00e3o! - Not\u00edcias - Franciscanos","isPartOf":{"@id":"https:\/\/franciscanos.org.br\/noticias\/#website"},"primaryImageOfPage":{"@id":"https:\/\/franciscanos.org.br\/noticias\/participe-da-nossa-pesquisa-de-opiniao.html#primaryimage"},"datePublished":"2024-07-29T20:17:14+00:00","dateModified":"2024-07-30T18:27:25+00:00","author":{"@id":"https:\/\/franciscanos.org.br\/noticias\/#\/schema\/person\/d9422e83121c3ad3b0f423d195f5bb25"},"breadcrumb":{"@id":"https:\/\/franciscanos.org.br\/noticias\/participe-da-nossa-pesquisa-de-opiniao.html#breadcrumb"},"inLanguage":"pt-BR","potentialAction":[{"@type":"ReadAction","target":["https:\/\/franciscanos.org.br\/noticias\/participe-da-nossa-pesquisa-de-opiniao.html"]}]},{"@type":"BreadcrumbList","@id":"https:\/\/franciscanos.org.br\/noticias\/participe-da-nossa-pesquisa-de-opiniao.html#breadcrumb","itemListElement":[{"@type":"ListItem","position":1,"name":"Home","item":"https:\/\/franciscanos.org.br\/noticias"},{"@type":"ListItem","position":2,"name":"Participe da nossa Pesquisa de Opini\u00e3o!"}]},{"@type":"Person","@id":"https:\/\/franciscanos.org.br\/noticias\/#\/schema\/person\/d9422e83121c3ad3b0f423d195f5bb25","name":"Adriana Rabelo","image":{"@type":"ImageObject","inLanguage":"pt-BR","@id":"https:\/\/franciscanos.org.br\/noticias\/#\/schema\/person\/image\/","url":"https:\/\/secure.gravatar.com\/avatar\/0a937b7500cd7df77540cfb8bede877d?s=96&d=mm&r=g","contentUrl":"https:\/\/secure.gravatar.com\/avatar\/0a937b7500cd7df77540cfb8bede877d?s=96&d=mm&r=g","caption":"Adriana Rabelo"},"url":"https:\/\/franciscanos.org.br\/noticias\/author\/adrianarabelo"}]}},"_links":{"self":[{"href":"https:\/\/franciscanos.org.br\/noticias\/wp-json\/wp\/v2\/posts\/249447"}],"collection":[{"href":"https:\/\/franciscanos.org.br\/noticias\/wp-json\/wp\/v2\/posts"}],"about":[{"href":"https:\/\/franciscanos.org.br\/noticias\/wp-json\/wp\/v2\/types\/post"}],"author":[{"embeddable":true,"href":"https:\/\/franciscanos.org.br\/noticias\/wp-json\/wp\/v2\/users\/11"}],"replies":[{"embeddable":true,"href":"https:\/\/franciscanos.org.br\/noticias\/wp-json\/wp\/v2\/comments?post=249447"}],"version-history":[{"count":6,"href":"https:\/\/franciscanos.org.br\/noticias\/wp-json\/wp\/v2\/posts\/249447\/revisions"}],"predecessor-version":[{"id":249456,"href":"https:\/\/franciscanos.org.br\/noticias\/wp-json\/wp\/v2\/posts\/249447\/revisions\/249456"}],"wp:featuredmedia":[{"embeddable":true,"href":"https:\/\/franciscanos.org.br\/noticias\/wp-json\/wp\/v2\/media\/249449"}],"wp:attachment":[{"href":"https:\/\/franciscanos.org.br\/noticias\/wp-json\/wp\/v2\/media?parent=249447"}],"wp:term":[{"taxonomy":"category","embeddable":true,"href":"https:\/\/franciscanos.org.br\/noticias\/wp-json\/wp\/v2\/categories?post=249447"},{"taxonomy":"post_tag","embeddable":true,"href":"https:\/\/franciscanos.org.br\/noticias\/wp-json\/wp\/v2\/tags?post=249447"}],"curies":[{"name":"wp","href":"https:\/\/api.w.org\/{rel}","templated":true}]}}