{"id":249433,"date":"2024-07-29T13:05:39","date_gmt":"2024-07-29T16:05:39","guid":{"rendered":"https:\/\/franciscanos.org.br\/noticias\/?p=249433"},"modified":"2025-03-10T16:08:39","modified_gmt":"2025-03-10T19:08:39","slug":"encontro-de-vocacionados-reune-jovens-no-seminario-sao-francisco-de-assis-em-ituporanga","status":"publish","type":"post","link":"https:\/\/franciscanos.org.br\/noticias\/encontro-de-vocacionados-reune-jovens-no-seminario-sao-francisco-de-assis-em-ituporanga.html","title":{"rendered":"Encontro de vocacionados re\u00fane jovens no Semin\u00e1rio S\u00e3o Francisco de Assis em Ituporanga"},"content":{"rendered":"<p><img loading=\"lazy\" class=\"aligncenter wp-image-249434 size-full\" src=\"https:\/\/franciscanos.org.br\/noticias\/wp-content\/uploads\/2024\/07\/MATERIA.jpg\" alt=\"\" width=\"1280\" height=\"720\" srcset=\"https:\/\/franciscanos.org.br\/noticias\/wp-content\/uploads\/2024\/07\/MATERIA.jpg 1280w, https:\/\/franciscanos.org.br\/noticias\/wp-content\/uploads\/2024\/07\/MATERIA-450x253.jpg 450w, https:\/\/franciscanos.org.br\/noticias\/wp-content\/uploads\/2024\/07\/MATERIA-1024x576.jpg 1024w, https:\/\/franciscanos.org.br\/noticias\/wp-content\/uploads\/2024\/07\/MATERIA-768x432.jpg 768w, https:\/\/franciscanos.org.br\/noticias\/wp-content\/uploads\/2024\/07\/MATERIA-150x84.jpg 150w\" sizes=\"(max-width: 1280px) 100vw, 1280px\" \/><\/p>\n<p>Como \u00e9 costume nos \u00faltimos anos na Prov\u00edncia, os vocacionados mais novos, principalmente do Ensino M\u00e9dio se reuniram de 13 a 28 de julho, no Semin\u00e1rio S\u00e3o Francisco de Assis, em Ituporanga (SC), para o Tempo Forte de Conviv\u00eancia. Entre os participantes estavam Kau\u00ea Cangirana Rozim, de Blumenau (SC); Lucas Speran\u00e7a Goschel, de Cordilheira Alta (SC); Matheus Souza Filipi, de Rodeio (SC); Jos\u00e9 Duarte, de Conc\u00f3rdia (SC); Andr\u00e9 Borba de Oliveira, de Jaragu\u00e1 do Sul (SC); Miguel Angelo Felipe, de Ituporanga (SC); Enzo Prado, de Curitiba (PR); e Felipe Loss, tamb\u00e9m de Curitiba (PR). Eles atualmente j\u00e1 fazem acompanhamento nas fraternidades mais pr\u00f3ximas de suas resid\u00eancias. Mas aproveitam as f\u00e9rias escolares para intensificar o conv\u00edvio com os frades e assim discernirem a voca\u00e7\u00e3o \u00e0 vida religiosa franciscana.<\/p>\n<p><img loading=\"lazy\" class=\"size-medium wp-image-249436 alignright\" src=\"https:\/\/franciscanos.org.br\/noticias\/wp-content\/uploads\/2024\/07\/Encontro-vocacionados-4-450x360.jpg\" alt=\"\" width=\"450\" height=\"360\" srcset=\"https:\/\/franciscanos.org.br\/noticias\/wp-content\/uploads\/2024\/07\/Encontro-vocacionados-4-450x360.jpg 450w, https:\/\/franciscanos.org.br\/noticias\/wp-content\/uploads\/2024\/07\/Encontro-vocacionados-4-150x120.jpg 150w, https:\/\/franciscanos.org.br\/noticias\/wp-content\/uploads\/2024\/07\/Encontro-vocacionados-4.jpg 551w\" sizes=\"(max-width: 450px) 100vw, 450px\" \/>No encontro desse m\u00eas, os jovens foram acompanhados pela fraternidade local do Semin\u00e1rio de Ituporanga e por Frei Je\u00e2 Paulo Andrade, respons\u00e1vel pelo Servi\u00e7o de Anima\u00e7\u00e3o Vocacional Provincial (SAV). Essa modalidade de acompanhamento vocacional vem sendo implementada nos \u00faltimos dois anos, ou seja, os vocacionados que ainda cursam o Ensino M\u00e9dio s\u00e3o acompanhados fora do Semin\u00e1rio e participam de experi\u00eancias formativas durante o per\u00edodo das f\u00e9rias em janeiro e julho de cada ano.<\/p>\n<p>Ao longo do per\u00edodo, no Semin\u00e1rio, os vocacionados participaram de diversas atividades, incluindo trabalhos manuais, forma\u00e7\u00f5es intelectuais, atividades recreativas, de conviv\u00eancia, de ora\u00e7\u00e3o e passeio pelo atual ponto tur\u00edstico religioso da regi\u00e3o, o &#8220;Caminho do Louvor&#8221;. Esses momentos proporcionaram uma imers\u00e3o no modo de vida de S\u00e3o Francisco de Assis, com \u00eanfase na fraternidade.<\/p>\n<p>As atividades inclu\u00edram momentos de profunda reflex\u00e3o, como leitura e resenha de livros de franciscanismo, forma\u00e7\u00f5es humanas e sobre meios de comunica\u00e7\u00e3o, al\u00e9m da concilia\u00e7\u00e3o da religiosidade com projetos de vida. A no\u00e7\u00e3o sobre a atua\u00e7\u00e3o em par\u00f3quias e santu\u00e1rios tamb\u00e9m foi introduzida, com visitas \u00e0 Par\u00f3quia Santo Estev\u00e3o, suas pastorais, a Gruta de Nossa Senhora de Lourdes e o Complexo do Louvor. Essas visitas possibilitaram conversas com a comunidade local e o conhecimento da realidade onde os frades trabalham.<\/p>\n<p>Momentos recreativos, como filmes, jogos formativos e esportes, tamb\u00e9m integraram a programa\u00e7\u00e3o, introduzindo os jovens vocacionados em todas as esferas da vida franciscana. Desde o esporte at\u00e9 os momentos de ora\u00e7\u00e3o comunit\u00e1ria, como a missa, a liturgia das horas e o ter\u00e7o, os jovens puderam experimentar a vida franciscana em sua totalidade.<\/p>\n\n\t\t<style type=\"text\/css\">\n\t\t\t#gallery-1 {\n\t\t\t\tmargin: auto;\n\t\t\t}\n\t\t\t#gallery-1 .gallery-item {\n\t\t\t\tfloat: left;\n\t\t\t\tmargin-top: 10px;\n\t\t\t\ttext-align: center;\n\t\t\t\twidth: 25%;\n\t\t\t}\n\t\t\t#gallery-1 img {\n\t\t\t\tborder: 2px solid #cfcfcf;\n\t\t\t}\n\t\t\t#gallery-1 .gallery-caption {\n\t\t\t\tmargin-left: 0;\n\t\t\t}\n\t\t\t\/* see gallery_shortcode() in wp-includes\/media.php *\/\n\t\t<\/style>\n\t\t<div id='gallery-1' class='gallery galleryid-249433 gallery-columns-4 gallery-size-thumbnail'><dl class='gallery-item'>\n\t\t\t<dt class='gallery-icon portrait'>\n\t\t\t\t<a href='https:\/\/franciscanos.org.br\/noticias\/wp-content\/uploads\/2024\/07\/Encontro-vocacionados-5.jpg'><img width=\"300\" height=\"300\" src=\"https:\/\/franciscanos.org.br\/noticias\/wp-content\/uploads\/2024\/07\/Encontro-vocacionados-5-300x300.jpg\" class=\"attachment-thumbnail size-thumbnail\" alt=\"\" loading=\"lazy\" srcset=\"https:\/\/franciscanos.org.br\/noticias\/wp-content\/uploads\/2024\/07\/Encontro-vocacionados-5-300x300.jpg 300w, https:\/\/franciscanos.org.br\/noticias\/wp-content\/uploads\/2024\/07\/Encontro-vocacionados-5-100x100.jpg 100w\" sizes=\"(max-width: 300px) 100vw, 300px\" \/><\/a>\n\t\t\t<\/dt><\/dl><dl class='gallery-item'>\n\t\t\t<dt class='gallery-icon portrait'>\n\t\t\t\t<a href='https:\/\/franciscanos.org.br\/noticias\/wp-content\/uploads\/2024\/07\/Encontro-vocacionados-3.jpg'><img width=\"300\" height=\"300\" src=\"https:\/\/franciscanos.org.br\/noticias\/wp-content\/uploads\/2024\/07\/Encontro-vocacionados-3-300x300.jpg\" class=\"attachment-thumbnail size-thumbnail\" alt=\"\" loading=\"lazy\" srcset=\"https:\/\/franciscanos.org.br\/noticias\/wp-content\/uploads\/2024\/07\/Encontro-vocacionados-3-300x300.jpg 300w, https:\/\/franciscanos.org.br\/noticias\/wp-content\/uploads\/2024\/07\/Encontro-vocacionados-3-100x100.jpg 100w\" sizes=\"(max-width: 300px) 100vw, 300px\" \/><\/a>\n\t\t\t<\/dt><\/dl><dl class='gallery-item'>\n\t\t\t<dt class='gallery-icon landscape'>\n\t\t\t\t<a href='https:\/\/franciscanos.org.br\/noticias\/wp-content\/uploads\/2024\/07\/Encontro-vocacionados-2.jpg'><img width=\"300\" height=\"300\" src=\"https:\/\/franciscanos.org.br\/noticias\/wp-content\/uploads\/2024\/07\/Encontro-vocacionados-2-300x300.jpg\" class=\"attachment-thumbnail size-thumbnail\" alt=\"\" loading=\"lazy\" srcset=\"https:\/\/franciscanos.org.br\/noticias\/wp-content\/uploads\/2024\/07\/Encontro-vocacionados-2-300x300.jpg 300w, https:\/\/franciscanos.org.br\/noticias\/wp-content\/uploads\/2024\/07\/Encontro-vocacionados-2-100x100.jpg 100w\" sizes=\"(max-width: 300px) 100vw, 300px\" \/><\/a>\n\t\t\t<\/dt><\/dl><dl class='gallery-item'>\n\t\t\t<dt class='gallery-icon landscape'>\n\t\t\t\t<a href='https:\/\/franciscanos.org.br\/noticias\/wp-content\/uploads\/2024\/07\/Encontro-vocacionados-1.jpg'><img width=\"300\" height=\"300\" src=\"https:\/\/franciscanos.org.br\/noticias\/wp-content\/uploads\/2024\/07\/Encontro-vocacionados-1-300x300.jpg\" class=\"attachment-thumbnail size-thumbnail\" alt=\"\" loading=\"lazy\" srcset=\"https:\/\/franciscanos.org.br\/noticias\/wp-content\/uploads\/2024\/07\/Encontro-vocacionados-1-300x300.jpg 300w, https:\/\/franciscanos.org.br\/noticias\/wp-content\/uploads\/2024\/07\/Encontro-vocacionados-1-100x100.jpg 100w\" sizes=\"(max-width: 300px) 100vw, 300px\" \/><\/a>\n\t\t\t<\/dt><\/dl><br style=\"clear: both\" \/>\n\t\t<\/div>\n\n<p>&#8220;Durante esse per\u00edodo de conviv\u00eancia com os freis, achei que foi uma experi\u00eancia \u00fanica, profunda e um mar de conhecimento. Durante todo o conv\u00edvio, foram grandes momentos de alegria, lembran\u00e7as marcantes e muitas amizades novas&#8221;, descreveu Enzo Prado, que atualmente faz seu acompanhamento ordin\u00e1rio na fraternidade Bom Jesus de Curitiba.<\/p>\n<p>O Kau\u00ea, que j\u00e1 participa do terceiro encontro de f\u00e9rias, disse: &#8220;Desde momentos simples, como a limpeza da casa, at\u00e9 os mais complexos, como as forma\u00e7\u00f5es, pudemos experimentar a ess\u00eancia da vida religiosa, em especial a vida franciscana, a alegria que apenas Deus, atrav\u00e9s da fraternidade pode nos oferecer.&#8221;<\/p>\n<p>Que o Senhor da messe e pastor do rebanho anime esses jovens na consolida\u00e7\u00e3o de sua voca\u00e7\u00e3o, para que possam responder com entusiasmo ao chamado do Senhor: &#8220;Vinde e vede&#8221; (Jo\u00e3o 1,39). Como disse o Papa Francisco, &#8220;Cada um de n\u00f3s, em seu lugar pr\u00f3prio, em seu estado de vida, pode ser, com a ajuda do Esp\u00edrito Santo, um semeador de esperan\u00e7a e de paz.&#8221;<\/p>\n<hr \/>\n<p>Vocacionado Kau\u00ea Cangirama Rosim\/ Frei Je\u00e2 Paulo Andrade<\/p>\n<p>&nbsp;<\/p>\n","protected":false},"excerpt":{"rendered":"<p>momentos de imers\u00e3o no modo de vida de S\u00e3o Francisco de Assis<\/p>\n","protected":false},"author":11,"featured_media":249443,"comment_status":"open","ping_status":"open","sticky":false,"template":"","format":"standard","meta":[],"categories":[1],"tags":[552,2056],"acf":[],"yoast_head":"<!-- This site is optimized with the Yoast SEO plugin v19.2 - https:\/\/yoast.com\/wordpress\/plugins\/seo\/ -->\n<title>Encontro de vocacionados re\u00fane jovens no Semin\u00e1rio S\u00e3o Francisco de Assis em Ituporanga - Not\u00edcias - Franciscanos<\/title>\n<meta name=\"robots\" content=\"index, follow, max-snippet:-1, max-image-preview:large, max-video-preview:-1\" \/>\n<link rel=\"canonical\" href=\"https:\/\/franciscanos.org.br\/noticias\/encontro-de-vocacionados-reune-jovens-no-seminario-sao-francisco-de-assis-em-ituporanga.html\" \/>\n<meta property=\"og:locale\" content=\"pt_BR\" \/>\n<meta property=\"og:type\" content=\"article\" \/>\n<meta property=\"og:title\" content=\"Encontro de vocacionados re\u00fane jovens no Semin\u00e1rio S\u00e3o Francisco de Assis em Ituporanga - Not\u00edcias - Franciscanos\" \/>\n<meta property=\"og:description\" content=\"momentos de imers\u00e3o no modo de vida de S\u00e3o Francisco de Assis\" \/>\n<meta property=\"og:url\" content=\"https:\/\/franciscanos.org.br\/noticias\/encontro-de-vocacionados-reune-jovens-no-seminario-sao-francisco-de-assis-em-ituporanga.html\" \/>\n<meta property=\"og:site_name\" content=\"Not\u00edcias - Franciscanos\" \/>\n<meta property=\"article:published_time\" content=\"2024-07-29T16:05:39+00:00\" \/>\n<meta property=\"article:modified_time\" content=\"2025-03-10T19:08:39+00:00\" \/>\n<meta property=\"og:image\" content=\"https:\/\/franciscanos.org.br\/noticias\/wp-content\/uploads\/2024\/07\/CHAMADA-3.jpg\" \/>\n\t<meta property=\"og:image:width\" content=\"800\" \/>\n\t<meta property=\"og:image:height\" content=\"550\" \/>\n\t<meta property=\"og:image:type\" content=\"image\/jpeg\" \/>\n<meta name=\"author\" content=\"Adriana Rabelo\" \/>\n<meta name=\"twitter:card\" content=\"summary_large_image\" \/>\n<meta name=\"twitter:label1\" content=\"Escrito por\" \/>\n\t<meta name=\"twitter:data1\" content=\"Adriana Rabelo\" \/>\n\t<meta name=\"twitter:label2\" content=\"Est. tempo de leitura\" \/>\n\t<meta name=\"twitter:data2\" content=\"3 minutos\" \/>\n<script type=\"application\/ld+json\" class=\"yoast-schema-graph\">{\"@context\":\"https:\/\/schema.org\",\"@graph\":[{\"@type\":\"WebSite\",\"@id\":\"https:\/\/franciscanos.org.br\/noticias\/#website\",\"url\":\"https:\/\/franciscanos.org.br\/noticias\/\",\"name\":\"Not\u00edcias - Franciscanos\",\"description\":\"Prov\u00edncia Franciscana da Imaculada Concei\u00e7\u00e3o do Brasil - Ordem dos Frades Menores - OFM\",\"potentialAction\":[{\"@type\":\"SearchAction\",\"target\":{\"@type\":\"EntryPoint\",\"urlTemplate\":\"https:\/\/franciscanos.org.br\/noticias\/?s={search_term_string}\"},\"query-input\":\"required name=search_term_string\"}],\"inLanguage\":\"pt-BR\"},{\"@type\":\"ImageObject\",\"inLanguage\":\"pt-BR\",\"@id\":\"https:\/\/franciscanos.org.br\/noticias\/encontro-de-vocacionados-reune-jovens-no-seminario-sao-francisco-de-assis-em-ituporanga.html#primaryimage\",\"url\":\"https:\/\/franciscanos.org.br\/noticias\/wp-content\/uploads\/2024\/07\/CHAMADA-3.jpg\",\"contentUrl\":\"https:\/\/franciscanos.org.br\/noticias\/wp-content\/uploads\/2024\/07\/CHAMADA-3.jpg\",\"width\":800,\"height\":550},{\"@type\":\"WebPage\",\"@id\":\"https:\/\/franciscanos.org.br\/noticias\/encontro-de-vocacionados-reune-jovens-no-seminario-sao-francisco-de-assis-em-ituporanga.html#webpage\",\"url\":\"https:\/\/franciscanos.org.br\/noticias\/encontro-de-vocacionados-reune-jovens-no-seminario-sao-francisco-de-assis-em-ituporanga.html\",\"name\":\"Encontro de vocacionados re\u00fane jovens no Semin\u00e1rio S\u00e3o Francisco de Assis em Ituporanga - Not\u00edcias - Franciscanos\",\"isPartOf\":{\"@id\":\"https:\/\/franciscanos.org.br\/noticias\/#website\"},\"primaryImageOfPage\":{\"@id\":\"https:\/\/franciscanos.org.br\/noticias\/encontro-de-vocacionados-reune-jovens-no-seminario-sao-francisco-de-assis-em-ituporanga.html#primaryimage\"},\"datePublished\":\"2024-07-29T16:05:39+00:00\",\"dateModified\":\"2025-03-10T19:08:39+00:00\",\"author\":{\"@id\":\"https:\/\/franciscanos.org.br\/noticias\/#\/schema\/person\/d9422e83121c3ad3b0f423d195f5bb25\"},\"breadcrumb\":{\"@id\":\"https:\/\/franciscanos.org.br\/noticias\/encontro-de-vocacionados-reune-jovens-no-seminario-sao-francisco-de-assis-em-ituporanga.html#breadcrumb\"},\"inLanguage\":\"pt-BR\",\"potentialAction\":[{\"@type\":\"ReadAction\",\"target\":[\"https:\/\/franciscanos.org.br\/noticias\/encontro-de-vocacionados-reune-jovens-no-seminario-sao-francisco-de-assis-em-ituporanga.html\"]}]},{\"@type\":\"BreadcrumbList\",\"@id\":\"https:\/\/franciscanos.org.br\/noticias\/encontro-de-vocacionados-reune-jovens-no-seminario-sao-francisco-de-assis-em-ituporanga.html#breadcrumb\",\"itemListElement\":[{\"@type\":\"ListItem\",\"position\":1,\"name\":\"Home\",\"item\":\"https:\/\/franciscanos.org.br\/noticias\"},{\"@type\":\"ListItem\",\"position\":2,\"name\":\"Encontro de vocacionados re\u00fane jovens no Semin\u00e1rio S\u00e3o Francisco de Assis em Ituporanga\"}]},{\"@type\":\"Person\",\"@id\":\"https:\/\/franciscanos.org.br\/noticias\/#\/schema\/person\/d9422e83121c3ad3b0f423d195f5bb25\",\"name\":\"Adriana Rabelo\",\"image\":{\"@type\":\"ImageObject\",\"inLanguage\":\"pt-BR\",\"@id\":\"https:\/\/franciscanos.org.br\/noticias\/#\/schema\/person\/image\/\",\"url\":\"https:\/\/secure.gravatar.com\/avatar\/0a937b7500cd7df77540cfb8bede877d?s=96&d=mm&r=g\",\"contentUrl\":\"https:\/\/secure.gravatar.com\/avatar\/0a937b7500cd7df77540cfb8bede877d?s=96&d=mm&r=g\",\"caption\":\"Adriana Rabelo\"},\"url\":\"https:\/\/franciscanos.org.br\/noticias\/author\/adrianarabelo\"}]}<\/script>\n<!-- \/ Yoast SEO plugin. -->","yoast_head_json":{"title":"Encontro de vocacionados re\u00fane jovens no Semin\u00e1rio S\u00e3o Francisco de Assis em Ituporanga - Not\u00edcias - Franciscanos","robots":{"index":"index","follow":"follow","max-snippet":"max-snippet:-1","max-image-preview":"max-image-preview:large","max-video-preview":"max-video-preview:-1"},"canonical":"https:\/\/franciscanos.org.br\/noticias\/encontro-de-vocacionados-reune-jovens-no-seminario-sao-francisco-de-assis-em-ituporanga.html","og_locale":"pt_BR","og_type":"article","og_title":"Encontro de vocacionados re\u00fane jovens no Semin\u00e1rio S\u00e3o Francisco de Assis em Ituporanga - Not\u00edcias - Franciscanos","og_description":"momentos de imers\u00e3o no modo de vida de S\u00e3o Francisco de Assis","og_url":"https:\/\/franciscanos.org.br\/noticias\/encontro-de-vocacionados-reune-jovens-no-seminario-sao-francisco-de-assis-em-ituporanga.html","og_site_name":"Not\u00edcias - Franciscanos","article_published_time":"2024-07-29T16:05:39+00:00","article_modified_time":"2025-03-10T19:08:39+00:00","og_image":[{"width":800,"height":550,"url":"https:\/\/franciscanos.org.br\/noticias\/wp-content\/uploads\/2024\/07\/CHAMADA-3.jpg","type":"image\/jpeg"}],"author":"Adriana Rabelo","twitter_card":"summary_large_image","twitter_misc":{"Escrito por":"Adriana Rabelo","Est. tempo de leitura":"3 minutos"},"schema":{"@context":"https:\/\/schema.org","@graph":[{"@type":"WebSite","@id":"https:\/\/franciscanos.org.br\/noticias\/#website","url":"https:\/\/franciscanos.org.br\/noticias\/","name":"Not\u00edcias - Franciscanos","description":"Prov\u00edncia Franciscana da Imaculada Concei\u00e7\u00e3o do Brasil - Ordem dos Frades Menores - OFM","potentialAction":[{"@type":"SearchAction","target":{"@type":"EntryPoint","urlTemplate":"https:\/\/franciscanos.org.br\/noticias\/?s={search_term_string}"},"query-input":"required name=search_term_string"}],"inLanguage":"pt-BR"},{"@type":"ImageObject","inLanguage":"pt-BR","@id":"https:\/\/franciscanos.org.br\/noticias\/encontro-de-vocacionados-reune-jovens-no-seminario-sao-francisco-de-assis-em-ituporanga.html#primaryimage","url":"https:\/\/franciscanos.org.br\/noticias\/wp-content\/uploads\/2024\/07\/CHAMADA-3.jpg","contentUrl":"https:\/\/franciscanos.org.br\/noticias\/wp-content\/uploads\/2024\/07\/CHAMADA-3.jpg","width":800,"height":550},{"@type":"WebPage","@id":"https:\/\/franciscanos.org.br\/noticias\/encontro-de-vocacionados-reune-jovens-no-seminario-sao-francisco-de-assis-em-ituporanga.html#webpage","url":"https:\/\/franciscanos.org.br\/noticias\/encontro-de-vocacionados-reune-jovens-no-seminario-sao-francisco-de-assis-em-ituporanga.html","name":"Encontro de vocacionados re\u00fane jovens no Semin\u00e1rio S\u00e3o Francisco de Assis em Ituporanga - Not\u00edcias - Franciscanos","isPartOf":{"@id":"https:\/\/franciscanos.org.br\/noticias\/#website"},"primaryImageOfPage":{"@id":"https:\/\/franciscanos.org.br\/noticias\/encontro-de-vocacionados-reune-jovens-no-seminario-sao-francisco-de-assis-em-ituporanga.html#primaryimage"},"datePublished":"2024-07-29T16:05:39+00:00","dateModified":"2025-03-10T19:08:39+00:00","author":{"@id":"https:\/\/franciscanos.org.br\/noticias\/#\/schema\/person\/d9422e83121c3ad3b0f423d195f5bb25"},"breadcrumb":{"@id":"https:\/\/franciscanos.org.br\/noticias\/encontro-de-vocacionados-reune-jovens-no-seminario-sao-francisco-de-assis-em-ituporanga.html#breadcrumb"},"inLanguage":"pt-BR","potentialAction":[{"@type":"ReadAction","target":["https:\/\/franciscanos.org.br\/noticias\/encontro-de-vocacionados-reune-jovens-no-seminario-sao-francisco-de-assis-em-ituporanga.html"]}]},{"@type":"BreadcrumbList","@id":"https:\/\/franciscanos.org.br\/noticias\/encontro-de-vocacionados-reune-jovens-no-seminario-sao-francisco-de-assis-em-ituporanga.html#breadcrumb","itemListElement":[{"@type":"ListItem","position":1,"name":"Home","item":"https:\/\/franciscanos.org.br\/noticias"},{"@type":"ListItem","position":2,"name":"Encontro de vocacionados re\u00fane jovens no Semin\u00e1rio S\u00e3o Francisco de Assis em Ituporanga"}]},{"@type":"Person","@id":"https:\/\/franciscanos.org.br\/noticias\/#\/schema\/person\/d9422e83121c3ad3b0f423d195f5bb25","name":"Adriana Rabelo","image":{"@type":"ImageObject","inLanguage":"pt-BR","@id":"https:\/\/franciscanos.org.br\/noticias\/#\/schema\/person\/image\/","url":"https:\/\/secure.gravatar.com\/avatar\/0a937b7500cd7df77540cfb8bede877d?s=96&d=mm&r=g","contentUrl":"https:\/\/secure.gravatar.com\/avatar\/0a937b7500cd7df77540cfb8bede877d?s=96&d=mm&r=g","caption":"Adriana Rabelo"},"url":"https:\/\/franciscanos.org.br\/noticias\/author\/adrianarabelo"}]}},"_links":{"self":[{"href":"https:\/\/franciscanos.org.br\/noticias\/wp-json\/wp\/v2\/posts\/249433"}],"collection":[{"href":"https:\/\/franciscanos.org.br\/noticias\/wp-json\/wp\/v2\/posts"}],"about":[{"href":"https:\/\/franciscanos.org.br\/noticias\/wp-json\/wp\/v2\/types\/post"}],"author":[{"embeddable":true,"href":"https:\/\/franciscanos.org.br\/noticias\/wp-json\/wp\/v2\/users\/11"}],"replies":[{"embeddable":true,"href":"https:\/\/franciscanos.org.br\/noticias\/wp-json\/wp\/v2\/comments?post=249433"}],"version-history":[{"count":4,"href":"https:\/\/franciscanos.org.br\/noticias\/wp-json\/wp\/v2\/posts\/249433\/revisions"}],"predecessor-version":[{"id":249446,"href":"https:\/\/franciscanos.org.br\/noticias\/wp-json\/wp\/v2\/posts\/249433\/revisions\/249446"}],"wp:featuredmedia":[{"embeddable":true,"href":"https:\/\/franciscanos.org.br\/noticias\/wp-json\/wp\/v2\/media\/249443"}],"wp:attachment":[{"href":"https:\/\/franciscanos.org.br\/noticias\/wp-json\/wp\/v2\/media?parent=249433"}],"wp:term":[{"taxonomy":"category","embeddable":true,"href":"https:\/\/franciscanos.org.br\/noticias\/wp-json\/wp\/v2\/categories?post=249433"},{"taxonomy":"post_tag","embeddable":true,"href":"https:\/\/franciscanos.org.br\/noticias\/wp-json\/wp\/v2\/tags?post=249433"}],"curies":[{"name":"wp","href":"https:\/\/api.w.org\/{rel}","templated":true}]}}