{"id":249291,"date":"2024-07-27T12:24:00","date_gmt":"2024-07-27T15:24:00","guid":{"rendered":"https:\/\/franciscanos.org.br\/noticias\/?p=249291"},"modified":"2024-07-27T22:09:50","modified_gmt":"2024-07-28T01:09:50","slug":"frades-da-fimda-celebram-o-capitulo-em-angola","status":"publish","type":"post","link":"https:\/\/franciscanos.org.br\/noticias\/frades-da-fimda-celebram-o-capitulo-em-angola.html","title":{"rendered":"Frades da FIMDA celebram o Cap\u00edtulo em Angola"},"content":{"rendered":"<p><img loading=\"lazy\" class=\"aligncenter wp-image-249292 size-full\" src=\"https:\/\/franciscanos.org.br\/noticias\/wp-content\/uploads\/2024\/07\/Imagem-do-WhatsApp-de-2024-07-27-as-10.59.38_2a4a1b6c.jpg\" alt=\"\" width=\"1280\" height=\"853\" srcset=\"https:\/\/franciscanos.org.br\/noticias\/wp-content\/uploads\/2024\/07\/Imagem-do-WhatsApp-de-2024-07-27-as-10.59.38_2a4a1b6c.jpg 1280w, https:\/\/franciscanos.org.br\/noticias\/wp-content\/uploads\/2024\/07\/Imagem-do-WhatsApp-de-2024-07-27-as-10.59.38_2a4a1b6c-450x300.jpg 450w, https:\/\/franciscanos.org.br\/noticias\/wp-content\/uploads\/2024\/07\/Imagem-do-WhatsApp-de-2024-07-27-as-10.59.38_2a4a1b6c-1024x682.jpg 1024w, https:\/\/franciscanos.org.br\/noticias\/wp-content\/uploads\/2024\/07\/Imagem-do-WhatsApp-de-2024-07-27-as-10.59.38_2a4a1b6c-768x512.jpg 768w, https:\/\/franciscanos.org.br\/noticias\/wp-content\/uploads\/2024\/07\/Imagem-do-WhatsApp-de-2024-07-27-as-10.59.38_2a4a1b6c-150x100.jpg 150w\" sizes=\"(max-width: 1280px) 100vw, 1280px\" \/><\/p>\n<p><span style=\"font-weight: 400;\">Com a Santa Missa em louvor ao Esp\u00edrito Santo, teve in\u00edcio nesta quinta-feira (25), dia da Festa de S\u00e3o Tiago, o Cap\u00edtulo da FIMDA (Funda\u00e7\u00e3o Franciscana Imaculada M\u00e3e de Deus de Angola).\u00a0<\/span><\/p>\n<p><span style=\"font-weight: 400;\">\u00c9 um momento de gra\u00e7a no qual os frades t\u00eam a oportunidade refletir a partir\u00a0 do tema: \u201cRever, Atualizar, Anunciar: Chagados pelo amor; peregrinos da Esperan\u00e7a\u201d.\u00a0<\/span><\/p>\n<p><span style=\"font-weight: 400;\"> <img loading=\"lazy\" class=\" wp-image-249294 alignleft\" src=\"https:\/\/franciscanos.org.br\/noticias\/wp-content\/uploads\/2024\/07\/Imagem-do-WhatsApp-de-2024-07-27-as-10.59.38_42c07e70-300x450.jpg\" alt=\"\" width=\"221\" height=\"332\" srcset=\"https:\/\/franciscanos.org.br\/noticias\/wp-content\/uploads\/2024\/07\/Imagem-do-WhatsApp-de-2024-07-27-as-10.59.38_42c07e70-300x450.jpg 300w, https:\/\/franciscanos.org.br\/noticias\/wp-content\/uploads\/2024\/07\/Imagem-do-WhatsApp-de-2024-07-27-as-10.59.38_42c07e70-682x1024.jpg 682w, https:\/\/franciscanos.org.br\/noticias\/wp-content\/uploads\/2024\/07\/Imagem-do-WhatsApp-de-2024-07-27-as-10.59.38_42c07e70-768x1152.jpg 768w, https:\/\/franciscanos.org.br\/noticias\/wp-content\/uploads\/2024\/07\/Imagem-do-WhatsApp-de-2024-07-27-as-10.59.38_42c07e70-150x225.jpg 150w, https:\/\/franciscanos.org.br\/noticias\/wp-content\/uploads\/2024\/07\/Imagem-do-WhatsApp-de-2024-07-27-as-10.59.38_42c07e70.jpg 720w\" sizes=\"(max-width: 221px) 100vw, 221px\" \/>O Cap\u00edtulo celebrado na Fraternidade S\u00e3o Francisco de Assis, de Kilamba Kiaxi, Prov\u00edncia de Luanda, est\u00e1 sendo presidido<\/span> <span style=\"font-weight: 400;\">pelo Frei Paulo Roberto Pereira, Ministro Provincial da Prov\u00edncia da Imaculada Concei\u00e7\u00e3o do Brasil, acompanhado pelo Frei Robson Luiz Scudela, definidor. Tamb\u00e9m participam desse momento os frades de todas as fraternidades da Funda\u00e7\u00e3o.<\/span><\/p>\n<p><span style=\"font-weight: 400;\">Em sua homilia, o Ministro provincial apresentou, em linhas gerais, o que deveria ser o Cap\u00edtulo, dizendo que \u00e9 o Espirito Santo quem ir\u00e1\u00a0 dirigir a todos nos pr\u00f3ximos dias.\u00a0<\/span><\/p>\n<p><span style=\"font-weight: 400;\">A metodologia sinodal est\u00e1 sendo a base da realiza\u00e7\u00e3o do Cap\u00edtulo, a mesma adotada pelo Papa Francisco no S\u00ednodo de 2023, em Roma, quando todos os presentes tiveram a oportunidade de participar e se envolver numa imers\u00e3o fraterna, guiados pelo esp\u00edrito.<\/span><\/p>\n<p><span style=\"font-weight: 400;\">Ap\u00f3s a Santa Missa, foi servido um jantar, e os frades, em um clima festivo, manifestaram a alegria e o carinho do reencontro. Na sequ\u00eancia, todos se reuniram na capela conventual para prosseguir com os trabalhos.\u00a0<\/span><\/p>\n<p><span style=\"font-weight: 400;\">Frei Paulo apresentou o relat\u00f3rio da Visita Can\u00f4nica e, no final das atividades, a programa\u00e7\u00e3o com os hor\u00e1rios e as din\u00e2micas para os pr\u00f3ximos dias. Os trabalhos foram encerrados com um momento devocional de s\u00faplica \u00e0 m\u00e3e de Deus feita pelo Frei Ivair Bueno de Carvalho, presidente da FIMDA. <img loading=\"lazy\" class=\" wp-image-249295 alignright\" src=\"https:\/\/franciscanos.org.br\/noticias\/wp-content\/uploads\/2024\/07\/Imagem-do-WhatsApp-de-2024-07-27-as-10.59.38_c3053643-450x300.jpg\" alt=\"\" width=\"478\" height=\"319\" srcset=\"https:\/\/franciscanos.org.br\/noticias\/wp-content\/uploads\/2024\/07\/Imagem-do-WhatsApp-de-2024-07-27-as-10.59.38_c3053643-450x300.jpg 450w, https:\/\/franciscanos.org.br\/noticias\/wp-content\/uploads\/2024\/07\/Imagem-do-WhatsApp-de-2024-07-27-as-10.59.38_c3053643-1024x682.jpg 1024w, https:\/\/franciscanos.org.br\/noticias\/wp-content\/uploads\/2024\/07\/Imagem-do-WhatsApp-de-2024-07-27-as-10.59.38_c3053643-768x512.jpg 768w, https:\/\/franciscanos.org.br\/noticias\/wp-content\/uploads\/2024\/07\/Imagem-do-WhatsApp-de-2024-07-27-as-10.59.38_c3053643-150x100.jpg 150w, https:\/\/franciscanos.org.br\/noticias\/wp-content\/uploads\/2024\/07\/Imagem-do-WhatsApp-de-2024-07-27-as-10.59.38_c3053643.jpg 1280w\" sizes=\"(max-width: 478px) 100vw, 478px\" \/><\/span><\/p>\n<p><span style=\"font-weight: 400;\">Importante ressaltar que o Cap\u00edtulo\u00a0 acontece no mesmo per\u00edodo que a Visita Can\u00f4nica do Ministro provincial, Frei Paulo, que, acompanhado pelo Frei Robson, passaram pelas cinco Fraternidades da Funda\u00e7\u00e3o.\u00a0<\/span><\/p>\n<p><span style=\"font-weight: 400;\">Em seu relat\u00f3rio, frei Paulo apresentou as luzes e as sombras (aspectos positivos e negativos) daquilo tudo que observou, ouviu e partilhou nos lugares onde esteve, olhando com muita esperan\u00e7a para a Funda\u00e7\u00e3o, que caminha para se tornar uma Cust\u00f3dia.<\/span><\/p>\n<p><span style=\"font-weight: 400;\">Nessa cont\u00ednua caminhada de prepara\u00e7\u00e3o, em cada fraternidade foi realizado um Cap\u00edtulo Local, com importantes conversas e reuni\u00f5es com os Conselhos paroquiais.\u00a0<\/span><\/p>\n<hr \/>\n<p><span style=\"font-weight: 400;\">Texto e fotos: Frei Ermelindo Francisco Bambi, Frei Tom\u00e1s Gaspar Joaquim e Frei\u00a0 Domingos Macuva Paulo.\u00a0<\/span><\/p>\n","protected":false},"excerpt":{"rendered":"<p>Cap\u00edtulo anual da FIMDA<\/p>\n","protected":false},"author":11,"featured_media":249293,"comment_status":"open","ping_status":"open","sticky":false,"template":"","format":"standard","meta":[],"categories":[1],"tags":[195],"acf":[],"yoast_head":"<!-- This site is optimized with the Yoast SEO plugin v19.2 - https:\/\/yoast.com\/wordpress\/plugins\/seo\/ -->\n<title>Frades da FIMDA celebram o Cap\u00edtulo em Angola - Not\u00edcias - Franciscanos<\/title>\n<meta name=\"robots\" content=\"index, follow, max-snippet:-1, max-image-preview:large, max-video-preview:-1\" \/>\n<link rel=\"canonical\" href=\"https:\/\/franciscanos.org.br\/noticias\/frades-da-fimda-celebram-o-capitulo-em-angola.html\" \/>\n<meta property=\"og:locale\" content=\"pt_BR\" \/>\n<meta property=\"og:type\" content=\"article\" \/>\n<meta property=\"og:title\" content=\"Frades da FIMDA celebram o Cap\u00edtulo em Angola - Not\u00edcias - Franciscanos\" \/>\n<meta property=\"og:description\" content=\"Cap\u00edtulo anual da FIMDA\" \/>\n<meta property=\"og:url\" content=\"https:\/\/franciscanos.org.br\/noticias\/frades-da-fimda-celebram-o-capitulo-em-angola.html\" \/>\n<meta property=\"og:site_name\" content=\"Not\u00edcias - Franciscanos\" \/>\n<meta property=\"article:published_time\" content=\"2024-07-27T15:24:00+00:00\" \/>\n<meta property=\"article:modified_time\" content=\"2024-07-28T01:09:50+00:00\" \/>\n<meta property=\"og:image\" content=\"https:\/\/franciscanos.org.br\/noticias\/wp-content\/uploads\/2024\/07\/Imagem-do-WhatsApp-de-2024-07-27-as-10.59.38_82716431.jpg\" \/>\n\t<meta property=\"og:image:width\" content=\"1280\" \/>\n\t<meta property=\"og:image:height\" content=\"853\" \/>\n\t<meta property=\"og:image:type\" content=\"image\/jpeg\" \/>\n<meta name=\"author\" content=\"Adriana Rabelo\" \/>\n<meta name=\"twitter:card\" content=\"summary_large_image\" \/>\n<meta name=\"twitter:label1\" content=\"Escrito por\" \/>\n\t<meta name=\"twitter:data1\" content=\"Adriana Rabelo\" \/>\n\t<meta name=\"twitter:label2\" content=\"Est. tempo de leitura\" \/>\n\t<meta name=\"twitter:data2\" content=\"2 minutos\" \/>\n<script type=\"application\/ld+json\" class=\"yoast-schema-graph\">{\"@context\":\"https:\/\/schema.org\",\"@graph\":[{\"@type\":\"WebSite\",\"@id\":\"https:\/\/franciscanos.org.br\/noticias\/#website\",\"url\":\"https:\/\/franciscanos.org.br\/noticias\/\",\"name\":\"Not\u00edcias - Franciscanos\",\"description\":\"Prov\u00edncia Franciscana da Imaculada Concei\u00e7\u00e3o do Brasil - Ordem dos Frades Menores - OFM\",\"potentialAction\":[{\"@type\":\"SearchAction\",\"target\":{\"@type\":\"EntryPoint\",\"urlTemplate\":\"https:\/\/franciscanos.org.br\/noticias\/?s={search_term_string}\"},\"query-input\":\"required name=search_term_string\"}],\"inLanguage\":\"pt-BR\"},{\"@type\":\"ImageObject\",\"inLanguage\":\"pt-BR\",\"@id\":\"https:\/\/franciscanos.org.br\/noticias\/frades-da-fimda-celebram-o-capitulo-em-angola.html#primaryimage\",\"url\":\"https:\/\/franciscanos.org.br\/noticias\/wp-content\/uploads\/2024\/07\/Imagem-do-WhatsApp-de-2024-07-27-as-10.59.38_82716431.jpg\",\"contentUrl\":\"https:\/\/franciscanos.org.br\/noticias\/wp-content\/uploads\/2024\/07\/Imagem-do-WhatsApp-de-2024-07-27-as-10.59.38_82716431.jpg\",\"width\":1280,\"height\":853},{\"@type\":\"WebPage\",\"@id\":\"https:\/\/franciscanos.org.br\/noticias\/frades-da-fimda-celebram-o-capitulo-em-angola.html#webpage\",\"url\":\"https:\/\/franciscanos.org.br\/noticias\/frades-da-fimda-celebram-o-capitulo-em-angola.html\",\"name\":\"Frades da FIMDA celebram o Cap\u00edtulo em Angola - Not\u00edcias - Franciscanos\",\"isPartOf\":{\"@id\":\"https:\/\/franciscanos.org.br\/noticias\/#website\"},\"primaryImageOfPage\":{\"@id\":\"https:\/\/franciscanos.org.br\/noticias\/frades-da-fimda-celebram-o-capitulo-em-angola.html#primaryimage\"},\"datePublished\":\"2024-07-27T15:24:00+00:00\",\"dateModified\":\"2024-07-28T01:09:50+00:00\",\"author\":{\"@id\":\"https:\/\/franciscanos.org.br\/noticias\/#\/schema\/person\/d9422e83121c3ad3b0f423d195f5bb25\"},\"breadcrumb\":{\"@id\":\"https:\/\/franciscanos.org.br\/noticias\/frades-da-fimda-celebram-o-capitulo-em-angola.html#breadcrumb\"},\"inLanguage\":\"pt-BR\",\"potentialAction\":[{\"@type\":\"ReadAction\",\"target\":[\"https:\/\/franciscanos.org.br\/noticias\/frades-da-fimda-celebram-o-capitulo-em-angola.html\"]}]},{\"@type\":\"BreadcrumbList\",\"@id\":\"https:\/\/franciscanos.org.br\/noticias\/frades-da-fimda-celebram-o-capitulo-em-angola.html#breadcrumb\",\"itemListElement\":[{\"@type\":\"ListItem\",\"position\":1,\"name\":\"Home\",\"item\":\"https:\/\/franciscanos.org.br\/noticias\"},{\"@type\":\"ListItem\",\"position\":2,\"name\":\"Frades da FIMDA celebram o Cap\u00edtulo em Angola\"}]},{\"@type\":\"Person\",\"@id\":\"https:\/\/franciscanos.org.br\/noticias\/#\/schema\/person\/d9422e83121c3ad3b0f423d195f5bb25\",\"name\":\"Adriana Rabelo\",\"image\":{\"@type\":\"ImageObject\",\"inLanguage\":\"pt-BR\",\"@id\":\"https:\/\/franciscanos.org.br\/noticias\/#\/schema\/person\/image\/\",\"url\":\"https:\/\/secure.gravatar.com\/avatar\/0a937b7500cd7df77540cfb8bede877d?s=96&d=mm&r=g\",\"contentUrl\":\"https:\/\/secure.gravatar.com\/avatar\/0a937b7500cd7df77540cfb8bede877d?s=96&d=mm&r=g\",\"caption\":\"Adriana Rabelo\"},\"url\":\"https:\/\/franciscanos.org.br\/noticias\/author\/adrianarabelo\"}]}<\/script>\n<!-- \/ Yoast SEO plugin. -->","yoast_head_json":{"title":"Frades da FIMDA celebram o Cap\u00edtulo em Angola - Not\u00edcias - Franciscanos","robots":{"index":"index","follow":"follow","max-snippet":"max-snippet:-1","max-image-preview":"max-image-preview:large","max-video-preview":"max-video-preview:-1"},"canonical":"https:\/\/franciscanos.org.br\/noticias\/frades-da-fimda-celebram-o-capitulo-em-angola.html","og_locale":"pt_BR","og_type":"article","og_title":"Frades da FIMDA celebram o Cap\u00edtulo em Angola - Not\u00edcias - Franciscanos","og_description":"Cap\u00edtulo anual da FIMDA","og_url":"https:\/\/franciscanos.org.br\/noticias\/frades-da-fimda-celebram-o-capitulo-em-angola.html","og_site_name":"Not\u00edcias - Franciscanos","article_published_time":"2024-07-27T15:24:00+00:00","article_modified_time":"2024-07-28T01:09:50+00:00","og_image":[{"width":1280,"height":853,"url":"https:\/\/franciscanos.org.br\/noticias\/wp-content\/uploads\/2024\/07\/Imagem-do-WhatsApp-de-2024-07-27-as-10.59.38_82716431.jpg","type":"image\/jpeg"}],"author":"Adriana Rabelo","twitter_card":"summary_large_image","twitter_misc":{"Escrito por":"Adriana Rabelo","Est. tempo de leitura":"2 minutos"},"schema":{"@context":"https:\/\/schema.org","@graph":[{"@type":"WebSite","@id":"https:\/\/franciscanos.org.br\/noticias\/#website","url":"https:\/\/franciscanos.org.br\/noticias\/","name":"Not\u00edcias - Franciscanos","description":"Prov\u00edncia Franciscana da Imaculada Concei\u00e7\u00e3o do Brasil - Ordem dos Frades Menores - OFM","potentialAction":[{"@type":"SearchAction","target":{"@type":"EntryPoint","urlTemplate":"https:\/\/franciscanos.org.br\/noticias\/?s={search_term_string}"},"query-input":"required name=search_term_string"}],"inLanguage":"pt-BR"},{"@type":"ImageObject","inLanguage":"pt-BR","@id":"https:\/\/franciscanos.org.br\/noticias\/frades-da-fimda-celebram-o-capitulo-em-angola.html#primaryimage","url":"https:\/\/franciscanos.org.br\/noticias\/wp-content\/uploads\/2024\/07\/Imagem-do-WhatsApp-de-2024-07-27-as-10.59.38_82716431.jpg","contentUrl":"https:\/\/franciscanos.org.br\/noticias\/wp-content\/uploads\/2024\/07\/Imagem-do-WhatsApp-de-2024-07-27-as-10.59.38_82716431.jpg","width":1280,"height":853},{"@type":"WebPage","@id":"https:\/\/franciscanos.org.br\/noticias\/frades-da-fimda-celebram-o-capitulo-em-angola.html#webpage","url":"https:\/\/franciscanos.org.br\/noticias\/frades-da-fimda-celebram-o-capitulo-em-angola.html","name":"Frades da FIMDA celebram o Cap\u00edtulo em Angola - Not\u00edcias - Franciscanos","isPartOf":{"@id":"https:\/\/franciscanos.org.br\/noticias\/#website"},"primaryImageOfPage":{"@id":"https:\/\/franciscanos.org.br\/noticias\/frades-da-fimda-celebram-o-capitulo-em-angola.html#primaryimage"},"datePublished":"2024-07-27T15:24:00+00:00","dateModified":"2024-07-28T01:09:50+00:00","author":{"@id":"https:\/\/franciscanos.org.br\/noticias\/#\/schema\/person\/d9422e83121c3ad3b0f423d195f5bb25"},"breadcrumb":{"@id":"https:\/\/franciscanos.org.br\/noticias\/frades-da-fimda-celebram-o-capitulo-em-angola.html#breadcrumb"},"inLanguage":"pt-BR","potentialAction":[{"@type":"ReadAction","target":["https:\/\/franciscanos.org.br\/noticias\/frades-da-fimda-celebram-o-capitulo-em-angola.html"]}]},{"@type":"BreadcrumbList","@id":"https:\/\/franciscanos.org.br\/noticias\/frades-da-fimda-celebram-o-capitulo-em-angola.html#breadcrumb","itemListElement":[{"@type":"ListItem","position":1,"name":"Home","item":"https:\/\/franciscanos.org.br\/noticias"},{"@type":"ListItem","position":2,"name":"Frades da FIMDA celebram o Cap\u00edtulo em Angola"}]},{"@type":"Person","@id":"https:\/\/franciscanos.org.br\/noticias\/#\/schema\/person\/d9422e83121c3ad3b0f423d195f5bb25","name":"Adriana Rabelo","image":{"@type":"ImageObject","inLanguage":"pt-BR","@id":"https:\/\/franciscanos.org.br\/noticias\/#\/schema\/person\/image\/","url":"https:\/\/secure.gravatar.com\/avatar\/0a937b7500cd7df77540cfb8bede877d?s=96&d=mm&r=g","contentUrl":"https:\/\/secure.gravatar.com\/avatar\/0a937b7500cd7df77540cfb8bede877d?s=96&d=mm&r=g","caption":"Adriana Rabelo"},"url":"https:\/\/franciscanos.org.br\/noticias\/author\/adrianarabelo"}]}},"_links":{"self":[{"href":"https:\/\/franciscanos.org.br\/noticias\/wp-json\/wp\/v2\/posts\/249291"}],"collection":[{"href":"https:\/\/franciscanos.org.br\/noticias\/wp-json\/wp\/v2\/posts"}],"about":[{"href":"https:\/\/franciscanos.org.br\/noticias\/wp-json\/wp\/v2\/types\/post"}],"author":[{"embeddable":true,"href":"https:\/\/franciscanos.org.br\/noticias\/wp-json\/wp\/v2\/users\/11"}],"replies":[{"embeddable":true,"href":"https:\/\/franciscanos.org.br\/noticias\/wp-json\/wp\/v2\/comments?post=249291"}],"version-history":[{"count":10,"href":"https:\/\/franciscanos.org.br\/noticias\/wp-json\/wp\/v2\/posts\/249291\/revisions"}],"predecessor-version":[{"id":249432,"href":"https:\/\/franciscanos.org.br\/noticias\/wp-json\/wp\/v2\/posts\/249291\/revisions\/249432"}],"wp:featuredmedia":[{"embeddable":true,"href":"https:\/\/franciscanos.org.br\/noticias\/wp-json\/wp\/v2\/media\/249293"}],"wp:attachment":[{"href":"https:\/\/franciscanos.org.br\/noticias\/wp-json\/wp\/v2\/media?parent=249291"}],"wp:term":[{"taxonomy":"category","embeddable":true,"href":"https:\/\/franciscanos.org.br\/noticias\/wp-json\/wp\/v2\/categories?post=249291"},{"taxonomy":"post_tag","embeddable":true,"href":"https:\/\/franciscanos.org.br\/noticias\/wp-json\/wp\/v2\/tags?post=249291"}],"curies":[{"name":"wp","href":"https:\/\/api.w.org\/{rel}","templated":true}]}}