{"id":249255,"date":"2024-07-26T11:10:59","date_gmt":"2024-07-26T14:10:59","guid":{"rendered":"https:\/\/franciscanos.org.br\/noticias\/?p=249255"},"modified":"2024-07-27T22:10:28","modified_gmt":"2024-07-28T01:10:28","slug":"ministro-provincial-visita-angola-para-acompanhar-atividades-da-fimda","status":"publish","type":"post","link":"https:\/\/franciscanos.org.br\/noticias\/ministro-provincial-visita-angola-para-acompanhar-atividades-da-fimda.html","title":{"rendered":"Ministro provincial visita Angola para acompanhar atividades da FIMDA"},"content":{"rendered":"<p><img loading=\"lazy\" class=\"aligncenter wp-image-249256 size-full\" src=\"https:\/\/franciscanos.org.br\/noticias\/wp-content\/uploads\/2024\/07\/02.jpg\" alt=\"\" width=\"1068\" height=\"712\" srcset=\"https:\/\/franciscanos.org.br\/noticias\/wp-content\/uploads\/2024\/07\/02.jpg 1068w, https:\/\/franciscanos.org.br\/noticias\/wp-content\/uploads\/2024\/07\/02-450x300.jpg 450w, https:\/\/franciscanos.org.br\/noticias\/wp-content\/uploads\/2024\/07\/02-1024x683.jpg 1024w, https:\/\/franciscanos.org.br\/noticias\/wp-content\/uploads\/2024\/07\/02-768x512.jpg 768w, https:\/\/franciscanos.org.br\/noticias\/wp-content\/uploads\/2024\/07\/02-150x100.jpg 150w\" sizes=\"(max-width: 1068px) 100vw, 1068px\" \/><\/p>\n<p>O Ministro provincial Frei Paulo Roberto Pereira e Frei Robson Luiz Scudela est\u00e3o em Angola desde o \u00faltimo dia 16 de julho. Anualmente esta visita \u00e9 realizada com o objeto de acompanhar as atividades da FIMDA (Funda\u00e7\u00e3o Franciscana da\u00a0 Imaculada M\u00e3e de Deus de Angola), como as celebra\u00e7\u00f5es da Primeira Profiss\u00e3o, admiss\u00e3o dos Novi\u00e7os e o Cap\u00edtulo anual da entidade.<\/p>\n<p>Especialmente neste ano, tamb\u00e9m est\u00e1 sendo realizada a Visita Can\u00f4nica nas fraternidades, em vista do Cap\u00edtulo Provincial da Prov\u00edncia Franciscana da Imaculada Concei\u00e7\u00e3o do Brasil, a qual a FIMDA pertence, programado para novembro. Devido \u00e0 dist\u00e2ncia entre as cinco fraternidades: S\u00e3o Francisco de Assis, em Kilamba Kiaxi; S\u00e3o Dami\u00e3o e Semin\u00e1rio Monte Alverne, em Malange; Santo Ant\u00f3nio, em Quibala; e Porci\u00fancula, em Viana, o tempo \u00e9 um grande desafio para os dois frades. Estas presen\u00e7as desenvolvem atividades sociais, educacionais e evangelizadoras fundamentais para o fortalecimento da espiritualidade e do carisma franciscano.<\/p>\n<p>Podemos afirmar que a FIMDA, considerando a presen\u00e7a de quase 34 anos dos frades franciscanos, tem impactado positivamente a vida do povo daquela regi\u00e3o. No entanto, a for\u00e7a transformadora est\u00e1 na presen\u00e7a de Jesus Cristo, por meio dos exemplos de S\u00e3o Francisco de Assis, sendo amor diante do \u00f3dio, luz diante das trevas e esperan\u00e7a diante do desespero. Nesse contexto, Frei Paulo e Frei Robson escutam, d\u00e3o voz e contribuem para uma importante reflex\u00e3o dos mais de 80 frades que assumiram a miss\u00e3o de perseverar e cuidar da funda\u00e7\u00e3o e do seu povo. A miss\u00e3o anual dos dois\u00a0 frades brasileiros ser\u00e1 encerrada no final deste m\u00eas.<\/p>\n<p><strong>Visita \u00e0 Par\u00f3quia Nossa Senhora de F\u00e1tima<\/strong><\/p>\n\n\t\t<style type=\"text\/css\">\n\t\t\t#gallery-1 {\n\t\t\t\tmargin: auto;\n\t\t\t}\n\t\t\t#gallery-1 .gallery-item {\n\t\t\t\tfloat: left;\n\t\t\t\tmargin-top: 10px;\n\t\t\t\ttext-align: center;\n\t\t\t\twidth: 33%;\n\t\t\t}\n\t\t\t#gallery-1 img {\n\t\t\t\tborder: 2px solid #cfcfcf;\n\t\t\t}\n\t\t\t#gallery-1 .gallery-caption {\n\t\t\t\tmargin-left: 0;\n\t\t\t}\n\t\t\t\/* see gallery_shortcode() in wp-includes\/media.php *\/\n\t\t<\/style>\n\t\t<div id='gallery-1' class='gallery galleryid-249255 gallery-columns-3 gallery-size-medium'><dl class='gallery-item'>\n\t\t\t<dt class='gallery-icon landscape'>\n\t\t\t\t<a href='https:\/\/franciscanos.org.br\/noticias\/wp-content\/uploads\/2024\/07\/IMG-20240723-WA0006.jpg'><img width=\"450\" height=\"300\" src=\"https:\/\/franciscanos.org.br\/noticias\/wp-content\/uploads\/2024\/07\/IMG-20240723-WA0006-450x300.jpg\" class=\"attachment-medium size-medium\" alt=\"\" loading=\"lazy\" srcset=\"https:\/\/franciscanos.org.br\/noticias\/wp-content\/uploads\/2024\/07\/IMG-20240723-WA0006-450x300.jpg 450w, https:\/\/franciscanos.org.br\/noticias\/wp-content\/uploads\/2024\/07\/IMG-20240723-WA0006-1024x683.jpg 1024w, https:\/\/franciscanos.org.br\/noticias\/wp-content\/uploads\/2024\/07\/IMG-20240723-WA0006-768x512.jpg 768w, https:\/\/franciscanos.org.br\/noticias\/wp-content\/uploads\/2024\/07\/IMG-20240723-WA0006-150x100.jpg 150w, https:\/\/franciscanos.org.br\/noticias\/wp-content\/uploads\/2024\/07\/IMG-20240723-WA0006.jpg 1068w\" sizes=\"(max-width: 450px) 100vw, 450px\" \/><\/a>\n\t\t\t<\/dt><\/dl><dl class='gallery-item'>\n\t\t\t<dt class='gallery-icon landscape'>\n\t\t\t\t<a href='https:\/\/franciscanos.org.br\/noticias\/wp-content\/uploads\/2024\/07\/IMG-20240725-WA0050.jpg'><img width=\"450\" height=\"300\" src=\"https:\/\/franciscanos.org.br\/noticias\/wp-content\/uploads\/2024\/07\/IMG-20240725-WA0050-450x300.jpg\" class=\"attachment-medium size-medium\" alt=\"\" loading=\"lazy\" srcset=\"https:\/\/franciscanos.org.br\/noticias\/wp-content\/uploads\/2024\/07\/IMG-20240725-WA0050-450x300.jpg 450w, https:\/\/franciscanos.org.br\/noticias\/wp-content\/uploads\/2024\/07\/IMG-20240725-WA0050-1024x683.jpg 1024w, https:\/\/franciscanos.org.br\/noticias\/wp-content\/uploads\/2024\/07\/IMG-20240725-WA0050-768x512.jpg 768w, https:\/\/franciscanos.org.br\/noticias\/wp-content\/uploads\/2024\/07\/IMG-20240725-WA0050-150x100.jpg 150w, https:\/\/franciscanos.org.br\/noticias\/wp-content\/uploads\/2024\/07\/IMG-20240725-WA0050.jpg 1068w\" sizes=\"(max-width: 450px) 100vw, 450px\" \/><\/a>\n\t\t\t<\/dt><\/dl><dl class='gallery-item'>\n\t\t\t<dt class='gallery-icon landscape'>\n\t\t\t\t<a href='https:\/\/franciscanos.org.br\/noticias\/wp-content\/uploads\/2024\/07\/IMG-20240725-WA0018.jpg'><img width=\"450\" height=\"300\" src=\"https:\/\/franciscanos.org.br\/noticias\/wp-content\/uploads\/2024\/07\/IMG-20240725-WA0018-450x300.jpg\" class=\"attachment-medium size-medium\" alt=\"\" loading=\"lazy\" srcset=\"https:\/\/franciscanos.org.br\/noticias\/wp-content\/uploads\/2024\/07\/IMG-20240725-WA0018-450x300.jpg 450w, https:\/\/franciscanos.org.br\/noticias\/wp-content\/uploads\/2024\/07\/IMG-20240725-WA0018-1024x683.jpg 1024w, https:\/\/franciscanos.org.br\/noticias\/wp-content\/uploads\/2024\/07\/IMG-20240725-WA0018-768x512.jpg 768w, https:\/\/franciscanos.org.br\/noticias\/wp-content\/uploads\/2024\/07\/IMG-20240725-WA0018-150x100.jpg 150w, https:\/\/franciscanos.org.br\/noticias\/wp-content\/uploads\/2024\/07\/IMG-20240725-WA0018.jpg 1068w\" sizes=\"(max-width: 450px) 100vw, 450px\" \/><\/a>\n\t\t\t<\/dt><\/dl><br style=\"clear: both\" \/>\n\t\t<\/div>\n\n<p>Dentre as in\u00fameras visitas, na \u00faltima segunda-feira (22), o Ministro provincial esteve na Par\u00f3quia Nossa Senhora de F\u00e1tima dos Mulenvos de Cima, em Viana, acompanhados pelo p\u00e1roco, Frei Jo\u00e3o Alberto Bunga.<\/p>\n<p>De acordo com Frei Paulo, a visita em Angola consta na agenda de saber ouvir. \u201c\u00c9 preciso nos silenciar para poder, de fato, ouvir mais. A Igreja n\u00e3o \u00e9 clerical, mas sim ministerial por viver em unidade e na disposicao de acolher com boa vontade a riqueza das diferen\u00e7as em seus membros\u201d.<\/p>\n<p>O frade apresentou aos presentes 5 aspectos de um bom franciscano:<\/p>\n<p>1 &#8211; Gostar de estar com o povo;<\/p>\n<p>2 &#8211; Salvaguardar e proteger o protagonismo dos leigos;<\/p>\n<p>3 &#8211; Promover a forma\u00e7\u00e3o de pessoas adultas, com base na catequese e na Sagrada Escritura;<\/p>\n<p>4 &#8211; Ser solid\u00e1rio com o povo;<\/p>\n<p>5 &#8211; Cuidar da natureza.<\/p>\n<p>Foi a partir desses pontos que o Conselho da Par\u00f3quia Nossa Senhora de F\u00e1tima, reunido em grupos, fez importantes reflex\u00f5es. Todos foram un\u00e2nimes quanto \u00e0 import\u00e2ncia dos aspectos apresentados e ressaltaram o envolvimento dos frades da par\u00f3quia no cuidado com suas ovelhas, na promo\u00e7\u00e3o de a\u00e7\u00f5es de solidariedade e acolhimento.<\/p>\n<p>Frei Paulo tamb\u00e9m sugeriu ao grupo a cria\u00e7\u00e3o de uma casa paroquial. No entanto, o coordenador da par\u00f3quia, Augusto Cuanga, considerou a sugest\u00e3o, mas acredita que a regi\u00e3o, que conta com 4 comunidades, ainda n\u00e3o tem condi\u00e7\u00f5es de acolher os frades. Ainda assim, segundo ele, mesmo com a dist\u00e2ncia, todas as comunidades celebram missas.<\/p>\n<p>Esperan\u00e7a Graciano, coordenadora da Pastoral Juvenil, disse ao Ministro provincial que a juventude pede que ele verifique as constantes mudan\u00e7as que a par\u00f3quia Nossa Senhora de F\u00e1tima tem sofrido, do ponto de vista administrativo. Ela sugeriu que o p\u00e1roco permane\u00e7a no local por, pelo menos, 5 anos.<\/p>\n<p>Frei Paulo Roberto Pereira, agradeceu \u00e0 comunidade pelo esfor\u00e7o que vem demonstrando nesse per\u00edodo de visita em Angola. Ele salientou a generosidade e o acolhimento do povo.<\/p>\n<p>No encerramento do encontro, Frei Jo\u00e3o Bunga, agradeceu, fazendo uso dos dialetos locais, ao Ministro provincial e ao Frei Robson pelo tempo que dispuseram para ouvir os membros da par\u00f3quia.<\/p>\n<hr \/>\n<p>Frei Jo\u00e3o Alberto Bunga e Adriana Rabelo<\/p>\n","protected":false},"excerpt":{"rendered":"<p>Cap\u00edtulo anual FIMDA<\/p>\n","protected":false},"author":11,"featured_media":249256,"comment_status":"open","ping_status":"open","sticky":false,"template":"","format":"standard","meta":[],"categories":[1],"tags":[195],"acf":[],"yoast_head":"<!-- This site is optimized with the Yoast SEO plugin v19.2 - https:\/\/yoast.com\/wordpress\/plugins\/seo\/ -->\n<title>Ministro provincial visita Angola para acompanhar atividades da FIMDA - Not\u00edcias - Franciscanos<\/title>\n<meta name=\"robots\" content=\"index, follow, max-snippet:-1, max-image-preview:large, max-video-preview:-1\" \/>\n<link rel=\"canonical\" href=\"https:\/\/franciscanos.org.br\/noticias\/ministro-provincial-visita-angola-para-acompanhar-atividades-da-fimda.html\" \/>\n<meta property=\"og:locale\" content=\"pt_BR\" \/>\n<meta property=\"og:type\" content=\"article\" \/>\n<meta property=\"og:title\" content=\"Ministro provincial visita Angola para acompanhar atividades da FIMDA - Not\u00edcias - Franciscanos\" \/>\n<meta property=\"og:description\" content=\"Cap\u00edtulo anual FIMDA\" \/>\n<meta property=\"og:url\" content=\"https:\/\/franciscanos.org.br\/noticias\/ministro-provincial-visita-angola-para-acompanhar-atividades-da-fimda.html\" \/>\n<meta property=\"og:site_name\" content=\"Not\u00edcias - Franciscanos\" \/>\n<meta property=\"article:published_time\" content=\"2024-07-26T14:10:59+00:00\" \/>\n<meta property=\"article:modified_time\" content=\"2024-07-28T01:10:28+00:00\" \/>\n<meta property=\"og:image\" content=\"https:\/\/franciscanos.org.br\/noticias\/wp-content\/uploads\/2024\/07\/02.jpg\" \/>\n\t<meta property=\"og:image:width\" content=\"1068\" \/>\n\t<meta property=\"og:image:height\" content=\"712\" \/>\n\t<meta property=\"og:image:type\" content=\"image\/jpeg\" \/>\n<meta name=\"author\" content=\"Adriana Rabelo\" \/>\n<meta name=\"twitter:card\" content=\"summary_large_image\" \/>\n<meta name=\"twitter:label1\" content=\"Escrito por\" \/>\n\t<meta name=\"twitter:data1\" content=\"Adriana Rabelo\" \/>\n\t<meta name=\"twitter:label2\" content=\"Est. tempo de leitura\" \/>\n\t<meta name=\"twitter:data2\" content=\"3 minutos\" \/>\n<script type=\"application\/ld+json\" class=\"yoast-schema-graph\">{\"@context\":\"https:\/\/schema.org\",\"@graph\":[{\"@type\":\"WebSite\",\"@id\":\"https:\/\/franciscanos.org.br\/noticias\/#website\",\"url\":\"https:\/\/franciscanos.org.br\/noticias\/\",\"name\":\"Not\u00edcias - Franciscanos\",\"description\":\"Prov\u00edncia Franciscana da Imaculada Concei\u00e7\u00e3o do Brasil - Ordem dos Frades Menores - OFM\",\"potentialAction\":[{\"@type\":\"SearchAction\",\"target\":{\"@type\":\"EntryPoint\",\"urlTemplate\":\"https:\/\/franciscanos.org.br\/noticias\/?s={search_term_string}\"},\"query-input\":\"required name=search_term_string\"}],\"inLanguage\":\"pt-BR\"},{\"@type\":\"ImageObject\",\"inLanguage\":\"pt-BR\",\"@id\":\"https:\/\/franciscanos.org.br\/noticias\/ministro-provincial-visita-angola-para-acompanhar-atividades-da-fimda.html#primaryimage\",\"url\":\"https:\/\/franciscanos.org.br\/noticias\/wp-content\/uploads\/2024\/07\/02.jpg\",\"contentUrl\":\"https:\/\/franciscanos.org.br\/noticias\/wp-content\/uploads\/2024\/07\/02.jpg\",\"width\":1068,\"height\":712},{\"@type\":\"WebPage\",\"@id\":\"https:\/\/franciscanos.org.br\/noticias\/ministro-provincial-visita-angola-para-acompanhar-atividades-da-fimda.html#webpage\",\"url\":\"https:\/\/franciscanos.org.br\/noticias\/ministro-provincial-visita-angola-para-acompanhar-atividades-da-fimda.html\",\"name\":\"Ministro provincial visita Angola para acompanhar atividades da FIMDA - Not\u00edcias - Franciscanos\",\"isPartOf\":{\"@id\":\"https:\/\/franciscanos.org.br\/noticias\/#website\"},\"primaryImageOfPage\":{\"@id\":\"https:\/\/franciscanos.org.br\/noticias\/ministro-provincial-visita-angola-para-acompanhar-atividades-da-fimda.html#primaryimage\"},\"datePublished\":\"2024-07-26T14:10:59+00:00\",\"dateModified\":\"2024-07-28T01:10:28+00:00\",\"author\":{\"@id\":\"https:\/\/franciscanos.org.br\/noticias\/#\/schema\/person\/d9422e83121c3ad3b0f423d195f5bb25\"},\"breadcrumb\":{\"@id\":\"https:\/\/franciscanos.org.br\/noticias\/ministro-provincial-visita-angola-para-acompanhar-atividades-da-fimda.html#breadcrumb\"},\"inLanguage\":\"pt-BR\",\"potentialAction\":[{\"@type\":\"ReadAction\",\"target\":[\"https:\/\/franciscanos.org.br\/noticias\/ministro-provincial-visita-angola-para-acompanhar-atividades-da-fimda.html\"]}]},{\"@type\":\"BreadcrumbList\",\"@id\":\"https:\/\/franciscanos.org.br\/noticias\/ministro-provincial-visita-angola-para-acompanhar-atividades-da-fimda.html#breadcrumb\",\"itemListElement\":[{\"@type\":\"ListItem\",\"position\":1,\"name\":\"Home\",\"item\":\"https:\/\/franciscanos.org.br\/noticias\"},{\"@type\":\"ListItem\",\"position\":2,\"name\":\"Ministro provincial visita Angola para acompanhar atividades da FIMDA\"}]},{\"@type\":\"Person\",\"@id\":\"https:\/\/franciscanos.org.br\/noticias\/#\/schema\/person\/d9422e83121c3ad3b0f423d195f5bb25\",\"name\":\"Adriana Rabelo\",\"image\":{\"@type\":\"ImageObject\",\"inLanguage\":\"pt-BR\",\"@id\":\"https:\/\/franciscanos.org.br\/noticias\/#\/schema\/person\/image\/\",\"url\":\"https:\/\/secure.gravatar.com\/avatar\/0a937b7500cd7df77540cfb8bede877d?s=96&d=mm&r=g\",\"contentUrl\":\"https:\/\/secure.gravatar.com\/avatar\/0a937b7500cd7df77540cfb8bede877d?s=96&d=mm&r=g\",\"caption\":\"Adriana Rabelo\"},\"url\":\"https:\/\/franciscanos.org.br\/noticias\/author\/adrianarabelo\"}]}<\/script>\n<!-- \/ Yoast SEO plugin. -->","yoast_head_json":{"title":"Ministro provincial visita Angola para acompanhar atividades da FIMDA - Not\u00edcias - Franciscanos","robots":{"index":"index","follow":"follow","max-snippet":"max-snippet:-1","max-image-preview":"max-image-preview:large","max-video-preview":"max-video-preview:-1"},"canonical":"https:\/\/franciscanos.org.br\/noticias\/ministro-provincial-visita-angola-para-acompanhar-atividades-da-fimda.html","og_locale":"pt_BR","og_type":"article","og_title":"Ministro provincial visita Angola para acompanhar atividades da FIMDA - Not\u00edcias - Franciscanos","og_description":"Cap\u00edtulo anual FIMDA","og_url":"https:\/\/franciscanos.org.br\/noticias\/ministro-provincial-visita-angola-para-acompanhar-atividades-da-fimda.html","og_site_name":"Not\u00edcias - Franciscanos","article_published_time":"2024-07-26T14:10:59+00:00","article_modified_time":"2024-07-28T01:10:28+00:00","og_image":[{"width":1068,"height":712,"url":"https:\/\/franciscanos.org.br\/noticias\/wp-content\/uploads\/2024\/07\/02.jpg","type":"image\/jpeg"}],"author":"Adriana Rabelo","twitter_card":"summary_large_image","twitter_misc":{"Escrito por":"Adriana Rabelo","Est. tempo de leitura":"3 minutos"},"schema":{"@context":"https:\/\/schema.org","@graph":[{"@type":"WebSite","@id":"https:\/\/franciscanos.org.br\/noticias\/#website","url":"https:\/\/franciscanos.org.br\/noticias\/","name":"Not\u00edcias - Franciscanos","description":"Prov\u00edncia Franciscana da Imaculada Concei\u00e7\u00e3o do Brasil - Ordem dos Frades Menores - OFM","potentialAction":[{"@type":"SearchAction","target":{"@type":"EntryPoint","urlTemplate":"https:\/\/franciscanos.org.br\/noticias\/?s={search_term_string}"},"query-input":"required name=search_term_string"}],"inLanguage":"pt-BR"},{"@type":"ImageObject","inLanguage":"pt-BR","@id":"https:\/\/franciscanos.org.br\/noticias\/ministro-provincial-visita-angola-para-acompanhar-atividades-da-fimda.html#primaryimage","url":"https:\/\/franciscanos.org.br\/noticias\/wp-content\/uploads\/2024\/07\/02.jpg","contentUrl":"https:\/\/franciscanos.org.br\/noticias\/wp-content\/uploads\/2024\/07\/02.jpg","width":1068,"height":712},{"@type":"WebPage","@id":"https:\/\/franciscanos.org.br\/noticias\/ministro-provincial-visita-angola-para-acompanhar-atividades-da-fimda.html#webpage","url":"https:\/\/franciscanos.org.br\/noticias\/ministro-provincial-visita-angola-para-acompanhar-atividades-da-fimda.html","name":"Ministro provincial visita Angola para acompanhar atividades da FIMDA - Not\u00edcias - Franciscanos","isPartOf":{"@id":"https:\/\/franciscanos.org.br\/noticias\/#website"},"primaryImageOfPage":{"@id":"https:\/\/franciscanos.org.br\/noticias\/ministro-provincial-visita-angola-para-acompanhar-atividades-da-fimda.html#primaryimage"},"datePublished":"2024-07-26T14:10:59+00:00","dateModified":"2024-07-28T01:10:28+00:00","author":{"@id":"https:\/\/franciscanos.org.br\/noticias\/#\/schema\/person\/d9422e83121c3ad3b0f423d195f5bb25"},"breadcrumb":{"@id":"https:\/\/franciscanos.org.br\/noticias\/ministro-provincial-visita-angola-para-acompanhar-atividades-da-fimda.html#breadcrumb"},"inLanguage":"pt-BR","potentialAction":[{"@type":"ReadAction","target":["https:\/\/franciscanos.org.br\/noticias\/ministro-provincial-visita-angola-para-acompanhar-atividades-da-fimda.html"]}]},{"@type":"BreadcrumbList","@id":"https:\/\/franciscanos.org.br\/noticias\/ministro-provincial-visita-angola-para-acompanhar-atividades-da-fimda.html#breadcrumb","itemListElement":[{"@type":"ListItem","position":1,"name":"Home","item":"https:\/\/franciscanos.org.br\/noticias"},{"@type":"ListItem","position":2,"name":"Ministro provincial visita Angola para acompanhar atividades da FIMDA"}]},{"@type":"Person","@id":"https:\/\/franciscanos.org.br\/noticias\/#\/schema\/person\/d9422e83121c3ad3b0f423d195f5bb25","name":"Adriana Rabelo","image":{"@type":"ImageObject","inLanguage":"pt-BR","@id":"https:\/\/franciscanos.org.br\/noticias\/#\/schema\/person\/image\/","url":"https:\/\/secure.gravatar.com\/avatar\/0a937b7500cd7df77540cfb8bede877d?s=96&d=mm&r=g","contentUrl":"https:\/\/secure.gravatar.com\/avatar\/0a937b7500cd7df77540cfb8bede877d?s=96&d=mm&r=g","caption":"Adriana Rabelo"},"url":"https:\/\/franciscanos.org.br\/noticias\/author\/adrianarabelo"}]}},"_links":{"self":[{"href":"https:\/\/franciscanos.org.br\/noticias\/wp-json\/wp\/v2\/posts\/249255"}],"collection":[{"href":"https:\/\/franciscanos.org.br\/noticias\/wp-json\/wp\/v2\/posts"}],"about":[{"href":"https:\/\/franciscanos.org.br\/noticias\/wp-json\/wp\/v2\/types\/post"}],"author":[{"embeddable":true,"href":"https:\/\/franciscanos.org.br\/noticias\/wp-json\/wp\/v2\/users\/11"}],"replies":[{"embeddable":true,"href":"https:\/\/franciscanos.org.br\/noticias\/wp-json\/wp\/v2\/comments?post=249255"}],"version-history":[{"count":3,"href":"https:\/\/franciscanos.org.br\/noticias\/wp-json\/wp\/v2\/posts\/249255\/revisions"}],"predecessor-version":[{"id":249357,"href":"https:\/\/franciscanos.org.br\/noticias\/wp-json\/wp\/v2\/posts\/249255\/revisions\/249357"}],"wp:featuredmedia":[{"embeddable":true,"href":"https:\/\/franciscanos.org.br\/noticias\/wp-json\/wp\/v2\/media\/249256"}],"wp:attachment":[{"href":"https:\/\/franciscanos.org.br\/noticias\/wp-json\/wp\/v2\/media?parent=249255"}],"wp:term":[{"taxonomy":"category","embeddable":true,"href":"https:\/\/franciscanos.org.br\/noticias\/wp-json\/wp\/v2\/categories?post=249255"},{"taxonomy":"post_tag","embeddable":true,"href":"https:\/\/franciscanos.org.br\/noticias\/wp-json\/wp\/v2\/tags?post=249255"}],"curies":[{"name":"wp","href":"https:\/\/api.w.org\/{rel}","templated":true}]}}