{"id":249242,"date":"2024-07-25T13:02:30","date_gmt":"2024-07-25T16:02:30","guid":{"rendered":"https:\/\/franciscanos.org.br\/noticias\/?p=249242"},"modified":"2024-08-07T11:32:51","modified_gmt":"2024-08-07T14:32:51","slug":"frei-clemente-muller-falece-aos-72-anos-no-rio-de-janeiro","status":"publish","type":"post","link":"https:\/\/franciscanos.org.br\/noticias\/frei-clemente-muller-falece-aos-72-anos-no-rio-de-janeiro.html","title":{"rendered":"Frei Jos\u00e9 Clemente M\u00fcller falece aos 72 anos no Rio de Janeiro"},"content":{"rendered":"<p><img loading=\"lazy\" class=\"aligncenter wp-image-249243 size-full\" src=\"https:\/\/franciscanos.org.br\/noticias\/wp-content\/uploads\/2024\/07\/Muller-1280.jpg\" alt=\"\" width=\"1280\" height=\"720\" srcset=\"https:\/\/franciscanos.org.br\/noticias\/wp-content\/uploads\/2024\/07\/Muller-1280.jpg 1280w, https:\/\/franciscanos.org.br\/noticias\/wp-content\/uploads\/2024\/07\/Muller-1280-450x253.jpg 450w, https:\/\/franciscanos.org.br\/noticias\/wp-content\/uploads\/2024\/07\/Muller-1280-1024x576.jpg 1024w, https:\/\/franciscanos.org.br\/noticias\/wp-content\/uploads\/2024\/07\/Muller-1280-768x432.jpg 768w, https:\/\/franciscanos.org.br\/noticias\/wp-content\/uploads\/2024\/07\/Muller-1280-150x84.jpg 150w\" sizes=\"(max-width: 1280px) 100vw, 1280px\" \/><\/p>\n<p>Nesta sexta-feira (26\/07), \u00e0s 15h, reze conosco a Celebra\u00e7\u00e3o de Ex\u00e9quias de Frei Jos\u00e9 Clemente M\u00fcller, diretamente do Convento Santo Ant\u00f4nio do Largo da Carioca, Rio de Janeiro (RJ), onde o corpo do frade est\u00e1 sendo velado.<\/p>\n<p>No \u00faltimo dia 24 de julho de 2024, Frei Jos\u00e9 Clemente M\u00fcller, de 72 anos, foi para os bra\u00e7os de Deus.<\/p>\n<p>Nesse dia, \u00e0s 23h28, ele foi a \u00f3bito na Unidade de Pronto Atendimento de Copacabana, no Rio de Janeiro.<\/p>\n<p>O frade havia voltado de S\u00e3o Paulo, onde acompanhou o retiro de uma Congrega\u00e7\u00e3o de Irm\u00e3s Religiosas. Passou alguns dias na capital carioca, e tinha retorno para Vila Velha (ES), no mesmo dia.<\/p>\n<p>Pelo fim da tarde, prestes a deixar o hotel onde estava hospedado, em Copacabana, passou mal e foi socorrido pelos funcion\u00e1rios da recep\u00e7\u00e3o, sendo conduzido pelo SAMU at\u00e9 a unidade de sa\u00fade. Chegou ao local\u00a0 j\u00e1 inconsciente, com satura\u00e7\u00e3o baixa e foi imediatamente entubado e encaminhado \u00e0 Sala Vermelha. De acordo com m\u00e9dico plantonista, estava estabilizado, realizando exames para definir melhor a conduta de tratamento.\u00a0 \u00c0s 23h, teve uma parada card\u00edaca, mas n\u00e3o resistiu.<\/p>\n<p>Frei Clemente viveu no Convento Santo Ant\u00f4nio, no Largo da Carioca, nos anos de 2003 e 2004.\u00a0 Nos \u00faltimos anos, ele compunha a Fraternidade do Santu\u00e1rio do Divino Esp\u00edrito Santo, em Vila Velha, onde exercia a fun\u00e7\u00e3o de Vig\u00e1rio Paroquial.<\/p>\n<p><strong>Dados pessoais, forma\u00e7\u00e3o e atividades<\/strong><\/p>\n<p><strong>Nascimento:<\/strong> 07 de mar\u00e7o de 1952 (72 anos)<\/p>\n<p><strong>Naturalidade: <\/strong>Rio do Sul, SC<\/p>\n<p><strong>Vesti\u00e7\u00e3o: <\/strong>20 de janeiro de 1972<\/p>\n<p><strong>Primeira Profiss\u00e3o: <\/strong>20 de janeiro de 1973<\/p>\n<p><strong>Profiss\u00e3o Solene: <\/strong>02 de agosto de 1976<\/p>\n<p><strong>Ordena\u00e7\u00e3o Presbiterial:<\/strong> 30 de junho de 1979<\/p>\n<p><strong>1977-<\/strong> Estudante de teologia, em Jerusal\u00e9m, Israel (IL)<\/p>\n<p><strong>1981-<\/strong>\u00a0 Fraternidade do Semin\u00e1rio Santo Ant\u00f4nio\/ Agudos (SP) &#8211; Professor<\/p>\n<p><strong>1986-1995-1997 &#8211;<\/strong> Fraternidade Santo Ant\u00f4nio do Pari\/ S\u00e3o Paulo (SP) &#8211; Comiss\u00e1rio da Terra Santa\/ Ass. Franciscanos do Gets\u00eamani\/ Secret\u00e1rio do Secretariado de Evangeliza\u00e7\u00e3o Mission\u00e1ria e Membro do Conselho de Assessoria ao Definit\u00f3rio e Entidades do DEC<\/p>\n<p><strong>2000 a 2002 \u2013<\/strong> Fraternidade Imaculada Concei\u00e7\u00e3o\/ S\u00e3o Paulo (SP) &#8211; Guardi\u00e3o e P\u00e1roco (Par\u00f3quia S\u00e3o Francisco de Assis)<\/p>\n<p><strong>2002-<\/strong> Fraternidade S\u00e3o Francisco de Assis\/ Bragan\u00e7a Paulista (SP) &#8211;\u00a0 Per\u00edodo sab\u00e1tico<\/p>\n<p><strong>2003-<\/strong> Fraternidade Santo Ant\u00f4nio\/ Largo da Carioca (RJ) \u2013 Reitor do Santu\u00e1rio Santo Ant\u00f4nio<\/p>\n<p><strong>2004-<\/strong> Assistente da Fraternidade OFS- Ipanema (RJ)<\/p>\n<p><strong>2005-<\/strong> Fraternidade S\u00e3o Francisco\/ S\u00e3o Paulo (SP) &#8211;\u00a0 P\u00e1roco e Reitor do Santu\u00e1rio S\u00e3o Francisco<\/p>\n<p><strong>2006-<\/strong> Fraternidade Santa In\u00eas\/ Balne\u00e1rio Cambori\u00fa (SC) &#8211;\u00a0 Vig\u00e1rio paroquial e a servi\u00e7o do SEFRAS<\/p>\n<p><strong>2009-2010-<\/strong> Fraternidade Santo Ant\u00f4nio\/ Florian\u00f3polis (SC) &#8211;\u00a0 Guardi\u00e3o, P\u00e1roco e Animador SAV local, Ec\u00f4nomo da Fraternidade.<\/p>\n<p><strong>2011-<\/strong> Fraternidade S\u00e3o Francisco de Assis\/ Bragan\u00e7a Paulista (SP) \u2013 Tratamento<\/p>\n<p><strong>2012-<\/strong> Fraternidade Santo Ant\u00f4nio\/ Blumenau (SC) &#8211;\u00a0 Vig\u00e1rio paroquial, a servi\u00e7o da educa\u00e7\u00e3o e representante do Ministro provincial junto \u00e0 CRB<\/p>\n<p><strong>2015-<\/strong>\u00a0 Cust\u00f3dia da Terra Santa- Monte Tabor\/ Israel (IL) &#8211;\u00a0 Convento da Transfigura\u00e7\u00e3o do Senhor<\/p>\n<p><strong>2019-<\/strong> Cust\u00f3dia Terra Santa transferiu Frei Clemente para a Ilha de Chipre, na \u00c1sia Menor, onde h\u00e1 Santu\u00e1rio e par\u00f3quia<\/p>\n<p><strong>2020-<\/strong>\u00a0 Fraternidade Nossa Senhora Aparecida\/ Nil\u00f3polis (RJ) &#8211; Ap\u00f3s servi\u00e7os prestados \u00e0 Cust\u00f3dia da Terra retorna \u00e0 Prov\u00edncia como Vig\u00e1rio paroquial<\/p>\n<p><strong>2021 a 2024-<\/strong> Fraternidade Divino Esp\u00edrito Santo\/ Vila Velha (ES) \u2013 Vig\u00e1rio Paroquial<\/p>\n<hr \/>\n<p>Prov\u00edncia da Imaculada Concei\u00e7\u00e3o<\/p>\n<p><iframe loading=\"lazy\" title=\"YouTube video player\" src=\"https:\/\/www.youtube.com\/embed\/nFu8nbEYRRc?si=q8symccE0qpZSEcu\" width=\"100%\" height=\"480\" frameborder=\"0\" allowfullscreen=\"allowfullscreen\"><\/iframe><\/p>\n","protected":false},"excerpt":{"rendered":"<p>Falecimento<\/p>\n","protected":false},"author":11,"featured_media":249244,"comment_status":"open","ping_status":"open","sticky":false,"template":"","format":"standard","meta":[],"categories":[1],"tags":[1160],"acf":[],"yoast_head":"<!-- This site is optimized with the Yoast SEO plugin v19.2 - https:\/\/yoast.com\/wordpress\/plugins\/seo\/ -->\n<title>Frei Jos\u00e9 Clemente M\u00fcller falece aos 72 anos no Rio de Janeiro - Not\u00edcias - Franciscanos<\/title>\n<meta name=\"robots\" content=\"index, follow, max-snippet:-1, max-image-preview:large, max-video-preview:-1\" \/>\n<link rel=\"canonical\" href=\"https:\/\/franciscanos.org.br\/noticias\/frei-clemente-muller-falece-aos-72-anos-no-rio-de-janeiro.html\" \/>\n<meta property=\"og:locale\" content=\"pt_BR\" \/>\n<meta property=\"og:type\" content=\"article\" \/>\n<meta property=\"og:title\" content=\"Frei Jos\u00e9 Clemente M\u00fcller falece aos 72 anos no Rio de Janeiro - Not\u00edcias - Franciscanos\" \/>\n<meta property=\"og:description\" content=\"Falecimento\" \/>\n<meta property=\"og:url\" content=\"https:\/\/franciscanos.org.br\/noticias\/frei-clemente-muller-falece-aos-72-anos-no-rio-de-janeiro.html\" \/>\n<meta property=\"og:site_name\" content=\"Not\u00edcias - Franciscanos\" \/>\n<meta property=\"article:published_time\" content=\"2024-07-25T16:02:30+00:00\" \/>\n<meta property=\"article:modified_time\" content=\"2024-08-07T14:32:51+00:00\" \/>\n<meta property=\"og:image\" content=\"https:\/\/franciscanos.org.br\/noticias\/wp-content\/uploads\/2024\/07\/muller-800.jpg\" \/>\n\t<meta property=\"og:image:width\" content=\"800\" \/>\n\t<meta property=\"og:image:height\" content=\"550\" \/>\n\t<meta property=\"og:image:type\" content=\"image\/jpeg\" \/>\n<meta name=\"author\" content=\"Adriana Rabelo\" \/>\n<meta name=\"twitter:card\" content=\"summary_large_image\" \/>\n<meta name=\"twitter:label1\" content=\"Escrito por\" \/>\n\t<meta name=\"twitter:data1\" content=\"Adriana Rabelo\" \/>\n\t<meta name=\"twitter:label2\" content=\"Est. tempo de leitura\" \/>\n\t<meta name=\"twitter:data2\" content=\"3 minutos\" \/>\n<script type=\"application\/ld+json\" class=\"yoast-schema-graph\">{\"@context\":\"https:\/\/schema.org\",\"@graph\":[{\"@type\":\"WebSite\",\"@id\":\"https:\/\/franciscanos.org.br\/noticias\/#website\",\"url\":\"https:\/\/franciscanos.org.br\/noticias\/\",\"name\":\"Not\u00edcias - Franciscanos\",\"description\":\"Prov\u00edncia Franciscana da Imaculada Concei\u00e7\u00e3o do Brasil - Ordem dos Frades Menores - OFM\",\"potentialAction\":[{\"@type\":\"SearchAction\",\"target\":{\"@type\":\"EntryPoint\",\"urlTemplate\":\"https:\/\/franciscanos.org.br\/noticias\/?s={search_term_string}\"},\"query-input\":\"required name=search_term_string\"}],\"inLanguage\":\"pt-BR\"},{\"@type\":\"ImageObject\",\"inLanguage\":\"pt-BR\",\"@id\":\"https:\/\/franciscanos.org.br\/noticias\/frei-clemente-muller-falece-aos-72-anos-no-rio-de-janeiro.html#primaryimage\",\"url\":\"https:\/\/franciscanos.org.br\/noticias\/wp-content\/uploads\/2024\/07\/muller-800.jpg\",\"contentUrl\":\"https:\/\/franciscanos.org.br\/noticias\/wp-content\/uploads\/2024\/07\/muller-800.jpg\",\"width\":800,\"height\":550},{\"@type\":\"WebPage\",\"@id\":\"https:\/\/franciscanos.org.br\/noticias\/frei-clemente-muller-falece-aos-72-anos-no-rio-de-janeiro.html#webpage\",\"url\":\"https:\/\/franciscanos.org.br\/noticias\/frei-clemente-muller-falece-aos-72-anos-no-rio-de-janeiro.html\",\"name\":\"Frei Jos\u00e9 Clemente M\u00fcller falece aos 72 anos no Rio de Janeiro - Not\u00edcias - Franciscanos\",\"isPartOf\":{\"@id\":\"https:\/\/franciscanos.org.br\/noticias\/#website\"},\"primaryImageOfPage\":{\"@id\":\"https:\/\/franciscanos.org.br\/noticias\/frei-clemente-muller-falece-aos-72-anos-no-rio-de-janeiro.html#primaryimage\"},\"datePublished\":\"2024-07-25T16:02:30+00:00\",\"dateModified\":\"2024-08-07T14:32:51+00:00\",\"author\":{\"@id\":\"https:\/\/franciscanos.org.br\/noticias\/#\/schema\/person\/d9422e83121c3ad3b0f423d195f5bb25\"},\"breadcrumb\":{\"@id\":\"https:\/\/franciscanos.org.br\/noticias\/frei-clemente-muller-falece-aos-72-anos-no-rio-de-janeiro.html#breadcrumb\"},\"inLanguage\":\"pt-BR\",\"potentialAction\":[{\"@type\":\"ReadAction\",\"target\":[\"https:\/\/franciscanos.org.br\/noticias\/frei-clemente-muller-falece-aos-72-anos-no-rio-de-janeiro.html\"]}]},{\"@type\":\"BreadcrumbList\",\"@id\":\"https:\/\/franciscanos.org.br\/noticias\/frei-clemente-muller-falece-aos-72-anos-no-rio-de-janeiro.html#breadcrumb\",\"itemListElement\":[{\"@type\":\"ListItem\",\"position\":1,\"name\":\"Home\",\"item\":\"https:\/\/franciscanos.org.br\/noticias\"},{\"@type\":\"ListItem\",\"position\":2,\"name\":\"Frei Jos\u00e9 Clemente M\u00fcller falece aos 72 anos no Rio de Janeiro\"}]},{\"@type\":\"Person\",\"@id\":\"https:\/\/franciscanos.org.br\/noticias\/#\/schema\/person\/d9422e83121c3ad3b0f423d195f5bb25\",\"name\":\"Adriana Rabelo\",\"image\":{\"@type\":\"ImageObject\",\"inLanguage\":\"pt-BR\",\"@id\":\"https:\/\/franciscanos.org.br\/noticias\/#\/schema\/person\/image\/\",\"url\":\"https:\/\/secure.gravatar.com\/avatar\/0a937b7500cd7df77540cfb8bede877d?s=96&d=mm&r=g\",\"contentUrl\":\"https:\/\/secure.gravatar.com\/avatar\/0a937b7500cd7df77540cfb8bede877d?s=96&d=mm&r=g\",\"caption\":\"Adriana Rabelo\"},\"url\":\"https:\/\/franciscanos.org.br\/noticias\/author\/adrianarabelo\"}]}<\/script>\n<!-- \/ Yoast SEO plugin. -->","yoast_head_json":{"title":"Frei Jos\u00e9 Clemente M\u00fcller falece aos 72 anos no Rio de Janeiro - Not\u00edcias - Franciscanos","robots":{"index":"index","follow":"follow","max-snippet":"max-snippet:-1","max-image-preview":"max-image-preview:large","max-video-preview":"max-video-preview:-1"},"canonical":"https:\/\/franciscanos.org.br\/noticias\/frei-clemente-muller-falece-aos-72-anos-no-rio-de-janeiro.html","og_locale":"pt_BR","og_type":"article","og_title":"Frei Jos\u00e9 Clemente M\u00fcller falece aos 72 anos no Rio de Janeiro - Not\u00edcias - Franciscanos","og_description":"Falecimento","og_url":"https:\/\/franciscanos.org.br\/noticias\/frei-clemente-muller-falece-aos-72-anos-no-rio-de-janeiro.html","og_site_name":"Not\u00edcias - Franciscanos","article_published_time":"2024-07-25T16:02:30+00:00","article_modified_time":"2024-08-07T14:32:51+00:00","og_image":[{"width":800,"height":550,"url":"https:\/\/franciscanos.org.br\/noticias\/wp-content\/uploads\/2024\/07\/muller-800.jpg","type":"image\/jpeg"}],"author":"Adriana Rabelo","twitter_card":"summary_large_image","twitter_misc":{"Escrito por":"Adriana Rabelo","Est. tempo de leitura":"3 minutos"},"schema":{"@context":"https:\/\/schema.org","@graph":[{"@type":"WebSite","@id":"https:\/\/franciscanos.org.br\/noticias\/#website","url":"https:\/\/franciscanos.org.br\/noticias\/","name":"Not\u00edcias - Franciscanos","description":"Prov\u00edncia Franciscana da Imaculada Concei\u00e7\u00e3o do Brasil - Ordem dos Frades Menores - OFM","potentialAction":[{"@type":"SearchAction","target":{"@type":"EntryPoint","urlTemplate":"https:\/\/franciscanos.org.br\/noticias\/?s={search_term_string}"},"query-input":"required name=search_term_string"}],"inLanguage":"pt-BR"},{"@type":"ImageObject","inLanguage":"pt-BR","@id":"https:\/\/franciscanos.org.br\/noticias\/frei-clemente-muller-falece-aos-72-anos-no-rio-de-janeiro.html#primaryimage","url":"https:\/\/franciscanos.org.br\/noticias\/wp-content\/uploads\/2024\/07\/muller-800.jpg","contentUrl":"https:\/\/franciscanos.org.br\/noticias\/wp-content\/uploads\/2024\/07\/muller-800.jpg","width":800,"height":550},{"@type":"WebPage","@id":"https:\/\/franciscanos.org.br\/noticias\/frei-clemente-muller-falece-aos-72-anos-no-rio-de-janeiro.html#webpage","url":"https:\/\/franciscanos.org.br\/noticias\/frei-clemente-muller-falece-aos-72-anos-no-rio-de-janeiro.html","name":"Frei Jos\u00e9 Clemente M\u00fcller falece aos 72 anos no Rio de Janeiro - Not\u00edcias - Franciscanos","isPartOf":{"@id":"https:\/\/franciscanos.org.br\/noticias\/#website"},"primaryImageOfPage":{"@id":"https:\/\/franciscanos.org.br\/noticias\/frei-clemente-muller-falece-aos-72-anos-no-rio-de-janeiro.html#primaryimage"},"datePublished":"2024-07-25T16:02:30+00:00","dateModified":"2024-08-07T14:32:51+00:00","author":{"@id":"https:\/\/franciscanos.org.br\/noticias\/#\/schema\/person\/d9422e83121c3ad3b0f423d195f5bb25"},"breadcrumb":{"@id":"https:\/\/franciscanos.org.br\/noticias\/frei-clemente-muller-falece-aos-72-anos-no-rio-de-janeiro.html#breadcrumb"},"inLanguage":"pt-BR","potentialAction":[{"@type":"ReadAction","target":["https:\/\/franciscanos.org.br\/noticias\/frei-clemente-muller-falece-aos-72-anos-no-rio-de-janeiro.html"]}]},{"@type":"BreadcrumbList","@id":"https:\/\/franciscanos.org.br\/noticias\/frei-clemente-muller-falece-aos-72-anos-no-rio-de-janeiro.html#breadcrumb","itemListElement":[{"@type":"ListItem","position":1,"name":"Home","item":"https:\/\/franciscanos.org.br\/noticias"},{"@type":"ListItem","position":2,"name":"Frei Jos\u00e9 Clemente M\u00fcller falece aos 72 anos no Rio de Janeiro"}]},{"@type":"Person","@id":"https:\/\/franciscanos.org.br\/noticias\/#\/schema\/person\/d9422e83121c3ad3b0f423d195f5bb25","name":"Adriana Rabelo","image":{"@type":"ImageObject","inLanguage":"pt-BR","@id":"https:\/\/franciscanos.org.br\/noticias\/#\/schema\/person\/image\/","url":"https:\/\/secure.gravatar.com\/avatar\/0a937b7500cd7df77540cfb8bede877d?s=96&d=mm&r=g","contentUrl":"https:\/\/secure.gravatar.com\/avatar\/0a937b7500cd7df77540cfb8bede877d?s=96&d=mm&r=g","caption":"Adriana Rabelo"},"url":"https:\/\/franciscanos.org.br\/noticias\/author\/adrianarabelo"}]}},"_links":{"self":[{"href":"https:\/\/franciscanos.org.br\/noticias\/wp-json\/wp\/v2\/posts\/249242"}],"collection":[{"href":"https:\/\/franciscanos.org.br\/noticias\/wp-json\/wp\/v2\/posts"}],"about":[{"href":"https:\/\/franciscanos.org.br\/noticias\/wp-json\/wp\/v2\/types\/post"}],"author":[{"embeddable":true,"href":"https:\/\/franciscanos.org.br\/noticias\/wp-json\/wp\/v2\/users\/11"}],"replies":[{"embeddable":true,"href":"https:\/\/franciscanos.org.br\/noticias\/wp-json\/wp\/v2\/comments?post=249242"}],"version-history":[{"count":7,"href":"https:\/\/franciscanos.org.br\/noticias\/wp-json\/wp\/v2\/posts\/249242\/revisions"}],"predecessor-version":[{"id":249945,"href":"https:\/\/franciscanos.org.br\/noticias\/wp-json\/wp\/v2\/posts\/249242\/revisions\/249945"}],"wp:featuredmedia":[{"embeddable":true,"href":"https:\/\/franciscanos.org.br\/noticias\/wp-json\/wp\/v2\/media\/249244"}],"wp:attachment":[{"href":"https:\/\/franciscanos.org.br\/noticias\/wp-json\/wp\/v2\/media?parent=249242"}],"wp:term":[{"taxonomy":"category","embeddable":true,"href":"https:\/\/franciscanos.org.br\/noticias\/wp-json\/wp\/v2\/categories?post=249242"},{"taxonomy":"post_tag","embeddable":true,"href":"https:\/\/franciscanos.org.br\/noticias\/wp-json\/wp\/v2\/tags?post=249242"}],"curies":[{"name":"wp","href":"https:\/\/api.w.org\/{rel}","templated":true}]}}