{"id":249230,"date":"2024-07-25T10:29:52","date_gmt":"2024-07-25T13:29:52","guid":{"rendered":"https:\/\/franciscanos.org.br\/noticias\/?p=249230"},"modified":"2024-07-25T10:29:52","modified_gmt":"2024-07-25T13:29:52","slug":"lavradores-rezam-pela-chuva-na-109a-edicao-da-romaria-ao-convento","status":"publish","type":"post","link":"https:\/\/franciscanos.org.br\/noticias\/lavradores-rezam-pela-chuva-na-109a-edicao-da-romaria-ao-convento.html","title":{"rendered":"Lavradores rezam pela chuva na 109\u00aa edi\u00e7\u00e3o da Romaria ao Convento"},"content":{"rendered":"<p><img loading=\"lazy\" class=\"aligncenter wp-image-249231 size-full\" src=\"https:\/\/franciscanos.org.br\/noticias\/wp-content\/uploads\/2024\/07\/Romaria-dos-Lavradores-2024-2-1024x683-1.jpg\" alt=\"\" width=\"1024\" height=\"683\" srcset=\"https:\/\/franciscanos.org.br\/noticias\/wp-content\/uploads\/2024\/07\/Romaria-dos-Lavradores-2024-2-1024x683-1.jpg 1024w, https:\/\/franciscanos.org.br\/noticias\/wp-content\/uploads\/2024\/07\/Romaria-dos-Lavradores-2024-2-1024x683-1-450x300.jpg 450w, https:\/\/franciscanos.org.br\/noticias\/wp-content\/uploads\/2024\/07\/Romaria-dos-Lavradores-2024-2-1024x683-1-768x512.jpg 768w, https:\/\/franciscanos.org.br\/noticias\/wp-content\/uploads\/2024\/07\/Romaria-dos-Lavradores-2024-2-1024x683-1-150x100.jpg 150w\" sizes=\"(max-width: 1024px) 100vw, 1024px\" \/><\/p>\n<p>Devotos do Senhor Bom Jesus e de Nossa Senhora da Penha realizaram mais uma edi\u00e7\u00e3o da tradicional Romaria dos Lavradores ao Convento da Penha, em Vila Velha, Esp\u00edrito Santo, na manh\u00e3 do \u00faltimo domingo (21). A peregrina\u00e7\u00e3o acontece h\u00e1 109 anos e faz parte da festa do padroeiro da Par\u00f3quia de Novo Horizonte, Cariacica.<\/p>\n<p>Na hist\u00f3ria, a primeira Romaria aconteceu em 1915, quando a cidade de Cariacica sofria com uma grande seca que causou at\u00e9 a seca do Rio Formate, fazendo com que os agricultores, pedissem a intercess\u00e3o da M\u00e3e da Penha. De acordo com a tradi\u00e7\u00e3o, antes mesmo de chegarem em casa, os lavradores foram surpreendidos pela chuva abundante enquanto retornavam da romaria.<\/p>\n<p>Por volta das oito da manh\u00e3 houve a concentra\u00e7\u00e3o e in\u00edcio da caminhada com a Imagem do Bom Jesus saindo da Prainha at\u00e9 o Campinho do Convento. Na chegada, as preces e ora\u00e7\u00f5es pelo trabalho das m\u00e3os que cultivam o alimento que chega \u00e0 mesa de todos. A Imagem foi levada at\u00e9 o Altar para in\u00edcio da Santa Missa que foi presidida pelo p\u00e1roco, Padre Ivanir Teodoro Martins, com presen\u00e7a dos frades do Convento.<\/p>\n\n\t\t<style type=\"text\/css\">\n\t\t\t#gallery-1 {\n\t\t\t\tmargin: auto;\n\t\t\t}\n\t\t\t#gallery-1 .gallery-item {\n\t\t\t\tfloat: left;\n\t\t\t\tmargin-top: 10px;\n\t\t\t\ttext-align: center;\n\t\t\t\twidth: 33%;\n\t\t\t}\n\t\t\t#gallery-1 img {\n\t\t\t\tborder: 2px solid #cfcfcf;\n\t\t\t}\n\t\t\t#gallery-1 .gallery-caption {\n\t\t\t\tmargin-left: 0;\n\t\t\t}\n\t\t\t\/* see gallery_shortcode() in wp-includes\/media.php *\/\n\t\t<\/style>\n\t\t<div id='gallery-1' class='gallery galleryid-249230 gallery-columns-3 gallery-size-thumbnail'><dl class='gallery-item'>\n\t\t\t<dt class='gallery-icon landscape'>\n\t\t\t\t<a href='https:\/\/franciscanos.org.br\/noticias\/wp-content\/uploads\/2024\/07\/Romaria-dos-Lavradores-site3.jpg'><img width=\"300\" height=\"300\" src=\"https:\/\/franciscanos.org.br\/noticias\/wp-content\/uploads\/2024\/07\/Romaria-dos-Lavradores-site3-300x300.jpg\" class=\"attachment-thumbnail size-thumbnail\" alt=\"\" loading=\"lazy\" srcset=\"https:\/\/franciscanos.org.br\/noticias\/wp-content\/uploads\/2024\/07\/Romaria-dos-Lavradores-site3-300x300.jpg 300w, https:\/\/franciscanos.org.br\/noticias\/wp-content\/uploads\/2024\/07\/Romaria-dos-Lavradores-site3-100x100.jpg 100w\" sizes=\"(max-width: 300px) 100vw, 300px\" \/><\/a>\n\t\t\t<\/dt><\/dl><dl class='gallery-item'>\n\t\t\t<dt class='gallery-icon landscape'>\n\t\t\t\t<a href='https:\/\/franciscanos.org.br\/noticias\/wp-content\/uploads\/2024\/07\/Romaria-dos-Lavradores-site-2.jpg'><img width=\"300\" height=\"300\" src=\"https:\/\/franciscanos.org.br\/noticias\/wp-content\/uploads\/2024\/07\/Romaria-dos-Lavradores-site-2-300x300.jpg\" class=\"attachment-thumbnail size-thumbnail\" alt=\"\" loading=\"lazy\" srcset=\"https:\/\/franciscanos.org.br\/noticias\/wp-content\/uploads\/2024\/07\/Romaria-dos-Lavradores-site-2-300x300.jpg 300w, https:\/\/franciscanos.org.br\/noticias\/wp-content\/uploads\/2024\/07\/Romaria-dos-Lavradores-site-2-100x100.jpg 100w\" sizes=\"(max-width: 300px) 100vw, 300px\" \/><\/a>\n\t\t\t<\/dt><\/dl><dl class='gallery-item'>\n\t\t\t<dt class='gallery-icon landscape'>\n\t\t\t\t<a href='https:\/\/franciscanos.org.br\/noticias\/wp-content\/uploads\/2024\/07\/Romaria-dos-Lavradores-site.jpg'><img width=\"300\" height=\"300\" src=\"https:\/\/franciscanos.org.br\/noticias\/wp-content\/uploads\/2024\/07\/Romaria-dos-Lavradores-site-300x300.jpg\" class=\"attachment-thumbnail size-thumbnail\" alt=\"\" loading=\"lazy\" srcset=\"https:\/\/franciscanos.org.br\/noticias\/wp-content\/uploads\/2024\/07\/Romaria-dos-Lavradores-site-300x300.jpg 300w, https:\/\/franciscanos.org.br\/noticias\/wp-content\/uploads\/2024\/07\/Romaria-dos-Lavradores-site-100x100.jpg 100w\" sizes=\"(max-width: 300px) 100vw, 300px\" \/><\/a>\n\t\t\t<\/dt><\/dl><br style=\"clear: both\" \/>\n\t\t<\/div>\n\n<p>\u201cJuntamente com todos os romeiros e devotos do Bom Jesus, viemos agradecer pelo dom da chuva, pois h\u00e1 109 anos essa romaria vem acontecendo. Em 1915, a Romaria pediu \u00e0 Nossa Senhora da Penha, atrav\u00e9s dos agricultores, lavradores, moradores da regi\u00e3o, porque naquela regi\u00e3o estava uma grande seca, em torno do Rio Formate e gra\u00e7as a Deus eles pediram, depois vieram agradecer \u00e0 M\u00e3e, porque imediatamente veio a chuva, ap\u00f3s um per\u00edodo de estiagem. Gra\u00e7as a Deus, Nossa Senhora deu este dom, essa chuva para os agricultores e agricultoras\u201d, disse o Padre.<\/p>\n<p>Na homilia, Padre Ivanir destacou que o sentimento \u00e9 de gratid\u00e3o, pelos in\u00fameros dons e b\u00ean\u00e7\u00e3os alcan\u00e7adas por interm\u00e9dio de Nossa Senhora da Penha. \u201cOs devotos do Senhor Bom Jesus, viemos para agradecer. Somos eternamente gratos a Deus e a Nossa Senhora por tantos dons, b\u00ean\u00e7\u00e3os, vida, alegria, esperan\u00e7a, que ela tem nos concedido, por isso \u00e9 motivo de alegria estarmos aqui na Casa da M\u00e3e para agradecer\u2026\u201d<\/p>\n<p>No Ofert\u00f3rio, um momento que marca a romaria. Lavradores e produtores rurais levaram alimentos, frutos do trabalho da agricultura familiar, como oferta ao Pai.<\/p>\n<p>Veja a reportagem completa abaixo:<\/p>\n<p><iframe loading=\"lazy\" title=\"YouTube video player\" src=\"https:\/\/www.youtube.com\/embed\/e2M1RyGoDNI?si=FhKXNXie5fxuWMnj\" width=\"100%\" height=\"480\" frameborder=\"0\" allowfullscreen=\"allowfullscreen\"><\/iframe><\/p>\n","protected":false},"excerpt":{"rendered":"<p>evotos do Senhor Bom Jesus e de Nossa Senhora da Penha realizaram mais uma edi\u00e7\u00e3o da tradicional Romaria dos Lavradores ao Convento da Penha<\/p>\n","protected":false},"author":10,"featured_media":249231,"comment_status":"open","ping_status":"open","sticky":false,"template":"","format":"standard","meta":[],"categories":[1],"tags":[248,692],"acf":[],"yoast_head":"<!-- This site is optimized with the Yoast SEO plugin v19.2 - https:\/\/yoast.com\/wordpress\/plugins\/seo\/ -->\n<title>Lavradores rezam pela chuva na 109\u00aa edi\u00e7\u00e3o da Romaria ao Convento - Not\u00edcias - Franciscanos<\/title>\n<meta name=\"robots\" content=\"index, follow, max-snippet:-1, max-image-preview:large, max-video-preview:-1\" \/>\n<link rel=\"canonical\" href=\"https:\/\/franciscanos.org.br\/noticias\/lavradores-rezam-pela-chuva-na-109a-edicao-da-romaria-ao-convento.html\" \/>\n<meta property=\"og:locale\" content=\"pt_BR\" \/>\n<meta property=\"og:type\" content=\"article\" \/>\n<meta property=\"og:title\" content=\"Lavradores rezam pela chuva na 109\u00aa edi\u00e7\u00e3o da Romaria ao Convento - Not\u00edcias - Franciscanos\" \/>\n<meta property=\"og:description\" content=\"evotos do Senhor Bom Jesus e de Nossa Senhora da Penha realizaram mais uma edi\u00e7\u00e3o da tradicional Romaria dos Lavradores ao Convento da Penha\" \/>\n<meta property=\"og:url\" content=\"https:\/\/franciscanos.org.br\/noticias\/lavradores-rezam-pela-chuva-na-109a-edicao-da-romaria-ao-convento.html\" \/>\n<meta property=\"og:site_name\" content=\"Not\u00edcias - Franciscanos\" \/>\n<meta property=\"article:published_time\" content=\"2024-07-25T13:29:52+00:00\" \/>\n<meta property=\"og:image\" content=\"https:\/\/franciscanos.org.br\/noticias\/wp-content\/uploads\/2024\/07\/Romaria-dos-Lavradores-2024-2-1024x683-1.jpg\" \/>\n\t<meta property=\"og:image:width\" content=\"1024\" \/>\n\t<meta property=\"og:image:height\" content=\"683\" \/>\n\t<meta property=\"og:image:type\" content=\"image\/jpeg\" \/>\n<meta name=\"author\" content=\"Jo\u00e3o Vitor\" \/>\n<meta name=\"twitter:card\" content=\"summary_large_image\" \/>\n<meta name=\"twitter:label1\" content=\"Escrito por\" \/>\n\t<meta name=\"twitter:data1\" content=\"Jo\u00e3o Vitor\" \/>\n\t<meta name=\"twitter:label2\" content=\"Est. tempo de leitura\" \/>\n\t<meta name=\"twitter:data2\" content=\"2 minutos\" \/>\n<script type=\"application\/ld+json\" class=\"yoast-schema-graph\">{\"@context\":\"https:\/\/schema.org\",\"@graph\":[{\"@type\":\"WebSite\",\"@id\":\"https:\/\/franciscanos.org.br\/noticias\/#website\",\"url\":\"https:\/\/franciscanos.org.br\/noticias\/\",\"name\":\"Not\u00edcias - Franciscanos\",\"description\":\"Prov\u00edncia Franciscana da Imaculada Concei\u00e7\u00e3o do Brasil - Ordem dos Frades Menores - OFM\",\"potentialAction\":[{\"@type\":\"SearchAction\",\"target\":{\"@type\":\"EntryPoint\",\"urlTemplate\":\"https:\/\/franciscanos.org.br\/noticias\/?s={search_term_string}\"},\"query-input\":\"required name=search_term_string\"}],\"inLanguage\":\"pt-BR\"},{\"@type\":\"ImageObject\",\"inLanguage\":\"pt-BR\",\"@id\":\"https:\/\/franciscanos.org.br\/noticias\/lavradores-rezam-pela-chuva-na-109a-edicao-da-romaria-ao-convento.html#primaryimage\",\"url\":\"https:\/\/franciscanos.org.br\/noticias\/wp-content\/uploads\/2024\/07\/Romaria-dos-Lavradores-2024-2-1024x683-1.jpg\",\"contentUrl\":\"https:\/\/franciscanos.org.br\/noticias\/wp-content\/uploads\/2024\/07\/Romaria-dos-Lavradores-2024-2-1024x683-1.jpg\",\"width\":1024,\"height\":683},{\"@type\":\"WebPage\",\"@id\":\"https:\/\/franciscanos.org.br\/noticias\/lavradores-rezam-pela-chuva-na-109a-edicao-da-romaria-ao-convento.html#webpage\",\"url\":\"https:\/\/franciscanos.org.br\/noticias\/lavradores-rezam-pela-chuva-na-109a-edicao-da-romaria-ao-convento.html\",\"name\":\"Lavradores rezam pela chuva na 109\u00aa edi\u00e7\u00e3o da Romaria ao Convento - Not\u00edcias - Franciscanos\",\"isPartOf\":{\"@id\":\"https:\/\/franciscanos.org.br\/noticias\/#website\"},\"primaryImageOfPage\":{\"@id\":\"https:\/\/franciscanos.org.br\/noticias\/lavradores-rezam-pela-chuva-na-109a-edicao-da-romaria-ao-convento.html#primaryimage\"},\"datePublished\":\"2024-07-25T13:29:52+00:00\",\"dateModified\":\"2024-07-25T13:29:52+00:00\",\"author\":{\"@id\":\"https:\/\/franciscanos.org.br\/noticias\/#\/schema\/person\/8c11f06a466b856a11dd48d20600055f\"},\"breadcrumb\":{\"@id\":\"https:\/\/franciscanos.org.br\/noticias\/lavradores-rezam-pela-chuva-na-109a-edicao-da-romaria-ao-convento.html#breadcrumb\"},\"inLanguage\":\"pt-BR\",\"potentialAction\":[{\"@type\":\"ReadAction\",\"target\":[\"https:\/\/franciscanos.org.br\/noticias\/lavradores-rezam-pela-chuva-na-109a-edicao-da-romaria-ao-convento.html\"]}]},{\"@type\":\"BreadcrumbList\",\"@id\":\"https:\/\/franciscanos.org.br\/noticias\/lavradores-rezam-pela-chuva-na-109a-edicao-da-romaria-ao-convento.html#breadcrumb\",\"itemListElement\":[{\"@type\":\"ListItem\",\"position\":1,\"name\":\"Home\",\"item\":\"https:\/\/franciscanos.org.br\/noticias\"},{\"@type\":\"ListItem\",\"position\":2,\"name\":\"Lavradores rezam pela chuva na 109\u00aa edi\u00e7\u00e3o da Romaria ao Convento\"}]},{\"@type\":\"Person\",\"@id\":\"https:\/\/franciscanos.org.br\/noticias\/#\/schema\/person\/8c11f06a466b856a11dd48d20600055f\",\"name\":\"Jo\u00e3o Vitor\",\"image\":{\"@type\":\"ImageObject\",\"inLanguage\":\"pt-BR\",\"@id\":\"https:\/\/franciscanos.org.br\/noticias\/#\/schema\/person\/image\/\",\"url\":\"https:\/\/secure.gravatar.com\/avatar\/10ba5c9713e0c323617b4309a19e3a46?s=96&d=mm&r=g\",\"contentUrl\":\"https:\/\/secure.gravatar.com\/avatar\/10ba5c9713e0c323617b4309a19e3a46?s=96&d=mm&r=g\",\"caption\":\"Jo\u00e3o Vitor\"},\"url\":\"https:\/\/franciscanos.org.br\/noticias\/author\/joaovitor\"}]}<\/script>\n<!-- \/ Yoast SEO plugin. -->","yoast_head_json":{"title":"Lavradores rezam pela chuva na 109\u00aa edi\u00e7\u00e3o da Romaria ao Convento - Not\u00edcias - Franciscanos","robots":{"index":"index","follow":"follow","max-snippet":"max-snippet:-1","max-image-preview":"max-image-preview:large","max-video-preview":"max-video-preview:-1"},"canonical":"https:\/\/franciscanos.org.br\/noticias\/lavradores-rezam-pela-chuva-na-109a-edicao-da-romaria-ao-convento.html","og_locale":"pt_BR","og_type":"article","og_title":"Lavradores rezam pela chuva na 109\u00aa edi\u00e7\u00e3o da Romaria ao Convento - Not\u00edcias - Franciscanos","og_description":"evotos do Senhor Bom Jesus e de Nossa Senhora da Penha realizaram mais uma edi\u00e7\u00e3o da tradicional Romaria dos Lavradores ao Convento da Penha","og_url":"https:\/\/franciscanos.org.br\/noticias\/lavradores-rezam-pela-chuva-na-109a-edicao-da-romaria-ao-convento.html","og_site_name":"Not\u00edcias - Franciscanos","article_published_time":"2024-07-25T13:29:52+00:00","og_image":[{"width":1024,"height":683,"url":"https:\/\/franciscanos.org.br\/noticias\/wp-content\/uploads\/2024\/07\/Romaria-dos-Lavradores-2024-2-1024x683-1.jpg","type":"image\/jpeg"}],"author":"Jo\u00e3o Vitor","twitter_card":"summary_large_image","twitter_misc":{"Escrito por":"Jo\u00e3o Vitor","Est. tempo de leitura":"2 minutos"},"schema":{"@context":"https:\/\/schema.org","@graph":[{"@type":"WebSite","@id":"https:\/\/franciscanos.org.br\/noticias\/#website","url":"https:\/\/franciscanos.org.br\/noticias\/","name":"Not\u00edcias - Franciscanos","description":"Prov\u00edncia Franciscana da Imaculada Concei\u00e7\u00e3o do Brasil - Ordem dos Frades Menores - OFM","potentialAction":[{"@type":"SearchAction","target":{"@type":"EntryPoint","urlTemplate":"https:\/\/franciscanos.org.br\/noticias\/?s={search_term_string}"},"query-input":"required name=search_term_string"}],"inLanguage":"pt-BR"},{"@type":"ImageObject","inLanguage":"pt-BR","@id":"https:\/\/franciscanos.org.br\/noticias\/lavradores-rezam-pela-chuva-na-109a-edicao-da-romaria-ao-convento.html#primaryimage","url":"https:\/\/franciscanos.org.br\/noticias\/wp-content\/uploads\/2024\/07\/Romaria-dos-Lavradores-2024-2-1024x683-1.jpg","contentUrl":"https:\/\/franciscanos.org.br\/noticias\/wp-content\/uploads\/2024\/07\/Romaria-dos-Lavradores-2024-2-1024x683-1.jpg","width":1024,"height":683},{"@type":"WebPage","@id":"https:\/\/franciscanos.org.br\/noticias\/lavradores-rezam-pela-chuva-na-109a-edicao-da-romaria-ao-convento.html#webpage","url":"https:\/\/franciscanos.org.br\/noticias\/lavradores-rezam-pela-chuva-na-109a-edicao-da-romaria-ao-convento.html","name":"Lavradores rezam pela chuva na 109\u00aa edi\u00e7\u00e3o da Romaria ao Convento - Not\u00edcias - Franciscanos","isPartOf":{"@id":"https:\/\/franciscanos.org.br\/noticias\/#website"},"primaryImageOfPage":{"@id":"https:\/\/franciscanos.org.br\/noticias\/lavradores-rezam-pela-chuva-na-109a-edicao-da-romaria-ao-convento.html#primaryimage"},"datePublished":"2024-07-25T13:29:52+00:00","dateModified":"2024-07-25T13:29:52+00:00","author":{"@id":"https:\/\/franciscanos.org.br\/noticias\/#\/schema\/person\/8c11f06a466b856a11dd48d20600055f"},"breadcrumb":{"@id":"https:\/\/franciscanos.org.br\/noticias\/lavradores-rezam-pela-chuva-na-109a-edicao-da-romaria-ao-convento.html#breadcrumb"},"inLanguage":"pt-BR","potentialAction":[{"@type":"ReadAction","target":["https:\/\/franciscanos.org.br\/noticias\/lavradores-rezam-pela-chuva-na-109a-edicao-da-romaria-ao-convento.html"]}]},{"@type":"BreadcrumbList","@id":"https:\/\/franciscanos.org.br\/noticias\/lavradores-rezam-pela-chuva-na-109a-edicao-da-romaria-ao-convento.html#breadcrumb","itemListElement":[{"@type":"ListItem","position":1,"name":"Home","item":"https:\/\/franciscanos.org.br\/noticias"},{"@type":"ListItem","position":2,"name":"Lavradores rezam pela chuva na 109\u00aa edi\u00e7\u00e3o da Romaria ao Convento"}]},{"@type":"Person","@id":"https:\/\/franciscanos.org.br\/noticias\/#\/schema\/person\/8c11f06a466b856a11dd48d20600055f","name":"Jo\u00e3o Vitor","image":{"@type":"ImageObject","inLanguage":"pt-BR","@id":"https:\/\/franciscanos.org.br\/noticias\/#\/schema\/person\/image\/","url":"https:\/\/secure.gravatar.com\/avatar\/10ba5c9713e0c323617b4309a19e3a46?s=96&d=mm&r=g","contentUrl":"https:\/\/secure.gravatar.com\/avatar\/10ba5c9713e0c323617b4309a19e3a46?s=96&d=mm&r=g","caption":"Jo\u00e3o Vitor"},"url":"https:\/\/franciscanos.org.br\/noticias\/author\/joaovitor"}]}},"_links":{"self":[{"href":"https:\/\/franciscanos.org.br\/noticias\/wp-json\/wp\/v2\/posts\/249230"}],"collection":[{"href":"https:\/\/franciscanos.org.br\/noticias\/wp-json\/wp\/v2\/posts"}],"about":[{"href":"https:\/\/franciscanos.org.br\/noticias\/wp-json\/wp\/v2\/types\/post"}],"author":[{"embeddable":true,"href":"https:\/\/franciscanos.org.br\/noticias\/wp-json\/wp\/v2\/users\/10"}],"replies":[{"embeddable":true,"href":"https:\/\/franciscanos.org.br\/noticias\/wp-json\/wp\/v2\/comments?post=249230"}],"version-history":[{"count":1,"href":"https:\/\/franciscanos.org.br\/noticias\/wp-json\/wp\/v2\/posts\/249230\/revisions"}],"predecessor-version":[{"id":249241,"href":"https:\/\/franciscanos.org.br\/noticias\/wp-json\/wp\/v2\/posts\/249230\/revisions\/249241"}],"wp:featuredmedia":[{"embeddable":true,"href":"https:\/\/franciscanos.org.br\/noticias\/wp-json\/wp\/v2\/media\/249231"}],"wp:attachment":[{"href":"https:\/\/franciscanos.org.br\/noticias\/wp-json\/wp\/v2\/media?parent=249230"}],"wp:term":[{"taxonomy":"category","embeddable":true,"href":"https:\/\/franciscanos.org.br\/noticias\/wp-json\/wp\/v2\/categories?post=249230"},{"taxonomy":"post_tag","embeddable":true,"href":"https:\/\/franciscanos.org.br\/noticias\/wp-json\/wp\/v2\/tags?post=249230"}],"curies":[{"name":"wp","href":"https:\/\/api.w.org\/{rel}","templated":true}]}}