{"id":249218,"date":"2024-07-24T07:57:34","date_gmt":"2024-07-24T10:57:34","guid":{"rendered":"https:\/\/franciscanos.org.br\/noticias\/?p=249218"},"modified":"2024-07-24T08:22:34","modified_gmt":"2024-07-24T11:22:34","slug":"quarto-dia-mundial-dos-avos-e-dos-idosos-indulgencia-plenaria-para-quem-o-celebrar","status":"publish","type":"post","link":"https:\/\/franciscanos.org.br\/noticias\/quarto-dia-mundial-dos-avos-e-dos-idosos-indulgencia-plenaria-para-quem-o-celebrar.html","title":{"rendered":"Quarto Dia Mundial dos Av\u00f3s e dos Idosos, indulg\u00eancia plen\u00e1ria para quem o celebrar"},"content":{"rendered":"<p><img loading=\"lazy\" class=\"aligncenter wp-image-249221 size-full\" src=\"https:\/\/franciscanos.org.br\/noticias\/wp-content\/uploads\/2024\/07\/IMAGEM-TEXTO-INDULGENCIA-PLENARIA-IDOSO.jpg\" alt=\"\" width=\"1280\" height=\"720\" srcset=\"https:\/\/franciscanos.org.br\/noticias\/wp-content\/uploads\/2024\/07\/IMAGEM-TEXTO-INDULGENCIA-PLENARIA-IDOSO.jpg 1280w, https:\/\/franciscanos.org.br\/noticias\/wp-content\/uploads\/2024\/07\/IMAGEM-TEXTO-INDULGENCIA-PLENARIA-IDOSO-450x253.jpg 450w, https:\/\/franciscanos.org.br\/noticias\/wp-content\/uploads\/2024\/07\/IMAGEM-TEXTO-INDULGENCIA-PLENARIA-IDOSO-1024x576.jpg 1024w, https:\/\/franciscanos.org.br\/noticias\/wp-content\/uploads\/2024\/07\/IMAGEM-TEXTO-INDULGENCIA-PLENARIA-IDOSO-768x432.jpg 768w, https:\/\/franciscanos.org.br\/noticias\/wp-content\/uploads\/2024\/07\/IMAGEM-TEXTO-INDULGENCIA-PLENARIA-IDOSO-150x84.jpg 150w\" sizes=\"(max-width: 1280px) 100vw, 1280px\" \/><\/p>\n<p><em>No dia da celebra\u00e7\u00e3o, 28 de julho, a Penitenciaria Apost\u00f3lica concede o benef\u00edcio aos representantes da terceira idade e aos fi\u00e9is \u201cque, motivados por um aut\u00eantico esp\u00edrito de penit\u00eancia e caridade\u201d, participar\u00e3o dos v\u00e1rios servi\u00e7os, em todo o mundo, e tamb\u00e9m aos doentes, aos que cuidam deles e \u00e0queles que, impossibilitados de deixar suas casas, \u201cunirem-se espiritualmente \u00e0s fun\u00e7\u00f5es sagradas\u201d, desapegados de pecados e com a inten\u00e7\u00e3o de cumprir as consuetas condi\u00e7\u00f5es assim que poss\u00edvel<\/em><\/p>\n<p>Por ocasi\u00e3o do Quarto Dia Mundial dos Av\u00f3s e dos Idosos, institu\u00eddo pelo Papa Francisco no quarto domingo de julho, e que ter\u00e1 como tema \u201cNa velhice n\u00e3o me abandones\u201d, a Penitenciaria Apost\u00f3lica concede \u201cindulg\u00eancia plen\u00e1ria nas consuetas condi\u00e7\u00f5es (confiss\u00e3o sacramental, comunh\u00e3o eucar\u00edstica e ora\u00e7\u00e3o nas inten\u00e7\u00f5es do Sumo Pont\u00edfice) aos av\u00f3s, aos idosos e a todos os fi\u00e9is que, motivados por um aut\u00eantico esp\u00edrito de penit\u00eancia e caridade, participarem no dia 28 de julho de 2024\u201d, \u201cnos v\u00e1rios servi\u00e7os que se realizam em todo o mundo\u201d. \u00c9 o que estabelece um decreto assinado pelo penitencieiro-mor, cardeal Angelo De Donatis.<\/p>\n<p>A indulg\u00eancia plen\u00e1ria, concedida, atendendo ao pedido do cardeal Kevin Joseph Farrell, prefeito do Dicast\u00e9rio para os Leigos, a Fam\u00edlia e a Vida, a fim de \u201caumentar a devo\u00e7\u00e3o entre os fi\u00e9is e para a salva\u00e7\u00e3o das almas\u201d, pode tamb\u00e9m \u201cser aplicada como sufr\u00e1gio pelas almas do Purgat\u00f3rio\u201d e \u00e9 tamb\u00e9m concedida aos fi\u00e9is que no dia 28 de julho \u201cdedicarem tempo adequado para visitar irm\u00e3os idosos necessitados ou em dificuldade (como os doentes, as pessoas solit\u00e1rias, as pessoas com defici\u00eancia&#8230;)\u201d. O decreto tamb\u00e9m especifica que poder\u00e3o igualmente lucrar a Indulg\u00eancia Plen\u00e1ria, \u201cpressupostos o desapego a qualquer pecado e a inten\u00e7\u00e3o de cumprir assim que poss\u00edvel as tr\u00eas consuetas condi\u00e7\u00f5es, os idosos doentes e todos os que, impossibilitados de sair de casa por grave motivo, unirem-se espiritualmente \u00e0s fun\u00e7\u00f5es sagradas do Dia Mundial, oferecendo a Deus Misericordioso as sua ora\u00e7\u00f5es, dores e sofrimentos da pr\u00f3pria vida, principalmente quando as v\u00e1rias celebra\u00e7\u00f5es forem transmitidas pelos meios de comunica\u00e7\u00e3o social\u201d.<\/p>\n<p>Para que \u201ca oportunidade de alcan\u00e7ar a gra\u00e7a divina\u201d possa ser mais facilmente concretizada \u201catrav\u00e9s da caridade pastoral\u201d, a Penitenciaria Apost\u00f3lica pede firmemente \u201caos sacerdotes, munidos das oportunas faculdades para ouvir as confiss\u00f5es, que se mostrem dispon\u00edveis, com esp\u00edrito pronto e generoso, para a celebra\u00e7\u00e3o da Penit\u00eancia\u201d.<\/p>\n<p><strong>Clique e acesse:<\/strong><\/p>\n<p><a href=\"https:\/\/franciscanos.org.br\/banca\/wp-content\/uploads\/2024\/07\/IV-Dia-Mundial-dos-Avos-e-dos-Idosos-2024_-Na-velhice-nao-me-abandones-cf.-Sal-71-9-_-Francisco.pdf\"><strong><span style=\"color: #000080;\">Mensagem do Papa Francisco para o IV Dia Mundial\u00a0 dos Av\u00f3s e dos Idosos<\/span><\/strong><\/a><\/p>\n<p><a href=\"https:\/\/franciscanos.org.br\/banca\/wp-content\/uploads\/2024\/07\/Decreto-da-Penitenciaria-Apostolica-por-ocasiao-do-IV-Dia-Mundial-dos-Avos-e-dos-Idosos.pdf\"><strong><span style=\"color: #000080;\">Decreto da indulg\u00eancia plen\u00e1ria por ocasi\u00e3o do Dia Mundial dos Av\u00f3s e dos Idosos<\/span><\/strong><\/a><\/p>\n<hr \/>\n<p>Vatican News<\/p>\n","protected":false},"excerpt":{"rendered":"<p>\u201cNa velhice n\u00e3o me abandones\u201d<\/p>\n","protected":false},"author":11,"featured_media":249221,"comment_status":"open","ping_status":"open","sticky":false,"template":"","format":"standard","meta":[],"categories":[1],"tags":[55],"acf":[],"yoast_head":"<!-- This site is optimized with the Yoast SEO plugin v19.2 - https:\/\/yoast.com\/wordpress\/plugins\/seo\/ -->\n<title>Quarto Dia Mundial dos Av\u00f3s e dos Idosos, indulg\u00eancia plen\u00e1ria para quem o celebrar - Not\u00edcias - Franciscanos<\/title>\n<meta name=\"robots\" content=\"index, follow, max-snippet:-1, max-image-preview:large, max-video-preview:-1\" \/>\n<link rel=\"canonical\" href=\"https:\/\/franciscanos.org.br\/noticias\/quarto-dia-mundial-dos-avos-e-dos-idosos-indulgencia-plenaria-para-quem-o-celebrar.html\" \/>\n<meta property=\"og:locale\" content=\"pt_BR\" \/>\n<meta property=\"og:type\" content=\"article\" \/>\n<meta property=\"og:title\" content=\"Quarto Dia Mundial dos Av\u00f3s e dos Idosos, indulg\u00eancia plen\u00e1ria para quem o celebrar - Not\u00edcias - Franciscanos\" \/>\n<meta property=\"og:description\" content=\"\u201cNa velhice n\u00e3o me abandones\u201d\" \/>\n<meta property=\"og:url\" content=\"https:\/\/franciscanos.org.br\/noticias\/quarto-dia-mundial-dos-avos-e-dos-idosos-indulgencia-plenaria-para-quem-o-celebrar.html\" \/>\n<meta property=\"og:site_name\" content=\"Not\u00edcias - Franciscanos\" \/>\n<meta property=\"article:published_time\" content=\"2024-07-24T10:57:34+00:00\" \/>\n<meta property=\"article:modified_time\" content=\"2024-07-24T11:22:34+00:00\" \/>\n<meta property=\"og:image\" content=\"https:\/\/franciscanos.org.br\/noticias\/wp-content\/uploads\/2024\/07\/IMAGEM-TEXTO-INDULGENCIA-PLENARIA-IDOSO.jpg\" \/>\n\t<meta property=\"og:image:width\" content=\"1280\" \/>\n\t<meta property=\"og:image:height\" content=\"720\" \/>\n\t<meta property=\"og:image:type\" content=\"image\/jpeg\" \/>\n<meta name=\"author\" content=\"Adriana Rabelo\" \/>\n<meta name=\"twitter:card\" content=\"summary_large_image\" \/>\n<meta name=\"twitter:label1\" content=\"Escrito por\" \/>\n\t<meta name=\"twitter:data1\" content=\"Adriana Rabelo\" \/>\n\t<meta name=\"twitter:label2\" content=\"Est. tempo de leitura\" \/>\n\t<meta name=\"twitter:data2\" content=\"2 minutos\" \/>\n<script type=\"application\/ld+json\" class=\"yoast-schema-graph\">{\"@context\":\"https:\/\/schema.org\",\"@graph\":[{\"@type\":\"WebSite\",\"@id\":\"https:\/\/franciscanos.org.br\/noticias\/#website\",\"url\":\"https:\/\/franciscanos.org.br\/noticias\/\",\"name\":\"Not\u00edcias - Franciscanos\",\"description\":\"Prov\u00edncia Franciscana da Imaculada Concei\u00e7\u00e3o do Brasil - Ordem dos Frades Menores - OFM\",\"potentialAction\":[{\"@type\":\"SearchAction\",\"target\":{\"@type\":\"EntryPoint\",\"urlTemplate\":\"https:\/\/franciscanos.org.br\/noticias\/?s={search_term_string}\"},\"query-input\":\"required name=search_term_string\"}],\"inLanguage\":\"pt-BR\"},{\"@type\":\"ImageObject\",\"inLanguage\":\"pt-BR\",\"@id\":\"https:\/\/franciscanos.org.br\/noticias\/quarto-dia-mundial-dos-avos-e-dos-idosos-indulgencia-plenaria-para-quem-o-celebrar.html#primaryimage\",\"url\":\"https:\/\/franciscanos.org.br\/noticias\/wp-content\/uploads\/2024\/07\/IMAGEM-TEXTO-INDULGENCIA-PLENARIA-IDOSO.jpg\",\"contentUrl\":\"https:\/\/franciscanos.org.br\/noticias\/wp-content\/uploads\/2024\/07\/IMAGEM-TEXTO-INDULGENCIA-PLENARIA-IDOSO.jpg\",\"width\":1280,\"height\":720},{\"@type\":\"WebPage\",\"@id\":\"https:\/\/franciscanos.org.br\/noticias\/quarto-dia-mundial-dos-avos-e-dos-idosos-indulgencia-plenaria-para-quem-o-celebrar.html#webpage\",\"url\":\"https:\/\/franciscanos.org.br\/noticias\/quarto-dia-mundial-dos-avos-e-dos-idosos-indulgencia-plenaria-para-quem-o-celebrar.html\",\"name\":\"Quarto Dia Mundial dos Av\u00f3s e dos Idosos, indulg\u00eancia plen\u00e1ria para quem o celebrar - Not\u00edcias - Franciscanos\",\"isPartOf\":{\"@id\":\"https:\/\/franciscanos.org.br\/noticias\/#website\"},\"primaryImageOfPage\":{\"@id\":\"https:\/\/franciscanos.org.br\/noticias\/quarto-dia-mundial-dos-avos-e-dos-idosos-indulgencia-plenaria-para-quem-o-celebrar.html#primaryimage\"},\"datePublished\":\"2024-07-24T10:57:34+00:00\",\"dateModified\":\"2024-07-24T11:22:34+00:00\",\"author\":{\"@id\":\"https:\/\/franciscanos.org.br\/noticias\/#\/schema\/person\/d9422e83121c3ad3b0f423d195f5bb25\"},\"breadcrumb\":{\"@id\":\"https:\/\/franciscanos.org.br\/noticias\/quarto-dia-mundial-dos-avos-e-dos-idosos-indulgencia-plenaria-para-quem-o-celebrar.html#breadcrumb\"},\"inLanguage\":\"pt-BR\",\"potentialAction\":[{\"@type\":\"ReadAction\",\"target\":[\"https:\/\/franciscanos.org.br\/noticias\/quarto-dia-mundial-dos-avos-e-dos-idosos-indulgencia-plenaria-para-quem-o-celebrar.html\"]}]},{\"@type\":\"BreadcrumbList\",\"@id\":\"https:\/\/franciscanos.org.br\/noticias\/quarto-dia-mundial-dos-avos-e-dos-idosos-indulgencia-plenaria-para-quem-o-celebrar.html#breadcrumb\",\"itemListElement\":[{\"@type\":\"ListItem\",\"position\":1,\"name\":\"Home\",\"item\":\"https:\/\/franciscanos.org.br\/noticias\"},{\"@type\":\"ListItem\",\"position\":2,\"name\":\"Quarto Dia Mundial dos Av\u00f3s e dos Idosos, indulg\u00eancia plen\u00e1ria para quem o celebrar\"}]},{\"@type\":\"Person\",\"@id\":\"https:\/\/franciscanos.org.br\/noticias\/#\/schema\/person\/d9422e83121c3ad3b0f423d195f5bb25\",\"name\":\"Adriana Rabelo\",\"image\":{\"@type\":\"ImageObject\",\"inLanguage\":\"pt-BR\",\"@id\":\"https:\/\/franciscanos.org.br\/noticias\/#\/schema\/person\/image\/\",\"url\":\"https:\/\/secure.gravatar.com\/avatar\/0a937b7500cd7df77540cfb8bede877d?s=96&d=mm&r=g\",\"contentUrl\":\"https:\/\/secure.gravatar.com\/avatar\/0a937b7500cd7df77540cfb8bede877d?s=96&d=mm&r=g\",\"caption\":\"Adriana Rabelo\"},\"url\":\"https:\/\/franciscanos.org.br\/noticias\/author\/adrianarabelo\"}]}<\/script>\n<!-- \/ Yoast SEO plugin. -->","yoast_head_json":{"title":"Quarto Dia Mundial dos Av\u00f3s e dos Idosos, indulg\u00eancia plen\u00e1ria para quem o celebrar - Not\u00edcias - Franciscanos","robots":{"index":"index","follow":"follow","max-snippet":"max-snippet:-1","max-image-preview":"max-image-preview:large","max-video-preview":"max-video-preview:-1"},"canonical":"https:\/\/franciscanos.org.br\/noticias\/quarto-dia-mundial-dos-avos-e-dos-idosos-indulgencia-plenaria-para-quem-o-celebrar.html","og_locale":"pt_BR","og_type":"article","og_title":"Quarto Dia Mundial dos Av\u00f3s e dos Idosos, indulg\u00eancia plen\u00e1ria para quem o celebrar - Not\u00edcias - Franciscanos","og_description":"\u201cNa velhice n\u00e3o me abandones\u201d","og_url":"https:\/\/franciscanos.org.br\/noticias\/quarto-dia-mundial-dos-avos-e-dos-idosos-indulgencia-plenaria-para-quem-o-celebrar.html","og_site_name":"Not\u00edcias - Franciscanos","article_published_time":"2024-07-24T10:57:34+00:00","article_modified_time":"2024-07-24T11:22:34+00:00","og_image":[{"width":1280,"height":720,"url":"https:\/\/franciscanos.org.br\/noticias\/wp-content\/uploads\/2024\/07\/IMAGEM-TEXTO-INDULGENCIA-PLENARIA-IDOSO.jpg","type":"image\/jpeg"}],"author":"Adriana Rabelo","twitter_card":"summary_large_image","twitter_misc":{"Escrito por":"Adriana Rabelo","Est. tempo de leitura":"2 minutos"},"schema":{"@context":"https:\/\/schema.org","@graph":[{"@type":"WebSite","@id":"https:\/\/franciscanos.org.br\/noticias\/#website","url":"https:\/\/franciscanos.org.br\/noticias\/","name":"Not\u00edcias - Franciscanos","description":"Prov\u00edncia Franciscana da Imaculada Concei\u00e7\u00e3o do Brasil - Ordem dos Frades Menores - OFM","potentialAction":[{"@type":"SearchAction","target":{"@type":"EntryPoint","urlTemplate":"https:\/\/franciscanos.org.br\/noticias\/?s={search_term_string}"},"query-input":"required name=search_term_string"}],"inLanguage":"pt-BR"},{"@type":"ImageObject","inLanguage":"pt-BR","@id":"https:\/\/franciscanos.org.br\/noticias\/quarto-dia-mundial-dos-avos-e-dos-idosos-indulgencia-plenaria-para-quem-o-celebrar.html#primaryimage","url":"https:\/\/franciscanos.org.br\/noticias\/wp-content\/uploads\/2024\/07\/IMAGEM-TEXTO-INDULGENCIA-PLENARIA-IDOSO.jpg","contentUrl":"https:\/\/franciscanos.org.br\/noticias\/wp-content\/uploads\/2024\/07\/IMAGEM-TEXTO-INDULGENCIA-PLENARIA-IDOSO.jpg","width":1280,"height":720},{"@type":"WebPage","@id":"https:\/\/franciscanos.org.br\/noticias\/quarto-dia-mundial-dos-avos-e-dos-idosos-indulgencia-plenaria-para-quem-o-celebrar.html#webpage","url":"https:\/\/franciscanos.org.br\/noticias\/quarto-dia-mundial-dos-avos-e-dos-idosos-indulgencia-plenaria-para-quem-o-celebrar.html","name":"Quarto Dia Mundial dos Av\u00f3s e dos Idosos, indulg\u00eancia plen\u00e1ria para quem o celebrar - Not\u00edcias - Franciscanos","isPartOf":{"@id":"https:\/\/franciscanos.org.br\/noticias\/#website"},"primaryImageOfPage":{"@id":"https:\/\/franciscanos.org.br\/noticias\/quarto-dia-mundial-dos-avos-e-dos-idosos-indulgencia-plenaria-para-quem-o-celebrar.html#primaryimage"},"datePublished":"2024-07-24T10:57:34+00:00","dateModified":"2024-07-24T11:22:34+00:00","author":{"@id":"https:\/\/franciscanos.org.br\/noticias\/#\/schema\/person\/d9422e83121c3ad3b0f423d195f5bb25"},"breadcrumb":{"@id":"https:\/\/franciscanos.org.br\/noticias\/quarto-dia-mundial-dos-avos-e-dos-idosos-indulgencia-plenaria-para-quem-o-celebrar.html#breadcrumb"},"inLanguage":"pt-BR","potentialAction":[{"@type":"ReadAction","target":["https:\/\/franciscanos.org.br\/noticias\/quarto-dia-mundial-dos-avos-e-dos-idosos-indulgencia-plenaria-para-quem-o-celebrar.html"]}]},{"@type":"BreadcrumbList","@id":"https:\/\/franciscanos.org.br\/noticias\/quarto-dia-mundial-dos-avos-e-dos-idosos-indulgencia-plenaria-para-quem-o-celebrar.html#breadcrumb","itemListElement":[{"@type":"ListItem","position":1,"name":"Home","item":"https:\/\/franciscanos.org.br\/noticias"},{"@type":"ListItem","position":2,"name":"Quarto Dia Mundial dos Av\u00f3s e dos Idosos, indulg\u00eancia plen\u00e1ria para quem o celebrar"}]},{"@type":"Person","@id":"https:\/\/franciscanos.org.br\/noticias\/#\/schema\/person\/d9422e83121c3ad3b0f423d195f5bb25","name":"Adriana Rabelo","image":{"@type":"ImageObject","inLanguage":"pt-BR","@id":"https:\/\/franciscanos.org.br\/noticias\/#\/schema\/person\/image\/","url":"https:\/\/secure.gravatar.com\/avatar\/0a937b7500cd7df77540cfb8bede877d?s=96&d=mm&r=g","contentUrl":"https:\/\/secure.gravatar.com\/avatar\/0a937b7500cd7df77540cfb8bede877d?s=96&d=mm&r=g","caption":"Adriana Rabelo"},"url":"https:\/\/franciscanos.org.br\/noticias\/author\/adrianarabelo"}]}},"_links":{"self":[{"href":"https:\/\/franciscanos.org.br\/noticias\/wp-json\/wp\/v2\/posts\/249218"}],"collection":[{"href":"https:\/\/franciscanos.org.br\/noticias\/wp-json\/wp\/v2\/posts"}],"about":[{"href":"https:\/\/franciscanos.org.br\/noticias\/wp-json\/wp\/v2\/types\/post"}],"author":[{"embeddable":true,"href":"https:\/\/franciscanos.org.br\/noticias\/wp-json\/wp\/v2\/users\/11"}],"replies":[{"embeddable":true,"href":"https:\/\/franciscanos.org.br\/noticias\/wp-json\/wp\/v2\/comments?post=249218"}],"version-history":[{"count":6,"href":"https:\/\/franciscanos.org.br\/noticias\/wp-json\/wp\/v2\/posts\/249218\/revisions"}],"predecessor-version":[{"id":249229,"href":"https:\/\/franciscanos.org.br\/noticias\/wp-json\/wp\/v2\/posts\/249218\/revisions\/249229"}],"wp:featuredmedia":[{"embeddable":true,"href":"https:\/\/franciscanos.org.br\/noticias\/wp-json\/wp\/v2\/media\/249221"}],"wp:attachment":[{"href":"https:\/\/franciscanos.org.br\/noticias\/wp-json\/wp\/v2\/media?parent=249218"}],"wp:term":[{"taxonomy":"category","embeddable":true,"href":"https:\/\/franciscanos.org.br\/noticias\/wp-json\/wp\/v2\/categories?post=249218"},{"taxonomy":"post_tag","embeddable":true,"href":"https:\/\/franciscanos.org.br\/noticias\/wp-json\/wp\/v2\/tags?post=249218"}],"curies":[{"name":"wp","href":"https:\/\/api.w.org\/{rel}","templated":true}]}}