{"id":249217,"date":"2024-07-24T07:23:47","date_gmt":"2024-07-24T10:23:47","guid":{"rendered":"https:\/\/franciscanos.org.br\/noticias\/?p=249217"},"modified":"2024-07-24T07:23:47","modified_gmt":"2024-07-24T10:23:47","slug":"o-pao-no-deserto-entre-os-lancamentos-da-editora-vozes","status":"publish","type":"post","link":"https:\/\/franciscanos.org.br\/noticias\/o-pao-no-deserto-entre-os-lancamentos-da-editora-vozes.html","title":{"rendered":"&#8220;O p\u00e3o no deserto&#8221; entre os lan\u00e7amentos da Editora Vozes"},"content":{"rendered":"<p><img loading=\"lazy\" src=\"https:\/\/franciscanos.org.br\/noticias\/wp-content\/uploads\/2024\/07\/Vozes-1280.jpg\" alt=\"\" width=\"1280\" height=\"720\" \/><\/p>\n<h3><strong>O p\u00e3o no deserto<\/strong><\/h3>\n<p>Este livro se relaciona com um dos temas mais caros aos crist\u00e3os: a vida de ora\u00e7\u00e3o. Provavelmente, todo aquele que se empenha em rezar j\u00e1 sentiu o quanto pode ser dif\u00edcil satisfazer os anseios de seu esp\u00edrito. Nesses momentos, ecoa em seu \u00edntimo aquele pedido dos ap\u00f3stolos a Cristo: \u201cSenhor, ensina-nos a rezar!\u201d (Lc 11,1). N\u00e3o h\u00e1 d\u00favida de que o ser humano experimenta uma dificuldade inata para rezar ou comunicar-se com o Invis\u00edvel, mas o pr\u00f3prio Deus dignou-se a prover o rem\u00e9dio para essa mudez da criatura: deu-lhe, j\u00e1 antes da encarna\u00e7\u00e3o e da reden\u00e7\u00e3o, a sua Palavra boa, inspirada nas Escrituras. Um dos grandes m\u00e9ritos de Thomas Merton nesta obra \u00e9 chamar a aten\u00e7\u00e3o para t\u00e3o rico manancial da vida de ora\u00e7\u00e3o. O autor mostra como o crist\u00e3o pode e deve utiliz\u00e1-lo n\u00e3o qual vest\u00edgio arcaico da tradi\u00e7\u00e3o, mas como p\u00e3o no deserto, como alimento que o aproxima de Jesus e lhe d\u00e1 for\u00e7as para segui-lo aonde quer que Ele v\u00e1.<\/p>\n<p>Anime-se, pois, o disc\u00edpulo de Cristo! Longe de julgar que a vida de ora\u00e7\u00e3o perfeita \u00e9 privil\u00e9gio de poucos ou dos religiosos enclausurados, aspire-a com ardor. E para nutri-la recorra \u00e0 Palavra de Deus, aos salmos, desejando veementemente, ainda que viva no mundo, chegar ao cume da uni\u00e3o com Deus. Em virtude do seu batismo, cada crist\u00e3o \u00e9 chamado para tal; o desabrochar normal da gra\u00e7a do batismo \u00e9 a vida m\u00edstica, que n\u00e3o consiste necessariamente em vis\u00f5es e \u00eaxtases, mas em fazer a experi\u00eancia de Deus presente na alma.<\/p>\n<hr \/>\n<h3><strong>O mundo das imagens<\/strong><\/h3>\n<p>\u201cO mundo das imagens\u201d \u00e9 uma continua\u00e7\u00e3o do primeiro livro, \u201cImagens do inconsciente\u201d, abordando as tentativas de mudan\u00e7a da psiquiatria atual, as hist\u00f3rias de vida dos frequentadores dos ateli\u00eas, associando as sutis rela\u00e7\u00f5es entre mundo externo e mundo interno e os temas arquet\u00edpicos t\u00e3o comuns nas viv\u00eancias esquizofr\u00eanicas.<\/p>\n<p>A partir da espantosa produ\u00e7\u00e3o que acontecia nos ateli\u00eas, Nise foi tecendo, com sua arguta intelig\u00eancia, os fios de sentido que ligavam as viv\u00eancias pessoais aos n\u00edveis mais profundos e universais da psique. Nesses relatos, em vez dos amontoados de sintomas encontrados habitualmente nos prontu\u00e1rios psiqui\u00e1tricos, foram sendo descortinadas densas hist\u00f3rias humanas nas quais se encontra um sentido pleno de vida e emo\u00e7\u00f5es.<\/p>\n<p>Os temas arquet\u00edpicos que Jung desvendou no inconsciente do indiv\u00edduo europeu s\u00e3o os mesmos encontrados na pesquisa de Nise dentro de um hospital p\u00fablico brasileiro: simbolismo do gato, metamorfoses e transforma\u00e7\u00f5es, s\u00edmbolos alqu\u00edmicos e a irrup\u00e7\u00e3o do princ\u00edpio feminino numa sociedade patriarcal evidenciando uma transi\u00e7\u00e3o na cultura de nossa \u00e9poca.<\/p>\n<p>As imagens, permitindo a explora\u00e7\u00e3o do mundo intraps\u00edquico, se constitu\u00edram em um dos eixos principais na obra de Nise. No cap\u00edtulo \u201cO Mundo das Imagens\u201d, que d\u00e1 nome ao livro, apresenta sete diferentes m\u00e9todos de leituras, finalizando com aquele por ela praticado no Museu de Imagens do Inconsciente.<\/p>\n<hr \/>\n<p><strong>Jung: Uma revis\u00e3o feminista<\/strong><\/p>\n<p>No momento social e hist\u00f3rico em que vivemos, quando a quest\u00e3o de g\u00eanero torna-se pauta urgente e a reflex\u00e3o sobre o que \u00e9 masculino e o que \u00e9 feminino est\u00e1 em todos os campos de discuss\u00e3o, da pol\u00edtica \u00e0 vida privada, a conceitua\u00e7\u00e3o dos arqu\u00e9tipos de anima e animus coloca todos os junguianos na berlinda. Como sustentar uma ideia central de sua teoriaque \u00e9 o pr\u00f3prio conceito de individua\u00e7\u00e3o a partir de uma representa\u00e7\u00e3o essencialista de feminino e masculino?<\/p>\n<p>Susan discorre sobre esse tema extremamente complexo apresentando uma reflex\u00e3o cuidadosa e elucidativa, a qual nos apresenta pensamentos de outros autores e tamb\u00e9m nos relembra a qualidade andr\u00f3gina dos arqu\u00e9tipos, trazendo, portanto, um contraponto significativo \u00e0s cr\u00edticas ao essencialismo de Jung na sua elabora\u00e7\u00e3o da teoria dos arqu\u00e9tipos contrassexuais.<\/p>\n<p>Este livro reexamina o apelo duradouro do feminismo junguiano no contexto do repensar p\u00f3s-moderno da subjetividade e do g\u00eanero. Al\u00e9m de apresentar elementos fundamentais da vida de Jung, destaca sua vital relev\u00e2ncia para os feminismos contempor\u00e2neos. Uma leitura envolvente e esclarecedora que desafia e enriquece nossa compreens\u00e3o da interse\u00e7\u00e3o entre a psicologia de Jung e as lutas feministas modernas.<\/p>\n<hr \/>\n<h3><strong>Sexo e o absoluto fracassado<\/strong><\/h3>\n<p>Na articula\u00e7\u00e3o mais rigorosa de seu sistema filos\u00f3fico at\u00e9 hoje, Slavoj \u017di\u017eek apresenta nada menos do que uma nova defini\u00e7\u00e3o de materialismo dial\u00e9tico. Ao forjar este novo materialismo, \u017di\u017eek critica e desafia n\u00e3o apenas o trabalho de Alain Badiou, Robert Brandom, Joan Copjec, Quentin Meillassoux e Julia Kristeva (para citar apenas alguns), mas tamb\u00e9m desde a ci\u00eancia popular e a mec\u00e2nica qu\u00e2ntica at\u00e9 a diferen\u00e7a sexual e a filosofia anal\u00edtica.<\/p>\n<p>Ao lado de imagens impressionantes do la\u00e7o de M\u00f6bius, da superf\u00edcie de cross-cap e da garrafa de Klein, \u017di\u017eek d\u00e1 vida \u00e0 tr\u00edade hegeliana de ser-ess\u00eancia-no\u00e7\u00e3o. Leituras radicalmente novas de Hegel e Kant est\u00e3o lado a lado com coment\u00e1rios caracteristicamente vibrantes sobre cinema, pol\u00edtica e cultura.<\/p>\n<p>Slavoj \u017di\u017eek apresenta uma obra que se destaca como a espinha dorsal de seu pensamento. Este livro \u00e9 a sua resposta \u00e0 grande quest\u00e3o sobre realidade e liberdade, uma tentativa de fornecer a estrutura ontol\u00f3gica b\u00e1sica que permeia toda a sua obra. Combinando filosofia e psican\u00e1lise, \u017di\u017eek prop\u00f5e uma reformula\u00e7\u00e3o do materialismo dial\u00e9tico, revelando um vazio constitutivo nas coisas e na pr\u00f3pria realidade.<\/p>\n<p>Explorando a dial\u00e9tica de Hegel, a psican\u00e1lise de Lacan e o materialismo de Marx, \u017di\u017eek tece uma narrativa complexa e provocativa sobre a natureza do ser humano e sua rela\u00e7\u00e3o com o Absoluto. Nesta vis\u00e3o ousada, a sexualidade n\u00e3o \u00e9 apenas uma caracter\u00edstica natural, mas a for\u00e7a que nos separa da natureza, marcando o ponto de contato com o Absoluto.<\/p>\n<p>Aqui est\u00e1 \u017di\u017eek em sua melhor forma interrogativa.<\/p>\n<hr \/>\n<h3><strong>Ate\u00edsmo em sete li\u00e7\u00f5es<\/strong><\/h3>\n<p>A obra Ate\u00edsmo em sete li\u00e7\u00f5es apresenta ao leitor uma vis\u00e3o ampla deste fen\u00f4meno moderno chamado ate\u00edsmo. As estat\u00edsticas mostram que cresce o n\u00famero de pessoas ateias.<\/p>\n<p>Como surgiu este fen\u00f4meno? Quais correntes de pensamento est\u00e3o por tr\u00e1s do ate\u00edsmo? Em quais pensadores, em quais textos se apoiam as pessoas que negam a exist\u00eancia de Deus? Estas s\u00e3o algumas das perguntas \u00e0s quais o livro responde.<\/p>\n<p>Ao mesmo tempo, o cientista da religi\u00e3o Emerson Sena, autor da obra, demonstra como o ate\u00edsmo atual pode estar organizado em grupos, ter sua ritualidade e adotar uma simbologia que o caracteriza.<\/p>\n<p>O livro demonstra que n\u00e3o se pode entender o ate\u00edsmo como um fen\u00f4meno isolado em nosso tempo, pois ele tem implica\u00e7\u00f5es hist\u00f3ricas, sociais e pol\u00edticas.<\/p>\n<hr \/>\n<h3><strong>Idealismo e romantismo<\/strong><\/h3>\n<p>O idealismo e o romantismo s\u00e3o as mais t\u00edpicas e duradouras express\u00f5es do pensamento alem\u00e3o, definindo os sucessivos desdobramentos de uma tradi\u00e7\u00e3o filos\u00f3fica muito influente. Reagindo ao tecnicismo e \u00e0 falta de veia human\u00edstica do Iluminismo, os dois movimentos exemplificam o jogo dial\u00e9tico de elementos contrastantes, mas, ainda assim, complementares. O romantismo, mais art\u00edstico e m\u00edstico, foi e continua sendo um dos motores principais das transforma\u00e7\u00f5es sociais e pol\u00edticas. O idealismo, centrado no saber, marcou as filosofias posteriores como express\u00f5es da liberdade do pensamento. Ambos os movimentos, contudo, est\u00e3o visceralmente ligados \u00e0 ilustre gera\u00e7\u00e3o da d\u00e9cada de 1780, de Goethe, de Herder e de Kant, cujas ideias se revelaram incomparavelmente fecundas. Como observaram grandes int\u00e9rpretes do per\u00edodo, como Dieter Henrich, essa pl\u00eaiade de autores exige apresenta\u00e7\u00e3o org\u00e2nica, e mapear isoladamente suas ideias sem ter em vista a constela\u00e7\u00e3o formada pelo movimento todo \u00e9 um deslize fatal, mas muito frequente da pesquisa contempor\u00e2nea. Afinal, a verdade \u00e9 o todo.<\/p>\n<p>Apresentando amplo leque de autores, em seus devidos lugares na intensa discuss\u00e3o da chamada \u201c\u00c9poca de Goethe\u201d, este livro exp\u00f5e de forma sistem\u00e1tica e abrangente cada contribui\u00e7\u00e3o filos\u00f3fica \u00e0 luz de seus v\u00ednculos hist\u00f3rico-culturais. Esta obra evidencia a imbrica\u00e7\u00e3o dos conceitos modernos de ci\u00eancia e de liberdade, e o que essa jun\u00e7\u00e3o representa para o romantismo e para o idealismo.<\/p>\n<hr \/>\n<h3><strong>O imp\u00e9rio ausente<\/strong><\/h3>\n<p><strong>Brasil, Estados Unidos e o subsistema sul-americano<\/strong><\/p>\n<p>Este livro, escrito originalmente por um autor brasileiro para uma audi\u00eancia norte-americana, analisa as rela\u00e7\u00f5es entre o Brasil e os Estados Unidos no contexto do subsistema regional sul-americano. Carlos Gustavo Poggio defende que a Am\u00e9rica do Sul \u00e9 um subsistema distinto da Am\u00e9rica Latina, com padr\u00f5es de coopera\u00e7\u00e3o e conflito que influenciam as rela\u00e7\u00f5es interamericanas.<\/p>\n<p>Poggio tamb\u00e9m argumenta que o Brasil tem um papel fundamental para evitar uma maior interfer\u00eancia dos Estados Unidos nos assuntos sul-americanos, o que ele chama de \u201cimp\u00e9rio ausente\u201d. O livro faz uma an\u00e1lise hist\u00f3rica de casos que ilustram a atua\u00e7\u00e3o brasileira e norte-americana na regi\u00e3o, desde o s\u00e9culo XVIII at\u00e9 os dias atuais. Poggio busca desfazer alguns mitos e estere\u00f3tipos sobre a realidade sul-americana e sobre o papel do Brasil, bem como critica a interpreta\u00e7\u00e3o predominante nos Estados Unidos sobre as rela\u00e7\u00f5es desse pa\u00eds com a \u201cAm\u00e9rica Latina\u201d.<\/p>\n<p>O livro, que se tornou uma obra de refer\u00eancia em rela\u00e7\u00f5es internacionais, \u00e9 uma importante contribui\u00e7\u00e3o para interessados em conhecer melhor as rela\u00e7\u00f5es entre o Brasil e os Estados Unidos no subsistema sul-americano, bem como um est\u00edmulo para novas pesquisas e reflex\u00f5es sobre esse tema, decisivo para o presente e o futuro do nosso pa\u00eds.<\/p>\n<hr \/>\n<p style=\"padding-left: 40px;\">Todos esses produtos podem ser adquiridos pelos sites<br \/>\n<a href=\"http:\/\/www.livrariavozes.com.br\/\">www.livrariavozes.com.br<\/a><br \/>\n<a href=\"http:\/\/vozes.com.br\/\">http:\/\/vozes.com.br<\/a><\/p>\n<p style=\"padding-left: 40px;\">E-mail:\u00a0<a href=\"mailto:contato@vozes.com.br\">contato@vozes.com.br<\/a><\/p>\n<p style=\"padding-left: 40px;\">Tel.\u00a011 3101 8451<\/p>\n<p style=\"padding-left: 40px;\"><em><strong>Editora Vozes<\/strong><\/em><\/p>\n","protected":false},"excerpt":{"rendered":"<p>Editora Vozes<\/p>\n","protected":false},"author":7,"featured_media":249219,"comment_status":"open","ping_status":"open","sticky":false,"template":"","format":"standard","meta":[],"categories":[1],"tags":[238],"acf":[],"yoast_head":"<!-- This site is optimized with the Yoast SEO plugin v19.2 - https:\/\/yoast.com\/wordpress\/plugins\/seo\/ -->\n<title>&quot;O p\u00e3o no deserto&quot; entre os lan\u00e7amentos da Editora Vozes - Not\u00edcias - Franciscanos<\/title>\n<meta name=\"robots\" content=\"index, follow, max-snippet:-1, max-image-preview:large, max-video-preview:-1\" \/>\n<link rel=\"canonical\" href=\"https:\/\/franciscanos.org.br\/noticias\/o-pao-no-deserto-entre-os-lancamentos-da-editora-vozes.html\" \/>\n<meta property=\"og:locale\" content=\"pt_BR\" \/>\n<meta property=\"og:type\" content=\"article\" \/>\n<meta property=\"og:title\" content=\"&quot;O p\u00e3o no deserto&quot; entre os lan\u00e7amentos da Editora Vozes - Not\u00edcias - Franciscanos\" \/>\n<meta property=\"og:description\" content=\"Editora Vozes\" \/>\n<meta property=\"og:url\" content=\"https:\/\/franciscanos.org.br\/noticias\/o-pao-no-deserto-entre-os-lancamentos-da-editora-vozes.html\" \/>\n<meta property=\"og:site_name\" content=\"Not\u00edcias - Franciscanos\" \/>\n<meta property=\"article:published_time\" content=\"2024-07-24T10:23:47+00:00\" \/>\n<meta property=\"og:image\" content=\"https:\/\/franciscanos.org.br\/noticias\/wp-content\/uploads\/2024\/07\/Vozes-800.jpg\" \/>\n\t<meta property=\"og:image:width\" content=\"800\" \/>\n\t<meta property=\"og:image:height\" content=\"550\" \/>\n\t<meta property=\"og:image:type\" content=\"image\/jpeg\" \/>\n<meta name=\"author\" content=\"jovenal\" \/>\n<meta name=\"twitter:card\" content=\"summary_large_image\" \/>\n<meta name=\"twitter:label1\" content=\"Escrito por\" \/>\n\t<meta name=\"twitter:data1\" content=\"jovenal\" \/>\n\t<meta name=\"twitter:label2\" content=\"Est. tempo de leitura\" \/>\n\t<meta name=\"twitter:data2\" content=\"8 minutos\" \/>\n<script type=\"application\/ld+json\" class=\"yoast-schema-graph\">{\"@context\":\"https:\/\/schema.org\",\"@graph\":[{\"@type\":\"WebSite\",\"@id\":\"https:\/\/franciscanos.org.br\/noticias\/#website\",\"url\":\"https:\/\/franciscanos.org.br\/noticias\/\",\"name\":\"Not\u00edcias - Franciscanos\",\"description\":\"Prov\u00edncia Franciscana da Imaculada Concei\u00e7\u00e3o do Brasil - Ordem dos Frades Menores - OFM\",\"potentialAction\":[{\"@type\":\"SearchAction\",\"target\":{\"@type\":\"EntryPoint\",\"urlTemplate\":\"https:\/\/franciscanos.org.br\/noticias\/?s={search_term_string}\"},\"query-input\":\"required name=search_term_string\"}],\"inLanguage\":\"pt-BR\"},{\"@type\":\"ImageObject\",\"inLanguage\":\"pt-BR\",\"@id\":\"https:\/\/franciscanos.org.br\/noticias\/o-pao-no-deserto-entre-os-lancamentos-da-editora-vozes.html#primaryimage\",\"url\":\"https:\/\/franciscanos.org.br\/noticias\/wp-content\/uploads\/2024\/07\/Vozes-800.jpg\",\"contentUrl\":\"https:\/\/franciscanos.org.br\/noticias\/wp-content\/uploads\/2024\/07\/Vozes-800.jpg\",\"width\":800,\"height\":550},{\"@type\":\"WebPage\",\"@id\":\"https:\/\/franciscanos.org.br\/noticias\/o-pao-no-deserto-entre-os-lancamentos-da-editora-vozes.html#webpage\",\"url\":\"https:\/\/franciscanos.org.br\/noticias\/o-pao-no-deserto-entre-os-lancamentos-da-editora-vozes.html\",\"name\":\"\\\"O p\u00e3o no deserto\\\" entre os lan\u00e7amentos da Editora Vozes - Not\u00edcias - Franciscanos\",\"isPartOf\":{\"@id\":\"https:\/\/franciscanos.org.br\/noticias\/#website\"},\"primaryImageOfPage\":{\"@id\":\"https:\/\/franciscanos.org.br\/noticias\/o-pao-no-deserto-entre-os-lancamentos-da-editora-vozes.html#primaryimage\"},\"datePublished\":\"2024-07-24T10:23:47+00:00\",\"dateModified\":\"2024-07-24T10:23:47+00:00\",\"author\":{\"@id\":\"https:\/\/franciscanos.org.br\/noticias\/#\/schema\/person\/c3a26b08313dd1772495ce300ab257cc\"},\"breadcrumb\":{\"@id\":\"https:\/\/franciscanos.org.br\/noticias\/o-pao-no-deserto-entre-os-lancamentos-da-editora-vozes.html#breadcrumb\"},\"inLanguage\":\"pt-BR\",\"potentialAction\":[{\"@type\":\"ReadAction\",\"target\":[\"https:\/\/franciscanos.org.br\/noticias\/o-pao-no-deserto-entre-os-lancamentos-da-editora-vozes.html\"]}]},{\"@type\":\"BreadcrumbList\",\"@id\":\"https:\/\/franciscanos.org.br\/noticias\/o-pao-no-deserto-entre-os-lancamentos-da-editora-vozes.html#breadcrumb\",\"itemListElement\":[{\"@type\":\"ListItem\",\"position\":1,\"name\":\"Home\",\"item\":\"https:\/\/franciscanos.org.br\/noticias\"},{\"@type\":\"ListItem\",\"position\":2,\"name\":\"&#8220;O p\u00e3o no deserto&#8221; entre os lan\u00e7amentos da Editora Vozes\"}]},{\"@type\":\"Person\",\"@id\":\"https:\/\/franciscanos.org.br\/noticias\/#\/schema\/person\/c3a26b08313dd1772495ce300ab257cc\",\"name\":\"jovenal\",\"image\":{\"@type\":\"ImageObject\",\"inLanguage\":\"pt-BR\",\"@id\":\"https:\/\/franciscanos.org.br\/noticias\/#\/schema\/person\/image\/\",\"url\":\"https:\/\/secure.gravatar.com\/avatar\/e94509f531086e2eaf97e72f29ea00f9?s=96&d=mm&r=g\",\"contentUrl\":\"https:\/\/secure.gravatar.com\/avatar\/e94509f531086e2eaf97e72f29ea00f9?s=96&d=mm&r=g\",\"caption\":\"jovenal\"},\"url\":\"https:\/\/franciscanos.org.br\/noticias\/author\/jovenal\"}]}<\/script>\n<!-- \/ Yoast SEO plugin. -->","yoast_head_json":{"title":"\"O p\u00e3o no deserto\" entre os lan\u00e7amentos da Editora Vozes - Not\u00edcias - Franciscanos","robots":{"index":"index","follow":"follow","max-snippet":"max-snippet:-1","max-image-preview":"max-image-preview:large","max-video-preview":"max-video-preview:-1"},"canonical":"https:\/\/franciscanos.org.br\/noticias\/o-pao-no-deserto-entre-os-lancamentos-da-editora-vozes.html","og_locale":"pt_BR","og_type":"article","og_title":"\"O p\u00e3o no deserto\" entre os lan\u00e7amentos da Editora Vozes - Not\u00edcias - Franciscanos","og_description":"Editora Vozes","og_url":"https:\/\/franciscanos.org.br\/noticias\/o-pao-no-deserto-entre-os-lancamentos-da-editora-vozes.html","og_site_name":"Not\u00edcias - Franciscanos","article_published_time":"2024-07-24T10:23:47+00:00","og_image":[{"width":800,"height":550,"url":"https:\/\/franciscanos.org.br\/noticias\/wp-content\/uploads\/2024\/07\/Vozes-800.jpg","type":"image\/jpeg"}],"author":"jovenal","twitter_card":"summary_large_image","twitter_misc":{"Escrito por":"jovenal","Est. tempo de leitura":"8 minutos"},"schema":{"@context":"https:\/\/schema.org","@graph":[{"@type":"WebSite","@id":"https:\/\/franciscanos.org.br\/noticias\/#website","url":"https:\/\/franciscanos.org.br\/noticias\/","name":"Not\u00edcias - Franciscanos","description":"Prov\u00edncia Franciscana da Imaculada Concei\u00e7\u00e3o do Brasil - Ordem dos Frades Menores - OFM","potentialAction":[{"@type":"SearchAction","target":{"@type":"EntryPoint","urlTemplate":"https:\/\/franciscanos.org.br\/noticias\/?s={search_term_string}"},"query-input":"required name=search_term_string"}],"inLanguage":"pt-BR"},{"@type":"ImageObject","inLanguage":"pt-BR","@id":"https:\/\/franciscanos.org.br\/noticias\/o-pao-no-deserto-entre-os-lancamentos-da-editora-vozes.html#primaryimage","url":"https:\/\/franciscanos.org.br\/noticias\/wp-content\/uploads\/2024\/07\/Vozes-800.jpg","contentUrl":"https:\/\/franciscanos.org.br\/noticias\/wp-content\/uploads\/2024\/07\/Vozes-800.jpg","width":800,"height":550},{"@type":"WebPage","@id":"https:\/\/franciscanos.org.br\/noticias\/o-pao-no-deserto-entre-os-lancamentos-da-editora-vozes.html#webpage","url":"https:\/\/franciscanos.org.br\/noticias\/o-pao-no-deserto-entre-os-lancamentos-da-editora-vozes.html","name":"\"O p\u00e3o no deserto\" entre os lan\u00e7amentos da Editora Vozes - Not\u00edcias - Franciscanos","isPartOf":{"@id":"https:\/\/franciscanos.org.br\/noticias\/#website"},"primaryImageOfPage":{"@id":"https:\/\/franciscanos.org.br\/noticias\/o-pao-no-deserto-entre-os-lancamentos-da-editora-vozes.html#primaryimage"},"datePublished":"2024-07-24T10:23:47+00:00","dateModified":"2024-07-24T10:23:47+00:00","author":{"@id":"https:\/\/franciscanos.org.br\/noticias\/#\/schema\/person\/c3a26b08313dd1772495ce300ab257cc"},"breadcrumb":{"@id":"https:\/\/franciscanos.org.br\/noticias\/o-pao-no-deserto-entre-os-lancamentos-da-editora-vozes.html#breadcrumb"},"inLanguage":"pt-BR","potentialAction":[{"@type":"ReadAction","target":["https:\/\/franciscanos.org.br\/noticias\/o-pao-no-deserto-entre-os-lancamentos-da-editora-vozes.html"]}]},{"@type":"BreadcrumbList","@id":"https:\/\/franciscanos.org.br\/noticias\/o-pao-no-deserto-entre-os-lancamentos-da-editora-vozes.html#breadcrumb","itemListElement":[{"@type":"ListItem","position":1,"name":"Home","item":"https:\/\/franciscanos.org.br\/noticias"},{"@type":"ListItem","position":2,"name":"&#8220;O p\u00e3o no deserto&#8221; entre os lan\u00e7amentos da Editora Vozes"}]},{"@type":"Person","@id":"https:\/\/franciscanos.org.br\/noticias\/#\/schema\/person\/c3a26b08313dd1772495ce300ab257cc","name":"jovenal","image":{"@type":"ImageObject","inLanguage":"pt-BR","@id":"https:\/\/franciscanos.org.br\/noticias\/#\/schema\/person\/image\/","url":"https:\/\/secure.gravatar.com\/avatar\/e94509f531086e2eaf97e72f29ea00f9?s=96&d=mm&r=g","contentUrl":"https:\/\/secure.gravatar.com\/avatar\/e94509f531086e2eaf97e72f29ea00f9?s=96&d=mm&r=g","caption":"jovenal"},"url":"https:\/\/franciscanos.org.br\/noticias\/author\/jovenal"}]}},"_links":{"self":[{"href":"https:\/\/franciscanos.org.br\/noticias\/wp-json\/wp\/v2\/posts\/249217"}],"collection":[{"href":"https:\/\/franciscanos.org.br\/noticias\/wp-json\/wp\/v2\/posts"}],"about":[{"href":"https:\/\/franciscanos.org.br\/noticias\/wp-json\/wp\/v2\/types\/post"}],"author":[{"embeddable":true,"href":"https:\/\/franciscanos.org.br\/noticias\/wp-json\/wp\/v2\/users\/7"}],"replies":[{"embeddable":true,"href":"https:\/\/franciscanos.org.br\/noticias\/wp-json\/wp\/v2\/comments?post=249217"}],"version-history":[{"count":2,"href":"https:\/\/franciscanos.org.br\/noticias\/wp-json\/wp\/v2\/posts\/249217\/revisions"}],"predecessor-version":[{"id":249223,"href":"https:\/\/franciscanos.org.br\/noticias\/wp-json\/wp\/v2\/posts\/249217\/revisions\/249223"}],"wp:featuredmedia":[{"embeddable":true,"href":"https:\/\/franciscanos.org.br\/noticias\/wp-json\/wp\/v2\/media\/249219"}],"wp:attachment":[{"href":"https:\/\/franciscanos.org.br\/noticias\/wp-json\/wp\/v2\/media?parent=249217"}],"wp:term":[{"taxonomy":"category","embeddable":true,"href":"https:\/\/franciscanos.org.br\/noticias\/wp-json\/wp\/v2\/categories?post=249217"},{"taxonomy":"post_tag","embeddable":true,"href":"https:\/\/franciscanos.org.br\/noticias\/wp-json\/wp\/v2\/tags?post=249217"}],"curies":[{"name":"wp","href":"https:\/\/api.w.org\/{rel}","templated":true}]}}