{"id":249159,"date":"2024-07-23T18:22:11","date_gmt":"2024-07-23T21:22:11","guid":{"rendered":"https:\/\/franciscanos.org.br\/noticias\/?p=249159"},"modified":"2025-03-10T16:06:19","modified_gmt":"2025-03-10T19:06:19","slug":"novicos-celebram-primeira-profissao-dos-votos-em-quibala-voces-sao-os-professos-da-estigmatizacao","status":"publish","type":"post","link":"https:\/\/franciscanos.org.br\/noticias\/novicos-celebram-primeira-profissao-dos-votos-em-quibala-voces-sao-os-professos-da-estigmatizacao.html","title":{"rendered":"Novi\u00e7os celebram Primeira Profiss\u00e3o dos Votos em Quibala: \u201cVoc\u00eas s\u00e3o os professos da estigmatiza\u00e7\u00e3o\u201d"},"content":{"rendered":"<p><img loading=\"lazy\" class=\"aligncenter wp-image-249161 size-full\" src=\"https:\/\/franciscanos.org.br\/noticias\/wp-content\/uploads\/2024\/07\/FOTO-MATERIA-ANGOLA-2.jpg\" alt=\"\" width=\"1280\" height=\"720\" srcset=\"https:\/\/franciscanos.org.br\/noticias\/wp-content\/uploads\/2024\/07\/FOTO-MATERIA-ANGOLA-2.jpg 1280w, https:\/\/franciscanos.org.br\/noticias\/wp-content\/uploads\/2024\/07\/FOTO-MATERIA-ANGOLA-2-450x253.jpg 450w, https:\/\/franciscanos.org.br\/noticias\/wp-content\/uploads\/2024\/07\/FOTO-MATERIA-ANGOLA-2-1024x576.jpg 1024w, https:\/\/franciscanos.org.br\/noticias\/wp-content\/uploads\/2024\/07\/FOTO-MATERIA-ANGOLA-2-768x432.jpg 768w, https:\/\/franciscanos.org.br\/noticias\/wp-content\/uploads\/2024\/07\/FOTO-MATERIA-ANGOLA-2-150x84.jpg 150w\" sizes=\"(max-width: 1280px) 100vw, 1280px\" \/><\/p>\n<p><span style=\"font-weight: 400;\">A Ordem dos Frades Menores em Angola est\u00e1 em festa. Depois de um ano de forma\u00e7\u00e3o intensa no Noviciado S\u00e3o Jos\u00e9, na Fraternidade Santo Ant\u00f3nio, em Quibala, Angola, 14 novi\u00e7os foram admitidos \u00e0 Profiss\u00e3o Tempor\u00e1ria Religiosa na Ordem Franciscana e receberam o h\u00e1bito pelas m\u00e3os de Frei Paulo Roberto Pereira, Ministro provincial da Prov\u00edncia Franciscana da Imaculada Concei\u00e7\u00e3o do Brasil, a qual a Funda\u00e7\u00e3o Franciscana da Imaculada M\u00e3e de Deus de Angola (FIMDA).<\/span><\/p>\n<p><span style=\"font-weight: 400;\">Estavam presentes, na celebra\u00e7\u00e3o realizada no \u00faltimo dia 20 de julho, frades, presb\u00edteros, religiosos e religiosas de diferentes congrega\u00e7\u00f5es, al\u00e9m de familiares, convidados e a comunidade.<\/span><\/p>\n<p><span style=\"font-weight: 400;\">Em clima de muita alegria, a celebra\u00e7\u00e3o envolveu a todos naquele momento de gra\u00e7a e emo\u00e7\u00e3o. Durante sua homilia, Frei Paulo, presidente da celebra\u00e7\u00e3o, disse que os novi\u00e7os s\u00e3o privilegiados por professarem no ano do Jubileu da Estigmatiza\u00e7\u00e3o de S\u00e3o Francisco de Assis. \u201cVoc\u00eas s\u00e3o os professos da estigmatiza\u00e7\u00e3o. Devem se sentir amados pelo Senhor e, consequentemente, amar aqueles que s\u00e3o feridos pela injusti\u00e7a, pela fome e pela mis\u00e9ria&#8221;, afirmou.<\/span><\/p>\n<p><span style=\"font-weight: 400;\">Na capela do Noviciado S\u00e3o Jos\u00e9, o Ministro provincial salientou com gratid\u00e3o o crescimento vocacional da FIMDA, e, ao mesmo tempo, refor\u00e7ou que esse \u00e9 tamb\u00e9m um momento de grandes desafios, que exige um trabalho \u00e1rduo para tornar est\u00e1vel a presen\u00e7a do aut\u00eantico carisma franciscano em Angola. \u201cPara ter uma colheita farta \u00e9 necess\u00e1rio muito empenho\u201d, concluiu o frade.<\/span><\/p>\n\n\t\t<style type=\"text\/css\">\n\t\t\t#gallery-1 {\n\t\t\t\tmargin: auto;\n\t\t\t}\n\t\t\t#gallery-1 .gallery-item {\n\t\t\t\tfloat: left;\n\t\t\t\tmargin-top: 10px;\n\t\t\t\ttext-align: center;\n\t\t\t\twidth: 25%;\n\t\t\t}\n\t\t\t#gallery-1 img {\n\t\t\t\tborder: 2px solid #cfcfcf;\n\t\t\t}\n\t\t\t#gallery-1 .gallery-caption {\n\t\t\t\tmargin-left: 0;\n\t\t\t}\n\t\t\t\/* see gallery_shortcode() in wp-includes\/media.php *\/\n\t\t<\/style>\n\t\t<div id='gallery-1' class='gallery galleryid-249159 gallery-columns-4 gallery-size-thumbnail'><dl class='gallery-item'>\n\t\t\t<dt class='gallery-icon portrait'>\n\t\t\t\t<a href='https:\/\/franciscanos.org.br\/noticias\/wp-content\/uploads\/2024\/07\/IMG-20240720-WA0042.jpg'><img width=\"300\" height=\"300\" src=\"https:\/\/franciscanos.org.br\/noticias\/wp-content\/uploads\/2024\/07\/IMG-20240720-WA0042-300x300.jpg\" class=\"attachment-thumbnail size-thumbnail\" alt=\"\" loading=\"lazy\" srcset=\"https:\/\/franciscanos.org.br\/noticias\/wp-content\/uploads\/2024\/07\/IMG-20240720-WA0042-300x300.jpg 300w, https:\/\/franciscanos.org.br\/noticias\/wp-content\/uploads\/2024\/07\/IMG-20240720-WA0042-100x100.jpg 100w\" sizes=\"(max-width: 300px) 100vw, 300px\" \/><\/a>\n\t\t\t<\/dt><\/dl><dl class='gallery-item'>\n\t\t\t<dt class='gallery-icon portrait'>\n\t\t\t\t<a href='https:\/\/franciscanos.org.br\/noticias\/wp-content\/uploads\/2024\/07\/IMG-20240720-WA0046.jpg'><img width=\"300\" height=\"300\" src=\"https:\/\/franciscanos.org.br\/noticias\/wp-content\/uploads\/2024\/07\/IMG-20240720-WA0046-300x300.jpg\" class=\"attachment-thumbnail size-thumbnail\" alt=\"\" loading=\"lazy\" srcset=\"https:\/\/franciscanos.org.br\/noticias\/wp-content\/uploads\/2024\/07\/IMG-20240720-WA0046-300x300.jpg 300w, https:\/\/franciscanos.org.br\/noticias\/wp-content\/uploads\/2024\/07\/IMG-20240720-WA0046-100x100.jpg 100w\" sizes=\"(max-width: 300px) 100vw, 300px\" \/><\/a>\n\t\t\t<\/dt><\/dl><dl class='gallery-item'>\n\t\t\t<dt class='gallery-icon portrait'>\n\t\t\t\t<a href='https:\/\/franciscanos.org.br\/noticias\/wp-content\/uploads\/2024\/07\/IMG-20240720-WA0055.jpg'><img width=\"300\" height=\"300\" src=\"https:\/\/franciscanos.org.br\/noticias\/wp-content\/uploads\/2024\/07\/IMG-20240720-WA0055-300x300.jpg\" class=\"attachment-thumbnail size-thumbnail\" alt=\"\" loading=\"lazy\" srcset=\"https:\/\/franciscanos.org.br\/noticias\/wp-content\/uploads\/2024\/07\/IMG-20240720-WA0055-300x300.jpg 300w, https:\/\/franciscanos.org.br\/noticias\/wp-content\/uploads\/2024\/07\/IMG-20240720-WA0055-100x100.jpg 100w\" sizes=\"(max-width: 300px) 100vw, 300px\" \/><\/a>\n\t\t\t<\/dt><\/dl><dl class='gallery-item'>\n\t\t\t<dt class='gallery-icon portrait'>\n\t\t\t\t<a href='https:\/\/franciscanos.org.br\/noticias\/wp-content\/uploads\/2024\/07\/IMG-20240720-WA0069.jpg'><img width=\"300\" height=\"300\" src=\"https:\/\/franciscanos.org.br\/noticias\/wp-content\/uploads\/2024\/07\/IMG-20240720-WA0069-300x300.jpg\" class=\"attachment-thumbnail size-thumbnail\" alt=\"\" loading=\"lazy\" srcset=\"https:\/\/franciscanos.org.br\/noticias\/wp-content\/uploads\/2024\/07\/IMG-20240720-WA0069-300x300.jpg 300w, https:\/\/franciscanos.org.br\/noticias\/wp-content\/uploads\/2024\/07\/IMG-20240720-WA0069-100x100.jpg 100w\" sizes=\"(max-width: 300px) 100vw, 300px\" \/><\/a>\n\t\t\t<\/dt><\/dl><br style=\"clear: both\" \/>\n\t\t<\/div>\n\n<p><span style=\"font-weight: 400;\">Depois da homilia os novi\u00e7os foram interrogados pelo Ministro provincial, acompanhado pelo Frei Robson Luiz Scudela e Frei M\u00e1rio Sampaio Pelu, quanto ao seu prop\u00f3sito:<\/span><\/p>\n<p><span style=\"font-weight: 400;\">\u201cCaros irm\u00e3os novi\u00e7os, qual \u00e9 o vosso desejo? \u201d. Eles responderam juntos: \u201cCar\u00edssimo irm\u00e3o em Cristo, rogamos a v\u00f3s por amor de Deus, da bem-aventurada Virgem Maria, de nosso Pai S\u00e3o Francisco e de todos os Santos, que vos digneis admitir-nos \u00e0 Ordem Ser\u00e1fica pela profiss\u00e3o dos votos tempor\u00e1rios, para fazermos penit\u00eancia, emendarmos a nossa vida e servirmos fielmente a Deus at\u00e9 a morte. E ao mesmo tempo, pedimos perd\u00e3o de todas as faltas cometidas durante o ano de Noviciado. Declaramos estar cientes das obriga\u00e7\u00f5es que nos imp\u00f5em os votos e a santa Regra, e prometemos observ\u00e1-los fielmente. Finalmente, solicitamos as ora\u00e7\u00f5es desta Fraternidade pela nossa perseveran\u00e7a na voca\u00e7\u00e3o\u201d. Eles ouviram, ent\u00e3o, a resposta: \u201cDemos gra\u00e7as a Deus! \u201d<\/span><\/p>\n<p><span style=\"font-weight: 400;\">E, ent\u00e3o, os novi\u00e7os proclamaram a f\u00f3rmula da profiss\u00e3o da Ordem dos Frades Menores, que oficializava a promessa.<\/span><\/p>\n<p><span style=\"font-weight: 400;\">Ap\u00f3s receberem a Regra da vida, os Professos Tempor\u00e1rios foram acolhidos amavelmente pela Fraternidade da Ordem. Todos os frades foram convidados a abra\u00e7ar e acolher os novos irm\u00e3os. No encerramento da Santa Missa, o Professo Tempor\u00e1rio, Frei Nascimento Artur, em nome do grupo, agradeceu a todos os presentes, destacando os mestres de todas as etapas de forma\u00e7\u00e3o. Frei Paulo tamb\u00e9m agradeceu a presen\u00e7a de todos, bem como a generosidade do povo que tem ajudado a miss\u00e3o evangelizadora franciscana, em especial o Noviciado S\u00e3o Jos\u00e9 que, segundo ele, \u00e9 um espa\u00e7o de comunh\u00e3o e encontro especial com Deus.<\/span><\/p>\n<div id=\"attachment_249162\" style=\"width: 730px\" class=\"wp-caption aligncenter\"><img aria-describedby=\"caption-attachment-249162\" loading=\"lazy\" class=\"wp-image-249162 size-full\" src=\"https:\/\/franciscanos.org.br\/noticias\/wp-content\/uploads\/2024\/07\/WhatsApp-Image-2024-07-22-at-17.32.30-2.jpeg\" alt=\"\" width=\"720\" height=\"324\" srcset=\"https:\/\/franciscanos.org.br\/noticias\/wp-content\/uploads\/2024\/07\/WhatsApp-Image-2024-07-22-at-17.32.30-2.jpeg 720w, https:\/\/franciscanos.org.br\/noticias\/wp-content\/uploads\/2024\/07\/WhatsApp-Image-2024-07-22-at-17.32.30-2-450x203.jpeg 450w, https:\/\/franciscanos.org.br\/noticias\/wp-content\/uploads\/2024\/07\/WhatsApp-Image-2024-07-22-at-17.32.30-2-150x68.jpeg 150w\" sizes=\"(max-width: 720px) 100vw, 720px\" \/><p id=\"caption-attachment-249162\" class=\"wp-caption-text\"><em>Da esquerda para direita: Assun\u00e7\u00e3o, Tchilecassi, Mois\u00e9s, Luciano, Pedro, Benedito e Mugindo. Ao centro, Frei Paulo<\/em><\/p><\/div>\n<p><b>Novos Novi\u00e7os\u00a0<\/b><\/p>\n<p><span style=\"font-weight: 400;\">Tamb\u00e9m no dia 20 de julho, a Fraternidade Santo Ant\u00f3nio recebeu 7 jovens para o Noviciado da Ordem dos Frades Menores. A celebra\u00e7\u00e3o das Laudes foi na capela do Noviciado S\u00e3o Jos\u00e9. Estiveram presentes os frades, freiras, padres, religiosos e seminaristas diocesanos.<\/span><\/p>\n<p><span style=\"font-weight: 400;\">Os postulantes passaram por um per\u00edodo de um ano de prepara\u00e7\u00e3o antes de ingressar no Noviciado. \u201c\u00c9 um tempo no qual o candidato pede para viver a vida franciscana, com o prop\u00f3sito de se preparar convenientemente para o Noviciado. Da mesma forma, a FIMDA, atrav\u00e9s de seus formadores, avalia a decis\u00e3o do candidato sobre o seu ingresso na Ordem dos Frades Menores\u201d. Esta experi\u00eancia de forma\u00e7\u00e3o abrange as dimens\u00f5es: humana, crist\u00e3, psicol\u00f3gica e espiritual\u201d.<\/span><\/p>\n<p><span style=\"font-weight: 400;\">Frei Robson Luiz Scudela, presidente da Santa Missa, iniciou sua homilia perguntando aos novi\u00e7os se o h\u00e1bito os faz santos. Em seguida, explicou que n\u00e3o \u00e9 o h\u00e1bito que lhes torna santos, mas, sim o modo de vida, a maneira de viver na fraternidade. \u201c\u00c9 necess\u00e1rio que haja doa\u00e7\u00e3o e que saibam que a equipe formadora n\u00e3o \u00e9 a mais perfeita, mas com a sua doa\u00e7\u00e3o e entrega poder\u00e3o ajudar voc\u00eas a viver melhor essa etapa formativa\u201d, salientou.<\/span><\/p>\n<p><span style=\"font-weight: 400;\">Os Novi\u00e7os receberam o h\u00e1bito franciscano das m\u00e3os do Ministro provincial Frei Paulo Pereira, e foram acolhidos com o abra\u00e7o fraterno. Eles permanecer\u00e3o no Noviciado por um ano e, neste tempo, aprofundar\u00e3o seu conhecimento e experi\u00eancia do carisma franciscano.<\/span><\/p>\n<p><span style=\"font-weight: 400;\">Roguemos a Deus que os novi\u00e7os perseverem no seguimento de Cristo pobre, humilde e crucificado.\u00a0<\/span><\/p>\n<hr \/>\n<p>Adriana Rabelo e Frei Domingos Macuva Paulo<\/p>\n\n\t\t<style type=\"text\/css\">\n\t\t\t#gallery-2 {\n\t\t\t\tmargin: auto;\n\t\t\t}\n\t\t\t#gallery-2 .gallery-item {\n\t\t\t\tfloat: left;\n\t\t\t\tmargin-top: 10px;\n\t\t\t\ttext-align: center;\n\t\t\t\twidth: 25%;\n\t\t\t}\n\t\t\t#gallery-2 img {\n\t\t\t\tborder: 2px solid #cfcfcf;\n\t\t\t}\n\t\t\t#gallery-2 .gallery-caption {\n\t\t\t\tmargin-left: 0;\n\t\t\t}\n\t\t\t\/* see gallery_shortcode() in wp-includes\/media.php *\/\n\t\t<\/style>\n\t\t<div id='gallery-2' class='gallery galleryid-249159 gallery-columns-4 gallery-size-thumbnail'><dl class='gallery-item'>\n\t\t\t<dt class='gallery-icon portrait'>\n\t\t\t\t<a href='https:\/\/franciscanos.org.br\/noticias\/wp-content\/uploads\/2024\/07\/FIMDA-PROFISSAO-SOLENE-E-NOVICIADO-33.jpg'><img width=\"248\" height=\"300\" src=\"https:\/\/franciscanos.org.br\/noticias\/wp-content\/uploads\/2024\/07\/FIMDA-PROFISSAO-SOLENE-E-NOVICIADO-33-248x300.jpg\" class=\"attachment-thumbnail size-thumbnail\" alt=\"\" loading=\"lazy\" \/><\/a>\n\t\t\t<\/dt><\/dl><dl class='gallery-item'>\n\t\t\t<dt class='gallery-icon portrait'>\n\t\t\t\t<a href='https:\/\/franciscanos.org.br\/noticias\/wp-content\/uploads\/2024\/07\/FIMDA-PROFISSAO-SOLENE-E-NOVICIADO-32.jpg'><img width=\"248\" height=\"300\" src=\"https:\/\/franciscanos.org.br\/noticias\/wp-content\/uploads\/2024\/07\/FIMDA-PROFISSAO-SOLENE-E-NOVICIADO-32-248x300.jpg\" class=\"attachment-thumbnail size-thumbnail\" alt=\"\" loading=\"lazy\" \/><\/a>\n\t\t\t<\/dt><\/dl><dl class='gallery-item'>\n\t\t\t<dt class='gallery-icon portrait'>\n\t\t\t\t<a href='https:\/\/franciscanos.org.br\/noticias\/wp-content\/uploads\/2024\/07\/FIMDA-PROFISSAO-SOLENE-E-NOVICIADO-31.jpg'><img width=\"248\" height=\"300\" src=\"https:\/\/franciscanos.org.br\/noticias\/wp-content\/uploads\/2024\/07\/FIMDA-PROFISSAO-SOLENE-E-NOVICIADO-31-248x300.jpg\" class=\"attachment-thumbnail size-thumbnail\" alt=\"\" loading=\"lazy\" \/><\/a>\n\t\t\t<\/dt><\/dl><dl class='gallery-item'>\n\t\t\t<dt class='gallery-icon portrait'>\n\t\t\t\t<a href='https:\/\/franciscanos.org.br\/noticias\/wp-content\/uploads\/2024\/07\/FIMDA-PROFISSAO-SOLENE-E-NOVICIADO-30.jpg'><img width=\"248\" height=\"300\" src=\"https:\/\/franciscanos.org.br\/noticias\/wp-content\/uploads\/2024\/07\/FIMDA-PROFISSAO-SOLENE-E-NOVICIADO-30-248x300.jpg\" class=\"attachment-thumbnail size-thumbnail\" alt=\"\" loading=\"lazy\" \/><\/a>\n\t\t\t<\/dt><\/dl><br style=\"clear: both\" \/><dl class='gallery-item'>\n\t\t\t<dt class='gallery-icon portrait'>\n\t\t\t\t<a href='https:\/\/franciscanos.org.br\/noticias\/wp-content\/uploads\/2024\/07\/FIMDA-PROFISSAO-SOLENE-E-NOVICIADO-29.jpg'><img width=\"248\" height=\"300\" src=\"https:\/\/franciscanos.org.br\/noticias\/wp-content\/uploads\/2024\/07\/FIMDA-PROFISSAO-SOLENE-E-NOVICIADO-29-248x300.jpg\" class=\"attachment-thumbnail size-thumbnail\" alt=\"\" loading=\"lazy\" \/><\/a>\n\t\t\t<\/dt><\/dl><dl class='gallery-item'>\n\t\t\t<dt class='gallery-icon portrait'>\n\t\t\t\t<a href='https:\/\/franciscanos.org.br\/noticias\/wp-content\/uploads\/2024\/07\/FIMDA-PROFISSAO-SOLENE-E-NOVICIADO-28.jpg'><img width=\"248\" height=\"300\" src=\"https:\/\/franciscanos.org.br\/noticias\/wp-content\/uploads\/2024\/07\/FIMDA-PROFISSAO-SOLENE-E-NOVICIADO-28-248x300.jpg\" class=\"attachment-thumbnail size-thumbnail\" alt=\"\" loading=\"lazy\" \/><\/a>\n\t\t\t<\/dt><\/dl><dl class='gallery-item'>\n\t\t\t<dt class='gallery-icon portrait'>\n\t\t\t\t<a href='https:\/\/franciscanos.org.br\/noticias\/wp-content\/uploads\/2024\/07\/FIMDA-PROFISSAO-SOLENE-E-NOVICIADO-27.jpg'><img width=\"248\" height=\"300\" src=\"https:\/\/franciscanos.org.br\/noticias\/wp-content\/uploads\/2024\/07\/FIMDA-PROFISSAO-SOLENE-E-NOVICIADO-27-248x300.jpg\" class=\"attachment-thumbnail size-thumbnail\" alt=\"\" loading=\"lazy\" \/><\/a>\n\t\t\t<\/dt><\/dl><dl class='gallery-item'>\n\t\t\t<dt class='gallery-icon portrait'>\n\t\t\t\t<a href='https:\/\/franciscanos.org.br\/noticias\/wp-content\/uploads\/2024\/07\/FIMDA-PROFISSAO-SOLENE-E-NOVICIADO-26.jpg'><img width=\"248\" height=\"300\" src=\"https:\/\/franciscanos.org.br\/noticias\/wp-content\/uploads\/2024\/07\/FIMDA-PROFISSAO-SOLENE-E-NOVICIADO-26-248x300.jpg\" class=\"attachment-thumbnail size-thumbnail\" alt=\"\" loading=\"lazy\" \/><\/a>\n\t\t\t<\/dt><\/dl><br style=\"clear: both\" \/><dl class='gallery-item'>\n\t\t\t<dt class='gallery-icon portrait'>\n\t\t\t\t<a href='https:\/\/franciscanos.org.br\/noticias\/wp-content\/uploads\/2024\/07\/FIMDA-PROFISSAO-SOLENE-E-NOVICIADO-22.jpg'><img width=\"248\" height=\"300\" src=\"https:\/\/franciscanos.org.br\/noticias\/wp-content\/uploads\/2024\/07\/FIMDA-PROFISSAO-SOLENE-E-NOVICIADO-22-248x300.jpg\" class=\"attachment-thumbnail size-thumbnail\" alt=\"\" loading=\"lazy\" \/><\/a>\n\t\t\t<\/dt><\/dl><dl class='gallery-item'>\n\t\t\t<dt class='gallery-icon portrait'>\n\t\t\t\t<a href='https:\/\/franciscanos.org.br\/noticias\/wp-content\/uploads\/2024\/07\/FIMDA-PROFISSAO-SOLENE-E-NOVICIADO-21.jpg'><img width=\"248\" height=\"300\" src=\"https:\/\/franciscanos.org.br\/noticias\/wp-content\/uploads\/2024\/07\/FIMDA-PROFISSAO-SOLENE-E-NOVICIADO-21-248x300.jpg\" class=\"attachment-thumbnail size-thumbnail\" alt=\"\" loading=\"lazy\" \/><\/a>\n\t\t\t<\/dt><\/dl><dl class='gallery-item'>\n\t\t\t<dt class='gallery-icon portrait'>\n\t\t\t\t<a href='https:\/\/franciscanos.org.br\/noticias\/wp-content\/uploads\/2024\/07\/FIMDA-PROFISSAO-SOLENE-E-NOVICIADO-20.jpg'><img width=\"248\" height=\"300\" src=\"https:\/\/franciscanos.org.br\/noticias\/wp-content\/uploads\/2024\/07\/FIMDA-PROFISSAO-SOLENE-E-NOVICIADO-20-248x300.jpg\" class=\"attachment-thumbnail size-thumbnail\" alt=\"\" loading=\"lazy\" \/><\/a>\n\t\t\t<\/dt><\/dl><dl class='gallery-item'>\n\t\t\t<dt class='gallery-icon portrait'>\n\t\t\t\t<a href='https:\/\/franciscanos.org.br\/noticias\/wp-content\/uploads\/2024\/07\/FIMDA-PROFISSAO-SOLENE-E-NOVICIADO-19.jpg'><img width=\"248\" height=\"300\" src=\"https:\/\/franciscanos.org.br\/noticias\/wp-content\/uploads\/2024\/07\/FIMDA-PROFISSAO-SOLENE-E-NOVICIADO-19-248x300.jpg\" class=\"attachment-thumbnail size-thumbnail\" alt=\"\" loading=\"lazy\" \/><\/a>\n\t\t\t<\/dt><\/dl><br style=\"clear: both\" \/><dl class='gallery-item'>\n\t\t\t<dt class='gallery-icon portrait'>\n\t\t\t\t<a href='https:\/\/franciscanos.org.br\/noticias\/wp-content\/uploads\/2024\/07\/FIMDA-PROFISSAO-SOLENE-E-NOVICIADO-18.jpg'><img width=\"248\" height=\"300\" src=\"https:\/\/franciscanos.org.br\/noticias\/wp-content\/uploads\/2024\/07\/FIMDA-PROFISSAO-SOLENE-E-NOVICIADO-18-248x300.jpg\" class=\"attachment-thumbnail size-thumbnail\" alt=\"\" loading=\"lazy\" \/><\/a>\n\t\t\t<\/dt><\/dl><dl class='gallery-item'>\n\t\t\t<dt class='gallery-icon portrait'>\n\t\t\t\t<a href='https:\/\/franciscanos.org.br\/noticias\/wp-content\/uploads\/2024\/07\/FIMDA-PROFISSAO-SOLENE-E-NOVICIADO-17.jpg'><img width=\"248\" height=\"300\" src=\"https:\/\/franciscanos.org.br\/noticias\/wp-content\/uploads\/2024\/07\/FIMDA-PROFISSAO-SOLENE-E-NOVICIADO-17-248x300.jpg\" class=\"attachment-thumbnail size-thumbnail\" alt=\"\" loading=\"lazy\" \/><\/a>\n\t\t\t<\/dt><\/dl><dl class='gallery-item'>\n\t\t\t<dt class='gallery-icon portrait'>\n\t\t\t\t<a href='https:\/\/franciscanos.org.br\/noticias\/wp-content\/uploads\/2024\/07\/FIMDA-PROFISSAO-SOLENE-E-NOVICIADO-16.jpg'><img width=\"248\" height=\"300\" src=\"https:\/\/franciscanos.org.br\/noticias\/wp-content\/uploads\/2024\/07\/FIMDA-PROFISSAO-SOLENE-E-NOVICIADO-16-248x300.jpg\" class=\"attachment-thumbnail size-thumbnail\" alt=\"\" loading=\"lazy\" \/><\/a>\n\t\t\t<\/dt><\/dl><dl class='gallery-item'>\n\t\t\t<dt class='gallery-icon portrait'>\n\t\t\t\t<a href='https:\/\/franciscanos.org.br\/noticias\/wp-content\/uploads\/2024\/07\/FIMDA-PROFISSAO-SOLENE-E-NOVICIADO-15.jpg'><img width=\"248\" height=\"300\" src=\"https:\/\/franciscanos.org.br\/noticias\/wp-content\/uploads\/2024\/07\/FIMDA-PROFISSAO-SOLENE-E-NOVICIADO-15-248x300.jpg\" class=\"attachment-thumbnail size-thumbnail\" alt=\"\" loading=\"lazy\" \/><\/a>\n\t\t\t<\/dt><\/dl><br style=\"clear: both\" \/><dl class='gallery-item'>\n\t\t\t<dt class='gallery-icon portrait'>\n\t\t\t\t<a href='https:\/\/franciscanos.org.br\/noticias\/wp-content\/uploads\/2024\/07\/FIMDA-PROFISSAO-SOLENE-E-NOVICIADO-14.jpg'><img width=\"248\" height=\"300\" src=\"https:\/\/franciscanos.org.br\/noticias\/wp-content\/uploads\/2024\/07\/FIMDA-PROFISSAO-SOLENE-E-NOVICIADO-14-248x300.jpg\" class=\"attachment-thumbnail size-thumbnail\" alt=\"\" loading=\"lazy\" \/><\/a>\n\t\t\t<\/dt><\/dl><dl class='gallery-item'>\n\t\t\t<dt class='gallery-icon portrait'>\n\t\t\t\t<a href='https:\/\/franciscanos.org.br\/noticias\/wp-content\/uploads\/2024\/07\/FIMDA-PROFISSAO-SOLENE-E-NOVICIADO-13.jpg'><img width=\"248\" height=\"300\" src=\"https:\/\/franciscanos.org.br\/noticias\/wp-content\/uploads\/2024\/07\/FIMDA-PROFISSAO-SOLENE-E-NOVICIADO-13-248x300.jpg\" class=\"attachment-thumbnail size-thumbnail\" alt=\"\" loading=\"lazy\" \/><\/a>\n\t\t\t<\/dt><\/dl><dl class='gallery-item'>\n\t\t\t<dt class='gallery-icon portrait'>\n\t\t\t\t<a href='https:\/\/franciscanos.org.br\/noticias\/wp-content\/uploads\/2024\/07\/FIMDA-PROFISSAO-SOLENE-E-NOVICIADO-12.jpg'><img width=\"248\" height=\"300\" src=\"https:\/\/franciscanos.org.br\/noticias\/wp-content\/uploads\/2024\/07\/FIMDA-PROFISSAO-SOLENE-E-NOVICIADO-12-248x300.jpg\" class=\"attachment-thumbnail size-thumbnail\" alt=\"\" loading=\"lazy\" \/><\/a>\n\t\t\t<\/dt><\/dl><dl class='gallery-item'>\n\t\t\t<dt class='gallery-icon portrait'>\n\t\t\t\t<a href='https:\/\/franciscanos.org.br\/noticias\/wp-content\/uploads\/2024\/07\/FIMDA-PROFISSAO-SOLENE-E-NOVICIADO-11.jpg'><img width=\"248\" height=\"300\" src=\"https:\/\/franciscanos.org.br\/noticias\/wp-content\/uploads\/2024\/07\/FIMDA-PROFISSAO-SOLENE-E-NOVICIADO-11-248x300.jpg\" class=\"attachment-thumbnail size-thumbnail\" alt=\"\" loading=\"lazy\" \/><\/a>\n\t\t\t<\/dt><\/dl><br style=\"clear: both\" \/><dl class='gallery-item'>\n\t\t\t<dt class='gallery-icon portrait'>\n\t\t\t\t<a href='https:\/\/franciscanos.org.br\/noticias\/wp-content\/uploads\/2024\/07\/FIMDA-PROFISSAO-SOLENE-E-NOVICIADO-4.jpg'><img width=\"254\" height=\"300\" src=\"https:\/\/franciscanos.org.br\/noticias\/wp-content\/uploads\/2024\/07\/FIMDA-PROFISSAO-SOLENE-E-NOVICIADO-4-254x300.jpg\" class=\"attachment-thumbnail size-thumbnail\" alt=\"\" loading=\"lazy\" \/><\/a>\n\t\t\t<\/dt><\/dl><dl class='gallery-item'>\n\t\t\t<dt class='gallery-icon portrait'>\n\t\t\t\t<a href='https:\/\/franciscanos.org.br\/noticias\/wp-content\/uploads\/2024\/07\/FIMDA-PROFISSAO-SOLENE-E-NOVICIADO-3.jpg'><img width=\"254\" height=\"300\" src=\"https:\/\/franciscanos.org.br\/noticias\/wp-content\/uploads\/2024\/07\/FIMDA-PROFISSAO-SOLENE-E-NOVICIADO-3-254x300.jpg\" class=\"attachment-thumbnail size-thumbnail\" alt=\"\" loading=\"lazy\" \/><\/a>\n\t\t\t<\/dt><\/dl><dl class='gallery-item'>\n\t\t\t<dt class='gallery-icon portrait'>\n\t\t\t\t<a href='https:\/\/franciscanos.org.br\/noticias\/wp-content\/uploads\/2024\/07\/FIMDA-PROFISSAO-SOLENE-E-NOVICIADO-10.jpg'><img width=\"248\" height=\"300\" src=\"https:\/\/franciscanos.org.br\/noticias\/wp-content\/uploads\/2024\/07\/FIMDA-PROFISSAO-SOLENE-E-NOVICIADO-10-248x300.jpg\" class=\"attachment-thumbnail size-thumbnail\" alt=\"\" loading=\"lazy\" \/><\/a>\n\t\t\t<\/dt><\/dl><dl class='gallery-item'>\n\t\t\t<dt class='gallery-icon landscape'>\n\t\t\t\t<a href='https:\/\/franciscanos.org.br\/noticias\/wp-content\/uploads\/2024\/07\/FIMDA-PROFISSAO-SOLENE-E-NOVICIADO-9.jpg'><img width=\"300\" height=\"248\" src=\"https:\/\/franciscanos.org.br\/noticias\/wp-content\/uploads\/2024\/07\/FIMDA-PROFISSAO-SOLENE-E-NOVICIADO-9-300x248.jpg\" class=\"attachment-thumbnail size-thumbnail\" alt=\"\" loading=\"lazy\" \/><\/a>\n\t\t\t<\/dt><\/dl><br style=\"clear: both\" \/>\n\t\t<\/div>\n\n","protected":false},"excerpt":{"rendered":"<p>FIMDA celebra novas voca\u00e7\u00f5es<\/p>\n","protected":false},"author":11,"featured_media":249212,"comment_status":"open","ping_status":"open","sticky":false,"template":"","format":"standard","meta":[],"categories":[1],"tags":[109,195,2056],"acf":[],"yoast_head":"<!-- This site is optimized with the Yoast SEO plugin v19.2 - https:\/\/yoast.com\/wordpress\/plugins\/seo\/ -->\n<title>Novi\u00e7os celebram Primeira Profiss\u00e3o dos Votos em Quibala: \u201cVoc\u00eas s\u00e3o os professos da estigmatiza\u00e7\u00e3o\u201d - Not\u00edcias - Franciscanos<\/title>\n<meta name=\"robots\" content=\"index, follow, max-snippet:-1, max-image-preview:large, max-video-preview:-1\" \/>\n<link rel=\"canonical\" href=\"https:\/\/franciscanos.org.br\/noticias\/novicos-celebram-primeira-profissao-dos-votos-em-quibala-voces-sao-os-professos-da-estigmatizacao.html\" \/>\n<meta property=\"og:locale\" content=\"pt_BR\" \/>\n<meta property=\"og:type\" content=\"article\" \/>\n<meta property=\"og:title\" content=\"Novi\u00e7os celebram Primeira Profiss\u00e3o dos Votos em Quibala: \u201cVoc\u00eas s\u00e3o os professos da estigmatiza\u00e7\u00e3o\u201d - Not\u00edcias - Franciscanos\" \/>\n<meta property=\"og:description\" content=\"FIMDA celebra novas voca\u00e7\u00f5es\" \/>\n<meta property=\"og:url\" content=\"https:\/\/franciscanos.org.br\/noticias\/novicos-celebram-primeira-profissao-dos-votos-em-quibala-voces-sao-os-professos-da-estigmatizacao.html\" \/>\n<meta property=\"og:site_name\" content=\"Not\u00edcias - Franciscanos\" \/>\n<meta property=\"article:published_time\" content=\"2024-07-23T21:22:11+00:00\" \/>\n<meta property=\"article:modified_time\" content=\"2025-03-10T19:06:19+00:00\" \/>\n<meta property=\"og:image\" content=\"https:\/\/franciscanos.org.br\/noticias\/wp-content\/uploads\/2024\/07\/DESTAQUE-MATERIA-ANGOLA-1.jpg\" \/>\n\t<meta property=\"og:image:width\" content=\"1280\" \/>\n\t<meta property=\"og:image:height\" content=\"720\" \/>\n\t<meta property=\"og:image:type\" content=\"image\/jpeg\" \/>\n<meta name=\"author\" content=\"Adriana Rabelo\" \/>\n<meta name=\"twitter:card\" content=\"summary_large_image\" \/>\n<meta name=\"twitter:label1\" content=\"Escrito por\" \/>\n\t<meta name=\"twitter:data1\" content=\"Adriana Rabelo\" \/>\n\t<meta name=\"twitter:label2\" content=\"Est. tempo de leitura\" \/>\n\t<meta name=\"twitter:data2\" content=\"4 minutos\" \/>\n<script type=\"application\/ld+json\" class=\"yoast-schema-graph\">{\"@context\":\"https:\/\/schema.org\",\"@graph\":[{\"@type\":\"WebSite\",\"@id\":\"https:\/\/franciscanos.org.br\/noticias\/#website\",\"url\":\"https:\/\/franciscanos.org.br\/noticias\/\",\"name\":\"Not\u00edcias - Franciscanos\",\"description\":\"Prov\u00edncia Franciscana da Imaculada Concei\u00e7\u00e3o do Brasil - Ordem dos Frades Menores - OFM\",\"potentialAction\":[{\"@type\":\"SearchAction\",\"target\":{\"@type\":\"EntryPoint\",\"urlTemplate\":\"https:\/\/franciscanos.org.br\/noticias\/?s={search_term_string}\"},\"query-input\":\"required name=search_term_string\"}],\"inLanguage\":\"pt-BR\"},{\"@type\":\"ImageObject\",\"inLanguage\":\"pt-BR\",\"@id\":\"https:\/\/franciscanos.org.br\/noticias\/novicos-celebram-primeira-profissao-dos-votos-em-quibala-voces-sao-os-professos-da-estigmatizacao.html#primaryimage\",\"url\":\"https:\/\/franciscanos.org.br\/noticias\/wp-content\/uploads\/2024\/07\/DESTAQUE-MATERIA-ANGOLA-1.jpg\",\"contentUrl\":\"https:\/\/franciscanos.org.br\/noticias\/wp-content\/uploads\/2024\/07\/DESTAQUE-MATERIA-ANGOLA-1.jpg\",\"width\":1280,\"height\":720},{\"@type\":\"WebPage\",\"@id\":\"https:\/\/franciscanos.org.br\/noticias\/novicos-celebram-primeira-profissao-dos-votos-em-quibala-voces-sao-os-professos-da-estigmatizacao.html#webpage\",\"url\":\"https:\/\/franciscanos.org.br\/noticias\/novicos-celebram-primeira-profissao-dos-votos-em-quibala-voces-sao-os-professos-da-estigmatizacao.html\",\"name\":\"Novi\u00e7os celebram Primeira Profiss\u00e3o dos Votos em Quibala: \u201cVoc\u00eas s\u00e3o os professos da estigmatiza\u00e7\u00e3o\u201d - Not\u00edcias - Franciscanos\",\"isPartOf\":{\"@id\":\"https:\/\/franciscanos.org.br\/noticias\/#website\"},\"primaryImageOfPage\":{\"@id\":\"https:\/\/franciscanos.org.br\/noticias\/novicos-celebram-primeira-profissao-dos-votos-em-quibala-voces-sao-os-professos-da-estigmatizacao.html#primaryimage\"},\"datePublished\":\"2024-07-23T21:22:11+00:00\",\"dateModified\":\"2025-03-10T19:06:19+00:00\",\"author\":{\"@id\":\"https:\/\/franciscanos.org.br\/noticias\/#\/schema\/person\/d9422e83121c3ad3b0f423d195f5bb25\"},\"breadcrumb\":{\"@id\":\"https:\/\/franciscanos.org.br\/noticias\/novicos-celebram-primeira-profissao-dos-votos-em-quibala-voces-sao-os-professos-da-estigmatizacao.html#breadcrumb\"},\"inLanguage\":\"pt-BR\",\"potentialAction\":[{\"@type\":\"ReadAction\",\"target\":[\"https:\/\/franciscanos.org.br\/noticias\/novicos-celebram-primeira-profissao-dos-votos-em-quibala-voces-sao-os-professos-da-estigmatizacao.html\"]}]},{\"@type\":\"BreadcrumbList\",\"@id\":\"https:\/\/franciscanos.org.br\/noticias\/novicos-celebram-primeira-profissao-dos-votos-em-quibala-voces-sao-os-professos-da-estigmatizacao.html#breadcrumb\",\"itemListElement\":[{\"@type\":\"ListItem\",\"position\":1,\"name\":\"Home\",\"item\":\"https:\/\/franciscanos.org.br\/noticias\"},{\"@type\":\"ListItem\",\"position\":2,\"name\":\"Novi\u00e7os celebram Primeira Profiss\u00e3o dos Votos em Quibala: \u201cVoc\u00eas s\u00e3o os professos da estigmatiza\u00e7\u00e3o\u201d\"}]},{\"@type\":\"Person\",\"@id\":\"https:\/\/franciscanos.org.br\/noticias\/#\/schema\/person\/d9422e83121c3ad3b0f423d195f5bb25\",\"name\":\"Adriana Rabelo\",\"image\":{\"@type\":\"ImageObject\",\"inLanguage\":\"pt-BR\",\"@id\":\"https:\/\/franciscanos.org.br\/noticias\/#\/schema\/person\/image\/\",\"url\":\"https:\/\/secure.gravatar.com\/avatar\/0a937b7500cd7df77540cfb8bede877d?s=96&d=mm&r=g\",\"contentUrl\":\"https:\/\/secure.gravatar.com\/avatar\/0a937b7500cd7df77540cfb8bede877d?s=96&d=mm&r=g\",\"caption\":\"Adriana Rabelo\"},\"url\":\"https:\/\/franciscanos.org.br\/noticias\/author\/adrianarabelo\"}]}<\/script>\n<!-- \/ Yoast SEO plugin. -->","yoast_head_json":{"title":"Novi\u00e7os celebram Primeira Profiss\u00e3o dos Votos em Quibala: \u201cVoc\u00eas s\u00e3o os professos da estigmatiza\u00e7\u00e3o\u201d - Not\u00edcias - Franciscanos","robots":{"index":"index","follow":"follow","max-snippet":"max-snippet:-1","max-image-preview":"max-image-preview:large","max-video-preview":"max-video-preview:-1"},"canonical":"https:\/\/franciscanos.org.br\/noticias\/novicos-celebram-primeira-profissao-dos-votos-em-quibala-voces-sao-os-professos-da-estigmatizacao.html","og_locale":"pt_BR","og_type":"article","og_title":"Novi\u00e7os celebram Primeira Profiss\u00e3o dos Votos em Quibala: \u201cVoc\u00eas s\u00e3o os professos da estigmatiza\u00e7\u00e3o\u201d - Not\u00edcias - Franciscanos","og_description":"FIMDA celebra novas voca\u00e7\u00f5es","og_url":"https:\/\/franciscanos.org.br\/noticias\/novicos-celebram-primeira-profissao-dos-votos-em-quibala-voces-sao-os-professos-da-estigmatizacao.html","og_site_name":"Not\u00edcias - Franciscanos","article_published_time":"2024-07-23T21:22:11+00:00","article_modified_time":"2025-03-10T19:06:19+00:00","og_image":[{"width":1280,"height":720,"url":"https:\/\/franciscanos.org.br\/noticias\/wp-content\/uploads\/2024\/07\/DESTAQUE-MATERIA-ANGOLA-1.jpg","type":"image\/jpeg"}],"author":"Adriana Rabelo","twitter_card":"summary_large_image","twitter_misc":{"Escrito por":"Adriana Rabelo","Est. tempo de leitura":"4 minutos"},"schema":{"@context":"https:\/\/schema.org","@graph":[{"@type":"WebSite","@id":"https:\/\/franciscanos.org.br\/noticias\/#website","url":"https:\/\/franciscanos.org.br\/noticias\/","name":"Not\u00edcias - Franciscanos","description":"Prov\u00edncia Franciscana da Imaculada Concei\u00e7\u00e3o do Brasil - Ordem dos Frades Menores - OFM","potentialAction":[{"@type":"SearchAction","target":{"@type":"EntryPoint","urlTemplate":"https:\/\/franciscanos.org.br\/noticias\/?s={search_term_string}"},"query-input":"required name=search_term_string"}],"inLanguage":"pt-BR"},{"@type":"ImageObject","inLanguage":"pt-BR","@id":"https:\/\/franciscanos.org.br\/noticias\/novicos-celebram-primeira-profissao-dos-votos-em-quibala-voces-sao-os-professos-da-estigmatizacao.html#primaryimage","url":"https:\/\/franciscanos.org.br\/noticias\/wp-content\/uploads\/2024\/07\/DESTAQUE-MATERIA-ANGOLA-1.jpg","contentUrl":"https:\/\/franciscanos.org.br\/noticias\/wp-content\/uploads\/2024\/07\/DESTAQUE-MATERIA-ANGOLA-1.jpg","width":1280,"height":720},{"@type":"WebPage","@id":"https:\/\/franciscanos.org.br\/noticias\/novicos-celebram-primeira-profissao-dos-votos-em-quibala-voces-sao-os-professos-da-estigmatizacao.html#webpage","url":"https:\/\/franciscanos.org.br\/noticias\/novicos-celebram-primeira-profissao-dos-votos-em-quibala-voces-sao-os-professos-da-estigmatizacao.html","name":"Novi\u00e7os celebram Primeira Profiss\u00e3o dos Votos em Quibala: \u201cVoc\u00eas s\u00e3o os professos da estigmatiza\u00e7\u00e3o\u201d - Not\u00edcias - Franciscanos","isPartOf":{"@id":"https:\/\/franciscanos.org.br\/noticias\/#website"},"primaryImageOfPage":{"@id":"https:\/\/franciscanos.org.br\/noticias\/novicos-celebram-primeira-profissao-dos-votos-em-quibala-voces-sao-os-professos-da-estigmatizacao.html#primaryimage"},"datePublished":"2024-07-23T21:22:11+00:00","dateModified":"2025-03-10T19:06:19+00:00","author":{"@id":"https:\/\/franciscanos.org.br\/noticias\/#\/schema\/person\/d9422e83121c3ad3b0f423d195f5bb25"},"breadcrumb":{"@id":"https:\/\/franciscanos.org.br\/noticias\/novicos-celebram-primeira-profissao-dos-votos-em-quibala-voces-sao-os-professos-da-estigmatizacao.html#breadcrumb"},"inLanguage":"pt-BR","potentialAction":[{"@type":"ReadAction","target":["https:\/\/franciscanos.org.br\/noticias\/novicos-celebram-primeira-profissao-dos-votos-em-quibala-voces-sao-os-professos-da-estigmatizacao.html"]}]},{"@type":"BreadcrumbList","@id":"https:\/\/franciscanos.org.br\/noticias\/novicos-celebram-primeira-profissao-dos-votos-em-quibala-voces-sao-os-professos-da-estigmatizacao.html#breadcrumb","itemListElement":[{"@type":"ListItem","position":1,"name":"Home","item":"https:\/\/franciscanos.org.br\/noticias"},{"@type":"ListItem","position":2,"name":"Novi\u00e7os celebram Primeira Profiss\u00e3o dos Votos em Quibala: \u201cVoc\u00eas s\u00e3o os professos da estigmatiza\u00e7\u00e3o\u201d"}]},{"@type":"Person","@id":"https:\/\/franciscanos.org.br\/noticias\/#\/schema\/person\/d9422e83121c3ad3b0f423d195f5bb25","name":"Adriana Rabelo","image":{"@type":"ImageObject","inLanguage":"pt-BR","@id":"https:\/\/franciscanos.org.br\/noticias\/#\/schema\/person\/image\/","url":"https:\/\/secure.gravatar.com\/avatar\/0a937b7500cd7df77540cfb8bede877d?s=96&d=mm&r=g","contentUrl":"https:\/\/secure.gravatar.com\/avatar\/0a937b7500cd7df77540cfb8bede877d?s=96&d=mm&r=g","caption":"Adriana Rabelo"},"url":"https:\/\/franciscanos.org.br\/noticias\/author\/adrianarabelo"}]}},"_links":{"self":[{"href":"https:\/\/franciscanos.org.br\/noticias\/wp-json\/wp\/v2\/posts\/249159"}],"collection":[{"href":"https:\/\/franciscanos.org.br\/noticias\/wp-json\/wp\/v2\/posts"}],"about":[{"href":"https:\/\/franciscanos.org.br\/noticias\/wp-json\/wp\/v2\/types\/post"}],"author":[{"embeddable":true,"href":"https:\/\/franciscanos.org.br\/noticias\/wp-json\/wp\/v2\/users\/11"}],"replies":[{"embeddable":true,"href":"https:\/\/franciscanos.org.br\/noticias\/wp-json\/wp\/v2\/comments?post=249159"}],"version-history":[{"count":6,"href":"https:\/\/franciscanos.org.br\/noticias\/wp-json\/wp\/v2\/posts\/249159\/revisions"}],"predecessor-version":[{"id":249216,"href":"https:\/\/franciscanos.org.br\/noticias\/wp-json\/wp\/v2\/posts\/249159\/revisions\/249216"}],"wp:featuredmedia":[{"embeddable":true,"href":"https:\/\/franciscanos.org.br\/noticias\/wp-json\/wp\/v2\/media\/249212"}],"wp:attachment":[{"href":"https:\/\/franciscanos.org.br\/noticias\/wp-json\/wp\/v2\/media?parent=249159"}],"wp:term":[{"taxonomy":"category","embeddable":true,"href":"https:\/\/franciscanos.org.br\/noticias\/wp-json\/wp\/v2\/categories?post=249159"},{"taxonomy":"post_tag","embeddable":true,"href":"https:\/\/franciscanos.org.br\/noticias\/wp-json\/wp\/v2\/tags?post=249159"}],"curies":[{"name":"wp","href":"https:\/\/api.w.org\/{rel}","templated":true}]}}