{"id":249143,"date":"2024-07-22T17:37:45","date_gmt":"2024-07-22T20:37:45","guid":{"rendered":"https:\/\/franciscanos.org.br\/noticias\/?p=249143"},"modified":"2024-07-22T17:57:50","modified_gmt":"2024-07-22T20:57:50","slug":"conferencia-episcopal-de-angola-e-sao-tome-encerra-com-propostas-concretas-de-valorizacao-a-vida","status":"publish","type":"post","link":"https:\/\/franciscanos.org.br\/noticias\/conferencia-episcopal-de-angola-e-sao-tome-encerra-com-propostas-concretas-de-valorizacao-a-vida.html","title":{"rendered":"Confer\u00eancia Episcopal de Angola e S\u00e3o Tom\u00e9 encerra com propostas de valoriza\u00e7\u00e3o a vida"},"content":{"rendered":"<p><img loading=\"lazy\" class=\"aligncenter wp-image-249144 size-full\" src=\"https:\/\/franciscanos.org.br\/noticias\/wp-content\/uploads\/2024\/07\/WhatsApp-Image-2024-07-22-at-14.30.46.jpeg\" alt=\"\" width=\"1280\" height=\"591\" srcset=\"https:\/\/franciscanos.org.br\/noticias\/wp-content\/uploads\/2024\/07\/WhatsApp-Image-2024-07-22-at-14.30.46.jpeg 1280w, https:\/\/franciscanos.org.br\/noticias\/wp-content\/uploads\/2024\/07\/WhatsApp-Image-2024-07-22-at-14.30.46-450x208.jpeg 450w, https:\/\/franciscanos.org.br\/noticias\/wp-content\/uploads\/2024\/07\/WhatsApp-Image-2024-07-22-at-14.30.46-1024x473.jpeg 1024w, https:\/\/franciscanos.org.br\/noticias\/wp-content\/uploads\/2024\/07\/WhatsApp-Image-2024-07-22-at-14.30.46-768x355.jpeg 768w, https:\/\/franciscanos.org.br\/noticias\/wp-content\/uploads\/2024\/07\/WhatsApp-Image-2024-07-22-at-14.30.46-150x69.jpeg 150w\" sizes=\"(max-width: 1280px) 100vw, 1280px\" \/><\/p>\n<p>A Funda\u00e7\u00e3o Franciscana Imaculada M\u00e3e de Deus de Angola (FIMDA) esteve presente na XXI Assembleia Nacional da Comiss\u00e3o Episcopal de Justi\u00e7a e Paz da CEAST (Confer\u00eancia Episcopal de Angola e S\u00e3o Tom\u00e9), realizada de 17 a 19 de julho, em Huambo. \u00a0Participaram Frei Laerte de Farias dos Santos, da Fraternidade S\u00e3o Francisco de Assis, em Kilamba Kiaxi; e Frei Jo\u00e3o Alberto Bunga, da Fraternidade da Porci\u00fancula, em Viana.<img loading=\"lazy\" class=\"size-medium wp-image-249145 alignright\" src=\"https:\/\/franciscanos.org.br\/noticias\/wp-content\/uploads\/2024\/07\/WhatsApp-Image-2024-07-22-at-14.30.47-208x450.jpeg\" alt=\"\" width=\"208\" height=\"450\" srcset=\"https:\/\/franciscanos.org.br\/noticias\/wp-content\/uploads\/2024\/07\/WhatsApp-Image-2024-07-22-at-14.30.47-208x450.jpeg 208w, https:\/\/franciscanos.org.br\/noticias\/wp-content\/uploads\/2024\/07\/WhatsApp-Image-2024-07-22-at-14.30.47-473x1024.jpeg 473w, https:\/\/franciscanos.org.br\/noticias\/wp-content\/uploads\/2024\/07\/WhatsApp-Image-2024-07-22-at-14.30.47-150x325.jpeg 150w, https:\/\/franciscanos.org.br\/noticias\/wp-content\/uploads\/2024\/07\/WhatsApp-Image-2024-07-22-at-14.30.47.jpeg 499w\" sizes=\"(max-width: 208px) 100vw, 208px\" \/><\/p>\n<p>Sob a presid\u00eancia de Dom Gabriel Mbilingi, Arcebispo de Lubango e Presidente da Comiss\u00e3o Episcopal, o evento que teve como tema \u201c Com a for\u00e7a do Evangelho, transformemos o mundo\u201d, frase de Papa Francisco, reuniu 57 delegados, representando 18 Dioceses, para definir o plano estrat\u00e9gico da Comiss\u00e3o para o pr\u00f3ximo tri\u00eanio.<\/p>\n<p>Durante tr\u00eas dias foram debatidos temas como a consolida\u00e7\u00e3o e a revitaliza\u00e7\u00e3o da Comiss\u00e3o Episcopal no territ\u00f3rio da CEAST. Atualmente, 20 dioceses (Cabinda, Mbanza Kongo, Uige, Dundo, Caxito, Luanda, Viana, Saurimo, Lwena, Kuito \u2013 Bi\u00e9, Sumbe, Benguela, Huambo, Lubango, Menongue, Ondjiva, Malanje, Ndalatando, Namibe e S\u00e3o Tom\u00e9) englobam a \u00e1rea de atua\u00e7\u00e3o da Confer\u00eancia.<\/p>\n<p>As quest\u00f5es clim\u00e1ticas tamb\u00e9m tiveram destaque, com reflex\u00f5es sobre a situa\u00e7\u00e3o das comunidades vulner\u00e1veis e as adapta\u00e7\u00f5es necess\u00e1rias para que possam se manter diante do presente e do futuro global. As injusti\u00e7as na explora\u00e7\u00e3o de recursos naturais que ocasionam degrada\u00e7\u00e3o ambiental, foi outro aspecto abordado.<\/p>\n<p>Diante do cen\u00e1rio de fragilidades, os delegados tamb\u00e9m abordaram o agravamento das desigualdades sociais, assim como a degrada\u00e7\u00e3o da condi\u00e7\u00e3o de vida dos cidad\u00e3os e o grave desinteresse dos jovens pelas causas sociais em geral. O partidarismo exacerbado, que subestima valores de urbanidade democr\u00e1tica, tamb\u00e9m chamou a ten\u00e7\u00e3o das lideran\u00e7as.<\/p>\n<p>A Assembleia Nacional destacou ainda a viola\u00e7\u00e3o sistem\u00e1tica dos direitos das crian\u00e7as, das mulheres e dos adultos vulner\u00e1veis. Um dos pontos alto dos debates foi a expans\u00e3o de extremismos religiosos, onde os valores culturais e crist\u00e3os tendem a ceder para novas l\u00f3gicas imediatistas. Os delegados tamb\u00e9m consideraram as interfer\u00eancias digitais negativas e os impactos na sociedade, al\u00e9m das amea\u00e7as do ambiente virtual \u00e0 democracia.<\/p>\n<p><img loading=\"lazy\" class=\"size-medium wp-image-249149 alignleft\" src=\"https:\/\/franciscanos.org.br\/noticias\/wp-content\/uploads\/2024\/07\/WhatsApp-Image-2024-07-22-at-14.30.45-1-208x450.jpeg\" alt=\"\" width=\"208\" height=\"450\" srcset=\"https:\/\/franciscanos.org.br\/noticias\/wp-content\/uploads\/2024\/07\/WhatsApp-Image-2024-07-22-at-14.30.45-1-208x450.jpeg 208w, https:\/\/franciscanos.org.br\/noticias\/wp-content\/uploads\/2024\/07\/WhatsApp-Image-2024-07-22-at-14.30.45-1-473x1024.jpeg 473w, https:\/\/franciscanos.org.br\/noticias\/wp-content\/uploads\/2024\/07\/WhatsApp-Image-2024-07-22-at-14.30.45-1-150x325.jpeg 150w, https:\/\/franciscanos.org.br\/noticias\/wp-content\/uploads\/2024\/07\/WhatsApp-Image-2024-07-22-at-14.30.45-1.jpeg 499w\" sizes=\"(max-width: 208px) 100vw, 208px\" \/>A partir das problem\u00e1ticas apresentadas, a Confer\u00eancia refletiu sobre sua autossustentabilidade e identidade baseada na defesa dos mais desfavorecidos da sociedade. Foi destacada a import\u00e2ncia do \u201cCuidado com a Cria\u00e7\u00e3o\u201d, diante das explora\u00e7\u00f5es ambientais que desconsideram a vida da natureza e dos seres humanos, gerando o deslocamento massivo de popula\u00e7\u00f5es, al\u00e9m do desrespeito \u00e0s leis de impacto ambiental, realidade que amea\u00e7a ainda mais as comunidades j\u00e1 vulner\u00e1veis.<\/p>\n<p>Ao final das atividades, os participantes deixaram recomenda\u00e7\u00f5es que ir\u00e3o conduzir os trabalhos da comiss\u00e3o. As propostas englobam a cria\u00e7\u00e3o de um plano de coopera\u00e7\u00e3o com institui\u00e7\u00f5es estaduais e de outras esferas para a defesa de causas nacionais que ir\u00e3o atender as vulnerabilidades dos cidad\u00e3os; a concess\u00e3o de espa\u00e7os para explora\u00e7\u00e3o de recursos naturais precedida de estudos de impacto ambiental, consultas p\u00fablicas adequadas sujeitas \u00e0 fiscaliza\u00e7\u00e3o do Estado. E, por fim, a organiza\u00e7\u00e3o democr\u00e1tica de uma na\u00e7\u00e3o fundamentada na participa\u00e7\u00e3o de todos.<\/p>\n<p>As lideran\u00e7as encerraram suas considera\u00e7\u00f5es citando Papa Francisco, no texto &#8221;No Cora\u00e7\u00e3o da Democracia&#8221;, no qual diz: &#8220;Sim, os problemas que enfrentamos pertencem a todos e dizem respeito a todos. O caminho democr\u00e1tico \u00e9 discutirmos juntos e saber que s\u00f3 juntos esses problemas podem encontrar solu\u00e7\u00e3o. Porque numa comunidade como a humana n\u00e3o se pode salvar-se sozinho. Nem o axioma de <em>mors tua vita mea<\/em> se aplica. Pelo contr\u00e1rio. At\u00e9 a microbiologia nos sugere que o humano est\u00e1 estruturalmente aberto \u00e0 dimens\u00e3o da alteridade e do encontro com um \u201cvoc\u00ea\u201d que est\u00e1 \u00e0 nossa frente&#8221;.<\/p>\n<hr \/>\n<p>Adriana Rabelo<\/p>\n<p>&nbsp;<\/p>\n","protected":false},"excerpt":{"rendered":"<p>Meio ambiente e preserva\u00e7\u00e3o da dignidade humana foram destaques<\/p>\n","protected":false},"author":11,"featured_media":249155,"comment_status":"open","ping_status":"open","sticky":false,"template":"","format":"standard","meta":[],"categories":[1],"tags":[195],"acf":[],"yoast_head":"<!-- This site is optimized with the Yoast SEO plugin v19.2 - https:\/\/yoast.com\/wordpress\/plugins\/seo\/ -->\n<title>Confer\u00eancia Episcopal de Angola e S\u00e3o Tom\u00e9 encerra com propostas de valoriza\u00e7\u00e3o a vida - Not\u00edcias - Franciscanos<\/title>\n<meta name=\"robots\" content=\"index, follow, max-snippet:-1, max-image-preview:large, max-video-preview:-1\" \/>\n<link rel=\"canonical\" href=\"https:\/\/franciscanos.org.br\/noticias\/conferencia-episcopal-de-angola-e-sao-tome-encerra-com-propostas-concretas-de-valorizacao-a-vida.html\" \/>\n<meta property=\"og:locale\" content=\"pt_BR\" \/>\n<meta property=\"og:type\" content=\"article\" \/>\n<meta property=\"og:title\" content=\"Confer\u00eancia Episcopal de Angola e S\u00e3o Tom\u00e9 encerra com propostas de valoriza\u00e7\u00e3o a vida - Not\u00edcias - Franciscanos\" \/>\n<meta property=\"og:description\" content=\"Meio ambiente e preserva\u00e7\u00e3o da dignidade humana foram destaques\" \/>\n<meta property=\"og:url\" content=\"https:\/\/franciscanos.org.br\/noticias\/conferencia-episcopal-de-angola-e-sao-tome-encerra-com-propostas-concretas-de-valorizacao-a-vida.html\" \/>\n<meta property=\"og:site_name\" content=\"Not\u00edcias - Franciscanos\" \/>\n<meta property=\"article:published_time\" content=\"2024-07-22T20:37:45+00:00\" \/>\n<meta property=\"article:modified_time\" content=\"2024-07-22T20:57:50+00:00\" \/>\n<meta property=\"og:image\" content=\"https:\/\/franciscanos.org.br\/noticias\/wp-content\/uploads\/2024\/07\/ASSEMBLELIA-ANGOLA.jpg\" \/>\n\t<meta property=\"og:image:width\" content=\"800\" \/>\n\t<meta property=\"og:image:height\" content=\"550\" \/>\n\t<meta property=\"og:image:type\" content=\"image\/jpeg\" \/>\n<meta name=\"author\" content=\"Adriana Rabelo\" \/>\n<meta name=\"twitter:card\" content=\"summary_large_image\" \/>\n<meta name=\"twitter:label1\" content=\"Escrito por\" \/>\n\t<meta name=\"twitter:data1\" content=\"Adriana Rabelo\" \/>\n\t<meta name=\"twitter:label2\" content=\"Est. tempo de leitura\" \/>\n\t<meta name=\"twitter:data2\" content=\"3 minutos\" \/>\n<script type=\"application\/ld+json\" class=\"yoast-schema-graph\">{\"@context\":\"https:\/\/schema.org\",\"@graph\":[{\"@type\":\"WebSite\",\"@id\":\"https:\/\/franciscanos.org.br\/noticias\/#website\",\"url\":\"https:\/\/franciscanos.org.br\/noticias\/\",\"name\":\"Not\u00edcias - Franciscanos\",\"description\":\"Prov\u00edncia Franciscana da Imaculada Concei\u00e7\u00e3o do Brasil - Ordem dos Frades Menores - OFM\",\"potentialAction\":[{\"@type\":\"SearchAction\",\"target\":{\"@type\":\"EntryPoint\",\"urlTemplate\":\"https:\/\/franciscanos.org.br\/noticias\/?s={search_term_string}\"},\"query-input\":\"required name=search_term_string\"}],\"inLanguage\":\"pt-BR\"},{\"@type\":\"ImageObject\",\"inLanguage\":\"pt-BR\",\"@id\":\"https:\/\/franciscanos.org.br\/noticias\/conferencia-episcopal-de-angola-e-sao-tome-encerra-com-propostas-concretas-de-valorizacao-a-vida.html#primaryimage\",\"url\":\"https:\/\/franciscanos.org.br\/noticias\/wp-content\/uploads\/2024\/07\/ASSEMBLELIA-ANGOLA.jpg\",\"contentUrl\":\"https:\/\/franciscanos.org.br\/noticias\/wp-content\/uploads\/2024\/07\/ASSEMBLELIA-ANGOLA.jpg\",\"width\":800,\"height\":550},{\"@type\":\"WebPage\",\"@id\":\"https:\/\/franciscanos.org.br\/noticias\/conferencia-episcopal-de-angola-e-sao-tome-encerra-com-propostas-concretas-de-valorizacao-a-vida.html#webpage\",\"url\":\"https:\/\/franciscanos.org.br\/noticias\/conferencia-episcopal-de-angola-e-sao-tome-encerra-com-propostas-concretas-de-valorizacao-a-vida.html\",\"name\":\"Confer\u00eancia Episcopal de Angola e S\u00e3o Tom\u00e9 encerra com propostas de valoriza\u00e7\u00e3o a vida - Not\u00edcias - Franciscanos\",\"isPartOf\":{\"@id\":\"https:\/\/franciscanos.org.br\/noticias\/#website\"},\"primaryImageOfPage\":{\"@id\":\"https:\/\/franciscanos.org.br\/noticias\/conferencia-episcopal-de-angola-e-sao-tome-encerra-com-propostas-concretas-de-valorizacao-a-vida.html#primaryimage\"},\"datePublished\":\"2024-07-22T20:37:45+00:00\",\"dateModified\":\"2024-07-22T20:57:50+00:00\",\"author\":{\"@id\":\"https:\/\/franciscanos.org.br\/noticias\/#\/schema\/person\/d9422e83121c3ad3b0f423d195f5bb25\"},\"breadcrumb\":{\"@id\":\"https:\/\/franciscanos.org.br\/noticias\/conferencia-episcopal-de-angola-e-sao-tome-encerra-com-propostas-concretas-de-valorizacao-a-vida.html#breadcrumb\"},\"inLanguage\":\"pt-BR\",\"potentialAction\":[{\"@type\":\"ReadAction\",\"target\":[\"https:\/\/franciscanos.org.br\/noticias\/conferencia-episcopal-de-angola-e-sao-tome-encerra-com-propostas-concretas-de-valorizacao-a-vida.html\"]}]},{\"@type\":\"BreadcrumbList\",\"@id\":\"https:\/\/franciscanos.org.br\/noticias\/conferencia-episcopal-de-angola-e-sao-tome-encerra-com-propostas-concretas-de-valorizacao-a-vida.html#breadcrumb\",\"itemListElement\":[{\"@type\":\"ListItem\",\"position\":1,\"name\":\"Home\",\"item\":\"https:\/\/franciscanos.org.br\/noticias\"},{\"@type\":\"ListItem\",\"position\":2,\"name\":\"Confer\u00eancia Episcopal de Angola e S\u00e3o Tom\u00e9 encerra com propostas de valoriza\u00e7\u00e3o a vida\"}]},{\"@type\":\"Person\",\"@id\":\"https:\/\/franciscanos.org.br\/noticias\/#\/schema\/person\/d9422e83121c3ad3b0f423d195f5bb25\",\"name\":\"Adriana Rabelo\",\"image\":{\"@type\":\"ImageObject\",\"inLanguage\":\"pt-BR\",\"@id\":\"https:\/\/franciscanos.org.br\/noticias\/#\/schema\/person\/image\/\",\"url\":\"https:\/\/secure.gravatar.com\/avatar\/0a937b7500cd7df77540cfb8bede877d?s=96&d=mm&r=g\",\"contentUrl\":\"https:\/\/secure.gravatar.com\/avatar\/0a937b7500cd7df77540cfb8bede877d?s=96&d=mm&r=g\",\"caption\":\"Adriana Rabelo\"},\"url\":\"https:\/\/franciscanos.org.br\/noticias\/author\/adrianarabelo\"}]}<\/script>\n<!-- \/ Yoast SEO plugin. -->","yoast_head_json":{"title":"Confer\u00eancia Episcopal de Angola e S\u00e3o Tom\u00e9 encerra com propostas de valoriza\u00e7\u00e3o a vida - Not\u00edcias - Franciscanos","robots":{"index":"index","follow":"follow","max-snippet":"max-snippet:-1","max-image-preview":"max-image-preview:large","max-video-preview":"max-video-preview:-1"},"canonical":"https:\/\/franciscanos.org.br\/noticias\/conferencia-episcopal-de-angola-e-sao-tome-encerra-com-propostas-concretas-de-valorizacao-a-vida.html","og_locale":"pt_BR","og_type":"article","og_title":"Confer\u00eancia Episcopal de Angola e S\u00e3o Tom\u00e9 encerra com propostas de valoriza\u00e7\u00e3o a vida - Not\u00edcias - Franciscanos","og_description":"Meio ambiente e preserva\u00e7\u00e3o da dignidade humana foram destaques","og_url":"https:\/\/franciscanos.org.br\/noticias\/conferencia-episcopal-de-angola-e-sao-tome-encerra-com-propostas-concretas-de-valorizacao-a-vida.html","og_site_name":"Not\u00edcias - Franciscanos","article_published_time":"2024-07-22T20:37:45+00:00","article_modified_time":"2024-07-22T20:57:50+00:00","og_image":[{"width":800,"height":550,"url":"https:\/\/franciscanos.org.br\/noticias\/wp-content\/uploads\/2024\/07\/ASSEMBLELIA-ANGOLA.jpg","type":"image\/jpeg"}],"author":"Adriana Rabelo","twitter_card":"summary_large_image","twitter_misc":{"Escrito por":"Adriana Rabelo","Est. tempo de leitura":"3 minutos"},"schema":{"@context":"https:\/\/schema.org","@graph":[{"@type":"WebSite","@id":"https:\/\/franciscanos.org.br\/noticias\/#website","url":"https:\/\/franciscanos.org.br\/noticias\/","name":"Not\u00edcias - Franciscanos","description":"Prov\u00edncia Franciscana da Imaculada Concei\u00e7\u00e3o do Brasil - Ordem dos Frades Menores - OFM","potentialAction":[{"@type":"SearchAction","target":{"@type":"EntryPoint","urlTemplate":"https:\/\/franciscanos.org.br\/noticias\/?s={search_term_string}"},"query-input":"required name=search_term_string"}],"inLanguage":"pt-BR"},{"@type":"ImageObject","inLanguage":"pt-BR","@id":"https:\/\/franciscanos.org.br\/noticias\/conferencia-episcopal-de-angola-e-sao-tome-encerra-com-propostas-concretas-de-valorizacao-a-vida.html#primaryimage","url":"https:\/\/franciscanos.org.br\/noticias\/wp-content\/uploads\/2024\/07\/ASSEMBLELIA-ANGOLA.jpg","contentUrl":"https:\/\/franciscanos.org.br\/noticias\/wp-content\/uploads\/2024\/07\/ASSEMBLELIA-ANGOLA.jpg","width":800,"height":550},{"@type":"WebPage","@id":"https:\/\/franciscanos.org.br\/noticias\/conferencia-episcopal-de-angola-e-sao-tome-encerra-com-propostas-concretas-de-valorizacao-a-vida.html#webpage","url":"https:\/\/franciscanos.org.br\/noticias\/conferencia-episcopal-de-angola-e-sao-tome-encerra-com-propostas-concretas-de-valorizacao-a-vida.html","name":"Confer\u00eancia Episcopal de Angola e S\u00e3o Tom\u00e9 encerra com propostas de valoriza\u00e7\u00e3o a vida - Not\u00edcias - Franciscanos","isPartOf":{"@id":"https:\/\/franciscanos.org.br\/noticias\/#website"},"primaryImageOfPage":{"@id":"https:\/\/franciscanos.org.br\/noticias\/conferencia-episcopal-de-angola-e-sao-tome-encerra-com-propostas-concretas-de-valorizacao-a-vida.html#primaryimage"},"datePublished":"2024-07-22T20:37:45+00:00","dateModified":"2024-07-22T20:57:50+00:00","author":{"@id":"https:\/\/franciscanos.org.br\/noticias\/#\/schema\/person\/d9422e83121c3ad3b0f423d195f5bb25"},"breadcrumb":{"@id":"https:\/\/franciscanos.org.br\/noticias\/conferencia-episcopal-de-angola-e-sao-tome-encerra-com-propostas-concretas-de-valorizacao-a-vida.html#breadcrumb"},"inLanguage":"pt-BR","potentialAction":[{"@type":"ReadAction","target":["https:\/\/franciscanos.org.br\/noticias\/conferencia-episcopal-de-angola-e-sao-tome-encerra-com-propostas-concretas-de-valorizacao-a-vida.html"]}]},{"@type":"BreadcrumbList","@id":"https:\/\/franciscanos.org.br\/noticias\/conferencia-episcopal-de-angola-e-sao-tome-encerra-com-propostas-concretas-de-valorizacao-a-vida.html#breadcrumb","itemListElement":[{"@type":"ListItem","position":1,"name":"Home","item":"https:\/\/franciscanos.org.br\/noticias"},{"@type":"ListItem","position":2,"name":"Confer\u00eancia Episcopal de Angola e S\u00e3o Tom\u00e9 encerra com propostas de valoriza\u00e7\u00e3o a vida"}]},{"@type":"Person","@id":"https:\/\/franciscanos.org.br\/noticias\/#\/schema\/person\/d9422e83121c3ad3b0f423d195f5bb25","name":"Adriana Rabelo","image":{"@type":"ImageObject","inLanguage":"pt-BR","@id":"https:\/\/franciscanos.org.br\/noticias\/#\/schema\/person\/image\/","url":"https:\/\/secure.gravatar.com\/avatar\/0a937b7500cd7df77540cfb8bede877d?s=96&d=mm&r=g","contentUrl":"https:\/\/secure.gravatar.com\/avatar\/0a937b7500cd7df77540cfb8bede877d?s=96&d=mm&r=g","caption":"Adriana Rabelo"},"url":"https:\/\/franciscanos.org.br\/noticias\/author\/adrianarabelo"}]}},"_links":{"self":[{"href":"https:\/\/franciscanos.org.br\/noticias\/wp-json\/wp\/v2\/posts\/249143"}],"collection":[{"href":"https:\/\/franciscanos.org.br\/noticias\/wp-json\/wp\/v2\/posts"}],"about":[{"href":"https:\/\/franciscanos.org.br\/noticias\/wp-json\/wp\/v2\/types\/post"}],"author":[{"embeddable":true,"href":"https:\/\/franciscanos.org.br\/noticias\/wp-json\/wp\/v2\/users\/11"}],"replies":[{"embeddable":true,"href":"https:\/\/franciscanos.org.br\/noticias\/wp-json\/wp\/v2\/comments?post=249143"}],"version-history":[{"count":10,"href":"https:\/\/franciscanos.org.br\/noticias\/wp-json\/wp\/v2\/posts\/249143\/revisions"}],"predecessor-version":[{"id":249158,"href":"https:\/\/franciscanos.org.br\/noticias\/wp-json\/wp\/v2\/posts\/249143\/revisions\/249158"}],"wp:featuredmedia":[{"embeddable":true,"href":"https:\/\/franciscanos.org.br\/noticias\/wp-json\/wp\/v2\/media\/249155"}],"wp:attachment":[{"href":"https:\/\/franciscanos.org.br\/noticias\/wp-json\/wp\/v2\/media?parent=249143"}],"wp:term":[{"taxonomy":"category","embeddable":true,"href":"https:\/\/franciscanos.org.br\/noticias\/wp-json\/wp\/v2\/categories?post=249143"},{"taxonomy":"post_tag","embeddable":true,"href":"https:\/\/franciscanos.org.br\/noticias\/wp-json\/wp\/v2\/tags?post=249143"}],"curies":[{"name":"wp","href":"https:\/\/api.w.org\/{rel}","templated":true}]}}