{"id":249066,"date":"2024-07-22T09:38:39","date_gmt":"2024-07-22T12:38:39","guid":{"rendered":"https:\/\/franciscanos.org.br\/noticias\/?p=249066"},"modified":"2025-03-10T16:06:43","modified_gmt":"2025-03-10T19:06:43","slug":"cfj-sorocaba-todo-peregrino-anseia-por-algo-maior","status":"publish","type":"post","link":"https:\/\/franciscanos.org.br\/noticias\/cfj-sorocaba-todo-peregrino-anseia-por-algo-maior.html","title":{"rendered":"CFJ Sorocaba: &#8220;Todo peregrino anseia por algo maior&#8221;"},"content":{"rendered":"<p>&nbsp;<\/p>\n<p><img loading=\"lazy\" class=\"aligncenter wp-image-249068 size-full\" src=\"https:\/\/franciscanos.org.br\/noticias\/wp-content\/uploads\/2024\/07\/FOTO-MATERIA-1.jpg\" alt=\"\" width=\"1280\" height=\"720\" srcset=\"https:\/\/franciscanos.org.br\/noticias\/wp-content\/uploads\/2024\/07\/FOTO-MATERIA-1.jpg 1280w, https:\/\/franciscanos.org.br\/noticias\/wp-content\/uploads\/2024\/07\/FOTO-MATERIA-1-450x253.jpg 450w, https:\/\/franciscanos.org.br\/noticias\/wp-content\/uploads\/2024\/07\/FOTO-MATERIA-1-1024x576.jpg 1024w, https:\/\/franciscanos.org.br\/noticias\/wp-content\/uploads\/2024\/07\/FOTO-MATERIA-1-768x432.jpg 768w, https:\/\/franciscanos.org.br\/noticias\/wp-content\/uploads\/2024\/07\/FOTO-MATERIA-1-150x84.jpg 150w\" sizes=\"(max-width: 1280px) 100vw, 1280px\" \/><\/p>\n<p><span style=\"font-weight: 400;\">\u201cTodo peregrino anseia por algo maior\u201d, afirmou Frei Jo\u00e3o Francisco da Silva, Definidor Provincial, na Missa de Encerramento da 12\u00aa edi\u00e7\u00e3o da Caminhada Franciscana da Juventude. Tal certeza resume a experi\u00eancia realizada pelos 400 participantes do evento, que pela primeira vez foi realizada em Sorocaba (SP), durante os dias 20 e 21 de julho de 2024.<\/span><\/p>\n<p><span style=\"font-weight: 400;\">O principal objetivo\u00a0 foi convidar os jovens a viverem uma experi\u00eancia de encontro com Deus, com o pr\u00f3ximo, consigo mesmo e com os pr\u00f3prios limites. A frase de inspira\u00e7\u00e3o para a caminhada foi \u201cCom S\u00e3o Francisco, marcados pelo amor do Bom Jesus\u201d, recordando o jubileu dos 800 anos dos Estigmas de S\u00e3o Francisco e tamb\u00e9m o in\u00edcio do tri\u00eanio dos festejos dos 100 anos da Par\u00f3quia Senhor Bom Jesus de Sorocaba, administrada pelos franciscanos, que junto com a Par\u00f3quia Santo Ant\u00f4nio, acolheu o evento.<\/span><\/p>\n<p><b>Antes do primeiro passo, a organiza\u00e7\u00e3o<\/b><\/p>\n<p><span style=\"font-weight: 400;\">Uma vez anunciada a caminhada, uma equipe de organiza\u00e7\u00e3o foi estruturada, pensando detalhadamente todas as quest\u00f5es que envolvem um evento t\u00e3o significativo na vida dos jovens. Grupos respons\u00e1veis por diversas \u00e1reas tiveram aproximadamente seis meses para cuidar de muitas frentes de trabalho, tais como a alimenta\u00e7\u00e3o, infraestrutura, log\u00edstica de hospedagens, credenciamento, liturgia, cobertura do evento para as diversas m\u00eddias sociais.<\/span><\/p>\n<p><span style=\"font-weight: 400;\">Tamb\u00e9m os grupos de jovens que vieram dos cinco estados da Prov\u00edncia se prepararam com muita intensidade, realizando campanhas para arrecadar fundos para fazer a viagem. Os esfor\u00e7os para tal permitiram um maior entrosamento dos grupos, que fortaleceram os la\u00e7os de amizade e buscaram a Caminhada como ocasi\u00e3o para o fortalecimento de v\u00ednculos.<\/span><\/p>\n<p><b>A expectativa virou realidade<\/b><\/p>\n<p><span style=\"font-weight: 400;\">Ainda era escuro na fria madrugada do dia 20 de julho quando as luzes do Santu\u00e1rio Aparecidinha, em Sorocaba, foram acesas e a estrutura de credenciamento e alimenta\u00e7\u00e3o foram montadas para bem acolher os jovens. \u00c0s 6h da manh\u00e3, pontualmente, o evento abriu as portas. Aos poucos o famoso colete amarelo foi sendo distribu\u00eddo para os participantes, identificando os peregrinos.<\/span><\/p>\n<p><span style=\"font-weight: 400;\">Frei Gabriel Dellandrea acolheu os participantes apresentando a Equipe de Evangeliza\u00e7\u00e3o com as Juventudes sendo formada por ele mesmo, Frei Augusto Luiz Gabriel, Frei Roger Strapazzon e Frei Gustavo Wayand Medella. Al\u00e9m disso, convidou para dar uma palavra de boas-vindas o definidor Frei Jo\u00e3o. O frade acolheu os presentes em nome da Prov\u00edncia ressaltando que \u201cesta Caminhada Franciscana da Juventude marca profundamente a vida da nossa Prov\u00edncia. Todos os frades e fraternidades est\u00e3o unidos em prece por este momento para que ele seja oportuno para todos n\u00f3s\u201d. Frei Benedito Gon\u00e7alves tamb\u00e9m contextualizou que a cidade acolhedora conta com duas par\u00f3quias franciscanas, e afirmou: \u201c\u00e9 uma alegria t\u00ea-los conosco. Havia entre n\u00f3s uma grande ansiedade e expectativa para receb\u00ea-los, que agora se transforma em felicidade. Todos n\u00f3s franciscanos e franciscanas somos, a exemplo de S\u00e3o Francisco, peregrinos e viandantes\u201d.<\/span><\/p>\n<p><span style=\"font-weight: 400;\">Motivados por tais acolhidas, os jovens tamb\u00e9m foram acolhidos sendo apresentados em dois grupos: os veteranos que j\u00e1 participaram de outras edi\u00e7\u00f5es da caminhada e os caminhantes que pela primeira vez viveriam a experi\u00eancia. E a constata\u00e7\u00e3o foi muito oportuna: praticamente os dois grupos eram iguais, sinalizando que metade dos jovens participantes poderiam ajudar a outra metade que daria seus primeiros passos.<\/span><\/p>\n<p><span style=\"font-weight: 400;\">Os recados essenciais para um bom andamento tamb\u00e9m foram explicados. E para garantir a boa sa\u00fade f\u00edsica de todos, o alongamento antecedeu o primeiro dos 48880 passos e 30 quil\u00f4metros do trajeto da caminhada. Bandeira da Caminhada \u00e0 frente, vamos caminhar!<\/span><\/p>\n\n\t\t<style type=\"text\/css\">\n\t\t\t#gallery-1 {\n\t\t\t\tmargin: auto;\n\t\t\t}\n\t\t\t#gallery-1 .gallery-item {\n\t\t\t\tfloat: left;\n\t\t\t\tmargin-top: 10px;\n\t\t\t\ttext-align: center;\n\t\t\t\twidth: 25%;\n\t\t\t}\n\t\t\t#gallery-1 img {\n\t\t\t\tborder: 2px solid #cfcfcf;\n\t\t\t}\n\t\t\t#gallery-1 .gallery-caption {\n\t\t\t\tmargin-left: 0;\n\t\t\t}\n\t\t\t\/* see gallery_shortcode() in wp-includes\/media.php *\/\n\t\t<\/style>\n\t\t<div id='gallery-1' class='gallery galleryid-249066 gallery-columns-4 gallery-size-thumbnail'><dl class='gallery-item'>\n\t\t\t<dt class='gallery-icon landscape'>\n\t\t\t\t<a href='https:\/\/franciscanos.org.br\/noticias\/wp-content\/uploads\/2024\/07\/Caminhada-Sorocaba-Baixa-03.jpg'><img width=\"300\" height=\"300\" src=\"https:\/\/franciscanos.org.br\/noticias\/wp-content\/uploads\/2024\/07\/Caminhada-Sorocaba-Baixa-03-300x300.jpg\" class=\"attachment-thumbnail size-thumbnail\" alt=\"\" loading=\"lazy\" srcset=\"https:\/\/franciscanos.org.br\/noticias\/wp-content\/uploads\/2024\/07\/Caminhada-Sorocaba-Baixa-03-300x300.jpg 300w, https:\/\/franciscanos.org.br\/noticias\/wp-content\/uploads\/2024\/07\/Caminhada-Sorocaba-Baixa-03-100x100.jpg 100w\" sizes=\"(max-width: 300px) 100vw, 300px\" \/><\/a>\n\t\t\t<\/dt><\/dl><dl class='gallery-item'>\n\t\t\t<dt class='gallery-icon landscape'>\n\t\t\t\t<a href='https:\/\/franciscanos.org.br\/noticias\/wp-content\/uploads\/2024\/07\/Caminhada-Sorocaba-Baixa-06.jpg'><img width=\"300\" height=\"300\" src=\"https:\/\/franciscanos.org.br\/noticias\/wp-content\/uploads\/2024\/07\/Caminhada-Sorocaba-Baixa-06-300x300.jpg\" class=\"attachment-thumbnail size-thumbnail\" alt=\"\" loading=\"lazy\" srcset=\"https:\/\/franciscanos.org.br\/noticias\/wp-content\/uploads\/2024\/07\/Caminhada-Sorocaba-Baixa-06-300x300.jpg 300w, https:\/\/franciscanos.org.br\/noticias\/wp-content\/uploads\/2024\/07\/Caminhada-Sorocaba-Baixa-06-100x100.jpg 100w\" sizes=\"(max-width: 300px) 100vw, 300px\" \/><\/a>\n\t\t\t<\/dt><\/dl><dl class='gallery-item'>\n\t\t\t<dt class='gallery-icon landscape'>\n\t\t\t\t<a href='https:\/\/franciscanos.org.br\/noticias\/wp-content\/uploads\/2024\/07\/Caminhada-Sorocaba-Baixa-01.jpg'><img width=\"300\" height=\"300\" src=\"https:\/\/franciscanos.org.br\/noticias\/wp-content\/uploads\/2024\/07\/Caminhada-Sorocaba-Baixa-01-300x300.jpg\" class=\"attachment-thumbnail size-thumbnail\" alt=\"\" loading=\"lazy\" srcset=\"https:\/\/franciscanos.org.br\/noticias\/wp-content\/uploads\/2024\/07\/Caminhada-Sorocaba-Baixa-01-300x300.jpg 300w, https:\/\/franciscanos.org.br\/noticias\/wp-content\/uploads\/2024\/07\/Caminhada-Sorocaba-Baixa-01-100x100.jpg 100w\" sizes=\"(max-width: 300px) 100vw, 300px\" \/><\/a>\n\t\t\t<\/dt><\/dl><dl class='gallery-item'>\n\t\t\t<dt class='gallery-icon landscape'>\n\t\t\t\t<a href='https:\/\/franciscanos.org.br\/noticias\/wp-content\/uploads\/2024\/07\/Caminhada-Sorocaba-Baixa-04.jpg'><img width=\"300\" height=\"300\" src=\"https:\/\/franciscanos.org.br\/noticias\/wp-content\/uploads\/2024\/07\/Caminhada-Sorocaba-Baixa-04-300x300.jpg\" class=\"attachment-thumbnail size-thumbnail\" alt=\"\" loading=\"lazy\" srcset=\"https:\/\/franciscanos.org.br\/noticias\/wp-content\/uploads\/2024\/07\/Caminhada-Sorocaba-Baixa-04-300x300.jpg 300w, https:\/\/franciscanos.org.br\/noticias\/wp-content\/uploads\/2024\/07\/Caminhada-Sorocaba-Baixa-04-100x100.jpg 100w\" sizes=\"(max-width: 300px) 100vw, 300px\" \/><\/a>\n\t\t\t<\/dt><\/dl><br style=\"clear: both\" \/>\n\t\t<\/div>\n\n<p><b>Primeira parada: um breve descanso! <\/b><\/p>\n<p><span style=\"font-weight: 400;\">\u00c9 claro que um tempo de descanso \u00e9 essencial para caminhar melhor. Depois dos oito primeiros quil\u00f4metros e duas horas de intensa caminhada por uma estrada rural, os jovens foram acolhidos na comunidade S\u00e3o Rafael, no bairro Vila Ast\u00farias, da Par\u00f3quia Nossa Senhora do Povo. Os jovens da comunidade receberam os participantes com animados cantos e as mesas de frutas deliciaram a todos. \u00c1gua n\u00e3o faltou para encher as garrafinhas e banheiros \u00e0 disposi\u00e7\u00e3o, pois ningu\u00e9m \u00e9 de ferro. Entretanto, retomar o caminho foi essencial para chegar na pr\u00f3xima parada, pois nela os participantes poderiam se deliciar com o t\u00e3o necess\u00e1rio almo\u00e7o, fortalecendo as energias para a caminhada.<\/span><\/p>\n<p><b>Deixando a identidade para a posteridade! <\/b><\/p>\n<p><span style=\"font-weight: 400;\">A parada para o almo\u00e7o aconteceu na Comunidade Santa Cruz do bairro Caputera, que j\u00e1 pertence ao territ\u00f3rio da Par\u00f3quia Senhor Bom Jesus. Depois da refei\u00e7\u00e3o a do\u00e7ura de Deus se manifestou num delicioso picol\u00e9 que refrescou a juventude. Alimentados e descansados, chegou a hora de buscar as for\u00e7as da espiritualidade crist\u00e3: enfatizando o t\u00edtulo da comunidade os participantes marcaram com as suas digitais um tau gigante, que depois ficar\u00e1 como lembran\u00e7a do evento para a Par\u00f3quia.<img loading=\"lazy\" class=\"size-medium wp-image-249082 alignright\" src=\"https:\/\/franciscanos.org.br\/noticias\/wp-content\/uploads\/2024\/07\/Caminhada-Sorocaba-Baixa-26-450x300.jpg\" alt=\"\" width=\"450\" height=\"300\" srcset=\"https:\/\/franciscanos.org.br\/noticias\/wp-content\/uploads\/2024\/07\/Caminhada-Sorocaba-Baixa-26-450x300.jpg 450w, https:\/\/franciscanos.org.br\/noticias\/wp-content\/uploads\/2024\/07\/Caminhada-Sorocaba-Baixa-26-768x512.jpg 768w, https:\/\/franciscanos.org.br\/noticias\/wp-content\/uploads\/2024\/07\/Caminhada-Sorocaba-Baixa-26-150x100.jpg 150w, https:\/\/franciscanos.org.br\/noticias\/wp-content\/uploads\/2024\/07\/Caminhada-Sorocaba-Baixa-26.jpg 1024w\" sizes=\"(max-width: 450px) 100vw, 450px\" \/><\/span><\/p>\n<p><b>A m\u00e3e acolhe os peregrinos<\/b><\/p>\n<p><span style=\"font-weight: 400;\">O caminho da tarde foi tra\u00e7ado por uma estrada quase toda rural. Os quase oito quil\u00f4metros entre a parada do almo\u00e7o e da tarde contaram com belas paisagens, mas com a poeira da estrada, pois a caminhada n\u00e3o teria sentido se n\u00e3o apresentasse tamb\u00e9m os desafios do caminho. O calor intenso, a poeira, os morros, o cansa\u00e7o da tarde seriam motivo para todos desistirem. Mas este verbo n\u00e3o \u00e9 conjugado pelos corajosos participantes que chegaram at\u00e9 antes do hor\u00e1rio previsto na Comunidade Nossa Senhora do Perp\u00e9tuo Socorro, tamb\u00e9m da Par\u00f3quia Senhor Bom Jesus, no Bairro dos Morros.<\/span><\/p>\n<p><span style=\"font-weight: 400;\">A comunidade acolheu os participantes com cantos e uma prega\u00e7\u00e3o valorizando a devo\u00e7\u00e3o mariana na vida de S\u00e3o Francisco. Para finalizar, cada jovem recebeu dois ter\u00e7os. Um para si e outro para entregar para a fam\u00edlia acolhedora. Presenteados e saciados, logo os participantes se entusiasmaram para os quil\u00f4metros finais que tinham como destino certo a Par\u00f3quia Senhor Bom Jesus.<\/span><\/p>\n\n\t\t<style type=\"text\/css\">\n\t\t\t#gallery-2 {\n\t\t\t\tmargin: auto;\n\t\t\t}\n\t\t\t#gallery-2 .gallery-item {\n\t\t\t\tfloat: left;\n\t\t\t\tmargin-top: 10px;\n\t\t\t\ttext-align: center;\n\t\t\t\twidth: 16%;\n\t\t\t}\n\t\t\t#gallery-2 img {\n\t\t\t\tborder: 2px solid #cfcfcf;\n\t\t\t}\n\t\t\t#gallery-2 .gallery-caption {\n\t\t\t\tmargin-left: 0;\n\t\t\t}\n\t\t\t\/* see gallery_shortcode() in wp-includes\/media.php *\/\n\t\t<\/style>\n\t\t<div id='gallery-2' class='gallery galleryid-249066 gallery-columns-6 gallery-size-thumbnail'><dl class='gallery-item'>\n\t\t\t<dt class='gallery-icon landscape'>\n\t\t\t\t<a href='https:\/\/franciscanos.org.br\/noticias\/wp-content\/uploads\/2024\/07\/Caminhada-Sorocaba-Baixa-07.jpg'><img width=\"300\" height=\"300\" src=\"https:\/\/franciscanos.org.br\/noticias\/wp-content\/uploads\/2024\/07\/Caminhada-Sorocaba-Baixa-07-300x300.jpg\" class=\"attachment-thumbnail size-thumbnail\" alt=\"\" loading=\"lazy\" srcset=\"https:\/\/franciscanos.org.br\/noticias\/wp-content\/uploads\/2024\/07\/Caminhada-Sorocaba-Baixa-07-300x300.jpg 300w, https:\/\/franciscanos.org.br\/noticias\/wp-content\/uploads\/2024\/07\/Caminhada-Sorocaba-Baixa-07-100x100.jpg 100w\" sizes=\"(max-width: 300px) 100vw, 300px\" \/><\/a>\n\t\t\t<\/dt><\/dl><dl class='gallery-item'>\n\t\t\t<dt class='gallery-icon landscape'>\n\t\t\t\t<a href='https:\/\/franciscanos.org.br\/noticias\/wp-content\/uploads\/2024\/07\/Caminhada-Sorocaba-Baixa-08.jpg'><img width=\"300\" height=\"300\" src=\"https:\/\/franciscanos.org.br\/noticias\/wp-content\/uploads\/2024\/07\/Caminhada-Sorocaba-Baixa-08-300x300.jpg\" class=\"attachment-thumbnail size-thumbnail\" alt=\"\" loading=\"lazy\" srcset=\"https:\/\/franciscanos.org.br\/noticias\/wp-content\/uploads\/2024\/07\/Caminhada-Sorocaba-Baixa-08-300x300.jpg 300w, https:\/\/franciscanos.org.br\/noticias\/wp-content\/uploads\/2024\/07\/Caminhada-Sorocaba-Baixa-08-100x100.jpg 100w\" sizes=\"(max-width: 300px) 100vw, 300px\" \/><\/a>\n\t\t\t<\/dt><\/dl><dl class='gallery-item'>\n\t\t\t<dt class='gallery-icon landscape'>\n\t\t\t\t<a href='https:\/\/franciscanos.org.br\/noticias\/wp-content\/uploads\/2024\/07\/Caminhada-Sorocaba-Baixa-09.jpg'><img width=\"300\" height=\"300\" src=\"https:\/\/franciscanos.org.br\/noticias\/wp-content\/uploads\/2024\/07\/Caminhada-Sorocaba-Baixa-09-300x300.jpg\" class=\"attachment-thumbnail size-thumbnail\" alt=\"\" loading=\"lazy\" srcset=\"https:\/\/franciscanos.org.br\/noticias\/wp-content\/uploads\/2024\/07\/Caminhada-Sorocaba-Baixa-09-300x300.jpg 300w, https:\/\/franciscanos.org.br\/noticias\/wp-content\/uploads\/2024\/07\/Caminhada-Sorocaba-Baixa-09-100x100.jpg 100w\" sizes=\"(max-width: 300px) 100vw, 300px\" \/><\/a>\n\t\t\t<\/dt><\/dl><dl class='gallery-item'>\n\t\t\t<dt class='gallery-icon landscape'>\n\t\t\t\t<a href='https:\/\/franciscanos.org.br\/noticias\/wp-content\/uploads\/2024\/07\/Caminhada-Sorocaba-Baixa-10.jpg'><img width=\"300\" height=\"300\" src=\"https:\/\/franciscanos.org.br\/noticias\/wp-content\/uploads\/2024\/07\/Caminhada-Sorocaba-Baixa-10-300x300.jpg\" class=\"attachment-thumbnail size-thumbnail\" alt=\"\" loading=\"lazy\" srcset=\"https:\/\/franciscanos.org.br\/noticias\/wp-content\/uploads\/2024\/07\/Caminhada-Sorocaba-Baixa-10-300x300.jpg 300w, https:\/\/franciscanos.org.br\/noticias\/wp-content\/uploads\/2024\/07\/Caminhada-Sorocaba-Baixa-10-100x100.jpg 100w\" sizes=\"(max-width: 300px) 100vw, 300px\" \/><\/a>\n\t\t\t<\/dt><\/dl><dl class='gallery-item'>\n\t\t\t<dt class='gallery-icon landscape'>\n\t\t\t\t<a href='https:\/\/franciscanos.org.br\/noticias\/wp-content\/uploads\/2024\/07\/Caminhada-Sorocaba-Baixa-11.jpg'><img width=\"300\" height=\"300\" src=\"https:\/\/franciscanos.org.br\/noticias\/wp-content\/uploads\/2024\/07\/Caminhada-Sorocaba-Baixa-11-300x300.jpg\" class=\"attachment-thumbnail size-thumbnail\" alt=\"\" loading=\"lazy\" srcset=\"https:\/\/franciscanos.org.br\/noticias\/wp-content\/uploads\/2024\/07\/Caminhada-Sorocaba-Baixa-11-300x300.jpg 300w, https:\/\/franciscanos.org.br\/noticias\/wp-content\/uploads\/2024\/07\/Caminhada-Sorocaba-Baixa-11-100x100.jpg 100w\" sizes=\"(max-width: 300px) 100vw, 300px\" \/><\/a>\n\t\t\t<\/dt><\/dl><dl class='gallery-item'>\n\t\t\t<dt class='gallery-icon landscape'>\n\t\t\t\t<a href='https:\/\/franciscanos.org.br\/noticias\/wp-content\/uploads\/2024\/07\/Caminhada-Sorocaba-Baixa-12.jpg'><img width=\"300\" height=\"300\" src=\"https:\/\/franciscanos.org.br\/noticias\/wp-content\/uploads\/2024\/07\/Caminhada-Sorocaba-Baixa-12-300x300.jpg\" class=\"attachment-thumbnail size-thumbnail\" alt=\"\" loading=\"lazy\" srcset=\"https:\/\/franciscanos.org.br\/noticias\/wp-content\/uploads\/2024\/07\/Caminhada-Sorocaba-Baixa-12-300x300.jpg 300w, https:\/\/franciscanos.org.br\/noticias\/wp-content\/uploads\/2024\/07\/Caminhada-Sorocaba-Baixa-12-100x100.jpg 100w\" sizes=\"(max-width: 300px) 100vw, 300px\" \/><\/a>\n\t\t\t<\/dt><\/dl><br style=\"clear: both\" \/>\n\t\t<\/div>\n\n<p><b>A emo\u00e7\u00e3o da visita ao Senhor na Porci\u00fancula! <\/b><\/p>\n<p><span style=\"font-weight: 400;\">Os passos finais do primeiro dia da caminhada, completando os 25 quil\u00f4metros propostos, foram iluminados por um belo p\u00f4r-do-sol. O dia findava e a caminhada tamb\u00e9m. Mas o cansa\u00e7o n\u00e3o permitiu que o pandeiro e a meia-lua ficassem guardados. A festa foi certa: os cantos encheram as ruas e a sensa\u00e7\u00e3o de supera\u00e7\u00e3o foi un\u00e2nime.<\/span><\/p>\n<p><span style=\"font-weight: 400;\"><img loading=\"lazy\" class=\" wp-image-249105 alignleft\" src=\"https:\/\/franciscanos.org.br\/noticias\/wp-content\/uploads\/2024\/07\/Caminhada-Sorocaba-Baixa-10-1-450x300.jpg\" alt=\"\" width=\"501\" height=\"334\" srcset=\"https:\/\/franciscanos.org.br\/noticias\/wp-content\/uploads\/2024\/07\/Caminhada-Sorocaba-Baixa-10-1-450x300.jpg 450w, https:\/\/franciscanos.org.br\/noticias\/wp-content\/uploads\/2024\/07\/Caminhada-Sorocaba-Baixa-10-1-768x512.jpg 768w, https:\/\/franciscanos.org.br\/noticias\/wp-content\/uploads\/2024\/07\/Caminhada-Sorocaba-Baixa-10-1-150x100.jpg 150w, https:\/\/franciscanos.org.br\/noticias\/wp-content\/uploads\/2024\/07\/Caminhada-Sorocaba-Baixa-10-1.jpg 1024w\" sizes=\"(max-width: 501px) 100vw, 501px\" \/>Recebidos no estacionamento da Par\u00f3quia, os participantes iniciaram a ora\u00e7\u00e3o da noite. Os coroinhas da Par\u00f3quia marcaram cada pessoa com uma tinta vermelha na palma das m\u00e3os, aludindo \u00e0s chagas de Cristo e Francisco. Frei Gabriel recordou que elas representam as chagas das nossas vidas. As marcas do amor e da dor. Somos marcados assim tamb\u00e9m para recordarmos pois ao longo do caminho nos deparamos com nossas chagas. Mas agora \u00e9 hora de apresent\u00e1-las ao Senhor, o chagado, que entende das nossas chagas tamb\u00e9m\u201d. E assim, todos foram convidados a irem ao claustro do convento dos frades que guarda uma preciosidade: uma constru\u00e7\u00e3o id\u00eantica nas medidas e em muitos detalhes da igrejinha da Porci\u00fancula na It\u00e1lia, reconstru\u00edda por S\u00e3o Francisco e ber\u00e7o da Ordem dos Frades Menores.<\/span><\/p>\n<p><span style=\"font-weight: 400;\">No interior da capela estava exposto o Sant\u00edssimo Sacramento. Ao som de mantras e c\u00e2nticos os jovens apresentaram ao Senhor as suas chagas, e com l\u00e1grimas, preces e gratid\u00e3o, se deixaram encontrar por Aquele que est\u00e1 sempre pr\u00f3ximo, companheiro da caminhada. Uma prociss\u00e3o luminosa acompanhou o Sant\u00edssimo da Porci\u00fancula at\u00e9 na Igreja Matriz e assim cada participante se deparou com um novo presente: uma almofada que simbolizava que se aproximava o hor\u00e1rio do descanso. Al\u00e9m disso, a bela igreja estava repleta de olhares cheios de expectativa das fam\u00edlias acolhedoras que, finalmente viam os rostos daqueles a quem j\u00e1 amavam sem nem conhecer. Para indicar que agora participantes e volunt\u00e1rios acolhedores formam uma s\u00f3 fam\u00edlia a par\u00f3quia preparou uma entrada da imagem do Bom Jesus espalhando sobre todos os presentes um manto vermelho.<\/span><\/p>\n\n\t\t<style type=\"text\/css\">\n\t\t\t#gallery-3 {\n\t\t\t\tmargin: auto;\n\t\t\t}\n\t\t\t#gallery-3 .gallery-item {\n\t\t\t\tfloat: left;\n\t\t\t\tmargin-top: 10px;\n\t\t\t\ttext-align: center;\n\t\t\t\twidth: 25%;\n\t\t\t}\n\t\t\t#gallery-3 img {\n\t\t\t\tborder: 2px solid #cfcfcf;\n\t\t\t}\n\t\t\t#gallery-3 .gallery-caption {\n\t\t\t\tmargin-left: 0;\n\t\t\t}\n\t\t\t\/* see gallery_shortcode() in wp-includes\/media.php *\/\n\t\t<\/style>\n\t\t<div id='gallery-3' class='gallery galleryid-249066 gallery-columns-4 gallery-size-thumbnail'><dl class='gallery-item'>\n\t\t\t<dt class='gallery-icon landscape'>\n\t\t\t\t<a href='https:\/\/franciscanos.org.br\/noticias\/wp-content\/uploads\/2024\/07\/Caminhada-Sorocaba-Baixa-15.jpg'><img width=\"300\" height=\"300\" src=\"https:\/\/franciscanos.org.br\/noticias\/wp-content\/uploads\/2024\/07\/Caminhada-Sorocaba-Baixa-15-300x300.jpg\" class=\"attachment-thumbnail size-thumbnail\" alt=\"\" loading=\"lazy\" srcset=\"https:\/\/franciscanos.org.br\/noticias\/wp-content\/uploads\/2024\/07\/Caminhada-Sorocaba-Baixa-15-300x300.jpg 300w, https:\/\/franciscanos.org.br\/noticias\/wp-content\/uploads\/2024\/07\/Caminhada-Sorocaba-Baixa-15-100x100.jpg 100w\" sizes=\"(max-width: 300px) 100vw, 300px\" \/><\/a>\n\t\t\t<\/dt><\/dl><dl class='gallery-item'>\n\t\t\t<dt class='gallery-icon landscape'>\n\t\t\t\t<a href='https:\/\/franciscanos.org.br\/noticias\/wp-content\/uploads\/2024\/07\/Caminhada-Sorocaba-Baixa-16.jpg'><img width=\"300\" height=\"300\" src=\"https:\/\/franciscanos.org.br\/noticias\/wp-content\/uploads\/2024\/07\/Caminhada-Sorocaba-Baixa-16-300x300.jpg\" class=\"attachment-thumbnail size-thumbnail\" alt=\"\" loading=\"lazy\" srcset=\"https:\/\/franciscanos.org.br\/noticias\/wp-content\/uploads\/2024\/07\/Caminhada-Sorocaba-Baixa-16-300x300.jpg 300w, https:\/\/franciscanos.org.br\/noticias\/wp-content\/uploads\/2024\/07\/Caminhada-Sorocaba-Baixa-16-100x100.jpg 100w\" sizes=\"(max-width: 300px) 100vw, 300px\" \/><\/a>\n\t\t\t<\/dt><\/dl><dl class='gallery-item'>\n\t\t\t<dt class='gallery-icon landscape'>\n\t\t\t\t<a href='https:\/\/franciscanos.org.br\/noticias\/wp-content\/uploads\/2024\/07\/Caminhada-Sorocaba-Baixa-17.jpg'><img width=\"300\" height=\"300\" src=\"https:\/\/franciscanos.org.br\/noticias\/wp-content\/uploads\/2024\/07\/Caminhada-Sorocaba-Baixa-17-300x300.jpg\" class=\"attachment-thumbnail size-thumbnail\" alt=\"\" loading=\"lazy\" srcset=\"https:\/\/franciscanos.org.br\/noticias\/wp-content\/uploads\/2024\/07\/Caminhada-Sorocaba-Baixa-17-300x300.jpg 300w, https:\/\/franciscanos.org.br\/noticias\/wp-content\/uploads\/2024\/07\/Caminhada-Sorocaba-Baixa-17-100x100.jpg 100w\" sizes=\"(max-width: 300px) 100vw, 300px\" \/><\/a>\n\t\t\t<\/dt><\/dl><dl class='gallery-item'>\n\t\t\t<dt class='gallery-icon landscape'>\n\t\t\t\t<a href='https:\/\/franciscanos.org.br\/noticias\/wp-content\/uploads\/2024\/07\/Caminhada-Sorocaba-Baixa-18.jpg'><img width=\"300\" height=\"300\" src=\"https:\/\/franciscanos.org.br\/noticias\/wp-content\/uploads\/2024\/07\/Caminhada-Sorocaba-Baixa-18-300x300.jpg\" class=\"attachment-thumbnail size-thumbnail\" alt=\"\" loading=\"lazy\" srcset=\"https:\/\/franciscanos.org.br\/noticias\/wp-content\/uploads\/2024\/07\/Caminhada-Sorocaba-Baixa-18-300x300.jpg 300w, https:\/\/franciscanos.org.br\/noticias\/wp-content\/uploads\/2024\/07\/Caminhada-Sorocaba-Baixa-18-100x100.jpg 100w\" sizes=\"(max-width: 300px) 100vw, 300px\" \/><\/a>\n\t\t\t<\/dt><\/dl><br style=\"clear: both\" \/>\n\t\t<\/div>\n\n<p><b>\u201cEu vou, eu vou, pra casa agora eu vou\u201d<\/b><\/p>\n<p><span style=\"font-weight: 400;\">\u00a0Fam\u00edlias acolhedoras e jovens puderam finalmente trocar os abra\u00e7os e palavras de amizade. Nas casas aguardavam os participantes jantares deliciosos, muita conversa e o conforto necess\u00e1rio para o descanso. \u00c9 claro que a partilha de vida tamb\u00e9m se tornou o ponto forte da conversa. Mas o dia tinha sido cheio, e a maioria dos participantes foram enf\u00e1ticos: \u201cnem deu tempo de fechar os olhos e j\u00e1 estava dormindo profundamente\u201d.<\/span><\/p>\n<p><b>Segundo dia, refletindo sobre a amizade!<\/b><\/p>\n<p><span style=\"font-weight: 400;\">Chegou a vez dos participantes conhecerem outra par\u00f3quia franciscana de Sorocaba, dedicada a Santo Ant\u00f4nio. \u00c0s 6h30 os jovens foram reunidos na igreja para um momento de anima\u00e7\u00e3o e ora\u00e7\u00e3o. O tema escolhido foi a reflex\u00e3o sobre a amizade entre Francisco e Clara como um dom, um modelo, fazendo refer\u00eancia ao tema da Campanha da Fraternidade deste ano. Em seguida, os participantes sa\u00edram em dire\u00e7\u00e3o ao centro da cidade acolhedora. O trecho entre a par\u00f3quia e a parada seguinte foi bem pr\u00f3ximo, e por isso, muito animado!<\/span><\/p>\n<p><b>Acolhidos no Mosteiro S\u00e3o Bento<img loading=\"lazy\" class=\"size-medium wp-image-249078 alignright\" src=\"https:\/\/franciscanos.org.br\/noticias\/wp-content\/uploads\/2024\/07\/Caminhada-Sorocaba-Baixa-09-450x300.jpg\" alt=\"\" width=\"450\" height=\"300\" srcset=\"https:\/\/franciscanos.org.br\/noticias\/wp-content\/uploads\/2024\/07\/Caminhada-Sorocaba-Baixa-09-450x300.jpg 450w, https:\/\/franciscanos.org.br\/noticias\/wp-content\/uploads\/2024\/07\/Caminhada-Sorocaba-Baixa-09-768x512.jpg 768w, https:\/\/franciscanos.org.br\/noticias\/wp-content\/uploads\/2024\/07\/Caminhada-Sorocaba-Baixa-09-150x100.jpg 150w, https:\/\/franciscanos.org.br\/noticias\/wp-content\/uploads\/2024\/07\/Caminhada-Sorocaba-Baixa-09.jpg 1024w\" sizes=\"(max-width: 450px) 100vw, 450px\" \/><\/b><\/p>\n<p><b> <\/b><span style=\"font-weight: 400;\">Perpetuando o tema da amizade a parada no Mosteiro S\u00e3o Bento refletiu sobre o carinho entre franciscanos e beneditinos. O monge Dom In\u00e1cio Mois\u00e9s Caciagli, OSB, acolheu os presentes diante da hist\u00f3rica constru\u00e7\u00e3o, sendo ela um marco tur\u00edstico da cidade. Ele lembrou a hist\u00f3ria deste espa\u00e7o e comentando sobre a boa rela\u00e7\u00e3o entre franciscanos e beneditinos, ressaltou os principais lemas das duas Ordens. \u201cA Ordem de S\u00e3o Bento adota como lema a frase \u2018reza e trabalha\u2019. S\u00e3o Bento procura o equil\u00edbrio entre o corpo e o esp\u00edrito. Ele diz que \u2018a ociosidade \u00e9 inimiga da alma\u2019. E o lema dos franciscanos \u00e9 \u2018paz e bem\u2019. Voc\u00eas nesta caminhada est\u00e3o exercendo as duas coisas: trabalhando pela miss\u00e3o, pela evangeliza\u00e7\u00e3o, rezando durante este trabalho, durante esta evangeliza\u00e7\u00e3o, com a paz que s\u00f3 o Senhor pode nos e o bem que \u00e9 a express\u00e3o de Deus. Deus \u00e9 o bem. Deus \u00e9 bom. E isso S\u00e3o Francisco quis passar para os seus seguidores. Pelo bem que fazemos apresentamos Deus a uma sociedade que muitas vezes est\u00e1 buscando o \u00f3dio\u201d. Depois de uma acolhida afetuosa, todos os jovens foram convidados a conhecer a igreja do Mosteiro e l\u00e1 fazerem uma prece pelos homens e mulheres que se dedicam \u00e0 vida contemplativa na Igreja.<\/span><\/p>\n<p><b>Eu amo Sorocaba<\/b><\/p>\n<p><span style=\"font-weight: 400;\">Depois da parada no Mosteiro S\u00e3o Bento, a pra\u00e7a da Catedral da Arquidiocese de Sorocaba foi o ponto de concentra\u00e7\u00e3o dos participantes para uma foto oficial, banheiro e lanche. Foi tamb\u00e9m um tempo descontra\u00eddo para fotos de alguns grupos e para turistar na catedral e na famosa \u201cRua Braguinha\u201d que \u00e9 enfeitada com guarda-chuvas coloridos. Em seguida, algo em especial aguardava todos os peregrinos: os quil\u00f4metros finais da jornada.<\/span><\/p>\n<p><b>\u201cComo \u00e9 bom caminhar com o mestre. Como \u00e9 bom descansar com o mestre\u201d<\/b><\/p>\n<p><span style=\"font-weight: 400;\">O \u00faltimo passo da caminhada guardava um momento importante e simb\u00f3lico. Diante da Igreja Matriz da Par\u00f3quia Senhor Bom Jesus estava a comunidade aguardando os participantes para o levantamento do mastro, que indica que a festa em honra ao Bom Jesus se aproxima. Os jovens puderam participar desta ocasi\u00e3o e em duplas, enquanto a comunidade era inserida no mist\u00e9rio celebrativo com o canto de entrada, entraram na prociss\u00e3o de entrada preenchendo a igreja com o alaranjado da camiseta oficial do evento.<\/span><\/p>\n\n\t\t<style type=\"text\/css\">\n\t\t\t#gallery-4 {\n\t\t\t\tmargin: auto;\n\t\t\t}\n\t\t\t#gallery-4 .gallery-item {\n\t\t\t\tfloat: left;\n\t\t\t\tmargin-top: 10px;\n\t\t\t\ttext-align: center;\n\t\t\t\twidth: 33%;\n\t\t\t}\n\t\t\t#gallery-4 img {\n\t\t\t\tborder: 2px solid #cfcfcf;\n\t\t\t}\n\t\t\t#gallery-4 .gallery-caption {\n\t\t\t\tmargin-left: 0;\n\t\t\t}\n\t\t\t\/* see gallery_shortcode() in wp-includes\/media.php *\/\n\t\t<\/style>\n\t\t<div id='gallery-4' class='gallery galleryid-249066 gallery-columns-3 gallery-size-thumbnail'><dl class='gallery-item'>\n\t\t\t<dt class='gallery-icon landscape'>\n\t\t\t\t<a href='https:\/\/franciscanos.org.br\/noticias\/wp-content\/uploads\/2024\/07\/Caminhada-Sorocaba-Baixa-21-1.jpg'><img width=\"300\" height=\"300\" src=\"https:\/\/franciscanos.org.br\/noticias\/wp-content\/uploads\/2024\/07\/Caminhada-Sorocaba-Baixa-21-1-300x300.jpg\" class=\"attachment-thumbnail size-thumbnail\" alt=\"\" loading=\"lazy\" srcset=\"https:\/\/franciscanos.org.br\/noticias\/wp-content\/uploads\/2024\/07\/Caminhada-Sorocaba-Baixa-21-1-300x300.jpg 300w, https:\/\/franciscanos.org.br\/noticias\/wp-content\/uploads\/2024\/07\/Caminhada-Sorocaba-Baixa-21-1-100x100.jpg 100w\" sizes=\"(max-width: 300px) 100vw, 300px\" \/><\/a>\n\t\t\t<\/dt><\/dl><dl class='gallery-item'>\n\t\t\t<dt class='gallery-icon landscape'>\n\t\t\t\t<a href='https:\/\/franciscanos.org.br\/noticias\/wp-content\/uploads\/2024\/07\/Caminhada-Sorocaba-Baixa-19-1.jpg'><img width=\"300\" height=\"300\" src=\"https:\/\/franciscanos.org.br\/noticias\/wp-content\/uploads\/2024\/07\/Caminhada-Sorocaba-Baixa-19-1-300x300.jpg\" class=\"attachment-thumbnail size-thumbnail\" alt=\"\" loading=\"lazy\" srcset=\"https:\/\/franciscanos.org.br\/noticias\/wp-content\/uploads\/2024\/07\/Caminhada-Sorocaba-Baixa-19-1-300x300.jpg 300w, https:\/\/franciscanos.org.br\/noticias\/wp-content\/uploads\/2024\/07\/Caminhada-Sorocaba-Baixa-19-1-100x100.jpg 100w\" sizes=\"(max-width: 300px) 100vw, 300px\" \/><\/a>\n\t\t\t<\/dt><\/dl><dl class='gallery-item'>\n\t\t\t<dt class='gallery-icon landscape'>\n\t\t\t\t<a href='https:\/\/franciscanos.org.br\/noticias\/wp-content\/uploads\/2024\/07\/Caminhada-Sorocaba-Baixa-18-1.jpg'><img width=\"300\" height=\"300\" src=\"https:\/\/franciscanos.org.br\/noticias\/wp-content\/uploads\/2024\/07\/Caminhada-Sorocaba-Baixa-18-1-300x300.jpg\" class=\"attachment-thumbnail size-thumbnail\" alt=\"\" loading=\"lazy\" srcset=\"https:\/\/franciscanos.org.br\/noticias\/wp-content\/uploads\/2024\/07\/Caminhada-Sorocaba-Baixa-18-1-300x300.jpg 300w, https:\/\/franciscanos.org.br\/noticias\/wp-content\/uploads\/2024\/07\/Caminhada-Sorocaba-Baixa-18-1-100x100.jpg 100w\" sizes=\"(max-width: 300px) 100vw, 300px\" \/><\/a>\n\t\t\t<\/dt><\/dl><br style=\"clear: both\" \/>\n\t\t<\/div>\n\n<p><span style=\"font-weight: 400;\">Durante a celebra\u00e7\u00e3o, presidida por Frei Jo\u00e3o Francisco, instaurou-se um clima alegre e agradecido. Os cantos recordavam tamb\u00e9m elementos da espiritualidade franciscana. O frade que presidiu, na homilia, iniciou a sua reflex\u00e3o a partir de algumas perguntas: \u201cO que viemos fazer em Sorocaba? Viemos passear? Viemos conhecer um novo lugar? Angariar novas amizades? Viemos aventurar? N\u00e3o, viemos participar da XII CFJ. Viemos ao encontro do Senhor como Francisco de Assis que logo diz: \u201cMeu Senhor e meu Deus!\u201d. Viemos como aquela multid\u00e3o do Evangelho que caminhou, caminhou e chegou antes para ouvir os ensinamentos do Mestre Jesus, que \u2018viu e se compadeceu\u2019&#8230; Viemos alimentar nossa f\u00e9, esperan\u00e7a e caridade para prosseguirmos na miss\u00e3o que o Senhor nos confiou\u201d.<\/span><\/p>\n<p><span style=\"font-weight: 400;\">E falando diretamente aos participantes da Caminhada, o frade recordou: \u201cTodos n\u00f3s deixamos muitos compromissos, muitas tarefas, muitos afazeres e at\u00e9 algumas pend\u00eancias que nos aguardam, mas viemos convictos dos benef\u00edcio dessa caminhada espiritual e estamos aqui de olhos fixos em Jesus que nos diz: \u2018Vinde comigo\u2026descansai um pouco\u2026\u2019. Irm\u00e3os e irm\u00e3s, chegamos tantas vezes perto de Jesus cansados, cheios de conquistas ou desilus\u00f5es e logo somos reconfortados, reanimados e confiantes com o sentimento de \u2018miss\u00e3o cumprida\/caminhada cumprida\u2019, pois fomos chamados e enviados por Ele. E se Ele chama, Ele d\u00e1 for\u00e7as. Assim aconteceu com os Ap\u00f3stolos que regressavam da \u2018miss\u00e3o\u2019, aproximam-se de Jesus e prestam conta do \u2018que tinham feito e ensinado\u2019. O que temos feito pelo Senhor? O que vamos fazer depois dessa Caminhada com e pelo Senhor? Apesar das exig\u00eancias da miss\u00e3o \u00e9 imprescind\u00edvel arranjar tempo para estar com o Senhor e escutar as suas indica\u00e7\u00f5es e ensinamentos\u201d.\u00a0<\/span><\/p>\n<p><span style=\"font-weight: 400;\">E, concluindo, exortou: \u201cInspirados pelo \u2018Esp\u00edrito do Senhor e seu santo modo de operar\u2019, ousemos percorrer os caminhos da Amizade Social que promove a acolhida com simplicidade, caminhos de sinodalidade e proximidade. Caminhos de respeito a cada um sob a luz da verdade do ser humano e do Evangelho. Caminhos onde se contemple a vida, onde cada um saiba o nome do outro. Caminhos de partilha da vida. Caminhos de ora\u00e7\u00e3o e aprofundamento. Caminhos que nos levem ao encontro com o Senhor que nos diz\u2026 \u2018vinde comigo e descansai um pouco\u2019.\u00a0 Concluo com as palavras do Papa Francisco aos jovens em Lisboa, durante a Jornada Mundial da Juventude de 2023: \u2018Neste bel\u00edssimo momento da vossa vida, avan\u00e7ai, n\u00e3o adieis o que o Esp\u00edrito pode realizar em v\u00f3s!\u2019\u201d.<img loading=\"lazy\" class=\"size-medium wp-image-249102 alignleft\" src=\"https:\/\/franciscanos.org.br\/noticias\/wp-content\/uploads\/2024\/07\/Caminhada-Sorocaba-Baixa-07-1-450x300.jpg\" alt=\"\" width=\"450\" height=\"300\" srcset=\"https:\/\/franciscanos.org.br\/noticias\/wp-content\/uploads\/2024\/07\/Caminhada-Sorocaba-Baixa-07-1-450x300.jpg 450w, https:\/\/franciscanos.org.br\/noticias\/wp-content\/uploads\/2024\/07\/Caminhada-Sorocaba-Baixa-07-1-768x512.jpg 768w, https:\/\/franciscanos.org.br\/noticias\/wp-content\/uploads\/2024\/07\/Caminhada-Sorocaba-Baixa-07-1-150x100.jpg 150w, https:\/\/franciscanos.org.br\/noticias\/wp-content\/uploads\/2024\/07\/Caminhada-Sorocaba-Baixa-07-1.jpg 1024w\" sizes=\"(max-width: 450px) 100vw, 450px\" \/><\/span><\/p>\n<p><span style=\"font-weight: 400;\">Nos avisos e agradecimentos, em nome da comunidade paroquial, Frei Jos\u00e9 Raimundo de Souza agradeceu a presen\u00e7a dos visitantes que \u201cabriram o tri\u00eanio de celebra\u00e7\u00f5es do jubileu dos 100 anos da par\u00f3quia\u201d. E, em uma palavra de gratid\u00e3o, agradeceu a todos os envolvidos na prepara\u00e7\u00e3o do evento, volunt\u00e1rios, frades, jovens. E toda a comunidade chancelou as suas palavras de gratid\u00e3o com uma calorosa salva de palmas.<\/span><\/p>\n<p>&nbsp;<\/p>\n<p><span style=\"font-weight: 400;\">Ap\u00f3s a celebra\u00e7\u00e3o, Frei Gabriel anunciou o pr\u00f3ximo evento provincial com as juventudes: o &#8220;Dia de Miss\u00e3o&#8221; entre os dias 1\u00b0 e 2 de fevereiro de 2025, ocasi\u00e3o em que cada grupo de jovens, na sua localidade, dever\u00e1 desenvolver uma a\u00e7\u00e3o evangelizadora. &#8220;Na \u00faltima vez que realizamos este Dia de Miss\u00e3o, movimentamos 200 jovens em 15 lugares diferentes. Desta vez queremos 400! Lan\u00e7amos este desafio!\u201d, provocou Frei Gabriel.<\/span><\/p>\n<p><span style=\"font-weight: 400;\">A \u00faltima hora do evento foi deliciosa, marcada pelo almo\u00e7o. Antes da partilha dos alimentos, um momento especial de agradecimento aos volunt\u00e1rios foi marcado de emo\u00e7\u00e3o e prece. Os jovens aplaudiram efusivamente o empenho e dedica\u00e7\u00e3o dos volunt\u00e1rios e depois rezaram por eles. Depois uma ora\u00e7\u00e3o especial para a viagem dos peregrinos que tendo cumprido muitos quil\u00f4metros a p\u00e9 agora andariam muitos outros, mas desta vez, nos seus transportes. Provavelmente uma viagem com muita anima\u00e7\u00e3o, entretanto, uma soneca n\u00e3o seria dispensada, pois se o esp\u00edrito estava cheio de alegria e realiza\u00e7\u00e3o por tudo o que foi vivenciado, o corpo sentia o peso da dedica\u00e7\u00e3o.<\/span><\/p>\n\n\t\t<style type=\"text\/css\">\n\t\t\t#gallery-5 {\n\t\t\t\tmargin: auto;\n\t\t\t}\n\t\t\t#gallery-5 .gallery-item {\n\t\t\t\tfloat: left;\n\t\t\t\tmargin-top: 10px;\n\t\t\t\ttext-align: center;\n\t\t\t\twidth: 25%;\n\t\t\t}\n\t\t\t#gallery-5 img {\n\t\t\t\tborder: 2px solid #cfcfcf;\n\t\t\t}\n\t\t\t#gallery-5 .gallery-caption {\n\t\t\t\tmargin-left: 0;\n\t\t\t}\n\t\t\t\/* see gallery_shortcode() in wp-includes\/media.php *\/\n\t\t<\/style>\n\t\t<div id='gallery-5' class='gallery galleryid-249066 gallery-columns-4 gallery-size-thumbnail'><dl class='gallery-item'>\n\t\t\t<dt class='gallery-icon landscape'>\n\t\t\t\t<a href='https:\/\/franciscanos.org.br\/noticias\/wp-content\/uploads\/2024\/07\/Caminhada-Sorocaba-Baixa-23-2.jpg'><img width=\"300\" height=\"300\" src=\"https:\/\/franciscanos.org.br\/noticias\/wp-content\/uploads\/2024\/07\/Caminhada-Sorocaba-Baixa-23-2-300x300.jpg\" class=\"attachment-thumbnail size-thumbnail\" alt=\"\" loading=\"lazy\" srcset=\"https:\/\/franciscanos.org.br\/noticias\/wp-content\/uploads\/2024\/07\/Caminhada-Sorocaba-Baixa-23-2-300x300.jpg 300w, https:\/\/franciscanos.org.br\/noticias\/wp-content\/uploads\/2024\/07\/Caminhada-Sorocaba-Baixa-23-2-100x100.jpg 100w\" sizes=\"(max-width: 300px) 100vw, 300px\" \/><\/a>\n\t\t\t<\/dt><\/dl><dl class='gallery-item'>\n\t\t\t<dt class='gallery-icon landscape'>\n\t\t\t\t<a href='https:\/\/franciscanos.org.br\/noticias\/wp-content\/uploads\/2024\/07\/Caminhada-Sorocaba-Baixa-24.jpg'><img width=\"300\" height=\"300\" src=\"https:\/\/franciscanos.org.br\/noticias\/wp-content\/uploads\/2024\/07\/Caminhada-Sorocaba-Baixa-24-300x300.jpg\" class=\"attachment-thumbnail size-thumbnail\" alt=\"\" loading=\"lazy\" srcset=\"https:\/\/franciscanos.org.br\/noticias\/wp-content\/uploads\/2024\/07\/Caminhada-Sorocaba-Baixa-24-300x300.jpg 300w, https:\/\/franciscanos.org.br\/noticias\/wp-content\/uploads\/2024\/07\/Caminhada-Sorocaba-Baixa-24-100x100.jpg 100w\" sizes=\"(max-width: 300px) 100vw, 300px\" \/><\/a>\n\t\t\t<\/dt><\/dl><dl class='gallery-item'>\n\t\t\t<dt class='gallery-icon landscape'>\n\t\t\t\t<a href='https:\/\/franciscanos.org.br\/noticias\/wp-content\/uploads\/2024\/07\/Caminhada-Sorocaba-Baixa-25.jpg'><img width=\"300\" height=\"300\" src=\"https:\/\/franciscanos.org.br\/noticias\/wp-content\/uploads\/2024\/07\/Caminhada-Sorocaba-Baixa-25-300x300.jpg\" class=\"attachment-thumbnail size-thumbnail\" alt=\"\" loading=\"lazy\" srcset=\"https:\/\/franciscanos.org.br\/noticias\/wp-content\/uploads\/2024\/07\/Caminhada-Sorocaba-Baixa-25-300x300.jpg 300w, https:\/\/franciscanos.org.br\/noticias\/wp-content\/uploads\/2024\/07\/Caminhada-Sorocaba-Baixa-25-100x100.jpg 100w\" sizes=\"(max-width: 300px) 100vw, 300px\" \/><\/a>\n\t\t\t<\/dt><\/dl><dl class='gallery-item'>\n\t\t\t<dt class='gallery-icon landscape'>\n\t\t\t\t<a href='https:\/\/franciscanos.org.br\/noticias\/wp-content\/uploads\/2024\/07\/Caminhada-Sorocaba-Baixa-27.jpg'><img width=\"300\" height=\"300\" src=\"https:\/\/franciscanos.org.br\/noticias\/wp-content\/uploads\/2024\/07\/Caminhada-Sorocaba-Baixa-27-300x300.jpg\" class=\"attachment-thumbnail size-thumbnail\" alt=\"\" loading=\"lazy\" srcset=\"https:\/\/franciscanos.org.br\/noticias\/wp-content\/uploads\/2024\/07\/Caminhada-Sorocaba-Baixa-27-300x300.jpg 300w, https:\/\/franciscanos.org.br\/noticias\/wp-content\/uploads\/2024\/07\/Caminhada-Sorocaba-Baixa-27-100x100.jpg 100w\" sizes=\"(max-width: 300px) 100vw, 300px\" \/><\/a>\n\t\t\t<\/dt><\/dl><br style=\"clear: both\" \/>\n\t\t<\/div>\n\n<p><strong>Abaixo voc\u00ea poder\u00e1 acompanhar alguns testemunhos dos jovens participantes:<\/strong><\/p>\n<p><span style=\"font-weight: 400;\">\u201cFoi minha primeira vez na caminhada e eu fiquei maravilhada com a miss\u00e3o. Fiz quest\u00e3o de acompanhar a bandeira de perto durante o percurso, o que foi desafiador e me rendeu algumas bolhas no p\u00e9, mas conheci pessoas incr\u00edveis durante o percurso que estavam compartilhando das mesmas dores que eu. Foi imposs\u00edvel n\u00e3o me emocionar quando chegamos na minha comunidade e eu vi tanta gente conhecendo a igrejinha em que eu cresci, conhecendo a minha casa. Recebemos aqui em casa 3 meninas de Curitiba e foi muito legal apresentar o resto da fam\u00edlia e comentar sobre os pontos altos do percurso. O longo percurso foi desafiador, eu n\u00e3o sabia como iria terminar, mas a energia de todos foi t\u00e3o contagiante que eu j\u00e1 quero participar do pr\u00f3ximo!\u201d. <\/span><i><span style=\"font-weight: 400;\">Sauane Mirele Amaral de Jesus da Comunidade Nossa Senhora do Perp\u00e9tuo Socorro, da Par\u00f3quia Senhor Bom Jesus de Sorocaba (SP).<\/span><\/i><\/p>\n<p><span style=\"font-weight: 400;\">\u201cParticipar da Caminhada Franciscana \u00e9 superar os nossos pr\u00f3prios obst\u00e1culos, nos tornando mais humanos e humildes, onde ao mesmo tempo em que evangelizamos, somos evangelizados. Experi\u00eancia incr\u00edvel\u201d. <\/span><i><span style=\"font-weight: 400;\">Elis\u00e2ngela Cadoni da Universidade S\u00e3o Francisco (USF).<\/span><\/i><\/p>\n<p><span style=\"font-weight: 400;\">\u201cCarta Aberta: Hoje, dia 20 de julho, quando cheguei na caminhada, n\u00e3o estava preparado e, para ser bem sincero, ainda n\u00e3o estou. Mas Deus me disse: \u2018Filho, n\u00e3o desista\u2019. E eu n\u00e3o desisti. Fiz os 25 km e posso dizer que venci todos os meus obst\u00e1culos, pois em todo momento queremos desistir. Tenho orgulho de estar onde estou, pois sei que sou um vencedor. Sair de Gaspar e vir para Sorocaba para caminhar? Teve gente que me chamou de louco. Sim, louco! Louco pelo esp\u00edrito franciscano, por um evento que, quem me conhece, sabe que amo e tenho um carinho enorme. S\u00f3 tenho uma coisa a dizer: Deus n\u00e3o te abandona. Mesmo nos momentos dif\u00edceis, Ele est\u00e1 do seu lado\u201d. <\/span><i><span style=\"font-weight: 400;\">H\u00e9rcules Mateus Teske de Gaspar (SC).<\/span><\/i><\/p>\n<p><span style=\"font-weight: 400;\">\u201cForam 30 km percorridos por 400 pessoas de v\u00e1rias regi\u00f5es do Brasil. Muito companheirismo e solidariedade, regados com ora\u00e7\u00e3o e temperado com o carisma franciscano. Sou franciscana com muito orgulho, com muito amor. \u2018Cessem as palavras, falem as obras!\u2019. <\/span><i><span style=\"font-weight: 400;\">Ana Cristina Del\u00e1zari Silveira Agostinho de Agudos (SP).<\/span><\/i><\/p>\n<p><span style=\"font-weight: 400;\">\u201cEu me chamo Henrique Bissa. Sou coordenador da Pastoral da Juventude e essa \u00e9 minha segunda CFJ. Participei da d\u00e9cima primeira em Vila Velha e tive a honra de participar dessa em Sorocaba. No ano de 2023 havia apenas um m\u00eas que perdi minha av\u00f3, que foi um dos meus pilares da vida, participei da caminhada ainda com um sentimento de luto. Essa caminhada de Sorocaba para mim foi uma renova\u00e7\u00e3o espiritual e o sentimento que fica no cora\u00e7\u00e3o \u00e9 de gratid\u00e3o. Gratid\u00e3o aos freis que se empenharam para que acontecesse esse momento \u00fanico na vida de nossa juventude que \u00e9 o hoje e o futuro de nossa Igreja\u201d. <\/span><i><span style=\"font-weight: 400;\">Henrique Bissa de Colatina (ES).<\/span><\/i><\/p>\n<p><span style=\"font-weight: 400;\">\u201cPor recomenda\u00e7\u00e3o de uma amiga participei pela primeira vez da Caminhada Franciscana da Juventude. Resumo a minha experi\u00eancia como seguir o Senhor deserto a dentro! E caminhar por esse deserto me permitiu, em primeiro lugar, encontrar-me comigo mesmo, com os meus limites e potencialidades, para ent\u00e3o poder encontrar-me com o Senhor! Agrade\u00e7o aos Freis, aos(as) companheiros(as) da jornada, aos(as) volunt\u00e1rios(as) e \u00e0s fam\u00edlias acolhedoras pela oportunidade desse encontro. Oxal\u00e1 tenhamos a gra\u00e7a de, como s\u00e3o Francisco, sairmos dessa experi\u00eancia mais apaixonados(as) e configurados(as) ao Crucificado\u201d. <\/span><i><span style=\"font-weight: 400;\">Jos\u00e9 Renato Gon\u00e7alves de Tatu\u00ed (SP).<\/span><\/i><\/p>\n<p><span style=\"font-weight: 400;\">\u201cCansativo fisicamente, mas grato espiritualmente. Ao chegar no final, superamos limita\u00e7\u00f5es, refletimos sobre o qu\u00e3o fr\u00e1gil \u00e9 o nosso cora\u00e7\u00e3o e muitas vezes a nossa f\u00e9, e paramos para agradecer\u00a0 quando superamos esses desafios que juntos como juventude franciscana torna-se apenas um breve momento de dificuldade em nossa vida, que com certeza cada experi\u00eancia e viv\u00eancia, torna-se um grande aprendizado\u201d. <\/span><i><span style=\"font-weight: 400;\">Wiliam Assis de Xaxim (SC).<\/span><\/i><\/p>\n<p><span style=\"font-weight: 400;\">\u201cMais uma CJF pra conta! Tive a gra\u00e7a de participar da I Caminhada Franciscana da Juventude em 2014 com apenas 40 jovens e nesse final de semana participei da XII Caminhada Franciscana da Juventude com 400 jovens na cidade de Sorocaba-SP (participei de outras edi\u00e7\u00f5es nesse intervalo de tempo). E como \u00e9 lindo ver o tamanho dessa fam\u00edlia franciscana que aumenta a cada dia mais. A CFJ \u00e9 um local de encontro e reencontro, onde encontramos e reencontramos pessoas queridas que de alguma forma marcaram a nossa vida em algum encontro franciscano, tamb\u00e9m temos essa experi\u00eancia de encontro e reencontro conosco mesmo. E o melhor encontro e reencontro \u00e9 com Aquele que tudo fez e faz por n\u00f3s, Aquele que nos sustenta em todos os momentos da nossa caminhada, que \u00e9 o pr\u00f3prio Senhor. Aquele que caminha conosco em todos os momentos e nos conforta e nos encoraja a n\u00e3o desistir no primeiro morro (Porque nossos Freis amam colocar morros e ladeiras no percurso das caminhadas rs). Essa caminhada nos marcou com as chagas, para que diante de Jesus pud\u00e9ssemos entregar nossas dores e marcas e ali receber o amor e o conforto na pequena capela da Porci\u00fancula. Agrade\u00e7o a minha fam\u00edlia acolhedora: Aldo, Fabiula, Ana, Fl\u00e1via e Leonardo que abriram o cora\u00e7\u00e3o e a porta da sua casa para n\u00f3s acolher para que pud\u00e9ssemos recuperar as for\u00e7as e aguentar mais um pouco a nossa miss\u00e3o de chegar at\u00e9 o fim. A cada experi\u00eancia franciscana vivenciamos o amor de Deus em cada detalhe, em casa paisagem, em casa sorriso, em casa abra\u00e7o, em cada partilha, em cada cuidado, etc. Sou apaixonada por essa simplicidade que nos lembra o qu\u00e3o pequenos somos e que Deus mesmo sendo grandioso se faz pequeno tamb\u00e9m. Obrigada a todos os respons\u00e1veis, organizadores, volunt\u00e1rios e toda a cidade de Sorocaba que acolheu a juventude Franciscana com muito amor e cuidado! Deus os aben\u00e7oe!\u201d. <\/span><i><span style=\"font-weight: 400;\">Mariana Lopes Florencio de Bauru (SP).<\/span><\/i><\/p>\n<p><span style=\"font-weight: 400;\">\u201cParticipar da caminhada deste ano de 2024 foi uma experi\u00eancia nova para mim. \u00c9 a minha primeira participa\u00e7\u00e3o e posso dizer que nunca fiz algo parecido que une espiritualidade, pr\u00e1tica e encontro consigo, mesmo em meio a tantas outras pessoas junto de voc\u00ea. A caminhada, se me perdoe o trocadilho, \u00e9 um caminho sem volta, sem volta ao que voc\u00ea era antes dela. H\u00e1 um novo eu, uma nova pessoa, o melhor que podemos ser\u201d. <\/span><i><span style=\"font-weight: 400;\">Tha\u00eds Barcellos de Colatina (ES).<\/span><\/i><\/p>\n<p><span style=\"font-weight: 400;\">\u201cMarcado pelo amor do Bom Jesus, junto com\u00a0 S\u00e3o Francisco, Santa Clara e a Virgem Maria, posso\u00a0 afirmar que foram Eles o sustento e a m\u00e3o que me\u00a0 conduziu nesse trajeto. Estradas que n\u00e3o se avistava o fim, calor que nos fazia\u00a0 derreter, pedras e alguns obst\u00e1culos que por todo\u00a0 caminho me fez pensar e repensar na minha trajet\u00f3ria de\u00a0 vida. Uma soma de dor e cansa\u00e7o, que sem sombras de\u00a0 d\u00favidas ao se misturar com a alegria, energia, motiva\u00e7\u00e3o\u00a0 m\u00fatua que emanava de cada voz, gesto, m\u00fasica, calor\u00a0 humano, ora\u00e7\u00e3o e sil\u00eancio representados por cada\u00a0 membro dos mais diversos estados, se resultou em um\u00a0 sentimento: \u2018Que experi\u00eancia Fant\u00e1stica\u2019. Experi\u00eancia essa que ficar\u00e1 para sempre em meu\u00a0 cora\u00e7\u00e3o, tanto por ter sido a primeira vez na Caminhada\u00a0 Franciscana da Juventude, depois por ter vivenciado os\u00a0 dons desse carisma t\u00e3o lindo que \u00e9 o de ser Franciscano;\u00a0 e por cada detalhe cuidadosamente preparado pelos\u00a0 volunt\u00e1rios que por longo tempo se organizaram para nos\u00a0 receber, eles n\u00e3o falharam em nada! Irm\u00e3os de Sorocaba,\u00a0 voc\u00eas encantaram meu cora\u00e7\u00e3o. Por fim, trago comigo o sentimento de energia renovada e f\u00e9 ainda mais firmada, para poder dar continuidade ao\u00a0 que realizamos nesses dias. E com uma certeza que veio\u00a0 ao meu cora\u00e7\u00e3o: Nossa Igreja est\u00e1 mais do que viva! Espessada realmente pela for\u00e7a, persist\u00eancia, alegria e\u00a0 garra de todos os participantes\u201d. <\/span><i><span style=\"font-weight: 400;\">Igor Sposito de Guarulhos (SP).<\/span><\/i><\/p>\n<hr \/>\n<p><span style=\"font-weight: 400;\">Equipe de Comunica\u00e7\u00e3o da CFJ<\/span><\/p>\n\n\t\t<style type=\"text\/css\">\n\t\t\t#gallery-6 {\n\t\t\t\tmargin: auto;\n\t\t\t}\n\t\t\t#gallery-6 .gallery-item {\n\t\t\t\tfloat: left;\n\t\t\t\tmargin-top: 10px;\n\t\t\t\ttext-align: center;\n\t\t\t\twidth: 25%;\n\t\t\t}\n\t\t\t#gallery-6 img {\n\t\t\t\tborder: 2px solid #cfcfcf;\n\t\t\t}\n\t\t\t#gallery-6 .gallery-caption {\n\t\t\t\tmargin-left: 0;\n\t\t\t}\n\t\t\t\/* see gallery_shortcode() in wp-includes\/media.php *\/\n\t\t<\/style>\n\t\t<div id='gallery-6' class='gallery galleryid-249066 gallery-columns-4 gallery-size-medium'><dl class='gallery-item'>\n\t\t\t<dt class='gallery-icon landscape'>\n\t\t\t\t<a href='https:\/\/franciscanos.org.br\/noticias\/wp-content\/uploads\/2024\/07\/Caminhada-Sorocaba-Baixa-01-1.jpg'><img width=\"450\" height=\"300\" src=\"https:\/\/franciscanos.org.br\/noticias\/wp-content\/uploads\/2024\/07\/Caminhada-Sorocaba-Baixa-01-1-450x300.jpg\" class=\"attachment-medium size-medium\" alt=\"\" loading=\"lazy\" srcset=\"https:\/\/franciscanos.org.br\/noticias\/wp-content\/uploads\/2024\/07\/Caminhada-Sorocaba-Baixa-01-1-450x300.jpg 450w, https:\/\/franciscanos.org.br\/noticias\/wp-content\/uploads\/2024\/07\/Caminhada-Sorocaba-Baixa-01-1-768x512.jpg 768w, https:\/\/franciscanos.org.br\/noticias\/wp-content\/uploads\/2024\/07\/Caminhada-Sorocaba-Baixa-01-1-150x100.jpg 150w, https:\/\/franciscanos.org.br\/noticias\/wp-content\/uploads\/2024\/07\/Caminhada-Sorocaba-Baixa-01-1.jpg 1024w\" sizes=\"(max-width: 450px) 100vw, 450px\" \/><\/a>\n\t\t\t<\/dt><\/dl><dl class='gallery-item'>\n\t\t\t<dt class='gallery-icon landscape'>\n\t\t\t\t<a href='https:\/\/franciscanos.org.br\/noticias\/wp-content\/uploads\/2024\/07\/Caminhada-Sorocaba-Baixa-02-2.jpg'><img width=\"450\" height=\"300\" src=\"https:\/\/franciscanos.org.br\/noticias\/wp-content\/uploads\/2024\/07\/Caminhada-Sorocaba-Baixa-02-2-450x300.jpg\" class=\"attachment-medium size-medium\" alt=\"\" loading=\"lazy\" srcset=\"https:\/\/franciscanos.org.br\/noticias\/wp-content\/uploads\/2024\/07\/Caminhada-Sorocaba-Baixa-02-2-450x300.jpg 450w, https:\/\/franciscanos.org.br\/noticias\/wp-content\/uploads\/2024\/07\/Caminhada-Sorocaba-Baixa-02-2-768x512.jpg 768w, https:\/\/franciscanos.org.br\/noticias\/wp-content\/uploads\/2024\/07\/Caminhada-Sorocaba-Baixa-02-2-150x100.jpg 150w, https:\/\/franciscanos.org.br\/noticias\/wp-content\/uploads\/2024\/07\/Caminhada-Sorocaba-Baixa-02-2.jpg 1024w\" sizes=\"(max-width: 450px) 100vw, 450px\" \/><\/a>\n\t\t\t<\/dt><\/dl><dl class='gallery-item'>\n\t\t\t<dt class='gallery-icon landscape'>\n\t\t\t\t<a href='https:\/\/franciscanos.org.br\/noticias\/wp-content\/uploads\/2024\/07\/Caminhada-Sorocaba-Baixa-03-1.jpg'><img width=\"450\" height=\"300\" src=\"https:\/\/franciscanos.org.br\/noticias\/wp-content\/uploads\/2024\/07\/Caminhada-Sorocaba-Baixa-03-1-450x300.jpg\" class=\"attachment-medium size-medium\" alt=\"\" loading=\"lazy\" srcset=\"https:\/\/franciscanos.org.br\/noticias\/wp-content\/uploads\/2024\/07\/Caminhada-Sorocaba-Baixa-03-1-450x300.jpg 450w, https:\/\/franciscanos.org.br\/noticias\/wp-content\/uploads\/2024\/07\/Caminhada-Sorocaba-Baixa-03-1-768x512.jpg 768w, https:\/\/franciscanos.org.br\/noticias\/wp-content\/uploads\/2024\/07\/Caminhada-Sorocaba-Baixa-03-1-150x100.jpg 150w, https:\/\/franciscanos.org.br\/noticias\/wp-content\/uploads\/2024\/07\/Caminhada-Sorocaba-Baixa-03-1.jpg 1024w\" sizes=\"(max-width: 450px) 100vw, 450px\" \/><\/a>\n\t\t\t<\/dt><\/dl><dl class='gallery-item'>\n\t\t\t<dt class='gallery-icon landscape'>\n\t\t\t\t<a href='https:\/\/franciscanos.org.br\/noticias\/wp-content\/uploads\/2024\/07\/Caminhada-Sorocaba-Baixa-04-1.jpg'><img width=\"450\" height=\"300\" src=\"https:\/\/franciscanos.org.br\/noticias\/wp-content\/uploads\/2024\/07\/Caminhada-Sorocaba-Baixa-04-1-450x300.jpg\" class=\"attachment-medium size-medium\" alt=\"\" loading=\"lazy\" srcset=\"https:\/\/franciscanos.org.br\/noticias\/wp-content\/uploads\/2024\/07\/Caminhada-Sorocaba-Baixa-04-1-450x300.jpg 450w, https:\/\/franciscanos.org.br\/noticias\/wp-content\/uploads\/2024\/07\/Caminhada-Sorocaba-Baixa-04-1-768x512.jpg 768w, https:\/\/franciscanos.org.br\/noticias\/wp-content\/uploads\/2024\/07\/Caminhada-Sorocaba-Baixa-04-1-150x100.jpg 150w, https:\/\/franciscanos.org.br\/noticias\/wp-content\/uploads\/2024\/07\/Caminhada-Sorocaba-Baixa-04-1.jpg 1024w\" sizes=\"(max-width: 450px) 100vw, 450px\" \/><\/a>\n\t\t\t<\/dt><\/dl><br style=\"clear: both\" \/><dl class='gallery-item'>\n\t\t\t<dt class='gallery-icon landscape'>\n\t\t\t\t<a href='https:\/\/franciscanos.org.br\/noticias\/wp-content\/uploads\/2024\/07\/Caminhada-Sorocaba-Baixa-05-1.jpg'><img width=\"450\" height=\"300\" src=\"https:\/\/franciscanos.org.br\/noticias\/wp-content\/uploads\/2024\/07\/Caminhada-Sorocaba-Baixa-05-1-450x300.jpg\" class=\"attachment-medium size-medium\" alt=\"\" loading=\"lazy\" srcset=\"https:\/\/franciscanos.org.br\/noticias\/wp-content\/uploads\/2024\/07\/Caminhada-Sorocaba-Baixa-05-1-450x300.jpg 450w, https:\/\/franciscanos.org.br\/noticias\/wp-content\/uploads\/2024\/07\/Caminhada-Sorocaba-Baixa-05-1-768x512.jpg 768w, https:\/\/franciscanos.org.br\/noticias\/wp-content\/uploads\/2024\/07\/Caminhada-Sorocaba-Baixa-05-1-150x100.jpg 150w, https:\/\/franciscanos.org.br\/noticias\/wp-content\/uploads\/2024\/07\/Caminhada-Sorocaba-Baixa-05-1.jpg 1024w\" sizes=\"(max-width: 450px) 100vw, 450px\" \/><\/a>\n\t\t\t<\/dt><\/dl><dl class='gallery-item'>\n\t\t\t<dt class='gallery-icon landscape'>\n\t\t\t\t<a href='https:\/\/franciscanos.org.br\/noticias\/wp-content\/uploads\/2024\/07\/Caminhada-Sorocaba-Baixa-06-1.jpg'><img width=\"450\" height=\"300\" src=\"https:\/\/franciscanos.org.br\/noticias\/wp-content\/uploads\/2024\/07\/Caminhada-Sorocaba-Baixa-06-1-450x300.jpg\" class=\"attachment-medium size-medium\" alt=\"\" loading=\"lazy\" srcset=\"https:\/\/franciscanos.org.br\/noticias\/wp-content\/uploads\/2024\/07\/Caminhada-Sorocaba-Baixa-06-1-450x300.jpg 450w, https:\/\/franciscanos.org.br\/noticias\/wp-content\/uploads\/2024\/07\/Caminhada-Sorocaba-Baixa-06-1-768x512.jpg 768w, https:\/\/franciscanos.org.br\/noticias\/wp-content\/uploads\/2024\/07\/Caminhada-Sorocaba-Baixa-06-1-150x100.jpg 150w, https:\/\/franciscanos.org.br\/noticias\/wp-content\/uploads\/2024\/07\/Caminhada-Sorocaba-Baixa-06-1.jpg 1024w\" sizes=\"(max-width: 450px) 100vw, 450px\" \/><\/a>\n\t\t\t<\/dt><\/dl><dl class='gallery-item'>\n\t\t\t<dt class='gallery-icon landscape'>\n\t\t\t\t<a href='https:\/\/franciscanos.org.br\/noticias\/wp-content\/uploads\/2024\/07\/Caminhada-Sorocaba-Baixa-07-1.jpg'><img width=\"450\" height=\"300\" src=\"https:\/\/franciscanos.org.br\/noticias\/wp-content\/uploads\/2024\/07\/Caminhada-Sorocaba-Baixa-07-1-450x300.jpg\" class=\"attachment-medium size-medium\" alt=\"\" loading=\"lazy\" srcset=\"https:\/\/franciscanos.org.br\/noticias\/wp-content\/uploads\/2024\/07\/Caminhada-Sorocaba-Baixa-07-1-450x300.jpg 450w, https:\/\/franciscanos.org.br\/noticias\/wp-content\/uploads\/2024\/07\/Caminhada-Sorocaba-Baixa-07-1-768x512.jpg 768w, https:\/\/franciscanos.org.br\/noticias\/wp-content\/uploads\/2024\/07\/Caminhada-Sorocaba-Baixa-07-1-150x100.jpg 150w, https:\/\/franciscanos.org.br\/noticias\/wp-content\/uploads\/2024\/07\/Caminhada-Sorocaba-Baixa-07-1.jpg 1024w\" sizes=\"(max-width: 450px) 100vw, 450px\" \/><\/a>\n\t\t\t<\/dt><\/dl><dl class='gallery-item'>\n\t\t\t<dt class='gallery-icon landscape'>\n\t\t\t\t<a href='https:\/\/franciscanos.org.br\/noticias\/wp-content\/uploads\/2024\/07\/Caminhada-Sorocaba-Baixa-08-1.jpg'><img width=\"450\" height=\"300\" src=\"https:\/\/franciscanos.org.br\/noticias\/wp-content\/uploads\/2024\/07\/Caminhada-Sorocaba-Baixa-08-1-450x300.jpg\" class=\"attachment-medium size-medium\" alt=\"\" loading=\"lazy\" srcset=\"https:\/\/franciscanos.org.br\/noticias\/wp-content\/uploads\/2024\/07\/Caminhada-Sorocaba-Baixa-08-1-450x300.jpg 450w, https:\/\/franciscanos.org.br\/noticias\/wp-content\/uploads\/2024\/07\/Caminhada-Sorocaba-Baixa-08-1-768x512.jpg 768w, https:\/\/franciscanos.org.br\/noticias\/wp-content\/uploads\/2024\/07\/Caminhada-Sorocaba-Baixa-08-1-150x100.jpg 150w, https:\/\/franciscanos.org.br\/noticias\/wp-content\/uploads\/2024\/07\/Caminhada-Sorocaba-Baixa-08-1.jpg 1024w\" sizes=\"(max-width: 450px) 100vw, 450px\" \/><\/a>\n\t\t\t<\/dt><\/dl><br style=\"clear: both\" \/><dl class='gallery-item'>\n\t\t\t<dt class='gallery-icon landscape'>\n\t\t\t\t<a href='https:\/\/franciscanos.org.br\/noticias\/wp-content\/uploads\/2024\/07\/Caminhada-Sorocaba-Baixa-09-2.jpg'><img width=\"450\" height=\"300\" src=\"https:\/\/franciscanos.org.br\/noticias\/wp-content\/uploads\/2024\/07\/Caminhada-Sorocaba-Baixa-09-2-450x300.jpg\" class=\"attachment-medium size-medium\" alt=\"\" loading=\"lazy\" srcset=\"https:\/\/franciscanos.org.br\/noticias\/wp-content\/uploads\/2024\/07\/Caminhada-Sorocaba-Baixa-09-2-450x300.jpg 450w, https:\/\/franciscanos.org.br\/noticias\/wp-content\/uploads\/2024\/07\/Caminhada-Sorocaba-Baixa-09-2-768x512.jpg 768w, https:\/\/franciscanos.org.br\/noticias\/wp-content\/uploads\/2024\/07\/Caminhada-Sorocaba-Baixa-09-2-150x100.jpg 150w, https:\/\/franciscanos.org.br\/noticias\/wp-content\/uploads\/2024\/07\/Caminhada-Sorocaba-Baixa-09-2.jpg 1024w\" sizes=\"(max-width: 450px) 100vw, 450px\" \/><\/a>\n\t\t\t<\/dt><\/dl><dl class='gallery-item'>\n\t\t\t<dt class='gallery-icon landscape'>\n\t\t\t\t<a href='https:\/\/franciscanos.org.br\/noticias\/wp-content\/uploads\/2024\/07\/Caminhada-Sorocaba-Baixa-10-1.jpg'><img width=\"450\" height=\"300\" src=\"https:\/\/franciscanos.org.br\/noticias\/wp-content\/uploads\/2024\/07\/Caminhada-Sorocaba-Baixa-10-1-450x300.jpg\" class=\"attachment-medium size-medium\" alt=\"\" loading=\"lazy\" srcset=\"https:\/\/franciscanos.org.br\/noticias\/wp-content\/uploads\/2024\/07\/Caminhada-Sorocaba-Baixa-10-1-450x300.jpg 450w, https:\/\/franciscanos.org.br\/noticias\/wp-content\/uploads\/2024\/07\/Caminhada-Sorocaba-Baixa-10-1-768x512.jpg 768w, https:\/\/franciscanos.org.br\/noticias\/wp-content\/uploads\/2024\/07\/Caminhada-Sorocaba-Baixa-10-1-150x100.jpg 150w, https:\/\/franciscanos.org.br\/noticias\/wp-content\/uploads\/2024\/07\/Caminhada-Sorocaba-Baixa-10-1.jpg 1024w\" sizes=\"(max-width: 450px) 100vw, 450px\" \/><\/a>\n\t\t\t<\/dt><\/dl><dl class='gallery-item'>\n\t\t\t<dt class='gallery-icon landscape'>\n\t\t\t\t<a href='https:\/\/franciscanos.org.br\/noticias\/wp-content\/uploads\/2024\/07\/Caminhada-Sorocaba-Baixa-11-2.jpg'><img width=\"450\" height=\"300\" src=\"https:\/\/franciscanos.org.br\/noticias\/wp-content\/uploads\/2024\/07\/Caminhada-Sorocaba-Baixa-11-2-450x300.jpg\" class=\"attachment-medium size-medium\" alt=\"\" loading=\"lazy\" srcset=\"https:\/\/franciscanos.org.br\/noticias\/wp-content\/uploads\/2024\/07\/Caminhada-Sorocaba-Baixa-11-2-450x300.jpg 450w, https:\/\/franciscanos.org.br\/noticias\/wp-content\/uploads\/2024\/07\/Caminhada-Sorocaba-Baixa-11-2-768x512.jpg 768w, https:\/\/franciscanos.org.br\/noticias\/wp-content\/uploads\/2024\/07\/Caminhada-Sorocaba-Baixa-11-2-150x100.jpg 150w, https:\/\/franciscanos.org.br\/noticias\/wp-content\/uploads\/2024\/07\/Caminhada-Sorocaba-Baixa-11-2.jpg 1024w\" sizes=\"(max-width: 450px) 100vw, 450px\" \/><\/a>\n\t\t\t<\/dt><\/dl><dl class='gallery-item'>\n\t\t\t<dt class='gallery-icon landscape'>\n\t\t\t\t<a href='https:\/\/franciscanos.org.br\/noticias\/wp-content\/uploads\/2024\/07\/Caminhada-Sorocaba-Baixa-12-1.jpg'><img width=\"450\" height=\"300\" src=\"https:\/\/franciscanos.org.br\/noticias\/wp-content\/uploads\/2024\/07\/Caminhada-Sorocaba-Baixa-12-1-450x300.jpg\" class=\"attachment-medium size-medium\" alt=\"\" loading=\"lazy\" srcset=\"https:\/\/franciscanos.org.br\/noticias\/wp-content\/uploads\/2024\/07\/Caminhada-Sorocaba-Baixa-12-1-450x300.jpg 450w, https:\/\/franciscanos.org.br\/noticias\/wp-content\/uploads\/2024\/07\/Caminhada-Sorocaba-Baixa-12-1-768x512.jpg 768w, https:\/\/franciscanos.org.br\/noticias\/wp-content\/uploads\/2024\/07\/Caminhada-Sorocaba-Baixa-12-1-150x100.jpg 150w, https:\/\/franciscanos.org.br\/noticias\/wp-content\/uploads\/2024\/07\/Caminhada-Sorocaba-Baixa-12-1.jpg 1024w\" sizes=\"(max-width: 450px) 100vw, 450px\" \/><\/a>\n\t\t\t<\/dt><\/dl><br style=\"clear: both\" \/><dl class='gallery-item'>\n\t\t\t<dt class='gallery-icon landscape'>\n\t\t\t\t<a href='https:\/\/franciscanos.org.br\/noticias\/wp-content\/uploads\/2024\/07\/Caminhada-Sorocaba-Baixa-13.jpg'><img width=\"450\" height=\"300\" src=\"https:\/\/franciscanos.org.br\/noticias\/wp-content\/uploads\/2024\/07\/Caminhada-Sorocaba-Baixa-13-450x300.jpg\" class=\"attachment-medium size-medium\" alt=\"\" loading=\"lazy\" srcset=\"https:\/\/franciscanos.org.br\/noticias\/wp-content\/uploads\/2024\/07\/Caminhada-Sorocaba-Baixa-13-450x300.jpg 450w, https:\/\/franciscanos.org.br\/noticias\/wp-content\/uploads\/2024\/07\/Caminhada-Sorocaba-Baixa-13-768x512.jpg 768w, https:\/\/franciscanos.org.br\/noticias\/wp-content\/uploads\/2024\/07\/Caminhada-Sorocaba-Baixa-13-150x100.jpg 150w, https:\/\/franciscanos.org.br\/noticias\/wp-content\/uploads\/2024\/07\/Caminhada-Sorocaba-Baixa-13.jpg 1024w\" sizes=\"(max-width: 450px) 100vw, 450px\" \/><\/a>\n\t\t\t<\/dt><\/dl><dl class='gallery-item'>\n\t\t\t<dt class='gallery-icon landscape'>\n\t\t\t\t<a href='https:\/\/franciscanos.org.br\/noticias\/wp-content\/uploads\/2024\/07\/Caminhada-Sorocaba-Baixa-14.jpg'><img width=\"450\" height=\"300\" src=\"https:\/\/franciscanos.org.br\/noticias\/wp-content\/uploads\/2024\/07\/Caminhada-Sorocaba-Baixa-14-450x300.jpg\" class=\"attachment-medium size-medium\" alt=\"\" loading=\"lazy\" srcset=\"https:\/\/franciscanos.org.br\/noticias\/wp-content\/uploads\/2024\/07\/Caminhada-Sorocaba-Baixa-14-450x300.jpg 450w, https:\/\/franciscanos.org.br\/noticias\/wp-content\/uploads\/2024\/07\/Caminhada-Sorocaba-Baixa-14-768x512.jpg 768w, https:\/\/franciscanos.org.br\/noticias\/wp-content\/uploads\/2024\/07\/Caminhada-Sorocaba-Baixa-14-150x100.jpg 150w, https:\/\/franciscanos.org.br\/noticias\/wp-content\/uploads\/2024\/07\/Caminhada-Sorocaba-Baixa-14.jpg 1024w\" sizes=\"(max-width: 450px) 100vw, 450px\" \/><\/a>\n\t\t\t<\/dt><\/dl><dl class='gallery-item'>\n\t\t\t<dt class='gallery-icon landscape'>\n\t\t\t\t<a href='https:\/\/franciscanos.org.br\/noticias\/wp-content\/uploads\/2024\/07\/Caminhada-Sorocaba-Baixa-15-1.jpg'><img width=\"450\" height=\"300\" src=\"https:\/\/franciscanos.org.br\/noticias\/wp-content\/uploads\/2024\/07\/Caminhada-Sorocaba-Baixa-15-1-450x300.jpg\" class=\"attachment-medium size-medium\" alt=\"\" loading=\"lazy\" srcset=\"https:\/\/franciscanos.org.br\/noticias\/wp-content\/uploads\/2024\/07\/Caminhada-Sorocaba-Baixa-15-1-450x300.jpg 450w, https:\/\/franciscanos.org.br\/noticias\/wp-content\/uploads\/2024\/07\/Caminhada-Sorocaba-Baixa-15-1-768x512.jpg 768w, https:\/\/franciscanos.org.br\/noticias\/wp-content\/uploads\/2024\/07\/Caminhada-Sorocaba-Baixa-15-1-150x100.jpg 150w, https:\/\/franciscanos.org.br\/noticias\/wp-content\/uploads\/2024\/07\/Caminhada-Sorocaba-Baixa-15-1.jpg 1024w\" sizes=\"(max-width: 450px) 100vw, 450px\" \/><\/a>\n\t\t\t<\/dt><\/dl><dl class='gallery-item'>\n\t\t\t<dt class='gallery-icon landscape'>\n\t\t\t\t<a href='https:\/\/franciscanos.org.br\/noticias\/wp-content\/uploads\/2024\/07\/Caminhada-Sorocaba-Baixa-16-1.jpg'><img width=\"450\" height=\"253\" src=\"https:\/\/franciscanos.org.br\/noticias\/wp-content\/uploads\/2024\/07\/Caminhada-Sorocaba-Baixa-16-1-450x253.jpg\" class=\"attachment-medium size-medium\" alt=\"\" loading=\"lazy\" srcset=\"https:\/\/franciscanos.org.br\/noticias\/wp-content\/uploads\/2024\/07\/Caminhada-Sorocaba-Baixa-16-1-450x253.jpg 450w, https:\/\/franciscanos.org.br\/noticias\/wp-content\/uploads\/2024\/07\/Caminhada-Sorocaba-Baixa-16-1-768x431.jpg 768w, https:\/\/franciscanos.org.br\/noticias\/wp-content\/uploads\/2024\/07\/Caminhada-Sorocaba-Baixa-16-1-150x84.jpg 150w, https:\/\/franciscanos.org.br\/noticias\/wp-content\/uploads\/2024\/07\/Caminhada-Sorocaba-Baixa-16-1.jpg 1024w\" sizes=\"(max-width: 450px) 100vw, 450px\" \/><\/a>\n\t\t\t<\/dt><\/dl><br style=\"clear: both\" \/><dl class='gallery-item'>\n\t\t\t<dt class='gallery-icon landscape'>\n\t\t\t\t<a href='https:\/\/franciscanos.org.br\/noticias\/wp-content\/uploads\/2024\/07\/Caminhada-Sorocaba-Baixa-17-1.jpg'><img width=\"450\" height=\"300\" src=\"https:\/\/franciscanos.org.br\/noticias\/wp-content\/uploads\/2024\/07\/Caminhada-Sorocaba-Baixa-17-1-450x300.jpg\" class=\"attachment-medium size-medium\" alt=\"\" loading=\"lazy\" srcset=\"https:\/\/franciscanos.org.br\/noticias\/wp-content\/uploads\/2024\/07\/Caminhada-Sorocaba-Baixa-17-1-450x300.jpg 450w, https:\/\/franciscanos.org.br\/noticias\/wp-content\/uploads\/2024\/07\/Caminhada-Sorocaba-Baixa-17-1-768x512.jpg 768w, https:\/\/franciscanos.org.br\/noticias\/wp-content\/uploads\/2024\/07\/Caminhada-Sorocaba-Baixa-17-1-150x100.jpg 150w, https:\/\/franciscanos.org.br\/noticias\/wp-content\/uploads\/2024\/07\/Caminhada-Sorocaba-Baixa-17-1.jpg 1024w\" sizes=\"(max-width: 450px) 100vw, 450px\" \/><\/a>\n\t\t\t<\/dt><\/dl><dl class='gallery-item'>\n\t\t\t<dt class='gallery-icon landscape'>\n\t\t\t\t<a href='https:\/\/franciscanos.org.br\/noticias\/wp-content\/uploads\/2024\/07\/Caminhada-Sorocaba-Baixa-18-1.jpg'><img width=\"450\" height=\"300\" src=\"https:\/\/franciscanos.org.br\/noticias\/wp-content\/uploads\/2024\/07\/Caminhada-Sorocaba-Baixa-18-1-450x300.jpg\" class=\"attachment-medium size-medium\" alt=\"\" loading=\"lazy\" srcset=\"https:\/\/franciscanos.org.br\/noticias\/wp-content\/uploads\/2024\/07\/Caminhada-Sorocaba-Baixa-18-1-450x300.jpg 450w, https:\/\/franciscanos.org.br\/noticias\/wp-content\/uploads\/2024\/07\/Caminhada-Sorocaba-Baixa-18-1-768x512.jpg 768w, https:\/\/franciscanos.org.br\/noticias\/wp-content\/uploads\/2024\/07\/Caminhada-Sorocaba-Baixa-18-1-150x100.jpg 150w, https:\/\/franciscanos.org.br\/noticias\/wp-content\/uploads\/2024\/07\/Caminhada-Sorocaba-Baixa-18-1.jpg 1024w\" sizes=\"(max-width: 450px) 100vw, 450px\" \/><\/a>\n\t\t\t<\/dt><\/dl><dl class='gallery-item'>\n\t\t\t<dt class='gallery-icon landscape'>\n\t\t\t\t<a href='https:\/\/franciscanos.org.br\/noticias\/wp-content\/uploads\/2024\/07\/Caminhada-Sorocaba-Baixa-19-1.jpg'><img width=\"450\" height=\"253\" src=\"https:\/\/franciscanos.org.br\/noticias\/wp-content\/uploads\/2024\/07\/Caminhada-Sorocaba-Baixa-19-1-450x253.jpg\" class=\"attachment-medium size-medium\" alt=\"\" loading=\"lazy\" srcset=\"https:\/\/franciscanos.org.br\/noticias\/wp-content\/uploads\/2024\/07\/Caminhada-Sorocaba-Baixa-19-1-450x253.jpg 450w, https:\/\/franciscanos.org.br\/noticias\/wp-content\/uploads\/2024\/07\/Caminhada-Sorocaba-Baixa-19-1-768x431.jpg 768w, https:\/\/franciscanos.org.br\/noticias\/wp-content\/uploads\/2024\/07\/Caminhada-Sorocaba-Baixa-19-1-150x84.jpg 150w, https:\/\/franciscanos.org.br\/noticias\/wp-content\/uploads\/2024\/07\/Caminhada-Sorocaba-Baixa-19-1.jpg 1024w\" sizes=\"(max-width: 450px) 100vw, 450px\" \/><\/a>\n\t\t\t<\/dt><\/dl><dl class='gallery-item'>\n\t\t\t<dt class='gallery-icon landscape'>\n\t\t\t\t<a href='https:\/\/franciscanos.org.br\/noticias\/wp-content\/uploads\/2024\/07\/Caminhada-Sorocaba-Baixa-20-1.jpg'><img width=\"450\" height=\"300\" src=\"https:\/\/franciscanos.org.br\/noticias\/wp-content\/uploads\/2024\/07\/Caminhada-Sorocaba-Baixa-20-1-450x300.jpg\" class=\"attachment-medium size-medium\" alt=\"\" loading=\"lazy\" srcset=\"https:\/\/franciscanos.org.br\/noticias\/wp-content\/uploads\/2024\/07\/Caminhada-Sorocaba-Baixa-20-1-450x300.jpg 450w, https:\/\/franciscanos.org.br\/noticias\/wp-content\/uploads\/2024\/07\/Caminhada-Sorocaba-Baixa-20-1-768x512.jpg 768w, https:\/\/franciscanos.org.br\/noticias\/wp-content\/uploads\/2024\/07\/Caminhada-Sorocaba-Baixa-20-1-150x100.jpg 150w, https:\/\/franciscanos.org.br\/noticias\/wp-content\/uploads\/2024\/07\/Caminhada-Sorocaba-Baixa-20-1.jpg 1024w\" sizes=\"(max-width: 450px) 100vw, 450px\" \/><\/a>\n\t\t\t<\/dt><\/dl><br style=\"clear: both\" \/><dl class='gallery-item'>\n\t\t\t<dt class='gallery-icon landscape'>\n\t\t\t\t<a href='https:\/\/franciscanos.org.br\/noticias\/wp-content\/uploads\/2024\/07\/Caminhada-Sorocaba-Baixa-21-1.jpg'><img width=\"450\" height=\"300\" src=\"https:\/\/franciscanos.org.br\/noticias\/wp-content\/uploads\/2024\/07\/Caminhada-Sorocaba-Baixa-21-1-450x300.jpg\" class=\"attachment-medium size-medium\" alt=\"\" loading=\"lazy\" srcset=\"https:\/\/franciscanos.org.br\/noticias\/wp-content\/uploads\/2024\/07\/Caminhada-Sorocaba-Baixa-21-1-450x300.jpg 450w, https:\/\/franciscanos.org.br\/noticias\/wp-content\/uploads\/2024\/07\/Caminhada-Sorocaba-Baixa-21-1-768x512.jpg 768w, https:\/\/franciscanos.org.br\/noticias\/wp-content\/uploads\/2024\/07\/Caminhada-Sorocaba-Baixa-21-1-150x100.jpg 150w, https:\/\/franciscanos.org.br\/noticias\/wp-content\/uploads\/2024\/07\/Caminhada-Sorocaba-Baixa-21-1.jpg 1024w\" sizes=\"(max-width: 450px) 100vw, 450px\" \/><\/a>\n\t\t\t<\/dt><\/dl><dl class='gallery-item'>\n\t\t\t<dt class='gallery-icon landscape'>\n\t\t\t\t<a href='https:\/\/franciscanos.org.br\/noticias\/wp-content\/uploads\/2024\/07\/Caminhada-Sorocaba-Baixa-22-1.jpg'><img width=\"450\" height=\"300\" src=\"https:\/\/franciscanos.org.br\/noticias\/wp-content\/uploads\/2024\/07\/Caminhada-Sorocaba-Baixa-22-1-450x300.jpg\" class=\"attachment-medium size-medium\" alt=\"\" loading=\"lazy\" srcset=\"https:\/\/franciscanos.org.br\/noticias\/wp-content\/uploads\/2024\/07\/Caminhada-Sorocaba-Baixa-22-1-450x300.jpg 450w, https:\/\/franciscanos.org.br\/noticias\/wp-content\/uploads\/2024\/07\/Caminhada-Sorocaba-Baixa-22-1-768x512.jpg 768w, https:\/\/franciscanos.org.br\/noticias\/wp-content\/uploads\/2024\/07\/Caminhada-Sorocaba-Baixa-22-1-150x100.jpg 150w, https:\/\/franciscanos.org.br\/noticias\/wp-content\/uploads\/2024\/07\/Caminhada-Sorocaba-Baixa-22-1.jpg 1024w\" sizes=\"(max-width: 450px) 100vw, 450px\" \/><\/a>\n\t\t\t<\/dt><\/dl><dl class='gallery-item'>\n\t\t\t<dt class='gallery-icon landscape'>\n\t\t\t\t<a href='https:\/\/franciscanos.org.br\/noticias\/wp-content\/uploads\/2024\/07\/Caminhada-Sorocaba-Baixa-23-2.jpg'><img width=\"450\" height=\"300\" src=\"https:\/\/franciscanos.org.br\/noticias\/wp-content\/uploads\/2024\/07\/Caminhada-Sorocaba-Baixa-23-2-450x300.jpg\" class=\"attachment-medium size-medium\" alt=\"\" loading=\"lazy\" srcset=\"https:\/\/franciscanos.org.br\/noticias\/wp-content\/uploads\/2024\/07\/Caminhada-Sorocaba-Baixa-23-2-450x300.jpg 450w, https:\/\/franciscanos.org.br\/noticias\/wp-content\/uploads\/2024\/07\/Caminhada-Sorocaba-Baixa-23-2-768x512.jpg 768w, https:\/\/franciscanos.org.br\/noticias\/wp-content\/uploads\/2024\/07\/Caminhada-Sorocaba-Baixa-23-2-150x100.jpg 150w, https:\/\/franciscanos.org.br\/noticias\/wp-content\/uploads\/2024\/07\/Caminhada-Sorocaba-Baixa-23-2.jpg 1024w\" sizes=\"(max-width: 450px) 100vw, 450px\" \/><\/a>\n\t\t\t<\/dt><\/dl><dl class='gallery-item'>\n\t\t\t<dt class='gallery-icon landscape'>\n\t\t\t\t<a href='https:\/\/franciscanos.org.br\/noticias\/wp-content\/uploads\/2024\/07\/Caminhada-Sorocaba-Baixa-24.jpg'><img width=\"450\" height=\"300\" src=\"https:\/\/franciscanos.org.br\/noticias\/wp-content\/uploads\/2024\/07\/Caminhada-Sorocaba-Baixa-24-450x300.jpg\" class=\"attachment-medium size-medium\" alt=\"\" loading=\"lazy\" srcset=\"https:\/\/franciscanos.org.br\/noticias\/wp-content\/uploads\/2024\/07\/Caminhada-Sorocaba-Baixa-24-450x300.jpg 450w, https:\/\/franciscanos.org.br\/noticias\/wp-content\/uploads\/2024\/07\/Caminhada-Sorocaba-Baixa-24-768x512.jpg 768w, https:\/\/franciscanos.org.br\/noticias\/wp-content\/uploads\/2024\/07\/Caminhada-Sorocaba-Baixa-24-150x100.jpg 150w, https:\/\/franciscanos.org.br\/noticias\/wp-content\/uploads\/2024\/07\/Caminhada-Sorocaba-Baixa-24.jpg 1024w\" sizes=\"(max-width: 450px) 100vw, 450px\" \/><\/a>\n\t\t\t<\/dt><\/dl><br style=\"clear: both\" \/><dl class='gallery-item'>\n\t\t\t<dt class='gallery-icon landscape'>\n\t\t\t\t<a href='https:\/\/franciscanos.org.br\/noticias\/wp-content\/uploads\/2024\/07\/Caminhada-Sorocaba-Baixa-25.jpg'><img width=\"450\" height=\"300\" src=\"https:\/\/franciscanos.org.br\/noticias\/wp-content\/uploads\/2024\/07\/Caminhada-Sorocaba-Baixa-25-450x300.jpg\" class=\"attachment-medium size-medium\" alt=\"\" loading=\"lazy\" srcset=\"https:\/\/franciscanos.org.br\/noticias\/wp-content\/uploads\/2024\/07\/Caminhada-Sorocaba-Baixa-25-450x300.jpg 450w, https:\/\/franciscanos.org.br\/noticias\/wp-content\/uploads\/2024\/07\/Caminhada-Sorocaba-Baixa-25-768x512.jpg 768w, https:\/\/franciscanos.org.br\/noticias\/wp-content\/uploads\/2024\/07\/Caminhada-Sorocaba-Baixa-25-150x100.jpg 150w, https:\/\/franciscanos.org.br\/noticias\/wp-content\/uploads\/2024\/07\/Caminhada-Sorocaba-Baixa-25.jpg 1024w\" sizes=\"(max-width: 450px) 100vw, 450px\" \/><\/a>\n\t\t\t<\/dt><\/dl><dl class='gallery-item'>\n\t\t\t<dt class='gallery-icon landscape'>\n\t\t\t\t<a href='https:\/\/franciscanos.org.br\/noticias\/wp-content\/uploads\/2024\/07\/Caminhada-Sorocaba-Baixa-26-2.jpg'><img width=\"450\" height=\"300\" src=\"https:\/\/franciscanos.org.br\/noticias\/wp-content\/uploads\/2024\/07\/Caminhada-Sorocaba-Baixa-26-2-450x300.jpg\" class=\"attachment-medium size-medium\" alt=\"\" loading=\"lazy\" srcset=\"https:\/\/franciscanos.org.br\/noticias\/wp-content\/uploads\/2024\/07\/Caminhada-Sorocaba-Baixa-26-2-450x300.jpg 450w, https:\/\/franciscanos.org.br\/noticias\/wp-content\/uploads\/2024\/07\/Caminhada-Sorocaba-Baixa-26-2-768x512.jpg 768w, https:\/\/franciscanos.org.br\/noticias\/wp-content\/uploads\/2024\/07\/Caminhada-Sorocaba-Baixa-26-2-150x100.jpg 150w, https:\/\/franciscanos.org.br\/noticias\/wp-content\/uploads\/2024\/07\/Caminhada-Sorocaba-Baixa-26-2.jpg 1024w\" sizes=\"(max-width: 450px) 100vw, 450px\" \/><\/a>\n\t\t\t<\/dt><\/dl><dl class='gallery-item'>\n\t\t\t<dt class='gallery-icon landscape'>\n\t\t\t\t<a href='https:\/\/franciscanos.org.br\/noticias\/wp-content\/uploads\/2024\/07\/Caminhada-Sorocaba-Baixa-27.jpg'><img width=\"450\" height=\"300\" src=\"https:\/\/franciscanos.org.br\/noticias\/wp-content\/uploads\/2024\/07\/Caminhada-Sorocaba-Baixa-27-450x300.jpg\" class=\"attachment-medium size-medium\" alt=\"\" loading=\"lazy\" srcset=\"https:\/\/franciscanos.org.br\/noticias\/wp-content\/uploads\/2024\/07\/Caminhada-Sorocaba-Baixa-27-450x300.jpg 450w, https:\/\/franciscanos.org.br\/noticias\/wp-content\/uploads\/2024\/07\/Caminhada-Sorocaba-Baixa-27-768x512.jpg 768w, https:\/\/franciscanos.org.br\/noticias\/wp-content\/uploads\/2024\/07\/Caminhada-Sorocaba-Baixa-27-150x100.jpg 150w, https:\/\/franciscanos.org.br\/noticias\/wp-content\/uploads\/2024\/07\/Caminhada-Sorocaba-Baixa-27.jpg 1024w\" sizes=\"(max-width: 450px) 100vw, 450px\" \/><\/a>\n\t\t\t<\/dt><\/dl><dl class='gallery-item'>\n\t\t\t<dt class='gallery-icon landscape'>\n\t\t\t\t<a href='https:\/\/franciscanos.org.br\/noticias\/wp-content\/uploads\/2024\/07\/Caminhada-Sorocaba-Baixa-28.jpg'><img width=\"450\" height=\"300\" src=\"https:\/\/franciscanos.org.br\/noticias\/wp-content\/uploads\/2024\/07\/Caminhada-Sorocaba-Baixa-28-450x300.jpg\" class=\"attachment-medium size-medium\" alt=\"\" loading=\"lazy\" srcset=\"https:\/\/franciscanos.org.br\/noticias\/wp-content\/uploads\/2024\/07\/Caminhada-Sorocaba-Baixa-28-450x300.jpg 450w, https:\/\/franciscanos.org.br\/noticias\/wp-content\/uploads\/2024\/07\/Caminhada-Sorocaba-Baixa-28-768x512.jpg 768w, https:\/\/franciscanos.org.br\/noticias\/wp-content\/uploads\/2024\/07\/Caminhada-Sorocaba-Baixa-28-150x100.jpg 150w, https:\/\/franciscanos.org.br\/noticias\/wp-content\/uploads\/2024\/07\/Caminhada-Sorocaba-Baixa-28.jpg 1024w\" sizes=\"(max-width: 450px) 100vw, 450px\" \/><\/a>\n\t\t\t<\/dt><\/dl><br style=\"clear: both\" \/>\n\t\t<\/div>\n\n","protected":false},"excerpt":{"rendered":"<p>Evento reuniu 400 jovens<\/p>\n","protected":false},"author":11,"featured_media":249069,"comment_status":"open","ping_status":"open","sticky":false,"template":"","format":"standard","meta":[],"categories":[1],"tags":[699,2056],"acf":[],"yoast_head":"<!-- This site is optimized with the Yoast SEO plugin v19.2 - https:\/\/yoast.com\/wordpress\/plugins\/seo\/ -->\n<title>CFJ Sorocaba: &quot;Todo peregrino anseia por algo maior&quot; - Not\u00edcias - Franciscanos<\/title>\n<meta name=\"robots\" content=\"index, follow, max-snippet:-1, max-image-preview:large, max-video-preview:-1\" \/>\n<link rel=\"canonical\" href=\"https:\/\/franciscanos.org.br\/noticias\/cfj-sorocaba-todo-peregrino-anseia-por-algo-maior.html\" \/>\n<meta property=\"og:locale\" content=\"pt_BR\" \/>\n<meta property=\"og:type\" content=\"article\" \/>\n<meta property=\"og:title\" content=\"CFJ Sorocaba: &quot;Todo peregrino anseia por algo maior&quot; - Not\u00edcias - Franciscanos\" \/>\n<meta property=\"og:description\" content=\"Evento reuniu 400 jovens\" \/>\n<meta property=\"og:url\" content=\"https:\/\/franciscanos.org.br\/noticias\/cfj-sorocaba-todo-peregrino-anseia-por-algo-maior.html\" \/>\n<meta property=\"og:site_name\" content=\"Not\u00edcias - Franciscanos\" \/>\n<meta property=\"article:published_time\" content=\"2024-07-22T12:38:39+00:00\" \/>\n<meta property=\"article:modified_time\" content=\"2025-03-10T19:06:43+00:00\" \/>\n<meta property=\"og:image\" content=\"https:\/\/franciscanos.org.br\/noticias\/wp-content\/uploads\/2024\/07\/Caminhada-Sorocaba-Baixa-02.jpg\" \/>\n\t<meta property=\"og:image:width\" content=\"1024\" \/>\n\t<meta property=\"og:image:height\" content=\"683\" \/>\n\t<meta property=\"og:image:type\" content=\"image\/jpeg\" \/>\n<meta name=\"author\" content=\"Adriana Rabelo\" \/>\n<meta name=\"twitter:card\" content=\"summary_large_image\" \/>\n<meta name=\"twitter:label1\" content=\"Escrito por\" \/>\n\t<meta name=\"twitter:data1\" content=\"Adriana Rabelo\" \/>\n\t<meta name=\"twitter:label2\" content=\"Est. tempo de leitura\" \/>\n\t<meta name=\"twitter:data2\" content=\"20 minutos\" \/>\n<script type=\"application\/ld+json\" class=\"yoast-schema-graph\">{\"@context\":\"https:\/\/schema.org\",\"@graph\":[{\"@type\":\"WebSite\",\"@id\":\"https:\/\/franciscanos.org.br\/noticias\/#website\",\"url\":\"https:\/\/franciscanos.org.br\/noticias\/\",\"name\":\"Not\u00edcias - Franciscanos\",\"description\":\"Prov\u00edncia Franciscana da Imaculada Concei\u00e7\u00e3o do Brasil - Ordem dos Frades Menores - OFM\",\"potentialAction\":[{\"@type\":\"SearchAction\",\"target\":{\"@type\":\"EntryPoint\",\"urlTemplate\":\"https:\/\/franciscanos.org.br\/noticias\/?s={search_term_string}\"},\"query-input\":\"required name=search_term_string\"}],\"inLanguage\":\"pt-BR\"},{\"@type\":\"ImageObject\",\"inLanguage\":\"pt-BR\",\"@id\":\"https:\/\/franciscanos.org.br\/noticias\/cfj-sorocaba-todo-peregrino-anseia-por-algo-maior.html#primaryimage\",\"url\":\"https:\/\/franciscanos.org.br\/noticias\/wp-content\/uploads\/2024\/07\/Caminhada-Sorocaba-Baixa-02.jpg\",\"contentUrl\":\"https:\/\/franciscanos.org.br\/noticias\/wp-content\/uploads\/2024\/07\/Caminhada-Sorocaba-Baixa-02.jpg\",\"width\":1024,\"height\":683},{\"@type\":\"WebPage\",\"@id\":\"https:\/\/franciscanos.org.br\/noticias\/cfj-sorocaba-todo-peregrino-anseia-por-algo-maior.html#webpage\",\"url\":\"https:\/\/franciscanos.org.br\/noticias\/cfj-sorocaba-todo-peregrino-anseia-por-algo-maior.html\",\"name\":\"CFJ Sorocaba: \\\"Todo peregrino anseia por algo maior\\\" - Not\u00edcias - Franciscanos\",\"isPartOf\":{\"@id\":\"https:\/\/franciscanos.org.br\/noticias\/#website\"},\"primaryImageOfPage\":{\"@id\":\"https:\/\/franciscanos.org.br\/noticias\/cfj-sorocaba-todo-peregrino-anseia-por-algo-maior.html#primaryimage\"},\"datePublished\":\"2024-07-22T12:38:39+00:00\",\"dateModified\":\"2025-03-10T19:06:43+00:00\",\"author\":{\"@id\":\"https:\/\/franciscanos.org.br\/noticias\/#\/schema\/person\/d9422e83121c3ad3b0f423d195f5bb25\"},\"breadcrumb\":{\"@id\":\"https:\/\/franciscanos.org.br\/noticias\/cfj-sorocaba-todo-peregrino-anseia-por-algo-maior.html#breadcrumb\"},\"inLanguage\":\"pt-BR\",\"potentialAction\":[{\"@type\":\"ReadAction\",\"target\":[\"https:\/\/franciscanos.org.br\/noticias\/cfj-sorocaba-todo-peregrino-anseia-por-algo-maior.html\"]}]},{\"@type\":\"BreadcrumbList\",\"@id\":\"https:\/\/franciscanos.org.br\/noticias\/cfj-sorocaba-todo-peregrino-anseia-por-algo-maior.html#breadcrumb\",\"itemListElement\":[{\"@type\":\"ListItem\",\"position\":1,\"name\":\"Home\",\"item\":\"https:\/\/franciscanos.org.br\/noticias\"},{\"@type\":\"ListItem\",\"position\":2,\"name\":\"CFJ Sorocaba: &#8220;Todo peregrino anseia por algo maior&#8221;\"}]},{\"@type\":\"Person\",\"@id\":\"https:\/\/franciscanos.org.br\/noticias\/#\/schema\/person\/d9422e83121c3ad3b0f423d195f5bb25\",\"name\":\"Adriana Rabelo\",\"image\":{\"@type\":\"ImageObject\",\"inLanguage\":\"pt-BR\",\"@id\":\"https:\/\/franciscanos.org.br\/noticias\/#\/schema\/person\/image\/\",\"url\":\"https:\/\/secure.gravatar.com\/avatar\/0a937b7500cd7df77540cfb8bede877d?s=96&d=mm&r=g\",\"contentUrl\":\"https:\/\/secure.gravatar.com\/avatar\/0a937b7500cd7df77540cfb8bede877d?s=96&d=mm&r=g\",\"caption\":\"Adriana Rabelo\"},\"url\":\"https:\/\/franciscanos.org.br\/noticias\/author\/adrianarabelo\"}]}<\/script>\n<!-- \/ Yoast SEO plugin. -->","yoast_head_json":{"title":"CFJ Sorocaba: \"Todo peregrino anseia por algo maior\" - Not\u00edcias - Franciscanos","robots":{"index":"index","follow":"follow","max-snippet":"max-snippet:-1","max-image-preview":"max-image-preview:large","max-video-preview":"max-video-preview:-1"},"canonical":"https:\/\/franciscanos.org.br\/noticias\/cfj-sorocaba-todo-peregrino-anseia-por-algo-maior.html","og_locale":"pt_BR","og_type":"article","og_title":"CFJ Sorocaba: \"Todo peregrino anseia por algo maior\" - Not\u00edcias - Franciscanos","og_description":"Evento reuniu 400 jovens","og_url":"https:\/\/franciscanos.org.br\/noticias\/cfj-sorocaba-todo-peregrino-anseia-por-algo-maior.html","og_site_name":"Not\u00edcias - Franciscanos","article_published_time":"2024-07-22T12:38:39+00:00","article_modified_time":"2025-03-10T19:06:43+00:00","og_image":[{"width":1024,"height":683,"url":"https:\/\/franciscanos.org.br\/noticias\/wp-content\/uploads\/2024\/07\/Caminhada-Sorocaba-Baixa-02.jpg","type":"image\/jpeg"}],"author":"Adriana Rabelo","twitter_card":"summary_large_image","twitter_misc":{"Escrito por":"Adriana Rabelo","Est. tempo de leitura":"20 minutos"},"schema":{"@context":"https:\/\/schema.org","@graph":[{"@type":"WebSite","@id":"https:\/\/franciscanos.org.br\/noticias\/#website","url":"https:\/\/franciscanos.org.br\/noticias\/","name":"Not\u00edcias - Franciscanos","description":"Prov\u00edncia Franciscana da Imaculada Concei\u00e7\u00e3o do Brasil - Ordem dos Frades Menores - OFM","potentialAction":[{"@type":"SearchAction","target":{"@type":"EntryPoint","urlTemplate":"https:\/\/franciscanos.org.br\/noticias\/?s={search_term_string}"},"query-input":"required name=search_term_string"}],"inLanguage":"pt-BR"},{"@type":"ImageObject","inLanguage":"pt-BR","@id":"https:\/\/franciscanos.org.br\/noticias\/cfj-sorocaba-todo-peregrino-anseia-por-algo-maior.html#primaryimage","url":"https:\/\/franciscanos.org.br\/noticias\/wp-content\/uploads\/2024\/07\/Caminhada-Sorocaba-Baixa-02.jpg","contentUrl":"https:\/\/franciscanos.org.br\/noticias\/wp-content\/uploads\/2024\/07\/Caminhada-Sorocaba-Baixa-02.jpg","width":1024,"height":683},{"@type":"WebPage","@id":"https:\/\/franciscanos.org.br\/noticias\/cfj-sorocaba-todo-peregrino-anseia-por-algo-maior.html#webpage","url":"https:\/\/franciscanos.org.br\/noticias\/cfj-sorocaba-todo-peregrino-anseia-por-algo-maior.html","name":"CFJ Sorocaba: \"Todo peregrino anseia por algo maior\" - Not\u00edcias - Franciscanos","isPartOf":{"@id":"https:\/\/franciscanos.org.br\/noticias\/#website"},"primaryImageOfPage":{"@id":"https:\/\/franciscanos.org.br\/noticias\/cfj-sorocaba-todo-peregrino-anseia-por-algo-maior.html#primaryimage"},"datePublished":"2024-07-22T12:38:39+00:00","dateModified":"2025-03-10T19:06:43+00:00","author":{"@id":"https:\/\/franciscanos.org.br\/noticias\/#\/schema\/person\/d9422e83121c3ad3b0f423d195f5bb25"},"breadcrumb":{"@id":"https:\/\/franciscanos.org.br\/noticias\/cfj-sorocaba-todo-peregrino-anseia-por-algo-maior.html#breadcrumb"},"inLanguage":"pt-BR","potentialAction":[{"@type":"ReadAction","target":["https:\/\/franciscanos.org.br\/noticias\/cfj-sorocaba-todo-peregrino-anseia-por-algo-maior.html"]}]},{"@type":"BreadcrumbList","@id":"https:\/\/franciscanos.org.br\/noticias\/cfj-sorocaba-todo-peregrino-anseia-por-algo-maior.html#breadcrumb","itemListElement":[{"@type":"ListItem","position":1,"name":"Home","item":"https:\/\/franciscanos.org.br\/noticias"},{"@type":"ListItem","position":2,"name":"CFJ Sorocaba: &#8220;Todo peregrino anseia por algo maior&#8221;"}]},{"@type":"Person","@id":"https:\/\/franciscanos.org.br\/noticias\/#\/schema\/person\/d9422e83121c3ad3b0f423d195f5bb25","name":"Adriana Rabelo","image":{"@type":"ImageObject","inLanguage":"pt-BR","@id":"https:\/\/franciscanos.org.br\/noticias\/#\/schema\/person\/image\/","url":"https:\/\/secure.gravatar.com\/avatar\/0a937b7500cd7df77540cfb8bede877d?s=96&d=mm&r=g","contentUrl":"https:\/\/secure.gravatar.com\/avatar\/0a937b7500cd7df77540cfb8bede877d?s=96&d=mm&r=g","caption":"Adriana Rabelo"},"url":"https:\/\/franciscanos.org.br\/noticias\/author\/adrianarabelo"}]}},"_links":{"self":[{"href":"https:\/\/franciscanos.org.br\/noticias\/wp-json\/wp\/v2\/posts\/249066"}],"collection":[{"href":"https:\/\/franciscanos.org.br\/noticias\/wp-json\/wp\/v2\/posts"}],"about":[{"href":"https:\/\/franciscanos.org.br\/noticias\/wp-json\/wp\/v2\/types\/post"}],"author":[{"embeddable":true,"href":"https:\/\/franciscanos.org.br\/noticias\/wp-json\/wp\/v2\/users\/11"}],"replies":[{"embeddable":true,"href":"https:\/\/franciscanos.org.br\/noticias\/wp-json\/wp\/v2\/comments?post=249066"}],"version-history":[{"count":14,"href":"https:\/\/franciscanos.org.br\/noticias\/wp-json\/wp\/v2\/posts\/249066\/revisions"}],"predecessor-version":[{"id":249141,"href":"https:\/\/franciscanos.org.br\/noticias\/wp-json\/wp\/v2\/posts\/249066\/revisions\/249141"}],"wp:featuredmedia":[{"embeddable":true,"href":"https:\/\/franciscanos.org.br\/noticias\/wp-json\/wp\/v2\/media\/249069"}],"wp:attachment":[{"href":"https:\/\/franciscanos.org.br\/noticias\/wp-json\/wp\/v2\/media?parent=249066"}],"wp:term":[{"taxonomy":"category","embeddable":true,"href":"https:\/\/franciscanos.org.br\/noticias\/wp-json\/wp\/v2\/categories?post=249066"},{"taxonomy":"post_tag","embeddable":true,"href":"https:\/\/franciscanos.org.br\/noticias\/wp-json\/wp\/v2\/tags?post=249066"}],"curies":[{"name":"wp","href":"https:\/\/api.w.org\/{rel}","templated":true}]}}