{"id":249039,"date":"2024-07-19T12:04:04","date_gmt":"2024-07-19T15:04:04","guid":{"rendered":"https:\/\/franciscanos.org.br\/noticias\/?p=249039"},"modified":"2024-07-19T13:19:40","modified_gmt":"2024-07-19T16:19:40","slug":"sorocaba-acolhe-400-jovens-para-a-caminhada-franciscana-da-juventude","status":"publish","type":"post","link":"https:\/\/franciscanos.org.br\/noticias\/sorocaba-acolhe-400-jovens-para-a-caminhada-franciscana-da-juventude.html","title":{"rendered":"Sorocaba acolhe 400 jovens para a Caminhada Franciscana da Juventude"},"content":{"rendered":"<p><img loading=\"lazy\" class=\"aligncenter wp-image-249055 size-full\" src=\"https:\/\/franciscanos.org.br\/noticias\/wp-content\/uploads\/2024\/07\/Encontro-com-as-Fami\u0301lias-Acolhedoras-Sorocaba-2024-2-scaled.jpg\" alt=\"\" width=\"1920\" height=\"1080\" srcset=\"https:\/\/franciscanos.org.br\/noticias\/wp-content\/uploads\/2024\/07\/Encontro-com-as-Fami\u0301lias-Acolhedoras-Sorocaba-2024-2-scaled.jpg 1920w, https:\/\/franciscanos.org.br\/noticias\/wp-content\/uploads\/2024\/07\/Encontro-com-as-Fami\u0301lias-Acolhedoras-Sorocaba-2024-2-450x253.jpg 450w, https:\/\/franciscanos.org.br\/noticias\/wp-content\/uploads\/2024\/07\/Encontro-com-as-Fami\u0301lias-Acolhedoras-Sorocaba-2024-2-1024x576.jpg 1024w, https:\/\/franciscanos.org.br\/noticias\/wp-content\/uploads\/2024\/07\/Encontro-com-as-Fami\u0301lias-Acolhedoras-Sorocaba-2024-2-768x432.jpg 768w, https:\/\/franciscanos.org.br\/noticias\/wp-content\/uploads\/2024\/07\/Encontro-com-as-Fami\u0301lias-Acolhedoras-Sorocaba-2024-2-1536x864.jpg 1536w, https:\/\/franciscanos.org.br\/noticias\/wp-content\/uploads\/2024\/07\/Encontro-com-as-Fami\u0301lias-Acolhedoras-Sorocaba-2024-2-2048x1152.jpg 2048w, https:\/\/franciscanos.org.br\/noticias\/wp-content\/uploads\/2024\/07\/Encontro-com-as-Fami\u0301lias-Acolhedoras-Sorocaba-2024-2-150x84.jpg 150w\" sizes=\"(max-width: 1920px) 100vw, 1920px\" \/><\/p>\n<p>Neste final de semana a cidade de Sorocaba (SP) acolhe 400 jovens para a XII edi\u00e7\u00e3o da Caminhada Franciscana da Juventude (CFJ). Participantes de todos os estados em que a Prov\u00edncia Franciscana da Imaculada Concei\u00e7\u00e3o do Brasil se faz presente, Santa Catarina, Paran\u00e1, S\u00e3o Paulo, Rio de Janeiro e Esp\u00edrito Santo, estar\u00e3o presentes no evento que marca tamb\u00e9m o Jubileu dos 100 anos da Par\u00f3quia Bom Jesus de Sorocaba e de 90 anos de presen\u00e7a franciscana da cidade sede do encontro.<\/p>\n<p>A Comiss\u00e3o Central da CFJ escolheu como tema: \u201cComo S\u00e3o Francisco, marcados pelo amor do Bom Jesus\u201d, e lema: \u201cChagados pelo amor, peregrinos da esperan\u00e7a\u201d. Ambos tem sua inspira\u00e7\u00e3o na Celebra\u00e7\u00e3o do Jubileu dos 800 anos das Chagas de S\u00e3o Francisco e noa mFrei Roger Strapazzon n\u00e3o esconde a alegria com a proximidade da caminhada. \u201cTemos a satisfa\u00e7\u00e3o de receber muitos jovens que participar\u00e3o pela primeira vez de uma caminhada. Isso nos alegra e revela que enquanto Prov\u00edncia estamos no caminho certo\u201d, frisou. \u201cJovem evangelizar jovem \u00e9 sempre um desafio e um exerc\u00edcio, mas tamb\u00e9m enche nosso cora\u00e7\u00e3o franciscano de alegria e otimismo. Hoje eles s\u00e3o participantes, amanh\u00e3 ser\u00e3o nossas lideran\u00e7as e quem sabe at\u00e9 mesmo nossos confrades\u201d, vibrou.<\/p>\n<p>O jovem franciscano Henrique Bissa, da Par\u00f3quia Santa Clara de Assis de Colatina (ES), participar\u00e1 pela segunda vez da caminhada. &#8220;Estou com uma expectativa grande para um evento que ir\u00e1 renovar nossas energias. Nosso grupo de jovens vem se preparando h\u00e1 meses para este encontro. Muitos ir\u00e3o pela primeira vez e isso nos alegra&#8221;, ressaltou. Hadassa Pagani Belei participar\u00e1 tamb\u00e9m pela segunda vez e \u00e9 da mesma Par\u00f3quia. &#8220;Estou muito animada e minha expectativa est\u00e1 alta pois em cada edi\u00e7\u00e3o sempre temos algo novo e diferente. Tamb\u00e9m estou feliz com essa oportunidade que Deus me concede em participar e espero que seja uma caminhada de muita reflex\u00e3o e que eu possa fazer novos amigos\u201d, completou.<\/p>\n\n\t\t<style type=\"text\/css\">\n\t\t\t#gallery-1 {\n\t\t\t\tmargin: auto;\n\t\t\t}\n\t\t\t#gallery-1 .gallery-item {\n\t\t\t\tfloat: left;\n\t\t\t\tmargin-top: 10px;\n\t\t\t\ttext-align: center;\n\t\t\t\twidth: 25%;\n\t\t\t}\n\t\t\t#gallery-1 img {\n\t\t\t\tborder: 2px solid #cfcfcf;\n\t\t\t}\n\t\t\t#gallery-1 .gallery-caption {\n\t\t\t\tmargin-left: 0;\n\t\t\t}\n\t\t\t\/* see gallery_shortcode() in wp-includes\/media.php *\/\n\t\t<\/style>\n\t\t<div id='gallery-1' class='gallery galleryid-249039 gallery-columns-4 gallery-size-thumbnail'><dl class='gallery-item'>\n\t\t\t<dt class='gallery-icon landscape'>\n\t\t\t\t<a href='https:\/\/franciscanos.org.br\/noticias\/wp-content\/uploads\/2024\/07\/CHAMADA-1.jpg'><img width=\"300\" height=\"300\" src=\"https:\/\/franciscanos.org.br\/noticias\/wp-content\/uploads\/2024\/07\/CHAMADA-1-300x300.jpg\" class=\"attachment-thumbnail size-thumbnail\" alt=\"\" loading=\"lazy\" aria-describedby=\"gallery-1-249051\" srcset=\"https:\/\/franciscanos.org.br\/noticias\/wp-content\/uploads\/2024\/07\/CHAMADA-1-300x300.jpg 300w, https:\/\/franciscanos.org.br\/noticias\/wp-content\/uploads\/2024\/07\/CHAMADA-1-100x100.jpg 100w\" sizes=\"(max-width: 300px) 100vw, 300px\" \/><\/a>\n\t\t\t<\/dt>\n\t\t\t\t<dd class='wp-caption-text gallery-caption' id='gallery-1-249051'>\n\t\t\t\tImagens da Caminhada da Juventude Franciscana  2023, em Vila Velha (ES)\n\t\t\t\t<\/dd><\/dl><dl class='gallery-item'>\n\t\t\t<dt class='gallery-icon landscape'>\n\t\t\t\t<a href='https:\/\/franciscanos.org.br\/noticias\/wp-content\/uploads\/2024\/07\/Caminhada-Franciscana-da-Juventude-em-Vila-Velha-ES-2023_3-scaled.jpg'><img width=\"300\" height=\"300\" src=\"https:\/\/franciscanos.org.br\/noticias\/wp-content\/uploads\/2024\/07\/Caminhada-Franciscana-da-Juventude-em-Vila-Velha-ES-2023_3-300x300.jpg\" class=\"attachment-thumbnail size-thumbnail\" alt=\"\" loading=\"lazy\" srcset=\"https:\/\/franciscanos.org.br\/noticias\/wp-content\/uploads\/2024\/07\/Caminhada-Franciscana-da-Juventude-em-Vila-Velha-ES-2023_3-300x300.jpg 300w, https:\/\/franciscanos.org.br\/noticias\/wp-content\/uploads\/2024\/07\/Caminhada-Franciscana-da-Juventude-em-Vila-Velha-ES-2023_3-100x100.jpg 100w\" sizes=\"(max-width: 300px) 100vw, 300px\" \/><\/a>\n\t\t\t<\/dt><\/dl><dl class='gallery-item'>\n\t\t\t<dt class='gallery-icon landscape'>\n\t\t\t\t<a href='https:\/\/franciscanos.org.br\/noticias\/wp-content\/uploads\/2024\/07\/Celebrac\u0327a\u0303o-Eucari\u0301sitca-Fami\u0301lias-Acolhedoras-Sorocaba-2024-scaled.jpg'><img width=\"300\" height=\"300\" src=\"https:\/\/franciscanos.org.br\/noticias\/wp-content\/uploads\/2024\/07\/Celebrac\u0327a\u0303o-Eucari\u0301sitca-Fami\u0301lias-Acolhedoras-Sorocaba-2024-300x300.jpg\" class=\"attachment-thumbnail size-thumbnail\" alt=\"\" loading=\"lazy\" srcset=\"https:\/\/franciscanos.org.br\/noticias\/wp-content\/uploads\/2024\/07\/Celebrac\u0327a\u0303o-Eucari\u0301sitca-Fami\u0301lias-Acolhedoras-Sorocaba-2024-300x300.jpg 300w, https:\/\/franciscanos.org.br\/noticias\/wp-content\/uploads\/2024\/07\/Celebrac\u0327a\u0303o-Eucari\u0301sitca-Fami\u0301lias-Acolhedoras-Sorocaba-2024-100x100.jpg 100w\" sizes=\"(max-width: 300px) 100vw, 300px\" \/><\/a>\n\t\t\t<\/dt><\/dl><dl class='gallery-item'>\n\t\t\t<dt class='gallery-icon landscape'>\n\t\t\t\t<a href='https:\/\/franciscanos.org.br\/noticias\/wp-content\/uploads\/2024\/07\/Encontro-com-as-Fami\u0301lias-Acolhedoras-Sorocaba-2024-scaled.jpg'><img width=\"300\" height=\"300\" src=\"https:\/\/franciscanos.org.br\/noticias\/wp-content\/uploads\/2024\/07\/Encontro-com-as-Fami\u0301lias-Acolhedoras-Sorocaba-2024-300x300.jpg\" class=\"attachment-thumbnail size-thumbnail\" alt=\"\" loading=\"lazy\" srcset=\"https:\/\/franciscanos.org.br\/noticias\/wp-content\/uploads\/2024\/07\/Encontro-com-as-Fami\u0301lias-Acolhedoras-Sorocaba-2024-300x300.jpg 300w, https:\/\/franciscanos.org.br\/noticias\/wp-content\/uploads\/2024\/07\/Encontro-com-as-Fami\u0301lias-Acolhedoras-Sorocaba-2024-100x100.jpg 100w\" sizes=\"(max-width: 300px) 100vw, 300px\" \/><\/a>\n\t\t\t<\/dt><\/dl><br style=\"clear: both\" \/>\n\t\t<\/div>\n\n<p>Maria Vaudilene Amaral \u00e9 da Comunidade Perp\u00e9tuo Socorro, pertencente a Par\u00f3quia Bom Jesus de Sorocaba. Ela espera com ansiedade os jovens das diferentes regi\u00f5es que ser\u00e3o acolhidos na sua cidade natal. \u201cQue possamos viver uma experi\u00eancia nova e que nos movimenta. Pela primeira vez estou participando da organiza\u00e7\u00e3o de uma caminhada. Ser\u00e1 uma experi\u00eancia diferente, por isso, estou ansiosa para fazer algo que supere minhas expectativas. Tenho certeza que ser\u00e3o dias aben\u00e7oados\u201d, destacou.<\/p>\n<p>Na \u00faltima quinta-feira (18\/07), os frades da Equipe de Evangeliza\u00e7\u00e3o com as Juventudes realizaram um encontro com as fam\u00edlias acolhedoras que come\u00e7ou com a Celebra\u00e7\u00e3o Eucar\u00edstica, \u00e0s 19h, na Igreja Matriz, presidida por Frei Augusto Luiz Gabriel e concelebrada por Frei Gabriel. Na ocasi\u00e3o, os religiosos agradeceram as fam\u00edlias pela hospitalidade e gratuidade na acolhida de tantos jovens franciscanos. S\u00e3o mais de 150 fam\u00edlias envolvidas nesta grande miss\u00e3o: oferecer um aconchego familiar para os peregrinos.<\/p>\n<p>A Caminhada Franciscana da Juventude \u00e9 um evento voltado prioritariamente para jovens. A proposta \u00e9 que ela seja um retiro itinerante, onde o participante realiza um encontro com Deus, consigo mesmo, com o pr\u00f3ximo e com a natureza. Esta iniciativa \u00e9 pensada e promovida a partir de elementos da espiritualidade crist\u00e3 e franciscana, mas tamb\u00e9m \u00e9 aberta a pessoas de outras religi\u00f5es. Ela \u00e9 tamb\u00e9m uma grande oportunidade de anima\u00e7\u00e3o vocacional, bem como de vigor e entusiasmo para os grupos de jovens locais e par\u00f3quias acolhedoras.<\/p>\n<hr \/>\n<p>Frei Augusto Luiz Gabriel<\/p>\n<p>&nbsp;<\/p>\n","protected":false},"excerpt":{"rendered":"<p>O tema deste ano ser\u00e1: \u201cComo S\u00e3o Francisco, marcados pelo amor do Bom Jesus\u201d<\/p>\n","protected":false},"author":11,"featured_media":249054,"comment_status":"open","ping_status":"open","sticky":false,"template":"","format":"standard","meta":[],"categories":[1],"tags":[699],"acf":[],"yoast_head":"<!-- This site is optimized with the Yoast SEO plugin v19.2 - https:\/\/yoast.com\/wordpress\/plugins\/seo\/ -->\n<title>Sorocaba acolhe 400 jovens para a Caminhada Franciscana da Juventude - Not\u00edcias - Franciscanos<\/title>\n<meta name=\"robots\" content=\"index, follow, max-snippet:-1, max-image-preview:large, max-video-preview:-1\" \/>\n<link rel=\"canonical\" href=\"https:\/\/franciscanos.org.br\/noticias\/sorocaba-acolhe-400-jovens-para-a-caminhada-franciscana-da-juventude.html\" \/>\n<meta property=\"og:locale\" content=\"pt_BR\" \/>\n<meta property=\"og:type\" content=\"article\" \/>\n<meta property=\"og:title\" content=\"Sorocaba acolhe 400 jovens para a Caminhada Franciscana da Juventude - Not\u00edcias - Franciscanos\" \/>\n<meta property=\"og:description\" content=\"O tema deste ano ser\u00e1: \u201cComo S\u00e3o Francisco, marcados pelo amor do Bom Jesus\u201d\" \/>\n<meta property=\"og:url\" content=\"https:\/\/franciscanos.org.br\/noticias\/sorocaba-acolhe-400-jovens-para-a-caminhada-franciscana-da-juventude.html\" \/>\n<meta property=\"og:site_name\" content=\"Not\u00edcias - Franciscanos\" \/>\n<meta property=\"article:published_time\" content=\"2024-07-19T15:04:04+00:00\" \/>\n<meta property=\"article:modified_time\" content=\"2024-07-19T16:19:40+00:00\" \/>\n<meta property=\"og:image\" content=\"https:\/\/franciscanos.org.br\/noticias\/wp-content\/uploads\/2024\/07\/Encontro-com-as-Fami\u0301lias-Acolhedoras-Sorocaba-2024-1-scaled.jpg\" \/>\n\t<meta property=\"og:image:width\" content=\"1920\" \/>\n\t<meta property=\"og:image:height\" content=\"1080\" \/>\n\t<meta property=\"og:image:type\" content=\"image\/jpeg\" \/>\n<meta name=\"author\" content=\"Adriana Rabelo\" \/>\n<meta name=\"twitter:card\" content=\"summary_large_image\" \/>\n<meta name=\"twitter:label1\" content=\"Escrito por\" \/>\n\t<meta name=\"twitter:data1\" content=\"Adriana Rabelo\" \/>\n\t<meta name=\"twitter:label2\" content=\"Est. tempo de leitura\" \/>\n\t<meta name=\"twitter:data2\" content=\"3 minutos\" \/>\n<script type=\"application\/ld+json\" class=\"yoast-schema-graph\">{\"@context\":\"https:\/\/schema.org\",\"@graph\":[{\"@type\":\"WebSite\",\"@id\":\"https:\/\/franciscanos.org.br\/noticias\/#website\",\"url\":\"https:\/\/franciscanos.org.br\/noticias\/\",\"name\":\"Not\u00edcias - Franciscanos\",\"description\":\"Prov\u00edncia Franciscana da Imaculada Concei\u00e7\u00e3o do Brasil - Ordem dos Frades Menores - OFM\",\"potentialAction\":[{\"@type\":\"SearchAction\",\"target\":{\"@type\":\"EntryPoint\",\"urlTemplate\":\"https:\/\/franciscanos.org.br\/noticias\/?s={search_term_string}\"},\"query-input\":\"required name=search_term_string\"}],\"inLanguage\":\"pt-BR\"},{\"@type\":\"ImageObject\",\"inLanguage\":\"pt-BR\",\"@id\":\"https:\/\/franciscanos.org.br\/noticias\/sorocaba-acolhe-400-jovens-para-a-caminhada-franciscana-da-juventude.html#primaryimage\",\"url\":\"https:\/\/franciscanos.org.br\/noticias\/wp-content\/uploads\/2024\/07\/Encontro-com-as-Fami\u0301lias-Acolhedoras-Sorocaba-2024-1-scaled.jpg\",\"contentUrl\":\"https:\/\/franciscanos.org.br\/noticias\/wp-content\/uploads\/2024\/07\/Encontro-com-as-Fami\u0301lias-Acolhedoras-Sorocaba-2024-1-scaled.jpg\",\"width\":1920,\"height\":1080},{\"@type\":\"WebPage\",\"@id\":\"https:\/\/franciscanos.org.br\/noticias\/sorocaba-acolhe-400-jovens-para-a-caminhada-franciscana-da-juventude.html#webpage\",\"url\":\"https:\/\/franciscanos.org.br\/noticias\/sorocaba-acolhe-400-jovens-para-a-caminhada-franciscana-da-juventude.html\",\"name\":\"Sorocaba acolhe 400 jovens para a Caminhada Franciscana da Juventude - Not\u00edcias - Franciscanos\",\"isPartOf\":{\"@id\":\"https:\/\/franciscanos.org.br\/noticias\/#website\"},\"primaryImageOfPage\":{\"@id\":\"https:\/\/franciscanos.org.br\/noticias\/sorocaba-acolhe-400-jovens-para-a-caminhada-franciscana-da-juventude.html#primaryimage\"},\"datePublished\":\"2024-07-19T15:04:04+00:00\",\"dateModified\":\"2024-07-19T16:19:40+00:00\",\"author\":{\"@id\":\"https:\/\/franciscanos.org.br\/noticias\/#\/schema\/person\/d9422e83121c3ad3b0f423d195f5bb25\"},\"breadcrumb\":{\"@id\":\"https:\/\/franciscanos.org.br\/noticias\/sorocaba-acolhe-400-jovens-para-a-caminhada-franciscana-da-juventude.html#breadcrumb\"},\"inLanguage\":\"pt-BR\",\"potentialAction\":[{\"@type\":\"ReadAction\",\"target\":[\"https:\/\/franciscanos.org.br\/noticias\/sorocaba-acolhe-400-jovens-para-a-caminhada-franciscana-da-juventude.html\"]}]},{\"@type\":\"BreadcrumbList\",\"@id\":\"https:\/\/franciscanos.org.br\/noticias\/sorocaba-acolhe-400-jovens-para-a-caminhada-franciscana-da-juventude.html#breadcrumb\",\"itemListElement\":[{\"@type\":\"ListItem\",\"position\":1,\"name\":\"Home\",\"item\":\"https:\/\/franciscanos.org.br\/noticias\"},{\"@type\":\"ListItem\",\"position\":2,\"name\":\"Sorocaba acolhe 400 jovens para a Caminhada Franciscana da Juventude\"}]},{\"@type\":\"Person\",\"@id\":\"https:\/\/franciscanos.org.br\/noticias\/#\/schema\/person\/d9422e83121c3ad3b0f423d195f5bb25\",\"name\":\"Adriana Rabelo\",\"image\":{\"@type\":\"ImageObject\",\"inLanguage\":\"pt-BR\",\"@id\":\"https:\/\/franciscanos.org.br\/noticias\/#\/schema\/person\/image\/\",\"url\":\"https:\/\/secure.gravatar.com\/avatar\/0a937b7500cd7df77540cfb8bede877d?s=96&d=mm&r=g\",\"contentUrl\":\"https:\/\/secure.gravatar.com\/avatar\/0a937b7500cd7df77540cfb8bede877d?s=96&d=mm&r=g\",\"caption\":\"Adriana Rabelo\"},\"url\":\"https:\/\/franciscanos.org.br\/noticias\/author\/adrianarabelo\"}]}<\/script>\n<!-- \/ Yoast SEO plugin. -->","yoast_head_json":{"title":"Sorocaba acolhe 400 jovens para a Caminhada Franciscana da Juventude - Not\u00edcias - Franciscanos","robots":{"index":"index","follow":"follow","max-snippet":"max-snippet:-1","max-image-preview":"max-image-preview:large","max-video-preview":"max-video-preview:-1"},"canonical":"https:\/\/franciscanos.org.br\/noticias\/sorocaba-acolhe-400-jovens-para-a-caminhada-franciscana-da-juventude.html","og_locale":"pt_BR","og_type":"article","og_title":"Sorocaba acolhe 400 jovens para a Caminhada Franciscana da Juventude - Not\u00edcias - Franciscanos","og_description":"O tema deste ano ser\u00e1: \u201cComo S\u00e3o Francisco, marcados pelo amor do Bom Jesus\u201d","og_url":"https:\/\/franciscanos.org.br\/noticias\/sorocaba-acolhe-400-jovens-para-a-caminhada-franciscana-da-juventude.html","og_site_name":"Not\u00edcias - Franciscanos","article_published_time":"2024-07-19T15:04:04+00:00","article_modified_time":"2024-07-19T16:19:40+00:00","og_image":[{"width":1920,"height":1080,"url":"https:\/\/franciscanos.org.br\/noticias\/wp-content\/uploads\/2024\/07\/Encontro-com-as-Fami\u0301lias-Acolhedoras-Sorocaba-2024-1-scaled.jpg","type":"image\/jpeg"}],"author":"Adriana Rabelo","twitter_card":"summary_large_image","twitter_misc":{"Escrito por":"Adriana Rabelo","Est. tempo de leitura":"3 minutos"},"schema":{"@context":"https:\/\/schema.org","@graph":[{"@type":"WebSite","@id":"https:\/\/franciscanos.org.br\/noticias\/#website","url":"https:\/\/franciscanos.org.br\/noticias\/","name":"Not\u00edcias - Franciscanos","description":"Prov\u00edncia Franciscana da Imaculada Concei\u00e7\u00e3o do Brasil - Ordem dos Frades Menores - OFM","potentialAction":[{"@type":"SearchAction","target":{"@type":"EntryPoint","urlTemplate":"https:\/\/franciscanos.org.br\/noticias\/?s={search_term_string}"},"query-input":"required name=search_term_string"}],"inLanguage":"pt-BR"},{"@type":"ImageObject","inLanguage":"pt-BR","@id":"https:\/\/franciscanos.org.br\/noticias\/sorocaba-acolhe-400-jovens-para-a-caminhada-franciscana-da-juventude.html#primaryimage","url":"https:\/\/franciscanos.org.br\/noticias\/wp-content\/uploads\/2024\/07\/Encontro-com-as-Fami\u0301lias-Acolhedoras-Sorocaba-2024-1-scaled.jpg","contentUrl":"https:\/\/franciscanos.org.br\/noticias\/wp-content\/uploads\/2024\/07\/Encontro-com-as-Fami\u0301lias-Acolhedoras-Sorocaba-2024-1-scaled.jpg","width":1920,"height":1080},{"@type":"WebPage","@id":"https:\/\/franciscanos.org.br\/noticias\/sorocaba-acolhe-400-jovens-para-a-caminhada-franciscana-da-juventude.html#webpage","url":"https:\/\/franciscanos.org.br\/noticias\/sorocaba-acolhe-400-jovens-para-a-caminhada-franciscana-da-juventude.html","name":"Sorocaba acolhe 400 jovens para a Caminhada Franciscana da Juventude - Not\u00edcias - Franciscanos","isPartOf":{"@id":"https:\/\/franciscanos.org.br\/noticias\/#website"},"primaryImageOfPage":{"@id":"https:\/\/franciscanos.org.br\/noticias\/sorocaba-acolhe-400-jovens-para-a-caminhada-franciscana-da-juventude.html#primaryimage"},"datePublished":"2024-07-19T15:04:04+00:00","dateModified":"2024-07-19T16:19:40+00:00","author":{"@id":"https:\/\/franciscanos.org.br\/noticias\/#\/schema\/person\/d9422e83121c3ad3b0f423d195f5bb25"},"breadcrumb":{"@id":"https:\/\/franciscanos.org.br\/noticias\/sorocaba-acolhe-400-jovens-para-a-caminhada-franciscana-da-juventude.html#breadcrumb"},"inLanguage":"pt-BR","potentialAction":[{"@type":"ReadAction","target":["https:\/\/franciscanos.org.br\/noticias\/sorocaba-acolhe-400-jovens-para-a-caminhada-franciscana-da-juventude.html"]}]},{"@type":"BreadcrumbList","@id":"https:\/\/franciscanos.org.br\/noticias\/sorocaba-acolhe-400-jovens-para-a-caminhada-franciscana-da-juventude.html#breadcrumb","itemListElement":[{"@type":"ListItem","position":1,"name":"Home","item":"https:\/\/franciscanos.org.br\/noticias"},{"@type":"ListItem","position":2,"name":"Sorocaba acolhe 400 jovens para a Caminhada Franciscana da Juventude"}]},{"@type":"Person","@id":"https:\/\/franciscanos.org.br\/noticias\/#\/schema\/person\/d9422e83121c3ad3b0f423d195f5bb25","name":"Adriana Rabelo","image":{"@type":"ImageObject","inLanguage":"pt-BR","@id":"https:\/\/franciscanos.org.br\/noticias\/#\/schema\/person\/image\/","url":"https:\/\/secure.gravatar.com\/avatar\/0a937b7500cd7df77540cfb8bede877d?s=96&d=mm&r=g","contentUrl":"https:\/\/secure.gravatar.com\/avatar\/0a937b7500cd7df77540cfb8bede877d?s=96&d=mm&r=g","caption":"Adriana Rabelo"},"url":"https:\/\/franciscanos.org.br\/noticias\/author\/adrianarabelo"}]}},"_links":{"self":[{"href":"https:\/\/franciscanos.org.br\/noticias\/wp-json\/wp\/v2\/posts\/249039"}],"collection":[{"href":"https:\/\/franciscanos.org.br\/noticias\/wp-json\/wp\/v2\/posts"}],"about":[{"href":"https:\/\/franciscanos.org.br\/noticias\/wp-json\/wp\/v2\/types\/post"}],"author":[{"embeddable":true,"href":"https:\/\/franciscanos.org.br\/noticias\/wp-json\/wp\/v2\/users\/11"}],"replies":[{"embeddable":true,"href":"https:\/\/franciscanos.org.br\/noticias\/wp-json\/wp\/v2\/comments?post=249039"}],"version-history":[{"count":8,"href":"https:\/\/franciscanos.org.br\/noticias\/wp-json\/wp\/v2\/posts\/249039\/revisions"}],"predecessor-version":[{"id":249058,"href":"https:\/\/franciscanos.org.br\/noticias\/wp-json\/wp\/v2\/posts\/249039\/revisions\/249058"}],"wp:featuredmedia":[{"embeddable":true,"href":"https:\/\/franciscanos.org.br\/noticias\/wp-json\/wp\/v2\/media\/249054"}],"wp:attachment":[{"href":"https:\/\/franciscanos.org.br\/noticias\/wp-json\/wp\/v2\/media?parent=249039"}],"wp:term":[{"taxonomy":"category","embeddable":true,"href":"https:\/\/franciscanos.org.br\/noticias\/wp-json\/wp\/v2\/categories?post=249039"},{"taxonomy":"post_tag","embeddable":true,"href":"https:\/\/franciscanos.org.br\/noticias\/wp-json\/wp\/v2\/tags?post=249039"}],"curies":[{"name":"wp","href":"https:\/\/api.w.org\/{rel}","templated":true}]}}