{"id":248987,"date":"2024-07-16T11:16:25","date_gmt":"2024-07-16T14:16:25","guid":{"rendered":"https:\/\/franciscanos.org.br\/noticias\/?p=248987"},"modified":"2024-07-18T11:41:04","modified_gmt":"2024-07-18T14:41:04","slug":"comunicadores-de-paroquias-franciscanas-participam-do-8o-encontro-nacional-da-pascom","status":"publish","type":"post","link":"https:\/\/franciscanos.org.br\/noticias\/comunicadores-de-paroquias-franciscanas-participam-do-8o-encontro-nacional-da-pascom.html","title":{"rendered":"Comunicadores de par\u00f3quias franciscanas participam do 8\u00ba Encontro Nacional da Pascom"},"content":{"rendered":"<p><span style=\"font-weight: 400;\"><img loading=\"lazy\" class=\"aligncenter wp-image-248988 size-full\" src=\"https:\/\/franciscanos.org.br\/noticias\/wp-content\/uploads\/2024\/07\/pascom.jpg\" alt=\"\" width=\"1280\" height=\"720\" srcset=\"https:\/\/franciscanos.org.br\/noticias\/wp-content\/uploads\/2024\/07\/pascom.jpg 1280w, https:\/\/franciscanos.org.br\/noticias\/wp-content\/uploads\/2024\/07\/pascom-450x253.jpg 450w, https:\/\/franciscanos.org.br\/noticias\/wp-content\/uploads\/2024\/07\/pascom-1024x576.jpg 1024w, https:\/\/franciscanos.org.br\/noticias\/wp-content\/uploads\/2024\/07\/pascom-768x432.jpg 768w, https:\/\/franciscanos.org.br\/noticias\/wp-content\/uploads\/2024\/07\/pascom-150x84.jpg 150w\" sizes=\"(max-width: 1280px) 100vw, 1280px\" \/>A Pastoral da Comunica\u00e7\u00e3o das par\u00f3quias franciscanas ligadas \u00e0 Prov\u00edncia da Imaculada Concei\u00e7\u00e3o Brasil esteve presente no 8\u00ba Encontro Nacional da Pascom, realizado em Aparecida (SP), de 12 a 14 de julho. Na edi\u00e7\u00e3o deste ano, as palestras, semin\u00e1rios e workshops abordaram as quest\u00f5es relacionadas \u00e0 Intelig\u00eancia Artificial, com foco nos desafios e perspectivas dessa pastoral que re\u00fane milhares de pessoas em todo o Brasil, com o objetivo de propagar a comunica\u00e7\u00e3o da Igreja e dar voz \u00e0s comunidades.<\/span><\/p>\n<p><span style=\"font-weight: 400;\">Durante tr\u00eas dias, cerca de 900 participantes de diferentes localidades do pa\u00eds partilharam seus desafios e conquistas no desenvolvimento de a\u00e7\u00f5es de comunica\u00e7\u00e3o para a Igreja. Os representantes das par\u00f3quias franciscanas, ficaram satisfeitos e motivados com as atividades e possibilidades apresentadas durante o encontro.<\/span><\/p>\n<p><span style=\"font-weight: 400;\">Jo\u00e3o Augusto de Farias, 28 anos, coordenador da Pascom da Par\u00f3quia Santo Amaro, em Santo Amaro da Imperatriz (SC), estava no evento. Ele atua na pastoral em sua cidade desde 2010, e seu trabalho tamb\u00e9m envolve a articula\u00e7\u00e3o de representantes de outras pastorais e movimentos das 23 comunidades pertencentes \u00e0 par\u00f3quia.<\/span><\/p>\n<p><span style=\"font-weight: 400;\">Essa foi a segunda participa\u00e7\u00e3o do comunicador no evento que, segundo ele, foi enriquecedor. \u201cAl\u00e9m de toda programa\u00e7\u00e3o organizada pela coordena\u00e7\u00e3o nacional, em diversos momentos os os \u2018pasconeiros\u2019 e\u00a0 profissionais da comunica\u00e7\u00e3o trocaram muitas experi\u00eancias\u201d, salientou.<\/span><\/p>\n<p><span style=\"font-weight: 400;\">O que mais chamou aten\u00e7\u00e3o do coordenador da Pascom paroquial, foi a revolu\u00e7\u00e3o nas redes sociais nos \u00faltimos anos. \u201cConsiderando esses 10 anos entre as minhas participa\u00e7\u00f5es, e tamb\u00e9m o p\u00f3s-pandemia , percebi uma significativa evolu\u00e7\u00e3o nas redes sociais que deixou mais din\u00e2mica a comunica\u00e7\u00e3o eclesial\u201d.<\/span><\/p>\n<p><span style=\"font-weight: 400;\">Para a jornalista Camila Mendo, coordenadora da Pascom da Par\u00f3quia S\u00e3o Luiz Gonzaga, em Xaxim (SC), o evento favoreceu muito o conhecimento e o compartilhamento de experi\u00eancias sobre as tend\u00eancias da comunica\u00e7\u00e3o. \u201cEsse momento de partilha \u00e9 muito importante para n\u00f3s comunicadores cat\u00f3licos. Todas as confer\u00eancias abordaram tem\u00e1ticas importantes para os pasconeiros. Dom Amilton Manoel da Silva, bispo de Guarapuava (PR), em sua participa\u00e7\u00e3o na manh\u00e3 de s\u00e1bado, ressaltou que \u2018somos comunicadores da esperan\u00e7a\u2019. Como franciscanos e como Igreja, sabemos da import\u00e2ncia da Pascom em nossas par\u00f3quias, na parte espiritual, nas informa\u00e7\u00f5es sobre os acontecimentos em cada localidade e na viv\u00eancia em comunidade \u201d, salientou.<img loading=\"lazy\" class=\"size-medium wp-image-248999 alignright\" src=\"https:\/\/franciscanos.org.br\/noticias\/wp-content\/uploads\/2024\/07\/FOTO-DENTRO-PASCOM-450x253.jpg\" alt=\"\" width=\"450\" height=\"253\" srcset=\"https:\/\/franciscanos.org.br\/noticias\/wp-content\/uploads\/2024\/07\/FOTO-DENTRO-PASCOM-450x253.jpg 450w, https:\/\/franciscanos.org.br\/noticias\/wp-content\/uploads\/2024\/07\/FOTO-DENTRO-PASCOM-1024x576.jpg 1024w, https:\/\/franciscanos.org.br\/noticias\/wp-content\/uploads\/2024\/07\/FOTO-DENTRO-PASCOM-768x432.jpg 768w, https:\/\/franciscanos.org.br\/noticias\/wp-content\/uploads\/2024\/07\/FOTO-DENTRO-PASCOM-150x84.jpg 150w, https:\/\/franciscanos.org.br\/noticias\/wp-content\/uploads\/2024\/07\/FOTO-DENTRO-PASCOM.jpg 1280w\" sizes=\"(max-width: 450px) 100vw, 450px\" \/><\/span><\/p>\n<p>J\u00e1 o coordenador da Pascom da Par\u00f3quia Bom Jesus dos Perd\u00f5es e membro da Comiss\u00e3o de Comunica\u00e7\u00e3o da Arquidiocese de Curitiba (PR), Joaquim Eduardo Madruga, 49 anos, disse que participar do primeiro Encontro Nacional da Pascom foi uma experi\u00eancia gratificante e inspiradora. \u201cVoltei de Aparecida renovado e animado para poder continuar nessa miss\u00e3o. Confesso que, at\u00e9 ent\u00e3o, estava um pouco desanimado com algumas situa\u00e7\u00f5es. Por\u00e9m, com as falas de Dom Amilton e do Mois\u00e9s Sbardelotto, um dos conferencistas, reanimei. Afinal, nossa miss\u00e3o \u00e9 comunicar Jesus Cristo. Como disse S\u00e3o Jo\u00e3o Paulo II, na Instru\u00e7\u00e3o Pastoral Aetatis Novae, Ele \u201c\u00e9 simultaneamente o conte\u00fado e a fonte do que a Igreja comunica ao proclamar o Evangelho\u201d.<\/p>\n<p><span style=\"font-weight: 400;\">De acordo com o comunicador, o que chamou sua aten\u00e7\u00e3o no encontro foi a diversidade de ideias e pr\u00e1ticas comunicacionais compartilhadas por agentes de todo o pa\u00eds. \u201cA programa\u00e7\u00e3o estava muito bem estruturada, com palestras e oficinas que abordaram temas atuais e relevantes para a comunica\u00e7\u00e3o na Igreja\u201d. Ele disse que colocar\u00e1 em pr\u00e1tica seus aprendizados na par\u00f3quia e na arquidiocese de Curitiba. \u201cFiquei feliz com a energia e o entusiasmo dos participantes, que tamb\u00e9m me contagiou\u201d.<img loading=\"lazy\" class=\"size-medium wp-image-249001 alignleft\" src=\"https:\/\/franciscanos.org.br\/noticias\/wp-content\/uploads\/2024\/07\/participantes-PASCOM-450x253.jpg\" alt=\"\" width=\"450\" height=\"253\" srcset=\"https:\/\/franciscanos.org.br\/noticias\/wp-content\/uploads\/2024\/07\/participantes-PASCOM-450x253.jpg 450w, https:\/\/franciscanos.org.br\/noticias\/wp-content\/uploads\/2024\/07\/participantes-PASCOM-1024x576.jpg 1024w, https:\/\/franciscanos.org.br\/noticias\/wp-content\/uploads\/2024\/07\/participantes-PASCOM-768x432.jpg 768w, https:\/\/franciscanos.org.br\/noticias\/wp-content\/uploads\/2024\/07\/participantes-PASCOM-150x84.jpg 150w, https:\/\/franciscanos.org.br\/noticias\/wp-content\/uploads\/2024\/07\/participantes-PASCOM.jpg 1280w\" sizes=\"(max-width: 450px) 100vw, 450px\" \/><\/span><\/p>\n<p><span style=\"font-weight: 400;\">Sobre a oportunidade de intera\u00e7\u00e3o promovida pelo Encontro Nacional da Pascom, Joaquim afirmou que estar entre outros participantes da pastoral do pa\u00eds \u00e9 fundamental para a constru\u00e7\u00e3o de uma rede de apoio e colabora\u00e7\u00e3o. Segundo ele, esse tipo de encontro permite a troca de experi\u00eancias, o compartilhamento de desafios e solu\u00e7\u00f5es, bem como o fortalecimento dos la\u00e7os entre os agentes de comunica\u00e7\u00e3o. <\/span><\/p>\n<p><span style=\"font-weight: 400;\">\u201cA Pascom \u00e9 crucial para a comunica\u00e7\u00e3o da Igreja porque ajuda a transmitir a mensagem do Evangelho de maneira eficaz e acess\u00edvel para a comunidade. Para as par\u00f3quias franciscanas, em particular, a Pastoral da Comunica\u00e7\u00e3o desempenha um papel importante ao promover os valores franciscanos de simplicidade, fraternidade e cuidado com a cria\u00e7\u00e3o\u201d. Segundo ele, a comunica\u00e7\u00e3o bem feita fortalece a comunidade, engaja os fi\u00e9is e torna a miss\u00e3o da Igreja mais vis\u00edvel e impactante na sociedade. \u201cAcredito que nossa prov\u00edncia precisa investir na forma\u00e7\u00e3o e cria\u00e7\u00e3o das pastorais da comunica\u00e7\u00e3o nas par\u00f3quias. Que tal um Multicom Franciscano?, questionou o coordenador da pastoral, que j\u00e1 participou de um Multicom, em 2023.<\/span><\/p>\n<p><span style=\"font-weight: 400;\">Tamb\u00e9m participaram do evento dois membros da Pascom da Par\u00f3quia S\u00e3o Pedro Ap\u00f3stolo, de Gaspar (SC), onde a Prov\u00edncia tamb\u00e9m est\u00e1 presente.<\/span><\/p>\n<hr \/>\n<p>Adriana Rabelo\/ Fotos: Camila Mendo, Ilda Abe, Ivaldo Adamiu e Arlete Bini<\/p>\n","protected":false},"excerpt":{"rendered":"<p>Evento reuniu cerca de 900 pessoas<\/p>\n","protected":false},"author":11,"featured_media":248988,"comment_status":"open","ping_status":"open","sticky":false,"template":"","format":"standard","meta":[],"categories":[1],"tags":[842],"acf":[],"yoast_head":"<!-- This site is optimized with the Yoast SEO plugin v19.2 - https:\/\/yoast.com\/wordpress\/plugins\/seo\/ -->\n<title>Comunicadores de par\u00f3quias franciscanas participam do 8\u00ba Encontro Nacional da Pascom - Not\u00edcias - Franciscanos<\/title>\n<meta name=\"robots\" content=\"index, follow, max-snippet:-1, max-image-preview:large, max-video-preview:-1\" \/>\n<link rel=\"canonical\" href=\"https:\/\/franciscanos.org.br\/noticias\/comunicadores-de-paroquias-franciscanas-participam-do-8o-encontro-nacional-da-pascom.html\" \/>\n<meta property=\"og:locale\" content=\"pt_BR\" \/>\n<meta property=\"og:type\" content=\"article\" \/>\n<meta property=\"og:title\" content=\"Comunicadores de par\u00f3quias franciscanas participam do 8\u00ba Encontro Nacional da Pascom - Not\u00edcias - Franciscanos\" \/>\n<meta property=\"og:description\" content=\"Evento reuniu cerca de 900 pessoas\" \/>\n<meta property=\"og:url\" content=\"https:\/\/franciscanos.org.br\/noticias\/comunicadores-de-paroquias-franciscanas-participam-do-8o-encontro-nacional-da-pascom.html\" \/>\n<meta property=\"og:site_name\" content=\"Not\u00edcias - Franciscanos\" \/>\n<meta property=\"article:published_time\" content=\"2024-07-16T14:16:25+00:00\" \/>\n<meta property=\"article:modified_time\" content=\"2024-07-18T14:41:04+00:00\" \/>\n<meta property=\"og:image\" content=\"https:\/\/franciscanos.org.br\/noticias\/wp-content\/uploads\/2024\/07\/pascom.jpg\" \/>\n\t<meta property=\"og:image:width\" content=\"1280\" \/>\n\t<meta property=\"og:image:height\" content=\"720\" \/>\n\t<meta property=\"og:image:type\" content=\"image\/jpeg\" \/>\n<meta name=\"author\" content=\"Adriana Rabelo\" \/>\n<meta name=\"twitter:card\" content=\"summary_large_image\" \/>\n<meta name=\"twitter:label1\" content=\"Escrito por\" \/>\n\t<meta name=\"twitter:data1\" content=\"Adriana Rabelo\" \/>\n\t<meta name=\"twitter:label2\" content=\"Est. tempo de leitura\" \/>\n\t<meta name=\"twitter:data2\" content=\"4 minutos\" \/>\n<script type=\"application\/ld+json\" class=\"yoast-schema-graph\">{\"@context\":\"https:\/\/schema.org\",\"@graph\":[{\"@type\":\"WebSite\",\"@id\":\"https:\/\/franciscanos.org.br\/noticias\/#website\",\"url\":\"https:\/\/franciscanos.org.br\/noticias\/\",\"name\":\"Not\u00edcias - Franciscanos\",\"description\":\"Prov\u00edncia Franciscana da Imaculada Concei\u00e7\u00e3o do Brasil - Ordem dos Frades Menores - OFM\",\"potentialAction\":[{\"@type\":\"SearchAction\",\"target\":{\"@type\":\"EntryPoint\",\"urlTemplate\":\"https:\/\/franciscanos.org.br\/noticias\/?s={search_term_string}\"},\"query-input\":\"required name=search_term_string\"}],\"inLanguage\":\"pt-BR\"},{\"@type\":\"ImageObject\",\"inLanguage\":\"pt-BR\",\"@id\":\"https:\/\/franciscanos.org.br\/noticias\/comunicadores-de-paroquias-franciscanas-participam-do-8o-encontro-nacional-da-pascom.html#primaryimage\",\"url\":\"https:\/\/franciscanos.org.br\/noticias\/wp-content\/uploads\/2024\/07\/pascom.jpg\",\"contentUrl\":\"https:\/\/franciscanos.org.br\/noticias\/wp-content\/uploads\/2024\/07\/pascom.jpg\",\"width\":1280,\"height\":720},{\"@type\":\"WebPage\",\"@id\":\"https:\/\/franciscanos.org.br\/noticias\/comunicadores-de-paroquias-franciscanas-participam-do-8o-encontro-nacional-da-pascom.html#webpage\",\"url\":\"https:\/\/franciscanos.org.br\/noticias\/comunicadores-de-paroquias-franciscanas-participam-do-8o-encontro-nacional-da-pascom.html\",\"name\":\"Comunicadores de par\u00f3quias franciscanas participam do 8\u00ba Encontro Nacional da Pascom - Not\u00edcias - Franciscanos\",\"isPartOf\":{\"@id\":\"https:\/\/franciscanos.org.br\/noticias\/#website\"},\"primaryImageOfPage\":{\"@id\":\"https:\/\/franciscanos.org.br\/noticias\/comunicadores-de-paroquias-franciscanas-participam-do-8o-encontro-nacional-da-pascom.html#primaryimage\"},\"datePublished\":\"2024-07-16T14:16:25+00:00\",\"dateModified\":\"2024-07-18T14:41:04+00:00\",\"author\":{\"@id\":\"https:\/\/franciscanos.org.br\/noticias\/#\/schema\/person\/d9422e83121c3ad3b0f423d195f5bb25\"},\"breadcrumb\":{\"@id\":\"https:\/\/franciscanos.org.br\/noticias\/comunicadores-de-paroquias-franciscanas-participam-do-8o-encontro-nacional-da-pascom.html#breadcrumb\"},\"inLanguage\":\"pt-BR\",\"potentialAction\":[{\"@type\":\"ReadAction\",\"target\":[\"https:\/\/franciscanos.org.br\/noticias\/comunicadores-de-paroquias-franciscanas-participam-do-8o-encontro-nacional-da-pascom.html\"]}]},{\"@type\":\"BreadcrumbList\",\"@id\":\"https:\/\/franciscanos.org.br\/noticias\/comunicadores-de-paroquias-franciscanas-participam-do-8o-encontro-nacional-da-pascom.html#breadcrumb\",\"itemListElement\":[{\"@type\":\"ListItem\",\"position\":1,\"name\":\"Home\",\"item\":\"https:\/\/franciscanos.org.br\/noticias\"},{\"@type\":\"ListItem\",\"position\":2,\"name\":\"Comunicadores de par\u00f3quias franciscanas participam do 8\u00ba Encontro Nacional da Pascom\"}]},{\"@type\":\"Person\",\"@id\":\"https:\/\/franciscanos.org.br\/noticias\/#\/schema\/person\/d9422e83121c3ad3b0f423d195f5bb25\",\"name\":\"Adriana Rabelo\",\"image\":{\"@type\":\"ImageObject\",\"inLanguage\":\"pt-BR\",\"@id\":\"https:\/\/franciscanos.org.br\/noticias\/#\/schema\/person\/image\/\",\"url\":\"https:\/\/secure.gravatar.com\/avatar\/0a937b7500cd7df77540cfb8bede877d?s=96&d=mm&r=g\",\"contentUrl\":\"https:\/\/secure.gravatar.com\/avatar\/0a937b7500cd7df77540cfb8bede877d?s=96&d=mm&r=g\",\"caption\":\"Adriana Rabelo\"},\"url\":\"https:\/\/franciscanos.org.br\/noticias\/author\/adrianarabelo\"}]}<\/script>\n<!-- \/ Yoast SEO plugin. -->","yoast_head_json":{"title":"Comunicadores de par\u00f3quias franciscanas participam do 8\u00ba Encontro Nacional da Pascom - Not\u00edcias - Franciscanos","robots":{"index":"index","follow":"follow","max-snippet":"max-snippet:-1","max-image-preview":"max-image-preview:large","max-video-preview":"max-video-preview:-1"},"canonical":"https:\/\/franciscanos.org.br\/noticias\/comunicadores-de-paroquias-franciscanas-participam-do-8o-encontro-nacional-da-pascom.html","og_locale":"pt_BR","og_type":"article","og_title":"Comunicadores de par\u00f3quias franciscanas participam do 8\u00ba Encontro Nacional da Pascom - Not\u00edcias - Franciscanos","og_description":"Evento reuniu cerca de 900 pessoas","og_url":"https:\/\/franciscanos.org.br\/noticias\/comunicadores-de-paroquias-franciscanas-participam-do-8o-encontro-nacional-da-pascom.html","og_site_name":"Not\u00edcias - Franciscanos","article_published_time":"2024-07-16T14:16:25+00:00","article_modified_time":"2024-07-18T14:41:04+00:00","og_image":[{"width":1280,"height":720,"url":"https:\/\/franciscanos.org.br\/noticias\/wp-content\/uploads\/2024\/07\/pascom.jpg","type":"image\/jpeg"}],"author":"Adriana Rabelo","twitter_card":"summary_large_image","twitter_misc":{"Escrito por":"Adriana Rabelo","Est. tempo de leitura":"4 minutos"},"schema":{"@context":"https:\/\/schema.org","@graph":[{"@type":"WebSite","@id":"https:\/\/franciscanos.org.br\/noticias\/#website","url":"https:\/\/franciscanos.org.br\/noticias\/","name":"Not\u00edcias - Franciscanos","description":"Prov\u00edncia Franciscana da Imaculada Concei\u00e7\u00e3o do Brasil - Ordem dos Frades Menores - OFM","potentialAction":[{"@type":"SearchAction","target":{"@type":"EntryPoint","urlTemplate":"https:\/\/franciscanos.org.br\/noticias\/?s={search_term_string}"},"query-input":"required name=search_term_string"}],"inLanguage":"pt-BR"},{"@type":"ImageObject","inLanguage":"pt-BR","@id":"https:\/\/franciscanos.org.br\/noticias\/comunicadores-de-paroquias-franciscanas-participam-do-8o-encontro-nacional-da-pascom.html#primaryimage","url":"https:\/\/franciscanos.org.br\/noticias\/wp-content\/uploads\/2024\/07\/pascom.jpg","contentUrl":"https:\/\/franciscanos.org.br\/noticias\/wp-content\/uploads\/2024\/07\/pascom.jpg","width":1280,"height":720},{"@type":"WebPage","@id":"https:\/\/franciscanos.org.br\/noticias\/comunicadores-de-paroquias-franciscanas-participam-do-8o-encontro-nacional-da-pascom.html#webpage","url":"https:\/\/franciscanos.org.br\/noticias\/comunicadores-de-paroquias-franciscanas-participam-do-8o-encontro-nacional-da-pascom.html","name":"Comunicadores de par\u00f3quias franciscanas participam do 8\u00ba Encontro Nacional da Pascom - Not\u00edcias - Franciscanos","isPartOf":{"@id":"https:\/\/franciscanos.org.br\/noticias\/#website"},"primaryImageOfPage":{"@id":"https:\/\/franciscanos.org.br\/noticias\/comunicadores-de-paroquias-franciscanas-participam-do-8o-encontro-nacional-da-pascom.html#primaryimage"},"datePublished":"2024-07-16T14:16:25+00:00","dateModified":"2024-07-18T14:41:04+00:00","author":{"@id":"https:\/\/franciscanos.org.br\/noticias\/#\/schema\/person\/d9422e83121c3ad3b0f423d195f5bb25"},"breadcrumb":{"@id":"https:\/\/franciscanos.org.br\/noticias\/comunicadores-de-paroquias-franciscanas-participam-do-8o-encontro-nacional-da-pascom.html#breadcrumb"},"inLanguage":"pt-BR","potentialAction":[{"@type":"ReadAction","target":["https:\/\/franciscanos.org.br\/noticias\/comunicadores-de-paroquias-franciscanas-participam-do-8o-encontro-nacional-da-pascom.html"]}]},{"@type":"BreadcrumbList","@id":"https:\/\/franciscanos.org.br\/noticias\/comunicadores-de-paroquias-franciscanas-participam-do-8o-encontro-nacional-da-pascom.html#breadcrumb","itemListElement":[{"@type":"ListItem","position":1,"name":"Home","item":"https:\/\/franciscanos.org.br\/noticias"},{"@type":"ListItem","position":2,"name":"Comunicadores de par\u00f3quias franciscanas participam do 8\u00ba Encontro Nacional da Pascom"}]},{"@type":"Person","@id":"https:\/\/franciscanos.org.br\/noticias\/#\/schema\/person\/d9422e83121c3ad3b0f423d195f5bb25","name":"Adriana Rabelo","image":{"@type":"ImageObject","inLanguage":"pt-BR","@id":"https:\/\/franciscanos.org.br\/noticias\/#\/schema\/person\/image\/","url":"https:\/\/secure.gravatar.com\/avatar\/0a937b7500cd7df77540cfb8bede877d?s=96&d=mm&r=g","contentUrl":"https:\/\/secure.gravatar.com\/avatar\/0a937b7500cd7df77540cfb8bede877d?s=96&d=mm&r=g","caption":"Adriana Rabelo"},"url":"https:\/\/franciscanos.org.br\/noticias\/author\/adrianarabelo"}]}},"_links":{"self":[{"href":"https:\/\/franciscanos.org.br\/noticias\/wp-json\/wp\/v2\/posts\/248987"}],"collection":[{"href":"https:\/\/franciscanos.org.br\/noticias\/wp-json\/wp\/v2\/posts"}],"about":[{"href":"https:\/\/franciscanos.org.br\/noticias\/wp-json\/wp\/v2\/types\/post"}],"author":[{"embeddable":true,"href":"https:\/\/franciscanos.org.br\/noticias\/wp-json\/wp\/v2\/users\/11"}],"replies":[{"embeddable":true,"href":"https:\/\/franciscanos.org.br\/noticias\/wp-json\/wp\/v2\/comments?post=248987"}],"version-history":[{"count":14,"href":"https:\/\/franciscanos.org.br\/noticias\/wp-json\/wp\/v2\/posts\/248987\/revisions"}],"predecessor-version":[{"id":249011,"href":"https:\/\/franciscanos.org.br\/noticias\/wp-json\/wp\/v2\/posts\/248987\/revisions\/249011"}],"wp:featuredmedia":[{"embeddable":true,"href":"https:\/\/franciscanos.org.br\/noticias\/wp-json\/wp\/v2\/media\/248988"}],"wp:attachment":[{"href":"https:\/\/franciscanos.org.br\/noticias\/wp-json\/wp\/v2\/media?parent=248987"}],"wp:term":[{"taxonomy":"category","embeddable":true,"href":"https:\/\/franciscanos.org.br\/noticias\/wp-json\/wp\/v2\/categories?post=248987"},{"taxonomy":"post_tag","embeddable":true,"href":"https:\/\/franciscanos.org.br\/noticias\/wp-json\/wp\/v2\/tags?post=248987"}],"curies":[{"name":"wp","href":"https:\/\/api.w.org\/{rel}","templated":true}]}}