{"id":248983,"date":"2024-07-15T17:21:26","date_gmt":"2024-07-15T20:21:26","guid":{"rendered":"https:\/\/franciscanos.org.br\/noticias\/?p=248983"},"modified":"2024-07-24T12:09:04","modified_gmt":"2024-07-24T15:09:04","slug":"desafios-e-caminhos-da-ordem-dos-frades-menores-entrevista-com-frei-cesar-kulkamp","status":"publish","type":"post","link":"https:\/\/franciscanos.org.br\/noticias\/desafios-e-caminhos-da-ordem-dos-frades-menores-entrevista-com-frei-cesar-kulkamp.html","title":{"rendered":"Desafios e caminhos da Ordem dos Frades Menores- Entrevista com Frei C\u00e9sar K\u00fclkamp"},"content":{"rendered":"<p><img loading=\"lazy\" class=\"aligncenter wp-image-248984 size-large\" src=\"https:\/\/franciscanos.org.br\/noticias\/wp-content\/uploads\/2024\/07\/WhatsApp-Image-2024-07-15-at-16.49.52-1024x576.jpeg\" alt=\"\" width=\"1024\" height=\"576\" srcset=\"https:\/\/franciscanos.org.br\/noticias\/wp-content\/uploads\/2024\/07\/WhatsApp-Image-2024-07-15-at-16.49.52-1024x576.jpeg 1024w, https:\/\/franciscanos.org.br\/noticias\/wp-content\/uploads\/2024\/07\/WhatsApp-Image-2024-07-15-at-16.49.52-450x253.jpeg 450w, https:\/\/franciscanos.org.br\/noticias\/wp-content\/uploads\/2024\/07\/WhatsApp-Image-2024-07-15-at-16.49.52-768x432.jpeg 768w, https:\/\/franciscanos.org.br\/noticias\/wp-content\/uploads\/2024\/07\/WhatsApp-Image-2024-07-15-at-16.49.52-150x84.jpeg 150w, https:\/\/franciscanos.org.br\/noticias\/wp-content\/uploads\/2024\/07\/WhatsApp-Image-2024-07-15-at-16.49.52.jpeg 1280w\" sizes=\"(max-width: 1024px) 100vw, 1024px\" \/><\/p>\n<p><span style=\"font-weight: 400;\">No final do m\u00eas de junho, Frei C\u00e9sar K\u00fclkamp, Definidor geral para a Am\u00e9rica Latina, esteve no Brasil com a miss\u00e3o de assessorar o Cap\u00edtulo Geral da Ordem dos C\u00f4negos Regulares Lateranenses, realizado na cidade de Caxias do Sul (RS), no m\u00eas de junho, um dos \u00faltimo compromissos deste ano no pa\u00eds.\u00a0<\/span><\/p>\n<p><span style=\"font-weight: 400;\">Neste ano, o frade est\u00e1 percorrendo sua miss\u00e3o, com marcantes presen\u00e7as em diferentes pa\u00edses latino-americanos, com o objetivo de acompanhar e auxiliar nas reflex\u00f5es sobre a vida religiosa da comunidade franciscana.<\/span> <span style=\"font-weight: 400;\">No total s\u00e3o 25 prov\u00edncias em toda a Am\u00e9rica Latina, e na \u00e1rea acompanhada por Frei C\u00e9sar s\u00e3o 19 Prov\u00edncias e 15 Vicariatos. Neste cen\u00e1rio amplo e diverso, ele j\u00e1 esteve no M\u00e9xico, onde participou da celebra\u00e7\u00e3o dos 500 anos da presen\u00e7a oficial dos Frades Menores, que resultou na cria\u00e7\u00e3o da Prov\u00edncia do Santo Evangelho, a primeira daquele pa\u00eds.<\/span><\/p>\n<p>A celebra\u00e7\u00e3o dos 500 anos da presen\u00e7a franciscana no M\u00e9xico foi no final do m\u00eas de maio deste ano. Segundo o Definidor Geral, foram convidados os Ministros Provinciais da Am\u00e9rica Latina e o Governo geral da OFM para celebrarem juntamente com o povo e os frades mexicanos uma data t\u00e3o significativa. Na ocasi\u00e3o tamb\u00e9m foi realizado o encontro da Uni\u00e3o das Confer\u00eancias da Am\u00e9rica Latina, UCLAF, com o objetivo de repensar e relan\u00e7ar a miss\u00e3o franciscana no Continente.<\/p>\n<p>Tecendo um trajeto rumo ao Brasil, Frei C\u00e9sar relatou sua passagem pela Venezuela, onde participou das festividades dos 70 anos da\u00a0refunda\u00e7\u00e3o da presen\u00e7a franciscana naquele pa\u00eds, ap\u00f3s um per\u00edodo marcado pela supress\u00e3o. Na ocasi\u00e3o, estava presente Frei Ignacio Ceja Jim\u00e9nez, Vig\u00e1rio geral da Ordem dos Frades Menores.<\/p>\n<p><span style=\"font-weight: 400;\">Na visita \u00e0 Col\u00f4mbia, o Definidor geral encontrou-se com o Ministro geral, Frei\u00a0Massimo Fusarelli, onde participaram do Cap\u00edtulo da Prov\u00edncia de Santa F\u00e9, o que favoreceu mais uma oportunidade para dialogar com os frades que estavam presentes. De l\u00e1 seguiram para a\u00a0Prov\u00edncia de S\u00e3o Francisco de Quito, no Equador, passando por alguns lugares do pa\u00eds que contam com a presen\u00e7a franciscana. Eles tamb\u00e9m estiveram junto \u00e0s Irm\u00e3s Clarissas e Concepcionistas.<\/span><\/p>\n<p>Segundo Frei C\u00e9sar, os franciscanos, no Equador, possuem uma bela hist\u00f3ria de presen\u00e7a e evangeliza\u00e7\u00e3o, e a sua atua\u00e7\u00e3o continua importante sobretudo atrav\u00e9s de grandes santu\u00e1rios, da educa\u00e7\u00e3o e da comunica\u00e7\u00e3o em r\u00e1dios.<\/p>\n<p>Em sua breve passagem pela cidade de S\u00e3o Paulo, o frade, al\u00e9m de falar sobre sua peregrina\u00e7\u00e3o pela Am\u00e9rica Latina, refletiu tamb\u00e9m sobre os desafios da Ordem dos Frades Menores, voca\u00e7\u00f5es, o futuro e as pr\u00f3ximas etapas do Cap\u00edtulo Geral das Esteiras. A conversa come\u00e7ou pela diversidade\u00a0encontrada nas prov\u00edncias latino-americanas e do continente africano.<\/p>\n<p><b>Site Franciscanos <\/b><span style=\"font-weight: 400;\">\u2013 Como o senhor acompanha as diferentes realidades da Ordem nesse continente t\u00e3o vasto?<\/span><\/p>\n<p><b>Frei C\u00e9sar <\/b><span style=\"font-weight: 400;\">\u2013 <\/span>Na Am\u00e9rica Latina hoje somos 25 prov\u00edncias e 15 vicariatos. Acompanho um pouco dessas realidades, que s\u00e3o muito distintas em cada pa\u00eds ou regi\u00e3o. Nossas presen\u00e7as nasceram com o esp\u00edrito mission\u00e1rio dos frades europeus em diferentes per\u00edodos da hist\u00f3ria. Na Am\u00e9rica do Sul temos duas confer\u00eancias de frades menores: a Bolivariana (com as prov\u00edncias na Bol\u00edvia, no Peru, na Col\u00f4mbia, no Equador e uma cust\u00f3dia na Venezuela) e a do Brasil e Cone Sul (com presen\u00e7as no Brasil, na Argentina, no Chile e no Paraguai). Esta \u00faltima \u00e9 uma realidade que eu j\u00e1 tinha mais conhecimento, porque aqui \u00e9 a minha terra e fui animador de forma\u00e7\u00e3o, de evangeliza\u00e7\u00e3o, al\u00e9m de presidente dessa Confer\u00eancia. Por conta disso, convivi com muitas entidades.<\/p>\n<p><b>Site Franciscanos <\/b><span style=\"font-weight: 400;\">\u2013 Diante de tanta diversidade, onde essas diferen\u00e7as se encontram?<\/span><\/p>\n<p><b>Frei C\u00e9sar <\/b><span style=\"font-weight: 400;\">\u2013<\/span>Quando falamos dessa diversidade, das diferen\u00e7as no continente t\u00e3o amplo, percebemos que a converg\u00eancia de vida e de prop\u00f3sitos se unem no carisma, nos valores franciscanos que n\u00f3s professamos pela Regra. Isso nos aproxima.<\/p>\n<p>Este ano tive a oportunidade de estar na \u00c1sia, na \u00c1frica, na Europa, aqui na Am\u00e9rica Latina e, em todos os lugares voc\u00ea encontra irm\u00e3os muito pr\u00f3ximos, isso porque todos n\u00f3s seguimos a mesma Regra.<\/p>\n<p>Nosso esfor\u00e7o, como\u00a0Definit\u00f3rio geral, \u00e9 visitar todas as \u00e1reas geogr\u00e1ficas onde temos as Confer\u00eancias, para assim conhecer, escutar e levar uma mensagem, mas, ao mesmo tempo receber. Todos esses encontros est\u00e3o proporcionando o fortalecimento de nossa resposta vocacional para o nosso tempo.<\/p>\n<p>Al\u00e9m das a\u00e7\u00f5es do Definit\u00f3rio geral, h\u00e1 um movimento nas Prov\u00edncias e Confer\u00eancias com a celebra\u00e7\u00e3o do Cap\u00edtulo das Esteiras e os Encontros de Irm\u00e3os Leigos, os dois culminando com encontros gerais em Assis, nos pr\u00f3ximos dois anos.<\/p>\n<p><b>Site Franciscanos <\/b><span style=\"font-weight: 400;\">\u2013 Qual o diferencial deste Cap\u00edtulo Geral das Esteiras?<\/span><\/p>\n<p><b>Frei C\u00e9sar <\/b><span style=\"font-weight: 400;\">\u2013 <\/span>O grande diferencial \u00e9 que, na sua prepara\u00e7\u00e3o, ele vai sendo inspirado no caminho sinodal que a pr\u00f3pria Igreja est\u00e1 fazendo, procurando abrir espa\u00e7os de di\u00e1logos e contando com a participa\u00e7\u00e3o de leigos e religiosas que participam de nossa vida e de nossa miss\u00e3o evangelizadora. Al\u00e9m disso, contar\u00e1 com a inspira\u00e7\u00e3o do Grande Jubileu dos \u00faltimos anos de vida de nosso pai S\u00e3o Francisco.<\/p>\n<p>Neste ano, o Cap\u00edtulo das Esteira est\u00e1 sendo celebrado nas prov\u00edncias e confer\u00eancias. O resultado destes encontros vai se tornar o material de trabalho do Cap\u00edtulo Geral das Esteiras, no ano que vem, em junho, em Assis.<\/p>\n<p><b>Site Franciscanos <\/b><span style=\"font-weight: 400;\">\u2013 Al\u00e9m do Cap\u00edtulo Geral das Esteiras, quais outras inst\u00e2ncias de reflex\u00f5es est\u00e3o sendo preparadas?<\/span><\/p>\n<p><b>Frei C\u00e9sar <\/b><span style=\"font-weight: 400;\">\u2013 <\/span>Teremos ainda o Conselho Plen\u00e1rio da Ordem, que \u00e9 realizado sempre na metade dos seis anos entre os Cap\u00edtulos Gerais. \u00c9 um momento no qual retomamos a caminhada feita como Ordem, sem a press\u00e3o da elabora\u00e7\u00e3o de normas, de elei\u00e7\u00f5es, mas como uma ocasi\u00e3o para revis\u00e3o das nossas prioridades e de prepara\u00e7\u00e3o do pr\u00f3ximo Cap\u00edtulo Geral. O \u00faltimo Conselho Plen\u00e1rio da Ordem foi em Nair\u00f3bi, na \u00c1frica, em 2018.<\/p>\n<p>Todas essas iniciativas buscam rever os organismos de anima\u00e7\u00e3o da Ordem e a nossa forma de presen\u00e7a fraterna e evangelizadora.<\/p>\n<p>Nestes dias, aqui em S\u00e3o Paulo, estive na Fraternidade Santo Ant\u00f4nio do Pari com a Comiss\u00e3o para Novas formas de presen\u00e7a, vida e evangeliza\u00e7\u00e3o hoje na Am\u00e9rica Latina. Com o Secret\u00e1rio geral para a Evangeliza\u00e7\u00e3o e o Animador geral para as Miss\u00f5es. Estavam frades de v\u00e1rias entidades e, de nossa Prov\u00edncia, estava Frei Gustavo Wayand Medella. Eles se reuniram para propor formas diferentes de responder ao nosso carisma hoje na Am\u00e9rica Latina.<\/p>\n<p>Outro aspecto importante que estamos abordando, como Definit\u00f3rio geral, \u00e9 a revis\u00e3o da nossa distribui\u00e7\u00e3o e organiza\u00e7\u00e3o em confer\u00eancias e entidades. Assim, procuramos encontrar formas mais adaptadas ao nosso tempo, em vista da anima\u00e7\u00e3o da vida e da miss\u00e3o dos frades.<\/p>\n<p><b>Site Franciscanos <\/b><span style=\"font-weight: 400;\">\u2013 Na opini\u00e3o do senhor, qual a import\u00e2ncia desse caminho sinodal que a Ordem dos Frades Menores est\u00e1 percorrendo, quando a presen\u00e7a dos leigos, da Fam\u00edlia Franciscana e das religiosas tamb\u00e9m passa a ser validada de forma mais efetiva na realiza\u00e7\u00e3o das etapas locais do Cap\u00edtulo Geral das Esteiras?<\/span><\/p>\n<p><strong>Frei C\u00e9sar \u2013 <\/strong>O chamado caminho da sinodalidade \u00e9 uma tentativa de repensar tamb\u00e9m a anima\u00e7\u00e3o de toda a Igreja, para que seja uma resposta do esp\u00edrito. O S\u00ednodo come\u00e7ou em 2021 e ser\u00e1 encerrado em outubro deste ano, com o objetivo de chegar a algumas indica\u00e7\u00f5es. Na minha opini\u00e3o, o mais importante \u00e9 manter e refor\u00e7ar em nossa vida de crist\u00e3os o jeito de ser de Jesus. Essa \u00e9 a nossa principal refer\u00eancia. Quando no Evangelho Jesus pergunta aos disc\u00edpulos \u201c<em>o que dizem<\/em><em> ser o Filho do Homem<\/em><em>?<\/em>\u201d, n\u00e3o diz isso por acaso. Ele est\u00e1 mostrando que a opini\u00e3o \u00e9 importante e, depois complementada com a resposta de Pedro, na escuta do que revela o Esp\u00edrito. Esse \u00e9 o modo de ser que v\u00e3o assumir os primeiros crist\u00e3os.<\/p>\n<p>O livro dos Atos dos Ap\u00f3stolos, cap\u00edtulo dois, apresenta a primitiva comunidade de Jerusal\u00e9m, onde os fi\u00e9is viviam unidos em ora\u00e7\u00e3o e tinham tudo em comum. Foi este espa\u00e7o de comunh\u00e3o o lugar da manifesta\u00e7\u00e3o do Esp\u00edrito para os divesos discernimentos que precisaram fazer.<\/p>\n<p>A partir dessa \u00f3tica, a vida religiosa se organiza desde o in\u00edcio, numa modalidade semelhante, de escuta do esp\u00edrito, de forma fraterna, justamente porque \u00e9 na rela\u00e7\u00e3o que o esp\u00edrito se manifesta.<\/p>\n<p>O nosso Cap\u00edtulo das Esteiras est\u00e1 inspirado nesse caminho com toda a Igreja. Um caminho de escutar as pessoas, n\u00e3o apenas os pr\u00f3prios frades, mas tamb\u00e9m os leigos e religiosas que dividem o carisma e a miss\u00e3o franciscana. Essa presen\u00e7a \u00e9 enriquecedora. Temos visto em muitas prov\u00edncias uma alegria muito grande, pois esse ambiente fortalece o sentimento de perten\u00e7a em todos n\u00f3s frades e na Fam\u00edlia Franciscana, al\u00e9m de ser um elemento fundamental para reanimar nosso carisma e nossa adequa\u00e7\u00e3o aos novos tempos.<\/p>\n<p><b>Site Franciscanos <\/b><span style=\"font-weight: 400;\">\u2013 Diante de tantos relatos de frades, leigos, Fam\u00edlia Franciscana, quais os maiores desafios para a Ordem dos Frades Menores?<\/span><\/p>\n<p><b>Frei C\u00e9sar <\/b><span style=\"font-weight: 400;\">\u2013 <\/span>Como Definit\u00f3rio, temos insistido em alguns pontos, como o fortalecimento da identidade franciscana, a partir da for\u00e7a do carisma. Como disse inicialmente, aqui na Am\u00e9rica Latina somos herdeiros de uma tradi\u00e7\u00e3o mission\u00e1ria na hist\u00f3ria das entidades com aten\u00e7\u00e3o aos sinais dos tempos, \u00e0s necessidades de cada \u00e9poca. Quando chegaram perceberam a necessidade de formar comunidades crist\u00e3s e a falta de educa\u00e7\u00e3o que havia. Por isso, at\u00e9 hoje o campo das par\u00f3quias e o da educa\u00e7\u00e3o s\u00e3o os mais fortes aqui. O risco hoje \u00e9 o de apenas continuarmos o que sempre se fez sem uma aten\u00e7\u00e3o aos sinais e necessidades do nosso tempo. Isto pode nos levar a certo clericalismo e \u00e0 perda do sentido mission\u00e1rio.<\/p>\n<p>Al\u00e9m disso, tivemos uma diminui\u00e7\u00e3o no n\u00famero de frades, mas com as mesmas obras e presen\u00e7as, comprometendo por vezes a qualidade de nossa resposta vocacional como religiosos e do nosso servi\u00e7o evangelizador.<\/p>\n<p>Nesse sentido, a sinodalidade \u00e9 uma inspira\u00e7\u00e3o para pensarmos \u00e0 luz do carisma e como Ordem dos Frades Menores. A anima\u00e7\u00e3o das prov\u00edncias pede que os frades pensem como Ordem dos Frades Menores na Am\u00e9rica Latina, de forma que todos se sintam parte de um movimento maior, que vai al\u00e9m da realidade onde cada um vive, capaz de transpor, inclusive, as fronteiras pessoais.<\/p>\n<p><b>Site Franciscanos <\/b><span style=\"font-weight: 400;\">\u2013 Frente \u00e0s demandas, cobran\u00e7as do tempo e do cansa\u00e7o, como fica a quest\u00e3o das voca\u00e7\u00f5es e o perfil dos vocacionados?<\/span><\/p>\n<p><b>Frei C\u00e9sar <\/b><span style=\"font-weight: 400;\">\u2013<\/span>Na atualidade, um\u00a0dos desafios \u00e9 a diminui\u00e7\u00e3o num\u00e9rica\u00a0de frades em algumas localidades. No entanto, nosso Ministro geral, Frei Massimo Fusarelli, sempre diz que esse n\u00e3o \u00e9 o nosso maior desafio. Segundo ele, n\u00e3o precisamos de n\u00fameros, mas de Frades Menores. Precisamos de fidelidade, de criatividade e de anima\u00e7\u00e3o. S\u00e3o Francisco com poucos companheiros provocou uma revolu\u00e7\u00e3o que atravessou oito s\u00e9culos e todos os continentes.<\/p>\n<p>Em nossa realidade de Brasil, percebemos grandes mudan\u00e7as provenientes de um mundo que muda rapidamente e das mudan\u00e7as que atingem a Igreja e as ordens religiosas. No in\u00edcio da trajet\u00f3ria franciscana, os Frades Menores vinham da Europa, de pa\u00edses como Espanha e Portugal. No per\u00edodo do final do Imp\u00e9rio, as Ordens foram suprimidas, e chegamos a ter apenas um frade na Prov\u00edncia. Depois vieram frades alem\u00e3es, belgas, japoneses, entre outras nacionalidades. Em outras prov\u00edncias foram italianos, holandeses, americanos e alem\u00e3es. Era quase uma igreja estrangeira.<\/p>\n<p>Esses frades assumiram esta cultura, trabalharam nas diversas realidades e buscaram voca\u00e7\u00f5es nas fam\u00edlias das comunidades onde atuavam.<\/p>\n<p>Hoje \u00e9 diferente. As voca\u00e7\u00f5es t\u00eam mais o rosto de cada pa\u00eds. As voca\u00e7\u00f5es v\u00eam com um pouco mais de idade, com viv\u00eancias em comunidades e na pr\u00f3pria vida.<\/p>\n<p>Podemos dizer\u00a0que hoje temos menos entradas do que no passado, mas h\u00e1 um pouco mais de perseveran\u00e7a. No passado entravam muitos, t\u00ednhamos grandes semin\u00e1rios, com n\u00fameros grandes, embora o resultado n\u00e3o era s\u00f3 o daqueles que sobravam, mas em todos aqueles que faziam o seu discernimento e se formavam para a vida.<\/p>\n<p>Na atualidade, vivemos um outro processo. Por conta disso, as voca\u00e7\u00f5es apresentam outros rostos, das v\u00e1rias culturas de cada pa\u00eds, das realidades ind\u00edgenas, afro-brasileira, nordestina, amaz\u00f4nica, e assim por diante.<\/p>\n<p><span style=\"font-weight: 400;\">Um desafio \u00e9 o de cada frade promover voca\u00e7\u00f5es, fazer o convite pessoal aos jovens que j\u00e1 est\u00e3o em nossas comunidades e atividades. Depois pensar um processo formativo para o nosso tempo e para estas voca\u00e7\u00f5es. Nossa Prov\u00edncia h\u00e1 dado bons passos neste sentido. <\/span><\/p>\n<p><b>Site Franciscanos<\/b><span style=\"font-weight: 400;\">\u2013 Podemos dizer, para encerrar, que a Ordem dos Frades Menores, quando busca reavivar sua ess\u00eancia, seu carisma, sua espiritualidade, \u00e9 pela real busca por uma Igreja em sa\u00edda?<\/span><\/p>\n<p><b>Frei C\u00e9sar <\/b><span style=\"font-weight: 400;\">\u2013 <\/span>Eu acredito que esse mote usado pelo Papa Francisco, fala de Igreja que n\u00e3o \u00e9 s\u00f3 do sacramentalismo\u00a0ou do clericalismo. Como algumas vezes se diz: \u201cLugar de padre \u00e9 na sacristia e de religioso <span style=\"text-decoration: line-through;\">\u00e9<\/span> no coro, rezando\u201d. Isto \u00e9 um reducionismo!<\/p>\n<p>Papa Francisco fala que prefere uma Igreja\u00a0ferida, enlameada, mas que est\u00e1 pelas ruas no encontro com as pessoas. Isso exige uma postura mais ativa de n\u00f3s Frades Menores, pois assim nasceu o nosso carisma. Esse era o jeito de ser de S\u00e3o Francisco Assis. Ele nunca ficou instalado num lugar. Era um andarilho por tantos lugares na It\u00e1lia e fora dela, indo aos lugares onde buscava integrar a contempla\u00e7\u00e3o e a miss\u00e3o. Esta \u00e9 a nossa tradi\u00e7\u00e3o franciscana, com seus 800 anos de hist\u00f3ria.<\/p>\n<p>E assim os frades se espalharam pelo mundo inteiro levando na vida e nas palavras o Evangelho do Senhor. Por isso este an\u00fancio chegou at\u00e9 onde estamos. Da\u00ed o compromisso de lev\u00e1-lo adiante, para al\u00e9m de n\u00f3s mesmos. Sejamos um espa\u00e7o de acolhida, de encontro, de promo\u00e7\u00e3o das rela\u00e7\u00f5es, para que assim possamos descobrir a a\u00e7\u00e3o do Esp\u00edrito, que \u00e9 maior do que a nossa a\u00e7\u00e3o pessoal. Somos uma fraternidade.<\/p>\n<hr \/>\n<p><em>Adriana Rabelo<\/em><\/p>\n","protected":false},"excerpt":{"rendered":"<p>Entrevista com Frei C\u00e9sar K\u00fclkamp<\/p>\n","protected":false},"author":11,"featured_media":0,"comment_status":"open","ping_status":"open","sticky":false,"template":"","format":"standard","meta":[],"categories":[758,1],"tags":[454],"acf":[],"yoast_head":"<!-- This site is optimized with the Yoast SEO plugin v19.2 - https:\/\/yoast.com\/wordpress\/plugins\/seo\/ -->\n<title>Desafios e caminhos da Ordem dos Frades Menores- Entrevista com Frei C\u00e9sar K\u00fclkamp - Not\u00edcias - Franciscanos<\/title>\n<meta name=\"robots\" content=\"index, follow, max-snippet:-1, max-image-preview:large, max-video-preview:-1\" \/>\n<link rel=\"canonical\" href=\"https:\/\/franciscanos.org.br\/noticias\/desafios-e-caminhos-da-ordem-dos-frades-menores-entrevista-com-frei-cesar-kulkamp.html\" \/>\n<meta property=\"og:locale\" content=\"pt_BR\" \/>\n<meta property=\"og:type\" content=\"article\" \/>\n<meta property=\"og:title\" content=\"Desafios e caminhos da Ordem dos Frades Menores- Entrevista com Frei C\u00e9sar K\u00fclkamp - Not\u00edcias - Franciscanos\" \/>\n<meta property=\"og:description\" content=\"Entrevista com Frei C\u00e9sar K\u00fclkamp\" \/>\n<meta property=\"og:url\" content=\"https:\/\/franciscanos.org.br\/noticias\/desafios-e-caminhos-da-ordem-dos-frades-menores-entrevista-com-frei-cesar-kulkamp.html\" \/>\n<meta property=\"og:site_name\" content=\"Not\u00edcias - Franciscanos\" \/>\n<meta property=\"article:published_time\" content=\"2024-07-15T20:21:26+00:00\" \/>\n<meta property=\"article:modified_time\" content=\"2024-07-24T15:09:04+00:00\" \/>\n<meta property=\"og:image\" content=\"https:\/\/franciscanos.org.br\/noticias\/wp-content\/uploads\/2024\/07\/WhatsApp-Image-2024-07-15-at-16.49.52-1024x576.jpeg\" \/>\n<meta name=\"author\" content=\"Adriana Rabelo\" \/>\n<meta name=\"twitter:card\" content=\"summary_large_image\" \/>\n<meta name=\"twitter:label1\" content=\"Escrito por\" \/>\n\t<meta name=\"twitter:data1\" content=\"Adriana Rabelo\" \/>\n\t<meta name=\"twitter:label2\" content=\"Est. tempo de leitura\" \/>\n\t<meta name=\"twitter:data2\" content=\"12 minutos\" \/>\n<script type=\"application\/ld+json\" class=\"yoast-schema-graph\">{\"@context\":\"https:\/\/schema.org\",\"@graph\":[{\"@type\":\"WebSite\",\"@id\":\"https:\/\/franciscanos.org.br\/noticias\/#website\",\"url\":\"https:\/\/franciscanos.org.br\/noticias\/\",\"name\":\"Not\u00edcias - Franciscanos\",\"description\":\"Prov\u00edncia Franciscana da Imaculada Concei\u00e7\u00e3o do Brasil - Ordem dos Frades Menores - OFM\",\"potentialAction\":[{\"@type\":\"SearchAction\",\"target\":{\"@type\":\"EntryPoint\",\"urlTemplate\":\"https:\/\/franciscanos.org.br\/noticias\/?s={search_term_string}\"},\"query-input\":\"required name=search_term_string\"}],\"inLanguage\":\"pt-BR\"},{\"@type\":\"ImageObject\",\"inLanguage\":\"pt-BR\",\"@id\":\"https:\/\/franciscanos.org.br\/noticias\/desafios-e-caminhos-da-ordem-dos-frades-menores-entrevista-com-frei-cesar-kulkamp.html#primaryimage\",\"url\":\"https:\/\/franciscanos.org.br\/noticias\/wp-content\/uploads\/2024\/07\/WhatsApp-Image-2024-07-15-at-16.49.52.jpeg\",\"contentUrl\":\"https:\/\/franciscanos.org.br\/noticias\/wp-content\/uploads\/2024\/07\/WhatsApp-Image-2024-07-15-at-16.49.52.jpeg\",\"width\":1280,\"height\":720},{\"@type\":\"WebPage\",\"@id\":\"https:\/\/franciscanos.org.br\/noticias\/desafios-e-caminhos-da-ordem-dos-frades-menores-entrevista-com-frei-cesar-kulkamp.html#webpage\",\"url\":\"https:\/\/franciscanos.org.br\/noticias\/desafios-e-caminhos-da-ordem-dos-frades-menores-entrevista-com-frei-cesar-kulkamp.html\",\"name\":\"Desafios e caminhos da Ordem dos Frades Menores- Entrevista com Frei C\u00e9sar K\u00fclkamp - Not\u00edcias - Franciscanos\",\"isPartOf\":{\"@id\":\"https:\/\/franciscanos.org.br\/noticias\/#website\"},\"primaryImageOfPage\":{\"@id\":\"https:\/\/franciscanos.org.br\/noticias\/desafios-e-caminhos-da-ordem-dos-frades-menores-entrevista-com-frei-cesar-kulkamp.html#primaryimage\"},\"datePublished\":\"2024-07-15T20:21:26+00:00\",\"dateModified\":\"2024-07-24T15:09:04+00:00\",\"author\":{\"@id\":\"https:\/\/franciscanos.org.br\/noticias\/#\/schema\/person\/d9422e83121c3ad3b0f423d195f5bb25\"},\"breadcrumb\":{\"@id\":\"https:\/\/franciscanos.org.br\/noticias\/desafios-e-caminhos-da-ordem-dos-frades-menores-entrevista-com-frei-cesar-kulkamp.html#breadcrumb\"},\"inLanguage\":\"pt-BR\",\"potentialAction\":[{\"@type\":\"ReadAction\",\"target\":[\"https:\/\/franciscanos.org.br\/noticias\/desafios-e-caminhos-da-ordem-dos-frades-menores-entrevista-com-frei-cesar-kulkamp.html\"]}]},{\"@type\":\"BreadcrumbList\",\"@id\":\"https:\/\/franciscanos.org.br\/noticias\/desafios-e-caminhos-da-ordem-dos-frades-menores-entrevista-com-frei-cesar-kulkamp.html#breadcrumb\",\"itemListElement\":[{\"@type\":\"ListItem\",\"position\":1,\"name\":\"Home\",\"item\":\"https:\/\/franciscanos.org.br\/noticias\"},{\"@type\":\"ListItem\",\"position\":2,\"name\":\"Desafios e caminhos da Ordem dos Frades Menores- Entrevista com Frei C\u00e9sar K\u00fclkamp\"}]},{\"@type\":\"Person\",\"@id\":\"https:\/\/franciscanos.org.br\/noticias\/#\/schema\/person\/d9422e83121c3ad3b0f423d195f5bb25\",\"name\":\"Adriana Rabelo\",\"image\":{\"@type\":\"ImageObject\",\"inLanguage\":\"pt-BR\",\"@id\":\"https:\/\/franciscanos.org.br\/noticias\/#\/schema\/person\/image\/\",\"url\":\"https:\/\/secure.gravatar.com\/avatar\/0a937b7500cd7df77540cfb8bede877d?s=96&d=mm&r=g\",\"contentUrl\":\"https:\/\/secure.gravatar.com\/avatar\/0a937b7500cd7df77540cfb8bede877d?s=96&d=mm&r=g\",\"caption\":\"Adriana Rabelo\"},\"url\":\"https:\/\/franciscanos.org.br\/noticias\/author\/adrianarabelo\"}]}<\/script>\n<!-- \/ Yoast SEO plugin. -->","yoast_head_json":{"title":"Desafios e caminhos da Ordem dos Frades Menores- Entrevista com Frei C\u00e9sar K\u00fclkamp - Not\u00edcias - Franciscanos","robots":{"index":"index","follow":"follow","max-snippet":"max-snippet:-1","max-image-preview":"max-image-preview:large","max-video-preview":"max-video-preview:-1"},"canonical":"https:\/\/franciscanos.org.br\/noticias\/desafios-e-caminhos-da-ordem-dos-frades-menores-entrevista-com-frei-cesar-kulkamp.html","og_locale":"pt_BR","og_type":"article","og_title":"Desafios e caminhos da Ordem dos Frades Menores- Entrevista com Frei C\u00e9sar K\u00fclkamp - Not\u00edcias - Franciscanos","og_description":"Entrevista com Frei C\u00e9sar K\u00fclkamp","og_url":"https:\/\/franciscanos.org.br\/noticias\/desafios-e-caminhos-da-ordem-dos-frades-menores-entrevista-com-frei-cesar-kulkamp.html","og_site_name":"Not\u00edcias - Franciscanos","article_published_time":"2024-07-15T20:21:26+00:00","article_modified_time":"2024-07-24T15:09:04+00:00","og_image":[{"url":"https:\/\/franciscanos.org.br\/noticias\/wp-content\/uploads\/2024\/07\/WhatsApp-Image-2024-07-15-at-16.49.52-1024x576.jpeg"}],"author":"Adriana Rabelo","twitter_card":"summary_large_image","twitter_misc":{"Escrito por":"Adriana Rabelo","Est. tempo de leitura":"12 minutos"},"schema":{"@context":"https:\/\/schema.org","@graph":[{"@type":"WebSite","@id":"https:\/\/franciscanos.org.br\/noticias\/#website","url":"https:\/\/franciscanos.org.br\/noticias\/","name":"Not\u00edcias - Franciscanos","description":"Prov\u00edncia Franciscana da Imaculada Concei\u00e7\u00e3o do Brasil - Ordem dos Frades Menores - OFM","potentialAction":[{"@type":"SearchAction","target":{"@type":"EntryPoint","urlTemplate":"https:\/\/franciscanos.org.br\/noticias\/?s={search_term_string}"},"query-input":"required name=search_term_string"}],"inLanguage":"pt-BR"},{"@type":"ImageObject","inLanguage":"pt-BR","@id":"https:\/\/franciscanos.org.br\/noticias\/desafios-e-caminhos-da-ordem-dos-frades-menores-entrevista-com-frei-cesar-kulkamp.html#primaryimage","url":"https:\/\/franciscanos.org.br\/noticias\/wp-content\/uploads\/2024\/07\/WhatsApp-Image-2024-07-15-at-16.49.52.jpeg","contentUrl":"https:\/\/franciscanos.org.br\/noticias\/wp-content\/uploads\/2024\/07\/WhatsApp-Image-2024-07-15-at-16.49.52.jpeg","width":1280,"height":720},{"@type":"WebPage","@id":"https:\/\/franciscanos.org.br\/noticias\/desafios-e-caminhos-da-ordem-dos-frades-menores-entrevista-com-frei-cesar-kulkamp.html#webpage","url":"https:\/\/franciscanos.org.br\/noticias\/desafios-e-caminhos-da-ordem-dos-frades-menores-entrevista-com-frei-cesar-kulkamp.html","name":"Desafios e caminhos da Ordem dos Frades Menores- Entrevista com Frei C\u00e9sar K\u00fclkamp - Not\u00edcias - Franciscanos","isPartOf":{"@id":"https:\/\/franciscanos.org.br\/noticias\/#website"},"primaryImageOfPage":{"@id":"https:\/\/franciscanos.org.br\/noticias\/desafios-e-caminhos-da-ordem-dos-frades-menores-entrevista-com-frei-cesar-kulkamp.html#primaryimage"},"datePublished":"2024-07-15T20:21:26+00:00","dateModified":"2024-07-24T15:09:04+00:00","author":{"@id":"https:\/\/franciscanos.org.br\/noticias\/#\/schema\/person\/d9422e83121c3ad3b0f423d195f5bb25"},"breadcrumb":{"@id":"https:\/\/franciscanos.org.br\/noticias\/desafios-e-caminhos-da-ordem-dos-frades-menores-entrevista-com-frei-cesar-kulkamp.html#breadcrumb"},"inLanguage":"pt-BR","potentialAction":[{"@type":"ReadAction","target":["https:\/\/franciscanos.org.br\/noticias\/desafios-e-caminhos-da-ordem-dos-frades-menores-entrevista-com-frei-cesar-kulkamp.html"]}]},{"@type":"BreadcrumbList","@id":"https:\/\/franciscanos.org.br\/noticias\/desafios-e-caminhos-da-ordem-dos-frades-menores-entrevista-com-frei-cesar-kulkamp.html#breadcrumb","itemListElement":[{"@type":"ListItem","position":1,"name":"Home","item":"https:\/\/franciscanos.org.br\/noticias"},{"@type":"ListItem","position":2,"name":"Desafios e caminhos da Ordem dos Frades Menores- Entrevista com Frei C\u00e9sar K\u00fclkamp"}]},{"@type":"Person","@id":"https:\/\/franciscanos.org.br\/noticias\/#\/schema\/person\/d9422e83121c3ad3b0f423d195f5bb25","name":"Adriana Rabelo","image":{"@type":"ImageObject","inLanguage":"pt-BR","@id":"https:\/\/franciscanos.org.br\/noticias\/#\/schema\/person\/image\/","url":"https:\/\/secure.gravatar.com\/avatar\/0a937b7500cd7df77540cfb8bede877d?s=96&d=mm&r=g","contentUrl":"https:\/\/secure.gravatar.com\/avatar\/0a937b7500cd7df77540cfb8bede877d?s=96&d=mm&r=g","caption":"Adriana Rabelo"},"url":"https:\/\/franciscanos.org.br\/noticias\/author\/adrianarabelo"}]}},"_links":{"self":[{"href":"https:\/\/franciscanos.org.br\/noticias\/wp-json\/wp\/v2\/posts\/248983"}],"collection":[{"href":"https:\/\/franciscanos.org.br\/noticias\/wp-json\/wp\/v2\/posts"}],"about":[{"href":"https:\/\/franciscanos.org.br\/noticias\/wp-json\/wp\/v2\/types\/post"}],"author":[{"embeddable":true,"href":"https:\/\/franciscanos.org.br\/noticias\/wp-json\/wp\/v2\/users\/11"}],"replies":[{"embeddable":true,"href":"https:\/\/franciscanos.org.br\/noticias\/wp-json\/wp\/v2\/comments?post=248983"}],"version-history":[{"count":4,"href":"https:\/\/franciscanos.org.br\/noticias\/wp-json\/wp\/v2\/posts\/248983\/revisions"}],"predecessor-version":[{"id":249139,"href":"https:\/\/franciscanos.org.br\/noticias\/wp-json\/wp\/v2\/posts\/248983\/revisions\/249139"}],"wp:attachment":[{"href":"https:\/\/franciscanos.org.br\/noticias\/wp-json\/wp\/v2\/media?parent=248983"}],"wp:term":[{"taxonomy":"category","embeddable":true,"href":"https:\/\/franciscanos.org.br\/noticias\/wp-json\/wp\/v2\/categories?post=248983"},{"taxonomy":"post_tag","embeddable":true,"href":"https:\/\/franciscanos.org.br\/noticias\/wp-json\/wp\/v2\/tags?post=248983"}],"curies":[{"name":"wp","href":"https:\/\/api.w.org\/{rel}","templated":true}]}}