{"id":248938,"date":"2024-07-10T11:17:34","date_gmt":"2024-07-10T14:17:34","guid":{"rendered":"https:\/\/franciscanos.org.br\/noticias\/?p=248938"},"modified":"2024-07-10T11:17:34","modified_gmt":"2024-07-10T14:17:34","slug":"proibir-armas-autonomas-letais-e-proteger-a-dignidade-humana","status":"publish","type":"post","link":"https:\/\/franciscanos.org.br\/noticias\/proibir-armas-autonomas-letais-e-proteger-a-dignidade-humana.html","title":{"rendered":"Proibir armas aut\u00f4nomas letais e proteger a dignidade humana"},"content":{"rendered":"<p><img loading=\"lazy\" class=\"aligncenter wp-image-248939 size-full\" src=\"https:\/\/franciscanos.org.br\/noticias\/wp-content\/uploads\/2024\/07\/PAPA-FRANCISCO-10.07.jpeg\" alt=\"\" width=\"750\" height=\"422\" srcset=\"https:\/\/franciscanos.org.br\/noticias\/wp-content\/uploads\/2024\/07\/PAPA-FRANCISCO-10.07.jpeg 750w, https:\/\/franciscanos.org.br\/noticias\/wp-content\/uploads\/2024\/07\/PAPA-FRANCISCO-10.07-450x253.jpeg 450w, https:\/\/franciscanos.org.br\/noticias\/wp-content\/uploads\/2024\/07\/PAPA-FRANCISCO-10.07-150x84.jpeg 150w\" sizes=\"(max-width: 750px) 100vw, 750px\" \/><\/p>\n<p><em>Francisco envia mensagem a encontro de l\u00edderes religiosos em Hiroshima, no Jap\u00e3o, que visa promover o desenvolvimento \u00e9tico da intelig\u00eancia artificial. O grupo assinou o &#8220;Apelo de Roma por uma \u00c9tica da IA&#8221;, iniciativa elogiada pelo Papa j\u00e1 que &#8220;somente juntos podemos construir a paz, gra\u00e7as tamb\u00e9m a tecnologias ao servi\u00e7o da humanidade e no respeito de nossa casa comum\u201d.<\/em><\/p>\n<p>O Papa Francisco lan\u00e7ou uma mensagem na manh\u00e3 desta quarta-feira (10\/07) na rede social X em refer\u00eancia \u00e0s palavras dirigidas a representantes religiosos do mundo inteiro reunidos em Hiroshima, no Jap\u00e3o, desde ter\u00e7a-feira (09\/07): s\u00e3o mais de 150 participantes de 13 diferentes na\u00e7\u00f5es e 11 as religi\u00f5es representadas no Encontro &#8220;\u00c9tica da Intelig\u00eancia Artificial para a Paz&#8221;.<\/p>\n<p>\u201cOs l\u00edderes das religi\u00f5es do mundo assinaram em Hiroshima o Apelo de Roma por uma \u00c9tica da IA. Somente juntos podemos construir a #paz, gra\u00e7as tamb\u00e9m a tecnologias ao servi\u00e7o da humanidade e no respeito de nossa casa comum.\u201d<\/p>\n<p>O apelo\u00a0foi lan\u00e7ado pela\u00a0Pontif\u00edcia Academia para a Vida em fevereiro de 2020, juntamente com a Microsoft, a IBM, a FAO e o governo italiano. O documento visa fomentar uma abordagem \u00e9tica da IA e promover, entre as organiza\u00e7\u00f5es, governos e institui\u00e7\u00f5es, um sendo de responsabilidade compartilhada, a fim de moldar um futuro em que a inova\u00e7\u00e3o digital e o progresso tecnol\u00f3gico estejam a servi\u00e7o da genialidade e da criatividade humanas, preservando e respeitando a dignidade de cada indiv\u00edduo, bem como a do planeta.<\/p>\n<p>O grupo de l\u00edderes religiosos em Hiroshima, ent\u00e3o, assinou o apelo conjunto em favor de um uso \u00e9tico da IA em favor da paz e para proteger a dignidade humana, refor\u00e7ando a mensagem do Pont\u00edfice\u00a0ao recordar que &#8220;a intelig\u00eancia artificial e a paz s\u00e3o dois temas de absoluta import\u00e2ncia&#8221;, como teve a oportunidade de enfatizar tamb\u00e9m aos l\u00edderes pol\u00edticos do G7 na c\u00fapula de 14 de junho na cidade italiana de Borgo Egnazia. Em <a href=\"https:\/\/franciscanos.org.br\/banca\/wp-content\/uploads\/2024\/07\/DISCURSO-PAPA-FRANCISCO-AO-G7-SOBRE-INTELIGENCIA-ARTIFICIAL.pdf\"><span style=\"color: #0000ff;\">discurso<\/span><\/a>\u00a0pronunciado no painel sobre IA naquela ocasi\u00e3o, Francisco alertou sobre a import\u00e2ncia estrat\u00e9gica de uma escolha que pode afetar a vida de muitas pessoas: &#8220;a m\u00e1quina faz uma escolha t\u00e9cnica&#8221;, enquanto que &#8220;o ser humano, pelo contr\u00e1rio, n\u00e3o s\u00f3 escolhe como, no seu cora\u00e7\u00e3o, \u00e9 capaz de decidir&#8221;. Assim, &#8220;devemos ter bem claro que\u00a0<b>a decis\u00e3o deve ser sempre deixada ao ser humano<\/b>, mesmo sob os tons dram\u00e1ticos e urgentes com que, \u00e0s vezes, se apresenta na nossa vida&#8221;. E o Papa continua a mensagem ao encontro de Hiroshima, refor\u00e7ando a reflex\u00e3o j\u00e1 feita ao G7:<\/p>\n<p><i>&#8220;Condenar\u00edamos a humanidade a um futuro sem esperan\u00e7a se retir\u00e1ssemos \u00e0s pessoas a capacidade de decidir sobre si mesmas e sobre as suas vidas, obrigando-as a depender das escolhas das m\u00e1quinas. Precisamos garantir e proteger um espa\u00e7o de controle significativo do ser humano sobre o processo de escolha dos programas de intelig\u00eancia artificial: est\u00e1 em jogo a pr\u00f3pria dignidade humana.&#8221;\u00a0<\/i><\/p>\n<p><img loading=\"lazy\" class=\"alignright wp-image-248940 size-medium\" src=\"https:\/\/franciscanos.org.br\/noticias\/wp-content\/uploads\/2024\/07\/HIROSHIMA-450x253.jpeg\" alt=\"\" width=\"450\" height=\"253\" srcset=\"https:\/\/franciscanos.org.br\/noticias\/wp-content\/uploads\/2024\/07\/HIROSHIMA-450x253.jpeg 450w, https:\/\/franciscanos.org.br\/noticias\/wp-content\/uploads\/2024\/07\/HIROSHIMA-150x84.jpeg 150w, https:\/\/franciscanos.org.br\/noticias\/wp-content\/uploads\/2024\/07\/HIROSHIMA.jpeg 750w\" sizes=\"(max-width: 450px) 100vw, 450px\" \/><\/p>\n<p><strong>O encontro na simb\u00f3lica Hiroshima<\/strong><\/p>\n<p>O Papa destaca a &#8220;import\u00e2ncia simb\u00f3lica&#8221; do encontro ser realizado em Hiroshima para se falar sobre intelig\u00eancia artificial e a paz, j\u00e1 que foi uma das duas cidades atingidas por bombas at\u00f4micas no final da II Guerra Mundial, em 1945, num momento hist\u00f3rico de uso de armas nucleares durante uma guerra e contra alvos civis. E, j\u00e1 que &#8220;em meio aos atuais conflitos que abalam o mundo&#8221; se ouve falar dessa tecnologia, o evento que termina nesta quarta-feira (10\/07) \u00e9 de &#8220;extraordin\u00e1ria import\u00e2ncia&#8221;, reitera o Pont\u00edfice, ao acrescentar:<\/p>\n<p>\u201cAo elogiar essa iniciativa, pe\u00e7o que mostrem ao mundo que, unidos, exigimos um compromisso proativo para proteger a dignidade humana nesta nova temporada de uso das m\u00e1quinas.\u201d<\/p>\n<p><strong>A proibi\u00e7\u00e3o das armas letais aut\u00f4nomas<\/strong><\/p>\n<p>Ao finalizar a mensagem aos representantes religiosos, Francisco refor\u00e7a sobre a capacidade de uni\u00e3o dos l\u00edderes mundiais no compromisso a uma &#8220;gest\u00e3o s\u00e1bia da inova\u00e7\u00e3o tecnol\u00f3gica&#8221; e reza &#8220;para que cada um de n\u00f3s possa se tornar instrumento de paz para o mundo&#8221;. E, como fez \u00e0 c\u00fapula do G7, o Papa tamb\u00e9m insiste aos participantes do encontro de Hiroshima sobre a proibi\u00e7\u00e3o de armas letais aut\u00f4nomas:<\/p>\n<p><i>&#8220;\u00c9 fundamental que, unidos como irm\u00e3os, possamos lembrar ao mundo que: num drama como o dos conflitos armados, \u00e9 urgente repensar o desenvolvimento e o uso de dispositivos como as chamadas &#8216;armas aut\u00f4nomas letais&#8217;, a fim de banir a sua utiliza\u00e7\u00e3o, come\u00e7ando desde j\u00e1 pelo compromisso efetivo e concreto de introduzir um controlo humano cada vez mais significativo. Nenhuma m\u00e1quina, em caso algum, deveria ter a possibilidade de optar por tirar a vida a um ser humano.&#8221;<\/i><\/p>\n<hr \/>\n<p><em>Andressa Collet &#8211; Vatican News<\/em><\/p>\n","protected":false},"excerpt":{"rendered":"<p>Mensagem do Papa<\/p>\n","protected":false},"author":11,"featured_media":248939,"comment_status":"open","ping_status":"open","sticky":false,"template":"","format":"standard","meta":[],"categories":[1428],"tags":[55],"acf":[],"yoast_head":"<!-- This site is optimized with the Yoast SEO plugin v19.2 - https:\/\/yoast.com\/wordpress\/plugins\/seo\/ -->\n<title>Proibir armas aut\u00f4nomas letais e proteger a dignidade humana - Not\u00edcias - Franciscanos<\/title>\n<meta name=\"robots\" content=\"index, follow, max-snippet:-1, max-image-preview:large, max-video-preview:-1\" \/>\n<link rel=\"canonical\" href=\"https:\/\/franciscanos.org.br\/noticias\/proibir-armas-autonomas-letais-e-proteger-a-dignidade-humana.html\" \/>\n<meta property=\"og:locale\" content=\"pt_BR\" \/>\n<meta property=\"og:type\" content=\"article\" \/>\n<meta property=\"og:title\" content=\"Proibir armas aut\u00f4nomas letais e proteger a dignidade humana - Not\u00edcias - Franciscanos\" \/>\n<meta property=\"og:description\" content=\"Mensagem do Papa\" \/>\n<meta property=\"og:url\" content=\"https:\/\/franciscanos.org.br\/noticias\/proibir-armas-autonomas-letais-e-proteger-a-dignidade-humana.html\" \/>\n<meta property=\"og:site_name\" content=\"Not\u00edcias - Franciscanos\" \/>\n<meta property=\"article:published_time\" content=\"2024-07-10T14:17:34+00:00\" \/>\n<meta property=\"og:image\" content=\"https:\/\/franciscanos.org.br\/noticias\/wp-content\/uploads\/2024\/07\/PAPA-FRANCISCO-10.07.jpeg\" \/>\n\t<meta property=\"og:image:width\" content=\"750\" \/>\n\t<meta property=\"og:image:height\" content=\"422\" \/>\n\t<meta property=\"og:image:type\" content=\"image\/jpeg\" \/>\n<meta name=\"author\" content=\"Adriana Rabelo\" \/>\n<meta name=\"twitter:card\" content=\"summary_large_image\" \/>\n<meta name=\"twitter:label1\" content=\"Escrito por\" \/>\n\t<meta name=\"twitter:data1\" content=\"Adriana Rabelo\" \/>\n\t<meta name=\"twitter:label2\" content=\"Est. tempo de leitura\" \/>\n\t<meta name=\"twitter:data2\" content=\"4 minutos\" \/>\n<script type=\"application\/ld+json\" class=\"yoast-schema-graph\">{\"@context\":\"https:\/\/schema.org\",\"@graph\":[{\"@type\":\"WebSite\",\"@id\":\"https:\/\/franciscanos.org.br\/noticias\/#website\",\"url\":\"https:\/\/franciscanos.org.br\/noticias\/\",\"name\":\"Not\u00edcias - Franciscanos\",\"description\":\"Prov\u00edncia Franciscana da Imaculada Concei\u00e7\u00e3o do Brasil - Ordem dos Frades Menores - OFM\",\"potentialAction\":[{\"@type\":\"SearchAction\",\"target\":{\"@type\":\"EntryPoint\",\"urlTemplate\":\"https:\/\/franciscanos.org.br\/noticias\/?s={search_term_string}\"},\"query-input\":\"required name=search_term_string\"}],\"inLanguage\":\"pt-BR\"},{\"@type\":\"ImageObject\",\"inLanguage\":\"pt-BR\",\"@id\":\"https:\/\/franciscanos.org.br\/noticias\/proibir-armas-autonomas-letais-e-proteger-a-dignidade-humana.html#primaryimage\",\"url\":\"https:\/\/franciscanos.org.br\/noticias\/wp-content\/uploads\/2024\/07\/PAPA-FRANCISCO-10.07.jpeg\",\"contentUrl\":\"https:\/\/franciscanos.org.br\/noticias\/wp-content\/uploads\/2024\/07\/PAPA-FRANCISCO-10.07.jpeg\",\"width\":750,\"height\":422},{\"@type\":\"WebPage\",\"@id\":\"https:\/\/franciscanos.org.br\/noticias\/proibir-armas-autonomas-letais-e-proteger-a-dignidade-humana.html#webpage\",\"url\":\"https:\/\/franciscanos.org.br\/noticias\/proibir-armas-autonomas-letais-e-proteger-a-dignidade-humana.html\",\"name\":\"Proibir armas aut\u00f4nomas letais e proteger a dignidade humana - Not\u00edcias - Franciscanos\",\"isPartOf\":{\"@id\":\"https:\/\/franciscanos.org.br\/noticias\/#website\"},\"primaryImageOfPage\":{\"@id\":\"https:\/\/franciscanos.org.br\/noticias\/proibir-armas-autonomas-letais-e-proteger-a-dignidade-humana.html#primaryimage\"},\"datePublished\":\"2024-07-10T14:17:34+00:00\",\"dateModified\":\"2024-07-10T14:17:34+00:00\",\"author\":{\"@id\":\"https:\/\/franciscanos.org.br\/noticias\/#\/schema\/person\/d9422e83121c3ad3b0f423d195f5bb25\"},\"breadcrumb\":{\"@id\":\"https:\/\/franciscanos.org.br\/noticias\/proibir-armas-autonomas-letais-e-proteger-a-dignidade-humana.html#breadcrumb\"},\"inLanguage\":\"pt-BR\",\"potentialAction\":[{\"@type\":\"ReadAction\",\"target\":[\"https:\/\/franciscanos.org.br\/noticias\/proibir-armas-autonomas-letais-e-proteger-a-dignidade-humana.html\"]}]},{\"@type\":\"BreadcrumbList\",\"@id\":\"https:\/\/franciscanos.org.br\/noticias\/proibir-armas-autonomas-letais-e-proteger-a-dignidade-humana.html#breadcrumb\",\"itemListElement\":[{\"@type\":\"ListItem\",\"position\":1,\"name\":\"Home\",\"item\":\"https:\/\/franciscanos.org.br\/noticias\"},{\"@type\":\"ListItem\",\"position\":2,\"name\":\"Proibir armas aut\u00f4nomas letais e proteger a dignidade humana\"}]},{\"@type\":\"Person\",\"@id\":\"https:\/\/franciscanos.org.br\/noticias\/#\/schema\/person\/d9422e83121c3ad3b0f423d195f5bb25\",\"name\":\"Adriana Rabelo\",\"image\":{\"@type\":\"ImageObject\",\"inLanguage\":\"pt-BR\",\"@id\":\"https:\/\/franciscanos.org.br\/noticias\/#\/schema\/person\/image\/\",\"url\":\"https:\/\/secure.gravatar.com\/avatar\/0a937b7500cd7df77540cfb8bede877d?s=96&d=mm&r=g\",\"contentUrl\":\"https:\/\/secure.gravatar.com\/avatar\/0a937b7500cd7df77540cfb8bede877d?s=96&d=mm&r=g\",\"caption\":\"Adriana Rabelo\"},\"url\":\"https:\/\/franciscanos.org.br\/noticias\/author\/adrianarabelo\"}]}<\/script>\n<!-- \/ Yoast SEO plugin. -->","yoast_head_json":{"title":"Proibir armas aut\u00f4nomas letais e proteger a dignidade humana - Not\u00edcias - Franciscanos","robots":{"index":"index","follow":"follow","max-snippet":"max-snippet:-1","max-image-preview":"max-image-preview:large","max-video-preview":"max-video-preview:-1"},"canonical":"https:\/\/franciscanos.org.br\/noticias\/proibir-armas-autonomas-letais-e-proteger-a-dignidade-humana.html","og_locale":"pt_BR","og_type":"article","og_title":"Proibir armas aut\u00f4nomas letais e proteger a dignidade humana - Not\u00edcias - Franciscanos","og_description":"Mensagem do Papa","og_url":"https:\/\/franciscanos.org.br\/noticias\/proibir-armas-autonomas-letais-e-proteger-a-dignidade-humana.html","og_site_name":"Not\u00edcias - Franciscanos","article_published_time":"2024-07-10T14:17:34+00:00","og_image":[{"width":750,"height":422,"url":"https:\/\/franciscanos.org.br\/noticias\/wp-content\/uploads\/2024\/07\/PAPA-FRANCISCO-10.07.jpeg","type":"image\/jpeg"}],"author":"Adriana Rabelo","twitter_card":"summary_large_image","twitter_misc":{"Escrito por":"Adriana Rabelo","Est. tempo de leitura":"4 minutos"},"schema":{"@context":"https:\/\/schema.org","@graph":[{"@type":"WebSite","@id":"https:\/\/franciscanos.org.br\/noticias\/#website","url":"https:\/\/franciscanos.org.br\/noticias\/","name":"Not\u00edcias - Franciscanos","description":"Prov\u00edncia Franciscana da Imaculada Concei\u00e7\u00e3o do Brasil - Ordem dos Frades Menores - OFM","potentialAction":[{"@type":"SearchAction","target":{"@type":"EntryPoint","urlTemplate":"https:\/\/franciscanos.org.br\/noticias\/?s={search_term_string}"},"query-input":"required name=search_term_string"}],"inLanguage":"pt-BR"},{"@type":"ImageObject","inLanguage":"pt-BR","@id":"https:\/\/franciscanos.org.br\/noticias\/proibir-armas-autonomas-letais-e-proteger-a-dignidade-humana.html#primaryimage","url":"https:\/\/franciscanos.org.br\/noticias\/wp-content\/uploads\/2024\/07\/PAPA-FRANCISCO-10.07.jpeg","contentUrl":"https:\/\/franciscanos.org.br\/noticias\/wp-content\/uploads\/2024\/07\/PAPA-FRANCISCO-10.07.jpeg","width":750,"height":422},{"@type":"WebPage","@id":"https:\/\/franciscanos.org.br\/noticias\/proibir-armas-autonomas-letais-e-proteger-a-dignidade-humana.html#webpage","url":"https:\/\/franciscanos.org.br\/noticias\/proibir-armas-autonomas-letais-e-proteger-a-dignidade-humana.html","name":"Proibir armas aut\u00f4nomas letais e proteger a dignidade humana - Not\u00edcias - Franciscanos","isPartOf":{"@id":"https:\/\/franciscanos.org.br\/noticias\/#website"},"primaryImageOfPage":{"@id":"https:\/\/franciscanos.org.br\/noticias\/proibir-armas-autonomas-letais-e-proteger-a-dignidade-humana.html#primaryimage"},"datePublished":"2024-07-10T14:17:34+00:00","dateModified":"2024-07-10T14:17:34+00:00","author":{"@id":"https:\/\/franciscanos.org.br\/noticias\/#\/schema\/person\/d9422e83121c3ad3b0f423d195f5bb25"},"breadcrumb":{"@id":"https:\/\/franciscanos.org.br\/noticias\/proibir-armas-autonomas-letais-e-proteger-a-dignidade-humana.html#breadcrumb"},"inLanguage":"pt-BR","potentialAction":[{"@type":"ReadAction","target":["https:\/\/franciscanos.org.br\/noticias\/proibir-armas-autonomas-letais-e-proteger-a-dignidade-humana.html"]}]},{"@type":"BreadcrumbList","@id":"https:\/\/franciscanos.org.br\/noticias\/proibir-armas-autonomas-letais-e-proteger-a-dignidade-humana.html#breadcrumb","itemListElement":[{"@type":"ListItem","position":1,"name":"Home","item":"https:\/\/franciscanos.org.br\/noticias"},{"@type":"ListItem","position":2,"name":"Proibir armas aut\u00f4nomas letais e proteger a dignidade humana"}]},{"@type":"Person","@id":"https:\/\/franciscanos.org.br\/noticias\/#\/schema\/person\/d9422e83121c3ad3b0f423d195f5bb25","name":"Adriana Rabelo","image":{"@type":"ImageObject","inLanguage":"pt-BR","@id":"https:\/\/franciscanos.org.br\/noticias\/#\/schema\/person\/image\/","url":"https:\/\/secure.gravatar.com\/avatar\/0a937b7500cd7df77540cfb8bede877d?s=96&d=mm&r=g","contentUrl":"https:\/\/secure.gravatar.com\/avatar\/0a937b7500cd7df77540cfb8bede877d?s=96&d=mm&r=g","caption":"Adriana Rabelo"},"url":"https:\/\/franciscanos.org.br\/noticias\/author\/adrianarabelo"}]}},"_links":{"self":[{"href":"https:\/\/franciscanos.org.br\/noticias\/wp-json\/wp\/v2\/posts\/248938"}],"collection":[{"href":"https:\/\/franciscanos.org.br\/noticias\/wp-json\/wp\/v2\/posts"}],"about":[{"href":"https:\/\/franciscanos.org.br\/noticias\/wp-json\/wp\/v2\/types\/post"}],"author":[{"embeddable":true,"href":"https:\/\/franciscanos.org.br\/noticias\/wp-json\/wp\/v2\/users\/11"}],"replies":[{"embeddable":true,"href":"https:\/\/franciscanos.org.br\/noticias\/wp-json\/wp\/v2\/comments?post=248938"}],"version-history":[{"count":1,"href":"https:\/\/franciscanos.org.br\/noticias\/wp-json\/wp\/v2\/posts\/248938\/revisions"}],"predecessor-version":[{"id":248941,"href":"https:\/\/franciscanos.org.br\/noticias\/wp-json\/wp\/v2\/posts\/248938\/revisions\/248941"}],"wp:featuredmedia":[{"embeddable":true,"href":"https:\/\/franciscanos.org.br\/noticias\/wp-json\/wp\/v2\/media\/248939"}],"wp:attachment":[{"href":"https:\/\/franciscanos.org.br\/noticias\/wp-json\/wp\/v2\/media?parent=248938"}],"wp:term":[{"taxonomy":"category","embeddable":true,"href":"https:\/\/franciscanos.org.br\/noticias\/wp-json\/wp\/v2\/categories?post=248938"},{"taxonomy":"post_tag","embeddable":true,"href":"https:\/\/franciscanos.org.br\/noticias\/wp-json\/wp\/v2\/tags?post=248938"}],"curies":[{"name":"wp","href":"https:\/\/api.w.org\/{rel}","templated":true}]}}