{"id":248932,"date":"2024-07-10T09:58:54","date_gmt":"2024-07-10T12:58:54","guid":{"rendered":"https:\/\/franciscanos.org.br\/noticias\/?p=248932"},"modified":"2024-07-10T10:00:13","modified_gmt":"2024-07-10T13:00:13","slug":"cnbb-promove-em-aparecida-1o-encontro-nacional-de-missionarios-digitais-no-brasil","status":"publish","type":"post","link":"https:\/\/franciscanos.org.br\/noticias\/cnbb-promove-em-aparecida-1o-encontro-nacional-de-missionarios-digitais-no-brasil.html","title":{"rendered":"CNBB promove em Aparecida 1\u00ba Encontro Nacional de Mission\u00e1rios Digitais no Brasil"},"content":{"rendered":"<p><img loading=\"lazy\" class=\"aligncenter wp-image-248933 size-full\" src=\"https:\/\/franciscanos.org.br\/noticias\/wp-content\/uploads\/2024\/07\/Missionarios-digitais.jpg\" alt=\"\" width=\"1280\" height=\"720\" srcset=\"https:\/\/franciscanos.org.br\/noticias\/wp-content\/uploads\/2024\/07\/Missionarios-digitais.jpg 1280w, https:\/\/franciscanos.org.br\/noticias\/wp-content\/uploads\/2024\/07\/Missionarios-digitais-450x253.jpg 450w, https:\/\/franciscanos.org.br\/noticias\/wp-content\/uploads\/2024\/07\/Missionarios-digitais-1024x576.jpg 1024w, https:\/\/franciscanos.org.br\/noticias\/wp-content\/uploads\/2024\/07\/Missionarios-digitais-768x432.jpg 768w, https:\/\/franciscanos.org.br\/noticias\/wp-content\/uploads\/2024\/07\/Missionarios-digitais-150x84.jpg 150w\" sizes=\"(max-width: 1280px) 100vw, 1280px\" \/><\/p>\n<p>A Comiss\u00e3o Episcopal para a Comunica\u00e7\u00e3o Social (Cepac) da Confer\u00eancia Nacional dos Bispos do Brasil (CNBB), em colabora\u00e7\u00e3o com a Comiss\u00e3o Episcopal para a Juventude, promove o 1\u00ba Encontro Nacional de Mission\u00e1rios Digitais no Brasil, uma iniciativa em parceria com Santa Carona, Igrejeiros, Soul Shine Branding, Pascom Brasil e Jovens Conectados.<\/p>\n<p>O evento ser\u00e1 realizado no dia 13 de julho de 2024, das 9h \u00e0s 18h, em Aparecida (SP), e ter\u00e1 como tema \u201cLan\u00e7ai vossas Redes\u201d, inspirado no Evangelho de Lucas. O lema ser\u00e1: \u201cDo Like ao Am\u00e9m\u201d. Este encontro promete ser um marco importante para a comunh\u00e3o e sinodalidade da miss\u00e3o digital no pa\u00eds.<\/p>\n<p>Dom Amilton Manoel da Silva, bispo da diocese de Guarapuava (PR), membro da Cepac CNBB e referencial para os Mission\u00e1rios Digitais na CNBB, ressalta a import\u00e2ncia do caminhar juntos. \u201cN\u00f3s estamos vivendo um momento muito especial da Igreja, sendo a convoca\u00e7\u00e3o do Papa Francisco para vivermos a sinodalidade. Isso \u00e9 uma atitude que parte de cada um de n\u00f3s para somarmos for\u00e7as e buscarmos a unidade em Cristo Jesus para viver a comunh\u00e3o entre n\u00f3s\u201d.<\/p>\n<p>O bispo lembra que no mundo atual, o cen\u00e1rio digital oferece uma oportunidade favor\u00e1vel para que a rapidez da palavra de Deus e a urg\u00eancia na constru\u00e7\u00e3o do Reino leve \u00e0s pessoas a sa\u00edrem do comodismo, da apatia e busquem reencantar-se por Jesus Cristo e pela for\u00e7a do Evangelho.<\/p>\n<p><strong>Sinodalidade<\/strong><\/p>\n<p>Presente no encontro, o secret\u00e1rio do Dicast\u00e9rio para a Comunica\u00e7\u00e3o da Santa S\u00e9,\u00a0monsenhor Lucio Adrian Ruiz junto com os demais bispos da Cepac e Comiss\u00e3o para a Juventude para escutar, enriquecer as discuss\u00f5es e fortalecer o compromisso com a evangeliza\u00e7\u00e3o no ambiente digital.<\/p>\n<p>A Comiss\u00e3o para a Comunica\u00e7\u00e3o Social da CNBB observa que para este 1\u00ba Encontro foram convidados um n\u00famero pequeno de Mission\u00e1rios Digitais, contudo, lembra que encontros futuros est\u00e3o sendo planejados para ampliar a participa\u00e7\u00e3o, a comunh\u00e3o e a miss\u00e3o entre todas as pessoas que evangelizam no espa\u00e7o digital.<\/p>\n<p>No encontro, haver\u00e1 momentos de palestras, escuta, participa\u00e7\u00e3o e mesas-redondas com a metodologia da Conversa no Esp\u00edrito: discernimento e sinodalidade. Haver\u00e1 tamb\u00e9m momentos de espiritualidade, ora\u00e7\u00e3o e celebra\u00e7\u00e3o eucar\u00edstica, garantindo um espa\u00e7o para o fortalecimento da f\u00e9 e da comunh\u00e3o entre todos os presentes.<\/p>\n<p>\u201cPor isso, esse encontro visa crescer na unidade ou na sinodalidade, buscando uma comunh\u00e3o maior entre pastores e evangelizadores ou pastores e batizados, buscando somar for\u00e7as e colocar os dons realmente a servi\u00e7o da vida\u201d, finaliza dom Amilton.<\/p>\n<hr \/>\n<p>Fonte: <a href=\"https:\/\/www.cnbb.org.br\/cnbb-promove-1o-encontro-nacional-de-missionarios-digitais-em-vista-da-comunhao-e-sinodalidade-da-missao-digital\/\">https:\/\/www.cnbb.org.br\/cnbb-promove-1o-encontro-nacional-de-missionarios-digitais-em-vista-da-comunhao-e-sinodalidade-da-missao-digital\/<\/a><\/p>\n","protected":false},"excerpt":{"rendered":"<p>Evento ser\u00e1 no dia 13 de julho<\/p>\n","protected":false},"author":11,"featured_media":248934,"comment_status":"open","ping_status":"open","sticky":false,"template":"","format":"standard","meta":[],"categories":[1],"tags":[29],"acf":[],"yoast_head":"<!-- This site is optimized with the Yoast SEO plugin v19.2 - https:\/\/yoast.com\/wordpress\/plugins\/seo\/ -->\n<title>CNBB promove em Aparecida 1\u00ba Encontro Nacional de Mission\u00e1rios Digitais no Brasil - Not\u00edcias - Franciscanos<\/title>\n<meta name=\"robots\" content=\"index, follow, max-snippet:-1, max-image-preview:large, max-video-preview:-1\" \/>\n<link rel=\"canonical\" href=\"https:\/\/franciscanos.org.br\/noticias\/cnbb-promove-em-aparecida-1o-encontro-nacional-de-missionarios-digitais-no-brasil.html\" \/>\n<meta property=\"og:locale\" content=\"pt_BR\" \/>\n<meta property=\"og:type\" content=\"article\" \/>\n<meta property=\"og:title\" content=\"CNBB promove em Aparecida 1\u00ba Encontro Nacional de Mission\u00e1rios Digitais no Brasil - Not\u00edcias - Franciscanos\" \/>\n<meta property=\"og:description\" content=\"Evento ser\u00e1 no dia 13 de julho\" \/>\n<meta property=\"og:url\" content=\"https:\/\/franciscanos.org.br\/noticias\/cnbb-promove-em-aparecida-1o-encontro-nacional-de-missionarios-digitais-no-brasil.html\" \/>\n<meta property=\"og:site_name\" content=\"Not\u00edcias - Franciscanos\" \/>\n<meta property=\"article:published_time\" content=\"2024-07-10T12:58:54+00:00\" \/>\n<meta property=\"article:modified_time\" content=\"2024-07-10T13:00:13+00:00\" \/>\n<meta property=\"og:image\" content=\"https:\/\/franciscanos.org.br\/noticias\/wp-content\/uploads\/2024\/07\/WhatsApp-Image-2024-07-10-at-09.57.35.jpeg\" \/>\n\t<meta property=\"og:image:width\" content=\"800\" \/>\n\t<meta property=\"og:image:height\" content=\"550\" \/>\n\t<meta property=\"og:image:type\" content=\"image\/jpeg\" \/>\n<meta name=\"author\" content=\"Adriana Rabelo\" \/>\n<meta name=\"twitter:card\" content=\"summary_large_image\" \/>\n<meta name=\"twitter:label1\" content=\"Escrito por\" \/>\n\t<meta name=\"twitter:data1\" content=\"Adriana Rabelo\" \/>\n\t<meta name=\"twitter:label2\" content=\"Est. tempo de leitura\" \/>\n\t<meta name=\"twitter:data2\" content=\"2 minutos\" \/>\n<script type=\"application\/ld+json\" class=\"yoast-schema-graph\">{\"@context\":\"https:\/\/schema.org\",\"@graph\":[{\"@type\":\"WebSite\",\"@id\":\"https:\/\/franciscanos.org.br\/noticias\/#website\",\"url\":\"https:\/\/franciscanos.org.br\/noticias\/\",\"name\":\"Not\u00edcias - Franciscanos\",\"description\":\"Prov\u00edncia Franciscana da Imaculada Concei\u00e7\u00e3o do Brasil - Ordem dos Frades Menores - OFM\",\"potentialAction\":[{\"@type\":\"SearchAction\",\"target\":{\"@type\":\"EntryPoint\",\"urlTemplate\":\"https:\/\/franciscanos.org.br\/noticias\/?s={search_term_string}\"},\"query-input\":\"required name=search_term_string\"}],\"inLanguage\":\"pt-BR\"},{\"@type\":\"ImageObject\",\"inLanguage\":\"pt-BR\",\"@id\":\"https:\/\/franciscanos.org.br\/noticias\/cnbb-promove-em-aparecida-1o-encontro-nacional-de-missionarios-digitais-no-brasil.html#primaryimage\",\"url\":\"https:\/\/franciscanos.org.br\/noticias\/wp-content\/uploads\/2024\/07\/WhatsApp-Image-2024-07-10-at-09.57.35.jpeg\",\"contentUrl\":\"https:\/\/franciscanos.org.br\/noticias\/wp-content\/uploads\/2024\/07\/WhatsApp-Image-2024-07-10-at-09.57.35.jpeg\",\"width\":800,\"height\":550},{\"@type\":\"WebPage\",\"@id\":\"https:\/\/franciscanos.org.br\/noticias\/cnbb-promove-em-aparecida-1o-encontro-nacional-de-missionarios-digitais-no-brasil.html#webpage\",\"url\":\"https:\/\/franciscanos.org.br\/noticias\/cnbb-promove-em-aparecida-1o-encontro-nacional-de-missionarios-digitais-no-brasil.html\",\"name\":\"CNBB promove em Aparecida 1\u00ba Encontro Nacional de Mission\u00e1rios Digitais no Brasil - Not\u00edcias - Franciscanos\",\"isPartOf\":{\"@id\":\"https:\/\/franciscanos.org.br\/noticias\/#website\"},\"primaryImageOfPage\":{\"@id\":\"https:\/\/franciscanos.org.br\/noticias\/cnbb-promove-em-aparecida-1o-encontro-nacional-de-missionarios-digitais-no-brasil.html#primaryimage\"},\"datePublished\":\"2024-07-10T12:58:54+00:00\",\"dateModified\":\"2024-07-10T13:00:13+00:00\",\"author\":{\"@id\":\"https:\/\/franciscanos.org.br\/noticias\/#\/schema\/person\/d9422e83121c3ad3b0f423d195f5bb25\"},\"breadcrumb\":{\"@id\":\"https:\/\/franciscanos.org.br\/noticias\/cnbb-promove-em-aparecida-1o-encontro-nacional-de-missionarios-digitais-no-brasil.html#breadcrumb\"},\"inLanguage\":\"pt-BR\",\"potentialAction\":[{\"@type\":\"ReadAction\",\"target\":[\"https:\/\/franciscanos.org.br\/noticias\/cnbb-promove-em-aparecida-1o-encontro-nacional-de-missionarios-digitais-no-brasil.html\"]}]},{\"@type\":\"BreadcrumbList\",\"@id\":\"https:\/\/franciscanos.org.br\/noticias\/cnbb-promove-em-aparecida-1o-encontro-nacional-de-missionarios-digitais-no-brasil.html#breadcrumb\",\"itemListElement\":[{\"@type\":\"ListItem\",\"position\":1,\"name\":\"Home\",\"item\":\"https:\/\/franciscanos.org.br\/noticias\"},{\"@type\":\"ListItem\",\"position\":2,\"name\":\"CNBB promove em Aparecida 1\u00ba Encontro Nacional de Mission\u00e1rios Digitais no Brasil\"}]},{\"@type\":\"Person\",\"@id\":\"https:\/\/franciscanos.org.br\/noticias\/#\/schema\/person\/d9422e83121c3ad3b0f423d195f5bb25\",\"name\":\"Adriana Rabelo\",\"image\":{\"@type\":\"ImageObject\",\"inLanguage\":\"pt-BR\",\"@id\":\"https:\/\/franciscanos.org.br\/noticias\/#\/schema\/person\/image\/\",\"url\":\"https:\/\/secure.gravatar.com\/avatar\/0a937b7500cd7df77540cfb8bede877d?s=96&d=mm&r=g\",\"contentUrl\":\"https:\/\/secure.gravatar.com\/avatar\/0a937b7500cd7df77540cfb8bede877d?s=96&d=mm&r=g\",\"caption\":\"Adriana Rabelo\"},\"url\":\"https:\/\/franciscanos.org.br\/noticias\/author\/adrianarabelo\"}]}<\/script>\n<!-- \/ Yoast SEO plugin. -->","yoast_head_json":{"title":"CNBB promove em Aparecida 1\u00ba Encontro Nacional de Mission\u00e1rios Digitais no Brasil - Not\u00edcias - Franciscanos","robots":{"index":"index","follow":"follow","max-snippet":"max-snippet:-1","max-image-preview":"max-image-preview:large","max-video-preview":"max-video-preview:-1"},"canonical":"https:\/\/franciscanos.org.br\/noticias\/cnbb-promove-em-aparecida-1o-encontro-nacional-de-missionarios-digitais-no-brasil.html","og_locale":"pt_BR","og_type":"article","og_title":"CNBB promove em Aparecida 1\u00ba Encontro Nacional de Mission\u00e1rios Digitais no Brasil - Not\u00edcias - Franciscanos","og_description":"Evento ser\u00e1 no dia 13 de julho","og_url":"https:\/\/franciscanos.org.br\/noticias\/cnbb-promove-em-aparecida-1o-encontro-nacional-de-missionarios-digitais-no-brasil.html","og_site_name":"Not\u00edcias - Franciscanos","article_published_time":"2024-07-10T12:58:54+00:00","article_modified_time":"2024-07-10T13:00:13+00:00","og_image":[{"width":800,"height":550,"url":"https:\/\/franciscanos.org.br\/noticias\/wp-content\/uploads\/2024\/07\/WhatsApp-Image-2024-07-10-at-09.57.35.jpeg","type":"image\/jpeg"}],"author":"Adriana Rabelo","twitter_card":"summary_large_image","twitter_misc":{"Escrito por":"Adriana Rabelo","Est. tempo de leitura":"2 minutos"},"schema":{"@context":"https:\/\/schema.org","@graph":[{"@type":"WebSite","@id":"https:\/\/franciscanos.org.br\/noticias\/#website","url":"https:\/\/franciscanos.org.br\/noticias\/","name":"Not\u00edcias - Franciscanos","description":"Prov\u00edncia Franciscana da Imaculada Concei\u00e7\u00e3o do Brasil - Ordem dos Frades Menores - OFM","potentialAction":[{"@type":"SearchAction","target":{"@type":"EntryPoint","urlTemplate":"https:\/\/franciscanos.org.br\/noticias\/?s={search_term_string}"},"query-input":"required name=search_term_string"}],"inLanguage":"pt-BR"},{"@type":"ImageObject","inLanguage":"pt-BR","@id":"https:\/\/franciscanos.org.br\/noticias\/cnbb-promove-em-aparecida-1o-encontro-nacional-de-missionarios-digitais-no-brasil.html#primaryimage","url":"https:\/\/franciscanos.org.br\/noticias\/wp-content\/uploads\/2024\/07\/WhatsApp-Image-2024-07-10-at-09.57.35.jpeg","contentUrl":"https:\/\/franciscanos.org.br\/noticias\/wp-content\/uploads\/2024\/07\/WhatsApp-Image-2024-07-10-at-09.57.35.jpeg","width":800,"height":550},{"@type":"WebPage","@id":"https:\/\/franciscanos.org.br\/noticias\/cnbb-promove-em-aparecida-1o-encontro-nacional-de-missionarios-digitais-no-brasil.html#webpage","url":"https:\/\/franciscanos.org.br\/noticias\/cnbb-promove-em-aparecida-1o-encontro-nacional-de-missionarios-digitais-no-brasil.html","name":"CNBB promove em Aparecida 1\u00ba Encontro Nacional de Mission\u00e1rios Digitais no Brasil - Not\u00edcias - Franciscanos","isPartOf":{"@id":"https:\/\/franciscanos.org.br\/noticias\/#website"},"primaryImageOfPage":{"@id":"https:\/\/franciscanos.org.br\/noticias\/cnbb-promove-em-aparecida-1o-encontro-nacional-de-missionarios-digitais-no-brasil.html#primaryimage"},"datePublished":"2024-07-10T12:58:54+00:00","dateModified":"2024-07-10T13:00:13+00:00","author":{"@id":"https:\/\/franciscanos.org.br\/noticias\/#\/schema\/person\/d9422e83121c3ad3b0f423d195f5bb25"},"breadcrumb":{"@id":"https:\/\/franciscanos.org.br\/noticias\/cnbb-promove-em-aparecida-1o-encontro-nacional-de-missionarios-digitais-no-brasil.html#breadcrumb"},"inLanguage":"pt-BR","potentialAction":[{"@type":"ReadAction","target":["https:\/\/franciscanos.org.br\/noticias\/cnbb-promove-em-aparecida-1o-encontro-nacional-de-missionarios-digitais-no-brasil.html"]}]},{"@type":"BreadcrumbList","@id":"https:\/\/franciscanos.org.br\/noticias\/cnbb-promove-em-aparecida-1o-encontro-nacional-de-missionarios-digitais-no-brasil.html#breadcrumb","itemListElement":[{"@type":"ListItem","position":1,"name":"Home","item":"https:\/\/franciscanos.org.br\/noticias"},{"@type":"ListItem","position":2,"name":"CNBB promove em Aparecida 1\u00ba Encontro Nacional de Mission\u00e1rios Digitais no Brasil"}]},{"@type":"Person","@id":"https:\/\/franciscanos.org.br\/noticias\/#\/schema\/person\/d9422e83121c3ad3b0f423d195f5bb25","name":"Adriana Rabelo","image":{"@type":"ImageObject","inLanguage":"pt-BR","@id":"https:\/\/franciscanos.org.br\/noticias\/#\/schema\/person\/image\/","url":"https:\/\/secure.gravatar.com\/avatar\/0a937b7500cd7df77540cfb8bede877d?s=96&d=mm&r=g","contentUrl":"https:\/\/secure.gravatar.com\/avatar\/0a937b7500cd7df77540cfb8bede877d?s=96&d=mm&r=g","caption":"Adriana Rabelo"},"url":"https:\/\/franciscanos.org.br\/noticias\/author\/adrianarabelo"}]}},"_links":{"self":[{"href":"https:\/\/franciscanos.org.br\/noticias\/wp-json\/wp\/v2\/posts\/248932"}],"collection":[{"href":"https:\/\/franciscanos.org.br\/noticias\/wp-json\/wp\/v2\/posts"}],"about":[{"href":"https:\/\/franciscanos.org.br\/noticias\/wp-json\/wp\/v2\/types\/post"}],"author":[{"embeddable":true,"href":"https:\/\/franciscanos.org.br\/noticias\/wp-json\/wp\/v2\/users\/11"}],"replies":[{"embeddable":true,"href":"https:\/\/franciscanos.org.br\/noticias\/wp-json\/wp\/v2\/comments?post=248932"}],"version-history":[{"count":2,"href":"https:\/\/franciscanos.org.br\/noticias\/wp-json\/wp\/v2\/posts\/248932\/revisions"}],"predecessor-version":[{"id":248936,"href":"https:\/\/franciscanos.org.br\/noticias\/wp-json\/wp\/v2\/posts\/248932\/revisions\/248936"}],"wp:featuredmedia":[{"embeddable":true,"href":"https:\/\/franciscanos.org.br\/noticias\/wp-json\/wp\/v2\/media\/248934"}],"wp:attachment":[{"href":"https:\/\/franciscanos.org.br\/noticias\/wp-json\/wp\/v2\/media?parent=248932"}],"wp:term":[{"taxonomy":"category","embeddable":true,"href":"https:\/\/franciscanos.org.br\/noticias\/wp-json\/wp\/v2\/categories?post=248932"},{"taxonomy":"post_tag","embeddable":true,"href":"https:\/\/franciscanos.org.br\/noticias\/wp-json\/wp\/v2\/tags?post=248932"}],"curies":[{"name":"wp","href":"https:\/\/api.w.org\/{rel}","templated":true}]}}