{"id":248907,"date":"2024-07-09T07:42:55","date_gmt":"2024-07-09T10:42:55","guid":{"rendered":"https:\/\/franciscanos.org.br\/noticias\/?p=248907"},"modified":"2024-07-09T08:09:19","modified_gmt":"2024-07-09T11:09:19","slug":"convento-da-penha-acolhe-encontro-anual-da-legiao-de-maria","status":"publish","type":"post","link":"https:\/\/franciscanos.org.br\/noticias\/convento-da-penha-acolhe-encontro-anual-da-legiao-de-maria.html","title":{"rendered":"Convento da Penha acolhe Encontro Anual da Legi\u00e3o de Maria"},"content":{"rendered":"<p>&nbsp;<\/p>\n<p><img loading=\"lazy\" class=\"aligncenter wp-image-248909 size-full\" src=\"https:\/\/franciscanos.org.br\/noticias\/wp-content\/uploads\/2024\/07\/22o-Encontro-Anual-da-Legiao-de-Maria-2024-14-scaled.jpg\" alt=\"\" width=\"1920\" height=\"1280\" srcset=\"https:\/\/franciscanos.org.br\/noticias\/wp-content\/uploads\/2024\/07\/22o-Encontro-Anual-da-Legiao-de-Maria-2024-14-scaled.jpg 1620w, https:\/\/franciscanos.org.br\/noticias\/wp-content\/uploads\/2024\/07\/22o-Encontro-Anual-da-Legiao-de-Maria-2024-14-450x300.jpg 450w, https:\/\/franciscanos.org.br\/noticias\/wp-content\/uploads\/2024\/07\/22o-Encontro-Anual-da-Legiao-de-Maria-2024-14-1024x683.jpg 1024w, https:\/\/franciscanos.org.br\/noticias\/wp-content\/uploads\/2024\/07\/22o-Encontro-Anual-da-Legiao-de-Maria-2024-14-768x512.jpg 768w, https:\/\/franciscanos.org.br\/noticias\/wp-content\/uploads\/2024\/07\/22o-Encontro-Anual-da-Legiao-de-Maria-2024-14-1536x1024.jpg 1536w, https:\/\/franciscanos.org.br\/noticias\/wp-content\/uploads\/2024\/07\/22o-Encontro-Anual-da-Legiao-de-Maria-2024-14-2048x1365.jpg 2048w, https:\/\/franciscanos.org.br\/noticias\/wp-content\/uploads\/2024\/07\/22o-Encontro-Anual-da-Legiao-de-Maria-2024-14-150x100.jpg 150w\" sizes=\"(max-width: 1920px) 100vw, 1920px\" \/><\/p>\n<p>Salve, Maria!<\/p>\n<p>Como acontece h\u00e1 22 anos, o Convento da Penha, em Vila Velha, Esp\u00edrito Santo, recebeu o Encontro Anual da Legi\u00e3o de Maria, um evento marcado pela ora\u00e7\u00e3o, devo\u00e7\u00e3o \u00e0 Nossa Senhora e incont\u00e1veis express\u00f5es de f\u00e9. A motiva\u00e7\u00e3o do movimento \u00e9 o pr\u00f3prio esp\u00edrito de Maria, de quem os legion\u00e1rios e legion\u00e1rias devem imitar a sua profunda humildade, a obedi\u00eancia perfeita e a do\u00e7ura como dom de Deus.<img loading=\"lazy\" class=\"size-medium wp-image-248908 alignright\" src=\"https:\/\/franciscanos.org.br\/noticias\/wp-content\/uploads\/2024\/07\/MATERIA-PENHA-DENTRO-450x253.jpg\" alt=\"\" width=\"450\" height=\"253\" srcset=\"https:\/\/franciscanos.org.br\/noticias\/wp-content\/uploads\/2024\/07\/MATERIA-PENHA-DENTRO-450x253.jpg 450w, https:\/\/franciscanos.org.br\/noticias\/wp-content\/uploads\/2024\/07\/MATERIA-PENHA-DENTRO-1024x576.jpg 1024w, https:\/\/franciscanos.org.br\/noticias\/wp-content\/uploads\/2024\/07\/MATERIA-PENHA-DENTRO-768x432.jpg 768w, https:\/\/franciscanos.org.br\/noticias\/wp-content\/uploads\/2024\/07\/MATERIA-PENHA-DENTRO-150x84.jpg 150w, https:\/\/franciscanos.org.br\/noticias\/wp-content\/uploads\/2024\/07\/MATERIA-PENHA-DENTRO.jpg 1280w\" sizes=\"(max-width: 450px) 100vw, 450px\" \/><\/p>\n<p>O encontro teve in\u00edcio \u00e0s 14h, com a acolhida conduzida pelo Diretor Espiritual da Legi\u00e3o de Maria na Arquidiocese, Padre Adenilson Ant\u00f4nio Schmidt, em seguida, a ora\u00e7\u00e3o inicial da \u201cTessera\u201d e em seguida, a medita\u00e7\u00e3o dos mist\u00e9rios gozosos do Ter\u00e7o, com participa\u00e7\u00e3o de legion\u00e1rios das tr\u00eas Dioceses (Cachoeiro, Colatina e S\u00e3o Mateus) e da Arquidiocese de Vit\u00f3ria (de todas as \u00e1reas pastorais). Ao final das ora\u00e7\u00f5es, os fi\u00e9is rezaram a Ladainha de Nossa Senhora. A Ora\u00e7\u00e3o da \u201cCatena Legionis\u201d e as ora\u00e7\u00f5es finais aconteceram depois da Missa.<\/p>\n<p>A Celebra\u00e7\u00e3o Eucar\u00edstica foi presidida pelo Bispo Auxiliar de Vit\u00f3ria, Dom Andherson Franklin e concelebrada pelo Frei Alessandro Dias Nascimento, do Convento; Frei Jo\u00e3o Ant\u00f4nio Gonz\u00e1lez, da Par\u00f3quia Santa Rita de C\u00e1ssia, Vit\u00f3ria; e Padre Adenilson.<\/p>\n<p>Durante a reflex\u00e3o, Dom Andherson partilhou sua experi\u00eancia pessoal com a Legi\u00e3o de Maria. \u201cNasci em Cachoeiro e durante muitos anos, via a Legi\u00e3o de Maria em nossas par\u00f3quias, em especial na par\u00f3quia Nossa Senhora da Consola\u00e7\u00e3o. Um amor \u00e0 Virgem Maria, um desejo sincero de seguir Cristo, ladeado do testemunho da M\u00e3e, me impactou muito. Eu devo muito da f\u00e9 e da devo\u00e7\u00e3o \u00e0 Nossa Senhora, \u00e0quela par\u00f3quia e de ver irm\u00e3os e irm\u00e3s nossos que rezavam por cada um de n\u00f3s e por mim, quando comecei meu discernimento vocacional. A voc\u00eas, nosso muito obrigado! A ora\u00e7\u00e3o de voc\u00eas, a presen\u00e7a de voc\u00eas em nossas comunidades s\u00e3o um testemunho vivo de uma Igreja que ama a Virgem e que sabe que colocando sua vida aos p\u00e9s da Virgem Maria, esta vida, nossas inten\u00e7\u00f5es, nossa Igreja, tudo aquilo que trazemos ser\u00e1 apresentado ao seu Filho\u201d, disse o Bispo Auxiliar.<img loading=\"lazy\" class=\"size-medium wp-image-248911 alignleft\" src=\"https:\/\/franciscanos.org.br\/noticias\/wp-content\/uploads\/2024\/07\/22o-Encontro-Anual-da-Legiao-de-Maria-2024-81-450x300.jpg\" alt=\"\" width=\"450\" height=\"300\" srcset=\"https:\/\/franciscanos.org.br\/noticias\/wp-content\/uploads\/2024\/07\/22o-Encontro-Anual-da-Legiao-de-Maria-2024-81-450x300.jpg 450w, https:\/\/franciscanos.org.br\/noticias\/wp-content\/uploads\/2024\/07\/22o-Encontro-Anual-da-Legiao-de-Maria-2024-81-1024x683.jpg 1024w, https:\/\/franciscanos.org.br\/noticias\/wp-content\/uploads\/2024\/07\/22o-Encontro-Anual-da-Legiao-de-Maria-2024-81-768x512.jpg 768w, https:\/\/franciscanos.org.br\/noticias\/wp-content\/uploads\/2024\/07\/22o-Encontro-Anual-da-Legiao-de-Maria-2024-81-1536x1024.jpg 1536w, https:\/\/franciscanos.org.br\/noticias\/wp-content\/uploads\/2024\/07\/22o-Encontro-Anual-da-Legiao-de-Maria-2024-81-2048x1365.jpg 2048w, https:\/\/franciscanos.org.br\/noticias\/wp-content\/uploads\/2024\/07\/22o-Encontro-Anual-da-Legiao-de-Maria-2024-81-150x100.jpg 150w, https:\/\/franciscanos.org.br\/noticias\/wp-content\/uploads\/2024\/07\/22o-Encontro-Anual-da-Legiao-de-Maria-2024-81-scaled.jpg 1620w\" sizes=\"(max-width: 450px) 100vw, 450px\" \/><\/p>\n<p>\u201cA Legi\u00e3o de Maria \u00e9 um movimento muito antigo que prop\u00f5e, n\u00e3o somente a devo\u00e7\u00e3o \u00e0 Virgem Maria, mas um desejo, a seu exemplo e seguindo seu testemunho \u2013 amar a Deus sobre todas as coisas e se colocarem a servi\u00e7o da Igreja \u2013 s\u00e3o homens e mulheres que compreenderam sua voca\u00e7\u00e3o batismal, e desejam, seguindo os passos de Maria, colocar sua vida diante dela, pedindo a Deus a gra\u00e7a de viverem como bons crist\u00e3os e colocando-se a servi\u00e7o dos irm\u00e3os e irm\u00e3s na comunidade. Nutrem na Igreja essa devo\u00e7\u00e3o \u00e0 Virgem Maria\u201d, enfatizou Dom Andherson.<\/p>\n<p>Padre Adenilson Ant\u00f4nio explicou como a Legi\u00e3o se organiza. \u201cA Legi\u00e3o de Maria \u00e9 constitu\u00edda, pelo o que a gente chama de \u201cPresidium\u201d, \u201cC\u00faria\u201d, \u201cComicium\u201d, \u201cR\u00e9gia\u201d, \u201cSenatus\u201d\u2026 S\u00e3o v\u00e1rios nomes em latim, mas que tem como finalidade de se reunirem em torno de nossa M\u00e3e Sant\u00edssima, tendo ela como modelo. \u00c9 a ora\u00e7\u00e3o do ter\u00e7o e a pr\u00e1tica de boas a\u00e7\u00f5es, como visitas, caridade, ora\u00e7\u00e3o, visita aos doentes\u2026 Ent\u00e3o todos esses trabalhos servem como uma forma pr\u00e1tica daquilo que que os legio\u00e1rios e legion\u00e1rias professam enquanto f\u00e9 e que rezam diante de Nossa Senhora, que se colocou a servi\u00e7o \u2018eis-me aqui, fa\u00e7a-se em mim segundo a Vossa vontade&#8217;\u201d, disse.<\/p>\n<p>O padre ainda explicou como recebeu do Arcebispo Dom Dario, a miss\u00e3o de ser Diretor Espiritual do movimento. \u201cQuando Dom Dario me chamou para ser diretor espiritual da Legi\u00e3o foi uma grande alegria. Foi uma forma de retribuir tudo aquilo que eu aprendi e experimentei dentro do movimento, mas tamb\u00e9m um grande desafio j\u00e1 que a Legi\u00e3o de Maria \u00e9 composta, em sua maioria, por pessoas com uma certa idade ou maturidade e com a pandemia, muitas dessas pessoas acabaram sendo atingidas, muitos acabaram morrendo e muitos lugares onde a legi\u00e3o de Maria existia, tinha sua presen\u00e7a e participa\u00e7\u00e3o, acabaram se ausentando, por isso vamos trabalhar na reconstru\u00e7\u00e3o, na reorganiza\u00e7\u00e3o da Legi\u00e3o\u201d, finalizou.<\/p>\n\n\t\t<style type=\"text\/css\">\n\t\t\t#gallery-1 {\n\t\t\t\tmargin: auto;\n\t\t\t}\n\t\t\t#gallery-1 .gallery-item {\n\t\t\t\tfloat: left;\n\t\t\t\tmargin-top: 10px;\n\t\t\t\ttext-align: center;\n\t\t\t\twidth: 25%;\n\t\t\t}\n\t\t\t#gallery-1 img {\n\t\t\t\tborder: 2px solid #cfcfcf;\n\t\t\t}\n\t\t\t#gallery-1 .gallery-caption {\n\t\t\t\tmargin-left: 0;\n\t\t\t}\n\t\t\t\/* see gallery_shortcode() in wp-includes\/media.php *\/\n\t\t<\/style>\n\t\t<div id='gallery-1' class='gallery galleryid-248907 gallery-columns-4 gallery-size-thumbnail'><dl class='gallery-item'>\n\t\t\t<dt class='gallery-icon landscape'>\n\t\t\t\t<a href='https:\/\/franciscanos.org.br\/noticias\/wp-content\/uploads\/2024\/07\/22o-Encontro-Anual-da-Legiao-de-Maria-2024-18-scaled.jpg'><img width=\"300\" height=\"300\" src=\"https:\/\/franciscanos.org.br\/noticias\/wp-content\/uploads\/2024\/07\/22o-Encontro-Anual-da-Legiao-de-Maria-2024-18-300x300.jpg\" class=\"attachment-thumbnail size-thumbnail\" alt=\"\" loading=\"lazy\" srcset=\"https:\/\/franciscanos.org.br\/noticias\/wp-content\/uploads\/2024\/07\/22o-Encontro-Anual-da-Legiao-de-Maria-2024-18-300x300.jpg 300w, https:\/\/franciscanos.org.br\/noticias\/wp-content\/uploads\/2024\/07\/22o-Encontro-Anual-da-Legiao-de-Maria-2024-18-100x100.jpg 100w\" sizes=\"(max-width: 300px) 100vw, 300px\" \/><\/a>\n\t\t\t<\/dt><\/dl><dl class='gallery-item'>\n\t\t\t<dt class='gallery-icon landscape'>\n\t\t\t\t<a href='https:\/\/franciscanos.org.br\/noticias\/wp-content\/uploads\/2024\/07\/22o-Encontro-Anual-da-Legiao-de-Maria-2024-28-scaled.jpg'><img width=\"300\" height=\"300\" src=\"https:\/\/franciscanos.org.br\/noticias\/wp-content\/uploads\/2024\/07\/22o-Encontro-Anual-da-Legiao-de-Maria-2024-28-300x300.jpg\" class=\"attachment-thumbnail size-thumbnail\" alt=\"\" loading=\"lazy\" srcset=\"https:\/\/franciscanos.org.br\/noticias\/wp-content\/uploads\/2024\/07\/22o-Encontro-Anual-da-Legiao-de-Maria-2024-28-300x300.jpg 300w, https:\/\/franciscanos.org.br\/noticias\/wp-content\/uploads\/2024\/07\/22o-Encontro-Anual-da-Legiao-de-Maria-2024-28-100x100.jpg 100w\" sizes=\"(max-width: 300px) 100vw, 300px\" \/><\/a>\n\t\t\t<\/dt><\/dl><dl class='gallery-item'>\n\t\t\t<dt class='gallery-icon landscape'>\n\t\t\t\t<a href='https:\/\/franciscanos.org.br\/noticias\/wp-content\/uploads\/2024\/07\/22o-Encontro-Anual-da-Legiao-de-Maria-2024-34-scaled.jpg'><img width=\"300\" height=\"300\" src=\"https:\/\/franciscanos.org.br\/noticias\/wp-content\/uploads\/2024\/07\/22o-Encontro-Anual-da-Legiao-de-Maria-2024-34-300x300.jpg\" class=\"attachment-thumbnail size-thumbnail\" alt=\"\" loading=\"lazy\" srcset=\"https:\/\/franciscanos.org.br\/noticias\/wp-content\/uploads\/2024\/07\/22o-Encontro-Anual-da-Legiao-de-Maria-2024-34-300x300.jpg 300w, https:\/\/franciscanos.org.br\/noticias\/wp-content\/uploads\/2024\/07\/22o-Encontro-Anual-da-Legiao-de-Maria-2024-34-100x100.jpg 100w\" sizes=\"(max-width: 300px) 100vw, 300px\" \/><\/a>\n\t\t\t<\/dt><\/dl><dl class='gallery-item'>\n\t\t\t<dt class='gallery-icon landscape'>\n\t\t\t\t<a href='https:\/\/franciscanos.org.br\/noticias\/wp-content\/uploads\/2024\/07\/22o-Encontro-Anual-da-Legiao-de-Maria-2024-38-scaled.jpg'><img width=\"300\" height=\"300\" src=\"https:\/\/franciscanos.org.br\/noticias\/wp-content\/uploads\/2024\/07\/22o-Encontro-Anual-da-Legiao-de-Maria-2024-38-300x300.jpg\" class=\"attachment-thumbnail size-thumbnail\" alt=\"\" loading=\"lazy\" srcset=\"https:\/\/franciscanos.org.br\/noticias\/wp-content\/uploads\/2024\/07\/22o-Encontro-Anual-da-Legiao-de-Maria-2024-38-300x300.jpg 300w, https:\/\/franciscanos.org.br\/noticias\/wp-content\/uploads\/2024\/07\/22o-Encontro-Anual-da-Legiao-de-Maria-2024-38-100x100.jpg 100w\" sizes=\"(max-width: 300px) 100vw, 300px\" \/><\/a>\n\t\t\t<\/dt><\/dl><br style=\"clear: both\" \/><dl class='gallery-item'>\n\t\t\t<dt class='gallery-icon landscape'>\n\t\t\t\t<a href='https:\/\/franciscanos.org.br\/noticias\/wp-content\/uploads\/2024\/07\/22o-Encontro-Anual-da-Legiao-de-Maria-2024-57-scaled.jpg'><img width=\"300\" height=\"300\" src=\"https:\/\/franciscanos.org.br\/noticias\/wp-content\/uploads\/2024\/07\/22o-Encontro-Anual-da-Legiao-de-Maria-2024-57-300x300.jpg\" class=\"attachment-thumbnail size-thumbnail\" alt=\"\" loading=\"lazy\" srcset=\"https:\/\/franciscanos.org.br\/noticias\/wp-content\/uploads\/2024\/07\/22o-Encontro-Anual-da-Legiao-de-Maria-2024-57-300x300.jpg 300w, https:\/\/franciscanos.org.br\/noticias\/wp-content\/uploads\/2024\/07\/22o-Encontro-Anual-da-Legiao-de-Maria-2024-57-100x100.jpg 100w\" sizes=\"(max-width: 300px) 100vw, 300px\" \/><\/a>\n\t\t\t<\/dt><\/dl><dl class='gallery-item'>\n\t\t\t<dt class='gallery-icon landscape'>\n\t\t\t\t<a href='https:\/\/franciscanos.org.br\/noticias\/wp-content\/uploads\/2024\/07\/22o-Encontro-Anual-da-Legiao-de-Maria-2024-58-scaled.jpg'><img width=\"300\" height=\"300\" src=\"https:\/\/franciscanos.org.br\/noticias\/wp-content\/uploads\/2024\/07\/22o-Encontro-Anual-da-Legiao-de-Maria-2024-58-300x300.jpg\" class=\"attachment-thumbnail size-thumbnail\" alt=\"\" loading=\"lazy\" srcset=\"https:\/\/franciscanos.org.br\/noticias\/wp-content\/uploads\/2024\/07\/22o-Encontro-Anual-da-Legiao-de-Maria-2024-58-300x300.jpg 300w, https:\/\/franciscanos.org.br\/noticias\/wp-content\/uploads\/2024\/07\/22o-Encontro-Anual-da-Legiao-de-Maria-2024-58-100x100.jpg 100w\" sizes=\"(max-width: 300px) 100vw, 300px\" \/><\/a>\n\t\t\t<\/dt><\/dl><dl class='gallery-item'>\n\t\t\t<dt class='gallery-icon landscape'>\n\t\t\t\t<a href='https:\/\/franciscanos.org.br\/noticias\/wp-content\/uploads\/2024\/07\/22o-Encontro-Anual-da-Legiao-de-Maria-2024-93-scaled.jpg'><img width=\"300\" height=\"300\" src=\"https:\/\/franciscanos.org.br\/noticias\/wp-content\/uploads\/2024\/07\/22o-Encontro-Anual-da-Legiao-de-Maria-2024-93-300x300.jpg\" class=\"attachment-thumbnail size-thumbnail\" alt=\"\" loading=\"lazy\" srcset=\"https:\/\/franciscanos.org.br\/noticias\/wp-content\/uploads\/2024\/07\/22o-Encontro-Anual-da-Legiao-de-Maria-2024-93-300x300.jpg 300w, https:\/\/franciscanos.org.br\/noticias\/wp-content\/uploads\/2024\/07\/22o-Encontro-Anual-da-Legiao-de-Maria-2024-93-100x100.jpg 100w\" sizes=\"(max-width: 300px) 100vw, 300px\" \/><\/a>\n\t\t\t<\/dt><\/dl><dl class='gallery-item'>\n\t\t\t<dt class='gallery-icon landscape'>\n\t\t\t\t<a href='https:\/\/franciscanos.org.br\/noticias\/wp-content\/uploads\/2024\/07\/22o-Encontro-Anual-da-Legiao-de-Maria-2024-95-scaled.jpg'><img width=\"300\" height=\"300\" src=\"https:\/\/franciscanos.org.br\/noticias\/wp-content\/uploads\/2024\/07\/22o-Encontro-Anual-da-Legiao-de-Maria-2024-95-300x300.jpg\" class=\"attachment-thumbnail size-thumbnail\" alt=\"\" loading=\"lazy\" srcset=\"https:\/\/franciscanos.org.br\/noticias\/wp-content\/uploads\/2024\/07\/22o-Encontro-Anual-da-Legiao-de-Maria-2024-95-300x300.jpg 300w, https:\/\/franciscanos.org.br\/noticias\/wp-content\/uploads\/2024\/07\/22o-Encontro-Anual-da-Legiao-de-Maria-2024-95-100x100.jpg 100w\" sizes=\"(max-width: 300px) 100vw, 300px\" \/><\/a>\n\t\t\t<\/dt><\/dl><br style=\"clear: both\" \/>\n\t\t<\/div>\n\n<hr \/>\n<p><em>Cristian Oliveira<\/em><\/p>\n","protected":false},"excerpt":{"rendered":"<p>Convento da Penha \u00e9 a casa da devo\u00e7\u00e3o mariana<\/p>\n","protected":false},"author":11,"featured_media":248910,"comment_status":"open","ping_status":"open","sticky":false,"template":"","format":"standard","meta":[],"categories":[1],"tags":[248,2228],"acf":[],"yoast_head":"<!-- This site is optimized with the Yoast SEO plugin v19.2 - https:\/\/yoast.com\/wordpress\/plugins\/seo\/ -->\n<title>Convento da Penha acolhe Encontro Anual da Legi\u00e3o de Maria - Not\u00edcias - Franciscanos<\/title>\n<meta name=\"robots\" content=\"index, follow, max-snippet:-1, max-image-preview:large, max-video-preview:-1\" \/>\n<link rel=\"canonical\" href=\"https:\/\/franciscanos.org.br\/noticias\/convento-da-penha-acolhe-encontro-anual-da-legiao-de-maria.html\" \/>\n<meta property=\"og:locale\" content=\"pt_BR\" \/>\n<meta property=\"og:type\" content=\"article\" \/>\n<meta property=\"og:title\" content=\"Convento da Penha acolhe Encontro Anual da Legi\u00e3o de Maria - Not\u00edcias - Franciscanos\" \/>\n<meta property=\"og:description\" content=\"Convento da Penha \u00e9 a casa da devo\u00e7\u00e3o mariana\" \/>\n<meta property=\"og:url\" content=\"https:\/\/franciscanos.org.br\/noticias\/convento-da-penha-acolhe-encontro-anual-da-legiao-de-maria.html\" \/>\n<meta property=\"og:site_name\" content=\"Not\u00edcias - Franciscanos\" \/>\n<meta property=\"article:published_time\" content=\"2024-07-09T10:42:55+00:00\" \/>\n<meta property=\"article:modified_time\" content=\"2024-07-09T11:09:19+00:00\" \/>\n<meta property=\"og:image\" content=\"https:\/\/franciscanos.org.br\/noticias\/wp-content\/uploads\/2024\/07\/CHAMADA-PENHA.jpg\" \/>\n\t<meta property=\"og:image:width\" content=\"800\" \/>\n\t<meta property=\"og:image:height\" content=\"550\" \/>\n\t<meta property=\"og:image:type\" content=\"image\/jpeg\" \/>\n<meta name=\"author\" content=\"Adriana Rabelo\" \/>\n<meta name=\"twitter:card\" content=\"summary_large_image\" \/>\n<meta name=\"twitter:label1\" content=\"Escrito por\" \/>\n\t<meta name=\"twitter:data1\" content=\"Adriana Rabelo\" \/>\n\t<meta name=\"twitter:label2\" content=\"Est. tempo de leitura\" \/>\n\t<meta name=\"twitter:data2\" content=\"4 minutos\" \/>\n<script type=\"application\/ld+json\" class=\"yoast-schema-graph\">{\"@context\":\"https:\/\/schema.org\",\"@graph\":[{\"@type\":\"WebSite\",\"@id\":\"https:\/\/franciscanos.org.br\/noticias\/#website\",\"url\":\"https:\/\/franciscanos.org.br\/noticias\/\",\"name\":\"Not\u00edcias - Franciscanos\",\"description\":\"Prov\u00edncia Franciscana da Imaculada Concei\u00e7\u00e3o do Brasil - Ordem dos Frades Menores - OFM\",\"potentialAction\":[{\"@type\":\"SearchAction\",\"target\":{\"@type\":\"EntryPoint\",\"urlTemplate\":\"https:\/\/franciscanos.org.br\/noticias\/?s={search_term_string}\"},\"query-input\":\"required name=search_term_string\"}],\"inLanguage\":\"pt-BR\"},{\"@type\":\"ImageObject\",\"inLanguage\":\"pt-BR\",\"@id\":\"https:\/\/franciscanos.org.br\/noticias\/convento-da-penha-acolhe-encontro-anual-da-legiao-de-maria.html#primaryimage\",\"url\":\"https:\/\/franciscanos.org.br\/noticias\/wp-content\/uploads\/2024\/07\/CHAMADA-PENHA.jpg\",\"contentUrl\":\"https:\/\/franciscanos.org.br\/noticias\/wp-content\/uploads\/2024\/07\/CHAMADA-PENHA.jpg\",\"width\":800,\"height\":550},{\"@type\":\"WebPage\",\"@id\":\"https:\/\/franciscanos.org.br\/noticias\/convento-da-penha-acolhe-encontro-anual-da-legiao-de-maria.html#webpage\",\"url\":\"https:\/\/franciscanos.org.br\/noticias\/convento-da-penha-acolhe-encontro-anual-da-legiao-de-maria.html\",\"name\":\"Convento da Penha acolhe Encontro Anual da Legi\u00e3o de Maria - Not\u00edcias - Franciscanos\",\"isPartOf\":{\"@id\":\"https:\/\/franciscanos.org.br\/noticias\/#website\"},\"primaryImageOfPage\":{\"@id\":\"https:\/\/franciscanos.org.br\/noticias\/convento-da-penha-acolhe-encontro-anual-da-legiao-de-maria.html#primaryimage\"},\"datePublished\":\"2024-07-09T10:42:55+00:00\",\"dateModified\":\"2024-07-09T11:09:19+00:00\",\"author\":{\"@id\":\"https:\/\/franciscanos.org.br\/noticias\/#\/schema\/person\/d9422e83121c3ad3b0f423d195f5bb25\"},\"breadcrumb\":{\"@id\":\"https:\/\/franciscanos.org.br\/noticias\/convento-da-penha-acolhe-encontro-anual-da-legiao-de-maria.html#breadcrumb\"},\"inLanguage\":\"pt-BR\",\"potentialAction\":[{\"@type\":\"ReadAction\",\"target\":[\"https:\/\/franciscanos.org.br\/noticias\/convento-da-penha-acolhe-encontro-anual-da-legiao-de-maria.html\"]}]},{\"@type\":\"BreadcrumbList\",\"@id\":\"https:\/\/franciscanos.org.br\/noticias\/convento-da-penha-acolhe-encontro-anual-da-legiao-de-maria.html#breadcrumb\",\"itemListElement\":[{\"@type\":\"ListItem\",\"position\":1,\"name\":\"Home\",\"item\":\"https:\/\/franciscanos.org.br\/noticias\"},{\"@type\":\"ListItem\",\"position\":2,\"name\":\"Convento da Penha acolhe Encontro Anual da Legi\u00e3o de Maria\"}]},{\"@type\":\"Person\",\"@id\":\"https:\/\/franciscanos.org.br\/noticias\/#\/schema\/person\/d9422e83121c3ad3b0f423d195f5bb25\",\"name\":\"Adriana Rabelo\",\"image\":{\"@type\":\"ImageObject\",\"inLanguage\":\"pt-BR\",\"@id\":\"https:\/\/franciscanos.org.br\/noticias\/#\/schema\/person\/image\/\",\"url\":\"https:\/\/secure.gravatar.com\/avatar\/0a937b7500cd7df77540cfb8bede877d?s=96&d=mm&r=g\",\"contentUrl\":\"https:\/\/secure.gravatar.com\/avatar\/0a937b7500cd7df77540cfb8bede877d?s=96&d=mm&r=g\",\"caption\":\"Adriana Rabelo\"},\"url\":\"https:\/\/franciscanos.org.br\/noticias\/author\/adrianarabelo\"}]}<\/script>\n<!-- \/ Yoast SEO plugin. -->","yoast_head_json":{"title":"Convento da Penha acolhe Encontro Anual da Legi\u00e3o de Maria - Not\u00edcias - Franciscanos","robots":{"index":"index","follow":"follow","max-snippet":"max-snippet:-1","max-image-preview":"max-image-preview:large","max-video-preview":"max-video-preview:-1"},"canonical":"https:\/\/franciscanos.org.br\/noticias\/convento-da-penha-acolhe-encontro-anual-da-legiao-de-maria.html","og_locale":"pt_BR","og_type":"article","og_title":"Convento da Penha acolhe Encontro Anual da Legi\u00e3o de Maria - Not\u00edcias - Franciscanos","og_description":"Convento da Penha \u00e9 a casa da devo\u00e7\u00e3o mariana","og_url":"https:\/\/franciscanos.org.br\/noticias\/convento-da-penha-acolhe-encontro-anual-da-legiao-de-maria.html","og_site_name":"Not\u00edcias - Franciscanos","article_published_time":"2024-07-09T10:42:55+00:00","article_modified_time":"2024-07-09T11:09:19+00:00","og_image":[{"width":800,"height":550,"url":"https:\/\/franciscanos.org.br\/noticias\/wp-content\/uploads\/2024\/07\/CHAMADA-PENHA.jpg","type":"image\/jpeg"}],"author":"Adriana Rabelo","twitter_card":"summary_large_image","twitter_misc":{"Escrito por":"Adriana Rabelo","Est. tempo de leitura":"4 minutos"},"schema":{"@context":"https:\/\/schema.org","@graph":[{"@type":"WebSite","@id":"https:\/\/franciscanos.org.br\/noticias\/#website","url":"https:\/\/franciscanos.org.br\/noticias\/","name":"Not\u00edcias - Franciscanos","description":"Prov\u00edncia Franciscana da Imaculada Concei\u00e7\u00e3o do Brasil - Ordem dos Frades Menores - OFM","potentialAction":[{"@type":"SearchAction","target":{"@type":"EntryPoint","urlTemplate":"https:\/\/franciscanos.org.br\/noticias\/?s={search_term_string}"},"query-input":"required name=search_term_string"}],"inLanguage":"pt-BR"},{"@type":"ImageObject","inLanguage":"pt-BR","@id":"https:\/\/franciscanos.org.br\/noticias\/convento-da-penha-acolhe-encontro-anual-da-legiao-de-maria.html#primaryimage","url":"https:\/\/franciscanos.org.br\/noticias\/wp-content\/uploads\/2024\/07\/CHAMADA-PENHA.jpg","contentUrl":"https:\/\/franciscanos.org.br\/noticias\/wp-content\/uploads\/2024\/07\/CHAMADA-PENHA.jpg","width":800,"height":550},{"@type":"WebPage","@id":"https:\/\/franciscanos.org.br\/noticias\/convento-da-penha-acolhe-encontro-anual-da-legiao-de-maria.html#webpage","url":"https:\/\/franciscanos.org.br\/noticias\/convento-da-penha-acolhe-encontro-anual-da-legiao-de-maria.html","name":"Convento da Penha acolhe Encontro Anual da Legi\u00e3o de Maria - Not\u00edcias - Franciscanos","isPartOf":{"@id":"https:\/\/franciscanos.org.br\/noticias\/#website"},"primaryImageOfPage":{"@id":"https:\/\/franciscanos.org.br\/noticias\/convento-da-penha-acolhe-encontro-anual-da-legiao-de-maria.html#primaryimage"},"datePublished":"2024-07-09T10:42:55+00:00","dateModified":"2024-07-09T11:09:19+00:00","author":{"@id":"https:\/\/franciscanos.org.br\/noticias\/#\/schema\/person\/d9422e83121c3ad3b0f423d195f5bb25"},"breadcrumb":{"@id":"https:\/\/franciscanos.org.br\/noticias\/convento-da-penha-acolhe-encontro-anual-da-legiao-de-maria.html#breadcrumb"},"inLanguage":"pt-BR","potentialAction":[{"@type":"ReadAction","target":["https:\/\/franciscanos.org.br\/noticias\/convento-da-penha-acolhe-encontro-anual-da-legiao-de-maria.html"]}]},{"@type":"BreadcrumbList","@id":"https:\/\/franciscanos.org.br\/noticias\/convento-da-penha-acolhe-encontro-anual-da-legiao-de-maria.html#breadcrumb","itemListElement":[{"@type":"ListItem","position":1,"name":"Home","item":"https:\/\/franciscanos.org.br\/noticias"},{"@type":"ListItem","position":2,"name":"Convento da Penha acolhe Encontro Anual da Legi\u00e3o de Maria"}]},{"@type":"Person","@id":"https:\/\/franciscanos.org.br\/noticias\/#\/schema\/person\/d9422e83121c3ad3b0f423d195f5bb25","name":"Adriana Rabelo","image":{"@type":"ImageObject","inLanguage":"pt-BR","@id":"https:\/\/franciscanos.org.br\/noticias\/#\/schema\/person\/image\/","url":"https:\/\/secure.gravatar.com\/avatar\/0a937b7500cd7df77540cfb8bede877d?s=96&d=mm&r=g","contentUrl":"https:\/\/secure.gravatar.com\/avatar\/0a937b7500cd7df77540cfb8bede877d?s=96&d=mm&r=g","caption":"Adriana Rabelo"},"url":"https:\/\/franciscanos.org.br\/noticias\/author\/adrianarabelo"}]}},"_links":{"self":[{"href":"https:\/\/franciscanos.org.br\/noticias\/wp-json\/wp\/v2\/posts\/248907"}],"collection":[{"href":"https:\/\/franciscanos.org.br\/noticias\/wp-json\/wp\/v2\/posts"}],"about":[{"href":"https:\/\/franciscanos.org.br\/noticias\/wp-json\/wp\/v2\/types\/post"}],"author":[{"embeddable":true,"href":"https:\/\/franciscanos.org.br\/noticias\/wp-json\/wp\/v2\/users\/11"}],"replies":[{"embeddable":true,"href":"https:\/\/franciscanos.org.br\/noticias\/wp-json\/wp\/v2\/comments?post=248907"}],"version-history":[{"count":5,"href":"https:\/\/franciscanos.org.br\/noticias\/wp-json\/wp\/v2\/posts\/248907\/revisions"}],"predecessor-version":[{"id":248931,"href":"https:\/\/franciscanos.org.br\/noticias\/wp-json\/wp\/v2\/posts\/248907\/revisions\/248931"}],"wp:featuredmedia":[{"embeddable":true,"href":"https:\/\/franciscanos.org.br\/noticias\/wp-json\/wp\/v2\/media\/248910"}],"wp:attachment":[{"href":"https:\/\/franciscanos.org.br\/noticias\/wp-json\/wp\/v2\/media?parent=248907"}],"wp:term":[{"taxonomy":"category","embeddable":true,"href":"https:\/\/franciscanos.org.br\/noticias\/wp-json\/wp\/v2\/categories?post=248907"},{"taxonomy":"post_tag","embeddable":true,"href":"https:\/\/franciscanos.org.br\/noticias\/wp-json\/wp\/v2\/tags?post=248907"}],"curies":[{"name":"wp","href":"https:\/\/api.w.org\/{rel}","templated":true}]}}