{"id":248889,"date":"2024-07-04T15:27:48","date_gmt":"2024-07-04T18:27:48","guid":{"rendered":"https:\/\/franciscanos.org.br\/noticias\/?p=248889"},"modified":"2024-07-04T16:43:01","modified_gmt":"2024-07-04T19:43:01","slug":"sementes-lancadas-coral-dos-canarinhos-de-petropolis-inspira-novos-projetos","status":"publish","type":"post","link":"https:\/\/franciscanos.org.br\/noticias\/sementes-lancadas-coral-dos-canarinhos-de-petropolis-inspira-novos-projetos.html","title":{"rendered":"Sementes lan\u00e7adas: Coral dos Canarinhos de Petr\u00f3polis inspira novos projetos"},"content":{"rendered":"<p><img loading=\"lazy\" class=\"aligncenter wp-image-248890 size-full\" src=\"https:\/\/franciscanos.org.br\/noticias\/wp-content\/uploads\/2024\/07\/CANARINHOS1.jpg\" alt=\"\" width=\"1280\" height=\"720\" srcset=\"https:\/\/franciscanos.org.br\/noticias\/wp-content\/uploads\/2024\/07\/CANARINHOS1.jpg 1280w, https:\/\/franciscanos.org.br\/noticias\/wp-content\/uploads\/2024\/07\/CANARINHOS1-450x253.jpg 450w, https:\/\/franciscanos.org.br\/noticias\/wp-content\/uploads\/2024\/07\/CANARINHOS1-1024x576.jpg 1024w, https:\/\/franciscanos.org.br\/noticias\/wp-content\/uploads\/2024\/07\/CANARINHOS1-768x432.jpg 768w, https:\/\/franciscanos.org.br\/noticias\/wp-content\/uploads\/2024\/07\/CANARINHOS1-150x84.jpg 150w\" sizes=\"(max-width: 1280px) 100vw, 1280px\" \/><\/p>\n<p>O Coral dos Canarinhos continua lan\u00e7ando sementes por onde passa. \u00a0No \u00faltimo dia 29 de junho, o grupo encantou o p\u00fablico que lotou a Igreja de Santa Teresa, em Teres\u00f3polis (RJ), para acompanhar a edi\u00e7\u00e3o especial do M\u00fasica na Matriz, abrindo a programa\u00e7\u00e3o do 133\u00ba anivers\u00e1rio da cidade.<\/p>\n<p>O evento marcou tamb\u00e9m o an\u00fancio da cria\u00e7\u00e3o do Projeto Meninos Cantores de Teres\u00f3polis, idealizado por Rog\u00e9rio Mello Alves, da obra social Fazendo a Diferen\u00e7a. A a\u00e7\u00e3o conta com o apoio das Secretarias Municipais de Cultura e de Educa\u00e7\u00e3o. De acordo com o site <span style=\"color: #0000ff;\"><a style=\"color: #0000ff;\" href=\"https:\/\/netdiario.com.br\/noticias\/teresopolis-133-anos-coral-dos-canarinhos-de-petropolis-encanta-o-publico-do-musica-na-matriz\/?fbclid=IwZXh0bgNhZW0CMTEAAR2xsRX953bSZXGm4TJL8ZMTj5yk16XJTKs2VNUB45Y0uwMqJEQIm0xje4s_aem_VUHhJKac-I-TGotQQ4NK0Q\">Di\u00e1rio<\/a><\/span>, a iniciativa tem como proposta formar um coral com 40 alunos da rede p\u00fablica municipal de ensino, com idade entre 9 e 12 anos, para atender adolescentes e crian\u00e7as seguindo os moldes do IMCP (Instituto dos Meninos Cantores de Petr\u00f3polis). Segundo o secret\u00e1rio municipal de cultura, Ricardo Guarilha, a qualidade do concerto apresentado na edi\u00e7\u00e3o especial deste ano do M\u00fasica na Matriz atestou a import\u00e2ncia de iniciativas que valorizam a arte e a cultura, especialmente entre o p\u00fablico jovem.<img loading=\"lazy\" class=\"size-medium wp-image-248892 alignright\" src=\"https:\/\/franciscanos.org.br\/noticias\/wp-content\/uploads\/2024\/07\/CANARINHOS-1-450x300.jpg\" alt=\"\" width=\"450\" height=\"300\" srcset=\"https:\/\/franciscanos.org.br\/noticias\/wp-content\/uploads\/2024\/07\/CANARINHOS-1-450x300.jpg 450w, https:\/\/franciscanos.org.br\/noticias\/wp-content\/uploads\/2024\/07\/CANARINHOS-1-150x100.jpg 150w, https:\/\/franciscanos.org.br\/noticias\/wp-content\/uploads\/2024\/07\/CANARINHOS-1.jpg 551w\" sizes=\"(max-width: 450px) 100vw, 450px\" \/><\/p>\n<p>Com reg\u00eancia do Maestro Marco Aur\u00e9lio Lischt, o repert\u00f3rio transitou do cl\u00e1ssico ao pop e pela MPB, com m\u00fasicas sacras, como \u2018Ave verum Corpus\u2019 (Wolfgang Amadeus Mozart) e \u2018Allelujah\u2019 (George Frideric Handel); hits internacionais, como \u2018Your song\u2019 (Elton John) e \u2018All you need is love\u2019 (The Beatles), e sucessos da MPB, como \u2018Conversa de botequim\u2019 (Noel Rosa) e \u2018Aquarela do Brasil\u2019 (Ary Barroso). A can\u00e7\u00e3o \u2018Andan\u00e7a\u2019 (Edmundo Souto, Danilo Caymmi e Paulinho Tapaj\u00f3s) encerrou o espet\u00e1culo.<\/p>\n<p>Frei Marcos Antonio de Andrade, Presidente do Instituto dos Meninos Cantores de Petr\u00f3polis (IMCP) e Definidor Provincial, ressaltou que os Canarinhos por serem hoje o Coral de Meninos mais antigo em funcionamento do Brasil, fundado por Frei Leto Bienias, em 1942, inspirou outros Corais pelo Brasil. O frade salientou que o projeto educacional e formativo do Instituto foi constru\u00eddo com muito trabalho e lapidado ao longo de d\u00e9cadas de uma bela e rica hist\u00f3ria; e disse estar feliz com essa nova semente que come\u00e7a a florescer em Teres\u00f3polis.<\/p>\n<p>&#8220;Desde o in\u00edcio da nossa funda\u00e7\u00e3o, os Canarinhos nasceram como uma iniciativa de um Coro Lit\u00fargico que estivesse ligado a um processo educacional em suas m\u00faltiplas \u00e1reas. Os frades sempre foram zelosos para que a forma\u00e7\u00e3o humana e franciscana fosse componente essencial dos aprendizados dos nossos coralistas. Acreditamos tamb\u00e9m que a arte a cultura s\u00e3o partes fundamentais da forma\u00e7\u00e3o s\u00f3lida do ser humano e na transforma\u00e7\u00e3o do nosso mundo&#8221;, afirmou o frade.<\/p>\n<p>O Presidente do Instituto tamb\u00e9m salientou que a m\u00fasica ajuda na nossa rela\u00e7\u00e3o com o divino. &#8220;Desde os prim\u00f3rdios da humanidade as religi\u00f5es fazem uso da m\u00fasica. H\u00e1 algo nela que toca no \u00edntimo de n\u00f3s e que nos ajuda a entrarmos em contato com o transcendente. Um Coral Lit\u00fargico deve ter essa miss\u00e3o: elevar nossas preces e louvores a Deus e ajudar para que possamos estar em sintonia com o mist\u00e9rio que celebramos. Nas vozes de nossos coralistas ressoa a voz de toda a Igreja que canta e louva o Bom Senhor!&#8221;<\/p>\n\n\t\t<style type=\"text\/css\">\n\t\t\t#gallery-1 {\n\t\t\t\tmargin: auto;\n\t\t\t}\n\t\t\t#gallery-1 .gallery-item {\n\t\t\t\tfloat: left;\n\t\t\t\tmargin-top: 10px;\n\t\t\t\ttext-align: center;\n\t\t\t\twidth: 25%;\n\t\t\t}\n\t\t\t#gallery-1 img {\n\t\t\t\tborder: 2px solid #cfcfcf;\n\t\t\t}\n\t\t\t#gallery-1 .gallery-caption {\n\t\t\t\tmargin-left: 0;\n\t\t\t}\n\t\t\t\/* see gallery_shortcode() in wp-includes\/media.php *\/\n\t\t<\/style>\n\t\t<div id='gallery-1' class='gallery galleryid-248889 gallery-columns-4 gallery-size-thumbnail'><dl class='gallery-item'>\n\t\t\t<dt class='gallery-icon landscape'>\n\t\t\t\t<a href='https:\/\/franciscanos.org.br\/noticias\/wp-content\/uploads\/2024\/07\/CANARINHOS-9.jpg'><img width=\"300\" height=\"300\" src=\"https:\/\/franciscanos.org.br\/noticias\/wp-content\/uploads\/2024\/07\/CANARINHOS-9-300x300.jpg\" class=\"attachment-thumbnail size-thumbnail\" alt=\"\" loading=\"lazy\" srcset=\"https:\/\/franciscanos.org.br\/noticias\/wp-content\/uploads\/2024\/07\/CANARINHOS-9-300x300.jpg 300w, https:\/\/franciscanos.org.br\/noticias\/wp-content\/uploads\/2024\/07\/CANARINHOS-9-100x100.jpg 100w\" sizes=\"(max-width: 300px) 100vw, 300px\" \/><\/a>\n\t\t\t<\/dt><\/dl><dl class='gallery-item'>\n\t\t\t<dt class='gallery-icon landscape'>\n\t\t\t\t<a href='https:\/\/franciscanos.org.br\/noticias\/wp-content\/uploads\/2024\/07\/CANARINHOS-10.jpg'><img width=\"300\" height=\"300\" src=\"https:\/\/franciscanos.org.br\/noticias\/wp-content\/uploads\/2024\/07\/CANARINHOS-10-300x300.jpg\" class=\"attachment-thumbnail size-thumbnail\" alt=\"\" loading=\"lazy\" srcset=\"https:\/\/franciscanos.org.br\/noticias\/wp-content\/uploads\/2024\/07\/CANARINHOS-10-300x300.jpg 300w, https:\/\/franciscanos.org.br\/noticias\/wp-content\/uploads\/2024\/07\/CANARINHOS-10-100x100.jpg 100w\" sizes=\"(max-width: 300px) 100vw, 300px\" \/><\/a>\n\t\t\t<\/dt><\/dl><dl class='gallery-item'>\n\t\t\t<dt class='gallery-icon landscape'>\n\t\t\t\t<a href='https:\/\/franciscanos.org.br\/noticias\/wp-content\/uploads\/2024\/07\/CANARINHOS-11.jpg'><img width=\"300\" height=\"300\" src=\"https:\/\/franciscanos.org.br\/noticias\/wp-content\/uploads\/2024\/07\/CANARINHOS-11-300x300.jpg\" class=\"attachment-thumbnail size-thumbnail\" alt=\"\" loading=\"lazy\" srcset=\"https:\/\/franciscanos.org.br\/noticias\/wp-content\/uploads\/2024\/07\/CANARINHOS-11-300x300.jpg 300w, https:\/\/franciscanos.org.br\/noticias\/wp-content\/uploads\/2024\/07\/CANARINHOS-11-100x100.jpg 100w\" sizes=\"(max-width: 300px) 100vw, 300px\" \/><\/a>\n\t\t\t<\/dt><\/dl><dl class='gallery-item'>\n\t\t\t<dt class='gallery-icon landscape'>\n\t\t\t\t<a href='https:\/\/franciscanos.org.br\/noticias\/wp-content\/uploads\/2024\/07\/CANARINHOS-12.jpg'><img width=\"300\" height=\"300\" src=\"https:\/\/franciscanos.org.br\/noticias\/wp-content\/uploads\/2024\/07\/CANARINHOS-12-300x300.jpg\" class=\"attachment-thumbnail size-thumbnail\" alt=\"\" loading=\"lazy\" srcset=\"https:\/\/franciscanos.org.br\/noticias\/wp-content\/uploads\/2024\/07\/CANARINHOS-12-300x300.jpg 300w, https:\/\/franciscanos.org.br\/noticias\/wp-content\/uploads\/2024\/07\/CANARINHOS-12-100x100.jpg 100w\" sizes=\"(max-width: 300px) 100vw, 300px\" \/><\/a>\n\t\t\t<\/dt><\/dl><br style=\"clear: both\" \/>\n\t\t<\/div>\n\n<p>Frei Jo\u00e3o Manoel Zechinatto, que atua no Instituto dos Meninos Cantores de Petr\u00f3polis, explicou que a m\u00fasica \u00e9 talvez o que mais apare\u00e7a no trabalho do instituto, mas ela \u00e9 um dos componentes de uma proposta de educa\u00e7\u00e3o integral que permeia a miss\u00e3o do projeto. \u201cEm cada apresenta\u00e7\u00e3o levamos o todo da nossa miss\u00e3o, acreditando sempre que a m\u00fasica e a cultura s\u00e3o formas de engrandecermos o esp\u00edrito e fazer do mundo um lugar mais belo e bom de se viver. Essa integralidade \u00e9 fundamental em nossa a\u00e7\u00e3o como proposta de evangeliza\u00e7\u00e3o atrav\u00e9s da educa\u00e7\u00e3o\u201d, afirmou.<\/p>\n<p>Quando perguntado sobre a rela\u00e7\u00e3o da m\u00fasica com o carisma franciscano, o Frei Jo\u00e3o foi esclarecedor. \u201cUma cena muito interessante de S\u00e3o Francisco, que nos narra suas hagiografias, \u00e9 um momento em que ele usa peda\u00e7os de gravetos como um instrumento musical. N\u00e3o havia nenhum som que pudesse ser escutado com os ouvidos, mas uma melodia que brotava do cora\u00e7\u00e3o, do \u00edntimo do seu ser. Um Instituto de Meninos Cantores que tenha a espiritualidade franciscana como pano de fundo \u00e9 um espa\u00e7o no qual, mais do que simplesmente cantar, o indiv\u00edduo possa cantar com o cora\u00e7\u00e3o e tenha no canto uma raz\u00e3o de express\u00e3o do sublime e do transcendente! N\u00e3o \u00e9 s\u00f3 saber cantar, mas \u00e9 ter uma raz\u00e3o nobre e sublime do porqu\u00ea cantamos\u201d, concluiu.<\/p>\n<hr \/>\n<p><em>Adriana Rabelo<\/em><\/p>\n","protected":false},"excerpt":{"rendered":"<p>Coral dos Canarinhos de Petr\u00f3polis canta em Teres\u00f3polis<\/p>\n","protected":false},"author":11,"featured_media":248891,"comment_status":"open","ping_status":"open","sticky":false,"template":"","format":"standard","meta":[],"categories":[1],"tags":[1788],"acf":[],"yoast_head":"<!-- This site is optimized with the Yoast SEO plugin v19.2 - https:\/\/yoast.com\/wordpress\/plugins\/seo\/ -->\n<title>Sementes lan\u00e7adas: Coral dos Canarinhos de Petr\u00f3polis inspira novos projetos - Not\u00edcias - Franciscanos<\/title>\n<meta name=\"robots\" content=\"index, follow, max-snippet:-1, max-image-preview:large, max-video-preview:-1\" \/>\n<link rel=\"canonical\" href=\"https:\/\/franciscanos.org.br\/noticias\/sementes-lancadas-coral-dos-canarinhos-de-petropolis-inspira-novos-projetos.html\" \/>\n<meta property=\"og:locale\" content=\"pt_BR\" \/>\n<meta property=\"og:type\" content=\"article\" \/>\n<meta property=\"og:title\" content=\"Sementes lan\u00e7adas: Coral dos Canarinhos de Petr\u00f3polis inspira novos projetos - Not\u00edcias - Franciscanos\" \/>\n<meta property=\"og:description\" content=\"Coral dos Canarinhos de Petr\u00f3polis canta em Teres\u00f3polis\" \/>\n<meta property=\"og:url\" content=\"https:\/\/franciscanos.org.br\/noticias\/sementes-lancadas-coral-dos-canarinhos-de-petropolis-inspira-novos-projetos.html\" \/>\n<meta property=\"og:site_name\" content=\"Not\u00edcias - Franciscanos\" \/>\n<meta property=\"article:published_time\" content=\"2024-07-04T18:27:48+00:00\" \/>\n<meta property=\"article:modified_time\" content=\"2024-07-04T19:43:01+00:00\" \/>\n<meta property=\"og:image\" content=\"https:\/\/franciscanos.org.br\/noticias\/wp-content\/uploads\/2024\/07\/CANARINHOS-8.jpg\" \/>\n\t<meta property=\"og:image:width\" content=\"551\" \/>\n\t<meta property=\"og:image:height\" content=\"367\" \/>\n\t<meta property=\"og:image:type\" content=\"image\/jpeg\" \/>\n<meta name=\"author\" content=\"Adriana Rabelo\" \/>\n<meta name=\"twitter:card\" content=\"summary_large_image\" \/>\n<meta name=\"twitter:label1\" content=\"Escrito por\" \/>\n\t<meta name=\"twitter:data1\" content=\"Adriana Rabelo\" \/>\n\t<meta name=\"twitter:label2\" content=\"Est. tempo de leitura\" \/>\n\t<meta name=\"twitter:data2\" content=\"4 minutos\" \/>\n<script type=\"application\/ld+json\" class=\"yoast-schema-graph\">{\"@context\":\"https:\/\/schema.org\",\"@graph\":[{\"@type\":\"WebSite\",\"@id\":\"https:\/\/franciscanos.org.br\/noticias\/#website\",\"url\":\"https:\/\/franciscanos.org.br\/noticias\/\",\"name\":\"Not\u00edcias - Franciscanos\",\"description\":\"Prov\u00edncia Franciscana da Imaculada Concei\u00e7\u00e3o do Brasil - Ordem dos Frades Menores - OFM\",\"potentialAction\":[{\"@type\":\"SearchAction\",\"target\":{\"@type\":\"EntryPoint\",\"urlTemplate\":\"https:\/\/franciscanos.org.br\/noticias\/?s={search_term_string}\"},\"query-input\":\"required name=search_term_string\"}],\"inLanguage\":\"pt-BR\"},{\"@type\":\"ImageObject\",\"inLanguage\":\"pt-BR\",\"@id\":\"https:\/\/franciscanos.org.br\/noticias\/sementes-lancadas-coral-dos-canarinhos-de-petropolis-inspira-novos-projetos.html#primaryimage\",\"url\":\"https:\/\/franciscanos.org.br\/noticias\/wp-content\/uploads\/2024\/07\/CANARINHOS-8.jpg\",\"contentUrl\":\"https:\/\/franciscanos.org.br\/noticias\/wp-content\/uploads\/2024\/07\/CANARINHOS-8.jpg\",\"width\":551,\"height\":367},{\"@type\":\"WebPage\",\"@id\":\"https:\/\/franciscanos.org.br\/noticias\/sementes-lancadas-coral-dos-canarinhos-de-petropolis-inspira-novos-projetos.html#webpage\",\"url\":\"https:\/\/franciscanos.org.br\/noticias\/sementes-lancadas-coral-dos-canarinhos-de-petropolis-inspira-novos-projetos.html\",\"name\":\"Sementes lan\u00e7adas: Coral dos Canarinhos de Petr\u00f3polis inspira novos projetos - Not\u00edcias - Franciscanos\",\"isPartOf\":{\"@id\":\"https:\/\/franciscanos.org.br\/noticias\/#website\"},\"primaryImageOfPage\":{\"@id\":\"https:\/\/franciscanos.org.br\/noticias\/sementes-lancadas-coral-dos-canarinhos-de-petropolis-inspira-novos-projetos.html#primaryimage\"},\"datePublished\":\"2024-07-04T18:27:48+00:00\",\"dateModified\":\"2024-07-04T19:43:01+00:00\",\"author\":{\"@id\":\"https:\/\/franciscanos.org.br\/noticias\/#\/schema\/person\/d9422e83121c3ad3b0f423d195f5bb25\"},\"breadcrumb\":{\"@id\":\"https:\/\/franciscanos.org.br\/noticias\/sementes-lancadas-coral-dos-canarinhos-de-petropolis-inspira-novos-projetos.html#breadcrumb\"},\"inLanguage\":\"pt-BR\",\"potentialAction\":[{\"@type\":\"ReadAction\",\"target\":[\"https:\/\/franciscanos.org.br\/noticias\/sementes-lancadas-coral-dos-canarinhos-de-petropolis-inspira-novos-projetos.html\"]}]},{\"@type\":\"BreadcrumbList\",\"@id\":\"https:\/\/franciscanos.org.br\/noticias\/sementes-lancadas-coral-dos-canarinhos-de-petropolis-inspira-novos-projetos.html#breadcrumb\",\"itemListElement\":[{\"@type\":\"ListItem\",\"position\":1,\"name\":\"Home\",\"item\":\"https:\/\/franciscanos.org.br\/noticias\"},{\"@type\":\"ListItem\",\"position\":2,\"name\":\"Sementes lan\u00e7adas: Coral dos Canarinhos de Petr\u00f3polis inspira novos projetos\"}]},{\"@type\":\"Person\",\"@id\":\"https:\/\/franciscanos.org.br\/noticias\/#\/schema\/person\/d9422e83121c3ad3b0f423d195f5bb25\",\"name\":\"Adriana Rabelo\",\"image\":{\"@type\":\"ImageObject\",\"inLanguage\":\"pt-BR\",\"@id\":\"https:\/\/franciscanos.org.br\/noticias\/#\/schema\/person\/image\/\",\"url\":\"https:\/\/secure.gravatar.com\/avatar\/0a937b7500cd7df77540cfb8bede877d?s=96&d=mm&r=g\",\"contentUrl\":\"https:\/\/secure.gravatar.com\/avatar\/0a937b7500cd7df77540cfb8bede877d?s=96&d=mm&r=g\",\"caption\":\"Adriana Rabelo\"},\"url\":\"https:\/\/franciscanos.org.br\/noticias\/author\/adrianarabelo\"}]}<\/script>\n<!-- \/ Yoast SEO plugin. -->","yoast_head_json":{"title":"Sementes lan\u00e7adas: Coral dos Canarinhos de Petr\u00f3polis inspira novos projetos - Not\u00edcias - Franciscanos","robots":{"index":"index","follow":"follow","max-snippet":"max-snippet:-1","max-image-preview":"max-image-preview:large","max-video-preview":"max-video-preview:-1"},"canonical":"https:\/\/franciscanos.org.br\/noticias\/sementes-lancadas-coral-dos-canarinhos-de-petropolis-inspira-novos-projetos.html","og_locale":"pt_BR","og_type":"article","og_title":"Sementes lan\u00e7adas: Coral dos Canarinhos de Petr\u00f3polis inspira novos projetos - Not\u00edcias - Franciscanos","og_description":"Coral dos Canarinhos de Petr\u00f3polis canta em Teres\u00f3polis","og_url":"https:\/\/franciscanos.org.br\/noticias\/sementes-lancadas-coral-dos-canarinhos-de-petropolis-inspira-novos-projetos.html","og_site_name":"Not\u00edcias - Franciscanos","article_published_time":"2024-07-04T18:27:48+00:00","article_modified_time":"2024-07-04T19:43:01+00:00","og_image":[{"width":551,"height":367,"url":"https:\/\/franciscanos.org.br\/noticias\/wp-content\/uploads\/2024\/07\/CANARINHOS-8.jpg","type":"image\/jpeg"}],"author":"Adriana Rabelo","twitter_card":"summary_large_image","twitter_misc":{"Escrito por":"Adriana Rabelo","Est. tempo de leitura":"4 minutos"},"schema":{"@context":"https:\/\/schema.org","@graph":[{"@type":"WebSite","@id":"https:\/\/franciscanos.org.br\/noticias\/#website","url":"https:\/\/franciscanos.org.br\/noticias\/","name":"Not\u00edcias - Franciscanos","description":"Prov\u00edncia Franciscana da Imaculada Concei\u00e7\u00e3o do Brasil - Ordem dos Frades Menores - OFM","potentialAction":[{"@type":"SearchAction","target":{"@type":"EntryPoint","urlTemplate":"https:\/\/franciscanos.org.br\/noticias\/?s={search_term_string}"},"query-input":"required name=search_term_string"}],"inLanguage":"pt-BR"},{"@type":"ImageObject","inLanguage":"pt-BR","@id":"https:\/\/franciscanos.org.br\/noticias\/sementes-lancadas-coral-dos-canarinhos-de-petropolis-inspira-novos-projetos.html#primaryimage","url":"https:\/\/franciscanos.org.br\/noticias\/wp-content\/uploads\/2024\/07\/CANARINHOS-8.jpg","contentUrl":"https:\/\/franciscanos.org.br\/noticias\/wp-content\/uploads\/2024\/07\/CANARINHOS-8.jpg","width":551,"height":367},{"@type":"WebPage","@id":"https:\/\/franciscanos.org.br\/noticias\/sementes-lancadas-coral-dos-canarinhos-de-petropolis-inspira-novos-projetos.html#webpage","url":"https:\/\/franciscanos.org.br\/noticias\/sementes-lancadas-coral-dos-canarinhos-de-petropolis-inspira-novos-projetos.html","name":"Sementes lan\u00e7adas: Coral dos Canarinhos de Petr\u00f3polis inspira novos projetos - Not\u00edcias - Franciscanos","isPartOf":{"@id":"https:\/\/franciscanos.org.br\/noticias\/#website"},"primaryImageOfPage":{"@id":"https:\/\/franciscanos.org.br\/noticias\/sementes-lancadas-coral-dos-canarinhos-de-petropolis-inspira-novos-projetos.html#primaryimage"},"datePublished":"2024-07-04T18:27:48+00:00","dateModified":"2024-07-04T19:43:01+00:00","author":{"@id":"https:\/\/franciscanos.org.br\/noticias\/#\/schema\/person\/d9422e83121c3ad3b0f423d195f5bb25"},"breadcrumb":{"@id":"https:\/\/franciscanos.org.br\/noticias\/sementes-lancadas-coral-dos-canarinhos-de-petropolis-inspira-novos-projetos.html#breadcrumb"},"inLanguage":"pt-BR","potentialAction":[{"@type":"ReadAction","target":["https:\/\/franciscanos.org.br\/noticias\/sementes-lancadas-coral-dos-canarinhos-de-petropolis-inspira-novos-projetos.html"]}]},{"@type":"BreadcrumbList","@id":"https:\/\/franciscanos.org.br\/noticias\/sementes-lancadas-coral-dos-canarinhos-de-petropolis-inspira-novos-projetos.html#breadcrumb","itemListElement":[{"@type":"ListItem","position":1,"name":"Home","item":"https:\/\/franciscanos.org.br\/noticias"},{"@type":"ListItem","position":2,"name":"Sementes lan\u00e7adas: Coral dos Canarinhos de Petr\u00f3polis inspira novos projetos"}]},{"@type":"Person","@id":"https:\/\/franciscanos.org.br\/noticias\/#\/schema\/person\/d9422e83121c3ad3b0f423d195f5bb25","name":"Adriana Rabelo","image":{"@type":"ImageObject","inLanguage":"pt-BR","@id":"https:\/\/franciscanos.org.br\/noticias\/#\/schema\/person\/image\/","url":"https:\/\/secure.gravatar.com\/avatar\/0a937b7500cd7df77540cfb8bede877d?s=96&d=mm&r=g","contentUrl":"https:\/\/secure.gravatar.com\/avatar\/0a937b7500cd7df77540cfb8bede877d?s=96&d=mm&r=g","caption":"Adriana Rabelo"},"url":"https:\/\/franciscanos.org.br\/noticias\/author\/adrianarabelo"}]}},"_links":{"self":[{"href":"https:\/\/franciscanos.org.br\/noticias\/wp-json\/wp\/v2\/posts\/248889"}],"collection":[{"href":"https:\/\/franciscanos.org.br\/noticias\/wp-json\/wp\/v2\/posts"}],"about":[{"href":"https:\/\/franciscanos.org.br\/noticias\/wp-json\/wp\/v2\/types\/post"}],"author":[{"embeddable":true,"href":"https:\/\/franciscanos.org.br\/noticias\/wp-json\/wp\/v2\/users\/11"}],"replies":[{"embeddable":true,"href":"https:\/\/franciscanos.org.br\/noticias\/wp-json\/wp\/v2\/comments?post=248889"}],"version-history":[{"count":7,"href":"https:\/\/franciscanos.org.br\/noticias\/wp-json\/wp\/v2\/posts\/248889\/revisions"}],"predecessor-version":[{"id":248906,"href":"https:\/\/franciscanos.org.br\/noticias\/wp-json\/wp\/v2\/posts\/248889\/revisions\/248906"}],"wp:featuredmedia":[{"embeddable":true,"href":"https:\/\/franciscanos.org.br\/noticias\/wp-json\/wp\/v2\/media\/248891"}],"wp:attachment":[{"href":"https:\/\/franciscanos.org.br\/noticias\/wp-json\/wp\/v2\/media?parent=248889"}],"wp:term":[{"taxonomy":"category","embeddable":true,"href":"https:\/\/franciscanos.org.br\/noticias\/wp-json\/wp\/v2\/categories?post=248889"},{"taxonomy":"post_tag","embeddable":true,"href":"https:\/\/franciscanos.org.br\/noticias\/wp-json\/wp\/v2\/tags?post=248889"}],"curies":[{"name":"wp","href":"https:\/\/api.w.org\/{rel}","templated":true}]}}