{"id":248854,"date":"2024-07-03T08:47:19","date_gmt":"2024-07-03T11:47:19","guid":{"rendered":"https:\/\/franciscanos.org.br\/noticias\/?p=248854"},"modified":"2024-07-03T09:08:40","modified_gmt":"2024-07-03T12:08:40","slug":"todas-audiencias-do-papa-ficam-suspensas-em-julho-com-a-pausa-de-verao","status":"publish","type":"post","link":"https:\/\/franciscanos.org.br\/noticias\/todas-audiencias-do-papa-ficam-suspensas-em-julho-com-a-pausa-de-verao.html","title":{"rendered":"Todas audi\u00eancias do Papa ficam suspensas em julho com a pausa de ver\u00e3o"},"content":{"rendered":"<p><img loading=\"lazy\" class=\"aligncenter wp-image-248855 size-full\" src=\"https:\/\/franciscanos.org.br\/noticias\/wp-content\/uploads\/2024\/07\/ferias.jpeg\" alt=\"\" width=\"750\" height=\"422\" srcset=\"https:\/\/franciscanos.org.br\/noticias\/wp-content\/uploads\/2024\/07\/ferias.jpeg 750w, https:\/\/franciscanos.org.br\/noticias\/wp-content\/uploads\/2024\/07\/ferias-450x253.jpeg 450w, https:\/\/franciscanos.org.br\/noticias\/wp-content\/uploads\/2024\/07\/ferias-150x84.jpeg 150w\" sizes=\"(max-width: 750px) 100vw, 750px\" \/><\/p>\n<p><em>Neste m\u00eas, tradicionalmente de f\u00e9rias de ver\u00e3o na Europa, tanto a Audi\u00eancia Geral das quartas-feiras como aquelas particulares e especiais do Papa Francisco n\u00e3o ser\u00e3o realizadas. Francisco, por\u00e9m, preside Consist\u00f3rio Ordin\u00e1rio P\u00fablico para a aprova\u00e7\u00e3o de algumas Causas de Canoniza\u00e7\u00e3o e faz visita pastoral \u00e0 cidade de Trieste. Segundo comunicado divulgado no dia 28 de junho pela Sala de Imprensa da Santa S\u00e9, a agenda das Audi\u00eancias Gerais ser\u00e1 retomada em 7 de agosto.<\/em><\/p>\n<p>Como \u00e9 de costume durante o ver\u00e3o na Europa, a partir da pr\u00f3xima ter\u00e7a-feira, 2 de julho, at\u00e9 o final do m\u00eas, todas as audi\u00eancias do Papa Francisco ser\u00e3o suspensas: tanto a Audi\u00eancia Geral das quartas-feiras como as audi\u00eancias privadas e especiais. O an\u00fancio foi feito pela Prefeitura da Casa Pontif\u00edcia atrav\u00e9s de um comunicado divulgado nesta sexta-feira (28\/06) pela Sala de Imprensa da Santa S\u00e9.<\/p>\n<p>Todas as audi\u00eancias ser\u00e3o retomadas em agosto, com a primeira Audi\u00eancia Geral da quarta-feira, 7 de agosto.\u00a0Durante esse per\u00edodo, por\u00e9m, tem seguimento a ora\u00e7\u00e3o mariana do Angelus aos domingos direto do Pal\u00e1cio Apost\u00f3lico.<\/p>\n<p><strong>Em julho, Consist\u00f3rio Ordin\u00e1rio P\u00fablico e visita pastoral<\/strong><\/p>\n<p>A agenda de celebra\u00e7\u00f5es presididas pelo Papa tamb\u00e9m est\u00e1 confirmada para julho.<\/p>\n<p>No dia 1\u00b0 julho, na Sala do Consist\u00f3rio, no Vaticano, Francisco presidiu o Consist\u00f3rio Ordin\u00e1rio P\u00fablico para aprova\u00e7\u00e3o de algumas Causas de Canoniza\u00e7\u00e3o. A cerim\u00f4nia come\u00e7ou \u00e0s 9h na It\u00e1lia, 4h no hor\u00e1rio de Bras\u00edlia. Conforme o calend\u00e1rio, no dia 7 de julho o Papa parte para a cidade italiana de Trieste para a terceira das tr\u00eas visitas pastorais deste ano no pa\u00eds: a primeira foi para Veneza, em abril, e a segunda para Verona, em maio. Em Trieste, capital da regi\u00e3o de Friuli-Venezia Giulia, no nordeste da It\u00e1lia, Francisco vai participar da 50\u00aa Semana Social dos Cat\u00f3licos.<\/p>\n<p>As celebra\u00e7\u00f5es presididas pelo Papa Francisco ser\u00e3o transmitidas ao vivo, com coment\u00e1rios em portugu\u00eas, pelos canais da R\u00e1dio Vaticano &#8211; Vatican News.<\/p>\n<hr \/>\n<p><em>Andressa Collet &#8211; Vatican News<\/em><\/p>\n","protected":false},"excerpt":{"rendered":"<p>Audi\u00eancias ser\u00e3o retomadas no dia 7 de agosto<\/p>\n","protected":false},"author":11,"featured_media":248859,"comment_status":"open","ping_status":"open","sticky":false,"template":"","format":"standard","meta":[],"categories":[1428],"tags":[487,55],"acf":[],"yoast_head":"<!-- This site is optimized with the Yoast SEO plugin v19.2 - https:\/\/yoast.com\/wordpress\/plugins\/seo\/ -->\n<title>Todas audi\u00eancias do Papa ficam suspensas em julho com a pausa de ver\u00e3o - Not\u00edcias - Franciscanos<\/title>\n<meta name=\"robots\" content=\"index, follow, max-snippet:-1, max-image-preview:large, max-video-preview:-1\" \/>\n<link rel=\"canonical\" href=\"https:\/\/franciscanos.org.br\/noticias\/todas-audiencias-do-papa-ficam-suspensas-em-julho-com-a-pausa-de-verao.html\" \/>\n<meta property=\"og:locale\" content=\"pt_BR\" \/>\n<meta property=\"og:type\" content=\"article\" \/>\n<meta property=\"og:title\" content=\"Todas audi\u00eancias do Papa ficam suspensas em julho com a pausa de ver\u00e3o - Not\u00edcias - Franciscanos\" \/>\n<meta property=\"og:description\" content=\"Audi\u00eancias ser\u00e3o retomadas no dia 7 de agosto\" \/>\n<meta property=\"og:url\" content=\"https:\/\/franciscanos.org.br\/noticias\/todas-audiencias-do-papa-ficam-suspensas-em-julho-com-a-pausa-de-verao.html\" \/>\n<meta property=\"og:site_name\" content=\"Not\u00edcias - Franciscanos\" \/>\n<meta property=\"article:published_time\" content=\"2024-07-03T11:47:19+00:00\" \/>\n<meta property=\"article:modified_time\" content=\"2024-07-03T12:08:40+00:00\" \/>\n<meta property=\"og:image\" content=\"https:\/\/franciscanos.org.br\/noticias\/wp-content\/uploads\/2024\/07\/PAPA-CHAMADA-2.jpg\" \/>\n\t<meta property=\"og:image:width\" content=\"800\" \/>\n\t<meta property=\"og:image:height\" content=\"550\" \/>\n\t<meta property=\"og:image:type\" content=\"image\/jpeg\" \/>\n<meta name=\"author\" content=\"Adriana Rabelo\" \/>\n<meta name=\"twitter:card\" content=\"summary_large_image\" \/>\n<meta name=\"twitter:label1\" content=\"Escrito por\" \/>\n\t<meta name=\"twitter:data1\" content=\"Adriana Rabelo\" \/>\n\t<meta name=\"twitter:label2\" content=\"Est. tempo de leitura\" \/>\n\t<meta name=\"twitter:data2\" content=\"2 minutos\" \/>\n<script type=\"application\/ld+json\" class=\"yoast-schema-graph\">{\"@context\":\"https:\/\/schema.org\",\"@graph\":[{\"@type\":\"WebSite\",\"@id\":\"https:\/\/franciscanos.org.br\/noticias\/#website\",\"url\":\"https:\/\/franciscanos.org.br\/noticias\/\",\"name\":\"Not\u00edcias - Franciscanos\",\"description\":\"Prov\u00edncia Franciscana da Imaculada Concei\u00e7\u00e3o do Brasil - Ordem dos Frades Menores - OFM\",\"potentialAction\":[{\"@type\":\"SearchAction\",\"target\":{\"@type\":\"EntryPoint\",\"urlTemplate\":\"https:\/\/franciscanos.org.br\/noticias\/?s={search_term_string}\"},\"query-input\":\"required name=search_term_string\"}],\"inLanguage\":\"pt-BR\"},{\"@type\":\"ImageObject\",\"inLanguage\":\"pt-BR\",\"@id\":\"https:\/\/franciscanos.org.br\/noticias\/todas-audiencias-do-papa-ficam-suspensas-em-julho-com-a-pausa-de-verao.html#primaryimage\",\"url\":\"https:\/\/franciscanos.org.br\/noticias\/wp-content\/uploads\/2024\/07\/PAPA-CHAMADA-2.jpg\",\"contentUrl\":\"https:\/\/franciscanos.org.br\/noticias\/wp-content\/uploads\/2024\/07\/PAPA-CHAMADA-2.jpg\",\"width\":800,\"height\":550},{\"@type\":\"WebPage\",\"@id\":\"https:\/\/franciscanos.org.br\/noticias\/todas-audiencias-do-papa-ficam-suspensas-em-julho-com-a-pausa-de-verao.html#webpage\",\"url\":\"https:\/\/franciscanos.org.br\/noticias\/todas-audiencias-do-papa-ficam-suspensas-em-julho-com-a-pausa-de-verao.html\",\"name\":\"Todas audi\u00eancias do Papa ficam suspensas em julho com a pausa de ver\u00e3o - Not\u00edcias - Franciscanos\",\"isPartOf\":{\"@id\":\"https:\/\/franciscanos.org.br\/noticias\/#website\"},\"primaryImageOfPage\":{\"@id\":\"https:\/\/franciscanos.org.br\/noticias\/todas-audiencias-do-papa-ficam-suspensas-em-julho-com-a-pausa-de-verao.html#primaryimage\"},\"datePublished\":\"2024-07-03T11:47:19+00:00\",\"dateModified\":\"2024-07-03T12:08:40+00:00\",\"author\":{\"@id\":\"https:\/\/franciscanos.org.br\/noticias\/#\/schema\/person\/d9422e83121c3ad3b0f423d195f5bb25\"},\"breadcrumb\":{\"@id\":\"https:\/\/franciscanos.org.br\/noticias\/todas-audiencias-do-papa-ficam-suspensas-em-julho-com-a-pausa-de-verao.html#breadcrumb\"},\"inLanguage\":\"pt-BR\",\"potentialAction\":[{\"@type\":\"ReadAction\",\"target\":[\"https:\/\/franciscanos.org.br\/noticias\/todas-audiencias-do-papa-ficam-suspensas-em-julho-com-a-pausa-de-verao.html\"]}]},{\"@type\":\"BreadcrumbList\",\"@id\":\"https:\/\/franciscanos.org.br\/noticias\/todas-audiencias-do-papa-ficam-suspensas-em-julho-com-a-pausa-de-verao.html#breadcrumb\",\"itemListElement\":[{\"@type\":\"ListItem\",\"position\":1,\"name\":\"Home\",\"item\":\"https:\/\/franciscanos.org.br\/noticias\"},{\"@type\":\"ListItem\",\"position\":2,\"name\":\"Todas audi\u00eancias do Papa ficam suspensas em julho com a pausa de ver\u00e3o\"}]},{\"@type\":\"Person\",\"@id\":\"https:\/\/franciscanos.org.br\/noticias\/#\/schema\/person\/d9422e83121c3ad3b0f423d195f5bb25\",\"name\":\"Adriana Rabelo\",\"image\":{\"@type\":\"ImageObject\",\"inLanguage\":\"pt-BR\",\"@id\":\"https:\/\/franciscanos.org.br\/noticias\/#\/schema\/person\/image\/\",\"url\":\"https:\/\/secure.gravatar.com\/avatar\/0a937b7500cd7df77540cfb8bede877d?s=96&d=mm&r=g\",\"contentUrl\":\"https:\/\/secure.gravatar.com\/avatar\/0a937b7500cd7df77540cfb8bede877d?s=96&d=mm&r=g\",\"caption\":\"Adriana Rabelo\"},\"url\":\"https:\/\/franciscanos.org.br\/noticias\/author\/adrianarabelo\"}]}<\/script>\n<!-- \/ Yoast SEO plugin. -->","yoast_head_json":{"title":"Todas audi\u00eancias do Papa ficam suspensas em julho com a pausa de ver\u00e3o - Not\u00edcias - Franciscanos","robots":{"index":"index","follow":"follow","max-snippet":"max-snippet:-1","max-image-preview":"max-image-preview:large","max-video-preview":"max-video-preview:-1"},"canonical":"https:\/\/franciscanos.org.br\/noticias\/todas-audiencias-do-papa-ficam-suspensas-em-julho-com-a-pausa-de-verao.html","og_locale":"pt_BR","og_type":"article","og_title":"Todas audi\u00eancias do Papa ficam suspensas em julho com a pausa de ver\u00e3o - Not\u00edcias - Franciscanos","og_description":"Audi\u00eancias ser\u00e3o retomadas no dia 7 de agosto","og_url":"https:\/\/franciscanos.org.br\/noticias\/todas-audiencias-do-papa-ficam-suspensas-em-julho-com-a-pausa-de-verao.html","og_site_name":"Not\u00edcias - Franciscanos","article_published_time":"2024-07-03T11:47:19+00:00","article_modified_time":"2024-07-03T12:08:40+00:00","og_image":[{"width":800,"height":550,"url":"https:\/\/franciscanos.org.br\/noticias\/wp-content\/uploads\/2024\/07\/PAPA-CHAMADA-2.jpg","type":"image\/jpeg"}],"author":"Adriana Rabelo","twitter_card":"summary_large_image","twitter_misc":{"Escrito por":"Adriana Rabelo","Est. tempo de leitura":"2 minutos"},"schema":{"@context":"https:\/\/schema.org","@graph":[{"@type":"WebSite","@id":"https:\/\/franciscanos.org.br\/noticias\/#website","url":"https:\/\/franciscanos.org.br\/noticias\/","name":"Not\u00edcias - Franciscanos","description":"Prov\u00edncia Franciscana da Imaculada Concei\u00e7\u00e3o do Brasil - Ordem dos Frades Menores - OFM","potentialAction":[{"@type":"SearchAction","target":{"@type":"EntryPoint","urlTemplate":"https:\/\/franciscanos.org.br\/noticias\/?s={search_term_string}"},"query-input":"required name=search_term_string"}],"inLanguage":"pt-BR"},{"@type":"ImageObject","inLanguage":"pt-BR","@id":"https:\/\/franciscanos.org.br\/noticias\/todas-audiencias-do-papa-ficam-suspensas-em-julho-com-a-pausa-de-verao.html#primaryimage","url":"https:\/\/franciscanos.org.br\/noticias\/wp-content\/uploads\/2024\/07\/PAPA-CHAMADA-2.jpg","contentUrl":"https:\/\/franciscanos.org.br\/noticias\/wp-content\/uploads\/2024\/07\/PAPA-CHAMADA-2.jpg","width":800,"height":550},{"@type":"WebPage","@id":"https:\/\/franciscanos.org.br\/noticias\/todas-audiencias-do-papa-ficam-suspensas-em-julho-com-a-pausa-de-verao.html#webpage","url":"https:\/\/franciscanos.org.br\/noticias\/todas-audiencias-do-papa-ficam-suspensas-em-julho-com-a-pausa-de-verao.html","name":"Todas audi\u00eancias do Papa ficam suspensas em julho com a pausa de ver\u00e3o - Not\u00edcias - Franciscanos","isPartOf":{"@id":"https:\/\/franciscanos.org.br\/noticias\/#website"},"primaryImageOfPage":{"@id":"https:\/\/franciscanos.org.br\/noticias\/todas-audiencias-do-papa-ficam-suspensas-em-julho-com-a-pausa-de-verao.html#primaryimage"},"datePublished":"2024-07-03T11:47:19+00:00","dateModified":"2024-07-03T12:08:40+00:00","author":{"@id":"https:\/\/franciscanos.org.br\/noticias\/#\/schema\/person\/d9422e83121c3ad3b0f423d195f5bb25"},"breadcrumb":{"@id":"https:\/\/franciscanos.org.br\/noticias\/todas-audiencias-do-papa-ficam-suspensas-em-julho-com-a-pausa-de-verao.html#breadcrumb"},"inLanguage":"pt-BR","potentialAction":[{"@type":"ReadAction","target":["https:\/\/franciscanos.org.br\/noticias\/todas-audiencias-do-papa-ficam-suspensas-em-julho-com-a-pausa-de-verao.html"]}]},{"@type":"BreadcrumbList","@id":"https:\/\/franciscanos.org.br\/noticias\/todas-audiencias-do-papa-ficam-suspensas-em-julho-com-a-pausa-de-verao.html#breadcrumb","itemListElement":[{"@type":"ListItem","position":1,"name":"Home","item":"https:\/\/franciscanos.org.br\/noticias"},{"@type":"ListItem","position":2,"name":"Todas audi\u00eancias do Papa ficam suspensas em julho com a pausa de ver\u00e3o"}]},{"@type":"Person","@id":"https:\/\/franciscanos.org.br\/noticias\/#\/schema\/person\/d9422e83121c3ad3b0f423d195f5bb25","name":"Adriana Rabelo","image":{"@type":"ImageObject","inLanguage":"pt-BR","@id":"https:\/\/franciscanos.org.br\/noticias\/#\/schema\/person\/image\/","url":"https:\/\/secure.gravatar.com\/avatar\/0a937b7500cd7df77540cfb8bede877d?s=96&d=mm&r=g","contentUrl":"https:\/\/secure.gravatar.com\/avatar\/0a937b7500cd7df77540cfb8bede877d?s=96&d=mm&r=g","caption":"Adriana Rabelo"},"url":"https:\/\/franciscanos.org.br\/noticias\/author\/adrianarabelo"}]}},"_links":{"self":[{"href":"https:\/\/franciscanos.org.br\/noticias\/wp-json\/wp\/v2\/posts\/248854"}],"collection":[{"href":"https:\/\/franciscanos.org.br\/noticias\/wp-json\/wp\/v2\/posts"}],"about":[{"href":"https:\/\/franciscanos.org.br\/noticias\/wp-json\/wp\/v2\/types\/post"}],"author":[{"embeddable":true,"href":"https:\/\/franciscanos.org.br\/noticias\/wp-json\/wp\/v2\/users\/11"}],"replies":[{"embeddable":true,"href":"https:\/\/franciscanos.org.br\/noticias\/wp-json\/wp\/v2\/comments?post=248854"}],"version-history":[{"count":3,"href":"https:\/\/franciscanos.org.br\/noticias\/wp-json\/wp\/v2\/posts\/248854\/revisions"}],"predecessor-version":[{"id":248857,"href":"https:\/\/franciscanos.org.br\/noticias\/wp-json\/wp\/v2\/posts\/248854\/revisions\/248857"}],"wp:featuredmedia":[{"embeddable":true,"href":"https:\/\/franciscanos.org.br\/noticias\/wp-json\/wp\/v2\/media\/248859"}],"wp:attachment":[{"href":"https:\/\/franciscanos.org.br\/noticias\/wp-json\/wp\/v2\/media?parent=248854"}],"wp:term":[{"taxonomy":"category","embeddable":true,"href":"https:\/\/franciscanos.org.br\/noticias\/wp-json\/wp\/v2\/categories?post=248854"},{"taxonomy":"post_tag","embeddable":true,"href":"https:\/\/franciscanos.org.br\/noticias\/wp-json\/wp\/v2\/tags?post=248854"}],"curies":[{"name":"wp","href":"https:\/\/api.w.org\/{rel}","templated":true}]}}