{"id":248844,"date":"2024-06-27T12:13:35","date_gmt":"2024-06-27T15:13:35","guid":{"rendered":"https:\/\/franciscanos.org.br\/noticias\/?p=248844"},"modified":"2024-07-02T14:09:27","modified_gmt":"2024-07-02T17:09:27","slug":"poder-descontrolado-sobre-a-natureza-gera-monstros-adverte-o-papa","status":"publish","type":"post","link":"https:\/\/franciscanos.org.br\/noticias\/poder-descontrolado-sobre-a-natureza-gera-monstros-adverte-o-papa.html","title":{"rendered":"Poder descontrolado sobre a natureza gera monstros, adverte o Papa"},"content":{"rendered":"<div><img loading=\"lazy\" class=\"aligncenter wp-image-248845 size-full\" src=\"https:\/\/franciscanos.org.br\/noticias\/wp-content\/uploads\/2024\/07\/cq5dam.thumbnail.cropped.750.422.jpeg\" alt=\"\" width=\"750\" height=\"422\" srcset=\"https:\/\/franciscanos.org.br\/noticias\/wp-content\/uploads\/2024\/07\/cq5dam.thumbnail.cropped.750.422.jpeg 750w, https:\/\/franciscanos.org.br\/noticias\/wp-content\/uploads\/2024\/07\/cq5dam.thumbnail.cropped.750.422-450x253.jpeg 450w, https:\/\/franciscanos.org.br\/noticias\/wp-content\/uploads\/2024\/07\/cq5dam.thumbnail.cropped.750.422-150x84.jpeg 150w\" sizes=\"(max-width: 750px) 100vw, 750px\" \/><\/div>\n<div class=\"article__subTitle\" style=\"text-align: center;\"><em>Para o Dia Mundial de Ora\u00e7\u00e3o pelo Cuidado da Cria\u00e7\u00e3o, Francisco prop\u00f5e repensar a quest\u00e3o do poder humano, do seu significado e dos seus limites, &#8220;pois um poder descontrolado gera monstros e volta-se contra n\u00f3s mesmos&#8221;.<\/em><\/div>\n<div><\/div>\n<div class=\"article__text\">\n<p>&#8220;Espera e age com a cria\u00e7\u00e3o&#8221; \u00e9 o tema do Dia de Ora\u00e7\u00e3o pelo Cuidado da Cria\u00e7\u00e3o, que se realizar\u00e1 no pr\u00f3ximo 1 de setembro.<\/p>\n<p>A\u00a0mensagem do Papa\u00a0para a ocasi\u00e3o foi divulgada esta quinta-feira (27\/06), e refere-se \u00e0 Carta de S\u00e3o Paulo aos Romanos 8, 19-25. O Ap\u00f3stolo, ao esclarecer o significado de viver segundo o Esp\u00edrito, concentra-se na esperan\u00e7a firme da salva\u00e7\u00e3o pela f\u00e9, que \u00e9 vida nova em Cristo.<\/p>\n<p>Para Francisco, a esperan\u00e7a \u00e9 a possibilidade de permanecer firme no meio das adversidades, de n\u00e3o desanimar nos momentos de tribula\u00e7\u00e3o ou diante da barb\u00e1rie humana.<\/p>\n<p>A esperan\u00e7a crist\u00e3 n\u00e3o desilude, mas tamb\u00e9m n\u00e3o ilude, ressalva o Papa. A cria\u00e7\u00e3o geme e o vemos atrav\u00e9s de tanta injusti\u00e7a, tantas guerras fratricidas que provocam a morte de crian\u00e7as, destroem cidades, poluem o ambiente em que vive o homem.<\/p>\n<p>A luta moral dos crist\u00e3os est\u00e1 ligada ao \u201cgemido\u201d da cria\u00e7\u00e3o, que est\u00e1 sujeita \u00e0 dissolu\u00e7\u00e3o e \u00e0 morte, agravadas pelos abusos humanos sobre a natureza.<\/p>\n<p>Por isso, permanece v\u00e1lido o convite \u00e0 convers\u00e3o dos estilos de vida, a resistir \u00e0 degrada\u00e7\u00e3o humana do meio ambiente e a manifestar aquela cr\u00edtica social que \u00e9, em primeiro lugar, testemunho da possibilidade de mudan\u00e7a.<\/p>\n<p>Esta convers\u00e3o, explica Francisco, consiste em passar da arrog\u00e2ncia de quem quer dominar os outros e a natureza \u00e0 humildade de quem cuida dos outros e da cria\u00e7\u00e3o. E cita a famosa frase da Exorta\u00e7\u00e3o Apost\u00f3lica Laudate Deum: \u201cUm ser humano que pretenda tomar o lugar de Deus torna-se o pior perigo para si mesmo\u201d.<\/p>\n<p>O Papa prop\u00f5e que se repense a quest\u00e3o do poder humano, do seu significado e dos seus limites, pois um poder descontrolado gera monstros e volta-se contra n\u00f3s mesmos.<\/p>\n<p>O Pont\u00edfice volta a afirmar que \u00e9 urgente colocar limites \u00e9ticos ao desenvolvimento da intelig\u00eancia artificial, que com a sua capacidade de c\u00e1lculo e de simula\u00e7\u00e3o poderia ser utilizada para dominar o homem e a natureza, em vez de estar ao servi\u00e7o da paz e do desenvolvimento integral.<\/p>\n<p>De \u201cpredador\u201d, portanto, o homem deve ser \u201ccultivador\u201d do jardim. J\u00e1 a tradi\u00e7\u00e3o judaico-crist\u00e3 recorda que terra est\u00e1 confiada ao homem, mas continua a ser de Deus. Por isso, pretender possuir e dominar a natureza, manipulando-a a seu bel-prazer, \u00e9 uma forma de idolatria.<\/p>\n<p>\u201c\u00c9 o homem embriagado com o seu pr\u00f3prio poder tecnocr\u00e1tico, que com arrog\u00e2ncia coloca a terra numa condi\u00e7\u00e3o de \u2018des-gra\u00e7a\u2019, isto \u00e9, privada da gra\u00e7a de Deus\u201d, escreve Francisco.<\/p>\n<p>Por conseguinte, a salvaguarda da cria\u00e7\u00e3o n\u00e3o \u00e9 apenas uma quest\u00e3o \u00e9tica, mas \u00e9 eminentemente teol\u00f3gica: diz respeito ao entrela\u00e7amento entre o mist\u00e9rio do homem e o mist\u00e9rio de Deus. Nesta hist\u00f3ria, n\u00e3o est\u00e1 em jogo apenas a vida terrena do homem, est\u00e1 sobretudo em jogo o seu destino na eternidade.<\/p>\n<p>O Papa recorda que h\u00e1 uma motiva\u00e7\u00e3o transcendente (teol\u00f3gico-\u00e9tica) que compromete o crist\u00e3o a promover a justi\u00e7a e a paz no mundo, tamb\u00e9m atrav\u00e9s do destino universal dos bens.<\/p>\n<p>Esperar e agir com a cria\u00e7\u00e3o significa, ent\u00e3o, viver uma f\u00e9 encarnada, que sabe entrar na carne sofredora e esperan\u00e7osa das pessoas, partilhando a expectativa da ressurrei\u00e7\u00e3o corporal a que os fi\u00e9is est\u00e3o predestinados em Cristo.<\/p>\n<p>\u00c9 no interior dos dramas da carne humana que sofre que a esperan\u00e7a deve ser testemunhada. E se algu\u00e9m sonha, afirma Francisco, \u201cent\u00e3o que sonhe com os olhos abertos, animados por vis\u00f5es de amor, fraternidade, amizade e justi\u00e7a para todos\u201d.<\/p>\n<p><a href=\"https:\/\/franciscanos.org.br\/banca\/wp-content\/uploads\/2024\/07\/MENSAGEM-PAPA-CRIACAO.pdf\"><strong>Confira a mensagem do Papa Francisco<\/strong><\/a><\/p>\n<hr \/>\n<p><em>Texto originalmente retirado de: <a href=\"https:\/\/www.vaticannews.va\/pt\/papa\/news\/2024-06\/mensagem-papa-francisco-dia-oracao-cuidado-criacao-2024.html\">https:\/\/www.vaticannews.va\/pt\/papa\/news\/2024-06\/mensagem-papa-francisco-dia-oracao-cuidado-criacao-2024.html<\/a><\/em><\/p>\n<\/div>\n","protected":false},"excerpt":{"rendered":"<p>&#8220;um poder descontrolado gera monstros e volta-se contra n\u00f3s mesmos&#8221;.<\/p>\n","protected":false},"author":10,"featured_media":248846,"comment_status":"open","ping_status":"open","sticky":false,"template":"","format":"standard","meta":[],"categories":[1],"tags":[1390,1229,55],"acf":[],"yoast_head":"<!-- This site is optimized with the Yoast SEO plugin v19.2 - https:\/\/yoast.com\/wordpress\/plugins\/seo\/ -->\n<title>Poder descontrolado sobre a natureza gera monstros, adverte o Papa - Not\u00edcias - Franciscanos<\/title>\n<meta name=\"robots\" content=\"index, follow, max-snippet:-1, max-image-preview:large, max-video-preview:-1\" \/>\n<link rel=\"canonical\" href=\"https:\/\/franciscanos.org.br\/noticias\/poder-descontrolado-sobre-a-natureza-gera-monstros-adverte-o-papa.html\" \/>\n<meta property=\"og:locale\" content=\"pt_BR\" \/>\n<meta property=\"og:type\" content=\"article\" \/>\n<meta property=\"og:title\" content=\"Poder descontrolado sobre a natureza gera monstros, adverte o Papa - Not\u00edcias - Franciscanos\" \/>\n<meta property=\"og:description\" content=\"&quot;um poder descontrolado gera monstros e volta-se contra n\u00f3s mesmos&quot;.\" \/>\n<meta property=\"og:url\" content=\"https:\/\/franciscanos.org.br\/noticias\/poder-descontrolado-sobre-a-natureza-gera-monstros-adverte-o-papa.html\" \/>\n<meta property=\"og:site_name\" content=\"Not\u00edcias - Franciscanos\" \/>\n<meta property=\"article:published_time\" content=\"2024-06-27T15:13:35+00:00\" \/>\n<meta property=\"article:modified_time\" content=\"2024-07-02T17:09:27+00:00\" \/>\n<meta property=\"og:image\" content=\"https:\/\/franciscanos.org.br\/noticias\/wp-content\/uploads\/2024\/07\/Sem-Titulo-1.jpg\" \/>\n\t<meta property=\"og:image:width\" content=\"800\" \/>\n\t<meta property=\"og:image:height\" content=\"550\" \/>\n\t<meta property=\"og:image:type\" content=\"image\/jpeg\" \/>\n<meta name=\"author\" content=\"Jo\u00e3o Vitor\" \/>\n<meta name=\"twitter:card\" content=\"summary_large_image\" \/>\n<meta name=\"twitter:label1\" content=\"Escrito por\" \/>\n\t<meta name=\"twitter:data1\" content=\"Jo\u00e3o Vitor\" \/>\n\t<meta name=\"twitter:label2\" content=\"Est. tempo de leitura\" \/>\n\t<meta name=\"twitter:data2\" content=\"3 minutos\" \/>\n<script type=\"application\/ld+json\" class=\"yoast-schema-graph\">{\"@context\":\"https:\/\/schema.org\",\"@graph\":[{\"@type\":\"WebSite\",\"@id\":\"https:\/\/franciscanos.org.br\/noticias\/#website\",\"url\":\"https:\/\/franciscanos.org.br\/noticias\/\",\"name\":\"Not\u00edcias - Franciscanos\",\"description\":\"Prov\u00edncia Franciscana da Imaculada Concei\u00e7\u00e3o do Brasil - Ordem dos Frades Menores - OFM\",\"potentialAction\":[{\"@type\":\"SearchAction\",\"target\":{\"@type\":\"EntryPoint\",\"urlTemplate\":\"https:\/\/franciscanos.org.br\/noticias\/?s={search_term_string}\"},\"query-input\":\"required name=search_term_string\"}],\"inLanguage\":\"pt-BR\"},{\"@type\":\"ImageObject\",\"inLanguage\":\"pt-BR\",\"@id\":\"https:\/\/franciscanos.org.br\/noticias\/poder-descontrolado-sobre-a-natureza-gera-monstros-adverte-o-papa.html#primaryimage\",\"url\":\"https:\/\/franciscanos.org.br\/noticias\/wp-content\/uploads\/2024\/07\/Sem-Titulo-1.jpg\",\"contentUrl\":\"https:\/\/franciscanos.org.br\/noticias\/wp-content\/uploads\/2024\/07\/Sem-Titulo-1.jpg\",\"width\":800,\"height\":550},{\"@type\":\"WebPage\",\"@id\":\"https:\/\/franciscanos.org.br\/noticias\/poder-descontrolado-sobre-a-natureza-gera-monstros-adverte-o-papa.html#webpage\",\"url\":\"https:\/\/franciscanos.org.br\/noticias\/poder-descontrolado-sobre-a-natureza-gera-monstros-adverte-o-papa.html\",\"name\":\"Poder descontrolado sobre a natureza gera monstros, adverte o Papa - Not\u00edcias - Franciscanos\",\"isPartOf\":{\"@id\":\"https:\/\/franciscanos.org.br\/noticias\/#website\"},\"primaryImageOfPage\":{\"@id\":\"https:\/\/franciscanos.org.br\/noticias\/poder-descontrolado-sobre-a-natureza-gera-monstros-adverte-o-papa.html#primaryimage\"},\"datePublished\":\"2024-06-27T15:13:35+00:00\",\"dateModified\":\"2024-07-02T17:09:27+00:00\",\"author\":{\"@id\":\"https:\/\/franciscanos.org.br\/noticias\/#\/schema\/person\/8c11f06a466b856a11dd48d20600055f\"},\"breadcrumb\":{\"@id\":\"https:\/\/franciscanos.org.br\/noticias\/poder-descontrolado-sobre-a-natureza-gera-monstros-adverte-o-papa.html#breadcrumb\"},\"inLanguage\":\"pt-BR\",\"potentialAction\":[{\"@type\":\"ReadAction\",\"target\":[\"https:\/\/franciscanos.org.br\/noticias\/poder-descontrolado-sobre-a-natureza-gera-monstros-adverte-o-papa.html\"]}]},{\"@type\":\"BreadcrumbList\",\"@id\":\"https:\/\/franciscanos.org.br\/noticias\/poder-descontrolado-sobre-a-natureza-gera-monstros-adverte-o-papa.html#breadcrumb\",\"itemListElement\":[{\"@type\":\"ListItem\",\"position\":1,\"name\":\"Home\",\"item\":\"https:\/\/franciscanos.org.br\/noticias\"},{\"@type\":\"ListItem\",\"position\":2,\"name\":\"Poder descontrolado sobre a natureza gera monstros, adverte o Papa\"}]},{\"@type\":\"Person\",\"@id\":\"https:\/\/franciscanos.org.br\/noticias\/#\/schema\/person\/8c11f06a466b856a11dd48d20600055f\",\"name\":\"Jo\u00e3o Vitor\",\"image\":{\"@type\":\"ImageObject\",\"inLanguage\":\"pt-BR\",\"@id\":\"https:\/\/franciscanos.org.br\/noticias\/#\/schema\/person\/image\/\",\"url\":\"https:\/\/secure.gravatar.com\/avatar\/10ba5c9713e0c323617b4309a19e3a46?s=96&d=mm&r=g\",\"contentUrl\":\"https:\/\/secure.gravatar.com\/avatar\/10ba5c9713e0c323617b4309a19e3a46?s=96&d=mm&r=g\",\"caption\":\"Jo\u00e3o Vitor\"},\"url\":\"https:\/\/franciscanos.org.br\/noticias\/author\/joaovitor\"}]}<\/script>\n<!-- \/ Yoast SEO plugin. -->","yoast_head_json":{"title":"Poder descontrolado sobre a natureza gera monstros, adverte o Papa - Not\u00edcias - Franciscanos","robots":{"index":"index","follow":"follow","max-snippet":"max-snippet:-1","max-image-preview":"max-image-preview:large","max-video-preview":"max-video-preview:-1"},"canonical":"https:\/\/franciscanos.org.br\/noticias\/poder-descontrolado-sobre-a-natureza-gera-monstros-adverte-o-papa.html","og_locale":"pt_BR","og_type":"article","og_title":"Poder descontrolado sobre a natureza gera monstros, adverte o Papa - Not\u00edcias - Franciscanos","og_description":"\"um poder descontrolado gera monstros e volta-se contra n\u00f3s mesmos\".","og_url":"https:\/\/franciscanos.org.br\/noticias\/poder-descontrolado-sobre-a-natureza-gera-monstros-adverte-o-papa.html","og_site_name":"Not\u00edcias - Franciscanos","article_published_time":"2024-06-27T15:13:35+00:00","article_modified_time":"2024-07-02T17:09:27+00:00","og_image":[{"width":800,"height":550,"url":"https:\/\/franciscanos.org.br\/noticias\/wp-content\/uploads\/2024\/07\/Sem-Titulo-1.jpg","type":"image\/jpeg"}],"author":"Jo\u00e3o Vitor","twitter_card":"summary_large_image","twitter_misc":{"Escrito por":"Jo\u00e3o Vitor","Est. tempo de leitura":"3 minutos"},"schema":{"@context":"https:\/\/schema.org","@graph":[{"@type":"WebSite","@id":"https:\/\/franciscanos.org.br\/noticias\/#website","url":"https:\/\/franciscanos.org.br\/noticias\/","name":"Not\u00edcias - Franciscanos","description":"Prov\u00edncia Franciscana da Imaculada Concei\u00e7\u00e3o do Brasil - Ordem dos Frades Menores - OFM","potentialAction":[{"@type":"SearchAction","target":{"@type":"EntryPoint","urlTemplate":"https:\/\/franciscanos.org.br\/noticias\/?s={search_term_string}"},"query-input":"required name=search_term_string"}],"inLanguage":"pt-BR"},{"@type":"ImageObject","inLanguage":"pt-BR","@id":"https:\/\/franciscanos.org.br\/noticias\/poder-descontrolado-sobre-a-natureza-gera-monstros-adverte-o-papa.html#primaryimage","url":"https:\/\/franciscanos.org.br\/noticias\/wp-content\/uploads\/2024\/07\/Sem-Titulo-1.jpg","contentUrl":"https:\/\/franciscanos.org.br\/noticias\/wp-content\/uploads\/2024\/07\/Sem-Titulo-1.jpg","width":800,"height":550},{"@type":"WebPage","@id":"https:\/\/franciscanos.org.br\/noticias\/poder-descontrolado-sobre-a-natureza-gera-monstros-adverte-o-papa.html#webpage","url":"https:\/\/franciscanos.org.br\/noticias\/poder-descontrolado-sobre-a-natureza-gera-monstros-adverte-o-papa.html","name":"Poder descontrolado sobre a natureza gera monstros, adverte o Papa - Not\u00edcias - Franciscanos","isPartOf":{"@id":"https:\/\/franciscanos.org.br\/noticias\/#website"},"primaryImageOfPage":{"@id":"https:\/\/franciscanos.org.br\/noticias\/poder-descontrolado-sobre-a-natureza-gera-monstros-adverte-o-papa.html#primaryimage"},"datePublished":"2024-06-27T15:13:35+00:00","dateModified":"2024-07-02T17:09:27+00:00","author":{"@id":"https:\/\/franciscanos.org.br\/noticias\/#\/schema\/person\/8c11f06a466b856a11dd48d20600055f"},"breadcrumb":{"@id":"https:\/\/franciscanos.org.br\/noticias\/poder-descontrolado-sobre-a-natureza-gera-monstros-adverte-o-papa.html#breadcrumb"},"inLanguage":"pt-BR","potentialAction":[{"@type":"ReadAction","target":["https:\/\/franciscanos.org.br\/noticias\/poder-descontrolado-sobre-a-natureza-gera-monstros-adverte-o-papa.html"]}]},{"@type":"BreadcrumbList","@id":"https:\/\/franciscanos.org.br\/noticias\/poder-descontrolado-sobre-a-natureza-gera-monstros-adverte-o-papa.html#breadcrumb","itemListElement":[{"@type":"ListItem","position":1,"name":"Home","item":"https:\/\/franciscanos.org.br\/noticias"},{"@type":"ListItem","position":2,"name":"Poder descontrolado sobre a natureza gera monstros, adverte o Papa"}]},{"@type":"Person","@id":"https:\/\/franciscanos.org.br\/noticias\/#\/schema\/person\/8c11f06a466b856a11dd48d20600055f","name":"Jo\u00e3o Vitor","image":{"@type":"ImageObject","inLanguage":"pt-BR","@id":"https:\/\/franciscanos.org.br\/noticias\/#\/schema\/person\/image\/","url":"https:\/\/secure.gravatar.com\/avatar\/10ba5c9713e0c323617b4309a19e3a46?s=96&d=mm&r=g","contentUrl":"https:\/\/secure.gravatar.com\/avatar\/10ba5c9713e0c323617b4309a19e3a46?s=96&d=mm&r=g","caption":"Jo\u00e3o Vitor"},"url":"https:\/\/franciscanos.org.br\/noticias\/author\/joaovitor"}]}},"_links":{"self":[{"href":"https:\/\/franciscanos.org.br\/noticias\/wp-json\/wp\/v2\/posts\/248844"}],"collection":[{"href":"https:\/\/franciscanos.org.br\/noticias\/wp-json\/wp\/v2\/posts"}],"about":[{"href":"https:\/\/franciscanos.org.br\/noticias\/wp-json\/wp\/v2\/types\/post"}],"author":[{"embeddable":true,"href":"https:\/\/franciscanos.org.br\/noticias\/wp-json\/wp\/v2\/users\/10"}],"replies":[{"embeddable":true,"href":"https:\/\/franciscanos.org.br\/noticias\/wp-json\/wp\/v2\/comments?post=248844"}],"version-history":[{"count":5,"href":"https:\/\/franciscanos.org.br\/noticias\/wp-json\/wp\/v2\/posts\/248844\/revisions"}],"predecessor-version":[{"id":248851,"href":"https:\/\/franciscanos.org.br\/noticias\/wp-json\/wp\/v2\/posts\/248844\/revisions\/248851"}],"wp:featuredmedia":[{"embeddable":true,"href":"https:\/\/franciscanos.org.br\/noticias\/wp-json\/wp\/v2\/media\/248846"}],"wp:attachment":[{"href":"https:\/\/franciscanos.org.br\/noticias\/wp-json\/wp\/v2\/media?parent=248844"}],"wp:term":[{"taxonomy":"category","embeddable":true,"href":"https:\/\/franciscanos.org.br\/noticias\/wp-json\/wp\/v2\/categories?post=248844"},{"taxonomy":"post_tag","embeddable":true,"href":"https:\/\/franciscanos.org.br\/noticias\/wp-json\/wp\/v2\/tags?post=248844"}],"curies":[{"name":"wp","href":"https:\/\/api.w.org\/{rel}","templated":true}]}}