{"id":248771,"date":"2024-07-01T15:41:03","date_gmt":"2024-07-01T18:41:03","guid":{"rendered":"https:\/\/franciscanos.org.br\/noticias\/?p=248771"},"modified":"2024-07-01T16:41:03","modified_gmt":"2024-07-01T19:41:03","slug":"benfeitores-do-pvf-participam-de-retiro-em-agudos","status":"publish","type":"post","link":"https:\/\/franciscanos.org.br\/noticias\/benfeitores-do-pvf-participam-de-retiro-em-agudos.html","title":{"rendered":"Benfeitores do PVF participam de retiro em Agudos"},"content":{"rendered":"<div><\/div>\n<div><\/div>\n<div><img loading=\"lazy\" class=\"aligncenter wp-image-248827 size-full\" src=\"https:\/\/franciscanos.org.br\/noticias\/wp-content\/uploads\/2024\/07\/AGUDOS-30-scaled.jpg\" alt=\"\" width=\"1774\" height=\"1080\" srcset=\"https:\/\/franciscanos.org.br\/noticias\/wp-content\/uploads\/2024\/07\/AGUDOS-30-scaled.jpg 1774w, https:\/\/franciscanos.org.br\/noticias\/wp-content\/uploads\/2024\/07\/AGUDOS-30-scaled-450x274.jpg 450w, https:\/\/franciscanos.org.br\/noticias\/wp-content\/uploads\/2024\/07\/AGUDOS-30-scaled-1024x623.jpg 1024w, https:\/\/franciscanos.org.br\/noticias\/wp-content\/uploads\/2024\/07\/AGUDOS-30-scaled-768x468.jpg 768w, https:\/\/franciscanos.org.br\/noticias\/wp-content\/uploads\/2024\/07\/AGUDOS-30-scaled-1536x935.jpg 1536w, https:\/\/franciscanos.org.br\/noticias\/wp-content\/uploads\/2024\/07\/AGUDOS-30-scaled-150x91.jpg 150w\" sizes=\"(max-width: 1774px) 100vw, 1774px\" \/><\/div>\n<div><\/div>\n<div>\n<p>\u201c\u00c9 preciso voltar a Jesus, o amor que eu quero amar\u201d. Este trecho da can\u00e7\u00e3o \u201cO amor n\u00e3o \u00e9 amado\u201d de Frei Beraldo Hanlon, embalou o clima alegre e orante do Retiro para os Benfeitores do Pro-Voca\u00e7\u00f5es e Miss\u00f5es Franciscanas (PVF). Numa bonita tradi\u00e7\u00e3o, essa atividade \u00e9 realizada anualmente com o objetivo de favorecer\u00a0 maior aprofundamento do carisma fundado por Francisco de Assis, voltado \u00e0quelas pessoas que incentivam com ora\u00e7\u00f5es e contribui\u00e7\u00f5es as voca\u00e7\u00f5es franciscanas. Como\u00a0 em todos os anos, o majestoso Semin\u00e1rio Santo Ant\u00f4nio de Agudos (SP) acolheu esses irm\u00e3os entre os dias 28 e 30 de junho.<\/p>\n<\/div>\n<div><\/div>\n<div>\n<p>E o retiro deste ano foi preparado e conduzido pelos colaboradores do PVF e os frades que est\u00e3o neste trabalho: Frei Daniel Dellandrea, Frei Gabriel Dellandrea, Frei Je\u00e2 Paulo Andrade e Frei Robson Scudela. O tema escolhido foi o mesmo do Cap\u00edtulo Provincial que ser\u00e1 em novembro deste ano: \u201cChagados pelo amor, peregrinos da esperan\u00e7a\u201d. A tem\u00e1tica recorda o Jubileu dos 800 anos dos Estigmas de S\u00e3o Francisco. O evento\u00a0 contou com uma programa\u00e7\u00e3o intensa. Na sexta-feira (28), os participantes foram recebidos no semin\u00e1rio com um almo\u00e7o, e no final da tarde todos foram acolhidos pelo Frei Daniel. O frade ressaltou que o trabalho evangelizador da Prov\u00edncia n\u00e3o v\u00ea os benfeitores como \u201cauxiliares\u201d. &#8220;Aqueles que fazem parte da fam\u00edlia do PVF, assim como os frades, s\u00e3o evangelizadores, pois a sua ora\u00e7\u00e3o e apoio s\u00e3o fundamentais na miss\u00e3o&#8221;. Frei Robson elencou os objetivos do Pro-Voca\u00e7\u00f5es e Miss\u00f5es Franciscanas para refor\u00e7ar na mem\u00f3ria este trabalho, apresentando tamb\u00e9m os n\u00fameros de benfeitores. \u201cEsta fam\u00edlia \u00e9 muito grande e voc\u00eas aqui os representam\u201d.<\/p>\n<p><img loading=\"lazy\" class=\"size-medium wp-image-248781 alignright\" src=\"https:\/\/franciscanos.org.br\/noticias\/wp-content\/uploads\/2024\/07\/AGUDOS-6-450x372.jpg\" alt=\"\" width=\"450\" height=\"372\" srcset=\"https:\/\/franciscanos.org.br\/noticias\/wp-content\/uploads\/2024\/07\/AGUDOS-6-450x372.jpg 450w, https:\/\/franciscanos.org.br\/noticias\/wp-content\/uploads\/2024\/07\/AGUDOS-6-1024x845.jpg 1024w, https:\/\/franciscanos.org.br\/noticias\/wp-content\/uploads\/2024\/07\/AGUDOS-6-768x634.jpg 768w, https:\/\/franciscanos.org.br\/noticias\/wp-content\/uploads\/2024\/07\/AGUDOS-6-1536x1268.jpg 1536w, https:\/\/franciscanos.org.br\/noticias\/wp-content\/uploads\/2024\/07\/AGUDOS-6-2048x1691.jpg 2048w, https:\/\/franciscanos.org.br\/noticias\/wp-content\/uploads\/2024\/07\/AGUDOS-6-150x124.jpg 150w, https:\/\/franciscanos.org.br\/noticias\/wp-content\/uploads\/2024\/07\/AGUDOS-6-scaled.jpg 1308w\" sizes=\"(max-width: 450px) 100vw, 450px\" \/><\/p>\n<\/div>\n<div><\/div>\n<div>\n<p>No final do dia, uma celebra\u00e7\u00e3o penitencial ajudou os participantes a ingressarem no clima de recolhimento. Durante a reflex\u00e3o Frei Gabriel recordou que S\u00e3o Francisco de Assis n\u00e3o fez penit\u00eancia uma vez, por\u00e9m, viveu uma vida de penit\u00eancia, conforme afirma em seu testamento. O frade explicou que \u201ccada um de n\u00f3s deve ter essa consci\u00eancia, de que levaremos uma vida de penit\u00eancia, de convers\u00e3o. E a nossa mudan\u00e7a de vida tem um destino: ser mais parecido com Jesus, assim como o foi S\u00e3o Francisco de Assis\u201d.<\/p>\n<\/div>\n<div><\/div>\n<div>\n<p>No s\u00e1bado (29\/06),os participantes iniciaram o dia com o caf\u00e9 da manh\u00e3 e, na sequ\u00eancia, a Celebra\u00e7\u00e3o da Eucaristia, presidida pelo Frei Je\u00e2.\u00a0 Na primeira parte da manh\u00e3, Frei Daniel discorreu sobre o tema escolhido para o retiro. Iniciou com a m\u00fasica de Frei Beraldo e, fazendo uma recorda\u00e7\u00e3o, lembrou que a experi\u00eancia m\u00edstica dos estigmas de S\u00e3o Francisco n\u00e3o foi um fato isolado, mas a completude de toda uma vida dedicada a Jesus. \u201cFrancisco se sentiu profundamente amado pelo Cristo crucificado e quis corresponder a este amor de Jesus. Francisco fez da cruz de Jesus o centro de sua exist\u00eancia. Abra\u00e7ou pobre e humildemente a cruz de Jesus e deixou-se impregnar, arrebatar e transformar totalmente pelo esp\u00edrito do divino amor\u201d \u2013 disse.<\/p>\n<\/div>\n<div><\/div>\n<div>\n<p>Em seguida, diferenciou as palavras \u201cespera\u201d e \u201cesperan\u00e7a\u201d. A primeira traz em si um car\u00e1ter passivo, de quem espera um resultado de exame, por exemplo. A segunda traz em si um sonho e uma luta pelo que se acredita. Afirmou: \u201ca esperan\u00e7a \u00e9 uma dimens\u00e3o fundamental da vida humana, \u00e9 a dimens\u00e3o que faz de nossa vida uma obra inacabada e uma tarefa permanente. A esperan\u00e7a nos desinstala, nos mobiliza, nos p\u00f5e a caminho. A esperan\u00e7a diz respeito \u00e0 nossa transcend\u00eancia, \u00e0 busca constante por ser a melhor vers\u00e3o de n\u00f3s mesmos\u201d.<\/p>\n<\/div>\n<div><\/div>\n<div>\n<p>Na segunda parte da manh\u00e3 frei Je\u00e2 conduziu um momento de partilha. Os participantes foram divididos em grupos para, inspirados na partilha de frei Daniel, observarem os sinais de esperan\u00e7a que temos em nossos tempos. Por\u00e9m, o frade lembrou que \u201cpor outro lado somos marcados por chagas que, diferente das de Francisco, elas n\u00e3o nos causam orgulho por serem fruto de uma caminhada de f\u00e9, mas s\u00e3o machucados que devemos curar\u201d. Assim, os grupos mencionaram as dores e as alegrias dos nossos tempos, numa partilha de vida profunda, emocionante e marcante.<\/p>\n<\/div>\n<div>\n\n\t\t<style type=\"text\/css\">\n\t\t\t#gallery-1 {\n\t\t\t\tmargin: auto;\n\t\t\t}\n\t\t\t#gallery-1 .gallery-item {\n\t\t\t\tfloat: left;\n\t\t\t\tmargin-top: 10px;\n\t\t\t\ttext-align: center;\n\t\t\t\twidth: 33%;\n\t\t\t}\n\t\t\t#gallery-1 img {\n\t\t\t\tborder: 2px solid #cfcfcf;\n\t\t\t}\n\t\t\t#gallery-1 .gallery-caption {\n\t\t\t\tmargin-left: 0;\n\t\t\t}\n\t\t\t\/* see gallery_shortcode() in wp-includes\/media.php *\/\n\t\t<\/style>\n\t\t<div id='gallery-1' class='gallery galleryid-248771 gallery-columns-3 gallery-size-thumbnail'><dl class='gallery-item'>\n\t\t\t<dt class='gallery-icon landscape'>\n\t\t\t\t<a href='https:\/\/franciscanos.org.br\/noticias\/benfeitores-do-pvf-participam-de-retiro-em-agudos.html\/agudos-13'><img width=\"300\" height=\"300\" src=\"https:\/\/franciscanos.org.br\/noticias\/wp-content\/uploads\/2024\/07\/AGUDOS-13-1-300x300.jpg\" class=\"attachment-thumbnail size-thumbnail\" alt=\"\" loading=\"lazy\" srcset=\"https:\/\/franciscanos.org.br\/noticias\/wp-content\/uploads\/2024\/07\/AGUDOS-13-1-300x300.jpg 300w, https:\/\/franciscanos.org.br\/noticias\/wp-content\/uploads\/2024\/07\/AGUDOS-13-1-100x100.jpg 100w\" sizes=\"(max-width: 300px) 100vw, 300px\" \/><\/a>\n\t\t\t<\/dt><\/dl><dl class='gallery-item'>\n\t\t\t<dt class='gallery-icon portrait'>\n\t\t\t\t<a href='https:\/\/franciscanos.org.br\/noticias\/benfeitores-do-pvf-participam-de-retiro-em-agudos.html\/agudos-16'><img width=\"300\" height=\"300\" src=\"https:\/\/franciscanos.org.br\/noticias\/wp-content\/uploads\/2024\/07\/AGUDOS-16-300x300.jpg\" class=\"attachment-thumbnail size-thumbnail\" alt=\"\" loading=\"lazy\" srcset=\"https:\/\/franciscanos.org.br\/noticias\/wp-content\/uploads\/2024\/07\/AGUDOS-16-300x300.jpg 300w, https:\/\/franciscanos.org.br\/noticias\/wp-content\/uploads\/2024\/07\/AGUDOS-16-100x100.jpg 100w\" sizes=\"(max-width: 300px) 100vw, 300px\" \/><\/a>\n\t\t\t<\/dt><\/dl><dl class='gallery-item'>\n\t\t\t<dt class='gallery-icon landscape'>\n\t\t\t\t<a href='https:\/\/franciscanos.org.br\/noticias\/benfeitores-do-pvf-participam-de-retiro-em-agudos.html\/agudos-18'><img width=\"300\" height=\"300\" src=\"https:\/\/franciscanos.org.br\/noticias\/wp-content\/uploads\/2024\/07\/AGUDOS-18-300x300.jpg\" class=\"attachment-thumbnail size-thumbnail\" alt=\"\" loading=\"lazy\" srcset=\"https:\/\/franciscanos.org.br\/noticias\/wp-content\/uploads\/2024\/07\/AGUDOS-18-300x300.jpg 300w, https:\/\/franciscanos.org.br\/noticias\/wp-content\/uploads\/2024\/07\/AGUDOS-18-100x100.jpg 100w\" sizes=\"(max-width: 300px) 100vw, 300px\" \/><\/a>\n\t\t\t<\/dt><\/dl><br style=\"clear: both\" \/>\n\t\t<\/div>\n\n<\/div>\n<div><\/div>\n<div>\n<p>Na parte da tarde os participantes fizeram uma din\u00e2mica. Recebendo pequenos gravetos, fizeram a experi\u00eancia do Santo de Assis de transform\u00e1-los no \u201cviolino de pobre\u201d. E enquanto ouviam a can\u00e7\u00e3o que tem como ponto forte a frase mencionada no in\u00edcio deste texto, de olhos fechados, tamb\u00e9m fizeram a sua ora\u00e7\u00e3o espont\u00e2nea, \u201ctocando\u201d o instrumento. Em seguida, portando consigo os mesmos gravetos, dedicaram-se a um tempo de sil\u00eancio e ora\u00e7\u00e3o pessoal, confeccionando uma cruz com os galhos e barbante. Num gesto simb\u00f3lico, coroaram a tarde com uma atividade que convidou o irm\u00e3o fogo para participar: depositaram suas cruzes numa fogueira, representando assim um rompimento com as chagas, que precisavam ser curadas, que diferentes das de Cristo, s\u00e3o ocasi\u00e3o de dor, n\u00e3o por serem fruto de uma experi\u00eancia de f\u00e9, mas por terem sido provocadas pelos sofrimentos da vida. O Esp\u00edrito Santo foi invocado a fim de que na sua miss\u00e3o de queimar, purificar, aquecer e iluminar pudesse ajudar os participantes a terem os dons necess\u00e1rios para a vida sempre nova. O dia terminou com um momento de devo\u00e7\u00e3o mariana na linda capela do Semin\u00e1rio, rezando pelas voca\u00e7\u00f5es e um festivo bingo com v\u00e1rios pr\u00eamios, que garantiu a alegria de todos.<\/p>\n<\/div>\n<div>\n\n\t\t<style type=\"text\/css\">\n\t\t\t#gallery-2 {\n\t\t\t\tmargin: auto;\n\t\t\t}\n\t\t\t#gallery-2 .gallery-item {\n\t\t\t\tfloat: left;\n\t\t\t\tmargin-top: 10px;\n\t\t\t\ttext-align: center;\n\t\t\t\twidth: 25%;\n\t\t\t}\n\t\t\t#gallery-2 img {\n\t\t\t\tborder: 2px solid #cfcfcf;\n\t\t\t}\n\t\t\t#gallery-2 .gallery-caption {\n\t\t\t\tmargin-left: 0;\n\t\t\t}\n\t\t\t\/* see gallery_shortcode() in wp-includes\/media.php *\/\n\t\t<\/style>\n\t\t<div id='gallery-2' class='gallery galleryid-248771 gallery-columns-4 gallery-size-thumbnail'><dl class='gallery-item'>\n\t\t\t<dt class='gallery-icon landscape'>\n\t\t\t\t<a href='https:\/\/franciscanos.org.br\/noticias\/wp-content\/uploads\/2024\/07\/AGUDOS-12-3-scaled.jpg'><img width=\"300\" height=\"300\" src=\"https:\/\/franciscanos.org.br\/noticias\/wp-content\/uploads\/2024\/07\/AGUDOS-12-3-300x300.jpg\" class=\"attachment-thumbnail size-thumbnail\" alt=\"\" loading=\"lazy\" srcset=\"https:\/\/franciscanos.org.br\/noticias\/wp-content\/uploads\/2024\/07\/AGUDOS-12-3-300x300.jpg 300w, https:\/\/franciscanos.org.br\/noticias\/wp-content\/uploads\/2024\/07\/AGUDOS-12-3-100x100.jpg 100w\" sizes=\"(max-width: 300px) 100vw, 300px\" \/><\/a>\n\t\t\t<\/dt><\/dl><dl class='gallery-item'>\n\t\t\t<dt class='gallery-icon landscape'>\n\t\t\t\t<a href='https:\/\/franciscanos.org.br\/noticias\/wp-content\/uploads\/2024\/07\/AGUDOS-9-scaled.jpg'><img width=\"300\" height=\"300\" src=\"https:\/\/franciscanos.org.br\/noticias\/wp-content\/uploads\/2024\/07\/AGUDOS-9-300x300.jpg\" class=\"attachment-thumbnail size-thumbnail\" alt=\"\" loading=\"lazy\" srcset=\"https:\/\/franciscanos.org.br\/noticias\/wp-content\/uploads\/2024\/07\/AGUDOS-9-300x300.jpg 300w, https:\/\/franciscanos.org.br\/noticias\/wp-content\/uploads\/2024\/07\/AGUDOS-9-100x100.jpg 100w\" sizes=\"(max-width: 300px) 100vw, 300px\" \/><\/a>\n\t\t\t<\/dt><\/dl><dl class='gallery-item'>\n\t\t\t<dt class='gallery-icon portrait'>\n\t\t\t\t<a href='https:\/\/franciscanos.org.br\/noticias\/wp-content\/uploads\/2024\/07\/AGUDOS-22-scaled.jpg'><img width=\"300\" height=\"300\" src=\"https:\/\/franciscanos.org.br\/noticias\/wp-content\/uploads\/2024\/07\/AGUDOS-22-300x300.jpg\" class=\"attachment-thumbnail size-thumbnail\" alt=\"\" loading=\"lazy\" srcset=\"https:\/\/franciscanos.org.br\/noticias\/wp-content\/uploads\/2024\/07\/AGUDOS-22-300x300.jpg 300w, https:\/\/franciscanos.org.br\/noticias\/wp-content\/uploads\/2024\/07\/AGUDOS-22-100x100.jpg 100w\" sizes=\"(max-width: 300px) 100vw, 300px\" \/><\/a>\n\t\t\t<\/dt><\/dl><dl class='gallery-item'>\n\t\t\t<dt class='gallery-icon portrait'>\n\t\t\t\t<a href='https:\/\/franciscanos.org.br\/noticias\/wp-content\/uploads\/2024\/07\/AGUDOS-14-2-scaled.jpg'><img width=\"300\" height=\"300\" src=\"https:\/\/franciscanos.org.br\/noticias\/wp-content\/uploads\/2024\/07\/AGUDOS-14-2-300x300.jpg\" class=\"attachment-thumbnail size-thumbnail\" alt=\"\" loading=\"lazy\" srcset=\"https:\/\/franciscanos.org.br\/noticias\/wp-content\/uploads\/2024\/07\/AGUDOS-14-2-300x300.jpg 300w, https:\/\/franciscanos.org.br\/noticias\/wp-content\/uploads\/2024\/07\/AGUDOS-14-2-100x100.jpg 100w\" sizes=\"(max-width: 300px) 100vw, 300px\" \/><\/a>\n\t\t\t<\/dt><\/dl><br style=\"clear: both\" \/>\n\t\t<\/div>\n\n<\/div>\n<div><\/div>\n<div><\/div>\n<div>\n<p>J\u00e1 sentindo saudades de Agudos, no \u00faltimo dia (30\/06), o grupo reuniu-se para os avisos finais. Frei Robson agradeceu a presen\u00e7a de todos e apresentou aos participantes algumas imagens atrav\u00e9s de v\u00eddeos sobre as atividades da Prov\u00edncia em suas diversas frentes. Respondeu \u00e0s perguntas dos participantes e ouviu o desejo de que momentos assim como o do retiro pudessem acontecer para amadurecer ainda mais o senso de perten\u00e7a ao grupo dos benfeitores. Na Celebra\u00e7\u00e3o Eucar\u00edstica da Solenidade de S\u00e3o Pedro e S\u00e3o Paulo, \u00e0s 10h, na capela do semin\u00e1rio, junto com o povo que frequenta as missas dominicais na fraternidade, Frei Daniel lembrou que os dois ap\u00f3stolos \u201cn\u00e3o ca\u00edram do c\u00e9u, mas em sua humanidade, foram disc\u00edpulos de Jesus. Tiveram seus erros, suas incoer\u00eancias pr\u00f3prias do in\u00edcio do discipulado, mas por causa de sua f\u00e9 perseveraram at\u00e9 o fim\u201d. O frade ainda recordou que tamb\u00e9m Francisco de Assis, marcado pelas chagas, foi portador da esperan\u00e7a e da f\u00e9 que brotam do encontro com Cristo.<\/p>\n<\/div>\n<div><\/div>\n<div>\n<p>\u201cMarcados pelo amor, peregrinos da esperan\u00e7a\u201d ficaram os participantes do retiro. Nas avalia\u00e7\u00f5es feitas formalmente ou nos corredores, os benfeitores relataram a grandiosidade da experi\u00eancia que fizeram. Aos frades e colaboradores do PVF ficou a certeza de que foram facilitadores dessa ocasi\u00e3o, pois depende de cada um se abrir para a Gra\u00e7a. A volta para casa certamente contou com muitas novidades e partilhas das reflex\u00f5es feitas no lindo Semin\u00e1rio de Agudos.<\/p>\n<hr \/>\n<p><em>Frei Gabriel Dellandrea<\/em><\/p>\n<\/div>\n<div>\n\n\t\t<style type=\"text\/css\">\n\t\t\t#gallery-3 {\n\t\t\t\tmargin: auto;\n\t\t\t}\n\t\t\t#gallery-3 .gallery-item {\n\t\t\t\tfloat: left;\n\t\t\t\tmargin-top: 10px;\n\t\t\t\ttext-align: center;\n\t\t\t\twidth: 25%;\n\t\t\t}\n\t\t\t#gallery-3 img {\n\t\t\t\tborder: 2px solid #cfcfcf;\n\t\t\t}\n\t\t\t#gallery-3 .gallery-caption {\n\t\t\t\tmargin-left: 0;\n\t\t\t}\n\t\t\t\/* see gallery_shortcode() in wp-includes\/media.php *\/\n\t\t<\/style>\n\t\t<div id='gallery-3' class='gallery galleryid-248771 gallery-columns-4 gallery-size-thumbnail'><dl class='gallery-item'>\n\t\t\t<dt class='gallery-icon landscape'>\n\t\t\t\t<a href='https:\/\/franciscanos.org.br\/noticias\/wp-content\/uploads\/2024\/07\/AGUDOS-1-1-scaled.jpg'><img width=\"300\" height=\"300\" src=\"https:\/\/franciscanos.org.br\/noticias\/wp-content\/uploads\/2024\/07\/AGUDOS-1-1-300x300.jpg\" class=\"attachment-thumbnail size-thumbnail\" alt=\"\" loading=\"lazy\" srcset=\"https:\/\/franciscanos.org.br\/noticias\/wp-content\/uploads\/2024\/07\/AGUDOS-1-1-300x300.jpg 300w, https:\/\/franciscanos.org.br\/noticias\/wp-content\/uploads\/2024\/07\/AGUDOS-1-1-100x100.jpg 100w\" sizes=\"(max-width: 300px) 100vw, 300px\" \/><\/a>\n\t\t\t<\/dt><\/dl><dl class='gallery-item'>\n\t\t\t<dt class='gallery-icon landscape'>\n\t\t\t\t<a href='https:\/\/franciscanos.org.br\/noticias\/wp-content\/uploads\/2024\/07\/AGUDOS-2-scaled.jpg'><img width=\"300\" height=\"300\" src=\"https:\/\/franciscanos.org.br\/noticias\/wp-content\/uploads\/2024\/07\/AGUDOS-2-300x300.jpg\" class=\"attachment-thumbnail size-thumbnail\" alt=\"\" loading=\"lazy\" srcset=\"https:\/\/franciscanos.org.br\/noticias\/wp-content\/uploads\/2024\/07\/AGUDOS-2-300x300.jpg 300w, https:\/\/franciscanos.org.br\/noticias\/wp-content\/uploads\/2024\/07\/AGUDOS-2-100x100.jpg 100w\" sizes=\"(max-width: 300px) 100vw, 300px\" \/><\/a>\n\t\t\t<\/dt><\/dl><dl class='gallery-item'>\n\t\t\t<dt class='gallery-icon landscape'>\n\t\t\t\t<a href='https:\/\/franciscanos.org.br\/noticias\/wp-content\/uploads\/2024\/07\/AGUDOS-3-scaled.jpg'><img width=\"300\" height=\"300\" src=\"https:\/\/franciscanos.org.br\/noticias\/wp-content\/uploads\/2024\/07\/AGUDOS-3-300x300.jpg\" class=\"attachment-thumbnail size-thumbnail\" alt=\"\" loading=\"lazy\" srcset=\"https:\/\/franciscanos.org.br\/noticias\/wp-content\/uploads\/2024\/07\/AGUDOS-3-300x300.jpg 300w, https:\/\/franciscanos.org.br\/noticias\/wp-content\/uploads\/2024\/07\/AGUDOS-3-100x100.jpg 100w\" sizes=\"(max-width: 300px) 100vw, 300px\" \/><\/a>\n\t\t\t<\/dt><\/dl><dl class='gallery-item'>\n\t\t\t<dt class='gallery-icon landscape'>\n\t\t\t\t<a href='https:\/\/franciscanos.org.br\/noticias\/wp-content\/uploads\/2024\/07\/AGUDOS-4-scaled.jpg'><img width=\"300\" height=\"300\" src=\"https:\/\/franciscanos.org.br\/noticias\/wp-content\/uploads\/2024\/07\/AGUDOS-4-300x300.jpg\" class=\"attachment-thumbnail size-thumbnail\" alt=\"\" loading=\"lazy\" srcset=\"https:\/\/franciscanos.org.br\/noticias\/wp-content\/uploads\/2024\/07\/AGUDOS-4-300x300.jpg 300w, https:\/\/franciscanos.org.br\/noticias\/wp-content\/uploads\/2024\/07\/AGUDOS-4-100x100.jpg 100w\" sizes=\"(max-width: 300px) 100vw, 300px\" \/><\/a>\n\t\t\t<\/dt><\/dl><br style=\"clear: both\" \/><dl class='gallery-item'>\n\t\t\t<dt class='gallery-icon portrait'>\n\t\t\t\t<a href='https:\/\/franciscanos.org.br\/noticias\/wp-content\/uploads\/2024\/07\/AGUDOS-5-scaled.jpg'><img width=\"300\" height=\"300\" src=\"https:\/\/franciscanos.org.br\/noticias\/wp-content\/uploads\/2024\/07\/AGUDOS-5-300x300.jpg\" class=\"attachment-thumbnail size-thumbnail\" alt=\"\" loading=\"lazy\" srcset=\"https:\/\/franciscanos.org.br\/noticias\/wp-content\/uploads\/2024\/07\/AGUDOS-5-300x300.jpg 300w, https:\/\/franciscanos.org.br\/noticias\/wp-content\/uploads\/2024\/07\/AGUDOS-5-100x100.jpg 100w\" sizes=\"(max-width: 300px) 100vw, 300px\" \/><\/a>\n\t\t\t<\/dt><\/dl><dl class='gallery-item'>\n\t\t\t<dt class='gallery-icon landscape'>\n\t\t\t\t<a href='https:\/\/franciscanos.org.br\/noticias\/wp-content\/uploads\/2024\/07\/AGUDOS-8-scaled.jpg'><img width=\"300\" height=\"300\" src=\"https:\/\/franciscanos.org.br\/noticias\/wp-content\/uploads\/2024\/07\/AGUDOS-8-300x300.jpg\" class=\"attachment-thumbnail size-thumbnail\" alt=\"\" loading=\"lazy\" srcset=\"https:\/\/franciscanos.org.br\/noticias\/wp-content\/uploads\/2024\/07\/AGUDOS-8-300x300.jpg 300w, https:\/\/franciscanos.org.br\/noticias\/wp-content\/uploads\/2024\/07\/AGUDOS-8-100x100.jpg 100w\" sizes=\"(max-width: 300px) 100vw, 300px\" \/><\/a>\n\t\t\t<\/dt><\/dl><dl class='gallery-item'>\n\t\t\t<dt class='gallery-icon landscape'>\n\t\t\t\t<a href='https:\/\/franciscanos.org.br\/noticias\/wp-content\/uploads\/2024\/07\/AGUDOS-10-scaled.jpg'><img width=\"300\" height=\"300\" src=\"https:\/\/franciscanos.org.br\/noticias\/wp-content\/uploads\/2024\/07\/AGUDOS-10-300x300.jpg\" class=\"attachment-thumbnail size-thumbnail\" alt=\"\" loading=\"lazy\" srcset=\"https:\/\/franciscanos.org.br\/noticias\/wp-content\/uploads\/2024\/07\/AGUDOS-10-300x300.jpg 300w, https:\/\/franciscanos.org.br\/noticias\/wp-content\/uploads\/2024\/07\/AGUDOS-10-100x100.jpg 100w\" sizes=\"(max-width: 300px) 100vw, 300px\" \/><\/a>\n\t\t\t<\/dt><\/dl><dl class='gallery-item'>\n\t\t\t<dt class='gallery-icon landscape'>\n\t\t\t\t<a href='https:\/\/franciscanos.org.br\/noticias\/wp-content\/uploads\/2024\/07\/AGUDOS-11-scaled.jpg'><img width=\"300\" height=\"300\" src=\"https:\/\/franciscanos.org.br\/noticias\/wp-content\/uploads\/2024\/07\/AGUDOS-11-300x300.jpg\" class=\"attachment-thumbnail size-thumbnail\" alt=\"\" loading=\"lazy\" srcset=\"https:\/\/franciscanos.org.br\/noticias\/wp-content\/uploads\/2024\/07\/AGUDOS-11-300x300.jpg 300w, https:\/\/franciscanos.org.br\/noticias\/wp-content\/uploads\/2024\/07\/AGUDOS-11-100x100.jpg 100w\" sizes=\"(max-width: 300px) 100vw, 300px\" \/><\/a>\n\t\t\t<\/dt><\/dl><br style=\"clear: both\" \/><dl class='gallery-item'>\n\t\t\t<dt class='gallery-icon landscape'>\n\t\t\t\t<a href='https:\/\/franciscanos.org.br\/noticias\/wp-content\/uploads\/2024\/07\/AGUDOS-13-2-scaled.jpg'><img width=\"300\" height=\"300\" src=\"https:\/\/franciscanos.org.br\/noticias\/wp-content\/uploads\/2024\/07\/AGUDOS-13-2-300x300.jpg\" class=\"attachment-thumbnail size-thumbnail\" alt=\"\" loading=\"lazy\" srcset=\"https:\/\/franciscanos.org.br\/noticias\/wp-content\/uploads\/2024\/07\/AGUDOS-13-2-300x300.jpg 300w, https:\/\/franciscanos.org.br\/noticias\/wp-content\/uploads\/2024\/07\/AGUDOS-13-2-100x100.jpg 100w\" sizes=\"(max-width: 300px) 100vw, 300px\" \/><\/a>\n\t\t\t<\/dt><\/dl><dl class='gallery-item'>\n\t\t\t<dt class='gallery-icon landscape'>\n\t\t\t\t<a href='https:\/\/franciscanos.org.br\/noticias\/wp-content\/uploads\/2024\/07\/AGUDOS-15-1-scaled.jpg'><img width=\"300\" height=\"300\" src=\"https:\/\/franciscanos.org.br\/noticias\/wp-content\/uploads\/2024\/07\/AGUDOS-15-1-300x300.jpg\" class=\"attachment-thumbnail size-thumbnail\" alt=\"\" loading=\"lazy\" srcset=\"https:\/\/franciscanos.org.br\/noticias\/wp-content\/uploads\/2024\/07\/AGUDOS-15-1-300x300.jpg 300w, https:\/\/franciscanos.org.br\/noticias\/wp-content\/uploads\/2024\/07\/AGUDOS-15-1-100x100.jpg 100w\" sizes=\"(max-width: 300px) 100vw, 300px\" \/><\/a>\n\t\t\t<\/dt><\/dl><dl class='gallery-item'>\n\t\t\t<dt class='gallery-icon landscape'>\n\t\t\t\t<a href='https:\/\/franciscanos.org.br\/noticias\/wp-content\/uploads\/2024\/07\/AGUDOS-18-1-scaled.jpg'><img width=\"300\" height=\"300\" src=\"https:\/\/franciscanos.org.br\/noticias\/wp-content\/uploads\/2024\/07\/AGUDOS-18-1-300x300.jpg\" class=\"attachment-thumbnail size-thumbnail\" alt=\"\" loading=\"lazy\" srcset=\"https:\/\/franciscanos.org.br\/noticias\/wp-content\/uploads\/2024\/07\/AGUDOS-18-1-300x300.jpg 300w, https:\/\/franciscanos.org.br\/noticias\/wp-content\/uploads\/2024\/07\/AGUDOS-18-1-100x100.jpg 100w\" sizes=\"(max-width: 300px) 100vw, 300px\" \/><\/a>\n\t\t\t<\/dt><\/dl><dl class='gallery-item'>\n\t\t\t<dt class='gallery-icon landscape'>\n\t\t\t\t<a href='https:\/\/franciscanos.org.br\/noticias\/wp-content\/uploads\/2024\/07\/AGUDOS-20-scaled.jpg'><img width=\"300\" height=\"300\" src=\"https:\/\/franciscanos.org.br\/noticias\/wp-content\/uploads\/2024\/07\/AGUDOS-20-300x300.jpg\" class=\"attachment-thumbnail size-thumbnail\" alt=\"\" loading=\"lazy\" srcset=\"https:\/\/franciscanos.org.br\/noticias\/wp-content\/uploads\/2024\/07\/AGUDOS-20-300x300.jpg 300w, https:\/\/franciscanos.org.br\/noticias\/wp-content\/uploads\/2024\/07\/AGUDOS-20-100x100.jpg 100w\" sizes=\"(max-width: 300px) 100vw, 300px\" \/><\/a>\n\t\t\t<\/dt><\/dl><br style=\"clear: both\" \/><dl class='gallery-item'>\n\t\t\t<dt class='gallery-icon landscape'>\n\t\t\t\t<a href='https:\/\/franciscanos.org.br\/noticias\/wp-content\/uploads\/2024\/07\/AGUDOS-21-scaled.jpg'><img width=\"300\" height=\"300\" src=\"https:\/\/franciscanos.org.br\/noticias\/wp-content\/uploads\/2024\/07\/AGUDOS-21-300x300.jpg\" class=\"attachment-thumbnail size-thumbnail\" alt=\"\" loading=\"lazy\" srcset=\"https:\/\/franciscanos.org.br\/noticias\/wp-content\/uploads\/2024\/07\/AGUDOS-21-300x300.jpg 300w, https:\/\/franciscanos.org.br\/noticias\/wp-content\/uploads\/2024\/07\/AGUDOS-21-100x100.jpg 100w\" sizes=\"(max-width: 300px) 100vw, 300px\" \/><\/a>\n\t\t\t<\/dt><\/dl><dl class='gallery-item'>\n\t\t\t<dt class='gallery-icon portrait'>\n\t\t\t\t<a href='https:\/\/franciscanos.org.br\/noticias\/wp-content\/uploads\/2024\/07\/AGUDOS-22-1-scaled.jpg'><img width=\"300\" height=\"300\" src=\"https:\/\/franciscanos.org.br\/noticias\/wp-content\/uploads\/2024\/07\/AGUDOS-22-1-300x300.jpg\" class=\"attachment-thumbnail size-thumbnail\" alt=\"\" loading=\"lazy\" srcset=\"https:\/\/franciscanos.org.br\/noticias\/wp-content\/uploads\/2024\/07\/AGUDOS-22-1-300x300.jpg 300w, https:\/\/franciscanos.org.br\/noticias\/wp-content\/uploads\/2024\/07\/AGUDOS-22-1-100x100.jpg 100w\" sizes=\"(max-width: 300px) 100vw, 300px\" \/><\/a>\n\t\t\t<\/dt><\/dl><dl class='gallery-item'>\n\t\t\t<dt class='gallery-icon landscape'>\n\t\t\t\t<a href='https:\/\/franciscanos.org.br\/noticias\/wp-content\/uploads\/2024\/07\/AGUDOS-23-scaled.jpg'><img width=\"300\" height=\"300\" src=\"https:\/\/franciscanos.org.br\/noticias\/wp-content\/uploads\/2024\/07\/AGUDOS-23-300x300.jpg\" class=\"attachment-thumbnail size-thumbnail\" alt=\"\" loading=\"lazy\" srcset=\"https:\/\/franciscanos.org.br\/noticias\/wp-content\/uploads\/2024\/07\/AGUDOS-23-300x300.jpg 300w, https:\/\/franciscanos.org.br\/noticias\/wp-content\/uploads\/2024\/07\/AGUDOS-23-100x100.jpg 100w\" sizes=\"(max-width: 300px) 100vw, 300px\" \/><\/a>\n\t\t\t<\/dt><\/dl><dl class='gallery-item'>\n\t\t\t<dt class='gallery-icon landscape'>\n\t\t\t\t<a href='https:\/\/franciscanos.org.br\/noticias\/wp-content\/uploads\/2024\/07\/AGUDOS-24-scaled.jpg'><img width=\"300\" height=\"300\" src=\"https:\/\/franciscanos.org.br\/noticias\/wp-content\/uploads\/2024\/07\/AGUDOS-24-300x300.jpg\" class=\"attachment-thumbnail size-thumbnail\" alt=\"\" loading=\"lazy\" srcset=\"https:\/\/franciscanos.org.br\/noticias\/wp-content\/uploads\/2024\/07\/AGUDOS-24-300x300.jpg 300w, https:\/\/franciscanos.org.br\/noticias\/wp-content\/uploads\/2024\/07\/AGUDOS-24-100x100.jpg 100w\" sizes=\"(max-width: 300px) 100vw, 300px\" \/><\/a>\n\t\t\t<\/dt><\/dl><br style=\"clear: both\" \/><dl class='gallery-item'>\n\t\t\t<dt class='gallery-icon portrait'>\n\t\t\t\t<a href='https:\/\/franciscanos.org.br\/noticias\/wp-content\/uploads\/2024\/07\/AGUDOS-25-scaled.jpg'><img width=\"300\" height=\"300\" src=\"https:\/\/franciscanos.org.br\/noticias\/wp-content\/uploads\/2024\/07\/AGUDOS-25-300x300.jpg\" class=\"attachment-thumbnail size-thumbnail\" alt=\"\" loading=\"lazy\" srcset=\"https:\/\/franciscanos.org.br\/noticias\/wp-content\/uploads\/2024\/07\/AGUDOS-25-300x300.jpg 300w, https:\/\/franciscanos.org.br\/noticias\/wp-content\/uploads\/2024\/07\/AGUDOS-25-100x100.jpg 100w\" sizes=\"(max-width: 300px) 100vw, 300px\" \/><\/a>\n\t\t\t<\/dt><\/dl><dl class='gallery-item'>\n\t\t\t<dt class='gallery-icon landscape'>\n\t\t\t\t<a href='https:\/\/franciscanos.org.br\/noticias\/wp-content\/uploads\/2024\/07\/AGUDOS-28-scaled.jpg'><img width=\"300\" height=\"300\" src=\"https:\/\/franciscanos.org.br\/noticias\/wp-content\/uploads\/2024\/07\/AGUDOS-28-300x300.jpg\" class=\"attachment-thumbnail size-thumbnail\" alt=\"\" loading=\"lazy\" srcset=\"https:\/\/franciscanos.org.br\/noticias\/wp-content\/uploads\/2024\/07\/AGUDOS-28-300x300.jpg 300w, https:\/\/franciscanos.org.br\/noticias\/wp-content\/uploads\/2024\/07\/AGUDOS-28-100x100.jpg 100w\" sizes=\"(max-width: 300px) 100vw, 300px\" \/><\/a>\n\t\t\t<\/dt><\/dl><dl class='gallery-item'>\n\t\t\t<dt class='gallery-icon landscape'>\n\t\t\t\t<a href='https:\/\/franciscanos.org.br\/noticias\/wp-content\/uploads\/2024\/07\/AGUDOS-6-1-scaled.jpg'><img width=\"300\" height=\"300\" src=\"https:\/\/franciscanos.org.br\/noticias\/wp-content\/uploads\/2024\/07\/AGUDOS-6-1-300x300.jpg\" class=\"attachment-thumbnail size-thumbnail\" alt=\"\" loading=\"lazy\" srcset=\"https:\/\/franciscanos.org.br\/noticias\/wp-content\/uploads\/2024\/07\/AGUDOS-6-1-300x300.jpg 300w, https:\/\/franciscanos.org.br\/noticias\/wp-content\/uploads\/2024\/07\/AGUDOS-6-1-100x100.jpg 100w\" sizes=\"(max-width: 300px) 100vw, 300px\" \/><\/a>\n\t\t\t<\/dt><\/dl>\n\t\t\t<br style='clear: both' \/>\n\t\t<\/div>\n\n<\/div>\n","protected":false},"excerpt":{"rendered":"<p>Chagados pelo amor, peregrinos da esperan\u00e7a<\/p>\n","protected":false},"author":11,"featured_media":0,"comment_status":"open","ping_status":"open","sticky":false,"template":"","format":"standard","meta":[],"categories":[1],"tags":[483,2045],"acf":[],"yoast_head":"<!-- This site is optimized with the Yoast SEO plugin v19.2 - https:\/\/yoast.com\/wordpress\/plugins\/seo\/ -->\n<title>Benfeitores do PVF participam de retiro em Agudos - Not\u00edcias - Franciscanos<\/title>\n<meta name=\"robots\" content=\"index, follow, max-snippet:-1, max-image-preview:large, max-video-preview:-1\" \/>\n<link rel=\"canonical\" href=\"https:\/\/franciscanos.org.br\/noticias\/benfeitores-do-pvf-participam-de-retiro-em-agudos.html\" \/>\n<meta property=\"og:locale\" content=\"pt_BR\" \/>\n<meta property=\"og:type\" content=\"article\" \/>\n<meta property=\"og:title\" content=\"Benfeitores do PVF participam de retiro em Agudos - Not\u00edcias - Franciscanos\" \/>\n<meta property=\"og:description\" content=\"Chagados pelo amor, peregrinos da esperan\u00e7a\" \/>\n<meta property=\"og:url\" content=\"https:\/\/franciscanos.org.br\/noticias\/benfeitores-do-pvf-participam-de-retiro-em-agudos.html\" \/>\n<meta property=\"og:site_name\" content=\"Not\u00edcias - Franciscanos\" \/>\n<meta property=\"article:published_time\" content=\"2024-07-01T18:41:03+00:00\" \/>\n<meta property=\"article:modified_time\" content=\"2024-07-01T19:41:03+00:00\" \/>\n<meta property=\"og:image\" content=\"https:\/\/franciscanos.org.br\/noticias\/wp-content\/uploads\/2024\/07\/AGUDOS-13-1-300x300.jpg\" \/>\n<meta name=\"author\" content=\"Adriana Rabelo\" \/>\n<meta name=\"twitter:card\" content=\"summary_large_image\" \/>\n<meta name=\"twitter:label1\" content=\"Escrito por\" \/>\n\t<meta name=\"twitter:data1\" content=\"Adriana Rabelo\" \/>\n\t<meta name=\"twitter:label2\" content=\"Est. tempo de leitura\" \/>\n\t<meta name=\"twitter:data2\" content=\"6 minutos\" \/>\n<script type=\"application\/ld+json\" class=\"yoast-schema-graph\">{\"@context\":\"https:\/\/schema.org\",\"@graph\":[{\"@type\":\"WebSite\",\"@id\":\"https:\/\/franciscanos.org.br\/noticias\/#website\",\"url\":\"https:\/\/franciscanos.org.br\/noticias\/\",\"name\":\"Not\u00edcias - Franciscanos\",\"description\":\"Prov\u00edncia Franciscana da Imaculada Concei\u00e7\u00e3o do Brasil - Ordem dos Frades Menores - OFM\",\"potentialAction\":[{\"@type\":\"SearchAction\",\"target\":{\"@type\":\"EntryPoint\",\"urlTemplate\":\"https:\/\/franciscanos.org.br\/noticias\/?s={search_term_string}\"},\"query-input\":\"required name=search_term_string\"}],\"inLanguage\":\"pt-BR\"},{\"@type\":\"ImageObject\",\"inLanguage\":\"pt-BR\",\"@id\":\"https:\/\/franciscanos.org.br\/noticias\/benfeitores-do-pvf-participam-de-retiro-em-agudos.html#primaryimage\",\"url\":\"https:\/\/franciscanos.org.br\/noticias\/wp-content\/uploads\/2024\/07\/AGUDOS-30-scaled.jpg\",\"contentUrl\":\"https:\/\/franciscanos.org.br\/noticias\/wp-content\/uploads\/2024\/07\/AGUDOS-30-scaled.jpg\",\"width\":1774,\"height\":1080},{\"@type\":\"WebPage\",\"@id\":\"https:\/\/franciscanos.org.br\/noticias\/benfeitores-do-pvf-participam-de-retiro-em-agudos.html#webpage\",\"url\":\"https:\/\/franciscanos.org.br\/noticias\/benfeitores-do-pvf-participam-de-retiro-em-agudos.html\",\"name\":\"Benfeitores do PVF participam de retiro em Agudos - Not\u00edcias - Franciscanos\",\"isPartOf\":{\"@id\":\"https:\/\/franciscanos.org.br\/noticias\/#website\"},\"primaryImageOfPage\":{\"@id\":\"https:\/\/franciscanos.org.br\/noticias\/benfeitores-do-pvf-participam-de-retiro-em-agudos.html#primaryimage\"},\"datePublished\":\"2024-07-01T18:41:03+00:00\",\"dateModified\":\"2024-07-01T19:41:03+00:00\",\"author\":{\"@id\":\"https:\/\/franciscanos.org.br\/noticias\/#\/schema\/person\/d9422e83121c3ad3b0f423d195f5bb25\"},\"breadcrumb\":{\"@id\":\"https:\/\/franciscanos.org.br\/noticias\/benfeitores-do-pvf-participam-de-retiro-em-agudos.html#breadcrumb\"},\"inLanguage\":\"pt-BR\",\"potentialAction\":[{\"@type\":\"ReadAction\",\"target\":[\"https:\/\/franciscanos.org.br\/noticias\/benfeitores-do-pvf-participam-de-retiro-em-agudos.html\"]}]},{\"@type\":\"BreadcrumbList\",\"@id\":\"https:\/\/franciscanos.org.br\/noticias\/benfeitores-do-pvf-participam-de-retiro-em-agudos.html#breadcrumb\",\"itemListElement\":[{\"@type\":\"ListItem\",\"position\":1,\"name\":\"Home\",\"item\":\"https:\/\/franciscanos.org.br\/noticias\"},{\"@type\":\"ListItem\",\"position\":2,\"name\":\"Benfeitores do PVF participam de retiro em Agudos\"}]},{\"@type\":\"Person\",\"@id\":\"https:\/\/franciscanos.org.br\/noticias\/#\/schema\/person\/d9422e83121c3ad3b0f423d195f5bb25\",\"name\":\"Adriana Rabelo\",\"image\":{\"@type\":\"ImageObject\",\"inLanguage\":\"pt-BR\",\"@id\":\"https:\/\/franciscanos.org.br\/noticias\/#\/schema\/person\/image\/\",\"url\":\"https:\/\/secure.gravatar.com\/avatar\/0a937b7500cd7df77540cfb8bede877d?s=96&d=mm&r=g\",\"contentUrl\":\"https:\/\/secure.gravatar.com\/avatar\/0a937b7500cd7df77540cfb8bede877d?s=96&d=mm&r=g\",\"caption\":\"Adriana Rabelo\"},\"url\":\"https:\/\/franciscanos.org.br\/noticias\/author\/adrianarabelo\"}]}<\/script>\n<!-- \/ Yoast SEO plugin. -->","yoast_head_json":{"title":"Benfeitores do PVF participam de retiro em Agudos - Not\u00edcias - Franciscanos","robots":{"index":"index","follow":"follow","max-snippet":"max-snippet:-1","max-image-preview":"max-image-preview:large","max-video-preview":"max-video-preview:-1"},"canonical":"https:\/\/franciscanos.org.br\/noticias\/benfeitores-do-pvf-participam-de-retiro-em-agudos.html","og_locale":"pt_BR","og_type":"article","og_title":"Benfeitores do PVF participam de retiro em Agudos - Not\u00edcias - Franciscanos","og_description":"Chagados pelo amor, peregrinos da esperan\u00e7a","og_url":"https:\/\/franciscanos.org.br\/noticias\/benfeitores-do-pvf-participam-de-retiro-em-agudos.html","og_site_name":"Not\u00edcias - Franciscanos","article_published_time":"2024-07-01T18:41:03+00:00","article_modified_time":"2024-07-01T19:41:03+00:00","og_image":[{"url":"https:\/\/franciscanos.org.br\/noticias\/wp-content\/uploads\/2024\/07\/AGUDOS-13-1-300x300.jpg"}],"author":"Adriana Rabelo","twitter_card":"summary_large_image","twitter_misc":{"Escrito por":"Adriana Rabelo","Est. tempo de leitura":"6 minutos"},"schema":{"@context":"https:\/\/schema.org","@graph":[{"@type":"WebSite","@id":"https:\/\/franciscanos.org.br\/noticias\/#website","url":"https:\/\/franciscanos.org.br\/noticias\/","name":"Not\u00edcias - Franciscanos","description":"Prov\u00edncia Franciscana da Imaculada Concei\u00e7\u00e3o do Brasil - Ordem dos Frades Menores - OFM","potentialAction":[{"@type":"SearchAction","target":{"@type":"EntryPoint","urlTemplate":"https:\/\/franciscanos.org.br\/noticias\/?s={search_term_string}"},"query-input":"required name=search_term_string"}],"inLanguage":"pt-BR"},{"@type":"ImageObject","inLanguage":"pt-BR","@id":"https:\/\/franciscanos.org.br\/noticias\/benfeitores-do-pvf-participam-de-retiro-em-agudos.html#primaryimage","url":"https:\/\/franciscanos.org.br\/noticias\/wp-content\/uploads\/2024\/07\/AGUDOS-30-scaled.jpg","contentUrl":"https:\/\/franciscanos.org.br\/noticias\/wp-content\/uploads\/2024\/07\/AGUDOS-30-scaled.jpg","width":1774,"height":1080},{"@type":"WebPage","@id":"https:\/\/franciscanos.org.br\/noticias\/benfeitores-do-pvf-participam-de-retiro-em-agudos.html#webpage","url":"https:\/\/franciscanos.org.br\/noticias\/benfeitores-do-pvf-participam-de-retiro-em-agudos.html","name":"Benfeitores do PVF participam de retiro em Agudos - Not\u00edcias - Franciscanos","isPartOf":{"@id":"https:\/\/franciscanos.org.br\/noticias\/#website"},"primaryImageOfPage":{"@id":"https:\/\/franciscanos.org.br\/noticias\/benfeitores-do-pvf-participam-de-retiro-em-agudos.html#primaryimage"},"datePublished":"2024-07-01T18:41:03+00:00","dateModified":"2024-07-01T19:41:03+00:00","author":{"@id":"https:\/\/franciscanos.org.br\/noticias\/#\/schema\/person\/d9422e83121c3ad3b0f423d195f5bb25"},"breadcrumb":{"@id":"https:\/\/franciscanos.org.br\/noticias\/benfeitores-do-pvf-participam-de-retiro-em-agudos.html#breadcrumb"},"inLanguage":"pt-BR","potentialAction":[{"@type":"ReadAction","target":["https:\/\/franciscanos.org.br\/noticias\/benfeitores-do-pvf-participam-de-retiro-em-agudos.html"]}]},{"@type":"BreadcrumbList","@id":"https:\/\/franciscanos.org.br\/noticias\/benfeitores-do-pvf-participam-de-retiro-em-agudos.html#breadcrumb","itemListElement":[{"@type":"ListItem","position":1,"name":"Home","item":"https:\/\/franciscanos.org.br\/noticias"},{"@type":"ListItem","position":2,"name":"Benfeitores do PVF participam de retiro em Agudos"}]},{"@type":"Person","@id":"https:\/\/franciscanos.org.br\/noticias\/#\/schema\/person\/d9422e83121c3ad3b0f423d195f5bb25","name":"Adriana Rabelo","image":{"@type":"ImageObject","inLanguage":"pt-BR","@id":"https:\/\/franciscanos.org.br\/noticias\/#\/schema\/person\/image\/","url":"https:\/\/secure.gravatar.com\/avatar\/0a937b7500cd7df77540cfb8bede877d?s=96&d=mm&r=g","contentUrl":"https:\/\/secure.gravatar.com\/avatar\/0a937b7500cd7df77540cfb8bede877d?s=96&d=mm&r=g","caption":"Adriana Rabelo"},"url":"https:\/\/franciscanos.org.br\/noticias\/author\/adrianarabelo"}]}},"_links":{"self":[{"href":"https:\/\/franciscanos.org.br\/noticias\/wp-json\/wp\/v2\/posts\/248771"}],"collection":[{"href":"https:\/\/franciscanos.org.br\/noticias\/wp-json\/wp\/v2\/posts"}],"about":[{"href":"https:\/\/franciscanos.org.br\/noticias\/wp-json\/wp\/v2\/types\/post"}],"author":[{"embeddable":true,"href":"https:\/\/franciscanos.org.br\/noticias\/wp-json\/wp\/v2\/users\/11"}],"replies":[{"embeddable":true,"href":"https:\/\/franciscanos.org.br\/noticias\/wp-json\/wp\/v2\/comments?post=248771"}],"version-history":[{"count":12,"href":"https:\/\/franciscanos.org.br\/noticias\/wp-json\/wp\/v2\/posts\/248771\/revisions"}],"predecessor-version":[{"id":248842,"href":"https:\/\/franciscanos.org.br\/noticias\/wp-json\/wp\/v2\/posts\/248771\/revisions\/248842"}],"wp:attachment":[{"href":"https:\/\/franciscanos.org.br\/noticias\/wp-json\/wp\/v2\/media?parent=248771"}],"wp:term":[{"taxonomy":"category","embeddable":true,"href":"https:\/\/franciscanos.org.br\/noticias\/wp-json\/wp\/v2\/categories?post=248771"},{"taxonomy":"post_tag","embeddable":true,"href":"https:\/\/franciscanos.org.br\/noticias\/wp-json\/wp\/v2\/tags?post=248771"}],"curies":[{"name":"wp","href":"https:\/\/api.w.org\/{rel}","templated":true}]}}