{"id":248746,"date":"2024-07-01T13:48:15","date_gmt":"2024-07-01T16:48:15","guid":{"rendered":"https:\/\/franciscanos.org.br\/noticias\/?p=248746"},"modified":"2025-03-27T23:13:35","modified_gmt":"2025-03-28T02:13:35","slug":"encontro-do-alverne-deixa-um-legado-de-virtuosidade-franciscana","status":"publish","type":"post","link":"https:\/\/franciscanos.org.br\/noticias\/encontro-do-alverne-deixa-um-legado-de-virtuosidade-franciscana.html","title":{"rendered":"Encontro do \u201cAlverne\u201d deixa um legado de \u2018Virtuosidade Franciscana\u2019"},"content":{"rendered":"<p><a href=\"https:\/\/franciscanos.org.br\/noticias\/wp-content\/uploads\/2024\/07\/IMG_0996.heic\"><img loading=\"lazy\" class=\"aligncenter wp-image-248753 size-full\" src=\"https:\/\/franciscanos.org.br\/noticias\/wp-content\/uploads\/2024\/07\/COLATINA-15-scaled.jpg\" alt=\"\" width=\"1920\" height=\"1440\" srcset=\"https:\/\/franciscanos.org.br\/noticias\/wp-content\/uploads\/2024\/07\/COLATINA-15-scaled.jpg 1440w, https:\/\/franciscanos.org.br\/noticias\/wp-content\/uploads\/2024\/07\/COLATINA-15-450x338.jpg 450w, https:\/\/franciscanos.org.br\/noticias\/wp-content\/uploads\/2024\/07\/COLATINA-15-1024x768.jpg 1024w, https:\/\/franciscanos.org.br\/noticias\/wp-content\/uploads\/2024\/07\/COLATINA-15-768x576.jpg 768w, https:\/\/franciscanos.org.br\/noticias\/wp-content\/uploads\/2024\/07\/COLATINA-15-1536x1152.jpg 1536w, https:\/\/franciscanos.org.br\/noticias\/wp-content\/uploads\/2024\/07\/COLATINA-15-2048x1536.jpg 2048w, https:\/\/franciscanos.org.br\/noticias\/wp-content\/uploads\/2024\/07\/COLATINA-15-150x113.jpg 150w, https:\/\/franciscanos.org.br\/noticias\/wp-content\/uploads\/2024\/07\/COLATINA-15-600x450.jpg 600w\" sizes=\"(max-width: 1920px) 100vw, 1920px\" \/><\/a><\/p>\n<p>O 1\u00b0 Alverne do Estado do Esp\u00edrito Santo, na Par\u00f3quia Santa Clara de Assis, de Colatina (ES), mobilizou cerca de 40 jovens no \u00faltimo final de semana do m\u00eas de junho. O encontro foi conduzido pelo mestre em espiritualidade franciscana, Frei Vitorio Mazzuco Filho, e pela equipe da Pastoral Universit\u00e1ria da Universidade S\u00e3o Francisco (USF), de Bragan\u00e7a Paulista (SP). Este evento faz parte do itiner\u00e1rio das Juventudes da Prov\u00edncia Franciscana da Imaculada Concei\u00e7\u00e3o do Brasil.<\/p>\n<p>O \u201cAlverne\u201d \u00e9 um Encontro de Forma\u00e7\u00e3o e Espiritualidade e possui uma organiza\u00e7\u00e3o com tr\u00eas etapas tem\u00e1ticas, a saber: \u201cO caminho da espiritualidade franciscana\u201d; \u201cEncarna\u00e7\u00e3o, Eucaristia e Paix\u00e3o\u201d; \u201cAs virtudes cavalheiras\u201d. O \u00faltimo tema, com enfoque na virtuosidade franciscana, foi escolhido para o encontro de Colatina.<\/p>\n<p>No s\u00e1bado (29\/06), Frei Vitorio iniciou a forma\u00e7\u00e3o oferecendo aos participantes uma vis\u00e3o geral da virtuosidade, a partir do C\u00f3digo da Cavalaria Medieval que contempla as virtudes da \u201cfidelidade, lealdade, obedi\u00eancia, controle das palavras, vassalidade (ser servi\u00e7al), nobreza de costumes, prodigalidade, cortesia, prud\u00eancia, coragem, gentileza e hero\u00edsmo\u201d.<\/p>\n<p><iframe loading=\"lazy\" style=\"border-radius: 12px;\" src=\"https:\/\/open.spotify.com\/embed\/episode\/20i960KAiEKg8uQADkHNnz?utm_source=generator\" width=\"100%\" height=\"352\" frameborder=\"0\" allowfullscreen=\"allowfullscreen\"><\/iframe><\/p>\n<p><strong>Amor, Cort\u00eas Cavaleiresco<\/strong><\/p>\n<p>\u201cFa\u00e7amos uma reflex\u00e3o\u00a0 sobre um dos pontos deste nosso percurso de espiritualidade que aborda o C\u00f3digo da Cavalaria Medieval como uma fonte inspiracional das virtudes sob a \u00f3tica franciscana. S\u00e3o Francisco e Santa Clara de Assis viveram na \u00e9poca medieval, tempo este que nos revela uma n\u00edtida cultura de amor. Hoje n\u00f3s, p\u00f3s-modernos temos um velado preconceito sobre a Idade M\u00e9dia, que vaza para n\u00f3s no redutivo conceito do obscurantismo da Idade das Trevas, da inquisi\u00e7\u00e3o ou do conservadorismo, mas vamos deixar qualquer leitura ideologicamente assim definida, e fa\u00e7amos uma pergunta: tem a nossa atualidade hist\u00f3rica hoje uma cultura de amor? Pois a Idade M\u00e9dia tinha e de um modo muito n\u00edtido. \u00c9 neste per\u00edodo que nasce, cresce e \u00e9 abra\u00e7ado como um projeto de vida o ideal do Amor Cort\u00eas Cavaleiresco\u201d, introduziu o frade.<\/p>\n<p>Frei Vitorio explicou ent\u00e3o o que \u00e9 e o que inspira o &#8220;Amor Cort\u00eas Cavaleiresco&#8221;. Segundo ele, no meio de uma civiliza\u00e7\u00e3o rude, que conhece as batalhas, ambi\u00e7\u00e3o,\u00a0 fast\u00edgio da gl\u00f3ria e das conquistas, o choque entre permanecer no ciclo fechado de um feudalismo dominando ou abrir-se para uma nova civiliza\u00e7\u00e3o fez surgir uma nova linguagem, um novo costume, um sentimento novo, um novo c\u00f3digo de comportamento.<\/p>\n<p>\u201cO cavaleiro n\u00e3o \u00e9 somente um c\u00e9lebre arqu\u00e9tipo de um imagin\u00e1rio sempre fascinante, mas foi o meio com o qual o ocidente crist\u00e3o encarnou, organizou, e defendeu o pr\u00f3prio ideal de humanidade e de sociedade. Um s\u00edmbolo vindo de longe, por\u00e9m com uma orienta\u00e7\u00e3o profunda, que ergueu uma \u00e9tica e uma espiritualidade diferente daquela dos c\u00edrculos eclesi\u00e1sticos; pode-se dizer que criou uma moral leiga. O cavaleiro surge tamb\u00e9m como uma figura de edifica\u00e7\u00e3o moral do combatente aut\u00f4nomo e do ex\u00e9rcito que servia os senhores feudais, uma afirma\u00e7\u00e3o concreta da cristandade entre os leigos, uma divulga\u00e7\u00e3o apaixonada do humano e do sagrado. A\u00ed \u00e9 que reside o seu ponto de atra\u00e7\u00e3o ainda hoje vital; e o chamado que continua a fazer e exercitar constitui o lado mais profundo do interesse de hoje sobre a fun\u00e7\u00e3o da civiliza\u00e7\u00e3o medieval, num tempo atual onde vivemos uma profunda e geral crise de valores e fal\u00eancia do car\u00e1ter\u201d, explicou.<\/p>\n<p>Neste sentido, Frei Vitorio apresentou aos jovens e lideran\u00e7as a tem\u00e1tica do heroi e sua import\u00e2ncia para a cavalaria. \u201c\u00c9 um tema que n\u00e3o envelhece em toda a hist\u00f3ria da humanidade. O heroi se coloca a servi\u00e7o de um ideal e nos d\u00e1 meios para realizar uma tarefa evolutiva. Ele nos recorda que qualquer um pode empreender a jornada interior e assumir a tarefa de se tornar completo\u201d, frisou.<\/p>\n<p>Assim, sublinhou que para aqueles que recebiam a investidura era exigida tamb\u00e9m a mudan\u00e7a de costumes e a pr\u00e1tica de virtudes. O cavaleiro devia ser sempre um exemplo vivo da convers\u00e3o dos costumes, pr\u00e1tica de caridade, e usar as armas a servi\u00e7o dos oprimidos e necessitados, ter muita disciplina, cuidar do corpo que est\u00e1 a servi\u00e7o da mil\u00edcia.<\/p>\n<p>\u201cTinha que ter consci\u00eancia que era um peregrino neste mundo, e que precisava organizar, cada lugar do mundo, segundo sua bondade, isto \u00e9, respeitando as for\u00e7as estabelecidas, organizando, mesmo nas situa\u00e7\u00f5es mais ca\u00f3ticas um modelo de ordem celeste. A cavalaria quis ser um estado superior, um modo de viver, por isso soube gozar verdadeiramente, numa imensidade jamais perdida, as coisas, os fatos e a vida. Continua ainda a atrair, continua a evocar, no sonho e no mito, e nos vem dizer que ainda existe uma tarefa para se cumprir\u201d, ensinou Frei Vit\u00f3rio.<\/p>\n\n\t\t<style type=\"text\/css\">\n\t\t\t#gallery-1 {\n\t\t\t\tmargin: auto;\n\t\t\t}\n\t\t\t#gallery-1 .gallery-item {\n\t\t\t\tfloat: left;\n\t\t\t\tmargin-top: 10px;\n\t\t\t\ttext-align: center;\n\t\t\t\twidth: 25%;\n\t\t\t}\n\t\t\t#gallery-1 img {\n\t\t\t\tborder: 2px solid #cfcfcf;\n\t\t\t}\n\t\t\t#gallery-1 .gallery-caption {\n\t\t\t\tmargin-left: 0;\n\t\t\t}\n\t\t\t\/* see gallery_shortcode() in wp-includes\/media.php *\/\n\t\t<\/style>\n\t\t<div id='gallery-1' class='gallery galleryid-248746 gallery-columns-4 gallery-size-thumbnail'><dl class='gallery-item'>\n\t\t\t<dt class='gallery-icon landscape'>\n\t\t\t\t<a href='https:\/\/franciscanos.org.br\/noticias\/wp-content\/uploads\/2024\/07\/COLATINA-1-scaled.jpg'><img width=\"300\" height=\"300\" src=\"https:\/\/franciscanos.org.br\/noticias\/wp-content\/uploads\/2024\/07\/COLATINA-1-300x300.jpg\" class=\"attachment-thumbnail size-thumbnail\" alt=\"\" loading=\"lazy\" srcset=\"https:\/\/franciscanos.org.br\/noticias\/wp-content\/uploads\/2024\/07\/COLATINA-1-300x300.jpg 300w, https:\/\/franciscanos.org.br\/noticias\/wp-content\/uploads\/2024\/07\/COLATINA-1-100x100.jpg 100w\" sizes=\"(max-width: 300px) 100vw, 300px\" \/><\/a>\n\t\t\t<\/dt><\/dl><dl class='gallery-item'>\n\t\t\t<dt class='gallery-icon landscape'>\n\t\t\t\t<a href='https:\/\/franciscanos.org.br\/noticias\/wp-content\/uploads\/2024\/07\/COLATINA-2-scaled.jpg'><img width=\"300\" height=\"300\" src=\"https:\/\/franciscanos.org.br\/noticias\/wp-content\/uploads\/2024\/07\/COLATINA-2-300x300.jpg\" class=\"attachment-thumbnail size-thumbnail\" alt=\"\" loading=\"lazy\" srcset=\"https:\/\/franciscanos.org.br\/noticias\/wp-content\/uploads\/2024\/07\/COLATINA-2-300x300.jpg 300w, https:\/\/franciscanos.org.br\/noticias\/wp-content\/uploads\/2024\/07\/COLATINA-2-100x100.jpg 100w\" sizes=\"(max-width: 300px) 100vw, 300px\" \/><\/a>\n\t\t\t<\/dt><\/dl><dl class='gallery-item'>\n\t\t\t<dt class='gallery-icon landscape'>\n\t\t\t\t<a href='https:\/\/franciscanos.org.br\/noticias\/wp-content\/uploads\/2024\/07\/COLATINA-12-1-scaled.jpg'><img width=\"300\" height=\"300\" src=\"https:\/\/franciscanos.org.br\/noticias\/wp-content\/uploads\/2024\/07\/COLATINA-12-1-300x300.jpg\" class=\"attachment-thumbnail size-thumbnail\" alt=\"\" loading=\"lazy\" srcset=\"https:\/\/franciscanos.org.br\/noticias\/wp-content\/uploads\/2024\/07\/COLATINA-12-1-300x300.jpg 300w, https:\/\/franciscanos.org.br\/noticias\/wp-content\/uploads\/2024\/07\/COLATINA-12-1-100x100.jpg 100w\" sizes=\"(max-width: 300px) 100vw, 300px\" \/><\/a>\n\t\t\t<\/dt><\/dl><dl class='gallery-item'>\n\t\t\t<dt class='gallery-icon landscape'>\n\t\t\t\t<a href='https:\/\/franciscanos.org.br\/noticias\/wp-content\/uploads\/2024\/07\/COLATINA-3-scaled.jpg'><img width=\"300\" height=\"300\" src=\"https:\/\/franciscanos.org.br\/noticias\/wp-content\/uploads\/2024\/07\/COLATINA-3-300x300.jpg\" class=\"attachment-thumbnail size-thumbnail\" alt=\"\" loading=\"lazy\" srcset=\"https:\/\/franciscanos.org.br\/noticias\/wp-content\/uploads\/2024\/07\/COLATINA-3-300x300.jpg 300w, https:\/\/franciscanos.org.br\/noticias\/wp-content\/uploads\/2024\/07\/COLATINA-3-100x100.jpg 100w\" sizes=\"(max-width: 300px) 100vw, 300px\" \/><\/a>\n\t\t\t<\/dt><\/dl><br style=\"clear: both\" \/>\n\t\t<\/div>\n\n<p><strong>A virtuosidade franciscana<\/strong><\/p>\n<p>No segundo momento da manh\u00e3, Frei Vitorio dividiu os participantes em cinco grupos e os convidou a lerem o texto que preparou sobre a \u201cVirtuosidade Franciscana\u201d. Ressaltou que a palavra virtude \u00e9 a for\u00e7a que brota dos valores: \u201cSe refere \u00e0 disposi\u00e7\u00e3o, ao \u00e2nimo do ser humano e a uma qualidade pertencente ao g\u00eanero humano em buscar maior qualidade\u201d.<\/p>\n<p>Desta forma, os grupos refletiram e, em plen\u00e1rio, compartilharam suas ideias. Para Janaina Zanetti, virtude \u00e9 o poder, a for\u00e7a do ser humano em assumir toda a sua responsabilidade de tornar vivo o que mais possui de pr\u00f3prio. \u201c\u00c9 o que nos impulsiona na vida e na fraternidade, o que nos coloca de frente e nos fortalece. Virtude est\u00e1 no meio, podemos alcan\u00e7\u00e1-la de todas as formas em nossa caminhada\u201d, ressaltou. \u201cJ\u00e1 virtuosidade \u00e9 fazer a diferen\u00e7a, aquilo que desperta dentro de cada um de n\u00f3s. Fazer a busca incans\u00e1vel do bem. Transmitir o bem, calmaria, disposi\u00e7\u00e3o. A pessoa virtuosa transforma o seu ambiente e as pessoas que est\u00e3o ao seu redor, fazendo as pessoas florescerem por dentro com suas belezas\u201d, acrescentou.<\/p>\n<p>Frei Vitorio lembrou que a virtuosidade vem do ber\u00e7o e que todos carregam valores que est\u00e3o adormecidos e que precisam despertar. \u201cSe voc\u00ea desperta uma virtuosidade as coisas come\u00e7am a mudar\u201d, completou.<img loading=\"lazy\" class=\"size-medium wp-image-248769 alignleft\" src=\"https:\/\/franciscanos.org.br\/noticias\/wp-content\/uploads\/2024\/07\/COLATINA-16-450x338.jpg\" alt=\"\" width=\"450\" height=\"338\" srcset=\"https:\/\/franciscanos.org.br\/noticias\/wp-content\/uploads\/2024\/07\/COLATINA-16-450x338.jpg 450w, https:\/\/franciscanos.org.br\/noticias\/wp-content\/uploads\/2024\/07\/COLATINA-16-1024x768.jpg 1024w, https:\/\/franciscanos.org.br\/noticias\/wp-content\/uploads\/2024\/07\/COLATINA-16-768x576.jpg 768w, https:\/\/franciscanos.org.br\/noticias\/wp-content\/uploads\/2024\/07\/COLATINA-16-1536x1152.jpg 1536w, https:\/\/franciscanos.org.br\/noticias\/wp-content\/uploads\/2024\/07\/COLATINA-16-2048x1536.jpg 2048w, https:\/\/franciscanos.org.br\/noticias\/wp-content\/uploads\/2024\/07\/COLATINA-16-150x113.jpg 150w, https:\/\/franciscanos.org.br\/noticias\/wp-content\/uploads\/2024\/07\/COLATINA-16-600x450.jpg 600w, https:\/\/franciscanos.org.br\/noticias\/wp-content\/uploads\/2024\/07\/COLATINA-16-scaled.jpg 1440w\" sizes=\"(max-width: 450px) 100vw, 450px\" \/><\/p>\n<p>Elziane Sian Ribeiro, partilhou seu entendimento sobre os sete dons do Esp\u00edrito Santo. Segundo ela, a palavra dom pode ser associada a <em>dominus<\/em>, que \u00e9 Deus, o Senhor da casa. Os frutos s\u00e3o elementos necess\u00e1rios para construir ideais. Lembrou a todos dos sete dons do Esp\u00edrito, a saber: \u201cfortaleza, sabedoria, paci\u00eancia, intelig\u00eancia, ci\u00eancia, piedade, temor de Deus\u201d.<\/p>\n<p>J\u00e1 o jovem Henrique Bissa, refletiu sobre os frutos do Esp\u00edrito Santo. \u201cFrutos s\u00e3o correntes que nos ligam com Deus. Cada fruto faz uma corrente que nos liga com o Pai e a caridade une todos esses frutos\u201d, disse. Neste sentido, Frei Vin\u00edcius de Oliveira Betim lembrou que a caridade orienta todos os frutos. \u201cNo dia a dia a paci\u00eancia \u00e9 um dos mais dif\u00edceis de colhermos, mas \u00e9 algo sempre necess\u00e1rio. Paci\u00eancia \u00e9 ter respeito ao tempo e \u00e0s diversas quest\u00f5es que n\u00e3o est\u00e3o de acordo com o que a gente pensa\u201d.<\/p>\n<p>Simone Pertel discorreu sobre as virtudes tipicamente franciscanas. \u201c\u00c9 o dever ser, a for\u00e7a \u00e9tica, o jeito pr\u00f3prio de morar ou de construir a moradia. \u00c9 o jeito de ser, o car\u00e1ter franciscano que tem um jeito \u00fanico de educar, de disciplinar, de cultivar uma identidade. Eu quero e eu posso promover um caminho virtuoso. Esse caminho \u00e9 realizado de olho no Evangelho e tamb\u00e9m nas fontes franciscanas. O objetivo \u00e9 fazer, formar um ser humano melhor, melhorar o humano atrav\u00e9s dos escritos de S\u00e3o Francisco\u201d.<\/p>\n<p>\u201c\u00c9 uma forma de vida, um modo de ser. Colocar o cargo que temos no servi\u00e7o e n\u00e3o na superioridade. Ordem dos Frades Menores tem a ver com minoridade, com ren\u00fancia de status que vai nutrindo um esp\u00edrito de igualdade\u201d, evidenciou o jovem Kau\u00e3 Rodrigues Primo.<\/p>\n<p>O primeiro dia do encontro terminou com a confec\u00e7\u00e3o das t\u00fanicas para a investidura cavaleiresca, vestes similares \u00e0s dos camponeses na \u00e9poca de S\u00e3o Francisco e logo em seguida com a Celebra\u00e7\u00e3o Eucar\u00edstica na Comunidade S\u00e3o Vicente de Paulo, \u00e0s 19h. Frei Vitorio presidiu a Eucaristia e Frei Augusto Luiz Gabriel, vig\u00e1rio paroquial e Animador da Evangeliza\u00e7\u00e3o com as Juventudes, concelebrou. Na homilia, Frei Vitorio refletiu sobre a Solenidade de S\u00e3o Pedro e S\u00e3o Paulo e destacou as virtudes e valores dos santos.<\/p>\n\n\t\t<style type=\"text\/css\">\n\t\t\t#gallery-2 {\n\t\t\t\tmargin: auto;\n\t\t\t}\n\t\t\t#gallery-2 .gallery-item {\n\t\t\t\tfloat: left;\n\t\t\t\tmargin-top: 10px;\n\t\t\t\ttext-align: center;\n\t\t\t\twidth: 33%;\n\t\t\t}\n\t\t\t#gallery-2 img {\n\t\t\t\tborder: 2px solid #cfcfcf;\n\t\t\t}\n\t\t\t#gallery-2 .gallery-caption {\n\t\t\t\tmargin-left: 0;\n\t\t\t}\n\t\t\t\/* see gallery_shortcode() in wp-includes\/media.php *\/\n\t\t<\/style>\n\t\t<div id='gallery-2' class='gallery galleryid-248746 gallery-columns-3 gallery-size-thumbnail'><dl class='gallery-item'>\n\t\t\t<dt class='gallery-icon landscape'>\n\t\t\t\t<a href='https:\/\/franciscanos.org.br\/noticias\/wp-content\/uploads\/2024\/07\/COLATINA-8-scaled.jpg'><img width=\"300\" height=\"300\" src=\"https:\/\/franciscanos.org.br\/noticias\/wp-content\/uploads\/2024\/07\/COLATINA-8-300x300.jpg\" class=\"attachment-thumbnail size-thumbnail\" alt=\"\" loading=\"lazy\" srcset=\"https:\/\/franciscanos.org.br\/noticias\/wp-content\/uploads\/2024\/07\/COLATINA-8-300x300.jpg 300w, https:\/\/franciscanos.org.br\/noticias\/wp-content\/uploads\/2024\/07\/COLATINA-8-100x100.jpg 100w\" sizes=\"(max-width: 300px) 100vw, 300px\" \/><\/a>\n\t\t\t<\/dt><\/dl><dl class='gallery-item'>\n\t\t\t<dt class='gallery-icon portrait'>\n\t\t\t\t<a href='https:\/\/franciscanos.org.br\/noticias\/wp-content\/uploads\/2024\/07\/COLATINA-7-scaled.jpg'><img width=\"300\" height=\"300\" src=\"https:\/\/franciscanos.org.br\/noticias\/wp-content\/uploads\/2024\/07\/COLATINA-7-300x300.jpg\" class=\"attachment-thumbnail size-thumbnail\" alt=\"\" loading=\"lazy\" srcset=\"https:\/\/franciscanos.org.br\/noticias\/wp-content\/uploads\/2024\/07\/COLATINA-7-300x300.jpg 300w, https:\/\/franciscanos.org.br\/noticias\/wp-content\/uploads\/2024\/07\/COLATINA-7-100x100.jpg 100w\" sizes=\"(max-width: 300px) 100vw, 300px\" \/><\/a>\n\t\t\t<\/dt><\/dl><dl class='gallery-item'>\n\t\t\t<dt class='gallery-icon landscape'>\n\t\t\t\t<a href='https:\/\/franciscanos.org.br\/noticias\/wp-content\/uploads\/2024\/07\/COLATINA-4-scaled.jpg'><img width=\"300\" height=\"300\" src=\"https:\/\/franciscanos.org.br\/noticias\/wp-content\/uploads\/2024\/07\/COLATINA-4-300x300.jpg\" class=\"attachment-thumbnail size-thumbnail\" alt=\"\" loading=\"lazy\" srcset=\"https:\/\/franciscanos.org.br\/noticias\/wp-content\/uploads\/2024\/07\/COLATINA-4-300x300.jpg 300w, https:\/\/franciscanos.org.br\/noticias\/wp-content\/uploads\/2024\/07\/COLATINA-4-100x100.jpg 100w\" sizes=\"(max-width: 300px) 100vw, 300px\" \/><\/a>\n\t\t\t<\/dt><\/dl><br style=\"clear: both\" \/>\n\t\t<\/div>\n\n<p><strong>C\u00f3digo de nobreza da comunidade Sana Clara de Assis<\/strong><\/p>\n<p>O segundo dia do Alverne (30\/06) contou com a participa\u00e7\u00e3o de Edilza Cavalcante. Ela \u00e9 da Ordem Franciscana Secular (OFS), de S\u00e3o Paulo (SP), Fraternidade Santa Clara, e tamb\u00e9m faz parte do Instituto Economia ao Natural.<\/p>\n<p>Com a pergunta &#8220;quem \u00e9 voc\u00ea?&#8221; e em duplas, os jovens e lideran\u00e7as realizaram o exerc\u00edcio de responder a respectiva pergunta. \u201cFalar quem somos independe do que fazemos. Quem somos \u00e9 muito maior do que n\u00f3s. Voc\u00ea n\u00e3o \u00e9 o que voc\u00ea faz. Voc\u00ea pode fazer tudo aquilo que voc\u00ea \u00e9 se voc\u00ea acessar essa ess\u00eancia. E o que isso tem a ver com o Alverne?\u201d, perguntou Ziza, como \u00e9 conhecida.<\/p>\n<p>\u201cNo mundo l\u00e1 fora, diferente desse ambiente em que estamos aqui t\u00e3o \u00e0 vontade, mas l\u00e1 no trabalho, na escola, onde o mundo coloca expectativas do ter e do fazer, muito acima do ser e para respondermos a essas expectativas vamos colocando energia. O mundo vai nos for\u00e7ando a deixar nossa crian\u00e7a no passado. L\u00e1 fora cabe a dancinha (dan\u00e7a da amizade) que fizemos? O mundo nos faz ficar duros, chatos, e n\u00f3s precisamos produzir, fazer\u201d, explicou.<img loading=\"lazy\" class=\"size-medium wp-image-248765 alignright\" src=\"https:\/\/franciscanos.org.br\/noticias\/wp-content\/uploads\/2024\/07\/COLATINA-11-450x338.jpg\" alt=\"\" width=\"450\" height=\"338\" srcset=\"https:\/\/franciscanos.org.br\/noticias\/wp-content\/uploads\/2024\/07\/COLATINA-11-450x338.jpg 450w, https:\/\/franciscanos.org.br\/noticias\/wp-content\/uploads\/2024\/07\/COLATINA-11-1024x768.jpg 1024w, https:\/\/franciscanos.org.br\/noticias\/wp-content\/uploads\/2024\/07\/COLATINA-11-768x576.jpg 768w, https:\/\/franciscanos.org.br\/noticias\/wp-content\/uploads\/2024\/07\/COLATINA-11-1536x1152.jpg 1536w, https:\/\/franciscanos.org.br\/noticias\/wp-content\/uploads\/2024\/07\/COLATINA-11-2048x1536.jpg 2048w, https:\/\/franciscanos.org.br\/noticias\/wp-content\/uploads\/2024\/07\/COLATINA-11-150x113.jpg 150w, https:\/\/franciscanos.org.br\/noticias\/wp-content\/uploads\/2024\/07\/COLATINA-11-600x450.jpg 600w, https:\/\/franciscanos.org.br\/noticias\/wp-content\/uploads\/2024\/07\/COLATINA-11-scaled.jpg 1440w\" sizes=\"(max-width: 450px) 100vw, 450px\" \/><\/p>\n<p>Segundo ela, quando nos distanciamos de quem somos, adoecemos. \u201cE a\u00ed chega uma hora que a gente nem lembra quem \u00e9. O que vamos fazer hoje \u00e9 trazer nossa crian\u00e7a, nossa ess\u00eancia, todo o nosso potencial de volta\u201d, frisou. \u201cQuanto mais nos ligarmos a isso, quanto mais n\u00f3s formos quem n\u00f3s somos, quanto mais plenitude n\u00f3s termos na vida &#8211; ainda que n\u00e3o tenhamos um carro, uma casa, um bem material -, \u201cQuanto mais soubermos responder a essa pergunta, melhor e plenamente poderemos viver como pessoas. E ent\u00e3o, isso tudo tem a ver com Alverne\u201d, completou.<\/p>\n<p>Sobre o c\u00f3digo de nobreza, Ziza usou da imagem de uma \u00e1rvore. Na raiz est\u00e3o os valores, a ess\u00eancia, o presente que Deus colocou quando cada um veio para o mundo. E assim, convidou os participantes a escolherem cinco valores.<\/p>\n<p>\u201cA raiz da \u00e1rvore \u00e9 o que a mant\u00e9m em p\u00e9. A raiz \u00e9 muito maior que a \u00e1rvore em si. Somos assim tamb\u00e9m. Se nossa raiz \u00e9 forte, aguentamos o tranco da vida\u201d, mencionou. \u201cAs \u00e1rvores se comunicam pela raiz e n\u00f3s tamb\u00e9m assim o fazemos. Se tivermos ra\u00edzes entrela\u00e7adas seremos uma comunidade que tem uma causa, um prop\u00f3sito. Uma comunidade s\u00e3o pessoas que se reconhecem pela raiz e se conectam. E quem somos n\u00f3s na comunidade? Comunidade \u00e9 a jun\u00e7\u00e3o dos valores de cada pessoa que faz parte dela\u201d.<\/p>\n<p>Desta forma, Ziza conduziu a reflex\u00e3o durante a composi\u00e7\u00e3o do c\u00f3digo de nobreza. E, ap\u00f3s a escolha dos cinco valores individuais, os participantes escolheram cinco valores comunit\u00e1rios e em grupos estabeleceram a\u00e7\u00f5es concretas a partir dos mesmos. E assim nasceu o C\u00f3digo de Nobreza da Comunidade Santa Clara de Assis, que contemplou em suas ra\u00edzes palavras como \u201calegria\u201d, \u201cpartilha\u201d, \u201cuni\u00e3o\u201d, \u201cdiscernimento\u201d e &#8220;compaix\u00e3o\u201d.<\/p>\n<p>J\u00e1 na Igreja da Comunidade S\u00e3o Vicente, Frei Vitorio conduziu o encerramento do encontro com a b\u00ean\u00e7\u00e3o das t\u00fanicas e a investidura. De um a um, os jovens e lideran\u00e7as apresentaram-se diante do Frei Vitorio j\u00e1 revestidos da veste camponesa e com o C\u00f3digo de Nobreza. E, com a imposi\u00e7\u00e3o da espada sobre os ombros, os jovens foram recordados do compromisso de crescer na virtude, tanto individualmente como de forma comunit\u00e1ria.<\/p>\n<p>Ap\u00f3s este rico momento, Frei Augusto agradeceu a Frei Vitorio e toda sua equipe pelo encontro e em nome da comunidade manifestou o desejo de continuidade do itiner\u00e1rio proposto para o Alverne Provincial. Tamb\u00e9m agradeceu toda comunidades e os participantes, bem como aqueles que trabalharam na realiza\u00e7\u00e3o do mesmo. O evento terminou com o almo\u00e7o.<\/p>\n\n\t\t<style type=\"text\/css\">\n\t\t\t#gallery-3 {\n\t\t\t\tmargin: auto;\n\t\t\t}\n\t\t\t#gallery-3 .gallery-item {\n\t\t\t\tfloat: left;\n\t\t\t\tmargin-top: 10px;\n\t\t\t\ttext-align: center;\n\t\t\t\twidth: 25%;\n\t\t\t}\n\t\t\t#gallery-3 img {\n\t\t\t\tborder: 2px solid #cfcfcf;\n\t\t\t}\n\t\t\t#gallery-3 .gallery-caption {\n\t\t\t\tmargin-left: 0;\n\t\t\t}\n\t\t\t\/* see gallery_shortcode() in wp-includes\/media.php *\/\n\t\t<\/style>\n\t\t<div id='gallery-3' class='gallery galleryid-248746 gallery-columns-4 gallery-size-thumbnail'><dl class='gallery-item'>\n\t\t\t<dt class='gallery-icon portrait'>\n\t\t\t\t<a href='https:\/\/franciscanos.org.br\/noticias\/wp-content\/uploads\/2024\/07\/COLATINA-9-scaled.jpg'><img width=\"300\" height=\"300\" src=\"https:\/\/franciscanos.org.br\/noticias\/wp-content\/uploads\/2024\/07\/COLATINA-9-300x300.jpg\" class=\"attachment-thumbnail size-thumbnail\" alt=\"\" loading=\"lazy\" srcset=\"https:\/\/franciscanos.org.br\/noticias\/wp-content\/uploads\/2024\/07\/COLATINA-9-300x300.jpg 300w, https:\/\/franciscanos.org.br\/noticias\/wp-content\/uploads\/2024\/07\/COLATINA-9-100x100.jpg 100w\" sizes=\"(max-width: 300px) 100vw, 300px\" \/><\/a>\n\t\t\t<\/dt><\/dl><dl class='gallery-item'>\n\t\t\t<dt class='gallery-icon landscape'>\n\t\t\t\t<a href='https:\/\/franciscanos.org.br\/noticias\/wp-content\/uploads\/2024\/07\/COLATINA-10-scaled.jpg'><img width=\"300\" height=\"300\" src=\"https:\/\/franciscanos.org.br\/noticias\/wp-content\/uploads\/2024\/07\/COLATINA-10-300x300.jpg\" class=\"attachment-thumbnail size-thumbnail\" alt=\"\" loading=\"lazy\" srcset=\"https:\/\/franciscanos.org.br\/noticias\/wp-content\/uploads\/2024\/07\/COLATINA-10-300x300.jpg 300w, https:\/\/franciscanos.org.br\/noticias\/wp-content\/uploads\/2024\/07\/COLATINA-10-100x100.jpg 100w\" sizes=\"(max-width: 300px) 100vw, 300px\" \/><\/a>\n\t\t\t<\/dt><\/dl><dl class='gallery-item'>\n\t\t\t<dt class='gallery-icon portrait'>\n\t\t\t\t<a href='https:\/\/franciscanos.org.br\/noticias\/wp-content\/uploads\/2024\/07\/COLATINA-13-scaled.jpg'><img width=\"300\" height=\"300\" src=\"https:\/\/franciscanos.org.br\/noticias\/wp-content\/uploads\/2024\/07\/COLATINA-13-300x300.jpg\" class=\"attachment-thumbnail size-thumbnail\" alt=\"\" loading=\"lazy\" srcset=\"https:\/\/franciscanos.org.br\/noticias\/wp-content\/uploads\/2024\/07\/COLATINA-13-300x300.jpg 300w, https:\/\/franciscanos.org.br\/noticias\/wp-content\/uploads\/2024\/07\/COLATINA-13-100x100.jpg 100w\" sizes=\"(max-width: 300px) 100vw, 300px\" \/><\/a>\n\t\t\t<\/dt><\/dl><dl class='gallery-item'>\n\t\t\t<dt class='gallery-icon portrait'>\n\t\t\t\t<a href='https:\/\/franciscanos.org.br\/noticias\/wp-content\/uploads\/2024\/07\/COLATINA-14-scaled.jpg'><img width=\"300\" height=\"300\" src=\"https:\/\/franciscanos.org.br\/noticias\/wp-content\/uploads\/2024\/07\/COLATINA-14-300x300.jpg\" class=\"attachment-thumbnail size-thumbnail\" alt=\"\" loading=\"lazy\" srcset=\"https:\/\/franciscanos.org.br\/noticias\/wp-content\/uploads\/2024\/07\/COLATINA-14-300x300.jpg 300w, https:\/\/franciscanos.org.br\/noticias\/wp-content\/uploads\/2024\/07\/COLATINA-14-100x100.jpg 100w\" sizes=\"(max-width: 300px) 100vw, 300px\" \/><\/a>\n\t\t\t<\/dt><\/dl><br style=\"clear: both\" \/>\n\t\t<\/div>\n\n<hr \/>\n<p><em>Frei Augusto Luiz Gabriel<\/em><\/p>\n<p><iframe loading=\"lazy\" title=\"YouTube video player\" src=\"https:\/\/www.youtube.com\/embed\/DN5wa-k3caU?si=2tQivBqvGaXl6i40\" width=\"100%\" height=\"480\" frameborder=\"0\" allowfullscreen=\"allowfullscreen\"><span data-mce-type=\"bookmark\" style=\"display: inline-block; width: 0px; overflow: hidden; line-height: 0;\" class=\"mce_SELRES_start\">\ufeff<\/span><\/iframe><\/p>\n","protected":false},"excerpt":{"rendered":"<p>O caminho da espiritualidade franciscana<\/p>\n","protected":false},"author":11,"featured_media":248753,"comment_status":"open","ping_status":"open","sticky":false,"template":"","format":"standard","meta":[],"categories":[1],"tags":[923,356,2178],"acf":[],"yoast_head":"<!-- This site is optimized with the Yoast SEO plugin v19.2 - https:\/\/yoast.com\/wordpress\/plugins\/seo\/ -->\n<title>Encontro do \u201cAlverne\u201d deixa um legado de \u2018Virtuosidade Franciscana\u2019 - Not\u00edcias - Franciscanos<\/title>\n<meta name=\"robots\" content=\"index, follow, max-snippet:-1, max-image-preview:large, max-video-preview:-1\" \/>\n<link rel=\"canonical\" href=\"https:\/\/franciscanos.org.br\/noticias\/encontro-do-alverne-deixa-um-legado-de-virtuosidade-franciscana.html\" \/>\n<meta property=\"og:locale\" content=\"pt_BR\" \/>\n<meta property=\"og:type\" content=\"article\" \/>\n<meta property=\"og:title\" content=\"Encontro do \u201cAlverne\u201d deixa um legado de \u2018Virtuosidade Franciscana\u2019 - Not\u00edcias - Franciscanos\" \/>\n<meta property=\"og:description\" content=\"O caminho da espiritualidade franciscana\" \/>\n<meta property=\"og:url\" content=\"https:\/\/franciscanos.org.br\/noticias\/encontro-do-alverne-deixa-um-legado-de-virtuosidade-franciscana.html\" \/>\n<meta property=\"og:site_name\" content=\"Not\u00edcias - Franciscanos\" \/>\n<meta property=\"article:published_time\" content=\"2024-07-01T16:48:15+00:00\" \/>\n<meta property=\"article:modified_time\" content=\"2025-03-28T02:13:35+00:00\" \/>\n<meta property=\"og:image\" content=\"https:\/\/franciscanos.org.br\/noticias\/wp-content\/uploads\/2024\/07\/COLATINA-15-scaled.jpg\" \/>\n\t<meta property=\"og:image:width\" content=\"1440\" \/>\n\t<meta property=\"og:image:height\" content=\"1080\" \/>\n\t<meta property=\"og:image:type\" content=\"image\/jpeg\" \/>\n<meta name=\"author\" content=\"Adriana Rabelo\" \/>\n<meta name=\"twitter:card\" content=\"summary_large_image\" \/>\n<meta name=\"twitter:label1\" content=\"Escrito por\" \/>\n\t<meta name=\"twitter:data1\" content=\"Adriana Rabelo\" \/>\n\t<meta name=\"twitter:label2\" content=\"Est. tempo de leitura\" \/>\n\t<meta name=\"twitter:data2\" content=\"11 minutos\" \/>\n<script type=\"application\/ld+json\" class=\"yoast-schema-graph\">{\"@context\":\"https:\/\/schema.org\",\"@graph\":[{\"@type\":\"WebSite\",\"@id\":\"https:\/\/franciscanos.org.br\/noticias\/#website\",\"url\":\"https:\/\/franciscanos.org.br\/noticias\/\",\"name\":\"Not\u00edcias - Franciscanos\",\"description\":\"Prov\u00edncia Franciscana da Imaculada Concei\u00e7\u00e3o do Brasil - Ordem dos Frades Menores - OFM\",\"potentialAction\":[{\"@type\":\"SearchAction\",\"target\":{\"@type\":\"EntryPoint\",\"urlTemplate\":\"https:\/\/franciscanos.org.br\/noticias\/?s={search_term_string}\"},\"query-input\":\"required name=search_term_string\"}],\"inLanguage\":\"pt-BR\"},{\"@type\":\"ImageObject\",\"inLanguage\":\"pt-BR\",\"@id\":\"https:\/\/franciscanos.org.br\/noticias\/encontro-do-alverne-deixa-um-legado-de-virtuosidade-franciscana.html#primaryimage\",\"url\":\"https:\/\/franciscanos.org.br\/noticias\/wp-content\/uploads\/2024\/07\/COLATINA-15-scaled.jpg\",\"contentUrl\":\"https:\/\/franciscanos.org.br\/noticias\/wp-content\/uploads\/2024\/07\/COLATINA-15-scaled.jpg\",\"width\":1440,\"height\":1080},{\"@type\":\"WebPage\",\"@id\":\"https:\/\/franciscanos.org.br\/noticias\/encontro-do-alverne-deixa-um-legado-de-virtuosidade-franciscana.html#webpage\",\"url\":\"https:\/\/franciscanos.org.br\/noticias\/encontro-do-alverne-deixa-um-legado-de-virtuosidade-franciscana.html\",\"name\":\"Encontro do \u201cAlverne\u201d deixa um legado de \u2018Virtuosidade Franciscana\u2019 - Not\u00edcias - Franciscanos\",\"isPartOf\":{\"@id\":\"https:\/\/franciscanos.org.br\/noticias\/#website\"},\"primaryImageOfPage\":{\"@id\":\"https:\/\/franciscanos.org.br\/noticias\/encontro-do-alverne-deixa-um-legado-de-virtuosidade-franciscana.html#primaryimage\"},\"datePublished\":\"2024-07-01T16:48:15+00:00\",\"dateModified\":\"2025-03-28T02:13:35+00:00\",\"author\":{\"@id\":\"https:\/\/franciscanos.org.br\/noticias\/#\/schema\/person\/d9422e83121c3ad3b0f423d195f5bb25\"},\"breadcrumb\":{\"@id\":\"https:\/\/franciscanos.org.br\/noticias\/encontro-do-alverne-deixa-um-legado-de-virtuosidade-franciscana.html#breadcrumb\"},\"inLanguage\":\"pt-BR\",\"potentialAction\":[{\"@type\":\"ReadAction\",\"target\":[\"https:\/\/franciscanos.org.br\/noticias\/encontro-do-alverne-deixa-um-legado-de-virtuosidade-franciscana.html\"]}]},{\"@type\":\"BreadcrumbList\",\"@id\":\"https:\/\/franciscanos.org.br\/noticias\/encontro-do-alverne-deixa-um-legado-de-virtuosidade-franciscana.html#breadcrumb\",\"itemListElement\":[{\"@type\":\"ListItem\",\"position\":1,\"name\":\"Home\",\"item\":\"https:\/\/franciscanos.org.br\/noticias\"},{\"@type\":\"ListItem\",\"position\":2,\"name\":\"Encontro do \u201cAlverne\u201d deixa um legado de \u2018Virtuosidade Franciscana\u2019\"}]},{\"@type\":\"Person\",\"@id\":\"https:\/\/franciscanos.org.br\/noticias\/#\/schema\/person\/d9422e83121c3ad3b0f423d195f5bb25\",\"name\":\"Adriana Rabelo\",\"image\":{\"@type\":\"ImageObject\",\"inLanguage\":\"pt-BR\",\"@id\":\"https:\/\/franciscanos.org.br\/noticias\/#\/schema\/person\/image\/\",\"url\":\"https:\/\/secure.gravatar.com\/avatar\/0a937b7500cd7df77540cfb8bede877d?s=96&d=mm&r=g\",\"contentUrl\":\"https:\/\/secure.gravatar.com\/avatar\/0a937b7500cd7df77540cfb8bede877d?s=96&d=mm&r=g\",\"caption\":\"Adriana Rabelo\"},\"url\":\"https:\/\/franciscanos.org.br\/noticias\/author\/adrianarabelo\"}]}<\/script>\n<!-- \/ Yoast SEO plugin. -->","yoast_head_json":{"title":"Encontro do \u201cAlverne\u201d deixa um legado de \u2018Virtuosidade Franciscana\u2019 - Not\u00edcias - Franciscanos","robots":{"index":"index","follow":"follow","max-snippet":"max-snippet:-1","max-image-preview":"max-image-preview:large","max-video-preview":"max-video-preview:-1"},"canonical":"https:\/\/franciscanos.org.br\/noticias\/encontro-do-alverne-deixa-um-legado-de-virtuosidade-franciscana.html","og_locale":"pt_BR","og_type":"article","og_title":"Encontro do \u201cAlverne\u201d deixa um legado de \u2018Virtuosidade Franciscana\u2019 - Not\u00edcias - Franciscanos","og_description":"O caminho da espiritualidade franciscana","og_url":"https:\/\/franciscanos.org.br\/noticias\/encontro-do-alverne-deixa-um-legado-de-virtuosidade-franciscana.html","og_site_name":"Not\u00edcias - Franciscanos","article_published_time":"2024-07-01T16:48:15+00:00","article_modified_time":"2025-03-28T02:13:35+00:00","og_image":[{"width":1440,"height":1080,"url":"https:\/\/franciscanos.org.br\/noticias\/wp-content\/uploads\/2024\/07\/COLATINA-15-scaled.jpg","type":"image\/jpeg"}],"author":"Adriana Rabelo","twitter_card":"summary_large_image","twitter_misc":{"Escrito por":"Adriana Rabelo","Est. tempo de leitura":"11 minutos"},"schema":{"@context":"https:\/\/schema.org","@graph":[{"@type":"WebSite","@id":"https:\/\/franciscanos.org.br\/noticias\/#website","url":"https:\/\/franciscanos.org.br\/noticias\/","name":"Not\u00edcias - Franciscanos","description":"Prov\u00edncia Franciscana da Imaculada Concei\u00e7\u00e3o do Brasil - Ordem dos Frades Menores - OFM","potentialAction":[{"@type":"SearchAction","target":{"@type":"EntryPoint","urlTemplate":"https:\/\/franciscanos.org.br\/noticias\/?s={search_term_string}"},"query-input":"required name=search_term_string"}],"inLanguage":"pt-BR"},{"@type":"ImageObject","inLanguage":"pt-BR","@id":"https:\/\/franciscanos.org.br\/noticias\/encontro-do-alverne-deixa-um-legado-de-virtuosidade-franciscana.html#primaryimage","url":"https:\/\/franciscanos.org.br\/noticias\/wp-content\/uploads\/2024\/07\/COLATINA-15-scaled.jpg","contentUrl":"https:\/\/franciscanos.org.br\/noticias\/wp-content\/uploads\/2024\/07\/COLATINA-15-scaled.jpg","width":1440,"height":1080},{"@type":"WebPage","@id":"https:\/\/franciscanos.org.br\/noticias\/encontro-do-alverne-deixa-um-legado-de-virtuosidade-franciscana.html#webpage","url":"https:\/\/franciscanos.org.br\/noticias\/encontro-do-alverne-deixa-um-legado-de-virtuosidade-franciscana.html","name":"Encontro do \u201cAlverne\u201d deixa um legado de \u2018Virtuosidade Franciscana\u2019 - Not\u00edcias - Franciscanos","isPartOf":{"@id":"https:\/\/franciscanos.org.br\/noticias\/#website"},"primaryImageOfPage":{"@id":"https:\/\/franciscanos.org.br\/noticias\/encontro-do-alverne-deixa-um-legado-de-virtuosidade-franciscana.html#primaryimage"},"datePublished":"2024-07-01T16:48:15+00:00","dateModified":"2025-03-28T02:13:35+00:00","author":{"@id":"https:\/\/franciscanos.org.br\/noticias\/#\/schema\/person\/d9422e83121c3ad3b0f423d195f5bb25"},"breadcrumb":{"@id":"https:\/\/franciscanos.org.br\/noticias\/encontro-do-alverne-deixa-um-legado-de-virtuosidade-franciscana.html#breadcrumb"},"inLanguage":"pt-BR","potentialAction":[{"@type":"ReadAction","target":["https:\/\/franciscanos.org.br\/noticias\/encontro-do-alverne-deixa-um-legado-de-virtuosidade-franciscana.html"]}]},{"@type":"BreadcrumbList","@id":"https:\/\/franciscanos.org.br\/noticias\/encontro-do-alverne-deixa-um-legado-de-virtuosidade-franciscana.html#breadcrumb","itemListElement":[{"@type":"ListItem","position":1,"name":"Home","item":"https:\/\/franciscanos.org.br\/noticias"},{"@type":"ListItem","position":2,"name":"Encontro do \u201cAlverne\u201d deixa um legado de \u2018Virtuosidade Franciscana\u2019"}]},{"@type":"Person","@id":"https:\/\/franciscanos.org.br\/noticias\/#\/schema\/person\/d9422e83121c3ad3b0f423d195f5bb25","name":"Adriana Rabelo","image":{"@type":"ImageObject","inLanguage":"pt-BR","@id":"https:\/\/franciscanos.org.br\/noticias\/#\/schema\/person\/image\/","url":"https:\/\/secure.gravatar.com\/avatar\/0a937b7500cd7df77540cfb8bede877d?s=96&d=mm&r=g","contentUrl":"https:\/\/secure.gravatar.com\/avatar\/0a937b7500cd7df77540cfb8bede877d?s=96&d=mm&r=g","caption":"Adriana Rabelo"},"url":"https:\/\/franciscanos.org.br\/noticias\/author\/adrianarabelo"}]}},"_links":{"self":[{"href":"https:\/\/franciscanos.org.br\/noticias\/wp-json\/wp\/v2\/posts\/248746"}],"collection":[{"href":"https:\/\/franciscanos.org.br\/noticias\/wp-json\/wp\/v2\/posts"}],"about":[{"href":"https:\/\/franciscanos.org.br\/noticias\/wp-json\/wp\/v2\/types\/post"}],"author":[{"embeddable":true,"href":"https:\/\/franciscanos.org.br\/noticias\/wp-json\/wp\/v2\/users\/11"}],"replies":[{"embeddable":true,"href":"https:\/\/franciscanos.org.br\/noticias\/wp-json\/wp\/v2\/comments?post=248746"}],"version-history":[{"count":6,"href":"https:\/\/franciscanos.org.br\/noticias\/wp-json\/wp\/v2\/posts\/248746\/revisions"}],"predecessor-version":[{"id":248853,"href":"https:\/\/franciscanos.org.br\/noticias\/wp-json\/wp\/v2\/posts\/248746\/revisions\/248853"}],"wp:featuredmedia":[{"embeddable":true,"href":"https:\/\/franciscanos.org.br\/noticias\/wp-json\/wp\/v2\/media\/248753"}],"wp:attachment":[{"href":"https:\/\/franciscanos.org.br\/noticias\/wp-json\/wp\/v2\/media?parent=248746"}],"wp:term":[{"taxonomy":"category","embeddable":true,"href":"https:\/\/franciscanos.org.br\/noticias\/wp-json\/wp\/v2\/categories?post=248746"},{"taxonomy":"post_tag","embeddable":true,"href":"https:\/\/franciscanos.org.br\/noticias\/wp-json\/wp\/v2\/tags?post=248746"}],"curies":[{"name":"wp","href":"https:\/\/api.w.org\/{rel}","templated":true}]}}