{"id":248701,"date":"2024-06-28T12:25:09","date_gmt":"2024-06-28T15:25:09","guid":{"rendered":"https:\/\/franciscanos.org.br\/noticias\/?p=248701"},"modified":"2024-06-28T12:25:09","modified_gmt":"2024-06-28T15:25:09","slug":"novas-formas-de-evangelizacao-na-america-latina-comissao-conclui-semana-de-trabalho-no-brasil","status":"publish","type":"post","link":"https:\/\/franciscanos.org.br\/noticias\/novas-formas-de-evangelizacao-na-america-latina-comissao-conclui-semana-de-trabalho-no-brasil.html","title":{"rendered":"Novas formas de evangeliza\u00e7\u00e3o na Am\u00e9rica- Latina: Comiss\u00e3o conclu\u00ed semana de trabalho no Brasil"},"content":{"rendered":"<p><img loading=\"lazy\" class=\"aligncenter wp-image-248702 size-full\" src=\"https:\/\/franciscanos.org.br\/noticias\/wp-content\/uploads\/2024\/06\/WhatsApp-Image-2024-06-28-at-11.50.39.jpeg\" alt=\"\" width=\"1280\" height=\"589\" srcset=\"https:\/\/franciscanos.org.br\/noticias\/wp-content\/uploads\/2024\/06\/WhatsApp-Image-2024-06-28-at-11.50.39.jpeg 1280w, https:\/\/franciscanos.org.br\/noticias\/wp-content\/uploads\/2024\/06\/WhatsApp-Image-2024-06-28-at-11.50.39-450x207.jpeg 450w, https:\/\/franciscanos.org.br\/noticias\/wp-content\/uploads\/2024\/06\/WhatsApp-Image-2024-06-28-at-11.50.39-1024x471.jpeg 1024w, https:\/\/franciscanos.org.br\/noticias\/wp-content\/uploads\/2024\/06\/WhatsApp-Image-2024-06-28-at-11.50.39-768x353.jpeg 768w, https:\/\/franciscanos.org.br\/noticias\/wp-content\/uploads\/2024\/06\/WhatsApp-Image-2024-06-28-at-11.50.39-150x69.jpeg 150w\" sizes=\"(max-width: 1280px) 100vw, 1280px\" \/><\/p>\n<p>Depois de uma s\u00e9rie de encontros <em>on-line <\/em>para atender \u00e0s expectativas do Definit\u00f3rio Geral quando da sua nomea\u00e7\u00e3o, h\u00e1 quase um ano, a Comiss\u00e3o para <strong>Novas formas de presen\u00e7a, vida e evangeliza\u00e7\u00e3o hoje na Am\u00e9rica Latina<\/strong> teve, nesta semana, seu primeiro encontro presencial. A reuni\u00e3o se realizou entre os dias 24 e 28 de junho, na Fraternidade do Convento Santo Ant\u00f4nio do Pari, em S\u00e3o Paulo, SP, da Prov\u00edncia Franciscana da Imaculada Concei\u00e7\u00e3o do Brasil. Junto a esta Fraternidade funciona a sede do Servi\u00e7o Franciscano de Solidariedade (SEFRAS) e a Par\u00f3quia Santo Ant\u00f4nio do Pari. Tamb\u00e9m est\u00e1 interligado a esta presen\u00e7a o trabalho pastoral na Par\u00f3quia Santa Cruz, no Bairro do Jardim Peri, extremo da Zona Norte de S\u00e3o Paulo.<img loading=\"lazy\" class=\"size-medium wp-image-248703 alignright\" src=\"https:\/\/franciscanos.org.br\/noticias\/wp-content\/uploads\/2024\/06\/WhatsApp-Image-2024-06-28-at-11.50.40-3-450x305.jpeg\" alt=\"\" width=\"450\" height=\"305\" srcset=\"https:\/\/franciscanos.org.br\/noticias\/wp-content\/uploads\/2024\/06\/WhatsApp-Image-2024-06-28-at-11.50.40-3-450x305.jpeg 450w, https:\/\/franciscanos.org.br\/noticias\/wp-content\/uploads\/2024\/06\/WhatsApp-Image-2024-06-28-at-11.50.40-3-1024x694.jpeg 1024w, https:\/\/franciscanos.org.br\/noticias\/wp-content\/uploads\/2024\/06\/WhatsApp-Image-2024-06-28-at-11.50.40-3-768x521.jpeg 768w, https:\/\/franciscanos.org.br\/noticias\/wp-content\/uploads\/2024\/06\/WhatsApp-Image-2024-06-28-at-11.50.40-3-150x102.jpeg 150w, https:\/\/franciscanos.org.br\/noticias\/wp-content\/uploads\/2024\/06\/WhatsApp-Image-2024-06-28-at-11.50.40-3.jpeg 1280w\" sizes=\"(max-width: 450px) 100vw, 450px\" \/><\/p>\n<p>Durante os dias de trabalho, o grupo teve a oportunidade de se debru\u00e7ar sobre as respostas do Question\u00e1rio enviado \u00e0s entidades da UCLAF sobre as novas formas de presen\u00e7a, avaliar os encaminhamentos at\u00e9 ent\u00e3o realizados e definir novas a\u00e7\u00f5es em vista de animar e promover a tem\u00e1tica entre os frades latino-americanos. Um intenso programa de visita e intera\u00e7\u00e3o com alguns Servi\u00e7os do SEFRAS, al\u00e9m da oportunidade de conhecer o Santu\u00e1rio Nacional de Aparecida e as atividades no Santu\u00e1rio e Semin\u00e1rio Frei Galv\u00e3o, em Guaratinguet\u00e1, SP, tamb\u00e9m fizeram parte do programa. Dentre as realidades visitadas estiveram o Ch\u00e1 do Padre, junto ao Convento S\u00e3o Francisco, com atendimento \u00e0 Popula\u00e7\u00e3o de Rua, a Casa de Assis, que trabalha na acolhida de migrantes e refugiados, o SEFRAS Peri, com atua\u00e7\u00e3o junto a crian\u00e7as e adolescentes da periferia, e a Par\u00f3quia Santa Cruz.<\/p>\n\n\t\t<style type=\"text\/css\">\n\t\t\t#gallery-1 {\n\t\t\t\tmargin: auto;\n\t\t\t}\n\t\t\t#gallery-1 .gallery-item {\n\t\t\t\tfloat: left;\n\t\t\t\tmargin-top: 10px;\n\t\t\t\ttext-align: center;\n\t\t\t\twidth: 20%;\n\t\t\t}\n\t\t\t#gallery-1 img {\n\t\t\t\tborder: 2px solid #cfcfcf;\n\t\t\t}\n\t\t\t#gallery-1 .gallery-caption {\n\t\t\t\tmargin-left: 0;\n\t\t\t}\n\t\t\t\/* see gallery_shortcode() in wp-includes\/media.php *\/\n\t\t<\/style>\n\t\t<div id='gallery-1' class='gallery galleryid-248701 gallery-columns-5 gallery-size-thumbnail'><dl class='gallery-item'>\n\t\t\t<dt class='gallery-icon landscape'>\n\t\t\t\t<a href='https:\/\/franciscanos.org.br\/noticias\/wp-content\/uploads\/2024\/06\/WhatsApp-Image-2024-06-28-at-11.50.40-3.jpeg'><img width=\"300\" height=\"300\" src=\"https:\/\/franciscanos.org.br\/noticias\/wp-content\/uploads\/2024\/06\/WhatsApp-Image-2024-06-28-at-11.50.40-3-300x300.jpeg\" class=\"attachment-thumbnail size-thumbnail\" alt=\"\" loading=\"lazy\" srcset=\"https:\/\/franciscanos.org.br\/noticias\/wp-content\/uploads\/2024\/06\/WhatsApp-Image-2024-06-28-at-11.50.40-3-300x300.jpeg 300w, https:\/\/franciscanos.org.br\/noticias\/wp-content\/uploads\/2024\/06\/WhatsApp-Image-2024-06-28-at-11.50.40-3-100x100.jpeg 100w\" sizes=\"(max-width: 300px) 100vw, 300px\" \/><\/a>\n\t\t\t<\/dt><\/dl><dl class='gallery-item'>\n\t\t\t<dt class='gallery-icon landscape'>\n\t\t\t\t<a href='https:\/\/franciscanos.org.br\/noticias\/wp-content\/uploads\/2024\/06\/WhatsApp-Image-2024-06-28-at-11.50.41.jpeg'><img width=\"300\" height=\"300\" src=\"https:\/\/franciscanos.org.br\/noticias\/wp-content\/uploads\/2024\/06\/WhatsApp-Image-2024-06-28-at-11.50.41-300x300.jpeg\" class=\"attachment-thumbnail size-thumbnail\" alt=\"\" loading=\"lazy\" srcset=\"https:\/\/franciscanos.org.br\/noticias\/wp-content\/uploads\/2024\/06\/WhatsApp-Image-2024-06-28-at-11.50.41-300x300.jpeg 300w, https:\/\/franciscanos.org.br\/noticias\/wp-content\/uploads\/2024\/06\/WhatsApp-Image-2024-06-28-at-11.50.41-100x100.jpeg 100w\" sizes=\"(max-width: 300px) 100vw, 300px\" \/><\/a>\n\t\t\t<\/dt><\/dl><dl class='gallery-item'>\n\t\t\t<dt class='gallery-icon landscape'>\n\t\t\t\t<a href='https:\/\/franciscanos.org.br\/noticias\/wp-content\/uploads\/2024\/06\/WhatsApp-Image-2024-06-28-at-11.50.42.jpeg'><img width=\"300\" height=\"300\" src=\"https:\/\/franciscanos.org.br\/noticias\/wp-content\/uploads\/2024\/06\/WhatsApp-Image-2024-06-28-at-11.50.42-300x300.jpeg\" class=\"attachment-thumbnail size-thumbnail\" alt=\"\" loading=\"lazy\" srcset=\"https:\/\/franciscanos.org.br\/noticias\/wp-content\/uploads\/2024\/06\/WhatsApp-Image-2024-06-28-at-11.50.42-300x300.jpeg 300w, https:\/\/franciscanos.org.br\/noticias\/wp-content\/uploads\/2024\/06\/WhatsApp-Image-2024-06-28-at-11.50.42-100x100.jpeg 100w\" sizes=\"(max-width: 300px) 100vw, 300px\" \/><\/a>\n\t\t\t<\/dt><\/dl><dl class='gallery-item'>\n\t\t\t<dt class='gallery-icon landscape'>\n\t\t\t\t<a href='https:\/\/franciscanos.org.br\/noticias\/wp-content\/uploads\/2024\/06\/WhatsApp-Image-2024-06-28-at-11.50.41-6.jpeg'><img width=\"300\" height=\"300\" src=\"https:\/\/franciscanos.org.br\/noticias\/wp-content\/uploads\/2024\/06\/WhatsApp-Image-2024-06-28-at-11.50.41-6-300x300.jpeg\" class=\"attachment-thumbnail size-thumbnail\" alt=\"\" loading=\"lazy\" srcset=\"https:\/\/franciscanos.org.br\/noticias\/wp-content\/uploads\/2024\/06\/WhatsApp-Image-2024-06-28-at-11.50.41-6-300x300.jpeg 300w, https:\/\/franciscanos.org.br\/noticias\/wp-content\/uploads\/2024\/06\/WhatsApp-Image-2024-06-28-at-11.50.41-6-100x100.jpeg 100w\" sizes=\"(max-width: 300px) 100vw, 300px\" \/><\/a>\n\t\t\t<\/dt><\/dl><dl class='gallery-item'>\n\t\t\t<dt class='gallery-icon landscape'>\n\t\t\t\t<a href='https:\/\/franciscanos.org.br\/noticias\/wp-content\/uploads\/2024\/06\/WhatsApp-Image-2024-06-28-at-11.50.40.jpeg'><img width=\"300\" height=\"300\" src=\"https:\/\/franciscanos.org.br\/noticias\/wp-content\/uploads\/2024\/06\/WhatsApp-Image-2024-06-28-at-11.50.40-300x300.jpeg\" class=\"attachment-thumbnail size-thumbnail\" alt=\"\" loading=\"lazy\" srcset=\"https:\/\/franciscanos.org.br\/noticias\/wp-content\/uploads\/2024\/06\/WhatsApp-Image-2024-06-28-at-11.50.40-300x300.jpeg 300w, https:\/\/franciscanos.org.br\/noticias\/wp-content\/uploads\/2024\/06\/WhatsApp-Image-2024-06-28-at-11.50.40-100x100.jpeg 100w\" sizes=\"(max-width: 300px) 100vw, 300px\" \/><\/a>\n\t\t\t<\/dt><\/dl><br style=\"clear: both\" \/>\n\t\t<\/div>\n\n<p><strong>Question\u00e1rio revelou diversidade de presen\u00e7as<\/strong><\/p>\n<p>Com ades\u00e3o da maior parte das entidades da UCLAF, embora algumas n\u00e3o o tenham respondido, o question\u00e1rio aplicado revelou a multiplicidade do campo de presen\u00e7a nas novas formas de evangeliza\u00e7\u00e3o. Abaixo, a lista das linhas e tend\u00eancias que apareceram nas respostas:<\/p>\n<p>&#8211; Presen\u00e7as tradicionais com fraternidades inseridas em lugares de fratura social (par\u00f3quias, educa\u00e7\u00e3o, sa\u00fade etc.);<\/p>\n<p>&#8211; Presen\u00e7a e partilha de vida com migrantes e refugiados em diversas circunst\u00e2ncias;<\/p>\n<p>&#8211; Defesa de Direitos Humanos, promo\u00e7\u00e3o da justi\u00e7a e den\u00fancias de amea\u00e7as ambientais e sociais;<\/p>\n<p>&#8211; Presen\u00e7a e partilha de vida com povos origin\u00e1rios e \u00e9tnicos (Amaz\u00f4nia e outros);<\/p>\n<p>&#8211; Promo\u00e7\u00e3o de boas pr\u00e1ticas de cuidado com a Casa Comum (agricultura familiar, distribui\u00e7\u00e3o de terras, vida simples, alternativas ao consumismo);<\/p>\n<p>&#8211; Acolhida e partilha de vida com irm\u00e3os em situa\u00e7\u00e3o de vulnerabilidade e minorias (situa\u00e7\u00e3o de rua, prostitui\u00e7\u00e3o, LGBTQIA+, v\u00edtimas de racismo e exclus\u00e3o, crian\u00e7as abandonadas, idosos etc.);<\/p>\n<p>&#8211; Casas de ora\u00e7\u00e3o e eremit\u00e9rios;<\/p>\n<p>&#8211; Centros de acolhida e forma\u00e7\u00e3o para jovens;<\/p>\n<p>&#8211; Centros de forma\u00e7\u00e3o para mission\u00e1rios leigos e fam\u00edlias mission\u00e1rias;<\/p>\n<p>&#8211; Santu\u00e1rios como centros de irradia\u00e7\u00e3o do carisma, di\u00e1logo com a sociedade e promo\u00e7\u00e3o dos valores da justi\u00e7a, da paz e do cuidado com a cria\u00e7\u00e3o;<\/p>\n<p>&#8211; Elimina\u00e7\u00e3o da Hansen\u00edase;<\/p>\n<p>&#8211; Di\u00e1logo ecum\u00eanico, inter-religioso e com outros setores da sociedade;<\/p>\n<p>&#8211; Promo\u00e7\u00e3o e acolhida de volunt\u00e1rios para trabalhos de solidariedade.<strong>\u00a0\u00a0\u00a0\u00a0\u00a0\u00a0\u00a0\u00a0\u00a0\u00a0\u00a0 <\/strong><\/p>\n<p>Tal diversidade foi avaliada pela comiss\u00e3o de forma positiva, como express\u00e3o da sensibilidade que os frades t\u00eam procurado cultivar diante dos apelos dos tempos atuais. Dentre as tarefas principais que a comiss\u00e3o tem pela frente, foram destacadas:<\/p>\n<p>&#8211; Animar e incentivar frades dispostos a assumir e viver novas formas;<\/p>\n<p>&#8211; Promover a comunh\u00e3o, o di\u00e1logo e a interajuda entre as presen\u00e7as evangelizadoras a partir das exig\u00eancias dos novos tempos;<\/p>\n<p>&#8211; Provocar a reflex\u00e3o sobre as novas formas a partir dos novos desafios para a Evangeliza\u00e7\u00e3o;<\/p>\n<p>&#8211; Sugerir e promover formas de dinamizar o carisma junto a diferentes p\u00fablicos;<\/p>\n<p>&#8211; Conscientizar os frades e as fraternidades (locais e provinciais) em rela\u00e7\u00e3o \u00e0 legitimidade e \u00e0 import\u00e2ncia da integra\u00e7\u00e3o das novas formas.<\/p>\n<p>Para iluminar a reflex\u00e3o dos temas, a comiss\u00e3o contou ainda com a colabora\u00e7\u00e3o do Professor Alan Coelho, da Universidade S\u00e3o Francisco, Doutor em Ci\u00eancias da Religi\u00e3o pela Universidade Metodista de S\u00e3o Paulo (UMESP), que abordou o tema \u201cDesafios da Miss\u00e3o e Evangeliza\u00e7\u00e3o hoje na Am\u00e9rica Latina\u201d. O Professor, que tem como objeto de pesquisa o \u201cCapitalismo enquanto religi\u00e3o\u201d, a partir da abordagem de Walter Benjamin, trouxe elementos que refor\u00e7aram a urg\u00eancia de que a Miss\u00e3o Evangelizadora na Am\u00e9rica Latina responda de forma mais efetiva os apelos do Papa Francisco, na supera\u00e7\u00e3o das injusti\u00e7as, da viol\u00eancia, do descarte das pessoas e da destrui\u00e7\u00e3o do meio ambiente em favor da constru\u00e7\u00e3o de uma cultura de paz.<\/p>\n<p>Dentre as tem\u00e1ticas com as quais a comiss\u00e3o deve continuar se ocupando prioritariamente, apareceram:<\/p>\n<p>&#8211; Animar as entidades a inaugurarem uma nova fraternidade inserida entre os pobres at\u00e9 2027.<\/p>\n<p>&#8211; Incentivar os Secretariados para Evangeliza\u00e7\u00e3o e Miss\u00e3o trabalhem em profundidade este tema nas respectivas entidades.<\/p>\n<p>&#8211; Proporcionar que os frades e fraternidades cres\u00e7am na familiaridade com as experi\u00eancias de novas formas que j\u00e1 existam.<\/p>\n<p>&#8211; Refletir sobre a presen\u00e7a da Ordem no mundo digital, incentivando-a a ser cada vez mais de forma profissional, prof\u00e9tica e em comunh\u00e3o.<\/p>\n<p>&#8211; Seguir acompanhando e promovendo a presen\u00e7a da Ordem na Amaz\u00f4nia e o tema da Imigra\u00e7\u00e3o.<\/p>\n<p>Entre os encaminhamentos concretos, destacam-se<\/p>\n<p>&#8211; Proposta de um encontro virtual com a participa\u00e7\u00e3o dos Definidores Gerais para a Am\u00e9rica Latina, os presidentes das Confer\u00eancias Latino-Americanas (Brasil-ConoSur, Bolivariana e Nossa Senhora de Guadalupe) e os Secret\u00e1rios para a Evangeliza\u00e7\u00e3o destas confer\u00eancias, a se realizar no m\u00eas de agosto;<\/p>\n<p>&#8211; Proposta de realiza\u00e7\u00e3o dois encontros, em setembro e outubro, para partilha e divulga\u00e7\u00e3o entre os frades envolvidos com as novas formas;<\/p>\n<p>&#8211; Aprofundamento da comiss\u00e3o nas tem\u00e1ticas da presen\u00e7a na Amaz\u00f4nia, do trabalho com Migrantes e da Evangeliza\u00e7\u00e3o da Juventude;<\/p>\n<p>&#8211; Poss\u00edvel realiza\u00e7\u00e3o de um encontro Latino-Americano sobre novas formas de Evangeliza\u00e7\u00e3o em junho de 2025.<\/p>\n<p>Participaram do encontro os membros da comiss\u00e3o, a saber, Frei Gustavo Wayand Medella (Brasil), coordenador, Frei Rodolfo Cesar Sosa (Argentina), Frei Segundo Paulo Y\u00e9squen Torres (Col\u00f4mbia), Frei Erick Mauricio Cacerez Rivera (El Salvador), al\u00e9m do Secretariado Geral para a Evangeliza\u00e7\u00e3o, Frei Francisco G\u00f3mez, e o Moderador das Miss\u00f5es, Frei Dennis Tayo Tupas. A reuni\u00e3o contou tamb\u00e9m com a participa\u00e7\u00e3o do Definidor Geral para a Am\u00e9rica Latina, Frei C\u00e9sar K\u00fclkamp. Na avalia\u00e7\u00e3o final, os participantes foram un\u00e2nimes em reconhecer o encontro como oportunidade privilegiada para que a Comiss\u00e3o pudesse dar passos importantes na dire\u00e7\u00e3o do cumprimento das expectativas do Definit\u00f3rio Geral quando a nomeou logo ap\u00f3s o Encontro de Lima, Peru, realizado em junho de 2023. Imensa foi tamb\u00e9m a gratid\u00e3o aos irm\u00e3os da Fraternidade do Convento Santo Ant\u00f4nio do Pari, que ofereceram excelente acolhida fraterna e \u00f3tima infraestrutura para que tudo transcorresse bem.<\/p>\n<hr \/>\n<p><em>Frei Gustavo Wayand Medella<\/em><\/p>\n\n\t\t<style type=\"text\/css\">\n\t\t\t#gallery-2 {\n\t\t\t\tmargin: auto;\n\t\t\t}\n\t\t\t#gallery-2 .gallery-item {\n\t\t\t\tfloat: left;\n\t\t\t\tmargin-top: 10px;\n\t\t\t\ttext-align: center;\n\t\t\t\twidth: 20%;\n\t\t\t}\n\t\t\t#gallery-2 img {\n\t\t\t\tborder: 2px solid #cfcfcf;\n\t\t\t}\n\t\t\t#gallery-2 .gallery-caption {\n\t\t\t\tmargin-left: 0;\n\t\t\t}\n\t\t\t\/* see gallery_shortcode() in wp-includes\/media.php *\/\n\t\t<\/style>\n\t\t<div id='gallery-2' class='gallery galleryid-248701 gallery-columns-5 gallery-size-thumbnail'><dl class='gallery-item'>\n\t\t\t<dt class='gallery-icon portrait'>\n\t\t\t\t<a href='https:\/\/franciscanos.org.br\/noticias\/wp-content\/uploads\/2024\/06\/WhatsApp-Image-2024-06-28-at-11.51.33.jpeg'><img width=\"300\" height=\"300\" src=\"https:\/\/franciscanos.org.br\/noticias\/wp-content\/uploads\/2024\/06\/WhatsApp-Image-2024-06-28-at-11.51.33-300x300.jpeg\" class=\"attachment-thumbnail size-thumbnail\" alt=\"\" loading=\"lazy\" srcset=\"https:\/\/franciscanos.org.br\/noticias\/wp-content\/uploads\/2024\/06\/WhatsApp-Image-2024-06-28-at-11.51.33-300x300.jpeg 300w, https:\/\/franciscanos.org.br\/noticias\/wp-content\/uploads\/2024\/06\/WhatsApp-Image-2024-06-28-at-11.51.33-100x100.jpeg 100w\" sizes=\"(max-width: 300px) 100vw, 300px\" \/><\/a>\n\t\t\t<\/dt><\/dl><dl class='gallery-item'>\n\t\t\t<dt class='gallery-icon portrait'>\n\t\t\t\t<a href='https:\/\/franciscanos.org.br\/noticias\/wp-content\/uploads\/2024\/06\/WhatsApp-Image-2024-06-28-at-11.51.32-1.jpeg'><img width=\"300\" height=\"300\" src=\"https:\/\/franciscanos.org.br\/noticias\/wp-content\/uploads\/2024\/06\/WhatsApp-Image-2024-06-28-at-11.51.32-1-300x300.jpeg\" class=\"attachment-thumbnail size-thumbnail\" alt=\"\" loading=\"lazy\" srcset=\"https:\/\/franciscanos.org.br\/noticias\/wp-content\/uploads\/2024\/06\/WhatsApp-Image-2024-06-28-at-11.51.32-1-300x300.jpeg 300w, https:\/\/franciscanos.org.br\/noticias\/wp-content\/uploads\/2024\/06\/WhatsApp-Image-2024-06-28-at-11.51.32-1-100x100.jpeg 100w\" sizes=\"(max-width: 300px) 100vw, 300px\" \/><\/a>\n\t\t\t<\/dt><\/dl><dl class='gallery-item'>\n\t\t\t<dt class='gallery-icon portrait'>\n\t\t\t\t<a href='https:\/\/franciscanos.org.br\/noticias\/wp-content\/uploads\/2024\/06\/WhatsApp-Image-2024-06-28-at-11.51.32.jpeg'><img width=\"300\" height=\"300\" src=\"https:\/\/franciscanos.org.br\/noticias\/wp-content\/uploads\/2024\/06\/WhatsApp-Image-2024-06-28-at-11.51.32-300x300.jpeg\" class=\"attachment-thumbnail size-thumbnail\" alt=\"\" loading=\"lazy\" srcset=\"https:\/\/franciscanos.org.br\/noticias\/wp-content\/uploads\/2024\/06\/WhatsApp-Image-2024-06-28-at-11.51.32-300x300.jpeg 300w, https:\/\/franciscanos.org.br\/noticias\/wp-content\/uploads\/2024\/06\/WhatsApp-Image-2024-06-28-at-11.51.32-100x100.jpeg 100w\" sizes=\"(max-width: 300px) 100vw, 300px\" \/><\/a>\n\t\t\t<\/dt><\/dl><dl class='gallery-item'>\n\t\t\t<dt class='gallery-icon landscape'>\n\t\t\t\t<a href='https:\/\/franciscanos.org.br\/noticias\/wp-content\/uploads\/2024\/06\/WhatsApp-Image-2024-06-28-at-11.50.42-1.jpeg'><img width=\"300\" height=\"300\" src=\"https:\/\/franciscanos.org.br\/noticias\/wp-content\/uploads\/2024\/06\/WhatsApp-Image-2024-06-28-at-11.50.42-1-300x300.jpeg\" class=\"attachment-thumbnail size-thumbnail\" alt=\"\" loading=\"lazy\" srcset=\"https:\/\/franciscanos.org.br\/noticias\/wp-content\/uploads\/2024\/06\/WhatsApp-Image-2024-06-28-at-11.50.42-1-300x300.jpeg 300w, https:\/\/franciscanos.org.br\/noticias\/wp-content\/uploads\/2024\/06\/WhatsApp-Image-2024-06-28-at-11.50.42-1-100x100.jpeg 100w\" sizes=\"(max-width: 300px) 100vw, 300px\" \/><\/a>\n\t\t\t<\/dt><\/dl><dl class='gallery-item'>\n\t\t\t<dt class='gallery-icon portrait'>\n\t\t\t\t<a href='https:\/\/franciscanos.org.br\/noticias\/wp-content\/uploads\/2024\/06\/WhatsApp-Image-2024-06-28-at-11.50.41-8.jpeg'><img width=\"300\" height=\"300\" src=\"https:\/\/franciscanos.org.br\/noticias\/wp-content\/uploads\/2024\/06\/WhatsApp-Image-2024-06-28-at-11.50.41-8-300x300.jpeg\" class=\"attachment-thumbnail size-thumbnail\" alt=\"\" loading=\"lazy\" srcset=\"https:\/\/franciscanos.org.br\/noticias\/wp-content\/uploads\/2024\/06\/WhatsApp-Image-2024-06-28-at-11.50.41-8-300x300.jpeg 300w, https:\/\/franciscanos.org.br\/noticias\/wp-content\/uploads\/2024\/06\/WhatsApp-Image-2024-06-28-at-11.50.41-8-100x100.jpeg 100w\" sizes=\"(max-width: 300px) 100vw, 300px\" \/><\/a>\n\t\t\t<\/dt><\/dl><br style=\"clear: both\" \/><dl class='gallery-item'>\n\t\t\t<dt class='gallery-icon landscape'>\n\t\t\t\t<a href='https:\/\/franciscanos.org.br\/noticias\/wp-content\/uploads\/2024\/06\/WhatsApp-Image-2024-06-28-at-11.50.41-7.jpeg'><img width=\"300\" height=\"300\" src=\"https:\/\/franciscanos.org.br\/noticias\/wp-content\/uploads\/2024\/06\/WhatsApp-Image-2024-06-28-at-11.50.41-7-300x300.jpeg\" class=\"attachment-thumbnail size-thumbnail\" alt=\"\" loading=\"lazy\" srcset=\"https:\/\/franciscanos.org.br\/noticias\/wp-content\/uploads\/2024\/06\/WhatsApp-Image-2024-06-28-at-11.50.41-7-300x300.jpeg 300w, https:\/\/franciscanos.org.br\/noticias\/wp-content\/uploads\/2024\/06\/WhatsApp-Image-2024-06-28-at-11.50.41-7-100x100.jpeg 100w\" sizes=\"(max-width: 300px) 100vw, 300px\" \/><\/a>\n\t\t\t<\/dt><\/dl><dl class='gallery-item'>\n\t\t\t<dt class='gallery-icon landscape'>\n\t\t\t\t<a href='https:\/\/franciscanos.org.br\/noticias\/wp-content\/uploads\/2024\/06\/WhatsApp-Image-2024-06-28-at-11.50.41-6-1.jpeg'><img width=\"300\" height=\"300\" src=\"https:\/\/franciscanos.org.br\/noticias\/wp-content\/uploads\/2024\/06\/WhatsApp-Image-2024-06-28-at-11.50.41-6-1-300x300.jpeg\" class=\"attachment-thumbnail size-thumbnail\" alt=\"\" loading=\"lazy\" srcset=\"https:\/\/franciscanos.org.br\/noticias\/wp-content\/uploads\/2024\/06\/WhatsApp-Image-2024-06-28-at-11.50.41-6-1-300x300.jpeg 300w, https:\/\/franciscanos.org.br\/noticias\/wp-content\/uploads\/2024\/06\/WhatsApp-Image-2024-06-28-at-11.50.41-6-1-100x100.jpeg 100w\" sizes=\"(max-width: 300px) 100vw, 300px\" \/><\/a>\n\t\t\t<\/dt><\/dl><dl class='gallery-item'>\n\t\t\t<dt class='gallery-icon landscape'>\n\t\t\t\t<a href='https:\/\/franciscanos.org.br\/noticias\/wp-content\/uploads\/2024\/06\/WhatsApp-Image-2024-06-28-at-11.50.41-5.jpeg'><img width=\"300\" height=\"300\" src=\"https:\/\/franciscanos.org.br\/noticias\/wp-content\/uploads\/2024\/06\/WhatsApp-Image-2024-06-28-at-11.50.41-5-300x300.jpeg\" class=\"attachment-thumbnail size-thumbnail\" alt=\"\" loading=\"lazy\" srcset=\"https:\/\/franciscanos.org.br\/noticias\/wp-content\/uploads\/2024\/06\/WhatsApp-Image-2024-06-28-at-11.50.41-5-300x300.jpeg 300w, https:\/\/franciscanos.org.br\/noticias\/wp-content\/uploads\/2024\/06\/WhatsApp-Image-2024-06-28-at-11.50.41-5-100x100.jpeg 100w\" sizes=\"(max-width: 300px) 100vw, 300px\" \/><\/a>\n\t\t\t<\/dt><\/dl><dl class='gallery-item'>\n\t\t\t<dt class='gallery-icon landscape'>\n\t\t\t\t<a href='https:\/\/franciscanos.org.br\/noticias\/wp-content\/uploads\/2024\/06\/WhatsApp-Image-2024-06-28-at-11.50.42-2.jpeg'><img width=\"300\" height=\"300\" src=\"https:\/\/franciscanos.org.br\/noticias\/wp-content\/uploads\/2024\/06\/WhatsApp-Image-2024-06-28-at-11.50.42-2-300x300.jpeg\" class=\"attachment-thumbnail size-thumbnail\" alt=\"\" loading=\"lazy\" srcset=\"https:\/\/franciscanos.org.br\/noticias\/wp-content\/uploads\/2024\/06\/WhatsApp-Image-2024-06-28-at-11.50.42-2-300x300.jpeg 300w, https:\/\/franciscanos.org.br\/noticias\/wp-content\/uploads\/2024\/06\/WhatsApp-Image-2024-06-28-at-11.50.42-2-100x100.jpeg 100w\" sizes=\"(max-width: 300px) 100vw, 300px\" \/><\/a>\n\t\t\t<\/dt><\/dl><dl class='gallery-item'>\n\t\t\t<dt class='gallery-icon landscape'>\n\t\t\t\t<a href='https:\/\/franciscanos.org.br\/noticias\/wp-content\/uploads\/2024\/06\/WhatsApp-Image-2024-06-28-at-11.50.41-4.jpeg'><img width=\"300\" height=\"300\" src=\"https:\/\/franciscanos.org.br\/noticias\/wp-content\/uploads\/2024\/06\/WhatsApp-Image-2024-06-28-at-11.50.41-4-300x300.jpeg\" class=\"attachment-thumbnail size-thumbnail\" alt=\"\" loading=\"lazy\" srcset=\"https:\/\/franciscanos.org.br\/noticias\/wp-content\/uploads\/2024\/06\/WhatsApp-Image-2024-06-28-at-11.50.41-4-300x300.jpeg 300w, https:\/\/franciscanos.org.br\/noticias\/wp-content\/uploads\/2024\/06\/WhatsApp-Image-2024-06-28-at-11.50.41-4-100x100.jpeg 100w\" sizes=\"(max-width: 300px) 100vw, 300px\" \/><\/a>\n\t\t\t<\/dt><\/dl><br style=\"clear: both\" \/><dl class='gallery-item'>\n\t\t\t<dt class='gallery-icon landscape'>\n\t\t\t\t<a href='https:\/\/franciscanos.org.br\/noticias\/wp-content\/uploads\/2024\/06\/WhatsApp-Image-2024-06-28-at-11.50.41-10.jpeg'><img width=\"300\" height=\"300\" src=\"https:\/\/franciscanos.org.br\/noticias\/wp-content\/uploads\/2024\/06\/WhatsApp-Image-2024-06-28-at-11.50.41-10-300x300.jpeg\" class=\"attachment-thumbnail size-thumbnail\" alt=\"\" loading=\"lazy\" srcset=\"https:\/\/franciscanos.org.br\/noticias\/wp-content\/uploads\/2024\/06\/WhatsApp-Image-2024-06-28-at-11.50.41-10-300x300.jpeg 300w, https:\/\/franciscanos.org.br\/noticias\/wp-content\/uploads\/2024\/06\/WhatsApp-Image-2024-06-28-at-11.50.41-10-100x100.jpeg 100w\" sizes=\"(max-width: 300px) 100vw, 300px\" \/><\/a>\n\t\t\t<\/dt><\/dl><dl class='gallery-item'>\n\t\t\t<dt class='gallery-icon landscape'>\n\t\t\t\t<a href='https:\/\/franciscanos.org.br\/noticias\/wp-content\/uploads\/2024\/06\/WhatsApp-Image-2024-06-28-at-11.50.40-3-1.jpeg'><img width=\"300\" height=\"300\" src=\"https:\/\/franciscanos.org.br\/noticias\/wp-content\/uploads\/2024\/06\/WhatsApp-Image-2024-06-28-at-11.50.40-3-1-300x300.jpeg\" class=\"attachment-thumbnail size-thumbnail\" alt=\"\" loading=\"lazy\" srcset=\"https:\/\/franciscanos.org.br\/noticias\/wp-content\/uploads\/2024\/06\/WhatsApp-Image-2024-06-28-at-11.50.40-3-1-300x300.jpeg 300w, https:\/\/franciscanos.org.br\/noticias\/wp-content\/uploads\/2024\/06\/WhatsApp-Image-2024-06-28-at-11.50.40-3-1-100x100.jpeg 100w\" sizes=\"(max-width: 300px) 100vw, 300px\" \/><\/a>\n\t\t\t<\/dt><\/dl><dl class='gallery-item'>\n\t\t\t<dt class='gallery-icon portrait'>\n\t\t\t\t<a href='https:\/\/franciscanos.org.br\/noticias\/wp-content\/uploads\/2024\/06\/WhatsApp-Image-2024-06-28-at-11.50.40-2.jpeg'><img width=\"300\" height=\"300\" src=\"https:\/\/franciscanos.org.br\/noticias\/wp-content\/uploads\/2024\/06\/WhatsApp-Image-2024-06-28-at-11.50.40-2-300x300.jpeg\" class=\"attachment-thumbnail size-thumbnail\" alt=\"\" loading=\"lazy\" srcset=\"https:\/\/franciscanos.org.br\/noticias\/wp-content\/uploads\/2024\/06\/WhatsApp-Image-2024-06-28-at-11.50.40-2-300x300.jpeg 300w, https:\/\/franciscanos.org.br\/noticias\/wp-content\/uploads\/2024\/06\/WhatsApp-Image-2024-06-28-at-11.50.40-2-100x100.jpeg 100w\" sizes=\"(max-width: 300px) 100vw, 300px\" \/><\/a>\n\t\t\t<\/dt><\/dl><dl class='gallery-item'>\n\t\t\t<dt class='gallery-icon portrait'>\n\t\t\t\t<a href='https:\/\/franciscanos.org.br\/noticias\/wp-content\/uploads\/2024\/06\/WhatsApp-Image-2024-06-28-at-11.50.40-1.jpeg'><img width=\"300\" height=\"300\" src=\"https:\/\/franciscanos.org.br\/noticias\/wp-content\/uploads\/2024\/06\/WhatsApp-Image-2024-06-28-at-11.50.40-1-300x300.jpeg\" class=\"attachment-thumbnail size-thumbnail\" alt=\"\" loading=\"lazy\" srcset=\"https:\/\/franciscanos.org.br\/noticias\/wp-content\/uploads\/2024\/06\/WhatsApp-Image-2024-06-28-at-11.50.40-1-300x300.jpeg 300w, https:\/\/franciscanos.org.br\/noticias\/wp-content\/uploads\/2024\/06\/WhatsApp-Image-2024-06-28-at-11.50.40-1-100x100.jpeg 100w\" sizes=\"(max-width: 300px) 100vw, 300px\" \/><\/a>\n\t\t\t<\/dt><\/dl><dl class='gallery-item'>\n\t\t\t<dt class='gallery-icon portrait'>\n\t\t\t\t<a href='https:\/\/franciscanos.org.br\/noticias\/wp-content\/uploads\/2024\/06\/WhatsApp-Image-2024-06-28-at-11.50.39-1.jpeg'><img width=\"300\" height=\"300\" src=\"https:\/\/franciscanos.org.br\/noticias\/wp-content\/uploads\/2024\/06\/WhatsApp-Image-2024-06-28-at-11.50.39-1-300x300.jpeg\" class=\"attachment-thumbnail size-thumbnail\" alt=\"\" loading=\"lazy\" srcset=\"https:\/\/franciscanos.org.br\/noticias\/wp-content\/uploads\/2024\/06\/WhatsApp-Image-2024-06-28-at-11.50.39-1-300x300.jpeg 300w, https:\/\/franciscanos.org.br\/noticias\/wp-content\/uploads\/2024\/06\/WhatsApp-Image-2024-06-28-at-11.50.39-1-100x100.jpeg 100w\" sizes=\"(max-width: 300px) 100vw, 300px\" \/><\/a>\n\t\t\t<\/dt><\/dl><br style=\"clear: both\" \/>\n\t\t<\/div>\n\n","protected":false},"excerpt":{"rendered":"<p>Novas formas de evangeliza\u00e7\u00e3o na Am\u00e9rica <\/p>\n","protected":false},"author":11,"featured_media":248728,"comment_status":"open","ping_status":"open","sticky":false,"template":"","format":"standard","meta":[],"categories":[1],"tags":[1120,310],"acf":[],"yoast_head":"<!-- This site is optimized with the Yoast SEO plugin v19.2 - https:\/\/yoast.com\/wordpress\/plugins\/seo\/ -->\n<title>Novas formas de evangeliza\u00e7\u00e3o na Am\u00e9rica- Latina: Comiss\u00e3o conclu\u00ed semana de trabalho no Brasil - Not\u00edcias - Franciscanos<\/title>\n<meta name=\"robots\" content=\"index, follow, max-snippet:-1, max-image-preview:large, max-video-preview:-1\" \/>\n<link rel=\"canonical\" href=\"https:\/\/franciscanos.org.br\/noticias\/novas-formas-de-evangelizacao-na-america-latina-comissao-conclui-semana-de-trabalho-no-brasil.html\" \/>\n<meta property=\"og:locale\" content=\"pt_BR\" \/>\n<meta property=\"og:type\" content=\"article\" \/>\n<meta property=\"og:title\" content=\"Novas formas de evangeliza\u00e7\u00e3o na Am\u00e9rica- Latina: Comiss\u00e3o conclu\u00ed semana de trabalho no Brasil - Not\u00edcias - Franciscanos\" \/>\n<meta property=\"og:description\" content=\"Novas formas de evangeliza\u00e7\u00e3o na Am\u00e9rica\" \/>\n<meta property=\"og:url\" content=\"https:\/\/franciscanos.org.br\/noticias\/novas-formas-de-evangelizacao-na-america-latina-comissao-conclui-semana-de-trabalho-no-brasil.html\" \/>\n<meta property=\"og:site_name\" content=\"Not\u00edcias - Franciscanos\" \/>\n<meta property=\"article:published_time\" content=\"2024-06-28T15:25:09+00:00\" \/>\n<meta property=\"og:image\" content=\"https:\/\/franciscanos.org.br\/noticias\/wp-content\/uploads\/2024\/06\/WhatsApp-Image-2024-06-28-at-11.50.39-1.jpeg\" \/>\n\t<meta property=\"og:image:width\" content=\"813\" \/>\n\t<meta property=\"og:image:height\" content=\"1080\" \/>\n\t<meta property=\"og:image:type\" content=\"image\/jpeg\" \/>\n<meta name=\"author\" content=\"Adriana Rabelo\" \/>\n<meta name=\"twitter:card\" content=\"summary_large_image\" \/>\n<meta name=\"twitter:label1\" content=\"Escrito por\" \/>\n\t<meta name=\"twitter:data1\" content=\"Adriana Rabelo\" \/>\n\t<meta name=\"twitter:label2\" content=\"Est. tempo de leitura\" \/>\n\t<meta name=\"twitter:data2\" content=\"6 minutos\" \/>\n<script type=\"application\/ld+json\" class=\"yoast-schema-graph\">{\"@context\":\"https:\/\/schema.org\",\"@graph\":[{\"@type\":\"WebSite\",\"@id\":\"https:\/\/franciscanos.org.br\/noticias\/#website\",\"url\":\"https:\/\/franciscanos.org.br\/noticias\/\",\"name\":\"Not\u00edcias - Franciscanos\",\"description\":\"Prov\u00edncia Franciscana da Imaculada Concei\u00e7\u00e3o do Brasil - Ordem dos Frades Menores - OFM\",\"potentialAction\":[{\"@type\":\"SearchAction\",\"target\":{\"@type\":\"EntryPoint\",\"urlTemplate\":\"https:\/\/franciscanos.org.br\/noticias\/?s={search_term_string}\"},\"query-input\":\"required name=search_term_string\"}],\"inLanguage\":\"pt-BR\"},{\"@type\":\"ImageObject\",\"inLanguage\":\"pt-BR\",\"@id\":\"https:\/\/franciscanos.org.br\/noticias\/novas-formas-de-evangelizacao-na-america-latina-comissao-conclui-semana-de-trabalho-no-brasil.html#primaryimage\",\"url\":\"https:\/\/franciscanos.org.br\/noticias\/wp-content\/uploads\/2024\/06\/WhatsApp-Image-2024-06-28-at-11.50.39-1.jpeg\",\"contentUrl\":\"https:\/\/franciscanos.org.br\/noticias\/wp-content\/uploads\/2024\/06\/WhatsApp-Image-2024-06-28-at-11.50.39-1.jpeg\",\"width\":813,\"height\":1080},{\"@type\":\"WebPage\",\"@id\":\"https:\/\/franciscanos.org.br\/noticias\/novas-formas-de-evangelizacao-na-america-latina-comissao-conclui-semana-de-trabalho-no-brasil.html#webpage\",\"url\":\"https:\/\/franciscanos.org.br\/noticias\/novas-formas-de-evangelizacao-na-america-latina-comissao-conclui-semana-de-trabalho-no-brasil.html\",\"name\":\"Novas formas de evangeliza\u00e7\u00e3o na Am\u00e9rica- Latina: Comiss\u00e3o conclu\u00ed semana de trabalho no Brasil - Not\u00edcias - Franciscanos\",\"isPartOf\":{\"@id\":\"https:\/\/franciscanos.org.br\/noticias\/#website\"},\"primaryImageOfPage\":{\"@id\":\"https:\/\/franciscanos.org.br\/noticias\/novas-formas-de-evangelizacao-na-america-latina-comissao-conclui-semana-de-trabalho-no-brasil.html#primaryimage\"},\"datePublished\":\"2024-06-28T15:25:09+00:00\",\"dateModified\":\"2024-06-28T15:25:09+00:00\",\"author\":{\"@id\":\"https:\/\/franciscanos.org.br\/noticias\/#\/schema\/person\/d9422e83121c3ad3b0f423d195f5bb25\"},\"breadcrumb\":{\"@id\":\"https:\/\/franciscanos.org.br\/noticias\/novas-formas-de-evangelizacao-na-america-latina-comissao-conclui-semana-de-trabalho-no-brasil.html#breadcrumb\"},\"inLanguage\":\"pt-BR\",\"potentialAction\":[{\"@type\":\"ReadAction\",\"target\":[\"https:\/\/franciscanos.org.br\/noticias\/novas-formas-de-evangelizacao-na-america-latina-comissao-conclui-semana-de-trabalho-no-brasil.html\"]}]},{\"@type\":\"BreadcrumbList\",\"@id\":\"https:\/\/franciscanos.org.br\/noticias\/novas-formas-de-evangelizacao-na-america-latina-comissao-conclui-semana-de-trabalho-no-brasil.html#breadcrumb\",\"itemListElement\":[{\"@type\":\"ListItem\",\"position\":1,\"name\":\"Home\",\"item\":\"https:\/\/franciscanos.org.br\/noticias\"},{\"@type\":\"ListItem\",\"position\":2,\"name\":\"Novas formas de evangeliza\u00e7\u00e3o na Am\u00e9rica- Latina: Comiss\u00e3o conclu\u00ed semana de trabalho no Brasil\"}]},{\"@type\":\"Person\",\"@id\":\"https:\/\/franciscanos.org.br\/noticias\/#\/schema\/person\/d9422e83121c3ad3b0f423d195f5bb25\",\"name\":\"Adriana Rabelo\",\"image\":{\"@type\":\"ImageObject\",\"inLanguage\":\"pt-BR\",\"@id\":\"https:\/\/franciscanos.org.br\/noticias\/#\/schema\/person\/image\/\",\"url\":\"https:\/\/secure.gravatar.com\/avatar\/0a937b7500cd7df77540cfb8bede877d?s=96&d=mm&r=g\",\"contentUrl\":\"https:\/\/secure.gravatar.com\/avatar\/0a937b7500cd7df77540cfb8bede877d?s=96&d=mm&r=g\",\"caption\":\"Adriana Rabelo\"},\"url\":\"https:\/\/franciscanos.org.br\/noticias\/author\/adrianarabelo\"}]}<\/script>\n<!-- \/ Yoast SEO plugin. -->","yoast_head_json":{"title":"Novas formas de evangeliza\u00e7\u00e3o na Am\u00e9rica- Latina: Comiss\u00e3o conclu\u00ed semana de trabalho no Brasil - Not\u00edcias - Franciscanos","robots":{"index":"index","follow":"follow","max-snippet":"max-snippet:-1","max-image-preview":"max-image-preview:large","max-video-preview":"max-video-preview:-1"},"canonical":"https:\/\/franciscanos.org.br\/noticias\/novas-formas-de-evangelizacao-na-america-latina-comissao-conclui-semana-de-trabalho-no-brasil.html","og_locale":"pt_BR","og_type":"article","og_title":"Novas formas de evangeliza\u00e7\u00e3o na Am\u00e9rica- Latina: Comiss\u00e3o conclu\u00ed semana de trabalho no Brasil - Not\u00edcias - Franciscanos","og_description":"Novas formas de evangeliza\u00e7\u00e3o na Am\u00e9rica","og_url":"https:\/\/franciscanos.org.br\/noticias\/novas-formas-de-evangelizacao-na-america-latina-comissao-conclui-semana-de-trabalho-no-brasil.html","og_site_name":"Not\u00edcias - Franciscanos","article_published_time":"2024-06-28T15:25:09+00:00","og_image":[{"width":813,"height":1080,"url":"https:\/\/franciscanos.org.br\/noticias\/wp-content\/uploads\/2024\/06\/WhatsApp-Image-2024-06-28-at-11.50.39-1.jpeg","type":"image\/jpeg"}],"author":"Adriana Rabelo","twitter_card":"summary_large_image","twitter_misc":{"Escrito por":"Adriana Rabelo","Est. tempo de leitura":"6 minutos"},"schema":{"@context":"https:\/\/schema.org","@graph":[{"@type":"WebSite","@id":"https:\/\/franciscanos.org.br\/noticias\/#website","url":"https:\/\/franciscanos.org.br\/noticias\/","name":"Not\u00edcias - Franciscanos","description":"Prov\u00edncia Franciscana da Imaculada Concei\u00e7\u00e3o do Brasil - Ordem dos Frades Menores - OFM","potentialAction":[{"@type":"SearchAction","target":{"@type":"EntryPoint","urlTemplate":"https:\/\/franciscanos.org.br\/noticias\/?s={search_term_string}"},"query-input":"required name=search_term_string"}],"inLanguage":"pt-BR"},{"@type":"ImageObject","inLanguage":"pt-BR","@id":"https:\/\/franciscanos.org.br\/noticias\/novas-formas-de-evangelizacao-na-america-latina-comissao-conclui-semana-de-trabalho-no-brasil.html#primaryimage","url":"https:\/\/franciscanos.org.br\/noticias\/wp-content\/uploads\/2024\/06\/WhatsApp-Image-2024-06-28-at-11.50.39-1.jpeg","contentUrl":"https:\/\/franciscanos.org.br\/noticias\/wp-content\/uploads\/2024\/06\/WhatsApp-Image-2024-06-28-at-11.50.39-1.jpeg","width":813,"height":1080},{"@type":"WebPage","@id":"https:\/\/franciscanos.org.br\/noticias\/novas-formas-de-evangelizacao-na-america-latina-comissao-conclui-semana-de-trabalho-no-brasil.html#webpage","url":"https:\/\/franciscanos.org.br\/noticias\/novas-formas-de-evangelizacao-na-america-latina-comissao-conclui-semana-de-trabalho-no-brasil.html","name":"Novas formas de evangeliza\u00e7\u00e3o na Am\u00e9rica- Latina: Comiss\u00e3o conclu\u00ed semana de trabalho no Brasil - Not\u00edcias - Franciscanos","isPartOf":{"@id":"https:\/\/franciscanos.org.br\/noticias\/#website"},"primaryImageOfPage":{"@id":"https:\/\/franciscanos.org.br\/noticias\/novas-formas-de-evangelizacao-na-america-latina-comissao-conclui-semana-de-trabalho-no-brasil.html#primaryimage"},"datePublished":"2024-06-28T15:25:09+00:00","dateModified":"2024-06-28T15:25:09+00:00","author":{"@id":"https:\/\/franciscanos.org.br\/noticias\/#\/schema\/person\/d9422e83121c3ad3b0f423d195f5bb25"},"breadcrumb":{"@id":"https:\/\/franciscanos.org.br\/noticias\/novas-formas-de-evangelizacao-na-america-latina-comissao-conclui-semana-de-trabalho-no-brasil.html#breadcrumb"},"inLanguage":"pt-BR","potentialAction":[{"@type":"ReadAction","target":["https:\/\/franciscanos.org.br\/noticias\/novas-formas-de-evangelizacao-na-america-latina-comissao-conclui-semana-de-trabalho-no-brasil.html"]}]},{"@type":"BreadcrumbList","@id":"https:\/\/franciscanos.org.br\/noticias\/novas-formas-de-evangelizacao-na-america-latina-comissao-conclui-semana-de-trabalho-no-brasil.html#breadcrumb","itemListElement":[{"@type":"ListItem","position":1,"name":"Home","item":"https:\/\/franciscanos.org.br\/noticias"},{"@type":"ListItem","position":2,"name":"Novas formas de evangeliza\u00e7\u00e3o na Am\u00e9rica- Latina: Comiss\u00e3o conclu\u00ed semana de trabalho no Brasil"}]},{"@type":"Person","@id":"https:\/\/franciscanos.org.br\/noticias\/#\/schema\/person\/d9422e83121c3ad3b0f423d195f5bb25","name":"Adriana Rabelo","image":{"@type":"ImageObject","inLanguage":"pt-BR","@id":"https:\/\/franciscanos.org.br\/noticias\/#\/schema\/person\/image\/","url":"https:\/\/secure.gravatar.com\/avatar\/0a937b7500cd7df77540cfb8bede877d?s=96&d=mm&r=g","contentUrl":"https:\/\/secure.gravatar.com\/avatar\/0a937b7500cd7df77540cfb8bede877d?s=96&d=mm&r=g","caption":"Adriana Rabelo"},"url":"https:\/\/franciscanos.org.br\/noticias\/author\/adrianarabelo"}]}},"_links":{"self":[{"href":"https:\/\/franciscanos.org.br\/noticias\/wp-json\/wp\/v2\/posts\/248701"}],"collection":[{"href":"https:\/\/franciscanos.org.br\/noticias\/wp-json\/wp\/v2\/posts"}],"about":[{"href":"https:\/\/franciscanos.org.br\/noticias\/wp-json\/wp\/v2\/types\/post"}],"author":[{"embeddable":true,"href":"https:\/\/franciscanos.org.br\/noticias\/wp-json\/wp\/v2\/users\/11"}],"replies":[{"embeddable":true,"href":"https:\/\/franciscanos.org.br\/noticias\/wp-json\/wp\/v2\/comments?post=248701"}],"version-history":[{"count":2,"href":"https:\/\/franciscanos.org.br\/noticias\/wp-json\/wp\/v2\/posts\/248701\/revisions"}],"predecessor-version":[{"id":248730,"href":"https:\/\/franciscanos.org.br\/noticias\/wp-json\/wp\/v2\/posts\/248701\/revisions\/248730"}],"wp:featuredmedia":[{"embeddable":true,"href":"https:\/\/franciscanos.org.br\/noticias\/wp-json\/wp\/v2\/media\/248728"}],"wp:attachment":[{"href":"https:\/\/franciscanos.org.br\/noticias\/wp-json\/wp\/v2\/media?parent=248701"}],"wp:term":[{"taxonomy":"category","embeddable":true,"href":"https:\/\/franciscanos.org.br\/noticias\/wp-json\/wp\/v2\/categories?post=248701"},{"taxonomy":"post_tag","embeddable":true,"href":"https:\/\/franciscanos.org.br\/noticias\/wp-json\/wp\/v2\/tags?post=248701"}],"curies":[{"name":"wp","href":"https:\/\/api.w.org\/{rel}","templated":true}]}}