{"id":248645,"date":"2024-06-26T08:52:48","date_gmt":"2024-06-26T11:52:48","guid":{"rendered":"https:\/\/franciscanos.org.br\/noticias\/?p=248645"},"modified":"2024-06-26T08:52:48","modified_gmt":"2024-06-26T11:52:48","slug":"reconduzir-a-uma-nova-vida-aqueles-que-caem-na-escravidao-das-drogas","status":"publish","type":"post","link":"https:\/\/franciscanos.org.br\/noticias\/reconduzir-a-uma-nova-vida-aqueles-que-caem-na-escravidao-das-drogas.html","title":{"rendered":"Reconduzir a uma nova vida aqueles que caem na escravid\u00e3o das drogas"},"content":{"rendered":"<p><img loading=\"lazy\" class=\"aligncenter wp-image-248646 size-full\" src=\"https:\/\/franciscanos.org.br\/noticias\/wp-content\/uploads\/2024\/06\/26.06.jpeg\" alt=\"\" width=\"750\" height=\"422\" srcset=\"https:\/\/franciscanos.org.br\/noticias\/wp-content\/uploads\/2024\/06\/26.06.jpeg 750w, https:\/\/franciscanos.org.br\/noticias\/wp-content\/uploads\/2024\/06\/26.06-450x253.jpeg 450w, https:\/\/franciscanos.org.br\/noticias\/wp-content\/uploads\/2024\/06\/26.06-150x84.jpeg 150w\" sizes=\"(max-width: 750px) 100vw, 750px\" \/><\/p>\n<p><em>A catequese de Francisco, na Audi\u00eancia Geral, foi dedicada \u00e0 tr\u00e1gica realidade da depend\u00eancia de drogas no \u00e2mbito do Dia Internacional contra o Abuso e o Tr\u00e1fico Il\u00edcito de Drogas celebrado nesta quarta-feira, 26 de junho. Segundo o Papa, &#8220;a redu\u00e7\u00e3o da depend\u00eancia de drogas n\u00e3o pode ser alcan\u00e7ada atrav\u00e9s da liberaliza\u00e7\u00e3o do seu consumo, isto \u00e9 uma ilus\u00e3o&#8221;. O Pont\u00edfice definiu os traficantes como &#8220;assassinos e traficantes de morte&#8221;.<\/em><\/p>\n<p>Nesta quarta-feira (26\/06), Dia Internacional contra o Abuso e o Tr\u00e1fico Il\u00edcito de Drogas, o Papa Francisco dedicou sua catequese, na Audi\u00eancia Geral, a este tema.<\/p>\n<p>O Dia Internacional contra o Abuso e o Tr\u00e1fico Il\u00edcito de Drogas foi institu\u00eddo pela Assembleia Geral das Na\u00e7\u00f5es Unidas em 1987. O tema deste ano \u00e9 &#8220;A evid\u00eancia \u00e9 clara: investir na preven\u00e7\u00e3o&#8221;.<\/p>\n<p><strong>Jo\u00e3o Paulo II e Bento XVI sobre as drogas<\/strong><\/p>\n<p><b>S\u00e3o Jo\u00e3o Paulo II afirmou que &#8220;o abuso de drogas empobrece todas as comunidades onde est\u00e1 presente. Diminui a for\u00e7a humana e a fibra moral. Isso prejudica os valores estimados. Destr\u00f3i o desejo de viver e contribuir para uma sociedade melhor&#8221;<\/b>. Francisco recordou que quem faz uso de drogas &#8220;traz consigo uma hist\u00f3ria pessoal diferente, que deve ser ouvida, compreendida, amada e, na medida do poss\u00edvel, sanada e purificada&#8221;. Os usu\u00e1rios de drogas &#8220;continuam tendo uma dignidade enquanto pessoas filhas de Deus\u201d.<b>\u00a0<\/b>&#8220;Todo mundo tem dignidade&#8221;, acrescentou o Papa.<\/p>\n<p><b>&#8220;No entanto, n\u00e3o podemos ignorar as inten\u00e7\u00f5es e m\u00e1s a\u00e7\u00f5es dos distribuidores e traficantes de drogas. Eles s\u00e3o assassinos&#8221;,<\/b>\u00a0sublinhou Francisco, recordando que o\u00a0<b>Papa Bento XVI\u00a0<\/b>usou palavras severas durante sua visita \u00e0 comunidade terap\u00eautica\u00a0<b>&#8220;Fazenda da Esperan\u00e7a&#8221;<\/b>,\u00a0<b>no Brasil,<\/b>\u00a0em 12 de maio de 2007.\u00a0<b>Assim disse Bento XVI: \u201cDigo aos que comercializam a droga que pensem no mal que est\u00e3o provocando a uma multid\u00e3o de jovens e de adultos de todos os segmentos da sociedade: Deus vai exigir de voc\u00eas satisfa\u00e7\u00f5es. A dignidade humana n\u00e3o pode ser espezinhada desta maneira\u201d.<\/b><\/p>\n<p><strong>P\u00f4r fim \u00e0 produ\u00e7\u00e3o e ao tr\u00e1fico<\/strong><\/p>\n<p>Segundo o Papa, &#8220;<b>a redu\u00e7\u00e3o da depend\u00eancia de drogas n\u00e3o pode ser alcan\u00e7ada atrav\u00e9s da liberaliza\u00e7\u00e3o do seu consumo, isto \u00e9 uma ilus\u00e3o<\/b>, como foi proposto por alguns, ou j\u00e1 implementado, em alguns pa\u00edses. Se for liberalizada o consumo ser\u00e1 maior&#8221;.<\/p>\n<div>\n<div class=\"article__embed article__embed--border embed_style\">\n<blockquote><p>\u201cTendo conhecido muitas hist\u00f3rias tr\u00e1gicas de usu\u00e1rios de drogas e suas fam\u00edlias, estou convencido de que \u00e9 moralmente necess\u00e1rio p\u00f4r fim \u00e0 produ\u00e7\u00e3o e ao tr\u00e1fico destas subst\u00e2ncias perigosas.\u201d<\/p><\/blockquote>\n<\/div>\n<\/div>\n<p><i>Quantos traficantes de morte existem, porque os traficantes de drogas s\u00e3o traficantes de morte! &#8211; quantos traficantes de morte existem, movidos pela l\u00f3gica do poder e do dinheiro a qualquer custo! Esta praga, que produz viol\u00eancia e semeia sofrimento e morte, exige um ato de coragem de toda a nossa sociedade.<\/i><\/p>\n<p><strong>A preven\u00e7\u00e3o para combater o abuso e o narcotr\u00e1fico<\/strong><\/p>\n<p>&#8220;A produ\u00e7\u00e3o e o tr\u00e1fico de drogas tamb\u00e9m t\u00eam um impacto destrutivo na nossa casa comum&#8221;, disse ainda o Papa, sublinhando que &#8220;isto tem se tornado cada vez mais evidente na bacia amaz\u00f4nica&#8221;.<\/p>\n<p>\u201cOutra forma priorit\u00e1ria de combater o abuso e o narcotr\u00e1fico \u00e9 a preven\u00e7\u00e3o, que se faz promovendo maior justi\u00e7a, educando os jovens para os valores que constroem a vida pessoal e comunit\u00e1ria, acompanhando quem est\u00e1 em dificuldade e dando esperan\u00e7a para o futuro.\u201d<\/p>\n<p><strong>O trabalho da da Igreja<\/strong><\/p>\n<p>O Pont\u00edfice disse que em suas viagens em v\u00e1rias dioceses e pa\u00edses ele visitou &#8220;diversas comunidades de recupera\u00e7\u00e3o inspiradas no Evangelho&#8221;. &#8220;S\u00e3o um testemunho forte e esperan\u00e7oso do compromisso dos sacerdotes, das pessoas consagradas e dos leigos em p\u00f4r em pr\u00e1tica a par\u00e1bola do Bom Samaritano. Do mesmo modo, sinto-me confortado pelos esfor\u00e7os empreendidos por diversas Confer\u00eancias Episcopais para promover legisla\u00e7\u00e3o e pol\u00edticas justas relativas ao tratamento das pessoas dependentes do consumo de drogas e \u00e0 preven\u00e7\u00e3o para deter este flagelo&#8221;, disse ainda Francisco.<\/p>\n<p>O Papa citou como exemplo a rede da\u00a0<i>Pastoral latino-americana de Acompanhamento e Preven\u00e7\u00e3o das Depend\u00eancias\u00a0<\/i>(PLAPA). &#8220;O estatuto desta rede reconhece que &#8216;a depend\u00eancia do \u00e1lcool, das subst\u00e2ncias psicoativas e de outras formas de depend\u00eancia (pornografia, novas tecnologias, etc.) \u00e9 um problema que nos afeta indistintamente, para al\u00e9m da diversidade dos contextos geogr\u00e1ficos, sociais, culturais, religiosos e et\u00e1rios. Apesar das diferen\u00e7as, queremos organizar-nos como rede: partilhar experi\u00eancias, o entusiasmo e as dificuldades'&#8221;.<\/p>\n<p>Francisco mencionou tamb\u00e9m os Bispos da \u00c1frica Austral, que em novembro de 2023 convocaram um encontro sobre o tema\u00a0<i>\u201cCapacitar os jovens como agentes de paz e de esperan\u00e7a\u201d<\/i>. Os representantes da juventude presentes na reuni\u00e3o reconheceram aquela assembleia como um \u201cmarco significativo para uma juventude saud\u00e1vel e ativa em toda a regi\u00e3o\u201d. Prometeram ainda: \u201cAceitamos o papel de Embaixadores e Defensores que v\u00e3o lutar contra o uso de subst\u00e2ncias. Pedimos a todos os jovens que tenham empatia uns com os outros em todos os momentos\u201d.<\/p>\n<p><strong>N\u00e3o ficar indiferentes<\/strong><\/p>\n<p>\u201cQueridos irm\u00e3os e irm\u00e3s, perante a tr\u00e1gica situa\u00e7\u00e3o da depend\u00eancia de drogas de milh\u00f5es de pessoas em todo o mundo, perante o esc\u00e2ndalo da produ\u00e7\u00e3o e do tr\u00e1fico il\u00edcito de drogas, \u201cn\u00e3o podemos ficar indiferentes. O Senhor Jesus parou, fez-se pr\u00f3ximo, curou as feridas.\u201d<\/p>\n<p>Seguindo &#8220;<b>o estilo da sua proximidade, tamb\u00e9m n\u00f3s somos chamados a agir, a parar diante de situa\u00e7\u00f5es de fragilidade e de dor, a saber escutar o grito da solid\u00e3o e da ang\u00fastia, a inclinar-nos para levantar e reconduzir a uma nova vida aqueles que caem na escravid\u00e3o das drogas&#8221;.<\/b>\u00a0&#8220;<b>Rezemos tamb\u00e9m pelos criminosos que gastam e fornecem drogas aos jovens: s\u00e3o criminosos, s\u00e3o assassinos. Rezemos por sua convers\u00e3o<\/b>&#8220;, disse ainda o Papa.<\/p>\n<p>Por fim, neste Dia Internacional contra o Abuso e o Tr\u00e1fico Il\u00edcito de Drogas, Francisco convidou a renovar &#8220;como crist\u00e3os e comunidades eclesiais o nosso compromisso de ora\u00e7\u00e3o e de combate \u00e0s drogas&#8221;.<\/p>\n<p>&nbsp;<\/p>\n<p><strong>Papa a peregrinos do Brasil e Portugal: como os santos Pedro e Paulo, nutrir a f\u00e9 em comunidade<\/strong><\/p>\n<p>Com o desejo de paz sempre no cora\u00e7\u00e3o, o Papa Francisco, ao final da Audi\u00eancia Geral da manh\u00e3 desta quarta-feira (26\/06), saudando os fi\u00e9is de l\u00edngua italiana, confiou \u00e0 intercess\u00e3o dos santos Pedro e Paulo, cuja solenidade a Igreja vai celebrar no pr\u00f3ximo s\u00e1bado (29\/06), os povos que sofrem com os conflitos. O Pont\u00edfice ainda convidou todos a seguir o exemplo dos ap\u00f3stolos:<\/p>\n<p><i>&#8220;No pr\u00f3ximo s\u00e1bado, celebraremos a Solenidade dos Santos Pedro e Paulo, Padroeiros de Roma. Sejam disc\u00edpulos mission\u00e1rios a exemplo deles, testemunhando a beleza do Evangelho em toda parte. Confiamos \u00e0 intercess\u00e3o deles as popula\u00e7\u00f5es que sofrem com a guerra: a martirizada Ucr\u00e2nia, a Palestina, Israel e Mianmar, para que logo encontrem a paz novamente.&#8221;<\/i><\/p>\n<p><strong>A exorta\u00e7\u00e3o do Papa a brasileiros e portugueses<\/strong><\/p>\n<p>Ao saudar os peregrinos de l\u00edngua portuguesa na Pra\u00e7a S\u00e3o Pedro, o Papa exortou a continuar alimentando e compartilhando a f\u00e9 em comunidade, tamb\u00e9m inspirados nos santos ap\u00f3stolos:<\/p>\n<div>\n<div class=\"article__embed article__embed--border embed_style\">\n<blockquote><p>\u201cQueridos peregrinos de l\u00edngua portuguesa, especialmente os que vieram de Portugal e do Brasil, envio a voc\u00eas uma calorosa sauda\u00e7\u00e3o. Continuem a nutrir a f\u00e9 e a partilhar com alegria o amor de Cristo nas suas comunidades. Que o entusiasmo de voc\u00eas seja inspirado pelos santos Pedro e Paulo, que celebraremos em breve. Que o Senhor os encha de b\u00ean\u00e7\u00e3os e os guie sempre no caminho.\u201d<\/p><\/blockquote>\n<\/div>\n<\/div>\n<p>Novamente em italiano, o Pont\u00edfice saudou os fi\u00e9is da cidades de Casagiove e Seminara, do sul do pa\u00eds, e de Ortona, da regi\u00e3o de Abruzzo. Em seguida, cumprimentou os soldados da Escola de Pol\u00edcia Econ\u00f4mico-Financeira da\u00a0<i>Guardia di Finanza<\/i>\u00a0e, por fim, acolheu com carinho as crian\u00e7as e os jovens da Associa\u00e7\u00e3o &#8220;Gabry Dance&#8221; da cidade de Poggiomarino, regi\u00e3o metropolitana de N\u00e1poles, acompanhados por familiares e instrutores esportivos, j\u00e1 que s\u00e3o especializados em dan\u00e7a esportiva e paral\u00edmpica nas disciplinas de latino, standard e dan\u00e7a de sal\u00e3o. E, como sempre, o seu \u00faltimo pensamento foi aos jovens, doentes, idosos e rec\u00e9m-casados.<\/p>\n<hr \/>\n<p><em>Andressa Collet e\u00a0Alessandro Di Bussolo &#8211; Vatican News<\/em><\/p>\n<p>&nbsp;<\/p>\n","protected":false},"excerpt":{"rendered":"<p>Audi\u00eancia Geral &#8211; Papa Francisco<\/p>\n","protected":false},"author":11,"featured_media":248646,"comment_status":"open","ping_status":"open","sticky":false,"template":"","format":"standard","meta":[],"categories":[1,1428],"tags":[487,55],"acf":[],"yoast_head":"<!-- This site is optimized with the Yoast SEO plugin v19.2 - https:\/\/yoast.com\/wordpress\/plugins\/seo\/ -->\n<title>Reconduzir a uma nova vida aqueles que caem na escravid\u00e3o das drogas - Not\u00edcias - Franciscanos<\/title>\n<meta name=\"robots\" content=\"index, follow, max-snippet:-1, max-image-preview:large, max-video-preview:-1\" \/>\n<link rel=\"canonical\" href=\"https:\/\/franciscanos.org.br\/noticias\/reconduzir-a-uma-nova-vida-aqueles-que-caem-na-escravidao-das-drogas.html\" \/>\n<meta property=\"og:locale\" content=\"pt_BR\" \/>\n<meta property=\"og:type\" content=\"article\" \/>\n<meta property=\"og:title\" content=\"Reconduzir a uma nova vida aqueles que caem na escravid\u00e3o das drogas - Not\u00edcias - Franciscanos\" \/>\n<meta property=\"og:description\" content=\"Audi\u00eancia Geral - Papa Francisco\" \/>\n<meta property=\"og:url\" content=\"https:\/\/franciscanos.org.br\/noticias\/reconduzir-a-uma-nova-vida-aqueles-que-caem-na-escravidao-das-drogas.html\" \/>\n<meta property=\"og:site_name\" content=\"Not\u00edcias - Franciscanos\" \/>\n<meta property=\"article:published_time\" content=\"2024-06-26T11:52:48+00:00\" \/>\n<meta property=\"og:image\" content=\"https:\/\/franciscanos.org.br\/noticias\/wp-content\/uploads\/2024\/06\/26.06.jpeg\" \/>\n\t<meta property=\"og:image:width\" content=\"750\" \/>\n\t<meta property=\"og:image:height\" content=\"422\" \/>\n\t<meta property=\"og:image:type\" content=\"image\/jpeg\" \/>\n<meta name=\"author\" content=\"Adriana Rabelo\" \/>\n<meta name=\"twitter:card\" content=\"summary_large_image\" \/>\n<meta name=\"twitter:label1\" content=\"Escrito por\" \/>\n\t<meta name=\"twitter:data1\" content=\"Adriana Rabelo\" \/>\n\t<meta name=\"twitter:label2\" content=\"Est. tempo de leitura\" \/>\n\t<meta name=\"twitter:data2\" content=\"7 minutos\" \/>\n<script type=\"application\/ld+json\" class=\"yoast-schema-graph\">{\"@context\":\"https:\/\/schema.org\",\"@graph\":[{\"@type\":\"WebSite\",\"@id\":\"https:\/\/franciscanos.org.br\/noticias\/#website\",\"url\":\"https:\/\/franciscanos.org.br\/noticias\/\",\"name\":\"Not\u00edcias - Franciscanos\",\"description\":\"Prov\u00edncia Franciscana da Imaculada Concei\u00e7\u00e3o do Brasil - Ordem dos Frades Menores - OFM\",\"potentialAction\":[{\"@type\":\"SearchAction\",\"target\":{\"@type\":\"EntryPoint\",\"urlTemplate\":\"https:\/\/franciscanos.org.br\/noticias\/?s={search_term_string}\"},\"query-input\":\"required name=search_term_string\"}],\"inLanguage\":\"pt-BR\"},{\"@type\":\"ImageObject\",\"inLanguage\":\"pt-BR\",\"@id\":\"https:\/\/franciscanos.org.br\/noticias\/reconduzir-a-uma-nova-vida-aqueles-que-caem-na-escravidao-das-drogas.html#primaryimage\",\"url\":\"https:\/\/franciscanos.org.br\/noticias\/wp-content\/uploads\/2024\/06\/26.06.jpeg\",\"contentUrl\":\"https:\/\/franciscanos.org.br\/noticias\/wp-content\/uploads\/2024\/06\/26.06.jpeg\",\"width\":750,\"height\":422},{\"@type\":\"WebPage\",\"@id\":\"https:\/\/franciscanos.org.br\/noticias\/reconduzir-a-uma-nova-vida-aqueles-que-caem-na-escravidao-das-drogas.html#webpage\",\"url\":\"https:\/\/franciscanos.org.br\/noticias\/reconduzir-a-uma-nova-vida-aqueles-que-caem-na-escravidao-das-drogas.html\",\"name\":\"Reconduzir a uma nova vida aqueles que caem na escravid\u00e3o das drogas - Not\u00edcias - Franciscanos\",\"isPartOf\":{\"@id\":\"https:\/\/franciscanos.org.br\/noticias\/#website\"},\"primaryImageOfPage\":{\"@id\":\"https:\/\/franciscanos.org.br\/noticias\/reconduzir-a-uma-nova-vida-aqueles-que-caem-na-escravidao-das-drogas.html#primaryimage\"},\"datePublished\":\"2024-06-26T11:52:48+00:00\",\"dateModified\":\"2024-06-26T11:52:48+00:00\",\"author\":{\"@id\":\"https:\/\/franciscanos.org.br\/noticias\/#\/schema\/person\/d9422e83121c3ad3b0f423d195f5bb25\"},\"breadcrumb\":{\"@id\":\"https:\/\/franciscanos.org.br\/noticias\/reconduzir-a-uma-nova-vida-aqueles-que-caem-na-escravidao-das-drogas.html#breadcrumb\"},\"inLanguage\":\"pt-BR\",\"potentialAction\":[{\"@type\":\"ReadAction\",\"target\":[\"https:\/\/franciscanos.org.br\/noticias\/reconduzir-a-uma-nova-vida-aqueles-que-caem-na-escravidao-das-drogas.html\"]}]},{\"@type\":\"BreadcrumbList\",\"@id\":\"https:\/\/franciscanos.org.br\/noticias\/reconduzir-a-uma-nova-vida-aqueles-que-caem-na-escravidao-das-drogas.html#breadcrumb\",\"itemListElement\":[{\"@type\":\"ListItem\",\"position\":1,\"name\":\"Home\",\"item\":\"https:\/\/franciscanos.org.br\/noticias\"},{\"@type\":\"ListItem\",\"position\":2,\"name\":\"Reconduzir a uma nova vida aqueles que caem na escravid\u00e3o das drogas\"}]},{\"@type\":\"Person\",\"@id\":\"https:\/\/franciscanos.org.br\/noticias\/#\/schema\/person\/d9422e83121c3ad3b0f423d195f5bb25\",\"name\":\"Adriana Rabelo\",\"image\":{\"@type\":\"ImageObject\",\"inLanguage\":\"pt-BR\",\"@id\":\"https:\/\/franciscanos.org.br\/noticias\/#\/schema\/person\/image\/\",\"url\":\"https:\/\/secure.gravatar.com\/avatar\/0a937b7500cd7df77540cfb8bede877d?s=96&d=mm&r=g\",\"contentUrl\":\"https:\/\/secure.gravatar.com\/avatar\/0a937b7500cd7df77540cfb8bede877d?s=96&d=mm&r=g\",\"caption\":\"Adriana Rabelo\"},\"url\":\"https:\/\/franciscanos.org.br\/noticias\/author\/adrianarabelo\"}]}<\/script>\n<!-- \/ Yoast SEO plugin. -->","yoast_head_json":{"title":"Reconduzir a uma nova vida aqueles que caem na escravid\u00e3o das drogas - Not\u00edcias - Franciscanos","robots":{"index":"index","follow":"follow","max-snippet":"max-snippet:-1","max-image-preview":"max-image-preview:large","max-video-preview":"max-video-preview:-1"},"canonical":"https:\/\/franciscanos.org.br\/noticias\/reconduzir-a-uma-nova-vida-aqueles-que-caem-na-escravidao-das-drogas.html","og_locale":"pt_BR","og_type":"article","og_title":"Reconduzir a uma nova vida aqueles que caem na escravid\u00e3o das drogas - Not\u00edcias - Franciscanos","og_description":"Audi\u00eancia Geral - Papa Francisco","og_url":"https:\/\/franciscanos.org.br\/noticias\/reconduzir-a-uma-nova-vida-aqueles-que-caem-na-escravidao-das-drogas.html","og_site_name":"Not\u00edcias - Franciscanos","article_published_time":"2024-06-26T11:52:48+00:00","og_image":[{"width":750,"height":422,"url":"https:\/\/franciscanos.org.br\/noticias\/wp-content\/uploads\/2024\/06\/26.06.jpeg","type":"image\/jpeg"}],"author":"Adriana Rabelo","twitter_card":"summary_large_image","twitter_misc":{"Escrito por":"Adriana Rabelo","Est. tempo de leitura":"7 minutos"},"schema":{"@context":"https:\/\/schema.org","@graph":[{"@type":"WebSite","@id":"https:\/\/franciscanos.org.br\/noticias\/#website","url":"https:\/\/franciscanos.org.br\/noticias\/","name":"Not\u00edcias - Franciscanos","description":"Prov\u00edncia Franciscana da Imaculada Concei\u00e7\u00e3o do Brasil - Ordem dos Frades Menores - OFM","potentialAction":[{"@type":"SearchAction","target":{"@type":"EntryPoint","urlTemplate":"https:\/\/franciscanos.org.br\/noticias\/?s={search_term_string}"},"query-input":"required name=search_term_string"}],"inLanguage":"pt-BR"},{"@type":"ImageObject","inLanguage":"pt-BR","@id":"https:\/\/franciscanos.org.br\/noticias\/reconduzir-a-uma-nova-vida-aqueles-que-caem-na-escravidao-das-drogas.html#primaryimage","url":"https:\/\/franciscanos.org.br\/noticias\/wp-content\/uploads\/2024\/06\/26.06.jpeg","contentUrl":"https:\/\/franciscanos.org.br\/noticias\/wp-content\/uploads\/2024\/06\/26.06.jpeg","width":750,"height":422},{"@type":"WebPage","@id":"https:\/\/franciscanos.org.br\/noticias\/reconduzir-a-uma-nova-vida-aqueles-que-caem-na-escravidao-das-drogas.html#webpage","url":"https:\/\/franciscanos.org.br\/noticias\/reconduzir-a-uma-nova-vida-aqueles-que-caem-na-escravidao-das-drogas.html","name":"Reconduzir a uma nova vida aqueles que caem na escravid\u00e3o das drogas - Not\u00edcias - Franciscanos","isPartOf":{"@id":"https:\/\/franciscanos.org.br\/noticias\/#website"},"primaryImageOfPage":{"@id":"https:\/\/franciscanos.org.br\/noticias\/reconduzir-a-uma-nova-vida-aqueles-que-caem-na-escravidao-das-drogas.html#primaryimage"},"datePublished":"2024-06-26T11:52:48+00:00","dateModified":"2024-06-26T11:52:48+00:00","author":{"@id":"https:\/\/franciscanos.org.br\/noticias\/#\/schema\/person\/d9422e83121c3ad3b0f423d195f5bb25"},"breadcrumb":{"@id":"https:\/\/franciscanos.org.br\/noticias\/reconduzir-a-uma-nova-vida-aqueles-que-caem-na-escravidao-das-drogas.html#breadcrumb"},"inLanguage":"pt-BR","potentialAction":[{"@type":"ReadAction","target":["https:\/\/franciscanos.org.br\/noticias\/reconduzir-a-uma-nova-vida-aqueles-que-caem-na-escravidao-das-drogas.html"]}]},{"@type":"BreadcrumbList","@id":"https:\/\/franciscanos.org.br\/noticias\/reconduzir-a-uma-nova-vida-aqueles-que-caem-na-escravidao-das-drogas.html#breadcrumb","itemListElement":[{"@type":"ListItem","position":1,"name":"Home","item":"https:\/\/franciscanos.org.br\/noticias"},{"@type":"ListItem","position":2,"name":"Reconduzir a uma nova vida aqueles que caem na escravid\u00e3o das drogas"}]},{"@type":"Person","@id":"https:\/\/franciscanos.org.br\/noticias\/#\/schema\/person\/d9422e83121c3ad3b0f423d195f5bb25","name":"Adriana Rabelo","image":{"@type":"ImageObject","inLanguage":"pt-BR","@id":"https:\/\/franciscanos.org.br\/noticias\/#\/schema\/person\/image\/","url":"https:\/\/secure.gravatar.com\/avatar\/0a937b7500cd7df77540cfb8bede877d?s=96&d=mm&r=g","contentUrl":"https:\/\/secure.gravatar.com\/avatar\/0a937b7500cd7df77540cfb8bede877d?s=96&d=mm&r=g","caption":"Adriana Rabelo"},"url":"https:\/\/franciscanos.org.br\/noticias\/author\/adrianarabelo"}]}},"_links":{"self":[{"href":"https:\/\/franciscanos.org.br\/noticias\/wp-json\/wp\/v2\/posts\/248645"}],"collection":[{"href":"https:\/\/franciscanos.org.br\/noticias\/wp-json\/wp\/v2\/posts"}],"about":[{"href":"https:\/\/franciscanos.org.br\/noticias\/wp-json\/wp\/v2\/types\/post"}],"author":[{"embeddable":true,"href":"https:\/\/franciscanos.org.br\/noticias\/wp-json\/wp\/v2\/users\/11"}],"replies":[{"embeddable":true,"href":"https:\/\/franciscanos.org.br\/noticias\/wp-json\/wp\/v2\/comments?post=248645"}],"version-history":[{"count":1,"href":"https:\/\/franciscanos.org.br\/noticias\/wp-json\/wp\/v2\/posts\/248645\/revisions"}],"predecessor-version":[{"id":248647,"href":"https:\/\/franciscanos.org.br\/noticias\/wp-json\/wp\/v2\/posts\/248645\/revisions\/248647"}],"wp:featuredmedia":[{"embeddable":true,"href":"https:\/\/franciscanos.org.br\/noticias\/wp-json\/wp\/v2\/media\/248646"}],"wp:attachment":[{"href":"https:\/\/franciscanos.org.br\/noticias\/wp-json\/wp\/v2\/media?parent=248645"}],"wp:term":[{"taxonomy":"category","embeddable":true,"href":"https:\/\/franciscanos.org.br\/noticias\/wp-json\/wp\/v2\/categories?post=248645"},{"taxonomy":"post_tag","embeddable":true,"href":"https:\/\/franciscanos.org.br\/noticias\/wp-json\/wp\/v2\/tags?post=248645"}],"curies":[{"name":"wp","href":"https:\/\/api.w.org\/{rel}","templated":true}]}}