{"id":248596,"date":"2024-06-24T10:33:10","date_gmt":"2024-06-24T13:33:10","guid":{"rendered":"https:\/\/franciscanos.org.br\/noticias\/?p=248596"},"modified":"2025-03-10T16:05:15","modified_gmt":"2025-03-10T19:05:15","slug":"vocacionados-participam-de-encontros-para-conhecer-os-valores-da-vida-franciscana","status":"publish","type":"post","link":"https:\/\/franciscanos.org.br\/noticias\/vocacionados-participam-de-encontros-para-conhecer-os-valores-da-vida-franciscana.html","title":{"rendered":"Encontros Vocacionais\u00a0Provinciais"},"content":{"rendered":"<p><img loading=\"lazy\" class=\"aligncenter wp-image-248598 size-full\" src=\"https:\/\/franciscanos.org.br\/noticias\/wp-content\/uploads\/2024\/06\/IMG_20240623_141241-scaled.jpg\" alt=\"\" width=\"1617\" height=\"1080\" srcset=\"https:\/\/franciscanos.org.br\/noticias\/wp-content\/uploads\/2024\/06\/IMG_20240623_141241-scaled.jpg 1617w, https:\/\/franciscanos.org.br\/noticias\/wp-content\/uploads\/2024\/06\/IMG_20240623_141241-450x300.jpg 450w, https:\/\/franciscanos.org.br\/noticias\/wp-content\/uploads\/2024\/06\/IMG_20240623_141241-1024x684.jpg 1024w, https:\/\/franciscanos.org.br\/noticias\/wp-content\/uploads\/2024\/06\/IMG_20240623_141241-768x513.jpg 768w, https:\/\/franciscanos.org.br\/noticias\/wp-content\/uploads\/2024\/06\/IMG_20240623_141241-1536x1026.jpg 1536w, https:\/\/franciscanos.org.br\/noticias\/wp-content\/uploads\/2024\/06\/IMG_20240623_141241-2048x1368.jpg 2048w, https:\/\/franciscanos.org.br\/noticias\/wp-content\/uploads\/2024\/06\/IMG_20240623_141241-150x100.jpg 150w\" sizes=\"(max-width: 1617px) 100vw, 1617px\" \/><\/p>\n<p><span style=\"font-weight: 400;\">O m\u00eas de junho, h\u00e1 algum tempo, \u00e9 marcado pelos encontros vocacionais realizados em diferentes territ\u00f3rios da Prov\u00edncia da Imaculada Concei\u00e7\u00e3o. \u00c9, para a maioria dos vocacionados, o primeiro encontro com outros jovens que est\u00e3o no mesmo processo de discernimento.\u00a0<\/span><\/p>\n<p><span style=\"font-weight: 400;\">O primeiro encontro vocacional foi de 31 de maio a 02 de junho, na fraternidade S\u00e3o Boaventura, em Campo Largo (PR). Participaram oito vocacionados da regi\u00e3o Sul como: Ituporanga (SC), Blumenau (SC), Chopinzinho (PR), Pato Branco (PR) e Curitiba (PR). <img loading=\"lazy\" class=\"alignright wp-image-248597 size-medium\" src=\"https:\/\/franciscanos.org.br\/noticias\/wp-content\/uploads\/2024\/06\/IMG_20240602_110549-450x285.jpg\" alt=\"\" width=\"450\" height=\"285\" srcset=\"https:\/\/franciscanos.org.br\/noticias\/wp-content\/uploads\/2024\/06\/IMG_20240602_110549-450x285.jpg 450w, https:\/\/franciscanos.org.br\/noticias\/wp-content\/uploads\/2024\/06\/IMG_20240602_110549-1024x650.jpg 1024w, https:\/\/franciscanos.org.br\/noticias\/wp-content\/uploads\/2024\/06\/IMG_20240602_110549-768x487.jpg 768w, https:\/\/franciscanos.org.br\/noticias\/wp-content\/uploads\/2024\/06\/IMG_20240602_110549-1536x974.jpg 1536w, https:\/\/franciscanos.org.br\/noticias\/wp-content\/uploads\/2024\/06\/IMG_20240602_110549-2048x1299.jpg 2048w, https:\/\/franciscanos.org.br\/noticias\/wp-content\/uploads\/2024\/06\/IMG_20240602_110549-150x95.jpg 150w, https:\/\/franciscanos.org.br\/noticias\/wp-content\/uploads\/2024\/06\/IMG_20240602_110549-scaled.jpg 1702w\" sizes=\"(max-width: 450px) 100vw, 450px\" \/><\/span><\/p>\n<p><span style=\"font-weight: 400;\">O objetivo desse encontro \u00e9 despertar nos vocacionados maior consci\u00eancia sobre a vida religiosa e o carisma franciscano. Como de costume, a programa\u00e7\u00e3o do encontro contempla a pr\u00f3pria rotina da fraternidade que acolhe os vocacionados. Desse modo, eles j\u00e1 podem ter uma percep\u00e7\u00e3o real da vida de ora\u00e7\u00e3o, trabalho e conviv\u00eancia dos frades.\u00a0<\/span><\/p>\n<p><span style=\"font-weight: 400;\">De 14 a 16 de junho o encontro foi no outro extremo da Prov\u00edncia, no Esp\u00edrito Santo. O grupo de seis vocacionados que est\u00e3o sendo acompanhados nas duas fraternidades de Vila Velha e em Colatina reuniu-se na \u201cCasa Verde\u201d, aos p\u00e9s do morro do Convento, num espa\u00e7o adequado para boa acolhida.\u00a0<\/span><\/p>\n<p><span style=\"font-weight: 400;\">Nesse fim de semana o encontro foi marcado por uma boa forma\u00e7\u00e3o dada por Frei Clar\u00eancio Neotti, no Santu\u00e1rio do Divino, que falou sobre a voca\u00e7\u00e3o franciscana e os fundamentos do carisma de S\u00e3o Francisco de Assis. Tamb\u00e9m houve oportunidade de um encontro com Frei Pedro Engel, que partilhou com os jovens o testemunho de sua voca\u00e7\u00e3o e acentuou, principalmente, a vida simples de servi\u00e7o e ora\u00e7\u00e3o do irm\u00e3o leigo.<\/span><\/p>\n<p><span style=\"font-weight: 400;\">Para os vocacionados de S\u00e3o Paulo, o encontro foi em Guaratinguet\u00e1, no Semin\u00e1rio Frei Galv\u00e3o, nos dias 21 a 23 de junho. Estiveram presentes os jovens que est\u00e3o sendo acompanhados nas fraternidades Frei Le\u00e3o (Itatiba), Bom Jesus dos Aflitos (Sorocaba), Imaculada (Sede Provincial) e S\u00e3o Francisco (Largo S\u00e3o Francisco).\u00a0<\/span><\/p>\n<p><span style=\"font-weight: 400;\">Os frades do Servi\u00e7o de Anima\u00e7\u00e3o Vocacional (SAV), consideram interessante o encontro numa casa de forma\u00e7\u00e3o, pois favorece aos vocacionados a experi\u00eancia concreta de conviv\u00eancia com outros formandos, que j\u00e1 est\u00e3o no processo formativo, al\u00e9m do conhecimento da realidade que eles devem assumir quando forem formandos franciscanos. <\/span><\/p>\n<p><span style=\"font-weight: 400;\">Em todos os momentos de viv\u00eancia s\u00e3o estudados os valores que devem motivar a ades\u00e3o \u00e0 vida religiosa franciscana. Os vocacionados foram provocados a perceber se a sua experi\u00eancia de f\u00e9 e vocacional est\u00e1 em unidade com aquilo que pede tamb\u00e9m a Ordem dos Frades Menores, em rela\u00e7\u00e3o \u00e0 sua identidade carism\u00e1tica. S\u00e3o valores que os frades j\u00e1 abra\u00e7aram e devem acompanhar toda a vida e a\u00e7\u00e3o:<\/span><\/p>\n<p><strong>1-Esp\u00edrito de ora\u00e7\u00e3o e devo\u00e7\u00e3o<\/strong><\/p>\n<p><span style=\"font-weight: 400;\">Cultivar, na contempla\u00e7\u00e3o do mist\u00e9rio de Deus e de sua a\u00e7\u00e3o na hist\u00f3ria, o projeto de vida e miss\u00e3o nascido de uma experi\u00eancia de f\u00e9 em fraternidade. <\/span><\/p>\n<p><strong>2-Fraternidade e Minoridade<\/strong><\/p>\n<p><span style=\"font-weight: 400;\">Viver e agir em fraternidade, no lugar e na atitude de menores.<\/span><\/p>\n<p><strong>3-Penit\u00eancia, pobreza e esp\u00edrito mission\u00e1rio<\/strong><\/p>\n<p><span style=\"font-weight: 400;\">Viver como penitentes, sem se apropriar de nada, como disc\u00edpulos de Jesus Cristo, dispostos a se desinstalar e a cruzar fronteiras para ir \u00e0s periferias geogr\u00e1ficas e existenciais.<\/span><strong>Justi\u00e7a, Paz e Integridade da Cria\u00e7\u00e3o<\/strong><\/p>\n<p><span style=\"font-weight: 400;\">Ser uma fraternidade solid\u00e1ria com os pobres e exclu\u00eddos, e comprometida com os valores da reconcilia\u00e7\u00e3o, justi\u00e7a, paz e integridade da Cria\u00e7\u00e3o.<\/span><\/p>\n<p><strong>4-Comunh\u00e3o com a Igreja<\/strong><\/p>\n<p><span style=\"font-weight: 400;\">Viver nossa voca\u00e7\u00e3o e miss\u00e3o na e com a Igreja, Povo de Deus, em esp\u00edrito de obedi\u00eancia e rever\u00eancia aos seus pastores.<\/span><\/p>\n<p><strong>5-Comunh\u00e3o com a Ordem e a Fam\u00edlia Franciscana<\/strong><\/p>\n<p><span style=\"font-weight: 400;\">Viver em comunh\u00e3o com todos os irm\u00e3os e irm\u00e3s, dados pelo Senhor, nesta fam\u00edlia carism\u00e1tica.<\/span><\/p>\n<p><strong>6-Comunh\u00e3o com os leigos<\/strong><\/p>\n<p><span style=\"font-weight: 400;\">Assumir o servi\u00e7o evangelizador de forma partilhada com os leigos e leigas, numa Igreja toda ela portadora do dom do Evangelho.<\/span><\/p>\n<p><strong>7-Di\u00e1logo ecum\u00eanico, inter-religioso e intercultural<\/strong><\/p>\n<p><span style=\"font-weight: 400;\">Andar pelo mundo como servos e s\u00faditos de todos, pac\u00edficos e humildes, com olhar positivo e acolhedor, dispostos a conviver, dialogar e colaborar para o bem, com as diferentes Igrejas, religi\u00f5es, culturas e pessoas de boa vontade. <\/span><\/p>\n<p><span style=\"font-weight: 400;\">Q<\/span><span style=\"font-weight: 400;\">ue esses 26 jovens possam perseverar e abra\u00e7ar sempre mais esses valores franciscanos e, assim, darem prosseguimento \u00e0 caminhada na Ordem, passando a morar nas fraternidades de acolhimento vocacional da Prov\u00edncia. Continuemos rezando pelas voca\u00e7\u00f5es e que as fraternidades abracem com ainda mais vigor esse bonito trabalho de acompanhar os oper\u00e1rios da messe que o Senhor nos envia.<\/span><\/p>\n\n\t\t<style type=\"text\/css\">\n\t\t\t#gallery-1 {\n\t\t\t\tmargin: auto;\n\t\t\t}\n\t\t\t#gallery-1 .gallery-item {\n\t\t\t\tfloat: left;\n\t\t\t\tmargin-top: 10px;\n\t\t\t\ttext-align: center;\n\t\t\t\twidth: 25%;\n\t\t\t}\n\t\t\t#gallery-1 img {\n\t\t\t\tborder: 2px solid #cfcfcf;\n\t\t\t}\n\t\t\t#gallery-1 .gallery-caption {\n\t\t\t\tmargin-left: 0;\n\t\t\t}\n\t\t\t\/* see gallery_shortcode() in wp-includes\/media.php *\/\n\t\t<\/style>\n\t\t<div id='gallery-1' class='gallery galleryid-248596 gallery-columns-4 gallery-size-thumbnail'><dl class='gallery-item'>\n\t\t\t<dt class='gallery-icon portrait'>\n\t\t\t\t<a href='https:\/\/franciscanos.org.br\/noticias\/wp-content\/uploads\/2024\/06\/IMG_20240615_164250-1-scaled.jpg'><img width=\"300\" height=\"300\" src=\"https:\/\/franciscanos.org.br\/noticias\/wp-content\/uploads\/2024\/06\/IMG_20240615_164250-1-300x300.jpg\" class=\"attachment-thumbnail size-thumbnail\" alt=\"\" loading=\"lazy\" srcset=\"https:\/\/franciscanos.org.br\/noticias\/wp-content\/uploads\/2024\/06\/IMG_20240615_164250-1-300x300.jpg 300w, https:\/\/franciscanos.org.br\/noticias\/wp-content\/uploads\/2024\/06\/IMG_20240615_164250-1-100x100.jpg 100w\" sizes=\"(max-width: 300px) 100vw, 300px\" \/><\/a>\n\t\t\t<\/dt><\/dl><dl class='gallery-item'>\n\t\t\t<dt class='gallery-icon landscape'>\n\t\t\t\t<a href='https:\/\/franciscanos.org.br\/noticias\/wp-content\/uploads\/2024\/06\/IMG_20240623_085741-scaled.jpg'><img width=\"300\" height=\"300\" src=\"https:\/\/franciscanos.org.br\/noticias\/wp-content\/uploads\/2024\/06\/IMG_20240623_085741-300x300.jpg\" class=\"attachment-thumbnail size-thumbnail\" alt=\"\" loading=\"lazy\" srcset=\"https:\/\/franciscanos.org.br\/noticias\/wp-content\/uploads\/2024\/06\/IMG_20240623_085741-300x300.jpg 300w, https:\/\/franciscanos.org.br\/noticias\/wp-content\/uploads\/2024\/06\/IMG_20240623_085741-100x100.jpg 100w\" sizes=\"(max-width: 300px) 100vw, 300px\" \/><\/a>\n\t\t\t<\/dt><\/dl><dl class='gallery-item'>\n\t\t\t<dt class='gallery-icon landscape'>\n\t\t\t\t<a href='https:\/\/franciscanos.org.br\/noticias\/wp-content\/uploads\/2024\/06\/IMG20240601095936-scaled.jpg'><img width=\"300\" height=\"300\" src=\"https:\/\/franciscanos.org.br\/noticias\/wp-content\/uploads\/2024\/06\/IMG20240601095936-300x300.jpg\" class=\"attachment-thumbnail size-thumbnail\" alt=\"\" loading=\"lazy\" srcset=\"https:\/\/franciscanos.org.br\/noticias\/wp-content\/uploads\/2024\/06\/IMG20240601095936-300x300.jpg 300w, https:\/\/franciscanos.org.br\/noticias\/wp-content\/uploads\/2024\/06\/IMG20240601095936-100x100.jpg 100w\" sizes=\"(max-width: 300px) 100vw, 300px\" \/><\/a>\n\t\t\t<\/dt><\/dl><dl class='gallery-item'>\n\t\t\t<dt class='gallery-icon landscape'>\n\t\t\t\t<a href='https:\/\/franciscanos.org.br\/noticias\/wp-content\/uploads\/2024\/06\/IMG20240615140217-scaled.jpg'><img width=\"300\" height=\"300\" src=\"https:\/\/franciscanos.org.br\/noticias\/wp-content\/uploads\/2024\/06\/IMG20240615140217-300x300.jpg\" class=\"attachment-thumbnail size-thumbnail\" alt=\"\" loading=\"lazy\" srcset=\"https:\/\/franciscanos.org.br\/noticias\/wp-content\/uploads\/2024\/06\/IMG20240615140217-300x300.jpg 300w, https:\/\/franciscanos.org.br\/noticias\/wp-content\/uploads\/2024\/06\/IMG20240615140217-100x100.jpg 100w\" sizes=\"(max-width: 300px) 100vw, 300px\" \/><\/a>\n\t\t\t<\/dt><\/dl><br style=\"clear: both\" \/>\n\t\t<\/div>\n\n<hr \/>\n<p><em><span style=\"font-weight: 400;\">Frei Je\u00e2 Paulo Andrade<\/span><\/em><\/p>\n","protected":false},"excerpt":{"rendered":"<p>Encontro com Vocacionados <\/p>\n","protected":false},"author":11,"featured_media":248597,"comment_status":"open","ping_status":"open","sticky":false,"template":"","format":"standard","meta":[],"categories":[1],"tags":[391,552,2056],"acf":[],"yoast_head":"<!-- This site is optimized with the Yoast SEO plugin v19.2 - https:\/\/yoast.com\/wordpress\/plugins\/seo\/ -->\n<title>Encontros Vocacionais\u00a0Provinciais - Not\u00edcias - Franciscanos<\/title>\n<meta name=\"robots\" content=\"index, follow, max-snippet:-1, max-image-preview:large, max-video-preview:-1\" \/>\n<link rel=\"canonical\" href=\"https:\/\/franciscanos.org.br\/noticias\/vocacionados-participam-de-encontros-para-conhecer-os-valores-da-vida-franciscana.html\" \/>\n<meta property=\"og:locale\" content=\"pt_BR\" \/>\n<meta property=\"og:type\" content=\"article\" \/>\n<meta property=\"og:title\" content=\"Encontros Vocacionais\u00a0Provinciais - Not\u00edcias - Franciscanos\" \/>\n<meta property=\"og:description\" content=\"Encontro com Vocacionados\" \/>\n<meta property=\"og:url\" content=\"https:\/\/franciscanos.org.br\/noticias\/vocacionados-participam-de-encontros-para-conhecer-os-valores-da-vida-franciscana.html\" \/>\n<meta property=\"og:site_name\" content=\"Not\u00edcias - Franciscanos\" \/>\n<meta property=\"article:published_time\" content=\"2024-06-24T13:33:10+00:00\" \/>\n<meta property=\"article:modified_time\" content=\"2025-03-10T19:05:15+00:00\" \/>\n<meta property=\"og:image\" content=\"https:\/\/franciscanos.org.br\/noticias\/wp-content\/uploads\/2024\/06\/IMG_20240602_110549-scaled.jpg\" \/>\n\t<meta property=\"og:image:width\" content=\"1702\" \/>\n\t<meta property=\"og:image:height\" content=\"1080\" \/>\n\t<meta property=\"og:image:type\" content=\"image\/jpeg\" \/>\n<meta name=\"author\" content=\"Adriana Rabelo\" \/>\n<meta name=\"twitter:card\" content=\"summary_large_image\" \/>\n<meta name=\"twitter:label1\" content=\"Escrito por\" \/>\n\t<meta name=\"twitter:data1\" content=\"Adriana Rabelo\" \/>\n\t<meta name=\"twitter:label2\" content=\"Est. tempo de leitura\" \/>\n\t<meta name=\"twitter:data2\" content=\"4 minutos\" \/>\n<script type=\"application\/ld+json\" class=\"yoast-schema-graph\">{\"@context\":\"https:\/\/schema.org\",\"@graph\":[{\"@type\":\"WebSite\",\"@id\":\"https:\/\/franciscanos.org.br\/noticias\/#website\",\"url\":\"https:\/\/franciscanos.org.br\/noticias\/\",\"name\":\"Not\u00edcias - Franciscanos\",\"description\":\"Prov\u00edncia Franciscana da Imaculada Concei\u00e7\u00e3o do Brasil - Ordem dos Frades Menores - OFM\",\"potentialAction\":[{\"@type\":\"SearchAction\",\"target\":{\"@type\":\"EntryPoint\",\"urlTemplate\":\"https:\/\/franciscanos.org.br\/noticias\/?s={search_term_string}\"},\"query-input\":\"required name=search_term_string\"}],\"inLanguage\":\"pt-BR\"},{\"@type\":\"ImageObject\",\"inLanguage\":\"pt-BR\",\"@id\":\"https:\/\/franciscanos.org.br\/noticias\/vocacionados-participam-de-encontros-para-conhecer-os-valores-da-vida-franciscana.html#primaryimage\",\"url\":\"https:\/\/franciscanos.org.br\/noticias\/wp-content\/uploads\/2024\/06\/IMG_20240602_110549-scaled.jpg\",\"contentUrl\":\"https:\/\/franciscanos.org.br\/noticias\/wp-content\/uploads\/2024\/06\/IMG_20240602_110549-scaled.jpg\",\"width\":1702,\"height\":1080},{\"@type\":\"WebPage\",\"@id\":\"https:\/\/franciscanos.org.br\/noticias\/vocacionados-participam-de-encontros-para-conhecer-os-valores-da-vida-franciscana.html#webpage\",\"url\":\"https:\/\/franciscanos.org.br\/noticias\/vocacionados-participam-de-encontros-para-conhecer-os-valores-da-vida-franciscana.html\",\"name\":\"Encontros Vocacionais\u00a0Provinciais - Not\u00edcias - Franciscanos\",\"isPartOf\":{\"@id\":\"https:\/\/franciscanos.org.br\/noticias\/#website\"},\"primaryImageOfPage\":{\"@id\":\"https:\/\/franciscanos.org.br\/noticias\/vocacionados-participam-de-encontros-para-conhecer-os-valores-da-vida-franciscana.html#primaryimage\"},\"datePublished\":\"2024-06-24T13:33:10+00:00\",\"dateModified\":\"2025-03-10T19:05:15+00:00\",\"author\":{\"@id\":\"https:\/\/franciscanos.org.br\/noticias\/#\/schema\/person\/d9422e83121c3ad3b0f423d195f5bb25\"},\"breadcrumb\":{\"@id\":\"https:\/\/franciscanos.org.br\/noticias\/vocacionados-participam-de-encontros-para-conhecer-os-valores-da-vida-franciscana.html#breadcrumb\"},\"inLanguage\":\"pt-BR\",\"potentialAction\":[{\"@type\":\"ReadAction\",\"target\":[\"https:\/\/franciscanos.org.br\/noticias\/vocacionados-participam-de-encontros-para-conhecer-os-valores-da-vida-franciscana.html\"]}]},{\"@type\":\"BreadcrumbList\",\"@id\":\"https:\/\/franciscanos.org.br\/noticias\/vocacionados-participam-de-encontros-para-conhecer-os-valores-da-vida-franciscana.html#breadcrumb\",\"itemListElement\":[{\"@type\":\"ListItem\",\"position\":1,\"name\":\"Home\",\"item\":\"https:\/\/franciscanos.org.br\/noticias\"},{\"@type\":\"ListItem\",\"position\":2,\"name\":\"Encontros Vocacionais\u00a0Provinciais\"}]},{\"@type\":\"Person\",\"@id\":\"https:\/\/franciscanos.org.br\/noticias\/#\/schema\/person\/d9422e83121c3ad3b0f423d195f5bb25\",\"name\":\"Adriana Rabelo\",\"image\":{\"@type\":\"ImageObject\",\"inLanguage\":\"pt-BR\",\"@id\":\"https:\/\/franciscanos.org.br\/noticias\/#\/schema\/person\/image\/\",\"url\":\"https:\/\/secure.gravatar.com\/avatar\/0a937b7500cd7df77540cfb8bede877d?s=96&d=mm&r=g\",\"contentUrl\":\"https:\/\/secure.gravatar.com\/avatar\/0a937b7500cd7df77540cfb8bede877d?s=96&d=mm&r=g\",\"caption\":\"Adriana Rabelo\"},\"url\":\"https:\/\/franciscanos.org.br\/noticias\/author\/adrianarabelo\"}]}<\/script>\n<!-- \/ Yoast SEO plugin. -->","yoast_head_json":{"title":"Encontros Vocacionais\u00a0Provinciais - Not\u00edcias - Franciscanos","robots":{"index":"index","follow":"follow","max-snippet":"max-snippet:-1","max-image-preview":"max-image-preview:large","max-video-preview":"max-video-preview:-1"},"canonical":"https:\/\/franciscanos.org.br\/noticias\/vocacionados-participam-de-encontros-para-conhecer-os-valores-da-vida-franciscana.html","og_locale":"pt_BR","og_type":"article","og_title":"Encontros Vocacionais\u00a0Provinciais - Not\u00edcias - Franciscanos","og_description":"Encontro com Vocacionados","og_url":"https:\/\/franciscanos.org.br\/noticias\/vocacionados-participam-de-encontros-para-conhecer-os-valores-da-vida-franciscana.html","og_site_name":"Not\u00edcias - Franciscanos","article_published_time":"2024-06-24T13:33:10+00:00","article_modified_time":"2025-03-10T19:05:15+00:00","og_image":[{"width":1702,"height":1080,"url":"https:\/\/franciscanos.org.br\/noticias\/wp-content\/uploads\/2024\/06\/IMG_20240602_110549-scaled.jpg","type":"image\/jpeg"}],"author":"Adriana Rabelo","twitter_card":"summary_large_image","twitter_misc":{"Escrito por":"Adriana Rabelo","Est. tempo de leitura":"4 minutos"},"schema":{"@context":"https:\/\/schema.org","@graph":[{"@type":"WebSite","@id":"https:\/\/franciscanos.org.br\/noticias\/#website","url":"https:\/\/franciscanos.org.br\/noticias\/","name":"Not\u00edcias - Franciscanos","description":"Prov\u00edncia Franciscana da Imaculada Concei\u00e7\u00e3o do Brasil - Ordem dos Frades Menores - OFM","potentialAction":[{"@type":"SearchAction","target":{"@type":"EntryPoint","urlTemplate":"https:\/\/franciscanos.org.br\/noticias\/?s={search_term_string}"},"query-input":"required name=search_term_string"}],"inLanguage":"pt-BR"},{"@type":"ImageObject","inLanguage":"pt-BR","@id":"https:\/\/franciscanos.org.br\/noticias\/vocacionados-participam-de-encontros-para-conhecer-os-valores-da-vida-franciscana.html#primaryimage","url":"https:\/\/franciscanos.org.br\/noticias\/wp-content\/uploads\/2024\/06\/IMG_20240602_110549-scaled.jpg","contentUrl":"https:\/\/franciscanos.org.br\/noticias\/wp-content\/uploads\/2024\/06\/IMG_20240602_110549-scaled.jpg","width":1702,"height":1080},{"@type":"WebPage","@id":"https:\/\/franciscanos.org.br\/noticias\/vocacionados-participam-de-encontros-para-conhecer-os-valores-da-vida-franciscana.html#webpage","url":"https:\/\/franciscanos.org.br\/noticias\/vocacionados-participam-de-encontros-para-conhecer-os-valores-da-vida-franciscana.html","name":"Encontros Vocacionais\u00a0Provinciais - Not\u00edcias - Franciscanos","isPartOf":{"@id":"https:\/\/franciscanos.org.br\/noticias\/#website"},"primaryImageOfPage":{"@id":"https:\/\/franciscanos.org.br\/noticias\/vocacionados-participam-de-encontros-para-conhecer-os-valores-da-vida-franciscana.html#primaryimage"},"datePublished":"2024-06-24T13:33:10+00:00","dateModified":"2025-03-10T19:05:15+00:00","author":{"@id":"https:\/\/franciscanos.org.br\/noticias\/#\/schema\/person\/d9422e83121c3ad3b0f423d195f5bb25"},"breadcrumb":{"@id":"https:\/\/franciscanos.org.br\/noticias\/vocacionados-participam-de-encontros-para-conhecer-os-valores-da-vida-franciscana.html#breadcrumb"},"inLanguage":"pt-BR","potentialAction":[{"@type":"ReadAction","target":["https:\/\/franciscanos.org.br\/noticias\/vocacionados-participam-de-encontros-para-conhecer-os-valores-da-vida-franciscana.html"]}]},{"@type":"BreadcrumbList","@id":"https:\/\/franciscanos.org.br\/noticias\/vocacionados-participam-de-encontros-para-conhecer-os-valores-da-vida-franciscana.html#breadcrumb","itemListElement":[{"@type":"ListItem","position":1,"name":"Home","item":"https:\/\/franciscanos.org.br\/noticias"},{"@type":"ListItem","position":2,"name":"Encontros Vocacionais\u00a0Provinciais"}]},{"@type":"Person","@id":"https:\/\/franciscanos.org.br\/noticias\/#\/schema\/person\/d9422e83121c3ad3b0f423d195f5bb25","name":"Adriana Rabelo","image":{"@type":"ImageObject","inLanguage":"pt-BR","@id":"https:\/\/franciscanos.org.br\/noticias\/#\/schema\/person\/image\/","url":"https:\/\/secure.gravatar.com\/avatar\/0a937b7500cd7df77540cfb8bede877d?s=96&d=mm&r=g","contentUrl":"https:\/\/secure.gravatar.com\/avatar\/0a937b7500cd7df77540cfb8bede877d?s=96&d=mm&r=g","caption":"Adriana Rabelo"},"url":"https:\/\/franciscanos.org.br\/noticias\/author\/adrianarabelo"}]}},"_links":{"self":[{"href":"https:\/\/franciscanos.org.br\/noticias\/wp-json\/wp\/v2\/posts\/248596"}],"collection":[{"href":"https:\/\/franciscanos.org.br\/noticias\/wp-json\/wp\/v2\/posts"}],"about":[{"href":"https:\/\/franciscanos.org.br\/noticias\/wp-json\/wp\/v2\/types\/post"}],"author":[{"embeddable":true,"href":"https:\/\/franciscanos.org.br\/noticias\/wp-json\/wp\/v2\/users\/11"}],"replies":[{"embeddable":true,"href":"https:\/\/franciscanos.org.br\/noticias\/wp-json\/wp\/v2\/comments?post=248596"}],"version-history":[{"count":3,"href":"https:\/\/franciscanos.org.br\/noticias\/wp-json\/wp\/v2\/posts\/248596\/revisions"}],"predecessor-version":[{"id":248644,"href":"https:\/\/franciscanos.org.br\/noticias\/wp-json\/wp\/v2\/posts\/248596\/revisions\/248644"}],"wp:featuredmedia":[{"embeddable":true,"href":"https:\/\/franciscanos.org.br\/noticias\/wp-json\/wp\/v2\/media\/248597"}],"wp:attachment":[{"href":"https:\/\/franciscanos.org.br\/noticias\/wp-json\/wp\/v2\/media?parent=248596"}],"wp:term":[{"taxonomy":"category","embeddable":true,"href":"https:\/\/franciscanos.org.br\/noticias\/wp-json\/wp\/v2\/categories?post=248596"},{"taxonomy":"post_tag","embeddable":true,"href":"https:\/\/franciscanos.org.br\/noticias\/wp-json\/wp\/v2\/tags?post=248596"}],"curies":[{"name":"wp","href":"https:\/\/api.w.org\/{rel}","templated":true}]}}