{"id":248571,"date":"2024-06-21T15:14:13","date_gmt":"2024-06-21T18:14:13","guid":{"rendered":"https:\/\/franciscanos.org.br\/noticias\/?p=248571"},"modified":"2024-06-21T15:52:53","modified_gmt":"2024-06-21T18:52:53","slug":"vii-congresso-internacional-franciscano-reune-mais-de-200-participantes","status":"publish","type":"post","link":"https:\/\/franciscanos.org.br\/noticias\/vii-congresso-internacional-franciscano-reune-mais-de-200-participantes.html","title":{"rendered":"VII Congresso Internacional Franciscano re\u00fane mais de 200 participantes"},"content":{"rendered":"<p><img loading=\"lazy\" class=\"aligncenter wp-image-248572 size-full\" src=\"https:\/\/franciscanos.org.br\/noticias\/wp-content\/uploads\/2024\/06\/IC4A9340-scaled.jpg\" alt=\"\" width=\"1920\" height=\"1280\" srcset=\"https:\/\/franciscanos.org.br\/noticias\/wp-content\/uploads\/2024\/06\/IC4A9340-scaled.jpg 1620w, https:\/\/franciscanos.org.br\/noticias\/wp-content\/uploads\/2024\/06\/IC4A9340-450x300.jpg 450w, https:\/\/franciscanos.org.br\/noticias\/wp-content\/uploads\/2024\/06\/IC4A9340-1024x683.jpg 1024w, https:\/\/franciscanos.org.br\/noticias\/wp-content\/uploads\/2024\/06\/IC4A9340-768x512.jpg 768w, https:\/\/franciscanos.org.br\/noticias\/wp-content\/uploads\/2024\/06\/IC4A9340-1536x1024.jpg 1536w, https:\/\/franciscanos.org.br\/noticias\/wp-content\/uploads\/2024\/06\/IC4A9340-2048x1365.jpg 2048w, https:\/\/franciscanos.org.br\/noticias\/wp-content\/uploads\/2024\/06\/IC4A9340-150x100.jpg 150w\" sizes=\"(max-width: 1920px) 100vw, 1920px\" \/><\/p>\n<p>Nos dias 19 e 20 de junho, mais de 200 participantes se reuniram no C\u00e2mpus Sagrado Cora\u00e7\u00e3o, da Universidade S\u00e3o Francisco (USF), em Campinas, para o VII Congresso Internacional Franciscano, que teve como tem\u00e1tica a \u201cRegra Bulada, Pres\u00e9pio, Estigma: Luzes para a atualidade do franciscanismo\u201d.<\/p>\n<p>O evento, fruto de uma parceria entre a USF, o Instituto Teol\u00f3gico Franciscano e a FAE Centro Universit\u00e1rio, promoveu palestras, mesas-redondas, comunica\u00e7\u00f5es orais, lan\u00e7amentos de livros, apresenta\u00e7\u00f5es de pesquisas de inicia\u00e7\u00e3o cient\u00edfica, al\u00e9m de momentos culturais.<\/p>\n<p>Durante a abertura, a professora Renata Bernardo, da comiss\u00e3o organizadora, recordou a realiza\u00e7\u00e3o das edi\u00e7\u00f5es anteriores do congresso desde 2005 e destacou sua import\u00e2ncia no franciscanismo. \u201c\u00c1vida para que o\u00a0 Congresso possa contribuir para o maior conhecimento daqueles e daquelas que se ocupam dos elementos importantes do mundo franciscano, abrangendo aspectos acad\u00eamicos, humanos, culturais, religiosos, antropol\u00f3gicos, hist\u00f3ricos, filos\u00f3ficos, pol\u00edticos, sociais, entre outros. Finalizo minhas palavras com as palavras de Frei Orlando: \u2018Para o franciscanismo, conhecer o homem se tornou um desafio permanente, uma vez que est\u00e1 convencido que o pr\u00f3prio Deus se fez presen\u00e7a vis\u00edvel no mundo\u201d, afirmou a docente.<img loading=\"lazy\" class=\"alignright wp-image-248573 size-thumbnail\" src=\"https:\/\/franciscanos.org.br\/noticias\/wp-content\/uploads\/2024\/06\/IC4A9470-300x300.jpg\" alt=\"\" width=\"300\" height=\"300\" srcset=\"https:\/\/franciscanos.org.br\/noticias\/wp-content\/uploads\/2024\/06\/IC4A9470-300x300.jpg 300w, https:\/\/franciscanos.org.br\/noticias\/wp-content\/uploads\/2024\/06\/IC4A9470-100x100.jpg 100w\" sizes=\"(max-width: 300px) 100vw, 300px\" \/><\/p>\n<p>A organiza\u00e7\u00e3o do Congresso foi motivada pelos Centen\u00e1rios Franciscanos, em comemora\u00e7\u00e3o aos 800 anos da Regra Bulada, do Natal de Greccio (2023), dos Estigmas (2024), do C\u00e2ntico das Criaturas (2025) e, no seu auge, da P\u00e1scoa de Francisco (2026). O objetivo \u00e9 promover a consolida\u00e7\u00e3o do di\u00e1logo das pesquisas referentes \u00e0 tem\u00e1tica, como destacou o Diretor Secret\u00e1rio da Casa de Nossa Senhora da Paz &#8211; A\u00e7\u00e3o Social Franciscana (CNSP-ASF) e Diretor do Instituto Teol\u00f3gico Franciscano, Frei Sandro Roberto da Costa. \u201cNestes anos jubilares, entre 2021 e 2026, celebramos oito s\u00e9culos de v\u00e1rios eventos fontal para o franciscanismo, que perduram na hist\u00f3ria e continuam a ressoar ao longo dos tempos. Em um mundo em constante mudan\u00e7a, este congresso nos oferece a oportunidade de explorarmos a riqueza, a atualidade e o legado de valores franciscanos que atravessaram os s\u00e9culos e continuam mais atuais do que nunca\u201d, explicou Frei Sandro.<\/p>\n<p>Para o diretor geral da CNSP-ASF e reitor da FAE &#8211; Centro Universit\u00e1rio, professor Jorge Ap\u00f3stolos Siarcos, eventos como esse s\u00e3o fundamentais para inspirar os valores franciscanos na atualidade.\u00a0 \u201c\u00c9 uma grande honra participar de mais um congresso franciscano, especialmente aqui, podendo representar, com permiss\u00e3o dos frades, a frente de educa\u00e7\u00e3o da Prov\u00edncia da Imaculada Concei\u00e7\u00e3o do Brasil, que h\u00e1 mais de 100 anos atua na educa\u00e7\u00e3o. Estamos presentes tanto na Educa\u00e7\u00e3o B\u00e1sica, atrav\u00e9s dos Col\u00e9gios Bom Jesus, quanto no Ensino Superior, aqui representado pelo Centro Universit\u00e1rio FAE em Curitiba, pela Universidade S\u00e3o Francisco e pelo Instituto Teol\u00f3gico Franciscano em Petr\u00f3polis. Todos n\u00f3s, que trabalhamos na educa\u00e7\u00e3o, temos um grande desafio: garantir a qualidade de ensino aos nossos alunos. Mas, sem d\u00favida, a forma\u00e7\u00e3o dessas pessoas, inspirada nos valores franciscanos, \u00e9 primordial\u201d.<\/p>\n<p>Na abertura do evento, o reitor da USF,\u00a0 Frei Gilberto Gon\u00e7alves Garcia, enfatizou a import\u00e2ncia de reunir a fam\u00edlia franciscanas e diferentes institui\u00e7\u00f5es. \u201cEstamos aqui num pool de institui\u00e7\u00f5es franciscanas. Embora as academias e os institutos sejam os mais citados, o franciscanismo n\u00e3o pertence apenas aos franciscanos, mas a uma grande fam\u00edlia franciscana institucionalizada, que transcende as institui\u00e7\u00f5es. Francisco \u00e9 acolhido na academia, mesmo n\u00e3o sendo acad\u00eamico. Hoje, a academia tem uma grande responsabilidade de perpetuar, estudar, pesquisar e cultivar esse grande legado. Francisco, sem possuir nada material, deixou um modo de ser inspirador que, ao encontrar a academia, deu origem a um legado teol\u00f3gico, filos\u00f3fico, espiritual e m\u00edstico que transforma o mundo inteiro. As academias, n\u00e3o apenas os religiosos, mas sobretudo os leigos, ao longo dos s\u00e9culos, foram os grandes pesquisadores interessados na mem\u00f3ria franciscana, transformada em teologia, filosofia, espiritualidade e m\u00edstica\u201d.<img loading=\"lazy\" class=\"size-medium wp-image-248574 alignleft\" src=\"https:\/\/franciscanos.org.br\/noticias\/wp-content\/uploads\/2024\/06\/IC4A9580-450x300.jpg\" alt=\"\" width=\"450\" height=\"300\" srcset=\"https:\/\/franciscanos.org.br\/noticias\/wp-content\/uploads\/2024\/06\/IC4A9580-450x300.jpg 450w, https:\/\/franciscanos.org.br\/noticias\/wp-content\/uploads\/2024\/06\/IC4A9580-1024x683.jpg 1024w, https:\/\/franciscanos.org.br\/noticias\/wp-content\/uploads\/2024\/06\/IC4A9580-768x512.jpg 768w, https:\/\/franciscanos.org.br\/noticias\/wp-content\/uploads\/2024\/06\/IC4A9580-1536x1024.jpg 1536w, https:\/\/franciscanos.org.br\/noticias\/wp-content\/uploads\/2024\/06\/IC4A9580-2048x1365.jpg 2048w, https:\/\/franciscanos.org.br\/noticias\/wp-content\/uploads\/2024\/06\/IC4A9580-150x100.jpg 150w, https:\/\/franciscanos.org.br\/noticias\/wp-content\/uploads\/2024\/06\/IC4A9580-scaled.jpg 1620w\" sizes=\"(max-width: 450px) 100vw, 450px\" \/><\/p>\n<p>Todas as palestras do congresso foram transmitidas no YouTube da Universidade S\u00e3o Francisco e podem ser acessadas <span style=\"color: #ff6600;\"><strong><a style=\"color: #ff6600;\" href=\"https:\/\/www.youtube.com\/playlist?list=PLOG0VIKjgIDkOQa86zKgOX1LR3QSp5Dp1\">aqui<\/a><\/strong><\/span>.<\/p>\n<p>Entre os destaques da programa\u00e7\u00e3o, est\u00e3o a palestra com Leonardo Boff, que abordou o pres\u00e9pio de Greccio, e a palestra com o professor de Literatura Latina Medieval e Human\u00edstica na Universidade Campania Luigi Vanvitelli (It\u00e1lia), Daniele Solvi, sobre a Regra de Francisco: um texto na hist\u00f3ria. No segundo dia, houve a palestra com a professora da Universidade de Pavia (It\u00e1lia), Adelaide Ricci, sobre Apparuit Effigies: le stigmate fra testi, immagini e mem\u00f3ria.<\/p>\n<p>Os participantes tamb\u00e9m puderam visitar a I Mostra de Fotografias &#8211; Franciscanos na Rep\u00fablica: das mem\u00f3rias \u00e0s experi\u00eancias cotidianas no sul do Brasil\u00a0 (1891 &#8211; 1941), do autor Fabiano Batista Rodrigues, que foram identificadas no transcorrer do doutorado em Educa\u00e7\u00e3o, defendido em 2024, na Universidade Federal de Santa Catarina, que retrata o cotidiano dos frades.<\/p>\n<p>Tamb\u00e9m foram realizadas mesas-redondas, oficinas e apresenta\u00e7\u00f5es de mais de 30 trabalhos, que trouxeram temas da atualidade \u00e0s fontes franciscanas.<\/p>\n<hr \/>\n<p>Ana Paula Moreira- Assessora USF<\/p>\n\n\t\t<style type=\"text\/css\">\n\t\t\t#gallery-1 {\n\t\t\t\tmargin: auto;\n\t\t\t}\n\t\t\t#gallery-1 .gallery-item {\n\t\t\t\tfloat: left;\n\t\t\t\tmargin-top: 10px;\n\t\t\t\ttext-align: center;\n\t\t\t\twidth: 25%;\n\t\t\t}\n\t\t\t#gallery-1 img {\n\t\t\t\tborder: 2px solid #cfcfcf;\n\t\t\t}\n\t\t\t#gallery-1 .gallery-caption {\n\t\t\t\tmargin-left: 0;\n\t\t\t}\n\t\t\t\/* see gallery_shortcode() in wp-includes\/media.php *\/\n\t\t<\/style>\n\t\t<div id='gallery-1' class='gallery galleryid-248571 gallery-columns-4 gallery-size-thumbnail'><dl class='gallery-item'>\n\t\t\t<dt class='gallery-icon landscape'>\n\t\t\t\t<a href='https:\/\/franciscanos.org.br\/noticias\/wp-content\/uploads\/2024\/06\/IC4A9165-scaled.jpg'><img width=\"300\" height=\"300\" src=\"https:\/\/franciscanos.org.br\/noticias\/wp-content\/uploads\/2024\/06\/IC4A9165-300x300.jpg\" class=\"attachment-thumbnail size-thumbnail\" alt=\"\" loading=\"lazy\" srcset=\"https:\/\/franciscanos.org.br\/noticias\/wp-content\/uploads\/2024\/06\/IC4A9165-300x300.jpg 300w, https:\/\/franciscanos.org.br\/noticias\/wp-content\/uploads\/2024\/06\/IC4A9165-100x100.jpg 100w\" sizes=\"(max-width: 300px) 100vw, 300px\" \/><\/a>\n\t\t\t<\/dt><\/dl><dl class='gallery-item'>\n\t\t\t<dt class='gallery-icon landscape'>\n\t\t\t\t<a href='https:\/\/franciscanos.org.br\/noticias\/wp-content\/uploads\/2024\/06\/IC4A9229-scaled.jpg'><img width=\"300\" height=\"300\" src=\"https:\/\/franciscanos.org.br\/noticias\/wp-content\/uploads\/2024\/06\/IC4A9229-300x300.jpg\" class=\"attachment-thumbnail size-thumbnail\" alt=\"\" loading=\"lazy\" srcset=\"https:\/\/franciscanos.org.br\/noticias\/wp-content\/uploads\/2024\/06\/IC4A9229-300x300.jpg 300w, https:\/\/franciscanos.org.br\/noticias\/wp-content\/uploads\/2024\/06\/IC4A9229-100x100.jpg 100w\" sizes=\"(max-width: 300px) 100vw, 300px\" \/><\/a>\n\t\t\t<\/dt><\/dl><dl class='gallery-item'>\n\t\t\t<dt class='gallery-icon landscape'>\n\t\t\t\t<a href='https:\/\/franciscanos.org.br\/noticias\/wp-content\/uploads\/2024\/06\/IC4A9214-scaled.jpg'><img width=\"300\" height=\"300\" src=\"https:\/\/franciscanos.org.br\/noticias\/wp-content\/uploads\/2024\/06\/IC4A9214-300x300.jpg\" class=\"attachment-thumbnail size-thumbnail\" alt=\"\" loading=\"lazy\" srcset=\"https:\/\/franciscanos.org.br\/noticias\/wp-content\/uploads\/2024\/06\/IC4A9214-300x300.jpg 300w, https:\/\/franciscanos.org.br\/noticias\/wp-content\/uploads\/2024\/06\/IC4A9214-100x100.jpg 100w\" sizes=\"(max-width: 300px) 100vw, 300px\" \/><\/a>\n\t\t\t<\/dt><\/dl><dl class='gallery-item'>\n\t\t\t<dt class='gallery-icon landscape'>\n\t\t\t\t<a href='https:\/\/franciscanos.org.br\/noticias\/wp-content\/uploads\/2024\/06\/IC4A9223-scaled.jpg'><img width=\"300\" height=\"300\" src=\"https:\/\/franciscanos.org.br\/noticias\/wp-content\/uploads\/2024\/06\/IC4A9223-300x300.jpg\" class=\"attachment-thumbnail size-thumbnail\" alt=\"\" loading=\"lazy\" srcset=\"https:\/\/franciscanos.org.br\/noticias\/wp-content\/uploads\/2024\/06\/IC4A9223-300x300.jpg 300w, https:\/\/franciscanos.org.br\/noticias\/wp-content\/uploads\/2024\/06\/IC4A9223-100x100.jpg 100w\" sizes=\"(max-width: 300px) 100vw, 300px\" \/><\/a>\n\t\t\t<\/dt><\/dl><br style=\"clear: both\" \/><dl class='gallery-item'>\n\t\t\t<dt class='gallery-icon landscape'>\n\t\t\t\t<a href='https:\/\/franciscanos.org.br\/noticias\/wp-content\/uploads\/2024\/06\/IC4A9263-scaled.jpg'><img width=\"300\" height=\"300\" src=\"https:\/\/franciscanos.org.br\/noticias\/wp-content\/uploads\/2024\/06\/IC4A9263-300x300.jpg\" class=\"attachment-thumbnail size-thumbnail\" alt=\"\" loading=\"lazy\" srcset=\"https:\/\/franciscanos.org.br\/noticias\/wp-content\/uploads\/2024\/06\/IC4A9263-300x300.jpg 300w, https:\/\/franciscanos.org.br\/noticias\/wp-content\/uploads\/2024\/06\/IC4A9263-100x100.jpg 100w\" sizes=\"(max-width: 300px) 100vw, 300px\" \/><\/a>\n\t\t\t<\/dt><\/dl><dl class='gallery-item'>\n\t\t\t<dt class='gallery-icon landscape'>\n\t\t\t\t<a href='https:\/\/franciscanos.org.br\/noticias\/wp-content\/uploads\/2024\/06\/IC4A9271-scaled.jpg'><img width=\"300\" height=\"300\" src=\"https:\/\/franciscanos.org.br\/noticias\/wp-content\/uploads\/2024\/06\/IC4A9271-300x300.jpg\" class=\"attachment-thumbnail size-thumbnail\" alt=\"\" loading=\"lazy\" srcset=\"https:\/\/franciscanos.org.br\/noticias\/wp-content\/uploads\/2024\/06\/IC4A9271-300x300.jpg 300w, https:\/\/franciscanos.org.br\/noticias\/wp-content\/uploads\/2024\/06\/IC4A9271-100x100.jpg 100w\" sizes=\"(max-width: 300px) 100vw, 300px\" \/><\/a>\n\t\t\t<\/dt><\/dl><dl class='gallery-item'>\n\t\t\t<dt class='gallery-icon landscape'>\n\t\t\t\t<a href='https:\/\/franciscanos.org.br\/noticias\/wp-content\/uploads\/2024\/06\/IC4A9307-scaled.jpg'><img width=\"300\" height=\"300\" src=\"https:\/\/franciscanos.org.br\/noticias\/wp-content\/uploads\/2024\/06\/IC4A9307-300x300.jpg\" class=\"attachment-thumbnail size-thumbnail\" alt=\"\" loading=\"lazy\" srcset=\"https:\/\/franciscanos.org.br\/noticias\/wp-content\/uploads\/2024\/06\/IC4A9307-300x300.jpg 300w, https:\/\/franciscanos.org.br\/noticias\/wp-content\/uploads\/2024\/06\/IC4A9307-100x100.jpg 100w\" sizes=\"(max-width: 300px) 100vw, 300px\" \/><\/a>\n\t\t\t<\/dt><\/dl><dl class='gallery-item'>\n\t\t\t<dt class='gallery-icon landscape'>\n\t\t\t\t<a href='https:\/\/franciscanos.org.br\/noticias\/wp-content\/uploads\/2024\/06\/IC4A9404-scaled.jpg'><img width=\"300\" height=\"300\" src=\"https:\/\/franciscanos.org.br\/noticias\/wp-content\/uploads\/2024\/06\/IC4A9404-300x300.jpg\" class=\"attachment-thumbnail size-thumbnail\" alt=\"\" loading=\"lazy\" srcset=\"https:\/\/franciscanos.org.br\/noticias\/wp-content\/uploads\/2024\/06\/IC4A9404-300x300.jpg 300w, https:\/\/franciscanos.org.br\/noticias\/wp-content\/uploads\/2024\/06\/IC4A9404-100x100.jpg 100w\" sizes=\"(max-width: 300px) 100vw, 300px\" \/><\/a>\n\t\t\t<\/dt><\/dl><br style=\"clear: both\" \/><dl class='gallery-item'>\n\t\t\t<dt class='gallery-icon landscape'>\n\t\t\t\t<a href='https:\/\/franciscanos.org.br\/noticias\/wp-content\/uploads\/2024\/06\/IC4A9417-scaled.jpg'><img width=\"300\" height=\"300\" src=\"https:\/\/franciscanos.org.br\/noticias\/wp-content\/uploads\/2024\/06\/IC4A9417-300x300.jpg\" class=\"attachment-thumbnail size-thumbnail\" alt=\"\" loading=\"lazy\" srcset=\"https:\/\/franciscanos.org.br\/noticias\/wp-content\/uploads\/2024\/06\/IC4A9417-300x300.jpg 300w, https:\/\/franciscanos.org.br\/noticias\/wp-content\/uploads\/2024\/06\/IC4A9417-100x100.jpg 100w\" sizes=\"(max-width: 300px) 100vw, 300px\" \/><\/a>\n\t\t\t<\/dt><\/dl><dl class='gallery-item'>\n\t\t\t<dt class='gallery-icon landscape'>\n\t\t\t\t<a href='https:\/\/franciscanos.org.br\/noticias\/wp-content\/uploads\/2024\/06\/IC4A9462-scaled.jpg'><img width=\"300\" height=\"300\" src=\"https:\/\/franciscanos.org.br\/noticias\/wp-content\/uploads\/2024\/06\/IC4A9462-300x300.jpg\" class=\"attachment-thumbnail size-thumbnail\" alt=\"\" loading=\"lazy\" srcset=\"https:\/\/franciscanos.org.br\/noticias\/wp-content\/uploads\/2024\/06\/IC4A9462-300x300.jpg 300w, https:\/\/franciscanos.org.br\/noticias\/wp-content\/uploads\/2024\/06\/IC4A9462-100x100.jpg 100w\" sizes=\"(max-width: 300px) 100vw, 300px\" \/><\/a>\n\t\t\t<\/dt><\/dl><dl class='gallery-item'>\n\t\t\t<dt class='gallery-icon landscape'>\n\t\t\t\t<a href='https:\/\/franciscanos.org.br\/noticias\/wp-content\/uploads\/2024\/06\/IC4A9555-scaled.jpg'><img width=\"300\" height=\"300\" src=\"https:\/\/franciscanos.org.br\/noticias\/wp-content\/uploads\/2024\/06\/IC4A9555-300x300.jpg\" class=\"attachment-thumbnail size-thumbnail\" alt=\"\" loading=\"lazy\" srcset=\"https:\/\/franciscanos.org.br\/noticias\/wp-content\/uploads\/2024\/06\/IC4A9555-300x300.jpg 300w, https:\/\/franciscanos.org.br\/noticias\/wp-content\/uploads\/2024\/06\/IC4A9555-100x100.jpg 100w\" sizes=\"(max-width: 300px) 100vw, 300px\" \/><\/a>\n\t\t\t<\/dt><\/dl><dl class='gallery-item'>\n\t\t\t<dt class='gallery-icon landscape'>\n\t\t\t\t<a href='https:\/\/franciscanos.org.br\/noticias\/wp-content\/uploads\/2024\/06\/IC4A9307-1-scaled.jpg'><img width=\"300\" height=\"300\" src=\"https:\/\/franciscanos.org.br\/noticias\/wp-content\/uploads\/2024\/06\/IC4A9307-1-300x300.jpg\" class=\"attachment-thumbnail size-thumbnail\" alt=\"\" loading=\"lazy\" srcset=\"https:\/\/franciscanos.org.br\/noticias\/wp-content\/uploads\/2024\/06\/IC4A9307-1-300x300.jpg 300w, https:\/\/franciscanos.org.br\/noticias\/wp-content\/uploads\/2024\/06\/IC4A9307-1-100x100.jpg 100w\" sizes=\"(max-width: 300px) 100vw, 300px\" \/><\/a>\n\t\t\t<\/dt><\/dl><br style=\"clear: both\" \/>\n\t\t<\/div>\n\n","protected":false},"excerpt":{"rendered":"<p>Congresso Internacional Franciscano destaca Regra Bulada, Pres\u00e9pio e Estigmas<\/p>\n","protected":false},"author":11,"featured_media":248573,"comment_status":"open","ping_status":"open","sticky":false,"template":"","format":"standard","meta":[],"categories":[1],"tags":[548,189,354],"acf":[],"yoast_head":"<!-- This site is optimized with the Yoast SEO plugin v19.2 - https:\/\/yoast.com\/wordpress\/plugins\/seo\/ -->\n<title>VII Congresso Internacional Franciscano re\u00fane mais de 200 participantes - Not\u00edcias - Franciscanos<\/title>\n<meta name=\"robots\" content=\"index, follow, max-snippet:-1, max-image-preview:large, max-video-preview:-1\" \/>\n<link rel=\"canonical\" href=\"https:\/\/franciscanos.org.br\/noticias\/vii-congresso-internacional-franciscano-reune-mais-de-200-participantes.html\" \/>\n<meta property=\"og:locale\" content=\"pt_BR\" \/>\n<meta property=\"og:type\" content=\"article\" \/>\n<meta property=\"og:title\" content=\"VII Congresso Internacional Franciscano re\u00fane mais de 200 participantes - Not\u00edcias - Franciscanos\" \/>\n<meta property=\"og:description\" content=\"Congresso Internacional Franciscano destaca Regra Bulada, Pres\u00e9pio e Estigmas\" \/>\n<meta property=\"og:url\" content=\"https:\/\/franciscanos.org.br\/noticias\/vii-congresso-internacional-franciscano-reune-mais-de-200-participantes.html\" \/>\n<meta property=\"og:site_name\" content=\"Not\u00edcias - Franciscanos\" \/>\n<meta property=\"article:published_time\" content=\"2024-06-21T18:14:13+00:00\" \/>\n<meta property=\"article:modified_time\" content=\"2024-06-21T18:52:53+00:00\" \/>\n<meta property=\"og:image\" content=\"https:\/\/franciscanos.org.br\/noticias\/wp-content\/uploads\/2024\/06\/IC4A9470-scaled.jpg\" \/>\n\t<meta property=\"og:image:width\" content=\"1620\" \/>\n\t<meta property=\"og:image:height\" content=\"1080\" \/>\n\t<meta property=\"og:image:type\" content=\"image\/jpeg\" \/>\n<meta name=\"author\" content=\"Adriana Rabelo\" \/>\n<meta name=\"twitter:card\" content=\"summary_large_image\" \/>\n<meta name=\"twitter:label1\" content=\"Escrito por\" \/>\n\t<meta name=\"twitter:data1\" content=\"Adriana Rabelo\" \/>\n\t<meta name=\"twitter:label2\" content=\"Est. tempo de leitura\" \/>\n\t<meta name=\"twitter:data2\" content=\"4 minutos\" \/>\n<script type=\"application\/ld+json\" class=\"yoast-schema-graph\">{\"@context\":\"https:\/\/schema.org\",\"@graph\":[{\"@type\":\"WebSite\",\"@id\":\"https:\/\/franciscanos.org.br\/noticias\/#website\",\"url\":\"https:\/\/franciscanos.org.br\/noticias\/\",\"name\":\"Not\u00edcias - Franciscanos\",\"description\":\"Prov\u00edncia Franciscana da Imaculada Concei\u00e7\u00e3o do Brasil - Ordem dos Frades Menores - OFM\",\"potentialAction\":[{\"@type\":\"SearchAction\",\"target\":{\"@type\":\"EntryPoint\",\"urlTemplate\":\"https:\/\/franciscanos.org.br\/noticias\/?s={search_term_string}\"},\"query-input\":\"required name=search_term_string\"}],\"inLanguage\":\"pt-BR\"},{\"@type\":\"ImageObject\",\"inLanguage\":\"pt-BR\",\"@id\":\"https:\/\/franciscanos.org.br\/noticias\/vii-congresso-internacional-franciscano-reune-mais-de-200-participantes.html#primaryimage\",\"url\":\"https:\/\/franciscanos.org.br\/noticias\/wp-content\/uploads\/2024\/06\/IC4A9470-scaled.jpg\",\"contentUrl\":\"https:\/\/franciscanos.org.br\/noticias\/wp-content\/uploads\/2024\/06\/IC4A9470-scaled.jpg\",\"width\":1620,\"height\":1080},{\"@type\":\"WebPage\",\"@id\":\"https:\/\/franciscanos.org.br\/noticias\/vii-congresso-internacional-franciscano-reune-mais-de-200-participantes.html#webpage\",\"url\":\"https:\/\/franciscanos.org.br\/noticias\/vii-congresso-internacional-franciscano-reune-mais-de-200-participantes.html\",\"name\":\"VII Congresso Internacional Franciscano re\u00fane mais de 200 participantes - Not\u00edcias - Franciscanos\",\"isPartOf\":{\"@id\":\"https:\/\/franciscanos.org.br\/noticias\/#website\"},\"primaryImageOfPage\":{\"@id\":\"https:\/\/franciscanos.org.br\/noticias\/vii-congresso-internacional-franciscano-reune-mais-de-200-participantes.html#primaryimage\"},\"datePublished\":\"2024-06-21T18:14:13+00:00\",\"dateModified\":\"2024-06-21T18:52:53+00:00\",\"author\":{\"@id\":\"https:\/\/franciscanos.org.br\/noticias\/#\/schema\/person\/d9422e83121c3ad3b0f423d195f5bb25\"},\"breadcrumb\":{\"@id\":\"https:\/\/franciscanos.org.br\/noticias\/vii-congresso-internacional-franciscano-reune-mais-de-200-participantes.html#breadcrumb\"},\"inLanguage\":\"pt-BR\",\"potentialAction\":[{\"@type\":\"ReadAction\",\"target\":[\"https:\/\/franciscanos.org.br\/noticias\/vii-congresso-internacional-franciscano-reune-mais-de-200-participantes.html\"]}]},{\"@type\":\"BreadcrumbList\",\"@id\":\"https:\/\/franciscanos.org.br\/noticias\/vii-congresso-internacional-franciscano-reune-mais-de-200-participantes.html#breadcrumb\",\"itemListElement\":[{\"@type\":\"ListItem\",\"position\":1,\"name\":\"Home\",\"item\":\"https:\/\/franciscanos.org.br\/noticias\"},{\"@type\":\"ListItem\",\"position\":2,\"name\":\"VII Congresso Internacional Franciscano re\u00fane mais de 200 participantes\"}]},{\"@type\":\"Person\",\"@id\":\"https:\/\/franciscanos.org.br\/noticias\/#\/schema\/person\/d9422e83121c3ad3b0f423d195f5bb25\",\"name\":\"Adriana Rabelo\",\"image\":{\"@type\":\"ImageObject\",\"inLanguage\":\"pt-BR\",\"@id\":\"https:\/\/franciscanos.org.br\/noticias\/#\/schema\/person\/image\/\",\"url\":\"https:\/\/secure.gravatar.com\/avatar\/0a937b7500cd7df77540cfb8bede877d?s=96&d=mm&r=g\",\"contentUrl\":\"https:\/\/secure.gravatar.com\/avatar\/0a937b7500cd7df77540cfb8bede877d?s=96&d=mm&r=g\",\"caption\":\"Adriana Rabelo\"},\"url\":\"https:\/\/franciscanos.org.br\/noticias\/author\/adrianarabelo\"}]}<\/script>\n<!-- \/ Yoast SEO plugin. -->","yoast_head_json":{"title":"VII Congresso Internacional Franciscano re\u00fane mais de 200 participantes - Not\u00edcias - Franciscanos","robots":{"index":"index","follow":"follow","max-snippet":"max-snippet:-1","max-image-preview":"max-image-preview:large","max-video-preview":"max-video-preview:-1"},"canonical":"https:\/\/franciscanos.org.br\/noticias\/vii-congresso-internacional-franciscano-reune-mais-de-200-participantes.html","og_locale":"pt_BR","og_type":"article","og_title":"VII Congresso Internacional Franciscano re\u00fane mais de 200 participantes - Not\u00edcias - Franciscanos","og_description":"Congresso Internacional Franciscano destaca Regra Bulada, Pres\u00e9pio e Estigmas","og_url":"https:\/\/franciscanos.org.br\/noticias\/vii-congresso-internacional-franciscano-reune-mais-de-200-participantes.html","og_site_name":"Not\u00edcias - Franciscanos","article_published_time":"2024-06-21T18:14:13+00:00","article_modified_time":"2024-06-21T18:52:53+00:00","og_image":[{"width":1620,"height":1080,"url":"https:\/\/franciscanos.org.br\/noticias\/wp-content\/uploads\/2024\/06\/IC4A9470-scaled.jpg","type":"image\/jpeg"}],"author":"Adriana Rabelo","twitter_card":"summary_large_image","twitter_misc":{"Escrito por":"Adriana Rabelo","Est. tempo de leitura":"4 minutos"},"schema":{"@context":"https:\/\/schema.org","@graph":[{"@type":"WebSite","@id":"https:\/\/franciscanos.org.br\/noticias\/#website","url":"https:\/\/franciscanos.org.br\/noticias\/","name":"Not\u00edcias - Franciscanos","description":"Prov\u00edncia Franciscana da Imaculada Concei\u00e7\u00e3o do Brasil - Ordem dos Frades Menores - OFM","potentialAction":[{"@type":"SearchAction","target":{"@type":"EntryPoint","urlTemplate":"https:\/\/franciscanos.org.br\/noticias\/?s={search_term_string}"},"query-input":"required name=search_term_string"}],"inLanguage":"pt-BR"},{"@type":"ImageObject","inLanguage":"pt-BR","@id":"https:\/\/franciscanos.org.br\/noticias\/vii-congresso-internacional-franciscano-reune-mais-de-200-participantes.html#primaryimage","url":"https:\/\/franciscanos.org.br\/noticias\/wp-content\/uploads\/2024\/06\/IC4A9470-scaled.jpg","contentUrl":"https:\/\/franciscanos.org.br\/noticias\/wp-content\/uploads\/2024\/06\/IC4A9470-scaled.jpg","width":1620,"height":1080},{"@type":"WebPage","@id":"https:\/\/franciscanos.org.br\/noticias\/vii-congresso-internacional-franciscano-reune-mais-de-200-participantes.html#webpage","url":"https:\/\/franciscanos.org.br\/noticias\/vii-congresso-internacional-franciscano-reune-mais-de-200-participantes.html","name":"VII Congresso Internacional Franciscano re\u00fane mais de 200 participantes - Not\u00edcias - Franciscanos","isPartOf":{"@id":"https:\/\/franciscanos.org.br\/noticias\/#website"},"primaryImageOfPage":{"@id":"https:\/\/franciscanos.org.br\/noticias\/vii-congresso-internacional-franciscano-reune-mais-de-200-participantes.html#primaryimage"},"datePublished":"2024-06-21T18:14:13+00:00","dateModified":"2024-06-21T18:52:53+00:00","author":{"@id":"https:\/\/franciscanos.org.br\/noticias\/#\/schema\/person\/d9422e83121c3ad3b0f423d195f5bb25"},"breadcrumb":{"@id":"https:\/\/franciscanos.org.br\/noticias\/vii-congresso-internacional-franciscano-reune-mais-de-200-participantes.html#breadcrumb"},"inLanguage":"pt-BR","potentialAction":[{"@type":"ReadAction","target":["https:\/\/franciscanos.org.br\/noticias\/vii-congresso-internacional-franciscano-reune-mais-de-200-participantes.html"]}]},{"@type":"BreadcrumbList","@id":"https:\/\/franciscanos.org.br\/noticias\/vii-congresso-internacional-franciscano-reune-mais-de-200-participantes.html#breadcrumb","itemListElement":[{"@type":"ListItem","position":1,"name":"Home","item":"https:\/\/franciscanos.org.br\/noticias"},{"@type":"ListItem","position":2,"name":"VII Congresso Internacional Franciscano re\u00fane mais de 200 participantes"}]},{"@type":"Person","@id":"https:\/\/franciscanos.org.br\/noticias\/#\/schema\/person\/d9422e83121c3ad3b0f423d195f5bb25","name":"Adriana Rabelo","image":{"@type":"ImageObject","inLanguage":"pt-BR","@id":"https:\/\/franciscanos.org.br\/noticias\/#\/schema\/person\/image\/","url":"https:\/\/secure.gravatar.com\/avatar\/0a937b7500cd7df77540cfb8bede877d?s=96&d=mm&r=g","contentUrl":"https:\/\/secure.gravatar.com\/avatar\/0a937b7500cd7df77540cfb8bede877d?s=96&d=mm&r=g","caption":"Adriana Rabelo"},"url":"https:\/\/franciscanos.org.br\/noticias\/author\/adrianarabelo"}]}},"_links":{"self":[{"href":"https:\/\/franciscanos.org.br\/noticias\/wp-json\/wp\/v2\/posts\/248571"}],"collection":[{"href":"https:\/\/franciscanos.org.br\/noticias\/wp-json\/wp\/v2\/posts"}],"about":[{"href":"https:\/\/franciscanos.org.br\/noticias\/wp-json\/wp\/v2\/types\/post"}],"author":[{"embeddable":true,"href":"https:\/\/franciscanos.org.br\/noticias\/wp-json\/wp\/v2\/users\/11"}],"replies":[{"embeddable":true,"href":"https:\/\/franciscanos.org.br\/noticias\/wp-json\/wp\/v2\/comments?post=248571"}],"version-history":[{"count":4,"href":"https:\/\/franciscanos.org.br\/noticias\/wp-json\/wp\/v2\/posts\/248571\/revisions"}],"predecessor-version":[{"id":248593,"href":"https:\/\/franciscanos.org.br\/noticias\/wp-json\/wp\/v2\/posts\/248571\/revisions\/248593"}],"wp:featuredmedia":[{"embeddable":true,"href":"https:\/\/franciscanos.org.br\/noticias\/wp-json\/wp\/v2\/media\/248573"}],"wp:attachment":[{"href":"https:\/\/franciscanos.org.br\/noticias\/wp-json\/wp\/v2\/media?parent=248571"}],"wp:term":[{"taxonomy":"category","embeddable":true,"href":"https:\/\/franciscanos.org.br\/noticias\/wp-json\/wp\/v2\/categories?post=248571"},{"taxonomy":"post_tag","embeddable":true,"href":"https:\/\/franciscanos.org.br\/noticias\/wp-json\/wp\/v2\/tags?post=248571"}],"curies":[{"name":"wp","href":"https:\/\/api.w.org\/{rel}","templated":true}]}}