{"id":248560,"date":"2024-06-21T12:48:27","date_gmt":"2024-06-21T15:48:27","guid":{"rendered":"https:\/\/franciscanos.org.br\/noticias\/?p=248560"},"modified":"2024-06-21T16:44:38","modified_gmt":"2024-06-21T19:44:38","slug":"sefras-participa-de-encontro-em-roraima-para-discutir-situacao-de-migrantes-e-refugiados","status":"publish","type":"post","link":"https:\/\/franciscanos.org.br\/noticias\/sefras-participa-de-encontro-em-roraima-para-discutir-situacao-de-migrantes-e-refugiados.html","title":{"rendered":"SEFRAS participa de encontro em Roraima para discutir situa\u00e7\u00e3o de migrantes e refugiados"},"content":{"rendered":"<p><img loading=\"lazy\" class=\"aligncenter wp-image-248562 size-full\" src=\"https:\/\/franciscanos.org.br\/noticias\/wp-content\/uploads\/2024\/06\/NOTICIA-VATICAN-NEWS-1.jpeg\" alt=\"\" width=\"750\" height=\"422\" srcset=\"https:\/\/franciscanos.org.br\/noticias\/wp-content\/uploads\/2024\/06\/NOTICIA-VATICAN-NEWS-1.jpeg 750w, https:\/\/franciscanos.org.br\/noticias\/wp-content\/uploads\/2024\/06\/NOTICIA-VATICAN-NEWS-1-450x253.jpeg 450w, https:\/\/franciscanos.org.br\/noticias\/wp-content\/uploads\/2024\/06\/NOTICIA-VATICAN-NEWS-1-150x84.jpeg 150w\" sizes=\"(max-width: 750px) 100vw, 750px\" \/><\/p>\n<p>A Comiss\u00e3o Episcopal Especial de enfrentamento ao Tr\u00e1fico de Pessoas da Confer\u00eancia Nacional dos Bispos do Brasil (CNBB), est\u00e1 realizando visitas\u00a0 e encontros na diocese de Roraima e nas fronteiras com a Guiana e Venezuela, para acompanhar e discutir a situa\u00e7\u00e3o dos migrantes e refugiados que chegam ao Brasil. Representantes de diferentes regi\u00f5es do pa\u00eds comp\u00f5em o grupo. O SEFRAS &#8211; A\u00e7\u00e3o Social Franciscana, tamb\u00e9m est\u00e1 na comitiva com Frei Marx Rodrigues dos Reis, La\u00eds Andrade Furtado Leite e Thamara Marques Thom\u00e9, todos de S\u00e3o Paulo.<\/p>\n<p>O bispo franciscano de Romaria, Dom Evaristo Pascoal Spengler, est\u00e1 na equipe em miss\u00e3o para o enfrentamento ao tr\u00e1fico humano. Al\u00e9m dele, tamb\u00e9m est\u00e3o Dom Adilson Pedro Busin, bispo de Tubar\u00e3o (SC) e Dom Pl\u00ednio Jos\u00e9 Luz da Silva, bispo de\u00a0 Picos (PI).<\/p>\n<p>De acordo com Frei Marx, vivemos uma conjuntura internacional que impede a vida plena dos povos.\u00a0 Al\u00e9m das quest\u00f5es pol\u00edticas e econ\u00f4micas que envolvem guerras, persegui\u00e7\u00f5es e geram s\u00e9rios problemas humanit\u00e1rios. &#8220;Temos ainda um outro caminho que \u00e9 muito forte agora, devido \u00e0s ocorr\u00eancias da nossa a\u00e7\u00e3o no mundo. Aqui est\u00e1 o caso o desequil\u00edbrio do nosso planeta. Ent\u00e3o existem as migra\u00e7\u00f5es oriundas dos problemas clim\u00e1ticos, sejam eles por enchentes, sejam eles por cat\u00e1strofes como tuf\u00f5es ou ent\u00e3o carestia&#8221;.<\/p>\n<p>Na Semana do Migrante, o frade fala sobre a import\u00e2ncia das discuss\u00f5es em torno de situa\u00e7\u00f5es delicadas relacionadas ao drama da barreira lingu\u00edstica, da xenofobia, do racismo e do preconceito, al\u00e9m do trabalho escravo, do tr\u00e1fico humano, da prostitui\u00e7\u00e3o, entre tantas outras condi\u00e7\u00f5es que o migrante\u00a0 e refugiado s\u00e3o submetidos. &#8221; O Papa Francisco nos prop\u00f5e um olhar mais crist\u00e3o para que entendamos que todos n\u00f3s fazemos parte da mesma casa&#8221;, salienta.<\/p>\n<p>Entenda melhor o trabalho da\u00a0 Comiss\u00e3o Episcopal Especial de enfrentamento ao Tr\u00e1fico de Pessoas e a import\u00e2ncia da presen\u00e7a da comitiva, em Roraima, pelo texto publicado no site <em><a href=\"https:\/\/www.vaticannews.va\/pt\/igreja\/news\/2024-06\/comissao-contra-trafico-pessoas-cnbb-venezuela.html\"><strong>Vatican News<\/strong><\/a>.<\/em><\/p>\n<p><strong>Comiss\u00e3o da CNBB contra o Tr\u00e1fico de Pessoas: conhecer o outro lado da fronteira<\/strong><\/p>\n<p><strong><img loading=\"lazy\" class=\"aligncenter wp-image-248564 size-full\" src=\"https:\/\/franciscanos.org.br\/noticias\/wp-content\/uploads\/2024\/06\/bispo-provincia.jpeg\" alt=\"\" width=\"750\" height=\"422\" srcset=\"https:\/\/franciscanos.org.br\/noticias\/wp-content\/uploads\/2024\/06\/bispo-provincia.jpeg 750w, https:\/\/franciscanos.org.br\/noticias\/wp-content\/uploads\/2024\/06\/bispo-provincia-450x253.jpeg 450w, https:\/\/franciscanos.org.br\/noticias\/wp-content\/uploads\/2024\/06\/bispo-provincia-150x84.jpeg 150w\" sizes=\"(max-width: 750px) 100vw, 750px\" \/><\/strong><\/p>\n<p>&nbsp;<\/p>\n<p>Muitas pessoas, movidas pelo preconceito, condenam os migrantes. Conhecer a realidade de onde eles v\u00eam, nos ajuda a entender os motivos que levam essas pessoas a deixar tudo para tr\u00e1s e se aventurar numa nova vida, desconhecida que nem sempre f\u00e1cil. Da\u00ed a import\u00e2ncia da miss\u00e3o que a Comiss\u00e3o Episcopal Especial de enfrentamento ao Tr\u00e1fico de Pessoas da Confer\u00eancia Nacional dos Bispos do Brasil (CNBB), est\u00e1 realizando de 17 a 23 de junho na diocese de Roraima, com visitas em Bonfim e Lethem, o principal passo fronteiri\u00e7o entre a Guiana e o Brasil, e em Pacaraima e Santa Elena de Uair\u00e9n, passo fronteiri\u00e7o entre a Venezuela e o Brasil.<\/p>\n<p><strong>A Igreja do Vicariato do Caron\u00ec<\/strong><\/p>\n<p>Santa Elena de Uair\u00e9n \u00e9 sede do Vicariato Apost\u00f3lico do Caron\u00ed, uma Igreja com rosto ind\u00edgena, que desde 1922 acompanha a vida do povo pem\u00f3n, habitantes da Grande Sabana, numa tentativa de ser uma Igreja inculturada. Um territ\u00f3rio de 80 mil quil\u00f3metros, com grandes dificuldades de deslocamento, algo que desafia a a\u00e7\u00e3o mission\u00e1ria.<\/p>\n<p>Uma Igreja que quer caminhar junto com a diocese de Roraima, com objetivos comuns, numa Igreja sem fronteiras. Aos poucos isso vai se concretizando no trabalho da Caritas, nas experi\u00eancias de forma\u00e7\u00e3o e trabalho pastoral comum. Um caminhar junto que \u00e9 motivo de gratid\u00e3o para o bispo do Vicariato do Caron\u00ed, dom Gonzalo Ontiveros, que insiste na solidariedade da Igreja brasileira com o povo venezuelano. Uma visita que o bispo v\u00ea como experi\u00eancia de escuta sinodal, que deve ajudar para avan\u00e7ar em caminhos comuns.<\/p>\n<p><strong>Motiva\u00e7\u00f5es, dificuldades, pedido dos migrantes<\/strong><\/p>\n<p>Segundo uma pesquisa da Caritas do Vicariato do Caron\u00ed, desde 2022 o ingresso de venezuelanos no Brasil, o 5\u00ba pa\u00eds onde chega mais venezuelanos, tem aumentado. 23% eram migrantes de volta a Venezuela, 22% gente que vai e volta, e 55% por cento migrantes sem inten\u00e7\u00e3o de voltar. 74% por centos dos migrantes s\u00e3o mulheres. Entre as motiva\u00e7\u00f5es est\u00e1 a reunifica\u00e7\u00e3o familiar, a falta de emprego e os sal\u00e1rios muito baixos na Venezuela, falta de servi\u00e7os m\u00e9dicos e medicamentos. Entre as dificuldades no caminho, os migrantes sofrem com a falta de \u00e1gua pot\u00e1vel, falta de lugares para banho e hospedagem, falta de dinheiro, falta de documenta\u00e7\u00e3o para ingressar em outro pa\u00eds. Eles pedem alimentos, muitos n\u00e3o sabiam se iriam comer no outro dia, dinheiro para o dia a dia, servi\u00e7o de sa\u00fade. <img loading=\"lazy\" class=\"size-medium wp-image-248563 alignright\" src=\"https:\/\/franciscanos.org.br\/noticias\/wp-content\/uploads\/2024\/06\/TRAFICO-DE-PESSOAS-450x253.jpeg\" alt=\"\" width=\"450\" height=\"253\" srcset=\"https:\/\/franciscanos.org.br\/noticias\/wp-content\/uploads\/2024\/06\/TRAFICO-DE-PESSOAS-450x253.jpeg 450w, https:\/\/franciscanos.org.br\/noticias\/wp-content\/uploads\/2024\/06\/TRAFICO-DE-PESSOAS-150x84.jpeg 150w, https:\/\/franciscanos.org.br\/noticias\/wp-content\/uploads\/2024\/06\/TRAFICO-DE-PESSOAS.jpeg 750w\" sizes=\"(max-width: 450px) 100vw, 450px\" \/><\/p>\n<p>Como alternativas para resolver as dificuldades, \u00e9 pedido pelas pessoas em tr\u00e2nsito, mais pontos de informa\u00e7\u00e3o sobre os requisitos para sair do pa\u00eds, pontos de acompanhamento socioemocional, espa\u00e7os de higiene adequados e para adquirir \u00e1gua pot\u00e1vel. Poucas pessoas relatam situa\u00e7\u00f5es de tr\u00e1fico de pessoas, mas tamb\u00e9m \u00e9 certo que nem sempre se tem a possibilidade de uma conversa mais pausada. Mesmo assim, s\u00e3o relatadas situa\u00e7\u00f5es que sofrem os migrantes, especialmente cubanos, v\u00edtimas das m\u00e1fias. Uma realidade que tamb\u00e9m atinge \u00e0s comunidades ind\u00edgenas, segundo relatam as lideran\u00e7as ind\u00edgenas locais, que destacam a falta de sa\u00fade como a causa principal de migra\u00e7\u00e3o dos ind\u00edgenas.<\/p>\n<p><strong>O trabalho da Comiss\u00e3o de enfrentamento ao Tr\u00e1fico de Pessoas da CNBB<\/strong><\/p>\n<p>Diante dessa realidade, foram lembradas as palavras do Papa Francisco: \u201cse n\u00f3s queremos cooperar com nosso Pai celestial na constru\u00e7\u00e3o do futuro, fa\u00e7amo-lo junto com nossos irm\u00e3os e irm\u00e3s migrantes e refugiados. Construamo-lo juntos!\u201d. S\u00e3o desafios enfrentados pela Comiss\u00e3o de enfrentamento ao Tr\u00e1fico de Pessoas da CNBB, segundo o bispo de Tubar\u00e3o e presidente da comiss\u00e3o, dom Adilson Busin, que destacou o trabalho em comum que est\u00e1 sendo realizado.<\/p>\n<p>A migra\u00e7\u00e3o \u00e9 um fen\u00f4meno mundial, o que tem ampliado as rotas migrat\u00f3rias, segundo a professora da Universidade Federal de Roraima, M\u00e1rcia de Oliveira, que faz parte de um grupo de estudo que tem descoberto a explora\u00e7\u00e3o que sofrem os migrantes, v\u00edtimas de redes organizadas criminosas, nos traslados, relatando situa\u00e7\u00f5es vividas pelos migrantes, principalmente mulheres, inclusive menores, que n\u00e3o s\u00e3o denunciadas, diante das amea\u00e7as que sofrem e o medo que isso provoca. Dificuldades que os migrantes continuam sofrendo j\u00e1 no Brasil, nos traslados internos, com situa\u00e7\u00f5es de trabalho an\u00e1logo \u00e0 escravid\u00e3o, com grupos especializados na explora\u00e7\u00e3o dos migrantes. Diante disso, a professora faz um chamado a ficar atentos e denunciar esse tipo de situa\u00e7\u00f5es de explora\u00e7\u00e3o e tr\u00e1fico de pessoas.<\/p>\n<p>O trabalho pastoral da comiss\u00e3o para o tr\u00e1fico de pessoas, segundo a Ir. Eurides Alves de Oliveira, leva a refletir sobre o trabalho de evangeliza\u00e7\u00e3o e promo\u00e7\u00e3o humana, como apelo do Evangelho na defesa da vida dos vulner\u00e1veis, \u201cum apelo urgente para nossa a\u00e7\u00e3o evangelizadora se queremos ser fi\u00e9is ao Evangelho e a uma Igreja em sa\u00edda\u201d, segundo a religiosa. Ela refletiu sobre as palavras de Francisco no final da \u00faltima assembleia da Rede Talitha Kum, onde definiu o tr\u00e1fico de pessoas como um mal sist\u00e9mico e que tem muitas ra\u00edzes, muitas causas, como algo programado por um sistema que n\u00e3o coloca as pessoas no centro e sim o lucro. Essa realidade do tr\u00e1fico de pessoas \u00e9 muito presente no Brasil, mas pouco denunciada, ressalta a Ir. Eurides, da\u00ed a import\u00e2ncia do trabalho da comiss\u00e3o, apresentando seus objetivos.<\/p>\n<p><strong>Os passos da seguir<\/strong><\/p>\n<p>De acordo com dom Gonzalo Ontiveros, Santa Elena \u00e9 um lugar de passagem, o migrante chega ao terminal de \u00f4nibus e geralmente est\u00e3o esperando-o para ir diretamente para Pacaraima, ou diretamente para Boa Vista, o que significa que o Vicariato de Caron\u00ed tem pouco contato com os migrantes, que em alguns casos v\u00e3o de t\u00e1xi de Caracas ou de outras cidades da Venezuela diretamente para o Brasil. Os poucos que ficam, ressalta o bispo, v\u00e3o para algumas comunidades, que s\u00e3o muito vulner\u00e1veis, onde s\u00e3o acompanhados. Nessas comunidades, eles constroem suas cabanas e come\u00e7am a viver por um tempo. Essas comunidades s\u00e3o visitadas pelos agentes pastorais do Vicariato, conhecendo de onde eles v\u00eam, quantos membros fazem parte da fam\u00edlia, uma pastoral de contato direto com eles e de assist\u00eancia espiritual, com celebra\u00e7\u00f5es da Eucaristia.<\/p>\n<p>O n\u00famero de migrantes tem aumentado em 2024, enfatiza o bispo, que fala do processo eleitoral que realizar\u00e1 elei\u00e7\u00f5es em 28 de julho, o que gera expectativas, e cujo resultado afetar\u00e1 diretamente o processo migrat\u00f3rio, algo que deve levar o Vicariato a pensar, pois poderia provocar uma onda de migra\u00e7\u00e3o de cinco milh\u00f5es de venezuelanos, enfatiza Dom Ontiveros. Nessa din\u00e2mica, o bispo afirma que &#8220;estamos plenamente preparados, junto com a diocese de Roraima, para trabalhar a partir da C\u00e1ritas e da aten\u00e7\u00e3o aos migrantes, trabalhando em equipe, em comunh\u00e3o, para ver que coisas podemos continuar fazendo para atender os migrantes e as v\u00edtimas do tr\u00e1fico humano&#8221;.<\/p>\n<hr \/>\n<p><em>Adriana Rabelo\u00a0<\/em><\/p>\n<p>&nbsp;<\/p>\n<div>\n<div class=\"article__embed article__embed--unwrap article__embed--photo\">\n<figure><picture><source srcset=\"\/content\/dam\/vaticannews\/multimedia\/2024\/giugno\/21\/COMISSAO-3.jpg\/_jcr_content\/renditions\/cq5dam.thumbnail.cropped.1500.844.jpeg 2x, \/content\/dam\/vaticannews\/multimedia\/2024\/giugno\/21\/COMISSAO-3.jpg\/_jcr_content\/renditions\/cq5dam.thumbnail.cropped.750.422.jpeg 1x\" media=\"(min-width: 1024px)\" data-original-set=\"\/content\/dam\/vaticannews\/multimedia\/2024\/giugno\/21\/COMISSAO-3.jpg\/_jcr_content\/renditions\/cq5dam.thumbnail.cropped.1500.844.jpeg 2x, \/content\/dam\/vaticannews\/multimedia\/2024\/giugno\/21\/COMISSAO-3.jpg\/_jcr_content\/renditions\/cq5dam.thumbnail.cropped.750.422.jpeg 1x\" \/><source srcset=\"\/content\/dam\/vaticannews\/multimedia\/2024\/giugno\/21\/COMISSAO-3.jpg\/_jcr_content\/renditions\/cq5dam.thumbnail.cropped.1000.563.jpeg 2x, \/content\/dam\/vaticannews\/multimedia\/2024\/giugno\/21\/COMISSAO-3.jpg\/_jcr_content\/renditions\/cq5dam.thumbnail.cropped.500.281.jpeg 1x\" media=\"(min-width: 768px)\" data-original-set=\"\/content\/dam\/vaticannews\/multimedia\/2024\/giugno\/21\/COMISSAO-3.jpg\/_jcr_content\/renditions\/cq5dam.thumbnail.cropped.1000.563.jpeg 2x, \/content\/dam\/vaticannews\/multimedia\/2024\/giugno\/21\/COMISSAO-3.jpg\/_jcr_content\/renditions\/cq5dam.thumbnail.cropped.500.281.jpeg 1x\" \/><source srcset=\"\/content\/dam\/vaticannews\/multimedia\/2024\/giugno\/21\/COMISSAO-3.jpg\/_jcr_content\/renditions\/cq5dam.thumbnail.cropped.500.281.jpeg\" data-original-set=\"\/content\/dam\/vaticannews\/multimedia\/2024\/giugno\/21\/COMISSAO-3.jpg\/_jcr_content\/renditions\/cq5dam.thumbnail.cropped.500.281.jpeg\" \/><\/picture><\/figure>\n<\/div>\n<\/div>\n","protected":false},"excerpt":{"rendered":"<p>Comiss\u00e3o Episcopal Especial de enfrentamento ao Tr\u00e1fico de Pessoas visita Roraima<\/p>\n","protected":false},"author":11,"featured_media":248561,"comment_status":"open","ping_status":"open","sticky":false,"template":"","format":"standard","meta":[],"categories":[1],"tags":[29,228],"acf":[],"yoast_head":"<!-- This site is optimized with the Yoast SEO plugin v19.2 - https:\/\/yoast.com\/wordpress\/plugins\/seo\/ -->\n<title>SEFRAS participa de encontro em Roraima para discutir situa\u00e7\u00e3o de migrantes e refugiados - Not\u00edcias - Franciscanos<\/title>\n<meta name=\"robots\" content=\"index, follow, max-snippet:-1, max-image-preview:large, max-video-preview:-1\" \/>\n<link rel=\"canonical\" href=\"https:\/\/franciscanos.org.br\/noticias\/sefras-participa-de-encontro-em-roraima-para-discutir-situacao-de-migrantes-e-refugiados.html\" \/>\n<meta property=\"og:locale\" content=\"pt_BR\" \/>\n<meta property=\"og:type\" content=\"article\" \/>\n<meta property=\"og:title\" content=\"SEFRAS participa de encontro em Roraima para discutir situa\u00e7\u00e3o de migrantes e refugiados - Not\u00edcias - Franciscanos\" \/>\n<meta property=\"og:description\" content=\"Comiss\u00e3o Episcopal Especial de enfrentamento ao Tr\u00e1fico de Pessoas visita Roraima\" \/>\n<meta property=\"og:url\" content=\"https:\/\/franciscanos.org.br\/noticias\/sefras-participa-de-encontro-em-roraima-para-discutir-situacao-de-migrantes-e-refugiados.html\" \/>\n<meta property=\"og:site_name\" content=\"Not\u00edcias - Franciscanos\" \/>\n<meta property=\"article:published_time\" content=\"2024-06-21T15:48:27+00:00\" \/>\n<meta property=\"article:modified_time\" content=\"2024-06-21T19:44:38+00:00\" \/>\n<meta property=\"og:image\" content=\"https:\/\/franciscanos.org.br\/noticias\/wp-content\/uploads\/2024\/06\/NOTICIA-VATICAN-NEWS.jpeg\" \/>\n\t<meta property=\"og:image:width\" content=\"750\" \/>\n\t<meta property=\"og:image:height\" content=\"422\" \/>\n\t<meta property=\"og:image:type\" content=\"image\/jpeg\" \/>\n<meta name=\"author\" content=\"Adriana Rabelo\" \/>\n<meta name=\"twitter:card\" content=\"summary_large_image\" \/>\n<meta name=\"twitter:label1\" content=\"Escrito por\" \/>\n\t<meta name=\"twitter:data1\" content=\"Adriana Rabelo\" \/>\n\t<meta name=\"twitter:label2\" content=\"Est. tempo de leitura\" \/>\n\t<meta name=\"twitter:data2\" content=\"8 minutos\" \/>\n<script type=\"application\/ld+json\" class=\"yoast-schema-graph\">{\"@context\":\"https:\/\/schema.org\",\"@graph\":[{\"@type\":\"WebSite\",\"@id\":\"https:\/\/franciscanos.org.br\/noticias\/#website\",\"url\":\"https:\/\/franciscanos.org.br\/noticias\/\",\"name\":\"Not\u00edcias - Franciscanos\",\"description\":\"Prov\u00edncia Franciscana da Imaculada Concei\u00e7\u00e3o do Brasil - Ordem dos Frades Menores - OFM\",\"potentialAction\":[{\"@type\":\"SearchAction\",\"target\":{\"@type\":\"EntryPoint\",\"urlTemplate\":\"https:\/\/franciscanos.org.br\/noticias\/?s={search_term_string}\"},\"query-input\":\"required name=search_term_string\"}],\"inLanguage\":\"pt-BR\"},{\"@type\":\"ImageObject\",\"inLanguage\":\"pt-BR\",\"@id\":\"https:\/\/franciscanos.org.br\/noticias\/sefras-participa-de-encontro-em-roraima-para-discutir-situacao-de-migrantes-e-refugiados.html#primaryimage\",\"url\":\"https:\/\/franciscanos.org.br\/noticias\/wp-content\/uploads\/2024\/06\/NOTICIA-VATICAN-NEWS.jpeg\",\"contentUrl\":\"https:\/\/franciscanos.org.br\/noticias\/wp-content\/uploads\/2024\/06\/NOTICIA-VATICAN-NEWS.jpeg\",\"width\":750,\"height\":422},{\"@type\":\"WebPage\",\"@id\":\"https:\/\/franciscanos.org.br\/noticias\/sefras-participa-de-encontro-em-roraima-para-discutir-situacao-de-migrantes-e-refugiados.html#webpage\",\"url\":\"https:\/\/franciscanos.org.br\/noticias\/sefras-participa-de-encontro-em-roraima-para-discutir-situacao-de-migrantes-e-refugiados.html\",\"name\":\"SEFRAS participa de encontro em Roraima para discutir situa\u00e7\u00e3o de migrantes e refugiados - Not\u00edcias - Franciscanos\",\"isPartOf\":{\"@id\":\"https:\/\/franciscanos.org.br\/noticias\/#website\"},\"primaryImageOfPage\":{\"@id\":\"https:\/\/franciscanos.org.br\/noticias\/sefras-participa-de-encontro-em-roraima-para-discutir-situacao-de-migrantes-e-refugiados.html#primaryimage\"},\"datePublished\":\"2024-06-21T15:48:27+00:00\",\"dateModified\":\"2024-06-21T19:44:38+00:00\",\"author\":{\"@id\":\"https:\/\/franciscanos.org.br\/noticias\/#\/schema\/person\/d9422e83121c3ad3b0f423d195f5bb25\"},\"breadcrumb\":{\"@id\":\"https:\/\/franciscanos.org.br\/noticias\/sefras-participa-de-encontro-em-roraima-para-discutir-situacao-de-migrantes-e-refugiados.html#breadcrumb\"},\"inLanguage\":\"pt-BR\",\"potentialAction\":[{\"@type\":\"ReadAction\",\"target\":[\"https:\/\/franciscanos.org.br\/noticias\/sefras-participa-de-encontro-em-roraima-para-discutir-situacao-de-migrantes-e-refugiados.html\"]}]},{\"@type\":\"BreadcrumbList\",\"@id\":\"https:\/\/franciscanos.org.br\/noticias\/sefras-participa-de-encontro-em-roraima-para-discutir-situacao-de-migrantes-e-refugiados.html#breadcrumb\",\"itemListElement\":[{\"@type\":\"ListItem\",\"position\":1,\"name\":\"Home\",\"item\":\"https:\/\/franciscanos.org.br\/noticias\"},{\"@type\":\"ListItem\",\"position\":2,\"name\":\"SEFRAS participa de encontro em Roraima para discutir situa\u00e7\u00e3o de migrantes e refugiados\"}]},{\"@type\":\"Person\",\"@id\":\"https:\/\/franciscanos.org.br\/noticias\/#\/schema\/person\/d9422e83121c3ad3b0f423d195f5bb25\",\"name\":\"Adriana Rabelo\",\"image\":{\"@type\":\"ImageObject\",\"inLanguage\":\"pt-BR\",\"@id\":\"https:\/\/franciscanos.org.br\/noticias\/#\/schema\/person\/image\/\",\"url\":\"https:\/\/secure.gravatar.com\/avatar\/0a937b7500cd7df77540cfb8bede877d?s=96&d=mm&r=g\",\"contentUrl\":\"https:\/\/secure.gravatar.com\/avatar\/0a937b7500cd7df77540cfb8bede877d?s=96&d=mm&r=g\",\"caption\":\"Adriana Rabelo\"},\"url\":\"https:\/\/franciscanos.org.br\/noticias\/author\/adrianarabelo\"}]}<\/script>\n<!-- \/ Yoast SEO plugin. -->","yoast_head_json":{"title":"SEFRAS participa de encontro em Roraima para discutir situa\u00e7\u00e3o de migrantes e refugiados - Not\u00edcias - Franciscanos","robots":{"index":"index","follow":"follow","max-snippet":"max-snippet:-1","max-image-preview":"max-image-preview:large","max-video-preview":"max-video-preview:-1"},"canonical":"https:\/\/franciscanos.org.br\/noticias\/sefras-participa-de-encontro-em-roraima-para-discutir-situacao-de-migrantes-e-refugiados.html","og_locale":"pt_BR","og_type":"article","og_title":"SEFRAS participa de encontro em Roraima para discutir situa\u00e7\u00e3o de migrantes e refugiados - Not\u00edcias - Franciscanos","og_description":"Comiss\u00e3o Episcopal Especial de enfrentamento ao Tr\u00e1fico de Pessoas visita Roraima","og_url":"https:\/\/franciscanos.org.br\/noticias\/sefras-participa-de-encontro-em-roraima-para-discutir-situacao-de-migrantes-e-refugiados.html","og_site_name":"Not\u00edcias - Franciscanos","article_published_time":"2024-06-21T15:48:27+00:00","article_modified_time":"2024-06-21T19:44:38+00:00","og_image":[{"width":750,"height":422,"url":"https:\/\/franciscanos.org.br\/noticias\/wp-content\/uploads\/2024\/06\/NOTICIA-VATICAN-NEWS.jpeg","type":"image\/jpeg"}],"author":"Adriana Rabelo","twitter_card":"summary_large_image","twitter_misc":{"Escrito por":"Adriana Rabelo","Est. tempo de leitura":"8 minutos"},"schema":{"@context":"https:\/\/schema.org","@graph":[{"@type":"WebSite","@id":"https:\/\/franciscanos.org.br\/noticias\/#website","url":"https:\/\/franciscanos.org.br\/noticias\/","name":"Not\u00edcias - Franciscanos","description":"Prov\u00edncia Franciscana da Imaculada Concei\u00e7\u00e3o do Brasil - Ordem dos Frades Menores - OFM","potentialAction":[{"@type":"SearchAction","target":{"@type":"EntryPoint","urlTemplate":"https:\/\/franciscanos.org.br\/noticias\/?s={search_term_string}"},"query-input":"required name=search_term_string"}],"inLanguage":"pt-BR"},{"@type":"ImageObject","inLanguage":"pt-BR","@id":"https:\/\/franciscanos.org.br\/noticias\/sefras-participa-de-encontro-em-roraima-para-discutir-situacao-de-migrantes-e-refugiados.html#primaryimage","url":"https:\/\/franciscanos.org.br\/noticias\/wp-content\/uploads\/2024\/06\/NOTICIA-VATICAN-NEWS.jpeg","contentUrl":"https:\/\/franciscanos.org.br\/noticias\/wp-content\/uploads\/2024\/06\/NOTICIA-VATICAN-NEWS.jpeg","width":750,"height":422},{"@type":"WebPage","@id":"https:\/\/franciscanos.org.br\/noticias\/sefras-participa-de-encontro-em-roraima-para-discutir-situacao-de-migrantes-e-refugiados.html#webpage","url":"https:\/\/franciscanos.org.br\/noticias\/sefras-participa-de-encontro-em-roraima-para-discutir-situacao-de-migrantes-e-refugiados.html","name":"SEFRAS participa de encontro em Roraima para discutir situa\u00e7\u00e3o de migrantes e refugiados - Not\u00edcias - Franciscanos","isPartOf":{"@id":"https:\/\/franciscanos.org.br\/noticias\/#website"},"primaryImageOfPage":{"@id":"https:\/\/franciscanos.org.br\/noticias\/sefras-participa-de-encontro-em-roraima-para-discutir-situacao-de-migrantes-e-refugiados.html#primaryimage"},"datePublished":"2024-06-21T15:48:27+00:00","dateModified":"2024-06-21T19:44:38+00:00","author":{"@id":"https:\/\/franciscanos.org.br\/noticias\/#\/schema\/person\/d9422e83121c3ad3b0f423d195f5bb25"},"breadcrumb":{"@id":"https:\/\/franciscanos.org.br\/noticias\/sefras-participa-de-encontro-em-roraima-para-discutir-situacao-de-migrantes-e-refugiados.html#breadcrumb"},"inLanguage":"pt-BR","potentialAction":[{"@type":"ReadAction","target":["https:\/\/franciscanos.org.br\/noticias\/sefras-participa-de-encontro-em-roraima-para-discutir-situacao-de-migrantes-e-refugiados.html"]}]},{"@type":"BreadcrumbList","@id":"https:\/\/franciscanos.org.br\/noticias\/sefras-participa-de-encontro-em-roraima-para-discutir-situacao-de-migrantes-e-refugiados.html#breadcrumb","itemListElement":[{"@type":"ListItem","position":1,"name":"Home","item":"https:\/\/franciscanos.org.br\/noticias"},{"@type":"ListItem","position":2,"name":"SEFRAS participa de encontro em Roraima para discutir situa\u00e7\u00e3o de migrantes e refugiados"}]},{"@type":"Person","@id":"https:\/\/franciscanos.org.br\/noticias\/#\/schema\/person\/d9422e83121c3ad3b0f423d195f5bb25","name":"Adriana Rabelo","image":{"@type":"ImageObject","inLanguage":"pt-BR","@id":"https:\/\/franciscanos.org.br\/noticias\/#\/schema\/person\/image\/","url":"https:\/\/secure.gravatar.com\/avatar\/0a937b7500cd7df77540cfb8bede877d?s=96&d=mm&r=g","contentUrl":"https:\/\/secure.gravatar.com\/avatar\/0a937b7500cd7df77540cfb8bede877d?s=96&d=mm&r=g","caption":"Adriana Rabelo"},"url":"https:\/\/franciscanos.org.br\/noticias\/author\/adrianarabelo"}]}},"_links":{"self":[{"href":"https:\/\/franciscanos.org.br\/noticias\/wp-json\/wp\/v2\/posts\/248560"}],"collection":[{"href":"https:\/\/franciscanos.org.br\/noticias\/wp-json\/wp\/v2\/posts"}],"about":[{"href":"https:\/\/franciscanos.org.br\/noticias\/wp-json\/wp\/v2\/types\/post"}],"author":[{"embeddable":true,"href":"https:\/\/franciscanos.org.br\/noticias\/wp-json\/wp\/v2\/users\/11"}],"replies":[{"embeddable":true,"href":"https:\/\/franciscanos.org.br\/noticias\/wp-json\/wp\/v2\/comments?post=248560"}],"version-history":[{"count":7,"href":"https:\/\/franciscanos.org.br\/noticias\/wp-json\/wp\/v2\/posts\/248560\/revisions"}],"predecessor-version":[{"id":248595,"href":"https:\/\/franciscanos.org.br\/noticias\/wp-json\/wp\/v2\/posts\/248560\/revisions\/248595"}],"wp:featuredmedia":[{"embeddable":true,"href":"https:\/\/franciscanos.org.br\/noticias\/wp-json\/wp\/v2\/media\/248561"}],"wp:attachment":[{"href":"https:\/\/franciscanos.org.br\/noticias\/wp-json\/wp\/v2\/media?parent=248560"}],"wp:term":[{"taxonomy":"category","embeddable":true,"href":"https:\/\/franciscanos.org.br\/noticias\/wp-json\/wp\/v2\/categories?post=248560"},{"taxonomy":"post_tag","embeddable":true,"href":"https:\/\/franciscanos.org.br\/noticias\/wp-json\/wp\/v2\/tags?post=248560"}],"curies":[{"name":"wp","href":"https:\/\/api.w.org\/{rel}","templated":true}]}}