{"id":248552,"date":"2024-06-19T16:26:46","date_gmt":"2024-06-19T19:26:46","guid":{"rendered":"https:\/\/franciscanos.org.br\/noticias\/?p=248552"},"modified":"2025-03-18T07:26:08","modified_gmt":"2025-03-18T10:26:08","slug":"frades-finalizam-preparativos-para-xii-caminhada-franciscana-da-juventude","status":"publish","type":"post","link":"https:\/\/franciscanos.org.br\/noticias\/frades-finalizam-preparativos-para-xii-caminhada-franciscana-da-juventude.html","title":{"rendered":"Frades finalizam preparativos para XII Caminhada Franciscana da Juventude"},"content":{"rendered":"<p><img loading=\"lazy\" class=\"aligncenter wp-image-248553 size-full\" src=\"https:\/\/franciscanos.org.br\/noticias\/wp-content\/uploads\/2024\/06\/1-1-scaled.jpg\" alt=\"\" width=\"1920\" height=\"1440\" srcset=\"https:\/\/franciscanos.org.br\/noticias\/wp-content\/uploads\/2024\/06\/1-1-scaled.jpg 1440w, https:\/\/franciscanos.org.br\/noticias\/wp-content\/uploads\/2024\/06\/1-1-scaled-450x338.jpg 450w, https:\/\/franciscanos.org.br\/noticias\/wp-content\/uploads\/2024\/06\/1-1-scaled-1024x768.jpg 1024w, https:\/\/franciscanos.org.br\/noticias\/wp-content\/uploads\/2024\/06\/1-1-scaled-768x576.jpg 768w, https:\/\/franciscanos.org.br\/noticias\/wp-content\/uploads\/2024\/06\/1-1-scaled-150x113.jpg 150w, https:\/\/franciscanos.org.br\/noticias\/wp-content\/uploads\/2024\/06\/1-1-scaled-600x450.jpg 600w\" sizes=\"(max-width: 1920px) 100vw, 1920px\" \/><\/p>\n<p>Nos dias 20 e 21 de julho ser\u00e1 realizada a \u201cXII Caminhada Franciscana da Juventude\u201d (CFJ), em Sorocaba (SP). Coincid\u00eancia ou n\u00e3o, a data escolhida para o in\u00edcio das atividades marca a celebra\u00e7\u00e3o do Dia do Amigo e Internacional da Amizade, o que tamb\u00e9m faz do evento uma grande oportunidade para que os \u2018amigos de f\u00e9 e irm\u00e3os camaradas\u2019 (parafraseando Roberto Carlos), estejam juntos para viver momentos de partilha e encontro especial com Deus.<\/p>\n<p><img loading=\"lazy\" class=\"size-medium wp-image-248554 alignleft\" src=\"https:\/\/franciscanos.org.br\/noticias\/wp-content\/uploads\/2024\/06\/4-338x450.jpg\" alt=\"\" width=\"338\" height=\"450\" srcset=\"https:\/\/franciscanos.org.br\/noticias\/wp-content\/uploads\/2024\/06\/4-338x450.jpg 338w, https:\/\/franciscanos.org.br\/noticias\/wp-content\/uploads\/2024\/06\/4-768x1024.jpg 768w, https:\/\/franciscanos.org.br\/noticias\/wp-content\/uploads\/2024\/06\/4-1152x1536.jpg 1152w, https:\/\/franciscanos.org.br\/noticias\/wp-content\/uploads\/2024\/06\/4-1536x2048.jpg 1536w, https:\/\/franciscanos.org.br\/noticias\/wp-content\/uploads\/2024\/06\/4-150x200.jpg 150w, https:\/\/franciscanos.org.br\/noticias\/wp-content\/uploads\/2024\/06\/4-scaled.jpg 810w\" sizes=\"(max-width: 338px) 100vw, 338px\" \/><\/p>\n<p>Os preparativos est\u00e3o a todo vapor, conforme comentou Frei Augusto Luiz Gabriel, animador da evangeliza\u00e7\u00e3o para a juventude, junto com Frei Gabriel Dellandrea e Frei Roger Strapazzon. \u201cDesde janeiro deste ano, quando anunciamos a caminhada, durante o encerramento das Miss\u00f5es Franciscanas da Juventude, em Pato Branco (PR), estamos empenhados na organiza\u00e7\u00e3o. Mensalmente nos reunimos com a Comiss\u00e3o Central de Sorocaba, composta por frades e lideran\u00e7as para planejar e articular os trabalhos. Generosamente todos os envolvidos n\u00e3o mediram esfor\u00e7os para ajustar e encaminhar as pend\u00eancias que um evento desta grandiosidade envolve. Percebemos um bom clima entre as equipes, volunt\u00e1rios, frades, de modo que de encontro em encontro as lideran\u00e7as foram aumentando\u201d, explicou o frade.<\/p>\n<p>As inscri\u00e7\u00f5es foram encerradas no dia 17 de junho, para que as equipes possam preparar todo material que ser\u00e1 utilizado no evento que promete ser marcante para a hist\u00f3ria de vida dos jovens participantes.<\/p>\n<p>Nesta edi\u00e7\u00e3o da Caminhada Franciscana da Juventude, o tema ser\u00e1: \u201cComo S\u00e3o Francisco, marcados pelo amor do Bom Jesus\u201d, e o lema: \u201cChagados pelo amor, peregrinos da esperan\u00e7a\u201d. Segundo Frei Gabriel, \u201c tanto o tema como o lema s\u00e3o inspirados na Celebra\u00e7\u00e3o do Jubileu dos 800 anos das Chagas de S\u00e3o Francisco e no grande Jubileu que a Igreja viver\u00e1 em 2025\u201d. Ele explicou que, al\u00e9m dessas inspira\u00e7\u00f5es, os franciscanos tamb\u00e9m est\u00e3o felizes com o Jubileu dos 100 anos da Par\u00f3quia Bom Jesus de Sorocaba, que acontecer\u00e1 em 2026, mas que desde j\u00e1 est\u00e1 sendo preparado e a caminhada faz parte desta celebra\u00e7\u00e3o. \u201c N\u00f3s franciscanos, assumimos a Par\u00f3quia dez anos depois de sua cria\u00e7\u00e3o. Tamb\u00e9m estamos na Par\u00f3quia Santo Ant\u00f4nio. Por isso, esse momento tamb\u00e9m \u00e9 para celebrarmos os 90 anos de presen\u00e7a franciscana nessa cidade paulista\u201d, salienta.<\/p>\n<p>A programa\u00e7\u00e3o da caminhada deste ano vai contemplar momentos de ora\u00e7\u00e3o, espiritualidade, din\u00e2micas, al\u00e9m de muitos quil\u00f4metros de caminhada pela cidade acolhedora. O trajeto contemplar\u00e1 ambientes rurais e urbanos. De acordo com eles, outros detalhes e surpresas ainda est\u00e3o sendo preparados.<\/p>\n<p>Quando perguntado sobre a import\u00e2ncia da proximidade junto a juventude e o empenho na promo\u00e7\u00e3o de encontros fraternos, Frei Roger refor\u00e7ou o valor presente nas rela\u00e7\u00f5es de amizade. <strong>\u201c<\/strong>Neste ano o tema da Campanha da Fraternidade nos provocou a refletir sobre a Amizade Social. Entre a juventude se faz necess\u00e1rio criar espa\u00e7os de encontro e partilha de vida. Por isso a CFJ n\u00e3o tem o car\u00e1ter se prociss\u00e3o, e sim de uma caminhada onde o jovem pode rezar nos momentos espec\u00edficos, mas tamb\u00e9m ao longo do trajeto conversar, partilhar a sua vida, cantar, rir, chorar, reclamar dos morros\u201d.<\/p>\n<p>O frade salientou o papel evangelizador e catequ\u00e9tico da caminhada dos jovens. \u201c Com isso resgatamos a experiencia peregrina de Jesus e Francisco com os seus disc\u00edpulos, que iam pelo mundo de forma pacifica e alegre, aproveitando o caminho para partilhar suas alegrias e angustias, aprendendo e ensinando\u201d, concluiu.<\/p>\n<p><strong>Miss\u00e3o franciscana<\/strong><\/p>\n<p><img loading=\"lazy\" class=\"alignright wp-image-248555 size-thumbnail\" src=\"https:\/\/franciscanos.org.br\/noticias\/wp-content\/uploads\/2024\/06\/5-300x300.jpg\" alt=\"\" width=\"300\" height=\"300\" srcset=\"https:\/\/franciscanos.org.br\/noticias\/wp-content\/uploads\/2024\/06\/5-300x300.jpg 300w, https:\/\/franciscanos.org.br\/noticias\/wp-content\/uploads\/2024\/06\/5-100x100.jpg 100w\" sizes=\"(max-width: 300px) 100vw, 300px\" \/><\/p>\n<p>H\u00e1 12 anos a Prov\u00edncia Franciscana da Imaculada Concei\u00e7\u00e3o do Brasil, por meio dos frades animadores da evangeliza\u00e7\u00e3o com a juventude, acredita que a Caminhada Franciscana da Juventude, \u00e9 importante para a constru\u00e7\u00e3o de v\u00ednculos com os jovens presentes das comunidades e para a propaga\u00e7\u00e3o do Evangelho, por meio do carisma e da espiritualidade franciscana. Frei Augusto, Frei Gabriel e Frei Roger, que atualmente se dedicam \u00e0s atividades com a juventude, est\u00e3o empenhados nessa miss\u00e3o que acolheram.<\/p>\n<p>&nbsp;<\/p>\n<p>\u201cUma grande discuss\u00e3o se acende na Igreja sobre a pertin\u00eancia de eventos grandes na evangeliza\u00e7\u00e3o com as juventudes. As opini\u00f5es s\u00e3o diversas, inclusive com alguns defendendo que tais iniciativas n\u00e3o s\u00e3o pertinentes por serem grandes e envolverem muitos riscos. As exig\u00eancias de um evento como esse fazem com que tenhamos que pensar em muitos detalhes, entretanto, n\u00f3s percebemos que atividades grandes com a Juventude fazem com que os mesmos possam vislumbrar outros horizontes dos quais n\u00e3o est\u00e3o acostumados, possibilitando uma frutuosa troca de experi\u00eancias\u201d, explica Frei Augusto.<\/p>\n<p>Frei Gabriel comparou as grandes atividades e a rela\u00e7\u00e3o delas com a caminhada do filho de Deus. \u201cJesus tamb\u00e9m ao longo de sua miss\u00e3o se utilizou de eventos grandes, como a ocasi\u00e3o da partilha dos p\u00e3es, o serm\u00e3o da montanha. Francisco de Assis tamb\u00e9m utilizou eventos grandes na anima\u00e7\u00e3o dos frades, como o conhecido Cap\u00edtulo das Esteiras. Por isso a Caminhada Franciscana da Juventude quer ser este momento de anima\u00e7\u00e3o, encontro \u00e9 ocasi\u00e3o prop\u00edcia para buscar um novo \u00e2nimo na caminhada. E quem n\u00e3o precisa disso? \u201d, argumentou.<\/p>\n<p>\u201cA Juventude com certeza colhe bons frutos dessas experi\u00eancias e retorna para os seus afazeres, nas suas comunidades, com ainda mais engajamento. Eventos grandes n\u00e3o s\u00e3o a solu\u00e7\u00e3o \u00fanica, mas no \u201cpacote\u201d da evangeliza\u00e7\u00e3o com a juventudes, contribuem para atingir o bom \u00eaxito no trabalho desempenhado pelos franciscanos\u201d, finalizou Frei Roger.<\/p>\n<hr \/>\n<p><em>Adriana Rabelo<\/em><\/p>\n\n\t\t<style type=\"text\/css\">\n\t\t\t#gallery-1 {\n\t\t\t\tmargin: auto;\n\t\t\t}\n\t\t\t#gallery-1 .gallery-item {\n\t\t\t\tfloat: left;\n\t\t\t\tmargin-top: 10px;\n\t\t\t\ttext-align: center;\n\t\t\t\twidth: 33%;\n\t\t\t}\n\t\t\t#gallery-1 img {\n\t\t\t\tborder: 2px solid #cfcfcf;\n\t\t\t}\n\t\t\t#gallery-1 .gallery-caption {\n\t\t\t\tmargin-left: 0;\n\t\t\t}\n\t\t\t\/* see gallery_shortcode() in wp-includes\/media.php *\/\n\t\t<\/style>\n\t\t<div id='gallery-1' class='gallery galleryid-248552 gallery-columns-3 gallery-size-thumbnail'><dl class='gallery-item'>\n\t\t\t<dt class='gallery-icon landscape'>\n\t\t\t\t<a href='https:\/\/franciscanos.org.br\/noticias\/wp-content\/uploads\/2024\/06\/3-1-scaled.jpg'><img width=\"300\" height=\"300\" src=\"https:\/\/franciscanos.org.br\/noticias\/wp-content\/uploads\/2024\/06\/3-1-300x300.jpg\" class=\"attachment-thumbnail size-thumbnail\" alt=\"\" loading=\"lazy\" srcset=\"https:\/\/franciscanos.org.br\/noticias\/wp-content\/uploads\/2024\/06\/3-1-300x300.jpg 300w, https:\/\/franciscanos.org.br\/noticias\/wp-content\/uploads\/2024\/06\/3-1-100x100.jpg 100w\" sizes=\"(max-width: 300px) 100vw, 300px\" \/><\/a>\n\t\t\t<\/dt><\/dl><dl class='gallery-item'>\n\t\t\t<dt class='gallery-icon landscape'>\n\t\t\t\t<a href='https:\/\/franciscanos.org.br\/noticias\/wp-content\/uploads\/2024\/06\/1-2-scaled.jpg'><img width=\"300\" height=\"300\" src=\"https:\/\/franciscanos.org.br\/noticias\/wp-content\/uploads\/2024\/06\/1-2-300x300.jpg\" class=\"attachment-thumbnail size-thumbnail\" alt=\"\" loading=\"lazy\" srcset=\"https:\/\/franciscanos.org.br\/noticias\/wp-content\/uploads\/2024\/06\/1-2-300x300.jpg 300w, https:\/\/franciscanos.org.br\/noticias\/wp-content\/uploads\/2024\/06\/1-2-100x100.jpg 100w\" sizes=\"(max-width: 300px) 100vw, 300px\" \/><\/a>\n\t\t\t<\/dt><\/dl><dl class='gallery-item'>\n\t\t\t<dt class='gallery-icon landscape'>\n\t\t\t\t<a href='https:\/\/franciscanos.org.br\/noticias\/wp-content\/uploads\/2024\/06\/2-1-scaled.jpg'><img width=\"300\" height=\"300\" src=\"https:\/\/franciscanos.org.br\/noticias\/wp-content\/uploads\/2024\/06\/2-1-300x300.jpg\" class=\"attachment-thumbnail size-thumbnail\" alt=\"\" loading=\"lazy\" srcset=\"https:\/\/franciscanos.org.br\/noticias\/wp-content\/uploads\/2024\/06\/2-1-300x300.jpg 300w, https:\/\/franciscanos.org.br\/noticias\/wp-content\/uploads\/2024\/06\/2-1-100x100.jpg 100w\" sizes=\"(max-width: 300px) 100vw, 300px\" \/><\/a>\n\t\t\t<\/dt><\/dl><br style=\"clear: both\" \/>\n\t\t<\/div>\n\n","protected":false},"excerpt":{"rendered":"<p>Nos dias 20 e 21 de julho ser\u00e1 realizada a \u201cXII Caminhada Franciscana da Juventude\u201d (CFJ), em Sorocaba (SP). Coincid\u00eancia ou n\u00e3o, a data escolhida para o in\u00edcio das atividades marca a celebra\u00e7\u00e3o do Dia do Amigo e Internacional da Amizade, o que tamb\u00e9m faz do evento uma grande oportunidade para que os \u2018amigos de [&hellip;]<\/p>\n","protected":false},"author":10,"featured_media":0,"comment_status":"open","ping_status":"open","sticky":false,"template":"","format":"standard","meta":[],"categories":[1],"tags":[699,478,1884,152],"acf":[],"yoast_head":"<!-- This site is optimized with the Yoast SEO plugin v19.2 - https:\/\/yoast.com\/wordpress\/plugins\/seo\/ -->\n<title>Frades finalizam preparativos para XII Caminhada Franciscana da Juventude - Not\u00edcias - Franciscanos<\/title>\n<meta name=\"robots\" content=\"index, follow, max-snippet:-1, max-image-preview:large, max-video-preview:-1\" \/>\n<link rel=\"canonical\" href=\"https:\/\/franciscanos.org.br\/noticias\/frades-finalizam-preparativos-para-xii-caminhada-franciscana-da-juventude.html\" \/>\n<meta property=\"og:locale\" content=\"pt_BR\" \/>\n<meta property=\"og:type\" content=\"article\" \/>\n<meta property=\"og:title\" content=\"Frades finalizam preparativos para XII Caminhada Franciscana da Juventude - Not\u00edcias - Franciscanos\" \/>\n<meta property=\"og:description\" content=\"Nos dias 20 e 21 de julho ser\u00e1 realizada a \u201cXII Caminhada Franciscana da Juventude\u201d (CFJ), em Sorocaba (SP). Coincid\u00eancia ou n\u00e3o, a data escolhida para o in\u00edcio das atividades marca a celebra\u00e7\u00e3o do Dia do Amigo e Internacional da Amizade, o que tamb\u00e9m faz do evento uma grande oportunidade para que os \u2018amigos de [&hellip;]\" \/>\n<meta property=\"og:url\" content=\"https:\/\/franciscanos.org.br\/noticias\/frades-finalizam-preparativos-para-xii-caminhada-franciscana-da-juventude.html\" \/>\n<meta property=\"og:site_name\" content=\"Not\u00edcias - Franciscanos\" \/>\n<meta property=\"article:published_time\" content=\"2024-06-19T19:26:46+00:00\" \/>\n<meta property=\"article:modified_time\" content=\"2025-03-18T10:26:08+00:00\" \/>\n<meta property=\"og:image\" content=\"https:\/\/franciscanos.org.br\/noticias\/wp-content\/uploads\/2024\/06\/3-1-300x300.jpg\" \/>\n<meta name=\"author\" content=\"Jo\u00e3o Vitor\" \/>\n<meta name=\"twitter:card\" content=\"summary_large_image\" \/>\n<meta name=\"twitter:label1\" content=\"Escrito por\" \/>\n\t<meta name=\"twitter:data1\" content=\"Jo\u00e3o Vitor\" \/>\n\t<meta name=\"twitter:label2\" content=\"Est. tempo de leitura\" \/>\n\t<meta name=\"twitter:data2\" content=\"5 minutos\" \/>\n<script type=\"application\/ld+json\" class=\"yoast-schema-graph\">{\"@context\":\"https:\/\/schema.org\",\"@graph\":[{\"@type\":\"WebSite\",\"@id\":\"https:\/\/franciscanos.org.br\/noticias\/#website\",\"url\":\"https:\/\/franciscanos.org.br\/noticias\/\",\"name\":\"Not\u00edcias - Franciscanos\",\"description\":\"Prov\u00edncia Franciscana da Imaculada Concei\u00e7\u00e3o do Brasil - Ordem dos Frades Menores - OFM\",\"potentialAction\":[{\"@type\":\"SearchAction\",\"target\":{\"@type\":\"EntryPoint\",\"urlTemplate\":\"https:\/\/franciscanos.org.br\/noticias\/?s={search_term_string}\"},\"query-input\":\"required name=search_term_string\"}],\"inLanguage\":\"pt-BR\"},{\"@type\":\"ImageObject\",\"inLanguage\":\"pt-BR\",\"@id\":\"https:\/\/franciscanos.org.br\/noticias\/frades-finalizam-preparativos-para-xii-caminhada-franciscana-da-juventude.html#primaryimage\",\"url\":\"https:\/\/franciscanos.org.br\/noticias\/wp-content\/uploads\/2024\/06\/1-1-scaled.jpg\",\"contentUrl\":\"https:\/\/franciscanos.org.br\/noticias\/wp-content\/uploads\/2024\/06\/1-1-scaled.jpg\",\"width\":1440,\"height\":1080},{\"@type\":\"WebPage\",\"@id\":\"https:\/\/franciscanos.org.br\/noticias\/frades-finalizam-preparativos-para-xii-caminhada-franciscana-da-juventude.html#webpage\",\"url\":\"https:\/\/franciscanos.org.br\/noticias\/frades-finalizam-preparativos-para-xii-caminhada-franciscana-da-juventude.html\",\"name\":\"Frades finalizam preparativos para XII Caminhada Franciscana da Juventude - Not\u00edcias - Franciscanos\",\"isPartOf\":{\"@id\":\"https:\/\/franciscanos.org.br\/noticias\/#website\"},\"primaryImageOfPage\":{\"@id\":\"https:\/\/franciscanos.org.br\/noticias\/frades-finalizam-preparativos-para-xii-caminhada-franciscana-da-juventude.html#primaryimage\"},\"datePublished\":\"2024-06-19T19:26:46+00:00\",\"dateModified\":\"2025-03-18T10:26:08+00:00\",\"author\":{\"@id\":\"https:\/\/franciscanos.org.br\/noticias\/#\/schema\/person\/8c11f06a466b856a11dd48d20600055f\"},\"breadcrumb\":{\"@id\":\"https:\/\/franciscanos.org.br\/noticias\/frades-finalizam-preparativos-para-xii-caminhada-franciscana-da-juventude.html#breadcrumb\"},\"inLanguage\":\"pt-BR\",\"potentialAction\":[{\"@type\":\"ReadAction\",\"target\":[\"https:\/\/franciscanos.org.br\/noticias\/frades-finalizam-preparativos-para-xii-caminhada-franciscana-da-juventude.html\"]}]},{\"@type\":\"BreadcrumbList\",\"@id\":\"https:\/\/franciscanos.org.br\/noticias\/frades-finalizam-preparativos-para-xii-caminhada-franciscana-da-juventude.html#breadcrumb\",\"itemListElement\":[{\"@type\":\"ListItem\",\"position\":1,\"name\":\"Home\",\"item\":\"https:\/\/franciscanos.org.br\/noticias\"},{\"@type\":\"ListItem\",\"position\":2,\"name\":\"Frades finalizam preparativos para XII Caminhada Franciscana da Juventude\"}]},{\"@type\":\"Person\",\"@id\":\"https:\/\/franciscanos.org.br\/noticias\/#\/schema\/person\/8c11f06a466b856a11dd48d20600055f\",\"name\":\"Jo\u00e3o Vitor\",\"image\":{\"@type\":\"ImageObject\",\"inLanguage\":\"pt-BR\",\"@id\":\"https:\/\/franciscanos.org.br\/noticias\/#\/schema\/person\/image\/\",\"url\":\"https:\/\/secure.gravatar.com\/avatar\/10ba5c9713e0c323617b4309a19e3a46?s=96&d=mm&r=g\",\"contentUrl\":\"https:\/\/secure.gravatar.com\/avatar\/10ba5c9713e0c323617b4309a19e3a46?s=96&d=mm&r=g\",\"caption\":\"Jo\u00e3o Vitor\"},\"url\":\"https:\/\/franciscanos.org.br\/noticias\/author\/joaovitor\"}]}<\/script>\n<!-- \/ Yoast SEO plugin. -->","yoast_head_json":{"title":"Frades finalizam preparativos para XII Caminhada Franciscana da Juventude - Not\u00edcias - Franciscanos","robots":{"index":"index","follow":"follow","max-snippet":"max-snippet:-1","max-image-preview":"max-image-preview:large","max-video-preview":"max-video-preview:-1"},"canonical":"https:\/\/franciscanos.org.br\/noticias\/frades-finalizam-preparativos-para-xii-caminhada-franciscana-da-juventude.html","og_locale":"pt_BR","og_type":"article","og_title":"Frades finalizam preparativos para XII Caminhada Franciscana da Juventude - Not\u00edcias - Franciscanos","og_description":"Nos dias 20 e 21 de julho ser\u00e1 realizada a \u201cXII Caminhada Franciscana da Juventude\u201d (CFJ), em Sorocaba (SP). Coincid\u00eancia ou n\u00e3o, a data escolhida para o in\u00edcio das atividades marca a celebra\u00e7\u00e3o do Dia do Amigo e Internacional da Amizade, o que tamb\u00e9m faz do evento uma grande oportunidade para que os \u2018amigos de [&hellip;]","og_url":"https:\/\/franciscanos.org.br\/noticias\/frades-finalizam-preparativos-para-xii-caminhada-franciscana-da-juventude.html","og_site_name":"Not\u00edcias - Franciscanos","article_published_time":"2024-06-19T19:26:46+00:00","article_modified_time":"2025-03-18T10:26:08+00:00","og_image":[{"url":"https:\/\/franciscanos.org.br\/noticias\/wp-content\/uploads\/2024\/06\/3-1-300x300.jpg"}],"author":"Jo\u00e3o Vitor","twitter_card":"summary_large_image","twitter_misc":{"Escrito por":"Jo\u00e3o Vitor","Est. tempo de leitura":"5 minutos"},"schema":{"@context":"https:\/\/schema.org","@graph":[{"@type":"WebSite","@id":"https:\/\/franciscanos.org.br\/noticias\/#website","url":"https:\/\/franciscanos.org.br\/noticias\/","name":"Not\u00edcias - Franciscanos","description":"Prov\u00edncia Franciscana da Imaculada Concei\u00e7\u00e3o do Brasil - Ordem dos Frades Menores - OFM","potentialAction":[{"@type":"SearchAction","target":{"@type":"EntryPoint","urlTemplate":"https:\/\/franciscanos.org.br\/noticias\/?s={search_term_string}"},"query-input":"required name=search_term_string"}],"inLanguage":"pt-BR"},{"@type":"ImageObject","inLanguage":"pt-BR","@id":"https:\/\/franciscanos.org.br\/noticias\/frades-finalizam-preparativos-para-xii-caminhada-franciscana-da-juventude.html#primaryimage","url":"https:\/\/franciscanos.org.br\/noticias\/wp-content\/uploads\/2024\/06\/1-1-scaled.jpg","contentUrl":"https:\/\/franciscanos.org.br\/noticias\/wp-content\/uploads\/2024\/06\/1-1-scaled.jpg","width":1440,"height":1080},{"@type":"WebPage","@id":"https:\/\/franciscanos.org.br\/noticias\/frades-finalizam-preparativos-para-xii-caminhada-franciscana-da-juventude.html#webpage","url":"https:\/\/franciscanos.org.br\/noticias\/frades-finalizam-preparativos-para-xii-caminhada-franciscana-da-juventude.html","name":"Frades finalizam preparativos para XII Caminhada Franciscana da Juventude - Not\u00edcias - Franciscanos","isPartOf":{"@id":"https:\/\/franciscanos.org.br\/noticias\/#website"},"primaryImageOfPage":{"@id":"https:\/\/franciscanos.org.br\/noticias\/frades-finalizam-preparativos-para-xii-caminhada-franciscana-da-juventude.html#primaryimage"},"datePublished":"2024-06-19T19:26:46+00:00","dateModified":"2025-03-18T10:26:08+00:00","author":{"@id":"https:\/\/franciscanos.org.br\/noticias\/#\/schema\/person\/8c11f06a466b856a11dd48d20600055f"},"breadcrumb":{"@id":"https:\/\/franciscanos.org.br\/noticias\/frades-finalizam-preparativos-para-xii-caminhada-franciscana-da-juventude.html#breadcrumb"},"inLanguage":"pt-BR","potentialAction":[{"@type":"ReadAction","target":["https:\/\/franciscanos.org.br\/noticias\/frades-finalizam-preparativos-para-xii-caminhada-franciscana-da-juventude.html"]}]},{"@type":"BreadcrumbList","@id":"https:\/\/franciscanos.org.br\/noticias\/frades-finalizam-preparativos-para-xii-caminhada-franciscana-da-juventude.html#breadcrumb","itemListElement":[{"@type":"ListItem","position":1,"name":"Home","item":"https:\/\/franciscanos.org.br\/noticias"},{"@type":"ListItem","position":2,"name":"Frades finalizam preparativos para XII Caminhada Franciscana da Juventude"}]},{"@type":"Person","@id":"https:\/\/franciscanos.org.br\/noticias\/#\/schema\/person\/8c11f06a466b856a11dd48d20600055f","name":"Jo\u00e3o Vitor","image":{"@type":"ImageObject","inLanguage":"pt-BR","@id":"https:\/\/franciscanos.org.br\/noticias\/#\/schema\/person\/image\/","url":"https:\/\/secure.gravatar.com\/avatar\/10ba5c9713e0c323617b4309a19e3a46?s=96&d=mm&r=g","contentUrl":"https:\/\/secure.gravatar.com\/avatar\/10ba5c9713e0c323617b4309a19e3a46?s=96&d=mm&r=g","caption":"Jo\u00e3o Vitor"},"url":"https:\/\/franciscanos.org.br\/noticias\/author\/joaovitor"}]}},"_links":{"self":[{"href":"https:\/\/franciscanos.org.br\/noticias\/wp-json\/wp\/v2\/posts\/248552"}],"collection":[{"href":"https:\/\/franciscanos.org.br\/noticias\/wp-json\/wp\/v2\/posts"}],"about":[{"href":"https:\/\/franciscanos.org.br\/noticias\/wp-json\/wp\/v2\/types\/post"}],"author":[{"embeddable":true,"href":"https:\/\/franciscanos.org.br\/noticias\/wp-json\/wp\/v2\/users\/10"}],"replies":[{"embeddable":true,"href":"https:\/\/franciscanos.org.br\/noticias\/wp-json\/wp\/v2\/comments?post=248552"}],"version-history":[{"count":2,"href":"https:\/\/franciscanos.org.br\/noticias\/wp-json\/wp\/v2\/posts\/248552\/revisions"}],"predecessor-version":[{"id":255507,"href":"https:\/\/franciscanos.org.br\/noticias\/wp-json\/wp\/v2\/posts\/248552\/revisions\/255507"}],"wp:attachment":[{"href":"https:\/\/franciscanos.org.br\/noticias\/wp-json\/wp\/v2\/media?parent=248552"}],"wp:term":[{"taxonomy":"category","embeddable":true,"href":"https:\/\/franciscanos.org.br\/noticias\/wp-json\/wp\/v2\/categories?post=248552"},{"taxonomy":"post_tag","embeddable":true,"href":"https:\/\/franciscanos.org.br\/noticias\/wp-json\/wp\/v2\/tags?post=248552"}],"curies":[{"name":"wp","href":"https:\/\/api.w.org\/{rel}","templated":true}]}}