{"id":248547,"date":"2024-06-19T14:38:45","date_gmt":"2024-06-19T17:38:45","guid":{"rendered":"https:\/\/franciscanos.org.br\/noticias\/?p=248547"},"modified":"2024-06-19T14:40:41","modified_gmt":"2024-06-19T17:40:41","slug":"relatorio-divulga-dados-e-perfil-dos-refugiados-no-brasil-e-no-mundo","status":"publish","type":"post","link":"https:\/\/franciscanos.org.br\/noticias\/relatorio-divulga-dados-e-perfil-dos-refugiados-no-brasil-e-no-mundo.html","title":{"rendered":"Relat\u00f3rio divulga dados e perfil dos refugiados no Brasil e no mundo"},"content":{"rendered":"<p><img loading=\"lazy\" class=\"aligncenter wp-image-248548 size-full\" title=\"marcelo camargo\/ag\u00eancia brasil\" src=\"https:\/\/franciscanos.org.br\/noticias\/wp-content\/uploads\/2024\/06\/edit_mcmgo_abr_201220182263.webp\" alt=\"\" width=\"1170\" height=\"700\" srcset=\"https:\/\/franciscanos.org.br\/noticias\/wp-content\/uploads\/2024\/06\/edit_mcmgo_abr_201220182263.webp 1170w, https:\/\/franciscanos.org.br\/noticias\/wp-content\/uploads\/2024\/06\/edit_mcmgo_abr_201220182263-450x269.webp 450w, https:\/\/franciscanos.org.br\/noticias\/wp-content\/uploads\/2024\/06\/edit_mcmgo_abr_201220182263-1024x613.webp 1024w, https:\/\/franciscanos.org.br\/noticias\/wp-content\/uploads\/2024\/06\/edit_mcmgo_abr_201220182263-768x459.webp 768w, https:\/\/franciscanos.org.br\/noticias\/wp-content\/uploads\/2024\/06\/edit_mcmgo_abr_201220182263-150x90.webp 150w\" sizes=\"(max-width: 1170px) 100vw, 1170px\" \/><\/p>\n<p style=\"text-align: center;\"><em>O levantamento de dados demonstrou que os n\u00fameros de refugiados no mundo mais que dobraram em uma d\u00e9cada.<\/em><\/p>\n<p>No dia 13 de junho, no Pal\u00e1cio da Justi\u00e7a em Bras\u00edlia (DF), foram apresentados dois relat\u00f3rios relativos aos dados oficiais sobre ref\u00fagio no Brasil e no mundo. O evento contou com a presen\u00e7a de representantes da Sociedade Civil, do Alto Comissariado das Na\u00e7\u00f5es Unidas para Refugiados (ACNUR), do Minist\u00e9rio da Justi\u00e7a e Seguran\u00e7a P\u00fablica (MJSP), da Pol\u00edtica Federal e do Minist\u00e9rio das Rela\u00e7\u00f5es Exteriores (MRE).<\/p>\n<p>O Instituto Migra\u00e7\u00f5es e Direitos Humanos (IMDH)\/Funda\u00e7\u00e3o Scalabrinina, na pessoa da Ir. Rosita Milesi, comp\u00f4s a mesa de abertura do evento, juntamente com Davide Torzilli, representante da ACNUR Brasil, a Embaixadora Gilda Motta, do MRE, Indira Groshere, da Pol\u00edcia Federal, Leonardo Cavalcante, do Observat\u00f3rio das Migra\u00e7\u00f5es Internacionais (OBMigra), F\u00e1bio Silva, Chefe de Gabinete da Secretaria Nacional de Justi\u00e7a, e Gloriane Antoine, da organiza\u00e7\u00e3o Fanm Nwa. A media\u00e7\u00e3o foi realizada por Luana Medeiros, coordenadora do DEMIG.<\/p>\n<p>Em sua manifesta\u00e7\u00e3o, Ir. Rosita destacou a import\u00e2ncia das informa\u00e7\u00f5es desses relat\u00f3rios e pontuou a necessidade de termos um olhar humano e acolhedor ao pensarmos nos n\u00fameros apresentados, pois, estes n\u00fameros, em primeiro lugar, representam pessoas for\u00e7adas a migrar e acolhida e prote\u00e7\u00e3o em outro pa\u00eds que n\u00e3o o seu.<\/p>\n<p>\u201cCreio importante e necess\u00e1rio nos colocar em uma posi\u00e7\u00e3o de quem escuta n\u00fameros, mas v\u00ea pessoas. Sempre dizemos que por tr\u00e1s dos n\u00fameros existem pessoas, eu diria que \u00e0 frente dos n\u00fameros existem pessoas que t\u00eam sentimentos, aspira\u00e7\u00f5es, e que buscam um ambiente acolhedor no qual possam viver em paz. As informa\u00e7\u00f5es que logo ser\u00e3o apresentadas neste evento, s\u00e3o fundamentais para o nosso trabalho, para a a\u00e7\u00e3o humanit\u00e1ria de todos e todas n\u00f3s. Esta atua\u00e7\u00e3o pode ser muito potencializada se n\u00f3s conseguirmos nos colocar como quem v\u00ea nos dados e estat\u00edsticas seres humanos, rostos, ansiedades, desejos e sonhos muito mais do que simples n\u00fameros\u201d, destacou Ir. Rosita.<\/p>\n<p><strong>Dados sobre o deslocamento for\u00e7ado<\/strong><br \/>\nO primeiro relat\u00f3rio apresentado \u201cTend\u00eancias Globais \u2013 Deslocamento For\u00e7ado em 2023\u201d exp\u00f4s a situa\u00e7\u00e3o mundial das pessoas for\u00e7osamente deslocadas. O levantamento de dados demonstrou que os n\u00fameros de refugiados no mundo mais que dobraram em uma d\u00e9cada, sendo sua maioria provenientes de 5 pa\u00edses: Afeganist\u00e3o, S\u00edria, Venezuela, Ucr\u00e2nia e Sud\u00e3o. De acordo com os dados produzidos pelo ACNUR, em 2023, o mundo se deparou com 117,3 milh\u00f5es de refugiados e deslocados internos. Cabe destacar que, o relat\u00f3rio apresentou o dado alarmante de que destes, 40% s\u00e3o crian\u00e7as, ou seja, atualmente no mundo temos cerca de 47 milh\u00f5es de crian\u00e7as em deslocamento for\u00e7ado.<\/p>\n<p>Os dados tamb\u00e9m revelaram que um em cada dez refugiados e solicitantes de asilo viviam em \u00e1reas expostas a riscos clim\u00e1ticos extremos. Logo, se n\u00e3o forem tomadas medidas de mitiga\u00e7\u00e3o e adapta\u00e7\u00e3o \u00e0s mudan\u00e7as clim\u00e1ticas, teremos quase 12 milh\u00f5es de refugiados e solicitantes de asilo at\u00e9 2040 por causa de eventos clim\u00e1ticos extremos.<\/p>\n<p>J\u00e1 em rela\u00e7\u00e3o ao relat\u00f3rio \u201cRef\u00fagio em N\u00fameros\u201d, elaborado pelo OBMigra, com Base de dados do Conare e em coopera\u00e7\u00e3o t\u00e9cnica com o MRE, MJSP, Pol\u00edcia Federal, Minist\u00e9rio do Trabalho, IBGE e UNB, apresentou-se dados referentes ao contexto nacional do ref\u00fagio. O sr. Gustavo, pesquisador da OBMigra e coordenador do Censo Nacional exp\u00f4s que segundo os dados levantado, somente no ano de 2023, o CONARE analisou 138.359 pedidos de ref\u00fagio, sendo este n\u00famero 235% maior do que no ano de 2022. Demonstrando o esfor\u00e7o do comit\u00ea para efici\u00eancia e celeridade nos processos de solicita\u00e7\u00e3o de ref\u00fagio no Brasil.<\/p>\n<p>Dos processos analisados no ano de 2023, 77.193 foram reconhecidos como refugiados, sendo sua maioria procedente da Venezuela (97,5%), seguidos dos afeg\u00e3os (1,2%). A maioria dos refugiados reconhecidos eram homens (51,7%), enquanto as mulheres representaram 47,6%. Na mesma tend\u00eancia global, os n\u00fameros nacionais tamb\u00e9m apontam significativo grupo de deslocados for\u00e7ados crian\u00e7as e adolescentes, uma vez que a maioria dos reconhecidos refugiados no Brasil em 2023 tem menos de 15 anos de idade.<\/p>\n","protected":false},"excerpt":{"rendered":"<p>O levantamento de dados demonstrou que os n\u00fameros de refugiados no mundo mais que dobraram em uma d\u00e9cada.<\/p>\n","protected":false},"author":10,"featured_media":248548,"comment_status":"open","ping_status":"open","sticky":false,"template":"","format":"standard","meta":[],"categories":[1],"tags":[824,1696,832],"acf":[],"yoast_head":"<!-- This site is optimized with the Yoast SEO plugin v19.2 - https:\/\/yoast.com\/wordpress\/plugins\/seo\/ -->\n<title>Relat\u00f3rio divulga dados e perfil dos refugiados no Brasil e no mundo - Not\u00edcias - Franciscanos<\/title>\n<meta name=\"robots\" content=\"index, follow, max-snippet:-1, max-image-preview:large, max-video-preview:-1\" \/>\n<link rel=\"canonical\" href=\"https:\/\/franciscanos.org.br\/noticias\/relatorio-divulga-dados-e-perfil-dos-refugiados-no-brasil-e-no-mundo.html\" \/>\n<meta property=\"og:locale\" content=\"pt_BR\" \/>\n<meta property=\"og:type\" content=\"article\" \/>\n<meta property=\"og:title\" content=\"Relat\u00f3rio divulga dados e perfil dos refugiados no Brasil e no mundo - Not\u00edcias - Franciscanos\" \/>\n<meta property=\"og:description\" content=\"O levantamento de dados demonstrou que os n\u00fameros de refugiados no mundo mais que dobraram em uma d\u00e9cada.\" \/>\n<meta property=\"og:url\" content=\"https:\/\/franciscanos.org.br\/noticias\/relatorio-divulga-dados-e-perfil-dos-refugiados-no-brasil-e-no-mundo.html\" \/>\n<meta property=\"og:site_name\" content=\"Not\u00edcias - Franciscanos\" \/>\n<meta property=\"article:published_time\" content=\"2024-06-19T17:38:45+00:00\" \/>\n<meta property=\"article:modified_time\" content=\"2024-06-19T17:40:41+00:00\" \/>\n<meta property=\"og:image\" content=\"https:\/\/franciscanos.org.br\/noticias\/wp-content\/uploads\/2024\/06\/edit_mcmgo_abr_201220182263.webp\" \/>\n\t<meta property=\"og:image:width\" content=\"1170\" \/>\n\t<meta property=\"og:image:height\" content=\"700\" \/>\n\t<meta property=\"og:image:type\" content=\"image\/webp\" \/>\n<meta name=\"author\" content=\"Jo\u00e3o Vitor\" \/>\n<meta name=\"twitter:card\" content=\"summary_large_image\" \/>\n<meta name=\"twitter:label1\" content=\"Escrito por\" \/>\n\t<meta name=\"twitter:data1\" content=\"Jo\u00e3o Vitor\" \/>\n\t<meta name=\"twitter:label2\" content=\"Est. tempo de leitura\" \/>\n\t<meta name=\"twitter:data2\" content=\"4 minutos\" \/>\n<script type=\"application\/ld+json\" class=\"yoast-schema-graph\">{\"@context\":\"https:\/\/schema.org\",\"@graph\":[{\"@type\":\"WebSite\",\"@id\":\"https:\/\/franciscanos.org.br\/noticias\/#website\",\"url\":\"https:\/\/franciscanos.org.br\/noticias\/\",\"name\":\"Not\u00edcias - Franciscanos\",\"description\":\"Prov\u00edncia Franciscana da Imaculada Concei\u00e7\u00e3o do Brasil - Ordem dos Frades Menores - OFM\",\"potentialAction\":[{\"@type\":\"SearchAction\",\"target\":{\"@type\":\"EntryPoint\",\"urlTemplate\":\"https:\/\/franciscanos.org.br\/noticias\/?s={search_term_string}\"},\"query-input\":\"required name=search_term_string\"}],\"inLanguage\":\"pt-BR\"},{\"@type\":\"ImageObject\",\"inLanguage\":\"pt-BR\",\"@id\":\"https:\/\/franciscanos.org.br\/noticias\/relatorio-divulga-dados-e-perfil-dos-refugiados-no-brasil-e-no-mundo.html#primaryimage\",\"url\":\"https:\/\/franciscanos.org.br\/noticias\/wp-content\/uploads\/2024\/06\/edit_mcmgo_abr_201220182263.webp\",\"contentUrl\":\"https:\/\/franciscanos.org.br\/noticias\/wp-content\/uploads\/2024\/06\/edit_mcmgo_abr_201220182263.webp\",\"width\":1170,\"height\":700},{\"@type\":\"WebPage\",\"@id\":\"https:\/\/franciscanos.org.br\/noticias\/relatorio-divulga-dados-e-perfil-dos-refugiados-no-brasil-e-no-mundo.html#webpage\",\"url\":\"https:\/\/franciscanos.org.br\/noticias\/relatorio-divulga-dados-e-perfil-dos-refugiados-no-brasil-e-no-mundo.html\",\"name\":\"Relat\u00f3rio divulga dados e perfil dos refugiados no Brasil e no mundo - Not\u00edcias - Franciscanos\",\"isPartOf\":{\"@id\":\"https:\/\/franciscanos.org.br\/noticias\/#website\"},\"primaryImageOfPage\":{\"@id\":\"https:\/\/franciscanos.org.br\/noticias\/relatorio-divulga-dados-e-perfil-dos-refugiados-no-brasil-e-no-mundo.html#primaryimage\"},\"datePublished\":\"2024-06-19T17:38:45+00:00\",\"dateModified\":\"2024-06-19T17:40:41+00:00\",\"author\":{\"@id\":\"https:\/\/franciscanos.org.br\/noticias\/#\/schema\/person\/8c11f06a466b856a11dd48d20600055f\"},\"breadcrumb\":{\"@id\":\"https:\/\/franciscanos.org.br\/noticias\/relatorio-divulga-dados-e-perfil-dos-refugiados-no-brasil-e-no-mundo.html#breadcrumb\"},\"inLanguage\":\"pt-BR\",\"potentialAction\":[{\"@type\":\"ReadAction\",\"target\":[\"https:\/\/franciscanos.org.br\/noticias\/relatorio-divulga-dados-e-perfil-dos-refugiados-no-brasil-e-no-mundo.html\"]}]},{\"@type\":\"BreadcrumbList\",\"@id\":\"https:\/\/franciscanos.org.br\/noticias\/relatorio-divulga-dados-e-perfil-dos-refugiados-no-brasil-e-no-mundo.html#breadcrumb\",\"itemListElement\":[{\"@type\":\"ListItem\",\"position\":1,\"name\":\"Home\",\"item\":\"https:\/\/franciscanos.org.br\/noticias\"},{\"@type\":\"ListItem\",\"position\":2,\"name\":\"Relat\u00f3rio divulga dados e perfil dos refugiados no Brasil e no mundo\"}]},{\"@type\":\"Person\",\"@id\":\"https:\/\/franciscanos.org.br\/noticias\/#\/schema\/person\/8c11f06a466b856a11dd48d20600055f\",\"name\":\"Jo\u00e3o Vitor\",\"image\":{\"@type\":\"ImageObject\",\"inLanguage\":\"pt-BR\",\"@id\":\"https:\/\/franciscanos.org.br\/noticias\/#\/schema\/person\/image\/\",\"url\":\"https:\/\/secure.gravatar.com\/avatar\/10ba5c9713e0c323617b4309a19e3a46?s=96&d=mm&r=g\",\"contentUrl\":\"https:\/\/secure.gravatar.com\/avatar\/10ba5c9713e0c323617b4309a19e3a46?s=96&d=mm&r=g\",\"caption\":\"Jo\u00e3o Vitor\"},\"url\":\"https:\/\/franciscanos.org.br\/noticias\/author\/joaovitor\"}]}<\/script>\n<!-- \/ Yoast SEO plugin. -->","yoast_head_json":{"title":"Relat\u00f3rio divulga dados e perfil dos refugiados no Brasil e no mundo - Not\u00edcias - Franciscanos","robots":{"index":"index","follow":"follow","max-snippet":"max-snippet:-1","max-image-preview":"max-image-preview:large","max-video-preview":"max-video-preview:-1"},"canonical":"https:\/\/franciscanos.org.br\/noticias\/relatorio-divulga-dados-e-perfil-dos-refugiados-no-brasil-e-no-mundo.html","og_locale":"pt_BR","og_type":"article","og_title":"Relat\u00f3rio divulga dados e perfil dos refugiados no Brasil e no mundo - Not\u00edcias - Franciscanos","og_description":"O levantamento de dados demonstrou que os n\u00fameros de refugiados no mundo mais que dobraram em uma d\u00e9cada.","og_url":"https:\/\/franciscanos.org.br\/noticias\/relatorio-divulga-dados-e-perfil-dos-refugiados-no-brasil-e-no-mundo.html","og_site_name":"Not\u00edcias - Franciscanos","article_published_time":"2024-06-19T17:38:45+00:00","article_modified_time":"2024-06-19T17:40:41+00:00","og_image":[{"width":1170,"height":700,"url":"https:\/\/franciscanos.org.br\/noticias\/wp-content\/uploads\/2024\/06\/edit_mcmgo_abr_201220182263.webp","type":"image\/webp"}],"author":"Jo\u00e3o Vitor","twitter_card":"summary_large_image","twitter_misc":{"Escrito por":"Jo\u00e3o Vitor","Est. tempo de leitura":"4 minutos"},"schema":{"@context":"https:\/\/schema.org","@graph":[{"@type":"WebSite","@id":"https:\/\/franciscanos.org.br\/noticias\/#website","url":"https:\/\/franciscanos.org.br\/noticias\/","name":"Not\u00edcias - Franciscanos","description":"Prov\u00edncia Franciscana da Imaculada Concei\u00e7\u00e3o do Brasil - Ordem dos Frades Menores - OFM","potentialAction":[{"@type":"SearchAction","target":{"@type":"EntryPoint","urlTemplate":"https:\/\/franciscanos.org.br\/noticias\/?s={search_term_string}"},"query-input":"required name=search_term_string"}],"inLanguage":"pt-BR"},{"@type":"ImageObject","inLanguage":"pt-BR","@id":"https:\/\/franciscanos.org.br\/noticias\/relatorio-divulga-dados-e-perfil-dos-refugiados-no-brasil-e-no-mundo.html#primaryimage","url":"https:\/\/franciscanos.org.br\/noticias\/wp-content\/uploads\/2024\/06\/edit_mcmgo_abr_201220182263.webp","contentUrl":"https:\/\/franciscanos.org.br\/noticias\/wp-content\/uploads\/2024\/06\/edit_mcmgo_abr_201220182263.webp","width":1170,"height":700},{"@type":"WebPage","@id":"https:\/\/franciscanos.org.br\/noticias\/relatorio-divulga-dados-e-perfil-dos-refugiados-no-brasil-e-no-mundo.html#webpage","url":"https:\/\/franciscanos.org.br\/noticias\/relatorio-divulga-dados-e-perfil-dos-refugiados-no-brasil-e-no-mundo.html","name":"Relat\u00f3rio divulga dados e perfil dos refugiados no Brasil e no mundo - Not\u00edcias - Franciscanos","isPartOf":{"@id":"https:\/\/franciscanos.org.br\/noticias\/#website"},"primaryImageOfPage":{"@id":"https:\/\/franciscanos.org.br\/noticias\/relatorio-divulga-dados-e-perfil-dos-refugiados-no-brasil-e-no-mundo.html#primaryimage"},"datePublished":"2024-06-19T17:38:45+00:00","dateModified":"2024-06-19T17:40:41+00:00","author":{"@id":"https:\/\/franciscanos.org.br\/noticias\/#\/schema\/person\/8c11f06a466b856a11dd48d20600055f"},"breadcrumb":{"@id":"https:\/\/franciscanos.org.br\/noticias\/relatorio-divulga-dados-e-perfil-dos-refugiados-no-brasil-e-no-mundo.html#breadcrumb"},"inLanguage":"pt-BR","potentialAction":[{"@type":"ReadAction","target":["https:\/\/franciscanos.org.br\/noticias\/relatorio-divulga-dados-e-perfil-dos-refugiados-no-brasil-e-no-mundo.html"]}]},{"@type":"BreadcrumbList","@id":"https:\/\/franciscanos.org.br\/noticias\/relatorio-divulga-dados-e-perfil-dos-refugiados-no-brasil-e-no-mundo.html#breadcrumb","itemListElement":[{"@type":"ListItem","position":1,"name":"Home","item":"https:\/\/franciscanos.org.br\/noticias"},{"@type":"ListItem","position":2,"name":"Relat\u00f3rio divulga dados e perfil dos refugiados no Brasil e no mundo"}]},{"@type":"Person","@id":"https:\/\/franciscanos.org.br\/noticias\/#\/schema\/person\/8c11f06a466b856a11dd48d20600055f","name":"Jo\u00e3o Vitor","image":{"@type":"ImageObject","inLanguage":"pt-BR","@id":"https:\/\/franciscanos.org.br\/noticias\/#\/schema\/person\/image\/","url":"https:\/\/secure.gravatar.com\/avatar\/10ba5c9713e0c323617b4309a19e3a46?s=96&d=mm&r=g","contentUrl":"https:\/\/secure.gravatar.com\/avatar\/10ba5c9713e0c323617b4309a19e3a46?s=96&d=mm&r=g","caption":"Jo\u00e3o Vitor"},"url":"https:\/\/franciscanos.org.br\/noticias\/author\/joaovitor"}]}},"_links":{"self":[{"href":"https:\/\/franciscanos.org.br\/noticias\/wp-json\/wp\/v2\/posts\/248547"}],"collection":[{"href":"https:\/\/franciscanos.org.br\/noticias\/wp-json\/wp\/v2\/posts"}],"about":[{"href":"https:\/\/franciscanos.org.br\/noticias\/wp-json\/wp\/v2\/types\/post"}],"author":[{"embeddable":true,"href":"https:\/\/franciscanos.org.br\/noticias\/wp-json\/wp\/v2\/users\/10"}],"replies":[{"embeddable":true,"href":"https:\/\/franciscanos.org.br\/noticias\/wp-json\/wp\/v2\/comments?post=248547"}],"version-history":[{"count":3,"href":"https:\/\/franciscanos.org.br\/noticias\/wp-json\/wp\/v2\/posts\/248547\/revisions"}],"predecessor-version":[{"id":248551,"href":"https:\/\/franciscanos.org.br\/noticias\/wp-json\/wp\/v2\/posts\/248547\/revisions\/248551"}],"wp:featuredmedia":[{"embeddable":true,"href":"https:\/\/franciscanos.org.br\/noticias\/wp-json\/wp\/v2\/media\/248548"}],"wp:attachment":[{"href":"https:\/\/franciscanos.org.br\/noticias\/wp-json\/wp\/v2\/media?parent=248547"}],"wp:term":[{"taxonomy":"category","embeddable":true,"href":"https:\/\/franciscanos.org.br\/noticias\/wp-json\/wp\/v2\/categories?post=248547"},{"taxonomy":"post_tag","embeddable":true,"href":"https:\/\/franciscanos.org.br\/noticias\/wp-json\/wp\/v2\/tags?post=248547"}],"curies":[{"name":"wp","href":"https:\/\/api.w.org\/{rel}","templated":true}]}}