{"id":248543,"date":"2024-06-19T09:18:44","date_gmt":"2024-06-19T12:18:44","guid":{"rendered":"https:\/\/franciscanos.org.br\/noticias\/?p=248543"},"modified":"2024-06-19T09:18:44","modified_gmt":"2024-06-19T12:18:44","slug":"pelos-refugiados-e-pela-paz-os-apelos-de-francisco-na-audiencia-geral","status":"publish","type":"post","link":"https:\/\/franciscanos.org.br\/noticias\/pelos-refugiados-e-pela-paz-os-apelos-de-francisco-na-audiencia-geral.html","title":{"rendered":"Pelos refugiados e pela paz, os apelos de Francisco na Audi\u00eancia Geral"},"content":{"rendered":"<p><img loading=\"lazy\" class=\"aligncenter wp-image-248544 size-full\" src=\"https:\/\/franciscanos.org.br\/noticias\/wp-content\/uploads\/2024\/06\/19.06.jpeg\" alt=\"\" width=\"750\" height=\"422\" srcset=\"https:\/\/franciscanos.org.br\/noticias\/wp-content\/uploads\/2024\/06\/19.06.jpeg 750w, https:\/\/franciscanos.org.br\/noticias\/wp-content\/uploads\/2024\/06\/19.06-450x253.jpeg 450w, https:\/\/franciscanos.org.br\/noticias\/wp-content\/uploads\/2024\/06\/19.06-150x84.jpeg 150w\" sizes=\"(max-width: 750px) 100vw, 750px\" \/><\/p>\n<p><em>Nesta quinta-feira recorre o Dia Mundial do Refugiado. Neste sentido o Papa recordou os verbos &#8220;acolher, promover, acompanhar e integrar&#8221;, pedindo aos Estados que assegurem condi\u00e7\u00f5es humanas aos refugiados a facilitem a sua inser\u00e7\u00e3o. No pedido a continuarmos a rezar pela paz, a ora\u00e7\u00e3o pela intercess\u00e3o do novo Beato polon\u00eas, sacerdote m\u00e1rtir do comunismo. Sauda\u00e7\u00e3o tamb\u00e9m ao &#8220;querido povo chin\u00eas, povo nobre e t\u00e3o corajoso&#8221;.<\/em><\/p>\n<p>Um convite, um apelo, uma sauda\u00e7\u00e3o. O convite a \u201cpromover, acompanhar e integrar\u201d os refugiados que batem \u00e0s nossas portas, na v\u00e9spera do Dia Mundial a eles dedicado, e que em 2024 tem por tema \u201cEsperan\u00e7a longe de casa: por um mundo inclusivo com as pessoas refugiadas\u201d. Tamb\u00e9m o apelo para continuar a rezar pela paz nos pa\u00edses devastados pela guerra, \u201cuma derrota desde o in\u00edcio\u201d, as sauda\u00e7\u00f5es ao \u201cnobre\u201d e \u201ccorajoso\u201d povo chin\u00eas.<\/p>\n<p><strong>Acolher, promover, acompanhar e integrar<\/strong><\/p>\n<p>Nas suas sauda\u00e7\u00f5es em italiano, j\u00e1 ao final da Audi\u00eancia Geral, o Papa Francisco recorda que na quinta-feira, 20 de junho, \u00e9 celebrado o Dia Mundial do Refugiado, um evento anual promovido pela Ag\u00eancia da ONU para Refugiados (ACNUR)\u00a0 para reconhecer a for\u00e7a, a coragem e a perseveran\u00e7a de milh\u00f5es de pessoas em todo o mundo for\u00e7adas a fugir devido a guerras, viol\u00eancia, persegui\u00e7\u00f5es, viola\u00e7\u00f5es dos direitos humanos.<\/p>\n<p>Precisamente pensando nestas pessoas \u00e0s quais reservou um pensamento desde o in\u00edcio do seu pontificado, Jorge Mario Bergoglio faz votos de que o Dia Mundial a eles dedicado \u201cpossa ser a oportunidade de dirigir um olhar atento e fraterno a todos aqueles que s\u00e3o obrigados a fugir das suas casas, em busca de paz e seguran\u00e7a.&#8221; Francisco repete ent\u00e3o os quatro verbos pregados por anos como forma de enfrentar a emerg\u00eancia migrat\u00f3ria.<\/p>\n<p><i>Todos somos chamados a acolher, promover, acompanhar e integrar quem bate \u00e0 nossa porta. Rezo para que os Estados trabalhem para garantir condi\u00e7\u00f5es humanas aos refugiados e facilitar os processos de integra\u00e7\u00e3o.<\/i><\/p>\n<p><strong>Desde seu in\u00edcio, a guerra \u00e9 sempre uma derrota<\/strong><\/p>\n<p>O tema da migra\u00e7\u00e3o est\u00e1 intimamente ligado com as guerras. E como costuma fazer em seus pronunciamentos, o Santo Padre voltou a pedir aos milhares de fi\u00e9is presentes na Pra\u00e7a S\u00e3o Pedro e aos que acompanham a transmiss\u00e3o da audi\u00eancia em todo o mundo para n\u00e3o se cansarem de rezar pela paz e pelas popula\u00e7\u00f5es que, entre bombardeamentos, ataques, fome, viol\u00eancia de v\u00e1rios tipos, a vislumbram somente como uma miragem:<\/p>\n<p><i>Continuemos a rezar pela paz. A guerra \u00e9 sempre uma derrota, desde o in\u00edcio. Rezemos pela martirizada Ucr\u00e2nia, pela Terra Santa, pelo Sud\u00e3o, por Mianmar e onde quer que as pessoas sofram com a guerra, rezemos todos os dias pela paz.<\/i><\/p>\n<p><strong>A ora\u00e7\u00e3o ao Beato Michal Rapacz, sacerdote m\u00e1rtir do comunismo<\/strong><\/p>\n<p>Em favor da paz, o Papa tamb\u00e9m pediu a intercess\u00e3o do padre Micha\u0142 Rapacz, o jovem sacerdote polon\u00eas, m\u00e1rtir do comunismo, beatificado em Crac\u00f3via no passado dia 15 de Junho. Recordando o novo beato ao saudar os peregrinos poloneses, Francisco pediu que \u201co seu testemunho se torne um sinal de consola\u00e7\u00e3o de Deus, nestes tempos marcados pelas guerras\u201d.<\/p>\n<p><i>Que o seu exemplo nos ensine a ser fi\u00e9is a Deus, a responder ao mal com o bem, a contribuir para a constru\u00e7\u00e3o de um mundo fraterno e pac\u00edfico. Beato padre Micha\u0142, interceda pela Pol\u00f4nia e para que se obtenha a paz no mundo!<\/i><\/p>\n<p><strong>O &#8221; nobre e corajoso&#8221; povo chin\u00eas<\/strong><\/p>\n<p>Por fim, o pensamento do Pont\u00edfice volta-se para a China, ao saudar os \u201cAmigos do cardeal Celso Costantini\u201d, associa\u00e7\u00e3o dedicada ao primeiro delegado apost\u00f3lico em solo chin\u00eas, presentes\u00a0na Pra\u00e7a S\u00e3o Pedro, acompanhados pelo bispo de Concordia-Pordenone, dom Giuseppe Pellegrini.<\/p>\n<p>Na quinta-feira, 20, eles se reunir\u00e3o na Pontif\u00edcia Universidade Urbaniana para uma confer\u00eancia em mem\u00f3ria de dom Costantini, tamb\u00e9m na presen\u00e7a do cardeal Secret\u00e1rio de Estado Pietro Parolin, por ocasi\u00e3o do 100\u00ba anivers\u00e1rio do\u00a0<i>Concilium Sinense d<\/i>e Xangai, desejado e promovido pelo pr\u00f3prio Costantini:<\/p>\n<p><i>E isso me faz pensar no querido povo chin\u00eas. Rezemos sempre por este povo nobre e t\u00e3o corajoso, que tem uma cultura t\u00e3o bela. Rezemos pelo povo chin\u00eas.<\/i><\/p>\n<p><strong>Ciclo de catequeses<\/strong><\/p>\n<p><strong>Os Salmos nos conduzem \u00e0 felicidade e nos preparam para o Jubileu<\/strong><\/p>\n<div class=\"article__subTitle\"><em>Na Pra\u00e7a S\u00e3o Pedro, Francisco prosseguiu seu ciclo de catequeses sobre o Esp\u00edrito Santo e recordou que a Igreja vive o Ano da Ora\u00e7\u00e3o em prepara\u00e7\u00e3o ao Jubileu de 2025, aconselhando a medita\u00e7\u00e3o do Livro dos Salmos.<\/em><\/div>\n<div>\n<p>Os Salmos e o Esp\u00edrito Santo foram o tema da catequese do Papa na Audi\u00eancia Geral de hoje, realizada na Pra\u00e7a S\u00e3o Pedro.<\/p>\n<p>Francisco definiu este livro do Antigo Testamento como uma \u201csinfonia de ora\u00e7\u00e3o&#8221;, cujo compositor \u00e9 o Esp\u00edrito Santo. E citou as edi\u00e7\u00f5es que cont\u00eam o Novo Testamento e os Salmos juntos, revelando que mant\u00e9m em sua escrivaninha um desses volumes em ucraniano, que pertenceu a um soldado que morreu na guerra: &#8220;E ele rezava na frente de combate com este livro&#8221;.<\/p>\n<p>Como em toda sinfonia, nela existem v\u00e1rios \u201cmovimentos\u201d, ou seja, v\u00e1rios tipos de ora\u00e7\u00e3o: louvor, a\u00e7\u00e3o de gra\u00e7as, s\u00faplica, lamento, narra\u00e7\u00e3o, reflex\u00e3o de sabedoria e outros, tanto na forma pessoal quanto comunit\u00e1ria.<\/p>\n<p>Alguns salmos refletem, por vezes, uma situa\u00e7\u00e3o hist\u00f3rica e uma mentalidade religiosa que j\u00e1 n\u00e3o s\u00e3o as nossas. Mas vale lembrar que foram a ora\u00e7\u00e3o de Jesus, de Maria, dos Ap\u00f3stolos e de todas as gera\u00e7\u00f5es crist\u00e3s que nos precederam. \u00c9 um elemento fixo na celebra\u00e7\u00e3o da Missa e na Liturgia das Horas.<\/p>\n<p>\u201cEu me pergunto: voc\u00eas rezam com os salmos algumas vezes? Peguem a B\u00edblia ou o Novo Testamento e rezem um salmo. Por exemplo, quando est\u00e3o um pouco tristes por terem pecado, rezam o salmo 50? Existem muitos salmos que nos ajudam a ir em frente. Criem o h\u00e1bito de rezar com os salmos. Eu lhes garanto que, no final, ficar\u00e3o felizes.\u201d<\/p>\n<p>Mas n\u00e3o podemos viver apenas da heran\u00e7a do passado, afirmou o Pont\u00edfice. \u00c9 necess\u00e1rio fazer dos salmos a\u00a0<i>nossa<\/i>\u00a0ora\u00e7\u00e3o, como se f\u00f4ssemos n\u00f3s os \u201cautores\u201d. Se existem vers\u00edculos que falam ao nosso cora\u00e7\u00e3o, recomendou o Papa, \u00e9 bom repeti-los e rezar durante o dia, pois s\u00e3o v\u00e1lidos para todos os momentos e aumentam a sua efic\u00e1cia com a const\u00e2ncia.<\/p>\n<p>De fato, n\u00e3o h\u00e1 estado de esp\u00edrito ou necessidade que n\u00e3o encontre neles as melhores palavras para transform\u00e1-los em ora\u00e7\u00e3o. Culpa, medo e ang\u00fastia se transformam em prece. Podemos repetir com David, por exemplo: \u201cTem piedade de mim, \u00f3 Deus, pela tua miseric\u00f3rdia, segundo a tua grande compaix\u00e3o\u201d (<i>Sl<\/i>\u00a051,3). Ou\u00a0\u201cO Senhor \u00e9 meu pastor [\u2026]. Mesmo que eu ande por vales tenebrosos, n\u00e3o temerei mal algum\u201d (<i>Sl<\/i>\u00a023,1,4).<\/p>\n<p>E mais: os salmos enriquecem a nossa ora\u00e7\u00e3o, pois n\u00e3o est\u00e1 centrada em n\u00f3s mesmos, pois com eles podemos expressar louvor, b\u00ean\u00e7\u00e3o, a\u00e7\u00e3o de gra\u00e7as, envolvendo tamb\u00e9m a cria\u00e7\u00e3o.<\/p>\n<p>\u201cIrm\u00e3os e irm\u00e3s, o Esp\u00edrito Santo, que deu \u00e0 Igreja Noiva as palavras para rezar ao seu divino Esposo, nos ajude a faz\u00ea-las ressoar na Igreja de hoje e a fazer deste ano preparat\u00f3rio para o Jubileu uma sinfonia de ora\u00e7\u00e3o\u201d, concluiu o Pont\u00edfice.<\/p>\n<hr \/>\n<p>Vatican News<\/p>\n<\/div>\n","protected":false},"excerpt":{"rendered":"<p>Audi\u00eancia Geral &#8211; Papa Francisco<\/p>\n","protected":false},"author":11,"featured_media":248544,"comment_status":"open","ping_status":"open","sticky":false,"template":"","format":"standard","meta":[],"categories":[1,1428],"tags":[487,55],"acf":[],"yoast_head":"<!-- This site is optimized with the Yoast SEO plugin v19.2 - https:\/\/yoast.com\/wordpress\/plugins\/seo\/ -->\n<title>Pelos refugiados e pela paz, os apelos de Francisco na Audi\u00eancia Geral - Not\u00edcias - Franciscanos<\/title>\n<meta name=\"robots\" content=\"index, follow, max-snippet:-1, max-image-preview:large, max-video-preview:-1\" \/>\n<link rel=\"canonical\" href=\"https:\/\/franciscanos.org.br\/noticias\/pelos-refugiados-e-pela-paz-os-apelos-de-francisco-na-audiencia-geral.html\" \/>\n<meta property=\"og:locale\" content=\"pt_BR\" \/>\n<meta property=\"og:type\" content=\"article\" \/>\n<meta property=\"og:title\" content=\"Pelos refugiados e pela paz, os apelos de Francisco na Audi\u00eancia Geral - Not\u00edcias - Franciscanos\" \/>\n<meta property=\"og:description\" content=\"Audi\u00eancia Geral - Papa Francisco\" \/>\n<meta property=\"og:url\" content=\"https:\/\/franciscanos.org.br\/noticias\/pelos-refugiados-e-pela-paz-os-apelos-de-francisco-na-audiencia-geral.html\" \/>\n<meta property=\"og:site_name\" content=\"Not\u00edcias - Franciscanos\" \/>\n<meta property=\"article:published_time\" content=\"2024-06-19T12:18:44+00:00\" \/>\n<meta property=\"og:image\" content=\"https:\/\/franciscanos.org.br\/noticias\/wp-content\/uploads\/2024\/06\/19.06.jpeg\" \/>\n\t<meta property=\"og:image:width\" content=\"750\" \/>\n\t<meta property=\"og:image:height\" content=\"422\" \/>\n\t<meta property=\"og:image:type\" content=\"image\/jpeg\" \/>\n<meta name=\"author\" content=\"Adriana Rabelo\" \/>\n<meta name=\"twitter:card\" content=\"summary_large_image\" \/>\n<meta name=\"twitter:label1\" content=\"Escrito por\" \/>\n\t<meta name=\"twitter:data1\" content=\"Adriana Rabelo\" \/>\n\t<meta name=\"twitter:label2\" content=\"Est. tempo de leitura\" \/>\n\t<meta name=\"twitter:data2\" content=\"6 minutos\" \/>\n<script type=\"application\/ld+json\" class=\"yoast-schema-graph\">{\"@context\":\"https:\/\/schema.org\",\"@graph\":[{\"@type\":\"WebSite\",\"@id\":\"https:\/\/franciscanos.org.br\/noticias\/#website\",\"url\":\"https:\/\/franciscanos.org.br\/noticias\/\",\"name\":\"Not\u00edcias - Franciscanos\",\"description\":\"Prov\u00edncia Franciscana da Imaculada Concei\u00e7\u00e3o do Brasil - Ordem dos Frades Menores - OFM\",\"potentialAction\":[{\"@type\":\"SearchAction\",\"target\":{\"@type\":\"EntryPoint\",\"urlTemplate\":\"https:\/\/franciscanos.org.br\/noticias\/?s={search_term_string}\"},\"query-input\":\"required name=search_term_string\"}],\"inLanguage\":\"pt-BR\"},{\"@type\":\"ImageObject\",\"inLanguage\":\"pt-BR\",\"@id\":\"https:\/\/franciscanos.org.br\/noticias\/pelos-refugiados-e-pela-paz-os-apelos-de-francisco-na-audiencia-geral.html#primaryimage\",\"url\":\"https:\/\/franciscanos.org.br\/noticias\/wp-content\/uploads\/2024\/06\/19.06.jpeg\",\"contentUrl\":\"https:\/\/franciscanos.org.br\/noticias\/wp-content\/uploads\/2024\/06\/19.06.jpeg\",\"width\":750,\"height\":422},{\"@type\":\"WebPage\",\"@id\":\"https:\/\/franciscanos.org.br\/noticias\/pelos-refugiados-e-pela-paz-os-apelos-de-francisco-na-audiencia-geral.html#webpage\",\"url\":\"https:\/\/franciscanos.org.br\/noticias\/pelos-refugiados-e-pela-paz-os-apelos-de-francisco-na-audiencia-geral.html\",\"name\":\"Pelos refugiados e pela paz, os apelos de Francisco na Audi\u00eancia Geral - Not\u00edcias - Franciscanos\",\"isPartOf\":{\"@id\":\"https:\/\/franciscanos.org.br\/noticias\/#website\"},\"primaryImageOfPage\":{\"@id\":\"https:\/\/franciscanos.org.br\/noticias\/pelos-refugiados-e-pela-paz-os-apelos-de-francisco-na-audiencia-geral.html#primaryimage\"},\"datePublished\":\"2024-06-19T12:18:44+00:00\",\"dateModified\":\"2024-06-19T12:18:44+00:00\",\"author\":{\"@id\":\"https:\/\/franciscanos.org.br\/noticias\/#\/schema\/person\/d9422e83121c3ad3b0f423d195f5bb25\"},\"breadcrumb\":{\"@id\":\"https:\/\/franciscanos.org.br\/noticias\/pelos-refugiados-e-pela-paz-os-apelos-de-francisco-na-audiencia-geral.html#breadcrumb\"},\"inLanguage\":\"pt-BR\",\"potentialAction\":[{\"@type\":\"ReadAction\",\"target\":[\"https:\/\/franciscanos.org.br\/noticias\/pelos-refugiados-e-pela-paz-os-apelos-de-francisco-na-audiencia-geral.html\"]}]},{\"@type\":\"BreadcrumbList\",\"@id\":\"https:\/\/franciscanos.org.br\/noticias\/pelos-refugiados-e-pela-paz-os-apelos-de-francisco-na-audiencia-geral.html#breadcrumb\",\"itemListElement\":[{\"@type\":\"ListItem\",\"position\":1,\"name\":\"Home\",\"item\":\"https:\/\/franciscanos.org.br\/noticias\"},{\"@type\":\"ListItem\",\"position\":2,\"name\":\"Pelos refugiados e pela paz, os apelos de Francisco na Audi\u00eancia Geral\"}]},{\"@type\":\"Person\",\"@id\":\"https:\/\/franciscanos.org.br\/noticias\/#\/schema\/person\/d9422e83121c3ad3b0f423d195f5bb25\",\"name\":\"Adriana Rabelo\",\"image\":{\"@type\":\"ImageObject\",\"inLanguage\":\"pt-BR\",\"@id\":\"https:\/\/franciscanos.org.br\/noticias\/#\/schema\/person\/image\/\",\"url\":\"https:\/\/secure.gravatar.com\/avatar\/0a937b7500cd7df77540cfb8bede877d?s=96&d=mm&r=g\",\"contentUrl\":\"https:\/\/secure.gravatar.com\/avatar\/0a937b7500cd7df77540cfb8bede877d?s=96&d=mm&r=g\",\"caption\":\"Adriana Rabelo\"},\"url\":\"https:\/\/franciscanos.org.br\/noticias\/author\/adrianarabelo\"}]}<\/script>\n<!-- \/ Yoast SEO plugin. -->","yoast_head_json":{"title":"Pelos refugiados e pela paz, os apelos de Francisco na Audi\u00eancia Geral - Not\u00edcias - Franciscanos","robots":{"index":"index","follow":"follow","max-snippet":"max-snippet:-1","max-image-preview":"max-image-preview:large","max-video-preview":"max-video-preview:-1"},"canonical":"https:\/\/franciscanos.org.br\/noticias\/pelos-refugiados-e-pela-paz-os-apelos-de-francisco-na-audiencia-geral.html","og_locale":"pt_BR","og_type":"article","og_title":"Pelos refugiados e pela paz, os apelos de Francisco na Audi\u00eancia Geral - Not\u00edcias - Franciscanos","og_description":"Audi\u00eancia Geral - Papa Francisco","og_url":"https:\/\/franciscanos.org.br\/noticias\/pelos-refugiados-e-pela-paz-os-apelos-de-francisco-na-audiencia-geral.html","og_site_name":"Not\u00edcias - Franciscanos","article_published_time":"2024-06-19T12:18:44+00:00","og_image":[{"width":750,"height":422,"url":"https:\/\/franciscanos.org.br\/noticias\/wp-content\/uploads\/2024\/06\/19.06.jpeg","type":"image\/jpeg"}],"author":"Adriana Rabelo","twitter_card":"summary_large_image","twitter_misc":{"Escrito por":"Adriana Rabelo","Est. tempo de leitura":"6 minutos"},"schema":{"@context":"https:\/\/schema.org","@graph":[{"@type":"WebSite","@id":"https:\/\/franciscanos.org.br\/noticias\/#website","url":"https:\/\/franciscanos.org.br\/noticias\/","name":"Not\u00edcias - Franciscanos","description":"Prov\u00edncia Franciscana da Imaculada Concei\u00e7\u00e3o do Brasil - Ordem dos Frades Menores - OFM","potentialAction":[{"@type":"SearchAction","target":{"@type":"EntryPoint","urlTemplate":"https:\/\/franciscanos.org.br\/noticias\/?s={search_term_string}"},"query-input":"required name=search_term_string"}],"inLanguage":"pt-BR"},{"@type":"ImageObject","inLanguage":"pt-BR","@id":"https:\/\/franciscanos.org.br\/noticias\/pelos-refugiados-e-pela-paz-os-apelos-de-francisco-na-audiencia-geral.html#primaryimage","url":"https:\/\/franciscanos.org.br\/noticias\/wp-content\/uploads\/2024\/06\/19.06.jpeg","contentUrl":"https:\/\/franciscanos.org.br\/noticias\/wp-content\/uploads\/2024\/06\/19.06.jpeg","width":750,"height":422},{"@type":"WebPage","@id":"https:\/\/franciscanos.org.br\/noticias\/pelos-refugiados-e-pela-paz-os-apelos-de-francisco-na-audiencia-geral.html#webpage","url":"https:\/\/franciscanos.org.br\/noticias\/pelos-refugiados-e-pela-paz-os-apelos-de-francisco-na-audiencia-geral.html","name":"Pelos refugiados e pela paz, os apelos de Francisco na Audi\u00eancia Geral - Not\u00edcias - Franciscanos","isPartOf":{"@id":"https:\/\/franciscanos.org.br\/noticias\/#website"},"primaryImageOfPage":{"@id":"https:\/\/franciscanos.org.br\/noticias\/pelos-refugiados-e-pela-paz-os-apelos-de-francisco-na-audiencia-geral.html#primaryimage"},"datePublished":"2024-06-19T12:18:44+00:00","dateModified":"2024-06-19T12:18:44+00:00","author":{"@id":"https:\/\/franciscanos.org.br\/noticias\/#\/schema\/person\/d9422e83121c3ad3b0f423d195f5bb25"},"breadcrumb":{"@id":"https:\/\/franciscanos.org.br\/noticias\/pelos-refugiados-e-pela-paz-os-apelos-de-francisco-na-audiencia-geral.html#breadcrumb"},"inLanguage":"pt-BR","potentialAction":[{"@type":"ReadAction","target":["https:\/\/franciscanos.org.br\/noticias\/pelos-refugiados-e-pela-paz-os-apelos-de-francisco-na-audiencia-geral.html"]}]},{"@type":"BreadcrumbList","@id":"https:\/\/franciscanos.org.br\/noticias\/pelos-refugiados-e-pela-paz-os-apelos-de-francisco-na-audiencia-geral.html#breadcrumb","itemListElement":[{"@type":"ListItem","position":1,"name":"Home","item":"https:\/\/franciscanos.org.br\/noticias"},{"@type":"ListItem","position":2,"name":"Pelos refugiados e pela paz, os apelos de Francisco na Audi\u00eancia Geral"}]},{"@type":"Person","@id":"https:\/\/franciscanos.org.br\/noticias\/#\/schema\/person\/d9422e83121c3ad3b0f423d195f5bb25","name":"Adriana Rabelo","image":{"@type":"ImageObject","inLanguage":"pt-BR","@id":"https:\/\/franciscanos.org.br\/noticias\/#\/schema\/person\/image\/","url":"https:\/\/secure.gravatar.com\/avatar\/0a937b7500cd7df77540cfb8bede877d?s=96&d=mm&r=g","contentUrl":"https:\/\/secure.gravatar.com\/avatar\/0a937b7500cd7df77540cfb8bede877d?s=96&d=mm&r=g","caption":"Adriana Rabelo"},"url":"https:\/\/franciscanos.org.br\/noticias\/author\/adrianarabelo"}]}},"_links":{"self":[{"href":"https:\/\/franciscanos.org.br\/noticias\/wp-json\/wp\/v2\/posts\/248543"}],"collection":[{"href":"https:\/\/franciscanos.org.br\/noticias\/wp-json\/wp\/v2\/posts"}],"about":[{"href":"https:\/\/franciscanos.org.br\/noticias\/wp-json\/wp\/v2\/types\/post"}],"author":[{"embeddable":true,"href":"https:\/\/franciscanos.org.br\/noticias\/wp-json\/wp\/v2\/users\/11"}],"replies":[{"embeddable":true,"href":"https:\/\/franciscanos.org.br\/noticias\/wp-json\/wp\/v2\/comments?post=248543"}],"version-history":[{"count":2,"href":"https:\/\/franciscanos.org.br\/noticias\/wp-json\/wp\/v2\/posts\/248543\/revisions"}],"predecessor-version":[{"id":248546,"href":"https:\/\/franciscanos.org.br\/noticias\/wp-json\/wp\/v2\/posts\/248543\/revisions\/248546"}],"wp:featuredmedia":[{"embeddable":true,"href":"https:\/\/franciscanos.org.br\/noticias\/wp-json\/wp\/v2\/media\/248544"}],"wp:attachment":[{"href":"https:\/\/franciscanos.org.br\/noticias\/wp-json\/wp\/v2\/media?parent=248543"}],"wp:term":[{"taxonomy":"category","embeddable":true,"href":"https:\/\/franciscanos.org.br\/noticias\/wp-json\/wp\/v2\/categories?post=248543"},{"taxonomy":"post_tag","embeddable":true,"href":"https:\/\/franciscanos.org.br\/noticias\/wp-json\/wp\/v2\/tags?post=248543"}],"curies":[{"name":"wp","href":"https:\/\/api.w.org\/{rel}","templated":true}]}}