{"id":248532,"date":"2024-06-19T08:39:16","date_gmt":"2024-06-19T11:39:16","guid":{"rendered":"https:\/\/franciscanos.org.br\/noticias\/?p=248532"},"modified":"2024-06-19T09:01:55","modified_gmt":"2024-06-19T12:01:55","slug":"migrantes-refugiados-e-o-servico-social-franciscano","status":"publish","type":"post","link":"https:\/\/franciscanos.org.br\/noticias\/migrantes-refugiados-e-o-servico-social-franciscano.html","title":{"rendered":"Migrantes, refugiados e o Servi\u00e7o Social Franciscano"},"content":{"rendered":"<p><img loading=\"lazy\" class=\"aligncenter wp-image-248533 size-full\" src=\"https:\/\/franciscanos.org.br\/noticias\/wp-content\/uploads\/2024\/06\/IMG-20240619-WA0010.jpg\" alt=\"\" width=\"1280\" height=\"720\" srcset=\"https:\/\/franciscanos.org.br\/noticias\/wp-content\/uploads\/2024\/06\/IMG-20240619-WA0010.jpg 1280w, https:\/\/franciscanos.org.br\/noticias\/wp-content\/uploads\/2024\/06\/IMG-20240619-WA0010-450x253.jpg 450w, https:\/\/franciscanos.org.br\/noticias\/wp-content\/uploads\/2024\/06\/IMG-20240619-WA0010-1024x576.jpg 1024w, https:\/\/franciscanos.org.br\/noticias\/wp-content\/uploads\/2024\/06\/IMG-20240619-WA0010-768x432.jpg 768w, https:\/\/franciscanos.org.br\/noticias\/wp-content\/uploads\/2024\/06\/IMG-20240619-WA0010-150x84.jpg 150w\" sizes=\"(max-width: 1280px) 100vw, 1280px\" \/><\/p>\n<p>\u201cLevanta-te, toma o menino e sua m\u00e3e, foge para o Egito e fica l\u00e1 at\u00e9 que eu te avise, pois Herodes vai procurar o menino para o matar. Jos\u00e9 levantou-se, tomou o menino e sua m\u00e3e e partiu de noite para o Egito\u201d (cf. Mt 2,12-13).<\/p>\n<p>Lendo essa passagem b\u00edblica podemos visualizar a fuga de Jos\u00e9 com sua fam\u00edlia para o Egito, ap\u00f3s um aviso do anjo do Senhor, que apareceu em seu sonho. Os tempos eram dif\u00edceis em Jerusal\u00e9m sob a monarquia de um tirano. Jos\u00e9 com medo de que seu filho Jesus de Nazar\u00e9 fosse v\u00edtima do \u201cMassacre dos Inocentes\u201d, fugiu para o Egito com Maria e o Menino.<\/p>\n<p>Como se entr\u00e1ssemos numa m\u00e1quina do tempo, voltamos agora ao presente para ver o quanto muitas hist\u00f3rias de repetem, s\u00e9culos ap\u00f3s s\u00e9culos. Fam\u00edlias amea\u00e7adas pela viol\u00eancia da guerra, da intoler\u00e2ncia religiosa, do racismo e tantos outros dramas humanit\u00e1rios fogem para garantir a sobreviv\u00eancia.<\/p>\n<p>Segundo a ACNUR (Ag\u00eancia da ONU para Refugiados), \u201cos refugiados s\u00e3o pessoas que deixaram tudo para tr\u00e1s para escapar de conflitos armados ou persegui\u00e7\u00f5es\u201d. Essas pessoas buscam ref\u00fagio em outros pa\u00edses para buscar seguran\u00e7a.<\/p>\n<p>De acordo com o relat\u00f3rio \u201cRef\u00fagio em N\u00fameros\u201d, <em>apenas em 2023, no Brasil, foram feitas 58.3628 solicita\u00e7\u00f5es da condi\u00e7\u00e3o de refugiado, provenientes de 150 pa\u00edses. As principais nacionalidades solicitantes em 2022 foram venezuelanas (50,3%), cubanas (19,6%) e angolanas (6,7%)<\/em>.<\/p>\n<p>Al\u00e9m dos refugiados tamb\u00e9m encontramos os migrantes, que s\u00e3o advindos de outros pa\u00edses, mas se encontram em outra dimens\u00e3o daqueles que fogem de seus pa\u00edses.\u00a0 Conforme consta no site da ACNUR, <em>os migrantes escolhem se deslocar n\u00e3o por causa de uma amea\u00e7a direta de persegui\u00e7\u00e3o ou morte, mas principalmente para melhorar sua vida em busca de trabalho ou educa\u00e7\u00e3o, por reuni\u00e3o familiar ou por outras raz\u00f5es<\/em>.<\/p>\n<p>A Comiss\u00e3o Mista Permanente sobre Migra\u00e7\u00f5es Internacionais e Refugiados do Congresso Nacional, em mat\u00e9ria publicada pela Ag\u00eancia C\u00e2mara de Not\u00edcias, com base em dados do ano passado, trouxe a informa\u00e7\u00e3o de que <em>h\u00e1 cerca de 1,5 milh\u00e3o de imigrantes no Brasil, sendo que cerca de 650 mil s\u00e3o refugiados ou solicitantes de ref\u00fagio. Em Roraima, h\u00e1 mais de 130 mil imigrantes ou refugiados venezuelanos<\/em>.<\/p>\n<p><strong>Franciscanos e a dimens\u00e3o social<\/strong><\/p>\n<p>S\u00e3o muito os organismos e institui\u00e7\u00f5es dispostos a trabalhar para dar dignidade para aqueles que chegam ao Brasil. A maioria j\u00e1 encontra diversas barreiras ao chegar como idioma, a falta de informa\u00e7\u00e3o e a xenofobia nos espa\u00e7os p\u00fablicos. \u201cExiste uma s\u00e9rie de quest\u00f5es como o racismo e o preconceito que perseguem essas pessoas. Eles chegam com muito medo. Outro problema \u00e9 a falta de moradia e a dificuldade para comprovar a forma\u00e7\u00e3o, precisando trabalhar em subemprego\u201d, explicou Irm\u00e3 Margareth Nunes Crispim da Silva (SMIC), coordenadora do Centro de Acolhida ao Migrante &#8211; Casa de Assis, um projeto do SEFRAS (Servi\u00e7o Social Franciscano), que conta com a parceria da prefeitura de S\u00e3o Paulo, por meio da Secretaria de Assist\u00eancia Social.<img loading=\"lazy\" class=\"size-medium wp-image-248534 alignright\" src=\"https:\/\/franciscanos.org.br\/noticias\/wp-content\/uploads\/2024\/06\/IMG-20240619-WA0002-450x253.jpg\" alt=\"\" width=\"450\" height=\"253\" srcset=\"https:\/\/franciscanos.org.br\/noticias\/wp-content\/uploads\/2024\/06\/IMG-20240619-WA0002-450x253.jpg 450w, https:\/\/franciscanos.org.br\/noticias\/wp-content\/uploads\/2024\/06\/IMG-20240619-WA0002-1024x576.jpg 1024w, https:\/\/franciscanos.org.br\/noticias\/wp-content\/uploads\/2024\/06\/IMG-20240619-WA0002-768x432.jpg 768w, https:\/\/franciscanos.org.br\/noticias\/wp-content\/uploads\/2024\/06\/IMG-20240619-WA0002-1536x864.jpg 1536w, https:\/\/franciscanos.org.br\/noticias\/wp-content\/uploads\/2024\/06\/IMG-20240619-WA0002-150x84.jpg 150w, https:\/\/franciscanos.org.br\/noticias\/wp-content\/uploads\/2024\/06\/IMG-20240619-WA0002.jpg 1600w\" sizes=\"(max-width: 450px) 100vw, 450px\" \/><\/p>\n<p>O espa\u00e7o, localizado no bairro Bela Vista, na grande S\u00e3o Paulo, desenvolve um importante trabalho com os migrantes que chegam a cidade. \u201c A Casa de Assis foi inaugurada em 2014, com o objetivo de acolher as pessoas que estavam chegando naquele per\u00edodo. Na \u00e9poca, a maioria era de haitianos. Ent\u00e3o, o SEFRAS se empenhou para acolher essas pessoas. Recebemos tamb\u00e9m afeg\u00e3os, marroquinos e angolanos atendendo essa demanda da popula\u00e7\u00e3o de alguns pa\u00edses que t\u00eam mais facilidades para a mobilidade de pessoas\u201d.<\/p>\n<p>A cidade de S\u00e3o Paulo \u00e9 considerada o maior centro de desenvolvimento do pa\u00eds e isso historicamente sempre atraiu muitos migrantes e refugiados. A religiosa falou um pouco sobre o motivo que levou essas pessoas \u00e0 migra\u00e7\u00e3o. \u201cOs haitianos, por exemplo, vieram motivados pelas cat\u00e1strofes clim\u00e1ticas, em busca de vida e dias melhores. Os angolanos chegaram por causa da guerra e os s\u00edrios por quest\u00f5es religiosas. Temos 110 pessoas que moram na Casa de Assis e, nesse per\u00edodo do frio, acolhemos mais 10, num total de 120 estrangeiros neste ano\u201d, explicou.<\/p>\n<p>No local, as pessoas recebem refei\u00e7\u00f5es, passam pelo servi\u00e7o social, al\u00e9m dos outros direitos como sa\u00fade e educa\u00e7\u00e3o, ou seja, tudo o que precisam para ter sua autonomia. \u201cEles ficam por um per\u00edodo conosco para aprender a l\u00edngua, tirar a documenta\u00e7\u00e3o para ingressar no trabalho e procurar uma moradia. Com dois assistentes sociais e um psic\u00f3logo procuramos ajudar essas pessoas a ter sua dignidade e autonomia recuperada. Al\u00e9m disso, v\u00e1rias empresas s\u00e3o parceiras para oferecer trabalhos aos migrantes\u201d, salientou Irm\u00e3 Margareth.<img loading=\"lazy\" class=\"size-medium wp-image-248535 alignleft\" src=\"https:\/\/franciscanos.org.br\/noticias\/wp-content\/uploads\/2024\/06\/IMG-20240619-WA0008-450x253.jpg\" alt=\"\" width=\"450\" height=\"253\" srcset=\"https:\/\/franciscanos.org.br\/noticias\/wp-content\/uploads\/2024\/06\/IMG-20240619-WA0008-450x253.jpg 450w, https:\/\/franciscanos.org.br\/noticias\/wp-content\/uploads\/2024\/06\/IMG-20240619-WA0008-1024x575.jpg 1024w, https:\/\/franciscanos.org.br\/noticias\/wp-content\/uploads\/2024\/06\/IMG-20240619-WA0008-768x431.jpg 768w, https:\/\/franciscanos.org.br\/noticias\/wp-content\/uploads\/2024\/06\/IMG-20240619-WA0008-150x84.jpg 150w, https:\/\/franciscanos.org.br\/noticias\/wp-content\/uploads\/2024\/06\/IMG-20240619-WA0008.jpg 1280w\" sizes=\"(max-width: 450px) 100vw, 450px\" \/><\/p>\n<p>Durante sua fala a Irm\u00e3 manifestou preocupa\u00e7\u00e3o com o grupo de migrantes que est\u00e3o atualmente no Aeroporto Internacional de Guarulhos. De acordo com a Ag\u00eancia Brasil, centenas de imigrantes, a maior parte deles provenientes da \u00cdndia, encontram-se retidos em uma \u00e1rea restrita do aeroporto. A informa\u00e7\u00e3o foi confirmada, na \u00faltima quarta-feira (12) pelo Minist\u00e9rio P\u00fablico Federal (MPF) de S\u00e3o Paulo.<\/p>\n<p>\u201cO SEFRAS procura fazer um atendimento humanizado que implica no cuidar, no defender, no acolher a todos. Temos mulheres gr\u00e1vidas, crian\u00e7as, adolescentes, homens. S\u00e3o esses p\u00fablicos que atendemos. \u00a0Nossa inten\u00e7\u00e3o \u00e9 diminuir a dist\u00e2ncia do pa\u00eds de origem ao o pa\u00eds que acolhe, por isso, recebemos bem. Aqui, o migrante e o refugiado s\u00e3o acolhidos e t\u00eam a oportunidade encontrar uma nova p\u00e1tria, \u201d afirma a coordenadora da Casa de Assis.<\/p>\n<p>O Servi\u00e7o Social Franciscano tamb\u00e9m est\u00e1 \u00e0 frente do Centro de Refer\u00eancia e Atendimento para Imigrantes \u2013 CRAI Oriana Jara. O espa\u00e7o realiza atendimentos locais e itinerantes, na promo\u00e7\u00e3o dos direitos dos imigrantes no Brasil, por meio de uma perspectiva de direitos humanos para a integra\u00e7\u00e3o social, produtiva, pol\u00edtica e cultural dos atendidos. Neste sentido, o servi\u00e7o oferece orienta\u00e7\u00f5es gerais e atendimento jur\u00eddico especializado a 850 pessoas, mensalmente. Uma quest\u00e3o que se destaca na atua\u00e7\u00e3o do CRAI est\u00e1 na constru\u00e7\u00e3o \u2013 junto \u00e0s comunidades, sociedade civil em geral e ao poder p\u00fablico \u2013 de pol\u00edticas p\u00fablicas de prote\u00e7\u00e3o ao migrante.<\/p>\n\n\t\t<style type=\"text\/css\">\n\t\t\t#gallery-1 {\n\t\t\t\tmargin: auto;\n\t\t\t}\n\t\t\t#gallery-1 .gallery-item {\n\t\t\t\tfloat: left;\n\t\t\t\tmargin-top: 10px;\n\t\t\t\ttext-align: center;\n\t\t\t\twidth: 33%;\n\t\t\t}\n\t\t\t#gallery-1 img {\n\t\t\t\tborder: 2px solid #cfcfcf;\n\t\t\t}\n\t\t\t#gallery-1 .gallery-caption {\n\t\t\t\tmargin-left: 0;\n\t\t\t}\n\t\t\t\/* see gallery_shortcode() in wp-includes\/media.php *\/\n\t\t<\/style>\n\t\t<div id='gallery-1' class='gallery galleryid-248532 gallery-columns-3 gallery-size-thumbnail'><dl class='gallery-item'>\n\t\t\t<dt class='gallery-icon portrait'>\n\t\t\t\t<a href='https:\/\/franciscanos.org.br\/noticias\/migrantes-refugiados-e-o-servico-social-franciscano.html\/img-20240619-wa0005'><img width=\"300\" height=\"300\" src=\"https:\/\/franciscanos.org.br\/noticias\/wp-content\/uploads\/2024\/06\/IMG-20240619-WA0005-300x300.jpg\" class=\"attachment-thumbnail size-thumbnail\" alt=\"\" loading=\"lazy\" srcset=\"https:\/\/franciscanos.org.br\/noticias\/wp-content\/uploads\/2024\/06\/IMG-20240619-WA0005-300x300.jpg 300w, https:\/\/franciscanos.org.br\/noticias\/wp-content\/uploads\/2024\/06\/IMG-20240619-WA0005-100x100.jpg 100w\" sizes=\"(max-width: 300px) 100vw, 300px\" \/><\/a>\n\t\t\t<\/dt><\/dl><dl class='gallery-item'>\n\t\t\t<dt class='gallery-icon landscape'>\n\t\t\t\t<a href='https:\/\/franciscanos.org.br\/noticias\/migrantes-refugiados-e-o-servico-social-franciscano.html\/img-20240619-wa0007'><img width=\"300\" height=\"300\" src=\"https:\/\/franciscanos.org.br\/noticias\/wp-content\/uploads\/2024\/06\/IMG-20240619-WA0007-300x300.jpg\" class=\"attachment-thumbnail size-thumbnail\" alt=\"\" loading=\"lazy\" srcset=\"https:\/\/franciscanos.org.br\/noticias\/wp-content\/uploads\/2024\/06\/IMG-20240619-WA0007-300x300.jpg 300w, https:\/\/franciscanos.org.br\/noticias\/wp-content\/uploads\/2024\/06\/IMG-20240619-WA0007-100x100.jpg 100w\" sizes=\"(max-width: 300px) 100vw, 300px\" \/><\/a>\n\t\t\t<\/dt><\/dl><dl class='gallery-item'>\n\t\t\t<dt class='gallery-icon portrait'>\n\t\t\t\t<a href='https:\/\/franciscanos.org.br\/noticias\/migrantes-refugiados-e-o-servico-social-franciscano.html\/img-20240619-wa0009'><img width=\"300\" height=\"300\" src=\"https:\/\/franciscanos.org.br\/noticias\/wp-content\/uploads\/2024\/06\/IMG-20240619-WA0009-300x300.jpg\" class=\"attachment-thumbnail size-thumbnail\" alt=\"\" loading=\"lazy\" srcset=\"https:\/\/franciscanos.org.br\/noticias\/wp-content\/uploads\/2024\/06\/IMG-20240619-WA0009-300x300.jpg 300w, https:\/\/franciscanos.org.br\/noticias\/wp-content\/uploads\/2024\/06\/IMG-20240619-WA0009-100x100.jpg 100w\" sizes=\"(max-width: 300px) 100vw, 300px\" \/><\/a>\n\t\t\t<\/dt><\/dl><br style=\"clear: both\" \/>\n\t\t<\/div>\n\n<hr \/>\n<p><em>Adriana Rabelo<\/em><\/p>\n<p>&nbsp;<\/p>\n","protected":false},"excerpt":{"rendered":"<p>Dia do Migrante e do refugiado<\/p>\n","protected":false},"author":11,"featured_media":248533,"comment_status":"open","ping_status":"open","sticky":false,"template":"","format":"standard","meta":[],"categories":[1],"tags":[228],"acf":[],"yoast_head":"<!-- This site is optimized with the Yoast SEO plugin v19.2 - https:\/\/yoast.com\/wordpress\/plugins\/seo\/ -->\n<title>Migrantes, refugiados e o Servi\u00e7o Social Franciscano - Not\u00edcias - Franciscanos<\/title>\n<meta name=\"robots\" content=\"index, follow, max-snippet:-1, max-image-preview:large, max-video-preview:-1\" \/>\n<link rel=\"canonical\" href=\"https:\/\/franciscanos.org.br\/noticias\/migrantes-refugiados-e-o-servico-social-franciscano.html\" \/>\n<meta property=\"og:locale\" content=\"pt_BR\" \/>\n<meta property=\"og:type\" content=\"article\" \/>\n<meta property=\"og:title\" content=\"Migrantes, refugiados e o Servi\u00e7o Social Franciscano - Not\u00edcias - Franciscanos\" \/>\n<meta property=\"og:description\" content=\"Dia do Migrante e do refugiado\" \/>\n<meta property=\"og:url\" content=\"https:\/\/franciscanos.org.br\/noticias\/migrantes-refugiados-e-o-servico-social-franciscano.html\" \/>\n<meta property=\"og:site_name\" content=\"Not\u00edcias - Franciscanos\" \/>\n<meta property=\"article:published_time\" content=\"2024-06-19T11:39:16+00:00\" \/>\n<meta property=\"article:modified_time\" content=\"2024-06-19T12:01:55+00:00\" \/>\n<meta property=\"og:image\" content=\"https:\/\/franciscanos.org.br\/noticias\/wp-content\/uploads\/2024\/06\/IMG-20240619-WA0010.jpg\" \/>\n\t<meta property=\"og:image:width\" content=\"1280\" \/>\n\t<meta property=\"og:image:height\" content=\"720\" \/>\n\t<meta property=\"og:image:type\" content=\"image\/jpeg\" \/>\n<meta name=\"author\" content=\"Adriana Rabelo\" \/>\n<meta name=\"twitter:card\" content=\"summary_large_image\" \/>\n<meta name=\"twitter:label1\" content=\"Escrito por\" \/>\n\t<meta name=\"twitter:data1\" content=\"Adriana Rabelo\" \/>\n\t<meta name=\"twitter:label2\" content=\"Est. tempo de leitura\" \/>\n\t<meta name=\"twitter:data2\" content=\"5 minutos\" \/>\n<script type=\"application\/ld+json\" class=\"yoast-schema-graph\">{\"@context\":\"https:\/\/schema.org\",\"@graph\":[{\"@type\":\"WebSite\",\"@id\":\"https:\/\/franciscanos.org.br\/noticias\/#website\",\"url\":\"https:\/\/franciscanos.org.br\/noticias\/\",\"name\":\"Not\u00edcias - Franciscanos\",\"description\":\"Prov\u00edncia Franciscana da Imaculada Concei\u00e7\u00e3o do Brasil - Ordem dos Frades Menores - OFM\",\"potentialAction\":[{\"@type\":\"SearchAction\",\"target\":{\"@type\":\"EntryPoint\",\"urlTemplate\":\"https:\/\/franciscanos.org.br\/noticias\/?s={search_term_string}\"},\"query-input\":\"required name=search_term_string\"}],\"inLanguage\":\"pt-BR\"},{\"@type\":\"ImageObject\",\"inLanguage\":\"pt-BR\",\"@id\":\"https:\/\/franciscanos.org.br\/noticias\/migrantes-refugiados-e-o-servico-social-franciscano.html#primaryimage\",\"url\":\"https:\/\/franciscanos.org.br\/noticias\/wp-content\/uploads\/2024\/06\/IMG-20240619-WA0010.jpg\",\"contentUrl\":\"https:\/\/franciscanos.org.br\/noticias\/wp-content\/uploads\/2024\/06\/IMG-20240619-WA0010.jpg\",\"width\":1280,\"height\":720},{\"@type\":\"WebPage\",\"@id\":\"https:\/\/franciscanos.org.br\/noticias\/migrantes-refugiados-e-o-servico-social-franciscano.html#webpage\",\"url\":\"https:\/\/franciscanos.org.br\/noticias\/migrantes-refugiados-e-o-servico-social-franciscano.html\",\"name\":\"Migrantes, refugiados e o Servi\u00e7o Social Franciscano - Not\u00edcias - Franciscanos\",\"isPartOf\":{\"@id\":\"https:\/\/franciscanos.org.br\/noticias\/#website\"},\"primaryImageOfPage\":{\"@id\":\"https:\/\/franciscanos.org.br\/noticias\/migrantes-refugiados-e-o-servico-social-franciscano.html#primaryimage\"},\"datePublished\":\"2024-06-19T11:39:16+00:00\",\"dateModified\":\"2024-06-19T12:01:55+00:00\",\"author\":{\"@id\":\"https:\/\/franciscanos.org.br\/noticias\/#\/schema\/person\/d9422e83121c3ad3b0f423d195f5bb25\"},\"breadcrumb\":{\"@id\":\"https:\/\/franciscanos.org.br\/noticias\/migrantes-refugiados-e-o-servico-social-franciscano.html#breadcrumb\"},\"inLanguage\":\"pt-BR\",\"potentialAction\":[{\"@type\":\"ReadAction\",\"target\":[\"https:\/\/franciscanos.org.br\/noticias\/migrantes-refugiados-e-o-servico-social-franciscano.html\"]}]},{\"@type\":\"BreadcrumbList\",\"@id\":\"https:\/\/franciscanos.org.br\/noticias\/migrantes-refugiados-e-o-servico-social-franciscano.html#breadcrumb\",\"itemListElement\":[{\"@type\":\"ListItem\",\"position\":1,\"name\":\"Home\",\"item\":\"https:\/\/franciscanos.org.br\/noticias\"},{\"@type\":\"ListItem\",\"position\":2,\"name\":\"Migrantes, refugiados e o Servi\u00e7o Social Franciscano\"}]},{\"@type\":\"Person\",\"@id\":\"https:\/\/franciscanos.org.br\/noticias\/#\/schema\/person\/d9422e83121c3ad3b0f423d195f5bb25\",\"name\":\"Adriana Rabelo\",\"image\":{\"@type\":\"ImageObject\",\"inLanguage\":\"pt-BR\",\"@id\":\"https:\/\/franciscanos.org.br\/noticias\/#\/schema\/person\/image\/\",\"url\":\"https:\/\/secure.gravatar.com\/avatar\/0a937b7500cd7df77540cfb8bede877d?s=96&d=mm&r=g\",\"contentUrl\":\"https:\/\/secure.gravatar.com\/avatar\/0a937b7500cd7df77540cfb8bede877d?s=96&d=mm&r=g\",\"caption\":\"Adriana Rabelo\"},\"url\":\"https:\/\/franciscanos.org.br\/noticias\/author\/adrianarabelo\"}]}<\/script>\n<!-- \/ Yoast SEO plugin. -->","yoast_head_json":{"title":"Migrantes, refugiados e o Servi\u00e7o Social Franciscano - Not\u00edcias - Franciscanos","robots":{"index":"index","follow":"follow","max-snippet":"max-snippet:-1","max-image-preview":"max-image-preview:large","max-video-preview":"max-video-preview:-1"},"canonical":"https:\/\/franciscanos.org.br\/noticias\/migrantes-refugiados-e-o-servico-social-franciscano.html","og_locale":"pt_BR","og_type":"article","og_title":"Migrantes, refugiados e o Servi\u00e7o Social Franciscano - Not\u00edcias - Franciscanos","og_description":"Dia do Migrante e do refugiado","og_url":"https:\/\/franciscanos.org.br\/noticias\/migrantes-refugiados-e-o-servico-social-franciscano.html","og_site_name":"Not\u00edcias - Franciscanos","article_published_time":"2024-06-19T11:39:16+00:00","article_modified_time":"2024-06-19T12:01:55+00:00","og_image":[{"width":1280,"height":720,"url":"https:\/\/franciscanos.org.br\/noticias\/wp-content\/uploads\/2024\/06\/IMG-20240619-WA0010.jpg","type":"image\/jpeg"}],"author":"Adriana Rabelo","twitter_card":"summary_large_image","twitter_misc":{"Escrito por":"Adriana Rabelo","Est. tempo de leitura":"5 minutos"},"schema":{"@context":"https:\/\/schema.org","@graph":[{"@type":"WebSite","@id":"https:\/\/franciscanos.org.br\/noticias\/#website","url":"https:\/\/franciscanos.org.br\/noticias\/","name":"Not\u00edcias - Franciscanos","description":"Prov\u00edncia Franciscana da Imaculada Concei\u00e7\u00e3o do Brasil - Ordem dos Frades Menores - OFM","potentialAction":[{"@type":"SearchAction","target":{"@type":"EntryPoint","urlTemplate":"https:\/\/franciscanos.org.br\/noticias\/?s={search_term_string}"},"query-input":"required name=search_term_string"}],"inLanguage":"pt-BR"},{"@type":"ImageObject","inLanguage":"pt-BR","@id":"https:\/\/franciscanos.org.br\/noticias\/migrantes-refugiados-e-o-servico-social-franciscano.html#primaryimage","url":"https:\/\/franciscanos.org.br\/noticias\/wp-content\/uploads\/2024\/06\/IMG-20240619-WA0010.jpg","contentUrl":"https:\/\/franciscanos.org.br\/noticias\/wp-content\/uploads\/2024\/06\/IMG-20240619-WA0010.jpg","width":1280,"height":720},{"@type":"WebPage","@id":"https:\/\/franciscanos.org.br\/noticias\/migrantes-refugiados-e-o-servico-social-franciscano.html#webpage","url":"https:\/\/franciscanos.org.br\/noticias\/migrantes-refugiados-e-o-servico-social-franciscano.html","name":"Migrantes, refugiados e o Servi\u00e7o Social Franciscano - Not\u00edcias - Franciscanos","isPartOf":{"@id":"https:\/\/franciscanos.org.br\/noticias\/#website"},"primaryImageOfPage":{"@id":"https:\/\/franciscanos.org.br\/noticias\/migrantes-refugiados-e-o-servico-social-franciscano.html#primaryimage"},"datePublished":"2024-06-19T11:39:16+00:00","dateModified":"2024-06-19T12:01:55+00:00","author":{"@id":"https:\/\/franciscanos.org.br\/noticias\/#\/schema\/person\/d9422e83121c3ad3b0f423d195f5bb25"},"breadcrumb":{"@id":"https:\/\/franciscanos.org.br\/noticias\/migrantes-refugiados-e-o-servico-social-franciscano.html#breadcrumb"},"inLanguage":"pt-BR","potentialAction":[{"@type":"ReadAction","target":["https:\/\/franciscanos.org.br\/noticias\/migrantes-refugiados-e-o-servico-social-franciscano.html"]}]},{"@type":"BreadcrumbList","@id":"https:\/\/franciscanos.org.br\/noticias\/migrantes-refugiados-e-o-servico-social-franciscano.html#breadcrumb","itemListElement":[{"@type":"ListItem","position":1,"name":"Home","item":"https:\/\/franciscanos.org.br\/noticias"},{"@type":"ListItem","position":2,"name":"Migrantes, refugiados e o Servi\u00e7o Social Franciscano"}]},{"@type":"Person","@id":"https:\/\/franciscanos.org.br\/noticias\/#\/schema\/person\/d9422e83121c3ad3b0f423d195f5bb25","name":"Adriana Rabelo","image":{"@type":"ImageObject","inLanguage":"pt-BR","@id":"https:\/\/franciscanos.org.br\/noticias\/#\/schema\/person\/image\/","url":"https:\/\/secure.gravatar.com\/avatar\/0a937b7500cd7df77540cfb8bede877d?s=96&d=mm&r=g","contentUrl":"https:\/\/secure.gravatar.com\/avatar\/0a937b7500cd7df77540cfb8bede877d?s=96&d=mm&r=g","caption":"Adriana Rabelo"},"url":"https:\/\/franciscanos.org.br\/noticias\/author\/adrianarabelo"}]}},"_links":{"self":[{"href":"https:\/\/franciscanos.org.br\/noticias\/wp-json\/wp\/v2\/posts\/248532"}],"collection":[{"href":"https:\/\/franciscanos.org.br\/noticias\/wp-json\/wp\/v2\/posts"}],"about":[{"href":"https:\/\/franciscanos.org.br\/noticias\/wp-json\/wp\/v2\/types\/post"}],"author":[{"embeddable":true,"href":"https:\/\/franciscanos.org.br\/noticias\/wp-json\/wp\/v2\/users\/11"}],"replies":[{"embeddable":true,"href":"https:\/\/franciscanos.org.br\/noticias\/wp-json\/wp\/v2\/comments?post=248532"}],"version-history":[{"count":2,"href":"https:\/\/franciscanos.org.br\/noticias\/wp-json\/wp\/v2\/posts\/248532\/revisions"}],"predecessor-version":[{"id":248540,"href":"https:\/\/franciscanos.org.br\/noticias\/wp-json\/wp\/v2\/posts\/248532\/revisions\/248540"}],"wp:featuredmedia":[{"embeddable":true,"href":"https:\/\/franciscanos.org.br\/noticias\/wp-json\/wp\/v2\/media\/248533"}],"wp:attachment":[{"href":"https:\/\/franciscanos.org.br\/noticias\/wp-json\/wp\/v2\/media?parent=248532"}],"wp:term":[{"taxonomy":"category","embeddable":true,"href":"https:\/\/franciscanos.org.br\/noticias\/wp-json\/wp\/v2\/categories?post=248532"},{"taxonomy":"post_tag","embeddable":true,"href":"https:\/\/franciscanos.org.br\/noticias\/wp-json\/wp\/v2\/tags?post=248532"}],"curies":[{"name":"wp","href":"https:\/\/api.w.org\/{rel}","templated":true}]}}