{"id":24847,"date":"2012-09-26T08:05:47","date_gmt":"2012-09-26T11:05:47","guid":{"rendered":"http:\/\/new.franciscanos.org.br\/?p=24847"},"modified":"2019-11-01T11:49:40","modified_gmt":"2019-11-01T14:49:40","slug":"bispos-debatem-resultados-do-censo-demografico","status":"publish","type":"post","link":"https:\/\/franciscanos.org.br\/noticias\/bispos-debatem-resultados-do-censo-demografico.html","title":{"rendered":"Bispos debatem resultados do Censo Demogr\u00e1fico"},"content":{"rendered":"<p><img loading=\"lazy\" class=\"alignright size-medium wp-image-24848\" title=\"3493_260912\" src=\"http:\/\/franciscanos.org.br\/wp-content\/uploads\/2012\/09\/3493_260912-300x186.jpg\" alt=\"\" width=\"300\" height=\"186\" \/>Os bispos que comp\u00f5em o Conselho Episcopal Pastoral, Consep, reunidos em Bras\u00edlia desde a manh\u00e3 de ter\u00e7a-feira, 25 de setembro, voltaram a discutir o quadro geral das religi\u00f5es no Brasil apresentado pelos resultados do Censo feito pelo IBGE em 2010 e publicados em junho deste ano. Desta vez, a reflex\u00e3o foi dirigida \u00e0s iniciativas pastorais que devem ser tomadas ou refor\u00e7adas para responder ao fato de que caiu o n\u00famero de brasileiros que se declaram membros da Igreja Cat\u00f3lica.<\/p>\n<p>Segundo o IBGE, \u201cos resultados do Censo Demogr\u00e1fico 2010 mostram o crescimento da diversidade dos grupos religiosos no Brasil. A propor\u00e7\u00e3o de cat\u00f3licos seguiu a tend\u00eancia de redu\u00e7\u00e3o observada nas duas d\u00e9cadas anteriores, embora tenha permanecido majorit\u00e1ria. Em paralelo, consolidou-se o crescimento da popula\u00e7\u00e3o evang\u00e9lica, que passou de 15,4% em 2000 para 22,2% em 2010. Dos que se declararam evang\u00e9licos, 60,0% eram de origem pentecostal, 18,5%, evang\u00e9licos de miss\u00e3o e 21,8 %, evang\u00e9licos n\u00e3o determinados\u201d. A pesquisa revela tamb\u00e9m \u201cque os cat\u00f3licos romanos e o grupo dos sem religi\u00e3o s\u00e3o os que apresentaram percentagens mais elevadas de pessoas do sexo masculino. Os esp\u00edritas apresentaram os mais elevados indicadores de educa\u00e7\u00e3o e de rendimentos\u201d.<\/p>\n<p>Padre Thierry Linard de Guertechin, Presidente do Instituto Brasileiro de Desenvolvimento, IBRADES, organismo anexo \u00e0 CNBB, resumiu a quest\u00e3o apresentada no chamado \u201cmapa das religi\u00f5es\u201d. Ele lembra que n\u00e3o se deve se prender ao que se t\u00eam destacado muito \u00e0s duas categorias de \u201ccat\u00f3licos\u201d e \u201cevang\u00e9licos\u201d.<\/p>\n<p>H\u00e1 novas comunidades crist\u00e3s que cresceram. \u00c9 preciso ainda considerar que cresceu tamb\u00e9m o n\u00famero dos que se declaram sem religi\u00e3o. Padre Thierry ressaltou que o casamento tem sido um fator importante na an\u00e1lise da situa\u00e7\u00e3o atual. H\u00e1 um n\u00famero consider\u00e1vel de casais com uni\u00f5es consideradas n\u00e3o regulares que est\u00e3o fora das contas oficiais sobre os membros da Igreja. Lembrou tamb\u00e9m que h\u00e1 que se considerar a situa\u00e7\u00e3o das comunidades que n\u00e3o t\u00eam assist\u00eancia dos ministros ordenados. E n\u00e3o se pode esquecer que h\u00e1 declara\u00e7\u00e3o daqueles que n\u00e3o s\u00e3o praticantes.<\/p>\n<p>Os bispos abriram uma conversa ampla. \u201c\u00c9 preciso considerar o resultados das pesquisas na elabora\u00e7\u00e3o dos planos de pastoral de nossas dioceses\u201d &#8211; disse Dom Joaquim Mol, bispo auxiliar de Belo Horizonte (MG) e Presidente da Comiss\u00e3o de Educa\u00e7\u00e3o e Cultura da CNBB. \u201c\u00c9 preciso pensar em estruturas mais simples para nossas comunidades\u201d, continuou Dom Mol, que afirmou que est\u00e1 sendo realizada em Belo Horizonte uma pesquisa, tecnicamente profissional, para se aprofundar o significado dos n\u00fameros. Para Dom Jo\u00e3o Carlos Petrini, bispo de Cama\u00e7ari (BA) e Presidente da Comiss\u00e3o Episcopal para a Vida e Fam\u00edlia, \u201ca percentagem dos n\u00e3o praticantes brasileiros que se declaram cat\u00f3licos se torna dispon\u00edvel para a oferta de outras Igrejas que t\u00eam, por exemplo, o trabalho de visitar as pessoas de casa em casa e a disposi\u00e7\u00e3o de ler a B\u00edblia\u201d.<\/p>\n<p>\u201cOs n\u00fameros mostram que a nossa catequese n\u00e3o \u00e9 ainda suficiente\u201d &#8211; afirmou Dom Jacinto Bergmann, bispo de Pelotas (RS) e Presidente da Comiss\u00e3o Episcopal Pastoral para a anima\u00e7\u00e3o b\u00edblico-catequ\u00e9tico. Ele considera que a forma\u00e7\u00e3o de grupos b\u00edblicos pode ser um sinal de esperan\u00e7a na evangeliza\u00e7\u00e3o.<\/p>\n<p>\u201c\u00c9 preciso levar a s\u00e9rio as pesquisas\u201d, disse o Cardeal Dom Cl\u00e1udio Hummes, arcebispo em\u00e9rito de S\u00e3o Paulo e Presidente da Comiss\u00e3o Episcopal para a Amaz\u00f4nia. Ele diz que desde que come\u00e7aram ser divulgados dados sobre o n\u00famero dos cat\u00f3licos verificam-se quedas. \u201c\u00c9 importante considerar o modo como se acolhe para os sacramentos e \u00e9 preciso partir da f\u00e9 do povo e n\u00e3o colocar em d\u00favida a f\u00e9 que as pessoas manifestam ainda que n\u00e3o se tenha uma exposi\u00e7\u00e3o teologicamente elaborada\u201d. O cardeal tamb\u00e9m mencionou a import\u00e2ncia da participa\u00e7\u00e3o dos leigos. Sobre esse tema, o Prof. Geraldo Aguiar, assessor da Comiss\u00e3o Episcopal Pastoral, declarou: \u201cAcreditem nos leigos e haver\u00e1 um processo de transforma\u00e7\u00e3o da nossa Igreja\u201d.<\/p>\n<p>Dom Guilherme Werlang, bispo de Ipameri (GO), Presidente da Comiss\u00e3o Episcopal Pastoral para a Caridade, Justi\u00e7a e a Paz, destacou a import\u00e2ncia da forma\u00e7\u00e3o dos ministros ordenados, considerando que a Eucaristia \u00e9 a fonte e o horizonte da Igreja. Refor\u00e7ou ainda a import\u00e2ncia da participa\u00e7\u00e3o dos leigos com a valoriza\u00e7\u00e3o dos leigos e a \u00eanfase no \u201cir ao povo\u201d. Nesta linha, o Prof. Sergio Coutinho, da Comiss\u00e3o do Laicato, chamou aten\u00e7\u00e3o para a correla\u00e7\u00e3o dos resultados do Censo de IBGE com os dados da pesquisa do CERIS. Houve um crescimento no n\u00famero das par\u00f3quias, aumento dos n\u00fameros dos p\u00e1rocos, amplia\u00e7\u00e3o do quadro dos di\u00e1conos. Insistiu na import\u00e2ncia das comunidades eclesiais de base com uma s\u00e9ria \u201cdesideologiza\u00e7\u00e3o\u201d dessas express\u00f5es leg\u00edtimas da vida da Igreja.<\/p>\n<p>\u201cN\u00f3s corremos o risco de fazer boas an\u00e1lises sem que isso reflita na pastoral considerando tamb\u00e9m o aprofundamento da realidade local\u201d &#8211; lembrou Dom Sergio da Rocha, arcebispo de Bras\u00edlia (DF) e presidente da Comiss\u00e3o Episcopal Pastoral para a Doutrina da F\u00e9. \u201cFormar crist\u00e3os de verdade\u201d \u00e9 o grande objetivo da evangeliza\u00e7\u00e3o e isso, certamente, refletir\u00e1 nos n\u00fameros. Dom Pedro Brito, arcebispo de Palmas (TO) e Presidente da Comiss\u00e3o Episcopal Pastoral para os minist\u00e9rios ordenados, considera importante a forma\u00e7\u00e3o de mission\u00e1rios leigos nas comunidades. Dom Sergio Braschi, bispo de Ponta Grossa (PR), Presidente da Comiss\u00e3o Episcopal Pastoral para a A\u00e7\u00e3o Mission\u00e1ria, real\u00e7ou a valoriza\u00e7\u00e3o dos di\u00e1conos.<\/p>\n<p>Dom Dimas Lara Barbosa, arcebispo de Campo Grande (MS) e Presidente da Comiss\u00e3o Episcopal Pastoral para a Comunica\u00e7\u00e3o destacou a iniciativa da setoriza\u00e7\u00e3o das par\u00f3quias, comunidade de comunidades, porque considera que essa urg\u00eancia \u201cpuxa\u201d todas as outras apresentadas pelas Diretrizes Gerais da A\u00e7\u00e3o Evangelizadora.<\/p>\n<p>Dom Eduardo Pinheiro, bispo auxiliar de Campo Grande e Presidente da Comiss\u00e3o Episcopal Pastoral refor\u00e7ou a efic\u00e1cia das iniciativas da setoriza\u00e7\u00e3o das par\u00f3quias e tamb\u00e9m lembrou que a peregrina\u00e7\u00e3o da cruz e do \u00edcone de Nossa Senhora est\u00e1 dando um recado claro por parte dos jovens: \u201cn\u00f3s estamos aqui!\u201d. No \u00e2mbito de todas essas considera\u00e7\u00f5es, segundo Padre Sidnei Marcos Dornelas, assessor da Miss\u00e3o Continental, h\u00e1 uma integra\u00e7\u00e3o entre os apelos da Nova Evangeliza\u00e7\u00e3o, os apelos do CELAM e as Diretrizes Gerais da CNBB.<\/p>\n","protected":false},"excerpt":{"rendered":"<p>CNBB<\/p>\n","protected":false},"author":1,"featured_media":213342,"comment_status":"closed","ping_status":"open","sticky":false,"template":"","format":"standard","meta":[],"categories":[1],"tags":[29],"acf":[],"yoast_head":"<!-- This site is optimized with the Yoast SEO plugin v19.2 - https:\/\/yoast.com\/wordpress\/plugins\/seo\/ -->\n<title>Bispos debatem resultados do Censo Demogr\u00e1fico - Not\u00edcias - Franciscanos<\/title>\n<meta name=\"robots\" content=\"index, follow, max-snippet:-1, max-image-preview:large, max-video-preview:-1\" \/>\n<link rel=\"canonical\" href=\"https:\/\/franciscanos.org.br\/noticias\/bispos-debatem-resultados-do-censo-demografico.html\" \/>\n<meta property=\"og:locale\" content=\"pt_BR\" \/>\n<meta property=\"og:type\" content=\"article\" \/>\n<meta property=\"og:title\" content=\"Bispos debatem resultados do Censo Demogr\u00e1fico - Not\u00edcias - Franciscanos\" \/>\n<meta property=\"og:description\" content=\"CNBB\" \/>\n<meta property=\"og:url\" content=\"https:\/\/franciscanos.org.br\/noticias\/bispos-debatem-resultados-do-censo-demografico.html\" \/>\n<meta property=\"og:site_name\" content=\"Not\u00edcias - Franciscanos\" \/>\n<meta property=\"article:published_time\" content=\"2012-09-26T11:05:47+00:00\" \/>\n<meta property=\"article:modified_time\" content=\"2019-11-01T14:49:40+00:00\" \/>\n<meta property=\"og:image\" content=\"https:\/\/franciscanos.org.br\/noticias\/wp-content\/uploads\/2012\/09\/3493_260912-300x186.jpg\" \/>\n\t<meta property=\"og:image:width\" content=\"273\" \/>\n\t<meta property=\"og:image:height\" content=\"181\" \/>\n\t<meta property=\"og:image:type\" content=\"image\/jpeg\" \/>\n<meta name=\"author\" content=\"admin\" \/>\n<meta name=\"twitter:card\" content=\"summary_large_image\" \/>\n<meta name=\"twitter:label1\" content=\"Escrito por\" \/>\n\t<meta name=\"twitter:data1\" content=\"admin\" \/>\n\t<meta name=\"twitter:label2\" content=\"Est. tempo de leitura\" \/>\n\t<meta name=\"twitter:data2\" content=\"6 minutos\" \/>\n<script type=\"application\/ld+json\" class=\"yoast-schema-graph\">{\"@context\":\"https:\/\/schema.org\",\"@graph\":[{\"@type\":\"WebSite\",\"@id\":\"https:\/\/franciscanos.org.br\/noticias\/#website\",\"url\":\"https:\/\/franciscanos.org.br\/noticias\/\",\"name\":\"Not\u00edcias - Franciscanos\",\"description\":\"Prov\u00edncia Franciscana da Imaculada Concei\u00e7\u00e3o do Brasil - Ordem dos Frades Menores - OFM\",\"potentialAction\":[{\"@type\":\"SearchAction\",\"target\":{\"@type\":\"EntryPoint\",\"urlTemplate\":\"https:\/\/franciscanos.org.br\/noticias\/?s={search_term_string}\"},\"query-input\":\"required name=search_term_string\"}],\"inLanguage\":\"pt-BR\"},{\"@type\":\"ImageObject\",\"inLanguage\":\"pt-BR\",\"@id\":\"https:\/\/franciscanos.org.br\/noticias\/bispos-debatem-resultados-do-censo-demografico.html#primaryimage\",\"url\":\"https:\/\/franciscanos.org.br\/noticias\/wp-content\/uploads\/2012\/09\/3493_260912-300x186.jpg\",\"contentUrl\":\"https:\/\/franciscanos.org.br\/noticias\/wp-content\/uploads\/2012\/09\/3493_260912-300x186.jpg\",\"width\":273,\"height\":181},{\"@type\":\"WebPage\",\"@id\":\"https:\/\/franciscanos.org.br\/noticias\/bispos-debatem-resultados-do-censo-demografico.html#webpage\",\"url\":\"https:\/\/franciscanos.org.br\/noticias\/bispos-debatem-resultados-do-censo-demografico.html\",\"name\":\"Bispos debatem resultados do Censo Demogr\u00e1fico - Not\u00edcias - Franciscanos\",\"isPartOf\":{\"@id\":\"https:\/\/franciscanos.org.br\/noticias\/#website\"},\"primaryImageOfPage\":{\"@id\":\"https:\/\/franciscanos.org.br\/noticias\/bispos-debatem-resultados-do-censo-demografico.html#primaryimage\"},\"datePublished\":\"2012-09-26T11:05:47+00:00\",\"dateModified\":\"2019-11-01T14:49:40+00:00\",\"author\":{\"@id\":\"https:\/\/franciscanos.org.br\/noticias\/#\/schema\/person\/b38fbf43118f02820bd932f2e4b14ad3\"},\"breadcrumb\":{\"@id\":\"https:\/\/franciscanos.org.br\/noticias\/bispos-debatem-resultados-do-censo-demografico.html#breadcrumb\"},\"inLanguage\":\"pt-BR\",\"potentialAction\":[{\"@type\":\"ReadAction\",\"target\":[\"https:\/\/franciscanos.org.br\/noticias\/bispos-debatem-resultados-do-censo-demografico.html\"]}]},{\"@type\":\"BreadcrumbList\",\"@id\":\"https:\/\/franciscanos.org.br\/noticias\/bispos-debatem-resultados-do-censo-demografico.html#breadcrumb\",\"itemListElement\":[{\"@type\":\"ListItem\",\"position\":1,\"name\":\"Home\",\"item\":\"https:\/\/franciscanos.org.br\/noticias\"},{\"@type\":\"ListItem\",\"position\":2,\"name\":\"Bispos debatem resultados do Censo Demogr\u00e1fico\"}]},{\"@type\":\"Person\",\"@id\":\"https:\/\/franciscanos.org.br\/noticias\/#\/schema\/person\/b38fbf43118f02820bd932f2e4b14ad3\",\"name\":\"admin\",\"image\":{\"@type\":\"ImageObject\",\"inLanguage\":\"pt-BR\",\"@id\":\"https:\/\/franciscanos.org.br\/noticias\/#\/schema\/person\/image\/\",\"url\":\"https:\/\/secure.gravatar.com\/avatar\/e8495742d34d0ba6448ea1c628263b3e?s=96&d=mm&r=g\",\"contentUrl\":\"https:\/\/secure.gravatar.com\/avatar\/e8495742d34d0ba6448ea1c628263b3e?s=96&d=mm&r=g\",\"caption\":\"admin\"},\"url\":\"https:\/\/franciscanos.org.br\/noticias\/author\/admin\"}]}<\/script>\n<!-- \/ Yoast SEO plugin. -->","yoast_head_json":{"title":"Bispos debatem resultados do Censo Demogr\u00e1fico - Not\u00edcias - Franciscanos","robots":{"index":"index","follow":"follow","max-snippet":"max-snippet:-1","max-image-preview":"max-image-preview:large","max-video-preview":"max-video-preview:-1"},"canonical":"https:\/\/franciscanos.org.br\/noticias\/bispos-debatem-resultados-do-censo-demografico.html","og_locale":"pt_BR","og_type":"article","og_title":"Bispos debatem resultados do Censo Demogr\u00e1fico - Not\u00edcias - Franciscanos","og_description":"CNBB","og_url":"https:\/\/franciscanos.org.br\/noticias\/bispos-debatem-resultados-do-censo-demografico.html","og_site_name":"Not\u00edcias - Franciscanos","article_published_time":"2012-09-26T11:05:47+00:00","article_modified_time":"2019-11-01T14:49:40+00:00","og_image":[{"width":273,"height":181,"url":"https:\/\/franciscanos.org.br\/noticias\/wp-content\/uploads\/2012\/09\/3493_260912-300x186.jpg","type":"image\/jpeg"}],"author":"admin","twitter_card":"summary_large_image","twitter_misc":{"Escrito por":"admin","Est. tempo de leitura":"6 minutos"},"schema":{"@context":"https:\/\/schema.org","@graph":[{"@type":"WebSite","@id":"https:\/\/franciscanos.org.br\/noticias\/#website","url":"https:\/\/franciscanos.org.br\/noticias\/","name":"Not\u00edcias - Franciscanos","description":"Prov\u00edncia Franciscana da Imaculada Concei\u00e7\u00e3o do Brasil - Ordem dos Frades Menores - OFM","potentialAction":[{"@type":"SearchAction","target":{"@type":"EntryPoint","urlTemplate":"https:\/\/franciscanos.org.br\/noticias\/?s={search_term_string}"},"query-input":"required name=search_term_string"}],"inLanguage":"pt-BR"},{"@type":"ImageObject","inLanguage":"pt-BR","@id":"https:\/\/franciscanos.org.br\/noticias\/bispos-debatem-resultados-do-censo-demografico.html#primaryimage","url":"https:\/\/franciscanos.org.br\/noticias\/wp-content\/uploads\/2012\/09\/3493_260912-300x186.jpg","contentUrl":"https:\/\/franciscanos.org.br\/noticias\/wp-content\/uploads\/2012\/09\/3493_260912-300x186.jpg","width":273,"height":181},{"@type":"WebPage","@id":"https:\/\/franciscanos.org.br\/noticias\/bispos-debatem-resultados-do-censo-demografico.html#webpage","url":"https:\/\/franciscanos.org.br\/noticias\/bispos-debatem-resultados-do-censo-demografico.html","name":"Bispos debatem resultados do Censo Demogr\u00e1fico - Not\u00edcias - Franciscanos","isPartOf":{"@id":"https:\/\/franciscanos.org.br\/noticias\/#website"},"primaryImageOfPage":{"@id":"https:\/\/franciscanos.org.br\/noticias\/bispos-debatem-resultados-do-censo-demografico.html#primaryimage"},"datePublished":"2012-09-26T11:05:47+00:00","dateModified":"2019-11-01T14:49:40+00:00","author":{"@id":"https:\/\/franciscanos.org.br\/noticias\/#\/schema\/person\/b38fbf43118f02820bd932f2e4b14ad3"},"breadcrumb":{"@id":"https:\/\/franciscanos.org.br\/noticias\/bispos-debatem-resultados-do-censo-demografico.html#breadcrumb"},"inLanguage":"pt-BR","potentialAction":[{"@type":"ReadAction","target":["https:\/\/franciscanos.org.br\/noticias\/bispos-debatem-resultados-do-censo-demografico.html"]}]},{"@type":"BreadcrumbList","@id":"https:\/\/franciscanos.org.br\/noticias\/bispos-debatem-resultados-do-censo-demografico.html#breadcrumb","itemListElement":[{"@type":"ListItem","position":1,"name":"Home","item":"https:\/\/franciscanos.org.br\/noticias"},{"@type":"ListItem","position":2,"name":"Bispos debatem resultados do Censo Demogr\u00e1fico"}]},{"@type":"Person","@id":"https:\/\/franciscanos.org.br\/noticias\/#\/schema\/person\/b38fbf43118f02820bd932f2e4b14ad3","name":"admin","image":{"@type":"ImageObject","inLanguage":"pt-BR","@id":"https:\/\/franciscanos.org.br\/noticias\/#\/schema\/person\/image\/","url":"https:\/\/secure.gravatar.com\/avatar\/e8495742d34d0ba6448ea1c628263b3e?s=96&d=mm&r=g","contentUrl":"https:\/\/secure.gravatar.com\/avatar\/e8495742d34d0ba6448ea1c628263b3e?s=96&d=mm&r=g","caption":"admin"},"url":"https:\/\/franciscanos.org.br\/noticias\/author\/admin"}]}},"_links":{"self":[{"href":"https:\/\/franciscanos.org.br\/noticias\/wp-json\/wp\/v2\/posts\/24847"}],"collection":[{"href":"https:\/\/franciscanos.org.br\/noticias\/wp-json\/wp\/v2\/posts"}],"about":[{"href":"https:\/\/franciscanos.org.br\/noticias\/wp-json\/wp\/v2\/types\/post"}],"author":[{"embeddable":true,"href":"https:\/\/franciscanos.org.br\/noticias\/wp-json\/wp\/v2\/users\/1"}],"replies":[{"embeddable":true,"href":"https:\/\/franciscanos.org.br\/noticias\/wp-json\/wp\/v2\/comments?post=24847"}],"version-history":[{"count":0,"href":"https:\/\/franciscanos.org.br\/noticias\/wp-json\/wp\/v2\/posts\/24847\/revisions"}],"wp:featuredmedia":[{"embeddable":true,"href":"https:\/\/franciscanos.org.br\/noticias\/wp-json\/wp\/v2\/media\/213342"}],"wp:attachment":[{"href":"https:\/\/franciscanos.org.br\/noticias\/wp-json\/wp\/v2\/media?parent=24847"}],"wp:term":[{"taxonomy":"category","embeddable":true,"href":"https:\/\/franciscanos.org.br\/noticias\/wp-json\/wp\/v2\/categories?post=24847"},{"taxonomy":"post_tag","embeddable":true,"href":"https:\/\/franciscanos.org.br\/noticias\/wp-json\/wp\/v2\/tags?post=24847"}],"curies":[{"name":"wp","href":"https:\/\/api.w.org\/{rel}","templated":true}]}}