{"id":248361,"date":"2024-06-14T17:39:59","date_gmt":"2024-06-14T20:39:59","guid":{"rendered":"https:\/\/franciscanos.org.br\/noticias\/?p=248361"},"modified":"2024-06-14T18:52:39","modified_gmt":"2024-06-14T21:52:39","slug":"santo-antonio-reune-muitos-amigos-no-largo-sao-francisco","status":"publish","type":"post","link":"https:\/\/franciscanos.org.br\/noticias\/santo-antonio-reune-muitos-amigos-no-largo-sao-francisco.html","title":{"rendered":"Santo Ant\u00f4nio re\u00fane muitos amigos no Largo S\u00e3o Francisco"},"content":{"rendered":"<p><img loading=\"lazy\" class=\"aligncenter wp-image-248363 size-full\" src=\"https:\/\/franciscanos.org.br\/noticias\/wp-content\/uploads\/2024\/06\/WhatsApp-Image-2024-06-13-at-09.39.56-2.jpeg\" alt=\"\" width=\"1440\" height=\"1080\" srcset=\"https:\/\/franciscanos.org.br\/noticias\/wp-content\/uploads\/2024\/06\/WhatsApp-Image-2024-06-13-at-09.39.56-2.jpeg 1440w, https:\/\/franciscanos.org.br\/noticias\/wp-content\/uploads\/2024\/06\/WhatsApp-Image-2024-06-13-at-09.39.56-2-450x338.jpeg 450w, https:\/\/franciscanos.org.br\/noticias\/wp-content\/uploads\/2024\/06\/WhatsApp-Image-2024-06-13-at-09.39.56-2-1024x768.jpeg 1024w, https:\/\/franciscanos.org.br\/noticias\/wp-content\/uploads\/2024\/06\/WhatsApp-Image-2024-06-13-at-09.39.56-2-768x576.jpeg 768w, https:\/\/franciscanos.org.br\/noticias\/wp-content\/uploads\/2024\/06\/WhatsApp-Image-2024-06-13-at-09.39.56-2-1536x1152.jpeg 1536w, https:\/\/franciscanos.org.br\/noticias\/wp-content\/uploads\/2024\/06\/WhatsApp-Image-2024-06-13-at-09.39.56-2-150x113.jpeg 150w, https:\/\/franciscanos.org.br\/noticias\/wp-content\/uploads\/2024\/06\/WhatsApp-Image-2024-06-13-at-09.39.56-2-600x450.jpeg 600w\" sizes=\"(max-width: 1440px) 100vw, 1440px\" \/><\/p>\n<p><span style=\"font-weight: 400;\">\u201cEu quero ter um milh\u00e3o de amigos e bem mais forte poder cantar\u201d. Esta frase da can\u00e7\u00e3o \u201cEu quero apenas\u201d, do cantor Roberto Carlos, pode muito bem resumir a Trezena e Festa de Santo Ant\u00f4nio, do Santu\u00e1rio S\u00e3o Francisco, do Largo que recebe o mesmo nome do santo, localizado no centro da capital paulista, a maior cidade do Brasil.\u00a0<\/span><\/p>\n<p><span style=\"font-weight: 400;\">Durante treze dias os fi\u00e9is foram envolvidos em importantes reflex\u00f5es aproximando-se ainda mais do santo lisboeta, inspirados pelo tema das festividades deste ano: \u201cSanto Ant\u00f4nio, nosso amigo, nosso irm\u00e3o\u201d. O lema proposto foi retirado dos serm\u00f5es do taumaturgo: \u201co nosso melhor amigo \u00e9 Jesus Cristo, que tanto nos amou a ponto de dar por n\u00f3s a sua vida\u201d. E a partir dessas ideias o santo cresceu na amizade com seus devotos e tamb\u00e9m, mais uma vez, apresentou o Cristo a muitos!<\/span><\/p>\n<p><span style=\"font-weight: 400;\">A Trezena contou com atividades diversas. O momento devocional acontecia durante uma missa do dia, contando com o acendimento de velas que, ao redor da imagem de Santo Ant\u00f4nio, foram completando 13 chamas. Durante a homilia, os frades que presidiam a celebra\u00e7\u00e3o buscavam salientar um tra\u00e7o, um elemento, uma hist\u00f3ria em torno da vida do santo interligando com a liturgia do dia. Ao final todos rezavam apresentando ao santo os pedidos e agradecimentos e, em seguida, cantavam o famoso respons\u00f3rio.<\/span><\/p>\n\n\t\t<style type=\"text\/css\">\n\t\t\t#gallery-1 {\n\t\t\t\tmargin: auto;\n\t\t\t}\n\t\t\t#gallery-1 .gallery-item {\n\t\t\t\tfloat: left;\n\t\t\t\tmargin-top: 10px;\n\t\t\t\ttext-align: center;\n\t\t\t\twidth: 25%;\n\t\t\t}\n\t\t\t#gallery-1 img {\n\t\t\t\tborder: 2px solid #cfcfcf;\n\t\t\t}\n\t\t\t#gallery-1 .gallery-caption {\n\t\t\t\tmargin-left: 0;\n\t\t\t}\n\t\t\t\/* see gallery_shortcode() in wp-includes\/media.php *\/\n\t\t<\/style>\n\t\t<div id='gallery-1' class='gallery galleryid-248361 gallery-columns-4 gallery-size-thumbnail'><dl class='gallery-item'>\n\t\t\t<dt class='gallery-icon landscape'>\n\t\t\t\t<a href='https:\/\/franciscanos.org.br\/noticias\/wp-content\/uploads\/2024\/06\/WhatsApp-Image-2024-06-10-at-12.56.49.jpeg'><img width=\"300\" height=\"300\" src=\"https:\/\/franciscanos.org.br\/noticias\/wp-content\/uploads\/2024\/06\/WhatsApp-Image-2024-06-10-at-12.56.49-300x300.jpeg\" class=\"attachment-thumbnail size-thumbnail\" alt=\"\" loading=\"lazy\" srcset=\"https:\/\/franciscanos.org.br\/noticias\/wp-content\/uploads\/2024\/06\/WhatsApp-Image-2024-06-10-at-12.56.49-300x300.jpeg 300w, https:\/\/franciscanos.org.br\/noticias\/wp-content\/uploads\/2024\/06\/WhatsApp-Image-2024-06-10-at-12.56.49-100x100.jpeg 100w\" sizes=\"(max-width: 300px) 100vw, 300px\" \/><\/a>\n\t\t\t<\/dt><\/dl><dl class='gallery-item'>\n\t\t\t<dt class='gallery-icon portrait'>\n\t\t\t\t<a href='https:\/\/franciscanos.org.br\/noticias\/wp-content\/uploads\/2024\/06\/WhatsApp-Image-2024-06-10-at-12.56.50-2.jpeg'><img width=\"300\" height=\"300\" src=\"https:\/\/franciscanos.org.br\/noticias\/wp-content\/uploads\/2024\/06\/WhatsApp-Image-2024-06-10-at-12.56.50-2-300x300.jpeg\" class=\"attachment-thumbnail size-thumbnail\" alt=\"\" loading=\"lazy\" srcset=\"https:\/\/franciscanos.org.br\/noticias\/wp-content\/uploads\/2024\/06\/WhatsApp-Image-2024-06-10-at-12.56.50-2-300x300.jpeg 300w, https:\/\/franciscanos.org.br\/noticias\/wp-content\/uploads\/2024\/06\/WhatsApp-Image-2024-06-10-at-12.56.50-2-100x100.jpeg 100w\" sizes=\"(max-width: 300px) 100vw, 300px\" \/><\/a>\n\t\t\t<\/dt><\/dl><dl class='gallery-item'>\n\t\t\t<dt class='gallery-icon landscape'>\n\t\t\t\t<a href='https:\/\/franciscanos.org.br\/noticias\/wp-content\/uploads\/2024\/06\/WhatsApp-Image-2024-06-10-at-12.56.48-2.jpeg'><img width=\"300\" height=\"300\" src=\"https:\/\/franciscanos.org.br\/noticias\/wp-content\/uploads\/2024\/06\/WhatsApp-Image-2024-06-10-at-12.56.48-2-300x300.jpeg\" class=\"attachment-thumbnail size-thumbnail\" alt=\"\" loading=\"lazy\" srcset=\"https:\/\/franciscanos.org.br\/noticias\/wp-content\/uploads\/2024\/06\/WhatsApp-Image-2024-06-10-at-12.56.48-2-300x300.jpeg 300w, https:\/\/franciscanos.org.br\/noticias\/wp-content\/uploads\/2024\/06\/WhatsApp-Image-2024-06-10-at-12.56.48-2-100x100.jpeg 100w\" sizes=\"(max-width: 300px) 100vw, 300px\" \/><\/a>\n\t\t\t<\/dt><\/dl><dl class='gallery-item'>\n\t\t\t<dt class='gallery-icon portrait'>\n\t\t\t\t<a href='https:\/\/franciscanos.org.br\/noticias\/wp-content\/uploads\/2024\/06\/WhatsApp-Image-2024-06-10-at-12.56.49-1.jpeg'><img width=\"300\" height=\"300\" src=\"https:\/\/franciscanos.org.br\/noticias\/wp-content\/uploads\/2024\/06\/WhatsApp-Image-2024-06-10-at-12.56.49-1-300x300.jpeg\" class=\"attachment-thumbnail size-thumbnail\" alt=\"\" loading=\"lazy\" srcset=\"https:\/\/franciscanos.org.br\/noticias\/wp-content\/uploads\/2024\/06\/WhatsApp-Image-2024-06-10-at-12.56.49-1-300x300.jpeg 300w, https:\/\/franciscanos.org.br\/noticias\/wp-content\/uploads\/2024\/06\/WhatsApp-Image-2024-06-10-at-12.56.49-1-100x100.jpeg 100w\" sizes=\"(max-width: 300px) 100vw, 300px\" \/><\/a>\n\t\t\t<\/dt><\/dl><br style=\"clear: both\" \/>\n\t\t<\/div>\n\n<p><span style=\"font-weight: 400;\">Ponto forte da Trezena foi o d\u00e9cimo dia (09\/06), o domingo que antecedeu a Festa de Santo Ant\u00f4nio. Como a data que se comemora o primeiro professor da Ordem dos Frades Menores caiu numa quinta-feira, foi escolhido o dia do Senhor para uma prociss\u00e3o, para facilitar a participa\u00e7\u00e3o daqueles que depois trabalhariam na festa. Depois da missa das 10h, as ruas do centro encheram-se dos amigos de Santo Ant\u00f4nio que cantaram e rezaram pedindo ao santo a sua intercess\u00e3o e agradeceram a Deus pelo dom de sua vida com louvores. O repicar dos sinos, o colorido das flores e luzes do andor, os sorrisos em festa garantiam: a comemora\u00e7\u00e3o ia ser cada vez melhor. E como se n\u00e3o bastasse, o santo ainda reservou aos seus amigos uma deliciosa feijoada e uma tarde de bons cantos sertanejos para todo mundo soltar a voz, confraternizar e festejar. H\u00e1 quem diga que o torresmo estava delicioso, mas n\u00e3o sobrou um para contar a hist\u00f3ria.<\/span><\/p>\n\n\t\t<style type=\"text\/css\">\n\t\t\t#gallery-2 {\n\t\t\t\tmargin: auto;\n\t\t\t}\n\t\t\t#gallery-2 .gallery-item {\n\t\t\t\tfloat: left;\n\t\t\t\tmargin-top: 10px;\n\t\t\t\ttext-align: center;\n\t\t\t\twidth: 25%;\n\t\t\t}\n\t\t\t#gallery-2 img {\n\t\t\t\tborder: 2px solid #cfcfcf;\n\t\t\t}\n\t\t\t#gallery-2 .gallery-caption {\n\t\t\t\tmargin-left: 0;\n\t\t\t}\n\t\t\t\/* see gallery_shortcode() in wp-includes\/media.php *\/\n\t\t<\/style>\n\t\t<div id='gallery-2' class='gallery galleryid-248361 gallery-columns-4 gallery-size-thumbnail'><dl class='gallery-item'>\n\t\t\t<dt class='gallery-icon landscape'>\n\t\t\t\t<a href='https:\/\/franciscanos.org.br\/noticias\/wp-content\/uploads\/2024\/06\/WhatsApp-Image-2024-06-13-at-09.39.56-2-1.jpeg'><img width=\"300\" height=\"300\" src=\"https:\/\/franciscanos.org.br\/noticias\/wp-content\/uploads\/2024\/06\/WhatsApp-Image-2024-06-13-at-09.39.56-2-1-300x300.jpeg\" class=\"attachment-thumbnail size-thumbnail\" alt=\"\" loading=\"lazy\" srcset=\"https:\/\/franciscanos.org.br\/noticias\/wp-content\/uploads\/2024\/06\/WhatsApp-Image-2024-06-13-at-09.39.56-2-1-300x300.jpeg 300w, https:\/\/franciscanos.org.br\/noticias\/wp-content\/uploads\/2024\/06\/WhatsApp-Image-2024-06-13-at-09.39.56-2-1-100x100.jpeg 100w\" sizes=\"(max-width: 300px) 100vw, 300px\" \/><\/a>\n\t\t\t<\/dt><\/dl><dl class='gallery-item'>\n\t\t\t<dt class='gallery-icon portrait'>\n\t\t\t\t<a href='https:\/\/franciscanos.org.br\/noticias\/wp-content\/uploads\/2024\/06\/WhatsApp-Image-2024-06-13-at-09.39.56-3-1.jpeg'><img width=\"300\" height=\"300\" src=\"https:\/\/franciscanos.org.br\/noticias\/wp-content\/uploads\/2024\/06\/WhatsApp-Image-2024-06-13-at-09.39.56-3-1-300x300.jpeg\" class=\"attachment-thumbnail size-thumbnail\" alt=\"\" loading=\"lazy\" srcset=\"https:\/\/franciscanos.org.br\/noticias\/wp-content\/uploads\/2024\/06\/WhatsApp-Image-2024-06-13-at-09.39.56-3-1-300x300.jpeg 300w, https:\/\/franciscanos.org.br\/noticias\/wp-content\/uploads\/2024\/06\/WhatsApp-Image-2024-06-13-at-09.39.56-3-1-100x100.jpeg 100w\" sizes=\"(max-width: 300px) 100vw, 300px\" \/><\/a>\n\t\t\t<\/dt><\/dl><dl class='gallery-item'>\n\t\t\t<dt class='gallery-icon portrait'>\n\t\t\t\t<a href='https:\/\/franciscanos.org.br\/noticias\/wp-content\/uploads\/2024\/06\/WhatsApp-Image-2024-06-13-at-09.39.56-4.jpeg'><img width=\"300\" height=\"300\" src=\"https:\/\/franciscanos.org.br\/noticias\/wp-content\/uploads\/2024\/06\/WhatsApp-Image-2024-06-13-at-09.39.56-4-300x300.jpeg\" class=\"attachment-thumbnail size-thumbnail\" alt=\"\" loading=\"lazy\" srcset=\"https:\/\/franciscanos.org.br\/noticias\/wp-content\/uploads\/2024\/06\/WhatsApp-Image-2024-06-13-at-09.39.56-4-300x300.jpeg 300w, https:\/\/franciscanos.org.br\/noticias\/wp-content\/uploads\/2024\/06\/WhatsApp-Image-2024-06-13-at-09.39.56-4-100x100.jpeg 100w\" sizes=\"(max-width: 300px) 100vw, 300px\" \/><\/a>\n\t\t\t<\/dt><\/dl>\n\t\t\t<br style='clear: both' \/>\n\t\t<\/div>\n\n<p><span style=\"font-weight: 400;\">E a alegria da festa do santo, que foi s\u00f3 crescendo durante a trezena, se confirmou no dia dele (13\/06). De manh\u00e3 cedo os frades j\u00e1 se reuniram para rezar as laudes solenes com todo o povo. As sete missas deixaram claro que Santo Ant\u00f4nio tem muitos amigos. A igreja do Santu\u00e1rio, sempre cheia, n\u00e3o se continha nos cantos e nos vivas. E, al\u00e9m das missas, os fi\u00e9is puderam receber b\u00ean\u00e7\u00e3os individuais dos frades, comprar itens devocionais, se deliciar com as comidas t\u00edpicas de festa de Igreja, ganhar o famoso p\u00e3o e levar para casa um peda\u00e7o do bolo de Santo Ant\u00f4nio &#8211; que deu o que falar &#8211; pois, como sempre, acabou faltando no final da festa, uma vez que o n\u00famero de compradores foi maior que o imaginado, superando as expectativas. Ant\u00f4nio e seus amigos sempre fazem a festa ser grandiosa!<\/span><\/p>\n<p><span style=\"font-weight: 400;\">E o saldo final de tantas alegrias refor\u00e7a que a Ordem Franciscana possui in\u00fameros tesouros e um deles \u00e9 a devo\u00e7\u00e3o popular a Santo Ant\u00f4nio. Seja ele invocado como casamenteiro, como auxiliar nas causas dif\u00edceis, como pregador, como professor, como apoio dos necessitados, a sua intercess\u00e3o \u00e9 sempre forte. Isso n\u00e3o se d\u00e1 por seus m\u00e9ritos, mas colocando-se como pequeno diante de Deus, foi engrandecido por Aquele que o chamou! E tendo reunido os seus milh\u00f5es de amigos, de norte a sul, podemos bem mais forte cantar os louvores de Deus por nos dar t\u00e3o virtuoso amigo.<\/span><\/p>\n<hr \/>\n<p><em><span style=\"font-weight: 400;\">Texto:Frei Gabriel Dellandrea \/ <\/span>Fotos:Rita Pokorny<\/em><\/p>\n\n\t\t<style type=\"text\/css\">\n\t\t\t#gallery-3 {\n\t\t\t\tmargin: auto;\n\t\t\t}\n\t\t\t#gallery-3 .gallery-item {\n\t\t\t\tfloat: left;\n\t\t\t\tmargin-top: 10px;\n\t\t\t\ttext-align: center;\n\t\t\t\twidth: 25%;\n\t\t\t}\n\t\t\t#gallery-3 img {\n\t\t\t\tborder: 2px solid #cfcfcf;\n\t\t\t}\n\t\t\t#gallery-3 .gallery-caption {\n\t\t\t\tmargin-left: 0;\n\t\t\t}\n\t\t\t\/* see gallery_shortcode() in wp-includes\/media.php *\/\n\t\t<\/style>\n\t\t<div id='gallery-3' class='gallery galleryid-248361 gallery-columns-4 gallery-size-thumbnail'><dl class='gallery-item'>\n\t\t\t<dt class='gallery-icon landscape'>\n\t\t\t\t<a href='https:\/\/franciscanos.org.br\/noticias\/wp-content\/uploads\/2024\/06\/WhatsApp-Image-2024-06-10-at-12.56.50.jpeg'><img width=\"300\" height=\"300\" src=\"https:\/\/franciscanos.org.br\/noticias\/wp-content\/uploads\/2024\/06\/WhatsApp-Image-2024-06-10-at-12.56.50-300x300.jpeg\" class=\"attachment-thumbnail size-thumbnail\" alt=\"\" loading=\"lazy\" srcset=\"https:\/\/franciscanos.org.br\/noticias\/wp-content\/uploads\/2024\/06\/WhatsApp-Image-2024-06-10-at-12.56.50-300x300.jpeg 300w, https:\/\/franciscanos.org.br\/noticias\/wp-content\/uploads\/2024\/06\/WhatsApp-Image-2024-06-10-at-12.56.50-100x100.jpeg 100w\" sizes=\"(max-width: 300px) 100vw, 300px\" \/><\/a>\n\t\t\t<\/dt><\/dl><dl class='gallery-item'>\n\t\t\t<dt class='gallery-icon landscape'>\n\t\t\t\t<a href='https:\/\/franciscanos.org.br\/noticias\/wp-content\/uploads\/2024\/06\/WhatsApp-Image-2024-06-10-at-12.56.50-1.jpeg'><img width=\"300\" height=\"300\" src=\"https:\/\/franciscanos.org.br\/noticias\/wp-content\/uploads\/2024\/06\/WhatsApp-Image-2024-06-10-at-12.56.50-1-300x300.jpeg\" class=\"attachment-thumbnail size-thumbnail\" alt=\"\" loading=\"lazy\" srcset=\"https:\/\/franciscanos.org.br\/noticias\/wp-content\/uploads\/2024\/06\/WhatsApp-Image-2024-06-10-at-12.56.50-1-300x300.jpeg 300w, https:\/\/franciscanos.org.br\/noticias\/wp-content\/uploads\/2024\/06\/WhatsApp-Image-2024-06-10-at-12.56.50-1-100x100.jpeg 100w\" sizes=\"(max-width: 300px) 100vw, 300px\" \/><\/a>\n\t\t\t<\/dt><\/dl><dl class='gallery-item'>\n\t\t\t<dt class='gallery-icon landscape'>\n\t\t\t\t<a href='https:\/\/franciscanos.org.br\/noticias\/wp-content\/uploads\/2024\/06\/WhatsApp-Image-2024-06-10-at-12.56.49.jpeg'><img width=\"300\" height=\"300\" src=\"https:\/\/franciscanos.org.br\/noticias\/wp-content\/uploads\/2024\/06\/WhatsApp-Image-2024-06-10-at-12.56.49-300x300.jpeg\" class=\"attachment-thumbnail size-thumbnail\" alt=\"\" loading=\"lazy\" srcset=\"https:\/\/franciscanos.org.br\/noticias\/wp-content\/uploads\/2024\/06\/WhatsApp-Image-2024-06-10-at-12.56.49-300x300.jpeg 300w, https:\/\/franciscanos.org.br\/noticias\/wp-content\/uploads\/2024\/06\/WhatsApp-Image-2024-06-10-at-12.56.49-100x100.jpeg 100w\" sizes=\"(max-width: 300px) 100vw, 300px\" \/><\/a>\n\t\t\t<\/dt><\/dl><dl class='gallery-item'>\n\t\t\t<dt class='gallery-icon landscape'>\n\t\t\t\t<a href='https:\/\/franciscanos.org.br\/noticias\/wp-content\/uploads\/2024\/06\/WhatsApp-Image-2024-06-10-at-12.56.49-3.jpeg'><img width=\"300\" height=\"300\" src=\"https:\/\/franciscanos.org.br\/noticias\/wp-content\/uploads\/2024\/06\/WhatsApp-Image-2024-06-10-at-12.56.49-3-300x300.jpeg\" class=\"attachment-thumbnail size-thumbnail\" alt=\"\" loading=\"lazy\" srcset=\"https:\/\/franciscanos.org.br\/noticias\/wp-content\/uploads\/2024\/06\/WhatsApp-Image-2024-06-10-at-12.56.49-3-300x300.jpeg 300w, https:\/\/franciscanos.org.br\/noticias\/wp-content\/uploads\/2024\/06\/WhatsApp-Image-2024-06-10-at-12.56.49-3-100x100.jpeg 100w\" sizes=\"(max-width: 300px) 100vw, 300px\" \/><\/a>\n\t\t\t<\/dt><\/dl><br style=\"clear: both\" \/><dl class='gallery-item'>\n\t\t\t<dt class='gallery-icon portrait'>\n\t\t\t\t<a href='https:\/\/franciscanos.org.br\/noticias\/wp-content\/uploads\/2024\/06\/WhatsApp-Image-2024-06-10-at-12.56.49-2.jpeg'><img width=\"300\" height=\"300\" src=\"https:\/\/franciscanos.org.br\/noticias\/wp-content\/uploads\/2024\/06\/WhatsApp-Image-2024-06-10-at-12.56.49-2-300x300.jpeg\" class=\"attachment-thumbnail size-thumbnail\" alt=\"\" loading=\"lazy\" srcset=\"https:\/\/franciscanos.org.br\/noticias\/wp-content\/uploads\/2024\/06\/WhatsApp-Image-2024-06-10-at-12.56.49-2-300x300.jpeg 300w, https:\/\/franciscanos.org.br\/noticias\/wp-content\/uploads\/2024\/06\/WhatsApp-Image-2024-06-10-at-12.56.49-2-100x100.jpeg 100w\" sizes=\"(max-width: 300px) 100vw, 300px\" \/><\/a>\n\t\t\t<\/dt><\/dl><dl class='gallery-item'>\n\t\t\t<dt class='gallery-icon portrait'>\n\t\t\t\t<a href='https:\/\/franciscanos.org.br\/noticias\/wp-content\/uploads\/2024\/06\/WhatsApp-Image-2024-06-10-at-12.56.48.jpeg'><img width=\"300\" height=\"300\" src=\"https:\/\/franciscanos.org.br\/noticias\/wp-content\/uploads\/2024\/06\/WhatsApp-Image-2024-06-10-at-12.56.48-300x300.jpeg\" class=\"attachment-thumbnail size-thumbnail\" alt=\"\" loading=\"lazy\" srcset=\"https:\/\/franciscanos.org.br\/noticias\/wp-content\/uploads\/2024\/06\/WhatsApp-Image-2024-06-10-at-12.56.48-300x300.jpeg 300w, https:\/\/franciscanos.org.br\/noticias\/wp-content\/uploads\/2024\/06\/WhatsApp-Image-2024-06-10-at-12.56.48-100x100.jpeg 100w\" sizes=\"(max-width: 300px) 100vw, 300px\" \/><\/a>\n\t\t\t<\/dt><\/dl><dl class='gallery-item'>\n\t\t\t<dt class='gallery-icon portrait'>\n\t\t\t\t<a href='https:\/\/franciscanos.org.br\/noticias\/wp-content\/uploads\/2024\/06\/WhatsApp-Image-2024-06-10-at-12.56.48-3.jpeg'><img width=\"300\" height=\"300\" src=\"https:\/\/franciscanos.org.br\/noticias\/wp-content\/uploads\/2024\/06\/WhatsApp-Image-2024-06-10-at-12.56.48-3-300x300.jpeg\" class=\"attachment-thumbnail size-thumbnail\" alt=\"\" loading=\"lazy\" srcset=\"https:\/\/franciscanos.org.br\/noticias\/wp-content\/uploads\/2024\/06\/WhatsApp-Image-2024-06-10-at-12.56.48-3-300x300.jpeg 300w, https:\/\/franciscanos.org.br\/noticias\/wp-content\/uploads\/2024\/06\/WhatsApp-Image-2024-06-10-at-12.56.48-3-100x100.jpeg 100w\" sizes=\"(max-width: 300px) 100vw, 300px\" \/><\/a>\n\t\t\t<\/dt><\/dl>\n\t\t\t<br style='clear: both' \/>\n\t\t<\/div>\n\n","protected":false},"excerpt":{"rendered":"<p>Festa da Santo Ant\u00f4nio 2024<\/p>\n","protected":false},"author":10,"featured_media":248362,"comment_status":"open","ping_status":"open","sticky":false,"template":"","format":"standard","meta":[],"categories":[1],"tags":[1459,2220,1369],"acf":[],"yoast_head":"<!-- This site is optimized with the Yoast SEO plugin v19.2 - https:\/\/yoast.com\/wordpress\/plugins\/seo\/ -->\n<title>Santo Ant\u00f4nio re\u00fane muitos amigos no Largo S\u00e3o Francisco - Not\u00edcias - Franciscanos<\/title>\n<meta name=\"robots\" content=\"index, follow, max-snippet:-1, max-image-preview:large, max-video-preview:-1\" \/>\n<link rel=\"canonical\" href=\"https:\/\/franciscanos.org.br\/noticias\/santo-antonio-reune-muitos-amigos-no-largo-sao-francisco.html\" \/>\n<meta property=\"og:locale\" content=\"pt_BR\" \/>\n<meta property=\"og:type\" content=\"article\" \/>\n<meta property=\"og:title\" content=\"Santo Ant\u00f4nio re\u00fane muitos amigos no Largo S\u00e3o Francisco - Not\u00edcias - Franciscanos\" \/>\n<meta property=\"og:description\" content=\"Festa da Santo Ant\u00f4nio 2024\" \/>\n<meta property=\"og:url\" content=\"https:\/\/franciscanos.org.br\/noticias\/santo-antonio-reune-muitos-amigos-no-largo-sao-francisco.html\" \/>\n<meta property=\"og:site_name\" content=\"Not\u00edcias - Franciscanos\" \/>\n<meta property=\"article:published_time\" content=\"2024-06-14T20:39:59+00:00\" \/>\n<meta property=\"article:modified_time\" content=\"2024-06-14T21:52:39+00:00\" \/>\n<meta property=\"og:image\" content=\"https:\/\/franciscanos.org.br\/noticias\/wp-content\/uploads\/2024\/06\/WhatsApp-Image-2024-06-13-at-09.39.56-1.jpeg\" \/>\n\t<meta property=\"og:image:width\" content=\"1200\" \/>\n\t<meta property=\"og:image:height\" content=\"1600\" \/>\n\t<meta property=\"og:image:type\" content=\"image\/jpeg\" \/>\n<meta name=\"author\" content=\"Jo\u00e3o Vitor\" \/>\n<meta name=\"twitter:card\" content=\"summary_large_image\" \/>\n<meta name=\"twitter:label1\" content=\"Escrito por\" \/>\n\t<meta name=\"twitter:data1\" content=\"Jo\u00e3o Vitor\" \/>\n\t<meta name=\"twitter:label2\" content=\"Est. tempo de leitura\" \/>\n\t<meta name=\"twitter:data2\" content=\"3 minutos\" \/>\n<script type=\"application\/ld+json\" class=\"yoast-schema-graph\">{\"@context\":\"https:\/\/schema.org\",\"@graph\":[{\"@type\":\"WebSite\",\"@id\":\"https:\/\/franciscanos.org.br\/noticias\/#website\",\"url\":\"https:\/\/franciscanos.org.br\/noticias\/\",\"name\":\"Not\u00edcias - Franciscanos\",\"description\":\"Prov\u00edncia Franciscana da Imaculada Concei\u00e7\u00e3o do Brasil - Ordem dos Frades Menores - OFM\",\"potentialAction\":[{\"@type\":\"SearchAction\",\"target\":{\"@type\":\"EntryPoint\",\"urlTemplate\":\"https:\/\/franciscanos.org.br\/noticias\/?s={search_term_string}\"},\"query-input\":\"required name=search_term_string\"}],\"inLanguage\":\"pt-BR\"},{\"@type\":\"ImageObject\",\"inLanguage\":\"pt-BR\",\"@id\":\"https:\/\/franciscanos.org.br\/noticias\/santo-antonio-reune-muitos-amigos-no-largo-sao-francisco.html#primaryimage\",\"url\":\"https:\/\/franciscanos.org.br\/noticias\/wp-content\/uploads\/2024\/06\/WhatsApp-Image-2024-06-13-at-09.39.56-1.jpeg\",\"contentUrl\":\"https:\/\/franciscanos.org.br\/noticias\/wp-content\/uploads\/2024\/06\/WhatsApp-Image-2024-06-13-at-09.39.56-1.jpeg\",\"width\":1200,\"height\":1600},{\"@type\":\"WebPage\",\"@id\":\"https:\/\/franciscanos.org.br\/noticias\/santo-antonio-reune-muitos-amigos-no-largo-sao-francisco.html#webpage\",\"url\":\"https:\/\/franciscanos.org.br\/noticias\/santo-antonio-reune-muitos-amigos-no-largo-sao-francisco.html\",\"name\":\"Santo Ant\u00f4nio re\u00fane muitos amigos no Largo S\u00e3o Francisco - Not\u00edcias - Franciscanos\",\"isPartOf\":{\"@id\":\"https:\/\/franciscanos.org.br\/noticias\/#website\"},\"primaryImageOfPage\":{\"@id\":\"https:\/\/franciscanos.org.br\/noticias\/santo-antonio-reune-muitos-amigos-no-largo-sao-francisco.html#primaryimage\"},\"datePublished\":\"2024-06-14T20:39:59+00:00\",\"dateModified\":\"2024-06-14T21:52:39+00:00\",\"author\":{\"@id\":\"https:\/\/franciscanos.org.br\/noticias\/#\/schema\/person\/8c11f06a466b856a11dd48d20600055f\"},\"breadcrumb\":{\"@id\":\"https:\/\/franciscanos.org.br\/noticias\/santo-antonio-reune-muitos-amigos-no-largo-sao-francisco.html#breadcrumb\"},\"inLanguage\":\"pt-BR\",\"potentialAction\":[{\"@type\":\"ReadAction\",\"target\":[\"https:\/\/franciscanos.org.br\/noticias\/santo-antonio-reune-muitos-amigos-no-largo-sao-francisco.html\"]}]},{\"@type\":\"BreadcrumbList\",\"@id\":\"https:\/\/franciscanos.org.br\/noticias\/santo-antonio-reune-muitos-amigos-no-largo-sao-francisco.html#breadcrumb\",\"itemListElement\":[{\"@type\":\"ListItem\",\"position\":1,\"name\":\"Home\",\"item\":\"https:\/\/franciscanos.org.br\/noticias\"},{\"@type\":\"ListItem\",\"position\":2,\"name\":\"Santo Ant\u00f4nio re\u00fane muitos amigos no Largo S\u00e3o Francisco\"}]},{\"@type\":\"Person\",\"@id\":\"https:\/\/franciscanos.org.br\/noticias\/#\/schema\/person\/8c11f06a466b856a11dd48d20600055f\",\"name\":\"Jo\u00e3o Vitor\",\"image\":{\"@type\":\"ImageObject\",\"inLanguage\":\"pt-BR\",\"@id\":\"https:\/\/franciscanos.org.br\/noticias\/#\/schema\/person\/image\/\",\"url\":\"https:\/\/secure.gravatar.com\/avatar\/10ba5c9713e0c323617b4309a19e3a46?s=96&d=mm&r=g\",\"contentUrl\":\"https:\/\/secure.gravatar.com\/avatar\/10ba5c9713e0c323617b4309a19e3a46?s=96&d=mm&r=g\",\"caption\":\"Jo\u00e3o Vitor\"},\"url\":\"https:\/\/franciscanos.org.br\/noticias\/author\/joaovitor\"}]}<\/script>\n<!-- \/ Yoast SEO plugin. -->","yoast_head_json":{"title":"Santo Ant\u00f4nio re\u00fane muitos amigos no Largo S\u00e3o Francisco - Not\u00edcias - Franciscanos","robots":{"index":"index","follow":"follow","max-snippet":"max-snippet:-1","max-image-preview":"max-image-preview:large","max-video-preview":"max-video-preview:-1"},"canonical":"https:\/\/franciscanos.org.br\/noticias\/santo-antonio-reune-muitos-amigos-no-largo-sao-francisco.html","og_locale":"pt_BR","og_type":"article","og_title":"Santo Ant\u00f4nio re\u00fane muitos amigos no Largo S\u00e3o Francisco - Not\u00edcias - Franciscanos","og_description":"Festa da Santo Ant\u00f4nio 2024","og_url":"https:\/\/franciscanos.org.br\/noticias\/santo-antonio-reune-muitos-amigos-no-largo-sao-francisco.html","og_site_name":"Not\u00edcias - Franciscanos","article_published_time":"2024-06-14T20:39:59+00:00","article_modified_time":"2024-06-14T21:52:39+00:00","og_image":[{"width":1200,"height":1600,"url":"https:\/\/franciscanos.org.br\/noticias\/wp-content\/uploads\/2024\/06\/WhatsApp-Image-2024-06-13-at-09.39.56-1.jpeg","type":"image\/jpeg"}],"author":"Jo\u00e3o Vitor","twitter_card":"summary_large_image","twitter_misc":{"Escrito por":"Jo\u00e3o Vitor","Est. tempo de leitura":"3 minutos"},"schema":{"@context":"https:\/\/schema.org","@graph":[{"@type":"WebSite","@id":"https:\/\/franciscanos.org.br\/noticias\/#website","url":"https:\/\/franciscanos.org.br\/noticias\/","name":"Not\u00edcias - Franciscanos","description":"Prov\u00edncia Franciscana da Imaculada Concei\u00e7\u00e3o do Brasil - Ordem dos Frades Menores - OFM","potentialAction":[{"@type":"SearchAction","target":{"@type":"EntryPoint","urlTemplate":"https:\/\/franciscanos.org.br\/noticias\/?s={search_term_string}"},"query-input":"required name=search_term_string"}],"inLanguage":"pt-BR"},{"@type":"ImageObject","inLanguage":"pt-BR","@id":"https:\/\/franciscanos.org.br\/noticias\/santo-antonio-reune-muitos-amigos-no-largo-sao-francisco.html#primaryimage","url":"https:\/\/franciscanos.org.br\/noticias\/wp-content\/uploads\/2024\/06\/WhatsApp-Image-2024-06-13-at-09.39.56-1.jpeg","contentUrl":"https:\/\/franciscanos.org.br\/noticias\/wp-content\/uploads\/2024\/06\/WhatsApp-Image-2024-06-13-at-09.39.56-1.jpeg","width":1200,"height":1600},{"@type":"WebPage","@id":"https:\/\/franciscanos.org.br\/noticias\/santo-antonio-reune-muitos-amigos-no-largo-sao-francisco.html#webpage","url":"https:\/\/franciscanos.org.br\/noticias\/santo-antonio-reune-muitos-amigos-no-largo-sao-francisco.html","name":"Santo Ant\u00f4nio re\u00fane muitos amigos no Largo S\u00e3o Francisco - Not\u00edcias - Franciscanos","isPartOf":{"@id":"https:\/\/franciscanos.org.br\/noticias\/#website"},"primaryImageOfPage":{"@id":"https:\/\/franciscanos.org.br\/noticias\/santo-antonio-reune-muitos-amigos-no-largo-sao-francisco.html#primaryimage"},"datePublished":"2024-06-14T20:39:59+00:00","dateModified":"2024-06-14T21:52:39+00:00","author":{"@id":"https:\/\/franciscanos.org.br\/noticias\/#\/schema\/person\/8c11f06a466b856a11dd48d20600055f"},"breadcrumb":{"@id":"https:\/\/franciscanos.org.br\/noticias\/santo-antonio-reune-muitos-amigos-no-largo-sao-francisco.html#breadcrumb"},"inLanguage":"pt-BR","potentialAction":[{"@type":"ReadAction","target":["https:\/\/franciscanos.org.br\/noticias\/santo-antonio-reune-muitos-amigos-no-largo-sao-francisco.html"]}]},{"@type":"BreadcrumbList","@id":"https:\/\/franciscanos.org.br\/noticias\/santo-antonio-reune-muitos-amigos-no-largo-sao-francisco.html#breadcrumb","itemListElement":[{"@type":"ListItem","position":1,"name":"Home","item":"https:\/\/franciscanos.org.br\/noticias"},{"@type":"ListItem","position":2,"name":"Santo Ant\u00f4nio re\u00fane muitos amigos no Largo S\u00e3o Francisco"}]},{"@type":"Person","@id":"https:\/\/franciscanos.org.br\/noticias\/#\/schema\/person\/8c11f06a466b856a11dd48d20600055f","name":"Jo\u00e3o Vitor","image":{"@type":"ImageObject","inLanguage":"pt-BR","@id":"https:\/\/franciscanos.org.br\/noticias\/#\/schema\/person\/image\/","url":"https:\/\/secure.gravatar.com\/avatar\/10ba5c9713e0c323617b4309a19e3a46?s=96&d=mm&r=g","contentUrl":"https:\/\/secure.gravatar.com\/avatar\/10ba5c9713e0c323617b4309a19e3a46?s=96&d=mm&r=g","caption":"Jo\u00e3o Vitor"},"url":"https:\/\/franciscanos.org.br\/noticias\/author\/joaovitor"}]}},"_links":{"self":[{"href":"https:\/\/franciscanos.org.br\/noticias\/wp-json\/wp\/v2\/posts\/248361"}],"collection":[{"href":"https:\/\/franciscanos.org.br\/noticias\/wp-json\/wp\/v2\/posts"}],"about":[{"href":"https:\/\/franciscanos.org.br\/noticias\/wp-json\/wp\/v2\/types\/post"}],"author":[{"embeddable":true,"href":"https:\/\/franciscanos.org.br\/noticias\/wp-json\/wp\/v2\/users\/10"}],"replies":[{"embeddable":true,"href":"https:\/\/franciscanos.org.br\/noticias\/wp-json\/wp\/v2\/comments?post=248361"}],"version-history":[{"count":4,"href":"https:\/\/franciscanos.org.br\/noticias\/wp-json\/wp\/v2\/posts\/248361\/revisions"}],"predecessor-version":[{"id":248393,"href":"https:\/\/franciscanos.org.br\/noticias\/wp-json\/wp\/v2\/posts\/248361\/revisions\/248393"}],"wp:featuredmedia":[{"embeddable":true,"href":"https:\/\/franciscanos.org.br\/noticias\/wp-json\/wp\/v2\/media\/248362"}],"wp:attachment":[{"href":"https:\/\/franciscanos.org.br\/noticias\/wp-json\/wp\/v2\/media?parent=248361"}],"wp:term":[{"taxonomy":"category","embeddable":true,"href":"https:\/\/franciscanos.org.br\/noticias\/wp-json\/wp\/v2\/categories?post=248361"},{"taxonomy":"post_tag","embeddable":true,"href":"https:\/\/franciscanos.org.br\/noticias\/wp-json\/wp\/v2\/tags?post=248361"}],"curies":[{"name":"wp","href":"https:\/\/api.w.org\/{rel}","templated":true}]}}