{"id":248271,"date":"2024-06-12T16:03:03","date_gmt":"2024-06-12T19:03:03","guid":{"rendered":"https:\/\/franciscanos.org.br\/noticias\/?p=248271"},"modified":"2024-06-14T19:19:53","modified_gmt":"2024-06-14T22:19:53","slug":"convento-realiza-triduo-em-preparacao-para-a-festa-de-santo-antonio","status":"publish","type":"post","link":"https:\/\/franciscanos.org.br\/noticias\/convento-realiza-triduo-em-preparacao-para-a-festa-de-santo-antonio.html","title":{"rendered":"Convento realiza tr\u00edduo em prepara\u00e7\u00e3o para a Festa de Santo Ant\u00f4nio"},"content":{"rendered":"<p><img loading=\"lazy\" class=\"aligncenter wp-image-248273 size-full\" src=\"https:\/\/franciscanos.org.br\/noticias\/wp-content\/uploads\/2024\/06\/Triduo-de-Santo-Antonio-2024-5-scaled.jpg\" alt=\"\" width=\"1920\" height=\"1280\" srcset=\"https:\/\/franciscanos.org.br\/noticias\/wp-content\/uploads\/2024\/06\/Triduo-de-Santo-Antonio-2024-5-scaled.jpg 1620w, https:\/\/franciscanos.org.br\/noticias\/wp-content\/uploads\/2024\/06\/Triduo-de-Santo-Antonio-2024-5-450x300.jpg 450w, https:\/\/franciscanos.org.br\/noticias\/wp-content\/uploads\/2024\/06\/Triduo-de-Santo-Antonio-2024-5-1024x683.jpg 1024w, https:\/\/franciscanos.org.br\/noticias\/wp-content\/uploads\/2024\/06\/Triduo-de-Santo-Antonio-2024-5-768x512.jpg 768w, https:\/\/franciscanos.org.br\/noticias\/wp-content\/uploads\/2024\/06\/Triduo-de-Santo-Antonio-2024-5-1536x1024.jpg 1536w, https:\/\/franciscanos.org.br\/noticias\/wp-content\/uploads\/2024\/06\/Triduo-de-Santo-Antonio-2024-5-2048x1365.jpg 2048w, https:\/\/franciscanos.org.br\/noticias\/wp-content\/uploads\/2024\/06\/Triduo-de-Santo-Antonio-2024-5-150x100.jpg 150w\" sizes=\"(max-width: 1920px) 100vw, 1920px\" \/><\/p>\n<p>A Fraternidade Franciscana Nossa Senhora da Penha, que atende o Convento da Penha em Vila Velha (ES), realiza, desde a \u00faltima segunda-feira (10), um tr\u00edduo em prepara\u00e7\u00e3o para a Festa de Santo Ant\u00f4nio de P\u00e1dua, um dos santos mais populares e queridos do mundo, o \u201cSanto do mundo inteiro\u201d. Santo Ant\u00f4nio \u00e9 tamb\u00e9m o padroeiro dos pobres, padeiros, pedreiros, mulheres est\u00e9reis e dos casais. Santo Ant\u00f4nio \u00e9 Doutor da Igreja e Gl\u00f3ria da Ordem dos Menores.<\/p>\n<p>O tr\u00edduo \u00e9 celebrado \u00e0s 14h30, em seguida, a Santa Missa e a condu\u00e7\u00e3o do momento orante \u00e9 com o Frei Robson de Castro Guimar\u00e3es, que \u00e9 devoto de Santo Ant\u00f4nio e residiu no Convento Santo Ant\u00f4nio, na cidade do Rio de Janeiro (RJ) e desde muito jovem, antes mesmo de ser frade, j\u00e1 tinha grande admira\u00e7\u00e3o pelo santo. Frei Robson preparou o tr\u00edduo e selecionou alguns textos tanto do Evangelho quanto da vida de Santo Ant\u00f4nio, para refletir junto com os fi\u00e9is que acompanham no Convento ou nas redes sociais.<\/p>\n<p>Nesta quarta-feira (12\/06), acontece no Campinho do Convento a tradicional Missa da Sa\u00fade. Antes, \u00e0s 14h30, Frei Robson vai conduzir o \u00faltimo dia do tr\u00edduo. Inicialmente, Frei Robson apresenta um ensinamento da vida de Santo Ant\u00f4nio, logo depois, faz a proclama\u00e7\u00e3o do Evangelho e uma reflex\u00e3o, contextualizando a vida, o exemplo e a santidade de Santo Ant\u00f4nio, na miss\u00e3o e voca\u00e7\u00e3o dos fi\u00e9is. Em seguida, os devotos s\u00e3o levados a rezar o Respons\u00f3rio e a Ladainha de Santo Ant\u00f4nio, por fim, a ora\u00e7\u00e3o final com b\u00ean\u00e7\u00e3o.<\/p>\n<p>Santo Ant\u00f4nio cultivou devo\u00e7\u00e3o especial a Nossa Senhora. Uma das mais belas declara\u00e7\u00f5es a respeito de Maria, pode-se encontrar em seus serm\u00f5es. Ele gostava de aplicar para a M\u00e3e de Jesus hist\u00f3rias da B\u00edblia ou cenas da natureza. Em um de seus serm\u00f5es encontramos: &#8220;Maria Sant\u00edssima \u00e9 como a estrela da manh\u00e3 que surge por entre as sombras da noite, anunciando o sol que vem\u2026 Maria \u00e9 como o arco-\u00edris, sinal da alian\u00e7a entre Deus e a humanidade\u2026. \u00c9 como um l\u00edrio que cresce \u00e0 beira das \u00e1guas\u2026. Como incenso desprendendo suave perfume, perfumando o ambiente\u2026&#8221;<\/p>\n<p>Na pr\u00f3xima quinta-feira (13\/06) dia de Santo Ant\u00f4nio, as Missas Festivas no Convento da Penha ser\u00e3o realizadas \u00e0s 7h, 9h, 11h e 15h. Ao longo de todo o dia, a Capela do Convento permanecer\u00e1 aberta e no ret\u00e1bulo principal do Altar-mor (\u00e0 direita do visitante) h\u00e1 uma imagem de Santo Ant\u00f4nio do s\u00e9culo XVIII. Diante dela, os fi\u00e9is poder\u00e3o fazer suas ora\u00e7\u00f5es e louvar a Deus pelas maravilhas alcan\u00e7adas por interm\u00e9dio de Santo Ant\u00f4nio.<\/p>\n<p><iframe loading=\"lazy\" title=\"YouTube video player\" src=\"https:\/\/www.youtube.com\/embed\/dsvarLr0uEE?si=uiwv8D98foxAiw77\" width=\"560\" height=\"315\" frameborder=\"0\" allowfullscreen=\"allowfullscreen\"><\/iframe><\/p>\n<section class=\"elementor-section elementor-inner-section elementor-element elementor-element-f8deb7c elementor-section-boxed elementor-section-height-default elementor-section-height-default\" data-id=\"f8deb7c\" data-element_type=\"section\">\n<div class=\"elementor-container elementor-column-gap-no\">\n<div class=\"elementor-row\">\n<div class=\"elementor-column elementor-col-100 elementor-inner-column elementor-element elementor-element-2f712a1\" data-id=\"2f712a1\" data-element_type=\"column\">\n<div class=\"elementor-column-wrap elementor-element-populated\">\n<div class=\"elementor-widget-wrap\">\n<div class=\"elementor-element elementor-element-16e558a elementor-widget elementor-widget-theme-post-content\" data-id=\"16e558a\" data-element_type=\"widget\" data-widget_type=\"theme-post-content.default\">\n<div class=\"elementor-widget-container\">\n<p>Santo Ant\u00f4nio nasceu em Portugal em 1195 em uma fam\u00edlia nobre. Desde crian\u00e7a, consagrou-se \u00e0 Sant\u00edssima Virgem. Em sua juventude, foi atacado por paix\u00f5es sensuais, mas com a ajuda de Deus as dominou, encontrando sua for\u00e7a nas visitas ao Sant\u00edssimo Sacramento. \u00a0Ingressou muito jovem na Ordem dos C\u00f4negos Regulares de Santo Agostinho (Ordem dos Agostinianos). Fez seus estudos filos\u00f3ficos e teol\u00f3gicos em Coimbra e foi l\u00e1 tamb\u00e9m que se ordenou sacerdote. Nesse tempo, ainda estava vivo S\u00e3o Francisco de Assis e os primeiros frades franciscanos chegavam a Portugal. Empolgado com o estilo de vida e de trabalho dos franciscanos, resolveu tamb\u00e9m ir pregar no Marrocos. Entrou na Ordem, vestiu o h\u00e1bito e tomou o nome de Ant\u00f4nio. Foi admitido na Ordem no in\u00edcio de 1221, participando em Assis do Cap\u00edtulo de Pentecostes desse ano e, mais tarde, foi enviado para pregar em v\u00e1rias cidades, obtendo um grande \u00eaxito na convers\u00e3o dos hereges.<\/p>\n<p>Com apenas vinte e seis anos de idade, foi eleito Ministro de uma prov\u00edncia do norte da It\u00e1lia, mas n\u00e3o ficou nesta fun\u00e7\u00e3o por muito tempo. Seu desejo era pregar e rumou pelos caminhos da It\u00e1lia setentrional, praticando a caridade, catequizando o povo simples, dando assist\u00eancia espiritual aos enfermos e exclu\u00eddos e at\u00e9 mesmo organizando socialmente essas comunidades. Pregava contra as novas formas de corrup\u00e7\u00e3o nascidas do luxo e da avareza dos ricos e poderosos das cidades, onde se disseminaram filosofias her\u00e9ticas.<\/p>\n<p>Como as pessoas procuravam estar perto dele e alguns arrancavam peda\u00e7os de seu h\u00e1bito, foi designado um grupo de homens para proteg\u00ea-lo ap\u00f3s os serm\u00f5es. \u00c0s vezes, pregava em pra\u00e7as e mercados. Bastava sua presen\u00e7a para que os pecadores ca\u00edssem de joelhos a seus p\u00e9s.<\/p>\n<p>Mudou-se para P\u00e1dua, onde havia trabalhado anteriormente. Denunciou e combateu o v\u00edcio da usura, mas gradualmente a sa\u00fade de Santo Ant\u00f4nio foi se deteriorando e se retirou para descansar. Sentindo que sua vida estava chegando ao fim, pediu para voltar para P\u00e1dua, mas s\u00f3 chegou aos limites da cidade, falecendo na viagem. Era dia 13 de junho de 1231 e Santo Ant\u00f4nio tinha apenas 36 anos de idade.<\/p>\n<p>Ele \u00e9 venerado popularmente por ajudar a arranjar casamentos. No Brasil, ele \u00e9 homenageado numa das festas mais alegres e populares, as festas juninas e tamb\u00e9m no dia dos namorados. Ant\u00f4nio \u00e9 tamb\u00e9m conhecido pelos seus incont\u00e1veis milagres.<\/p>\n<\/div>\n<\/div>\n<\/div>\n<\/div>\n<\/div>\n<\/div>\n<\/div>\n<\/section>\n","protected":false},"excerpt":{"rendered":"<p>Festa de Santo Ant\u00f4nio 2024 &#8211; Convento da Penha<\/p>\n","protected":false},"author":10,"featured_media":248273,"comment_status":"open","ping_status":"open","sticky":false,"template":"","format":"standard","meta":[],"categories":[1],"tags":[248,1459,2220],"acf":[],"yoast_head":"<!-- This site is optimized with the Yoast SEO plugin v19.2 - https:\/\/yoast.com\/wordpress\/plugins\/seo\/ -->\n<title>Convento realiza tr\u00edduo em prepara\u00e7\u00e3o para a Festa de Santo Ant\u00f4nio - Not\u00edcias - Franciscanos<\/title>\n<meta name=\"robots\" content=\"index, follow, max-snippet:-1, max-image-preview:large, max-video-preview:-1\" \/>\n<link rel=\"canonical\" href=\"https:\/\/franciscanos.org.br\/noticias\/convento-realiza-triduo-em-preparacao-para-a-festa-de-santo-antonio.html\" \/>\n<meta property=\"og:locale\" content=\"pt_BR\" \/>\n<meta property=\"og:type\" content=\"article\" \/>\n<meta property=\"og:title\" content=\"Convento realiza tr\u00edduo em prepara\u00e7\u00e3o para a Festa de Santo Ant\u00f4nio - Not\u00edcias - Franciscanos\" \/>\n<meta property=\"og:description\" content=\"Festa de Santo Ant\u00f4nio 2024 - Convento da Penha\" \/>\n<meta property=\"og:url\" content=\"https:\/\/franciscanos.org.br\/noticias\/convento-realiza-triduo-em-preparacao-para-a-festa-de-santo-antonio.html\" \/>\n<meta property=\"og:site_name\" content=\"Not\u00edcias - Franciscanos\" \/>\n<meta property=\"article:published_time\" content=\"2024-06-12T19:03:03+00:00\" \/>\n<meta property=\"article:modified_time\" content=\"2024-06-14T22:19:53+00:00\" \/>\n<meta property=\"og:image\" content=\"https:\/\/franciscanos.org.br\/noticias\/wp-content\/uploads\/2024\/06\/Triduo-de-Santo-Antonio-2024-5-scaled.jpg\" \/>\n\t<meta property=\"og:image:width\" content=\"1620\" \/>\n\t<meta property=\"og:image:height\" content=\"1080\" \/>\n\t<meta property=\"og:image:type\" content=\"image\/jpeg\" \/>\n<meta name=\"author\" content=\"Jo\u00e3o Vitor\" \/>\n<meta name=\"twitter:card\" content=\"summary_large_image\" \/>\n<meta name=\"twitter:label1\" content=\"Escrito por\" \/>\n\t<meta name=\"twitter:data1\" content=\"Jo\u00e3o Vitor\" \/>\n\t<meta name=\"twitter:label2\" content=\"Est. tempo de leitura\" \/>\n\t<meta name=\"twitter:data2\" content=\"4 minutos\" \/>\n<script type=\"application\/ld+json\" class=\"yoast-schema-graph\">{\"@context\":\"https:\/\/schema.org\",\"@graph\":[{\"@type\":\"WebSite\",\"@id\":\"https:\/\/franciscanos.org.br\/noticias\/#website\",\"url\":\"https:\/\/franciscanos.org.br\/noticias\/\",\"name\":\"Not\u00edcias - Franciscanos\",\"description\":\"Prov\u00edncia Franciscana da Imaculada Concei\u00e7\u00e3o do Brasil - Ordem dos Frades Menores - OFM\",\"potentialAction\":[{\"@type\":\"SearchAction\",\"target\":{\"@type\":\"EntryPoint\",\"urlTemplate\":\"https:\/\/franciscanos.org.br\/noticias\/?s={search_term_string}\"},\"query-input\":\"required name=search_term_string\"}],\"inLanguage\":\"pt-BR\"},{\"@type\":\"ImageObject\",\"inLanguage\":\"pt-BR\",\"@id\":\"https:\/\/franciscanos.org.br\/noticias\/convento-realiza-triduo-em-preparacao-para-a-festa-de-santo-antonio.html#primaryimage\",\"url\":\"https:\/\/franciscanos.org.br\/noticias\/wp-content\/uploads\/2024\/06\/Triduo-de-Santo-Antonio-2024-5-scaled.jpg\",\"contentUrl\":\"https:\/\/franciscanos.org.br\/noticias\/wp-content\/uploads\/2024\/06\/Triduo-de-Santo-Antonio-2024-5-scaled.jpg\",\"width\":1620,\"height\":1080},{\"@type\":\"WebPage\",\"@id\":\"https:\/\/franciscanos.org.br\/noticias\/convento-realiza-triduo-em-preparacao-para-a-festa-de-santo-antonio.html#webpage\",\"url\":\"https:\/\/franciscanos.org.br\/noticias\/convento-realiza-triduo-em-preparacao-para-a-festa-de-santo-antonio.html\",\"name\":\"Convento realiza tr\u00edduo em prepara\u00e7\u00e3o para a Festa de Santo Ant\u00f4nio - Not\u00edcias - Franciscanos\",\"isPartOf\":{\"@id\":\"https:\/\/franciscanos.org.br\/noticias\/#website\"},\"primaryImageOfPage\":{\"@id\":\"https:\/\/franciscanos.org.br\/noticias\/convento-realiza-triduo-em-preparacao-para-a-festa-de-santo-antonio.html#primaryimage\"},\"datePublished\":\"2024-06-12T19:03:03+00:00\",\"dateModified\":\"2024-06-14T22:19:53+00:00\",\"author\":{\"@id\":\"https:\/\/franciscanos.org.br\/noticias\/#\/schema\/person\/8c11f06a466b856a11dd48d20600055f\"},\"breadcrumb\":{\"@id\":\"https:\/\/franciscanos.org.br\/noticias\/convento-realiza-triduo-em-preparacao-para-a-festa-de-santo-antonio.html#breadcrumb\"},\"inLanguage\":\"pt-BR\",\"potentialAction\":[{\"@type\":\"ReadAction\",\"target\":[\"https:\/\/franciscanos.org.br\/noticias\/convento-realiza-triduo-em-preparacao-para-a-festa-de-santo-antonio.html\"]}]},{\"@type\":\"BreadcrumbList\",\"@id\":\"https:\/\/franciscanos.org.br\/noticias\/convento-realiza-triduo-em-preparacao-para-a-festa-de-santo-antonio.html#breadcrumb\",\"itemListElement\":[{\"@type\":\"ListItem\",\"position\":1,\"name\":\"Home\",\"item\":\"https:\/\/franciscanos.org.br\/noticias\"},{\"@type\":\"ListItem\",\"position\":2,\"name\":\"Convento realiza tr\u00edduo em prepara\u00e7\u00e3o para a Festa de Santo Ant\u00f4nio\"}]},{\"@type\":\"Person\",\"@id\":\"https:\/\/franciscanos.org.br\/noticias\/#\/schema\/person\/8c11f06a466b856a11dd48d20600055f\",\"name\":\"Jo\u00e3o Vitor\",\"image\":{\"@type\":\"ImageObject\",\"inLanguage\":\"pt-BR\",\"@id\":\"https:\/\/franciscanos.org.br\/noticias\/#\/schema\/person\/image\/\",\"url\":\"https:\/\/secure.gravatar.com\/avatar\/10ba5c9713e0c323617b4309a19e3a46?s=96&d=mm&r=g\",\"contentUrl\":\"https:\/\/secure.gravatar.com\/avatar\/10ba5c9713e0c323617b4309a19e3a46?s=96&d=mm&r=g\",\"caption\":\"Jo\u00e3o Vitor\"},\"url\":\"https:\/\/franciscanos.org.br\/noticias\/author\/joaovitor\"}]}<\/script>\n<!-- \/ Yoast SEO plugin. -->","yoast_head_json":{"title":"Convento realiza tr\u00edduo em prepara\u00e7\u00e3o para a Festa de Santo Ant\u00f4nio - Not\u00edcias - Franciscanos","robots":{"index":"index","follow":"follow","max-snippet":"max-snippet:-1","max-image-preview":"max-image-preview:large","max-video-preview":"max-video-preview:-1"},"canonical":"https:\/\/franciscanos.org.br\/noticias\/convento-realiza-triduo-em-preparacao-para-a-festa-de-santo-antonio.html","og_locale":"pt_BR","og_type":"article","og_title":"Convento realiza tr\u00edduo em prepara\u00e7\u00e3o para a Festa de Santo Ant\u00f4nio - Not\u00edcias - Franciscanos","og_description":"Festa de Santo Ant\u00f4nio 2024 - Convento da Penha","og_url":"https:\/\/franciscanos.org.br\/noticias\/convento-realiza-triduo-em-preparacao-para-a-festa-de-santo-antonio.html","og_site_name":"Not\u00edcias - Franciscanos","article_published_time":"2024-06-12T19:03:03+00:00","article_modified_time":"2024-06-14T22:19:53+00:00","og_image":[{"width":1620,"height":1080,"url":"https:\/\/franciscanos.org.br\/noticias\/wp-content\/uploads\/2024\/06\/Triduo-de-Santo-Antonio-2024-5-scaled.jpg","type":"image\/jpeg"}],"author":"Jo\u00e3o Vitor","twitter_card":"summary_large_image","twitter_misc":{"Escrito por":"Jo\u00e3o Vitor","Est. tempo de leitura":"4 minutos"},"schema":{"@context":"https:\/\/schema.org","@graph":[{"@type":"WebSite","@id":"https:\/\/franciscanos.org.br\/noticias\/#website","url":"https:\/\/franciscanos.org.br\/noticias\/","name":"Not\u00edcias - Franciscanos","description":"Prov\u00edncia Franciscana da Imaculada Concei\u00e7\u00e3o do Brasil - Ordem dos Frades Menores - OFM","potentialAction":[{"@type":"SearchAction","target":{"@type":"EntryPoint","urlTemplate":"https:\/\/franciscanos.org.br\/noticias\/?s={search_term_string}"},"query-input":"required name=search_term_string"}],"inLanguage":"pt-BR"},{"@type":"ImageObject","inLanguage":"pt-BR","@id":"https:\/\/franciscanos.org.br\/noticias\/convento-realiza-triduo-em-preparacao-para-a-festa-de-santo-antonio.html#primaryimage","url":"https:\/\/franciscanos.org.br\/noticias\/wp-content\/uploads\/2024\/06\/Triduo-de-Santo-Antonio-2024-5-scaled.jpg","contentUrl":"https:\/\/franciscanos.org.br\/noticias\/wp-content\/uploads\/2024\/06\/Triduo-de-Santo-Antonio-2024-5-scaled.jpg","width":1620,"height":1080},{"@type":"WebPage","@id":"https:\/\/franciscanos.org.br\/noticias\/convento-realiza-triduo-em-preparacao-para-a-festa-de-santo-antonio.html#webpage","url":"https:\/\/franciscanos.org.br\/noticias\/convento-realiza-triduo-em-preparacao-para-a-festa-de-santo-antonio.html","name":"Convento realiza tr\u00edduo em prepara\u00e7\u00e3o para a Festa de Santo Ant\u00f4nio - Not\u00edcias - Franciscanos","isPartOf":{"@id":"https:\/\/franciscanos.org.br\/noticias\/#website"},"primaryImageOfPage":{"@id":"https:\/\/franciscanos.org.br\/noticias\/convento-realiza-triduo-em-preparacao-para-a-festa-de-santo-antonio.html#primaryimage"},"datePublished":"2024-06-12T19:03:03+00:00","dateModified":"2024-06-14T22:19:53+00:00","author":{"@id":"https:\/\/franciscanos.org.br\/noticias\/#\/schema\/person\/8c11f06a466b856a11dd48d20600055f"},"breadcrumb":{"@id":"https:\/\/franciscanos.org.br\/noticias\/convento-realiza-triduo-em-preparacao-para-a-festa-de-santo-antonio.html#breadcrumb"},"inLanguage":"pt-BR","potentialAction":[{"@type":"ReadAction","target":["https:\/\/franciscanos.org.br\/noticias\/convento-realiza-triduo-em-preparacao-para-a-festa-de-santo-antonio.html"]}]},{"@type":"BreadcrumbList","@id":"https:\/\/franciscanos.org.br\/noticias\/convento-realiza-triduo-em-preparacao-para-a-festa-de-santo-antonio.html#breadcrumb","itemListElement":[{"@type":"ListItem","position":1,"name":"Home","item":"https:\/\/franciscanos.org.br\/noticias"},{"@type":"ListItem","position":2,"name":"Convento realiza tr\u00edduo em prepara\u00e7\u00e3o para a Festa de Santo Ant\u00f4nio"}]},{"@type":"Person","@id":"https:\/\/franciscanos.org.br\/noticias\/#\/schema\/person\/8c11f06a466b856a11dd48d20600055f","name":"Jo\u00e3o Vitor","image":{"@type":"ImageObject","inLanguage":"pt-BR","@id":"https:\/\/franciscanos.org.br\/noticias\/#\/schema\/person\/image\/","url":"https:\/\/secure.gravatar.com\/avatar\/10ba5c9713e0c323617b4309a19e3a46?s=96&d=mm&r=g","contentUrl":"https:\/\/secure.gravatar.com\/avatar\/10ba5c9713e0c323617b4309a19e3a46?s=96&d=mm&r=g","caption":"Jo\u00e3o Vitor"},"url":"https:\/\/franciscanos.org.br\/noticias\/author\/joaovitor"}]}},"_links":{"self":[{"href":"https:\/\/franciscanos.org.br\/noticias\/wp-json\/wp\/v2\/posts\/248271"}],"collection":[{"href":"https:\/\/franciscanos.org.br\/noticias\/wp-json\/wp\/v2\/posts"}],"about":[{"href":"https:\/\/franciscanos.org.br\/noticias\/wp-json\/wp\/v2\/types\/post"}],"author":[{"embeddable":true,"href":"https:\/\/franciscanos.org.br\/noticias\/wp-json\/wp\/v2\/users\/10"}],"replies":[{"embeddable":true,"href":"https:\/\/franciscanos.org.br\/noticias\/wp-json\/wp\/v2\/comments?post=248271"}],"version-history":[{"count":4,"href":"https:\/\/franciscanos.org.br\/noticias\/wp-json\/wp\/v2\/posts\/248271\/revisions"}],"predecessor-version":[{"id":248394,"href":"https:\/\/franciscanos.org.br\/noticias\/wp-json\/wp\/v2\/posts\/248271\/revisions\/248394"}],"wp:featuredmedia":[{"embeddable":true,"href":"https:\/\/franciscanos.org.br\/noticias\/wp-json\/wp\/v2\/media\/248273"}],"wp:attachment":[{"href":"https:\/\/franciscanos.org.br\/noticias\/wp-json\/wp\/v2\/media?parent=248271"}],"wp:term":[{"taxonomy":"category","embeddable":true,"href":"https:\/\/franciscanos.org.br\/noticias\/wp-json\/wp\/v2\/categories?post=248271"},{"taxonomy":"post_tag","embeddable":true,"href":"https:\/\/franciscanos.org.br\/noticias\/wp-json\/wp\/v2\/tags?post=248271"}],"curies":[{"name":"wp","href":"https:\/\/api.w.org\/{rel}","templated":true}]}}