{"id":248248,"date":"2024-06-12T14:06:20","date_gmt":"2024-06-12T17:06:20","guid":{"rendered":"https:\/\/franciscanos.org.br\/noticias\/?p=248248"},"modified":"2024-06-14T19:21:43","modified_gmt":"2024-06-14T22:21:43","slug":"fim-de-semana-itinerante-no-noviciado","status":"publish","type":"post","link":"https:\/\/franciscanos.org.br\/noticias\/fim-de-semana-itinerante-no-noviciado.html","title":{"rendered":"Fim de Semana itinerante no Noviciado"},"content":{"rendered":"<p><img loading=\"lazy\" class=\"aligncenter wp-image-248260 size-full\" src=\"https:\/\/franciscanos.org.br\/noticias\/wp-content\/uploads\/2024\/06\/novicos.jpg\" alt=\"\" width=\"1280\" height=\"963\" srcset=\"https:\/\/franciscanos.org.br\/noticias\/wp-content\/uploads\/2024\/06\/novicos.jpg 1280w, https:\/\/franciscanos.org.br\/noticias\/wp-content\/uploads\/2024\/06\/novicos-450x339.jpg 450w, https:\/\/franciscanos.org.br\/noticias\/wp-content\/uploads\/2024\/06\/novicos-1024x770.jpg 1024w, https:\/\/franciscanos.org.br\/noticias\/wp-content\/uploads\/2024\/06\/novicos-768x578.jpg 768w, https:\/\/franciscanos.org.br\/noticias\/wp-content\/uploads\/2024\/06\/novicos-150x113.jpg 150w, https:\/\/franciscanos.org.br\/noticias\/wp-content\/uploads\/2024\/06\/novicos-600x450.jpg 600w\" sizes=\"(max-width: 1280px) 100vw, 1280px\" \/><\/p>\n<p>No \u00faltimo final de semana (07 a 09\/06), o Noviciado S\u00e3o Jos\u00e9, ligado \u00e0 Fraternidade S\u00e3o Francisco de Assis, em Rodeio (SC), colocou o p\u00e9 na estrada. Como filhos de S\u00e3o Francisco, sa\u00edram para pregar na simplicidade do ser e do estar junto.<\/p>\n<p>Na sexta-feira (07\/06), Solenidade do Sagrado Cora\u00e7\u00e3o de Jesus, a parada foi em Florian\u00f3polis (SC), acolhidos fraternalmente no Convento Santo Ant\u00f4nio. Com a missa presidida por Dom Lu\u00eds Flavio Cappio, marcaram a presen\u00e7a na Trezena de Santo Ant\u00f4nio em seu oitavo dia. &#8220;Como nosso irm\u00e3o Santo Ant\u00f4nio, cora\u00e7\u00f5es apaixonados unidos no amor do Cora\u00e7\u00e3o de Jesus.&#8221;<\/p>\n<p>&nbsp;<\/p>\n\n\t\t<style type=\"text\/css\">\n\t\t\t#gallery-1 {\n\t\t\t\tmargin: auto;\n\t\t\t}\n\t\t\t#gallery-1 .gallery-item {\n\t\t\t\tfloat: left;\n\t\t\t\tmargin-top: 10px;\n\t\t\t\ttext-align: center;\n\t\t\t\twidth: 25%;\n\t\t\t}\n\t\t\t#gallery-1 img {\n\t\t\t\tborder: 2px solid #cfcfcf;\n\t\t\t}\n\t\t\t#gallery-1 .gallery-caption {\n\t\t\t\tmargin-left: 0;\n\t\t\t}\n\t\t\t\/* see gallery_shortcode() in wp-includes\/media.php *\/\n\t\t<\/style>\n\t\t<div id='gallery-1' class='gallery galleryid-248248 gallery-columns-4 gallery-size-thumbnail'><dl class='gallery-item'>\n\t\t\t<dt class='gallery-icon landscape'>\n\t\t\t\t<a href='https:\/\/franciscanos.org.br\/noticias\/wp-content\/uploads\/2024\/06\/WhatsApp-Image-2024-06-12-at-12.56.05.jpeg'><img width=\"300\" height=\"300\" src=\"https:\/\/franciscanos.org.br\/noticias\/wp-content\/uploads\/2024\/06\/WhatsApp-Image-2024-06-12-at-12.56.05-300x300.jpeg\" class=\"attachment-thumbnail size-thumbnail\" alt=\"\" loading=\"lazy\" srcset=\"https:\/\/franciscanos.org.br\/noticias\/wp-content\/uploads\/2024\/06\/WhatsApp-Image-2024-06-12-at-12.56.05-300x300.jpeg 300w, https:\/\/franciscanos.org.br\/noticias\/wp-content\/uploads\/2024\/06\/WhatsApp-Image-2024-06-12-at-12.56.05-100x100.jpeg 100w\" sizes=\"(max-width: 300px) 100vw, 300px\" \/><\/a>\n\t\t\t<\/dt><\/dl><dl class='gallery-item'>\n\t\t\t<dt class='gallery-icon landscape'>\n\t\t\t\t<a href='https:\/\/franciscanos.org.br\/noticias\/wp-content\/uploads\/2024\/06\/WhatsApp-Image-2024-06-12-at-12.56.07-1.jpeg'><img width=\"300\" height=\"300\" src=\"https:\/\/franciscanos.org.br\/noticias\/wp-content\/uploads\/2024\/06\/WhatsApp-Image-2024-06-12-at-12.56.07-1-300x300.jpeg\" class=\"attachment-thumbnail size-thumbnail\" alt=\"\" loading=\"lazy\" srcset=\"https:\/\/franciscanos.org.br\/noticias\/wp-content\/uploads\/2024\/06\/WhatsApp-Image-2024-06-12-at-12.56.07-1-300x300.jpeg 300w, https:\/\/franciscanos.org.br\/noticias\/wp-content\/uploads\/2024\/06\/WhatsApp-Image-2024-06-12-at-12.56.07-1-100x100.jpeg 100w\" sizes=\"(max-width: 300px) 100vw, 300px\" \/><\/a>\n\t\t\t<\/dt><\/dl><dl class='gallery-item'>\n\t\t\t<dt class='gallery-icon landscape'>\n\t\t\t\t<a href='https:\/\/franciscanos.org.br\/noticias\/wp-content\/uploads\/2024\/06\/WhatsApp-Image-2024-06-12-at-12.56.07-2.jpeg'><img width=\"300\" height=\"300\" src=\"https:\/\/franciscanos.org.br\/noticias\/wp-content\/uploads\/2024\/06\/WhatsApp-Image-2024-06-12-at-12.56.07-2-300x300.jpeg\" class=\"attachment-thumbnail size-thumbnail\" alt=\"\" loading=\"lazy\" srcset=\"https:\/\/franciscanos.org.br\/noticias\/wp-content\/uploads\/2024\/06\/WhatsApp-Image-2024-06-12-at-12.56.07-2-300x300.jpeg 300w, https:\/\/franciscanos.org.br\/noticias\/wp-content\/uploads\/2024\/06\/WhatsApp-Image-2024-06-12-at-12.56.07-2-100x100.jpeg 100w\" sizes=\"(max-width: 300px) 100vw, 300px\" \/><\/a>\n\t\t\t<\/dt><\/dl><dl class='gallery-item'>\n\t\t\t<dt class='gallery-icon landscape'>\n\t\t\t\t<a href='https:\/\/franciscanos.org.br\/noticias\/wp-content\/uploads\/2024\/06\/WhatsApp-Image-2024-06-12-at-12.56.07.jpeg'><img width=\"300\" height=\"300\" src=\"https:\/\/franciscanos.org.br\/noticias\/wp-content\/uploads\/2024\/06\/WhatsApp-Image-2024-06-12-at-12.56.07-300x300.jpeg\" class=\"attachment-thumbnail size-thumbnail\" alt=\"\" loading=\"lazy\" srcset=\"https:\/\/franciscanos.org.br\/noticias\/wp-content\/uploads\/2024\/06\/WhatsApp-Image-2024-06-12-at-12.56.07-300x300.jpeg 300w, https:\/\/franciscanos.org.br\/noticias\/wp-content\/uploads\/2024\/06\/WhatsApp-Image-2024-06-12-at-12.56.07-100x100.jpeg 100w\" sizes=\"(max-width: 300px) 100vw, 300px\" \/><\/a>\n\t\t\t<\/dt><\/dl><br style=\"clear: both\" \/>\n\t\t<\/div>\n\n<p>No domingo (09\/06), na companhia das Irm\u00e3s Catequistas e dos paroquianos de Rodeio, o encontro foi no Centro de Evangeliza\u00e7\u00e3o Angelino Rosa (CEAR), na 26\u00aa Romaria da Terra e das \u00c1guas. A n\u00edvel estadual, reuniram-se 10 dioceses para celebrar o Domingo do Senhor e p\u00f4r em pauta a situa\u00e7\u00e3o ambiental de um planeta que n\u00e3o s\u00f3 aquece, mas est\u00e1 a ferver como em febre de um mal causado pela explora\u00e7\u00e3o humana.<\/p>\n<p>Assessorados pelo Professor Telmo Vieira e um texto-base preparado para a ocasi\u00e3o, ficou o chamado imperativo por uma f\u00e9 crist\u00e3 ecol\u00f3gica. Uma f\u00e9 que n\u00e3o esteja fechada em si e reconhe\u00e7a os danos sociais e ambientais de seus pecados. Um crist\u00e3o que professe um Deus Pai Criador e n\u00e3o destrua a Cria\u00e7\u00e3o em seguida. \u00c9 necess\u00e1rio come\u00e7ar por n\u00f3s, nas atitudes di\u00e1rias, a relacionar-se com a natureza em esp\u00edrito de devo\u00e7\u00e3o. N\u00e3o fomos chamados a abusar da terra, mas para zelar.<\/p>\n\n\t\t<style type=\"text\/css\">\n\t\t\t#gallery-2 {\n\t\t\t\tmargin: auto;\n\t\t\t}\n\t\t\t#gallery-2 .gallery-item {\n\t\t\t\tfloat: left;\n\t\t\t\tmargin-top: 10px;\n\t\t\t\ttext-align: center;\n\t\t\t\twidth: 25%;\n\t\t\t}\n\t\t\t#gallery-2 img {\n\t\t\t\tborder: 2px solid #cfcfcf;\n\t\t\t}\n\t\t\t#gallery-2 .gallery-caption {\n\t\t\t\tmargin-left: 0;\n\t\t\t}\n\t\t\t\/* see gallery_shortcode() in wp-includes\/media.php *\/\n\t\t<\/style>\n\t\t<div id='gallery-2' class='gallery galleryid-248248 gallery-columns-4 gallery-size-thumbnail'><dl class='gallery-item'>\n\t\t\t<dt class='gallery-icon landscape'>\n\t\t\t\t<a href='https:\/\/franciscanos.org.br\/noticias\/wp-content\/uploads\/2024\/06\/WhatsApp-Image-2024-06-12-at-12.56.08-1.jpeg'><img width=\"300\" height=\"300\" src=\"https:\/\/franciscanos.org.br\/noticias\/wp-content\/uploads\/2024\/06\/WhatsApp-Image-2024-06-12-at-12.56.08-1-300x300.jpeg\" class=\"attachment-thumbnail size-thumbnail\" alt=\"\" loading=\"lazy\" srcset=\"https:\/\/franciscanos.org.br\/noticias\/wp-content\/uploads\/2024\/06\/WhatsApp-Image-2024-06-12-at-12.56.08-1-300x300.jpeg 300w, https:\/\/franciscanos.org.br\/noticias\/wp-content\/uploads\/2024\/06\/WhatsApp-Image-2024-06-12-at-12.56.08-1-100x100.jpeg 100w\" sizes=\"(max-width: 300px) 100vw, 300px\" \/><\/a>\n\t\t\t<\/dt><\/dl><dl class='gallery-item'>\n\t\t\t<dt class='gallery-icon landscape'>\n\t\t\t\t<a href='https:\/\/franciscanos.org.br\/noticias\/wp-content\/uploads\/2024\/06\/WhatsApp-Image-2024-06-12-at-12.56.08-2.jpeg'><img width=\"300\" height=\"300\" src=\"https:\/\/franciscanos.org.br\/noticias\/wp-content\/uploads\/2024\/06\/WhatsApp-Image-2024-06-12-at-12.56.08-2-300x300.jpeg\" class=\"attachment-thumbnail size-thumbnail\" alt=\"\" loading=\"lazy\" srcset=\"https:\/\/franciscanos.org.br\/noticias\/wp-content\/uploads\/2024\/06\/WhatsApp-Image-2024-06-12-at-12.56.08-2-300x300.jpeg 300w, https:\/\/franciscanos.org.br\/noticias\/wp-content\/uploads\/2024\/06\/WhatsApp-Image-2024-06-12-at-12.56.08-2-100x100.jpeg 100w\" sizes=\"(max-width: 300px) 100vw, 300px\" \/><\/a>\n\t\t\t<\/dt><\/dl><dl class='gallery-item'>\n\t\t\t<dt class='gallery-icon landscape'>\n\t\t\t\t<a href='https:\/\/franciscanos.org.br\/noticias\/wp-content\/uploads\/2024\/06\/WhatsApp-Image-2024-06-12-at-12.56.08.jpeg'><img width=\"300\" height=\"300\" src=\"https:\/\/franciscanos.org.br\/noticias\/wp-content\/uploads\/2024\/06\/WhatsApp-Image-2024-06-12-at-12.56.08-300x300.jpeg\" class=\"attachment-thumbnail size-thumbnail\" alt=\"\" loading=\"lazy\" srcset=\"https:\/\/franciscanos.org.br\/noticias\/wp-content\/uploads\/2024\/06\/WhatsApp-Image-2024-06-12-at-12.56.08-300x300.jpeg 300w, https:\/\/franciscanos.org.br\/noticias\/wp-content\/uploads\/2024\/06\/WhatsApp-Image-2024-06-12-at-12.56.08-100x100.jpeg 100w\" sizes=\"(max-width: 300px) 100vw, 300px\" \/><\/a>\n\t\t\t<\/dt><\/dl><dl class='gallery-item'>\n\t\t\t<dt class='gallery-icon portrait'>\n\t\t\t\t<a href='https:\/\/franciscanos.org.br\/noticias\/wp-content\/uploads\/2024\/06\/WhatsApp-Image-2024-06-12-at-12.56.09.jpeg'><img width=\"300\" height=\"300\" src=\"https:\/\/franciscanos.org.br\/noticias\/wp-content\/uploads\/2024\/06\/WhatsApp-Image-2024-06-12-at-12.56.09-300x300.jpeg\" class=\"attachment-thumbnail size-thumbnail\" alt=\"\" loading=\"lazy\" srcset=\"https:\/\/franciscanos.org.br\/noticias\/wp-content\/uploads\/2024\/06\/WhatsApp-Image-2024-06-12-at-12.56.09-300x300.jpeg 300w, https:\/\/franciscanos.org.br\/noticias\/wp-content\/uploads\/2024\/06\/WhatsApp-Image-2024-06-12-at-12.56.09-100x100.jpeg 100w\" sizes=\"(max-width: 300px) 100vw, 300px\" \/><\/a>\n\t\t\t<\/dt><\/dl><br style=\"clear: both\" \/>\n\t\t<\/div>\n\n<p>\u00c0 tarde, a Caminhada se deu com a ora\u00e7\u00e3o da Via-Sacra que contemplava a Paix\u00e3o de Cristo e a Cria\u00e7\u00e3o, fundamentados nas palavras do Papa Francisco em seu apostolado de cuidado da Casa Comum, que inspira todos do crist\u00e3os a assumirem o compromisso de convers\u00e3o micro e macro na esfera ambiental, mudando estilo de vida e reclamando por rela\u00e7\u00f5es e pol\u00edticas favor\u00e1veis.<\/p>\n<p>H\u00e1 uma natureza a gritar, e junto dela estivemos todo povo de Deus. A vida \u00e9 para todos e, a exemplo de Nosso Pai Francisco, cantamos juntos o louvor pr\u00f3prio por todas as criaturas, pois sabemos que devemos zelar e n\u00e3o usurpar o dom da terra. O Criador a fez para o viver de todas criaturas e a Casa \u00e9 um bem comum.<\/p>\n<p>\u201cLouvado sejas, meu Senhor, com todas as tuas criaturas\u201d (Cant 3).<\/p>\n<hr \/>\n<p><em>Frei Patryck Ribeiro da Silva Dutra<\/em><\/p>\n","protected":false},"excerpt":{"rendered":"<p>Viv\u00eancias do Noviciado<\/p>\n","protected":false},"author":11,"featured_media":248260,"comment_status":"open","ping_status":"open","sticky":false,"template":"","format":"standard","meta":[],"categories":[1],"tags":[127,620],"acf":[],"yoast_head":"<!-- This site is optimized with the Yoast SEO plugin v19.2 - https:\/\/yoast.com\/wordpress\/plugins\/seo\/ -->\n<title>Fim de Semana itinerante no Noviciado - Not\u00edcias - Franciscanos<\/title>\n<meta name=\"robots\" content=\"index, follow, max-snippet:-1, max-image-preview:large, max-video-preview:-1\" \/>\n<link rel=\"canonical\" href=\"https:\/\/franciscanos.org.br\/noticias\/fim-de-semana-itinerante-no-noviciado.html\" \/>\n<meta property=\"og:locale\" content=\"pt_BR\" \/>\n<meta property=\"og:type\" content=\"article\" \/>\n<meta property=\"og:title\" content=\"Fim de Semana itinerante no Noviciado - Not\u00edcias - Franciscanos\" \/>\n<meta property=\"og:description\" content=\"Viv\u00eancias do Noviciado\" \/>\n<meta property=\"og:url\" content=\"https:\/\/franciscanos.org.br\/noticias\/fim-de-semana-itinerante-no-noviciado.html\" \/>\n<meta property=\"og:site_name\" content=\"Not\u00edcias - Franciscanos\" \/>\n<meta property=\"article:published_time\" content=\"2024-06-12T17:06:20+00:00\" \/>\n<meta property=\"article:modified_time\" content=\"2024-06-14T22:21:43+00:00\" \/>\n<meta property=\"og:image\" content=\"https:\/\/franciscanos.org.br\/noticias\/wp-content\/uploads\/2024\/06\/novicos.jpg\" \/>\n\t<meta property=\"og:image:width\" content=\"1280\" \/>\n\t<meta property=\"og:image:height\" content=\"963\" \/>\n\t<meta property=\"og:image:type\" content=\"image\/jpeg\" \/>\n<meta name=\"author\" content=\"Adriana Rabelo\" \/>\n<meta name=\"twitter:card\" content=\"summary_large_image\" \/>\n<meta name=\"twitter:label1\" content=\"Escrito por\" \/>\n\t<meta name=\"twitter:data1\" content=\"Adriana Rabelo\" \/>\n\t<meta name=\"twitter:label2\" content=\"Est. tempo de leitura\" \/>\n\t<meta name=\"twitter:data2\" content=\"2 minutos\" \/>\n<script type=\"application\/ld+json\" class=\"yoast-schema-graph\">{\"@context\":\"https:\/\/schema.org\",\"@graph\":[{\"@type\":\"WebSite\",\"@id\":\"https:\/\/franciscanos.org.br\/noticias\/#website\",\"url\":\"https:\/\/franciscanos.org.br\/noticias\/\",\"name\":\"Not\u00edcias - Franciscanos\",\"description\":\"Prov\u00edncia Franciscana da Imaculada Concei\u00e7\u00e3o do Brasil - Ordem dos Frades Menores - OFM\",\"potentialAction\":[{\"@type\":\"SearchAction\",\"target\":{\"@type\":\"EntryPoint\",\"urlTemplate\":\"https:\/\/franciscanos.org.br\/noticias\/?s={search_term_string}\"},\"query-input\":\"required name=search_term_string\"}],\"inLanguage\":\"pt-BR\"},{\"@type\":\"ImageObject\",\"inLanguage\":\"pt-BR\",\"@id\":\"https:\/\/franciscanos.org.br\/noticias\/fim-de-semana-itinerante-no-noviciado.html#primaryimage\",\"url\":\"https:\/\/franciscanos.org.br\/noticias\/wp-content\/uploads\/2024\/06\/novicos.jpg\",\"contentUrl\":\"https:\/\/franciscanos.org.br\/noticias\/wp-content\/uploads\/2024\/06\/novicos.jpg\",\"width\":1280,\"height\":963},{\"@type\":\"WebPage\",\"@id\":\"https:\/\/franciscanos.org.br\/noticias\/fim-de-semana-itinerante-no-noviciado.html#webpage\",\"url\":\"https:\/\/franciscanos.org.br\/noticias\/fim-de-semana-itinerante-no-noviciado.html\",\"name\":\"Fim de Semana itinerante no Noviciado - Not\u00edcias - Franciscanos\",\"isPartOf\":{\"@id\":\"https:\/\/franciscanos.org.br\/noticias\/#website\"},\"primaryImageOfPage\":{\"@id\":\"https:\/\/franciscanos.org.br\/noticias\/fim-de-semana-itinerante-no-noviciado.html#primaryimage\"},\"datePublished\":\"2024-06-12T17:06:20+00:00\",\"dateModified\":\"2024-06-14T22:21:43+00:00\",\"author\":{\"@id\":\"https:\/\/franciscanos.org.br\/noticias\/#\/schema\/person\/d9422e83121c3ad3b0f423d195f5bb25\"},\"breadcrumb\":{\"@id\":\"https:\/\/franciscanos.org.br\/noticias\/fim-de-semana-itinerante-no-noviciado.html#breadcrumb\"},\"inLanguage\":\"pt-BR\",\"potentialAction\":[{\"@type\":\"ReadAction\",\"target\":[\"https:\/\/franciscanos.org.br\/noticias\/fim-de-semana-itinerante-no-noviciado.html\"]}]},{\"@type\":\"BreadcrumbList\",\"@id\":\"https:\/\/franciscanos.org.br\/noticias\/fim-de-semana-itinerante-no-noviciado.html#breadcrumb\",\"itemListElement\":[{\"@type\":\"ListItem\",\"position\":1,\"name\":\"Home\",\"item\":\"https:\/\/franciscanos.org.br\/noticias\"},{\"@type\":\"ListItem\",\"position\":2,\"name\":\"Fim de Semana itinerante no Noviciado\"}]},{\"@type\":\"Person\",\"@id\":\"https:\/\/franciscanos.org.br\/noticias\/#\/schema\/person\/d9422e83121c3ad3b0f423d195f5bb25\",\"name\":\"Adriana Rabelo\",\"image\":{\"@type\":\"ImageObject\",\"inLanguage\":\"pt-BR\",\"@id\":\"https:\/\/franciscanos.org.br\/noticias\/#\/schema\/person\/image\/\",\"url\":\"https:\/\/secure.gravatar.com\/avatar\/0a937b7500cd7df77540cfb8bede877d?s=96&d=mm&r=g\",\"contentUrl\":\"https:\/\/secure.gravatar.com\/avatar\/0a937b7500cd7df77540cfb8bede877d?s=96&d=mm&r=g\",\"caption\":\"Adriana Rabelo\"},\"url\":\"https:\/\/franciscanos.org.br\/noticias\/author\/adrianarabelo\"}]}<\/script>\n<!-- \/ Yoast SEO plugin. -->","yoast_head_json":{"title":"Fim de Semana itinerante no Noviciado - Not\u00edcias - Franciscanos","robots":{"index":"index","follow":"follow","max-snippet":"max-snippet:-1","max-image-preview":"max-image-preview:large","max-video-preview":"max-video-preview:-1"},"canonical":"https:\/\/franciscanos.org.br\/noticias\/fim-de-semana-itinerante-no-noviciado.html","og_locale":"pt_BR","og_type":"article","og_title":"Fim de Semana itinerante no Noviciado - Not\u00edcias - Franciscanos","og_description":"Viv\u00eancias do Noviciado","og_url":"https:\/\/franciscanos.org.br\/noticias\/fim-de-semana-itinerante-no-noviciado.html","og_site_name":"Not\u00edcias - Franciscanos","article_published_time":"2024-06-12T17:06:20+00:00","article_modified_time":"2024-06-14T22:21:43+00:00","og_image":[{"width":1280,"height":963,"url":"https:\/\/franciscanos.org.br\/noticias\/wp-content\/uploads\/2024\/06\/novicos.jpg","type":"image\/jpeg"}],"author":"Adriana Rabelo","twitter_card":"summary_large_image","twitter_misc":{"Escrito por":"Adriana Rabelo","Est. tempo de leitura":"2 minutos"},"schema":{"@context":"https:\/\/schema.org","@graph":[{"@type":"WebSite","@id":"https:\/\/franciscanos.org.br\/noticias\/#website","url":"https:\/\/franciscanos.org.br\/noticias\/","name":"Not\u00edcias - Franciscanos","description":"Prov\u00edncia Franciscana da Imaculada Concei\u00e7\u00e3o do Brasil - Ordem dos Frades Menores - OFM","potentialAction":[{"@type":"SearchAction","target":{"@type":"EntryPoint","urlTemplate":"https:\/\/franciscanos.org.br\/noticias\/?s={search_term_string}"},"query-input":"required name=search_term_string"}],"inLanguage":"pt-BR"},{"@type":"ImageObject","inLanguage":"pt-BR","@id":"https:\/\/franciscanos.org.br\/noticias\/fim-de-semana-itinerante-no-noviciado.html#primaryimage","url":"https:\/\/franciscanos.org.br\/noticias\/wp-content\/uploads\/2024\/06\/novicos.jpg","contentUrl":"https:\/\/franciscanos.org.br\/noticias\/wp-content\/uploads\/2024\/06\/novicos.jpg","width":1280,"height":963},{"@type":"WebPage","@id":"https:\/\/franciscanos.org.br\/noticias\/fim-de-semana-itinerante-no-noviciado.html#webpage","url":"https:\/\/franciscanos.org.br\/noticias\/fim-de-semana-itinerante-no-noviciado.html","name":"Fim de Semana itinerante no Noviciado - Not\u00edcias - Franciscanos","isPartOf":{"@id":"https:\/\/franciscanos.org.br\/noticias\/#website"},"primaryImageOfPage":{"@id":"https:\/\/franciscanos.org.br\/noticias\/fim-de-semana-itinerante-no-noviciado.html#primaryimage"},"datePublished":"2024-06-12T17:06:20+00:00","dateModified":"2024-06-14T22:21:43+00:00","author":{"@id":"https:\/\/franciscanos.org.br\/noticias\/#\/schema\/person\/d9422e83121c3ad3b0f423d195f5bb25"},"breadcrumb":{"@id":"https:\/\/franciscanos.org.br\/noticias\/fim-de-semana-itinerante-no-noviciado.html#breadcrumb"},"inLanguage":"pt-BR","potentialAction":[{"@type":"ReadAction","target":["https:\/\/franciscanos.org.br\/noticias\/fim-de-semana-itinerante-no-noviciado.html"]}]},{"@type":"BreadcrumbList","@id":"https:\/\/franciscanos.org.br\/noticias\/fim-de-semana-itinerante-no-noviciado.html#breadcrumb","itemListElement":[{"@type":"ListItem","position":1,"name":"Home","item":"https:\/\/franciscanos.org.br\/noticias"},{"@type":"ListItem","position":2,"name":"Fim de Semana itinerante no Noviciado"}]},{"@type":"Person","@id":"https:\/\/franciscanos.org.br\/noticias\/#\/schema\/person\/d9422e83121c3ad3b0f423d195f5bb25","name":"Adriana Rabelo","image":{"@type":"ImageObject","inLanguage":"pt-BR","@id":"https:\/\/franciscanos.org.br\/noticias\/#\/schema\/person\/image\/","url":"https:\/\/secure.gravatar.com\/avatar\/0a937b7500cd7df77540cfb8bede877d?s=96&d=mm&r=g","contentUrl":"https:\/\/secure.gravatar.com\/avatar\/0a937b7500cd7df77540cfb8bede877d?s=96&d=mm&r=g","caption":"Adriana Rabelo"},"url":"https:\/\/franciscanos.org.br\/noticias\/author\/adrianarabelo"}]}},"_links":{"self":[{"href":"https:\/\/franciscanos.org.br\/noticias\/wp-json\/wp\/v2\/posts\/248248"}],"collection":[{"href":"https:\/\/franciscanos.org.br\/noticias\/wp-json\/wp\/v2\/posts"}],"about":[{"href":"https:\/\/franciscanos.org.br\/noticias\/wp-json\/wp\/v2\/types\/post"}],"author":[{"embeddable":true,"href":"https:\/\/franciscanos.org.br\/noticias\/wp-json\/wp\/v2\/users\/11"}],"replies":[{"embeddable":true,"href":"https:\/\/franciscanos.org.br\/noticias\/wp-json\/wp\/v2\/comments?post=248248"}],"version-history":[{"count":7,"href":"https:\/\/franciscanos.org.br\/noticias\/wp-json\/wp\/v2\/posts\/248248\/revisions"}],"predecessor-version":[{"id":248396,"href":"https:\/\/franciscanos.org.br\/noticias\/wp-json\/wp\/v2\/posts\/248248\/revisions\/248396"}],"wp:featuredmedia":[{"embeddable":true,"href":"https:\/\/franciscanos.org.br\/noticias\/wp-json\/wp\/v2\/media\/248260"}],"wp:attachment":[{"href":"https:\/\/franciscanos.org.br\/noticias\/wp-json\/wp\/v2\/media?parent=248248"}],"wp:term":[{"taxonomy":"category","embeddable":true,"href":"https:\/\/franciscanos.org.br\/noticias\/wp-json\/wp\/v2\/categories?post=248248"},{"taxonomy":"post_tag","embeddable":true,"href":"https:\/\/franciscanos.org.br\/noticias\/wp-json\/wp\/v2\/tags?post=248248"}],"curies":[{"name":"wp","href":"https:\/\/api.w.org\/{rel}","templated":true}]}}