{"id":248241,"date":"2024-06-12T10:06:15","date_gmt":"2024-06-12T13:06:15","guid":{"rendered":"https:\/\/franciscanos.org.br\/noticias\/?p=248241"},"modified":"2024-06-12T10:06:15","modified_gmt":"2024-06-12T13:06:15","slug":"a-homilia-deve-ajudar-a-transferir-a-palavra-de-deus-do-livro-para-a-vida","status":"publish","type":"post","link":"https:\/\/franciscanos.org.br\/noticias\/a-homilia-deve-ajudar-a-transferir-a-palavra-de-deus-do-livro-para-a-vida.html","title":{"rendered":"A homilia deve ajudar a transferir a Palavra de Deus do livro para a vida"},"content":{"rendered":"<p><img loading=\"lazy\" class=\"aligncenter wp-image-248242 size-full\" src=\"https:\/\/franciscanos.org.br\/noticias\/wp-content\/uploads\/2024\/06\/DIA-12.06.jpeg\" alt=\"\" width=\"750\" height=\"422\" srcset=\"https:\/\/franciscanos.org.br\/noticias\/wp-content\/uploads\/2024\/06\/DIA-12.06.jpeg 750w, https:\/\/franciscanos.org.br\/noticias\/wp-content\/uploads\/2024\/06\/DIA-12.06-450x253.jpeg 450w, https:\/\/franciscanos.org.br\/noticias\/wp-content\/uploads\/2024\/06\/DIA-12.06-150x84.jpeg 150w\" sizes=\"(max-width: 750px) 100vw, 750px\" \/><\/p>\n<p><em>Na catequese da Audi\u00eancia Geral, centrada no Esp\u00edrito Santo, Francisco enfatizou que &#8220;a Igreja se alimenta da leitura espiritual da Sagrada Escritura, ou seja, da leitura feita sob a orienta\u00e7\u00e3o do Esp\u00edrito Santo que a inspirou&#8221;. Disse que \u00e9 importante tirar, todos os dias, um tempo para ler e meditar as Escrituras. Aos sacerdotes, pediu para fazerem homilias curtas, n\u00e3o mais de oito minutos, pois depois desse tempo, a aten\u00e7\u00e3o se perde.<\/em><\/p>\n<p>Na catequese da Audi\u00eancia Geral, centrada no Esp\u00edrito Santo, Francisco enfatizou que &#8220;a Igreja se alimenta da leitura espiritual da Sagrada Escritura, ou seja, da leitura feita sob a orienta\u00e7\u00e3o do Esp\u00edrito Santo que a inspirou&#8221;. Disse que \u00e9 importante tirar, todos os dias, um tempo para ler e meditar as Escrituras. Aos sacerdotes, pediu para fazerem homilias curtas, n\u00e3o mais de oito minutos, pois depois desse tempo, a aten\u00e7\u00e3o se perde.<\/p>\n<p>&#8220;O Esp\u00edrito Santo guia a Igreja em dire\u00e7\u00e3o a Cristo nossa esperan\u00e7a&#8221;, disse o Papa no in\u00edcio de sua catequese centrada na obra do Esp\u00edrito Santo na revela\u00e7\u00e3o, &#8220;da qual a Sagrada Escritura \u00e9 testemunho inspirado por Deus e estimado&#8221;. &#8220;\u00c9 a doutrina da inspira\u00e7\u00e3o divina da Escritura, que proclamamos como artigo de f\u00e9 no Credo, quando dizemos que o Esp\u00edrito Santo &#8216;falou pelos profetas'&#8221;, disse ainda o Papa.<\/p>\n<p><strong>A Igreja alimenta-se da leitura espiritual da Sagrada Escritura<\/strong><\/p>\n<p>Segundo Francisco, &#8220;o Esp\u00edrito Santo, que inspirou as Escrituras, \u00e9 tamb\u00e9m Aquele que as explica e as torna perpetuamente vivas e ativas. De inspiradas, torna-as inspiradoras. O Esp\u00edrito Santo continua, na Igreja, a a\u00e7\u00e3o de Jesus Ressuscitado que, depois da P\u00e1scoa, diz o Evangelho, &#8216;abriu a intelig\u00eancia dos disc\u00edpulos para entenderem as Escrituras'&#8221;.<\/p>\n<div>\n<div class=\"article__embed article__embed--border embed_style\">\n<blockquote><p>\u201cPode acontecer, de fato, que uma determinada passagem da Escritura, que lemos muitas vezes sem nenhuma emo\u00e7\u00e3o especial, um dia a lemos num clima de f\u00e9 e de ora\u00e7\u00e3o, e ent\u00e3o esse texto de repente se ilumina, nos fala, derrama luz sobre um problema que estamos vivendo, deixa clara a vontade de Deus para n\u00f3s numa determinada situa\u00e7\u00e3o.\u201d<\/p><\/blockquote>\n<\/div>\n<\/div>\n<p>&#8220;A que se deve esta mudan\u00e7a, sen\u00e3o a uma ilumina\u00e7\u00e3o do Esp\u00edrito Santo?&#8221;, perguntou o Papa. &#8220;As palavras da Escritura, sob a a\u00e7\u00e3o do Esp\u00edrito, tornam-se luminosas&#8221;, sublinhou.<\/p>\n<p><i>A Igreja alimenta-se da leitura espiritual da Sagrada Escritura, ou seja, da leitura feita sob a orienta\u00e7\u00e3o do Esp\u00edrito Santo que a inspirou. No seu centro, como um farol que tudo ilumina, est\u00e1 o acontecimento da morte e ressurrei\u00e7\u00e3o de Cristo, que cumpre o plano da salva\u00e7\u00e3o, realiza todas as figuras e profecias, revela todos os mist\u00e9rios escondidos e oferece a verdadeira chave para a leitura da B\u00edblia inteira. A morte e ressurrei\u00e7\u00e3o de Cristo \u00e9 o farol que ilumina toda a B\u00edblia, ilumina tamb\u00e9m a nossa vida.<\/i><\/p>\n<p><strong>Ter sempre um Evangelho de bolso<\/strong><\/p>\n<p>&#8220;A Igreja, Esposa de Cristo, \u00e9 a int\u00e9rprete autorizada do texto inspirado. A Igreja \u00e9 a mediadora do seu an\u00fancio aut\u00eantico. \u00c9 sua tarefa ajudar os fi\u00e9is e aqueles que buscam a verdade a interpretar corretamente os textos b\u00edblicos&#8221;, disse ainda Francisco.<\/p>\n<p>De acordo com o Papa, &#8220;uma forma de ler espiritualmente a Palavra de Deus \u00e9 atrav\u00e9s da lectio divina. Ela consiste em dedicar algum tempo do dia \u00e0 leitura pessoal e meditativa de uma passagem da Escritura&#8221;.<\/p>\n<div>\n<div class=\"article__embed article__embed--border embed_style\">\n<blockquote><p>\u201cE isso \u00e9 muito importante: todos os dias tire um tempo para ouvir. Se tiver muito tempo: medite, leia uma passagem da Escritura. Por isso, recomendo: tenha sempre um Evangelho de bolso, leve-o na bolsa, no bolso. Assim, quando voc\u00ea estiver na rua ou quando estiver um pouco livre, pegue-o e leia. Isso \u00e9 muito importante para a vida. Pegue um Evangelho de bolso e o leia uma, duas vezes ou mais durante o dia.\u201d<\/p><\/blockquote>\n<\/div>\n<\/div>\n<p><strong>Fazer uma homilia curta<\/strong><\/p>\n<p>&#8220;Contudo, a leitura espiritual da Escritura por excel\u00eancia \u00e9 a comunit\u00e1ria que se realiza na Liturgia. Ali vemos como um acontecimento ou ensinamento, dado no Antigo Testamento, encontra o seu pleno cumprimento no Evangelho de Cristo. A homilia deve ajudar a transferir a Palavra de Deus do livro para a vida&#8221;, disse ainda o Papa, acrescentando:<\/p>\n<div>\n<div class=\"article__embed article__embed--border embed_style\">\n<blockquote><p>\u201cPara isso, a homilia deve ser curta: uma imagem, um pensamento e um sentimento. A homilia n\u00e3o deve durar mais de oito minutos, porque depois desse tempo, a aten\u00e7\u00e3o se perde e as pessoas dormem, e t\u00eam raz\u00e3o. Uma homilia deve ser assim. Digo isso aos sacerdotes que falam muito e n\u00e3o se entende do que est\u00e3o falando. Uma homilia curta: um pensamento, um sentimento e uma a\u00e7\u00e3o, como fazer. N\u00e3o mais que oito minutos. Porque a homilia deve ajudar a transferir a Palavra de Deus do livro para a vida.\u201d<\/p><\/blockquote>\n<\/div>\n<\/div>\n<p>&#8220;Entre as muitas palavras de Deus que ouvimos todos os dias na Missa ou na Liturgia das Horas, h\u00e1 sempre uma que nos \u00e9 dirigida em particular. Acolhida no cora\u00e7\u00e3o, pode alegrar o nosso dia e animar a nossa ora\u00e7\u00e3o. Trata-se de n\u00e3o deix\u00e1-la cair no vazio&#8221;.<\/p>\n<p>Francisco concluiu, dizendo que &#8220;como certas pe\u00e7as musicais, a Sagrada Escritura tamb\u00e9m tem uma nota de fundo que a acompanha do in\u00edcio ao fim, e esta nota \u00e9 o amor de Deus&#8221;.<\/p>\n<p><strong>Final da Audi\u00eancia Geral<\/strong><\/p>\n<p><em>Desde o primeiro dia a guerra \u00e9 uma derrota, lutemos com for\u00e7a pela paz<\/em><\/p>\n<p>No final da Audi\u00eancia Geral, Francisco convidou novamente a n\u00e3o esquecer \u201ca martirizada Ucr\u00e2nia\u201d, mas tamb\u00e9m a Palestina, Israel, Mianmar e os muitos pa\u00edses que est\u00e3o em guerra. Lembrou que amanh\u00e3, quinta-feira, a Igreja celebra Santo Ant\u00f4nio de P\u00e1dua, pregador e protetor dos pobres e sofredores, pedindo para seguir seu exemplo, tornando-se \u201ctestemunhas cr\u00edveis do Evangelho\u201d.<\/p>\n<p>Na sauda\u00e7\u00e3o aos fi\u00e9is de l\u00edngua italiana, no final da Audi\u00eancia Geral desta quarta-feira (12\/06), o Papa Francisco fez mais uma vez um apelo pela paz no mundo e convidou a n\u00e3o nos esquecer dos pa\u00edses que est\u00e3o em guerra.<\/p>\n<p><i>N\u00e3o nos esque\u00e7amos da martirizada Ucr\u00e2nia, n\u00e3o nos esque\u00e7amos da Palestina, de Israel. N\u00e3o nos esque\u00e7amos de Mianmar e de muitos pa\u00edses que est\u00e3o em guerra. Rezemos pela paz. Hoje, precisamos de paz. A guerra sempre, desde o primeiro dia, \u00e9 uma derrota. Rezemos pela paz. Que o Senhor nos d\u00ea for\u00e7as para lutar sempre pela paz.<\/i><\/p>\n<p><strong>Santo Ant\u00f4nio de P\u00e1dua e a Palavra que &#8220;sacia a mente&#8221;<\/strong><\/p>\n<p>O Papa recordou que amanh\u00e3, 13 de junho, a Igreja celebra Santo Ant\u00f4nio de P\u00e1dua, sacerdote e Doutor da Igreja, desejando que \u201co exemplo deste insigne pregador, protetor dos pobres e dos sofredores, suscite em todos o desejo de continuar no caminho da f\u00e9 e imitar a sua vida, tornando-se assim testemunhas cr\u00edveis do Evangelho\u201d.<\/p>\n<p>Na sauda\u00e7\u00e3o aos peregrinos de l\u00edngua portuguesa, Francisco disse que &#8220;Santo Ant\u00f4nio, que nasceu em Lisboa, nos diz: \u201cSe voc\u00ea ler Jesus, Ele sacia sua mente\u201d. O Pont\u00edfice encorajou cada um &#8220;a meditar a Sagrada Escritura. Nela, Jesus nos revigora e ilumina as nossas vidas&#8221;.<\/p>\n<hr \/>\n<p><em>Mariangela Jaguraba \u2013 Vatican News<\/em><\/p>\n","protected":false},"excerpt":{"rendered":"<p>Audi\u00eancia Geral<\/p>\n","protected":false},"author":11,"featured_media":248242,"comment_status":"open","ping_status":"open","sticky":false,"template":"","format":"standard","meta":[],"categories":[1,1428],"tags":[487,55],"acf":[],"yoast_head":"<!-- This site is optimized with the Yoast SEO plugin v19.2 - https:\/\/yoast.com\/wordpress\/plugins\/seo\/ -->\n<title>A homilia deve ajudar a transferir a Palavra de Deus do livro para a vida - Not\u00edcias - Franciscanos<\/title>\n<meta name=\"robots\" content=\"index, follow, max-snippet:-1, max-image-preview:large, max-video-preview:-1\" \/>\n<link rel=\"canonical\" href=\"https:\/\/franciscanos.org.br\/noticias\/a-homilia-deve-ajudar-a-transferir-a-palavra-de-deus-do-livro-para-a-vida.html\" \/>\n<meta property=\"og:locale\" content=\"pt_BR\" \/>\n<meta property=\"og:type\" content=\"article\" \/>\n<meta property=\"og:title\" content=\"A homilia deve ajudar a transferir a Palavra de Deus do livro para a vida - Not\u00edcias - Franciscanos\" \/>\n<meta property=\"og:description\" content=\"Audi\u00eancia Geral\" \/>\n<meta property=\"og:url\" content=\"https:\/\/franciscanos.org.br\/noticias\/a-homilia-deve-ajudar-a-transferir-a-palavra-de-deus-do-livro-para-a-vida.html\" \/>\n<meta property=\"og:site_name\" content=\"Not\u00edcias - Franciscanos\" \/>\n<meta property=\"article:published_time\" content=\"2024-06-12T13:06:15+00:00\" \/>\n<meta property=\"og:image\" content=\"https:\/\/franciscanos.org.br\/noticias\/wp-content\/uploads\/2024\/06\/DIA-12.06.jpeg\" \/>\n\t<meta property=\"og:image:width\" content=\"750\" \/>\n\t<meta property=\"og:image:height\" content=\"422\" \/>\n\t<meta property=\"og:image:type\" content=\"image\/jpeg\" \/>\n<meta name=\"author\" content=\"Adriana Rabelo\" \/>\n<meta name=\"twitter:card\" content=\"summary_large_image\" \/>\n<meta name=\"twitter:label1\" content=\"Escrito por\" \/>\n\t<meta name=\"twitter:data1\" content=\"Adriana Rabelo\" \/>\n\t<meta name=\"twitter:label2\" content=\"Est. tempo de leitura\" \/>\n\t<meta name=\"twitter:data2\" content=\"6 minutos\" \/>\n<script type=\"application\/ld+json\" class=\"yoast-schema-graph\">{\"@context\":\"https:\/\/schema.org\",\"@graph\":[{\"@type\":\"WebSite\",\"@id\":\"https:\/\/franciscanos.org.br\/noticias\/#website\",\"url\":\"https:\/\/franciscanos.org.br\/noticias\/\",\"name\":\"Not\u00edcias - Franciscanos\",\"description\":\"Prov\u00edncia Franciscana da Imaculada Concei\u00e7\u00e3o do Brasil - Ordem dos Frades Menores - OFM\",\"potentialAction\":[{\"@type\":\"SearchAction\",\"target\":{\"@type\":\"EntryPoint\",\"urlTemplate\":\"https:\/\/franciscanos.org.br\/noticias\/?s={search_term_string}\"},\"query-input\":\"required name=search_term_string\"}],\"inLanguage\":\"pt-BR\"},{\"@type\":\"ImageObject\",\"inLanguage\":\"pt-BR\",\"@id\":\"https:\/\/franciscanos.org.br\/noticias\/a-homilia-deve-ajudar-a-transferir-a-palavra-de-deus-do-livro-para-a-vida.html#primaryimage\",\"url\":\"https:\/\/franciscanos.org.br\/noticias\/wp-content\/uploads\/2024\/06\/DIA-12.06.jpeg\",\"contentUrl\":\"https:\/\/franciscanos.org.br\/noticias\/wp-content\/uploads\/2024\/06\/DIA-12.06.jpeg\",\"width\":750,\"height\":422},{\"@type\":\"WebPage\",\"@id\":\"https:\/\/franciscanos.org.br\/noticias\/a-homilia-deve-ajudar-a-transferir-a-palavra-de-deus-do-livro-para-a-vida.html#webpage\",\"url\":\"https:\/\/franciscanos.org.br\/noticias\/a-homilia-deve-ajudar-a-transferir-a-palavra-de-deus-do-livro-para-a-vida.html\",\"name\":\"A homilia deve ajudar a transferir a Palavra de Deus do livro para a vida - Not\u00edcias - Franciscanos\",\"isPartOf\":{\"@id\":\"https:\/\/franciscanos.org.br\/noticias\/#website\"},\"primaryImageOfPage\":{\"@id\":\"https:\/\/franciscanos.org.br\/noticias\/a-homilia-deve-ajudar-a-transferir-a-palavra-de-deus-do-livro-para-a-vida.html#primaryimage\"},\"datePublished\":\"2024-06-12T13:06:15+00:00\",\"dateModified\":\"2024-06-12T13:06:15+00:00\",\"author\":{\"@id\":\"https:\/\/franciscanos.org.br\/noticias\/#\/schema\/person\/d9422e83121c3ad3b0f423d195f5bb25\"},\"breadcrumb\":{\"@id\":\"https:\/\/franciscanos.org.br\/noticias\/a-homilia-deve-ajudar-a-transferir-a-palavra-de-deus-do-livro-para-a-vida.html#breadcrumb\"},\"inLanguage\":\"pt-BR\",\"potentialAction\":[{\"@type\":\"ReadAction\",\"target\":[\"https:\/\/franciscanos.org.br\/noticias\/a-homilia-deve-ajudar-a-transferir-a-palavra-de-deus-do-livro-para-a-vida.html\"]}]},{\"@type\":\"BreadcrumbList\",\"@id\":\"https:\/\/franciscanos.org.br\/noticias\/a-homilia-deve-ajudar-a-transferir-a-palavra-de-deus-do-livro-para-a-vida.html#breadcrumb\",\"itemListElement\":[{\"@type\":\"ListItem\",\"position\":1,\"name\":\"Home\",\"item\":\"https:\/\/franciscanos.org.br\/noticias\"},{\"@type\":\"ListItem\",\"position\":2,\"name\":\"A homilia deve ajudar a transferir a Palavra de Deus do livro para a vida\"}]},{\"@type\":\"Person\",\"@id\":\"https:\/\/franciscanos.org.br\/noticias\/#\/schema\/person\/d9422e83121c3ad3b0f423d195f5bb25\",\"name\":\"Adriana Rabelo\",\"image\":{\"@type\":\"ImageObject\",\"inLanguage\":\"pt-BR\",\"@id\":\"https:\/\/franciscanos.org.br\/noticias\/#\/schema\/person\/image\/\",\"url\":\"https:\/\/secure.gravatar.com\/avatar\/0a937b7500cd7df77540cfb8bede877d?s=96&d=mm&r=g\",\"contentUrl\":\"https:\/\/secure.gravatar.com\/avatar\/0a937b7500cd7df77540cfb8bede877d?s=96&d=mm&r=g\",\"caption\":\"Adriana Rabelo\"},\"url\":\"https:\/\/franciscanos.org.br\/noticias\/author\/adrianarabelo\"}]}<\/script>\n<!-- \/ Yoast SEO plugin. -->","yoast_head_json":{"title":"A homilia deve ajudar a transferir a Palavra de Deus do livro para a vida - Not\u00edcias - Franciscanos","robots":{"index":"index","follow":"follow","max-snippet":"max-snippet:-1","max-image-preview":"max-image-preview:large","max-video-preview":"max-video-preview:-1"},"canonical":"https:\/\/franciscanos.org.br\/noticias\/a-homilia-deve-ajudar-a-transferir-a-palavra-de-deus-do-livro-para-a-vida.html","og_locale":"pt_BR","og_type":"article","og_title":"A homilia deve ajudar a transferir a Palavra de Deus do livro para a vida - Not\u00edcias - Franciscanos","og_description":"Audi\u00eancia Geral","og_url":"https:\/\/franciscanos.org.br\/noticias\/a-homilia-deve-ajudar-a-transferir-a-palavra-de-deus-do-livro-para-a-vida.html","og_site_name":"Not\u00edcias - Franciscanos","article_published_time":"2024-06-12T13:06:15+00:00","og_image":[{"width":750,"height":422,"url":"https:\/\/franciscanos.org.br\/noticias\/wp-content\/uploads\/2024\/06\/DIA-12.06.jpeg","type":"image\/jpeg"}],"author":"Adriana Rabelo","twitter_card":"summary_large_image","twitter_misc":{"Escrito por":"Adriana Rabelo","Est. tempo de leitura":"6 minutos"},"schema":{"@context":"https:\/\/schema.org","@graph":[{"@type":"WebSite","@id":"https:\/\/franciscanos.org.br\/noticias\/#website","url":"https:\/\/franciscanos.org.br\/noticias\/","name":"Not\u00edcias - Franciscanos","description":"Prov\u00edncia Franciscana da Imaculada Concei\u00e7\u00e3o do Brasil - Ordem dos Frades Menores - OFM","potentialAction":[{"@type":"SearchAction","target":{"@type":"EntryPoint","urlTemplate":"https:\/\/franciscanos.org.br\/noticias\/?s={search_term_string}"},"query-input":"required name=search_term_string"}],"inLanguage":"pt-BR"},{"@type":"ImageObject","inLanguage":"pt-BR","@id":"https:\/\/franciscanos.org.br\/noticias\/a-homilia-deve-ajudar-a-transferir-a-palavra-de-deus-do-livro-para-a-vida.html#primaryimage","url":"https:\/\/franciscanos.org.br\/noticias\/wp-content\/uploads\/2024\/06\/DIA-12.06.jpeg","contentUrl":"https:\/\/franciscanos.org.br\/noticias\/wp-content\/uploads\/2024\/06\/DIA-12.06.jpeg","width":750,"height":422},{"@type":"WebPage","@id":"https:\/\/franciscanos.org.br\/noticias\/a-homilia-deve-ajudar-a-transferir-a-palavra-de-deus-do-livro-para-a-vida.html#webpage","url":"https:\/\/franciscanos.org.br\/noticias\/a-homilia-deve-ajudar-a-transferir-a-palavra-de-deus-do-livro-para-a-vida.html","name":"A homilia deve ajudar a transferir a Palavra de Deus do livro para a vida - Not\u00edcias - Franciscanos","isPartOf":{"@id":"https:\/\/franciscanos.org.br\/noticias\/#website"},"primaryImageOfPage":{"@id":"https:\/\/franciscanos.org.br\/noticias\/a-homilia-deve-ajudar-a-transferir-a-palavra-de-deus-do-livro-para-a-vida.html#primaryimage"},"datePublished":"2024-06-12T13:06:15+00:00","dateModified":"2024-06-12T13:06:15+00:00","author":{"@id":"https:\/\/franciscanos.org.br\/noticias\/#\/schema\/person\/d9422e83121c3ad3b0f423d195f5bb25"},"breadcrumb":{"@id":"https:\/\/franciscanos.org.br\/noticias\/a-homilia-deve-ajudar-a-transferir-a-palavra-de-deus-do-livro-para-a-vida.html#breadcrumb"},"inLanguage":"pt-BR","potentialAction":[{"@type":"ReadAction","target":["https:\/\/franciscanos.org.br\/noticias\/a-homilia-deve-ajudar-a-transferir-a-palavra-de-deus-do-livro-para-a-vida.html"]}]},{"@type":"BreadcrumbList","@id":"https:\/\/franciscanos.org.br\/noticias\/a-homilia-deve-ajudar-a-transferir-a-palavra-de-deus-do-livro-para-a-vida.html#breadcrumb","itemListElement":[{"@type":"ListItem","position":1,"name":"Home","item":"https:\/\/franciscanos.org.br\/noticias"},{"@type":"ListItem","position":2,"name":"A homilia deve ajudar a transferir a Palavra de Deus do livro para a vida"}]},{"@type":"Person","@id":"https:\/\/franciscanos.org.br\/noticias\/#\/schema\/person\/d9422e83121c3ad3b0f423d195f5bb25","name":"Adriana Rabelo","image":{"@type":"ImageObject","inLanguage":"pt-BR","@id":"https:\/\/franciscanos.org.br\/noticias\/#\/schema\/person\/image\/","url":"https:\/\/secure.gravatar.com\/avatar\/0a937b7500cd7df77540cfb8bede877d?s=96&d=mm&r=g","contentUrl":"https:\/\/secure.gravatar.com\/avatar\/0a937b7500cd7df77540cfb8bede877d?s=96&d=mm&r=g","caption":"Adriana Rabelo"},"url":"https:\/\/franciscanos.org.br\/noticias\/author\/adrianarabelo"}]}},"_links":{"self":[{"href":"https:\/\/franciscanos.org.br\/noticias\/wp-json\/wp\/v2\/posts\/248241"}],"collection":[{"href":"https:\/\/franciscanos.org.br\/noticias\/wp-json\/wp\/v2\/posts"}],"about":[{"href":"https:\/\/franciscanos.org.br\/noticias\/wp-json\/wp\/v2\/types\/post"}],"author":[{"embeddable":true,"href":"https:\/\/franciscanos.org.br\/noticias\/wp-json\/wp\/v2\/users\/11"}],"replies":[{"embeddable":true,"href":"https:\/\/franciscanos.org.br\/noticias\/wp-json\/wp\/v2\/comments?post=248241"}],"version-history":[{"count":2,"href":"https:\/\/franciscanos.org.br\/noticias\/wp-json\/wp\/v2\/posts\/248241\/revisions"}],"predecessor-version":[{"id":248244,"href":"https:\/\/franciscanos.org.br\/noticias\/wp-json\/wp\/v2\/posts\/248241\/revisions\/248244"}],"wp:featuredmedia":[{"embeddable":true,"href":"https:\/\/franciscanos.org.br\/noticias\/wp-json\/wp\/v2\/media\/248242"}],"wp:attachment":[{"href":"https:\/\/franciscanos.org.br\/noticias\/wp-json\/wp\/v2\/media?parent=248241"}],"wp:term":[{"taxonomy":"category","embeddable":true,"href":"https:\/\/franciscanos.org.br\/noticias\/wp-json\/wp\/v2\/categories?post=248241"},{"taxonomy":"post_tag","embeddable":true,"href":"https:\/\/franciscanos.org.br\/noticias\/wp-json\/wp\/v2\/tags?post=248241"}],"curies":[{"name":"wp","href":"https:\/\/api.w.org\/{rel}","templated":true}]}}