{"id":248179,"date":"2024-06-10T12:49:10","date_gmt":"2024-06-10T15:49:10","guid":{"rendered":"https:\/\/franciscanos.org.br\/noticias\/?p=248179"},"modified":"2024-06-11T08:45:19","modified_gmt":"2024-06-11T11:45:19","slug":"casamento-comunitario-emociona-festa-de-santo-antonio-do-pari","status":"publish","type":"post","link":"https:\/\/franciscanos.org.br\/noticias\/casamento-comunitario-emociona-festa-de-santo-antonio-do-pari.html","title":{"rendered":"Casamento comunit\u00e1rio emociona Festa de Santo Ant\u00f4nio do Pari"},"content":{"rendered":"<p style=\"text-align: center;\"><em><img loading=\"lazy\" class=\"alignleft wp-image-248235 size-medium\" src=\"https:\/\/franciscanos.org.br\/noticias\/wp-content\/uploads\/2024\/06\/IMG_6261-1-1-338x450.jpg\" alt=\"\" width=\"338\" height=\"450\" \/>Cinco casais disseram &#8220;sim&#8221; para o amor em casamento coletivo realizado na Igreja de Santo Ant\u00f4nio do Pari, durante festividades juninas.<\/em><\/p>\n<div data-breakout=\"normal\">\n<p id=\"viewer-jyxcc1357\" class=\"Yxme4 _7TwO0 LUlav d-O73\" dir=\"auto\"><span class=\"MuheC\">Um mar de amor tomou conta da Igreja de Santo Ant\u00f4nio do Pari, de S\u00e3o Paulo (SP), no \u00faltimo s\u00e1bado, dia 8 de junho. Cinco casais apaixonados disseram \u201csim\u201d no altar, em um casamento comunit\u00e1rio que emocionou parentes, paroquianos e visitantes da 110\u00aa Festa de Santo Ant\u00f4nio. O matrim\u00f4nio coletivo foi ministrado pelo Frei Wilson Bastista Sim\u00e3o, que deu boas-vindas aos noivos em uma cerim\u00f4nia comovente e repleta de esperan\u00e7a e gratid\u00e3o. \u201c\u00c9 um momento muito bonito, aben\u00e7oado por nosso Santo casamenteiro, junino, das quadrilhas, das festas\u201d, afirmou o frade.<\/span><\/p>\n<\/div>\n<div data-breakout=\"normal\">\n<p class=\"Yxme4 _7TwO0 LUlav d-O73\" dir=\"auto\"><span class=\"MuheC\">Daniele Ten\u00f3rio Soares e Reinaldo Galdino da Silva foram um dos casais que celebraram seu matrim\u00f4nio no dia. &#8220;Quando soube que a Igreja Santo Ant\u00f4nio do Pari iria realizar um casamento comunit\u00e1rio, comecei a me informar. As pessoas me orientaram a ir \u00e0 secretaria, onde me explicaram tudo direitinho. Levei os pap\u00e9is necess\u00e1rios e vou me batizar no dia 2 de junho, realizando um grande sonho que sempre tive de casar\u201d, afirmou o noivo, agora, esposo. \u201cFiquei sabendo do casamento comunit\u00e1rio atrav\u00e9s da madrinha do meu filho, que faz catequese na mesma igreja que eu. Ela mencionou que haveria essa oportunidade e me incentivou a me inscrever. Procurei a Viviane, da catequese, e ela confirmou que realmente haveria. Com a gra\u00e7a de Deus e Nossa Senhora, estou muito feliz por participar\u201d. Os preparativos do casamento foram emocionantes. \u201cMeu filho pequeno, que \u00e9 uma verdadeira promessa, vai levar as alian\u00e7as. Ele passou por dificuldades de sa\u00fade e venceu com a ajuda de Nossa Senhora. No dia do casamento, quem vai entrar comigo \u00e9 o meu padrinho, j\u00e1 que minha m\u00e3e mora em Pernambuco e n\u00e3o tenho fam\u00edlia aqui. As pessoas que considero como fam\u00edlia estar\u00e3o presentes nesse momento t\u00e3o especial&#8221;, afirmou Reinaldo.<\/span><\/p>\n\n\t\t<style type=\"text\/css\">\n\t\t\t#gallery-1 {\n\t\t\t\tmargin: auto;\n\t\t\t}\n\t\t\t#gallery-1 .gallery-item {\n\t\t\t\tfloat: left;\n\t\t\t\tmargin-top: 10px;\n\t\t\t\ttext-align: center;\n\t\t\t\twidth: 33%;\n\t\t\t}\n\t\t\t#gallery-1 img {\n\t\t\t\tborder: 2px solid #cfcfcf;\n\t\t\t}\n\t\t\t#gallery-1 .gallery-caption {\n\t\t\t\tmargin-left: 0;\n\t\t\t}\n\t\t\t\/* see gallery_shortcode() in wp-includes\/media.php *\/\n\t\t<\/style>\n\t\t<div id='gallery-1' class='gallery galleryid-248179 gallery-columns-3 gallery-size-thumbnail'><dl class='gallery-item'>\n\t\t\t<dt class='gallery-icon portrait'>\n\t\t\t\t<a href='https:\/\/franciscanos.org.br\/noticias\/wp-content\/uploads\/2024\/06\/IMG_6187-1-scaled.jpg'><img width=\"300\" height=\"300\" src=\"https:\/\/franciscanos.org.br\/noticias\/wp-content\/uploads\/2024\/06\/IMG_6187-1-300x300.jpg\" class=\"attachment-thumbnail size-thumbnail\" alt=\"\" loading=\"lazy\" srcset=\"https:\/\/franciscanos.org.br\/noticias\/wp-content\/uploads\/2024\/06\/IMG_6187-1-300x300.jpg 300w, https:\/\/franciscanos.org.br\/noticias\/wp-content\/uploads\/2024\/06\/IMG_6187-1-100x100.jpg 100w\" sizes=\"(max-width: 300px) 100vw, 300px\" \/><\/a>\n\t\t\t<\/dt><\/dl><dl class='gallery-item'>\n\t\t\t<dt class='gallery-icon portrait'>\n\t\t\t\t<a href='https:\/\/franciscanos.org.br\/noticias\/wp-content\/uploads\/2024\/06\/IMG_6220-scaled.jpg'><img width=\"300\" height=\"300\" src=\"https:\/\/franciscanos.org.br\/noticias\/wp-content\/uploads\/2024\/06\/IMG_6220-300x300.jpg\" class=\"attachment-thumbnail size-thumbnail\" alt=\"\" loading=\"lazy\" srcset=\"https:\/\/franciscanos.org.br\/noticias\/wp-content\/uploads\/2024\/06\/IMG_6220-300x300.jpg 300w, https:\/\/franciscanos.org.br\/noticias\/wp-content\/uploads\/2024\/06\/IMG_6220-100x100.jpg 100w\" sizes=\"(max-width: 300px) 100vw, 300px\" \/><\/a>\n\t\t\t<\/dt><\/dl><dl class='gallery-item'>\n\t\t\t<dt class='gallery-icon portrait'>\n\t\t\t\t<a href='https:\/\/franciscanos.org.br\/noticias\/wp-content\/uploads\/2024\/06\/IMG_6256-scaled.jpg'><img width=\"300\" height=\"300\" src=\"https:\/\/franciscanos.org.br\/noticias\/wp-content\/uploads\/2024\/06\/IMG_6256-300x300.jpg\" class=\"attachment-thumbnail size-thumbnail\" alt=\"\" loading=\"lazy\" srcset=\"https:\/\/franciscanos.org.br\/noticias\/wp-content\/uploads\/2024\/06\/IMG_6256-300x300.jpg 300w, https:\/\/franciscanos.org.br\/noticias\/wp-content\/uploads\/2024\/06\/IMG_6256-100x100.jpg 100w\" sizes=\"(max-width: 300px) 100vw, 300px\" \/><\/a>\n\t\t\t<\/dt><\/dl><br style=\"clear: both\" \/>\n\t\t<\/div>\n\n<\/div>\n<div data-breakout=\"normal\">\n<div id=\"viewer-u46c01040\" class=\"Hq2Ig\">\n<div class=\"-HAhH o1SZ7\">\n<figure class=\"_2slDA\" tabindex=\"0\" role=\"button\" data-hook=\"imageViewer\">\n<div id=\"u46c01040\" class=\"wzu16 VohSv _-0N4B\"><\/div>\n<\/figure>\n<\/div>\n<\/div>\n<\/div>\n","protected":false},"excerpt":{"rendered":"<p>Cinco casais disseram sim!<\/p>\n","protected":false},"author":10,"featured_media":248225,"comment_status":"open","ping_status":"open","sticky":false,"template":"","format":"standard","meta":[],"categories":[1],"tags":[1459,2220,287,280],"acf":[],"yoast_head":"<!-- This site is optimized with the Yoast SEO plugin v19.2 - https:\/\/yoast.com\/wordpress\/plugins\/seo\/ -->\n<title>Casamento comunit\u00e1rio emociona Festa de Santo Ant\u00f4nio do Pari - Not\u00edcias - Franciscanos<\/title>\n<meta name=\"robots\" content=\"index, follow, max-snippet:-1, max-image-preview:large, max-video-preview:-1\" \/>\n<link rel=\"canonical\" href=\"https:\/\/franciscanos.org.br\/noticias\/casamento-comunitario-emociona-festa-de-santo-antonio-do-pari.html\" \/>\n<meta property=\"og:locale\" content=\"pt_BR\" \/>\n<meta property=\"og:type\" content=\"article\" \/>\n<meta property=\"og:title\" content=\"Casamento comunit\u00e1rio emociona Festa de Santo Ant\u00f4nio do Pari - Not\u00edcias - Franciscanos\" \/>\n<meta property=\"og:description\" content=\"Cinco casais disseram sim!\" \/>\n<meta property=\"og:url\" content=\"https:\/\/franciscanos.org.br\/noticias\/casamento-comunitario-emociona-festa-de-santo-antonio-do-pari.html\" \/>\n<meta property=\"og:site_name\" content=\"Not\u00edcias - Franciscanos\" \/>\n<meta property=\"article:published_time\" content=\"2024-06-10T15:49:10+00:00\" \/>\n<meta property=\"article:modified_time\" content=\"2024-06-11T11:45:19+00:00\" \/>\n<meta property=\"og:image\" content=\"https:\/\/franciscanos.org.br\/noticias\/wp-content\/uploads\/2024\/06\/IMG_6261-1-scaled.jpg\" \/>\n\t<meta property=\"og:image:width\" content=\"1440\" \/>\n\t<meta property=\"og:image:height\" content=\"1920\" \/>\n\t<meta property=\"og:image:type\" content=\"image\/jpeg\" \/>\n<meta name=\"author\" content=\"Jo\u00e3o Vitor\" \/>\n<meta name=\"twitter:card\" content=\"summary_large_image\" \/>\n<meta name=\"twitter:label1\" content=\"Escrito por\" \/>\n\t<meta name=\"twitter:data1\" content=\"Jo\u00e3o Vitor\" \/>\n\t<meta name=\"twitter:label2\" content=\"Est. tempo de leitura\" \/>\n\t<meta name=\"twitter:data2\" content=\"2 minutos\" \/>\n<script type=\"application\/ld+json\" class=\"yoast-schema-graph\">{\"@context\":\"https:\/\/schema.org\",\"@graph\":[{\"@type\":\"WebSite\",\"@id\":\"https:\/\/franciscanos.org.br\/noticias\/#website\",\"url\":\"https:\/\/franciscanos.org.br\/noticias\/\",\"name\":\"Not\u00edcias - Franciscanos\",\"description\":\"Prov\u00edncia Franciscana da Imaculada Concei\u00e7\u00e3o do Brasil - Ordem dos Frades Menores - OFM\",\"potentialAction\":[{\"@type\":\"SearchAction\",\"target\":{\"@type\":\"EntryPoint\",\"urlTemplate\":\"https:\/\/franciscanos.org.br\/noticias\/?s={search_term_string}\"},\"query-input\":\"required name=search_term_string\"}],\"inLanguage\":\"pt-BR\"},{\"@type\":\"ImageObject\",\"inLanguage\":\"pt-BR\",\"@id\":\"https:\/\/franciscanos.org.br\/noticias\/casamento-comunitario-emociona-festa-de-santo-antonio-do-pari.html#primaryimage\",\"url\":\"https:\/\/franciscanos.org.br\/noticias\/wp-content\/uploads\/2024\/06\/IMG_6261-1-scaled.jpg\",\"contentUrl\":\"https:\/\/franciscanos.org.br\/noticias\/wp-content\/uploads\/2024\/06\/IMG_6261-1-scaled.jpg\",\"width\":1440,\"height\":1920},{\"@type\":\"WebPage\",\"@id\":\"https:\/\/franciscanos.org.br\/noticias\/casamento-comunitario-emociona-festa-de-santo-antonio-do-pari.html#webpage\",\"url\":\"https:\/\/franciscanos.org.br\/noticias\/casamento-comunitario-emociona-festa-de-santo-antonio-do-pari.html\",\"name\":\"Casamento comunit\u00e1rio emociona Festa de Santo Ant\u00f4nio do Pari - Not\u00edcias - Franciscanos\",\"isPartOf\":{\"@id\":\"https:\/\/franciscanos.org.br\/noticias\/#website\"},\"primaryImageOfPage\":{\"@id\":\"https:\/\/franciscanos.org.br\/noticias\/casamento-comunitario-emociona-festa-de-santo-antonio-do-pari.html#primaryimage\"},\"datePublished\":\"2024-06-10T15:49:10+00:00\",\"dateModified\":\"2024-06-11T11:45:19+00:00\",\"author\":{\"@id\":\"https:\/\/franciscanos.org.br\/noticias\/#\/schema\/person\/8c11f06a466b856a11dd48d20600055f\"},\"breadcrumb\":{\"@id\":\"https:\/\/franciscanos.org.br\/noticias\/casamento-comunitario-emociona-festa-de-santo-antonio-do-pari.html#breadcrumb\"},\"inLanguage\":\"pt-BR\",\"potentialAction\":[{\"@type\":\"ReadAction\",\"target\":[\"https:\/\/franciscanos.org.br\/noticias\/casamento-comunitario-emociona-festa-de-santo-antonio-do-pari.html\"]}]},{\"@type\":\"BreadcrumbList\",\"@id\":\"https:\/\/franciscanos.org.br\/noticias\/casamento-comunitario-emociona-festa-de-santo-antonio-do-pari.html#breadcrumb\",\"itemListElement\":[{\"@type\":\"ListItem\",\"position\":1,\"name\":\"Home\",\"item\":\"https:\/\/franciscanos.org.br\/noticias\"},{\"@type\":\"ListItem\",\"position\":2,\"name\":\"Casamento comunit\u00e1rio emociona Festa de Santo Ant\u00f4nio do Pari\"}]},{\"@type\":\"Person\",\"@id\":\"https:\/\/franciscanos.org.br\/noticias\/#\/schema\/person\/8c11f06a466b856a11dd48d20600055f\",\"name\":\"Jo\u00e3o Vitor\",\"image\":{\"@type\":\"ImageObject\",\"inLanguage\":\"pt-BR\",\"@id\":\"https:\/\/franciscanos.org.br\/noticias\/#\/schema\/person\/image\/\",\"url\":\"https:\/\/secure.gravatar.com\/avatar\/10ba5c9713e0c323617b4309a19e3a46?s=96&d=mm&r=g\",\"contentUrl\":\"https:\/\/secure.gravatar.com\/avatar\/10ba5c9713e0c323617b4309a19e3a46?s=96&d=mm&r=g\",\"caption\":\"Jo\u00e3o Vitor\"},\"url\":\"https:\/\/franciscanos.org.br\/noticias\/author\/joaovitor\"}]}<\/script>\n<!-- \/ Yoast SEO plugin. -->","yoast_head_json":{"title":"Casamento comunit\u00e1rio emociona Festa de Santo Ant\u00f4nio do Pari - Not\u00edcias - Franciscanos","robots":{"index":"index","follow":"follow","max-snippet":"max-snippet:-1","max-image-preview":"max-image-preview:large","max-video-preview":"max-video-preview:-1"},"canonical":"https:\/\/franciscanos.org.br\/noticias\/casamento-comunitario-emociona-festa-de-santo-antonio-do-pari.html","og_locale":"pt_BR","og_type":"article","og_title":"Casamento comunit\u00e1rio emociona Festa de Santo Ant\u00f4nio do Pari - Not\u00edcias - Franciscanos","og_description":"Cinco casais disseram sim!","og_url":"https:\/\/franciscanos.org.br\/noticias\/casamento-comunitario-emociona-festa-de-santo-antonio-do-pari.html","og_site_name":"Not\u00edcias - Franciscanos","article_published_time":"2024-06-10T15:49:10+00:00","article_modified_time":"2024-06-11T11:45:19+00:00","og_image":[{"width":1440,"height":1920,"url":"https:\/\/franciscanos.org.br\/noticias\/wp-content\/uploads\/2024\/06\/IMG_6261-1-scaled.jpg","type":"image\/jpeg"}],"author":"Jo\u00e3o Vitor","twitter_card":"summary_large_image","twitter_misc":{"Escrito por":"Jo\u00e3o Vitor","Est. tempo de leitura":"2 minutos"},"schema":{"@context":"https:\/\/schema.org","@graph":[{"@type":"WebSite","@id":"https:\/\/franciscanos.org.br\/noticias\/#website","url":"https:\/\/franciscanos.org.br\/noticias\/","name":"Not\u00edcias - Franciscanos","description":"Prov\u00edncia Franciscana da Imaculada Concei\u00e7\u00e3o do Brasil - Ordem dos Frades Menores - OFM","potentialAction":[{"@type":"SearchAction","target":{"@type":"EntryPoint","urlTemplate":"https:\/\/franciscanos.org.br\/noticias\/?s={search_term_string}"},"query-input":"required name=search_term_string"}],"inLanguage":"pt-BR"},{"@type":"ImageObject","inLanguage":"pt-BR","@id":"https:\/\/franciscanos.org.br\/noticias\/casamento-comunitario-emociona-festa-de-santo-antonio-do-pari.html#primaryimage","url":"https:\/\/franciscanos.org.br\/noticias\/wp-content\/uploads\/2024\/06\/IMG_6261-1-scaled.jpg","contentUrl":"https:\/\/franciscanos.org.br\/noticias\/wp-content\/uploads\/2024\/06\/IMG_6261-1-scaled.jpg","width":1440,"height":1920},{"@type":"WebPage","@id":"https:\/\/franciscanos.org.br\/noticias\/casamento-comunitario-emociona-festa-de-santo-antonio-do-pari.html#webpage","url":"https:\/\/franciscanos.org.br\/noticias\/casamento-comunitario-emociona-festa-de-santo-antonio-do-pari.html","name":"Casamento comunit\u00e1rio emociona Festa de Santo Ant\u00f4nio do Pari - Not\u00edcias - Franciscanos","isPartOf":{"@id":"https:\/\/franciscanos.org.br\/noticias\/#website"},"primaryImageOfPage":{"@id":"https:\/\/franciscanos.org.br\/noticias\/casamento-comunitario-emociona-festa-de-santo-antonio-do-pari.html#primaryimage"},"datePublished":"2024-06-10T15:49:10+00:00","dateModified":"2024-06-11T11:45:19+00:00","author":{"@id":"https:\/\/franciscanos.org.br\/noticias\/#\/schema\/person\/8c11f06a466b856a11dd48d20600055f"},"breadcrumb":{"@id":"https:\/\/franciscanos.org.br\/noticias\/casamento-comunitario-emociona-festa-de-santo-antonio-do-pari.html#breadcrumb"},"inLanguage":"pt-BR","potentialAction":[{"@type":"ReadAction","target":["https:\/\/franciscanos.org.br\/noticias\/casamento-comunitario-emociona-festa-de-santo-antonio-do-pari.html"]}]},{"@type":"BreadcrumbList","@id":"https:\/\/franciscanos.org.br\/noticias\/casamento-comunitario-emociona-festa-de-santo-antonio-do-pari.html#breadcrumb","itemListElement":[{"@type":"ListItem","position":1,"name":"Home","item":"https:\/\/franciscanos.org.br\/noticias"},{"@type":"ListItem","position":2,"name":"Casamento comunit\u00e1rio emociona Festa de Santo Ant\u00f4nio do Pari"}]},{"@type":"Person","@id":"https:\/\/franciscanos.org.br\/noticias\/#\/schema\/person\/8c11f06a466b856a11dd48d20600055f","name":"Jo\u00e3o Vitor","image":{"@type":"ImageObject","inLanguage":"pt-BR","@id":"https:\/\/franciscanos.org.br\/noticias\/#\/schema\/person\/image\/","url":"https:\/\/secure.gravatar.com\/avatar\/10ba5c9713e0c323617b4309a19e3a46?s=96&d=mm&r=g","contentUrl":"https:\/\/secure.gravatar.com\/avatar\/10ba5c9713e0c323617b4309a19e3a46?s=96&d=mm&r=g","caption":"Jo\u00e3o Vitor"},"url":"https:\/\/franciscanos.org.br\/noticias\/author\/joaovitor"}]}},"_links":{"self":[{"href":"https:\/\/franciscanos.org.br\/noticias\/wp-json\/wp\/v2\/posts\/248179"}],"collection":[{"href":"https:\/\/franciscanos.org.br\/noticias\/wp-json\/wp\/v2\/posts"}],"about":[{"href":"https:\/\/franciscanos.org.br\/noticias\/wp-json\/wp\/v2\/types\/post"}],"author":[{"embeddable":true,"href":"https:\/\/franciscanos.org.br\/noticias\/wp-json\/wp\/v2\/users\/10"}],"replies":[{"embeddable":true,"href":"https:\/\/franciscanos.org.br\/noticias\/wp-json\/wp\/v2\/comments?post=248179"}],"version-history":[{"count":7,"href":"https:\/\/franciscanos.org.br\/noticias\/wp-json\/wp\/v2\/posts\/248179\/revisions"}],"predecessor-version":[{"id":248236,"href":"https:\/\/franciscanos.org.br\/noticias\/wp-json\/wp\/v2\/posts\/248179\/revisions\/248236"}],"wp:featuredmedia":[{"embeddable":true,"href":"https:\/\/franciscanos.org.br\/noticias\/wp-json\/wp\/v2\/media\/248225"}],"wp:attachment":[{"href":"https:\/\/franciscanos.org.br\/noticias\/wp-json\/wp\/v2\/media?parent=248179"}],"wp:term":[{"taxonomy":"category","embeddable":true,"href":"https:\/\/franciscanos.org.br\/noticias\/wp-json\/wp\/v2\/categories?post=248179"},{"taxonomy":"post_tag","embeddable":true,"href":"https:\/\/franciscanos.org.br\/noticias\/wp-json\/wp\/v2\/tags?post=248179"}],"curies":[{"name":"wp","href":"https:\/\/api.w.org\/{rel}","templated":true}]}}