{"id":248138,"date":"2024-06-06T15:51:16","date_gmt":"2024-06-06T18:51:16","guid":{"rendered":"https:\/\/franciscanos.org.br\/noticias\/?p=248138"},"modified":"2024-06-06T15:51:16","modified_gmt":"2024-06-06T18:51:16","slug":"participe-do-vii-congresso-internacional-franciscano","status":"publish","type":"post","link":"https:\/\/franciscanos.org.br\/noticias\/participe-do-vii-congresso-internacional-franciscano.html","title":{"rendered":"Participe do VII Congresso Internacional Franciscano"},"content":{"rendered":"<p><img loading=\"lazy\" class=\"aligncenter wp-image-248139 size-full\" src=\"https:\/\/franciscanos.org.br\/noticias\/wp-content\/uploads\/2024\/06\/WhatsApp-Image-2024-05-06-at-10.33.22.jpeg\" alt=\"\" width=\"1080\" height=\"1080\" srcset=\"https:\/\/franciscanos.org.br\/noticias\/wp-content\/uploads\/2024\/06\/WhatsApp-Image-2024-05-06-at-10.33.22.jpeg 1080w, https:\/\/franciscanos.org.br\/noticias\/wp-content\/uploads\/2024\/06\/WhatsApp-Image-2024-05-06-at-10.33.22-450x450.jpeg 450w, https:\/\/franciscanos.org.br\/noticias\/wp-content\/uploads\/2024\/06\/WhatsApp-Image-2024-05-06-at-10.33.22-1024x1024.jpeg 1024w, https:\/\/franciscanos.org.br\/noticias\/wp-content\/uploads\/2024\/06\/WhatsApp-Image-2024-05-06-at-10.33.22-300x300.jpeg 300w, https:\/\/franciscanos.org.br\/noticias\/wp-content\/uploads\/2024\/06\/WhatsApp-Image-2024-05-06-at-10.33.22-768x768.jpeg 768w, https:\/\/franciscanos.org.br\/noticias\/wp-content\/uploads\/2024\/06\/WhatsApp-Image-2024-05-06-at-10.33.22-150x150.jpeg 150w, https:\/\/franciscanos.org.br\/noticias\/wp-content\/uploads\/2024\/06\/WhatsApp-Image-2024-05-06-at-10.33.22-100x100.jpeg 100w\" sizes=\"(max-width: 1080px) 100vw, 1080px\" \/><\/p>\n<p style=\"margin: 0cm; margin-bottom: .0001pt; line-height: 16.8pt; background: white;\"><span style=\"font-family: 'Helvetica',sans-serif; color: #333333;\">O Instituto Teol\u00f3gico Franciscano (ITF), a FAE \u2013 Centro Universit\u00e1rio e a Universidade S\u00e3o Francisco (USF) promovem nos dias 19 e 20 de junho, o\u00a0<strong><span style=\"font-family: 'Helvetica',sans-serif;\">VII Congresso Internacional Franciscano<\/span><\/strong>, no C\u00e2mpus Sagrado Cora\u00e7\u00e3o, em Campinas. Nesta edi\u00e7\u00e3o, a tem\u00e1tica ser\u00e1\u00a0\u201cRegra Bulada, Pres\u00e9pio, Estigma: Luzes para a atualidade do franciscanismo\u201d.<\/span><\/p>\n<p style=\"margin: 0cm; margin-bottom: .0001pt; line-height: 16.8pt; background: white;\"><span style=\"font-family: 'Helvetica',sans-serif; color: #333333;\">\u00a0<\/span><\/p>\n<p style=\"margin: 0cm; margin-bottom: .0001pt; line-height: 16.8pt; background: white;\"><span style=\"font-family: 'Helvetica',sans-serif; color: #333333;\">Todas as atividades s\u00e3o gratuitas e podem ser acompanhadas presencialmente e via Youtube da USF. Acesse: usf.edu.br\/congressofranciscano.<\/span><\/p>\n<p style=\"line-height: 16.8pt; background: white; margin: 11.25pt 0cm 11.25pt 0cm;\"><span style=\"font-family: 'Helvetica',sans-serif; color: #333333;\">A atividade \u00e9 motivada pelos Centen\u00e1rios Franciscanos, em comemora\u00e7\u00e3o aos 800 anos da Regra Bulada, do Natal de Greccio (2023), dos Estigmas (2024), do C\u00e2ntico das Criaturas (2025) e, no seu auge, da P\u00e1scoa de Francisco (2026). O objetivo \u00e9 promover a consolida\u00e7\u00e3o do di\u00e1logo das pesquisas referentes a tem\u00e1tica<\/span><\/p>\n<p style=\"margin: 0cm; margin-bottom: .0001pt; line-height: 16.8pt; background: white;\"><span style=\"font-family: 'Helvetica',sans-serif; color: #333333;\">O evento, fruto de uma parceria entre USF, Instituto Teol\u00f3gico Franciscano e FAE, ser\u00e1\u00a0<strong><span style=\"font-family: 'Helvetica',sans-serif;\">gratuito<\/span><\/strong> e contar\u00e1 com diversas atividades como: palestras, mesas redondas, comunica\u00e7\u00f5es orais, lan\u00e7amentos de livros, apresenta\u00e7\u00e3o de pesquisas de inicia\u00e7\u00e3o cient\u00edfica, al\u00e9m de momentos culturais. <strong>As inscri\u00e7\u00f5es sem submiss\u00e3o de trabalho podem ser feitas at\u00e9 o dia 19 de junho.<\/strong><\/span><\/p>\n<p style=\"margin: 0cm; margin-bottom: .0001pt; line-height: 16.8pt; background: white;\"><span style=\"font-family: 'Helvetica',sans-serif; color: #333333;\">Saiba mais:\u00a0<\/span><a href=\"https:\/\/www.usf.edu.br\/eventos\/eventos-historico-exibir.vm?id=207092909\"><span style=\"font-family: 'Helvetica',sans-serif; color: #666666;\">https:\/\/www.usf.edu.br\/eventos\/eventos-historico-exibir.vm?id=207092909<\/span><\/a><\/p>\n<p style=\"line-height: 16.8pt; background: white; margin: 11.25pt 0cm 11.25pt 0cm;\"><span style=\"font-family: 'Helvetica',sans-serif; color: #333333;\">Algumas palestras ser\u00e3o oferecidas no formato h\u00edbrido (presencial e on-line). Os links ser\u00e3o disponibilizados pr\u00f3ximos as datas de realiza\u00e7\u00e3o das atividades.<\/span><\/p>\n<p style=\"margin: 0cm; margin-bottom: .0001pt; line-height: 16.8pt; background: white;\"><strong><span style=\"font-family: 'Helvetica',sans-serif; color: #333333;\">Programa\u00e7\u00e3o \u2013\u00a019\/06<\/span><\/strong><\/p>\n<p style=\"margin: 0cm; margin-bottom: .0001pt; line-height: 16.8pt; background: white;\"><strong><span style=\"font-family: 'Helvetica',sans-serif; color: #333333;\">09h\u00a0\u2013\u00a0<\/span><\/strong><span style=\"font-family: 'Helvetica',sans-serif; color: #333333;\">Credenciamento (Presencial)<br \/>\n<strong><span style=\"font-family: 'Helvetica',sans-serif;\">10h\u00a0\u2013\u00a0\u00a0<\/span><\/strong>Abertura Jubileus Franciscanos (Presencial)<br \/>\n<strong><span style=\"font-family: 'Helvetica',sans-serif;\">Moderadores:\u00a0\u00a0<\/span><\/strong>Prof. Sandro Roberto da Costa, Instituto Teol\u00f3gico Franciscano \u2013 ITF; Prof. Gilberto Gon\u00e7alves Garcia, USF; Prof. Jorge Ap\u00f3stolos Siarcos, FAE Centro Universit\u00e1rio; Profa. Renata Bernardo, USF.<br \/>\n<strong><span style=\"font-family: 'Helvetica',sans-serif;\">Modalidade:\u00a0Presencial com transmiss\u00e3o via Youtube.<\/span><\/strong><br \/>\n<strong><span style=\"font-family: 'Helvetica',sans-serif;\">Link de transmiss\u00e3o:<\/span><\/strong>\u00a0<\/span><a href=\"https:\/\/youtube.com\/live\/PkUPIdv6BGo?feature=share%5d\"><span style=\"font-family: 'Helvetica',sans-serif; color: #666666;\">https:\/\/youtube.com\/live\/PkUPIdv6BGo?feature=share]<\/span><\/a><span style=\"font-family: 'Helvetica',sans-serif; color: #333333;\"><br \/>\n<strong><span style=\"font-family: 'Helvetica',sans-serif;\">10h30 \u2013 11h30 \u2013\u00a0<\/span><\/strong>Palestra:\u00a0A Regra de Francisco: um texto na hist\u00f3ria (La Regola di Francesco: un testo nella storia)<br \/>\n<strong><span style=\"font-family: 'Helvetica',sans-serif;\">Palestrante:\u00a0<\/span><\/strong>Daniele Solvi \u2013 professor de Literatura Latina Medieval e Human\u00edstica na Universidade Campania Luigi Vanvitelli (It\u00e1lia), membro da AISSCA (Associazione Italiana per lo Studio della Santit\u00e0, dei Culti e dell&amp;#39;Agiografia, Rome), do SISF (Societ\u00e0 Internazionale di Studi rancescani, Assisi) e do Centro Internacional de Estudos e Pesquisas Franciscanas.<br \/>\n<strong><span style=\"font-family: 'Helvetica',sans-serif;\">Moderador:\u00a0<\/span><\/strong>Prof. Jo\u00e3o Mannes<br \/>\n<strong><span style=\"font-family: 'Helvetica',sans-serif;\">Modalidade:\u00a0<\/span><\/strong>Presencial com transmiss\u00e3o via Youtube<br \/>\n<strong><span style=\"font-family: 'Helvetica',sans-serif;\">Link de transmiss\u00e3o:<\/span><\/strong>\u00a0<\/span><a href=\"https:\/\/youtube.com\/live\/PkUPIdv6BGo?feature=share\"><span style=\"font-family: 'Helvetica',sans-serif; color: #666666;\">https:\/\/youtube.com\/live\/PkUPIdv6BGo?feature=share<\/span><\/a><\/p>\n<p style=\"margin: 0cm; margin-bottom: .0001pt; line-height: 16.8pt; background: white;\"><strong><span style=\"font-family: 'Helvetica',sans-serif; color: #333333;\">_______________________________________________________<\/span><\/strong><\/p>\n<p style=\"margin: 0cm; margin-bottom: .0001pt; line-height: 16.8pt; background: white;\"><strong><span style=\"font-family: 'Helvetica',sans-serif; color: #333333;\">12h \u2013\u00a0Almo\u00e7o<\/span><\/strong><span style=\"font-family: 'Helvetica',sans-serif; color: #333333;\"><br \/>\n<strong><span style=\"font-family: 'Helvetica',sans-serif;\">14h \u2013\u00a015h\u00a0\u2013\u00a0<\/span><\/strong>Mesa-Redonda: Os desafios do franciscanismo na contemporaneidade<br \/>\n<strong><span style=\"font-family: 'Helvetica',sans-serif;\">Palestrantes:\u00a0<\/span><\/strong>Profa. Moema Miranda, Profa. Rosangela Pezoti; Prof. Alberto Moreira, Prof. Eduardo Brasileiro, Frei Marcelo Toyansk.<br \/>\nModerador:\u00a0Prof.\u00a0Allan da Silva Coelho.<br \/>\n<strong><span style=\"font-family: 'Helvetica',sans-serif;\">Link de transmiss\u00e3o<\/span><\/strong>:\u00a0<\/span><a href=\"https:\/\/youtube.com\/live\/0sLyd8Yrq0Q?feature=share\"><span style=\"font-family: 'Helvetica',sans-serif; color: #666666;\">https:\/\/youtube.com\/live\/0sLyd8Yrq0Q?feature=share<\/span><\/a><span style=\"font-family: 'Helvetica',sans-serif; color: #333333;\"><br \/>\n<strong><span style=\"font-family: 'Helvetica',sans-serif;\">17h30 \u2013 19h \u2013<\/span><\/strong>\u00a0Intervalo<br \/>\n<strong><span style=\"font-family: 'Helvetica',sans-serif;\">19h \u2013\u00a0<\/span><\/strong>Palestra:\u00a0O pres\u00e9pio de Greccio<br \/>\n<strong><span style=\"font-family: 'Helvetica',sans-serif;\">Palestrante:\u00a0<\/span><\/strong>Leonardo Boff<br \/>\n<strong><span style=\"font-family: 'Helvetica',sans-serif;\">Moderador:\u00a0<\/span><\/strong>Prof. Vit\u00f3rio Mazzuco<br \/>\n<strong><span style=\"font-family: 'Helvetica',sans-serif;\">Link de transmiss\u00e3o:<\/span><\/strong>\u00a0<\/span><a href=\"https:\/\/youtube.com\/live\/E3v_pq8r1lA?feature=share\"><span style=\"font-family: 'Helvetica',sans-serif; color: #666666;\">https:\/\/youtube.com\/live\/E3v_pq8r1lA?feature=share<\/span><\/a><\/p>\n<p style=\"margin: 0cm; margin-bottom: .0001pt; line-height: 16.8pt; background: white;\"><strong><span style=\"font-family: 'Helvetica',sans-serif; color: #333333;\">________________________________________________________<\/span><\/strong><\/p>\n<p style=\"margin: 0cm; margin-bottom: .0001pt; line-height: 16.8pt; background: white;\"><strong><span style=\"font-family: 'Helvetica',sans-serif; color: #333333;\">Programa\u00e7\u00e3o \u2013 20\/06<\/span><\/strong><span style=\"font-family: 'Helvetica',sans-serif; color: #333333;\"><br \/>\n<strong><span style=\"font-family: 'Helvetica',sans-serif;\">09h \u2013 Palestra:\u00a0<\/span><\/strong>Apparuit Effigies: os estigmas entre textos, imagens e meoria (Apparuit effigies: le stigmate fra testi, immagini e mem\u00f3ria) Palestrante:\u00a0Adelaide Ricci \u2013 \u00e9 professora na Universidade de Pavia, nas \u00e1reas de investiga\u00e7\u00e3o:\u00a0 hist\u00f3ria dos indigentes e das institui\u00e7\u00f5es de assist\u00eancia social na Idade M\u00e9dia (norte da It\u00e1lia); hist\u00f3ria urbana; Cremona medieval; territ\u00f3rio e topon\u00edmia (\u00e1rea da Lombardia e Emilia Romagna); polissemia e \u201cmaravilhoso\u201d na Idade M\u00e9dia; fontes e textos medievais, especialmente da tradi\u00e7\u00e3o hagiogr\u00e1fica.<\/span><\/p>\n<p style=\"margin: 0cm; margin-bottom: .0001pt; line-height: 16.8pt; background: white;\"><strong><span style=\"font-family: 'Helvetica',sans-serif; color: #333333;\">Moderador:\u00a0<\/span><\/strong><span style=\"font-family: 'Helvetica',sans-serif; color: #333333;\">Prof. Gilberto da Silva<br \/>\n<strong><span style=\"font-family: 'Helvetica',sans-serif;\">Link de transmiss\u00e3o:<\/span><\/strong>\u00a0<\/span><a href=\"https:\/\/youtube.com\/live\/iFVcDdJMnCI?feature=share\"><span style=\"font-family: 'Helvetica',sans-serif; color: #666666;\">https:\/\/youtube.com\/live\/iFVcDdJMnCI?feature=share<\/span><\/a><\/p>\n<p style=\"margin: 0cm; margin-bottom: .0001pt; line-height: 16.8pt; background: white;\"><strong><span style=\"font-family: 'Helvetica',sans-serif; color: #333333;\">_________________________________________________________<\/span><\/strong><\/p>\n<p style=\"margin: 0cm; margin-bottom: .0001pt; line-height: 16.8pt; background: white;\"><strong><span style=\"font-family: 'Helvetica',sans-serif; color: #333333;\">12h \u2013\u00a0<\/span><\/strong><span style=\"font-family: 'Helvetica',sans-serif; color: #333333;\">Almo\u00e7o<br \/>\n<strong><span style=\"font-family: 'Helvetica',sans-serif;\">14h \u2013 17h30 \u2013\u00a0<\/span><\/strong>Comunica\u00e7\u00f5es: Grupos de Pesquisa (Presencial)<br \/>\n<strong><span style=\"font-family: 'Helvetica',sans-serif;\">17h30 \u2013 19h \u2013\u00a0<\/span><\/strong>Intervalo<br \/>\n<strong><span style=\"font-family: 'Helvetica',sans-serif;\">18h \u2013 19h30 \u2013\u00a0<\/span><\/strong>Palestra: Regra bulada, pres\u00e9pio, estigma, luzes para a atualidade do franciscanismo<br \/>\n<strong><span style=\"font-family: 'Helvetica',sans-serif;\">Modalidade:\u00a0<\/span><\/strong>Presencial com transmiss\u00e3o via Youtube.<br \/>\n<strong><span style=\"font-family: 'Helvetica',sans-serif;\">Link de transmiss\u00e3o:<\/span><\/strong>\u00a0<\/span><a href=\"https:\/\/youtube.com\/live\/dYv20AfsEOk?feature=share\"><span style=\"font-family: 'Helvetica',sans-serif; color: #666666;\">https:\/\/youtube.com\/live\/dYv20AfsEOk?feature=share<\/span><\/a><\/p>\n<hr \/>\n<p style=\"margin: 0cm; margin-bottom: .0001pt; line-height: 16.8pt; background: white;\"><em>Ana Paula Moreira<\/em><\/p>\n","protected":false},"excerpt":{"rendered":"<p>O Instituto Teol\u00f3gico Franciscano (ITF), a FAE \u2013 Centro Universit\u00e1rio e a Universidade S\u00e3o Francisco (USF) promovem nos dias 19 e 20 de junho, o\u00a0VII Congresso Internacional Franciscano, no C\u00e2mpus Sagrado Cora\u00e7\u00e3o, em Campinas. Nesta edi\u00e7\u00e3o, a tem\u00e1tica ser\u00e1\u00a0\u201cRegra Bulada, Pres\u00e9pio, Estigma: Luzes para a atualidade do franciscanismo\u201d. \u00a0 Todas as atividades s\u00e3o gratuitas e [&hellip;]<\/p>\n","protected":false},"author":11,"featured_media":248139,"comment_status":"open","ping_status":"open","sticky":false,"template":"","format":"standard","meta":[],"categories":[1],"tags":[189,354],"acf":[],"yoast_head":"<!-- This site is optimized with the Yoast SEO plugin v19.2 - https:\/\/yoast.com\/wordpress\/plugins\/seo\/ -->\n<title>Participe do VII Congresso Internacional Franciscano - Not\u00edcias - Franciscanos<\/title>\n<meta name=\"robots\" content=\"index, follow, max-snippet:-1, max-image-preview:large, max-video-preview:-1\" \/>\n<link rel=\"canonical\" href=\"https:\/\/franciscanos.org.br\/noticias\/participe-do-vii-congresso-internacional-franciscano.html\" \/>\n<meta property=\"og:locale\" content=\"pt_BR\" \/>\n<meta property=\"og:type\" content=\"article\" \/>\n<meta property=\"og:title\" content=\"Participe do VII Congresso Internacional Franciscano - Not\u00edcias - Franciscanos\" \/>\n<meta property=\"og:description\" content=\"O Instituto Teol\u00f3gico Franciscano (ITF), a FAE \u2013 Centro Universit\u00e1rio e a Universidade S\u00e3o Francisco (USF) promovem nos dias 19 e 20 de junho, o\u00a0VII Congresso Internacional Franciscano, no C\u00e2mpus Sagrado Cora\u00e7\u00e3o, em Campinas. Nesta edi\u00e7\u00e3o, a tem\u00e1tica ser\u00e1\u00a0\u201cRegra Bulada, Pres\u00e9pio, Estigma: Luzes para a atualidade do franciscanismo\u201d. \u00a0 Todas as atividades s\u00e3o gratuitas e [&hellip;]\" \/>\n<meta property=\"og:url\" content=\"https:\/\/franciscanos.org.br\/noticias\/participe-do-vii-congresso-internacional-franciscano.html\" \/>\n<meta property=\"og:site_name\" content=\"Not\u00edcias - Franciscanos\" \/>\n<meta property=\"article:published_time\" content=\"2024-06-06T18:51:16+00:00\" \/>\n<meta property=\"og:image\" content=\"https:\/\/franciscanos.org.br\/noticias\/wp-content\/uploads\/2024\/06\/WhatsApp-Image-2024-05-06-at-10.33.22.jpeg\" \/>\n\t<meta property=\"og:image:width\" content=\"1080\" \/>\n\t<meta property=\"og:image:height\" content=\"1080\" \/>\n\t<meta property=\"og:image:type\" content=\"image\/jpeg\" \/>\n<meta name=\"author\" content=\"Adriana Rabelo\" \/>\n<meta name=\"twitter:card\" content=\"summary_large_image\" \/>\n<meta name=\"twitter:label1\" content=\"Escrito por\" \/>\n\t<meta name=\"twitter:data1\" content=\"Adriana Rabelo\" \/>\n\t<meta name=\"twitter:label2\" content=\"Est. tempo de leitura\" \/>\n\t<meta name=\"twitter:data2\" content=\"3 minutos\" \/>\n<script type=\"application\/ld+json\" class=\"yoast-schema-graph\">{\"@context\":\"https:\/\/schema.org\",\"@graph\":[{\"@type\":\"WebSite\",\"@id\":\"https:\/\/franciscanos.org.br\/noticias\/#website\",\"url\":\"https:\/\/franciscanos.org.br\/noticias\/\",\"name\":\"Not\u00edcias - Franciscanos\",\"description\":\"Prov\u00edncia Franciscana da Imaculada Concei\u00e7\u00e3o do Brasil - Ordem dos Frades Menores - OFM\",\"potentialAction\":[{\"@type\":\"SearchAction\",\"target\":{\"@type\":\"EntryPoint\",\"urlTemplate\":\"https:\/\/franciscanos.org.br\/noticias\/?s={search_term_string}\"},\"query-input\":\"required name=search_term_string\"}],\"inLanguage\":\"pt-BR\"},{\"@type\":\"ImageObject\",\"inLanguage\":\"pt-BR\",\"@id\":\"https:\/\/franciscanos.org.br\/noticias\/participe-do-vii-congresso-internacional-franciscano.html#primaryimage\",\"url\":\"https:\/\/franciscanos.org.br\/noticias\/wp-content\/uploads\/2024\/06\/WhatsApp-Image-2024-05-06-at-10.33.22.jpeg\",\"contentUrl\":\"https:\/\/franciscanos.org.br\/noticias\/wp-content\/uploads\/2024\/06\/WhatsApp-Image-2024-05-06-at-10.33.22.jpeg\",\"width\":1080,\"height\":1080},{\"@type\":\"WebPage\",\"@id\":\"https:\/\/franciscanos.org.br\/noticias\/participe-do-vii-congresso-internacional-franciscano.html#webpage\",\"url\":\"https:\/\/franciscanos.org.br\/noticias\/participe-do-vii-congresso-internacional-franciscano.html\",\"name\":\"Participe do VII Congresso Internacional Franciscano - Not\u00edcias - Franciscanos\",\"isPartOf\":{\"@id\":\"https:\/\/franciscanos.org.br\/noticias\/#website\"},\"primaryImageOfPage\":{\"@id\":\"https:\/\/franciscanos.org.br\/noticias\/participe-do-vii-congresso-internacional-franciscano.html#primaryimage\"},\"datePublished\":\"2024-06-06T18:51:16+00:00\",\"dateModified\":\"2024-06-06T18:51:16+00:00\",\"author\":{\"@id\":\"https:\/\/franciscanos.org.br\/noticias\/#\/schema\/person\/d9422e83121c3ad3b0f423d195f5bb25\"},\"breadcrumb\":{\"@id\":\"https:\/\/franciscanos.org.br\/noticias\/participe-do-vii-congresso-internacional-franciscano.html#breadcrumb\"},\"inLanguage\":\"pt-BR\",\"potentialAction\":[{\"@type\":\"ReadAction\",\"target\":[\"https:\/\/franciscanos.org.br\/noticias\/participe-do-vii-congresso-internacional-franciscano.html\"]}]},{\"@type\":\"BreadcrumbList\",\"@id\":\"https:\/\/franciscanos.org.br\/noticias\/participe-do-vii-congresso-internacional-franciscano.html#breadcrumb\",\"itemListElement\":[{\"@type\":\"ListItem\",\"position\":1,\"name\":\"Home\",\"item\":\"https:\/\/franciscanos.org.br\/noticias\"},{\"@type\":\"ListItem\",\"position\":2,\"name\":\"Participe do VII Congresso Internacional Franciscano\"}]},{\"@type\":\"Person\",\"@id\":\"https:\/\/franciscanos.org.br\/noticias\/#\/schema\/person\/d9422e83121c3ad3b0f423d195f5bb25\",\"name\":\"Adriana Rabelo\",\"image\":{\"@type\":\"ImageObject\",\"inLanguage\":\"pt-BR\",\"@id\":\"https:\/\/franciscanos.org.br\/noticias\/#\/schema\/person\/image\/\",\"url\":\"https:\/\/secure.gravatar.com\/avatar\/0a937b7500cd7df77540cfb8bede877d?s=96&d=mm&r=g\",\"contentUrl\":\"https:\/\/secure.gravatar.com\/avatar\/0a937b7500cd7df77540cfb8bede877d?s=96&d=mm&r=g\",\"caption\":\"Adriana Rabelo\"},\"url\":\"https:\/\/franciscanos.org.br\/noticias\/author\/adrianarabelo\"}]}<\/script>\n<!-- \/ Yoast SEO plugin. -->","yoast_head_json":{"title":"Participe do VII Congresso Internacional Franciscano - Not\u00edcias - Franciscanos","robots":{"index":"index","follow":"follow","max-snippet":"max-snippet:-1","max-image-preview":"max-image-preview:large","max-video-preview":"max-video-preview:-1"},"canonical":"https:\/\/franciscanos.org.br\/noticias\/participe-do-vii-congresso-internacional-franciscano.html","og_locale":"pt_BR","og_type":"article","og_title":"Participe do VII Congresso Internacional Franciscano - Not\u00edcias - Franciscanos","og_description":"O Instituto Teol\u00f3gico Franciscano (ITF), a FAE \u2013 Centro Universit\u00e1rio e a Universidade S\u00e3o Francisco (USF) promovem nos dias 19 e 20 de junho, o\u00a0VII Congresso Internacional Franciscano, no C\u00e2mpus Sagrado Cora\u00e7\u00e3o, em Campinas. Nesta edi\u00e7\u00e3o, a tem\u00e1tica ser\u00e1\u00a0\u201cRegra Bulada, Pres\u00e9pio, Estigma: Luzes para a atualidade do franciscanismo\u201d. \u00a0 Todas as atividades s\u00e3o gratuitas e [&hellip;]","og_url":"https:\/\/franciscanos.org.br\/noticias\/participe-do-vii-congresso-internacional-franciscano.html","og_site_name":"Not\u00edcias - Franciscanos","article_published_time":"2024-06-06T18:51:16+00:00","og_image":[{"width":1080,"height":1080,"url":"https:\/\/franciscanos.org.br\/noticias\/wp-content\/uploads\/2024\/06\/WhatsApp-Image-2024-05-06-at-10.33.22.jpeg","type":"image\/jpeg"}],"author":"Adriana Rabelo","twitter_card":"summary_large_image","twitter_misc":{"Escrito por":"Adriana Rabelo","Est. tempo de leitura":"3 minutos"},"schema":{"@context":"https:\/\/schema.org","@graph":[{"@type":"WebSite","@id":"https:\/\/franciscanos.org.br\/noticias\/#website","url":"https:\/\/franciscanos.org.br\/noticias\/","name":"Not\u00edcias - Franciscanos","description":"Prov\u00edncia Franciscana da Imaculada Concei\u00e7\u00e3o do Brasil - Ordem dos Frades Menores - OFM","potentialAction":[{"@type":"SearchAction","target":{"@type":"EntryPoint","urlTemplate":"https:\/\/franciscanos.org.br\/noticias\/?s={search_term_string}"},"query-input":"required name=search_term_string"}],"inLanguage":"pt-BR"},{"@type":"ImageObject","inLanguage":"pt-BR","@id":"https:\/\/franciscanos.org.br\/noticias\/participe-do-vii-congresso-internacional-franciscano.html#primaryimage","url":"https:\/\/franciscanos.org.br\/noticias\/wp-content\/uploads\/2024\/06\/WhatsApp-Image-2024-05-06-at-10.33.22.jpeg","contentUrl":"https:\/\/franciscanos.org.br\/noticias\/wp-content\/uploads\/2024\/06\/WhatsApp-Image-2024-05-06-at-10.33.22.jpeg","width":1080,"height":1080},{"@type":"WebPage","@id":"https:\/\/franciscanos.org.br\/noticias\/participe-do-vii-congresso-internacional-franciscano.html#webpage","url":"https:\/\/franciscanos.org.br\/noticias\/participe-do-vii-congresso-internacional-franciscano.html","name":"Participe do VII Congresso Internacional Franciscano - Not\u00edcias - Franciscanos","isPartOf":{"@id":"https:\/\/franciscanos.org.br\/noticias\/#website"},"primaryImageOfPage":{"@id":"https:\/\/franciscanos.org.br\/noticias\/participe-do-vii-congresso-internacional-franciscano.html#primaryimage"},"datePublished":"2024-06-06T18:51:16+00:00","dateModified":"2024-06-06T18:51:16+00:00","author":{"@id":"https:\/\/franciscanos.org.br\/noticias\/#\/schema\/person\/d9422e83121c3ad3b0f423d195f5bb25"},"breadcrumb":{"@id":"https:\/\/franciscanos.org.br\/noticias\/participe-do-vii-congresso-internacional-franciscano.html#breadcrumb"},"inLanguage":"pt-BR","potentialAction":[{"@type":"ReadAction","target":["https:\/\/franciscanos.org.br\/noticias\/participe-do-vii-congresso-internacional-franciscano.html"]}]},{"@type":"BreadcrumbList","@id":"https:\/\/franciscanos.org.br\/noticias\/participe-do-vii-congresso-internacional-franciscano.html#breadcrumb","itemListElement":[{"@type":"ListItem","position":1,"name":"Home","item":"https:\/\/franciscanos.org.br\/noticias"},{"@type":"ListItem","position":2,"name":"Participe do VII Congresso Internacional Franciscano"}]},{"@type":"Person","@id":"https:\/\/franciscanos.org.br\/noticias\/#\/schema\/person\/d9422e83121c3ad3b0f423d195f5bb25","name":"Adriana Rabelo","image":{"@type":"ImageObject","inLanguage":"pt-BR","@id":"https:\/\/franciscanos.org.br\/noticias\/#\/schema\/person\/image\/","url":"https:\/\/secure.gravatar.com\/avatar\/0a937b7500cd7df77540cfb8bede877d?s=96&d=mm&r=g","contentUrl":"https:\/\/secure.gravatar.com\/avatar\/0a937b7500cd7df77540cfb8bede877d?s=96&d=mm&r=g","caption":"Adriana Rabelo"},"url":"https:\/\/franciscanos.org.br\/noticias\/author\/adrianarabelo"}]}},"_links":{"self":[{"href":"https:\/\/franciscanos.org.br\/noticias\/wp-json\/wp\/v2\/posts\/248138"}],"collection":[{"href":"https:\/\/franciscanos.org.br\/noticias\/wp-json\/wp\/v2\/posts"}],"about":[{"href":"https:\/\/franciscanos.org.br\/noticias\/wp-json\/wp\/v2\/types\/post"}],"author":[{"embeddable":true,"href":"https:\/\/franciscanos.org.br\/noticias\/wp-json\/wp\/v2\/users\/11"}],"replies":[{"embeddable":true,"href":"https:\/\/franciscanos.org.br\/noticias\/wp-json\/wp\/v2\/comments?post=248138"}],"version-history":[{"count":1,"href":"https:\/\/franciscanos.org.br\/noticias\/wp-json\/wp\/v2\/posts\/248138\/revisions"}],"predecessor-version":[{"id":248140,"href":"https:\/\/franciscanos.org.br\/noticias\/wp-json\/wp\/v2\/posts\/248138\/revisions\/248140"}],"wp:featuredmedia":[{"embeddable":true,"href":"https:\/\/franciscanos.org.br\/noticias\/wp-json\/wp\/v2\/media\/248139"}],"wp:attachment":[{"href":"https:\/\/franciscanos.org.br\/noticias\/wp-json\/wp\/v2\/media?parent=248138"}],"wp:term":[{"taxonomy":"category","embeddable":true,"href":"https:\/\/franciscanos.org.br\/noticias\/wp-json\/wp\/v2\/categories?post=248138"},{"taxonomy":"post_tag","embeddable":true,"href":"https:\/\/franciscanos.org.br\/noticias\/wp-json\/wp\/v2\/tags?post=248138"}],"curies":[{"name":"wp","href":"https:\/\/api.w.org\/{rel}","templated":true}]}}