{"id":248121,"date":"2024-06-06T11:53:00","date_gmt":"2024-06-06T14:53:00","guid":{"rendered":"https:\/\/franciscanos.org.br\/noticias\/?p=248121"},"modified":"2024-06-06T14:44:27","modified_gmt":"2024-06-06T17:44:27","slug":"trezena-de-santo-antonioem-curitiba-reforca-a-importancia-da-vida-em-fraternidade","status":"publish","type":"post","link":"https:\/\/franciscanos.org.br\/noticias\/trezena-de-santo-antonioem-curitiba-reforca-a-importancia-da-vida-em-fraternidade.html","title":{"rendered":"Trezena de Santo Ant\u00f4nio,em Curitiba, refor\u00e7a a import\u00e2ncia da vida em fraternidade"},"content":{"rendered":"<p><img loading=\"lazy\" class=\"aligncenter wp-image-248122 size-full\" src=\"https:\/\/franciscanos.org.br\/noticias\/wp-content\/uploads\/2024\/06\/IMG_0547-scaled.jpg\" alt=\"\" width=\"1920\" height=\"1280\" srcset=\"https:\/\/franciscanos.org.br\/noticias\/wp-content\/uploads\/2024\/06\/IMG_0547-scaled.jpg 1920w, https:\/\/franciscanos.org.br\/noticias\/wp-content\/uploads\/2024\/06\/IMG_0547-450x300.jpg 450w, https:\/\/franciscanos.org.br\/noticias\/wp-content\/uploads\/2024\/06\/IMG_0547-1024x683.jpg 1024w, https:\/\/franciscanos.org.br\/noticias\/wp-content\/uploads\/2024\/06\/IMG_0547-768x512.jpg 768w, https:\/\/franciscanos.org.br\/noticias\/wp-content\/uploads\/2024\/06\/IMG_0547-1536x1024.jpg 1536w, https:\/\/franciscanos.org.br\/noticias\/wp-content\/uploads\/2024\/06\/IMG_0547-2048x1365.jpg 2048w, https:\/\/franciscanos.org.br\/noticias\/wp-content\/uploads\/2024\/06\/IMG_0547-150x100.jpg 150w\" sizes=\"(max-width: 1920px) 100vw, 1920px\" \/><\/p>\n<p>A trezena da festa de Santo Ant\u00f4nio, da Par\u00f3quia Senhor Bom Jesus dos Perd\u00f5es, em Curitiba (PR), continua movimentando e acolhendo a comunidade. A partir do tema: \u201cSanto Ant\u00f4nio, nosso amigo, nosso irm\u00e3o!\u201d, Frei Florival Mariano de Toledo, vig\u00e1rio paroquial, abriu sua reflex\u00e3o do quarto dia da trezena questionando a capacidade do ser humano de viver para si mesmo, fechado em si, com atitudes de exclus\u00e3o.<\/p>\n<p>\u201cAtitudes como essa n\u00e3o geram vida. De que lado que eu fico nessa caminhada da vida? O que fazemos? Quais s\u00e3o as nossas a\u00e7\u00f5es? \u201d. Ele tamb\u00e9m acrescentou o caminho que deve ser percorrido para sair do \u201censimesmamento\u201d. \u201cPara estarmos nessa disposi\u00e7\u00e3o de amar e se sentir irm\u00e3o, vivendo nessa irmandade, passamos pela caridade, e essa caridade \u00e9 Cristo! Se hoje estamos aqui celebrando, depois de 800 anos, a figura de Ant\u00f4nio \u00e9 porque ele viveu o projeto de Cristo, entre irm\u00e3os e na caridade\u201d, ressaltou o frade.<\/p>\n<p>Na capital paranaense, a devo\u00e7\u00e3o ao santo \u00e9 forte e os \u201cn\u00f3s de Santo Ant\u00f4nio\u201d, refor\u00e7a ainda mais a proximidade com os fi\u00e9is. Na par\u00f3quia, os devotos encontram alguns barbantes \u00e0 disposi\u00e7\u00e3o, pr\u00f3ximo \u00e0 imagem do santo. Conforme fazem os n\u00f3s, entregam suas s\u00faplicas a Deus, por interm\u00e9dio de Santo Ant\u00f4nio. A devo\u00e7\u00e3o remete aos milagres operados atrav\u00e9s do c\u00edngulo, cord\u00e3o que os frades carregam \u00e0 altura da cintura, de S\u00e3o Francisco e de tantos outros frades que temos relatos.<img loading=\"lazy\" class=\"size-medium wp-image-248123 alignright\" src=\"https:\/\/franciscanos.org.br\/noticias\/wp-content\/uploads\/2024\/06\/IMG_0418-450x300.jpg\" alt=\"\" width=\"450\" height=\"300\" srcset=\"https:\/\/franciscanos.org.br\/noticias\/wp-content\/uploads\/2024\/06\/IMG_0418-450x300.jpg 450w, https:\/\/franciscanos.org.br\/noticias\/wp-content\/uploads\/2024\/06\/IMG_0418-1024x683.jpg 1024w, https:\/\/franciscanos.org.br\/noticias\/wp-content\/uploads\/2024\/06\/IMG_0418-768x512.jpg 768w, https:\/\/franciscanos.org.br\/noticias\/wp-content\/uploads\/2024\/06\/IMG_0418-1536x1024.jpg 1536w, https:\/\/franciscanos.org.br\/noticias\/wp-content\/uploads\/2024\/06\/IMG_0418-2048x1365.jpg 2048w, https:\/\/franciscanos.org.br\/noticias\/wp-content\/uploads\/2024\/06\/IMG_0418-150x100.jpg 150w, https:\/\/franciscanos.org.br\/noticias\/wp-content\/uploads\/2024\/06\/IMG_0418-scaled.jpg 1920w\" sizes=\"(max-width: 450px) 100vw, 450px\" \/><\/p>\n<p>J\u00e1 no quinto dia da trezena, Frei M\u00e1rio Jos\u00e9 Knapik, guardi\u00e3o da Fraternidade Franciscana de Bom Jesus da Aldeia, defendeu a vida de Santo Ant\u00f4nio como exemplo a ser seguido, modelo de virtudes para todos os crist\u00e3os. Entre elas, Frei M\u00e1rio ressaltou a humildade e o servi\u00e7o do santo e padroeiro dos pobres. \u201cO outro \u00e9 sempre um irm\u00e3o que precisamos acolher, conhecer e apreciar. Nossas diferen\u00e7as s\u00e3o riquezas, afinal, estamos todos unidos pelo mesmo Cristo Senhor. Irm\u00e3o n\u00e3o s\u00e3o aqueles que escolhemos, mas aqueles que nos s\u00e3o dados por Deus e \u00e9 com eles que devemos buscar a santidade\u201d, finalizou.<\/p>\n<p>O sexto dia marcou a metade dos festejos deste ano, na Par\u00f3quia Bom Jesus dos Perd\u00f5es, que est\u00e1 em sua 30\u00aa edi\u00e7\u00e3o. Frei Florival, fez sua reflex\u00e3o partindo de uma pergunta \u201cVoc\u00ea vive a sua f\u00e9 com um p\u00e9 dentro e outro fora, na espera de que algu\u00e9m te ofere\u00e7a algo melhor? \u201d O frade reafirmou que \u00e9 preciso coragem para abra\u00e7ar e acreditar para adentrar o mist\u00e9rio da f\u00e9, da ressurrei\u00e7\u00e3o de Cristo. \u201cSe tiv\u00e9ssemos certeza disso [da ressurrei\u00e7\u00e3o], o que mudaria na sua vida? Voc\u00ea se esfor\u00e7aria para ser uma pessoa melhor? Mais fraterna? \u201d.<\/p>\n<p>Segundo ele, o caminho da fraternidade \u00e9 dif\u00edcil, mas \u00e9 nesse mist\u00e9rio da ressurrei\u00e7\u00e3o, na figura de Cristo que se fez nosso irm\u00e3o e soube dialogar com os demais, que constru\u00edmos nossa rela\u00e7\u00e3o com o outro. \u201c\u00c9 na fraternidade que somos salvos e salvamos os irm\u00e3os\u201d. Que o exemplo de vida de nosso irm\u00e3o, nos inspire na caminhada fraterna\u201d, salientou o vig\u00e1rio paroquial.<\/p>\n<hr \/>\n<p><em>Frei Gilberto Costa e Adriana Rabelo<\/em><\/p>\n\n\t\t<style type=\"text\/css\">\n\t\t\t#gallery-1 {\n\t\t\t\tmargin: auto;\n\t\t\t}\n\t\t\t#gallery-1 .gallery-item {\n\t\t\t\tfloat: left;\n\t\t\t\tmargin-top: 10px;\n\t\t\t\ttext-align: center;\n\t\t\t\twidth: 25%;\n\t\t\t}\n\t\t\t#gallery-1 img {\n\t\t\t\tborder: 2px solid #cfcfcf;\n\t\t\t}\n\t\t\t#gallery-1 .gallery-caption {\n\t\t\t\tmargin-left: 0;\n\t\t\t}\n\t\t\t\/* see gallery_shortcode() in wp-includes\/media.php *\/\n\t\t<\/style>\n\t\t<div id='gallery-1' class='gallery galleryid-248121 gallery-columns-4 gallery-size-medium'><dl class='gallery-item'>\n\t\t\t<dt class='gallery-icon landscape'>\n\t\t\t\t<a href='https:\/\/franciscanos.org.br\/noticias\/wp-content\/uploads\/2024\/06\/IMG_0376-scaled.jpg'><img width=\"450\" height=\"300\" src=\"https:\/\/franciscanos.org.br\/noticias\/wp-content\/uploads\/2024\/06\/IMG_0376-450x300.jpg\" class=\"attachment-medium size-medium\" alt=\"\" loading=\"lazy\" srcset=\"https:\/\/franciscanos.org.br\/noticias\/wp-content\/uploads\/2024\/06\/IMG_0376-450x300.jpg 450w, https:\/\/franciscanos.org.br\/noticias\/wp-content\/uploads\/2024\/06\/IMG_0376-1024x683.jpg 1024w, https:\/\/franciscanos.org.br\/noticias\/wp-content\/uploads\/2024\/06\/IMG_0376-768x512.jpg 768w, https:\/\/franciscanos.org.br\/noticias\/wp-content\/uploads\/2024\/06\/IMG_0376-1536x1024.jpg 1536w, https:\/\/franciscanos.org.br\/noticias\/wp-content\/uploads\/2024\/06\/IMG_0376-2048x1365.jpg 2048w, https:\/\/franciscanos.org.br\/noticias\/wp-content\/uploads\/2024\/06\/IMG_0376-150x100.jpg 150w, https:\/\/franciscanos.org.br\/noticias\/wp-content\/uploads\/2024\/06\/IMG_0376-scaled.jpg 1920w\" sizes=\"(max-width: 450px) 100vw, 450px\" \/><\/a>\n\t\t\t<\/dt><\/dl><dl class='gallery-item'>\n\t\t\t<dt class='gallery-icon landscape'>\n\t\t\t\t<a href='https:\/\/franciscanos.org.br\/noticias\/wp-content\/uploads\/2024\/06\/IMG_0482-scaled.jpg'><img width=\"450\" height=\"300\" src=\"https:\/\/franciscanos.org.br\/noticias\/wp-content\/uploads\/2024\/06\/IMG_0482-450x300.jpg\" class=\"attachment-medium size-medium\" alt=\"\" loading=\"lazy\" srcset=\"https:\/\/franciscanos.org.br\/noticias\/wp-content\/uploads\/2024\/06\/IMG_0482-450x300.jpg 450w, https:\/\/franciscanos.org.br\/noticias\/wp-content\/uploads\/2024\/06\/IMG_0482-1024x683.jpg 1024w, https:\/\/franciscanos.org.br\/noticias\/wp-content\/uploads\/2024\/06\/IMG_0482-768x512.jpg 768w, https:\/\/franciscanos.org.br\/noticias\/wp-content\/uploads\/2024\/06\/IMG_0482-1536x1024.jpg 1536w, https:\/\/franciscanos.org.br\/noticias\/wp-content\/uploads\/2024\/06\/IMG_0482-2048x1365.jpg 2048w, https:\/\/franciscanos.org.br\/noticias\/wp-content\/uploads\/2024\/06\/IMG_0482-150x100.jpg 150w, https:\/\/franciscanos.org.br\/noticias\/wp-content\/uploads\/2024\/06\/IMG_0482-scaled.jpg 1920w\" sizes=\"(max-width: 450px) 100vw, 450px\" \/><\/a>\n\t\t\t<\/dt><\/dl><dl class='gallery-item'>\n\t\t\t<dt class='gallery-icon landscape'>\n\t\t\t\t<a href='https:\/\/franciscanos.org.br\/noticias\/wp-content\/uploads\/2024\/06\/IMG_0537-scaled.jpg'><img width=\"450\" height=\"300\" src=\"https:\/\/franciscanos.org.br\/noticias\/wp-content\/uploads\/2024\/06\/IMG_0537-450x300.jpg\" class=\"attachment-medium size-medium\" alt=\"\" loading=\"lazy\" srcset=\"https:\/\/franciscanos.org.br\/noticias\/wp-content\/uploads\/2024\/06\/IMG_0537-450x300.jpg 450w, https:\/\/franciscanos.org.br\/noticias\/wp-content\/uploads\/2024\/06\/IMG_0537-1024x683.jpg 1024w, https:\/\/franciscanos.org.br\/noticias\/wp-content\/uploads\/2024\/06\/IMG_0537-768x512.jpg 768w, https:\/\/franciscanos.org.br\/noticias\/wp-content\/uploads\/2024\/06\/IMG_0537-1536x1024.jpg 1536w, https:\/\/franciscanos.org.br\/noticias\/wp-content\/uploads\/2024\/06\/IMG_0537-2048x1365.jpg 2048w, https:\/\/franciscanos.org.br\/noticias\/wp-content\/uploads\/2024\/06\/IMG_0537-150x100.jpg 150w, https:\/\/franciscanos.org.br\/noticias\/wp-content\/uploads\/2024\/06\/IMG_0537-scaled.jpg 1920w\" sizes=\"(max-width: 450px) 100vw, 450px\" \/><\/a>\n\t\t\t<\/dt><\/dl><dl class='gallery-item'>\n\t\t\t<dt class='gallery-icon landscape'>\n\t\t\t\t<a href='https:\/\/franciscanos.org.br\/noticias\/wp-content\/uploads\/2024\/06\/IMG_0590-scaled.jpg'><img width=\"450\" height=\"300\" src=\"https:\/\/franciscanos.org.br\/noticias\/wp-content\/uploads\/2024\/06\/IMG_0590-450x300.jpg\" class=\"attachment-medium size-medium\" alt=\"\" loading=\"lazy\" srcset=\"https:\/\/franciscanos.org.br\/noticias\/wp-content\/uploads\/2024\/06\/IMG_0590-450x300.jpg 450w, https:\/\/franciscanos.org.br\/noticias\/wp-content\/uploads\/2024\/06\/IMG_0590-1024x683.jpg 1024w, https:\/\/franciscanos.org.br\/noticias\/wp-content\/uploads\/2024\/06\/IMG_0590-768x512.jpg 768w, https:\/\/franciscanos.org.br\/noticias\/wp-content\/uploads\/2024\/06\/IMG_0590-1536x1024.jpg 1536w, https:\/\/franciscanos.org.br\/noticias\/wp-content\/uploads\/2024\/06\/IMG_0590-2048x1365.jpg 2048w, https:\/\/franciscanos.org.br\/noticias\/wp-content\/uploads\/2024\/06\/IMG_0590-150x100.jpg 150w, https:\/\/franciscanos.org.br\/noticias\/wp-content\/uploads\/2024\/06\/IMG_0590-scaled.jpg 1920w\" sizes=\"(max-width: 450px) 100vw, 450px\" \/><\/a>\n\t\t\t<\/dt><\/dl><br style=\"clear: both\" \/>\n\t\t<\/div>\n\n","protected":false},"excerpt":{"rendered":"<p>Festa de Santo Ant\u00f4nio 2024<\/p>\n","protected":false},"author":11,"featured_media":248125,"comment_status":"open","ping_status":"open","sticky":false,"template":"","format":"standard","meta":[],"categories":[1],"tags":[1459,2220],"acf":[],"yoast_head":"<!-- This site is optimized with the Yoast SEO plugin v19.2 - https:\/\/yoast.com\/wordpress\/plugins\/seo\/ -->\n<title>Trezena de Santo Ant\u00f4nio,em Curitiba, refor\u00e7a a import\u00e2ncia da vida em fraternidade - Not\u00edcias - Franciscanos<\/title>\n<meta name=\"robots\" content=\"index, follow, max-snippet:-1, max-image-preview:large, max-video-preview:-1\" \/>\n<link rel=\"canonical\" href=\"https:\/\/franciscanos.org.br\/noticias\/trezena-de-santo-antonioem-curitiba-reforca-a-importancia-da-vida-em-fraternidade.html\" \/>\n<meta property=\"og:locale\" content=\"pt_BR\" \/>\n<meta property=\"og:type\" content=\"article\" \/>\n<meta property=\"og:title\" content=\"Trezena de Santo Ant\u00f4nio,em Curitiba, refor\u00e7a a import\u00e2ncia da vida em fraternidade - Not\u00edcias - Franciscanos\" \/>\n<meta property=\"og:description\" content=\"Festa de Santo Ant\u00f4nio 2024\" \/>\n<meta property=\"og:url\" content=\"https:\/\/franciscanos.org.br\/noticias\/trezena-de-santo-antonioem-curitiba-reforca-a-importancia-da-vida-em-fraternidade.html\" \/>\n<meta property=\"og:site_name\" content=\"Not\u00edcias - Franciscanos\" \/>\n<meta property=\"article:published_time\" content=\"2024-06-06T14:53:00+00:00\" \/>\n<meta property=\"article:modified_time\" content=\"2024-06-06T17:44:27+00:00\" \/>\n<meta property=\"og:image\" content=\"https:\/\/franciscanos.org.br\/noticias\/wp-content\/uploads\/2024\/06\/IMG_0418-1-scaled.jpg\" \/>\n\t<meta property=\"og:image:width\" content=\"1920\" \/>\n\t<meta property=\"og:image:height\" content=\"1280\" \/>\n\t<meta property=\"og:image:type\" content=\"image\/jpeg\" \/>\n<meta name=\"author\" content=\"Adriana Rabelo\" \/>\n<meta name=\"twitter:card\" content=\"summary_large_image\" \/>\n<meta name=\"twitter:label1\" content=\"Escrito por\" \/>\n\t<meta name=\"twitter:data1\" content=\"Adriana Rabelo\" \/>\n\t<meta name=\"twitter:label2\" content=\"Est. tempo de leitura\" \/>\n\t<meta name=\"twitter:data2\" content=\"3 minutos\" \/>\n<script type=\"application\/ld+json\" class=\"yoast-schema-graph\">{\"@context\":\"https:\/\/schema.org\",\"@graph\":[{\"@type\":\"WebSite\",\"@id\":\"https:\/\/franciscanos.org.br\/noticias\/#website\",\"url\":\"https:\/\/franciscanos.org.br\/noticias\/\",\"name\":\"Not\u00edcias - Franciscanos\",\"description\":\"Prov\u00edncia Franciscana da Imaculada Concei\u00e7\u00e3o do Brasil - Ordem dos Frades Menores - OFM\",\"potentialAction\":[{\"@type\":\"SearchAction\",\"target\":{\"@type\":\"EntryPoint\",\"urlTemplate\":\"https:\/\/franciscanos.org.br\/noticias\/?s={search_term_string}\"},\"query-input\":\"required name=search_term_string\"}],\"inLanguage\":\"pt-BR\"},{\"@type\":\"ImageObject\",\"inLanguage\":\"pt-BR\",\"@id\":\"https:\/\/franciscanos.org.br\/noticias\/trezena-de-santo-antonioem-curitiba-reforca-a-importancia-da-vida-em-fraternidade.html#primaryimage\",\"url\":\"https:\/\/franciscanos.org.br\/noticias\/wp-content\/uploads\/2024\/06\/IMG_0418-1-scaled.jpg\",\"contentUrl\":\"https:\/\/franciscanos.org.br\/noticias\/wp-content\/uploads\/2024\/06\/IMG_0418-1-scaled.jpg\",\"width\":1920,\"height\":1280},{\"@type\":\"WebPage\",\"@id\":\"https:\/\/franciscanos.org.br\/noticias\/trezena-de-santo-antonioem-curitiba-reforca-a-importancia-da-vida-em-fraternidade.html#webpage\",\"url\":\"https:\/\/franciscanos.org.br\/noticias\/trezena-de-santo-antonioem-curitiba-reforca-a-importancia-da-vida-em-fraternidade.html\",\"name\":\"Trezena de Santo Ant\u00f4nio,em Curitiba, refor\u00e7a a import\u00e2ncia da vida em fraternidade - Not\u00edcias - Franciscanos\",\"isPartOf\":{\"@id\":\"https:\/\/franciscanos.org.br\/noticias\/#website\"},\"primaryImageOfPage\":{\"@id\":\"https:\/\/franciscanos.org.br\/noticias\/trezena-de-santo-antonioem-curitiba-reforca-a-importancia-da-vida-em-fraternidade.html#primaryimage\"},\"datePublished\":\"2024-06-06T14:53:00+00:00\",\"dateModified\":\"2024-06-06T17:44:27+00:00\",\"author\":{\"@id\":\"https:\/\/franciscanos.org.br\/noticias\/#\/schema\/person\/d9422e83121c3ad3b0f423d195f5bb25\"},\"breadcrumb\":{\"@id\":\"https:\/\/franciscanos.org.br\/noticias\/trezena-de-santo-antonioem-curitiba-reforca-a-importancia-da-vida-em-fraternidade.html#breadcrumb\"},\"inLanguage\":\"pt-BR\",\"potentialAction\":[{\"@type\":\"ReadAction\",\"target\":[\"https:\/\/franciscanos.org.br\/noticias\/trezena-de-santo-antonioem-curitiba-reforca-a-importancia-da-vida-em-fraternidade.html\"]}]},{\"@type\":\"BreadcrumbList\",\"@id\":\"https:\/\/franciscanos.org.br\/noticias\/trezena-de-santo-antonioem-curitiba-reforca-a-importancia-da-vida-em-fraternidade.html#breadcrumb\",\"itemListElement\":[{\"@type\":\"ListItem\",\"position\":1,\"name\":\"Home\",\"item\":\"https:\/\/franciscanos.org.br\/noticias\"},{\"@type\":\"ListItem\",\"position\":2,\"name\":\"Trezena de Santo Ant\u00f4nio,em Curitiba, refor\u00e7a a import\u00e2ncia da vida em fraternidade\"}]},{\"@type\":\"Person\",\"@id\":\"https:\/\/franciscanos.org.br\/noticias\/#\/schema\/person\/d9422e83121c3ad3b0f423d195f5bb25\",\"name\":\"Adriana Rabelo\",\"image\":{\"@type\":\"ImageObject\",\"inLanguage\":\"pt-BR\",\"@id\":\"https:\/\/franciscanos.org.br\/noticias\/#\/schema\/person\/image\/\",\"url\":\"https:\/\/secure.gravatar.com\/avatar\/0a937b7500cd7df77540cfb8bede877d?s=96&d=mm&r=g\",\"contentUrl\":\"https:\/\/secure.gravatar.com\/avatar\/0a937b7500cd7df77540cfb8bede877d?s=96&d=mm&r=g\",\"caption\":\"Adriana Rabelo\"},\"url\":\"https:\/\/franciscanos.org.br\/noticias\/author\/adrianarabelo\"}]}<\/script>\n<!-- \/ Yoast SEO plugin. -->","yoast_head_json":{"title":"Trezena de Santo Ant\u00f4nio,em Curitiba, refor\u00e7a a import\u00e2ncia da vida em fraternidade - Not\u00edcias - Franciscanos","robots":{"index":"index","follow":"follow","max-snippet":"max-snippet:-1","max-image-preview":"max-image-preview:large","max-video-preview":"max-video-preview:-1"},"canonical":"https:\/\/franciscanos.org.br\/noticias\/trezena-de-santo-antonioem-curitiba-reforca-a-importancia-da-vida-em-fraternidade.html","og_locale":"pt_BR","og_type":"article","og_title":"Trezena de Santo Ant\u00f4nio,em Curitiba, refor\u00e7a a import\u00e2ncia da vida em fraternidade - Not\u00edcias - Franciscanos","og_description":"Festa de Santo Ant\u00f4nio 2024","og_url":"https:\/\/franciscanos.org.br\/noticias\/trezena-de-santo-antonioem-curitiba-reforca-a-importancia-da-vida-em-fraternidade.html","og_site_name":"Not\u00edcias - Franciscanos","article_published_time":"2024-06-06T14:53:00+00:00","article_modified_time":"2024-06-06T17:44:27+00:00","og_image":[{"width":1920,"height":1280,"url":"https:\/\/franciscanos.org.br\/noticias\/wp-content\/uploads\/2024\/06\/IMG_0418-1-scaled.jpg","type":"image\/jpeg"}],"author":"Adriana Rabelo","twitter_card":"summary_large_image","twitter_misc":{"Escrito por":"Adriana Rabelo","Est. tempo de leitura":"3 minutos"},"schema":{"@context":"https:\/\/schema.org","@graph":[{"@type":"WebSite","@id":"https:\/\/franciscanos.org.br\/noticias\/#website","url":"https:\/\/franciscanos.org.br\/noticias\/","name":"Not\u00edcias - Franciscanos","description":"Prov\u00edncia Franciscana da Imaculada Concei\u00e7\u00e3o do Brasil - Ordem dos Frades Menores - OFM","potentialAction":[{"@type":"SearchAction","target":{"@type":"EntryPoint","urlTemplate":"https:\/\/franciscanos.org.br\/noticias\/?s={search_term_string}"},"query-input":"required name=search_term_string"}],"inLanguage":"pt-BR"},{"@type":"ImageObject","inLanguage":"pt-BR","@id":"https:\/\/franciscanos.org.br\/noticias\/trezena-de-santo-antonioem-curitiba-reforca-a-importancia-da-vida-em-fraternidade.html#primaryimage","url":"https:\/\/franciscanos.org.br\/noticias\/wp-content\/uploads\/2024\/06\/IMG_0418-1-scaled.jpg","contentUrl":"https:\/\/franciscanos.org.br\/noticias\/wp-content\/uploads\/2024\/06\/IMG_0418-1-scaled.jpg","width":1920,"height":1280},{"@type":"WebPage","@id":"https:\/\/franciscanos.org.br\/noticias\/trezena-de-santo-antonioem-curitiba-reforca-a-importancia-da-vida-em-fraternidade.html#webpage","url":"https:\/\/franciscanos.org.br\/noticias\/trezena-de-santo-antonioem-curitiba-reforca-a-importancia-da-vida-em-fraternidade.html","name":"Trezena de Santo Ant\u00f4nio,em Curitiba, refor\u00e7a a import\u00e2ncia da vida em fraternidade - Not\u00edcias - Franciscanos","isPartOf":{"@id":"https:\/\/franciscanos.org.br\/noticias\/#website"},"primaryImageOfPage":{"@id":"https:\/\/franciscanos.org.br\/noticias\/trezena-de-santo-antonioem-curitiba-reforca-a-importancia-da-vida-em-fraternidade.html#primaryimage"},"datePublished":"2024-06-06T14:53:00+00:00","dateModified":"2024-06-06T17:44:27+00:00","author":{"@id":"https:\/\/franciscanos.org.br\/noticias\/#\/schema\/person\/d9422e83121c3ad3b0f423d195f5bb25"},"breadcrumb":{"@id":"https:\/\/franciscanos.org.br\/noticias\/trezena-de-santo-antonioem-curitiba-reforca-a-importancia-da-vida-em-fraternidade.html#breadcrumb"},"inLanguage":"pt-BR","potentialAction":[{"@type":"ReadAction","target":["https:\/\/franciscanos.org.br\/noticias\/trezena-de-santo-antonioem-curitiba-reforca-a-importancia-da-vida-em-fraternidade.html"]}]},{"@type":"BreadcrumbList","@id":"https:\/\/franciscanos.org.br\/noticias\/trezena-de-santo-antonioem-curitiba-reforca-a-importancia-da-vida-em-fraternidade.html#breadcrumb","itemListElement":[{"@type":"ListItem","position":1,"name":"Home","item":"https:\/\/franciscanos.org.br\/noticias"},{"@type":"ListItem","position":2,"name":"Trezena de Santo Ant\u00f4nio,em Curitiba, refor\u00e7a a import\u00e2ncia da vida em fraternidade"}]},{"@type":"Person","@id":"https:\/\/franciscanos.org.br\/noticias\/#\/schema\/person\/d9422e83121c3ad3b0f423d195f5bb25","name":"Adriana Rabelo","image":{"@type":"ImageObject","inLanguage":"pt-BR","@id":"https:\/\/franciscanos.org.br\/noticias\/#\/schema\/person\/image\/","url":"https:\/\/secure.gravatar.com\/avatar\/0a937b7500cd7df77540cfb8bede877d?s=96&d=mm&r=g","contentUrl":"https:\/\/secure.gravatar.com\/avatar\/0a937b7500cd7df77540cfb8bede877d?s=96&d=mm&r=g","caption":"Adriana Rabelo"},"url":"https:\/\/franciscanos.org.br\/noticias\/author\/adrianarabelo"}]}},"_links":{"self":[{"href":"https:\/\/franciscanos.org.br\/noticias\/wp-json\/wp\/v2\/posts\/248121"}],"collection":[{"href":"https:\/\/franciscanos.org.br\/noticias\/wp-json\/wp\/v2\/posts"}],"about":[{"href":"https:\/\/franciscanos.org.br\/noticias\/wp-json\/wp\/v2\/types\/post"}],"author":[{"embeddable":true,"href":"https:\/\/franciscanos.org.br\/noticias\/wp-json\/wp\/v2\/users\/11"}],"replies":[{"embeddable":true,"href":"https:\/\/franciscanos.org.br\/noticias\/wp-json\/wp\/v2\/comments?post=248121"}],"version-history":[{"count":6,"href":"https:\/\/franciscanos.org.br\/noticias\/wp-json\/wp\/v2\/posts\/248121\/revisions"}],"predecessor-version":[{"id":248136,"href":"https:\/\/franciscanos.org.br\/noticias\/wp-json\/wp\/v2\/posts\/248121\/revisions\/248136"}],"wp:featuredmedia":[{"embeddable":true,"href":"https:\/\/franciscanos.org.br\/noticias\/wp-json\/wp\/v2\/media\/248125"}],"wp:attachment":[{"href":"https:\/\/franciscanos.org.br\/noticias\/wp-json\/wp\/v2\/media?parent=248121"}],"wp:term":[{"taxonomy":"category","embeddable":true,"href":"https:\/\/franciscanos.org.br\/noticias\/wp-json\/wp\/v2\/categories?post=248121"},{"taxonomy":"post_tag","embeddable":true,"href":"https:\/\/franciscanos.org.br\/noticias\/wp-json\/wp\/v2\/tags?post=248121"}],"curies":[{"name":"wp","href":"https:\/\/api.w.org\/{rel}","templated":true}]}}