{"id":248069,"date":"2024-06-05T09:00:25","date_gmt":"2024-06-05T12:00:25","guid":{"rendered":"https:\/\/franciscanos.org.br\/noticias\/?p=248069"},"modified":"2024-06-05T09:00:25","modified_gmt":"2024-06-05T12:00:25","slug":"o-espirito-e-um-vento-que-nao-pode-ser-engarrafado-ele-cria-e-torna-livres","status":"publish","type":"post","link":"https:\/\/franciscanos.org.br\/noticias\/o-espirito-e-um-vento-que-nao-pode-ser-engarrafado-ele-cria-e-torna-livres.html","title":{"rendered":"O Esp\u00edrito \u00e9 um vento que n\u00e3o pode ser \u201cengarrafado\u201d, Ele cria e torna livres"},"content":{"rendered":"<p><img loading=\"lazy\" class=\"aligncenter wp-image-248070 size-full\" src=\"https:\/\/franciscanos.org.br\/noticias\/wp-content\/uploads\/2024\/06\/AUDIENCIA-05.06.jpeg\" alt=\"\" width=\"750\" height=\"422\" srcset=\"https:\/\/franciscanos.org.br\/noticias\/wp-content\/uploads\/2024\/06\/AUDIENCIA-05.06.jpeg 750w, https:\/\/franciscanos.org.br\/noticias\/wp-content\/uploads\/2024\/06\/AUDIENCIA-05.06-450x253.jpeg 450w, https:\/\/franciscanos.org.br\/noticias\/wp-content\/uploads\/2024\/06\/AUDIENCIA-05.06-150x84.jpeg 150w\" sizes=\"(max-width: 750px) 100vw, 750px\" \/><\/p>\n<p><em>A \u201cliberdade n\u00e3o \u00e9 fazer o que se quer\u201d e se expressa \u201cno que parece ser o seu oposto, o servi\u00e7o\u201d, foi o que disse Francisco em sua catequese na Audi\u00eancia Geral, na Pra\u00e7a S\u00e3o Pedro, dedicada ao nome \u201cRuach\u201d, pelo qual o Esp\u00edrito de Deus \u00e9 originalmente chamado na B\u00edblia. O Esp\u00edrito n\u00e3o pode ser \u201cinstitucionalizado\u201d. Na verdade, Ele distribui seus dons como quer.<\/em><\/p>\n<p>&#8220;O vento sopra onde quer. Onde h\u00e1 o Esp\u00edrito de Deus, h\u00e1 liberdade&#8221; foi o tema da catequese do Papa Francisco na Audi\u00eancia Geral, desta quarta-feira (05\/06), realizada na Pra\u00e7a S\u00e3o Pedro.<\/p>\n<p>Francisco refletiu sobre sobre o nome pelo qual o Esp\u00edrito Santo \u00e9 chamado na B\u00edblia.<\/p>\n<p>&#8220;A terceira pessoa da Trindade tem um nome: chama-se Esp\u00edrito Santo. Contudo, \u201cEsp\u00edrito\u201d \u00e9 a vers\u00e3o latinizada. O nome do Esp\u00edrito, aquele pelo qual o conheceram os primeiros destinat\u00e1rios da revela\u00e7\u00e3o, com o qual o invocaram os profetas, os salmistas, Maria, Jesus e os Ap\u00f3stolos, \u00e9\u00a0<i>Ruach<\/i>, que significa sopro, vento, respiro&#8221;, disse o Papa.<\/p>\n<p>&#8220;Na B\u00edblia o nome \u00e9 t\u00e3o importante que quase se identifica com a pr\u00f3pria pessoa. Santificar o nome de Deus \u00e9 santificar e honrar o pr\u00f3prio Deus. N\u00e3o \u00e9 nunca um nome meramente convencional: sempre diz algo sobre a pessoa, a sua origem ou a sua miss\u00e3o. O mesmo se aplica ao nome\u00a0<i>Ruach<\/i>. Ele cont\u00e9m a primeira revela\u00e7\u00e3o fundamental sobre a pessoa e a fun\u00e7\u00e3o do Esp\u00edrito Santo&#8221;, sublinhou Francisco.<\/p>\n<p><i>Foi justamente observando o vento e suas manifesta\u00e7\u00f5es que os escritores b\u00edblicos foram guiados por Deus para descobrir um \u201cvento\u201d de natureza diferente. N\u00e3o \u00e9 por acaso que no Pentecostes o Esp\u00edrito Santo desceu sobre os Ap\u00f3stolos acompanhado pelo \u201cru\u00eddo de uma forte rajada de vento\u201d. Era como se o Esp\u00edrito Santo quisesse assinar o que estava acontecendo.<\/i><\/p>\n<p>&#8220;A imagem do vento serve antes de tudo para expressar o\u00a0<i>poder<\/i>\u00a0do Esp\u00edrito Santo. \u201cEsp\u00edrito e poder\u201d, ou \u201cpoder do Esp\u00edrito\u201d \u00e9 um bin\u00f4mio recorrente em toda a B\u00edblia. Com efeito, o vento \u00e9 uma for\u00e7a avassaladora e indom\u00e1vel. \u00c9 capaz at\u00e9 de mover os oceanos&#8221;, disse o Papa.<\/p>\n<p>&#8220;Para descobrir o sentido pleno das realidades da B\u00edblia, n\u00e3o devemos parar no Antigo Testamento, mas chegar a Jesus. Ao lado do poder, Jesus destacar\u00e1 outra caracter\u00edstica do vento, a da sua\u00a0<i>liberdade<\/i>.&#8221;<\/p>\n<p><i>O vento \u00e9 a \u00fanica coisa que absolutamente n\u00e3o pode ser contida, n\u00e3o pode ser \u201cengarrafado\u201d ou encaixotar. Tentamos \u201cengarrafar\u201d ou encaixotar o vento, mas n\u00e3o \u00e9 poss\u00edvel: \u00e9 livre. Pretender encerrar o Esp\u00edrito Santo em conceitos, defini\u00e7\u00f5es, teses ou tratados, como o racionalismo moderno \u00e0s vezes tentou fazer, significa perd\u00ea-lo, anul\u00e1-lo ou reduzi-lo ao esp\u00edrito puramente humano, um esp\u00edrito simples.<\/i><\/p>\n<p>Segundo o Papa, &#8220;existe uma tenta\u00e7\u00e3o semelhante tamb\u00e9m no campo eclesi\u00e1stico, que \u00e9 a de querer encerrar o Esp\u00edrito Santo em c\u00e2nones, institui\u00e7\u00f5es ou defini\u00e7\u00f5es. O Esp\u00edrito cria e anima as institui\u00e7\u00f5es, mas Ele mesmo n\u00e3o pode ser \u201cinstitucionalizado\u201d. O vento sopra \u201conde quer\u201d, por isso o Esp\u00edrito distribui os seus dons \u201cconforme lhe apraz\u201d&#8221;.<i><\/i><\/p>\n<p>S\u00e3o Paulo far\u00e1 de tudo isso a lei fundamental da a\u00e7\u00e3o crist\u00e3:\u00a0<i>\u201c[&#8230;] onde est\u00e1 o Esp\u00edrito do Senhor, h\u00e1 liberdade\u201d<\/i>\u00a0(<i>2Cor<\/i>\u00a03,17), diz ele. &#8220;Uma pessoa livre, um crist\u00e3o livre, \u00e9 aquele que tem o Esp\u00edrito do Senhor&#8221;, ressaltou o Papa.<\/p>\n<p><i>Esta \u00e9 uma liberdade muito especial, muito diferente do que comumente se entende. N\u00e3o \u00e9 liberdade para fazer o que quiser, mas liberdade para fazer livremente o que Deus quer! N\u00e3o liberdade para fazer o bem ou o mal, mas liberdade para fazer o bem e faz\u00ea-lo livremente, isto \u00e9, por atra\u00e7\u00e3o, n\u00e3o por coer\u00e7\u00e3o. Em outras palavras, liberdade como filhos, n\u00e3o como escravos.<\/i><\/p>\n<p>&#8220;Esta \u00e9 uma liberdade que se expressa no que parece ser o seu oposto, se expressa no servi\u00e7o, e no servi\u00e7o existe a verdadeira liberdade&#8221;, disse ainda Francisco ressaltando que n\u00f3s &#8220;sabemos bem quando esta liberdade se torna um \u201cpretexto para a carne\u201d&#8221;. Paulo faz uma lista sempre atual: \u201cpromiscuidade, impureza, devassid\u00e3o, idolatria, bruxaria, inimizades, disc\u00f3rdia, ci\u00fame, f\u00farias, ambi\u00e7\u00f5es ego\u00edstas, fa\u00e7\u00f5es, divis\u00f5es, invejas, bebedeiras, orgias e coisas semelhantes a estas\u201d. &#8220;O mesmo acontece com a liberdade que permite aos ricos explorar os pobres, \u00e9 uma liberdade ruim aquela que permite aos fortes explorar os fracos e a todos explorar o ambiente impunemente. Esta \u00e9 uma liberdade ruim, n\u00e3o \u00e9 a liberdade do Esp\u00edrito&#8221;, sublinhou.<\/p>\n<p>&#8220;Pe\u00e7amos a Jesus que nos torne, atrav\u00e9s do seu Esp\u00edrito Santo, homens e mulheres verdadeiramente livres. Livres para servir, no amor e na alegria&#8221;, concluiu o Papa.<\/p>\n<p><strong>Paz para Oriente M\u00e9dio, Ucr\u00e2nia, Mianmar. Mundo n\u00e3o sofra tanto com as guerras<\/strong><\/p>\n<p>Ao t\u00e9rmino da audi\u00eancia geral desta quarta-feira (05\/06), realizada na Pra\u00e7a S\u00e3o Pedro, o Santo Padre fez um en\u00e9simo apelo em favor da paz no mundo, lan\u00e7ando um olhar para as v\u00e1rias situa\u00e7\u00f5es de conflitos que provocam em seus respectivos povos tanta dor e sofrimento, provocando imanes trag\u00e9dias. Francisco lembrou particularmente a Ucr\u00e2nia, Palestina, Israel e Mianmar e exortou-nos a rezar pela paz, pedindo a intercess\u00e3o de Nossa Senhora por esta paz da qual o mundo tanto precisa:<\/p>\n<p>\u201cPedimos ao Senhor, por intercess\u00e3o de Sua M\u00e3e, pela paz. Paz na atormentada Ucr\u00e2nia, paz na Palestina, em Israel, paz em Mianmar&#8230; Oremos para que o Senhor nos d\u00ea o dom da paz e para que o mundo n\u00e3o sofra tanto com as guerras. Que o Senhor aben\u00e7oe a todos n\u00f3s!\u201d<\/p>\n<p><strong>Ainda n\u00e3o h\u00e1 acordo para uma trag\u00e9dia em Gaza<\/strong><\/p>\n<p>Na frente m\u00e9dio-oriental, ainda n\u00e3o h\u00e1 progresso em um acordo de tr\u00e9gua em Gaza entre Israel e o Hamas. O limite de tempo continua a ser o maior obst\u00e1culo que divide os dois lados. Pressionado pela direita religiosa, que amea\u00e7a deixar o governo no caso de um acordo, o primeiro-ministro israelense Benjamin Netanyahu, depois de reiterar ao Knesset que a tr\u00e9gua ser\u00e1 funcional para a liberta\u00e7\u00e3o de ref\u00e9ns e que a dura\u00e7\u00e3o do cessar-fogo ser\u00e1 de apenas seis semanas, tamb\u00e9m acrescentou que entre os principais objetivos da guerra est\u00e1 \u201ca elimina\u00e7\u00e3o do Hamas\u201d.<\/p>\n<p>Tamb\u00e9m da fac\u00e7\u00e3o isl\u00e2mica, ap\u00f3s as declara\u00e7\u00f5es de segunda-feira do ministro eg\u00edpcio das Rela\u00e7\u00f5es Exteriores, nas quais ele falou sobre a aceita\u00e7\u00e3o do acordo proposto, veio um esclarecimento que freou as esperan\u00e7as. Fontes do Hamas, citadas pelo &#8216;Haaretz&#8217;, informaram que as declara\u00e7\u00f5es do ministro do Cairo \u201cn\u00e3o s\u00e3o a resposta oficial\u201d da fac\u00e7\u00e3o isl\u00e2mica, explicando que a decis\u00e3o final sobre as poss\u00edveis propostas cabe aos l\u00edderes em Gaza, Yahya Sinwar e Mohammed Deif, que devem aplicar os detalhes do acordo.<\/p>\n<hr \/>\n<p><em>Mariangela Jaguraba \u2013 Vatican News<\/em><\/p>\n<div>\n<aside class=\"article__readmore\">\n<div class=\"teaser--labelEvidence teaser teaser--type-article \">\n<article>\n<div class=\"teaser__labelWrapper\"><\/div>\n<div class=\"teaser__contentWrapper\">\n<h2 class=\"teaser__title\"><\/h2>\n<\/div>\n<\/article>\n<\/div>\n<\/aside>\n<\/div>\n","protected":false},"excerpt":{"rendered":"<p>Audi\u00eancia Geral<\/p>\n","protected":false},"author":11,"featured_media":248070,"comment_status":"open","ping_status":"open","sticky":false,"template":"","format":"standard","meta":[],"categories":[1,1428],"tags":[487,55],"acf":[],"yoast_head":"<!-- This site is optimized with the Yoast SEO plugin v19.2 - https:\/\/yoast.com\/wordpress\/plugins\/seo\/ -->\n<title>O Esp\u00edrito \u00e9 um vento que n\u00e3o pode ser \u201cengarrafado\u201d, Ele cria e torna livres - Not\u00edcias - Franciscanos<\/title>\n<meta name=\"robots\" content=\"index, follow, max-snippet:-1, max-image-preview:large, max-video-preview:-1\" \/>\n<link rel=\"canonical\" href=\"https:\/\/franciscanos.org.br\/noticias\/o-espirito-e-um-vento-que-nao-pode-ser-engarrafado-ele-cria-e-torna-livres.html\" \/>\n<meta property=\"og:locale\" content=\"pt_BR\" \/>\n<meta property=\"og:type\" content=\"article\" \/>\n<meta property=\"og:title\" content=\"O Esp\u00edrito \u00e9 um vento que n\u00e3o pode ser \u201cengarrafado\u201d, Ele cria e torna livres - Not\u00edcias - Franciscanos\" \/>\n<meta property=\"og:description\" content=\"Audi\u00eancia Geral\" \/>\n<meta property=\"og:url\" content=\"https:\/\/franciscanos.org.br\/noticias\/o-espirito-e-um-vento-que-nao-pode-ser-engarrafado-ele-cria-e-torna-livres.html\" \/>\n<meta property=\"og:site_name\" content=\"Not\u00edcias - Franciscanos\" \/>\n<meta property=\"article:published_time\" content=\"2024-06-05T12:00:25+00:00\" \/>\n<meta property=\"og:image\" content=\"https:\/\/franciscanos.org.br\/noticias\/wp-content\/uploads\/2024\/06\/AUDIENCIA-05.06.jpeg\" \/>\n\t<meta property=\"og:image:width\" content=\"750\" \/>\n\t<meta property=\"og:image:height\" content=\"422\" \/>\n\t<meta property=\"og:image:type\" content=\"image\/jpeg\" \/>\n<meta name=\"author\" content=\"Adriana Rabelo\" \/>\n<meta name=\"twitter:card\" content=\"summary_large_image\" \/>\n<meta name=\"twitter:label1\" content=\"Escrito por\" \/>\n\t<meta name=\"twitter:data1\" content=\"Adriana Rabelo\" \/>\n\t<meta name=\"twitter:label2\" content=\"Est. tempo de leitura\" \/>\n\t<meta name=\"twitter:data2\" content=\"6 minutos\" \/>\n<script type=\"application\/ld+json\" class=\"yoast-schema-graph\">{\"@context\":\"https:\/\/schema.org\",\"@graph\":[{\"@type\":\"WebSite\",\"@id\":\"https:\/\/franciscanos.org.br\/noticias\/#website\",\"url\":\"https:\/\/franciscanos.org.br\/noticias\/\",\"name\":\"Not\u00edcias - Franciscanos\",\"description\":\"Prov\u00edncia Franciscana da Imaculada Concei\u00e7\u00e3o do Brasil - Ordem dos Frades Menores - OFM\",\"potentialAction\":[{\"@type\":\"SearchAction\",\"target\":{\"@type\":\"EntryPoint\",\"urlTemplate\":\"https:\/\/franciscanos.org.br\/noticias\/?s={search_term_string}\"},\"query-input\":\"required name=search_term_string\"}],\"inLanguage\":\"pt-BR\"},{\"@type\":\"ImageObject\",\"inLanguage\":\"pt-BR\",\"@id\":\"https:\/\/franciscanos.org.br\/noticias\/o-espirito-e-um-vento-que-nao-pode-ser-engarrafado-ele-cria-e-torna-livres.html#primaryimage\",\"url\":\"https:\/\/franciscanos.org.br\/noticias\/wp-content\/uploads\/2024\/06\/AUDIENCIA-05.06.jpeg\",\"contentUrl\":\"https:\/\/franciscanos.org.br\/noticias\/wp-content\/uploads\/2024\/06\/AUDIENCIA-05.06.jpeg\",\"width\":750,\"height\":422},{\"@type\":\"WebPage\",\"@id\":\"https:\/\/franciscanos.org.br\/noticias\/o-espirito-e-um-vento-que-nao-pode-ser-engarrafado-ele-cria-e-torna-livres.html#webpage\",\"url\":\"https:\/\/franciscanos.org.br\/noticias\/o-espirito-e-um-vento-que-nao-pode-ser-engarrafado-ele-cria-e-torna-livres.html\",\"name\":\"O Esp\u00edrito \u00e9 um vento que n\u00e3o pode ser \u201cengarrafado\u201d, Ele cria e torna livres - Not\u00edcias - Franciscanos\",\"isPartOf\":{\"@id\":\"https:\/\/franciscanos.org.br\/noticias\/#website\"},\"primaryImageOfPage\":{\"@id\":\"https:\/\/franciscanos.org.br\/noticias\/o-espirito-e-um-vento-que-nao-pode-ser-engarrafado-ele-cria-e-torna-livres.html#primaryimage\"},\"datePublished\":\"2024-06-05T12:00:25+00:00\",\"dateModified\":\"2024-06-05T12:00:25+00:00\",\"author\":{\"@id\":\"https:\/\/franciscanos.org.br\/noticias\/#\/schema\/person\/d9422e83121c3ad3b0f423d195f5bb25\"},\"breadcrumb\":{\"@id\":\"https:\/\/franciscanos.org.br\/noticias\/o-espirito-e-um-vento-que-nao-pode-ser-engarrafado-ele-cria-e-torna-livres.html#breadcrumb\"},\"inLanguage\":\"pt-BR\",\"potentialAction\":[{\"@type\":\"ReadAction\",\"target\":[\"https:\/\/franciscanos.org.br\/noticias\/o-espirito-e-um-vento-que-nao-pode-ser-engarrafado-ele-cria-e-torna-livres.html\"]}]},{\"@type\":\"BreadcrumbList\",\"@id\":\"https:\/\/franciscanos.org.br\/noticias\/o-espirito-e-um-vento-que-nao-pode-ser-engarrafado-ele-cria-e-torna-livres.html#breadcrumb\",\"itemListElement\":[{\"@type\":\"ListItem\",\"position\":1,\"name\":\"Home\",\"item\":\"https:\/\/franciscanos.org.br\/noticias\"},{\"@type\":\"ListItem\",\"position\":2,\"name\":\"O Esp\u00edrito \u00e9 um vento que n\u00e3o pode ser \u201cengarrafado\u201d, Ele cria e torna livres\"}]},{\"@type\":\"Person\",\"@id\":\"https:\/\/franciscanos.org.br\/noticias\/#\/schema\/person\/d9422e83121c3ad3b0f423d195f5bb25\",\"name\":\"Adriana Rabelo\",\"image\":{\"@type\":\"ImageObject\",\"inLanguage\":\"pt-BR\",\"@id\":\"https:\/\/franciscanos.org.br\/noticias\/#\/schema\/person\/image\/\",\"url\":\"https:\/\/secure.gravatar.com\/avatar\/0a937b7500cd7df77540cfb8bede877d?s=96&d=mm&r=g\",\"contentUrl\":\"https:\/\/secure.gravatar.com\/avatar\/0a937b7500cd7df77540cfb8bede877d?s=96&d=mm&r=g\",\"caption\":\"Adriana Rabelo\"},\"url\":\"https:\/\/franciscanos.org.br\/noticias\/author\/adrianarabelo\"}]}<\/script>\n<!-- \/ Yoast SEO plugin. -->","yoast_head_json":{"title":"O Esp\u00edrito \u00e9 um vento que n\u00e3o pode ser \u201cengarrafado\u201d, Ele cria e torna livres - Not\u00edcias - Franciscanos","robots":{"index":"index","follow":"follow","max-snippet":"max-snippet:-1","max-image-preview":"max-image-preview:large","max-video-preview":"max-video-preview:-1"},"canonical":"https:\/\/franciscanos.org.br\/noticias\/o-espirito-e-um-vento-que-nao-pode-ser-engarrafado-ele-cria-e-torna-livres.html","og_locale":"pt_BR","og_type":"article","og_title":"O Esp\u00edrito \u00e9 um vento que n\u00e3o pode ser \u201cengarrafado\u201d, Ele cria e torna livres - Not\u00edcias - Franciscanos","og_description":"Audi\u00eancia Geral","og_url":"https:\/\/franciscanos.org.br\/noticias\/o-espirito-e-um-vento-que-nao-pode-ser-engarrafado-ele-cria-e-torna-livres.html","og_site_name":"Not\u00edcias - Franciscanos","article_published_time":"2024-06-05T12:00:25+00:00","og_image":[{"width":750,"height":422,"url":"https:\/\/franciscanos.org.br\/noticias\/wp-content\/uploads\/2024\/06\/AUDIENCIA-05.06.jpeg","type":"image\/jpeg"}],"author":"Adriana Rabelo","twitter_card":"summary_large_image","twitter_misc":{"Escrito por":"Adriana Rabelo","Est. tempo de leitura":"6 minutos"},"schema":{"@context":"https:\/\/schema.org","@graph":[{"@type":"WebSite","@id":"https:\/\/franciscanos.org.br\/noticias\/#website","url":"https:\/\/franciscanos.org.br\/noticias\/","name":"Not\u00edcias - Franciscanos","description":"Prov\u00edncia Franciscana da Imaculada Concei\u00e7\u00e3o do Brasil - Ordem dos Frades Menores - OFM","potentialAction":[{"@type":"SearchAction","target":{"@type":"EntryPoint","urlTemplate":"https:\/\/franciscanos.org.br\/noticias\/?s={search_term_string}"},"query-input":"required name=search_term_string"}],"inLanguage":"pt-BR"},{"@type":"ImageObject","inLanguage":"pt-BR","@id":"https:\/\/franciscanos.org.br\/noticias\/o-espirito-e-um-vento-que-nao-pode-ser-engarrafado-ele-cria-e-torna-livres.html#primaryimage","url":"https:\/\/franciscanos.org.br\/noticias\/wp-content\/uploads\/2024\/06\/AUDIENCIA-05.06.jpeg","contentUrl":"https:\/\/franciscanos.org.br\/noticias\/wp-content\/uploads\/2024\/06\/AUDIENCIA-05.06.jpeg","width":750,"height":422},{"@type":"WebPage","@id":"https:\/\/franciscanos.org.br\/noticias\/o-espirito-e-um-vento-que-nao-pode-ser-engarrafado-ele-cria-e-torna-livres.html#webpage","url":"https:\/\/franciscanos.org.br\/noticias\/o-espirito-e-um-vento-que-nao-pode-ser-engarrafado-ele-cria-e-torna-livres.html","name":"O Esp\u00edrito \u00e9 um vento que n\u00e3o pode ser \u201cengarrafado\u201d, Ele cria e torna livres - Not\u00edcias - Franciscanos","isPartOf":{"@id":"https:\/\/franciscanos.org.br\/noticias\/#website"},"primaryImageOfPage":{"@id":"https:\/\/franciscanos.org.br\/noticias\/o-espirito-e-um-vento-que-nao-pode-ser-engarrafado-ele-cria-e-torna-livres.html#primaryimage"},"datePublished":"2024-06-05T12:00:25+00:00","dateModified":"2024-06-05T12:00:25+00:00","author":{"@id":"https:\/\/franciscanos.org.br\/noticias\/#\/schema\/person\/d9422e83121c3ad3b0f423d195f5bb25"},"breadcrumb":{"@id":"https:\/\/franciscanos.org.br\/noticias\/o-espirito-e-um-vento-que-nao-pode-ser-engarrafado-ele-cria-e-torna-livres.html#breadcrumb"},"inLanguage":"pt-BR","potentialAction":[{"@type":"ReadAction","target":["https:\/\/franciscanos.org.br\/noticias\/o-espirito-e-um-vento-que-nao-pode-ser-engarrafado-ele-cria-e-torna-livres.html"]}]},{"@type":"BreadcrumbList","@id":"https:\/\/franciscanos.org.br\/noticias\/o-espirito-e-um-vento-que-nao-pode-ser-engarrafado-ele-cria-e-torna-livres.html#breadcrumb","itemListElement":[{"@type":"ListItem","position":1,"name":"Home","item":"https:\/\/franciscanos.org.br\/noticias"},{"@type":"ListItem","position":2,"name":"O Esp\u00edrito \u00e9 um vento que n\u00e3o pode ser \u201cengarrafado\u201d, Ele cria e torna livres"}]},{"@type":"Person","@id":"https:\/\/franciscanos.org.br\/noticias\/#\/schema\/person\/d9422e83121c3ad3b0f423d195f5bb25","name":"Adriana Rabelo","image":{"@type":"ImageObject","inLanguage":"pt-BR","@id":"https:\/\/franciscanos.org.br\/noticias\/#\/schema\/person\/image\/","url":"https:\/\/secure.gravatar.com\/avatar\/0a937b7500cd7df77540cfb8bede877d?s=96&d=mm&r=g","contentUrl":"https:\/\/secure.gravatar.com\/avatar\/0a937b7500cd7df77540cfb8bede877d?s=96&d=mm&r=g","caption":"Adriana Rabelo"},"url":"https:\/\/franciscanos.org.br\/noticias\/author\/adrianarabelo"}]}},"_links":{"self":[{"href":"https:\/\/franciscanos.org.br\/noticias\/wp-json\/wp\/v2\/posts\/248069"}],"collection":[{"href":"https:\/\/franciscanos.org.br\/noticias\/wp-json\/wp\/v2\/posts"}],"about":[{"href":"https:\/\/franciscanos.org.br\/noticias\/wp-json\/wp\/v2\/types\/post"}],"author":[{"embeddable":true,"href":"https:\/\/franciscanos.org.br\/noticias\/wp-json\/wp\/v2\/users\/11"}],"replies":[{"embeddable":true,"href":"https:\/\/franciscanos.org.br\/noticias\/wp-json\/wp\/v2\/comments?post=248069"}],"version-history":[{"count":2,"href":"https:\/\/franciscanos.org.br\/noticias\/wp-json\/wp\/v2\/posts\/248069\/revisions"}],"predecessor-version":[{"id":248072,"href":"https:\/\/franciscanos.org.br\/noticias\/wp-json\/wp\/v2\/posts\/248069\/revisions\/248072"}],"wp:featuredmedia":[{"embeddable":true,"href":"https:\/\/franciscanos.org.br\/noticias\/wp-json\/wp\/v2\/media\/248070"}],"wp:attachment":[{"href":"https:\/\/franciscanos.org.br\/noticias\/wp-json\/wp\/v2\/media?parent=248069"}],"wp:term":[{"taxonomy":"category","embeddable":true,"href":"https:\/\/franciscanos.org.br\/noticias\/wp-json\/wp\/v2\/categories?post=248069"},{"taxonomy":"post_tag","embeddable":true,"href":"https:\/\/franciscanos.org.br\/noticias\/wp-json\/wp\/v2\/tags?post=248069"}],"curies":[{"name":"wp","href":"https:\/\/api.w.org\/{rel}","templated":true}]}}