{"id":248065,"date":"2024-06-04T16:53:54","date_gmt":"2024-06-04T19:53:54","guid":{"rendered":"https:\/\/franciscanos.org.br\/noticias\/?p=248065"},"modified":"2024-06-04T16:53:54","modified_gmt":"2024-06-04T19:53:54","slug":"sefras-promove-110a-edicao-da-festa-de-santo-antonio-do-pari","status":"publish","type":"post","link":"https:\/\/franciscanos.org.br\/noticias\/sefras-promove-110a-edicao-da-festa-de-santo-antonio-do-pari.html","title":{"rendered":"Sefras promove 110\u00aa edi\u00e7\u00e3o da Festa de Santo Ant\u00f4nio do Pari"},"content":{"rendered":"<div data-breakout=\"normal\">\n<p dir=\"auto\"><img loading=\"lazy\" class=\"aligncenter wp-image-248066 size-full\" src=\"https:\/\/franciscanos.org.br\/noticias\/wp-content\/uploads\/2024\/06\/886318_97dd763bf0cc4eda89909c43a1dba811mv2-scaled.webp\" alt=\"\" width=\"1920\" height=\"1440\" srcset=\"https:\/\/franciscanos.org.br\/noticias\/wp-content\/uploads\/2024\/06\/886318_97dd763bf0cc4eda89909c43a1dba811mv2-scaled.webp 1920w, https:\/\/franciscanos.org.br\/noticias\/wp-content\/uploads\/2024\/06\/886318_97dd763bf0cc4eda89909c43a1dba811mv2-450x338.webp 450w, https:\/\/franciscanos.org.br\/noticias\/wp-content\/uploads\/2024\/06\/886318_97dd763bf0cc4eda89909c43a1dba811mv2-1024x768.webp 1024w, https:\/\/franciscanos.org.br\/noticias\/wp-content\/uploads\/2024\/06\/886318_97dd763bf0cc4eda89909c43a1dba811mv2-768x576.webp 768w, https:\/\/franciscanos.org.br\/noticias\/wp-content\/uploads\/2024\/06\/886318_97dd763bf0cc4eda89909c43a1dba811mv2-1536x1152.webp 1536w, https:\/\/franciscanos.org.br\/noticias\/wp-content\/uploads\/2024\/06\/886318_97dd763bf0cc4eda89909c43a1dba811mv2-2048x1536.webp 2048w, https:\/\/franciscanos.org.br\/noticias\/wp-content\/uploads\/2024\/06\/886318_97dd763bf0cc4eda89909c43a1dba811mv2-150x113.webp 150w, https:\/\/franciscanos.org.br\/noticias\/wp-content\/uploads\/2024\/06\/886318_97dd763bf0cc4eda89909c43a1dba811mv2-600x450.webp 600w\" sizes=\"(max-width: 1920px) 100vw, 1920px\" \/><\/p>\n<p id=\"viewer-yf6m4197\" class=\"lQ4U6 OfD-H zcgfA QENj7\" dir=\"auto\"><span class=\"ptGQd\">A tradicional Festa de Santo Ant\u00f4nio do Pari est\u00e1 de volta, comemorando 110 anos de hist\u00f3ria e tradi\u00e7\u00e3o. Este ano, al\u00e9m das tradicionais comidas, brincadeiras, bingo e shows, a festa tamb\u00e9m abra\u00e7a a solidariedade, destinando os valores arrecadados aos projetos do Sefras &#8211; A\u00e7\u00e3o Social Franciscana. O evento \u00e9 uma parceria entre o Sefras e a Par\u00f3quia Santo Ant\u00f4nio do Pari, que definiram como tema &#8220;onde h\u00e1 p\u00e3o h\u00e1 amor, pois somos irm\u00e3os de todos&#8221;, inspirado na cosmovis\u00e3o franciscana de um mundo mais fraterno e solid\u00e1rio. &#8220;A festa cresceu nos \u00faltimos anos a partir dessa perspectiva, trazendo o trabalho social como um ponto fundamental da celebra\u00e7\u00e3o&#8221;, explica o diretor presidente do Sefras, Frei Jos\u00e9 Francisco de Cassia dos Santos. <\/span><\/p>\n<p class=\"lQ4U6 OfD-H zcgfA QENj7\" dir=\"auto\">A festa teve in\u00edcio no dia 1\u00ba de junho e vai at\u00e9 30 de junho, ocorrendo todos os s\u00e1bados e domingos a partir das 17 horas. O evento possui dois ambientes: o externo na pra\u00e7a e o interno no convento, garantindo conforto e seguran\u00e7a para o p\u00fablico.<\/p>\n<p dir=\"auto\">No primeiro final de semana, cerca de mil pessoas passaram pelas ruas do Pari. Monique, uma visitante baiana, compartilhou sua experi\u00eancia: &#8220;Eu sou baiana e sempre tive curiosidade de conhecer as festas juninas do Sudeste. Me surpreendi, achei ador\u00e1vel a decora\u00e7\u00e3o, a comida est\u00e1 uma del\u00edcia e d\u00e1 para matar um pouco da saudade do Nordeste&#8221;.<\/p>\n<div data-breakout=\"normal\">\n<p id=\"viewer-ahttf206\" class=\"lQ4U6 OfD-H zcgfA QENj7\" dir=\"auto\"><span class=\"ptGQd\">As atra\u00e7\u00f5es s\u00e3o variadas. No s\u00e1bado, a Noite &#8220;Luiz Gonzaga&#8221; com Valdeir Ded\u00e9 fez o p\u00fablico arrastar o p\u00e9 com muito forr\u00f3. No domingo, foi a vez do Trio Falber &amp; Sousa animar a festa. E a divers\u00e3o continua: todo final de semana uma nova atra\u00e7\u00e3o para ningu\u00e9m ficar parado.<\/span><\/p>\n<\/div>\n<div data-hook=\"rcv-block16\">Ao participar da Festa de Santo Ant\u00f4nio do Pari, o participante n\u00e3o apenas celebra uma tradi\u00e7\u00e3o com 110 anos de hist\u00f3ria, mas tamb\u00e9m contribui diretamente para esses importantes projetos de solidariedade e apoio social.<\/div>\n<div data-hook=\"rcv-block16\"><\/div>\n<div data-hook=\"rcv-block16\">Acesse e conhe\u00e7a: <a href=\"https:\/\/www.sefras.org.br\/\">https:\/\/www.sefras.org.br\/<\/a><\/p>\n<hr \/>\n<p>Equipe de comunica\u00e7\u00e3o SEFRAS<\/p><\/div>\n<div data-hook=\"rcv-block16\">\n<div data-breakout=\"normal\"><\/div>\n<\/div>\n<div data-hook=\"rcv-block16\">\n<div data-hook=\"rcv-block69\"><\/div>\n<\/div>\n<\/div>\n","protected":false},"excerpt":{"rendered":"<p>Festa de Santo Ant\u00f4nio Pari<\/p>\n","protected":false},"author":11,"featured_media":248067,"comment_status":"open","ping_status":"open","sticky":false,"template":"","format":"standard","meta":[],"categories":[1],"tags":[2220,228],"acf":[],"yoast_head":"<!-- This site is optimized with the Yoast SEO plugin v19.2 - https:\/\/yoast.com\/wordpress\/plugins\/seo\/ -->\n<title>Sefras promove 110\u00aa edi\u00e7\u00e3o da Festa de Santo Ant\u00f4nio do Pari - Not\u00edcias - Franciscanos<\/title>\n<meta name=\"robots\" content=\"index, follow, max-snippet:-1, max-image-preview:large, max-video-preview:-1\" \/>\n<link rel=\"canonical\" href=\"https:\/\/franciscanos.org.br\/noticias\/sefras-promove-110a-edicao-da-festa-de-santo-antonio-do-pari.html\" \/>\n<meta property=\"og:locale\" content=\"pt_BR\" \/>\n<meta property=\"og:type\" content=\"article\" \/>\n<meta property=\"og:title\" content=\"Sefras promove 110\u00aa edi\u00e7\u00e3o da Festa de Santo Ant\u00f4nio do Pari - Not\u00edcias - Franciscanos\" \/>\n<meta property=\"og:description\" content=\"Festa de Santo Ant\u00f4nio Pari\" \/>\n<meta property=\"og:url\" content=\"https:\/\/franciscanos.org.br\/noticias\/sefras-promove-110a-edicao-da-festa-de-santo-antonio-do-pari.html\" \/>\n<meta property=\"og:site_name\" content=\"Not\u00edcias - Franciscanos\" \/>\n<meta property=\"article:published_time\" content=\"2024-06-04T19:53:54+00:00\" \/>\n<meta property=\"og:image\" content=\"https:\/\/franciscanos.org.br\/noticias\/wp-content\/uploads\/2024\/06\/886318_0622f16950d34d14bbd3a9fc8a709765mv2.webp\" \/>\n\t<meta property=\"og:image:width\" content=\"1187\" \/>\n\t<meta property=\"og:image:height\" content=\"1582\" \/>\n\t<meta property=\"og:image:type\" content=\"image\/webp\" \/>\n<meta name=\"author\" content=\"Adriana Rabelo\" \/>\n<meta name=\"twitter:card\" content=\"summary_large_image\" \/>\n<meta name=\"twitter:label1\" content=\"Escrito por\" \/>\n\t<meta name=\"twitter:data1\" content=\"Adriana Rabelo\" \/>\n\t<meta name=\"twitter:label2\" content=\"Est. tempo de leitura\" \/>\n\t<meta name=\"twitter:data2\" content=\"2 minutos\" \/>\n<script type=\"application\/ld+json\" class=\"yoast-schema-graph\">{\"@context\":\"https:\/\/schema.org\",\"@graph\":[{\"@type\":\"WebSite\",\"@id\":\"https:\/\/franciscanos.org.br\/noticias\/#website\",\"url\":\"https:\/\/franciscanos.org.br\/noticias\/\",\"name\":\"Not\u00edcias - Franciscanos\",\"description\":\"Prov\u00edncia Franciscana da Imaculada Concei\u00e7\u00e3o do Brasil - Ordem dos Frades Menores - OFM\",\"potentialAction\":[{\"@type\":\"SearchAction\",\"target\":{\"@type\":\"EntryPoint\",\"urlTemplate\":\"https:\/\/franciscanos.org.br\/noticias\/?s={search_term_string}\"},\"query-input\":\"required name=search_term_string\"}],\"inLanguage\":\"pt-BR\"},{\"@type\":\"ImageObject\",\"inLanguage\":\"pt-BR\",\"@id\":\"https:\/\/franciscanos.org.br\/noticias\/sefras-promove-110a-edicao-da-festa-de-santo-antonio-do-pari.html#primaryimage\",\"url\":\"https:\/\/franciscanos.org.br\/noticias\/wp-content\/uploads\/2024\/06\/886318_0622f16950d34d14bbd3a9fc8a709765mv2.webp\",\"contentUrl\":\"https:\/\/franciscanos.org.br\/noticias\/wp-content\/uploads\/2024\/06\/886318_0622f16950d34d14bbd3a9fc8a709765mv2.webp\",\"width\":1187,\"height\":1582},{\"@type\":\"WebPage\",\"@id\":\"https:\/\/franciscanos.org.br\/noticias\/sefras-promove-110a-edicao-da-festa-de-santo-antonio-do-pari.html#webpage\",\"url\":\"https:\/\/franciscanos.org.br\/noticias\/sefras-promove-110a-edicao-da-festa-de-santo-antonio-do-pari.html\",\"name\":\"Sefras promove 110\u00aa edi\u00e7\u00e3o da Festa de Santo Ant\u00f4nio do Pari - Not\u00edcias - Franciscanos\",\"isPartOf\":{\"@id\":\"https:\/\/franciscanos.org.br\/noticias\/#website\"},\"primaryImageOfPage\":{\"@id\":\"https:\/\/franciscanos.org.br\/noticias\/sefras-promove-110a-edicao-da-festa-de-santo-antonio-do-pari.html#primaryimage\"},\"datePublished\":\"2024-06-04T19:53:54+00:00\",\"dateModified\":\"2024-06-04T19:53:54+00:00\",\"author\":{\"@id\":\"https:\/\/franciscanos.org.br\/noticias\/#\/schema\/person\/d9422e83121c3ad3b0f423d195f5bb25\"},\"breadcrumb\":{\"@id\":\"https:\/\/franciscanos.org.br\/noticias\/sefras-promove-110a-edicao-da-festa-de-santo-antonio-do-pari.html#breadcrumb\"},\"inLanguage\":\"pt-BR\",\"potentialAction\":[{\"@type\":\"ReadAction\",\"target\":[\"https:\/\/franciscanos.org.br\/noticias\/sefras-promove-110a-edicao-da-festa-de-santo-antonio-do-pari.html\"]}]},{\"@type\":\"BreadcrumbList\",\"@id\":\"https:\/\/franciscanos.org.br\/noticias\/sefras-promove-110a-edicao-da-festa-de-santo-antonio-do-pari.html#breadcrumb\",\"itemListElement\":[{\"@type\":\"ListItem\",\"position\":1,\"name\":\"Home\",\"item\":\"https:\/\/franciscanos.org.br\/noticias\"},{\"@type\":\"ListItem\",\"position\":2,\"name\":\"Sefras promove 110\u00aa edi\u00e7\u00e3o da Festa de Santo Ant\u00f4nio do Pari\"}]},{\"@type\":\"Person\",\"@id\":\"https:\/\/franciscanos.org.br\/noticias\/#\/schema\/person\/d9422e83121c3ad3b0f423d195f5bb25\",\"name\":\"Adriana Rabelo\",\"image\":{\"@type\":\"ImageObject\",\"inLanguage\":\"pt-BR\",\"@id\":\"https:\/\/franciscanos.org.br\/noticias\/#\/schema\/person\/image\/\",\"url\":\"https:\/\/secure.gravatar.com\/avatar\/0a937b7500cd7df77540cfb8bede877d?s=96&d=mm&r=g\",\"contentUrl\":\"https:\/\/secure.gravatar.com\/avatar\/0a937b7500cd7df77540cfb8bede877d?s=96&d=mm&r=g\",\"caption\":\"Adriana Rabelo\"},\"url\":\"https:\/\/franciscanos.org.br\/noticias\/author\/adrianarabelo\"}]}<\/script>\n<!-- \/ Yoast SEO plugin. -->","yoast_head_json":{"title":"Sefras promove 110\u00aa edi\u00e7\u00e3o da Festa de Santo Ant\u00f4nio do Pari - Not\u00edcias - Franciscanos","robots":{"index":"index","follow":"follow","max-snippet":"max-snippet:-1","max-image-preview":"max-image-preview:large","max-video-preview":"max-video-preview:-1"},"canonical":"https:\/\/franciscanos.org.br\/noticias\/sefras-promove-110a-edicao-da-festa-de-santo-antonio-do-pari.html","og_locale":"pt_BR","og_type":"article","og_title":"Sefras promove 110\u00aa edi\u00e7\u00e3o da Festa de Santo Ant\u00f4nio do Pari - Not\u00edcias - Franciscanos","og_description":"Festa de Santo Ant\u00f4nio Pari","og_url":"https:\/\/franciscanos.org.br\/noticias\/sefras-promove-110a-edicao-da-festa-de-santo-antonio-do-pari.html","og_site_name":"Not\u00edcias - Franciscanos","article_published_time":"2024-06-04T19:53:54+00:00","og_image":[{"width":1187,"height":1582,"url":"https:\/\/franciscanos.org.br\/noticias\/wp-content\/uploads\/2024\/06\/886318_0622f16950d34d14bbd3a9fc8a709765mv2.webp","type":"image\/webp"}],"author":"Adriana Rabelo","twitter_card":"summary_large_image","twitter_misc":{"Escrito por":"Adriana Rabelo","Est. tempo de leitura":"2 minutos"},"schema":{"@context":"https:\/\/schema.org","@graph":[{"@type":"WebSite","@id":"https:\/\/franciscanos.org.br\/noticias\/#website","url":"https:\/\/franciscanos.org.br\/noticias\/","name":"Not\u00edcias - Franciscanos","description":"Prov\u00edncia Franciscana da Imaculada Concei\u00e7\u00e3o do Brasil - Ordem dos Frades Menores - OFM","potentialAction":[{"@type":"SearchAction","target":{"@type":"EntryPoint","urlTemplate":"https:\/\/franciscanos.org.br\/noticias\/?s={search_term_string}"},"query-input":"required name=search_term_string"}],"inLanguage":"pt-BR"},{"@type":"ImageObject","inLanguage":"pt-BR","@id":"https:\/\/franciscanos.org.br\/noticias\/sefras-promove-110a-edicao-da-festa-de-santo-antonio-do-pari.html#primaryimage","url":"https:\/\/franciscanos.org.br\/noticias\/wp-content\/uploads\/2024\/06\/886318_0622f16950d34d14bbd3a9fc8a709765mv2.webp","contentUrl":"https:\/\/franciscanos.org.br\/noticias\/wp-content\/uploads\/2024\/06\/886318_0622f16950d34d14bbd3a9fc8a709765mv2.webp","width":1187,"height":1582},{"@type":"WebPage","@id":"https:\/\/franciscanos.org.br\/noticias\/sefras-promove-110a-edicao-da-festa-de-santo-antonio-do-pari.html#webpage","url":"https:\/\/franciscanos.org.br\/noticias\/sefras-promove-110a-edicao-da-festa-de-santo-antonio-do-pari.html","name":"Sefras promove 110\u00aa edi\u00e7\u00e3o da Festa de Santo Ant\u00f4nio do Pari - Not\u00edcias - Franciscanos","isPartOf":{"@id":"https:\/\/franciscanos.org.br\/noticias\/#website"},"primaryImageOfPage":{"@id":"https:\/\/franciscanos.org.br\/noticias\/sefras-promove-110a-edicao-da-festa-de-santo-antonio-do-pari.html#primaryimage"},"datePublished":"2024-06-04T19:53:54+00:00","dateModified":"2024-06-04T19:53:54+00:00","author":{"@id":"https:\/\/franciscanos.org.br\/noticias\/#\/schema\/person\/d9422e83121c3ad3b0f423d195f5bb25"},"breadcrumb":{"@id":"https:\/\/franciscanos.org.br\/noticias\/sefras-promove-110a-edicao-da-festa-de-santo-antonio-do-pari.html#breadcrumb"},"inLanguage":"pt-BR","potentialAction":[{"@type":"ReadAction","target":["https:\/\/franciscanos.org.br\/noticias\/sefras-promove-110a-edicao-da-festa-de-santo-antonio-do-pari.html"]}]},{"@type":"BreadcrumbList","@id":"https:\/\/franciscanos.org.br\/noticias\/sefras-promove-110a-edicao-da-festa-de-santo-antonio-do-pari.html#breadcrumb","itemListElement":[{"@type":"ListItem","position":1,"name":"Home","item":"https:\/\/franciscanos.org.br\/noticias"},{"@type":"ListItem","position":2,"name":"Sefras promove 110\u00aa edi\u00e7\u00e3o da Festa de Santo Ant\u00f4nio do Pari"}]},{"@type":"Person","@id":"https:\/\/franciscanos.org.br\/noticias\/#\/schema\/person\/d9422e83121c3ad3b0f423d195f5bb25","name":"Adriana Rabelo","image":{"@type":"ImageObject","inLanguage":"pt-BR","@id":"https:\/\/franciscanos.org.br\/noticias\/#\/schema\/person\/image\/","url":"https:\/\/secure.gravatar.com\/avatar\/0a937b7500cd7df77540cfb8bede877d?s=96&d=mm&r=g","contentUrl":"https:\/\/secure.gravatar.com\/avatar\/0a937b7500cd7df77540cfb8bede877d?s=96&d=mm&r=g","caption":"Adriana Rabelo"},"url":"https:\/\/franciscanos.org.br\/noticias\/author\/adrianarabelo"}]}},"_links":{"self":[{"href":"https:\/\/franciscanos.org.br\/noticias\/wp-json\/wp\/v2\/posts\/248065"}],"collection":[{"href":"https:\/\/franciscanos.org.br\/noticias\/wp-json\/wp\/v2\/posts"}],"about":[{"href":"https:\/\/franciscanos.org.br\/noticias\/wp-json\/wp\/v2\/types\/post"}],"author":[{"embeddable":true,"href":"https:\/\/franciscanos.org.br\/noticias\/wp-json\/wp\/v2\/users\/11"}],"replies":[{"embeddable":true,"href":"https:\/\/franciscanos.org.br\/noticias\/wp-json\/wp\/v2\/comments?post=248065"}],"version-history":[{"count":1,"href":"https:\/\/franciscanos.org.br\/noticias\/wp-json\/wp\/v2\/posts\/248065\/revisions"}],"predecessor-version":[{"id":248068,"href":"https:\/\/franciscanos.org.br\/noticias\/wp-json\/wp\/v2\/posts\/248065\/revisions\/248068"}],"wp:featuredmedia":[{"embeddable":true,"href":"https:\/\/franciscanos.org.br\/noticias\/wp-json\/wp\/v2\/media\/248067"}],"wp:attachment":[{"href":"https:\/\/franciscanos.org.br\/noticias\/wp-json\/wp\/v2\/media?parent=248065"}],"wp:term":[{"taxonomy":"category","embeddable":true,"href":"https:\/\/franciscanos.org.br\/noticias\/wp-json\/wp\/v2\/categories?post=248065"},{"taxonomy":"post_tag","embeddable":true,"href":"https:\/\/franciscanos.org.br\/noticias\/wp-json\/wp\/v2\/tags?post=248065"}],"curies":[{"name":"wp","href":"https:\/\/api.w.org\/{rel}","templated":true}]}}