{"id":248020,"date":"2024-06-04T16:00:49","date_gmt":"2024-06-04T19:00:49","guid":{"rendered":"https:\/\/franciscanos.org.br\/noticias\/?p=248020"},"modified":"2024-06-04T16:19:25","modified_gmt":"2024-06-04T19:19:25","slug":"416-anos-de-historia-do-convento-santo-antonio-e-celebrado-com-trezena-visitas-e-lancamento-de-almanaque","status":"publish","type":"post","link":"https:\/\/franciscanos.org.br\/noticias\/416-anos-de-historia-do-convento-santo-antonio-e-celebrado-com-trezena-visitas-e-lancamento-de-almanaque.html","title":{"rendered":"416 anos de hist\u00f3ria do Convento Santo Ant\u00f4nio \u00e9 celebrado com trezena, visitas e lan\u00e7amento de almanaque"},"content":{"rendered":"<p>&nbsp;<\/p>\n<p>&nbsp;<\/p>\n<p>&nbsp;<\/p>\n<p><img loading=\"lazy\" class=\"aligncenter wp-image-248032 size-full\" src=\"https:\/\/franciscanos.org.br\/noticias\/wp-content\/uploads\/2024\/06\/IMG-20240604-WA0020.jpg\" alt=\"\" width=\"1600\" height=\"1200\" srcset=\"https:\/\/franciscanos.org.br\/noticias\/wp-content\/uploads\/2024\/06\/IMG-20240604-WA0020.jpg 1600w, https:\/\/franciscanos.org.br\/noticias\/wp-content\/uploads\/2024\/06\/IMG-20240604-WA0020-450x338.jpg 450w, https:\/\/franciscanos.org.br\/noticias\/wp-content\/uploads\/2024\/06\/IMG-20240604-WA0020-1024x768.jpg 1024w, https:\/\/franciscanos.org.br\/noticias\/wp-content\/uploads\/2024\/06\/IMG-20240604-WA0020-768x576.jpg 768w, https:\/\/franciscanos.org.br\/noticias\/wp-content\/uploads\/2024\/06\/IMG-20240604-WA0020-1536x1152.jpg 1536w, https:\/\/franciscanos.org.br\/noticias\/wp-content\/uploads\/2024\/06\/IMG-20240604-WA0020-150x113.jpg 150w, https:\/\/franciscanos.org.br\/noticias\/wp-content\/uploads\/2024\/06\/IMG-20240604-WA0020-600x450.jpg 600w\" sizes=\"(max-width: 1600px) 100vw, 1600px\" \/><\/p>\n<p><span style=\"font-weight: 400;\">Neste dia 04 de junho, o Convento Santo Ant\u00f4nio completa 416 anos de funda\u00e7\u00e3o e, para celebrar a data, a 342\u00aa Trezena preparat\u00f3ria para a Festa seguiu em pleno entusiasmo. Logo cedo, \u00e0s 8h30, a Imagem peregrina partiu em dire\u00e7\u00e3o ao Quartel General da Pol\u00edcia Militar do Estado do Rio de Janeiro (PMERJ), onde foi recebida com banda de m\u00fasica e honras militares. A celebra\u00e7\u00e3o foi realizada no audit\u00f3ria, com a presen\u00e7a da Sub-secret\u00e1ria da Pol\u00edcia Militar e chefe de gabinete do Comandante Geral, Coronel Gabryela Reis Dantas, do Capel\u00e3o-Chefe Padre Marcelo Paiva, demais capel\u00e3es e outros integrantes da corpora\u00e7\u00e3o. Em nome da Fraternidade do Convento, Frei Gustavo Medella agradeceu a acolhida pelo segundo ano consecutivo da Imagem Peregrina do Quartel General da PM: \u201cAqui n\u00f3s aprendemos que a esperan\u00e7a tamb\u00e9m \u00e9 azul. O azul do c\u00e9u, do mar e das fardas da Pol\u00edcia Militar. Nosso desejo \u00e9 que todos voc\u00eas possam sempre ser sinais de esperan\u00e7a junto ao povo, assumindo com esmero a miss\u00e3o de cuidar das pessoas. A atua\u00e7\u00e3o de voc\u00eas seja sempre em prol da constru\u00e7\u00e3o de um mundo de justi\u00e7a e paz\u201d, frisou Frei Gustavo.<\/span><\/p>\n\n\t\t<style type=\"text\/css\">\n\t\t\t#gallery-1 {\n\t\t\t\tmargin: auto;\n\t\t\t}\n\t\t\t#gallery-1 .gallery-item {\n\t\t\t\tfloat: left;\n\t\t\t\tmargin-top: 10px;\n\t\t\t\ttext-align: center;\n\t\t\t\twidth: 33%;\n\t\t\t}\n\t\t\t#gallery-1 img {\n\t\t\t\tborder: 2px solid #cfcfcf;\n\t\t\t}\n\t\t\t#gallery-1 .gallery-caption {\n\t\t\t\tmargin-left: 0;\n\t\t\t}\n\t\t\t\/* see gallery_shortcode() in wp-includes\/media.php *\/\n\t\t<\/style>\n\t\t<div id='gallery-1' class='gallery galleryid-248020 gallery-columns-3 gallery-size-medium'><dl class='gallery-item'>\n\t\t\t<dt class='gallery-icon portrait'>\n\t\t\t\t<a href='https:\/\/franciscanos.org.br\/noticias\/wp-content\/uploads\/2024\/06\/IMG-20240604-WA0009.jpg'><img width=\"338\" height=\"450\" src=\"https:\/\/franciscanos.org.br\/noticias\/wp-content\/uploads\/2024\/06\/IMG-20240604-WA0009-338x450.jpg\" class=\"attachment-medium size-medium\" alt=\"\" loading=\"lazy\" srcset=\"https:\/\/franciscanos.org.br\/noticias\/wp-content\/uploads\/2024\/06\/IMG-20240604-WA0009-338x450.jpg 338w, https:\/\/franciscanos.org.br\/noticias\/wp-content\/uploads\/2024\/06\/IMG-20240604-WA0009-768x1024.jpg 768w, https:\/\/franciscanos.org.br\/noticias\/wp-content\/uploads\/2024\/06\/IMG-20240604-WA0009-150x200.jpg 150w, https:\/\/franciscanos.org.br\/noticias\/wp-content\/uploads\/2024\/06\/IMG-20240604-WA0009.jpg 960w\" sizes=\"(max-width: 338px) 100vw, 338px\" \/><\/a>\n\t\t\t<\/dt><\/dl><dl class='gallery-item'>\n\t\t\t<dt class='gallery-icon portrait'>\n\t\t\t\t<a href='https:\/\/franciscanos.org.br\/noticias\/wp-content\/uploads\/2024\/06\/IMG-20240604-WA0011.jpg'><img width=\"338\" height=\"450\" src=\"https:\/\/franciscanos.org.br\/noticias\/wp-content\/uploads\/2024\/06\/IMG-20240604-WA0011-338x450.jpg\" class=\"attachment-medium size-medium\" alt=\"\" loading=\"lazy\" srcset=\"https:\/\/franciscanos.org.br\/noticias\/wp-content\/uploads\/2024\/06\/IMG-20240604-WA0011-338x450.jpg 338w, https:\/\/franciscanos.org.br\/noticias\/wp-content\/uploads\/2024\/06\/IMG-20240604-WA0011-768x1024.jpg 768w, https:\/\/franciscanos.org.br\/noticias\/wp-content\/uploads\/2024\/06\/IMG-20240604-WA0011-150x200.jpg 150w, https:\/\/franciscanos.org.br\/noticias\/wp-content\/uploads\/2024\/06\/IMG-20240604-WA0011.jpg 960w\" sizes=\"(max-width: 338px) 100vw, 338px\" \/><\/a>\n\t\t\t<\/dt><\/dl><dl class='gallery-item'>\n\t\t\t<dt class='gallery-icon portrait'>\n\t\t\t\t<a href='https:\/\/franciscanos.org.br\/noticias\/wp-content\/uploads\/2024\/06\/IMG-20240604-WA0012.jpg'><img width=\"338\" height=\"450\" src=\"https:\/\/franciscanos.org.br\/noticias\/wp-content\/uploads\/2024\/06\/IMG-20240604-WA0012-338x450.jpg\" class=\"attachment-medium size-medium\" alt=\"\" loading=\"lazy\" srcset=\"https:\/\/franciscanos.org.br\/noticias\/wp-content\/uploads\/2024\/06\/IMG-20240604-WA0012-338x450.jpg 338w, https:\/\/franciscanos.org.br\/noticias\/wp-content\/uploads\/2024\/06\/IMG-20240604-WA0012-768x1024.jpg 768w, https:\/\/franciscanos.org.br\/noticias\/wp-content\/uploads\/2024\/06\/IMG-20240604-WA0012-150x200.jpg 150w, https:\/\/franciscanos.org.br\/noticias\/wp-content\/uploads\/2024\/06\/IMG-20240604-WA0012.jpg 960w\" sizes=\"(max-width: 338px) 100vw, 338px\" \/><\/a>\n\t\t\t<\/dt><\/dl><br style=\"clear: both\" \/>\n\t\t<\/div>\n\n<p><span style=\"font-weight: 400;\">Em nome do Secret\u00e1rio de Estado e Comandante Geral da Pol\u00edcia Militar, Coronel Marcelo de Menezes Nogueira, a Sub-secret\u00e1ria manifestou a alegria pela visita da Imagem peregrina como sinal de esperan\u00e7a e for\u00e7a para toda a corpora\u00e7\u00e3o. Em mensagem por escrito, o Secret\u00e1rio destacou que a proximidade f\u00edsica entre o Quartel General e o Convento \u00e9 express\u00e3o tamb\u00e9m de uma proximidade afetiva, marcada por la\u00e7os de estima e bem-querer, ressaltando que a Pol\u00edcia Militar segue \u00e0 disposi\u00e7\u00e3o do Convento em sua miss\u00e3o de levar a alegria e paz ao povo. Ao final, o Secret\u00e1rio e Comandante Geral chegou para dar uma sauda\u00e7\u00e3o especial aos frades e agradecer pela visita da Imagem.<\/span><\/p>\n\n\t\t<style type=\"text\/css\">\n\t\t\t#gallery-2 {\n\t\t\t\tmargin: auto;\n\t\t\t}\n\t\t\t#gallery-2 .gallery-item {\n\t\t\t\tfloat: left;\n\t\t\t\tmargin-top: 10px;\n\t\t\t\ttext-align: center;\n\t\t\t\twidth: 33%;\n\t\t\t}\n\t\t\t#gallery-2 img {\n\t\t\t\tborder: 2px solid #cfcfcf;\n\t\t\t}\n\t\t\t#gallery-2 .gallery-caption {\n\t\t\t\tmargin-left: 0;\n\t\t\t}\n\t\t\t\/* see gallery_shortcode() in wp-includes\/media.php *\/\n\t\t<\/style>\n\t\t<div id='gallery-2' class='gallery galleryid-248020 gallery-columns-3 gallery-size-medium'><dl class='gallery-item'>\n\t\t\t<dt class='gallery-icon portrait'>\n\t\t\t\t<a href='https:\/\/franciscanos.org.br\/noticias\/wp-content\/uploads\/2024\/06\/IMG-20240604-WA0013.jpg'><img width=\"338\" height=\"450\" src=\"https:\/\/franciscanos.org.br\/noticias\/wp-content\/uploads\/2024\/06\/IMG-20240604-WA0013-338x450.jpg\" class=\"attachment-medium size-medium\" alt=\"\" loading=\"lazy\" srcset=\"https:\/\/franciscanos.org.br\/noticias\/wp-content\/uploads\/2024\/06\/IMG-20240604-WA0013-338x450.jpg 338w, https:\/\/franciscanos.org.br\/noticias\/wp-content\/uploads\/2024\/06\/IMG-20240604-WA0013-768x1024.jpg 768w, https:\/\/franciscanos.org.br\/noticias\/wp-content\/uploads\/2024\/06\/IMG-20240604-WA0013-150x200.jpg 150w, https:\/\/franciscanos.org.br\/noticias\/wp-content\/uploads\/2024\/06\/IMG-20240604-WA0013.jpg 960w\" sizes=\"(max-width: 338px) 100vw, 338px\" \/><\/a>\n\t\t\t<\/dt><\/dl><dl class='gallery-item'>\n\t\t\t<dt class='gallery-icon portrait'>\n\t\t\t\t<a href='https:\/\/franciscanos.org.br\/noticias\/wp-content\/uploads\/2024\/06\/IMG-20240604-WA0016.jpg'><img width=\"338\" height=\"450\" src=\"https:\/\/franciscanos.org.br\/noticias\/wp-content\/uploads\/2024\/06\/IMG-20240604-WA0016-338x450.jpg\" class=\"attachment-medium size-medium\" alt=\"\" loading=\"lazy\" srcset=\"https:\/\/franciscanos.org.br\/noticias\/wp-content\/uploads\/2024\/06\/IMG-20240604-WA0016-338x450.jpg 338w, https:\/\/franciscanos.org.br\/noticias\/wp-content\/uploads\/2024\/06\/IMG-20240604-WA0016-768x1024.jpg 768w, https:\/\/franciscanos.org.br\/noticias\/wp-content\/uploads\/2024\/06\/IMG-20240604-WA0016-150x200.jpg 150w, https:\/\/franciscanos.org.br\/noticias\/wp-content\/uploads\/2024\/06\/IMG-20240604-WA0016.jpg 960w\" sizes=\"(max-width: 338px) 100vw, 338px\" \/><\/a>\n\t\t\t<\/dt><\/dl><dl class='gallery-item'>\n\t\t\t<dt class='gallery-icon portrait'>\n\t\t\t\t<a href='https:\/\/franciscanos.org.br\/noticias\/wp-content\/uploads\/2024\/06\/IMG-20240604-WA0018.jpg'><img width=\"338\" height=\"450\" src=\"https:\/\/franciscanos.org.br\/noticias\/wp-content\/uploads\/2024\/06\/IMG-20240604-WA0018-338x450.jpg\" class=\"attachment-medium size-medium\" alt=\"\" loading=\"lazy\" srcset=\"https:\/\/franciscanos.org.br\/noticias\/wp-content\/uploads\/2024\/06\/IMG-20240604-WA0018-338x450.jpg 338w, https:\/\/franciscanos.org.br\/noticias\/wp-content\/uploads\/2024\/06\/IMG-20240604-WA0018-768x1024.jpg 768w, https:\/\/franciscanos.org.br\/noticias\/wp-content\/uploads\/2024\/06\/IMG-20240604-WA0018-150x200.jpg 150w, https:\/\/franciscanos.org.br\/noticias\/wp-content\/uploads\/2024\/06\/IMG-20240604-WA0018.jpg 960w\" sizes=\"(max-width: 338px) 100vw, 338px\" \/><\/a>\n\t\t\t<\/dt><\/dl><br style=\"clear: both\" \/>\n\t\t<\/div>\n\n<p><span style=\"font-weight: 400;\">A pr\u00f3xima parada foi no Quartel do Comando Geral do Corpo de Bombeiros, com recep\u00e7\u00e3o preparada no P\u00e1tio Principal da Hist\u00f3rica Edifica\u00e7\u00e3o localizada no Centro do Rio. Recebidos pelo Capel\u00e3o, Padre S\u00e9rgio Marcos S\u00e1 de Ferreira, e pela tropa em forma, a Imagem e os Frades realizaram um momento celebrativo. Mais uma vez fazendo uso da palavra em nome do Convento, Frei Gustavo Medella manifestou o reconhecimento e a gratid\u00e3o de todo povo aos Bombeiros Militares que, segundo o frade, \u201cvencem os pr\u00f3prios medos e inseguran\u00e7as para salvar vidas, colocando, se necess\u00e1rio, a pr\u00f3pria vida em risco\u201d. \u201cA visita da imagem de Santo Ant\u00f4nio deseja expressar este abra\u00e7o de gratid\u00e3o a todos os bombeiros pelo bem que realizam para a sociedade. Levem esta sauda\u00e7\u00e3o a todos que comp\u00f5em esta corpora\u00e7\u00e3o, assim como a seus familiares\u201d, saudou Frei Gustavo. Assim como na visita \u00e0 Pol\u00edcia Militar, a passagem pelo Corpo de Bombeiros tamb\u00e9m foi marcada pela b\u00ean\u00e7\u00e3o e distribui\u00e7\u00e3o dos p\u00e3ezinhos e pela b\u00ean\u00e7\u00e3o de Santo Ant\u00f4nio, dirigida por Frei Claudio Borca. Tamb\u00e9m acompanharam a comitiva da Imagem peregrina Frei Gilberto da Silva, pregador da Trezena neste ano, e Frei Felipe Carretta, tamb\u00e9m da Fraternidade do Convento.<\/span><\/p>\n<p><b>Lan\u00e7amento do Almanaque de Santo Ant\u00f4nio 2025 e Missa do 5\u00ba Dia da Trezena<\/b><\/p>\n<p><span style=\"font-weight: 400;\">No Convento, igreja lotada para a celebra\u00e7\u00e3o do 5\u00ba dia da Trezena, com o tema \u201cSanto Ant\u00f4nio, o amigo da Sabedoria\u201d, com a presid\u00eancia de Frei Gilberto da Silva. Com leveza, bom humor e profundidade, o pregador tem levado o povo a refletir os valores da fraternidade e da amizade a partir do exemplo de Santo Ant\u00f4nio. Destaque tamb\u00e9m para o lan\u00e7amento do Almanaque de Santo Ant\u00f4nio 2025, da Editora Vozes, com a presen\u00e7a de Frei Edrian Josu\u00e9 Pasini, organizador da publica\u00e7\u00e3o. Muitos foram os interessados em adquirir o almanaque, todos atendidos com carinho e aten\u00e7\u00e3o por Frei Edrian. Ao fim da tarde, a partir das 17h, a Imagem peregrina segue para a Central do Brasil onde, \u00e0s 18h, haver\u00e1 missa na Capela da esta\u00e7\u00e3o que \u00e9 um dos s\u00edmbolos da Cidade do Rio de Janeiro.<\/span><\/p>\n<hr \/>\n<p><em>Equipe de Comunica\u00e7\u00e3o Convento Santo Ant\u00f4nio Largo do Carioca<\/em><\/p>\n\n\t\t<style type=\"text\/css\">\n\t\t\t#gallery-3 {\n\t\t\t\tmargin: auto;\n\t\t\t}\n\t\t\t#gallery-3 .gallery-item {\n\t\t\t\tfloat: left;\n\t\t\t\tmargin-top: 10px;\n\t\t\t\ttext-align: center;\n\t\t\t\twidth: 33%;\n\t\t\t}\n\t\t\t#gallery-3 img {\n\t\t\t\tborder: 2px solid #cfcfcf;\n\t\t\t}\n\t\t\t#gallery-3 .gallery-caption {\n\t\t\t\tmargin-left: 0;\n\t\t\t}\n\t\t\t\/* see gallery_shortcode() in wp-includes\/media.php *\/\n\t\t<\/style>\n\t\t<div id='gallery-3' class='gallery galleryid-248020 gallery-columns-3 gallery-size-medium'><dl class='gallery-item'>\n\t\t\t<dt class='gallery-icon portrait'>\n\t\t\t\t<a href='https:\/\/franciscanos.org.br\/noticias\/wp-content\/uploads\/2024\/06\/IMG-20240604-WA0019.jpg'><img width=\"338\" height=\"450\" src=\"https:\/\/franciscanos.org.br\/noticias\/wp-content\/uploads\/2024\/06\/IMG-20240604-WA0019-338x450.jpg\" class=\"attachment-medium size-medium\" alt=\"\" loading=\"lazy\" srcset=\"https:\/\/franciscanos.org.br\/noticias\/wp-content\/uploads\/2024\/06\/IMG-20240604-WA0019-338x450.jpg 338w, https:\/\/franciscanos.org.br\/noticias\/wp-content\/uploads\/2024\/06\/IMG-20240604-WA0019-768x1024.jpg 768w, https:\/\/franciscanos.org.br\/noticias\/wp-content\/uploads\/2024\/06\/IMG-20240604-WA0019-150x200.jpg 150w, https:\/\/franciscanos.org.br\/noticias\/wp-content\/uploads\/2024\/06\/IMG-20240604-WA0019.jpg 960w\" sizes=\"(max-width: 338px) 100vw, 338px\" \/><\/a>\n\t\t\t<\/dt><\/dl><dl class='gallery-item'>\n\t\t\t<dt class='gallery-icon portrait'>\n\t\t\t\t<a href='https:\/\/franciscanos.org.br\/noticias\/wp-content\/uploads\/2024\/06\/IMG-20240604-WA0021.jpg'><img width=\"338\" height=\"450\" src=\"https:\/\/franciscanos.org.br\/noticias\/wp-content\/uploads\/2024\/06\/IMG-20240604-WA0021-338x450.jpg\" class=\"attachment-medium size-medium\" alt=\"\" loading=\"lazy\" srcset=\"https:\/\/franciscanos.org.br\/noticias\/wp-content\/uploads\/2024\/06\/IMG-20240604-WA0021-338x450.jpg 338w, https:\/\/franciscanos.org.br\/noticias\/wp-content\/uploads\/2024\/06\/IMG-20240604-WA0021-768x1024.jpg 768w, https:\/\/franciscanos.org.br\/noticias\/wp-content\/uploads\/2024\/06\/IMG-20240604-WA0021-1152x1536.jpg 1152w, https:\/\/franciscanos.org.br\/noticias\/wp-content\/uploads\/2024\/06\/IMG-20240604-WA0021-150x200.jpg 150w, https:\/\/franciscanos.org.br\/noticias\/wp-content\/uploads\/2024\/06\/IMG-20240604-WA0021.jpg 1200w\" sizes=\"(max-width: 338px) 100vw, 338px\" \/><\/a>\n\t\t\t<\/dt><\/dl><dl class='gallery-item'>\n\t\t\t<dt class='gallery-icon portrait'>\n\t\t\t\t<a href='https:\/\/franciscanos.org.br\/noticias\/wp-content\/uploads\/2024\/06\/IMG-20240604-WA0024.jpg'><img width=\"338\" height=\"450\" src=\"https:\/\/franciscanos.org.br\/noticias\/wp-content\/uploads\/2024\/06\/IMG-20240604-WA0024-338x450.jpg\" class=\"attachment-medium size-medium\" alt=\"\" loading=\"lazy\" srcset=\"https:\/\/franciscanos.org.br\/noticias\/wp-content\/uploads\/2024\/06\/IMG-20240604-WA0024-338x450.jpg 338w, https:\/\/franciscanos.org.br\/noticias\/wp-content\/uploads\/2024\/06\/IMG-20240604-WA0024-768x1024.jpg 768w, https:\/\/franciscanos.org.br\/noticias\/wp-content\/uploads\/2024\/06\/IMG-20240604-WA0024-1152x1536.jpg 1152w, https:\/\/franciscanos.org.br\/noticias\/wp-content\/uploads\/2024\/06\/IMG-20240604-WA0024-150x200.jpg 150w, https:\/\/franciscanos.org.br\/noticias\/wp-content\/uploads\/2024\/06\/IMG-20240604-WA0024.jpg 1200w\" sizes=\"(max-width: 338px) 100vw, 338px\" \/><\/a>\n\t\t\t<\/dt><\/dl><br style=\"clear: both\" \/><dl class='gallery-item'>\n\t\t\t<dt class='gallery-icon landscape'>\n\t\t\t\t<a href='https:\/\/franciscanos.org.br\/noticias\/wp-content\/uploads\/2024\/06\/IMG-20240604-WA0032.jpg'><img width=\"450\" height=\"338\" src=\"https:\/\/franciscanos.org.br\/noticias\/wp-content\/uploads\/2024\/06\/IMG-20240604-WA0032-450x338.jpg\" class=\"attachment-medium size-medium\" alt=\"\" loading=\"lazy\" srcset=\"https:\/\/franciscanos.org.br\/noticias\/wp-content\/uploads\/2024\/06\/IMG-20240604-WA0032-450x338.jpg 450w, https:\/\/franciscanos.org.br\/noticias\/wp-content\/uploads\/2024\/06\/IMG-20240604-WA0032-1024x768.jpg 1024w, https:\/\/franciscanos.org.br\/noticias\/wp-content\/uploads\/2024\/06\/IMG-20240604-WA0032-768x576.jpg 768w, https:\/\/franciscanos.org.br\/noticias\/wp-content\/uploads\/2024\/06\/IMG-20240604-WA0032-1536x1152.jpg 1536w, https:\/\/franciscanos.org.br\/noticias\/wp-content\/uploads\/2024\/06\/IMG-20240604-WA0032-150x113.jpg 150w, https:\/\/franciscanos.org.br\/noticias\/wp-content\/uploads\/2024\/06\/IMG-20240604-WA0032-600x450.jpg 600w, https:\/\/franciscanos.org.br\/noticias\/wp-content\/uploads\/2024\/06\/IMG-20240604-WA0032.jpg 1600w\" sizes=\"(max-width: 450px) 100vw, 450px\" \/><\/a>\n\t\t\t<\/dt><\/dl><dl class='gallery-item'>\n\t\t\t<dt class='gallery-icon landscape'>\n\t\t\t\t<a href='https:\/\/franciscanos.org.br\/noticias\/wp-content\/uploads\/2024\/06\/IMG-20240604-WA0033.jpg'><img width=\"450\" height=\"338\" src=\"https:\/\/franciscanos.org.br\/noticias\/wp-content\/uploads\/2024\/06\/IMG-20240604-WA0033-450x338.jpg\" class=\"attachment-medium size-medium\" alt=\"\" loading=\"lazy\" srcset=\"https:\/\/franciscanos.org.br\/noticias\/wp-content\/uploads\/2024\/06\/IMG-20240604-WA0033-450x338.jpg 450w, https:\/\/franciscanos.org.br\/noticias\/wp-content\/uploads\/2024\/06\/IMG-20240604-WA0033-1024x768.jpg 1024w, https:\/\/franciscanos.org.br\/noticias\/wp-content\/uploads\/2024\/06\/IMG-20240604-WA0033-768x576.jpg 768w, https:\/\/franciscanos.org.br\/noticias\/wp-content\/uploads\/2024\/06\/IMG-20240604-WA0033-1536x1152.jpg 1536w, https:\/\/franciscanos.org.br\/noticias\/wp-content\/uploads\/2024\/06\/IMG-20240604-WA0033-150x113.jpg 150w, https:\/\/franciscanos.org.br\/noticias\/wp-content\/uploads\/2024\/06\/IMG-20240604-WA0033-600x450.jpg 600w, https:\/\/franciscanos.org.br\/noticias\/wp-content\/uploads\/2024\/06\/IMG-20240604-WA0033.jpg 1600w\" sizes=\"(max-width: 450px) 100vw, 450px\" \/><\/a>\n\t\t\t<\/dt><\/dl><dl class='gallery-item'>\n\t\t\t<dt class='gallery-icon portrait'>\n\t\t\t\t<a href='https:\/\/franciscanos.org.br\/noticias\/wp-content\/uploads\/2024\/06\/IMG-20240604-WA0034.jpg'><img width=\"338\" height=\"450\" src=\"https:\/\/franciscanos.org.br\/noticias\/wp-content\/uploads\/2024\/06\/IMG-20240604-WA0034-338x450.jpg\" class=\"attachment-medium size-medium\" alt=\"\" loading=\"lazy\" srcset=\"https:\/\/franciscanos.org.br\/noticias\/wp-content\/uploads\/2024\/06\/IMG-20240604-WA0034-338x450.jpg 338w, https:\/\/franciscanos.org.br\/noticias\/wp-content\/uploads\/2024\/06\/IMG-20240604-WA0034-768x1024.jpg 768w, https:\/\/franciscanos.org.br\/noticias\/wp-content\/uploads\/2024\/06\/IMG-20240604-WA0034-1152x1536.jpg 1152w, https:\/\/franciscanos.org.br\/noticias\/wp-content\/uploads\/2024\/06\/IMG-20240604-WA0034-150x200.jpg 150w, https:\/\/franciscanos.org.br\/noticias\/wp-content\/uploads\/2024\/06\/IMG-20240604-WA0034.jpg 1200w\" sizes=\"(max-width: 338px) 100vw, 338px\" \/><\/a>\n\t\t\t<\/dt><\/dl><br style=\"clear: both\" \/>\n\t\t<\/div>\n\n","protected":false},"excerpt":{"rendered":"<p>Trezena de Santo Ant\u00f4nio<\/p>\n","protected":false},"author":11,"featured_media":248025,"comment_status":"open","ping_status":"open","sticky":false,"template":"","format":"standard","meta":[],"categories":[1],"tags":[2225,2220],"acf":[],"yoast_head":"<!-- This site is optimized with the Yoast SEO plugin v19.2 - https:\/\/yoast.com\/wordpress\/plugins\/seo\/ -->\n<title>416 anos de hist\u00f3ria do Convento Santo Ant\u00f4nio \u00e9 celebrado com trezena, visitas e lan\u00e7amento de almanaque - Not\u00edcias - Franciscanos<\/title>\n<meta name=\"robots\" content=\"index, follow, max-snippet:-1, max-image-preview:large, max-video-preview:-1\" \/>\n<link rel=\"canonical\" href=\"https:\/\/franciscanos.org.br\/noticias\/416-anos-de-historia-do-convento-santo-antonio-e-celebrado-com-trezena-visitas-e-lancamento-de-almanaque.html\" \/>\n<meta property=\"og:locale\" content=\"pt_BR\" \/>\n<meta property=\"og:type\" content=\"article\" \/>\n<meta property=\"og:title\" content=\"416 anos de hist\u00f3ria do Convento Santo Ant\u00f4nio \u00e9 celebrado com trezena, visitas e lan\u00e7amento de almanaque - Not\u00edcias - Franciscanos\" \/>\n<meta property=\"og:description\" content=\"Trezena de Santo Ant\u00f4nio\" \/>\n<meta property=\"og:url\" content=\"https:\/\/franciscanos.org.br\/noticias\/416-anos-de-historia-do-convento-santo-antonio-e-celebrado-com-trezena-visitas-e-lancamento-de-almanaque.html\" \/>\n<meta property=\"og:site_name\" content=\"Not\u00edcias - Franciscanos\" \/>\n<meta property=\"article:published_time\" content=\"2024-06-04T19:00:49+00:00\" \/>\n<meta property=\"article:modified_time\" content=\"2024-06-04T19:19:25+00:00\" \/>\n<meta property=\"og:image\" content=\"https:\/\/franciscanos.org.br\/noticias\/wp-content\/uploads\/2024\/06\/IMG-20240604-WA0013.jpg\" \/>\n\t<meta property=\"og:image:width\" content=\"960\" \/>\n\t<meta property=\"og:image:height\" content=\"1280\" \/>\n\t<meta property=\"og:image:type\" content=\"image\/jpeg\" \/>\n<meta name=\"author\" content=\"Adriana Rabelo\" \/>\n<meta name=\"twitter:card\" content=\"summary_large_image\" \/>\n<meta name=\"twitter:label1\" content=\"Escrito por\" \/>\n\t<meta name=\"twitter:data1\" content=\"Adriana Rabelo\" \/>\n\t<meta name=\"twitter:label2\" content=\"Est. tempo de leitura\" \/>\n\t<meta name=\"twitter:data2\" content=\"4 minutos\" \/>\n<script type=\"application\/ld+json\" class=\"yoast-schema-graph\">{\"@context\":\"https:\/\/schema.org\",\"@graph\":[{\"@type\":\"WebSite\",\"@id\":\"https:\/\/franciscanos.org.br\/noticias\/#website\",\"url\":\"https:\/\/franciscanos.org.br\/noticias\/\",\"name\":\"Not\u00edcias - Franciscanos\",\"description\":\"Prov\u00edncia Franciscana da Imaculada Concei\u00e7\u00e3o do Brasil - Ordem dos Frades Menores - OFM\",\"potentialAction\":[{\"@type\":\"SearchAction\",\"target\":{\"@type\":\"EntryPoint\",\"urlTemplate\":\"https:\/\/franciscanos.org.br\/noticias\/?s={search_term_string}\"},\"query-input\":\"required name=search_term_string\"}],\"inLanguage\":\"pt-BR\"},{\"@type\":\"ImageObject\",\"inLanguage\":\"pt-BR\",\"@id\":\"https:\/\/franciscanos.org.br\/noticias\/416-anos-de-historia-do-convento-santo-antonio-e-celebrado-com-trezena-visitas-e-lancamento-de-almanaque.html#primaryimage\",\"url\":\"https:\/\/franciscanos.org.br\/noticias\/wp-content\/uploads\/2024\/06\/IMG-20240604-WA0013.jpg\",\"contentUrl\":\"https:\/\/franciscanos.org.br\/noticias\/wp-content\/uploads\/2024\/06\/IMG-20240604-WA0013.jpg\",\"width\":960,\"height\":1280},{\"@type\":\"WebPage\",\"@id\":\"https:\/\/franciscanos.org.br\/noticias\/416-anos-de-historia-do-convento-santo-antonio-e-celebrado-com-trezena-visitas-e-lancamento-de-almanaque.html#webpage\",\"url\":\"https:\/\/franciscanos.org.br\/noticias\/416-anos-de-historia-do-convento-santo-antonio-e-celebrado-com-trezena-visitas-e-lancamento-de-almanaque.html\",\"name\":\"416 anos de hist\u00f3ria do Convento Santo Ant\u00f4nio \u00e9 celebrado com trezena, visitas e lan\u00e7amento de almanaque - Not\u00edcias - Franciscanos\",\"isPartOf\":{\"@id\":\"https:\/\/franciscanos.org.br\/noticias\/#website\"},\"primaryImageOfPage\":{\"@id\":\"https:\/\/franciscanos.org.br\/noticias\/416-anos-de-historia-do-convento-santo-antonio-e-celebrado-com-trezena-visitas-e-lancamento-de-almanaque.html#primaryimage\"},\"datePublished\":\"2024-06-04T19:00:49+00:00\",\"dateModified\":\"2024-06-04T19:19:25+00:00\",\"author\":{\"@id\":\"https:\/\/franciscanos.org.br\/noticias\/#\/schema\/person\/d9422e83121c3ad3b0f423d195f5bb25\"},\"breadcrumb\":{\"@id\":\"https:\/\/franciscanos.org.br\/noticias\/416-anos-de-historia-do-convento-santo-antonio-e-celebrado-com-trezena-visitas-e-lancamento-de-almanaque.html#breadcrumb\"},\"inLanguage\":\"pt-BR\",\"potentialAction\":[{\"@type\":\"ReadAction\",\"target\":[\"https:\/\/franciscanos.org.br\/noticias\/416-anos-de-historia-do-convento-santo-antonio-e-celebrado-com-trezena-visitas-e-lancamento-de-almanaque.html\"]}]},{\"@type\":\"BreadcrumbList\",\"@id\":\"https:\/\/franciscanos.org.br\/noticias\/416-anos-de-historia-do-convento-santo-antonio-e-celebrado-com-trezena-visitas-e-lancamento-de-almanaque.html#breadcrumb\",\"itemListElement\":[{\"@type\":\"ListItem\",\"position\":1,\"name\":\"Home\",\"item\":\"https:\/\/franciscanos.org.br\/noticias\"},{\"@type\":\"ListItem\",\"position\":2,\"name\":\"416 anos de hist\u00f3ria do Convento Santo Ant\u00f4nio \u00e9 celebrado com trezena, visitas e lan\u00e7amento de almanaque\"}]},{\"@type\":\"Person\",\"@id\":\"https:\/\/franciscanos.org.br\/noticias\/#\/schema\/person\/d9422e83121c3ad3b0f423d195f5bb25\",\"name\":\"Adriana Rabelo\",\"image\":{\"@type\":\"ImageObject\",\"inLanguage\":\"pt-BR\",\"@id\":\"https:\/\/franciscanos.org.br\/noticias\/#\/schema\/person\/image\/\",\"url\":\"https:\/\/secure.gravatar.com\/avatar\/0a937b7500cd7df77540cfb8bede877d?s=96&d=mm&r=g\",\"contentUrl\":\"https:\/\/secure.gravatar.com\/avatar\/0a937b7500cd7df77540cfb8bede877d?s=96&d=mm&r=g\",\"caption\":\"Adriana Rabelo\"},\"url\":\"https:\/\/franciscanos.org.br\/noticias\/author\/adrianarabelo\"}]}<\/script>\n<!-- \/ Yoast SEO plugin. -->","yoast_head_json":{"title":"416 anos de hist\u00f3ria do Convento Santo Ant\u00f4nio \u00e9 celebrado com trezena, visitas e lan\u00e7amento de almanaque - Not\u00edcias - Franciscanos","robots":{"index":"index","follow":"follow","max-snippet":"max-snippet:-1","max-image-preview":"max-image-preview:large","max-video-preview":"max-video-preview:-1"},"canonical":"https:\/\/franciscanos.org.br\/noticias\/416-anos-de-historia-do-convento-santo-antonio-e-celebrado-com-trezena-visitas-e-lancamento-de-almanaque.html","og_locale":"pt_BR","og_type":"article","og_title":"416 anos de hist\u00f3ria do Convento Santo Ant\u00f4nio \u00e9 celebrado com trezena, visitas e lan\u00e7amento de almanaque - Not\u00edcias - Franciscanos","og_description":"Trezena de Santo Ant\u00f4nio","og_url":"https:\/\/franciscanos.org.br\/noticias\/416-anos-de-historia-do-convento-santo-antonio-e-celebrado-com-trezena-visitas-e-lancamento-de-almanaque.html","og_site_name":"Not\u00edcias - Franciscanos","article_published_time":"2024-06-04T19:00:49+00:00","article_modified_time":"2024-06-04T19:19:25+00:00","og_image":[{"width":960,"height":1280,"url":"https:\/\/franciscanos.org.br\/noticias\/wp-content\/uploads\/2024\/06\/IMG-20240604-WA0013.jpg","type":"image\/jpeg"}],"author":"Adriana Rabelo","twitter_card":"summary_large_image","twitter_misc":{"Escrito por":"Adriana Rabelo","Est. tempo de leitura":"4 minutos"},"schema":{"@context":"https:\/\/schema.org","@graph":[{"@type":"WebSite","@id":"https:\/\/franciscanos.org.br\/noticias\/#website","url":"https:\/\/franciscanos.org.br\/noticias\/","name":"Not\u00edcias - Franciscanos","description":"Prov\u00edncia Franciscana da Imaculada Concei\u00e7\u00e3o do Brasil - Ordem dos Frades Menores - OFM","potentialAction":[{"@type":"SearchAction","target":{"@type":"EntryPoint","urlTemplate":"https:\/\/franciscanos.org.br\/noticias\/?s={search_term_string}"},"query-input":"required name=search_term_string"}],"inLanguage":"pt-BR"},{"@type":"ImageObject","inLanguage":"pt-BR","@id":"https:\/\/franciscanos.org.br\/noticias\/416-anos-de-historia-do-convento-santo-antonio-e-celebrado-com-trezena-visitas-e-lancamento-de-almanaque.html#primaryimage","url":"https:\/\/franciscanos.org.br\/noticias\/wp-content\/uploads\/2024\/06\/IMG-20240604-WA0013.jpg","contentUrl":"https:\/\/franciscanos.org.br\/noticias\/wp-content\/uploads\/2024\/06\/IMG-20240604-WA0013.jpg","width":960,"height":1280},{"@type":"WebPage","@id":"https:\/\/franciscanos.org.br\/noticias\/416-anos-de-historia-do-convento-santo-antonio-e-celebrado-com-trezena-visitas-e-lancamento-de-almanaque.html#webpage","url":"https:\/\/franciscanos.org.br\/noticias\/416-anos-de-historia-do-convento-santo-antonio-e-celebrado-com-trezena-visitas-e-lancamento-de-almanaque.html","name":"416 anos de hist\u00f3ria do Convento Santo Ant\u00f4nio \u00e9 celebrado com trezena, visitas e lan\u00e7amento de almanaque - Not\u00edcias - Franciscanos","isPartOf":{"@id":"https:\/\/franciscanos.org.br\/noticias\/#website"},"primaryImageOfPage":{"@id":"https:\/\/franciscanos.org.br\/noticias\/416-anos-de-historia-do-convento-santo-antonio-e-celebrado-com-trezena-visitas-e-lancamento-de-almanaque.html#primaryimage"},"datePublished":"2024-06-04T19:00:49+00:00","dateModified":"2024-06-04T19:19:25+00:00","author":{"@id":"https:\/\/franciscanos.org.br\/noticias\/#\/schema\/person\/d9422e83121c3ad3b0f423d195f5bb25"},"breadcrumb":{"@id":"https:\/\/franciscanos.org.br\/noticias\/416-anos-de-historia-do-convento-santo-antonio-e-celebrado-com-trezena-visitas-e-lancamento-de-almanaque.html#breadcrumb"},"inLanguage":"pt-BR","potentialAction":[{"@type":"ReadAction","target":["https:\/\/franciscanos.org.br\/noticias\/416-anos-de-historia-do-convento-santo-antonio-e-celebrado-com-trezena-visitas-e-lancamento-de-almanaque.html"]}]},{"@type":"BreadcrumbList","@id":"https:\/\/franciscanos.org.br\/noticias\/416-anos-de-historia-do-convento-santo-antonio-e-celebrado-com-trezena-visitas-e-lancamento-de-almanaque.html#breadcrumb","itemListElement":[{"@type":"ListItem","position":1,"name":"Home","item":"https:\/\/franciscanos.org.br\/noticias"},{"@type":"ListItem","position":2,"name":"416 anos de hist\u00f3ria do Convento Santo Ant\u00f4nio \u00e9 celebrado com trezena, visitas e lan\u00e7amento de almanaque"}]},{"@type":"Person","@id":"https:\/\/franciscanos.org.br\/noticias\/#\/schema\/person\/d9422e83121c3ad3b0f423d195f5bb25","name":"Adriana Rabelo","image":{"@type":"ImageObject","inLanguage":"pt-BR","@id":"https:\/\/franciscanos.org.br\/noticias\/#\/schema\/person\/image\/","url":"https:\/\/secure.gravatar.com\/avatar\/0a937b7500cd7df77540cfb8bede877d?s=96&d=mm&r=g","contentUrl":"https:\/\/secure.gravatar.com\/avatar\/0a937b7500cd7df77540cfb8bede877d?s=96&d=mm&r=g","caption":"Adriana Rabelo"},"url":"https:\/\/franciscanos.org.br\/noticias\/author\/adrianarabelo"}]}},"_links":{"self":[{"href":"https:\/\/franciscanos.org.br\/noticias\/wp-json\/wp\/v2\/posts\/248020"}],"collection":[{"href":"https:\/\/franciscanos.org.br\/noticias\/wp-json\/wp\/v2\/posts"}],"about":[{"href":"https:\/\/franciscanos.org.br\/noticias\/wp-json\/wp\/v2\/types\/post"}],"author":[{"embeddable":true,"href":"https:\/\/franciscanos.org.br\/noticias\/wp-json\/wp\/v2\/users\/11"}],"replies":[{"embeddable":true,"href":"https:\/\/franciscanos.org.br\/noticias\/wp-json\/wp\/v2\/comments?post=248020"}],"version-history":[{"count":4,"href":"https:\/\/franciscanos.org.br\/noticias\/wp-json\/wp\/v2\/posts\/248020\/revisions"}],"predecessor-version":[{"id":248054,"href":"https:\/\/franciscanos.org.br\/noticias\/wp-json\/wp\/v2\/posts\/248020\/revisions\/248054"}],"wp:featuredmedia":[{"embeddable":true,"href":"https:\/\/franciscanos.org.br\/noticias\/wp-json\/wp\/v2\/media\/248025"}],"wp:attachment":[{"href":"https:\/\/franciscanos.org.br\/noticias\/wp-json\/wp\/v2\/media?parent=248020"}],"wp:term":[{"taxonomy":"category","embeddable":true,"href":"https:\/\/franciscanos.org.br\/noticias\/wp-json\/wp\/v2\/categories?post=248020"},{"taxonomy":"post_tag","embeddable":true,"href":"https:\/\/franciscanos.org.br\/noticias\/wp-json\/wp\/v2\/tags?post=248020"}],"curies":[{"name":"wp","href":"https:\/\/api.w.org\/{rel}","templated":true}]}}