{"id":247936,"date":"2024-06-03T16:59:59","date_gmt":"2024-06-03T19:59:59","guid":{"rendered":"https:\/\/franciscanos.org.br\/noticias\/?p=247936"},"modified":"2024-06-04T16:21:34","modified_gmt":"2024-06-04T19:21:34","slug":"trezena-de-santo-antonio-tem-final-de-semana-movimentado-com-celebracoes-e-visitas-da-imagem-peregrina","status":"publish","type":"post","link":"https:\/\/franciscanos.org.br\/noticias\/trezena-de-santo-antonio-tem-final-de-semana-movimentado-com-celebracoes-e-visitas-da-imagem-peregrina.html","title":{"rendered":"Trezena de Santo Ant\u00f4nio tem final de semana movimentado com celebra\u00e7\u00f5es e visitas da imagem peregrina"},"content":{"rendered":"<p><img loading=\"lazy\" class=\"size-medium wp-image-247937 alignleft\" src=\"https:\/\/franciscanos.org.br\/noticias\/wp-content\/uploads\/2024\/06\/WhatsApp-Image-2024-06-03-at-10.54.11-338x450.jpeg\" alt=\"\" width=\"338\" height=\"450\" srcset=\"https:\/\/franciscanos.org.br\/noticias\/wp-content\/uploads\/2024\/06\/WhatsApp-Image-2024-06-03-at-10.54.11-338x450.jpeg 338w, https:\/\/franciscanos.org.br\/noticias\/wp-content\/uploads\/2024\/06\/WhatsApp-Image-2024-06-03-at-10.54.11-768x1024.jpeg 768w, https:\/\/franciscanos.org.br\/noticias\/wp-content\/uploads\/2024\/06\/WhatsApp-Image-2024-06-03-at-10.54.11-1152x1536.jpeg 1152w, https:\/\/franciscanos.org.br\/noticias\/wp-content\/uploads\/2024\/06\/WhatsApp-Image-2024-06-03-at-10.54.11-150x200.jpeg 150w, https:\/\/franciscanos.org.br\/noticias\/wp-content\/uploads\/2024\/06\/WhatsApp-Image-2024-06-03-at-10.54.11.jpeg 1200w\" sizes=\"(max-width: 338px) 100vw, 338px\" \/><\/p>\n<p><span style=\"font-weight: 400;\">Final de semana intenso na Programa\u00e7\u00e3o da 342\u00aa Trezena de Santo Ant\u00f4nio no Convento do Rio de Janeiro. No s\u00e1bado, \u00e0s 10h, teve in\u00edcio a missa do 2\u00ba dia da Trezena, com o tema \u201cSanto Ant\u00f4nio, irm\u00e3o de todo irm\u00e3o\u201d, com a presid\u00eancia do pregador deste ano, Frei Gilberto da Silva. Conclu\u00edda a celebra\u00e7\u00e3o, foi servido, no Refeit\u00f3rio do Convento, o tradicional \u201cAlmo\u00e7o com Santo Ant\u00f4nio\u201d, tendo no card\u00e1pio Talharim \u00e0 Bolonhesa. Ocasi\u00e3o de encontro e partilha para os fi\u00e9is e devotos que desejaram viver esta experi\u00eancia gastron\u00f4mica no Convento.\u00a0<\/span><\/p>\n<p><span style=\"font-weight: 400;\">Na parte da tarde, \u00e0s 14h30, a Imagem Peregrina visitou a Sede do Cord\u00e3o da Bola Preta, Bloco Carnavalesco tradicional do Rio, com 106 anos de Funda\u00e7\u00e3o. Os frades e a imagem foram recebidos pelo Presidente da Agremia\u00e7\u00e3o, Pedro Ernesto Marinho, que aproveitou para agradecer \u00e0 Fraternidade do Convento pela generosidade em promover a visita ao Cord\u00e3o da Bola Preta. Em homenagem ao Santo e em alus\u00e3o ao tema da Trezena deste ano, o grupo Exalta\u00e7\u00e3o ao Samba Enredo, que animava os participantes da tradicional feijoada oferecida pelo bloco, entoou o samba \u201cA Amizade\u201d, sucesso do grupo Fundo de Quintal, cuja letra diz \u201cValeu por voc\u00ea existir amigo\u201d. Todos os presentes manifestaram alegria pela visita e puderam receber a b\u00ean\u00e7\u00e3o e o p\u00e3ozinho de Santo Ant\u00f4nio.\u00a0<\/span><\/p>\n<p><span style=\"font-weight: 400;\">\u00c0 noite, foi a vez da Comunidade Santo Ant\u00f4nio, da Par\u00f3quia S\u00e3o Jo\u00e3o Batista, em S\u00e3o Jo\u00e3o de Meriti, na Baixada Fluminense, receber a visita da Imagem peregrina. O P\u00e1roco, Frei Douglas Paulo Machado, juntamente com os frades do tempo da Teologia que fazem est\u00e1gio pastoral na localidade estiveram com a comunidade para receber o Santo. A missa foi presidida por Frei Luiz Colossi, da Fraternidade do Convento Santo Ant\u00f4nio, e, ao final, Frei Claudio Broca, tamb\u00e9m do Convento, pediu a b\u00ean\u00e7\u00e3o por interse\u00e7\u00e3o de Santo Ant\u00f4nio sobre todos os presentes. Logo ap\u00f3s, todos partilharam um saboroso lanche oferecido pela Comunidade.<\/span><\/p>\n<p><b>No dia 02 de junho, visita \u00e0s Irm\u00e3s Concepcionistas, Clarissas e \u00e0 Par\u00f3quia da Rocinha<\/b><\/p>\n<p><span style=\"font-weight: 400;\">O Mosteiro Nossa Senhora da Ajuda, das Irm\u00e3s Concepcionistas, em Vila Isabel, foi a primeira parada da Imagem peregrina do Domingo, dia 02 de junho, onde foi conduzida pelo Grupo de Escoteiros e Lobinhos. A missa, que teve in\u00edcio \u00e0s 8h, foi presidida pelo Capel\u00e3o, Padre Eduardo Henrique Braga, e concelebrada pelos frades. Logo no in\u00edcio da celebra\u00e7\u00e3o, o presidente destacou a devo\u00e7\u00e3o popular em torno de Santo Ant\u00f4nio e os muitos milagres operados por Santo Ant\u00f4nio ainda em vida e depois de sua morte. Este foi o segundo ano consecutivo em que a imagem visitou o Mosteiro da Ajuda durante a Trezena de Santo Ant\u00f4nio, situa\u00e7\u00e3o semelhante \u00e0 do Mosteiro Santa Maria dos Anjos, das Irm\u00e3s Clarissas, na G\u00e1vea, segundo destino da imagem peregrina neste domingo. A missa, \u00e0s 11h, teve presid\u00eancia de Frei Jos\u00e9 Pereira, tamb\u00e9m da Fraternidade do Convento. Ao final da celebra\u00e7\u00e3o, depois da b\u00ean\u00e7\u00e3o e distribui\u00e7\u00e3o dos p\u00e3ezinhos aben\u00e7oados, os frades deixaram a imagem e a rel\u00edquia no Mosteiro, sob os cuidados das irm\u00e3s Clarissas, retornando ao fim da tarde para busc\u00e1-las e seguir em dire\u00e7\u00e3o \u00e0 Matriz Nossa Senhora da Boa Viagem, na Rocinha, \u00faltimo destino do dia.<\/span><\/p>\n<p><span style=\"font-weight: 400;\">A missa na Rocinha foi celebrada \u00e0s 18h. A imagem foi recebida pelo Coordenador da , Fraternidade, Frei Sebasti\u00e3o Kremer, pelo P\u00e1roco, Frei Ant\u00f4nio Michels e pelos paroquianos. A presid\u00eancia da celebra\u00e7\u00e3o ficou por conta de Frei Claudio Broca que, ao final, destacou que o gesto da visita \u00e0 Rocinha tamb\u00e9m era um sinal de gratid\u00e3o do Convento \u00e0 Comunidade. \u201cEstes p\u00e3ezinhos que trouxemos para distribuir foram feitos em nossa padaria, e l\u00e1 tivemos a alegria de contar com v\u00e1rias volunt\u00e1rias aqui da Rocinha e por isso somos muito gratos\u201d, agradeceu Frei Claudio. Ap\u00f3s a celebra\u00e7\u00e3o, a imagem retornou ao Convento para retomar as visitas na manh\u00e3 da segunda-feira, 03 de junho.<\/span><\/p>\n<p><span style=\"font-weight: 400;\">No Convento, o Domingo foi marcado pela celebra\u00e7\u00e3o do terceiro dia da Trezena, \u00e0s 10h, com o tema \u201cSanto Ant\u00f4nio, o amigo da Miseric\u00f3rdia\u201d. Logo ap\u00f3s, mais uma edi\u00e7\u00e3o do \u201cAlmo\u00e7o com Santo Ant\u00f4nio\u201d, tendo desta vez no card\u00e1pio Penne ao Molho Siciliano. Al\u00e9m das refei\u00e7\u00f5es servidas no refeit\u00f3rio, diversos fi\u00e9is aderiram \u00e0 modalidade do \u201cAlmo\u00e7o Solid\u00e1rio\u201d, que ser\u00e1 distribu\u00eddo em quentinha \u00e0s pessoas em situa\u00e7\u00e3o de rua no pr\u00f3ximo s\u00e1bado, dia 08 de junho, como uma das a\u00e7\u00f5es marcadas pelo \u2018Selo Santo Ant\u00f4nio Solid\u00e1rio\u201d, proposta da Prov\u00edncia para as celebra\u00e7\u00f5es antonianas de 2024.<\/span><\/p>\n<p><b>Segunda-feira com visitas ao Hemorio e \u00e0 Catedral de S\u00e3o Sebasti\u00e3o<\/b><\/p>\n<p><span style=\"font-weight: 400;\">Nesta segunda-feira, 03 de junho, a Imagem peregrina visitou dois destinos geograficamente pr\u00f3ximos ao Convento. \u00c0s 9h30, esteve no Instituto de Hematologia Arthur de Siqueira Cavalcante (Hemorio), onde emocionou funcion\u00e1rios, pacientes e doadores num momento de b\u00ean\u00e7\u00e3o e ora\u00e7\u00e3o. Ao expressar a gratid\u00e3o em um cart\u00e3o entregue aos Frades, a diretoria da unidade refor\u00e7ou que \u201cGestos como este enchem de esperan\u00e7a nossos funcion\u00e1rios, pacientes e acompanhantes, trazendo conforto e paz aos dias da dif\u00edcil caminhada em busca do tratamento da doen\u00e7a\u201d.\u00a0<\/span><\/p>\n<p><span style=\"font-weight: 400;\">\u00c1s 12h, foi a vez de a Catedral de S\u00e3o Sebasti\u00e3o receber a visita de Santo Ant\u00f4nio. A acolhida foi realizada pelo P\u00e1roco da Catedral, C\u00f4nego Cl\u00e1udio dos Santos. Ao agradecer a acolhida, Frei Gustavo Medella, do Convento, brincou \u201cTodo in\u00edcio de ano, S\u00e3o Sebasti\u00e3o percorre os quatro cantos do Rio de Janeiro na Trezena preparat\u00f3ria de sua festa. Santo Ant\u00f4nio viu este gesto e decidiu fazer igual. Hoje vem aqui visitar S\u00e3o Sebasti\u00e3o e os dois, no c\u00e9u, com certeza est\u00e3o intercedendo por todo o Povo de Deus\u201d. A celebra\u00e7\u00e3o, realizada na cripta da Catedral, foi presidida pelo C\u00f4nego Jos\u00e9 Augusto, da Par\u00f3quia Sagrada Fam\u00edlia, da Gamboa. No Convento, a missa do 4\u00ba dia da trezena foi celebrada \u00e0s 12h, com o tema \u201cSanto Ant\u00f4nio, o irm\u00e3o do amor\u201d. Nesta ter\u00e7a-feira, dia 04 de junho, a Imagem peregrina visitar\u00e1 o Quartel General da Pol\u00edcia Militar, \u00e0s 9h, o Quartel General dos Bombeiros, \u00e0s 10h30 e, \u00e0s 18h, a Central do Brasil, onde ser\u00e1 celebrada a missa \u00e0s 18h na Capela da Esta\u00e7\u00e3o.<\/span><\/p>\n<hr \/>\n<p><em>Equipe de Comunica\u00e7\u00e3o do Convento Sto Ant\u00f4nio do Largo da Carioca<\/em><\/p>\n<p>&nbsp;<\/p>\n\n\t\t<style type=\"text\/css\">\n\t\t\t#gallery-1 {\n\t\t\t\tmargin: auto;\n\t\t\t}\n\t\t\t#gallery-1 .gallery-item {\n\t\t\t\tfloat: left;\n\t\t\t\tmargin-top: 10px;\n\t\t\t\ttext-align: center;\n\t\t\t\twidth: 33%;\n\t\t\t}\n\t\t\t#gallery-1 img {\n\t\t\t\tborder: 2px solid #cfcfcf;\n\t\t\t}\n\t\t\t#gallery-1 .gallery-caption {\n\t\t\t\tmargin-left: 0;\n\t\t\t}\n\t\t\t\/* see gallery_shortcode() in wp-includes\/media.php *\/\n\t\t<\/style>\n\t\t<div id='gallery-1' class='gallery galleryid-247936 gallery-columns-3 gallery-size-thumbnail'><dl class='gallery-item'>\n\t\t\t<dt class='gallery-icon portrait'>\n\t\t\t\t<a href='https:\/\/franciscanos.org.br\/noticias\/wp-content\/uploads\/2024\/06\/WhatsApp-Image-2024-06-03-at-15.08.05.jpeg'><img width=\"300\" height=\"300\" src=\"https:\/\/franciscanos.org.br\/noticias\/wp-content\/uploads\/2024\/06\/WhatsApp-Image-2024-06-03-at-15.08.05-300x300.jpeg\" class=\"attachment-thumbnail size-thumbnail\" alt=\"\" loading=\"lazy\" aria-describedby=\"gallery-1-247970\" srcset=\"https:\/\/franciscanos.org.br\/noticias\/wp-content\/uploads\/2024\/06\/WhatsApp-Image-2024-06-03-at-15.08.05-300x300.jpeg 300w, https:\/\/franciscanos.org.br\/noticias\/wp-content\/uploads\/2024\/06\/WhatsApp-Image-2024-06-03-at-15.08.05-100x100.jpeg 100w\" sizes=\"(max-width: 300px) 100vw, 300px\" \/><\/a>\n\t\t\t<\/dt>\n\t\t\t\t<dd class='wp-caption-text gallery-caption' id='gallery-1-247970'>\n\t\t\t\tCATEDRAL\n\t\t\t\t<\/dd><\/dl><dl class='gallery-item'>\n\t\t\t<dt class='gallery-icon landscape'>\n\t\t\t\t<a href='https:\/\/franciscanos.org.br\/noticias\/wp-content\/uploads\/2024\/06\/WhatsApp-Image-2024-06-03-at-15.08.05-3.jpeg'><img width=\"300\" height=\"300\" src=\"https:\/\/franciscanos.org.br\/noticias\/wp-content\/uploads\/2024\/06\/WhatsApp-Image-2024-06-03-at-15.08.05-3-300x300.jpeg\" class=\"attachment-thumbnail size-thumbnail\" alt=\"\" loading=\"lazy\" aria-describedby=\"gallery-1-247971\" srcset=\"https:\/\/franciscanos.org.br\/noticias\/wp-content\/uploads\/2024\/06\/WhatsApp-Image-2024-06-03-at-15.08.05-3-300x300.jpeg 300w, https:\/\/franciscanos.org.br\/noticias\/wp-content\/uploads\/2024\/06\/WhatsApp-Image-2024-06-03-at-15.08.05-3-100x100.jpeg 100w\" sizes=\"(max-width: 300px) 100vw, 300px\" \/><\/a>\n\t\t\t<\/dt>\n\t\t\t\t<dd class='wp-caption-text gallery-caption' id='gallery-1-247971'>\n\t\t\t\tCATEDRAL\n\t\t\t\t<\/dd><\/dl><dl class='gallery-item'>\n\t\t\t<dt class='gallery-icon portrait'>\n\t\t\t\t<a href='https:\/\/franciscanos.org.br\/noticias\/wp-content\/uploads\/2024\/06\/WhatsApp-Image-2024-06-03-at-15.08.05-4.jpeg'><img width=\"300\" height=\"300\" src=\"https:\/\/franciscanos.org.br\/noticias\/wp-content\/uploads\/2024\/06\/WhatsApp-Image-2024-06-03-at-15.08.05-4-300x300.jpeg\" class=\"attachment-thumbnail size-thumbnail\" alt=\"\" loading=\"lazy\" aria-describedby=\"gallery-1-247972\" srcset=\"https:\/\/franciscanos.org.br\/noticias\/wp-content\/uploads\/2024\/06\/WhatsApp-Image-2024-06-03-at-15.08.05-4-300x300.jpeg 300w, https:\/\/franciscanos.org.br\/noticias\/wp-content\/uploads\/2024\/06\/WhatsApp-Image-2024-06-03-at-15.08.05-4-100x100.jpeg 100w\" sizes=\"(max-width: 300px) 100vw, 300px\" \/><\/a>\n\t\t\t<\/dt>\n\t\t\t\t<dd class='wp-caption-text gallery-caption' id='gallery-1-247972'>\n\t\t\t\tCATEDRAL\n\t\t\t\t<\/dd><\/dl><br style=\"clear: both\" \/><dl class='gallery-item'>\n\t\t\t<dt class='gallery-icon portrait'>\n\t\t\t\t<a href='https:\/\/franciscanos.org.br\/noticias\/wp-content\/uploads\/2024\/06\/WhatsApp-Image-2024-06-03-at-10.48.19.jpeg'><img width=\"300\" height=\"300\" src=\"https:\/\/franciscanos.org.br\/noticias\/wp-content\/uploads\/2024\/06\/WhatsApp-Image-2024-06-03-at-10.48.19-300x300.jpeg\" class=\"attachment-thumbnail size-thumbnail\" alt=\"\" loading=\"lazy\" aria-describedby=\"gallery-1-247973\" srcset=\"https:\/\/franciscanos.org.br\/noticias\/wp-content\/uploads\/2024\/06\/WhatsApp-Image-2024-06-03-at-10.48.19-300x300.jpeg 300w, https:\/\/franciscanos.org.br\/noticias\/wp-content\/uploads\/2024\/06\/WhatsApp-Image-2024-06-03-at-10.48.19-100x100.jpeg 100w\" sizes=\"(max-width: 300px) 100vw, 300px\" \/><\/a>\n\t\t\t<\/dt>\n\t\t\t\t<dd class='wp-caption-text gallery-caption' id='gallery-1-247973'>\n\t\t\t\tCOMUNIDADE SANTO ANTONIO\n\t\t\t\t<\/dd><\/dl><dl class='gallery-item'>\n\t\t\t<dt class='gallery-icon portrait'>\n\t\t\t\t<a href='https:\/\/franciscanos.org.br\/noticias\/wp-content\/uploads\/2024\/06\/WhatsApp-Image-2024-06-03-at-10.48.21.jpeg'><img width=\"300\" height=\"300\" src=\"https:\/\/franciscanos.org.br\/noticias\/wp-content\/uploads\/2024\/06\/WhatsApp-Image-2024-06-03-at-10.48.21-300x300.jpeg\" class=\"attachment-thumbnail size-thumbnail\" alt=\"\" loading=\"lazy\" aria-describedby=\"gallery-1-247974\" srcset=\"https:\/\/franciscanos.org.br\/noticias\/wp-content\/uploads\/2024\/06\/WhatsApp-Image-2024-06-03-at-10.48.21-300x300.jpeg 300w, https:\/\/franciscanos.org.br\/noticias\/wp-content\/uploads\/2024\/06\/WhatsApp-Image-2024-06-03-at-10.48.21-100x100.jpeg 100w\" sizes=\"(max-width: 300px) 100vw, 300px\" \/><\/a>\n\t\t\t<\/dt>\n\t\t\t\t<dd class='wp-caption-text gallery-caption' id='gallery-1-247974'>\n\t\t\t\tCOMUNIDADE SANTO ANTONIO\n\t\t\t\t<\/dd><\/dl><dl class='gallery-item'>\n\t\t\t<dt class='gallery-icon portrait'>\n\t\t\t\t<a href='https:\/\/franciscanos.org.br\/noticias\/wp-content\/uploads\/2024\/06\/WhatsApp-Image-2024-06-03-at-10.48.19-1.jpeg'><img width=\"300\" height=\"300\" src=\"https:\/\/franciscanos.org.br\/noticias\/wp-content\/uploads\/2024\/06\/WhatsApp-Image-2024-06-03-at-10.48.19-1-300x300.jpeg\" class=\"attachment-thumbnail size-thumbnail\" alt=\"\" loading=\"lazy\" aria-describedby=\"gallery-1-247975\" srcset=\"https:\/\/franciscanos.org.br\/noticias\/wp-content\/uploads\/2024\/06\/WhatsApp-Image-2024-06-03-at-10.48.19-1-300x300.jpeg 300w, https:\/\/franciscanos.org.br\/noticias\/wp-content\/uploads\/2024\/06\/WhatsApp-Image-2024-06-03-at-10.48.19-1-100x100.jpeg 100w\" sizes=\"(max-width: 300px) 100vw, 300px\" \/><\/a>\n\t\t\t<\/dt>\n\t\t\t\t<dd class='wp-caption-text gallery-caption' id='gallery-1-247975'>\n\t\t\t\tCOMUNIDADE SANTO ANTONIO\n\t\t\t\t<\/dd><\/dl><br style=\"clear: both\" \/><dl class='gallery-item'>\n\t\t\t<dt class='gallery-icon portrait'>\n\t\t\t\t<a href='https:\/\/franciscanos.org.br\/noticias\/wp-content\/uploads\/2024\/06\/WhatsApp-Image-2024-06-03-at-15.37.10-4.jpeg'><img width=\"300\" height=\"300\" src=\"https:\/\/franciscanos.org.br\/noticias\/wp-content\/uploads\/2024\/06\/WhatsApp-Image-2024-06-03-at-15.37.10-4-300x300.jpeg\" class=\"attachment-thumbnail size-thumbnail\" alt=\"\" loading=\"lazy\" aria-describedby=\"gallery-1-247977\" srcset=\"https:\/\/franciscanos.org.br\/noticias\/wp-content\/uploads\/2024\/06\/WhatsApp-Image-2024-06-03-at-15.37.10-4-300x300.jpeg 300w, https:\/\/franciscanos.org.br\/noticias\/wp-content\/uploads\/2024\/06\/WhatsApp-Image-2024-06-03-at-15.37.10-4-100x100.jpeg 100w\" sizes=\"(max-width: 300px) 100vw, 300px\" \/><\/a>\n\t\t\t<\/dt>\n\t\t\t\t<dd class='wp-caption-text gallery-caption' id='gallery-1-247977'>\n\t\t\t\tHEMORIO\n\t\t\t\t<\/dd><\/dl><dl class='gallery-item'>\n\t\t\t<dt class='gallery-icon portrait'>\n\t\t\t\t<a href='https:\/\/franciscanos.org.br\/noticias\/wp-content\/uploads\/2024\/06\/WhatsApp-Image-2024-06-03-at-15.06.33-1.jpeg'><img width=\"300\" height=\"300\" src=\"https:\/\/franciscanos.org.br\/noticias\/wp-content\/uploads\/2024\/06\/WhatsApp-Image-2024-06-03-at-15.06.33-1-300x300.jpeg\" class=\"attachment-thumbnail size-thumbnail\" alt=\"\" loading=\"lazy\" aria-describedby=\"gallery-1-247978\" srcset=\"https:\/\/franciscanos.org.br\/noticias\/wp-content\/uploads\/2024\/06\/WhatsApp-Image-2024-06-03-at-15.06.33-1-300x300.jpeg 300w, https:\/\/franciscanos.org.br\/noticias\/wp-content\/uploads\/2024\/06\/WhatsApp-Image-2024-06-03-at-15.06.33-1-100x100.jpeg 100w\" sizes=\"(max-width: 300px) 100vw, 300px\" \/><\/a>\n\t\t\t<\/dt>\n\t\t\t\t<dd class='wp-caption-text gallery-caption' id='gallery-1-247978'>\n\t\t\t\tHEMORIO\n\t\t\t\t<\/dd><\/dl><dl class='gallery-item'>\n\t\t\t<dt class='gallery-icon portrait'>\n\t\t\t\t<a href='https:\/\/franciscanos.org.br\/noticias\/wp-content\/uploads\/2024\/06\/WhatsApp-Image-2024-06-03-at-15.06.33.jpeg'><img width=\"300\" height=\"300\" src=\"https:\/\/franciscanos.org.br\/noticias\/wp-content\/uploads\/2024\/06\/WhatsApp-Image-2024-06-03-at-15.06.33-300x300.jpeg\" class=\"attachment-thumbnail size-thumbnail\" alt=\"\" loading=\"lazy\" aria-describedby=\"gallery-1-247979\" srcset=\"https:\/\/franciscanos.org.br\/noticias\/wp-content\/uploads\/2024\/06\/WhatsApp-Image-2024-06-03-at-15.06.33-300x300.jpeg 300w, https:\/\/franciscanos.org.br\/noticias\/wp-content\/uploads\/2024\/06\/WhatsApp-Image-2024-06-03-at-15.06.33-100x100.jpeg 100w\" sizes=\"(max-width: 300px) 100vw, 300px\" \/><\/a>\n\t\t\t<\/dt>\n\t\t\t\t<dd class='wp-caption-text gallery-caption' id='gallery-1-247979'>\n\t\t\t\tHEMORIO\n\t\t\t\t<\/dd><\/dl><br style=\"clear: both\" \/><dl class='gallery-item'>\n\t\t\t<dt class='gallery-icon portrait'>\n\t\t\t\t<a href='https:\/\/franciscanos.org.br\/noticias\/wp-content\/uploads\/2024\/06\/WhatsApp-Image-2024-06-03-at-15.37.10-3.jpeg'><img width=\"300\" height=\"300\" src=\"https:\/\/franciscanos.org.br\/noticias\/wp-content\/uploads\/2024\/06\/WhatsApp-Image-2024-06-03-at-15.37.10-3-300x300.jpeg\" class=\"attachment-thumbnail size-thumbnail\" alt=\"\" loading=\"lazy\" aria-describedby=\"gallery-1-247980\" srcset=\"https:\/\/franciscanos.org.br\/noticias\/wp-content\/uploads\/2024\/06\/WhatsApp-Image-2024-06-03-at-15.37.10-3-300x300.jpeg 300w, https:\/\/franciscanos.org.br\/noticias\/wp-content\/uploads\/2024\/06\/WhatsApp-Image-2024-06-03-at-15.37.10-3-100x100.jpeg 100w\" sizes=\"(max-width: 300px) 100vw, 300px\" \/><\/a>\n\t\t\t<\/dt>\n\t\t\t\t<dd class='wp-caption-text gallery-caption' id='gallery-1-247980'>\n\t\t\t\tHEMORIO\n\t\t\t\t<\/dd><\/dl><dl class='gallery-item'>\n\t\t\t<dt class='gallery-icon portrait'>\n\t\t\t\t<a href='https:\/\/franciscanos.org.br\/noticias\/wp-content\/uploads\/2024\/06\/WhatsApp-Image-2024-06-03-at-10.52.55-1.jpeg'><img width=\"300\" height=\"300\" src=\"https:\/\/franciscanos.org.br\/noticias\/wp-content\/uploads\/2024\/06\/WhatsApp-Image-2024-06-03-at-10.52.55-1-300x300.jpeg\" class=\"attachment-thumbnail size-thumbnail\" alt=\"\" loading=\"lazy\" aria-describedby=\"gallery-1-248001\" srcset=\"https:\/\/franciscanos.org.br\/noticias\/wp-content\/uploads\/2024\/06\/WhatsApp-Image-2024-06-03-at-10.52.55-1-300x300.jpeg 300w, https:\/\/franciscanos.org.br\/noticias\/wp-content\/uploads\/2024\/06\/WhatsApp-Image-2024-06-03-at-10.52.55-1-100x100.jpeg 100w\" sizes=\"(max-width: 300px) 100vw, 300px\" \/><\/a>\n\t\t\t<\/dt>\n\t\t\t\t<dd class='wp-caption-text gallery-caption' id='gallery-1-248001'>\n\t\t\t\tMOSTEIRO DE NOSSA SENHORA D&#8217;AJUDA\n\t\t\t\t<\/dd><\/dl><dl class='gallery-item'>\n\t\t\t<dt class='gallery-icon portrait'>\n\t\t\t\t<a href='https:\/\/franciscanos.org.br\/noticias\/wp-content\/uploads\/2024\/06\/WhatsApp-Image-2024-06-03-at-10.52.57-1.jpeg'><img width=\"300\" height=\"300\" src=\"https:\/\/franciscanos.org.br\/noticias\/wp-content\/uploads\/2024\/06\/WhatsApp-Image-2024-06-03-at-10.52.57-1-300x300.jpeg\" class=\"attachment-thumbnail size-thumbnail\" alt=\"\" loading=\"lazy\" aria-describedby=\"gallery-1-247981\" srcset=\"https:\/\/franciscanos.org.br\/noticias\/wp-content\/uploads\/2024\/06\/WhatsApp-Image-2024-06-03-at-10.52.57-1-300x300.jpeg 300w, https:\/\/franciscanos.org.br\/noticias\/wp-content\/uploads\/2024\/06\/WhatsApp-Image-2024-06-03-at-10.52.57-1-100x100.jpeg 100w\" sizes=\"(max-width: 300px) 100vw, 300px\" \/><\/a>\n\t\t\t<\/dt>\n\t\t\t\t<dd class='wp-caption-text gallery-caption' id='gallery-1-247981'>\n\t\t\t\tMOSTEIRO DE NOSSA SENHORA D&#8217;AJUDA\n\t\t\t\t<\/dd><\/dl><br style=\"clear: both\" \/><dl class='gallery-item'>\n\t\t\t<dt class='gallery-icon portrait'>\n\t\t\t\t<a href='https:\/\/franciscanos.org.br\/noticias\/wp-content\/uploads\/2024\/06\/WhatsApp-Image-2024-06-03-at-10.55.37.jpeg'><img width=\"300\" height=\"300\" src=\"https:\/\/franciscanos.org.br\/noticias\/wp-content\/uploads\/2024\/06\/WhatsApp-Image-2024-06-03-at-10.55.37-300x300.jpeg\" class=\"attachment-thumbnail size-thumbnail\" alt=\"\" loading=\"lazy\" aria-describedby=\"gallery-1-247983\" srcset=\"https:\/\/franciscanos.org.br\/noticias\/wp-content\/uploads\/2024\/06\/WhatsApp-Image-2024-06-03-at-10.55.37-300x300.jpeg 300w, https:\/\/franciscanos.org.br\/noticias\/wp-content\/uploads\/2024\/06\/WhatsApp-Image-2024-06-03-at-10.55.37-100x100.jpeg 100w\" sizes=\"(max-width: 300px) 100vw, 300px\" \/><\/a>\n\t\t\t<\/dt>\n\t\t\t\t<dd class='wp-caption-text gallery-caption' id='gallery-1-247983'>\n\t\t\t\tMosteiro Santa Maria dos Anjos\n\t\t\t\t<\/dd><\/dl><dl class='gallery-item'>\n\t\t\t<dt class='gallery-icon landscape'>\n\t\t\t\t<a href='https:\/\/franciscanos.org.br\/noticias\/wp-content\/uploads\/2024\/06\/WhatsApp-Image-2024-06-03-at-10.55.38-1.jpeg'><img width=\"300\" height=\"300\" src=\"https:\/\/franciscanos.org.br\/noticias\/wp-content\/uploads\/2024\/06\/WhatsApp-Image-2024-06-03-at-10.55.38-1-300x300.jpeg\" class=\"attachment-thumbnail size-thumbnail\" alt=\"\" loading=\"lazy\" aria-describedby=\"gallery-1-247984\" srcset=\"https:\/\/franciscanos.org.br\/noticias\/wp-content\/uploads\/2024\/06\/WhatsApp-Image-2024-06-03-at-10.55.38-1-300x300.jpeg 300w, https:\/\/franciscanos.org.br\/noticias\/wp-content\/uploads\/2024\/06\/WhatsApp-Image-2024-06-03-at-10.55.38-1-100x100.jpeg 100w\" sizes=\"(max-width: 300px) 100vw, 300px\" \/><\/a>\n\t\t\t<\/dt>\n\t\t\t\t<dd class='wp-caption-text gallery-caption' id='gallery-1-247984'>\n\t\t\t\tMosteiro Santa Maria dos Anjos\n\t\t\t\t<\/dd><\/dl><dl class='gallery-item'>\n\t\t\t<dt class='gallery-icon portrait'>\n\t\t\t\t<a href='https:\/\/franciscanos.org.br\/noticias\/wp-content\/uploads\/2024\/06\/WhatsApp-Image-2024-06-03-at-10.55.38-2.jpeg'><img width=\"300\" height=\"300\" src=\"https:\/\/franciscanos.org.br\/noticias\/wp-content\/uploads\/2024\/06\/WhatsApp-Image-2024-06-03-at-10.55.38-2-300x300.jpeg\" class=\"attachment-thumbnail size-thumbnail\" alt=\"\" loading=\"lazy\" aria-describedby=\"gallery-1-247985\" srcset=\"https:\/\/franciscanos.org.br\/noticias\/wp-content\/uploads\/2024\/06\/WhatsApp-Image-2024-06-03-at-10.55.38-2-300x300.jpeg 300w, https:\/\/franciscanos.org.br\/noticias\/wp-content\/uploads\/2024\/06\/WhatsApp-Image-2024-06-03-at-10.55.38-2-100x100.jpeg 100w\" sizes=\"(max-width: 300px) 100vw, 300px\" \/><\/a>\n\t\t\t<\/dt>\n\t\t\t\t<dd class='wp-caption-text gallery-caption' id='gallery-1-247985'>\n\t\t\t\tMosteiro Santa Maria dos Anjos\n\t\t\t\t<\/dd><\/dl><br style=\"clear: both\" \/><dl class='gallery-item'>\n\t\t\t<dt class='gallery-icon portrait'>\n\t\t\t\t<a href='https:\/\/franciscanos.org.br\/noticias\/wp-content\/uploads\/2024\/06\/WhatsApp-Image-2024-06-03-at-10.54.11-1.jpeg'><img width=\"300\" height=\"300\" src=\"https:\/\/franciscanos.org.br\/noticias\/wp-content\/uploads\/2024\/06\/WhatsApp-Image-2024-06-03-at-10.54.11-1-300x300.jpeg\" class=\"attachment-thumbnail size-thumbnail\" alt=\"\" loading=\"lazy\" aria-describedby=\"gallery-1-247986\" srcset=\"https:\/\/franciscanos.org.br\/noticias\/wp-content\/uploads\/2024\/06\/WhatsApp-Image-2024-06-03-at-10.54.11-1-300x300.jpeg 300w, https:\/\/franciscanos.org.br\/noticias\/wp-content\/uploads\/2024\/06\/WhatsApp-Image-2024-06-03-at-10.54.11-1-100x100.jpeg 100w\" sizes=\"(max-width: 300px) 100vw, 300px\" \/><\/a>\n\t\t\t<\/dt>\n\t\t\t\t<dd class='wp-caption-text gallery-caption' id='gallery-1-247986'>\n\t\t\t\tPar\u00f3quia Nossa Senhora da Boa Viagem, Rocinha\n\t\t\t\t<\/dd><\/dl><dl class='gallery-item'>\n\t\t\t<dt class='gallery-icon landscape'>\n\t\t\t\t<a href='https:\/\/franciscanos.org.br\/noticias\/wp-content\/uploads\/2024\/06\/WhatsApp-Image-2024-06-03-at-10.54.12-1.jpeg'><img width=\"300\" height=\"300\" src=\"https:\/\/franciscanos.org.br\/noticias\/wp-content\/uploads\/2024\/06\/WhatsApp-Image-2024-06-03-at-10.54.12-1-300x300.jpeg\" class=\"attachment-thumbnail size-thumbnail\" alt=\"\" loading=\"lazy\" aria-describedby=\"gallery-1-247987\" srcset=\"https:\/\/franciscanos.org.br\/noticias\/wp-content\/uploads\/2024\/06\/WhatsApp-Image-2024-06-03-at-10.54.12-1-300x300.jpeg 300w, https:\/\/franciscanos.org.br\/noticias\/wp-content\/uploads\/2024\/06\/WhatsApp-Image-2024-06-03-at-10.54.12-1-100x100.jpeg 100w\" sizes=\"(max-width: 300px) 100vw, 300px\" \/><\/a>\n\t\t\t<\/dt>\n\t\t\t\t<dd class='wp-caption-text gallery-caption' id='gallery-1-247987'>\n\t\t\t\tPar\u00f3quia Nossa Senhora da Boa Viagem, Rocinha\n\t\t\t\t<\/dd><\/dl><dl class='gallery-item'>\n\t\t\t<dt class='gallery-icon portrait'>\n\t\t\t\t<a href='https:\/\/franciscanos.org.br\/noticias\/wp-content\/uploads\/2024\/06\/WhatsApp-Image-2024-06-03-at-10.54.13.jpeg'><img width=\"300\" height=\"300\" src=\"https:\/\/franciscanos.org.br\/noticias\/wp-content\/uploads\/2024\/06\/WhatsApp-Image-2024-06-03-at-10.54.13-300x300.jpeg\" class=\"attachment-thumbnail size-thumbnail\" alt=\"\" loading=\"lazy\" aria-describedby=\"gallery-1-247988\" srcset=\"https:\/\/franciscanos.org.br\/noticias\/wp-content\/uploads\/2024\/06\/WhatsApp-Image-2024-06-03-at-10.54.13-300x300.jpeg 300w, https:\/\/franciscanos.org.br\/noticias\/wp-content\/uploads\/2024\/06\/WhatsApp-Image-2024-06-03-at-10.54.13-100x100.jpeg 100w\" sizes=\"(max-width: 300px) 100vw, 300px\" \/><\/a>\n\t\t\t<\/dt>\n\t\t\t\t<dd class='wp-caption-text gallery-caption' id='gallery-1-247988'>\n\t\t\t\tPar\u00f3quia Nossa Senhora da Boa Viagem, Rocinha\n\t\t\t\t<\/dd><\/dl><br style=\"clear: both\" \/><dl class='gallery-item'>\n\t\t\t<dt class='gallery-icon portrait'>\n\t\t\t\t<a href='https:\/\/franciscanos.org.br\/noticias\/wp-content\/uploads\/2024\/06\/WhatsApp-Image-2024-06-03-at-10.54.11-1-1.jpeg'><img width=\"300\" height=\"300\" src=\"https:\/\/franciscanos.org.br\/noticias\/wp-content\/uploads\/2024\/06\/WhatsApp-Image-2024-06-03-at-10.54.11-1-1-300x300.jpeg\" class=\"attachment-thumbnail size-thumbnail\" alt=\"\" loading=\"lazy\" aria-describedby=\"gallery-1-247990\" srcset=\"https:\/\/franciscanos.org.br\/noticias\/wp-content\/uploads\/2024\/06\/WhatsApp-Image-2024-06-03-at-10.54.11-1-1-300x300.jpeg 300w, https:\/\/franciscanos.org.br\/noticias\/wp-content\/uploads\/2024\/06\/WhatsApp-Image-2024-06-03-at-10.54.11-1-1-100x100.jpeg 100w\" sizes=\"(max-width: 300px) 100vw, 300px\" \/><\/a>\n\t\t\t<\/dt>\n\t\t\t\t<dd class='wp-caption-text gallery-caption' id='gallery-1-247990'>\n\t\t\t\tPar\u00f3quia Nossa Senhora da Boa Viagem, Rocinha\n\t\t\t\t<\/dd><\/dl><dl class='gallery-item'>\n\t\t\t<dt class='gallery-icon portrait'>\n\t\t\t\t<a href='https:\/\/franciscanos.org.br\/noticias\/wp-content\/uploads\/2024\/06\/WhatsApp-Image-2024-06-03-at-10.58.45.jpeg'><img width=\"300\" height=\"300\" src=\"https:\/\/franciscanos.org.br\/noticias\/wp-content\/uploads\/2024\/06\/WhatsApp-Image-2024-06-03-at-10.58.45-300x300.jpeg\" class=\"attachment-thumbnail size-thumbnail\" alt=\"\" loading=\"lazy\" aria-describedby=\"gallery-1-247991\" srcset=\"https:\/\/franciscanos.org.br\/noticias\/wp-content\/uploads\/2024\/06\/WhatsApp-Image-2024-06-03-at-10.58.45-300x300.jpeg 300w, https:\/\/franciscanos.org.br\/noticias\/wp-content\/uploads\/2024\/06\/WhatsApp-Image-2024-06-03-at-10.58.45-100x100.jpeg 100w\" sizes=\"(max-width: 300px) 100vw, 300px\" \/><\/a>\n\t\t\t<\/dt>\n\t\t\t\t<dd class='wp-caption-text gallery-caption' id='gallery-1-247991'>\n\t\t\t\tSegundo dia da Trezena e Almo\u00e7o com Santo Ant\u00f4nio\n\t\t\t\t<\/dd><\/dl><dl class='gallery-item'>\n\t\t\t<dt class='gallery-icon portrait'>\n\t\t\t\t<a href='https:\/\/franciscanos.org.br\/noticias\/wp-content\/uploads\/2024\/06\/WhatsApp-Image-2024-06-03-at-10.58.47.jpeg'><img width=\"300\" height=\"300\" src=\"https:\/\/franciscanos.org.br\/noticias\/wp-content\/uploads\/2024\/06\/WhatsApp-Image-2024-06-03-at-10.58.47-300x300.jpeg\" class=\"attachment-thumbnail size-thumbnail\" alt=\"\" loading=\"lazy\" aria-describedby=\"gallery-1-247992\" srcset=\"https:\/\/franciscanos.org.br\/noticias\/wp-content\/uploads\/2024\/06\/WhatsApp-Image-2024-06-03-at-10.58.47-300x300.jpeg 300w, https:\/\/franciscanos.org.br\/noticias\/wp-content\/uploads\/2024\/06\/WhatsApp-Image-2024-06-03-at-10.58.47-100x100.jpeg 100w\" sizes=\"(max-width: 300px) 100vw, 300px\" \/><\/a>\n\t\t\t<\/dt>\n\t\t\t\t<dd class='wp-caption-text gallery-caption' id='gallery-1-247992'>\n\t\t\t\tSegundo dia da Trezena e Almo\u00e7o com Santo Ant\u00f4nio\n\t\t\t\t<\/dd><\/dl><br style=\"clear: both\" \/><dl class='gallery-item'>\n\t\t\t<dt class='gallery-icon portrait'>\n\t\t\t\t<a href='https:\/\/franciscanos.org.br\/noticias\/wp-content\/uploads\/2024\/06\/WhatsApp-Image-2024-06-03-at-10.58.48-1.jpeg'><img width=\"300\" height=\"300\" src=\"https:\/\/franciscanos.org.br\/noticias\/wp-content\/uploads\/2024\/06\/WhatsApp-Image-2024-06-03-at-10.58.48-1-300x300.jpeg\" class=\"attachment-thumbnail size-thumbnail\" alt=\"\" loading=\"lazy\" aria-describedby=\"gallery-1-247993\" srcset=\"https:\/\/franciscanos.org.br\/noticias\/wp-content\/uploads\/2024\/06\/WhatsApp-Image-2024-06-03-at-10.58.48-1-300x300.jpeg 300w, https:\/\/franciscanos.org.br\/noticias\/wp-content\/uploads\/2024\/06\/WhatsApp-Image-2024-06-03-at-10.58.48-1-100x100.jpeg 100w\" sizes=\"(max-width: 300px) 100vw, 300px\" \/><\/a>\n\t\t\t<\/dt>\n\t\t\t\t<dd class='wp-caption-text gallery-caption' id='gallery-1-247993'>\n\t\t\t\tSegundo dia da Trezena e Almo\u00e7o com Santo Ant\u00f4nio\n\t\t\t\t<\/dd><\/dl><dl class='gallery-item'>\n\t\t\t<dt class='gallery-icon portrait'>\n\t\t\t\t<a href='https:\/\/franciscanos.org.br\/noticias\/wp-content\/uploads\/2024\/06\/WhatsApp-Image-2024-06-03-at-10.58.49.jpeg'><img width=\"300\" height=\"300\" src=\"https:\/\/franciscanos.org.br\/noticias\/wp-content\/uploads\/2024\/06\/WhatsApp-Image-2024-06-03-at-10.58.49-300x300.jpeg\" class=\"attachment-thumbnail size-thumbnail\" alt=\"\" loading=\"lazy\" aria-describedby=\"gallery-1-247994\" srcset=\"https:\/\/franciscanos.org.br\/noticias\/wp-content\/uploads\/2024\/06\/WhatsApp-Image-2024-06-03-at-10.58.49-300x300.jpeg 300w, https:\/\/franciscanos.org.br\/noticias\/wp-content\/uploads\/2024\/06\/WhatsApp-Image-2024-06-03-at-10.58.49-100x100.jpeg 100w\" sizes=\"(max-width: 300px) 100vw, 300px\" \/><\/a>\n\t\t\t<\/dt>\n\t\t\t\t<dd class='wp-caption-text gallery-caption' id='gallery-1-247994'>\n\t\t\t\tSegundo dia da Trezena e Almo\u00e7o com Santo Ant\u00f4nio\n\t\t\t\t<\/dd><\/dl><dl class='gallery-item'>\n\t\t\t<dt class='gallery-icon portrait'>\n\t\t\t\t<a href='https:\/\/franciscanos.org.br\/noticias\/wp-content\/uploads\/2024\/06\/WhatsApp-Image-2024-06-03-at-10.58.50.jpeg'><img width=\"300\" height=\"300\" src=\"https:\/\/franciscanos.org.br\/noticias\/wp-content\/uploads\/2024\/06\/WhatsApp-Image-2024-06-03-at-10.58.50-300x300.jpeg\" class=\"attachment-thumbnail size-thumbnail\" alt=\"\" loading=\"lazy\" aria-describedby=\"gallery-1-247995\" srcset=\"https:\/\/franciscanos.org.br\/noticias\/wp-content\/uploads\/2024\/06\/WhatsApp-Image-2024-06-03-at-10.58.50-300x300.jpeg 300w, https:\/\/franciscanos.org.br\/noticias\/wp-content\/uploads\/2024\/06\/WhatsApp-Image-2024-06-03-at-10.58.50-100x100.jpeg 100w\" sizes=\"(max-width: 300px) 100vw, 300px\" \/><\/a>\n\t\t\t<\/dt>\n\t\t\t\t<dd class='wp-caption-text gallery-caption' id='gallery-1-247995'>\n\t\t\t\tSegundo dia da Trezena e Almo\u00e7o com Santo Ant\u00f4nio\n\t\t\t\t<\/dd><\/dl><br style=\"clear: both\" \/><dl class='gallery-item'>\n\t\t\t<dt class='gallery-icon portrait'>\n\t\t\t\t<a href='https:\/\/franciscanos.org.br\/noticias\/wp-content\/uploads\/2024\/06\/WhatsApp-Image-2024-06-03-at-10.52.56.jpeg'><img width=\"300\" height=\"300\" src=\"https:\/\/franciscanos.org.br\/noticias\/wp-content\/uploads\/2024\/06\/WhatsApp-Image-2024-06-03-at-10.52.56-300x300.jpeg\" class=\"attachment-thumbnail size-thumbnail\" alt=\"\" loading=\"lazy\" aria-describedby=\"gallery-1-247996\" srcset=\"https:\/\/franciscanos.org.br\/noticias\/wp-content\/uploads\/2024\/06\/WhatsApp-Image-2024-06-03-at-10.52.56-300x300.jpeg 300w, https:\/\/franciscanos.org.br\/noticias\/wp-content\/uploads\/2024\/06\/WhatsApp-Image-2024-06-03-at-10.52.56-100x100.jpeg 100w\" sizes=\"(max-width: 300px) 100vw, 300px\" \/><\/a>\n\t\t\t<\/dt>\n\t\t\t\t<dd class='wp-caption-text gallery-caption' id='gallery-1-247996'>\n\t\t\t\tVisita \u00e0 Sede do Bloco Cord\u00e3o da Bola Preta\n\t\t\t\t<\/dd><\/dl><dl class='gallery-item'>\n\t\t\t<dt class='gallery-icon portrait'>\n\t\t\t\t<a href='https:\/\/franciscanos.org.br\/noticias\/wp-content\/uploads\/2024\/06\/WhatsApp-Image-2024-06-03-at-10.51.09-2.jpeg'><img width=\"300\" height=\"300\" src=\"https:\/\/franciscanos.org.br\/noticias\/wp-content\/uploads\/2024\/06\/WhatsApp-Image-2024-06-03-at-10.51.09-2-300x300.jpeg\" class=\"attachment-thumbnail size-thumbnail\" alt=\"\" loading=\"lazy\" aria-describedby=\"gallery-1-247997\" srcset=\"https:\/\/franciscanos.org.br\/noticias\/wp-content\/uploads\/2024\/06\/WhatsApp-Image-2024-06-03-at-10.51.09-2-300x300.jpeg 300w, https:\/\/franciscanos.org.br\/noticias\/wp-content\/uploads\/2024\/06\/WhatsApp-Image-2024-06-03-at-10.51.09-2-100x100.jpeg 100w\" sizes=\"(max-width: 300px) 100vw, 300px\" \/><\/a>\n\t\t\t<\/dt>\n\t\t\t\t<dd class='wp-caption-text gallery-caption' id='gallery-1-247997'>\n\t\t\t\tVisita \u00e0 Sede do Bloco Cord\u00e3o da Bola Preta\n\t\t\t\t<\/dd><\/dl><dl class='gallery-item'>\n\t\t\t<dt class='gallery-icon portrait'>\n\t\t\t\t<a href='https:\/\/franciscanos.org.br\/noticias\/wp-content\/uploads\/2024\/06\/WhatsApp-Image-2024-06-03-at-10.51.09.jpeg'><img width=\"300\" height=\"300\" src=\"https:\/\/franciscanos.org.br\/noticias\/wp-content\/uploads\/2024\/06\/WhatsApp-Image-2024-06-03-at-10.51.09-300x300.jpeg\" class=\"attachment-thumbnail size-thumbnail\" alt=\"\" loading=\"lazy\" aria-describedby=\"gallery-1-247998\" srcset=\"https:\/\/franciscanos.org.br\/noticias\/wp-content\/uploads\/2024\/06\/WhatsApp-Image-2024-06-03-at-10.51.09-300x300.jpeg 300w, https:\/\/franciscanos.org.br\/noticias\/wp-content\/uploads\/2024\/06\/WhatsApp-Image-2024-06-03-at-10.51.09-100x100.jpeg 100w\" sizes=\"(max-width: 300px) 100vw, 300px\" \/><\/a>\n\t\t\t<\/dt>\n\t\t\t\t<dd class='wp-caption-text gallery-caption' id='gallery-1-247998'>\n\t\t\t\tVisita \u00e0 Sede do Bloco Cord\u00e3o da Bola Preta\n\t\t\t\t<\/dd><\/dl><br style=\"clear: both\" \/><dl class='gallery-item'>\n\t\t\t<dt class='gallery-icon portrait'>\n\t\t\t\t<a href='https:\/\/franciscanos.org.br\/noticias\/wp-content\/uploads\/2024\/06\/WhatsApp-Image-2024-06-03-at-10.51.10-2.jpeg'><img width=\"300\" height=\"300\" src=\"https:\/\/franciscanos.org.br\/noticias\/wp-content\/uploads\/2024\/06\/WhatsApp-Image-2024-06-03-at-10.51.10-2-300x300.jpeg\" class=\"attachment-thumbnail size-thumbnail\" alt=\"\" loading=\"lazy\" aria-describedby=\"gallery-1-247999\" srcset=\"https:\/\/franciscanos.org.br\/noticias\/wp-content\/uploads\/2024\/06\/WhatsApp-Image-2024-06-03-at-10.51.10-2-300x300.jpeg 300w, https:\/\/franciscanos.org.br\/noticias\/wp-content\/uploads\/2024\/06\/WhatsApp-Image-2024-06-03-at-10.51.10-2-100x100.jpeg 100w\" sizes=\"(max-width: 300px) 100vw, 300px\" \/><\/a>\n\t\t\t<\/dt>\n\t\t\t\t<dd class='wp-caption-text gallery-caption' id='gallery-1-247999'>\n\t\t\t\tVisita \u00e0 Sede do Bloco Cord\u00e3o da Bola Preta\n\t\t\t\t<\/dd><\/dl><dl class='gallery-item'>\n\t\t\t<dt class='gallery-icon landscape'>\n\t\t\t\t<a href='https:\/\/franciscanos.org.br\/noticias\/wp-content\/uploads\/2024\/06\/WhatsApp-Image-2024-06-03-at-10.51.10-3-1.jpeg'><img width=\"300\" height=\"300\" src=\"https:\/\/franciscanos.org.br\/noticias\/wp-content\/uploads\/2024\/06\/WhatsApp-Image-2024-06-03-at-10.51.10-3-1-300x300.jpeg\" class=\"attachment-thumbnail size-thumbnail\" alt=\"\" loading=\"lazy\" aria-describedby=\"gallery-1-248000\" srcset=\"https:\/\/franciscanos.org.br\/noticias\/wp-content\/uploads\/2024\/06\/WhatsApp-Image-2024-06-03-at-10.51.10-3-1-300x300.jpeg 300w, https:\/\/franciscanos.org.br\/noticias\/wp-content\/uploads\/2024\/06\/WhatsApp-Image-2024-06-03-at-10.51.10-3-1-100x100.jpeg 100w\" sizes=\"(max-width: 300px) 100vw, 300px\" \/><\/a>\n\t\t\t<\/dt>\n\t\t\t\t<dd class='wp-caption-text gallery-caption' id='gallery-1-248000'>\n\t\t\t\tVisita \u00e0 Sede do Bloco Cord\u00e3o da Bola Preta\n\t\t\t\t<\/dd><\/dl>\n\t\t\t<br style='clear: both' \/>\n\t\t<\/div>\n\n","protected":false},"excerpt":{"rendered":"<p>Trezena de Santo Ant\u00f4nio<\/p>\n","protected":false},"author":10,"featured_media":247937,"comment_status":"open","ping_status":"open","sticky":false,"template":"","format":"standard","meta":[],"categories":[1],"tags":[2221,280],"acf":[],"yoast_head":"<!-- This site is optimized with the Yoast SEO plugin v19.2 - https:\/\/yoast.com\/wordpress\/plugins\/seo\/ -->\n<title>Trezena de Santo Ant\u00f4nio tem final de semana movimentado com celebra\u00e7\u00f5es e visitas da imagem peregrina - Not\u00edcias - Franciscanos<\/title>\n<meta name=\"robots\" content=\"index, follow, max-snippet:-1, max-image-preview:large, max-video-preview:-1\" \/>\n<link rel=\"canonical\" href=\"https:\/\/franciscanos.org.br\/noticias\/trezena-de-santo-antonio-tem-final-de-semana-movimentado-com-celebracoes-e-visitas-da-imagem-peregrina.html\" \/>\n<meta property=\"og:locale\" content=\"pt_BR\" \/>\n<meta property=\"og:type\" content=\"article\" \/>\n<meta property=\"og:title\" content=\"Trezena de Santo Ant\u00f4nio tem final de semana movimentado com celebra\u00e7\u00f5es e visitas da imagem peregrina - Not\u00edcias - Franciscanos\" \/>\n<meta property=\"og:description\" content=\"Trezena de Santo Ant\u00f4nio\" \/>\n<meta property=\"og:url\" content=\"https:\/\/franciscanos.org.br\/noticias\/trezena-de-santo-antonio-tem-final-de-semana-movimentado-com-celebracoes-e-visitas-da-imagem-peregrina.html\" \/>\n<meta property=\"og:site_name\" content=\"Not\u00edcias - Franciscanos\" \/>\n<meta property=\"article:published_time\" content=\"2024-06-03T19:59:59+00:00\" \/>\n<meta property=\"article:modified_time\" content=\"2024-06-04T19:21:34+00:00\" \/>\n<meta property=\"og:image\" content=\"https:\/\/franciscanos.org.br\/noticias\/wp-content\/uploads\/2024\/06\/WhatsApp-Image-2024-06-03-at-10.54.11.jpeg\" \/>\n\t<meta property=\"og:image:width\" content=\"1200\" \/>\n\t<meta property=\"og:image:height\" content=\"1600\" \/>\n\t<meta property=\"og:image:type\" content=\"image\/jpeg\" \/>\n<meta name=\"author\" content=\"Jo\u00e3o Vitor\" \/>\n<meta name=\"twitter:card\" content=\"summary_large_image\" \/>\n<meta name=\"twitter:label1\" content=\"Escrito por\" \/>\n\t<meta name=\"twitter:data1\" content=\"Jo\u00e3o Vitor\" \/>\n\t<meta name=\"twitter:label2\" content=\"Est. tempo de leitura\" \/>\n\t<meta name=\"twitter:data2\" content=\"6 minutos\" \/>\n<script type=\"application\/ld+json\" class=\"yoast-schema-graph\">{\"@context\":\"https:\/\/schema.org\",\"@graph\":[{\"@type\":\"WebSite\",\"@id\":\"https:\/\/franciscanos.org.br\/noticias\/#website\",\"url\":\"https:\/\/franciscanos.org.br\/noticias\/\",\"name\":\"Not\u00edcias - Franciscanos\",\"description\":\"Prov\u00edncia Franciscana da Imaculada Concei\u00e7\u00e3o do Brasil - Ordem dos Frades Menores - OFM\",\"potentialAction\":[{\"@type\":\"SearchAction\",\"target\":{\"@type\":\"EntryPoint\",\"urlTemplate\":\"https:\/\/franciscanos.org.br\/noticias\/?s={search_term_string}\"},\"query-input\":\"required name=search_term_string\"}],\"inLanguage\":\"pt-BR\"},{\"@type\":\"ImageObject\",\"inLanguage\":\"pt-BR\",\"@id\":\"https:\/\/franciscanos.org.br\/noticias\/trezena-de-santo-antonio-tem-final-de-semana-movimentado-com-celebracoes-e-visitas-da-imagem-peregrina.html#primaryimage\",\"url\":\"https:\/\/franciscanos.org.br\/noticias\/wp-content\/uploads\/2024\/06\/WhatsApp-Image-2024-06-03-at-10.54.11.jpeg\",\"contentUrl\":\"https:\/\/franciscanos.org.br\/noticias\/wp-content\/uploads\/2024\/06\/WhatsApp-Image-2024-06-03-at-10.54.11.jpeg\",\"width\":1200,\"height\":1600},{\"@type\":\"WebPage\",\"@id\":\"https:\/\/franciscanos.org.br\/noticias\/trezena-de-santo-antonio-tem-final-de-semana-movimentado-com-celebracoes-e-visitas-da-imagem-peregrina.html#webpage\",\"url\":\"https:\/\/franciscanos.org.br\/noticias\/trezena-de-santo-antonio-tem-final-de-semana-movimentado-com-celebracoes-e-visitas-da-imagem-peregrina.html\",\"name\":\"Trezena de Santo Ant\u00f4nio tem final de semana movimentado com celebra\u00e7\u00f5es e visitas da imagem peregrina - Not\u00edcias - Franciscanos\",\"isPartOf\":{\"@id\":\"https:\/\/franciscanos.org.br\/noticias\/#website\"},\"primaryImageOfPage\":{\"@id\":\"https:\/\/franciscanos.org.br\/noticias\/trezena-de-santo-antonio-tem-final-de-semana-movimentado-com-celebracoes-e-visitas-da-imagem-peregrina.html#primaryimage\"},\"datePublished\":\"2024-06-03T19:59:59+00:00\",\"dateModified\":\"2024-06-04T19:21:34+00:00\",\"author\":{\"@id\":\"https:\/\/franciscanos.org.br\/noticias\/#\/schema\/person\/8c11f06a466b856a11dd48d20600055f\"},\"breadcrumb\":{\"@id\":\"https:\/\/franciscanos.org.br\/noticias\/trezena-de-santo-antonio-tem-final-de-semana-movimentado-com-celebracoes-e-visitas-da-imagem-peregrina.html#breadcrumb\"},\"inLanguage\":\"pt-BR\",\"potentialAction\":[{\"@type\":\"ReadAction\",\"target\":[\"https:\/\/franciscanos.org.br\/noticias\/trezena-de-santo-antonio-tem-final-de-semana-movimentado-com-celebracoes-e-visitas-da-imagem-peregrina.html\"]}]},{\"@type\":\"BreadcrumbList\",\"@id\":\"https:\/\/franciscanos.org.br\/noticias\/trezena-de-santo-antonio-tem-final-de-semana-movimentado-com-celebracoes-e-visitas-da-imagem-peregrina.html#breadcrumb\",\"itemListElement\":[{\"@type\":\"ListItem\",\"position\":1,\"name\":\"Home\",\"item\":\"https:\/\/franciscanos.org.br\/noticias\"},{\"@type\":\"ListItem\",\"position\":2,\"name\":\"Trezena de Santo Ant\u00f4nio tem final de semana movimentado com celebra\u00e7\u00f5es e visitas da imagem peregrina\"}]},{\"@type\":\"Person\",\"@id\":\"https:\/\/franciscanos.org.br\/noticias\/#\/schema\/person\/8c11f06a466b856a11dd48d20600055f\",\"name\":\"Jo\u00e3o Vitor\",\"image\":{\"@type\":\"ImageObject\",\"inLanguage\":\"pt-BR\",\"@id\":\"https:\/\/franciscanos.org.br\/noticias\/#\/schema\/person\/image\/\",\"url\":\"https:\/\/secure.gravatar.com\/avatar\/10ba5c9713e0c323617b4309a19e3a46?s=96&d=mm&r=g\",\"contentUrl\":\"https:\/\/secure.gravatar.com\/avatar\/10ba5c9713e0c323617b4309a19e3a46?s=96&d=mm&r=g\",\"caption\":\"Jo\u00e3o Vitor\"},\"url\":\"https:\/\/franciscanos.org.br\/noticias\/author\/joaovitor\"}]}<\/script>\n<!-- \/ Yoast SEO plugin. -->","yoast_head_json":{"title":"Trezena de Santo Ant\u00f4nio tem final de semana movimentado com celebra\u00e7\u00f5es e visitas da imagem peregrina - Not\u00edcias - Franciscanos","robots":{"index":"index","follow":"follow","max-snippet":"max-snippet:-1","max-image-preview":"max-image-preview:large","max-video-preview":"max-video-preview:-1"},"canonical":"https:\/\/franciscanos.org.br\/noticias\/trezena-de-santo-antonio-tem-final-de-semana-movimentado-com-celebracoes-e-visitas-da-imagem-peregrina.html","og_locale":"pt_BR","og_type":"article","og_title":"Trezena de Santo Ant\u00f4nio tem final de semana movimentado com celebra\u00e7\u00f5es e visitas da imagem peregrina - Not\u00edcias - Franciscanos","og_description":"Trezena de Santo Ant\u00f4nio","og_url":"https:\/\/franciscanos.org.br\/noticias\/trezena-de-santo-antonio-tem-final-de-semana-movimentado-com-celebracoes-e-visitas-da-imagem-peregrina.html","og_site_name":"Not\u00edcias - Franciscanos","article_published_time":"2024-06-03T19:59:59+00:00","article_modified_time":"2024-06-04T19:21:34+00:00","og_image":[{"width":1200,"height":1600,"url":"https:\/\/franciscanos.org.br\/noticias\/wp-content\/uploads\/2024\/06\/WhatsApp-Image-2024-06-03-at-10.54.11.jpeg","type":"image\/jpeg"}],"author":"Jo\u00e3o Vitor","twitter_card":"summary_large_image","twitter_misc":{"Escrito por":"Jo\u00e3o Vitor","Est. tempo de leitura":"6 minutos"},"schema":{"@context":"https:\/\/schema.org","@graph":[{"@type":"WebSite","@id":"https:\/\/franciscanos.org.br\/noticias\/#website","url":"https:\/\/franciscanos.org.br\/noticias\/","name":"Not\u00edcias - Franciscanos","description":"Prov\u00edncia Franciscana da Imaculada Concei\u00e7\u00e3o do Brasil - Ordem dos Frades Menores - OFM","potentialAction":[{"@type":"SearchAction","target":{"@type":"EntryPoint","urlTemplate":"https:\/\/franciscanos.org.br\/noticias\/?s={search_term_string}"},"query-input":"required name=search_term_string"}],"inLanguage":"pt-BR"},{"@type":"ImageObject","inLanguage":"pt-BR","@id":"https:\/\/franciscanos.org.br\/noticias\/trezena-de-santo-antonio-tem-final-de-semana-movimentado-com-celebracoes-e-visitas-da-imagem-peregrina.html#primaryimage","url":"https:\/\/franciscanos.org.br\/noticias\/wp-content\/uploads\/2024\/06\/WhatsApp-Image-2024-06-03-at-10.54.11.jpeg","contentUrl":"https:\/\/franciscanos.org.br\/noticias\/wp-content\/uploads\/2024\/06\/WhatsApp-Image-2024-06-03-at-10.54.11.jpeg","width":1200,"height":1600},{"@type":"WebPage","@id":"https:\/\/franciscanos.org.br\/noticias\/trezena-de-santo-antonio-tem-final-de-semana-movimentado-com-celebracoes-e-visitas-da-imagem-peregrina.html#webpage","url":"https:\/\/franciscanos.org.br\/noticias\/trezena-de-santo-antonio-tem-final-de-semana-movimentado-com-celebracoes-e-visitas-da-imagem-peregrina.html","name":"Trezena de Santo Ant\u00f4nio tem final de semana movimentado com celebra\u00e7\u00f5es e visitas da imagem peregrina - Not\u00edcias - Franciscanos","isPartOf":{"@id":"https:\/\/franciscanos.org.br\/noticias\/#website"},"primaryImageOfPage":{"@id":"https:\/\/franciscanos.org.br\/noticias\/trezena-de-santo-antonio-tem-final-de-semana-movimentado-com-celebracoes-e-visitas-da-imagem-peregrina.html#primaryimage"},"datePublished":"2024-06-03T19:59:59+00:00","dateModified":"2024-06-04T19:21:34+00:00","author":{"@id":"https:\/\/franciscanos.org.br\/noticias\/#\/schema\/person\/8c11f06a466b856a11dd48d20600055f"},"breadcrumb":{"@id":"https:\/\/franciscanos.org.br\/noticias\/trezena-de-santo-antonio-tem-final-de-semana-movimentado-com-celebracoes-e-visitas-da-imagem-peregrina.html#breadcrumb"},"inLanguage":"pt-BR","potentialAction":[{"@type":"ReadAction","target":["https:\/\/franciscanos.org.br\/noticias\/trezena-de-santo-antonio-tem-final-de-semana-movimentado-com-celebracoes-e-visitas-da-imagem-peregrina.html"]}]},{"@type":"BreadcrumbList","@id":"https:\/\/franciscanos.org.br\/noticias\/trezena-de-santo-antonio-tem-final-de-semana-movimentado-com-celebracoes-e-visitas-da-imagem-peregrina.html#breadcrumb","itemListElement":[{"@type":"ListItem","position":1,"name":"Home","item":"https:\/\/franciscanos.org.br\/noticias"},{"@type":"ListItem","position":2,"name":"Trezena de Santo Ant\u00f4nio tem final de semana movimentado com celebra\u00e7\u00f5es e visitas da imagem peregrina"}]},{"@type":"Person","@id":"https:\/\/franciscanos.org.br\/noticias\/#\/schema\/person\/8c11f06a466b856a11dd48d20600055f","name":"Jo\u00e3o Vitor","image":{"@type":"ImageObject","inLanguage":"pt-BR","@id":"https:\/\/franciscanos.org.br\/noticias\/#\/schema\/person\/image\/","url":"https:\/\/secure.gravatar.com\/avatar\/10ba5c9713e0c323617b4309a19e3a46?s=96&d=mm&r=g","contentUrl":"https:\/\/secure.gravatar.com\/avatar\/10ba5c9713e0c323617b4309a19e3a46?s=96&d=mm&r=g","caption":"Jo\u00e3o Vitor"},"url":"https:\/\/franciscanos.org.br\/noticias\/author\/joaovitor"}]}},"_links":{"self":[{"href":"https:\/\/franciscanos.org.br\/noticias\/wp-json\/wp\/v2\/posts\/247936"}],"collection":[{"href":"https:\/\/franciscanos.org.br\/noticias\/wp-json\/wp\/v2\/posts"}],"about":[{"href":"https:\/\/franciscanos.org.br\/noticias\/wp-json\/wp\/v2\/types\/post"}],"author":[{"embeddable":true,"href":"https:\/\/franciscanos.org.br\/noticias\/wp-json\/wp\/v2\/users\/10"}],"replies":[{"embeddable":true,"href":"https:\/\/franciscanos.org.br\/noticias\/wp-json\/wp\/v2\/comments?post=247936"}],"version-history":[{"count":6,"href":"https:\/\/franciscanos.org.br\/noticias\/wp-json\/wp\/v2\/posts\/247936\/revisions"}],"predecessor-version":[{"id":248055,"href":"https:\/\/franciscanos.org.br\/noticias\/wp-json\/wp\/v2\/posts\/247936\/revisions\/248055"}],"wp:featuredmedia":[{"embeddable":true,"href":"https:\/\/franciscanos.org.br\/noticias\/wp-json\/wp\/v2\/media\/247937"}],"wp:attachment":[{"href":"https:\/\/franciscanos.org.br\/noticias\/wp-json\/wp\/v2\/media?parent=247936"}],"wp:term":[{"taxonomy":"category","embeddable":true,"href":"https:\/\/franciscanos.org.br\/noticias\/wp-json\/wp\/v2\/categories?post=247936"},{"taxonomy":"post_tag","embeddable":true,"href":"https:\/\/franciscanos.org.br\/noticias\/wp-json\/wp\/v2\/tags?post=247936"}],"curies":[{"name":"wp","href":"https:\/\/api.w.org\/{rel}","templated":true}]}}