{"id":247925,"date":"2024-06-03T15:46:05","date_gmt":"2024-06-03T18:46:05","guid":{"rendered":"https:\/\/franciscanos.org.br\/noticias\/?p=247925"},"modified":"2024-06-04T10:40:58","modified_gmt":"2024-06-04T13:40:58","slug":"fraternidade-do-postulantado-inaugura-centro-de-convivencia-frei-galvao-solidario","status":"publish","type":"post","link":"https:\/\/franciscanos.org.br\/noticias\/fraternidade-do-postulantado-inaugura-centro-de-convivencia-frei-galvao-solidario.html","title":{"rendered":"Fraternidade do Postulantado inaugura Centro de Conviv\u00eancia \u201c Frei Galv\u00e3o Solid\u00e1rio\u201d"},"content":{"rendered":"<p><img loading=\"lazy\" class=\"aligncenter wp-image-247933 size-full\" src=\"https:\/\/franciscanos.org.br\/noticias\/wp-content\/uploads\/2024\/06\/guara-3.jpg\" alt=\"\" width=\"1409\" height=\"939\" srcset=\"https:\/\/franciscanos.org.br\/noticias\/wp-content\/uploads\/2024\/06\/guara-3.jpg 1409w, https:\/\/franciscanos.org.br\/noticias\/wp-content\/uploads\/2024\/06\/guara-3-450x300.jpg 450w, https:\/\/franciscanos.org.br\/noticias\/wp-content\/uploads\/2024\/06\/guara-3-1024x682.jpg 1024w, https:\/\/franciscanos.org.br\/noticias\/wp-content\/uploads\/2024\/06\/guara-3-768x512.jpg 768w, https:\/\/franciscanos.org.br\/noticias\/wp-content\/uploads\/2024\/06\/guara-3-150x100.jpg 150w\" sizes=\"(max-width: 1409px) 100vw, 1409px\" \/><\/p>\n<p><span style=\"font-weight: 400;\">Domingo hist\u00f3rico para a Fraternidade do Postulantado de Guaratinguet\u00e1, que, neste domingo (02\/06), iniciou oficialmente as atividades Centro de Conviv\u00eancia Frei Galv\u00e3o Solid\u00e1rio.\u00a0 Al\u00e9m da forma\u00e7\u00e3o e do acolhimento aos romeiros, essa \u00e9 mais uma miss\u00e3o assumida pelos frades e comunidade.\u00a0<\/span><\/p>\n<p><span style=\"font-weight: 400;\">Em manh\u00e3 de c\u00e9u l\u00edmpido, clima ameno e sol de inverno, a fraternidade acolheu dezenas de pessoas que costumam frequentar a missa dominical das 9h30. Estavam presentes Frei Jos\u00e9 Francisco de Cassia dos Santos, Frei Vagner Sassi, ambos do SEFRAS (Servi\u00e7o Franciscano de Solidaridade, al\u00e9m de membros da equipe, em S\u00e3o Paulo: Roz\u00e2ngela Pezoti, Brayan Felipe e Rodrigo Zavala. Tamb\u00e9m acompanharam as atividades, Frei Diego Atalino de Melo, reitor do Santu\u00e1rio Frei Galv\u00e3o; Irm\u00e3s religiosas (Ser\u00e1ficas, Salesianas e da Provid\u00eancia) e autoridades civis do munic\u00edpio.\u00a0<\/span><\/p>\n<p><span style=\"font-weight: 400;\">Com a capela lotada, Frei Jo\u00e3o Francisco, guardi\u00e3o do Semin\u00e1rio Frei Galv\u00e3o, presidiu a missa do 9\u00ba domingo do Tempo Comum, dando as boas-vindas a todos. Destacou na homilia como Jesus, indo al\u00e9m das prescri\u00e7\u00f5es da lei que ordenavam a guarda do s\u00e1bado, priorizou a pessoa humana a ser cuidada e curada. Lembrou que a 2\u00ba leitura indicava o primado \u00e0 vida, sobretudo a vida amea\u00e7ada, esquecida, ca\u00edda e marginalizada.\u00a0<\/span><\/p>\n<p><span style=\"font-weight: 400;\">No momento de p\u00f3s-comunh\u00e3o, frades e convidados fizeram uso da palavra para evidenciar a import\u00e2ncia da iniciativa que era inaugurada, e a necessidade de se juntarem as for\u00e7as para uma a\u00e7\u00e3o conjunta eficaz: Prov\u00edncia, Sefras, Semin\u00e1rio, Poder P\u00fablico, Voluntariado. Frei Jos\u00e9 Francisco, por exemplo, trazendo \u00e0 baila a par\u00e1bola do Bom Samaritano, lembrou que n\u00e3o \u00e9 papel da Igreja substituir o poder p\u00fablico nas quest\u00f5es sociais. E se ela promove a caridade e a solidariedade \u00e9 por for\u00e7a do pr\u00f3prio Evangelho. Ela \u00e9 o bom-samaritano que precisa do \u201cdono da pens\u00e3o\u201d: as pol\u00edticas p\u00fablicas. Falaram tamb\u00e9m o vice-prefeito municipal Regis Yasumura, o vereador Vantuir Faria, Frei Diego e Frei Valdir Laurentino, vice-mestre. Frei Jo\u00e3o Francisco agradeceu aos confrades da fraternidade local pelo apoio e tamb\u00e9m aos colaboradores do Semin\u00e1rio, que ajudaram na elabora\u00e7\u00e3o e encaminhamentos do projeto.\u00a0<\/span><\/p>\n<p><b>B\u00ean\u00e7\u00e3o dos espa\u00e7os<\/b><\/p>\n<p>Logo ap\u00f3s a missa, j\u00e1 na \u00e1rea dos romeiros, onde havia, no passado, o p\u00e1tio e as salas de aula do antigo semin\u00e1rio, foi aben\u00e7oado um grande sal\u00e3o, recentemente reformado, onde ocorrer\u00e3o v\u00e1rias oficinas do Centro de Conviv\u00eancia. Seguindo mais adiante, e adentrando a \u00e1rea externa da casa, os participantes chegaram \u00e0 resid\u00eancia, tamb\u00e9m inteiramente reformada, que acolhera por v\u00e1rios anos as Irm\u00e3s da Ordem Terceira Ser\u00e1fica, que auxiliavam na forma\u00e7\u00e3o dos jovens postulantes. Ali mais uma b\u00ean\u00e7\u00e3o dos espa\u00e7os que tamb\u00e9m servir\u00e3o para a a\u00e7\u00e3o social solid\u00e1ria.<\/p>\n<p><b>Apresenta\u00e7\u00e3o de jud\u00f4 e capoeira<\/b><\/p>\n<p><span style=\"font-weight: 400;\"><img loading=\"lazy\" class=\"alignleft wp-image-247929 size-thumbnail\" src=\"https:\/\/franciscanos.org.br\/noticias\/wp-content\/uploads\/2024\/06\/guara-7-300x300.jpg\" alt=\"\" width=\"300\" height=\"300\" srcset=\"https:\/\/franciscanos.org.br\/noticias\/wp-content\/uploads\/2024\/06\/guara-7-300x300.jpg 300w, https:\/\/franciscanos.org.br\/noticias\/wp-content\/uploads\/2024\/06\/guara-7-100x100.jpg 100w\" sizes=\"(max-width: 300px) 100vw, 300px\" \/>Encerrando a programa\u00e7\u00e3o, os participantes puderam apreciar apresenta\u00e7\u00e3o de judocas e capoeiristas, precedidas por explica\u00e7\u00f5es muito felizes dos seus mestres, que ressaltaram a import\u00e2ncia das artes marciais, que prezam pela disciplina, serenidade, respeito e cuidado do outro, e far\u00e3o parte da forma\u00e7\u00e3o humana dos jovens atendidos pelos projetos. O judoca, por exemplo, explicou que o quimono (veste pr\u00f3pria), serve primeiramente para tornar poss\u00edvel a luta do \u201cadvers\u00e1rio\u201d e n\u00e3o propriamente de quem o porta. Disse tamb\u00e9m que o primeiro aprendizado no jud\u00f4 \u00e9 aprender a cair e n\u00e3o a destinar golpes. Ap\u00f3s as apresenta\u00e7\u00f5es, todos puderam deliciar-se com o almo\u00e7o oferecido no refeit\u00f3rio do convento. Card\u00e1pio? Macarronada com polpetas.\u00a0<\/span><\/p>\n<p><b>A ideia inicial<\/b><\/p>\n<p><span style=\"font-weight: 400;\">O Centro de Conviv\u00eancia nasce como concretiza\u00e7\u00e3o de uma ideia que come\u00e7ou a ser gestada h\u00e1 mais de um ano. Observando o campo de futebol e a quadra da casa, muito subutilizados, e levando em conta que os bairros do entorno do Semin\u00e1rio n\u00e3o possuem espa\u00e7os de lazer e esporte para adolescentes e jovens, e s\u00e3o campo de consumo e tr\u00e1fico de drogas, pensou-se num projeto que pudesse oferecer oportunidade de preencher o tempo com a\u00e7\u00f5es saud\u00e1veis. A ideia foi crescendo, tomando corpo e ganhou novo impulso quando se pensou e se constituiu a parceria com o Sefras, que comp\u00f5e a Frete de Evangeliza\u00e7\u00e3o de Solidariedade, da Prov\u00edncia Franciscana da Imaculada Concei\u00e7\u00e3o.<\/span><\/p>\n<p><span style=\"font-weight: 400;\">Com a parceria veio tamb\u00e9m a amplia\u00e7\u00e3o das a\u00e7\u00f5es sociais a serem desenvolvidas com a comunidade local, contando com profissionais, oficineiros e volunt\u00e1rios. Essa a\u00e7\u00e3o social \u00e9 tamb\u00e9m uma tentativa de atender ao apelo do Papa Francisco, que pede uma Igreja em sa\u00edda, colocando suas estruturas a servi\u00e7o dos menos favorecidos. E, como Prov\u00edncia, entendemos ser uma forma de restitui\u00e7\u00e3o, pois recebemos tanto da generosidade das pessoas.<\/span><\/p>\n<p><img loading=\"lazy\" class=\"aligncenter wp-image-247927 size-large\" src=\"https:\/\/franciscanos.org.br\/noticias\/wp-content\/uploads\/2024\/06\/guara-5-1024x682.jpg\" alt=\"\" width=\"1024\" height=\"682\" srcset=\"https:\/\/franciscanos.org.br\/noticias\/wp-content\/uploads\/2024\/06\/guara-5-1024x682.jpg 1024w, https:\/\/franciscanos.org.br\/noticias\/wp-content\/uploads\/2024\/06\/guara-5-450x300.jpg 450w, https:\/\/franciscanos.org.br\/noticias\/wp-content\/uploads\/2024\/06\/guara-5-768x512.jpg 768w, https:\/\/franciscanos.org.br\/noticias\/wp-content\/uploads\/2024\/06\/guara-5-150x100.jpg 150w, https:\/\/franciscanos.org.br\/noticias\/wp-content\/uploads\/2024\/06\/guara-5.jpg 1484w\" sizes=\"(max-width: 1024px) 100vw, 1024px\" \/><\/p>\n<p><b>Oficinas a serem oferecidas<\/b><\/p>\n<p><span style=\"font-weight: 400;\">Todas as oficinas ser\u00e3o gratuitas e acontecer\u00e3o entre quinta e domingo. Encaixar-se-\u00e3o em um dos 6 turnos (8h10 \u00e0s 9h10 \/ 9h20 \u00e0s 10h20 \/ 10h30 \u00e0s 11h30 \/ 14h10 \u00e0s 15h10 \/ 15h20 \u00e0s 16h20 \/ 16h30 \u00e0s 17h30). Ser\u00e3o atendidas cerca de 250 pessoas, especialmente crian\u00e7as, adolescentes e idosos. As oficinas ter\u00e3o in\u00edcio no dia 28 de junho.\u00a0<\/span><\/p>\n<p><span style=\"font-weight: 400;\">S\u00e3o elas:\u00a0<\/span><\/p>\n<ul>\n<li style=\"font-weight: 400;\" aria-level=\"1\"><b>Esportes<\/b><span style=\"font-weight: 400;\">: escolinha de futebol; v\u00f4lei; ciclismo; skate; treino livre<\/span><\/li>\n<li style=\"font-weight: 400;\" aria-level=\"1\"><b>Psicologia<\/b><span style=\"font-weight: 400;\">: roda de conversa; palestra mensal<\/span><\/li>\n<li style=\"font-weight: 400;\" aria-level=\"1\"><b>Artesanato<\/b><span style=\"font-weight: 400;\">: pulseira; ter\u00e7o; adorno de carro; cord\u00f5es; flor em EVA; arte em sabonete; bordado; pintura em pano\u00a0<\/span><\/li>\n<li style=\"font-weight: 400;\" aria-level=\"1\"><b>Atividade f\u00edsica<\/b><span style=\"font-weight: 400;\">: orienta\u00e7\u00e3o f\u00edsica; alongamento e relaxamento\u00a0<\/span><\/li>\n<li style=\"font-weight: 400;\" aria-level=\"1\"><b>Idiomas<\/b><span style=\"font-weight: 400;\">: Espanhol\u00a0\u00a0<\/span><\/li>\n<li style=\"font-weight: 400;\" aria-level=\"1\"><b>Lazer<\/b><span style=\"font-weight: 400;\">: dan\u00e7a de sal\u00e3o\u00a0<\/span><\/li>\n<li style=\"font-weight: 400;\" aria-level=\"1\"><b>Artes maciais<\/b><span style=\"font-weight: 400;\">: capoeira e jud\u00f4<\/span><\/li>\n<li style=\"font-weight: 400;\" aria-level=\"1\"><b>Inform\u00e1tica<\/b><span style=\"font-weight: 400;\">: redes sociais para a terceira idade\u00a0<\/span><\/li>\n<li style=\"font-weight: 400;\" aria-level=\"1\"><b>M\u00fasica<\/b><span style=\"font-weight: 400;\">: coral adulto; coral infanto-juvenil; musicaliza\u00e7\u00e3o para crian\u00e7as; flauta doce; viol\u00e3o\u00a0<\/span><\/li>\n<li style=\"font-weight: 400;\" aria-level=\"1\"><b>Meio ambiente<\/b><span style=\"font-weight: 400;\">: meio ambiente e jardinagem\u00a0<\/span><\/li>\n<li style=\"font-weight: 400;\" aria-level=\"1\"><b>Sa\u00fade<\/b><span style=\"font-weight: 400;\">: quinzenalmente haver\u00e1 uma tenda com servi\u00e7os gratuitos (aferi\u00e7\u00e3o de press\u00e3o arterial, taxa de glicose, \u00edndice de massa muscular)<\/span><\/li>\n<\/ul>\n<p><span style=\"font-weight: 400;\">A participa\u00e7\u00e3o no Projeto se dar\u00e1 em &#8220;combos&#8221;, formados por tr\u00eas oficinas (com participa\u00e7\u00e3o de 1h em cada uma delas), realizadas de manh\u00e3 ou \u00e0 tarde, no dia em que os participantes escolherem. Exemplo de \u201ccombos\u201d:<\/span><\/p>\n<p><b>Quinta \u00e0 tarde<\/b><\/p>\n<p><span style=\"font-weight: 400;\">Adolescentes de 13 a 17 anos:<\/span><\/p>\n<p><span style=\"font-weight: 400;\">Escolinha de futebol<\/span><\/p>\n<p><span style=\"font-weight: 400;\">Treino livre<\/span><\/p>\n<p><span style=\"font-weight: 400;\">Jud\u00f4<\/span><\/p>\n<p>Pedimos ao Senhor aben\u00e7oe e fa\u00e7a prosperar o Centro de Conviv\u00eancia Frei Galv\u00e3o Solid\u00e1rio, para o bem das pessoas que vivem nas imedia\u00e7\u00f5es do Semin\u00e1rio, para o bem da fraternidade local,\u00a0 para o bem da forma\u00e7\u00e3o dos postulantes, para o bem dos colaboradores, oficineiros e volunt\u00e1rios dos projetos!<\/p>\n<hr \/>\n<p><i><span style=\"font-weight: 400;\">Frei Walter de Carvalho J\u00fanior<\/span><\/i><\/p>\n\n\t\t<style type=\"text\/css\">\n\t\t\t#gallery-1 {\n\t\t\t\tmargin: auto;\n\t\t\t}\n\t\t\t#gallery-1 .gallery-item {\n\t\t\t\tfloat: left;\n\t\t\t\tmargin-top: 10px;\n\t\t\t\ttext-align: center;\n\t\t\t\twidth: 25%;\n\t\t\t}\n\t\t\t#gallery-1 img {\n\t\t\t\tborder: 2px solid #cfcfcf;\n\t\t\t}\n\t\t\t#gallery-1 .gallery-caption {\n\t\t\t\tmargin-left: 0;\n\t\t\t}\n\t\t\t\/* see gallery_shortcode() in wp-includes\/media.php *\/\n\t\t<\/style>\n\t\t<div id='gallery-1' class='gallery galleryid-247925 gallery-columns-4 gallery-size-thumbnail'><dl class='gallery-item'>\n\t\t\t<dt class='gallery-icon landscape'>\n\t\t\t\t<a href='https:\/\/franciscanos.org.br\/noticias\/wp-content\/uploads\/2024\/06\/guara-3.jpg'><img width=\"300\" height=\"300\" src=\"https:\/\/franciscanos.org.br\/noticias\/wp-content\/uploads\/2024\/06\/guara-3-300x300.jpg\" class=\"attachment-thumbnail size-thumbnail\" alt=\"\" loading=\"lazy\" srcset=\"https:\/\/franciscanos.org.br\/noticias\/wp-content\/uploads\/2024\/06\/guara-3-300x300.jpg 300w, https:\/\/franciscanos.org.br\/noticias\/wp-content\/uploads\/2024\/06\/guara-3-100x100.jpg 100w\" sizes=\"(max-width: 300px) 100vw, 300px\" \/><\/a>\n\t\t\t<\/dt><\/dl><dl class='gallery-item'>\n\t\t\t<dt class='gallery-icon portrait'>\n\t\t\t\t<a href='https:\/\/franciscanos.org.br\/noticias\/wp-content\/uploads\/2024\/06\/guara-2.jpg'><img width=\"300\" height=\"300\" src=\"https:\/\/franciscanos.org.br\/noticias\/wp-content\/uploads\/2024\/06\/guara-2-300x300.jpg\" class=\"attachment-thumbnail size-thumbnail\" alt=\"\" loading=\"lazy\" srcset=\"https:\/\/franciscanos.org.br\/noticias\/wp-content\/uploads\/2024\/06\/guara-2-300x300.jpg 300w, https:\/\/franciscanos.org.br\/noticias\/wp-content\/uploads\/2024\/06\/guara-2-100x100.jpg 100w\" sizes=\"(max-width: 300px) 100vw, 300px\" \/><\/a>\n\t\t\t<\/dt><\/dl><dl class='gallery-item'>\n\t\t\t<dt class='gallery-icon landscape'>\n\t\t\t\t<a href='https:\/\/franciscanos.org.br\/noticias\/wp-content\/uploads\/2024\/06\/guara-1.jpg'><img width=\"300\" height=\"300\" src=\"https:\/\/franciscanos.org.br\/noticias\/wp-content\/uploads\/2024\/06\/guara-1-300x300.jpg\" class=\"attachment-thumbnail size-thumbnail\" alt=\"\" loading=\"lazy\" srcset=\"https:\/\/franciscanos.org.br\/noticias\/wp-content\/uploads\/2024\/06\/guara-1-300x300.jpg 300w, https:\/\/franciscanos.org.br\/noticias\/wp-content\/uploads\/2024\/06\/guara-1-100x100.jpg 100w\" sizes=\"(max-width: 300px) 100vw, 300px\" \/><\/a>\n\t\t\t<\/dt><\/dl><dl class='gallery-item'>\n\t\t\t<dt class='gallery-icon portrait'>\n\t\t\t\t<a href='https:\/\/franciscanos.org.br\/noticias\/wp-content\/uploads\/2024\/06\/guara-8.jpg'><img width=\"300\" height=\"300\" src=\"https:\/\/franciscanos.org.br\/noticias\/wp-content\/uploads\/2024\/06\/guara-8-300x300.jpg\" class=\"attachment-thumbnail size-thumbnail\" alt=\"\" loading=\"lazy\" srcset=\"https:\/\/franciscanos.org.br\/noticias\/wp-content\/uploads\/2024\/06\/guara-8-300x300.jpg 300w, https:\/\/franciscanos.org.br\/noticias\/wp-content\/uploads\/2024\/06\/guara-8-100x100.jpg 100w\" sizes=\"(max-width: 300px) 100vw, 300px\" \/><\/a>\n\t\t\t<\/dt><\/dl><br style=\"clear: both\" \/><dl class='gallery-item'>\n\t\t\t<dt class='gallery-icon landscape'>\n\t\t\t\t<a href='https:\/\/franciscanos.org.br\/noticias\/wp-content\/uploads\/2024\/06\/guara-7.jpg'><img width=\"300\" height=\"300\" src=\"https:\/\/franciscanos.org.br\/noticias\/wp-content\/uploads\/2024\/06\/guara-7-300x300.jpg\" class=\"attachment-thumbnail size-thumbnail\" alt=\"\" loading=\"lazy\" srcset=\"https:\/\/franciscanos.org.br\/noticias\/wp-content\/uploads\/2024\/06\/guara-7-300x300.jpg 300w, https:\/\/franciscanos.org.br\/noticias\/wp-content\/uploads\/2024\/06\/guara-7-100x100.jpg 100w\" sizes=\"(max-width: 300px) 100vw, 300px\" \/><\/a>\n\t\t\t<\/dt><\/dl><dl class='gallery-item'>\n\t\t\t<dt class='gallery-icon landscape'>\n\t\t\t\t<a href='https:\/\/franciscanos.org.br\/noticias\/wp-content\/uploads\/2024\/06\/guara-6.jpg'><img width=\"300\" height=\"300\" src=\"https:\/\/franciscanos.org.br\/noticias\/wp-content\/uploads\/2024\/06\/guara-6-300x300.jpg\" class=\"attachment-thumbnail size-thumbnail\" alt=\"\" loading=\"lazy\" srcset=\"https:\/\/franciscanos.org.br\/noticias\/wp-content\/uploads\/2024\/06\/guara-6-300x300.jpg 300w, https:\/\/franciscanos.org.br\/noticias\/wp-content\/uploads\/2024\/06\/guara-6-100x100.jpg 100w\" sizes=\"(max-width: 300px) 100vw, 300px\" \/><\/a>\n\t\t\t<\/dt><\/dl><dl class='gallery-item'>\n\t\t\t<dt class='gallery-icon landscape'>\n\t\t\t\t<a href='https:\/\/franciscanos.org.br\/noticias\/wp-content\/uploads\/2024\/06\/guara-5.jpg'><img width=\"300\" height=\"300\" src=\"https:\/\/franciscanos.org.br\/noticias\/wp-content\/uploads\/2024\/06\/guara-5-300x300.jpg\" class=\"attachment-thumbnail size-thumbnail\" alt=\"\" loading=\"lazy\" srcset=\"https:\/\/franciscanos.org.br\/noticias\/wp-content\/uploads\/2024\/06\/guara-5-300x300.jpg 300w, https:\/\/franciscanos.org.br\/noticias\/wp-content\/uploads\/2024\/06\/guara-5-100x100.jpg 100w\" sizes=\"(max-width: 300px) 100vw, 300px\" \/><\/a>\n\t\t\t<\/dt><\/dl><dl class='gallery-item'>\n\t\t\t<dt class='gallery-icon portrait'>\n\t\t\t\t<a href='https:\/\/franciscanos.org.br\/noticias\/wp-content\/uploads\/2024\/06\/guara-4.jpg'><img width=\"300\" height=\"300\" src=\"https:\/\/franciscanos.org.br\/noticias\/wp-content\/uploads\/2024\/06\/guara-4-300x300.jpg\" class=\"attachment-thumbnail size-thumbnail\" alt=\"\" loading=\"lazy\" srcset=\"https:\/\/franciscanos.org.br\/noticias\/wp-content\/uploads\/2024\/06\/guara-4-300x300.jpg 300w, https:\/\/franciscanos.org.br\/noticias\/wp-content\/uploads\/2024\/06\/guara-4-100x100.jpg 100w\" sizes=\"(max-width: 300px) 100vw, 300px\" \/><\/a>\n\t\t\t<\/dt><\/dl><br style=\"clear: both\" \/>\n\t\t<\/div>\n\n<p>&nbsp;<\/p>\n","protected":false},"excerpt":{"rendered":"<p>Frei Galv\u00e3o Solid\u00e1rio<\/p>\n","protected":false},"author":10,"featured_media":247933,"comment_status":"open","ping_status":"open","sticky":false,"template":"","format":"standard","meta":[],"categories":[1],"tags":[313,161,228],"acf":[],"yoast_head":"<!-- This site is optimized with the Yoast SEO plugin v19.2 - https:\/\/yoast.com\/wordpress\/plugins\/seo\/ -->\n<title>Fraternidade do Postulantado inaugura Centro de Conviv\u00eancia \u201c Frei Galv\u00e3o Solid\u00e1rio\u201d - Not\u00edcias - Franciscanos<\/title>\n<meta name=\"robots\" content=\"index, follow, max-snippet:-1, max-image-preview:large, max-video-preview:-1\" \/>\n<link rel=\"canonical\" href=\"https:\/\/franciscanos.org.br\/noticias\/fraternidade-do-postulantado-inaugura-centro-de-convivencia-frei-galvao-solidario.html\" \/>\n<meta property=\"og:locale\" content=\"pt_BR\" \/>\n<meta property=\"og:type\" content=\"article\" \/>\n<meta property=\"og:title\" content=\"Fraternidade do Postulantado inaugura Centro de Conviv\u00eancia \u201c Frei Galv\u00e3o Solid\u00e1rio\u201d - Not\u00edcias - Franciscanos\" \/>\n<meta property=\"og:description\" content=\"Frei Galv\u00e3o Solid\u00e1rio\" \/>\n<meta property=\"og:url\" content=\"https:\/\/franciscanos.org.br\/noticias\/fraternidade-do-postulantado-inaugura-centro-de-convivencia-frei-galvao-solidario.html\" \/>\n<meta property=\"og:site_name\" content=\"Not\u00edcias - Franciscanos\" \/>\n<meta property=\"article:published_time\" content=\"2024-06-03T18:46:05+00:00\" \/>\n<meta property=\"article:modified_time\" content=\"2024-06-04T13:40:58+00:00\" \/>\n<meta property=\"og:image\" content=\"https:\/\/franciscanos.org.br\/noticias\/wp-content\/uploads\/2024\/06\/guara-3.jpg\" \/>\n\t<meta property=\"og:image:width\" content=\"1409\" \/>\n\t<meta property=\"og:image:height\" content=\"939\" \/>\n\t<meta property=\"og:image:type\" content=\"image\/jpeg\" \/>\n<meta name=\"author\" content=\"Jo\u00e3o Vitor\" \/>\n<meta name=\"twitter:card\" content=\"summary_large_image\" \/>\n<meta name=\"twitter:label1\" content=\"Escrito por\" \/>\n\t<meta name=\"twitter:data1\" content=\"Jo\u00e3o Vitor\" \/>\n\t<meta name=\"twitter:label2\" content=\"Est. tempo de leitura\" \/>\n\t<meta name=\"twitter:data2\" content=\"6 minutos\" \/>\n<script type=\"application\/ld+json\" class=\"yoast-schema-graph\">{\"@context\":\"https:\/\/schema.org\",\"@graph\":[{\"@type\":\"WebSite\",\"@id\":\"https:\/\/franciscanos.org.br\/noticias\/#website\",\"url\":\"https:\/\/franciscanos.org.br\/noticias\/\",\"name\":\"Not\u00edcias - Franciscanos\",\"description\":\"Prov\u00edncia Franciscana da Imaculada Concei\u00e7\u00e3o do Brasil - Ordem dos Frades Menores - OFM\",\"potentialAction\":[{\"@type\":\"SearchAction\",\"target\":{\"@type\":\"EntryPoint\",\"urlTemplate\":\"https:\/\/franciscanos.org.br\/noticias\/?s={search_term_string}\"},\"query-input\":\"required name=search_term_string\"}],\"inLanguage\":\"pt-BR\"},{\"@type\":\"ImageObject\",\"inLanguage\":\"pt-BR\",\"@id\":\"https:\/\/franciscanos.org.br\/noticias\/fraternidade-do-postulantado-inaugura-centro-de-convivencia-frei-galvao-solidario.html#primaryimage\",\"url\":\"https:\/\/franciscanos.org.br\/noticias\/wp-content\/uploads\/2024\/06\/guara-3.jpg\",\"contentUrl\":\"https:\/\/franciscanos.org.br\/noticias\/wp-content\/uploads\/2024\/06\/guara-3.jpg\",\"width\":1409,\"height\":939},{\"@type\":\"WebPage\",\"@id\":\"https:\/\/franciscanos.org.br\/noticias\/fraternidade-do-postulantado-inaugura-centro-de-convivencia-frei-galvao-solidario.html#webpage\",\"url\":\"https:\/\/franciscanos.org.br\/noticias\/fraternidade-do-postulantado-inaugura-centro-de-convivencia-frei-galvao-solidario.html\",\"name\":\"Fraternidade do Postulantado inaugura Centro de Conviv\u00eancia \u201c Frei Galv\u00e3o Solid\u00e1rio\u201d - Not\u00edcias - Franciscanos\",\"isPartOf\":{\"@id\":\"https:\/\/franciscanos.org.br\/noticias\/#website\"},\"primaryImageOfPage\":{\"@id\":\"https:\/\/franciscanos.org.br\/noticias\/fraternidade-do-postulantado-inaugura-centro-de-convivencia-frei-galvao-solidario.html#primaryimage\"},\"datePublished\":\"2024-06-03T18:46:05+00:00\",\"dateModified\":\"2024-06-04T13:40:58+00:00\",\"author\":{\"@id\":\"https:\/\/franciscanos.org.br\/noticias\/#\/schema\/person\/8c11f06a466b856a11dd48d20600055f\"},\"breadcrumb\":{\"@id\":\"https:\/\/franciscanos.org.br\/noticias\/fraternidade-do-postulantado-inaugura-centro-de-convivencia-frei-galvao-solidario.html#breadcrumb\"},\"inLanguage\":\"pt-BR\",\"potentialAction\":[{\"@type\":\"ReadAction\",\"target\":[\"https:\/\/franciscanos.org.br\/noticias\/fraternidade-do-postulantado-inaugura-centro-de-convivencia-frei-galvao-solidario.html\"]}]},{\"@type\":\"BreadcrumbList\",\"@id\":\"https:\/\/franciscanos.org.br\/noticias\/fraternidade-do-postulantado-inaugura-centro-de-convivencia-frei-galvao-solidario.html#breadcrumb\",\"itemListElement\":[{\"@type\":\"ListItem\",\"position\":1,\"name\":\"Home\",\"item\":\"https:\/\/franciscanos.org.br\/noticias\"},{\"@type\":\"ListItem\",\"position\":2,\"name\":\"Fraternidade do Postulantado inaugura Centro de Conviv\u00eancia \u201c Frei Galv\u00e3o Solid\u00e1rio\u201d\"}]},{\"@type\":\"Person\",\"@id\":\"https:\/\/franciscanos.org.br\/noticias\/#\/schema\/person\/8c11f06a466b856a11dd48d20600055f\",\"name\":\"Jo\u00e3o Vitor\",\"image\":{\"@type\":\"ImageObject\",\"inLanguage\":\"pt-BR\",\"@id\":\"https:\/\/franciscanos.org.br\/noticias\/#\/schema\/person\/image\/\",\"url\":\"https:\/\/secure.gravatar.com\/avatar\/10ba5c9713e0c323617b4309a19e3a46?s=96&d=mm&r=g\",\"contentUrl\":\"https:\/\/secure.gravatar.com\/avatar\/10ba5c9713e0c323617b4309a19e3a46?s=96&d=mm&r=g\",\"caption\":\"Jo\u00e3o Vitor\"},\"url\":\"https:\/\/franciscanos.org.br\/noticias\/author\/joaovitor\"}]}<\/script>\n<!-- \/ Yoast SEO plugin. -->","yoast_head_json":{"title":"Fraternidade do Postulantado inaugura Centro de Conviv\u00eancia \u201c Frei Galv\u00e3o Solid\u00e1rio\u201d - Not\u00edcias - Franciscanos","robots":{"index":"index","follow":"follow","max-snippet":"max-snippet:-1","max-image-preview":"max-image-preview:large","max-video-preview":"max-video-preview:-1"},"canonical":"https:\/\/franciscanos.org.br\/noticias\/fraternidade-do-postulantado-inaugura-centro-de-convivencia-frei-galvao-solidario.html","og_locale":"pt_BR","og_type":"article","og_title":"Fraternidade do Postulantado inaugura Centro de Conviv\u00eancia \u201c Frei Galv\u00e3o Solid\u00e1rio\u201d - Not\u00edcias - Franciscanos","og_description":"Frei Galv\u00e3o Solid\u00e1rio","og_url":"https:\/\/franciscanos.org.br\/noticias\/fraternidade-do-postulantado-inaugura-centro-de-convivencia-frei-galvao-solidario.html","og_site_name":"Not\u00edcias - Franciscanos","article_published_time":"2024-06-03T18:46:05+00:00","article_modified_time":"2024-06-04T13:40:58+00:00","og_image":[{"width":1409,"height":939,"url":"https:\/\/franciscanos.org.br\/noticias\/wp-content\/uploads\/2024\/06\/guara-3.jpg","type":"image\/jpeg"}],"author":"Jo\u00e3o Vitor","twitter_card":"summary_large_image","twitter_misc":{"Escrito por":"Jo\u00e3o Vitor","Est. tempo de leitura":"6 minutos"},"schema":{"@context":"https:\/\/schema.org","@graph":[{"@type":"WebSite","@id":"https:\/\/franciscanos.org.br\/noticias\/#website","url":"https:\/\/franciscanos.org.br\/noticias\/","name":"Not\u00edcias - Franciscanos","description":"Prov\u00edncia Franciscana da Imaculada Concei\u00e7\u00e3o do Brasil - Ordem dos Frades Menores - OFM","potentialAction":[{"@type":"SearchAction","target":{"@type":"EntryPoint","urlTemplate":"https:\/\/franciscanos.org.br\/noticias\/?s={search_term_string}"},"query-input":"required name=search_term_string"}],"inLanguage":"pt-BR"},{"@type":"ImageObject","inLanguage":"pt-BR","@id":"https:\/\/franciscanos.org.br\/noticias\/fraternidade-do-postulantado-inaugura-centro-de-convivencia-frei-galvao-solidario.html#primaryimage","url":"https:\/\/franciscanos.org.br\/noticias\/wp-content\/uploads\/2024\/06\/guara-3.jpg","contentUrl":"https:\/\/franciscanos.org.br\/noticias\/wp-content\/uploads\/2024\/06\/guara-3.jpg","width":1409,"height":939},{"@type":"WebPage","@id":"https:\/\/franciscanos.org.br\/noticias\/fraternidade-do-postulantado-inaugura-centro-de-convivencia-frei-galvao-solidario.html#webpage","url":"https:\/\/franciscanos.org.br\/noticias\/fraternidade-do-postulantado-inaugura-centro-de-convivencia-frei-galvao-solidario.html","name":"Fraternidade do Postulantado inaugura Centro de Conviv\u00eancia \u201c Frei Galv\u00e3o Solid\u00e1rio\u201d - Not\u00edcias - Franciscanos","isPartOf":{"@id":"https:\/\/franciscanos.org.br\/noticias\/#website"},"primaryImageOfPage":{"@id":"https:\/\/franciscanos.org.br\/noticias\/fraternidade-do-postulantado-inaugura-centro-de-convivencia-frei-galvao-solidario.html#primaryimage"},"datePublished":"2024-06-03T18:46:05+00:00","dateModified":"2024-06-04T13:40:58+00:00","author":{"@id":"https:\/\/franciscanos.org.br\/noticias\/#\/schema\/person\/8c11f06a466b856a11dd48d20600055f"},"breadcrumb":{"@id":"https:\/\/franciscanos.org.br\/noticias\/fraternidade-do-postulantado-inaugura-centro-de-convivencia-frei-galvao-solidario.html#breadcrumb"},"inLanguage":"pt-BR","potentialAction":[{"@type":"ReadAction","target":["https:\/\/franciscanos.org.br\/noticias\/fraternidade-do-postulantado-inaugura-centro-de-convivencia-frei-galvao-solidario.html"]}]},{"@type":"BreadcrumbList","@id":"https:\/\/franciscanos.org.br\/noticias\/fraternidade-do-postulantado-inaugura-centro-de-convivencia-frei-galvao-solidario.html#breadcrumb","itemListElement":[{"@type":"ListItem","position":1,"name":"Home","item":"https:\/\/franciscanos.org.br\/noticias"},{"@type":"ListItem","position":2,"name":"Fraternidade do Postulantado inaugura Centro de Conviv\u00eancia \u201c Frei Galv\u00e3o Solid\u00e1rio\u201d"}]},{"@type":"Person","@id":"https:\/\/franciscanos.org.br\/noticias\/#\/schema\/person\/8c11f06a466b856a11dd48d20600055f","name":"Jo\u00e3o Vitor","image":{"@type":"ImageObject","inLanguage":"pt-BR","@id":"https:\/\/franciscanos.org.br\/noticias\/#\/schema\/person\/image\/","url":"https:\/\/secure.gravatar.com\/avatar\/10ba5c9713e0c323617b4309a19e3a46?s=96&d=mm&r=g","contentUrl":"https:\/\/secure.gravatar.com\/avatar\/10ba5c9713e0c323617b4309a19e3a46?s=96&d=mm&r=g","caption":"Jo\u00e3o Vitor"},"url":"https:\/\/franciscanos.org.br\/noticias\/author\/joaovitor"}]}},"_links":{"self":[{"href":"https:\/\/franciscanos.org.br\/noticias\/wp-json\/wp\/v2\/posts\/247925"}],"collection":[{"href":"https:\/\/franciscanos.org.br\/noticias\/wp-json\/wp\/v2\/posts"}],"about":[{"href":"https:\/\/franciscanos.org.br\/noticias\/wp-json\/wp\/v2\/types\/post"}],"author":[{"embeddable":true,"href":"https:\/\/franciscanos.org.br\/noticias\/wp-json\/wp\/v2\/users\/10"}],"replies":[{"embeddable":true,"href":"https:\/\/franciscanos.org.br\/noticias\/wp-json\/wp\/v2\/comments?post=247925"}],"version-history":[{"count":8,"href":"https:\/\/franciscanos.org.br\/noticias\/wp-json\/wp\/v2\/posts\/247925\/revisions"}],"predecessor-version":[{"id":248012,"href":"https:\/\/franciscanos.org.br\/noticias\/wp-json\/wp\/v2\/posts\/247925\/revisions\/248012"}],"wp:featuredmedia":[{"embeddable":true,"href":"https:\/\/franciscanos.org.br\/noticias\/wp-json\/wp\/v2\/media\/247933"}],"wp:attachment":[{"href":"https:\/\/franciscanos.org.br\/noticias\/wp-json\/wp\/v2\/media?parent=247925"}],"wp:term":[{"taxonomy":"category","embeddable":true,"href":"https:\/\/franciscanos.org.br\/noticias\/wp-json\/wp\/v2\/categories?post=247925"},{"taxonomy":"post_tag","embeddable":true,"href":"https:\/\/franciscanos.org.br\/noticias\/wp-json\/wp\/v2\/tags?post=247925"}],"curies":[{"name":"wp","href":"https:\/\/api.w.org\/{rel}","templated":true}]}}