{"id":247840,"date":"2024-05-31T09:41:15","date_gmt":"2024-05-31T12:41:15","guid":{"rendered":"https:\/\/franciscanos.org.br\/noticias\/?p=247840"},"modified":"2024-06-04T16:17:38","modified_gmt":"2024-06-04T19:17:38","slug":"procissao-maritima-e-visita-a-bloco-carnavalesco-irao-marcar-a-trezena-da-festa-de-santo-antonio-2024","status":"publish","type":"post","link":"https:\/\/franciscanos.org.br\/noticias\/procissao-maritima-e-visita-a-bloco-carnavalesco-irao-marcar-a-trezena-da-festa-de-santo-antonio-2024.html","title":{"rendered":"Prociss\u00e3o mar\u00edtima e visita a bloco carnavalesco ir\u00e3o marcar a trezena da Festa de Santo Ant\u00f4nio 2024"},"content":{"rendered":"<p>&nbsp;<\/p>\n<p><img loading=\"lazy\" class=\"aligncenter wp-image-248050 size-full\" src=\"https:\/\/franciscanos.org.br\/noticias\/wp-content\/uploads\/2024\/05\/destaque.jpg\" alt=\"\" width=\"1280\" height=\"720\" srcset=\"https:\/\/franciscanos.org.br\/noticias\/wp-content\/uploads\/2024\/05\/destaque.jpg 1280w, https:\/\/franciscanos.org.br\/noticias\/wp-content\/uploads\/2024\/05\/destaque-450x253.jpg 450w, https:\/\/franciscanos.org.br\/noticias\/wp-content\/uploads\/2024\/05\/destaque-1024x576.jpg 1024w, https:\/\/franciscanos.org.br\/noticias\/wp-content\/uploads\/2024\/05\/destaque-768x432.jpg 768w, https:\/\/franciscanos.org.br\/noticias\/wp-content\/uploads\/2024\/05\/destaque-150x84.jpg 150w\" sizes=\"(max-width: 1280px) 100vw, 1280px\" \/><\/p>\n<p>Chegando em sua 342\u00aa edi\u00e7\u00e3o, a Trezena e Festa de Santo Ant\u00f4nio 2024 destacam a amizade como tema principal neste ano.\u00a0<strong>\u201cSanto Ant\u00f4nio, nosso amigo, nosso irm\u00e3o\u201d<\/strong>\u00a0\u00e9 o lema da tradicional festividade ligada ao Convento Santo Ant\u00f4nio do Largo da Carioca que, em 2024, completa 416 anos de funda\u00e7\u00e3o. A Trezena tem in\u00edcio na pr\u00f3xima sexta-feira, dia 31 de maio, com missas \u00e0s 12h e 18h, de segunda a sexta, e \u00e0s 10h aos s\u00e1bados e domingos. O pregador deste ano ser\u00e1 Frei Gilberto da Silva, Professor de Espiritualidade Franciscana que atualmente vive no Convento do Sagrado Cora\u00e7\u00e3o de Jesus, em Petr\u00f3polis.<\/p>\n<p>Dado o sucesso em 2023, novamente neste ano, durante toda a Trezena, a Imagem Peregrina de Santo Ant\u00f4nio ir\u00e1 visitar pontos importantes da Cidade do Rio de Janeiro. Para abrir os festejos, no dia 31 de maio, \u00e0s 9h, sair\u00e1 a\u00a0<strong>1\u00aa Prociss\u00e3o Mar\u00edtima com a Imagem Peregrina de Santo Ant\u00f4nio<\/strong>, uma promo\u00e7\u00e3o em conjunto do Convento com a Marinha do Brasil. De acordo com o Capel\u00e3o Chefe da Marinha do Brasil e promotor do evento, Frei Od\u00e9cio Lima de Souza, a prociss\u00e3o contar\u00e1 com a participa\u00e7\u00e3o de diversas embarca\u00e7\u00f5es e sair\u00e1 do Cais da Diretoria do Patrim\u00f4nio Hist\u00f3rico da Marinha, entre a Pra\u00e7a Mau\u00e1 e o Museu do Amanh\u00e3. Quem quiser acompanhar poder\u00e1 dar o nome para ir na embarca\u00e7\u00e3o, cuja capacidade \u00e9 de 70 passageiros. As outras pessoas poder\u00e3o acompanhar a prociss\u00e3o em terra, no Boulevard Ol\u00edmpico.<img loading=\"lazy\" class=\"alignright wp-image-247842 size-medium\" src=\"https:\/\/franciscanos.org.br\/noticias\/wp-content\/uploads\/2024\/05\/WhatsApp-Image-2024-05-28-at-14.33.04-3-338x450.jpeg\" alt=\"\" width=\"338\" height=\"450\" srcset=\"https:\/\/franciscanos.org.br\/noticias\/wp-content\/uploads\/2024\/05\/WhatsApp-Image-2024-05-28-at-14.33.04-3-338x450.jpeg 338w, https:\/\/franciscanos.org.br\/noticias\/wp-content\/uploads\/2024\/05\/WhatsApp-Image-2024-05-28-at-14.33.04-3-768x1024.jpeg 768w, https:\/\/franciscanos.org.br\/noticias\/wp-content\/uploads\/2024\/05\/WhatsApp-Image-2024-05-28-at-14.33.04-3-150x200.jpeg 150w, https:\/\/franciscanos.org.br\/noticias\/wp-content\/uploads\/2024\/05\/WhatsApp-Image-2024-05-28-at-14.33.04-3.jpeg 960w\" sizes=\"(max-width: 338px) 100vw, 338px\" \/><\/p>\n<p>Nos dias que seguem, a imagem ter\u00e1 um itiner\u00e1rio bastante intenso e variado, contemplando lugares como a Sede do Cord\u00e3o da Bola Preta, bloco carnavalesco tradicional da Rio de Janeiro, a Catedral de S\u00e3o Sebasti\u00e3o, o Instituto Nacional de C\u00e2ncer, o Centro Administrativo da Cidade, a Cadeg, entre outros, conforme o roteiro que segue ao fim desta reportagem. Na sexta-feira, dia 07 de junho, est\u00e1 prevista a carreata pelo Centro do Rio, passando pelas Ruas do Com\u00e9rcio e do Saara, com a Distribui\u00e7\u00e3o dos p\u00e3ezinhos. Haver\u00e1 tamb\u00e9m, tanto no dia 07 quanto no dia 08 de junho, b\u00ean\u00e7\u00e3o e distribui\u00e7\u00e3o dos bolos comemorativos pelo Anivers\u00e1rio do Convento e pelo Dia dos Namorados. Al\u00e9m da visita da Imagem peregrina, as tradicionais atra\u00e7\u00f5es gastron\u00f4micas tamb\u00e9m far\u00e3o parte do roteiro comemorativo, com destaque para o Bolo de Santo Ant\u00f4nio, preparado inteiramente na Padaria do Convento, sob a coordena\u00e7\u00e3o do Guardi\u00e3o, Frei Walter Ferreira Junior.<\/p>\n<p>Neste ano, por conta das obras de Acessibilidade e Moderniza\u00e7\u00e3o dos elevadores, cuja concuss\u00e3o est\u00e1 prevista para o m\u00eas de setembro, o acesso ao Convento ocorre pelas escadas ou pela rampa e escadas junto \u00e0 sa\u00edda C da esta\u00e7\u00e3o do metr\u00f4. De acordo com o Guardi\u00e3o, a expectativa \u00e9 de que a festa, preparada com carinho pelos frades e pela equipe organizadora, mais uma vez ser\u00e1 um sucesso. \u201cQue Deus aben\u00e7oe, por interse\u00e7\u00e3o de Santo Ant\u00f4nio, a todos que, nestes dias vierem celebrar conosco nosso querido padroeiro. Com certeza, mais uma vez, viveremos juntos momentos inesquec\u00edveis\u201d, destacou Frei Walter.<\/p>\n<p><strong>Roteiro da imagem peregrina<\/strong><\/p>\n<p><strong>31\/05 \u2013 Sexta-feira<\/strong><\/p>\n<p>Prociss\u00e3o Mar\u00edtima Marinha com a Imagem Peregrina<\/p>\n<p><strong>\u00a0<\/strong><strong>01\/06 \u2013 S\u00e1bado<\/strong><\/p>\n<p>11h \u2013 Cord\u00e3o da Bola Preta<\/p>\n<p>19h \u2013 Comunidade Santo Ant\u00f4nio (S\u00e3o Jo\u00e3o de Meriti)<\/p>\n<p><strong>\u00a0<\/strong><strong>02\/06 \u2013 Domingo<\/strong><\/p>\n<p>8h \u2013 Mosteiro Nossa Senhora da Ajuda (Concepcionistas) \u2013 Vila Isabel<\/p>\n<p>11h \u2013 Mosteiro Santa Maria dos Anjos (Clarissas)<\/p>\n<p>18h \u2013 Par\u00f3quia Nossa Senhora da Boa Viagem \u2013 Rocinha<\/p>\n<p><strong>\u00a0<\/strong><strong>03\/06 \u2013 Segunda-feira<\/strong><\/p>\n<p>9h30 \u2013 HemoRio<\/p>\n<p>11h45 \u2013 Catedral S\u00e3o Sebasti\u00e3o<\/p>\n<p><strong>\u00a0<\/strong><strong>04\/06 \u2013 Ter\u00e7a-feira<\/strong><\/p>\n<p>8h30 \u2013 Quartel General da Pol\u00edcia Militar<\/p>\n<p>10h \u2013 Quartel General do Corpo de Bombeiros<\/p>\n<p>17h \u2013 Sa\u00edda para Central do Brasil<\/p>\n<p>18h \u2013 Missa na Capela da Central do Brasil<\/p>\n<p><strong>\u00a0<\/strong><strong>05\/06 \u2013 Quarta-feira<\/strong><\/p>\n<p>10h \u2013 Fecom\u00e9rcio<\/p>\n<p>14h \u2013 Hospital Municipal Souza Aguiar<\/p>\n<p><strong>06\/06 \u2013 Quinta-feira<\/strong><\/p>\n<p>9h \u2013 C\u00e2mara Municipal<\/p>\n<p>11h30 \u2013 Assembleia Legislativa<\/p>\n<p>15h \u2013 Visita e encontro com funcion\u00e1rios do BNDES (Largo da Carioca)<\/p>\n<p><strong>\u00a0<\/strong><strong>07\/06 \u2013 Sexta-feira<\/strong><\/p>\n<p>7h30 \u2013 R\u00e1dio Tupi \u2013 Show do Ant\u00f4nio Carlos<\/p>\n<p>9h \u2013 Carreata com a Imagem Peregrina pelo Centro do Rio\/Saara<\/p>\n<p>14h \u2013 MAR \u2013 Museu de Arte do Rio de Janeiro (MAR)<\/p>\n<p><strong>\u00a0<\/strong><strong>08\/06 \u2013 S\u00e1bado<\/strong><\/p>\n<p>11h \u2013 CADEG<\/p>\n<p><strong>\u00a0<\/strong><strong>09\/06 \u2013 Domingo<\/strong><\/p>\n<p>5h \u2013 R\u00e1dio Tupi \u2013 Programa Domingo Show<\/p>\n<p>10h- Casa Franciscana (Servi\u00e7o Franciscano de Solidariedade)<\/p>\n<p><strong>\u00a0<\/strong><strong>10\/06 \u2013 Segunda-Feira<\/strong><\/p>\n<p>14h \u2013 Instituto Nacional de C\u00e2ncer<\/p>\n<p><strong>\u00a0<\/strong><strong>11\/06 \u2013 Ter\u00e7a-Feira<\/strong><\/p>\n<p>9h \u2013 Pal\u00e1cio da Cidade (Prefeito Eduardo Paes)<\/p>\n<p>14h \u2013 Funda\u00e7\u00e3o S\u00e3o Martinho \u2013 Arcos da Lapa<\/p>\n<p><strong>\u00a0<\/strong><strong>12\/06 \u2013 Quarta-feira<\/strong><\/p>\n<p>9h \u2013 Pal\u00e1cio Guanabara (Governado do Estado)<\/p>\n<p>12h \u2013 B\u00ean\u00e7\u00e3o e Bolo dos Casais<\/p>\n<p><strong>\u00a0<\/strong><strong>13\/06 \u2013 DIA\u00a0 DE SANTO ANT\u00d4NIO<\/strong><\/p>\n<p>MISSA NO CRISTO REDENTOR<\/p>\n<hr \/>\n<p><em>Equipe de Comunica\u00e7\u00e3o<\/em><\/p>\n","protected":false},"excerpt":{"rendered":"<p>In\u00edcio da Trezena &#8211; Convento Santo Ant\u00f4nio (RJ)<\/p>\n","protected":false},"author":11,"featured_media":248050,"comment_status":"open","ping_status":"open","sticky":false,"template":"","format":"standard","meta":[],"categories":[1],"tags":[2221,2220],"acf":[],"yoast_head":"<!-- This site is optimized with the Yoast SEO plugin v19.2 - https:\/\/yoast.com\/wordpress\/plugins\/seo\/ -->\n<title>Prociss\u00e3o mar\u00edtima e visita a bloco carnavalesco ir\u00e3o marcar a trezena da Festa de Santo Ant\u00f4nio 2024 - Not\u00edcias - Franciscanos<\/title>\n<meta name=\"robots\" content=\"index, follow, max-snippet:-1, max-image-preview:large, max-video-preview:-1\" \/>\n<link rel=\"canonical\" href=\"https:\/\/franciscanos.org.br\/noticias\/procissao-maritima-e-visita-a-bloco-carnavalesco-irao-marcar-a-trezena-da-festa-de-santo-antonio-2024.html\" \/>\n<meta property=\"og:locale\" content=\"pt_BR\" \/>\n<meta property=\"og:type\" content=\"article\" \/>\n<meta property=\"og:title\" content=\"Prociss\u00e3o mar\u00edtima e visita a bloco carnavalesco ir\u00e3o marcar a trezena da Festa de Santo Ant\u00f4nio 2024 - Not\u00edcias - Franciscanos\" \/>\n<meta property=\"og:description\" content=\"In\u00edcio da Trezena - Convento Santo Ant\u00f4nio (RJ)\" \/>\n<meta property=\"og:url\" content=\"https:\/\/franciscanos.org.br\/noticias\/procissao-maritima-e-visita-a-bloco-carnavalesco-irao-marcar-a-trezena-da-festa-de-santo-antonio-2024.html\" \/>\n<meta property=\"og:site_name\" content=\"Not\u00edcias - Franciscanos\" \/>\n<meta property=\"article:published_time\" content=\"2024-05-31T12:41:15+00:00\" \/>\n<meta property=\"article:modified_time\" content=\"2024-06-04T19:17:38+00:00\" \/>\n<meta property=\"og:image\" content=\"https:\/\/franciscanos.org.br\/noticias\/wp-content\/uploads\/2024\/05\/destaque.jpg\" \/>\n\t<meta property=\"og:image:width\" content=\"1280\" \/>\n\t<meta property=\"og:image:height\" content=\"720\" \/>\n\t<meta property=\"og:image:type\" content=\"image\/jpeg\" \/>\n<meta name=\"author\" content=\"Adriana Rabelo\" \/>\n<meta name=\"twitter:card\" content=\"summary_large_image\" \/>\n<meta name=\"twitter:label1\" content=\"Escrito por\" \/>\n\t<meta name=\"twitter:data1\" content=\"Adriana Rabelo\" \/>\n\t<meta name=\"twitter:label2\" content=\"Est. tempo de leitura\" \/>\n\t<meta name=\"twitter:data2\" content=\"4 minutos\" \/>\n<script type=\"application\/ld+json\" class=\"yoast-schema-graph\">{\"@context\":\"https:\/\/schema.org\",\"@graph\":[{\"@type\":\"WebSite\",\"@id\":\"https:\/\/franciscanos.org.br\/noticias\/#website\",\"url\":\"https:\/\/franciscanos.org.br\/noticias\/\",\"name\":\"Not\u00edcias - Franciscanos\",\"description\":\"Prov\u00edncia Franciscana da Imaculada Concei\u00e7\u00e3o do Brasil - Ordem dos Frades Menores - OFM\",\"potentialAction\":[{\"@type\":\"SearchAction\",\"target\":{\"@type\":\"EntryPoint\",\"urlTemplate\":\"https:\/\/franciscanos.org.br\/noticias\/?s={search_term_string}\"},\"query-input\":\"required name=search_term_string\"}],\"inLanguage\":\"pt-BR\"},{\"@type\":\"ImageObject\",\"inLanguage\":\"pt-BR\",\"@id\":\"https:\/\/franciscanos.org.br\/noticias\/procissao-maritima-e-visita-a-bloco-carnavalesco-irao-marcar-a-trezena-da-festa-de-santo-antonio-2024.html#primaryimage\",\"url\":\"https:\/\/franciscanos.org.br\/noticias\/wp-content\/uploads\/2024\/05\/destaque.jpg\",\"contentUrl\":\"https:\/\/franciscanos.org.br\/noticias\/wp-content\/uploads\/2024\/05\/destaque.jpg\",\"width\":1280,\"height\":720},{\"@type\":\"WebPage\",\"@id\":\"https:\/\/franciscanos.org.br\/noticias\/procissao-maritima-e-visita-a-bloco-carnavalesco-irao-marcar-a-trezena-da-festa-de-santo-antonio-2024.html#webpage\",\"url\":\"https:\/\/franciscanos.org.br\/noticias\/procissao-maritima-e-visita-a-bloco-carnavalesco-irao-marcar-a-trezena-da-festa-de-santo-antonio-2024.html\",\"name\":\"Prociss\u00e3o mar\u00edtima e visita a bloco carnavalesco ir\u00e3o marcar a trezena da Festa de Santo Ant\u00f4nio 2024 - Not\u00edcias - Franciscanos\",\"isPartOf\":{\"@id\":\"https:\/\/franciscanos.org.br\/noticias\/#website\"},\"primaryImageOfPage\":{\"@id\":\"https:\/\/franciscanos.org.br\/noticias\/procissao-maritima-e-visita-a-bloco-carnavalesco-irao-marcar-a-trezena-da-festa-de-santo-antonio-2024.html#primaryimage\"},\"datePublished\":\"2024-05-31T12:41:15+00:00\",\"dateModified\":\"2024-06-04T19:17:38+00:00\",\"author\":{\"@id\":\"https:\/\/franciscanos.org.br\/noticias\/#\/schema\/person\/d9422e83121c3ad3b0f423d195f5bb25\"},\"breadcrumb\":{\"@id\":\"https:\/\/franciscanos.org.br\/noticias\/procissao-maritima-e-visita-a-bloco-carnavalesco-irao-marcar-a-trezena-da-festa-de-santo-antonio-2024.html#breadcrumb\"},\"inLanguage\":\"pt-BR\",\"potentialAction\":[{\"@type\":\"ReadAction\",\"target\":[\"https:\/\/franciscanos.org.br\/noticias\/procissao-maritima-e-visita-a-bloco-carnavalesco-irao-marcar-a-trezena-da-festa-de-santo-antonio-2024.html\"]}]},{\"@type\":\"BreadcrumbList\",\"@id\":\"https:\/\/franciscanos.org.br\/noticias\/procissao-maritima-e-visita-a-bloco-carnavalesco-irao-marcar-a-trezena-da-festa-de-santo-antonio-2024.html#breadcrumb\",\"itemListElement\":[{\"@type\":\"ListItem\",\"position\":1,\"name\":\"Home\",\"item\":\"https:\/\/franciscanos.org.br\/noticias\"},{\"@type\":\"ListItem\",\"position\":2,\"name\":\"Prociss\u00e3o mar\u00edtima e visita a bloco carnavalesco ir\u00e3o marcar a trezena da Festa de Santo Ant\u00f4nio 2024\"}]},{\"@type\":\"Person\",\"@id\":\"https:\/\/franciscanos.org.br\/noticias\/#\/schema\/person\/d9422e83121c3ad3b0f423d195f5bb25\",\"name\":\"Adriana Rabelo\",\"image\":{\"@type\":\"ImageObject\",\"inLanguage\":\"pt-BR\",\"@id\":\"https:\/\/franciscanos.org.br\/noticias\/#\/schema\/person\/image\/\",\"url\":\"https:\/\/secure.gravatar.com\/avatar\/0a937b7500cd7df77540cfb8bede877d?s=96&d=mm&r=g\",\"contentUrl\":\"https:\/\/secure.gravatar.com\/avatar\/0a937b7500cd7df77540cfb8bede877d?s=96&d=mm&r=g\",\"caption\":\"Adriana Rabelo\"},\"url\":\"https:\/\/franciscanos.org.br\/noticias\/author\/adrianarabelo\"}]}<\/script>\n<!-- \/ Yoast SEO plugin. -->","yoast_head_json":{"title":"Prociss\u00e3o mar\u00edtima e visita a bloco carnavalesco ir\u00e3o marcar a trezena da Festa de Santo Ant\u00f4nio 2024 - Not\u00edcias - Franciscanos","robots":{"index":"index","follow":"follow","max-snippet":"max-snippet:-1","max-image-preview":"max-image-preview:large","max-video-preview":"max-video-preview:-1"},"canonical":"https:\/\/franciscanos.org.br\/noticias\/procissao-maritima-e-visita-a-bloco-carnavalesco-irao-marcar-a-trezena-da-festa-de-santo-antonio-2024.html","og_locale":"pt_BR","og_type":"article","og_title":"Prociss\u00e3o mar\u00edtima e visita a bloco carnavalesco ir\u00e3o marcar a trezena da Festa de Santo Ant\u00f4nio 2024 - Not\u00edcias - Franciscanos","og_description":"In\u00edcio da Trezena - Convento Santo Ant\u00f4nio (RJ)","og_url":"https:\/\/franciscanos.org.br\/noticias\/procissao-maritima-e-visita-a-bloco-carnavalesco-irao-marcar-a-trezena-da-festa-de-santo-antonio-2024.html","og_site_name":"Not\u00edcias - Franciscanos","article_published_time":"2024-05-31T12:41:15+00:00","article_modified_time":"2024-06-04T19:17:38+00:00","og_image":[{"width":1280,"height":720,"url":"https:\/\/franciscanos.org.br\/noticias\/wp-content\/uploads\/2024\/05\/destaque.jpg","type":"image\/jpeg"}],"author":"Adriana Rabelo","twitter_card":"summary_large_image","twitter_misc":{"Escrito por":"Adriana Rabelo","Est. tempo de leitura":"4 minutos"},"schema":{"@context":"https:\/\/schema.org","@graph":[{"@type":"WebSite","@id":"https:\/\/franciscanos.org.br\/noticias\/#website","url":"https:\/\/franciscanos.org.br\/noticias\/","name":"Not\u00edcias - Franciscanos","description":"Prov\u00edncia Franciscana da Imaculada Concei\u00e7\u00e3o do Brasil - Ordem dos Frades Menores - OFM","potentialAction":[{"@type":"SearchAction","target":{"@type":"EntryPoint","urlTemplate":"https:\/\/franciscanos.org.br\/noticias\/?s={search_term_string}"},"query-input":"required name=search_term_string"}],"inLanguage":"pt-BR"},{"@type":"ImageObject","inLanguage":"pt-BR","@id":"https:\/\/franciscanos.org.br\/noticias\/procissao-maritima-e-visita-a-bloco-carnavalesco-irao-marcar-a-trezena-da-festa-de-santo-antonio-2024.html#primaryimage","url":"https:\/\/franciscanos.org.br\/noticias\/wp-content\/uploads\/2024\/05\/destaque.jpg","contentUrl":"https:\/\/franciscanos.org.br\/noticias\/wp-content\/uploads\/2024\/05\/destaque.jpg","width":1280,"height":720},{"@type":"WebPage","@id":"https:\/\/franciscanos.org.br\/noticias\/procissao-maritima-e-visita-a-bloco-carnavalesco-irao-marcar-a-trezena-da-festa-de-santo-antonio-2024.html#webpage","url":"https:\/\/franciscanos.org.br\/noticias\/procissao-maritima-e-visita-a-bloco-carnavalesco-irao-marcar-a-trezena-da-festa-de-santo-antonio-2024.html","name":"Prociss\u00e3o mar\u00edtima e visita a bloco carnavalesco ir\u00e3o marcar a trezena da Festa de Santo Ant\u00f4nio 2024 - Not\u00edcias - Franciscanos","isPartOf":{"@id":"https:\/\/franciscanos.org.br\/noticias\/#website"},"primaryImageOfPage":{"@id":"https:\/\/franciscanos.org.br\/noticias\/procissao-maritima-e-visita-a-bloco-carnavalesco-irao-marcar-a-trezena-da-festa-de-santo-antonio-2024.html#primaryimage"},"datePublished":"2024-05-31T12:41:15+00:00","dateModified":"2024-06-04T19:17:38+00:00","author":{"@id":"https:\/\/franciscanos.org.br\/noticias\/#\/schema\/person\/d9422e83121c3ad3b0f423d195f5bb25"},"breadcrumb":{"@id":"https:\/\/franciscanos.org.br\/noticias\/procissao-maritima-e-visita-a-bloco-carnavalesco-irao-marcar-a-trezena-da-festa-de-santo-antonio-2024.html#breadcrumb"},"inLanguage":"pt-BR","potentialAction":[{"@type":"ReadAction","target":["https:\/\/franciscanos.org.br\/noticias\/procissao-maritima-e-visita-a-bloco-carnavalesco-irao-marcar-a-trezena-da-festa-de-santo-antonio-2024.html"]}]},{"@type":"BreadcrumbList","@id":"https:\/\/franciscanos.org.br\/noticias\/procissao-maritima-e-visita-a-bloco-carnavalesco-irao-marcar-a-trezena-da-festa-de-santo-antonio-2024.html#breadcrumb","itemListElement":[{"@type":"ListItem","position":1,"name":"Home","item":"https:\/\/franciscanos.org.br\/noticias"},{"@type":"ListItem","position":2,"name":"Prociss\u00e3o mar\u00edtima e visita a bloco carnavalesco ir\u00e3o marcar a trezena da Festa de Santo Ant\u00f4nio 2024"}]},{"@type":"Person","@id":"https:\/\/franciscanos.org.br\/noticias\/#\/schema\/person\/d9422e83121c3ad3b0f423d195f5bb25","name":"Adriana Rabelo","image":{"@type":"ImageObject","inLanguage":"pt-BR","@id":"https:\/\/franciscanos.org.br\/noticias\/#\/schema\/person\/image\/","url":"https:\/\/secure.gravatar.com\/avatar\/0a937b7500cd7df77540cfb8bede877d?s=96&d=mm&r=g","contentUrl":"https:\/\/secure.gravatar.com\/avatar\/0a937b7500cd7df77540cfb8bede877d?s=96&d=mm&r=g","caption":"Adriana Rabelo"},"url":"https:\/\/franciscanos.org.br\/noticias\/author\/adrianarabelo"}]}},"_links":{"self":[{"href":"https:\/\/franciscanos.org.br\/noticias\/wp-json\/wp\/v2\/posts\/247840"}],"collection":[{"href":"https:\/\/franciscanos.org.br\/noticias\/wp-json\/wp\/v2\/posts"}],"about":[{"href":"https:\/\/franciscanos.org.br\/noticias\/wp-json\/wp\/v2\/types\/post"}],"author":[{"embeddable":true,"href":"https:\/\/franciscanos.org.br\/noticias\/wp-json\/wp\/v2\/users\/11"}],"replies":[{"embeddable":true,"href":"https:\/\/franciscanos.org.br\/noticias\/wp-json\/wp\/v2\/comments?post=247840"}],"version-history":[{"count":5,"href":"https:\/\/franciscanos.org.br\/noticias\/wp-json\/wp\/v2\/posts\/247840\/revisions"}],"predecessor-version":[{"id":248051,"href":"https:\/\/franciscanos.org.br\/noticias\/wp-json\/wp\/v2\/posts\/247840\/revisions\/248051"}],"wp:featuredmedia":[{"embeddable":true,"href":"https:\/\/franciscanos.org.br\/noticias\/wp-json\/wp\/v2\/media\/248050"}],"wp:attachment":[{"href":"https:\/\/franciscanos.org.br\/noticias\/wp-json\/wp\/v2\/media?parent=247840"}],"wp:term":[{"taxonomy":"category","embeddable":true,"href":"https:\/\/franciscanos.org.br\/noticias\/wp-json\/wp\/v2\/categories?post=247840"},{"taxonomy":"post_tag","embeddable":true,"href":"https:\/\/franciscanos.org.br\/noticias\/wp-json\/wp\/v2\/tags?post=247840"}],"curies":[{"name":"wp","href":"https:\/\/api.w.org\/{rel}","templated":true}]}}